{"id":127289,"date":"2023-08-10T12:50:34","date_gmt":"2023-08-10T10:50:34","guid":{"rendered":"https:\/\/fr.motocrossmag.be\/?p=127289"},"modified":"2023-08-10T12:50:34","modified_gmt":"2023-08-10T10:50:34","slug":"jago-geerts-au-depart-du-gp-de-suede-reponse-ce-vendredi","status":"publish","type":"post","link":"https:\/\/fr.motocrossmag.be\/index.php\/2023\/08\/jago-geerts-au-depart-du-gp-de-suede-reponse-ce-vendredi\/","title":{"rendered":"Jago Geerts au d\u00e9part du GP de Su\u00e8de ? R\u00e9ponse ce vendredi"},"content":{"rendered":"<p><strong>Victime d&rsquo;une chute dans la premi\u00e8re manche du GP de Finlande il y a 10 jours alors qu&rsquo;il venait de se relancer dans la course au titre une semaine plus t\u00f4t dans le sable de Lommel, Jago Geerts s&rsquo;y est fractur\u00e9 la clavicule. Revenu de Finlande sans le moindre point, op\u00e9r\u00e9 dans la foul\u00e9e en Belgique, le pilote Yamaha figure sur la liste de d\u00e9part du GP de Su\u00e8de ce week-end. Sa participation n&rsquo;est cependant pas encore certaine.<\/strong><\/p>\n<p>On est toujours en attente de la confirmation de Yamaha. La participation de Geerts au GP d&rsquo;Uddevalla ce week-end est capitale pour la suite de la saison dans la mesure o\u00f9 un nouveau score vierge ce week-end compromettrait a priori d\u00e9finitivement les derni\u00e8res chances de titre mondial de notre compatriote, d\u00e9sormais \u00e0 60 points d&rsquo;Adamo alors que seuls 5 GP doivent encore \u00eatre disput\u00e9s.<\/p>\n<p>Dans un communiqu\u00e9 publi\u00e9 ce matin, le team officiel Yamaha MX2 indique que la d\u00e9cision de la participation ou non de Geerts en Su\u00e8de ce week-end sera prise ce vendredi. On croise donc les doigts&#8230;<\/p>\n<p>Malgr\u00e9 qu&rsquo;il ait manqu\u00e9 d\u00e9j\u00e0 3 GP \u00e0 cause de blessures cette saison, Geerts est toujours 2\u00e8me du classement provisoire avec 26 points d&rsquo;avance sur Liam Everts.<\/p>\n<p>&nbsp;<\/p>\n","protected":false},"excerpt":{"rendered":"<p>Victime d&rsquo;une chute dans la premi\u00e8re manche du GP de Finlande il y a 10 jours alors qu&rsquo;il venait de se relancer dans la course au titre une semaine plus [&#8230;]<\/p>\n","protected":false},"author":932,"featured_media":126973,"comment_status":"open","ping_status":"closed","sticky":false,"template":"","format":"standard","meta":{"footnotes":""},"categories":[54,4,6,5,55,65],"tags":[813,947,568,175],"class_list":["post-127289","post","type-post","status-publish","format-standard","has-post-thumbnail","hentry","category-actualite","category-motocross","category-mx1mx2","category-news","category-news-actualite","category-slideshow","tag-jago-geerts","tag-motocross","tag-mxgp","tag-uddevalla"],"yoast_head":"<!-- This site is optimized with the Yoast SEO plugin v27.4 - https:\/\/yoast.com\/product\/yoast-seo-wordpress\/ -->\n<title>Jago Geerts au d\u00e9part du GP de Su\u00e8de ? R\u00e9ponse ce vendredi - Motocross - Enduro - Supermoto | MotocrossMag<\/title>\n<meta name=\"robots\" content=\"index, follow, max-snippet:-1, max-image-preview:large, max-video-preview:-1\" \/>\n<link rel=\"canonical\" href=\"https:\/\/fr.motocrossmag.be\/index.php\/2023\/08\/jago-geerts-au-depart-du-gp-de-suede-reponse-ce-vendredi\/\" \/>\n<meta property=\"og:locale\" content=\"fr_FR\" \/>\n<meta property=\"og:type\" content=\"article\" \/>\n<meta property=\"og:title\" content=\"Jago Geerts au d\u00e9part du GP de Su\u00e8de ? R\u00e9ponse ce vendredi - Motocross - Enduro - Supermoto | MotocrossMag\" \/>\n<meta property=\"og:description\" content=\"Victime d&rsquo;une chute dans la premi\u00e8re manche du GP de Finlande il y a 10 jours alors qu&rsquo;il venait de se relancer dans la course au titre une semaine plus [...]\" \/>\n<meta property=\"og:url\" content=\"https:\/\/fr.motocrossmag.be\/index.php\/2023\/08\/jago-geerts-au-depart-du-gp-de-suede-reponse-ce-vendredi\/\" \/>\n<meta property=\"og:site_name\" content=\"Motocross - Enduro - Supermoto | MotocrossMag\" \/>\n<meta property=\"article:published_time\" content=\"2023-08-10T10:50:34+00:00\" \/>\n<meta property=\"og:image\" content=\"https:\/\/fr.motocrossmag.be\/wp-content\/uploads\/2023\/07\/Geerts_Finland_2023_Fullspectrum_ESZ-13739.jpg\" \/>\n\t<meta property=\"og:image:width\" content=\"1200\" \/>\n\t<meta property=\"og:image:height\" content=\"800\" \/>\n\t<meta property=\"og:image:type\" content=\"image\/jpeg\" \/>\n<meta name=\"author\" content=\"oliviere\" \/>\n<meta name=\"twitter:card\" content=\"summary_large_image\" \/>\n<meta name=\"twitter:label1\" content=\"\u00c9crit par\" \/>\n\t<meta name=\"twitter:data1\" content=\"oliviere\" \/>\n\t<meta name=\"twitter:label2\" content=\"Dur\u00e9e de lecture estim\u00e9e\" \/>\n\t<meta name=\"twitter:data2\" content=\"1 minute\" \/>\n<script type=\"application\/ld+json\" class=\"yoast-schema-graph\">{\"@context\":\"https:\\\/\\\/schema.org\",\"@graph\":[{\"@type\":\"Article\",\"@id\":\"https:\\\/\\\/fr.motocrossmag.be\\\/index.php\\\/2023\\\/08\\\/jago-geerts-au-depart-du-gp-de-suede-reponse-ce-vendredi\\\/#article\",\"isPartOf\":{\"@id\":\"https:\\\/\\\/fr.motocrossmag.be\\\/index.php\\\/2023\\\/08\\\/jago-geerts-au-depart-du-gp-de-suede-reponse-ce-vendredi\\\/\"},\"author\":{\"name\":\"oliviere\",\"@id\":\"https:\\\/\\\/fr.motocrossmag.be\\\/#\\\/schema\\\/person\\\/11b47143d9f755babca2c9110e03235c\"},\"headline\":\"Jago Geerts au d\u00e9part du GP de Su\u00e8de ? R\u00e9ponse ce vendredi\",\"datePublished\":\"2023-08-10T10:50:34+00:00\",\"mainEntityOfPage\":{\"@id\":\"https:\\\/\\\/fr.motocrossmag.be\\\/index.php\\\/2023\\\/08\\\/jago-geerts-au-depart-du-gp-de-suede-reponse-ce-vendredi\\\/\"},\"wordCount\":233,\"commentCount\":0,\"image\":{\"@id\":\"https:\\\/\\\/fr.motocrossmag.be\\\/index.php\\\/2023\\\/08\\\/jago-geerts-au-depart-du-gp-de-suede-reponse-ce-vendredi\\\/#primaryimage\"},\"thumbnailUrl\":\"https:\\\/\\\/fr.motocrossmag.be\\\/wp-content\\\/uploads\\\/2023\\\/07\\\/Geerts_Finland_2023_Fullspectrum_ESZ-13739.jpg\",\"keywords\":[\"Jago Geerts\",\"Motocross\",\"MXGP\",\"Uddevalla\"],\"articleSection\":[\"Actualit\u00e9\",\"Motocross\",\"Motocross MXGP\",\"News\",\"News\",\"Slideshow\"],\"inLanguage\":\"fr-FR\",\"potentialAction\":[{\"@type\":\"CommentAction\",\"name\":\"Comment\",\"target\":[\"https:\\\/\\\/fr.motocrossmag.be\\\/index.php\\\/2023\\\/08\\\/jago-geerts-au-depart-du-gp-de-suede-reponse-ce-vendredi\\\/#respond\"]}]},{\"@type\":\"WebPage\",\"@id\":\"https:\\\/\\\/fr.motocrossmag.be\\\/index.php\\\/2023\\\/08\\\/jago-geerts-au-depart-du-gp-de-suede-reponse-ce-vendredi\\\/\",\"url\":\"https:\\\/\\\/fr.motocrossmag.be\\\/index.php\\\/2023\\\/08\\\/jago-geerts-au-depart-du-gp-de-suede-reponse-ce-vendredi\\\/\",\"name\":\"Jago Geerts au d\u00e9part du GP de Su\u00e8de ? R\u00e9ponse ce vendredi - Motocross - Enduro - Supermoto | MotocrossMag\",\"isPartOf\":{\"@id\":\"https:\\\/\\\/fr.motocrossmag.be\\\/#website\"},\"primaryImageOfPage\":{\"@id\":\"https:\\\/\\\/fr.motocrossmag.be\\\/index.php\\\/2023\\\/08\\\/jago-geerts-au-depart-du-gp-de-suede-reponse-ce-vendredi\\\/#primaryimage\"},\"image\":{\"@id\":\"https:\\\/\\\/fr.motocrossmag.be\\\/index.php\\\/2023\\\/08\\\/jago-geerts-au-depart-du-gp-de-suede-reponse-ce-vendredi\\\/#primaryimage\"},\"thumbnailUrl\":\"https:\\\/\\\/fr.motocrossmag.be\\\/wp-content\\\/uploads\\\/2023\\\/07\\\/Geerts_Finland_2023_Fullspectrum_ESZ-13739.jpg\",\"datePublished\":\"2023-08-10T10:50:34+00:00\",\"author\":{\"@id\":\"https:\\\/\\\/fr.motocrossmag.be\\\/#\\\/schema\\\/person\\\/11b47143d9f755babca2c9110e03235c\"},\"breadcrumb\":{\"@id\":\"https:\\\/\\\/fr.motocrossmag.be\\\/index.php\\\/2023\\\/08\\\/jago-geerts-au-depart-du-gp-de-suede-reponse-ce-vendredi\\\/#breadcrumb\"},\"inLanguage\":\"fr-FR\",\"potentialAction\":[{\"@type\":\"ReadAction\",\"target\":[\"https:\\\/\\\/fr.motocrossmag.be\\\/index.php\\\/2023\\\/08\\\/jago-geerts-au-depart-du-gp-de-suede-reponse-ce-vendredi\\\/\"]}]},{\"@type\":\"ImageObject\",\"inLanguage\":\"fr-FR\",\"@id\":\"https:\\\/\\\/fr.motocrossmag.be\\\/index.php\\\/2023\\\/08\\\/jago-geerts-au-depart-du-gp-de-suede-reponse-ce-vendredi\\\/#primaryimage\",\"url\":\"https:\\\/\\\/fr.motocrossmag.be\\\/wp-content\\\/uploads\\\/2023\\\/07\\\/Geerts_Finland_2023_Fullspectrum_ESZ-13739.jpg\",\"contentUrl\":\"https:\\\/\\\/fr.motocrossmag.be\\\/wp-content\\\/uploads\\\/2023\\\/07\\\/Geerts_Finland_2023_Fullspectrum_ESZ-13739.jpg\",\"width\":1200,\"height\":800},{\"@type\":\"BreadcrumbList\",\"@id\":\"https:\\\/\\\/fr.motocrossmag.be\\\/index.php\\\/2023\\\/08\\\/jago-geerts-au-depart-du-gp-de-suede-reponse-ce-vendredi\\\/#breadcrumb\",\"itemListElement\":[{\"@type\":\"ListItem\",\"position\":1,\"name\":\"Accueil\",\"item\":\"https:\\\/\\\/fr.motocrossmag.be\\\/\"},{\"@type\":\"ListItem\",\"position\":2,\"name\":\"Jago Geerts au d\u00e9part du GP de Su\u00e8de ? R\u00e9ponse ce vendredi\"}]},{\"@type\":\"WebSite\",\"@id\":\"https:\\\/\\\/fr.motocrossmag.be\\\/#website\",\"url\":\"https:\\\/\\\/fr.motocrossmag.be\\\/\",\"name\":\"Motocross - Enduro - Supermoto | MotocrossMag\",\"description\":\"L&#039;actualit\u00e9 du motocross, de l&#039;enduro et du Supermoto en ligne!\",\"potentialAction\":[{\"@type\":\"SearchAction\",\"target\":{\"@type\":\"EntryPoint\",\"urlTemplate\":\"https:\\\/\\\/fr.motocrossmag.be\\\/?s={search_term_string}\"},\"query-input\":{\"@type\":\"PropertyValueSpecification\",\"valueRequired\":true,\"valueName\":\"search_term_string\"}}],\"inLanguage\":\"fr-FR\"},{\"@type\":\"Person\",\"@id\":\"https:\\\/\\\/fr.motocrossmag.be\\\/#\\\/schema\\\/person\\\/11b47143d9f755babca2c9110e03235c\",\"name\":\"oliviere\",\"image\":{\"@type\":\"ImageObject\",\"inLanguage\":\"fr-FR\",\"@id\":\"https:\\\/\\\/secure.gravatar.com\\\/avatar\\\/907069e0b81d119452040469e4a7501da1100f54f7f80180ce77bfab718288f6?s=96&d=mm&r=g\",\"url\":\"https:\\\/\\\/secure.gravatar.com\\\/avatar\\\/907069e0b81d119452040469e4a7501da1100f54f7f80180ce77bfab718288f6?s=96&d=mm&r=g\",\"contentUrl\":\"https:\\\/\\\/secure.gravatar.com\\\/avatar\\\/907069e0b81d119452040469e4a7501da1100f54f7f80180ce77bfab718288f6?s=96&d=mm&r=g\",\"caption\":\"oliviere\"},\"sameAs\":[\"http:\\\/\\\/www.motocrossmag.be\"],\"url\":\"https:\\\/\\\/fr.motocrossmag.be\\\/index.php\\\/author\\\/oliviere\\\/\"}]}<\/script>\n<!-- \/ Yoast SEO plugin. -->","yoast_head_json":{"title":"Jago Geerts au d\u00e9part du GP de Su\u00e8de ? R\u00e9ponse ce vendredi - Motocross - Enduro - Supermoto | MotocrossMag","robots":{"index":"index","follow":"follow","max-snippet":"max-snippet:-1","max-image-preview":"max-image-preview:large","max-video-preview":"max-video-preview:-1"},"canonical":"https:\/\/fr.motocrossmag.be\/index.php\/2023\/08\/jago-geerts-au-depart-du-gp-de-suede-reponse-ce-vendredi\/","og_locale":"fr_FR","og_type":"article","og_title":"Jago Geerts au d\u00e9part du GP de Su\u00e8de ? R\u00e9ponse ce vendredi - Motocross - Enduro - Supermoto | MotocrossMag","og_description":"Victime d&rsquo;une chute dans la premi\u00e8re manche du GP de Finlande il y a 10 jours alors qu&rsquo;il venait de se relancer dans la course au titre une semaine plus [...]","og_url":"https:\/\/fr.motocrossmag.be\/index.php\/2023\/08\/jago-geerts-au-depart-du-gp-de-suede-reponse-ce-vendredi\/","og_site_name":"Motocross - Enduro - Supermoto | MotocrossMag","article_published_time":"2023-08-10T10:50:34+00:00","og_image":[{"width":1200,"height":800,"url":"https:\/\/fr.motocrossmag.be\/wp-content\/uploads\/2023\/07\/Geerts_Finland_2023_Fullspectrum_ESZ-13739.jpg","type":"image\/jpeg"}],"author":"oliviere","twitter_card":"summary_large_image","twitter_misc":{"\u00c9crit par":"oliviere","Dur\u00e9e de lecture estim\u00e9e":"1 minute"},"schema":{"@context":"https:\/\/schema.org","@graph":[{"@type":"Article","@id":"https:\/\/fr.motocrossmag.be\/index.php\/2023\/08\/jago-geerts-au-depart-du-gp-de-suede-reponse-ce-vendredi\/#article","isPartOf":{"@id":"https:\/\/fr.motocrossmag.be\/index.php\/2023\/08\/jago-geerts-au-depart-du-gp-de-suede-reponse-ce-vendredi\/"},"author":{"name":"oliviere","@id":"https:\/\/fr.motocrossmag.be\/#\/schema\/person\/11b47143d9f755babca2c9110e03235c"},"headline":"Jago Geerts au d\u00e9part du GP de Su\u00e8de ? R\u00e9ponse ce vendredi","datePublished":"2023-08-10T10:50:34+00:00","mainEntityOfPage":{"@id":"https:\/\/fr.motocrossmag.be\/index.php\/2023\/08\/jago-geerts-au-depart-du-gp-de-suede-reponse-ce-vendredi\/"},"wordCount":233,"commentCount":0,"image":{"@id":"https:\/\/fr.motocrossmag.be\/index.php\/2023\/08\/jago-geerts-au-depart-du-gp-de-suede-reponse-ce-vendredi\/#primaryimage"},"thumbnailUrl":"https:\/\/fr.motocrossmag.be\/wp-content\/uploads\/2023\/07\/Geerts_Finland_2023_Fullspectrum_ESZ-13739.jpg","keywords":["Jago Geerts","Motocross","MXGP","Uddevalla"],"articleSection":["Actualit\u00e9","Motocross","Motocross MXGP","News","News","Slideshow"],"inLanguage":"fr-FR","potentialAction":[{"@type":"CommentAction","name":"Comment","target":["https:\/\/fr.motocrossmag.be\/index.php\/2023\/08\/jago-geerts-au-depart-du-gp-de-suede-reponse-ce-vendredi\/#respond"]}]},{"@type":"WebPage","@id":"https:\/\/fr.motocrossmag.be\/index.php\/2023\/08\/jago-geerts-au-depart-du-gp-de-suede-reponse-ce-vendredi\/","url":"https:\/\/fr.motocrossmag.be\/index.php\/2023\/08\/jago-geerts-au-depart-du-gp-de-suede-reponse-ce-vendredi\/","name":"Jago Geerts au d\u00e9part du GP de Su\u00e8de ? R\u00e9ponse ce vendredi - Motocross - Enduro - Supermoto | MotocrossMag","isPartOf":{"@id":"https:\/\/fr.motocrossmag.be\/#website"},"primaryImageOfPage":{"@id":"https:\/\/fr.motocrossmag.be\/index.php\/2023\/08\/jago-geerts-au-depart-du-gp-de-suede-reponse-ce-vendredi\/#primaryimage"},"image":{"@id":"https:\/\/fr.motocrossmag.be\/index.php\/2023\/08\/jago-geerts-au-depart-du-gp-de-suede-reponse-ce-vendredi\/#primaryimage"},"thumbnailUrl":"https:\/\/fr.motocrossmag.be\/wp-content\/uploads\/2023\/07\/Geerts_Finland_2023_Fullspectrum_ESZ-13739.jpg","datePublished":"2023-08-10T10:50:34+00:00","author":{"@id":"https:\/\/fr.motocrossmag.be\/#\/schema\/person\/11b47143d9f755babca2c9110e03235c"},"breadcrumb":{"@id":"https:\/\/fr.motocrossmag.be\/index.php\/2023\/08\/jago-geerts-au-depart-du-gp-de-suede-reponse-ce-vendredi\/#breadcrumb"},"inLanguage":"fr-FR","potentialAction":[{"@type":"ReadAction","target":["https:\/\/fr.motocrossmag.be\/index.php\/2023\/08\/jago-geerts-au-depart-du-gp-de-suede-reponse-ce-vendredi\/"]}]},{"@type":"ImageObject","inLanguage":"fr-FR","@id":"https:\/\/fr.motocrossmag.be\/index.php\/2023\/08\/jago-geerts-au-depart-du-gp-de-suede-reponse-ce-vendredi\/#primaryimage","url":"https:\/\/fr.motocrossmag.be\/wp-content\/uploads\/2023\/07\/Geerts_Finland_2023_Fullspectrum_ESZ-13739.jpg","contentUrl":"https:\/\/fr.motocrossmag.be\/wp-content\/uploads\/2023\/07\/Geerts_Finland_2023_Fullspectrum_ESZ-13739.jpg","width":1200,"height":800},{"@type":"BreadcrumbList","@id":"https:\/\/fr.motocrossmag.be\/index.php\/2023\/08\/jago-geerts-au-depart-du-gp-de-suede-reponse-ce-vendredi\/#breadcrumb","itemListElement":[{"@type":"ListItem","position":1,"name":"Accueil","item":"https:\/\/fr.motocrossmag.be\/"},{"@type":"ListItem","position":2,"name":"Jago Geerts au d\u00e9part du GP de Su\u00e8de ? R\u00e9ponse ce vendredi"}]},{"@type":"WebSite","@id":"https:\/\/fr.motocrossmag.be\/#website","url":"https:\/\/fr.motocrossmag.be\/","name":"Motocross - Enduro - Supermoto | MotocrossMag","description":"L&#039;actualit\u00e9 du motocross, de l&#039;enduro et du Supermoto en ligne!","potentialAction":[{"@type":"SearchAction","target":{"@type":"EntryPoint","urlTemplate":"https:\/\/fr.motocrossmag.be\/?s={search_term_string}"},"query-input":{"@type":"PropertyValueSpecification","valueRequired":true,"valueName":"search_term_string"}}],"inLanguage":"fr-FR"},{"@type":"Person","@id":"https:\/\/fr.motocrossmag.be\/#\/schema\/person\/11b47143d9f755babca2c9110e03235c","name":"oliviere","image":{"@type":"ImageObject","inLanguage":"fr-FR","@id":"https:\/\/secure.gravatar.com\/avatar\/907069e0b81d119452040469e4a7501da1100f54f7f80180ce77bfab718288f6?s=96&d=mm&r=g","url":"https:\/\/secure.gravatar.com\/avatar\/907069e0b81d119452040469e4a7501da1100f54f7f80180ce77bfab718288f6?s=96&d=mm&r=g","contentUrl":"https:\/\/secure.gravatar.com\/avatar\/907069e0b81d119452040469e4a7501da1100f54f7f80180ce77bfab718288f6?s=96&d=mm&r=g","caption":"oliviere"},"sameAs":["http:\/\/www.motocrossmag.be"],"url":"https:\/\/fr.motocrossmag.be\/index.php\/author\/oliviere\/"}]}},"_links":{"self":[{"href":"https:\/\/fr.motocrossmag.be\/index.php\/wp-json\/wp\/v2\/posts\/127289","targetHints":{"allow":["GET"]}}],"collection":[{"href":"https:\/\/fr.motocrossmag.be\/index.php\/wp-json\/wp\/v2\/posts"}],"about":[{"href":"https:\/\/fr.motocrossmag.be\/index.php\/wp-json\/wp\/v2\/types\/post"}],"author":[{"embeddable":true,"href":"https:\/\/fr.motocrossmag.be\/index.php\/wp-json\/wp\/v2\/users\/932"}],"replies":[{"embeddable":true,"href":"https:\/\/fr.motocrossmag.be\/index.php\/wp-json\/wp\/v2\/comments?post=127289"}],"version-history":[{"count":1,"href":"https:\/\/fr.motocrossmag.be\/index.php\/wp-json\/wp\/v2\/posts\/127289\/revisions"}],"predecessor-version":[{"id":127290,"href":"https:\/\/fr.motocrossmag.be\/index.php\/wp-json\/wp\/v2\/posts\/127289\/revisions\/127290"}],"wp:featuredmedia":[{"embeddable":true,"href":"https:\/\/fr.motocrossmag.be\/index.php\/wp-json\/wp\/v2\/media\/126973"}],"wp:attachment":[{"href":"https:\/\/fr.motocrossmag.be\/index.php\/wp-json\/wp\/v2\/media?parent=127289"}],"wp:term":[{"taxonomy":"category","embeddable":true,"href":"https:\/\/fr.motocrossmag.be\/index.php\/wp-json\/wp\/v2\/categories?post=127289"},{"taxonomy":"post_tag","embeddable":true,"href":"https:\/\/fr.motocrossmag.be\/index.php\/wp-json\/wp\/v2\/tags?post=127289"}],"curies":[{"name":"wp","href":"https:\/\/api.w.org\/{rel}","templated":true}]}}