{"id":127291,"date":"2023-08-10T13:08:10","date_gmt":"2023-08-10T11:08:10","guid":{"rendered":"https:\/\/fr.motocrossmag.be\/?p=127291"},"modified":"2023-08-10T13:08:10","modified_gmt":"2023-08-10T11:08:10","slug":"mxgp-uddevalla-les-pilotes-engages","status":"publish","type":"post","link":"https:\/\/fr.motocrossmag.be\/index.php\/2023\/08\/mxgp-uddevalla-les-pilotes-engages\/","title":{"rendered":"MXGP Uddevalla : les pilotes engag\u00e9s"},"content":{"rendered":"<p><strong>Le 15\u00e8me des 19 GP au menu de la saison MXGP 2023 se dispute ce week-end sur la piste d&rsquo;Uddevalla, en Su\u00e8de. Si aucun pilote belge ne sera pr\u00e9sent dans la cat\u00e9gorie reine, <a href=\"https:\/\/fr.motocrossmag.be\/index.php\/2023\/08\/notbadforanoldguy-le-bilan-impressionnant-du-retour-eclair-de-jeremy-van-horebeek\/\">la pige de Jeremy Van Horebeek chez Standing Construct ayant pris fin<\/a> suite au retour de Pauls Jonass, on notera que le nom de Jago Geerts, bless\u00e9 il y a 10 jours en Finlande, figure bien sur la liste en MX2. Cependant, Yamaha a fait savoir que <a href=\"https:\/\/fr.motocrossmag.be\/index.php\/2023\/08\/jago-geerts-au-depart-du-gp-de-suede-reponse-ce-vendredi\/\">la d\u00e9cision finale quant \u00e0 la participation de notre compatriote ne serait prise que ce vendredi.<\/a><\/strong><\/p>\n<p>En MXGP, on assistera \u00e9galement aux retours de Thomas Kjer Olsen et de Maxime Renaux.<\/p>\n<p><span style=\"color: #ff0000;\"><strong>Pilotes engag\u00e9s &#8211; MXGP Uddevalla 2023<\/strong><\/span><\/p>\n<table style=\"margin: auto;\" width=\"95%\">\n<tbody>\n<tr>\n<td width=\"604\">MXGP<\/td>\n<\/tr>\n<tr>\n<td><\/td>\n<\/tr>\n<tr>\n<td>1 3 Febvre Romain Kawasaki FRA FFM Kawasaki Racing Team MXGP<\/td>\n<\/tr>\n<tr>\n<td>2 6 Paturel Benoit Yamaha FRA FFM De Baets Yamaha MX-Team<\/td>\n<\/tr>\n<tr>\n<td>3 10 Vlaanderen Calvin Yamaha NED KNMV Gebben Van Venrooy Yamaha Racing<\/td>\n<\/tr>\n<tr>\n<td>4 17 Toendel Cornelius Honda NOR NMF JWR Honda Racing<\/td>\n<\/tr>\n<tr>\n<td>5 41 Jonass Pauls Honda LAT LAMSF Standing Construct Honda MXGP<\/td>\n<\/tr>\n<tr>\n<td>6 43 Evans Mitchell Kawasaki AUS MA Kawasaki Racing Team MXGP<\/td>\n<\/tr>\n<tr>\n<td>7 52 Gerhardsson Albin Husqvarna SWE SVEMO SDMCORSE MX TEAM<\/td>\n<\/tr>\n<tr>\n<td>8 61 Prado Jorge GASGAS ESP RFME Red Bull GASGAS Factory Racing<\/td>\n<\/tr>\n<tr>\n<td>9 63 Zancarini Giacomo Kawasaki ITA FMI<\/td>\n<\/tr>\n<tr>\n<td>10 70 Fernandez Ruben Honda ESP RFME Team HRC<\/td>\n<\/tr>\n<tr>\n<td>11 71 Spies Maximilian KTM GER DMSB KTM Kosak Team<\/td>\n<\/tr>\n<tr>\n<td>12 75 Roosiorg Hardi Honda EST EMF<\/td>\n<\/tr>\n<tr>\n<td>13 77 Lupino Alessandro Beta ITA FMI MRT Racing Team Beta<\/td>\n<\/tr>\n<tr>\n<td>14 84 Herlings Jeffrey KTM NED KNMV Red Bull KTM Factory Racing<\/td>\n<\/tr>\n<tr>\n<td>15 87 Brumann Kevin Yamaha SUI FMS JK Racing Yamaha<\/td>\n<\/tr>\n<tr>\n<td>16 91 Seewer Jeremy Yamaha SUI FMS Monster Energy Yamaha Factory MXGP<\/td>\n<\/tr>\n<tr>\n<td>17 92 Guillod Valentin Honda SUI FFM TEAM SHIP TO CYCLE HONDA SR MOTOBLOUZ<\/td>\n<\/tr>\n<tr>\n<td>18 142 Haavisto Jere KTM FIN SML<\/td>\n<\/tr>\n<tr>\n<td>19 161 \u00d6stlund Alvin Honda SWE SVEMO JWR Honda Racing<\/td>\n<\/tr>\n<tr>\n<td>20 189 Bogers Brian Honda NED KNMV Standing Construct Honda MXGP<\/td>\n<\/tr>\n<tr>\n<td>21 221 Joergensen Mathias Yamaha DEN DMU<\/td>\n<\/tr>\n<tr>\n<td>22 226 Koch Tom KTM GER DMSB KTM Kosak Team<\/td>\n<\/tr>\n<tr>\n<td>23 243 Gajser Tim Honda SLO AMZS Team HRC<\/td>\n<\/tr>\n<tr>\n<td>24 259 Coldenhoff Glenn Yamaha NED KNMV Monster Energy Yamaha Factory MXGP<\/td>\n<\/tr>\n<tr>\n<td>25 303 Forato Alberto KTM ITA FMI SM ACTION RACING TEAM YUASA Battery<\/td>\n<\/tr>\n<tr>\n<td>26 667 Nordstr\u00f6m Graaf Anton Kawasaki SWE SVEMO<\/td>\n<\/tr>\n<tr>\n<td>27 692 Karlsson Danne GASGAS SWE SVEMO<\/td>\n<\/tr>\n<tr>\n<td>28 747 Sihvonen Miro Husqvarna FIN SML<\/td>\n<\/tr>\n<tr>\n<td>29 822 Bolink Mike Yamaha NED KNMV Young Motion powered by Resa<\/td>\n<\/tr>\n<tr>\n<td>30 919 Watson Ben Beta GBR ACU MRT Racing Team Beta<\/td>\n<\/tr>\n<tr>\n<td>31 959 Renaux Maxime Yamaha FRA FFM Monster Energy Yamaha Factory MXGP<\/td>\n<\/tr>\n<tr>\n<td><\/td>\n<\/tr>\n<tr>\n<td>MX2<\/td>\n<\/tr>\n<tr>\n<td><\/td>\n<\/tr>\n<tr>\n<td>1 11 Haarup Mikkel KTM DEN DMU WZ RACING TEAM<\/td>\n<\/tr>\n<tr>\n<td>2 12 Chambers Jack Kawasaki USA AMA Big Van World MTX Kawasaki<\/td>\n<\/tr>\n<tr>\n<td>3 14 Edberg Tim Husqvarna SWE SVEMO<\/td>\n<\/tr>\n<tr>\n<td>4 18 Voxen Kleemann William KTM DEN DMU Schmicker Racing<\/td>\n<\/tr>\n<tr>\n<td>5 22 Braceras David Kawasaki ESP RFME F&amp;H Kawasaki Racing Team<\/td>\n<\/tr>\n<tr>\n<td>6 24 Horgmo Kevin Kawasaki NOR NMF F&amp;H Kawasaki Racing Team<\/td>\n<\/tr>\n<tr>\n<td>7 39 Van De Moosdijk Roan Husqvarna NED KNMV Nestaan Husqvarna Factory Racing<\/td>\n<\/tr>\n<tr>\n<td>8 44 Elzinga Rick Yamaha NED KNMV Monster Energy Yamaha Factory MX2 Team<\/td>\n<\/tr>\n<tr>\n<td>9 51 Oliver Oriol KTM ESP RFME WZ RACING TEAM<\/td>\n<\/tr>\n<tr>\n<td>10 64 Ciabatti Lorenzo KTM ITA FMI SM ACTION RACING TEAM YUASA Battery<\/td>\n<\/tr>\n<tr>\n<td><strong>11 72 Everts Liam KTM BEL FMB Red Bull KTM Factory Racing<\/strong><\/td>\n<\/tr>\n<tr>\n<td><strong>12 79 Coenen Sacha KTM BEL FMB Red Bull KTM Factory Racing<\/strong><\/td>\n<\/tr>\n<tr>\n<td>13 80 Adamo Andrea KTM ITA FMI Red Bull KTM Factory Racing<\/td>\n<\/tr>\n<tr>\n<td><strong>14 93 Geerts Jago Yamaha BEL FMB Monster Energy Yamaha Factory MX2 Team<\/strong><\/td>\n<\/tr>\n<tr>\n<td><strong>15 96 Coenen Lucas Husqvarna BEL FMB Nestaan Husqvarna Factory Racing<\/strong><\/td>\n<\/tr>\n<tr>\n<td>16 122 Mc Lellan Camden Honda RSA KNMV JM Honda Racing<\/td>\n<\/tr>\n<tr>\n<td>17 125 Weckman Emil Honda FIN SML TEAM SHIP TO CYCLE HONDA SR MOTOBLOUZ<\/td>\n<\/tr>\n<tr>\n<td>18 174 Valeri Alessandro KTM ITA FMI RACESTORE KTM RACING TEAM<\/td>\n<\/tr>\n<tr>\n<td>19 198 Benistant Thibault Yamaha FRA FFM Monster Energy Yamaha Factory MX2 Team<\/td>\n<\/tr>\n<tr>\n<td>20 253 Pancar Jan KTM SLO AMZS TEM JP253 KTM Racing Team<\/td>\n<\/tr>\n<tr>\n<td>21 325 Alfarizi Delvintor Honda INA IMI JM Racing Astra Honda<\/td>\n<\/tr>\n<tr>\n<td>22 338 Olsson Filip Husqvarna SWE SVEMO Powerbyjjracingteam<\/td>\n<\/tr>\n<tr>\n<td>23 358 Stenberg Nico KTM FIN SML<\/td>\n<\/tr>\n<tr>\n<td>24 505 L\u00fcning Arvid GASGAS SWE SVEMO<\/td>\n<\/tr>\n<tr>\n<td>25 516 Laengenfelder Simon GASGAS GER DMSB Red Bull GASGAS Factory Racing<\/td>\n<\/tr>\n<tr>\n<td>26 517 Gifting Isak GASGAS SWE SVEMO VHR Racing Team<\/td>\n<\/tr>\n<tr>\n<td>27 696 Gwerder Mike KTM SUI FMS WZ RACING TEAM<\/td>\n<\/tr>\n<tr>\n<td>28 744 Soulimani Saad Yamaha FRA FFM Young Motion powered by Resa<\/td>\n<\/tr>\n<tr>\n<td><\/td>\n<\/tr>\n<tr>\n<td>EMX250<\/td>\n<\/tr>\n<tr>\n<td><\/td>\n<\/tr>\n<tr>\n<td>1 2 Zanchi Ferruccio KTM ITA FMI Team VRT KTM Factory Juniors<\/td>\n<\/tr>\n<tr>\n<td>2 3 Tuani Federico KTM ITA FMI SM ACTION RACING TEAM YUASA Battery<\/td>\n<\/tr>\n<tr>\n<td>3 4 Congost Gerard GASGAS ESP RFME RFME GASGAS MXJUNIOR TEAM<\/td>\n<\/tr>\n<tr>\n<td>4 14 Korsbeck Nike Husqvarna SWE SVEMO<\/td>\n<\/tr>\n<tr>\n<td>5 32 Bonacorsi Andrea Yamaha ITA FMI Hutten Metaal Yamaha Racing<\/td>\n<\/tr>\n<tr>\n<td>6 33 Karssemakers Kay Husqvarna NED KNMV Husqvarna BT Racing Team<\/td>\n<\/tr>\n<tr>\n<td>7 34 Krajewski Bogdan KTM FRA FFM<\/td>\n<\/tr>\n<tr>\n<td>8 36 Greutmann Nico KTM SUI FMS KTM SB Racing<\/td>\n<\/tr>\n<tr>\n<td>9 39 Voxen Kleemann Victor KTM DEN DMU<\/td>\n<\/tr>\n<tr>\n<td>10 42 Rainio Sampo KTM FIN SML<\/td>\n<\/tr>\n<tr>\n<td>11 47 Reisulis Karlis Alberts Yamaha LAT LAMSF Hutten Metaal Yamaha Racing<\/td>\n<\/tr>\n<tr>\n<td>12 53 Lata Valerio KTM ITA FMI KTM Beddini Racing Team<\/td>\n<\/tr>\n<tr>\n<td>13 57 Bidzans Edvards Husqvarna LAT LAMSF<\/td>\n<\/tr>\n<tr>\n<td>14 61 Pumpurs Mairis Husqvarna LAT LAMSF<\/td>\n<\/tr>\n<tr>\n<td>15 68 Nilsson Samuel GASGAS ESP RFME RFME GASGAS MXJUNIOR TEAM<\/td>\n<\/tr>\n<tr>\n<td>16 83 Grau Maxime Husqvarna FRA FFM Husqvarna BT Racing Team<\/td>\n<\/tr>\n<tr>\n<td>17 87 Auclair Elias Yamaha NOR NMF<\/td>\n<\/tr>\n<tr>\n<td><strong>18 114 Vennekens Nicolas GASGAS BEL FMB<\/strong><\/td>\n<\/tr>\n<tr>\n<td>19 122 Koskinen Hermanni Yamaha FIN SML<\/td>\n<\/tr>\n<tr>\n<td>20 131 Nickel Cato KTM GER DMSB WZ RACING TEAM<\/td>\n<\/tr>\n<tr>\n<td>21 171 Tornau Fynn-Niklas Husqvarna GER DMSB<\/td>\n<\/tr>\n<tr>\n<td>22 172 Valk Cas Fantic NED KNMV Fantic Racing<\/td>\n<\/tr>\n<tr>\n<td>23 207 Cazal Xavier GASGAS FRA FFM VHR Racing Team<\/td>\n<\/tr>\n<tr>\n<td>24 220 Michelis Martin KTM EST EMF<\/td>\n<\/tr>\n<tr>\n<td>25 256 Smith Magnus Yamaha DEN DMU<\/td>\n<\/tr>\n<tr>\n<td>26 282 Rossi Marc-Antoine KTM FRA FFM Team VRT KTM Factory Juniors<\/td>\n<\/tr>\n<tr>\n<td>27 306 Duvier Julian KTM GER DMSB<\/td>\n<\/tr>\n<tr>\n<td>28 312 Osterhagen Haakon Fantic NOR NMF Fantic Racing<\/td>\n<\/tr>\n<tr>\n<td>29 319 Prugnieres Quentin Marc Kawasaki FRA FFM BUD RACING-Kawasaki<\/td>\n<\/tr>\n<tr>\n<td>30 339 Garib Benjamin Kawasaki CHL FMC BUD RACING-Kawasaki<\/td>\n<\/tr>\n<tr>\n<td>31 357 Ramseng Haseth Odin KTM NOR NMF<\/td>\n<\/tr>\n<tr>\n<td>32 373 Canet Edgar KTM ESP RFME Jezyk Racing Team<\/td>\n<\/tr>\n<tr>\n<td>33 397 Nilsson Axel GASGAS SWE SVEMO<\/td>\n<\/tr>\n<tr>\n<td>34 419 Brookes Joe KTM GBR ACU<\/td>\n<\/tr>\n<tr>\n<td>35 432 Van Erp Ivano Yamaha NED KNMV Hutten Metaal Yamaha Racing<\/td>\n<\/tr>\n<tr>\n<td>36 456 Kjorstad Mathias Yamaha NOR NMF<\/td>\n<\/tr>\n<tr>\n<td>37 474 Gregersen Magnus Husqvarna DEN DMU<\/td>\n<\/tr>\n<tr>\n<td>38 484 Kooiker Dave KTM NED KNMV WZ RACING TEAM<\/td>\n<\/tr>\n<tr>\n<td>39 489 Walvoort Jens KTM NED KNMV KTM SB Racing<\/td>\n<\/tr>\n<tr>\n<td>40 524 Varjonen Miro Husqvarna FIN SML<\/td>\n<\/tr>\n<tr>\n<td>41 560 Akerlund Liam Yamaha SWE SVEMO<\/td>\n<\/tr>\n<tr>\n<td><strong>42 563 Dieudonne Wesly KTM BEL FMB Husqvarna BT Racing Team<\/strong><\/td>\n<\/tr>\n<tr>\n<td>43 567 Moen Rasmus Husqvarna SWE SVEMO<\/td>\n<\/tr>\n<tr>\n<td>44 568 Palsson Max KTM SWE SVEMO KTM Kosak Team<\/td>\n<\/tr>\n<tr>\n<td>45 586 Sondergaard Lucas GASGAS DEN DMU<\/td>\n<\/tr>\n<tr>\n<td>46 595 Lehtinen Eliel KTM FIN SML<\/td>\n<\/tr>\n<tr>\n<td>47 601 Gwyther Kelton KTM GBR KNMV<\/td>\n<\/tr>\n<tr>\n<td>48 612 Parn Joosep GASGAS EST EMF<\/td>\n<\/tr>\n<tr>\n<td>49 651 Vettik Meico TM EST EMF TM moto SteelsDrJack<\/td>\n<\/tr>\n<tr>\n<td>50 669 Ruffini Luca KTM ITA FMI SM ACTION RACING TEAM YUASA Battery<\/td>\n<\/tr>\n<tr>\n<td>51 684 Freibergs Uldis Husqvarna LAT LAMSF<\/td>\n<\/tr>\n<tr>\n<td>52 717 Fueri Alexis Fantic FRA FFM Fantic Racing<\/td>\n<\/tr>\n<tr>\n<td>53 727 Gredinger Marcus Husqvarna SWE SVEMO<\/td>\n<\/tr>\n<tr>\n<td>54 743 Hagdahl Filip Husqvarna SWE SVEMO<\/td>\n<\/tr>\n<tr>\n<td>55 938 Bicalho Rodolfo KTM BRA FMI<\/td>\n<\/tr>\n<tr>\n<td><\/td>\n<\/tr>\n<tr>\n<td>EMX125<\/td>\n<\/tr>\n<tr>\n<td><\/td>\n<\/tr>\n<tr>\n<td>1 2 Skovbjerg Nicolai Yamaha DEN DMU JK Racing Yamaha<\/td>\n<\/tr>\n<tr>\n<td>2 3 Jung Linus Husqvarna GER DMSB KTM Sarholz Racing Team<\/td>\n<\/tr>\n<tr>\n<td>3 5 Rispoli Brando Husqvarna ITA FMI<\/td>\n<\/tr>\n<tr>\n<td>4 6 Escandell Elias Fantic ESP RFME Fantic Racing<\/td>\n<\/tr>\n<tr>\n<td>5 7 Mannini Niccolo Fantic ITA FMI Fantic Racing<\/td>\n<\/tr>\n<tr>\n<td>6 15 Rahn Stampe Frederik Yamaha DEN DMU<\/td>\n<\/tr>\n<tr>\n<td>7 17 Lubis Angga KTM INA IMI DVS junior racing<\/td>\n<\/tr>\n<tr>\n<td>8 22 Lubis Akbar KTM INA IMI DVS junior racing<\/td>\n<\/tr>\n<tr>\n<td>9 24 Salvador Carlos GASGAS ESP RFME Jezyk Racing Team<\/td>\n<\/tr>\n<tr>\n<td>10 25 Nordb\u00f8 Marius KTM NOR NMF<\/td>\n<\/tr>\n<tr>\n<td>11 29 Garcia Francisco GASGAS ESP RFME RFME GASGAS MXJUNIOR TEAM<\/td>\n<\/tr>\n<tr>\n<td><strong>12 51 Seel Harry GASGAS BEL FMB F4E GASGAS Racing Team<\/strong><\/td>\n<\/tr>\n<tr>\n<td>13 61 Filippini Mattia Yamaha ITA FMI<\/td>\n<\/tr>\n<tr>\n<td>14 64 Olstrand Edvin Fantic SWE SVEMO<\/td>\n<\/tr>\n<tr>\n<td>15 79 Salvini Nicola Yamaha ITA FMI JK Racing Yamaha<\/td>\n<\/tr>\n<tr>\n<td>16 84 Sundman Sebastian KTM SWE SVEMO<\/td>\n<\/tr>\n<tr>\n<td>17 97 Mancini Simone Yamaha ITA FMI<\/td>\n<\/tr>\n<tr>\n<td>18 102 Mantovani Filippo KTM ITA FMI<\/td>\n<\/tr>\n<tr>\n<td>19 103 Kettlitz Martin KTM AND FMA<\/td>\n<\/tr>\n<tr>\n<td>20 110 Paat Richard KTM EST EMF<\/td>\n<\/tr>\n<tr>\n<td>21 117 Gustavsson Otto Husqvarna SWE SVEMO<\/td>\n<\/tr>\n<tr>\n<td>22 121 Caspari Anthony KTM GER DMSB<\/td>\n<\/tr>\n<tr>\n<td>23 147 Imenes Theodor Husqvarna NOR NMF<\/td>\n<\/tr>\n<tr>\n<td>24 155 Rodriguez Daniel KTM ESP RFME<\/td>\n<\/tr>\n<tr>\n<td>25 157 Nyman Rene GASGAS FIN SML<\/td>\n<\/tr>\n<tr>\n<td>26 162 Larsson Filip Husqvarna SWE SVEMO<\/td>\n<\/tr>\n<tr>\n<td>27 191 Martinsen Oliver Yamaha NOR NMF<\/td>\n<\/tr>\n<tr>\n<td>28 194 Frank Jonathan KTM GER DMSB<\/td>\n<\/tr>\n<tr>\n<td>29 199 Svensson Neo Yamaha SWE SVEMO<\/td>\n<\/tr>\n<tr>\n<td>30 215 Gultvedt Brede Yamaha NOR NMF<\/td>\n<\/tr>\n<tr>\n<td>31 225 Clement Nicolas KTM FRA FFM JT911 KTM racing team<\/td>\n<\/tr>\n<tr>\n<td>32 232 Thunshelle Leander Yamaha NOR NMF<\/td>\n<\/tr>\n<tr>\n<td>33 238 Brunet Tom KTM FRA FFM Jezyk Racing Team<\/td>\n<\/tr>\n<tr>\n<td>34 259 Cardineau Felix Yamaha FRA FFM<\/td>\n<\/tr>\n<tr>\n<td>35 270 Tzemach Ofir Casey Yamaha ISR HMS MR WOLF DREAM TEAM<\/td>\n<\/tr>\n<tr>\n<td>36 285 Valbjorn Patrick GASGAS NOR NMF<\/td>\n<\/tr>\n<tr>\n<td>37 295 Faure Mano KTM FRA FFM KTM Beddini Racing Team<\/td>\n<\/tr>\n<tr>\n<td>38 300 Perez Salvador Yamaha ESP RFME<\/td>\n<\/tr>\n<tr>\n<td>39 309 Oinonen Santeri GASGAS FIN SML<\/td>\n<\/tr>\n<tr>\n<td>40 315 Martensson Olle Yamaha SWE SVEMO<\/td>\n<\/tr>\n<tr>\n<td>41 317 Valin Mathis GASGAS FRA FFM<\/td>\n<\/tr>\n<tr>\n<td>42 321 Traversini Alessandro KTM ITA FMI<\/td>\n<\/tr>\n<tr>\n<td>43 329 Scollo Maurizio Yamaha ITA FMI<\/td>\n<\/tr>\n<tr>\n<td>44 351 Prat Carlos Husqvarna ESP RFME<\/td>\n<\/tr>\n<tr>\n<td>45 362 Alonso Marco GASGAS ESP RFME RFME GASGAS MXJUNIOR TEAM<\/td>\n<\/tr>\n<tr>\n<td>46 363 Reichl Lyonel Husqvarna LIE LMV<\/td>\n<\/tr>\n<tr>\n<td>47 382 Lopez Carreras Manuel GASGAS ESP RFME RFME GASGAS MXJUNIOR TEAM<\/td>\n<\/tr>\n<tr>\n<td>48 388 Wigforss Elliot GASGAS SWE SVEMO<\/td>\n<\/tr>\n<tr>\n<td>49 404 Miettinen Matias KTM FIN SML<\/td>\n<\/tr>\n<tr>\n<td>50 407 Davies Jake KTM GBR ACU<\/td>\n<\/tr>\n<tr>\n<td>51 426 Flakstad Ole Yamaha MOR NMF<\/td>\n<\/tr>\n<tr>\n<td><strong>52 436 Callens Tias Husqvarna BEL FMB<\/strong><\/td>\n<\/tr>\n<tr>\n<td>53 451 Mikula Julius Yamaha CZE ACCR Yamaha Europe EMX125 MJC<\/td>\n<\/tr>\n<tr>\n<td>54 454 Koiv Jan Jasper KTM FIN SML<\/td>\n<\/tr>\n<tr>\n<td>55 457 Neunzling Paul KTM GER DMSB<\/td>\n<\/tr>\n<tr>\n<td>56 461 Peippo Eero Husqvarna FIN SML<\/td>\n<\/tr>\n<tr>\n<td>57 471 Gundersen Pelle Husqvarna NOR KNMV<\/td>\n<\/tr>\n<tr>\n<td>58 472 Harris Max KTM GBR KNMV<\/td>\n<\/tr>\n<tr>\n<td><strong>59 474 Ampoorter Ian GASGAS BEL FMB F4E GASGAS Racing Team<\/strong><\/td>\n<\/tr>\n<tr>\n<td>60 478 Bolviken Adrian Yamaha NOR NMF<\/td>\n<\/tr>\n<tr>\n<td>61 479 Marek Vitezslav KTM CZE ACCR<\/td>\n<\/tr>\n<tr>\n<td>62 480 Hindersson Kasimir KTM FIN SML<\/td>\n<\/tr>\n<tr>\n<td>63 494 Werner Maximilian Fantic GER DMSB Fantic Racing<\/td>\n<\/tr>\n<tr>\n<td>64 515 Fredsoe Mads KTM DEN DMU Sturm STC Racing Team<\/td>\n<\/tr>\n<tr>\n<td><strong>65 518 Van Mechgelen Douwe Husqvarna BEL FMB<\/strong><\/td>\n<\/tr>\n<tr>\n<td><strong>66 529 Lucas Maxime KTM BEL FMB Tech 32<\/strong><\/td>\n<\/tr>\n<tr>\n<td>67 537 Rohmann Emil Gordon Yamaha DEN DMU<\/td>\n<\/tr>\n<tr>\n<td>68 555 McCullough Cole KTM IRL MCUI<\/td>\n<\/tr>\n<tr>\n<td>69 574 Doensen Gyan KTM NED KNMV WZ RACING TEAM<\/td>\n<\/tr>\n<tr>\n<td>70 587 Polato Brando GASGAS ITA FMI<\/td>\n<\/tr>\n<tr>\n<td>71 592 Bartlett Freddie KTM SWE SVEMO KTM Kosak Team<\/td>\n<\/tr>\n<tr>\n<td>72 655 Pikand Romeo GASGAS EST EMF<\/td>\n<\/tr>\n<tr>\n<td>73 714 Ozolins Markuss GASGAS LAT LAMSF<\/td>\n<\/tr>\n<tr>\n<td>74 716 Zanocz Noel KTM HUN MAMS<\/td>\n<\/tr>\n<tr>\n<td>75 732 Mardo Tristen Yamaha EST EMF MR WOLF DREAM TEAM<\/td>\n<\/tr>\n<tr>\n<td>76 772 Reisulis Janis Martins Yamaha LAT LAMSF Yamaha Europe EMX125 MJC<\/td>\n<\/tr>\n<tr>\n<td>77 784 Uibu Kaspar KTM EST EMF<\/td>\n<\/tr>\n<tr>\n<td>78 799 Spila Ralfs KTM LAT LAMSF<\/td>\n<\/tr>\n<tr>\n<td>79 884 Lindmark Casper Husqvarna SWE SVEMO<\/td>\n<\/tr>\n<tr>\n<td>80 920 Sols Sandro KTM SWE SVEMO<\/td>\n<\/tr>\n<tr>\n<td>81 939 Lodal Emil GASGAS DEN DMU<\/td>\n<\/tr>\n<\/tbody>\n<\/table>\n","protected":false},"excerpt":{"rendered":"<p>Le 15\u00e8me des 19 GP au menu de la saison MXGP 2023 se dispute ce week-end sur la piste d&rsquo;Uddevalla, en Su\u00e8de. Si aucun pilote belge ne sera pr\u00e9sent dans [&#8230;]<\/p>\n","protected":false},"author":932,"featured_media":126870,"comment_status":"open","ping_status":"closed","sticky":false,"template":"","format":"standard","meta":{"footnotes":""},"categories":[54,4,6,5,55,65],"tags":[947,568,175],"class_list":["post-127291","post","type-post","status-publish","format-standard","has-post-thumbnail","hentry","category-actualite","category-motocross","category-mx1mx2","category-news","category-news-actualite","category-slideshow","tag-motocross","tag-mxgp","tag-uddevalla"],"yoast_head":"<!-- This site is optimized with the Yoast SEO plugin v27.4 - https:\/\/yoast.com\/product\/yoast-seo-wordpress\/ -->\n<title>MXGP Uddevalla : les pilotes engag\u00e9s - Motocross - Enduro - Supermoto | MotocrossMag<\/title>\n<meta name=\"robots\" content=\"index, follow, max-snippet:-1, max-image-preview:large, max-video-preview:-1\" \/>\n<link rel=\"canonical\" href=\"https:\/\/fr.motocrossmag.be\/index.php\/2023\/08\/mxgp-uddevalla-les-pilotes-engages\/\" \/>\n<meta property=\"og:locale\" content=\"fr_FR\" \/>\n<meta property=\"og:type\" content=\"article\" \/>\n<meta property=\"og:title\" content=\"MXGP Uddevalla : les pilotes engag\u00e9s - Motocross - Enduro - Supermoto | MotocrossMag\" \/>\n<meta property=\"og:description\" content=\"Le 15\u00e8me des 19 GP au menu de la saison MXGP 2023 se dispute ce week-end sur la piste d&rsquo;Uddevalla, en Su\u00e8de. Si aucun pilote belge ne sera pr\u00e9sent dans [...]\" \/>\n<meta property=\"og:url\" content=\"https:\/\/fr.motocrossmag.be\/index.php\/2023\/08\/mxgp-uddevalla-les-pilotes-engages\/\" \/>\n<meta property=\"og:site_name\" content=\"Motocross - Enduro - Supermoto | MotocrossMag\" \/>\n<meta property=\"article:published_time\" content=\"2023-08-10T11:08:10+00:00\" \/>\n<meta property=\"og:image\" content=\"https:\/\/fr.motocrossmag.be\/wp-content\/uploads\/2023\/07\/138741_CoenenLucas_Flanders_2023_Fullspectrum_ESZ-37488.jpg\" \/>\n\t<meta property=\"og:image:width\" content=\"1000\" \/>\n\t<meta property=\"og:image:height\" content=\"666\" \/>\n\t<meta property=\"og:image:type\" content=\"image\/jpeg\" \/>\n<meta name=\"author\" content=\"oliviere\" \/>\n<meta name=\"twitter:card\" content=\"summary_large_image\" \/>\n<meta name=\"twitter:label1\" content=\"\u00c9crit par\" \/>\n\t<meta name=\"twitter:data1\" content=\"oliviere\" \/>\n\t<meta name=\"twitter:label2\" content=\"Dur\u00e9e de lecture estim\u00e9e\" \/>\n\t<meta name=\"twitter:data2\" content=\"8 minutes\" \/>\n<script type=\"application\/ld+json\" class=\"yoast-schema-graph\">{\"@context\":\"https:\\\/\\\/schema.org\",\"@graph\":[{\"@type\":\"Article\",\"@id\":\"https:\\\/\\\/fr.motocrossmag.be\\\/index.php\\\/2023\\\/08\\\/mxgp-uddevalla-les-pilotes-engages\\\/#article\",\"isPartOf\":{\"@id\":\"https:\\\/\\\/fr.motocrossmag.be\\\/index.php\\\/2023\\\/08\\\/mxgp-uddevalla-les-pilotes-engages\\\/\"},\"author\":{\"name\":\"oliviere\",\"@id\":\"https:\\\/\\\/fr.motocrossmag.be\\\/#\\\/schema\\\/person\\\/11b47143d9f755babca2c9110e03235c\"},\"headline\":\"MXGP Uddevalla : les pilotes engag\u00e9s\",\"datePublished\":\"2023-08-10T11:08:10+00:00\",\"mainEntityOfPage\":{\"@id\":\"https:\\\/\\\/fr.motocrossmag.be\\\/index.php\\\/2023\\\/08\\\/mxgp-uddevalla-les-pilotes-engages\\\/\"},\"wordCount\":1509,\"commentCount\":0,\"image\":{\"@id\":\"https:\\\/\\\/fr.motocrossmag.be\\\/index.php\\\/2023\\\/08\\\/mxgp-uddevalla-les-pilotes-engages\\\/#primaryimage\"},\"thumbnailUrl\":\"https:\\\/\\\/fr.motocrossmag.be\\\/wp-content\\\/uploads\\\/2023\\\/07\\\/138741_CoenenLucas_Flanders_2023_Fullspectrum_ESZ-37488.jpg\",\"keywords\":[\"Motocross\",\"MXGP\",\"Uddevalla\"],\"articleSection\":[\"Actualit\u00e9\",\"Motocross\",\"Motocross MXGP\",\"News\",\"News\",\"Slideshow\"],\"inLanguage\":\"fr-FR\",\"potentialAction\":[{\"@type\":\"CommentAction\",\"name\":\"Comment\",\"target\":[\"https:\\\/\\\/fr.motocrossmag.be\\\/index.php\\\/2023\\\/08\\\/mxgp-uddevalla-les-pilotes-engages\\\/#respond\"]}]},{\"@type\":\"WebPage\",\"@id\":\"https:\\\/\\\/fr.motocrossmag.be\\\/index.php\\\/2023\\\/08\\\/mxgp-uddevalla-les-pilotes-engages\\\/\",\"url\":\"https:\\\/\\\/fr.motocrossmag.be\\\/index.php\\\/2023\\\/08\\\/mxgp-uddevalla-les-pilotes-engages\\\/\",\"name\":\"MXGP Uddevalla : les pilotes engag\u00e9s - Motocross - Enduro - Supermoto | MotocrossMag\",\"isPartOf\":{\"@id\":\"https:\\\/\\\/fr.motocrossmag.be\\\/#website\"},\"primaryImageOfPage\":{\"@id\":\"https:\\\/\\\/fr.motocrossmag.be\\\/index.php\\\/2023\\\/08\\\/mxgp-uddevalla-les-pilotes-engages\\\/#primaryimage\"},\"image\":{\"@id\":\"https:\\\/\\\/fr.motocrossmag.be\\\/index.php\\\/2023\\\/08\\\/mxgp-uddevalla-les-pilotes-engages\\\/#primaryimage\"},\"thumbnailUrl\":\"https:\\\/\\\/fr.motocrossmag.be\\\/wp-content\\\/uploads\\\/2023\\\/07\\\/138741_CoenenLucas_Flanders_2023_Fullspectrum_ESZ-37488.jpg\",\"datePublished\":\"2023-08-10T11:08:10+00:00\",\"author\":{\"@id\":\"https:\\\/\\\/fr.motocrossmag.be\\\/#\\\/schema\\\/person\\\/11b47143d9f755babca2c9110e03235c\"},\"breadcrumb\":{\"@id\":\"https:\\\/\\\/fr.motocrossmag.be\\\/index.php\\\/2023\\\/08\\\/mxgp-uddevalla-les-pilotes-engages\\\/#breadcrumb\"},\"inLanguage\":\"fr-FR\",\"potentialAction\":[{\"@type\":\"ReadAction\",\"target\":[\"https:\\\/\\\/fr.motocrossmag.be\\\/index.php\\\/2023\\\/08\\\/mxgp-uddevalla-les-pilotes-engages\\\/\"]}]},{\"@type\":\"ImageObject\",\"inLanguage\":\"fr-FR\",\"@id\":\"https:\\\/\\\/fr.motocrossmag.be\\\/index.php\\\/2023\\\/08\\\/mxgp-uddevalla-les-pilotes-engages\\\/#primaryimage\",\"url\":\"https:\\\/\\\/fr.motocrossmag.be\\\/wp-content\\\/uploads\\\/2023\\\/07\\\/138741_CoenenLucas_Flanders_2023_Fullspectrum_ESZ-37488.jpg\",\"contentUrl\":\"https:\\\/\\\/fr.motocrossmag.be\\\/wp-content\\\/uploads\\\/2023\\\/07\\\/138741_CoenenLucas_Flanders_2023_Fullspectrum_ESZ-37488.jpg\",\"width\":1000,\"height\":666},{\"@type\":\"BreadcrumbList\",\"@id\":\"https:\\\/\\\/fr.motocrossmag.be\\\/index.php\\\/2023\\\/08\\\/mxgp-uddevalla-les-pilotes-engages\\\/#breadcrumb\",\"itemListElement\":[{\"@type\":\"ListItem\",\"position\":1,\"name\":\"Accueil\",\"item\":\"https:\\\/\\\/fr.motocrossmag.be\\\/\"},{\"@type\":\"ListItem\",\"position\":2,\"name\":\"MXGP Uddevalla : les pilotes engag\u00e9s\"}]},{\"@type\":\"WebSite\",\"@id\":\"https:\\\/\\\/fr.motocrossmag.be\\\/#website\",\"url\":\"https:\\\/\\\/fr.motocrossmag.be\\\/\",\"name\":\"Motocross - Enduro - Supermoto | MotocrossMag\",\"description\":\"L&#039;actualit\u00e9 du motocross, de l&#039;enduro et du Supermoto en ligne!\",\"potentialAction\":[{\"@type\":\"SearchAction\",\"target\":{\"@type\":\"EntryPoint\",\"urlTemplate\":\"https:\\\/\\\/fr.motocrossmag.be\\\/?s={search_term_string}\"},\"query-input\":{\"@type\":\"PropertyValueSpecification\",\"valueRequired\":true,\"valueName\":\"search_term_string\"}}],\"inLanguage\":\"fr-FR\"},{\"@type\":\"Person\",\"@id\":\"https:\\\/\\\/fr.motocrossmag.be\\\/#\\\/schema\\\/person\\\/11b47143d9f755babca2c9110e03235c\",\"name\":\"oliviere\",\"image\":{\"@type\":\"ImageObject\",\"inLanguage\":\"fr-FR\",\"@id\":\"https:\\\/\\\/secure.gravatar.com\\\/avatar\\\/907069e0b81d119452040469e4a7501da1100f54f7f80180ce77bfab718288f6?s=96&d=mm&r=g\",\"url\":\"https:\\\/\\\/secure.gravatar.com\\\/avatar\\\/907069e0b81d119452040469e4a7501da1100f54f7f80180ce77bfab718288f6?s=96&d=mm&r=g\",\"contentUrl\":\"https:\\\/\\\/secure.gravatar.com\\\/avatar\\\/907069e0b81d119452040469e4a7501da1100f54f7f80180ce77bfab718288f6?s=96&d=mm&r=g\",\"caption\":\"oliviere\"},\"sameAs\":[\"http:\\\/\\\/www.motocrossmag.be\"],\"url\":\"https:\\\/\\\/fr.motocrossmag.be\\\/index.php\\\/author\\\/oliviere\\\/\"}]}<\/script>\n<!-- \/ Yoast SEO plugin. -->","yoast_head_json":{"title":"MXGP Uddevalla : les pilotes engag\u00e9s - Motocross - Enduro - Supermoto | MotocrossMag","robots":{"index":"index","follow":"follow","max-snippet":"max-snippet:-1","max-image-preview":"max-image-preview:large","max-video-preview":"max-video-preview:-1"},"canonical":"https:\/\/fr.motocrossmag.be\/index.php\/2023\/08\/mxgp-uddevalla-les-pilotes-engages\/","og_locale":"fr_FR","og_type":"article","og_title":"MXGP Uddevalla : les pilotes engag\u00e9s - Motocross - Enduro - Supermoto | MotocrossMag","og_description":"Le 15\u00e8me des 19 GP au menu de la saison MXGP 2023 se dispute ce week-end sur la piste d&rsquo;Uddevalla, en Su\u00e8de. Si aucun pilote belge ne sera pr\u00e9sent dans [...]","og_url":"https:\/\/fr.motocrossmag.be\/index.php\/2023\/08\/mxgp-uddevalla-les-pilotes-engages\/","og_site_name":"Motocross - Enduro - Supermoto | MotocrossMag","article_published_time":"2023-08-10T11:08:10+00:00","og_image":[{"width":1000,"height":666,"url":"https:\/\/fr.motocrossmag.be\/wp-content\/uploads\/2023\/07\/138741_CoenenLucas_Flanders_2023_Fullspectrum_ESZ-37488.jpg","type":"image\/jpeg"}],"author":"oliviere","twitter_card":"summary_large_image","twitter_misc":{"\u00c9crit par":"oliviere","Dur\u00e9e de lecture estim\u00e9e":"8 minutes"},"schema":{"@context":"https:\/\/schema.org","@graph":[{"@type":"Article","@id":"https:\/\/fr.motocrossmag.be\/index.php\/2023\/08\/mxgp-uddevalla-les-pilotes-engages\/#article","isPartOf":{"@id":"https:\/\/fr.motocrossmag.be\/index.php\/2023\/08\/mxgp-uddevalla-les-pilotes-engages\/"},"author":{"name":"oliviere","@id":"https:\/\/fr.motocrossmag.be\/#\/schema\/person\/11b47143d9f755babca2c9110e03235c"},"headline":"MXGP Uddevalla : les pilotes engag\u00e9s","datePublished":"2023-08-10T11:08:10+00:00","mainEntityOfPage":{"@id":"https:\/\/fr.motocrossmag.be\/index.php\/2023\/08\/mxgp-uddevalla-les-pilotes-engages\/"},"wordCount":1509,"commentCount":0,"image":{"@id":"https:\/\/fr.motocrossmag.be\/index.php\/2023\/08\/mxgp-uddevalla-les-pilotes-engages\/#primaryimage"},"thumbnailUrl":"https:\/\/fr.motocrossmag.be\/wp-content\/uploads\/2023\/07\/138741_CoenenLucas_Flanders_2023_Fullspectrum_ESZ-37488.jpg","keywords":["Motocross","MXGP","Uddevalla"],"articleSection":["Actualit\u00e9","Motocross","Motocross MXGP","News","News","Slideshow"],"inLanguage":"fr-FR","potentialAction":[{"@type":"CommentAction","name":"Comment","target":["https:\/\/fr.motocrossmag.be\/index.php\/2023\/08\/mxgp-uddevalla-les-pilotes-engages\/#respond"]}]},{"@type":"WebPage","@id":"https:\/\/fr.motocrossmag.be\/index.php\/2023\/08\/mxgp-uddevalla-les-pilotes-engages\/","url":"https:\/\/fr.motocrossmag.be\/index.php\/2023\/08\/mxgp-uddevalla-les-pilotes-engages\/","name":"MXGP Uddevalla : les pilotes engag\u00e9s - Motocross - Enduro - Supermoto | MotocrossMag","isPartOf":{"@id":"https:\/\/fr.motocrossmag.be\/#website"},"primaryImageOfPage":{"@id":"https:\/\/fr.motocrossmag.be\/index.php\/2023\/08\/mxgp-uddevalla-les-pilotes-engages\/#primaryimage"},"image":{"@id":"https:\/\/fr.motocrossmag.be\/index.php\/2023\/08\/mxgp-uddevalla-les-pilotes-engages\/#primaryimage"},"thumbnailUrl":"https:\/\/fr.motocrossmag.be\/wp-content\/uploads\/2023\/07\/138741_CoenenLucas_Flanders_2023_Fullspectrum_ESZ-37488.jpg","datePublished":"2023-08-10T11:08:10+00:00","author":{"@id":"https:\/\/fr.motocrossmag.be\/#\/schema\/person\/11b47143d9f755babca2c9110e03235c"},"breadcrumb":{"@id":"https:\/\/fr.motocrossmag.be\/index.php\/2023\/08\/mxgp-uddevalla-les-pilotes-engages\/#breadcrumb"},"inLanguage":"fr-FR","potentialAction":[{"@type":"ReadAction","target":["https:\/\/fr.motocrossmag.be\/index.php\/2023\/08\/mxgp-uddevalla-les-pilotes-engages\/"]}]},{"@type":"ImageObject","inLanguage":"fr-FR","@id":"https:\/\/fr.motocrossmag.be\/index.php\/2023\/08\/mxgp-uddevalla-les-pilotes-engages\/#primaryimage","url":"https:\/\/fr.motocrossmag.be\/wp-content\/uploads\/2023\/07\/138741_CoenenLucas_Flanders_2023_Fullspectrum_ESZ-37488.jpg","contentUrl":"https:\/\/fr.motocrossmag.be\/wp-content\/uploads\/2023\/07\/138741_CoenenLucas_Flanders_2023_Fullspectrum_ESZ-37488.jpg","width":1000,"height":666},{"@type":"BreadcrumbList","@id":"https:\/\/fr.motocrossmag.be\/index.php\/2023\/08\/mxgp-uddevalla-les-pilotes-engages\/#breadcrumb","itemListElement":[{"@type":"ListItem","position":1,"name":"Accueil","item":"https:\/\/fr.motocrossmag.be\/"},{"@type":"ListItem","position":2,"name":"MXGP Uddevalla : les pilotes engag\u00e9s"}]},{"@type":"WebSite","@id":"https:\/\/fr.motocrossmag.be\/#website","url":"https:\/\/fr.motocrossmag.be\/","name":"Motocross - Enduro - Supermoto | MotocrossMag","description":"L&#039;actualit\u00e9 du motocross, de l&#039;enduro et du Supermoto en ligne!","potentialAction":[{"@type":"SearchAction","target":{"@type":"EntryPoint","urlTemplate":"https:\/\/fr.motocrossmag.be\/?s={search_term_string}"},"query-input":{"@type":"PropertyValueSpecification","valueRequired":true,"valueName":"search_term_string"}}],"inLanguage":"fr-FR"},{"@type":"Person","@id":"https:\/\/fr.motocrossmag.be\/#\/schema\/person\/11b47143d9f755babca2c9110e03235c","name":"oliviere","image":{"@type":"ImageObject","inLanguage":"fr-FR","@id":"https:\/\/secure.gravatar.com\/avatar\/907069e0b81d119452040469e4a7501da1100f54f7f80180ce77bfab718288f6?s=96&d=mm&r=g","url":"https:\/\/secure.gravatar.com\/avatar\/907069e0b81d119452040469e4a7501da1100f54f7f80180ce77bfab718288f6?s=96&d=mm&r=g","contentUrl":"https:\/\/secure.gravatar.com\/avatar\/907069e0b81d119452040469e4a7501da1100f54f7f80180ce77bfab718288f6?s=96&d=mm&r=g","caption":"oliviere"},"sameAs":["http:\/\/www.motocrossmag.be"],"url":"https:\/\/fr.motocrossmag.be\/index.php\/author\/oliviere\/"}]}},"_links":{"self":[{"href":"https:\/\/fr.motocrossmag.be\/index.php\/wp-json\/wp\/v2\/posts\/127291","targetHints":{"allow":["GET"]}}],"collection":[{"href":"https:\/\/fr.motocrossmag.be\/index.php\/wp-json\/wp\/v2\/posts"}],"about":[{"href":"https:\/\/fr.motocrossmag.be\/index.php\/wp-json\/wp\/v2\/types\/post"}],"author":[{"embeddable":true,"href":"https:\/\/fr.motocrossmag.be\/index.php\/wp-json\/wp\/v2\/users\/932"}],"replies":[{"embeddable":true,"href":"https:\/\/fr.motocrossmag.be\/index.php\/wp-json\/wp\/v2\/comments?post=127291"}],"version-history":[{"count":1,"href":"https:\/\/fr.motocrossmag.be\/index.php\/wp-json\/wp\/v2\/posts\/127291\/revisions"}],"predecessor-version":[{"id":127292,"href":"https:\/\/fr.motocrossmag.be\/index.php\/wp-json\/wp\/v2\/posts\/127291\/revisions\/127292"}],"wp:featuredmedia":[{"embeddable":true,"href":"https:\/\/fr.motocrossmag.be\/index.php\/wp-json\/wp\/v2\/media\/126870"}],"wp:attachment":[{"href":"https:\/\/fr.motocrossmag.be\/index.php\/wp-json\/wp\/v2\/media?parent=127291"}],"wp:term":[{"taxonomy":"category","embeddable":true,"href":"https:\/\/fr.motocrossmag.be\/index.php\/wp-json\/wp\/v2\/categories?post=127291"},{"taxonomy":"post_tag","embeddable":true,"href":"https:\/\/fr.motocrossmag.be\/index.php\/wp-json\/wp\/v2\/tags?post=127291"}],"curies":[{"name":"wp","href":"https:\/\/api.w.org\/{rel}","templated":true}]}}