{"id":127362,"date":"2023-08-12T19:01:48","date_gmt":"2023-08-12T17:01:48","guid":{"rendered":"https:\/\/fr.motocrossmag.be\/?p=127362"},"modified":"2023-08-13T00:51:50","modified_gmt":"2023-08-12T22:51:50","slug":"gp-de-suede-liam-everts-sincline-au-finish-dans-la-manche-qualificative","status":"publish","type":"post","link":"https:\/\/fr.motocrossmag.be\/index.php\/2023\/08\/gp-de-suede-liam-everts-sincline-au-finish-dans-la-manche-qualificative\/","title":{"rendered":"GP de Su\u00e8de : Liam Everts s&rsquo;incline au finish dans la manche qualificative"},"content":{"rendered":"<p><strong>Les manches qualificatives du GP de Su\u00e8de, quinzi\u00e8me rendez-vous de la saison mondiale de motocross, ont \u00e9t\u00e9 disput\u00e9es ce samedi sur la piste d&rsquo;Uddevalla. Si le Norv\u00e9gien Kevin Horgmo y a remport\u00e9 sa premi\u00e8re pole en MX2, il s&rsquo;agissait de la 10\u00e8me d\u00e9j\u00e0 pour Jorge Prado dans la cat\u00e9gorie reine.<\/strong><\/p>\n<p>Le d\u00e9part de la manche qualificative MX2 s&rsquo;est donn\u00e9 sans Lucas Coenen, victime un peu plus t\u00f4t d&rsquo;une grosse chute et contraint de renoncer. Mais comme un Coenen en cache toujours un autre, son fr\u00e8re jumeau Sacha s&rsquo;est charg\u00e9 d&rsquo;animer la course. Il semblait d&rsquo;ailleurs bien parti une fois de plus pour s&rsquo;imposer avant que deux petites erreurs ne le contraignent \u00e0 abandonner ses ambitions.<\/p>\n<p>Ce sont donc le Norv\u00e9gien Kevin Horgmo et Liam Everts qui ont fini par se retrouver en lutte pour la victoire. Le Norv\u00e9gien a eu fort \u00e0 faire pour contenir un Liam Everts bien d\u00e9cid\u00e9 \u00e0 profiter des derniers instants de course pour lui rafler la victoire mais Horgmo a gard\u00e9 85 centi\u00e8mes d&rsquo;avance sur notre compatriote sous le drapeau \u00e0 damiers.<\/p>\n<p>Le leader du classement provisoire Andrea Adamo termine 3\u00e8me devant Simon Laengenfelder.<\/p>\n<p>Rappelons que Jago Geerts, bless\u00e9 en Finlande, avait d\u00e9cid\u00e9 de faire l&rsquo;impasse sur le GP su\u00e9dois.<\/p>\n<p>En MXGP, pas de surprise puisque c&rsquo;est Jorge Prado qui s&rsquo;impose \u00e0 nouveau. L&rsquo;Espagnol devance le champion du monde en titre Tim Gajser et le Suisse J\u00e9r\u00e9my Seewer. Jeffrey Herlings prend la 4\u00e8me place devant le vainqueur des 5 derniers GP disput\u00e9s, Romain Febvre.<\/p>\n<p><span style=\"color: #800000;\"><strong>R\u00e9sultats<\/strong><\/span><\/p>\n<p><strong>MX2<\/strong><\/p>\n<p>1. Kevin Horgmo (NOR, Kawasaki), 24:12.095;\u00a0<strong>2. Liam Everts (BEL, KTM), +0:00.856<\/strong>; 3. Andrea Adamo (ITA, KTM), +0:17.421; 4. Simon Laengenfelder (GER, GASGAS), +0:18.945;\u00a05. Rick Elzinga (NED, Yamaha), +0:26.636; 6. David Braceras (ESP, Kawasaki), +0:27.650; 7. Oriol Oliver (ESP, KTM), +0:28.487; 8. Isak Gifting (SWE, GASGAS), +0:30.324; 9. Emil Weckman (FIN, Honda), +0:32.015; 10. Camden Mc Lellan (RSA, Honda), +0:42.355;\u00a0<strong>11. Sacha Coenen (BEL, KTM), +1:04.270<\/strong>; 12. Filip Olsson (SWE, Husqvarna), +1:16.486; 13. Tim Edberg (SWE, Husqvarna), +1:23.866; 14. William Voxen Kleemann (DEN, KTM), +1:25.855; 15. Alessandro Valeri (ITA, KTM), +1:31.270; 16. Lorenzo Ciabatti (ITA, KTM), +1:48.416; 17. Jan Pancar (SLO, KTM), -2 lap(s); 18. Arvid L\u00fcning (SWE, GASGAS), -2 lap(s); 19. Delvintor Alfarizi (INA, Honda), -10 lap(s);<\/p>\n<p>CLASSEMENT PROVISOIRE MX2<\/p>\n<p>1. Andrea Adamo (ITA, KTM), 627 points;\u00a0<strong>2.\u00a0<\/strong><strong>Jago Geerts (BEL, YAM), 559 p.; 3.\u00a0<\/strong><strong>Liam Everts (BEL, KTM), 541 p.<\/strong>; 4. Kay de Wolf (NED, HUS), 501 p.; 5. Simon Laengenfelder (GER, GAS), 499 p.; 6. Thibault Benistant (FRA, YAM), 462 p.;\u00a0<strong>7. Lucas Coenen (BEL, HUS), 461 p.; <\/strong>8. Roan Van De Moosdijk (NED, HUS), 433 p.; 9. Kevin Horgmo (NOR, KAW), 405 p.; 10. Jan Pancar (SLO, KTM), 273 p.;\u00a011. Rick Elzinga (NED, YAM), 270 p.; 12. Oriol Oliver (ESP, KTM), 212 p.;\u00a0<strong>13.\u00a0<\/strong><strong>Sacha Coenen (BEL, KTM), 189 p.<\/strong>; 14. Emil Weckman (FIN, HON), 171 p.; 15. Mikkel Haarup (DEN, KTM), 170 p.; 16. Isak Gifting (SWE, GAS), 158 p.; 17. Camden Mc Lellan (RSA, HON), 151 p.; 18. David Braceras (ESP, KAW), 141 p.; 19. Marcel Stauffer (AUT, KTM), 52 p.; 20. Ferruccio Zanchi (ITA, KTM), 47 p.; 21. Mike Gwerder (SUI, KTM), 45 p.; 22. Jack Chambers (USA, KAW), 44 p.; 23. Yago Martinez (ESP, KTM), 42 p.; 24. Filip Olsson (SWE, HUS), 37 p.; 25. Cornelius Toendel (NOR, KTM), 36 p.; 26. Marc-Antoine Rossi (FRA, KTM), 34 p.; 27. Jorgen-Matthias Talviku (EST, HUS), 29 p.; 28. Arvid L\u00fcning (SWE, GAS), 28 p.; 29. Scotty Verhaeghe (FRA, GAS), 26 p.; 30. Joel Rizzi (GBR, GAS), 26 p.; 31. Devin Warner Simonson (USA, KTM), 25 p.; 32. Bobby Bruce (GBR, GAS), 23 p.; 33. Petr Polak (CZE, YAM), 23 p.; 34. Delvintor Alfarizi (INA, HON), 22 p.; 35. Lorenzo Ciabatti (ITA, KTM), 20 p.; 36. Tom Guyon (FRA, FAN), 18 p.;\u00a037. Ivano Van Erp (NED, YAM), 17 p.; 38. Andrea Bonacorsi (ITA, YAM), 15 p.; 39. Federico Tuani (ITA, KTM), 15 p.; 40. Xavier Cazal (FRA, GAS), 14 p.; 41. Leopold Ambj\u00f6rnson (SWE, HUS), 14 p.; 42. Jiraj Wannalak (THA, KTM), 13 p.; 43. William Voxen Kleemann (DEN, KTM), 13 p.; 44. Quentin Marc Prugnieres (FRA, KAW), 11 p.; 45. Tom\u00e1s Moyano (ARG, KAW), 10 p.; 46. Sampo Rainio (FIN, KTM), 8 p.; 47. Diva Ismayana (INA, KAW), 8 p.; 48. Nakami Vidi Makarim (INA, KTM), 7 p.; 49. Miro Varjonen (FIN, HUS), 6 p.; 50. Peter Koenig (GER, KTM), 6 p.; 51. Taylor Hammal (GBR, KTM), 6 p.; 52. Saad Soulimani (FRA, YAM), 5 p.; 53. Franco Iavecchia (URU, HUS), 5 p.; 54. Pedro Jose Suarez Jaramillo (ECU, HUS), 4 p.; 55. Adria Monne Viles (ESP, KTM), 4 p.; 56. Jan Krug (GER, HUS), 4 p.; 57. Erlandas Mackonis (LTU, KTM), 4 p.; 58. Maximo Caceres (ARG, GAS), 3 p.; 59. Martin Venhoda (CZE, GAS), 3 p.; 60. Hassan Mohamad Zubir (MAS, HUS), 2 p.; 61. Daniel Mandys (CZE, YAM), 2 p.;\u00a062. Scott Smulders (NED, HON), 2 p.; 63. Fermin Ciccimarra (ARG, YAM), 2 p.; 64. Lorenzo Corti (ITA, HUS), 2 p.; 65. Eliel Lehtinen (FIN, KTM), 1 p.; 66. Adrien Petit (FRA, YAM), 1 p.; 67. Magnus Smith (DEN, YAM), 1 p.; 68. Juan Ignacio Salgado (ARG, HON), 1 p.; 69. Jerem\u00edas Schiele (CHL, GAS), 1 p.; 70. Alexandre Marques (POR, HUS), 1 p.;<\/p>\n<p><strong>MXGP<\/strong><\/p>\n<p>1. Jorge Prado (ESP, GASGAS), 25:28.322; 2. Tim Gajser (SLO, Honda), +0:09.859; 3. Jeremy Seewer (SUI, Yamaha), +0:12.147;\u00a04. Jeffrey Herlings (NED, KTM), +0:19.917; 5. Romain Febvre (FRA, Kawasaki), +0:25.896;\u00a06. Calvin Vlaanderen (NED, Yamaha), +0:26.702; 7. Ruben Fernandez (ESP, Honda), +0:29.443; 8. Valentin Guillod (SUI, Honda), +0:36.194; 9. Alberto Forato (ITA, KTM), +0:37.768; 10. Benoit Paturel (FRA, Yamaha), +0:41.440;\u00a011. Glenn Coldenhoff (NED, Yamaha), +0:52.482; 12. Maxime Renaux (FRA, Yamaha), +0:54.558; 13. Pauls Jonass (LAT, Honda), +0:55.356; 14. Cornelius Toendel (NOR, Honda), +0:57.617; 15. Alvin \u00d6stlund (SWE, Honda), +1:00.306; 16. Tom Koch (GER, KTM), +1:02.308; 17. Jere Haavisto (FIN, KTM), +1:03.613; 18. Mitchell Evans (AUS, Kawasaki), +1:07.725; 19. Ben Watson (GBR, Beta), +1:09.491; 20. Albin Gerhardsson (SWE, Husqvarna), +1:14.436; 21. Kevin Brumann (SUI, Yamaha), +1:15.070; 22. Danne Karlsson (SWE, GASGAS), +1:22.508; 23. Maximilian Spies (GER, KTM), +1:24.959; 24. Anton Nordstr\u00f6m Graaf (SWE, Kawasaki), +1:39.910;\u00a025. Brian Bogers (NED, Honda), +1:45.196; 26. Alessandro Lupino (ITA, Beta), -1 lap(s);<\/p>\n<p><b>CLASSEMENT PROVISOIRE MXGP<\/b><\/p>\n<p>1. Jorge Prado (ESP, GAS), 730 points; 2. Romain Febvre (FRA, KAW), 628 p.; 3. Jeremy Seewer (SUI, YAM), 558 p.;\u00a04. Glenn Coldenhoff (NED, YAM), 525 p.; 5. Ruben Fernandez (ESP, HON), 493 p.;\u00a06. Calvin Vlaanderen (NED, YAM), 482 p.;\u00a07. Jeffrey Herlings (NED, KTM), 425 p.; 8. Alberto Forato (ITA, KTM), 352 p.; 9. Valentin Guillod (SUI, HON), 279 p.; 10. Benoit Paturel (FRA, YAM), 205 p.; 11. Mattia Guadagnini (ITA, GAS), 203 p.; 12. Maxime Renaux (FRA, YAM), 202 p.; 13. Ben Watson (GBR, BET), 189 p.; 14. Mitchell Evans (AUS, KAW), 189 p.;\u00a015.\u00a0Brian Bogers (NED, HON), 168 p.; 16. Alvin \u00d6stlund (SWE, HON), 167 p.; 17. Alessandro Lupino (ITA, BET), 131 p.; 18. Tom Koch (GER, KTM), 123 p.;\u00a0<strong>19. Brent Van doninck (BEL, HON), 114 p.; 20. Jeremy Van Horebeek (BEL, HON), 110 p.<\/strong>; 21. Maximilian Spies (GER, KTM), 101 p.; 22. Tim Gajser (SLO, HON), 87 p.; 23. Pauls Jonass (LAT, HON), 56 p.; 24. Hardi Roosiorg (EST, HON), 52 p.; 25. Kevin Brumann (SUI, YAM), 44 p.; 26. Petar Petrov (BUL, YAM), 43 p.; 27. Jere Haavisto (FIN, KTM), 33 p.; 28. Henry Jacobi (GER, KTM), 29 p.; 29. Stephen Rubini (FRA, HON), 27 p.; 30. Lewis Stewart (AUS, KTM), 25 p.; 31. Nicholas Murray (AUS, HUS), 21 p.; 32. Harri Kullas (EST, YAM), 20 p.; 33. Hilman Maksum (INA, KTM), 17 p.; 34. Tim Koch (GER, HUS), 15 p.; 35. Adam Sterry (GBR, KTM), 13 p.; 36. Lionel Kerhoas (FRA, HUS), 12 p.; 37. Michael Ivanov (BUL, HUS), 11 p.; 38. Tanel Leok (EST, HUS), 10 p.; 39. Pierre Goupillon (FRA, KTM), 10 p.; 40. Gert Krestinov (EST, HON), 10 p.; 41. Ashton Dickinson (GBR, KTM), 9 p.; 42. Arnaud Tonus (SUI, YAM), 8 p.; 43. Albin Gerhardsson (SWE, HUS), 8 p.; 44. Tomass Sileika (LAT, GAS), 7 p.; 45. Ivo Monticelli (ITA, GAS), 6 p.; 46. Simon Jost (SVK, KTM), 6 p.; 47. Miro Sihvonen (FIN, HUS), 6 p.; 48. Mark Scheu (GER, HUS), 5 p.; 49. Andero Lusbo (EST, GAS), 5 p.; 50. Joaquin Poli (ARG, KAW), 5 p.; 51. Tristan Purdon (RSA, KTM), 4 p.; 52. Conrad Mewse (GBR, HON), 4 p.; 53. Paulo Alberto (POR, YAM), 4 p.; 54. Tomas Kohut (SVK, KTM), 3 p.; 55. Nico Koch (GER, KTM), 2 p.; 56. Simone Croci (ITA, HUS), 2 p.; 57. Domantas Jazdauskas (LTU, KTM), 2 p.; 58. Adrien Malaval (FRA, YAM), 2 p.; 59. Mathias Joergensen (DEN, YAM), 2 p.; 60. Arminas Jasikonis (LTU, GAS), 1 p.;\u00a061.\u00a0Lars van Berkel (NED, HON), 1 p.; 62. Simeo Ubach (ESP, HUS), 1 p.; 63. Agustin Poli (ARG, KAW), 1 p.;<\/p>\n","protected":false},"excerpt":{"rendered":"<p>Les manches qualificatives du GP de Su\u00e8de, quinzi\u00e8me rendez-vous de la saison mondiale de motocross, ont \u00e9t\u00e9 disput\u00e9es ce samedi sur la piste d&rsquo;Uddevalla. Si le Norv\u00e9gien Kevin Horgmo y [&#8230;]<\/p>\n","protected":false},"author":932,"featured_media":124412,"comment_status":"open","ping_status":"closed","sticky":false,"template":"","format":"standard","meta":{"footnotes":""},"categories":[54,4,6,5,55,56,65],"tags":[969,1247,947,568,1471,175],"class_list":["post-127362","post","type-post","status-publish","format-standard","has-post-thumbnail","hentry","category-actualite","category-motocross","category-mx1mx2","category-news","category-news-actualite","category-resultats","category-slideshow","tag-jorge-prado","tag-liam-everts","tag-motocross","tag-mxgp","tag-sacha-coenen","tag-uddevalla"],"yoast_head":"<!-- This site is optimized with the Yoast SEO plugin v27.4 - https:\/\/yoast.com\/product\/yoast-seo-wordpress\/ -->\n<title>GP de Su\u00e8de : Liam Everts s&#039;incline au finish dans la manche qualificative - Motocross - Enduro - Supermoto | MotocrossMag<\/title>\n<meta name=\"robots\" content=\"index, follow, max-snippet:-1, max-image-preview:large, max-video-preview:-1\" \/>\n<link rel=\"canonical\" href=\"https:\/\/fr.motocrossmag.be\/index.php\/2023\/08\/gp-de-suede-liam-everts-sincline-au-finish-dans-la-manche-qualificative\/\" \/>\n<meta property=\"og:locale\" content=\"fr_FR\" \/>\n<meta property=\"og:type\" content=\"article\" \/>\n<meta property=\"og:title\" content=\"GP de Su\u00e8de : Liam Everts s&#039;incline au finish dans la manche qualificative - Motocross - Enduro - Supermoto | MotocrossMag\" \/>\n<meta property=\"og:description\" content=\"Les manches qualificatives du GP de Su\u00e8de, quinzi\u00e8me rendez-vous de la saison mondiale de motocross, ont \u00e9t\u00e9 disput\u00e9es ce samedi sur la piste d&rsquo;Uddevalla. Si le Norv\u00e9gien Kevin Horgmo y [...]\" \/>\n<meta property=\"og:url\" content=\"https:\/\/fr.motocrossmag.be\/index.php\/2023\/08\/gp-de-suede-liam-everts-sincline-au-finish-dans-la-manche-qualificative\/\" \/>\n<meta property=\"og:site_name\" content=\"Motocross - Enduro - Supermoto | MotocrossMag\" \/>\n<meta property=\"article:published_time\" content=\"2023-08-12T17:01:48+00:00\" \/>\n<meta property=\"article:modified_time\" content=\"2023-08-12T22:51:50+00:00\" \/>\n<meta property=\"og:image\" content=\"https:\/\/fr.motocrossmag.be\/wp-content\/uploads\/2023\/04\/516074_Everts_MXGP_2023_R05_H9A2090_MOTOCROSS_5th-Rd-MXGP-2023-_-Agueda-_PRT_.jpg\" \/>\n\t<meta property=\"og:image:width\" content=\"1000\" \/>\n\t<meta property=\"og:image:height\" content=\"666\" \/>\n\t<meta property=\"og:image:type\" content=\"image\/jpeg\" \/>\n<meta name=\"author\" content=\"oliviere\" \/>\n<meta name=\"twitter:card\" content=\"summary_large_image\" \/>\n<meta name=\"twitter:label1\" content=\"\u00c9crit par\" \/>\n\t<meta name=\"twitter:data1\" content=\"oliviere\" \/>\n\t<meta name=\"twitter:label2\" content=\"Dur\u00e9e de lecture estim\u00e9e\" \/>\n\t<meta name=\"twitter:data2\" content=\"6 minutes\" \/>\n<script type=\"application\/ld+json\" class=\"yoast-schema-graph\">{\"@context\":\"https:\\\/\\\/schema.org\",\"@graph\":[{\"@type\":\"Article\",\"@id\":\"https:\\\/\\\/fr.motocrossmag.be\\\/index.php\\\/2023\\\/08\\\/gp-de-suede-liam-everts-sincline-au-finish-dans-la-manche-qualificative\\\/#article\",\"isPartOf\":{\"@id\":\"https:\\\/\\\/fr.motocrossmag.be\\\/index.php\\\/2023\\\/08\\\/gp-de-suede-liam-everts-sincline-au-finish-dans-la-manche-qualificative\\\/\"},\"author\":{\"name\":\"oliviere\",\"@id\":\"https:\\\/\\\/fr.motocrossmag.be\\\/#\\\/schema\\\/person\\\/11b47143d9f755babca2c9110e03235c\"},\"headline\":\"GP de Su\u00e8de : Liam Everts s&rsquo;incline au finish dans la manche qualificative\",\"datePublished\":\"2023-08-12T17:01:48+00:00\",\"dateModified\":\"2023-08-12T22:51:50+00:00\",\"mainEntityOfPage\":{\"@id\":\"https:\\\/\\\/fr.motocrossmag.be\\\/index.php\\\/2023\\\/08\\\/gp-de-suede-liam-everts-sincline-au-finish-dans-la-manche-qualificative\\\/\"},\"wordCount\":1181,\"commentCount\":0,\"image\":{\"@id\":\"https:\\\/\\\/fr.motocrossmag.be\\\/index.php\\\/2023\\\/08\\\/gp-de-suede-liam-everts-sincline-au-finish-dans-la-manche-qualificative\\\/#primaryimage\"},\"thumbnailUrl\":\"https:\\\/\\\/fr.motocrossmag.be\\\/wp-content\\\/uploads\\\/2023\\\/04\\\/516074_Everts_MXGP_2023_R05_H9A2090_MOTOCROSS_5th-Rd-MXGP-2023-_-Agueda-_PRT_.jpg\",\"keywords\":[\"jorge prado\",\"liam everts\",\"Motocross\",\"MXGP\",\"sacha coenen\",\"Uddevalla\"],\"articleSection\":[\"Actualit\u00e9\",\"Motocross\",\"Motocross MXGP\",\"News\",\"News\",\"R\u00e9sultats\",\"Slideshow\"],\"inLanguage\":\"fr-FR\",\"potentialAction\":[{\"@type\":\"CommentAction\",\"name\":\"Comment\",\"target\":[\"https:\\\/\\\/fr.motocrossmag.be\\\/index.php\\\/2023\\\/08\\\/gp-de-suede-liam-everts-sincline-au-finish-dans-la-manche-qualificative\\\/#respond\"]}]},{\"@type\":\"WebPage\",\"@id\":\"https:\\\/\\\/fr.motocrossmag.be\\\/index.php\\\/2023\\\/08\\\/gp-de-suede-liam-everts-sincline-au-finish-dans-la-manche-qualificative\\\/\",\"url\":\"https:\\\/\\\/fr.motocrossmag.be\\\/index.php\\\/2023\\\/08\\\/gp-de-suede-liam-everts-sincline-au-finish-dans-la-manche-qualificative\\\/\",\"name\":\"GP de Su\u00e8de : Liam Everts s'incline au finish dans la manche qualificative - Motocross - Enduro - Supermoto | MotocrossMag\",\"isPartOf\":{\"@id\":\"https:\\\/\\\/fr.motocrossmag.be\\\/#website\"},\"primaryImageOfPage\":{\"@id\":\"https:\\\/\\\/fr.motocrossmag.be\\\/index.php\\\/2023\\\/08\\\/gp-de-suede-liam-everts-sincline-au-finish-dans-la-manche-qualificative\\\/#primaryimage\"},\"image\":{\"@id\":\"https:\\\/\\\/fr.motocrossmag.be\\\/index.php\\\/2023\\\/08\\\/gp-de-suede-liam-everts-sincline-au-finish-dans-la-manche-qualificative\\\/#primaryimage\"},\"thumbnailUrl\":\"https:\\\/\\\/fr.motocrossmag.be\\\/wp-content\\\/uploads\\\/2023\\\/04\\\/516074_Everts_MXGP_2023_R05_H9A2090_MOTOCROSS_5th-Rd-MXGP-2023-_-Agueda-_PRT_.jpg\",\"datePublished\":\"2023-08-12T17:01:48+00:00\",\"dateModified\":\"2023-08-12T22:51:50+00:00\",\"author\":{\"@id\":\"https:\\\/\\\/fr.motocrossmag.be\\\/#\\\/schema\\\/person\\\/11b47143d9f755babca2c9110e03235c\"},\"breadcrumb\":{\"@id\":\"https:\\\/\\\/fr.motocrossmag.be\\\/index.php\\\/2023\\\/08\\\/gp-de-suede-liam-everts-sincline-au-finish-dans-la-manche-qualificative\\\/#breadcrumb\"},\"inLanguage\":\"fr-FR\",\"potentialAction\":[{\"@type\":\"ReadAction\",\"target\":[\"https:\\\/\\\/fr.motocrossmag.be\\\/index.php\\\/2023\\\/08\\\/gp-de-suede-liam-everts-sincline-au-finish-dans-la-manche-qualificative\\\/\"]}]},{\"@type\":\"ImageObject\",\"inLanguage\":\"fr-FR\",\"@id\":\"https:\\\/\\\/fr.motocrossmag.be\\\/index.php\\\/2023\\\/08\\\/gp-de-suede-liam-everts-sincline-au-finish-dans-la-manche-qualificative\\\/#primaryimage\",\"url\":\"https:\\\/\\\/fr.motocrossmag.be\\\/wp-content\\\/uploads\\\/2023\\\/04\\\/516074_Everts_MXGP_2023_R05_H9A2090_MOTOCROSS_5th-Rd-MXGP-2023-_-Agueda-_PRT_.jpg\",\"contentUrl\":\"https:\\\/\\\/fr.motocrossmag.be\\\/wp-content\\\/uploads\\\/2023\\\/04\\\/516074_Everts_MXGP_2023_R05_H9A2090_MOTOCROSS_5th-Rd-MXGP-2023-_-Agueda-_PRT_.jpg\",\"width\":\"1000\",\"height\":\"666\"},{\"@type\":\"BreadcrumbList\",\"@id\":\"https:\\\/\\\/fr.motocrossmag.be\\\/index.php\\\/2023\\\/08\\\/gp-de-suede-liam-everts-sincline-au-finish-dans-la-manche-qualificative\\\/#breadcrumb\",\"itemListElement\":[{\"@type\":\"ListItem\",\"position\":1,\"name\":\"Accueil\",\"item\":\"https:\\\/\\\/fr.motocrossmag.be\\\/\"},{\"@type\":\"ListItem\",\"position\":2,\"name\":\"GP de Su\u00e8de : Liam Everts s&rsquo;incline au finish dans la manche qualificative\"}]},{\"@type\":\"WebSite\",\"@id\":\"https:\\\/\\\/fr.motocrossmag.be\\\/#website\",\"url\":\"https:\\\/\\\/fr.motocrossmag.be\\\/\",\"name\":\"Motocross - Enduro - Supermoto | MotocrossMag\",\"description\":\"L&#039;actualit\u00e9 du motocross, de l&#039;enduro et du Supermoto en ligne!\",\"potentialAction\":[{\"@type\":\"SearchAction\",\"target\":{\"@type\":\"EntryPoint\",\"urlTemplate\":\"https:\\\/\\\/fr.motocrossmag.be\\\/?s={search_term_string}\"},\"query-input\":{\"@type\":\"PropertyValueSpecification\",\"valueRequired\":true,\"valueName\":\"search_term_string\"}}],\"inLanguage\":\"fr-FR\"},{\"@type\":\"Person\",\"@id\":\"https:\\\/\\\/fr.motocrossmag.be\\\/#\\\/schema\\\/person\\\/11b47143d9f755babca2c9110e03235c\",\"name\":\"oliviere\",\"image\":{\"@type\":\"ImageObject\",\"inLanguage\":\"fr-FR\",\"@id\":\"https:\\\/\\\/secure.gravatar.com\\\/avatar\\\/907069e0b81d119452040469e4a7501da1100f54f7f80180ce77bfab718288f6?s=96&d=mm&r=g\",\"url\":\"https:\\\/\\\/secure.gravatar.com\\\/avatar\\\/907069e0b81d119452040469e4a7501da1100f54f7f80180ce77bfab718288f6?s=96&d=mm&r=g\",\"contentUrl\":\"https:\\\/\\\/secure.gravatar.com\\\/avatar\\\/907069e0b81d119452040469e4a7501da1100f54f7f80180ce77bfab718288f6?s=96&d=mm&r=g\",\"caption\":\"oliviere\"},\"sameAs\":[\"http:\\\/\\\/www.motocrossmag.be\"],\"url\":\"https:\\\/\\\/fr.motocrossmag.be\\\/index.php\\\/author\\\/oliviere\\\/\"}]}<\/script>\n<!-- \/ Yoast SEO plugin. -->","yoast_head_json":{"title":"GP de Su\u00e8de : Liam Everts s'incline au finish dans la manche qualificative - Motocross - Enduro - Supermoto | MotocrossMag","robots":{"index":"index","follow":"follow","max-snippet":"max-snippet:-1","max-image-preview":"max-image-preview:large","max-video-preview":"max-video-preview:-1"},"canonical":"https:\/\/fr.motocrossmag.be\/index.php\/2023\/08\/gp-de-suede-liam-everts-sincline-au-finish-dans-la-manche-qualificative\/","og_locale":"fr_FR","og_type":"article","og_title":"GP de Su\u00e8de : Liam Everts s'incline au finish dans la manche qualificative - Motocross - Enduro - Supermoto | MotocrossMag","og_description":"Les manches qualificatives du GP de Su\u00e8de, quinzi\u00e8me rendez-vous de la saison mondiale de motocross, ont \u00e9t\u00e9 disput\u00e9es ce samedi sur la piste d&rsquo;Uddevalla. Si le Norv\u00e9gien Kevin Horgmo y [...]","og_url":"https:\/\/fr.motocrossmag.be\/index.php\/2023\/08\/gp-de-suede-liam-everts-sincline-au-finish-dans-la-manche-qualificative\/","og_site_name":"Motocross - Enduro - Supermoto | MotocrossMag","article_published_time":"2023-08-12T17:01:48+00:00","article_modified_time":"2023-08-12T22:51:50+00:00","og_image":[{"width":1000,"height":666,"url":"https:\/\/fr.motocrossmag.be\/wp-content\/uploads\/2023\/04\/516074_Everts_MXGP_2023_R05_H9A2090_MOTOCROSS_5th-Rd-MXGP-2023-_-Agueda-_PRT_.jpg","type":"image\/jpeg"}],"author":"oliviere","twitter_card":"summary_large_image","twitter_misc":{"\u00c9crit par":"oliviere","Dur\u00e9e de lecture estim\u00e9e":"6 minutes"},"schema":{"@context":"https:\/\/schema.org","@graph":[{"@type":"Article","@id":"https:\/\/fr.motocrossmag.be\/index.php\/2023\/08\/gp-de-suede-liam-everts-sincline-au-finish-dans-la-manche-qualificative\/#article","isPartOf":{"@id":"https:\/\/fr.motocrossmag.be\/index.php\/2023\/08\/gp-de-suede-liam-everts-sincline-au-finish-dans-la-manche-qualificative\/"},"author":{"name":"oliviere","@id":"https:\/\/fr.motocrossmag.be\/#\/schema\/person\/11b47143d9f755babca2c9110e03235c"},"headline":"GP de Su\u00e8de : Liam Everts s&rsquo;incline au finish dans la manche qualificative","datePublished":"2023-08-12T17:01:48+00:00","dateModified":"2023-08-12T22:51:50+00:00","mainEntityOfPage":{"@id":"https:\/\/fr.motocrossmag.be\/index.php\/2023\/08\/gp-de-suede-liam-everts-sincline-au-finish-dans-la-manche-qualificative\/"},"wordCount":1181,"commentCount":0,"image":{"@id":"https:\/\/fr.motocrossmag.be\/index.php\/2023\/08\/gp-de-suede-liam-everts-sincline-au-finish-dans-la-manche-qualificative\/#primaryimage"},"thumbnailUrl":"https:\/\/fr.motocrossmag.be\/wp-content\/uploads\/2023\/04\/516074_Everts_MXGP_2023_R05_H9A2090_MOTOCROSS_5th-Rd-MXGP-2023-_-Agueda-_PRT_.jpg","keywords":["jorge prado","liam everts","Motocross","MXGP","sacha coenen","Uddevalla"],"articleSection":["Actualit\u00e9","Motocross","Motocross MXGP","News","News","R\u00e9sultats","Slideshow"],"inLanguage":"fr-FR","potentialAction":[{"@type":"CommentAction","name":"Comment","target":["https:\/\/fr.motocrossmag.be\/index.php\/2023\/08\/gp-de-suede-liam-everts-sincline-au-finish-dans-la-manche-qualificative\/#respond"]}]},{"@type":"WebPage","@id":"https:\/\/fr.motocrossmag.be\/index.php\/2023\/08\/gp-de-suede-liam-everts-sincline-au-finish-dans-la-manche-qualificative\/","url":"https:\/\/fr.motocrossmag.be\/index.php\/2023\/08\/gp-de-suede-liam-everts-sincline-au-finish-dans-la-manche-qualificative\/","name":"GP de Su\u00e8de : Liam Everts s'incline au finish dans la manche qualificative - Motocross - Enduro - Supermoto | MotocrossMag","isPartOf":{"@id":"https:\/\/fr.motocrossmag.be\/#website"},"primaryImageOfPage":{"@id":"https:\/\/fr.motocrossmag.be\/index.php\/2023\/08\/gp-de-suede-liam-everts-sincline-au-finish-dans-la-manche-qualificative\/#primaryimage"},"image":{"@id":"https:\/\/fr.motocrossmag.be\/index.php\/2023\/08\/gp-de-suede-liam-everts-sincline-au-finish-dans-la-manche-qualificative\/#primaryimage"},"thumbnailUrl":"https:\/\/fr.motocrossmag.be\/wp-content\/uploads\/2023\/04\/516074_Everts_MXGP_2023_R05_H9A2090_MOTOCROSS_5th-Rd-MXGP-2023-_-Agueda-_PRT_.jpg","datePublished":"2023-08-12T17:01:48+00:00","dateModified":"2023-08-12T22:51:50+00:00","author":{"@id":"https:\/\/fr.motocrossmag.be\/#\/schema\/person\/11b47143d9f755babca2c9110e03235c"},"breadcrumb":{"@id":"https:\/\/fr.motocrossmag.be\/index.php\/2023\/08\/gp-de-suede-liam-everts-sincline-au-finish-dans-la-manche-qualificative\/#breadcrumb"},"inLanguage":"fr-FR","potentialAction":[{"@type":"ReadAction","target":["https:\/\/fr.motocrossmag.be\/index.php\/2023\/08\/gp-de-suede-liam-everts-sincline-au-finish-dans-la-manche-qualificative\/"]}]},{"@type":"ImageObject","inLanguage":"fr-FR","@id":"https:\/\/fr.motocrossmag.be\/index.php\/2023\/08\/gp-de-suede-liam-everts-sincline-au-finish-dans-la-manche-qualificative\/#primaryimage","url":"https:\/\/fr.motocrossmag.be\/wp-content\/uploads\/2023\/04\/516074_Everts_MXGP_2023_R05_H9A2090_MOTOCROSS_5th-Rd-MXGP-2023-_-Agueda-_PRT_.jpg","contentUrl":"https:\/\/fr.motocrossmag.be\/wp-content\/uploads\/2023\/04\/516074_Everts_MXGP_2023_R05_H9A2090_MOTOCROSS_5th-Rd-MXGP-2023-_-Agueda-_PRT_.jpg","width":"1000","height":"666"},{"@type":"BreadcrumbList","@id":"https:\/\/fr.motocrossmag.be\/index.php\/2023\/08\/gp-de-suede-liam-everts-sincline-au-finish-dans-la-manche-qualificative\/#breadcrumb","itemListElement":[{"@type":"ListItem","position":1,"name":"Accueil","item":"https:\/\/fr.motocrossmag.be\/"},{"@type":"ListItem","position":2,"name":"GP de Su\u00e8de : Liam Everts s&rsquo;incline au finish dans la manche qualificative"}]},{"@type":"WebSite","@id":"https:\/\/fr.motocrossmag.be\/#website","url":"https:\/\/fr.motocrossmag.be\/","name":"Motocross - Enduro - Supermoto | MotocrossMag","description":"L&#039;actualit\u00e9 du motocross, de l&#039;enduro et du Supermoto en ligne!","potentialAction":[{"@type":"SearchAction","target":{"@type":"EntryPoint","urlTemplate":"https:\/\/fr.motocrossmag.be\/?s={search_term_string}"},"query-input":{"@type":"PropertyValueSpecification","valueRequired":true,"valueName":"search_term_string"}}],"inLanguage":"fr-FR"},{"@type":"Person","@id":"https:\/\/fr.motocrossmag.be\/#\/schema\/person\/11b47143d9f755babca2c9110e03235c","name":"oliviere","image":{"@type":"ImageObject","inLanguage":"fr-FR","@id":"https:\/\/secure.gravatar.com\/avatar\/907069e0b81d119452040469e4a7501da1100f54f7f80180ce77bfab718288f6?s=96&d=mm&r=g","url":"https:\/\/secure.gravatar.com\/avatar\/907069e0b81d119452040469e4a7501da1100f54f7f80180ce77bfab718288f6?s=96&d=mm&r=g","contentUrl":"https:\/\/secure.gravatar.com\/avatar\/907069e0b81d119452040469e4a7501da1100f54f7f80180ce77bfab718288f6?s=96&d=mm&r=g","caption":"oliviere"},"sameAs":["http:\/\/www.motocrossmag.be"],"url":"https:\/\/fr.motocrossmag.be\/index.php\/author\/oliviere\/"}]}},"_links":{"self":[{"href":"https:\/\/fr.motocrossmag.be\/index.php\/wp-json\/wp\/v2\/posts\/127362","targetHints":{"allow":["GET"]}}],"collection":[{"href":"https:\/\/fr.motocrossmag.be\/index.php\/wp-json\/wp\/v2\/posts"}],"about":[{"href":"https:\/\/fr.motocrossmag.be\/index.php\/wp-json\/wp\/v2\/types\/post"}],"author":[{"embeddable":true,"href":"https:\/\/fr.motocrossmag.be\/index.php\/wp-json\/wp\/v2\/users\/932"}],"replies":[{"embeddable":true,"href":"https:\/\/fr.motocrossmag.be\/index.php\/wp-json\/wp\/v2\/comments?post=127362"}],"version-history":[{"count":2,"href":"https:\/\/fr.motocrossmag.be\/index.php\/wp-json\/wp\/v2\/posts\/127362\/revisions"}],"predecessor-version":[{"id":127374,"href":"https:\/\/fr.motocrossmag.be\/index.php\/wp-json\/wp\/v2\/posts\/127362\/revisions\/127374"}],"wp:featuredmedia":[{"embeddable":true,"href":"https:\/\/fr.motocrossmag.be\/index.php\/wp-json\/wp\/v2\/media\/124412"}],"wp:attachment":[{"href":"https:\/\/fr.motocrossmag.be\/index.php\/wp-json\/wp\/v2\/media?parent=127362"}],"wp:term":[{"taxonomy":"category","embeddable":true,"href":"https:\/\/fr.motocrossmag.be\/index.php\/wp-json\/wp\/v2\/categories?post=127362"},{"taxonomy":"post_tag","embeddable":true,"href":"https:\/\/fr.motocrossmag.be\/index.php\/wp-json\/wp\/v2\/tags?post=127362"}],"curies":[{"name":"wp","href":"https:\/\/api.w.org\/{rel}","templated":true}]}}