{"id":127399,"date":"2023-08-13T18:04:13","date_gmt":"2023-08-13T16:04:13","guid":{"rendered":"https:\/\/fr.motocrossmag.be\/?p=127399"},"modified":"2023-08-13T18:04:13","modified_gmt":"2023-08-13T16:04:13","slug":"liam-everts-sinstalle-a-la-deuxieme-place-du-mondial-mx2","status":"publish","type":"post","link":"https:\/\/fr.motocrossmag.be\/index.php\/2023\/08\/liam-everts-sinstalle-a-la-deuxieme-place-du-mondial-mx2\/","title":{"rendered":"Liam Everts s&rsquo;installe \u00e0 la deuxi\u00e8me place du mondial MX2"},"content":{"rendered":"<p><strong>Le 15\u00e8me rendez-vous de la saison MXGP en Su\u00e8de a permis \u00e0 Liam Everts, second du GP derri\u00e8re Simon Laengenfelder, de s&rsquo;installer \u00e0 la deuxi\u00e8me place du classement provisoire MX2. Notre compatriote arrivera donc en dauphin d&rsquo;Andrea Adamo le week-end prochain \u00e0 Arnhem sur le GP de Hollande.<\/strong><\/p>\n<p>Adamo pour sa part compl\u00e8te le podium du jour. Le jeune Italien du clan KTM peut \u00e0 pr\u00e9sent s\u00e9rieusement penser au titre MX2. Forfait ce weekend suite \u00e0 sa blessure du GP de Finlande, Jago Geerts a d\u00e9sormais gliss\u00e9 \u00e0 la 3\u00e8me place du championnat, \u00e0 104 points d&rsquo;Adamo qui en compte 80 de plus qu&rsquo;Everts. Bref, sauf incident, on voit mal comment le titre pourrait \u00e9chapper au prodige italien.<\/p>\n<p>Sacha Coenen termine le GP \u00e0 une belle 6\u00e8me place alors que son fr\u00e8re Lucas a d\u00fb renoncer \u00e0 prendre le d\u00e9part <a href=\"https:\/\/fr.motocrossmag.be\/index.php\/2023\/08\/video-le-crash-de-lucas-coenen-en-suede\/\">suite \u00e0 sa violente chute hier avant la manche qualif.<\/a><\/p>\n<p>En MXGP, une troisi\u00e8me place puis une victoire permettent \u00e0 J\u00e9r\u00e9my Seewer d&rsquo;interrompre la s\u00e9rie de succ\u00e8s de Romain Febvre, second pour un petit point ap\u00e8s avoir termin\u00e9 deuxi\u00e8me \u00e0 deux reprises.<\/p>\n<p>Le leader du championnat Jorge Prado compl\u00e8te le podium alors que ce sont Herlings et Jonass, de retour de blessure, qui cl\u00f4turent le top-5 du round su\u00e9dois.<\/p>\n<p>Lui aussi de retour, Maxime Renaux prend la 6\u00e8me place.<\/p>\n<p><span style=\"color: #800000;\"><strong>R\u00e9sultats<\/strong><\/span><\/p>\n<p><strong>MX2<\/strong><\/p>\n<p>MANCHE 1<\/p>\n<p>1. Simon Laengenfelder (GER, GASGAS), 34:19.765;\u00a0<strong>2. Liam Everts (BEL, KTM), +0:05.936; 3. Rick Elzinga (NED, Yamaha), +0:37.665<\/strong>; 4. Kevin Horgmo (NOR, Kawasaki), +0:43.985;\u00a0<strong>5. Sacha Coenen (BEL, KTM), +1:05.004<\/strong>; 6. Emil Weckman (FIN, Honda), +1:06.989; 7. Isak Gifting (SWE, GASGAS), +1:09.115; 8. David Braceras (ESP, Kawasaki), +1:20.182; 9. Camden Mc Lellan (RSA, Honda), +1:24.259; 10. Andrea Adamo (ITA, KTM), +1:37.489; 11. Tim Edberg (SWE, Husqvarna), +1:41.897; 12. Jan Pancar (SLO, KTM), +1:44.321; 13. Arvid L\u00fcning (SWE, GASGAS), -1 lap(s); 14. William Voxen Kleemann (DEN, KTM), -1 lap(s); 15. Oriol Oliver (ESP, KTM), -1 lap(s); 16. Lorenzo Ciabatti (ITA, KTM), -1 lap(s); 17. Alessandro Valeri (ITA, KTM), -1 lap(s); 18. Delvintor Alfarizi (INA, Honda), -2 lap(s); 19. Filip Olsson (SWE, Husqvarna), -8 lap(s);<\/p>\n<p>MANCHE 2<\/p>\n<p>1. Andrea Adamo (ITA, KTM), 34:57.730; 2. Simon Laengenfelder (GER, GASGAS), +0:00.928;\u00a0<strong>3. Liam Everts (BEL, KTM), +0:16.509<\/strong>; 4. Camden Mc Lellan (RSA, Honda), +1:02.032;\u00a0<strong>5. Rick Elzinga (NED, Yamaha), +1:04.004<\/strong>; 6. David Braceras (ESP, Kawasaki), +1:04.472; 7. Isak Gifting (SWE, GASGAS), +1:18.979;\u00a0<strong>8.\u00a0<\/strong><strong>Sacha Coenen (BEL, KTM), +1:24.233<\/strong>; 9. Emil Weckman (FIN, Honda), +1:35.745; 10. Jan Pancar (SLO, KTM), +1:41.194; 11. Tim Edberg (SWE, Husqvarna), +1:58.276; 12. Filip Olsson (SWE, Husqvarna), +2:01.158; 13. Oriol Oliver (ESP, KTM), +2:04.769; 14. Arvid L\u00fcning (SWE, GASGAS), -1 lap(s); 15. William Voxen Kleemann (DEN, KTM), -1 lap(s); 16. Lorenzo Ciabatti (ITA, KTM), -1 lap(s); 17. Alessandro Valeri (ITA, KTM), -1 lap(s); 18. Delvintor Alfarizi (INA, Honda), -1 lap(s); 19. Kevin Horgmo (NOR, Kawasaki), -3 lap(s);<\/p>\n<p>CLASSEMENT GENERAL MX2<\/p>\n<p>1. Simon Laengenfelder (GER, GAS), 47 points;\u00a0<strong>2. Liam Everts (BEL, KTM), 42 p.<\/strong>; 3. Andrea Adamo (ITA, KTM), 36 p.; 4. Rick Elzinga (NED, YAM), 36 p.; 5. Camden Mc Lellan (RSA, HON), 30 p.;\u00a0<strong>6. Sacha Coenen (BEL, KTM), 29 p.<\/strong>; 7. David Braceras (ESP, KAW), 28 p.; 8. Isak Gifting (SWE, GAS), 28 p.; 9. Emil Weckman (FIN, HON), 27 p.; 10. Jan Pancar (SLO, KTM), 20 p.; 11. Tim Edberg (SWE, HUS), 20 p.; 12. Kevin Horgmo (NOR, KAW), 20 p.; 13. Arvid L\u00fcning (SWE, GAS), 15 p.; 14. Oriol Oliver (ESP, KTM), 14 p.; 15. William Voxen Kleemann (DEN, KTM), 13 p.; 16. Filip Olsson (SWE, HUS), 11 p.; 17. Lorenzo Ciabatti (ITA, KTM), 10 p.; 18. Alessandro Valeri (ITA, KTM), 8 p.; 19. Delvintor Alfarizi (INA, HON), 6 p.;<\/p>\n<p>CLASSEMENT PROVISOIRE MX2<\/p>\n<p>1. Andrea Adamo (ITA, KTM), 663 points;\u00a0<strong>2.\u00a0<\/strong><strong>Liam Everts (BEL, KTM), 583 p.<\/strong>;\u00a0<strong>3. Jago Geerts (BEL, YAM), 559 p<\/strong>.; 4. Simon Laengenfelder (GER, GAS), 546 p.;\u00a0<strong>5.\u00a0<\/strong><strong>Kay de Wolf (NED, HUS), 501 p.<\/strong>; 6. Thibault Benistant (FRA, YAM), 462 p.;\u00a0<strong>7.\u00a0<\/strong><strong>Lucas Coenen (BEL, HUS), 461 p.; 8. Roan Van De Moosdijk (NED, HUS), 433 p.<\/strong>; 9. Kevin Horgmo (NOR, KAW), 425 p.;\u00a0<strong>10. Rick Elzinga (NED, YAM), 306 p.<\/strong>; 11. Jan Pancar (SLO, KTM), 293 p.; 12. Oriol Oliver (ESP, KTM), 226 p.;\u00a0<strong>13.\u00a0<\/strong><strong>Sacha Coenen (BEL, KTM), 218 p.<\/strong>; 14. Emil Weckman (FIN, HON), 198 p.; 15. Isak Gifting (SWE, GAS), 186 p.; 16. Camden Mc Lellan (RSA, HON), 181 p.; 17. Mikkel Haarup (DEN, KTM), 170 p.; 18. David Braceras (ESP, KAW), 169 p.; 19. Marcel Stauffer (AUT, KTM), 52 p.; 20. Filip Olsson (SWE, HUS), 48 p.; 21. Ferruccio Zanchi (ITA, KTM), 47 p.; 22. Mike Gwerder (SUI, KTM), 45 p.; 23. Jack Chambers (USA, KAW), 44 p.; 24. Arvid L\u00fcning (SWE, GAS), 43 p.; 25. Yago Martinez (ESP, KTM), 42 p.; 26. Cornelius Toendel (NOR, KTM), 36 p.; 27. Marc-Antoine Rossi (FRA, KTM), 34 p.; 28. Lorenzo Ciabatti (ITA, KTM), 30 p.; 29. Jorgen-Matthias Talviku (EST, HUS), 29 p.; 30. Delvintor Alfarizi (INA, HON), 28 p.; 31. Scotty Verhaeghe (FRA, GAS), 26 p.; 32. Joel Rizzi (GBR, GAS), 26 p.; 33. William Voxen Kleemann (DEN, KTM), 26 p.; 34. Devin Warner Simonson (USA, KTM), 25 p.; 35. Bobby Bruce (GBR, GAS), 23 p.; 36. Petr Polak (CZE, YAM), 23 p.; 37. Tim Edberg (SWE, HUS), 20 p.; 38. Tom Guyon (FRA, FAN), 18 p.;\u00a0<strong>39. Ivano Van Erp (NED, YAM), 17 p.<\/strong>; 40. Andrea Bonacorsi (ITA, YAM), 15 p.; 41. Federico Tuani (ITA, KTM), 15 p.; 42. Xavier Cazal (FRA, GAS), 14 p.; 43. Leopold Ambj\u00f6rnson (SWE, HUS), 14 p.; 44. Jiraj Wannalak (THA, KTM), 13 p.; 45. Quentin Marc Prugnieres (FRA, KAW), 11 p.; 46. Tom\u00e1s Moyano (ARG, KAW), 10 p.; 47. Sampo Rainio (FIN, KTM), 8 p.; 48. Alessandro Valeri (ITA, KTM), 8 p.; 49. Diva Ismayana (INA, KAW), 8 p.; 50. Nakami Vidi Makarim (INA, KTM), 7 p.; 51. Miro Varjonen (FIN, HUS), 6 p.; 52. Peter Koenig (GER, KTM), 6 p.; 53. Taylor Hammal (GBR, KTM), 6 p.; 54. Saad Soulimani (FRA, YAM), 5 p.; 55. Franco Iavecchia (URU, HUS), 5 p.; 56. Pedro Jose Suarez Jaramillo (ECU, HUS), 4 p.; 57. Adria Monne Viles (ESP, KTM), 4 p.; 58. Jan Krug (GER, HUS), 4 p.; 59. Erlandas Mackonis (LTU, KTM), 4 p.; 60. Maximo Caceres (ARG, GAS), 3 p.; 61. Martin Venhoda (CZE, GAS), 3 p.; 62. Hassan Mohamad Zubir (MAS, HUS), 2 p.; 63. Daniel Mandys (CZE, YAM), 2 p.;\u00a0<strong>64. Scott Smulders (NED, HON), 2 p.<\/strong>; 65. Fermin Ciccimarra (ARG, YAM), 2 p.; 66. Lorenzo Corti (ITA, HUS), 2 p.; 67. Eliel Lehtinen (FIN, KTM), 1 p.; 68. Adrien Petit (FRA, YAM), 1 p.; 69. Magnus Smith (DEN, YAM), 1 p.; 70. Juan Ignacio Salgado (ARG, HON), 1 p.; 71. Jerem\u00edas Schiele (CHL, GAS), 1 p.; 72. Alexandre Marques (POR, HUS), 1 p.;<\/p>\n<p>&nbsp;<\/p>\n<p><strong>MXGP<\/strong><\/p>\n<p>MANCHE 1<\/p>\n<p>1. Jorge Prado (ESP, GASGAS), 35:38.717; 2. Romain Febvre (FRA, Kawasaki), +0:11.326; 3. Jeremy Seewer (SUI, Yamaha), +0:19.740; 4. Pauls Jonass (LAT, Honda), +0:25.198;<strong>\u00a05. Glenn Coldenhoff (NED, Yamaha), +0:25.499;<\/strong>\u00a06. Ruben Fernandez (ESP, Honda), +0:28.600; 7. Alberto Forato (ITA, KTM), +0:29.976;\u00a0<strong>8. Jeffrey Herlings (NED, KTM), +0:45.542;<\/strong>\u00a09. Mitchell Evans (AUS, Kawasaki), +0:49.029; 10. Tim Gajser (SLO, Honda), +0:59.124; 11. Jere Haavisto (FIN, KTM), +1:12.245; 12. Alessandro Lupino (ITA, Beta), +1:23.582; 13. Maxime Renaux (FRA, Yamaha), +1:24.715; 14. Tom Koch (GER, KTM), +1:26.670;\u00a0<strong>15. Calvin Vlaanderen (NED, Yamaha), +1:30.068; 1<\/strong>6. Albin Gerhardsson (SWE, Husqvarna), +1:49.957; 17. Danne Karlsson (SWE, GASGAS), +1:55.597; 18. Cornelius Toendel (NOR, Honda), +1:57.362; 19. Ben Watson (GBR, Beta), +1:58.630; 20. Maximilian Spies (GER, KTM), +1:59.640;\u00a0<strong>21. Brian Bogers (NED, Honda), -1 lap(s);<\/strong>\u00a022. Anton Nordstr\u00f6m Graaf (SWE, Kawasaki), -1 lap(s); 23. Kevin Brumann (SUI, Yamaha), -6 lap(s); 24. Alvin \u00d6stlund (SWE, Honda), -9 lap(s); 25. Benoit Paturel (FRA, Yamaha), -13 lap(s); 26. Valentin Guillod (SUI, Honda), -17 lap(s);<\/p>\n<p>MANCHE 2<\/p>\n<p>1. Jeremy Seewer (SUI, Yamaha), 34:47.487; 2. Romain Febvre (FRA, Kawasaki), +0:07.210; 3. Maxime Renaux (FRA, Yamaha), +0:26.440;\u00a0<strong>4. Jeffrey Herlings (NED, KTM), +0:27.537;<\/strong>\u00a05. Tim Gajser (SLO, Honda), +0:28.745; 6. Jorge Prado (ESP, GASGAS), +0:29.189; 7. Alberto Forato (ITA, KTM), +0:31.435; 8. Ruben Fernandez (ESP, Honda), +1:08.120;\u00a0<strong>9. Glenn Coldenhoff (NED, Yamaha), +1:16.455;<\/strong>\u00a010. Pauls Jonass (LAT, Honda), +1:18.245;\u00a0<strong>11. Calvin Vlaanderen (NED, Yamaha), +1:20.994; 12. Brian Bogers (NED, Honda), +1:27.554;<\/strong>\u00a013. Tom Koch (GER, KTM), +1:46.051; 14. Benoit Paturel (FRA, Yamaha), +2:00.752; 15. Alvin \u00d6stlund (SWE, Honda), +2:02.415; 16. Jere Haavisto (FIN, KTM), +2:10.204; 17. Mitchell Evans (AUS, Kawasaki), -1 lap(s); 18. Maximilian Spies (GER, KTM), -1 lap(s); 19. Valentin Guillod (SUI, Honda), -1 lap(s); 20. Albin Gerhardsson (SWE, Husqvarna), -2 lap(s); 21. Anton Nordstr\u00f6m Graaf (SWE, Kawasaki), -2 lap(s); 22. Ben Watson (GBR, Beta), -7 lap(s); 23. Danne Karlsson (SWE, GASGAS), -8 lap(s); 24. Kevin Brumann (SUI, Yamaha), -11 lap(s); 25. Cornelius Toendel (NOR, Honda), -12 lap(s); 26. Alessandro Lupino (ITA, Beta), -16 lap(s);<\/p>\n<p>CLASSEMENT GENERAL MXGP<\/p>\n<p>1. Jeremy Seewer (SUI, YAM), 45 points; 2. Romain Febvre (FRA, KAW), 44 p.; 3. Jorge Prado (ESP, GAS), 40 p.;\u00a0<strong>4. Jeffrey Herlings (NED, KTM), 31 p.;<\/strong>\u00a05. Pauls Jonass (LAT, HON), 29 p.; 6. Maxime Renaux (FRA, YAM), 28 p.; 7. Alberto Forato (ITA, KTM), 28 p.; 8. Ruben Fernandez (ESP, HON), 28 p.;\u00a0<strong>9. Glenn Coldenhoff (NED, YAM), 28 p.<\/strong>; 10. Tim Gajser (SLO, HON), 27 p.;\u00a0<strong>11. Calvin Vlaanderen (NED, YAM), 16 p.;<\/strong>\u00a012. Mitchell Evans (AUS, KAW), 16 p.; 13. Tom Koch (GER, KTM), 15 p.; 14. Jere Haavisto (FIN, KTM), 15 p.;\u00a0<strong>15. Brian Bogers (NED, HON), 9 p.;<\/strong>\u00a016. Alessandro Lupino (ITA, BET), 9 p.; 17. Benoit Paturel (FRA, YAM), 7 p.; 18. Alvin \u00d6stlund (SWE, HON), 6 p.; 19. Albin Gerhardsson (SWE, HUS), 6 p.; 20. Maximilian Spies (GER, KTM), 4 p.; 21. Danne Karlsson (SWE, GAS), 4 p.; 22. Cornelius Toendel (NOR, HON), 3 p.; 23. Valentin Guillod (SUI, HON), 2 p.; 24. Ben Watson (GBR, BET), 2 p.; 25. Anton Nordstr\u00f6m Graaf (SWE, KAW), 0 p.; 26. Kevin Brumann (SUI, YAM), 0 p.;<\/p>\n<p>CLASSEMENT PROVISOIRE MXGP<\/p>\n<p>1. Jorge Prado (ESP, GAS), 770 points; 2. Romain Febvre (FRA, KAW), 672 p.; 3. Jeremy Seewer (SUI, YAM), 603 p.;\u00a0<strong>4. Glenn Coldenhoff (NED, YAM), 553 p.;<\/strong>\u00a05. Ruben Fernandez (ESP, HON), 521 p.;\u00a0<strong>6. Calvin Vlaanderen (NED, YAM), 498 p.;<\/strong>\u00a07. Jeffrey Herlings (NED, KTM), 456 p.; 8. Alberto Forato (ITA, KTM), 380 p.; 9. Valentin Guillod (SUI, HON), 281 p.; 10. Maxime Renaux (FRA, YAM), 230 p.; 11. Benoit Paturel (FRA, YAM), 212 p.; 12. Mitchell Evans (AUS, KAW), 205 p.; 13. Mattia Guadagnini (ITA, GAS), 203 p.; 14. Ben Watson (GBR, BET), 191 p.;\u00a0<strong>15. Brian Bogers (NED, HON), 177 p.;<\/strong>\u00a016. Alvin \u00d6stlund (SWE, HON), 173 p.; 17. Alessandro Lupino (ITA, BET), 140 p.; 18. Tom Koch (GER, KTM), 138 p.; 19. Tim Gajser (SLO, HON), 114 p.;\u00a0<strong>20. Brent Van doninck (BEL, HON), 114 p.;<\/strong>\u00a0<strong>21. Jeremy Van Horebeek (BEL, HON), 110 p.<\/strong>; 22. Maximilian Spies (GER, KTM), 105 p.; 23. Pauls Jonass (LAT, HON), 85 p.; 24. Hardi Roosiorg (EST, HON), 52 p.; 25. Jere Haavisto (FIN, KTM), 48 p.; 26. Kevin Brumann (SUI, YAM), 44 p.; 27. Petar Petrov (BUL, YAM), 43 p.; 28. Henry Jacobi (GER, KTM), 29 p.; 29. Stephen Rubini (FRA, HON), 27 p.; 30. Lewis Stewart (AUS, KTM), 25 p.; 31. Nicholas Murray (AUS, HUS), 21 p.; 32. Harri Kullas (EST, YAM), 20 p.; 33. Hilman Maksum (INA, KTM), 17 p.; 34. Tim Koch (GER, HUS), 15 p.; 35. Albin Gerhardsson (SWE, HUS), 14 p.; 36. Adam Sterry (GBR, KTM), 13 p.; 37. Lionel Kerhoas (FRA, HUS), 12 p.; 38. Michael Ivanov (BUL, HUS), 11 p.; 39. Tanel Leok (EST, HUS), 10 p.; 40. Pierre Goupillon (FRA, KTM), 10 p.; 41. Gert Krestinov (EST, HON), 10 p.; 42. Ashton Dickinson (GBR, KTM), 9 p.; 43. Arnaud Tonus (SUI, YAM), 8 p.; 44. Tomass Sileika (LAT, GAS), 7 p.; 45. Ivo Monticelli (ITA, GAS), 6 p.; 46. Simon Jost (SVK, KTM), 6 p.; 47. Miro Sihvonen (FIN, HUS), 6 p.; 48. Mark Scheu (GER, HUS), 5 p.; 49. Andero Lusbo (EST, GAS), 5 p.; 50. Joaquin Poli (ARG, KAW), 5 p.; 51. Tristan Purdon (RSA, KTM), 4 p.; 52. Danne Karlsson (SWE, GAS), 4 p.; 53. Conrad Mewse (GBR, HON), 4 p.; 54. Paulo Alberto (POR, YAM), 4 p.; 55. Tomas Kohut (SVK, KTM), 3 p.; 56. Cornelius Toendel (NOR, HON), 3 p.; 57. Nico Koch (GER, KTM), 2 p.; 58. Simone Croci (ITA, HUS), 2 p.; 59. Domantas Jazdauskas (LTU, KTM), 2 p.; 60. Adrien Malaval (FRA, YAM), 2 p.; 61. Mathias Joergensen (DEN, YAM), 2 p.; 62. Arminas Jasikonis (LTU, GAS), 1 p.;\u00a0<strong>63. Lars van Berkel (NED, HON), 1 p.;<\/strong>\u00a064. Simeo Ubach (ESP, HUS), 1 p.; 65. Agustin Poli (ARG, KAW), 1 p<\/p>\n","protected":false},"excerpt":{"rendered":"<p>Le 15\u00e8me rendez-vous de la saison MXGP en Su\u00e8de a permis \u00e0 Liam Everts, second du GP derri\u00e8re Simon Laengenfelder, de s&rsquo;installer \u00e0 la deuxi\u00e8me place du classement provisoire MX2. [&#8230;]<\/p>\n","protected":false},"author":932,"featured_media":123642,"comment_status":"open","ping_status":"closed","sticky":false,"template":"","format":"standard","meta":{"footnotes":""},"categories":[54,4,6,5,55,56,65],"tags":[434,969,1247,947,568,1471,1973,175],"class_list":["post-127399","post","type-post","status-publish","format-standard","has-post-thumbnail","hentry","category-actualite","category-motocross","category-mx1mx2","category-news","category-news-actualite","category-resultats","category-slideshow","tag-jeremy-seewer","tag-jorge-prado","tag-liam-everts","tag-motocross","tag-mxgp","tag-sacha-coenen","tag-simon-laengenfelder","tag-uddevalla"],"yoast_head":"<!-- This site is optimized with the Yoast SEO plugin v27.4 - https:\/\/yoast.com\/product\/yoast-seo-wordpress\/ -->\n<title>Liam Everts s&#039;installe \u00e0 la deuxi\u00e8me place du mondial MX2 - Motocross - Enduro - Supermoto | MotocrossMag<\/title>\n<meta name=\"robots\" content=\"index, follow, max-snippet:-1, max-image-preview:large, max-video-preview:-1\" \/>\n<link rel=\"canonical\" href=\"https:\/\/fr.motocrossmag.be\/index.php\/2023\/08\/liam-everts-sinstalle-a-la-deuxieme-place-du-mondial-mx2\/\" \/>\n<meta property=\"og:locale\" content=\"fr_FR\" \/>\n<meta property=\"og:type\" content=\"article\" \/>\n<meta property=\"og:title\" content=\"Liam Everts s&#039;installe \u00e0 la deuxi\u00e8me place du mondial MX2 - Motocross - Enduro - Supermoto | MotocrossMag\" \/>\n<meta property=\"og:description\" content=\"Le 15\u00e8me rendez-vous de la saison MXGP en Su\u00e8de a permis \u00e0 Liam Everts, second du GP derri\u00e8re Simon Laengenfelder, de s&rsquo;installer \u00e0 la deuxi\u00e8me place du classement provisoire MX2. [...]\" \/>\n<meta property=\"og:url\" content=\"https:\/\/fr.motocrossmag.be\/index.php\/2023\/08\/liam-everts-sinstalle-a-la-deuxieme-place-du-mondial-mx2\/\" \/>\n<meta property=\"og:site_name\" content=\"Motocross - Enduro - Supermoto | MotocrossMag\" \/>\n<meta property=\"article:published_time\" content=\"2023-08-13T16:04:13+00:00\" \/>\n<meta property=\"og:image\" content=\"https:\/\/fr.motocrossmag.be\/wp-content\/uploads\/2023\/03\/HMF_3802.jpg\" \/>\n\t<meta property=\"og:image:width\" content=\"1000\" \/>\n\t<meta property=\"og:image:height\" content=\"680\" \/>\n\t<meta property=\"og:image:type\" content=\"image\/jpeg\" \/>\n<meta name=\"author\" content=\"oliviere\" \/>\n<meta name=\"twitter:card\" content=\"summary_large_image\" \/>\n<meta name=\"twitter:label1\" content=\"\u00c9crit par\" \/>\n\t<meta name=\"twitter:data1\" content=\"oliviere\" \/>\n\t<meta name=\"twitter:label2\" content=\"Dur\u00e9e de lecture estim\u00e9e\" \/>\n\t<meta name=\"twitter:data2\" content=\"8 minutes\" \/>\n<script type=\"application\/ld+json\" class=\"yoast-schema-graph\">{\"@context\":\"https:\\\/\\\/schema.org\",\"@graph\":[{\"@type\":\"Article\",\"@id\":\"https:\\\/\\\/fr.motocrossmag.be\\\/index.php\\\/2023\\\/08\\\/liam-everts-sinstalle-a-la-deuxieme-place-du-mondial-mx2\\\/#article\",\"isPartOf\":{\"@id\":\"https:\\\/\\\/fr.motocrossmag.be\\\/index.php\\\/2023\\\/08\\\/liam-everts-sinstalle-a-la-deuxieme-place-du-mondial-mx2\\\/\"},\"author\":{\"name\":\"oliviere\",\"@id\":\"https:\\\/\\\/fr.motocrossmag.be\\\/#\\\/schema\\\/person\\\/11b47143d9f755babca2c9110e03235c\"},\"headline\":\"Liam Everts s&rsquo;installe \u00e0 la deuxi\u00e8me place du mondial MX2\",\"datePublished\":\"2023-08-13T16:04:13+00:00\",\"mainEntityOfPage\":{\"@id\":\"https:\\\/\\\/fr.motocrossmag.be\\\/index.php\\\/2023\\\/08\\\/liam-everts-sinstalle-a-la-deuxieme-place-du-mondial-mx2\\\/\"},\"wordCount\":1654,\"commentCount\":0,\"image\":{\"@id\":\"https:\\\/\\\/fr.motocrossmag.be\\\/index.php\\\/2023\\\/08\\\/liam-everts-sinstalle-a-la-deuxieme-place-du-mondial-mx2\\\/#primaryimage\"},\"thumbnailUrl\":\"https:\\\/\\\/fr.motocrossmag.be\\\/wp-content\\\/uploads\\\/2023\\\/03\\\/HMF_3802.jpg\",\"keywords\":[\"jeremy seewer\",\"jorge prado\",\"liam everts\",\"Motocross\",\"MXGP\",\"sacha coenen\",\"simon laengenfelder\",\"Uddevalla\"],\"articleSection\":[\"Actualit\u00e9\",\"Motocross\",\"Motocross MXGP\",\"News\",\"News\",\"R\u00e9sultats\",\"Slideshow\"],\"inLanguage\":\"fr-FR\",\"potentialAction\":[{\"@type\":\"CommentAction\",\"name\":\"Comment\",\"target\":[\"https:\\\/\\\/fr.motocrossmag.be\\\/index.php\\\/2023\\\/08\\\/liam-everts-sinstalle-a-la-deuxieme-place-du-mondial-mx2\\\/#respond\"]}]},{\"@type\":\"WebPage\",\"@id\":\"https:\\\/\\\/fr.motocrossmag.be\\\/index.php\\\/2023\\\/08\\\/liam-everts-sinstalle-a-la-deuxieme-place-du-mondial-mx2\\\/\",\"url\":\"https:\\\/\\\/fr.motocrossmag.be\\\/index.php\\\/2023\\\/08\\\/liam-everts-sinstalle-a-la-deuxieme-place-du-mondial-mx2\\\/\",\"name\":\"Liam Everts s'installe \u00e0 la deuxi\u00e8me place du mondial MX2 - Motocross - Enduro - Supermoto | MotocrossMag\",\"isPartOf\":{\"@id\":\"https:\\\/\\\/fr.motocrossmag.be\\\/#website\"},\"primaryImageOfPage\":{\"@id\":\"https:\\\/\\\/fr.motocrossmag.be\\\/index.php\\\/2023\\\/08\\\/liam-everts-sinstalle-a-la-deuxieme-place-du-mondial-mx2\\\/#primaryimage\"},\"image\":{\"@id\":\"https:\\\/\\\/fr.motocrossmag.be\\\/index.php\\\/2023\\\/08\\\/liam-everts-sinstalle-a-la-deuxieme-place-du-mondial-mx2\\\/#primaryimage\"},\"thumbnailUrl\":\"https:\\\/\\\/fr.motocrossmag.be\\\/wp-content\\\/uploads\\\/2023\\\/03\\\/HMF_3802.jpg\",\"datePublished\":\"2023-08-13T16:04:13+00:00\",\"author\":{\"@id\":\"https:\\\/\\\/fr.motocrossmag.be\\\/#\\\/schema\\\/person\\\/11b47143d9f755babca2c9110e03235c\"},\"breadcrumb\":{\"@id\":\"https:\\\/\\\/fr.motocrossmag.be\\\/index.php\\\/2023\\\/08\\\/liam-everts-sinstalle-a-la-deuxieme-place-du-mondial-mx2\\\/#breadcrumb\"},\"inLanguage\":\"fr-FR\",\"potentialAction\":[{\"@type\":\"ReadAction\",\"target\":[\"https:\\\/\\\/fr.motocrossmag.be\\\/index.php\\\/2023\\\/08\\\/liam-everts-sinstalle-a-la-deuxieme-place-du-mondial-mx2\\\/\"]}]},{\"@type\":\"ImageObject\",\"inLanguage\":\"fr-FR\",\"@id\":\"https:\\\/\\\/fr.motocrossmag.be\\\/index.php\\\/2023\\\/08\\\/liam-everts-sinstalle-a-la-deuxieme-place-du-mondial-mx2\\\/#primaryimage\",\"url\":\"https:\\\/\\\/fr.motocrossmag.be\\\/wp-content\\\/uploads\\\/2023\\\/03\\\/HMF_3802.jpg\",\"contentUrl\":\"https:\\\/\\\/fr.motocrossmag.be\\\/wp-content\\\/uploads\\\/2023\\\/03\\\/HMF_3802.jpg\",\"width\":\"1000\",\"height\":\"680\"},{\"@type\":\"BreadcrumbList\",\"@id\":\"https:\\\/\\\/fr.motocrossmag.be\\\/index.php\\\/2023\\\/08\\\/liam-everts-sinstalle-a-la-deuxieme-place-du-mondial-mx2\\\/#breadcrumb\",\"itemListElement\":[{\"@type\":\"ListItem\",\"position\":1,\"name\":\"Accueil\",\"item\":\"https:\\\/\\\/fr.motocrossmag.be\\\/\"},{\"@type\":\"ListItem\",\"position\":2,\"name\":\"Liam Everts s&rsquo;installe \u00e0 la deuxi\u00e8me place du mondial MX2\"}]},{\"@type\":\"WebSite\",\"@id\":\"https:\\\/\\\/fr.motocrossmag.be\\\/#website\",\"url\":\"https:\\\/\\\/fr.motocrossmag.be\\\/\",\"name\":\"Motocross - Enduro - Supermoto | MotocrossMag\",\"description\":\"L&#039;actualit\u00e9 du motocross, de l&#039;enduro et du Supermoto en ligne!\",\"potentialAction\":[{\"@type\":\"SearchAction\",\"target\":{\"@type\":\"EntryPoint\",\"urlTemplate\":\"https:\\\/\\\/fr.motocrossmag.be\\\/?s={search_term_string}\"},\"query-input\":{\"@type\":\"PropertyValueSpecification\",\"valueRequired\":true,\"valueName\":\"search_term_string\"}}],\"inLanguage\":\"fr-FR\"},{\"@type\":\"Person\",\"@id\":\"https:\\\/\\\/fr.motocrossmag.be\\\/#\\\/schema\\\/person\\\/11b47143d9f755babca2c9110e03235c\",\"name\":\"oliviere\",\"image\":{\"@type\":\"ImageObject\",\"inLanguage\":\"fr-FR\",\"@id\":\"https:\\\/\\\/secure.gravatar.com\\\/avatar\\\/907069e0b81d119452040469e4a7501da1100f54f7f80180ce77bfab718288f6?s=96&d=mm&r=g\",\"url\":\"https:\\\/\\\/secure.gravatar.com\\\/avatar\\\/907069e0b81d119452040469e4a7501da1100f54f7f80180ce77bfab718288f6?s=96&d=mm&r=g\",\"contentUrl\":\"https:\\\/\\\/secure.gravatar.com\\\/avatar\\\/907069e0b81d119452040469e4a7501da1100f54f7f80180ce77bfab718288f6?s=96&d=mm&r=g\",\"caption\":\"oliviere\"},\"sameAs\":[\"http:\\\/\\\/www.motocrossmag.be\"],\"url\":\"https:\\\/\\\/fr.motocrossmag.be\\\/index.php\\\/author\\\/oliviere\\\/\"}]}<\/script>\n<!-- \/ Yoast SEO plugin. -->","yoast_head_json":{"title":"Liam Everts s'installe \u00e0 la deuxi\u00e8me place du mondial MX2 - Motocross - Enduro - Supermoto | MotocrossMag","robots":{"index":"index","follow":"follow","max-snippet":"max-snippet:-1","max-image-preview":"max-image-preview:large","max-video-preview":"max-video-preview:-1"},"canonical":"https:\/\/fr.motocrossmag.be\/index.php\/2023\/08\/liam-everts-sinstalle-a-la-deuxieme-place-du-mondial-mx2\/","og_locale":"fr_FR","og_type":"article","og_title":"Liam Everts s'installe \u00e0 la deuxi\u00e8me place du mondial MX2 - Motocross - Enduro - Supermoto | MotocrossMag","og_description":"Le 15\u00e8me rendez-vous de la saison MXGP en Su\u00e8de a permis \u00e0 Liam Everts, second du GP derri\u00e8re Simon Laengenfelder, de s&rsquo;installer \u00e0 la deuxi\u00e8me place du classement provisoire MX2. [...]","og_url":"https:\/\/fr.motocrossmag.be\/index.php\/2023\/08\/liam-everts-sinstalle-a-la-deuxieme-place-du-mondial-mx2\/","og_site_name":"Motocross - Enduro - Supermoto | MotocrossMag","article_published_time":"2023-08-13T16:04:13+00:00","og_image":[{"width":1000,"height":680,"url":"https:\/\/fr.motocrossmag.be\/wp-content\/uploads\/2023\/03\/HMF_3802.jpg","type":"image\/jpeg"}],"author":"oliviere","twitter_card":"summary_large_image","twitter_misc":{"\u00c9crit par":"oliviere","Dur\u00e9e de lecture estim\u00e9e":"8 minutes"},"schema":{"@context":"https:\/\/schema.org","@graph":[{"@type":"Article","@id":"https:\/\/fr.motocrossmag.be\/index.php\/2023\/08\/liam-everts-sinstalle-a-la-deuxieme-place-du-mondial-mx2\/#article","isPartOf":{"@id":"https:\/\/fr.motocrossmag.be\/index.php\/2023\/08\/liam-everts-sinstalle-a-la-deuxieme-place-du-mondial-mx2\/"},"author":{"name":"oliviere","@id":"https:\/\/fr.motocrossmag.be\/#\/schema\/person\/11b47143d9f755babca2c9110e03235c"},"headline":"Liam Everts s&rsquo;installe \u00e0 la deuxi\u00e8me place du mondial MX2","datePublished":"2023-08-13T16:04:13+00:00","mainEntityOfPage":{"@id":"https:\/\/fr.motocrossmag.be\/index.php\/2023\/08\/liam-everts-sinstalle-a-la-deuxieme-place-du-mondial-mx2\/"},"wordCount":1654,"commentCount":0,"image":{"@id":"https:\/\/fr.motocrossmag.be\/index.php\/2023\/08\/liam-everts-sinstalle-a-la-deuxieme-place-du-mondial-mx2\/#primaryimage"},"thumbnailUrl":"https:\/\/fr.motocrossmag.be\/wp-content\/uploads\/2023\/03\/HMF_3802.jpg","keywords":["jeremy seewer","jorge prado","liam everts","Motocross","MXGP","sacha coenen","simon laengenfelder","Uddevalla"],"articleSection":["Actualit\u00e9","Motocross","Motocross MXGP","News","News","R\u00e9sultats","Slideshow"],"inLanguage":"fr-FR","potentialAction":[{"@type":"CommentAction","name":"Comment","target":["https:\/\/fr.motocrossmag.be\/index.php\/2023\/08\/liam-everts-sinstalle-a-la-deuxieme-place-du-mondial-mx2\/#respond"]}]},{"@type":"WebPage","@id":"https:\/\/fr.motocrossmag.be\/index.php\/2023\/08\/liam-everts-sinstalle-a-la-deuxieme-place-du-mondial-mx2\/","url":"https:\/\/fr.motocrossmag.be\/index.php\/2023\/08\/liam-everts-sinstalle-a-la-deuxieme-place-du-mondial-mx2\/","name":"Liam Everts s'installe \u00e0 la deuxi\u00e8me place du mondial MX2 - Motocross - Enduro - Supermoto | MotocrossMag","isPartOf":{"@id":"https:\/\/fr.motocrossmag.be\/#website"},"primaryImageOfPage":{"@id":"https:\/\/fr.motocrossmag.be\/index.php\/2023\/08\/liam-everts-sinstalle-a-la-deuxieme-place-du-mondial-mx2\/#primaryimage"},"image":{"@id":"https:\/\/fr.motocrossmag.be\/index.php\/2023\/08\/liam-everts-sinstalle-a-la-deuxieme-place-du-mondial-mx2\/#primaryimage"},"thumbnailUrl":"https:\/\/fr.motocrossmag.be\/wp-content\/uploads\/2023\/03\/HMF_3802.jpg","datePublished":"2023-08-13T16:04:13+00:00","author":{"@id":"https:\/\/fr.motocrossmag.be\/#\/schema\/person\/11b47143d9f755babca2c9110e03235c"},"breadcrumb":{"@id":"https:\/\/fr.motocrossmag.be\/index.php\/2023\/08\/liam-everts-sinstalle-a-la-deuxieme-place-du-mondial-mx2\/#breadcrumb"},"inLanguage":"fr-FR","potentialAction":[{"@type":"ReadAction","target":["https:\/\/fr.motocrossmag.be\/index.php\/2023\/08\/liam-everts-sinstalle-a-la-deuxieme-place-du-mondial-mx2\/"]}]},{"@type":"ImageObject","inLanguage":"fr-FR","@id":"https:\/\/fr.motocrossmag.be\/index.php\/2023\/08\/liam-everts-sinstalle-a-la-deuxieme-place-du-mondial-mx2\/#primaryimage","url":"https:\/\/fr.motocrossmag.be\/wp-content\/uploads\/2023\/03\/HMF_3802.jpg","contentUrl":"https:\/\/fr.motocrossmag.be\/wp-content\/uploads\/2023\/03\/HMF_3802.jpg","width":"1000","height":"680"},{"@type":"BreadcrumbList","@id":"https:\/\/fr.motocrossmag.be\/index.php\/2023\/08\/liam-everts-sinstalle-a-la-deuxieme-place-du-mondial-mx2\/#breadcrumb","itemListElement":[{"@type":"ListItem","position":1,"name":"Accueil","item":"https:\/\/fr.motocrossmag.be\/"},{"@type":"ListItem","position":2,"name":"Liam Everts s&rsquo;installe \u00e0 la deuxi\u00e8me place du mondial MX2"}]},{"@type":"WebSite","@id":"https:\/\/fr.motocrossmag.be\/#website","url":"https:\/\/fr.motocrossmag.be\/","name":"Motocross - Enduro - Supermoto | MotocrossMag","description":"L&#039;actualit\u00e9 du motocross, de l&#039;enduro et du Supermoto en ligne!","potentialAction":[{"@type":"SearchAction","target":{"@type":"EntryPoint","urlTemplate":"https:\/\/fr.motocrossmag.be\/?s={search_term_string}"},"query-input":{"@type":"PropertyValueSpecification","valueRequired":true,"valueName":"search_term_string"}}],"inLanguage":"fr-FR"},{"@type":"Person","@id":"https:\/\/fr.motocrossmag.be\/#\/schema\/person\/11b47143d9f755babca2c9110e03235c","name":"oliviere","image":{"@type":"ImageObject","inLanguage":"fr-FR","@id":"https:\/\/secure.gravatar.com\/avatar\/907069e0b81d119452040469e4a7501da1100f54f7f80180ce77bfab718288f6?s=96&d=mm&r=g","url":"https:\/\/secure.gravatar.com\/avatar\/907069e0b81d119452040469e4a7501da1100f54f7f80180ce77bfab718288f6?s=96&d=mm&r=g","contentUrl":"https:\/\/secure.gravatar.com\/avatar\/907069e0b81d119452040469e4a7501da1100f54f7f80180ce77bfab718288f6?s=96&d=mm&r=g","caption":"oliviere"},"sameAs":["http:\/\/www.motocrossmag.be"],"url":"https:\/\/fr.motocrossmag.be\/index.php\/author\/oliviere\/"}]}},"_links":{"self":[{"href":"https:\/\/fr.motocrossmag.be\/index.php\/wp-json\/wp\/v2\/posts\/127399","targetHints":{"allow":["GET"]}}],"collection":[{"href":"https:\/\/fr.motocrossmag.be\/index.php\/wp-json\/wp\/v2\/posts"}],"about":[{"href":"https:\/\/fr.motocrossmag.be\/index.php\/wp-json\/wp\/v2\/types\/post"}],"author":[{"embeddable":true,"href":"https:\/\/fr.motocrossmag.be\/index.php\/wp-json\/wp\/v2\/users\/932"}],"replies":[{"embeddable":true,"href":"https:\/\/fr.motocrossmag.be\/index.php\/wp-json\/wp\/v2\/comments?post=127399"}],"version-history":[{"count":3,"href":"https:\/\/fr.motocrossmag.be\/index.php\/wp-json\/wp\/v2\/posts\/127399\/revisions"}],"predecessor-version":[{"id":127403,"href":"https:\/\/fr.motocrossmag.be\/index.php\/wp-json\/wp\/v2\/posts\/127399\/revisions\/127403"}],"wp:featuredmedia":[{"embeddable":true,"href":"https:\/\/fr.motocrossmag.be\/index.php\/wp-json\/wp\/v2\/media\/123642"}],"wp:attachment":[{"href":"https:\/\/fr.motocrossmag.be\/index.php\/wp-json\/wp\/v2\/media?parent=127399"}],"wp:term":[{"taxonomy":"category","embeddable":true,"href":"https:\/\/fr.motocrossmag.be\/index.php\/wp-json\/wp\/v2\/categories?post=127399"},{"taxonomy":"post_tag","embeddable":true,"href":"https:\/\/fr.motocrossmag.be\/index.php\/wp-json\/wp\/v2\/tags?post=127399"}],"curies":[{"name":"wp","href":"https:\/\/api.w.org\/{rel}","templated":true}]}}