{"id":12761,"date":"2011-08-22T19:11:21","date_gmt":"2011-08-22T18:11:21","guid":{"rendered":"http:\/\/fr.motocrossmag.be\/?p=12761"},"modified":"2011-08-22T19:11:21","modified_gmt":"2011-08-22T18:11:21","slug":"galerie-photos-photos-mxgp-a-matterley-basin","status":"publish","type":"post","link":"https:\/\/fr.motocrossmag.be\/index.php\/2011\/08\/galerie-photos-photos-mxgp-a-matterley-basin\/","title":{"rendered":"Galerie photos | Photos: MXGP \u00e0\u00a0 Matterley Basin"},"content":{"rendered":"<p id=\"[object]\">Les fans anglais retrouvaient ce week-end avec enthousiasme les stars du championnat MXGP sur le circuit de Matterley Basin qui a fait l&rsquo;unanimit\u00e9 dans le paddock, \u00e9tant souvent \u00e9lev\u00e9 au rang de plus beau circuit de la saison. Deux KTM une fois de plus sur la premi\u00e8re marche des podiums avec Roczen en MX2 et Cairoli en MX1, o\u00f9 Christophe Pourcel a montr\u00e9 qu&rsquo;il faudrait d\u00e9sormais compter avec lui dans la chasse aux derni\u00e8res victoires de la saison&#8230;<\/p>\n<p id=\"[object]\">Photos: CDS<\/p><div class=\"ydmcj6a98541ced12f\" ><!-- \/91277017\/Inline-articles-mobile -->\n<div style=\"margin:auto; text-align:center !important\">\n<div id='div-gpt-ad-1784982661365-0' style='min-width: 250px; min-height: 75px;'>\n  <script>\n    googletag.cmd.push(function() { googletag.display('div-gpt-ad-1784982661365-0'); });\n  <\/script>\n<\/div><\/div><\/div><style type=\"text\/css\">\r\n.ydmcj6a98541ced12f {\r\nmargin-bottom:30px;margin-top:20px\r\n}\r\n@media screen and (min-width: 1201px) {\r\n.ydmcj6a98541ced12f {\r\ndisplay: block;\r\n}\r\n}\r\n@media screen and (min-width: 993px) and (max-width: 1200px) {\r\n.ydmcj6a98541ced12f {\r\ndisplay: block;\r\n}\r\n}\r\n@media screen and (min-width: 769px) and (max-width: 992px) {\r\n.ydmcj6a98541ced12f {\r\ndisplay: block;\r\n}\r\n}\r\n@media screen and (min-width: 768px) and (max-width: 768px) {\r\n.ydmcj6a98541ced12f {\r\ndisplay: block;\r\n}\r\n}\r\n@media screen and (max-width: 767px) {\r\n.ydmcj6a98541ced12f {\r\ndisplay: block;\r\n}\r\n}\r\n<\/style>\r\n\n<p id=\"[object]\"><a id=\"[object]\" rel=\"lightbox dia=1\" href=\"http:\/\/fr.motocrossmag.be\/wp-content\/uploads\/2011\/08\/_ds_2450.jpg\"><img decoding=\"async\" id=\"[object]\" class=\"alignnone size-thumbnail wp-image-12791\" title=\"_ds_2450\" src=\"http:\/\/fr.motocrossmag.be\/wp-content\/uploads\/2011\/08\/_ds_2450-150x150.jpg\" alt=\"\" width=\"150\" height=\"150\" \/><\/a>\u00a0\u00a0 <a id=\"[object]\" rel=\"lightbox dia=1\" href=\"http:\/\/fr.motocrossmag.be\/wp-content\/uploads\/2011\/08\/_ds_2610.jpg\"><img decoding=\"async\" id=\"[object]\" class=\"alignnone size-thumbnail wp-image-12790\" title=\"_ds_2610\" src=\"http:\/\/fr.motocrossmag.be\/wp-content\/uploads\/2011\/08\/_ds_2610-150x150.jpg\" alt=\"\" width=\"150\" height=\"150\" \/><\/a>\u00a0\u00a0 <a id=\"[object]\" rel=\"lightbox dia=1\" href=\"http:\/\/fr.motocrossmag.be\/wp-content\/uploads\/2011\/08\/_ds_2731.jpg\"><img decoding=\"async\" class=\"alignnone size-thumbnail wp-image-12789\" title=\"_ds_2731\" src=\"http:\/\/fr.motocrossmag.be\/wp-content\/uploads\/2011\/08\/_ds_2731-150x150.jpg\" alt=\"\" width=\"150\" height=\"150\" \/><\/a><br \/>\n<a id=\"[object]\" rel=\"lightbox dia=1\" href=\"http:\/\/fr.motocrossmag.be\/wp-content\/uploads\/2011\/08\/_ds_2764.jpg\"><img decoding=\"async\" class=\"alignnone size-thumbnail wp-image-12788\" title=\"_ds_2764\" src=\"http:\/\/fr.motocrossmag.be\/wp-content\/uploads\/2011\/08\/_ds_2764-150x150.jpg\" alt=\"\" width=\"150\" height=\"150\" \/><\/a>\u00a0\u00a0 <a id=\"[object]\" rel=\"lightbox dia=1\" href=\"http:\/\/fr.motocrossmag.be\/wp-content\/uploads\/2011\/08\/_ds_2933.jpg\"><img decoding=\"async\" class=\"alignnone size-thumbnail wp-image-12787\" title=\"_ds_2933\" src=\"http:\/\/fr.motocrossmag.be\/wp-content\/uploads\/2011\/08\/_ds_2933-150x150.jpg\" alt=\"\" width=\"150\" height=\"150\" \/><\/a>\u00a0\u00a0 <a id=\"[object]\" rel=\"lightbox dia=1\" href=\"http:\/\/fr.motocrossmag.be\/wp-content\/uploads\/2011\/08\/_ds_2963.jpg\"><img decoding=\"async\" class=\"alignnone size-thumbnail wp-image-12786\" title=\"_ds_2963\" src=\"http:\/\/fr.motocrossmag.be\/wp-content\/uploads\/2011\/08\/_ds_2963-150x150.jpg\" alt=\"\" width=\"150\" height=\"150\" \/><\/a><br \/>\n<a id=\"[object]\" rel=\"lightbox dia=1\" href=\"http:\/\/fr.motocrossmag.be\/wp-content\/uploads\/2011\/08\/_ds_2978.jpg\"><img decoding=\"async\" class=\"alignnone size-thumbnail wp-image-12785\" title=\"_ds_2978\" src=\"http:\/\/fr.motocrossmag.be\/wp-content\/uploads\/2011\/08\/_ds_2978-150x150.jpg\" alt=\"\" width=\"150\" height=\"150\" \/><\/a>\u00a0\u00a0 <a id=\"[object]\" rel=\"lightbox dia=1\" href=\"http:\/\/fr.motocrossmag.be\/wp-content\/uploads\/2011\/08\/_ds_3005.jpg\"><img decoding=\"async\" class=\"alignnone size-thumbnail wp-image-12784\" title=\"_ds_3005\" src=\"http:\/\/fr.motocrossmag.be\/wp-content\/uploads\/2011\/08\/_ds_3005-150x150.jpg\" alt=\"\" width=\"150\" height=\"150\" \/><\/a>\u00a0\u00a0 <a id=\"[object]\" rel=\"lightbox dia=1\" href=\"http:\/\/fr.motocrossmag.be\/wp-content\/uploads\/2011\/08\/_ds_3023.jpg\"><img decoding=\"async\" class=\"alignnone size-thumbnail wp-image-12783\" title=\"_ds_3023\" src=\"http:\/\/fr.motocrossmag.be\/wp-content\/uploads\/2011\/08\/_ds_3023-150x150.jpg\" alt=\"\" width=\"150\" height=\"150\" \/><\/a><br \/>\n<a id=\"[object]\" rel=\"lightbox dia=1\" href=\"http:\/\/fr.motocrossmag.be\/wp-content\/uploads\/2011\/08\/_ds_3058.jpg\"><img decoding=\"async\" class=\"alignnone size-thumbnail wp-image-12782\" title=\"_ds_3058\" src=\"http:\/\/fr.motocrossmag.be\/wp-content\/uploads\/2011\/08\/_ds_3058-150x150.jpg\" alt=\"\" width=\"150\" height=\"150\" \/><\/a>\u00a0\u00a0 <a id=\"[object]\" rel=\"lightbox dia=1\" href=\"http:\/\/fr.motocrossmag.be\/wp-content\/uploads\/2011\/08\/_ds_3246.jpg\"><img decoding=\"async\" class=\"alignnone size-thumbnail wp-image-12781\" title=\"_ds_3246\" src=\"http:\/\/fr.motocrossmag.be\/wp-content\/uploads\/2011\/08\/_ds_3246-150x150.jpg\" alt=\"\" width=\"150\" height=\"150\" \/><\/a>\u00a0\u00a0 <a id=\"[object]\" rel=\"lightbox dia=1\" href=\"http:\/\/fr.motocrossmag.be\/wp-content\/uploads\/2011\/08\/_ds_3309.jpg\"><img decoding=\"async\" class=\"alignnone size-thumbnail wp-image-12780\" title=\"_ds_3309\" src=\"http:\/\/fr.motocrossmag.be\/wp-content\/uploads\/2011\/08\/_ds_3309-150x150.jpg\" alt=\"\" width=\"150\" height=\"150\" \/><\/a><br \/>\n<a id=\"[object]\" rel=\"lightbox dia=1\" href=\"http:\/\/fr.motocrossmag.be\/wp-content\/uploads\/2011\/08\/_ds_3331.jpg\"><img decoding=\"async\" class=\"alignnone size-thumbnail wp-image-12779\" title=\"_ds_3331\" src=\"http:\/\/fr.motocrossmag.be\/wp-content\/uploads\/2011\/08\/_ds_3331-150x150.jpg\" alt=\"\" width=\"150\" height=\"150\" \/><\/a>\u00a0\u00a0 <a id=\"[object]\" rel=\"lightbox dia=1\" href=\"http:\/\/fr.motocrossmag.be\/wp-content\/uploads\/2011\/08\/_ds_3377.jpg\"><img decoding=\"async\" class=\"alignnone size-thumbnail wp-image-12778\" title=\"_ds_3377\" src=\"http:\/\/fr.motocrossmag.be\/wp-content\/uploads\/2011\/08\/_ds_3377-150x150.jpg\" alt=\"\" width=\"150\" height=\"150\" \/><\/a>\u00a0\u00a0 <a id=\"[object]\" rel=\"lightbox dia=1\" href=\"http:\/\/fr.motocrossmag.be\/wp-content\/uploads\/2011\/08\/_ds_3515.jpg\"><img decoding=\"async\" class=\"alignnone size-thumbnail wp-image-12777\" title=\"_ds_3515\" src=\"http:\/\/fr.motocrossmag.be\/wp-content\/uploads\/2011\/08\/_ds_3515-150x150.jpg\" alt=\"\" width=\"150\" height=\"150\" \/><\/a><br \/>\n<a id=\"[object]\" rel=\"lightbox dia=1\" href=\"http:\/\/fr.motocrossmag.be\/wp-content\/uploads\/2011\/08\/_ds_3545.jpg\"><img decoding=\"async\" class=\"alignnone size-thumbnail wp-image-12776\" title=\"_ds_3545\" src=\"http:\/\/fr.motocrossmag.be\/wp-content\/uploads\/2011\/08\/_ds_3545-150x150.jpg\" alt=\"\" width=\"150\" height=\"150\" \/><\/a>\u00a0\u00a0 <a id=\"[object]\" rel=\"lightbox dia=1\" href=\"http:\/\/fr.motocrossmag.be\/wp-content\/uploads\/2011\/08\/_ds_3567.jpg\"><img decoding=\"async\" class=\"alignnone size-thumbnail wp-image-12775\" title=\"_ds_3567\" src=\"http:\/\/fr.motocrossmag.be\/wp-content\/uploads\/2011\/08\/_ds_3567-150x150.jpg\" alt=\"\" width=\"150\" height=\"150\" \/><\/a>\u00a0\u00a0 <a id=\"[object]\" rel=\"lightbox dia=1\" href=\"http:\/\/fr.motocrossmag.be\/wp-content\/uploads\/2011\/08\/_ds_3633.jpg\"><img decoding=\"async\" class=\"alignnone size-thumbnail wp-image-12774\" title=\"_ds_3633\" src=\"http:\/\/fr.motocrossmag.be\/wp-content\/uploads\/2011\/08\/_ds_3633-150x150.jpg\" alt=\"\" width=\"150\" height=\"150\" \/><\/a><br \/>\n<a id=\"[object]\" rel=\"lightbox dia=1\" href=\"http:\/\/fr.motocrossmag.be\/wp-content\/uploads\/2011\/08\/_ds_3637.jpg\"><img decoding=\"async\" class=\"alignnone size-thumbnail wp-image-12773\" title=\"_ds_3637\" src=\"http:\/\/fr.motocrossmag.be\/wp-content\/uploads\/2011\/08\/_ds_3637-150x150.jpg\" alt=\"\" width=\"150\" height=\"150\" \/><\/a>\u00a0\u00a0 <a id=\"[object]\" rel=\"lightbox dia=1\" href=\"http:\/\/fr.motocrossmag.be\/wp-content\/uploads\/2011\/08\/_ds_3643.jpg\"><img decoding=\"async\" class=\"alignnone size-thumbnail wp-image-12772\" title=\"_ds_3643\" src=\"http:\/\/fr.motocrossmag.be\/wp-content\/uploads\/2011\/08\/_ds_3643-150x150.jpg\" alt=\"\" width=\"150\" height=\"150\" \/><\/a>\u00a0\u00a0 <a id=\"[object]\" rel=\"lightbox dia=1\" href=\"http:\/\/fr.motocrossmag.be\/wp-content\/uploads\/2011\/08\/_ds_3650.jpg\"><img decoding=\"async\" class=\"alignnone size-thumbnail wp-image-12771\" title=\"_ds_3650\" src=\"http:\/\/fr.motocrossmag.be\/wp-content\/uploads\/2011\/08\/_ds_3650-150x150.jpg\" alt=\"\" width=\"150\" height=\"150\" \/><\/a><br \/>\n<a id=\"[object]\" rel=\"lightbox dia=1\" href=\"http:\/\/fr.motocrossmag.be\/wp-content\/uploads\/2011\/08\/_ds_3688.jpg\"><img decoding=\"async\" class=\"alignnone size-thumbnail wp-image-12770\" title=\"_ds_3688\" src=\"http:\/\/fr.motocrossmag.be\/wp-content\/uploads\/2011\/08\/_ds_3688-150x150.jpg\" alt=\"\" width=\"150\" height=\"150\" \/><\/a>\u00a0\u00a0 <a id=\"[object]\" rel=\"lightbox dia=1\" href=\"http:\/\/fr.motocrossmag.be\/wp-content\/uploads\/2011\/08\/_ds_3737.jpg\"><img decoding=\"async\" class=\"alignnone size-thumbnail wp-image-12769\" title=\"_ds_3737\" src=\"http:\/\/fr.motocrossmag.be\/wp-content\/uploads\/2011\/08\/_ds_3737-150x150.jpg\" alt=\"\" width=\"150\" height=\"150\" \/><\/a>\u00a0\u00a0 <a id=\"[object]\" rel=\"lightbox dia=1\" href=\"http:\/\/fr.motocrossmag.be\/wp-content\/uploads\/2011\/08\/_ds_3740.jpg\"><img decoding=\"async\" class=\"alignnone size-thumbnail wp-image-12768\" title=\"_ds_3740\" src=\"http:\/\/fr.motocrossmag.be\/wp-content\/uploads\/2011\/08\/_ds_3740-150x150.jpg\" alt=\"\" width=\"150\" height=\"150\" \/><\/a><br \/>\n<a id=\"[object]\" rel=\"lightbox dia=1\" href=\"http:\/\/fr.motocrossmag.be\/wp-content\/uploads\/2011\/08\/_ds_3751.jpg\"><img decoding=\"async\" class=\"alignnone size-thumbnail wp-image-12767\" title=\"_ds_3751\" src=\"http:\/\/fr.motocrossmag.be\/wp-content\/uploads\/2011\/08\/_ds_3751-150x150.jpg\" alt=\"\" width=\"150\" height=\"150\" \/><\/a>\u00a0\u00a0 <a id=\"[object]\" rel=\"lightbox dia=1\" href=\"http:\/\/fr.motocrossmag.be\/wp-content\/uploads\/2011\/08\/_v7m0810.jpg\"><img decoding=\"async\" class=\"alignnone size-thumbnail wp-image-12766\" title=\"_v7m0810\" src=\"http:\/\/fr.motocrossmag.be\/wp-content\/uploads\/2011\/08\/_v7m0810-150x150.jpg\" alt=\"\" width=\"150\" height=\"150\" \/><\/a>\u00a0\u00a0 <a id=\"[object]\" rel=\"lightbox dia=1\" href=\"http:\/\/fr.motocrossmag.be\/wp-content\/uploads\/2011\/08\/_v7m0831.jpg\"><img decoding=\"async\" class=\"alignnone size-thumbnail wp-image-12765\" title=\"_v7m0831\" src=\"http:\/\/fr.motocrossmag.be\/wp-content\/uploads\/2011\/08\/_v7m0831-150x150.jpg\" alt=\"\" width=\"150\" height=\"150\" \/><\/a><br \/>\n<a id=\"[object]\" rel=\"lightbox dia=1\" href=\"http:\/\/fr.motocrossmag.be\/wp-content\/uploads\/2011\/08\/_v7m1011.jpg\"><img decoding=\"async\" class=\"alignnone size-thumbnail wp-image-12764\" title=\"_v7m1011\" src=\"http:\/\/fr.motocrossmag.be\/wp-content\/uploads\/2011\/08\/_v7m1011-150x150.jpg\" alt=\"\" width=\"150\" height=\"150\" \/><\/a>\u00a0\u00a0 <a id=\"[object]\" rel=\"lightbox dia=1\" href=\"http:\/\/fr.motocrossmag.be\/wp-content\/uploads\/2011\/08\/_v7m1111.jpg\"><img decoding=\"async\" class=\"alignnone size-thumbnail wp-image-12763\" title=\"_v7m1111\" src=\"http:\/\/fr.motocrossmag.be\/wp-content\/uploads\/2011\/08\/_v7m1111-150x150.jpg\" alt=\"\" width=\"150\" height=\"150\" \/><\/a>\u00a0\u00a0 <a id=\"[object]\" rel=\"lightbox dia=1\" href=\"http:\/\/fr.motocrossmag.be\/wp-content\/uploads\/2011\/08\/_v7m1257.jpg\"><img decoding=\"async\" class=\"alignnone size-thumbnail wp-image-12762\" title=\"_v7m1257\" src=\"http:\/\/fr.motocrossmag.be\/wp-content\/uploads\/2011\/08\/_v7m1257-150x150.jpg\" alt=\"\" width=\"150\" height=\"150\" \/><\/a><br \/>\n<a id=\"[object]\" rel=\"lightbox dia=1\" href=\"http:\/\/fr.motocrossmag.be\/wp-content\/uploads\/2011\/08\/_v7m1417.jpg\"><img decoding=\"async\" class=\"alignnone size-thumbnail wp-image-12760\" title=\"_v7m1417\" src=\"http:\/\/fr.motocrossmag.be\/wp-content\/uploads\/2011\/08\/_v7m1417-150x150.jpg\" alt=\"\" width=\"150\" height=\"150\" \/><\/a>\u00a0\u00a0 <a id=\"[object]\" rel=\"lightbox dia=1\" href=\"http:\/\/fr.motocrossmag.be\/wp-content\/uploads\/2011\/08\/_v7m1495.jpg\"><img decoding=\"async\" class=\"alignnone size-thumbnail wp-image-12759\" title=\"_v7m1495\" src=\"http:\/\/fr.motocrossmag.be\/wp-content\/uploads\/2011\/08\/_v7m1495-150x150.jpg\" alt=\"\" width=\"150\" height=\"150\" \/><\/a>\u00a0\u00a0 <a id=\"[object]\" rel=\"lightbox dia=1\" href=\"http:\/\/fr.motocrossmag.be\/wp-content\/uploads\/2011\/08\/_v7m1528.jpg\"><img decoding=\"async\" class=\"alignnone size-thumbnail wp-image-12758\" title=\"_v7m1528\" src=\"http:\/\/fr.motocrossmag.be\/wp-content\/uploads\/2011\/08\/_v7m1528-150x150.jpg\" alt=\"\" width=\"150\" height=\"150\" \/><\/a><br \/>\n<a id=\"[object]\" rel=\"lightbox dia=1\" href=\"http:\/\/fr.motocrossmag.be\/wp-content\/uploads\/2011\/08\/_v7m1540.jpg\"><img decoding=\"async\" class=\"alignnone size-thumbnail wp-image-12757\" title=\"_v7m1540\" src=\"http:\/\/fr.motocrossmag.be\/wp-content\/uploads\/2011\/08\/_v7m1540-150x150.jpg\" alt=\"\" width=\"150\" height=\"150\" \/><\/a>\u00a0\u00a0 <a id=\"[object]\" rel=\"lightbox dia=1\" href=\"http:\/\/fr.motocrossmag.be\/wp-content\/uploads\/2011\/08\/_v7m1661.jpg\"><img decoding=\"async\" class=\"alignnone size-thumbnail wp-image-12756\" title=\"_v7m1661\" src=\"http:\/\/fr.motocrossmag.be\/wp-content\/uploads\/2011\/08\/_v7m1661-150x150.jpg\" alt=\"\" width=\"150\" height=\"150\" \/><\/a>\u00a0\u00a0 <a rel=\"lightbox dia=1\" href=\"http:\/\/fr.motocrossmag.be\/wp-content\/uploads\/2011\/08\/_v7m1699.jpg\"><img decoding=\"async\" class=\"alignnone size-thumbnail wp-image-12755\" title=\"_v7m1699\" src=\"http:\/\/fr.motocrossmag.be\/wp-content\/uploads\/2011\/08\/_v7m1699-150x150.jpg\" alt=\"\" width=\"150\" height=\"150\" \/><\/a><\/p>\n","protected":false},"excerpt":{"rendered":"<p>Les fans anglais retrouvaient ce week-end avec enthousiasme les stars du championnat MXGP sur le circuit de Matterley Basin qui a fait l&rsquo;unanimit\u00e9 dans le paddock, \u00e9tant souvent \u00e9lev\u00e9 au rang de plus beau circuit de la saison. Deux KTM une fois de plus sur la premi\u00e8re marche des podiums avec Roczen en MX2 et [&hellip;]<\/p>\n","protected":false},"author":932,"featured_media":0,"comment_status":"open","ping_status":"closed","sticky":false,"template":"","format":"standard","meta":{"tdm_status":"","tdm_grid_status":"","footnotes":""},"categories":[66],"tags":[],"class_list":["post-12761","post","type-post","status-publish","format-standard","category-photos"],"yoast_head":"<!-- This site is optimized with the Yoast SEO plugin v28.4 - https:\/\/yoast.com\/product\/yoast-seo-wordpress\/ -->\n<title>Galerie photos | Photos: MXGP \u00e0\u00a0 Matterley Basin - Motocross - Enduro - Supermoto | MotocrossMag<\/title>\n<meta name=\"robots\" content=\"index, follow, max-snippet:-1, max-image-preview:large, max-video-preview:-1\" \/>\n<link rel=\"canonical\" href=\"https:\/\/fr.motocrossmag.be\/index.php\/2011\/08\/galerie-photos-photos-mxgp-a-matterley-basin\/\" \/>\n<meta property=\"og:locale\" content=\"fr_FR\" \/>\n<meta property=\"og:type\" content=\"article\" \/>\n<meta property=\"og:title\" content=\"Galerie photos | Photos: MXGP \u00e0\u00a0 Matterley Basin - Motocross - Enduro - Supermoto | MotocrossMag\" \/>\n<meta property=\"og:description\" content=\"Les fans anglais retrouvaient ce week-end avec enthousiasme les stars du championnat MXGP sur le circuit de Matterley Basin qui a fait l&rsquo;unanimit\u00e9 dans le paddock, \u00e9tant souvent \u00e9lev\u00e9 au rang de plus beau circuit de la saison. Deux KTM une fois de plus sur la premi\u00e8re marche des podiums avec Roczen en MX2 et [&hellip;]\" \/>\n<meta property=\"og:url\" content=\"https:\/\/fr.motocrossmag.be\/index.php\/2011\/08\/galerie-photos-photos-mxgp-a-matterley-basin\/\" \/>\n<meta property=\"og:site_name\" content=\"Motocross - Enduro - Supermoto | MotocrossMag\" \/>\n<meta property=\"article:published_time\" content=\"2011-08-22T18:11:21+00:00\" \/>\n<meta property=\"og:image\" content=\"http:\/\/fr.motocrossmag.be\/wp-content\/uploads\/2011\/08\/_ds_2450-150x150.jpg\" \/>\n<meta name=\"author\" content=\"oliviere\" \/>\n<meta name=\"twitter:card\" content=\"summary_large_image\" \/>\n<meta name=\"twitter:label1\" content=\"\u00c9crit par\" \/>\n\t<meta name=\"twitter:data1\" content=\"oliviere\" \/>\n<script type=\"application\/ld+json\" class=\"yoast-schema-graph\">{\"@context\":\"https:\\\/\\\/schema.org\",\"@graph\":[{\"@type\":\"Article\",\"@id\":\"https:\\\/\\\/fr.motocrossmag.be\\\/index.php\\\/2011\\\/08\\\/galerie-photos-photos-mxgp-a-matterley-basin\\\/#article\",\"isPartOf\":{\"@id\":\"https:\\\/\\\/fr.motocrossmag.be\\\/index.php\\\/2011\\\/08\\\/galerie-photos-photos-mxgp-a-matterley-basin\\\/\"},\"author\":{\"name\":\"oliviere\",\"@id\":\"https:\\\/\\\/fr.motocrossmag.be\\\/#\\\/schema\\\/person\\\/11b47143d9f755babca2c9110e03235c\"},\"headline\":\"Galerie photos | Photos: MXGP \u00e0\u00a0 Matterley Basin\",\"datePublished\":\"2011-08-22T18:11:21+00:00\",\"mainEntityOfPage\":{\"@id\":\"https:\\\/\\\/fr.motocrossmag.be\\\/index.php\\\/2011\\\/08\\\/galerie-photos-photos-mxgp-a-matterley-basin\\\/\"},\"wordCount\":91,\"commentCount\":0,\"image\":{\"@id\":\"https:\\\/\\\/fr.motocrossmag.be\\\/index.php\\\/2011\\\/08\\\/galerie-photos-photos-mxgp-a-matterley-basin\\\/#primaryimage\"},\"thumbnailUrl\":\"http:\\\/\\\/fr.motocrossmag.be\\\/wp-content\\\/uploads\\\/2011\\\/08\\\/_ds_2450-150x150.jpg\",\"articleSection\":[\"Photos\"],\"inLanguage\":\"fr-FR\",\"potentialAction\":[{\"@type\":\"CommentAction\",\"name\":\"Comment\",\"target\":[\"https:\\\/\\\/fr.motocrossmag.be\\\/index.php\\\/2011\\\/08\\\/galerie-photos-photos-mxgp-a-matterley-basin\\\/#respond\"]}]},{\"@type\":\"WebPage\",\"@id\":\"https:\\\/\\\/fr.motocrossmag.be\\\/index.php\\\/2011\\\/08\\\/galerie-photos-photos-mxgp-a-matterley-basin\\\/\",\"url\":\"https:\\\/\\\/fr.motocrossmag.be\\\/index.php\\\/2011\\\/08\\\/galerie-photos-photos-mxgp-a-matterley-basin\\\/\",\"name\":\"Galerie photos | Photos: MXGP \u00e0\u00a0 Matterley Basin - Motocross - Enduro - Supermoto | MotocrossMag\",\"isPartOf\":{\"@id\":\"https:\\\/\\\/fr.motocrossmag.be\\\/#website\"},\"primaryImageOfPage\":{\"@id\":\"https:\\\/\\\/fr.motocrossmag.be\\\/index.php\\\/2011\\\/08\\\/galerie-photos-photos-mxgp-a-matterley-basin\\\/#primaryimage\"},\"image\":{\"@id\":\"https:\\\/\\\/fr.motocrossmag.be\\\/index.php\\\/2011\\\/08\\\/galerie-photos-photos-mxgp-a-matterley-basin\\\/#primaryimage\"},\"thumbnailUrl\":\"http:\\\/\\\/fr.motocrossmag.be\\\/wp-content\\\/uploads\\\/2011\\\/08\\\/_ds_2450-150x150.jpg\",\"datePublished\":\"2011-08-22T18:11:21+00:00\",\"author\":{\"@id\":\"https:\\\/\\\/fr.motocrossmag.be\\\/#\\\/schema\\\/person\\\/11b47143d9f755babca2c9110e03235c\"},\"breadcrumb\":{\"@id\":\"https:\\\/\\\/fr.motocrossmag.be\\\/index.php\\\/2011\\\/08\\\/galerie-photos-photos-mxgp-a-matterley-basin\\\/#breadcrumb\"},\"inLanguage\":\"fr-FR\",\"potentialAction\":[{\"@type\":\"ReadAction\",\"target\":[\"https:\\\/\\\/fr.motocrossmag.be\\\/index.php\\\/2011\\\/08\\\/galerie-photos-photos-mxgp-a-matterley-basin\\\/\"]}]},{\"@type\":\"ImageObject\",\"inLanguage\":\"fr-FR\",\"@id\":\"https:\\\/\\\/fr.motocrossmag.be\\\/index.php\\\/2011\\\/08\\\/galerie-photos-photos-mxgp-a-matterley-basin\\\/#primaryimage\",\"url\":\"https:\\\/\\\/fr.motocrossmag.be\\\/wp-content\\\/uploads\\\/2011\\\/08\\\/_ds_2450.jpg\",\"contentUrl\":\"https:\\\/\\\/fr.motocrossmag.be\\\/wp-content\\\/uploads\\\/2011\\\/08\\\/_ds_2450.jpg\",\"width\":533,\"height\":800},{\"@type\":\"BreadcrumbList\",\"@id\":\"https:\\\/\\\/fr.motocrossmag.be\\\/index.php\\\/2011\\\/08\\\/galerie-photos-photos-mxgp-a-matterley-basin\\\/#breadcrumb\",\"itemListElement\":[{\"@type\":\"ListItem\",\"position\":1,\"name\":\"Accueil\",\"item\":\"https:\\\/\\\/fr.motocrossmag.be\\\/\"},{\"@type\":\"ListItem\",\"position\":2,\"name\":\"Galerie photos | Photos: MXGP \u00e0\u00a0 Matterley Basin\"}]},{\"@type\":\"WebSite\",\"@id\":\"https:\\\/\\\/fr.motocrossmag.be\\\/#website\",\"url\":\"https:\\\/\\\/fr.motocrossmag.be\\\/\",\"name\":\"Motocross - Enduro - Supermoto | MotocrossMag\",\"description\":\"L&#039;actualit\u00e9 du motocross, de l&#039;enduro et du Supermoto en ligne!\",\"potentialAction\":[{\"@type\":\"SearchAction\",\"target\":{\"@type\":\"EntryPoint\",\"urlTemplate\":\"https:\\\/\\\/fr.motocrossmag.be\\\/?s={search_term_string}\"},\"query-input\":{\"@type\":\"PropertyValueSpecification\",\"valueRequired\":true,\"valueName\":\"search_term_string\"}}],\"inLanguage\":\"fr-FR\"},{\"@type\":\"Person\",\"@id\":\"https:\\\/\\\/fr.motocrossmag.be\\\/#\\\/schema\\\/person\\\/11b47143d9f755babca2c9110e03235c\",\"name\":\"oliviere\",\"image\":{\"@type\":\"ImageObject\",\"inLanguage\":\"fr-FR\",\"@id\":\"https:\\\/\\\/secure.gravatar.com\\\/avatar\\\/907069e0b81d119452040469e4a7501da1100f54f7f80180ce77bfab718288f6?s=96&d=mm&r=g\",\"url\":\"https:\\\/\\\/secure.gravatar.com\\\/avatar\\\/907069e0b81d119452040469e4a7501da1100f54f7f80180ce77bfab718288f6?s=96&d=mm&r=g\",\"contentUrl\":\"https:\\\/\\\/secure.gravatar.com\\\/avatar\\\/907069e0b81d119452040469e4a7501da1100f54f7f80180ce77bfab718288f6?s=96&d=mm&r=g\",\"caption\":\"oliviere\"},\"sameAs\":[\"http:\\\/\\\/www.motocrossmag.be\"],\"url\":\"https:\\\/\\\/fr.motocrossmag.be\\\/index.php\\\/author\\\/oliviere\\\/\"}]}<\/script>\n<!-- \/ Yoast SEO plugin. -->","yoast_head_json":{"title":"Galerie photos | Photos: MXGP \u00e0\u00a0 Matterley Basin - Motocross - Enduro - Supermoto | MotocrossMag","robots":{"index":"index","follow":"follow","max-snippet":"max-snippet:-1","max-image-preview":"max-image-preview:large","max-video-preview":"max-video-preview:-1"},"canonical":"https:\/\/fr.motocrossmag.be\/index.php\/2011\/08\/galerie-photos-photos-mxgp-a-matterley-basin\/","og_locale":"fr_FR","og_type":"article","og_title":"Galerie photos | Photos: MXGP \u00e0\u00a0 Matterley Basin - Motocross - Enduro - Supermoto | MotocrossMag","og_description":"Les fans anglais retrouvaient ce week-end avec enthousiasme les stars du championnat MXGP sur le circuit de Matterley Basin qui a fait l&rsquo;unanimit\u00e9 dans le paddock, \u00e9tant souvent \u00e9lev\u00e9 au rang de plus beau circuit de la saison. Deux KTM une fois de plus sur la premi\u00e8re marche des podiums avec Roczen en MX2 et [&hellip;]","og_url":"https:\/\/fr.motocrossmag.be\/index.php\/2011\/08\/galerie-photos-photos-mxgp-a-matterley-basin\/","og_site_name":"Motocross - Enduro - Supermoto | MotocrossMag","article_published_time":"2011-08-22T18:11:21+00:00","og_image":[{"url":"http:\/\/fr.motocrossmag.be\/wp-content\/uploads\/2011\/08\/_ds_2450-150x150.jpg","type":"","width":"","height":""}],"author":"oliviere","twitter_card":"summary_large_image","twitter_misc":{"\u00c9crit par":"oliviere"},"schema":{"@context":"https:\/\/schema.org","@graph":[{"@type":"Article","@id":"https:\/\/fr.motocrossmag.be\/index.php\/2011\/08\/galerie-photos-photos-mxgp-a-matterley-basin\/#article","isPartOf":{"@id":"https:\/\/fr.motocrossmag.be\/index.php\/2011\/08\/galerie-photos-photos-mxgp-a-matterley-basin\/"},"author":{"name":"oliviere","@id":"https:\/\/fr.motocrossmag.be\/#\/schema\/person\/11b47143d9f755babca2c9110e03235c"},"headline":"Galerie photos | Photos: MXGP \u00e0\u00a0 Matterley Basin","datePublished":"2011-08-22T18:11:21+00:00","mainEntityOfPage":{"@id":"https:\/\/fr.motocrossmag.be\/index.php\/2011\/08\/galerie-photos-photos-mxgp-a-matterley-basin\/"},"wordCount":91,"commentCount":0,"image":{"@id":"https:\/\/fr.motocrossmag.be\/index.php\/2011\/08\/galerie-photos-photos-mxgp-a-matterley-basin\/#primaryimage"},"thumbnailUrl":"http:\/\/fr.motocrossmag.be\/wp-content\/uploads\/2011\/08\/_ds_2450-150x150.jpg","articleSection":["Photos"],"inLanguage":"fr-FR","potentialAction":[{"@type":"CommentAction","name":"Comment","target":["https:\/\/fr.motocrossmag.be\/index.php\/2011\/08\/galerie-photos-photos-mxgp-a-matterley-basin\/#respond"]}]},{"@type":"WebPage","@id":"https:\/\/fr.motocrossmag.be\/index.php\/2011\/08\/galerie-photos-photos-mxgp-a-matterley-basin\/","url":"https:\/\/fr.motocrossmag.be\/index.php\/2011\/08\/galerie-photos-photos-mxgp-a-matterley-basin\/","name":"Galerie photos | Photos: MXGP \u00e0\u00a0 Matterley Basin - Motocross - Enduro - Supermoto | MotocrossMag","isPartOf":{"@id":"https:\/\/fr.motocrossmag.be\/#website"},"primaryImageOfPage":{"@id":"https:\/\/fr.motocrossmag.be\/index.php\/2011\/08\/galerie-photos-photos-mxgp-a-matterley-basin\/#primaryimage"},"image":{"@id":"https:\/\/fr.motocrossmag.be\/index.php\/2011\/08\/galerie-photos-photos-mxgp-a-matterley-basin\/#primaryimage"},"thumbnailUrl":"http:\/\/fr.motocrossmag.be\/wp-content\/uploads\/2011\/08\/_ds_2450-150x150.jpg","datePublished":"2011-08-22T18:11:21+00:00","author":{"@id":"https:\/\/fr.motocrossmag.be\/#\/schema\/person\/11b47143d9f755babca2c9110e03235c"},"breadcrumb":{"@id":"https:\/\/fr.motocrossmag.be\/index.php\/2011\/08\/galerie-photos-photos-mxgp-a-matterley-basin\/#breadcrumb"},"inLanguage":"fr-FR","potentialAction":[{"@type":"ReadAction","target":["https:\/\/fr.motocrossmag.be\/index.php\/2011\/08\/galerie-photos-photos-mxgp-a-matterley-basin\/"]}]},{"@type":"ImageObject","inLanguage":"fr-FR","@id":"https:\/\/fr.motocrossmag.be\/index.php\/2011\/08\/galerie-photos-photos-mxgp-a-matterley-basin\/#primaryimage","url":"https:\/\/fr.motocrossmag.be\/wp-content\/uploads\/2011\/08\/_ds_2450.jpg","contentUrl":"https:\/\/fr.motocrossmag.be\/wp-content\/uploads\/2011\/08\/_ds_2450.jpg","width":533,"height":800},{"@type":"BreadcrumbList","@id":"https:\/\/fr.motocrossmag.be\/index.php\/2011\/08\/galerie-photos-photos-mxgp-a-matterley-basin\/#breadcrumb","itemListElement":[{"@type":"ListItem","position":1,"name":"Accueil","item":"https:\/\/fr.motocrossmag.be\/"},{"@type":"ListItem","position":2,"name":"Galerie photos | Photos: MXGP \u00e0\u00a0 Matterley Basin"}]},{"@type":"WebSite","@id":"https:\/\/fr.motocrossmag.be\/#website","url":"https:\/\/fr.motocrossmag.be\/","name":"Motocross - Enduro - Supermoto | MotocrossMag","description":"L&#039;actualit\u00e9 du motocross, de l&#039;enduro et du Supermoto en ligne!","potentialAction":[{"@type":"SearchAction","target":{"@type":"EntryPoint","urlTemplate":"https:\/\/fr.motocrossmag.be\/?s={search_term_string}"},"query-input":{"@type":"PropertyValueSpecification","valueRequired":true,"valueName":"search_term_string"}}],"inLanguage":"fr-FR"},{"@type":"Person","@id":"https:\/\/fr.motocrossmag.be\/#\/schema\/person\/11b47143d9f755babca2c9110e03235c","name":"oliviere","image":{"@type":"ImageObject","inLanguage":"fr-FR","@id":"https:\/\/secure.gravatar.com\/avatar\/907069e0b81d119452040469e4a7501da1100f54f7f80180ce77bfab718288f6?s=96&d=mm&r=g","url":"https:\/\/secure.gravatar.com\/avatar\/907069e0b81d119452040469e4a7501da1100f54f7f80180ce77bfab718288f6?s=96&d=mm&r=g","contentUrl":"https:\/\/secure.gravatar.com\/avatar\/907069e0b81d119452040469e4a7501da1100f54f7f80180ce77bfab718288f6?s=96&d=mm&r=g","caption":"oliviere"},"sameAs":["http:\/\/www.motocrossmag.be"],"url":"https:\/\/fr.motocrossmag.be\/index.php\/author\/oliviere\/"}]}},"_links":{"self":[{"href":"https:\/\/fr.motocrossmag.be\/index.php\/wp-json\/wp\/v2\/posts\/12761","targetHints":{"allow":["GET"]}}],"collection":[{"href":"https:\/\/fr.motocrossmag.be\/index.php\/wp-json\/wp\/v2\/posts"}],"about":[{"href":"https:\/\/fr.motocrossmag.be\/index.php\/wp-json\/wp\/v2\/types\/post"}],"author":[{"embeddable":true,"href":"https:\/\/fr.motocrossmag.be\/index.php\/wp-json\/wp\/v2\/users\/932"}],"replies":[{"embeddable":true,"href":"https:\/\/fr.motocrossmag.be\/index.php\/wp-json\/wp\/v2\/comments?post=12761"}],"version-history":[{"count":0,"href":"https:\/\/fr.motocrossmag.be\/index.php\/wp-json\/wp\/v2\/posts\/12761\/revisions"}],"wp:attachment":[{"href":"https:\/\/fr.motocrossmag.be\/index.php\/wp-json\/wp\/v2\/media?parent=12761"}],"wp:term":[{"taxonomy":"category","embeddable":true,"href":"https:\/\/fr.motocrossmag.be\/index.php\/wp-json\/wp\/v2\/categories?post=12761"},{"taxonomy":"post_tag","embeddable":true,"href":"https:\/\/fr.motocrossmag.be\/index.php\/wp-json\/wp\/v2\/tags?post=12761"}],"curies":[{"name":"wp","href":"https:\/\/api.w.org\/{rel}","templated":true}]}}