{"id":127764,"date":"2023-08-17T15:48:35","date_gmt":"2023-08-17T13:48:35","guid":{"rendered":"https:\/\/fr.motocrossmag.be\/?p=127764"},"modified":"2023-08-17T15:48:35","modified_gmt":"2023-08-17T13:48:35","slug":"mxgp-les-pilotes-engages-pour-le-gp-de-hollande-a-arnhem","status":"publish","type":"post","link":"https:\/\/fr.motocrossmag.be\/index.php\/2023\/08\/mxgp-les-pilotes-engages-pour-le-gp-de-hollande-a-arnhem\/","title":{"rendered":"MXGP : les pilotes engag\u00e9s pour le GP de Hollande \u00e0 Arnhem"},"content":{"rendered":"<p><strong>Direction l&rsquo;est des Pays-Bas pour le 16\u00e8me des 19 rounds du championnat du monde MXGP ce week-end qui sera disput\u00e9 dans le sable d&rsquo;Arnhem. Comme souvent sur les GP de sable, il y aura du monde derri\u00e8re la grille de d\u00e9part, tant en MXGP, o\u00f9 44 pilotes sont annonc\u00e9s, qu&rsquo;en MX2 o\u00f9 ils seront 36 \u00e0 en d\u00e9coudre.<\/strong><\/p>\n<p>Les dames seront \u00e9galement en piste \u00e0 Arnhem pour l&rsquo;avant-derni\u00e8re manche de leur championnat tandis que 58 candidats tenteront de d\u00e9crocher leur place derri\u00e8re la grille en EMX250.<\/p>\n<p><span style=\"color: #ff0000;\"><strong>Pilotes engag\u00e9s &#8211; MXGP Arnhem<\/strong><\/span><\/p>\n<table style=\"margin: auto;\" width=\"95%\">\n<tbody>\n<tr>\n<td width=\"1040\"><strong>MXGP<\/strong><\/td>\n<\/tr>\n<tr>\n<td width=\"1040\"><\/td>\n<\/tr>\n<tr>\n<td width=\"1040\">1 2 Jasikonis Arminas GASGAS LTU LMSF Millionaire Racing Team-ABF Italia<\/td>\n<\/tr>\n<tr>\n<td width=\"1040\">2 3 Febvre Romain Kawasaki FRA FFM Kawasaki Racing Team MXGP<\/td>\n<\/tr>\n<tr>\n<td width=\"1040\">3 6 Paturel Benoit Yamaha FRA FFM De Baets Yamaha MX-Team<\/td>\n<\/tr>\n<tr>\n<td width=\"1040\">4 9 Petrov Petar Yamaha BUL BMF AIT Racing Team<\/td>\n<\/tr>\n<tr>\n<td width=\"1040\">5 10 Vlaanderen Calvin Yamaha NED KNMV Gebben Van Venrooy Yamaha Racing<\/td>\n<\/tr>\n<tr>\n<td width=\"1040\">6 17 Toendel Cornelius Honda NOR NMF JWR Honda Racing<\/td>\n<\/tr>\n<tr>\n<td width=\"1040\">7 29 Jacobi Henry KTM GER DMSB KTM Sarholz Racing Team<\/td>\n<\/tr>\n<tr>\n<td width=\"1040\">8 34 De Waal Micha-Boy GASGAS NED KNMV<\/td>\n<\/tr>\n<tr>\n<td width=\"1040\">9 41 Jonass Pauls Honda LAT LAMSF Standing Construct Honda MXGP<\/td>\n<\/tr>\n<tr>\n<td width=\"1040\">10 43 Evans Mitchell Kawasaki AUS MA Kawasaki Racing Team MXGP<\/td>\n<\/tr>\n<tr>\n<td width=\"1040\">11 52 Gerhardsson Albin Husqvarna SWE SVEMO SDMCORSE MX TEAM<\/td>\n<\/tr>\n<tr>\n<td width=\"1040\">12 61 Prado Jorge GASGAS ESP RFME Red Bull GASGAS Factory Racing<\/td>\n<\/tr>\n<tr>\n<td width=\"1040\">13 70 Fernandez Ruben Honda ESP RFME Team HRC<\/td>\n<\/tr>\n<tr>\n<td width=\"1040\">14 71 Spies Maximilian KTM GER DMSB KTM Kosak Team<\/td>\n<\/tr>\n<tr>\n<td width=\"1040\">15 75 Roosiorg Hardi Honda EST EMF<\/td>\n<\/tr>\n<tr>\n<td width=\"1040\">16 77 Lupino Alessandro Beta ITA FMI MRT Racing Team Beta<\/td>\n<\/tr>\n<tr>\n<td width=\"1040\">17 84 Herlings Jeffrey KTM NED KNMV Red Bull KTM Factory Racing<\/td>\n<\/tr>\n<tr>\n<td width=\"1040\">18 87 Brumann Kevin Yamaha SUI FMS JK Racing Yamaha<\/td>\n<\/tr>\n<tr>\n<td width=\"1040\">19 91 Seewer Jeremy Yamaha SUI FMS Monster Energy Yamaha Factory MXGP<\/td>\n<\/tr>\n<tr>\n<td width=\"1040\">20 92 Guillod Valentin Honda SUI FFM TEAM SHIP TO CYCLE HONDA SR MOTOBLOUZ<\/td>\n<\/tr>\n<tr>\n<td width=\"1040\">21 94 Van der Mierden Sven GASGAS NED KNMV<\/td>\n<\/tr>\n<tr>\n<td width=\"1040\">22 108 Ekerold Stefan Husqvarna GER DMSB<\/td>\n<\/tr>\n<tr>\n<td width=\"1040\">23 118 Van Mechelen Joel KTM NED KNMV<\/td>\n<\/tr>\n<tr>\n<td width=\"1040\">24 141 Purdon Tristan KTM RSA ACU Gabriel SS24 KTM<\/td>\n<\/tr>\n<tr>\n<td width=\"1040\">25 142 Haavisto Jere KTM FIN SML<\/td>\n<\/tr>\n<tr>\n<td width=\"1040\">26 161 \u00d6stlund Alvin Honda SWE SVEMO JWR Honda Racing<\/td>\n<\/tr>\n<tr>\n<td width=\"1040\">27 189 Bogers Brian Honda NED KNMV Standing Construct Honda MXGP<\/td>\n<\/tr>\n<tr>\n<td width=\"1040\">28 200 Zonta Filippo GASGAS ITA FMI<\/td>\n<\/tr>\n<tr>\n<td width=\"1040\">29 226 Koch Tom KTM GER DMSB KTM Kosak Team<\/td>\n<\/tr>\n<tr>\n<td width=\"1040\">30 238 Platt Lukas KTM GER DMSB KTM Sarholz Racing Team<\/td>\n<\/tr>\n<tr>\n<td width=\"1040\">31 241 Hoenson Michel KTM NED KNMV<\/td>\n<\/tr>\n<tr>\n<td width=\"1040\">32 243 Gajser Tim Honda SLO AMZS Team HRC<\/td>\n<\/tr>\n<tr>\n<td width=\"1040\">33 259 Coldenhoff Glenn Yamaha NED KNMV Monster Energy Yamaha Factory MXGP<\/td>\n<\/tr>\n<tr>\n<td width=\"1040\"><strong>34 278 Vermijl Thomas GASGAS BEL FMB Becker Racing<\/strong><\/td>\n<\/tr>\n<tr>\n<td width=\"1040\">35 300 Ludwig Noah KTM GER DMSB KTM Sarholz Racing Team<\/td>\n<\/tr>\n<tr>\n<td width=\"1040\">36 303 Forato Alberto KTM ITA FMI SM ACTION RACING TEAM YUASA Battery<\/td>\n<\/tr>\n<tr>\n<td width=\"1040\">37 321 van den Essenburg Mitchel Husqvarna NED KNMV<\/td>\n<\/tr>\n<tr>\n<td width=\"1040\">38 380 Conijn Marcel Yamaha NED KNMV<\/td>\n<\/tr>\n<tr>\n<td width=\"1040\">39 491 Haberland Paul Husqvarna GER DMSB<\/td>\n<\/tr>\n<tr>\n<td width=\"1040\">40 811 Sterry Adam KTM GBR ACU KTM Sarholz Racing Team<\/td>\n<\/tr>\n<tr>\n<td width=\"1040\">41 822 Bolink Mike Yamaha NED KNMV Young Motion powered by Resa<\/td>\n<\/tr>\n<tr>\n<td width=\"1040\">42 826 Leerkes Nick Husqvarna NED KNMV<\/td>\n<\/tr>\n<tr>\n<td width=\"1040\">43 919 Watson Ben Beta GBR ACU MRT Racing Team Beta<\/td>\n<\/tr>\n<tr>\n<td width=\"1040\">44 959 Renaux Maxime Yamaha FRA FFM Monster Energy Yamaha Factory MXGP<\/td>\n<\/tr>\n<tr>\n<td width=\"1040\"><\/td>\n<\/tr>\n<tr>\n<td width=\"1040\"><strong>MX2<\/strong><\/td>\n<\/tr>\n<tr>\n<td width=\"1040\"><\/td>\n<\/tr>\n<tr>\n<td width=\"1040\">1 11 Haarup Mikkel KTM DEN DMU WZ RACING TEAM<\/td>\n<\/tr>\n<tr>\n<td width=\"1040\">2 18 Voxen Kleemann William KTM DEN DMU Schmicker Racing<\/td>\n<\/tr>\n<tr>\n<td width=\"1040\">3 22 Braceras David Kawasaki ESP RFME F&amp;H Kawasaki Racing Team<\/td>\n<\/tr>\n<tr>\n<td width=\"1040\">4 23 Hammal Taylor KTM GBR ACU Gabriel SS24 KTM<\/td>\n<\/tr>\n<tr>\n<td width=\"1040\">5 24 Horgmo Kevin Kawasaki NOR NMF F&amp;H Kawasaki Racing Team<\/td>\n<\/tr>\n<tr>\n<td width=\"1040\">6 39 Van De Moosdijk Roan Husqvarna NED KNMV Nestaan Husqvarna Factory Racing<\/td>\n<\/tr>\n<tr>\n<td width=\"1040\">7 44 Elzinga Rick Yamaha NED KNMV Monster Energy Yamaha Factory MX2 Team<\/td>\n<\/tr>\n<tr>\n<td width=\"1040\">8 51 Oliver Oriol KTM ESP RFME WZ RACING TEAM<\/td>\n<\/tr>\n<tr>\n<td width=\"1040\">9 64 Ciabatti Lorenzo KTM ITA FMI SM ACTION RACING TEAM YUASA Battery<\/td>\n<\/tr>\n<tr>\n<td width=\"1040\"><strong>10 72 Everts Liam KTM BEL FMB Red Bull KTM Factory Racing<\/strong><\/td>\n<\/tr>\n<tr>\n<td width=\"1040\">11 74 de Wolf Kay Husqvarna NED KNMV Nestaan Husqvarna Factory Racing<\/td>\n<\/tr>\n<tr>\n<td width=\"1040\"><strong>12 79 Coenen Sacha KTM BEL FMB Red Bull KTM Factory Racing<\/strong><\/td>\n<\/tr>\n<tr>\n<td width=\"1040\">13 80 Adamo Andrea KTM ITA FMI Red Bull KTM Factory Racing<\/td>\n<\/tr>\n<tr>\n<td width=\"1040\"><strong>14 93 Geerts Jago Yamaha BEL FMB Monster Energy Yamaha Factory MX2 Team<\/strong><\/td>\n<\/tr>\n<tr>\n<td width=\"1040\"><strong>15 96 Coenen Lucas Husqvarna BEL FMB Nestaan Husqvarna Factory Racing<\/strong><\/td>\n<\/tr>\n<tr>\n<td width=\"1040\">16 111 Aspers Romano KTM NED KNMV<\/td>\n<\/tr>\n<tr>\n<td width=\"1040\">17 122 Mc Lellan Camden Honda RSA KNMV JM Honda Racing<\/td>\n<\/tr>\n<tr>\n<td width=\"1040\">18 125 Weckman Emil Honda FIN SML TEAM SHIP TO CYCLE HONDA SR MOTOBLOUZ<\/td>\n<\/tr>\n<tr>\n<td width=\"1040\">19 174 Valeri Alessandro KTM ITA FMI RACESTORE KTM RACING TEAM<\/td>\n<\/tr>\n<tr>\n<td width=\"1040\">20 198 Benistant Thibault Yamaha FRA FFM Monster Energy Yamaha Factory MX2 Team<\/td>\n<\/tr>\n<tr>\n<td width=\"1040\">21 253 Pancar Jan KTM SLO AMZS TEM JP253 KTM Racing Team<\/td>\n<\/tr>\n<tr>\n<td width=\"1040\">22 325 Alfarizi Delvintor Honda INA IMI JM Racing Astra Honda<\/td>\n<\/tr>\n<tr>\n<td width=\"1040\">23 338 Olsson Filip Husqvarna SWE SVEMO Powerbyjjracingteam<\/td>\n<\/tr>\n<tr>\n<td width=\"1040\">24 408 Smulders Scott Honda NED KNMV KMP HONDA RACING<\/td>\n<\/tr>\n<tr>\n<td width=\"1040\">25 437 Venhoda Martin GASGAS CZE ACCR<\/td>\n<\/tr>\n<tr>\n<td width=\"1040\">26 470 Koenig Peter KTM GER DMSB KTM Sarholz Racing Team<\/td>\n<\/tr>\n<tr>\n<td width=\"1040\">27 505 L\u00fcning Arvid GASGAS SWE SVEMO<\/td>\n<\/tr>\n<tr>\n<td width=\"1040\">28 511 Krug Jan Husqvarna GER DMSB<\/td>\n<\/tr>\n<tr>\n<td width=\"1040\">29 516 Laengenfelder Simon GASGAS GER DMSB Red Bull GASGAS Factory Racing<\/td>\n<\/tr>\n<tr>\n<td width=\"1040\">30 517 Gifting Isak GASGAS SWE SVEMO VHR Racing Team<\/td>\n<\/tr>\n<tr>\n<td width=\"1040\">31 521 Blanken Boris Fantic NED KNMV<\/td>\n<\/tr>\n<tr>\n<td width=\"1040\">32 696 Gwerder Mike KTM SUI FMS WZ RACING TEAM<\/td>\n<\/tr>\n<tr>\n<td width=\"1040\">33 715 Janssen Jaap KTM NED KNMV<\/td>\n<\/tr>\n<tr>\n<td width=\"1040\">34 744 Soulimani Saad Yamaha FRA FFM Young Motion powered by Resa<\/td>\n<\/tr>\n<tr>\n<td width=\"1040\">35 817 Meuwissen Raf Yamaha NED KNMV<\/td>\n<\/tr>\n<tr>\n<td width=\"1040\">36 912 Rizzi Joel GASGAS GBR ACU<\/td>\n<\/tr>\n<tr>\n<td><\/td>\n<\/tr>\n<tr>\n<td width=\"1040\"><strong>WMX<\/strong><\/td>\n<\/tr>\n<tr>\n<td width=\"1040\"><\/td>\n<\/tr>\n<tr>\n<td width=\"1040\">1 5 Jans-Beken Britt Yamaha NED KNMV<\/td>\n<\/tr>\n<tr>\n<td width=\"1040\">2 7 Cannon Charli Yamaha AUS MA JK Racing Yamaha<\/td>\n<\/tr>\n<tr>\n<td width=\"1040\">3 8 Fontanesi Kiara GASGAS ITA FMI MXFONTARACING<\/td>\n<\/tr>\n<tr>\n<td width=\"1040\">4 14 Martinez Mathilde GASGAS FRA FFM VHR Racing Team<\/td>\n<\/tr>\n<tr>\n<td width=\"1040\">5 18 Schultz Katharina Kawasaki GER DMSB Zweiradsport Brunner<\/td>\n<\/tr>\n<tr>\n<td width=\"1040\">6 24 Chaput Lea Yamaha FRA FFM<\/td>\n<\/tr>\n<tr>\n<td width=\"1040\">7 28 Galvagno Elisa GASGAS ITA FMI<\/td>\n<\/tr>\n<tr>\n<td width=\"1040\">8 34 Talucci Emanuela Maria KTM ITA FMI<\/td>\n<\/tr>\n<tr>\n<td width=\"1040\">9 53 Aagaard Andersen Barbara Yamaha DEN DMU<\/td>\n<\/tr>\n<tr>\n<td width=\"1040\">10 67 Van Der Werff Britt Yamaha NED KNMV<\/td>\n<\/tr>\n<tr>\n<td width=\"1040\">11 79 Seisdedos Gabriela GASGAS ESP RFME RFME WMX TEAM<\/td>\n<\/tr>\n<tr>\n<td width=\"1040\">12 94 Busatto Priska KTM ITA FMI<\/td>\n<\/tr>\n<tr>\n<td width=\"1040\">13 96 Zweers Maureen Yamaha NED KNMV<\/td>\n<\/tr>\n<tr>\n<td width=\"1040\">14 111 Borchers Anne Fantic GER DMSB<\/td>\n<\/tr>\n<tr>\n<td width=\"1040\">15 118 Skudutyte Adrija KTM LTU LMSF<\/td>\n<\/tr>\n<tr>\n<td width=\"1040\">16 131 Montini Giorgia Kawasaki ITA FMI Fly Over Competition-Gaerne<\/td>\n<\/tr>\n<tr>\n<td width=\"1040\">17 137 Guerber Lisa Honda FRA FFM<\/td>\n<\/tr>\n<tr>\n<td width=\"1040\">18 151 Duncan Courtney Kawasaki NZL MNZ Big Van World MTX Kawasaki<\/td>\n<\/tr>\n<tr>\n<td width=\"1040\">19 153 Franzoni April Honda FRA FFM<\/td>\n<\/tr>\n<tr>\n<td width=\"1040\">20 172 Valk Lynn Fantic NED KNMV Fantic Racing<\/td>\n<\/tr>\n<tr>\n<td width=\"1040\">21 188 van der Vlist Shana Yamaha NED KNMV<\/td>\n<\/tr>\n<tr>\n<td width=\"1040\">22 211 van Dam Kaylee Fantic NED KNMV<\/td>\n<\/tr>\n<tr>\n<td width=\"1040\">23 255 Guillen Daniela GASGAS ESP RFME RFME WMX TEAM<\/td>\n<\/tr>\n<tr>\n<td width=\"1040\"><strong>24 302 Stroo Maite GASGAS BEL FFM<\/strong><\/td>\n<\/tr>\n<tr>\n<td width=\"1040\">25 310 Barker Lucy KTM GBR ACU<\/td>\n<\/tr>\n<tr>\n<td width=\"1040\">26 325 Andersen Sara KTM DEN DMU<\/td>\n<\/tr>\n<tr>\n<td width=\"1040\">27 360 Zimmermann Tabea Honda GER DMSB<\/td>\n<\/tr>\n<tr>\n<td width=\"1040\">28 374 Schou Sofia Honda SWE SVEMO JWR Honda Racing<\/td>\n<\/tr>\n<tr>\n<td width=\"1040\">29 401 Van Drunen Lotte Kawasaki NED KNMV<\/td>\n<\/tr>\n<tr>\n<td width=\"1040\">30 423 Papenmeier Larissa Yamaha GER DMSB Yamaha Racing 423<\/td>\n<\/tr>\n<tr>\n<td width=\"1040\">31 425 Simons Amber GASGAS NED KNMV<\/td>\n<\/tr>\n<tr>\n<td width=\"1040\">32 469 Astudillo Jamie KTM USA AMA Jezyk Racing Team<\/td>\n<\/tr>\n<tr>\n<td width=\"1040\">33 511 Hughes Martine Husqvarna NOR NMF<\/td>\n<\/tr>\n<tr>\n<td width=\"1040\"><strong>34 524 De Baere Elise Yamaha BEL FMB<\/strong><\/td>\n<\/tr>\n<tr>\n<td width=\"1040\">35 587 B\u00e4ckstr\u00f6m Tyra GASGAS SWE SVEMO<\/td>\n<\/tr>\n<tr>\n<td width=\"1040\">36 612 Seleboe Mathea Yamaha NOR NMF<\/td>\n<\/tr>\n<tr>\n<td width=\"1040\">37 621 Schimmer Anna KTM GER DMSB<\/td>\n<\/tr>\n<tr>\n<td width=\"1040\">38 644 Raunkjaer Laura Yamaha DEN DMU<\/td>\n<\/tr>\n<tr>\n<td width=\"1040\">39 699 Kapsamer Elena GASGAS AUT AMF<\/td>\n<\/tr>\n<tr>\n<td width=\"1040\">40 705 Jakobsen Malou KTM DEN DMU<\/td>\n<\/tr>\n<tr>\n<td width=\"1040\">41 717 Gelissen Danee KTM NED KNMV<\/td>\n<\/tr>\n<tr>\n<td width=\"1040\">42 775 Massury Alexandra KTM GER DMSB<\/td>\n<\/tr>\n<tr>\n<td width=\"1040\">43 830 Siemerink Britt GASGAS NED KNMV<\/td>\n<\/tr>\n<tr>\n<td width=\"1040\">44 912 Blasigh Giorgia KTM ITA FMI<\/td>\n<\/tr>\n<tr>\n<td width=\"1040\">45 969 Hoppe Fiona Yamaha GER DMSB Yamaha Racing 423<\/td>\n<\/tr>\n<tr>\n<td width=\"1040\">46 974 Lehmann Janina Honda GER DMSB<\/td>\n<\/tr>\n<tr>\n<td><\/td>\n<\/tr>\n<tr>\n<td width=\"1040\"><strong>EMX250<\/strong><\/td>\n<\/tr>\n<tr>\n<td width=\"1040\"><\/td>\n<\/tr>\n<tr>\n<td width=\"1040\">1 2 Zanchi Ferruccio KTM ITA FMI Team VRT KTM Factory Juniors<\/td>\n<\/tr>\n<tr>\n<td width=\"1040\">2 3 Tuani Federico KTM ITA FMI SM ACTION RACING TEAM YUASA Battery<\/td>\n<\/tr>\n<tr>\n<td width=\"1040\">3 4 Congost Gerard GASGAS ESP RFME RFME GASGAS MXJUNIOR TEAM<\/td>\n<\/tr>\n<tr>\n<td width=\"1040\"><strong>4 17 Bal Junior Husqvarna BEL FMB<\/strong><\/td>\n<\/tr>\n<tr>\n<td width=\"1040\">5 29 Garcia Francisco GASGAS ESP RFME RFME GASGAS MXJUNIOR TEAM<\/td>\n<\/tr>\n<tr>\n<td width=\"1040\">6 32 Bonacorsi Andrea Yamaha ITA FMI Hutten Metaal Yamaha Racing<\/td>\n<\/tr>\n<tr>\n<td width=\"1040\">7 33 Karssemakers Kay Husqvarna NED KNMV Husqvarna BT Racing Team<\/td>\n<\/tr>\n<tr>\n<td width=\"1040\">8 36 Greutmann Nico KTM SUI FMS KTM SB Racing<\/td>\n<\/tr>\n<tr>\n<td width=\"1040\">9 39 Voxen Kleemann Victor KTM DEN DMU<\/td>\n<\/tr>\n<tr>\n<td width=\"1040\">10 42 Rainio Sampo KTM FIN SML<\/td>\n<\/tr>\n<tr>\n<td width=\"1040\">11 43 Lusis Roberts GASGAS LAT LAMSF Sturm STC Racing Team<\/td>\n<\/tr>\n<tr>\n<td width=\"1040\">12 44 Razzini Pietro Kawasaki ITA FMI<\/td>\n<\/tr>\n<tr>\n<td width=\"1040\">13 47 Reisulis Karlis Alberts Yamaha LAT LAMSF Hutten Metaal Yamaha Racing<\/td>\n<\/tr>\n<tr>\n<td width=\"1040\">14 53 Lata Valerio KTM ITA FMI KTM Beddini Racing Team<\/td>\n<\/tr>\n<tr>\n<td width=\"1040\">15 68 Nilsson Samuel GASGAS ESP RFME RFME GASGAS MXJUNIOR TEAM<\/td>\n<\/tr>\n<tr>\n<td width=\"1040\">16 71 Bennati Morgan Kawasaki ITA FMI Fly Over Competition-Gaerne<\/td>\n<\/tr>\n<tr>\n<td width=\"1040\">17 75 Mesters Bradley Yamaha NED KNMV De Baets Yamaha MX-Team<\/td>\n<\/tr>\n<tr>\n<td width=\"1040\">18 83 Grau Maxime Husqvarna FRA FFM Husqvarna BT Racing Team<\/td>\n<\/tr>\n<tr>\n<td width=\"1040\">19 88 Russi Matteo Luigi Yamaha ITA FMI<\/td>\n<\/tr>\n<tr>\n<td width=\"1040\"><strong>20 114 Vennekens Nicolas GASGAS BEL FMB<\/strong><\/td>\n<\/tr>\n<tr>\n<td width=\"1040\">21 131 Nickel Cato KTM GER DMSB WZ RACING TEAM<\/td>\n<\/tr>\n<tr>\n<td width=\"1040\">22 144 Bankers Jelle KTM NED KNMV<\/td>\n<\/tr>\n<tr>\n<td width=\"1040\">23 171 Tornau Fynn-Niklas Husqvarna GER DMSB<\/td>\n<\/tr>\n<tr>\n<td width=\"1040\">24 172 Valk Cas Fantic NED KNMV Fantic Racing<\/td>\n<\/tr>\n<tr>\n<td width=\"1040\">25 191 Della Valle Davide Husqvarna ITA FMI<\/td>\n<\/tr>\n<tr>\n<td width=\"1040\">26 207 Cazal Xavier GASGAS FRA FFM VHR Racing Team<\/td>\n<\/tr>\n<tr>\n<td width=\"1040\">27 214 Pergel Bence KTM HUN MAMS<\/td>\n<\/tr>\n<tr>\n<td width=\"1040\">28 220 Michelis Martin KTM EST EMF<\/td>\n<\/tr>\n<tr>\n<td width=\"1040\">29 280 Pol Ivo Yamaha NED KNMV<\/td>\n<\/tr>\n<tr>\n<td width=\"1040\">30 282 Rossi Marc-Antoine KTM FRA FFM Team VRT KTM Factory Juniors<\/td>\n<\/tr>\n<tr>\n<td width=\"1040\">31 301 Vampa Noah Yamaha FRA FFM Team LF MOTORSPORT 301<\/td>\n<\/tr>\n<tr>\n<td width=\"1040\">32 306 Duvier Julian KTM GER DMSB<\/td>\n<\/tr>\n<tr>\n<td width=\"1040\">33 312 Osterhagen Haakon Fantic NOR NMF Fantic Racing<\/td>\n<\/tr>\n<tr>\n<td width=\"1040\">34 319 Prugnieres Quentin Marc Kawasaki FRA FFM BUD RACING-Kawasaki<\/td>\n<\/tr>\n<tr>\n<td width=\"1040\">35 339 Garib Benjamin Kawasaki CHL FMC BUD RACING-Kawasaki<\/td>\n<\/tr>\n<tr>\n<td width=\"1040\">36 373 Canet Edgar KTM ESP RFME Jezyk Racing Team<\/td>\n<\/tr>\n<tr>\n<td width=\"1040\">37 410 Barker James KTM GBR ACU<\/td>\n<\/tr>\n<tr>\n<td width=\"1040\">38 411 Stuurman Kjeld KTM NED KNMV<\/td>\n<\/tr>\n<tr>\n<td width=\"1040\"><strong>39 417 Buchelot Hugo KTM BEL FMB<\/strong><\/td>\n<\/tr>\n<tr>\n<td width=\"1040\">40 419 Brookes Joe KTM GBR ACU<\/td>\n<\/tr>\n<tr>\n<td width=\"1040\">41 420 Rossi Andrea KTM ITA FMI<\/td>\n<\/tr>\n<tr>\n<td width=\"1040\">42 421 Barbaglia Eugenio KTM ITA FMI<\/td>\n<\/tr>\n<tr>\n<td width=\"1040\">43 432 Van Erp Ivano Yamaha NED KNMV Hutten Metaal Yamaha Racing<\/td>\n<\/tr>\n<tr>\n<td width=\"1040\">44 440 Appelt Marnique GASGAS GER DMSB Becker Racing<\/td>\n<\/tr>\n<tr>\n<td width=\"1040\">45 456 Kjorstad Mathias Yamaha NOR NMF<\/td>\n<\/tr>\n<tr>\n<td width=\"1040\">46 469 de Beer Ryan Husqvarna NED KNMV<\/td>\n<\/tr>\n<tr>\n<td width=\"1040\">47 474 Gregersen Magnus Husqvarna DEN DMU<\/td>\n<\/tr>\n<tr>\n<td width=\"1040\">48 489 Walvoort Jens KTM NED KNMV KTM SB Racing<\/td>\n<\/tr>\n<tr>\n<td width=\"1040\">49 555 McCullough Cole KTM IRL MCUI<\/td>\n<\/tr>\n<tr>\n<td width=\"1040\"><strong>50 563 Dieudonne Wesly KTM BEL FMB Husqvarna BT Racing Team<\/strong><\/td>\n<\/tr>\n<tr>\n<td width=\"1040\">51 567 Moen Rasmus Husqvarna SWE SVEMO<\/td>\n<\/tr>\n<tr>\n<td width=\"1040\">52 568 Palsson Max KTM SWE SVEMO KTM Kosak Team<\/td>\n<\/tr>\n<tr>\n<td width=\"1040\">53 601 Gwyther Kelton KTM GBR KNMV<\/td>\n<\/tr>\n<tr>\n<td width=\"1040\">54 616 Colmer Ollie GASGAS GBR ACU<\/td>\n<\/tr>\n<tr>\n<td width=\"1040\">55 651 Vettik Meico TM EST EMF TM moto SteelsDrJack<\/td>\n<\/tr>\n<tr>\n<td width=\"1040\">56 669 Ruffini Luca KTM ITA FMI SM ACTION RACING TEAM YUASA Battery<\/td>\n<\/tr>\n<tr>\n<td width=\"1040\">57 717 Fueri Alexis Fantic FRA FFM Fantic Racing<\/td>\n<\/tr>\n<tr>\n<td width=\"1040\">58 880 Dijk Sven KTM NED KNMV<\/td>\n<\/tr>\n<\/tbody>\n<\/table>\n","protected":false},"excerpt":{"rendered":"<p>Direction l&rsquo;est des Pays-Bas pour le 16\u00e8me des 19 rounds du championnat du monde MXGP ce week-end qui sera disput\u00e9 dans le sable d&rsquo;Arnhem. Comme souvent sur les GP de [&#8230;]<\/p>\n","protected":false},"author":932,"featured_media":127724,"comment_status":"open","ping_status":"closed","sticky":false,"template":"","format":"standard","meta":{"footnotes":""},"categories":[54,4,6,5,55,65],"tags":[1463,947,568],"class_list":["post-127764","post","type-post","status-publish","format-standard","has-post-thumbnail","hentry","category-actualite","category-motocross","category-mx1mx2","category-news","category-news-actualite","category-slideshow","tag-arnhem","tag-motocross","tag-mxgp"],"yoast_head":"<!-- This site is optimized with the Yoast SEO plugin v27.4 - https:\/\/yoast.com\/product\/yoast-seo-wordpress\/ -->\n<title>MXGP : les pilotes engag\u00e9s pour le GP de Hollande \u00e0 Arnhem - Motocross - Enduro - Supermoto | MotocrossMag<\/title>\n<meta name=\"robots\" content=\"index, follow, max-snippet:-1, max-image-preview:large, max-video-preview:-1\" \/>\n<link rel=\"canonical\" href=\"https:\/\/fr.motocrossmag.be\/index.php\/2023\/08\/mxgp-les-pilotes-engages-pour-le-gp-de-hollande-a-arnhem\/\" \/>\n<meta property=\"og:locale\" content=\"fr_FR\" \/>\n<meta property=\"og:type\" content=\"article\" \/>\n<meta property=\"og:title\" content=\"MXGP : les pilotes engag\u00e9s pour le GP de Hollande \u00e0 Arnhem - Motocross - Enduro - Supermoto | MotocrossMag\" \/>\n<meta property=\"og:description\" content=\"Direction l&rsquo;est des Pays-Bas pour le 16\u00e8me des 19 rounds du championnat du monde MXGP ce week-end qui sera disput\u00e9 dans le sable d&rsquo;Arnhem. Comme souvent sur les GP de [...]\" \/>\n<meta property=\"og:url\" content=\"https:\/\/fr.motocrossmag.be\/index.php\/2023\/08\/mxgp-les-pilotes-engages-pour-le-gp-de-hollande-a-arnhem\/\" \/>\n<meta property=\"og:site_name\" content=\"Motocross - Enduro - Supermoto | MotocrossMag\" \/>\n<meta property=\"article:published_time\" content=\"2023-08-17T13:48:35+00:00\" \/>\n<meta property=\"og:image\" content=\"https:\/\/fr.motocrossmag.be\/wp-content\/uploads\/2023\/08\/HMF_7177.jpg\" \/>\n\t<meta property=\"og:image:width\" content=\"1200\" \/>\n\t<meta property=\"og:image:height\" content=\"816\" \/>\n\t<meta property=\"og:image:type\" content=\"image\/jpeg\" \/>\n<meta name=\"author\" content=\"oliviere\" \/>\n<meta name=\"twitter:card\" content=\"summary_large_image\" \/>\n<meta name=\"twitter:label1\" content=\"\u00c9crit par\" \/>\n\t<meta name=\"twitter:data1\" content=\"oliviere\" \/>\n\t<meta name=\"twitter:label2\" content=\"Dur\u00e9e de lecture estim\u00e9e\" \/>\n\t<meta name=\"twitter:data2\" content=\"7 minutes\" \/>\n<script type=\"application\/ld+json\" class=\"yoast-schema-graph\">{\"@context\":\"https:\\\/\\\/schema.org\",\"@graph\":[{\"@type\":\"Article\",\"@id\":\"https:\\\/\\\/fr.motocrossmag.be\\\/index.php\\\/2023\\\/08\\\/mxgp-les-pilotes-engages-pour-le-gp-de-hollande-a-arnhem\\\/#article\",\"isPartOf\":{\"@id\":\"https:\\\/\\\/fr.motocrossmag.be\\\/index.php\\\/2023\\\/08\\\/mxgp-les-pilotes-engages-pour-le-gp-de-hollande-a-arnhem\\\/\"},\"author\":{\"name\":\"oliviere\",\"@id\":\"https:\\\/\\\/fr.motocrossmag.be\\\/#\\\/schema\\\/person\\\/11b47143d9f755babca2c9110e03235c\"},\"headline\":\"MXGP : les pilotes engag\u00e9s pour le GP de Hollande \u00e0 Arnhem\",\"datePublished\":\"2023-08-17T13:48:35+00:00\",\"mainEntityOfPage\":{\"@id\":\"https:\\\/\\\/fr.motocrossmag.be\\\/index.php\\\/2023\\\/08\\\/mxgp-les-pilotes-engages-pour-le-gp-de-hollande-a-arnhem\\\/\"},\"wordCount\":1453,\"commentCount\":0,\"image\":{\"@id\":\"https:\\\/\\\/fr.motocrossmag.be\\\/index.php\\\/2023\\\/08\\\/mxgp-les-pilotes-engages-pour-le-gp-de-hollande-a-arnhem\\\/#primaryimage\"},\"thumbnailUrl\":\"https:\\\/\\\/fr.motocrossmag.be\\\/wp-content\\\/uploads\\\/2023\\\/08\\\/HMF_7177.jpg\",\"keywords\":[\"arnhem\",\"Motocross\",\"MXGP\"],\"articleSection\":[\"Actualit\u00e9\",\"Motocross\",\"Motocross MXGP\",\"News\",\"News\",\"Slideshow\"],\"inLanguage\":\"fr-FR\",\"potentialAction\":[{\"@type\":\"CommentAction\",\"name\":\"Comment\",\"target\":[\"https:\\\/\\\/fr.motocrossmag.be\\\/index.php\\\/2023\\\/08\\\/mxgp-les-pilotes-engages-pour-le-gp-de-hollande-a-arnhem\\\/#respond\"]}]},{\"@type\":\"WebPage\",\"@id\":\"https:\\\/\\\/fr.motocrossmag.be\\\/index.php\\\/2023\\\/08\\\/mxgp-les-pilotes-engages-pour-le-gp-de-hollande-a-arnhem\\\/\",\"url\":\"https:\\\/\\\/fr.motocrossmag.be\\\/index.php\\\/2023\\\/08\\\/mxgp-les-pilotes-engages-pour-le-gp-de-hollande-a-arnhem\\\/\",\"name\":\"MXGP : les pilotes engag\u00e9s pour le GP de Hollande \u00e0 Arnhem - Motocross - Enduro - Supermoto | MotocrossMag\",\"isPartOf\":{\"@id\":\"https:\\\/\\\/fr.motocrossmag.be\\\/#website\"},\"primaryImageOfPage\":{\"@id\":\"https:\\\/\\\/fr.motocrossmag.be\\\/index.php\\\/2023\\\/08\\\/mxgp-les-pilotes-engages-pour-le-gp-de-hollande-a-arnhem\\\/#primaryimage\"},\"image\":{\"@id\":\"https:\\\/\\\/fr.motocrossmag.be\\\/index.php\\\/2023\\\/08\\\/mxgp-les-pilotes-engages-pour-le-gp-de-hollande-a-arnhem\\\/#primaryimage\"},\"thumbnailUrl\":\"https:\\\/\\\/fr.motocrossmag.be\\\/wp-content\\\/uploads\\\/2023\\\/08\\\/HMF_7177.jpg\",\"datePublished\":\"2023-08-17T13:48:35+00:00\",\"author\":{\"@id\":\"https:\\\/\\\/fr.motocrossmag.be\\\/#\\\/schema\\\/person\\\/11b47143d9f755babca2c9110e03235c\"},\"breadcrumb\":{\"@id\":\"https:\\\/\\\/fr.motocrossmag.be\\\/index.php\\\/2023\\\/08\\\/mxgp-les-pilotes-engages-pour-le-gp-de-hollande-a-arnhem\\\/#breadcrumb\"},\"inLanguage\":\"fr-FR\",\"potentialAction\":[{\"@type\":\"ReadAction\",\"target\":[\"https:\\\/\\\/fr.motocrossmag.be\\\/index.php\\\/2023\\\/08\\\/mxgp-les-pilotes-engages-pour-le-gp-de-hollande-a-arnhem\\\/\"]}]},{\"@type\":\"ImageObject\",\"inLanguage\":\"fr-FR\",\"@id\":\"https:\\\/\\\/fr.motocrossmag.be\\\/index.php\\\/2023\\\/08\\\/mxgp-les-pilotes-engages-pour-le-gp-de-hollande-a-arnhem\\\/#primaryimage\",\"url\":\"https:\\\/\\\/fr.motocrossmag.be\\\/wp-content\\\/uploads\\\/2023\\\/08\\\/HMF_7177.jpg\",\"contentUrl\":\"https:\\\/\\\/fr.motocrossmag.be\\\/wp-content\\\/uploads\\\/2023\\\/08\\\/HMF_7177.jpg\",\"width\":1200,\"height\":816},{\"@type\":\"BreadcrumbList\",\"@id\":\"https:\\\/\\\/fr.motocrossmag.be\\\/index.php\\\/2023\\\/08\\\/mxgp-les-pilotes-engages-pour-le-gp-de-hollande-a-arnhem\\\/#breadcrumb\",\"itemListElement\":[{\"@type\":\"ListItem\",\"position\":1,\"name\":\"Accueil\",\"item\":\"https:\\\/\\\/fr.motocrossmag.be\\\/\"},{\"@type\":\"ListItem\",\"position\":2,\"name\":\"MXGP : les pilotes engag\u00e9s pour le GP de Hollande \u00e0 Arnhem\"}]},{\"@type\":\"WebSite\",\"@id\":\"https:\\\/\\\/fr.motocrossmag.be\\\/#website\",\"url\":\"https:\\\/\\\/fr.motocrossmag.be\\\/\",\"name\":\"Motocross - Enduro - Supermoto | MotocrossMag\",\"description\":\"L&#039;actualit\u00e9 du motocross, de l&#039;enduro et du Supermoto en ligne!\",\"potentialAction\":[{\"@type\":\"SearchAction\",\"target\":{\"@type\":\"EntryPoint\",\"urlTemplate\":\"https:\\\/\\\/fr.motocrossmag.be\\\/?s={search_term_string}\"},\"query-input\":{\"@type\":\"PropertyValueSpecification\",\"valueRequired\":true,\"valueName\":\"search_term_string\"}}],\"inLanguage\":\"fr-FR\"},{\"@type\":\"Person\",\"@id\":\"https:\\\/\\\/fr.motocrossmag.be\\\/#\\\/schema\\\/person\\\/11b47143d9f755babca2c9110e03235c\",\"name\":\"oliviere\",\"image\":{\"@type\":\"ImageObject\",\"inLanguage\":\"fr-FR\",\"@id\":\"https:\\\/\\\/secure.gravatar.com\\\/avatar\\\/907069e0b81d119452040469e4a7501da1100f54f7f80180ce77bfab718288f6?s=96&d=mm&r=g\",\"url\":\"https:\\\/\\\/secure.gravatar.com\\\/avatar\\\/907069e0b81d119452040469e4a7501da1100f54f7f80180ce77bfab718288f6?s=96&d=mm&r=g\",\"contentUrl\":\"https:\\\/\\\/secure.gravatar.com\\\/avatar\\\/907069e0b81d119452040469e4a7501da1100f54f7f80180ce77bfab718288f6?s=96&d=mm&r=g\",\"caption\":\"oliviere\"},\"sameAs\":[\"http:\\\/\\\/www.motocrossmag.be\"],\"url\":\"https:\\\/\\\/fr.motocrossmag.be\\\/index.php\\\/author\\\/oliviere\\\/\"}]}<\/script>\n<!-- \/ Yoast SEO plugin. -->","yoast_head_json":{"title":"MXGP : les pilotes engag\u00e9s pour le GP de Hollande \u00e0 Arnhem - Motocross - Enduro - Supermoto | MotocrossMag","robots":{"index":"index","follow":"follow","max-snippet":"max-snippet:-1","max-image-preview":"max-image-preview:large","max-video-preview":"max-video-preview:-1"},"canonical":"https:\/\/fr.motocrossmag.be\/index.php\/2023\/08\/mxgp-les-pilotes-engages-pour-le-gp-de-hollande-a-arnhem\/","og_locale":"fr_FR","og_type":"article","og_title":"MXGP : les pilotes engag\u00e9s pour le GP de Hollande \u00e0 Arnhem - Motocross - Enduro - Supermoto | MotocrossMag","og_description":"Direction l&rsquo;est des Pays-Bas pour le 16\u00e8me des 19 rounds du championnat du monde MXGP ce week-end qui sera disput\u00e9 dans le sable d&rsquo;Arnhem. Comme souvent sur les GP de [...]","og_url":"https:\/\/fr.motocrossmag.be\/index.php\/2023\/08\/mxgp-les-pilotes-engages-pour-le-gp-de-hollande-a-arnhem\/","og_site_name":"Motocross - Enduro - Supermoto | MotocrossMag","article_published_time":"2023-08-17T13:48:35+00:00","og_image":[{"width":1200,"height":816,"url":"https:\/\/fr.motocrossmag.be\/wp-content\/uploads\/2023\/08\/HMF_7177.jpg","type":"image\/jpeg"}],"author":"oliviere","twitter_card":"summary_large_image","twitter_misc":{"\u00c9crit par":"oliviere","Dur\u00e9e de lecture estim\u00e9e":"7 minutes"},"schema":{"@context":"https:\/\/schema.org","@graph":[{"@type":"Article","@id":"https:\/\/fr.motocrossmag.be\/index.php\/2023\/08\/mxgp-les-pilotes-engages-pour-le-gp-de-hollande-a-arnhem\/#article","isPartOf":{"@id":"https:\/\/fr.motocrossmag.be\/index.php\/2023\/08\/mxgp-les-pilotes-engages-pour-le-gp-de-hollande-a-arnhem\/"},"author":{"name":"oliviere","@id":"https:\/\/fr.motocrossmag.be\/#\/schema\/person\/11b47143d9f755babca2c9110e03235c"},"headline":"MXGP : les pilotes engag\u00e9s pour le GP de Hollande \u00e0 Arnhem","datePublished":"2023-08-17T13:48:35+00:00","mainEntityOfPage":{"@id":"https:\/\/fr.motocrossmag.be\/index.php\/2023\/08\/mxgp-les-pilotes-engages-pour-le-gp-de-hollande-a-arnhem\/"},"wordCount":1453,"commentCount":0,"image":{"@id":"https:\/\/fr.motocrossmag.be\/index.php\/2023\/08\/mxgp-les-pilotes-engages-pour-le-gp-de-hollande-a-arnhem\/#primaryimage"},"thumbnailUrl":"https:\/\/fr.motocrossmag.be\/wp-content\/uploads\/2023\/08\/HMF_7177.jpg","keywords":["arnhem","Motocross","MXGP"],"articleSection":["Actualit\u00e9","Motocross","Motocross MXGP","News","News","Slideshow"],"inLanguage":"fr-FR","potentialAction":[{"@type":"CommentAction","name":"Comment","target":["https:\/\/fr.motocrossmag.be\/index.php\/2023\/08\/mxgp-les-pilotes-engages-pour-le-gp-de-hollande-a-arnhem\/#respond"]}]},{"@type":"WebPage","@id":"https:\/\/fr.motocrossmag.be\/index.php\/2023\/08\/mxgp-les-pilotes-engages-pour-le-gp-de-hollande-a-arnhem\/","url":"https:\/\/fr.motocrossmag.be\/index.php\/2023\/08\/mxgp-les-pilotes-engages-pour-le-gp-de-hollande-a-arnhem\/","name":"MXGP : les pilotes engag\u00e9s pour le GP de Hollande \u00e0 Arnhem - Motocross - Enduro - Supermoto | MotocrossMag","isPartOf":{"@id":"https:\/\/fr.motocrossmag.be\/#website"},"primaryImageOfPage":{"@id":"https:\/\/fr.motocrossmag.be\/index.php\/2023\/08\/mxgp-les-pilotes-engages-pour-le-gp-de-hollande-a-arnhem\/#primaryimage"},"image":{"@id":"https:\/\/fr.motocrossmag.be\/index.php\/2023\/08\/mxgp-les-pilotes-engages-pour-le-gp-de-hollande-a-arnhem\/#primaryimage"},"thumbnailUrl":"https:\/\/fr.motocrossmag.be\/wp-content\/uploads\/2023\/08\/HMF_7177.jpg","datePublished":"2023-08-17T13:48:35+00:00","author":{"@id":"https:\/\/fr.motocrossmag.be\/#\/schema\/person\/11b47143d9f755babca2c9110e03235c"},"breadcrumb":{"@id":"https:\/\/fr.motocrossmag.be\/index.php\/2023\/08\/mxgp-les-pilotes-engages-pour-le-gp-de-hollande-a-arnhem\/#breadcrumb"},"inLanguage":"fr-FR","potentialAction":[{"@type":"ReadAction","target":["https:\/\/fr.motocrossmag.be\/index.php\/2023\/08\/mxgp-les-pilotes-engages-pour-le-gp-de-hollande-a-arnhem\/"]}]},{"@type":"ImageObject","inLanguage":"fr-FR","@id":"https:\/\/fr.motocrossmag.be\/index.php\/2023\/08\/mxgp-les-pilotes-engages-pour-le-gp-de-hollande-a-arnhem\/#primaryimage","url":"https:\/\/fr.motocrossmag.be\/wp-content\/uploads\/2023\/08\/HMF_7177.jpg","contentUrl":"https:\/\/fr.motocrossmag.be\/wp-content\/uploads\/2023\/08\/HMF_7177.jpg","width":1200,"height":816},{"@type":"BreadcrumbList","@id":"https:\/\/fr.motocrossmag.be\/index.php\/2023\/08\/mxgp-les-pilotes-engages-pour-le-gp-de-hollande-a-arnhem\/#breadcrumb","itemListElement":[{"@type":"ListItem","position":1,"name":"Accueil","item":"https:\/\/fr.motocrossmag.be\/"},{"@type":"ListItem","position":2,"name":"MXGP : les pilotes engag\u00e9s pour le GP de Hollande \u00e0 Arnhem"}]},{"@type":"WebSite","@id":"https:\/\/fr.motocrossmag.be\/#website","url":"https:\/\/fr.motocrossmag.be\/","name":"Motocross - Enduro - Supermoto | MotocrossMag","description":"L&#039;actualit\u00e9 du motocross, de l&#039;enduro et du Supermoto en ligne!","potentialAction":[{"@type":"SearchAction","target":{"@type":"EntryPoint","urlTemplate":"https:\/\/fr.motocrossmag.be\/?s={search_term_string}"},"query-input":{"@type":"PropertyValueSpecification","valueRequired":true,"valueName":"search_term_string"}}],"inLanguage":"fr-FR"},{"@type":"Person","@id":"https:\/\/fr.motocrossmag.be\/#\/schema\/person\/11b47143d9f755babca2c9110e03235c","name":"oliviere","image":{"@type":"ImageObject","inLanguage":"fr-FR","@id":"https:\/\/secure.gravatar.com\/avatar\/907069e0b81d119452040469e4a7501da1100f54f7f80180ce77bfab718288f6?s=96&d=mm&r=g","url":"https:\/\/secure.gravatar.com\/avatar\/907069e0b81d119452040469e4a7501da1100f54f7f80180ce77bfab718288f6?s=96&d=mm&r=g","contentUrl":"https:\/\/secure.gravatar.com\/avatar\/907069e0b81d119452040469e4a7501da1100f54f7f80180ce77bfab718288f6?s=96&d=mm&r=g","caption":"oliviere"},"sameAs":["http:\/\/www.motocrossmag.be"],"url":"https:\/\/fr.motocrossmag.be\/index.php\/author\/oliviere\/"}]}},"_links":{"self":[{"href":"https:\/\/fr.motocrossmag.be\/index.php\/wp-json\/wp\/v2\/posts\/127764","targetHints":{"allow":["GET"]}}],"collection":[{"href":"https:\/\/fr.motocrossmag.be\/index.php\/wp-json\/wp\/v2\/posts"}],"about":[{"href":"https:\/\/fr.motocrossmag.be\/index.php\/wp-json\/wp\/v2\/types\/post"}],"author":[{"embeddable":true,"href":"https:\/\/fr.motocrossmag.be\/index.php\/wp-json\/wp\/v2\/users\/932"}],"replies":[{"embeddable":true,"href":"https:\/\/fr.motocrossmag.be\/index.php\/wp-json\/wp\/v2\/comments?post=127764"}],"version-history":[{"count":1,"href":"https:\/\/fr.motocrossmag.be\/index.php\/wp-json\/wp\/v2\/posts\/127764\/revisions"}],"predecessor-version":[{"id":127765,"href":"https:\/\/fr.motocrossmag.be\/index.php\/wp-json\/wp\/v2\/posts\/127764\/revisions\/127765"}],"wp:featuredmedia":[{"embeddable":true,"href":"https:\/\/fr.motocrossmag.be\/index.php\/wp-json\/wp\/v2\/media\/127724"}],"wp:attachment":[{"href":"https:\/\/fr.motocrossmag.be\/index.php\/wp-json\/wp\/v2\/media?parent=127764"}],"wp:term":[{"taxonomy":"category","embeddable":true,"href":"https:\/\/fr.motocrossmag.be\/index.php\/wp-json\/wp\/v2\/categories?post=127764"},{"taxonomy":"post_tag","embeddable":true,"href":"https:\/\/fr.motocrossmag.be\/index.php\/wp-json\/wp\/v2\/tags?post=127764"}],"curies":[{"name":"wp","href":"https:\/\/api.w.org\/{rel}","templated":true}]}}