{"id":127766,"date":"2023-08-18T00:19:16","date_gmt":"2023-08-17T22:19:16","guid":{"rendered":"https:\/\/fr.motocrossmag.be\/?p=127766"},"modified":"2023-08-18T00:20:19","modified_gmt":"2023-08-17T22:20:19","slug":"jago-geerts-une-saison-qui-devait-etre-la-sienne","status":"publish","type":"post","link":"https:\/\/fr.motocrossmag.be\/index.php\/2023\/08\/jago-geerts-une-saison-qui-devait-etre-la-sienne\/","title":{"rendered":"Jago Geerts : une saison qui devait \u00eatre la sienne"},"content":{"rendered":"<p><strong>En 2018, Jago Geerts montait sur son premier podium MX2. Il avait 18 ans. Ces quatre derni\u00e8res saisons, il n&rsquo;est jamais descendu du podium final du mondial MX2 et compte m\u00eame 3 titre de vice-champion \u00e0 son palmar\u00e8s. Cette saison \u00e9tait sa derni\u00e8re en MX2 avant de passer dans la cat\u00e9gorie reine en 2024. Le titre mondial semblait ne pas pouvoir lui \u00e9chapper. Et pourtant&#8230;<\/strong><\/p>\n<p>Annonc\u00e9 l&rsquo;an prochain avec Yamaha en MXGP, Jago Geerts se voyait bien coiffer avant cela une couronne mondiale MX2. Apr\u00e8s avoir vu le titre lui filer entre les doigts l&rsquo;an dernier au terme d&rsquo;un duel \u00e9pique avec Tom Vialle, notre compatriote comptait sur cette saison 2023 pour quitter le MX2 par la grande porte. Exp\u00e9rience, pilotage, vitesse, moto, \u00e9quipe technique,&#8230; Geerts r\u00e9unit tous les ingr\u00e9dients du succ\u00e8s. Et pourtant, avec d\u00e9sormais 104 points de retard sur Andrea Adamo\u00a0 et seulement 4 GP \u00e0 disputer, soit deux cent quarante points \u00e0 distribuer, les chances de voir le r\u00eave de Geerts et de tous les fans belges, qui restent sur leur faim depuis le dernier titre de Steve Ramon en 2007, se concr\u00e9tiser semblent aujourd&rsquo;hui r\u00e9duites \u00e0 peau de chagrin. Geerts figure sur la liste de d\u00e9part du 16\u00e8me round de la saison \u00e0 Arnhem ce week-end et a d&rsquo;ailleurs \u00e9t\u00e9 aper\u00e7u \u00e0 l&rsquo;entra\u00eenement cette semaine \u00e0 Lommel mais rien ne dit qu&rsquo;il sera bien au d\u00e9part du GP ni s&rsquo;il sera \u00e0 100% de ses capacit\u00e9s dans le sable hollandais.<\/p>\n<p><a href=\"https:\/\/fr.motocrossmag.be\/wp-content\/uploads\/2023\/07\/Geerts_Finland_2023_Fullspectrum_ESZ-14010.jpg\"><img decoding=\"async\" class=\"lazyload alignnone size-full wp-image-126975\" src=\"https:\/\/fr.motocrossmag.be\/wp-content\/uploads\/2023\/07\/Geerts_Finland_2023_Fullspectrum_ESZ-14010.jpg\" data-orig-src=\"https:\/\/fr.motocrossmag.be\/wp-content\/uploads\/2023\/07\/Geerts_Finland_2023_Fullspectrum_ESZ-14010.jpg\" alt=\"\" width=\"1200\" height=\"800\" srcset=\"data:image\/svg+xml,%3Csvg%20xmlns%3D%27http%3A%2F%2Fwww.w3.org%2F2000%2Fsvg%27%20width%3D%271200%27%20height%3D%27800%27%20viewBox%3D%270%200%201200%20800%27%3E%3Crect%20width%3D%271200%27%20height%3D%27800%27%20fill-opacity%3D%220%22%2F%3E%3C%2Fsvg%3E\" data-srcset=\"https:\/\/fr.motocrossmag.be\/wp-content\/uploads\/2023\/07\/Geerts_Finland_2023_Fullspectrum_ESZ-14010-650x433.jpg 650w, https:\/\/fr.motocrossmag.be\/wp-content\/uploads\/2023\/07\/Geerts_Finland_2023_Fullspectrum_ESZ-14010-768x512.jpg 768w, https:\/\/fr.motocrossmag.be\/wp-content\/uploads\/2023\/07\/Geerts_Finland_2023_Fullspectrum_ESZ-14010-1024x683.jpg 1024w, https:\/\/fr.motocrossmag.be\/wp-content\/uploads\/2023\/07\/Geerts_Finland_2023_Fullspectrum_ESZ-14010.jpg 1200w\" data-sizes=\"auto\" data-orig-sizes=\"(max-width: 1200px) 100vw, 1200px\" \/><\/a><\/p>\n<p>Le week-end pass\u00e9, Geerts esp\u00e9rait prendre le d\u00e9part du GP de Su\u00e8de \u00e0 Uddevalla, ce qui semblait \u00eatre une condition pratiquement sine qua non pour le pilote Yamaha en vue de garder une chance dans la course au titre mondial. Mais il a \u00e9t\u00e9 contraint d&rsquo;\u00e9couter les conseils m\u00e9dicaux et de rester \u00e0 nouveau sur la touche, enregistrant l\u00e0 un second score vierge cons\u00e9cutif \u00e0 cause d&rsquo;une clavicule fractur\u00e9e sur le GP de Finlande deux semaines plus t\u00f4t. Avant cela, une chute en France l&rsquo;avait d\u00e9j\u00e0 priv\u00e9 de 3 GP avant un retour spectaculaire qui lui a permis de revenir au soir du GP de Lommel \u00e0 10 petits points d&rsquo;Adamo. On avait alors toutes les raisons d&rsquo;y croire.<\/p>\n<p>\u00ab\u00a0Avant la Su\u00e8de, nous avons essay\u00e9 de rouler le jeudi\u00a0\u00bb, a d\u00e9clar\u00e9 Michele Lavetti, manager de l&rsquo;\u00e9quipe Kemea. \u00ab\u00a0Mais apr\u00e8s quelques tours, ce n&rsquo;\u00e9tait plus possible. Pas \u00e0 cause de la douleur, mais il n&rsquo;avait pas assez de force dans le bras, donc c&rsquo;\u00e9tait dangereux de tenter de disputer le Grand Prix dans ces conditions\u00a0\u00bb.<\/p>\n<p>\u00ab\u00a0Deux jours apr\u00e8s l&rsquo;op\u00e9ration cons\u00e9cutive \u00e0 sa chute en France, il nous a dit qu&rsquo;il serait de retour et qu&rsquo;il se battrait pour le titre. Personne n&rsquo;y croyait&#8230; mais il l&rsquo;a fait\u00a0\u00bb, a d\u00e9clar\u00e9 Hans Corvers, propri\u00e9taire du team Monster Energy Yamaha Factory. \u00ab\u00a0Il est revenu \u00e0 dix petits points. Mais l&rsquo;accident en Finlande est un peu diff\u00e9rent. Nous savons tous comment cela s&rsquo;est termin\u00e9 en Turquie l&rsquo;an dernier et nous savons tous comment il s&rsquo;en est remis. Idem apr\u00e8s sa chute en France cette ann\u00e9e. Mais cette fois-ci, mentalement, j&rsquo;ai vu des larmes. Honn\u00eatement, cette fois-ci, je crois que c&rsquo;\u00e9tait plus dur pour lui que de perdre le titre mondial l&rsquo;ann\u00e9e derni\u00e8re.\u00a0\u00bb<\/p>\n<p><a href=\"https:\/\/fr.motocrossmag.be\/wp-content\/uploads\/2022\/04\/geerts-corvers-kegums-mxgp.jpg\"><img decoding=\"async\" class=\"lazyload alignnone size-full wp-image-117005\" src=\"https:\/\/fr.motocrossmag.be\/wp-content\/uploads\/2022\/04\/geerts-corvers-kegums-mxgp.jpg\" data-orig-src=\"https:\/\/fr.motocrossmag.be\/wp-content\/uploads\/2022\/04\/geerts-corvers-kegums-mxgp.jpg\" alt=\"\" width=\"900\" height=\"600\" srcset=\"data:image\/svg+xml,%3Csvg%20xmlns%3D%27http%3A%2F%2Fwww.w3.org%2F2000%2Fsvg%27%20width%3D%27900%27%20height%3D%27600%27%20viewBox%3D%270%200%20900%20600%27%3E%3Crect%20width%3D%27900%27%20height%3D%27600%27%20fill-opacity%3D%220%22%2F%3E%3C%2Fsvg%3E\" data-srcset=\"https:\/\/fr.motocrossmag.be\/wp-content\/uploads\/2022\/04\/geerts-corvers-kegums-mxgp-650x433.jpg 650w, https:\/\/fr.motocrossmag.be\/wp-content\/uploads\/2022\/04\/geerts-corvers-kegums-mxgp-768x512.jpg 768w, https:\/\/fr.motocrossmag.be\/wp-content\/uploads\/2022\/04\/geerts-corvers-kegums-mxgp.jpg 900w\" data-sizes=\"auto\" data-orig-sizes=\"(max-width: 900px) 100vw, 900px\" \/><\/a><\/p>\n<p>\u00ab\u00a0Jago se bat toujours\u00a0\u00bb, a ajout\u00e9 Corvers. \u00ab\u00a0Jeudi dernier, c&rsquo;\u00e9tait malheureusement quelques jours trop t\u00f4t. Il est encore fort mentalement parce qu&rsquo;il souffre beaucoup. L&rsquo;op\u00e9ration a dur\u00e9 quatre heures et n&rsquo;a pas \u00e9t\u00e9 une partie de plaisir.\u00a0C&rsquo;est sa sixi\u00e8me ann\u00e9e avec nous et quatre d&rsquo;entre elles ont \u00e9t\u00e9 consacr\u00e9es au titre. C&rsquo;est donc particuli\u00e8rement difficile pour lui, car nous savons \u00e0 quel point il travaille dur\u00a0\u00bb, explique Corvers. \u00ab\u00a0L&rsquo;ann\u00e9e derni\u00e8re aurait d\u00fb \u00eatre la sienne. Cette ann\u00e9e encore plus&#8230; et ce n&rsquo;est finalement pas le cas. Pour lui et pour l&rsquo;\u00e9quipe, c&rsquo;est difficile \u00e0 accepter\u00a0\u00bb.<\/p>\n<p>C&rsquo;est donc un sentiment aigu d&rsquo;injustice qui domine dans le clan Yamaha. On le comprend. C&rsquo;est la dure loi d&rsquo;un sport comme le motocross. \u00ab\u00a0Le motocross restera du motocross tant qu&rsquo;il y aura un moteur et deux roues, les pilotes chuteront\u00a0\u00bb, d\u00e9clare Corvers. \u00ab\u00a0Quand vous montez sur la moto, vous savez que demain ou apr\u00e8s-demain, il y aura une chute. Dans le pass\u00e9, il \u00e9tait \u00e0 terre et nous nous demandions comment c&rsquo;\u00e9tait possible ! L&rsquo;ann\u00e9e derni\u00e8re, c&rsquo;\u00e9tait d\u00e9j\u00e0 beaucoup mieux et cette ann\u00e9e c&rsquo;\u00e9tait vraiment bien. Bien s\u00fbr, il a eu quelques chutes, mais c&rsquo;est le cas de tout le monde. Lorsqu&rsquo;il a d\u00e9cid\u00e9 l&rsquo;hiver dernier de s&rsquo;installer seul \u00e0 Monaco &#8211; non seulement pour la structure financi\u00e8re, mais aussi pour ce que cela signifiait pour son style de vie &#8211; nous avons \u00e9galement constat\u00e9 un changement sur la moto. Il \u00e9tait plus m\u00fbr et plus fort. Je le vois grandir encore plus et je pense que cela va l&rsquo;aider pour la 450\u00a0\u00bb.<\/p>\n<p><a href=\"https:\/\/fr.motocrossmag.be\/wp-content\/uploads\/2023\/05\/HMF_4678.jpeg\"><img decoding=\"async\" class=\"lazyload alignnone size-full wp-image-124434\" src=\"https:\/\/fr.motocrossmag.be\/wp-content\/uploads\/2023\/05\/HMF_4678.jpeg\" data-orig-src=\"https:\/\/fr.motocrossmag.be\/wp-content\/uploads\/2023\/05\/HMF_4678.jpeg\" alt=\"\" width=\"900\" height=\"600\" srcset=\"data:image\/svg+xml,%3Csvg%20xmlns%3D%27http%3A%2F%2Fwww.w3.org%2F2000%2Fsvg%27%20width%3D%27900%27%20height%3D%27600%27%20viewBox%3D%270%200%20900%20600%27%3E%3Crect%20width%3D%27900%27%20height%3D%27600%27%20fill-opacity%3D%220%22%2F%3E%3C%2Fsvg%3E\" data-srcset=\"https:\/\/fr.motocrossmag.be\/wp-content\/uploads\/2023\/05\/HMF_4678-650x433.jpeg 650w, https:\/\/fr.motocrossmag.be\/wp-content\/uploads\/2023\/05\/HMF_4678-768x512.jpeg 768w, https:\/\/fr.motocrossmag.be\/wp-content\/uploads\/2023\/05\/HMF_4678.jpeg 900w\" data-sizes=\"auto\" data-orig-sizes=\"(max-width: 900px) 100vw, 900px\" \/><\/a><\/p>\n<p>L&rsquo;an pass\u00e9, le Motocross des Nations et les prestations exceptionnelles au guidon de la 450 avaient att\u00e9nu\u00e9 la d\u00e9ception de notre compatriote apr\u00e8s la d\u00e9faite en Turquie face \u00e0 Vialle. Il sera cette ann\u00e9e encore en action dans la cat\u00e9gorie MXGP sur cet \u00e9v\u00e9nement majeur du calendrier international. Et pourtant, bien que son avenir soit d\u00e9sormais li\u00e9 \u00e0 la cylindr\u00e9e, pas question pour Geerts de se d\u00e9tourner de son objectif initial.\u00a0\u00ab\u00a0Jusqu&rsquo;\u00e0 ce que ce soit math\u00e9matiquement certain, je suis s\u00fbr que Jago n&rsquo;arr\u00eatera pas de penser au MX2\u00a0\u00bb, dit Lavetti. Je lui ai demand\u00e9 s&rsquo;il voulait commencer avec la 450 et se pr\u00e9parer pour le prochain chapitre de sa carri\u00e8re et il m&rsquo;a r\u00e9pondu \u00ab\u00a0non, non&#8230; nous continuons \u00e0 travailler\u00a0\u00bb.<\/p>\n<p>\u00ab\u00a0Nous savons que c&rsquo;est un pilote doux, qui roule sur le couple et n&rsquo;est pas agressif ; la 450 lui conviendra mieux\u00a0\u00bb, acquiesce Corvers. \u00ab\u00a0Je ne veux pas dire qu&rsquo;il se battra pour le titre mondial, mais il est certain qu&rsquo;il sera l\u00e0. Il a montr\u00e9 au monde entier aux Nations l&rsquo;an dernier qu&rsquo;il pouvait le faire. L&rsquo;avenir s&rsquo;annonce bien. J&rsquo;esp\u00e8re qu&rsquo;il aura la chance de d\u00e9crocher au moins un titre.\u00a0\u00bb<\/p>\n<p>Propos recueillis par : A. Wheeler<\/p>\n","protected":false},"excerpt":{"rendered":"<p>En 2018, Jago Geerts montait sur son premier podium MX2. Il avait 18 ans. Ces quatre derni\u00e8res saisons, il n&rsquo;est jamais descendu du podium final du mondial MX2 et compte [&#8230;]<\/p>\n","protected":false},"author":932,"featured_media":126977,"comment_status":"open","ping_status":"closed","sticky":false,"template":"","format":"standard","meta":{"footnotes":""},"categories":[54,7,58,4,6,5,55,65],"tags":[2000,813,947,568],"class_list":["post-127766","post","type-post","status-publish","format-standard","has-post-thumbnail","hentry","category-actualite","category-interviews","category-interviews-actualite","category-motocross","category-mx1mx2","category-news","category-news-actualite","category-slideshow","tag-hans-corvers","tag-jago-geerts","tag-motocross","tag-mxgp"],"yoast_head":"<!-- This site is optimized with the Yoast SEO plugin v27.4 - https:\/\/yoast.com\/product\/yoast-seo-wordpress\/ -->\n<title>Jago Geerts : une saison qui devait \u00eatre la sienne - Motocross - Enduro - Supermoto | MotocrossMag<\/title>\n<meta name=\"robots\" content=\"index, follow, max-snippet:-1, max-image-preview:large, max-video-preview:-1\" \/>\n<link rel=\"canonical\" href=\"https:\/\/fr.motocrossmag.be\/index.php\/2023\/08\/jago-geerts-une-saison-qui-devait-etre-la-sienne\/\" \/>\n<meta property=\"og:locale\" content=\"fr_FR\" \/>\n<meta property=\"og:type\" content=\"article\" \/>\n<meta property=\"og:title\" content=\"Jago Geerts : une saison qui devait \u00eatre la sienne - Motocross - Enduro - Supermoto | MotocrossMag\" \/>\n<meta property=\"og:description\" content=\"En 2018, Jago Geerts montait sur son premier podium MX2. Il avait 18 ans. Ces quatre derni\u00e8res saisons, il n&rsquo;est jamais descendu du podium final du mondial MX2 et compte [...]\" \/>\n<meta property=\"og:url\" content=\"https:\/\/fr.motocrossmag.be\/index.php\/2023\/08\/jago-geerts-une-saison-qui-devait-etre-la-sienne\/\" \/>\n<meta property=\"og:site_name\" content=\"Motocross - Enduro - Supermoto | MotocrossMag\" \/>\n<meta property=\"article:published_time\" content=\"2023-08-17T22:19:16+00:00\" \/>\n<meta property=\"article:modified_time\" content=\"2023-08-17T22:20:19+00:00\" \/>\n<meta property=\"og:image\" content=\"https:\/\/fr.motocrossmag.be\/wp-content\/uploads\/2023\/07\/Geerts_Finland_2023_Fullspectrum_ESZ-30923.jpg\" \/>\n\t<meta property=\"og:image:width\" content=\"1200\" \/>\n\t<meta property=\"og:image:height\" content=\"800\" \/>\n\t<meta property=\"og:image:type\" content=\"image\/jpeg\" \/>\n<meta name=\"author\" content=\"oliviere\" \/>\n<meta name=\"twitter:card\" content=\"summary_large_image\" \/>\n<meta name=\"twitter:label1\" content=\"\u00c9crit par\" \/>\n\t<meta name=\"twitter:data1\" content=\"oliviere\" \/>\n\t<meta name=\"twitter:label2\" content=\"Dur\u00e9e de lecture estim\u00e9e\" \/>\n\t<meta name=\"twitter:data2\" content=\"5 minutes\" \/>\n<script type=\"application\/ld+json\" class=\"yoast-schema-graph\">{\"@context\":\"https:\\\/\\\/schema.org\",\"@graph\":[{\"@type\":\"Article\",\"@id\":\"https:\\\/\\\/fr.motocrossmag.be\\\/index.php\\\/2023\\\/08\\\/jago-geerts-une-saison-qui-devait-etre-la-sienne\\\/#article\",\"isPartOf\":{\"@id\":\"https:\\\/\\\/fr.motocrossmag.be\\\/index.php\\\/2023\\\/08\\\/jago-geerts-une-saison-qui-devait-etre-la-sienne\\\/\"},\"author\":{\"name\":\"oliviere\",\"@id\":\"https:\\\/\\\/fr.motocrossmag.be\\\/#\\\/schema\\\/person\\\/11b47143d9f755babca2c9110e03235c\"},\"headline\":\"Jago Geerts : une saison qui devait \u00eatre la sienne\",\"datePublished\":\"2023-08-17T22:19:16+00:00\",\"dateModified\":\"2023-08-17T22:20:19+00:00\",\"mainEntityOfPage\":{\"@id\":\"https:\\\/\\\/fr.motocrossmag.be\\\/index.php\\\/2023\\\/08\\\/jago-geerts-une-saison-qui-devait-etre-la-sienne\\\/\"},\"wordCount\":1105,\"commentCount\":0,\"image\":{\"@id\":\"https:\\\/\\\/fr.motocrossmag.be\\\/index.php\\\/2023\\\/08\\\/jago-geerts-une-saison-qui-devait-etre-la-sienne\\\/#primaryimage\"},\"thumbnailUrl\":\"https:\\\/\\\/fr.motocrossmag.be\\\/wp-content\\\/uploads\\\/2023\\\/07\\\/Geerts_Finland_2023_Fullspectrum_ESZ-30923.jpg\",\"keywords\":[\"hans corvers\",\"Jago Geerts\",\"Motocross\",\"MXGP\"],\"articleSection\":[\"Actualit\u00e9\",\"Interviews\",\"Interviews -all\",\"Motocross\",\"Motocross MXGP\",\"News\",\"News\",\"Slideshow\"],\"inLanguage\":\"fr-FR\",\"potentialAction\":[{\"@type\":\"CommentAction\",\"name\":\"Comment\",\"target\":[\"https:\\\/\\\/fr.motocrossmag.be\\\/index.php\\\/2023\\\/08\\\/jago-geerts-une-saison-qui-devait-etre-la-sienne\\\/#respond\"]}]},{\"@type\":\"WebPage\",\"@id\":\"https:\\\/\\\/fr.motocrossmag.be\\\/index.php\\\/2023\\\/08\\\/jago-geerts-une-saison-qui-devait-etre-la-sienne\\\/\",\"url\":\"https:\\\/\\\/fr.motocrossmag.be\\\/index.php\\\/2023\\\/08\\\/jago-geerts-une-saison-qui-devait-etre-la-sienne\\\/\",\"name\":\"Jago Geerts : une saison qui devait \u00eatre la sienne - Motocross - Enduro - Supermoto | MotocrossMag\",\"isPartOf\":{\"@id\":\"https:\\\/\\\/fr.motocrossmag.be\\\/#website\"},\"primaryImageOfPage\":{\"@id\":\"https:\\\/\\\/fr.motocrossmag.be\\\/index.php\\\/2023\\\/08\\\/jago-geerts-une-saison-qui-devait-etre-la-sienne\\\/#primaryimage\"},\"image\":{\"@id\":\"https:\\\/\\\/fr.motocrossmag.be\\\/index.php\\\/2023\\\/08\\\/jago-geerts-une-saison-qui-devait-etre-la-sienne\\\/#primaryimage\"},\"thumbnailUrl\":\"https:\\\/\\\/fr.motocrossmag.be\\\/wp-content\\\/uploads\\\/2023\\\/07\\\/Geerts_Finland_2023_Fullspectrum_ESZ-30923.jpg\",\"datePublished\":\"2023-08-17T22:19:16+00:00\",\"dateModified\":\"2023-08-17T22:20:19+00:00\",\"author\":{\"@id\":\"https:\\\/\\\/fr.motocrossmag.be\\\/#\\\/schema\\\/person\\\/11b47143d9f755babca2c9110e03235c\"},\"breadcrumb\":{\"@id\":\"https:\\\/\\\/fr.motocrossmag.be\\\/index.php\\\/2023\\\/08\\\/jago-geerts-une-saison-qui-devait-etre-la-sienne\\\/#breadcrumb\"},\"inLanguage\":\"fr-FR\",\"potentialAction\":[{\"@type\":\"ReadAction\",\"target\":[\"https:\\\/\\\/fr.motocrossmag.be\\\/index.php\\\/2023\\\/08\\\/jago-geerts-une-saison-qui-devait-etre-la-sienne\\\/\"]}]},{\"@type\":\"ImageObject\",\"inLanguage\":\"fr-FR\",\"@id\":\"https:\\\/\\\/fr.motocrossmag.be\\\/index.php\\\/2023\\\/08\\\/jago-geerts-une-saison-qui-devait-etre-la-sienne\\\/#primaryimage\",\"url\":\"https:\\\/\\\/fr.motocrossmag.be\\\/wp-content\\\/uploads\\\/2023\\\/07\\\/Geerts_Finland_2023_Fullspectrum_ESZ-30923.jpg\",\"contentUrl\":\"https:\\\/\\\/fr.motocrossmag.be\\\/wp-content\\\/uploads\\\/2023\\\/07\\\/Geerts_Finland_2023_Fullspectrum_ESZ-30923.jpg\",\"width\":1200,\"height\":800},{\"@type\":\"BreadcrumbList\",\"@id\":\"https:\\\/\\\/fr.motocrossmag.be\\\/index.php\\\/2023\\\/08\\\/jago-geerts-une-saison-qui-devait-etre-la-sienne\\\/#breadcrumb\",\"itemListElement\":[{\"@type\":\"ListItem\",\"position\":1,\"name\":\"Accueil\",\"item\":\"https:\\\/\\\/fr.motocrossmag.be\\\/\"},{\"@type\":\"ListItem\",\"position\":2,\"name\":\"Jago Geerts : une saison qui devait \u00eatre la sienne\"}]},{\"@type\":\"WebSite\",\"@id\":\"https:\\\/\\\/fr.motocrossmag.be\\\/#website\",\"url\":\"https:\\\/\\\/fr.motocrossmag.be\\\/\",\"name\":\"Motocross - Enduro - Supermoto | MotocrossMag\",\"description\":\"L&#039;actualit\u00e9 du motocross, de l&#039;enduro et du Supermoto en ligne!\",\"potentialAction\":[{\"@type\":\"SearchAction\",\"target\":{\"@type\":\"EntryPoint\",\"urlTemplate\":\"https:\\\/\\\/fr.motocrossmag.be\\\/?s={search_term_string}\"},\"query-input\":{\"@type\":\"PropertyValueSpecification\",\"valueRequired\":true,\"valueName\":\"search_term_string\"}}],\"inLanguage\":\"fr-FR\"},{\"@type\":\"Person\",\"@id\":\"https:\\\/\\\/fr.motocrossmag.be\\\/#\\\/schema\\\/person\\\/11b47143d9f755babca2c9110e03235c\",\"name\":\"oliviere\",\"image\":{\"@type\":\"ImageObject\",\"inLanguage\":\"fr-FR\",\"@id\":\"https:\\\/\\\/secure.gravatar.com\\\/avatar\\\/907069e0b81d119452040469e4a7501da1100f54f7f80180ce77bfab718288f6?s=96&d=mm&r=g\",\"url\":\"https:\\\/\\\/secure.gravatar.com\\\/avatar\\\/907069e0b81d119452040469e4a7501da1100f54f7f80180ce77bfab718288f6?s=96&d=mm&r=g\",\"contentUrl\":\"https:\\\/\\\/secure.gravatar.com\\\/avatar\\\/907069e0b81d119452040469e4a7501da1100f54f7f80180ce77bfab718288f6?s=96&d=mm&r=g\",\"caption\":\"oliviere\"},\"sameAs\":[\"http:\\\/\\\/www.motocrossmag.be\"],\"url\":\"https:\\\/\\\/fr.motocrossmag.be\\\/index.php\\\/author\\\/oliviere\\\/\"}]}<\/script>\n<!-- \/ Yoast SEO plugin. -->","yoast_head_json":{"title":"Jago Geerts : une saison qui devait \u00eatre la sienne - Motocross - Enduro - Supermoto | MotocrossMag","robots":{"index":"index","follow":"follow","max-snippet":"max-snippet:-1","max-image-preview":"max-image-preview:large","max-video-preview":"max-video-preview:-1"},"canonical":"https:\/\/fr.motocrossmag.be\/index.php\/2023\/08\/jago-geerts-une-saison-qui-devait-etre-la-sienne\/","og_locale":"fr_FR","og_type":"article","og_title":"Jago Geerts : une saison qui devait \u00eatre la sienne - Motocross - Enduro - Supermoto | MotocrossMag","og_description":"En 2018, Jago Geerts montait sur son premier podium MX2. Il avait 18 ans. Ces quatre derni\u00e8res saisons, il n&rsquo;est jamais descendu du podium final du mondial MX2 et compte [...]","og_url":"https:\/\/fr.motocrossmag.be\/index.php\/2023\/08\/jago-geerts-une-saison-qui-devait-etre-la-sienne\/","og_site_name":"Motocross - Enduro - Supermoto | MotocrossMag","article_published_time":"2023-08-17T22:19:16+00:00","article_modified_time":"2023-08-17T22:20:19+00:00","og_image":[{"width":1200,"height":800,"url":"https:\/\/fr.motocrossmag.be\/wp-content\/uploads\/2023\/07\/Geerts_Finland_2023_Fullspectrum_ESZ-30923.jpg","type":"image\/jpeg"}],"author":"oliviere","twitter_card":"summary_large_image","twitter_misc":{"\u00c9crit par":"oliviere","Dur\u00e9e de lecture estim\u00e9e":"5 minutes"},"schema":{"@context":"https:\/\/schema.org","@graph":[{"@type":"Article","@id":"https:\/\/fr.motocrossmag.be\/index.php\/2023\/08\/jago-geerts-une-saison-qui-devait-etre-la-sienne\/#article","isPartOf":{"@id":"https:\/\/fr.motocrossmag.be\/index.php\/2023\/08\/jago-geerts-une-saison-qui-devait-etre-la-sienne\/"},"author":{"name":"oliviere","@id":"https:\/\/fr.motocrossmag.be\/#\/schema\/person\/11b47143d9f755babca2c9110e03235c"},"headline":"Jago Geerts : une saison qui devait \u00eatre la sienne","datePublished":"2023-08-17T22:19:16+00:00","dateModified":"2023-08-17T22:20:19+00:00","mainEntityOfPage":{"@id":"https:\/\/fr.motocrossmag.be\/index.php\/2023\/08\/jago-geerts-une-saison-qui-devait-etre-la-sienne\/"},"wordCount":1105,"commentCount":0,"image":{"@id":"https:\/\/fr.motocrossmag.be\/index.php\/2023\/08\/jago-geerts-une-saison-qui-devait-etre-la-sienne\/#primaryimage"},"thumbnailUrl":"https:\/\/fr.motocrossmag.be\/wp-content\/uploads\/2023\/07\/Geerts_Finland_2023_Fullspectrum_ESZ-30923.jpg","keywords":["hans corvers","Jago Geerts","Motocross","MXGP"],"articleSection":["Actualit\u00e9","Interviews","Interviews -all","Motocross","Motocross MXGP","News","News","Slideshow"],"inLanguage":"fr-FR","potentialAction":[{"@type":"CommentAction","name":"Comment","target":["https:\/\/fr.motocrossmag.be\/index.php\/2023\/08\/jago-geerts-une-saison-qui-devait-etre-la-sienne\/#respond"]}]},{"@type":"WebPage","@id":"https:\/\/fr.motocrossmag.be\/index.php\/2023\/08\/jago-geerts-une-saison-qui-devait-etre-la-sienne\/","url":"https:\/\/fr.motocrossmag.be\/index.php\/2023\/08\/jago-geerts-une-saison-qui-devait-etre-la-sienne\/","name":"Jago Geerts : une saison qui devait \u00eatre la sienne - Motocross - Enduro - Supermoto | MotocrossMag","isPartOf":{"@id":"https:\/\/fr.motocrossmag.be\/#website"},"primaryImageOfPage":{"@id":"https:\/\/fr.motocrossmag.be\/index.php\/2023\/08\/jago-geerts-une-saison-qui-devait-etre-la-sienne\/#primaryimage"},"image":{"@id":"https:\/\/fr.motocrossmag.be\/index.php\/2023\/08\/jago-geerts-une-saison-qui-devait-etre-la-sienne\/#primaryimage"},"thumbnailUrl":"https:\/\/fr.motocrossmag.be\/wp-content\/uploads\/2023\/07\/Geerts_Finland_2023_Fullspectrum_ESZ-30923.jpg","datePublished":"2023-08-17T22:19:16+00:00","dateModified":"2023-08-17T22:20:19+00:00","author":{"@id":"https:\/\/fr.motocrossmag.be\/#\/schema\/person\/11b47143d9f755babca2c9110e03235c"},"breadcrumb":{"@id":"https:\/\/fr.motocrossmag.be\/index.php\/2023\/08\/jago-geerts-une-saison-qui-devait-etre-la-sienne\/#breadcrumb"},"inLanguage":"fr-FR","potentialAction":[{"@type":"ReadAction","target":["https:\/\/fr.motocrossmag.be\/index.php\/2023\/08\/jago-geerts-une-saison-qui-devait-etre-la-sienne\/"]}]},{"@type":"ImageObject","inLanguage":"fr-FR","@id":"https:\/\/fr.motocrossmag.be\/index.php\/2023\/08\/jago-geerts-une-saison-qui-devait-etre-la-sienne\/#primaryimage","url":"https:\/\/fr.motocrossmag.be\/wp-content\/uploads\/2023\/07\/Geerts_Finland_2023_Fullspectrum_ESZ-30923.jpg","contentUrl":"https:\/\/fr.motocrossmag.be\/wp-content\/uploads\/2023\/07\/Geerts_Finland_2023_Fullspectrum_ESZ-30923.jpg","width":1200,"height":800},{"@type":"BreadcrumbList","@id":"https:\/\/fr.motocrossmag.be\/index.php\/2023\/08\/jago-geerts-une-saison-qui-devait-etre-la-sienne\/#breadcrumb","itemListElement":[{"@type":"ListItem","position":1,"name":"Accueil","item":"https:\/\/fr.motocrossmag.be\/"},{"@type":"ListItem","position":2,"name":"Jago Geerts : une saison qui devait \u00eatre la sienne"}]},{"@type":"WebSite","@id":"https:\/\/fr.motocrossmag.be\/#website","url":"https:\/\/fr.motocrossmag.be\/","name":"Motocross - Enduro - Supermoto | MotocrossMag","description":"L&#039;actualit\u00e9 du motocross, de l&#039;enduro et du Supermoto en ligne!","potentialAction":[{"@type":"SearchAction","target":{"@type":"EntryPoint","urlTemplate":"https:\/\/fr.motocrossmag.be\/?s={search_term_string}"},"query-input":{"@type":"PropertyValueSpecification","valueRequired":true,"valueName":"search_term_string"}}],"inLanguage":"fr-FR"},{"@type":"Person","@id":"https:\/\/fr.motocrossmag.be\/#\/schema\/person\/11b47143d9f755babca2c9110e03235c","name":"oliviere","image":{"@type":"ImageObject","inLanguage":"fr-FR","@id":"https:\/\/secure.gravatar.com\/avatar\/907069e0b81d119452040469e4a7501da1100f54f7f80180ce77bfab718288f6?s=96&d=mm&r=g","url":"https:\/\/secure.gravatar.com\/avatar\/907069e0b81d119452040469e4a7501da1100f54f7f80180ce77bfab718288f6?s=96&d=mm&r=g","contentUrl":"https:\/\/secure.gravatar.com\/avatar\/907069e0b81d119452040469e4a7501da1100f54f7f80180ce77bfab718288f6?s=96&d=mm&r=g","caption":"oliviere"},"sameAs":["http:\/\/www.motocrossmag.be"],"url":"https:\/\/fr.motocrossmag.be\/index.php\/author\/oliviere\/"}]}},"_links":{"self":[{"href":"https:\/\/fr.motocrossmag.be\/index.php\/wp-json\/wp\/v2\/posts\/127766","targetHints":{"allow":["GET"]}}],"collection":[{"href":"https:\/\/fr.motocrossmag.be\/index.php\/wp-json\/wp\/v2\/posts"}],"about":[{"href":"https:\/\/fr.motocrossmag.be\/index.php\/wp-json\/wp\/v2\/types\/post"}],"author":[{"embeddable":true,"href":"https:\/\/fr.motocrossmag.be\/index.php\/wp-json\/wp\/v2\/users\/932"}],"replies":[{"embeddable":true,"href":"https:\/\/fr.motocrossmag.be\/index.php\/wp-json\/wp\/v2\/comments?post=127766"}],"version-history":[{"count":1,"href":"https:\/\/fr.motocrossmag.be\/index.php\/wp-json\/wp\/v2\/posts\/127766\/revisions"}],"predecessor-version":[{"id":127767,"href":"https:\/\/fr.motocrossmag.be\/index.php\/wp-json\/wp\/v2\/posts\/127766\/revisions\/127767"}],"wp:featuredmedia":[{"embeddable":true,"href":"https:\/\/fr.motocrossmag.be\/index.php\/wp-json\/wp\/v2\/media\/126977"}],"wp:attachment":[{"href":"https:\/\/fr.motocrossmag.be\/index.php\/wp-json\/wp\/v2\/media?parent=127766"}],"wp:term":[{"taxonomy":"category","embeddable":true,"href":"https:\/\/fr.motocrossmag.be\/index.php\/wp-json\/wp\/v2\/categories?post=127766"},{"taxonomy":"post_tag","embeddable":true,"href":"https:\/\/fr.motocrossmag.be\/index.php\/wp-json\/wp\/v2\/tags?post=127766"}],"curies":[{"name":"wp","href":"https:\/\/api.w.org\/{rel}","templated":true}]}}