{"id":127768,"date":"2023-08-18T11:52:11","date_gmt":"2023-08-18T09:52:11","guid":{"rendered":"https:\/\/fr.motocrossmag.be\/?p=127768"},"modified":"2023-08-18T11:53:06","modified_gmt":"2023-08-18T09:53:06","slug":"kimi-raikkonen-la-difference-entre-une-cinquieme-place-et-une-victoire-est-minime","status":"publish","type":"post","link":"https:\/\/fr.motocrossmag.be\/index.php\/2023\/08\/kimi-raikkonen-la-difference-entre-une-cinquieme-place-et-une-victoire-est-minime\/","title":{"rendered":"Kimi Raikkonen : \u00ab\u00a0La diff\u00e9rence entre une cinqui\u00e8me place et une victoire est minime\u00a0\u00bb"},"content":{"rendered":"<p><strong>Passionn\u00e9 par le sport, le directeur de l&rsquo;\u00e9quipe KRT, Kimi Raikkonen, assiste chaque ann\u00e9e \u00e0 certaines \u00e9preuves du championnat du monde FIM de motocross. Au cours de sa deuxi\u00e8me ann\u00e9e d&rsquo;activit\u00e9 avec Kawasaki dans la cat\u00e9gorie MXGP, son \u00e9quipe a d\u00e9j\u00e0 obtenu de nombreux podiums, dont cinq victoires cons\u00e9cutives en GP pour le chef de file Romain Febvre. De quoi rendre l&rsquo;ancien pilote de F1 heureux.<\/strong><\/p>\n<p><a href=\"https:\/\/fr.motocrossmag.be\/wp-content\/uploads\/2023\/08\/hi_RAIKKONEN_Finland_2023_Fullspectrum_JC-0410.jpg\"><img decoding=\"async\" class=\"lazyload alignnone size-full wp-image-127774\" src=\"https:\/\/fr.motocrossmag.be\/wp-content\/uploads\/2023\/08\/hi_RAIKKONEN_Finland_2023_Fullspectrum_JC-0410.jpg\" data-orig-src=\"https:\/\/fr.motocrossmag.be\/wp-content\/uploads\/2023\/08\/hi_RAIKKONEN_Finland_2023_Fullspectrum_JC-0410.jpg\" alt=\"\" width=\"1200\" height=\"800\" srcset=\"data:image\/svg+xml,%3Csvg%20xmlns%3D%27http%3A%2F%2Fwww.w3.org%2F2000%2Fsvg%27%20width%3D%271200%27%20height%3D%27800%27%20viewBox%3D%270%200%201200%20800%27%3E%3Crect%20width%3D%271200%27%20height%3D%27800%27%20fill-opacity%3D%220%22%2F%3E%3C%2Fsvg%3E\" data-srcset=\"https:\/\/fr.motocrossmag.be\/wp-content\/uploads\/2023\/08\/hi_RAIKKONEN_Finland_2023_Fullspectrum_JC-0410-650x433.jpg 650w, https:\/\/fr.motocrossmag.be\/wp-content\/uploads\/2023\/08\/hi_RAIKKONEN_Finland_2023_Fullspectrum_JC-0410-768x512.jpg 768w, https:\/\/fr.motocrossmag.be\/wp-content\/uploads\/2023\/08\/hi_RAIKKONEN_Finland_2023_Fullspectrum_JC-0410-1024x683.jpg 1024w, https:\/\/fr.motocrossmag.be\/wp-content\/uploads\/2023\/08\/hi_RAIKKONEN_Finland_2023_Fullspectrum_JC-0410.jpg 1200w\" data-sizes=\"auto\" data-orig-sizes=\"(max-width: 1200px) 100vw, 1200px\" \/><\/a><\/p>\n<p><strong>Kimi, as-tu fait du motocross toi-m\u00eame et comment cela a-t-il commenc\u00e9 pour toi ?<\/strong><\/p>\n<p>Enfant, j&rsquo;ai commenc\u00e9 comme beaucoup d&rsquo;autres enfants \u00e0 l&rsquo;\u00e9poque, avec une mini-moto Italjet. C&rsquo;\u00e9tait une moto de 50 cm3 qui m&rsquo;a appris l&rsquo;\u00e9quilibre, l&rsquo;attitude de la machine et le contr\u00f4le de l&rsquo;acc\u00e9l\u00e9ration. Je suppose que c&rsquo;est de l\u00e0 que vient mon amour du tout-terrain et du MX. Dans ma jeunesse, je ne faisais pas beaucoup de comp\u00e9titions sur deux roues, mais plus tard, j&rsquo;ai particip\u00e9 \u00e0 des courses de club sur une KX250. J&rsquo;ai toujours aim\u00e9 le d\u00e9fi que repr\u00e9sente le MX et son c\u00f4t\u00e9 physique. C&rsquo;est une sensation formidable et apr\u00e8s avoir roul\u00e9, on a toujours l&rsquo;impression de s&rsquo;\u00eatre mis au d\u00e9fi d&rsquo;une mani\u00e8re vraiment positive.<\/p>\n<p><strong>Aviez-vous le droit de courir en motocross comme un pilote de Formule 1 ?<\/strong><\/p>\n<p>Je participais parfois \u00e0 de petites courses de clubs, mais c&rsquo;\u00e9tait juste pour le plaisir. Je n&rsquo;ai pas particip\u00e9 \u00e0 des courses de haut niveau, mais j&rsquo;estimais que cela faisait partie de mon programme de remise en forme. Je ne sais pas ce qu&rsquo;en ont pens\u00e9 mes \u00e9quipes, car je ne leur en ai jamais parl\u00e9.<\/p>\n<p><a href=\"https:\/\/fr.motocrossmag.be\/wp-content\/uploads\/2022\/01\/raikkonen-everts.jpg\"><img decoding=\"async\" class=\"lazyload alignnone size-full wp-image-114554\" src=\"https:\/\/fr.motocrossmag.be\/wp-content\/uploads\/2022\/01\/raikkonen-everts.jpg\" data-orig-src=\"https:\/\/fr.motocrossmag.be\/wp-content\/uploads\/2022\/01\/raikkonen-everts.jpg\" alt=\"\" width=\"1000\" height=\"652\" srcset=\"data:image\/svg+xml,%3Csvg%20xmlns%3D%27http%3A%2F%2Fwww.w3.org%2F2000%2Fsvg%27%20width%3D%271000%27%20height%3D%27652%27%20viewBox%3D%270%200%201000%20652%27%3E%3Crect%20width%3D%271000%27%20height%3D%27652%27%20fill-opacity%3D%220%22%2F%3E%3C%2Fsvg%3E\" data-srcset=\"https:\/\/fr.motocrossmag.be\/wp-content\/uploads\/2022\/01\/raikkonen-everts-650x424.jpg 650w, https:\/\/fr.motocrossmag.be\/wp-content\/uploads\/2022\/01\/raikkonen-everts-768x501.jpg 768w, https:\/\/fr.motocrossmag.be\/wp-content\/uploads\/2022\/01\/raikkonen-everts.jpg 1000w\" data-sizes=\"auto\" data-orig-sizes=\"(max-width: 1000px) 100vw, 1000px\" \/><\/a><\/p>\n<p><strong>Comment avez-vous commenc\u00e9 \u00e0 constituer le team ?<\/strong><\/p>\n<p>Au d\u00e9but, bien s\u00fbr, c&rsquo;\u00e9tait avec des personnes compl\u00e8tement diff\u00e9rentes, mais ce n&rsquo;\u00e9tait pas ce que je voulais, c&rsquo;\u00e9tait trop d\u00e9sordonn\u00e9. J&rsquo;ai ensuite parl\u00e9 \u00e0 Antti vers 2010 ; en fait, j&rsquo;ai failli l&rsquo;engager comme pilote. Puis, six mois plus tard, lorsque j&rsquo;ai appris qu&rsquo;il arr\u00eatait, je l&rsquo;ai rappel\u00e9 pour qu&rsquo;il vienne diriger l&rsquo;\u00e9quipe. Aujourd&rsquo;hui, la direction est tr\u00e8s bonne. Nous avons toujours voulu revenir chez Kawasaki ; c&rsquo;est la deuxi\u00e8me ann\u00e9e que nous sommes ensemble et nous avons une excellente relation avec les Japonais et tout le groupe Kawasaki. Kawasaki pousse beaucoup et c&rsquo;est formidable de faire partie du groupe, de les aider \u00e0 d\u00e9velopper la moto.<\/p>\n<p><strong>Vous devez \u00eatre ravi de vos r\u00e9cents succ\u00e8s : cinq victoires cons\u00e9cutives !<\/strong><\/p>\n<p>Bien s\u00fbr, c&rsquo;est agr\u00e9able de gagner et nous travaillons dans cet objectif depuis de nombreuses ann\u00e9es. Nous voulons toujours gagner, mais la diff\u00e9rence entre une cinqui\u00e8me place et une victoire est minime. C&rsquo;est formidable de gagner, et nous prenons les choses quand elles viennent, mais nous savons qu&rsquo;il est facile de faire l&rsquo;inverse. L&rsquo;ann\u00e9e derni\u00e8re a \u00e9t\u00e9 difficile avec la blessure de Romain et, bien s\u00fbr, c&rsquo;\u00e9tait aussi la premi\u00e8re ann\u00e9e pour nous avec Kawasaki. Romain a bien roul\u00e9 et maintenant, il gagne ! Mitch (Evans, ndlr) est de plus en plus fort, alors nous esp\u00e9rons voir nos deux motos \u00e0 l&rsquo;avant d&rsquo;ici peu.<\/p>\n<p><a href=\"https:\/\/fr.motocrossmag.be\/wp-content\/uploads\/2023\/08\/hi_RAIKKONEN_GP14_PH_3686.jpg\"><img decoding=\"async\" class=\"lazyload alignnone size-full wp-image-127776\" src=\"https:\/\/fr.motocrossmag.be\/wp-content\/uploads\/2023\/08\/hi_RAIKKONEN_GP14_PH_3686.jpg\" data-orig-src=\"https:\/\/fr.motocrossmag.be\/wp-content\/uploads\/2023\/08\/hi_RAIKKONEN_GP14_PH_3686.jpg\" alt=\"\" width=\"1200\" height=\"800\" srcset=\"data:image\/svg+xml,%3Csvg%20xmlns%3D%27http%3A%2F%2Fwww.w3.org%2F2000%2Fsvg%27%20width%3D%271200%27%20height%3D%27800%27%20viewBox%3D%270%200%201200%20800%27%3E%3Crect%20width%3D%271200%27%20height%3D%27800%27%20fill-opacity%3D%220%22%2F%3E%3C%2Fsvg%3E\" data-srcset=\"https:\/\/fr.motocrossmag.be\/wp-content\/uploads\/2023\/08\/hi_RAIKKONEN_GP14_PH_3686-650x433.jpg 650w, https:\/\/fr.motocrossmag.be\/wp-content\/uploads\/2023\/08\/hi_RAIKKONEN_GP14_PH_3686-768x512.jpg 768w, https:\/\/fr.motocrossmag.be\/wp-content\/uploads\/2023\/08\/hi_RAIKKONEN_GP14_PH_3686-1024x683.jpg 1024w, https:\/\/fr.motocrossmag.be\/wp-content\/uploads\/2023\/08\/hi_RAIKKONEN_GP14_PH_3686.jpg 1200w\" data-sizes=\"auto\" data-orig-sizes=\"(max-width: 1200px) 100vw, 1200px\" \/><\/a><\/p>\n<p><strong>\u00cates-vous satisfait du d\u00e9veloppement ?<\/strong><\/p>\n<p>Oui, ces deux derni\u00e8res ann\u00e9es ont \u00e9t\u00e9 tr\u00e8s charg\u00e9es, avec d&rsquo;abord le changement de constructeur l&rsquo;ann\u00e9e derni\u00e8re, puis l&rsquo;arriv\u00e9e de la nouvelle moto. C&rsquo;\u00e9tait presque comme repartir de z\u00e9ro cette ann\u00e9e avec la nouvelle moto, mais nous \u00e9tions pr\u00e9par\u00e9s et nous avons maintenant tout ce que nous voulons. Il y a toujours des choses qui peuvent \u00eatre am\u00e9lior\u00e9es, mais il faut que le processus ait du sens. On peut faire les choses tr\u00e8s rapidement, mais il faut que cela fonctionne bien, que cela corresponde \u00e0 100 % \u00e0 ce que l&rsquo;on veut. Le travail pour rendre les pilotes encore plus satisfaits est forc\u00e9ment\u00a0sans fin.<\/p>\n<p><strong>Avez-vous essay\u00e9 la nouvelle KX450 ?<\/strong><\/p>\n<p>Nous avons un nouveau b\u00e9b\u00e9 cette ann\u00e9e, j&rsquo;ai donc \u00e9t\u00e9 tr\u00e8s occup\u00e9 avec ma famille et je n&rsquo;ai pas encore eu l&rsquo;occasion de piloter la nouvelle moto. Mais j&rsquo;esp\u00e8re que je trouverai le temps de le faire cet hiver. En fait, j&rsquo;ai une KX250 et une KX450. En parlant franchement, j&rsquo;ai \u00e9t\u00e9 \u00e9tonn\u00e9 de voir \u00e0 quel point elles sont faciles et agr\u00e9ables \u00e0 piloter.<\/p>\n<p><a href=\"https:\/\/fr.motocrossmag.be\/wp-content\/uploads\/2023\/08\/hi_KRT_PH_6954.jpg\"><img decoding=\"async\" class=\"lazyload alignnone size-full wp-image-127773\" src=\"https:\/\/fr.motocrossmag.be\/wp-content\/uploads\/2023\/08\/hi_KRT_PH_6954.jpg\" data-orig-src=\"https:\/\/fr.motocrossmag.be\/wp-content\/uploads\/2023\/08\/hi_KRT_PH_6954.jpg\" alt=\"\" width=\"1200\" height=\"800\" srcset=\"data:image\/svg+xml,%3Csvg%20xmlns%3D%27http%3A%2F%2Fwww.w3.org%2F2000%2Fsvg%27%20width%3D%271200%27%20height%3D%27800%27%20viewBox%3D%270%200%201200%20800%27%3E%3Crect%20width%3D%271200%27%20height%3D%27800%27%20fill-opacity%3D%220%22%2F%3E%3C%2Fsvg%3E\" data-srcset=\"https:\/\/fr.motocrossmag.be\/wp-content\/uploads\/2023\/08\/hi_KRT_PH_6954-650x433.jpg 650w, https:\/\/fr.motocrossmag.be\/wp-content\/uploads\/2023\/08\/hi_KRT_PH_6954-768x512.jpg 768w, https:\/\/fr.motocrossmag.be\/wp-content\/uploads\/2023\/08\/hi_KRT_PH_6954-1024x683.jpg 1024w, https:\/\/fr.motocrossmag.be\/wp-content\/uploads\/2023\/08\/hi_KRT_PH_6954.jpg 1200w\" data-sizes=\"auto\" data-orig-sizes=\"(max-width: 1200px) 100vw, 1200px\" \/><\/a><\/p>\n<p><strong>La 450 te convient-elle ou pr\u00e9f\u00e8res-tu la 250 pour rouler tous les jours ?<\/strong><\/p>\n<p>Je ne m&rsquo;entra\u00eene pas et je ne roule pas tous les jours, alors je pr\u00e9f\u00e8re la 250 sur ma piste en Finlande. Pour moi, la 450 serait clairement mieux adapt\u00e9e \u00e0 un circuit plus grand et si j&rsquo;avais plus de temps pour rouler. C&rsquo;est une moto s\u00e9rieuse et il faut l&rsquo;aborder de la m\u00eame mani\u00e8re, avec s\u00e9rieux.<\/p>\n","protected":false},"excerpt":{"rendered":"<p>Passionn\u00e9 par le sport, le directeur de l&rsquo;\u00e9quipe KRT, Kimi Raikkonen, assiste chaque ann\u00e9e \u00e0 certaines \u00e9preuves du championnat du monde FIM de motocross. Au cours de sa deuxi\u00e8me ann\u00e9e [&#8230;]<\/p>\n","protected":false},"author":932,"featured_media":127775,"comment_status":"open","ping_status":"closed","sticky":false,"template":"","format":"standard","meta":{"footnotes":""},"categories":[54,58,4,6,5,55,65],"tags":[140,722,1317,947,568,456],"class_list":["post-127768","post","type-post","status-publish","format-standard","has-post-thumbnail","hentry","category-actualite","category-interviews-actualite","category-motocross","category-mx1mx2","category-news","category-news-actualite","category-slideshow","tag-kawasaki","tag-kimi-raikkonen","tag-mitch-evans","tag-motocross","tag-mxgp","tag-romain-febvre"],"yoast_head":"<!-- This site is optimized with the Yoast SEO plugin v27.4 - https:\/\/yoast.com\/product\/yoast-seo-wordpress\/ -->\n<title>Kimi Raikkonen : &quot;La diff\u00e9rence entre une cinqui\u00e8me place et une victoire est minime&quot; - Motocross - Enduro - Supermoto | MotocrossMag<\/title>\n<meta name=\"robots\" content=\"index, follow, max-snippet:-1, max-image-preview:large, max-video-preview:-1\" \/>\n<link rel=\"canonical\" href=\"https:\/\/fr.motocrossmag.be\/index.php\/2023\/08\/kimi-raikkonen-la-difference-entre-une-cinquieme-place-et-une-victoire-est-minime\/\" \/>\n<meta property=\"og:locale\" content=\"fr_FR\" \/>\n<meta property=\"og:type\" content=\"article\" \/>\n<meta property=\"og:title\" content=\"Kimi Raikkonen : &quot;La diff\u00e9rence entre une cinqui\u00e8me place et une victoire est minime&quot; - Motocross - Enduro - Supermoto | MotocrossMag\" \/>\n<meta property=\"og:description\" content=\"Passionn\u00e9 par le sport, le directeur de l&rsquo;\u00e9quipe KRT, Kimi Raikkonen, assiste chaque ann\u00e9e \u00e0 certaines \u00e9preuves du championnat du monde FIM de motocross. Au cours de sa deuxi\u00e8me ann\u00e9e [...]\" \/>\n<meta property=\"og:url\" content=\"https:\/\/fr.motocrossmag.be\/index.php\/2023\/08\/kimi-raikkonen-la-difference-entre-une-cinquieme-place-et-une-victoire-est-minime\/\" \/>\n<meta property=\"og:site_name\" content=\"Motocross - Enduro - Supermoto | MotocrossMag\" \/>\n<meta property=\"article:published_time\" content=\"2023-08-18T09:52:11+00:00\" \/>\n<meta property=\"article:modified_time\" content=\"2023-08-18T09:53:06+00:00\" \/>\n<meta property=\"og:image\" content=\"https:\/\/fr.motocrossmag.be\/wp-content\/uploads\/2023\/08\/hi_RAIKKONEN_GP14_PH_2500.jpg\" \/>\n\t<meta property=\"og:image:width\" content=\"1200\" \/>\n\t<meta property=\"og:image:height\" content=\"800\" \/>\n\t<meta property=\"og:image:type\" content=\"image\/jpeg\" \/>\n<meta name=\"author\" content=\"oliviere\" \/>\n<meta name=\"twitter:card\" content=\"summary_large_image\" \/>\n<meta name=\"twitter:label1\" content=\"\u00c9crit par\" \/>\n\t<meta name=\"twitter:data1\" content=\"oliviere\" \/>\n\t<meta name=\"twitter:label2\" content=\"Dur\u00e9e de lecture estim\u00e9e\" \/>\n\t<meta name=\"twitter:data2\" content=\"4 minutes\" \/>\n<script type=\"application\/ld+json\" class=\"yoast-schema-graph\">{\"@context\":\"https:\\\/\\\/schema.org\",\"@graph\":[{\"@type\":\"Article\",\"@id\":\"https:\\\/\\\/fr.motocrossmag.be\\\/index.php\\\/2023\\\/08\\\/kimi-raikkonen-la-difference-entre-une-cinquieme-place-et-une-victoire-est-minime\\\/#article\",\"isPartOf\":{\"@id\":\"https:\\\/\\\/fr.motocrossmag.be\\\/index.php\\\/2023\\\/08\\\/kimi-raikkonen-la-difference-entre-une-cinquieme-place-et-une-victoire-est-minime\\\/\"},\"author\":{\"name\":\"oliviere\",\"@id\":\"https:\\\/\\\/fr.motocrossmag.be\\\/#\\\/schema\\\/person\\\/11b47143d9f755babca2c9110e03235c\"},\"headline\":\"Kimi Raikkonen : \u00ab\u00a0La diff\u00e9rence entre une cinqui\u00e8me place et une victoire est minime\u00a0\u00bb\",\"datePublished\":\"2023-08-18T09:52:11+00:00\",\"dateModified\":\"2023-08-18T09:53:06+00:00\",\"mainEntityOfPage\":{\"@id\":\"https:\\\/\\\/fr.motocrossmag.be\\\/index.php\\\/2023\\\/08\\\/kimi-raikkonen-la-difference-entre-une-cinquieme-place-et-une-victoire-est-minime\\\/\"},\"wordCount\":854,\"commentCount\":0,\"image\":{\"@id\":\"https:\\\/\\\/fr.motocrossmag.be\\\/index.php\\\/2023\\\/08\\\/kimi-raikkonen-la-difference-entre-une-cinquieme-place-et-une-victoire-est-minime\\\/#primaryimage\"},\"thumbnailUrl\":\"https:\\\/\\\/fr.motocrossmag.be\\\/wp-content\\\/uploads\\\/2023\\\/08\\\/hi_RAIKKONEN_GP14_PH_2500.jpg\",\"keywords\":[\"kawasaki\",\"kimi raikkonen\",\"mitch evans\",\"Motocross\",\"MXGP\",\"romain febvre\"],\"articleSection\":[\"Actualit\u00e9\",\"Interviews -all\",\"Motocross\",\"Motocross MXGP\",\"News\",\"News\",\"Slideshow\"],\"inLanguage\":\"fr-FR\",\"potentialAction\":[{\"@type\":\"CommentAction\",\"name\":\"Comment\",\"target\":[\"https:\\\/\\\/fr.motocrossmag.be\\\/index.php\\\/2023\\\/08\\\/kimi-raikkonen-la-difference-entre-une-cinquieme-place-et-une-victoire-est-minime\\\/#respond\"]}]},{\"@type\":\"WebPage\",\"@id\":\"https:\\\/\\\/fr.motocrossmag.be\\\/index.php\\\/2023\\\/08\\\/kimi-raikkonen-la-difference-entre-une-cinquieme-place-et-une-victoire-est-minime\\\/\",\"url\":\"https:\\\/\\\/fr.motocrossmag.be\\\/index.php\\\/2023\\\/08\\\/kimi-raikkonen-la-difference-entre-une-cinquieme-place-et-une-victoire-est-minime\\\/\",\"name\":\"Kimi Raikkonen : \\\"La diff\u00e9rence entre une cinqui\u00e8me place et une victoire est minime\\\" - Motocross - Enduro - Supermoto | MotocrossMag\",\"isPartOf\":{\"@id\":\"https:\\\/\\\/fr.motocrossmag.be\\\/#website\"},\"primaryImageOfPage\":{\"@id\":\"https:\\\/\\\/fr.motocrossmag.be\\\/index.php\\\/2023\\\/08\\\/kimi-raikkonen-la-difference-entre-une-cinquieme-place-et-une-victoire-est-minime\\\/#primaryimage\"},\"image\":{\"@id\":\"https:\\\/\\\/fr.motocrossmag.be\\\/index.php\\\/2023\\\/08\\\/kimi-raikkonen-la-difference-entre-une-cinquieme-place-et-une-victoire-est-minime\\\/#primaryimage\"},\"thumbnailUrl\":\"https:\\\/\\\/fr.motocrossmag.be\\\/wp-content\\\/uploads\\\/2023\\\/08\\\/hi_RAIKKONEN_GP14_PH_2500.jpg\",\"datePublished\":\"2023-08-18T09:52:11+00:00\",\"dateModified\":\"2023-08-18T09:53:06+00:00\",\"author\":{\"@id\":\"https:\\\/\\\/fr.motocrossmag.be\\\/#\\\/schema\\\/person\\\/11b47143d9f755babca2c9110e03235c\"},\"breadcrumb\":{\"@id\":\"https:\\\/\\\/fr.motocrossmag.be\\\/index.php\\\/2023\\\/08\\\/kimi-raikkonen-la-difference-entre-une-cinquieme-place-et-une-victoire-est-minime\\\/#breadcrumb\"},\"inLanguage\":\"fr-FR\",\"potentialAction\":[{\"@type\":\"ReadAction\",\"target\":[\"https:\\\/\\\/fr.motocrossmag.be\\\/index.php\\\/2023\\\/08\\\/kimi-raikkonen-la-difference-entre-une-cinquieme-place-et-une-victoire-est-minime\\\/\"]}]},{\"@type\":\"ImageObject\",\"inLanguage\":\"fr-FR\",\"@id\":\"https:\\\/\\\/fr.motocrossmag.be\\\/index.php\\\/2023\\\/08\\\/kimi-raikkonen-la-difference-entre-une-cinquieme-place-et-une-victoire-est-minime\\\/#primaryimage\",\"url\":\"https:\\\/\\\/fr.motocrossmag.be\\\/wp-content\\\/uploads\\\/2023\\\/08\\\/hi_RAIKKONEN_GP14_PH_2500.jpg\",\"contentUrl\":\"https:\\\/\\\/fr.motocrossmag.be\\\/wp-content\\\/uploads\\\/2023\\\/08\\\/hi_RAIKKONEN_GP14_PH_2500.jpg\",\"width\":1200,\"height\":800},{\"@type\":\"BreadcrumbList\",\"@id\":\"https:\\\/\\\/fr.motocrossmag.be\\\/index.php\\\/2023\\\/08\\\/kimi-raikkonen-la-difference-entre-une-cinquieme-place-et-une-victoire-est-minime\\\/#breadcrumb\",\"itemListElement\":[{\"@type\":\"ListItem\",\"position\":1,\"name\":\"Accueil\",\"item\":\"https:\\\/\\\/fr.motocrossmag.be\\\/\"},{\"@type\":\"ListItem\",\"position\":2,\"name\":\"Kimi Raikkonen : \u00ab\u00a0La diff\u00e9rence entre une cinqui\u00e8me place et une victoire est minime\u00a0\u00bb\"}]},{\"@type\":\"WebSite\",\"@id\":\"https:\\\/\\\/fr.motocrossmag.be\\\/#website\",\"url\":\"https:\\\/\\\/fr.motocrossmag.be\\\/\",\"name\":\"Motocross - Enduro - Supermoto | MotocrossMag\",\"description\":\"L&#039;actualit\u00e9 du motocross, de l&#039;enduro et du Supermoto en ligne!\",\"potentialAction\":[{\"@type\":\"SearchAction\",\"target\":{\"@type\":\"EntryPoint\",\"urlTemplate\":\"https:\\\/\\\/fr.motocrossmag.be\\\/?s={search_term_string}\"},\"query-input\":{\"@type\":\"PropertyValueSpecification\",\"valueRequired\":true,\"valueName\":\"search_term_string\"}}],\"inLanguage\":\"fr-FR\"},{\"@type\":\"Person\",\"@id\":\"https:\\\/\\\/fr.motocrossmag.be\\\/#\\\/schema\\\/person\\\/11b47143d9f755babca2c9110e03235c\",\"name\":\"oliviere\",\"image\":{\"@type\":\"ImageObject\",\"inLanguage\":\"fr-FR\",\"@id\":\"https:\\\/\\\/secure.gravatar.com\\\/avatar\\\/907069e0b81d119452040469e4a7501da1100f54f7f80180ce77bfab718288f6?s=96&d=mm&r=g\",\"url\":\"https:\\\/\\\/secure.gravatar.com\\\/avatar\\\/907069e0b81d119452040469e4a7501da1100f54f7f80180ce77bfab718288f6?s=96&d=mm&r=g\",\"contentUrl\":\"https:\\\/\\\/secure.gravatar.com\\\/avatar\\\/907069e0b81d119452040469e4a7501da1100f54f7f80180ce77bfab718288f6?s=96&d=mm&r=g\",\"caption\":\"oliviere\"},\"sameAs\":[\"http:\\\/\\\/www.motocrossmag.be\"],\"url\":\"https:\\\/\\\/fr.motocrossmag.be\\\/index.php\\\/author\\\/oliviere\\\/\"}]}<\/script>\n<!-- \/ Yoast SEO plugin. -->","yoast_head_json":{"title":"Kimi Raikkonen : \"La diff\u00e9rence entre une cinqui\u00e8me place et une victoire est minime\" - Motocross - Enduro - Supermoto | MotocrossMag","robots":{"index":"index","follow":"follow","max-snippet":"max-snippet:-1","max-image-preview":"max-image-preview:large","max-video-preview":"max-video-preview:-1"},"canonical":"https:\/\/fr.motocrossmag.be\/index.php\/2023\/08\/kimi-raikkonen-la-difference-entre-une-cinquieme-place-et-une-victoire-est-minime\/","og_locale":"fr_FR","og_type":"article","og_title":"Kimi Raikkonen : \"La diff\u00e9rence entre une cinqui\u00e8me place et une victoire est minime\" - Motocross - Enduro - Supermoto | MotocrossMag","og_description":"Passionn\u00e9 par le sport, le directeur de l&rsquo;\u00e9quipe KRT, Kimi Raikkonen, assiste chaque ann\u00e9e \u00e0 certaines \u00e9preuves du championnat du monde FIM de motocross. Au cours de sa deuxi\u00e8me ann\u00e9e [...]","og_url":"https:\/\/fr.motocrossmag.be\/index.php\/2023\/08\/kimi-raikkonen-la-difference-entre-une-cinquieme-place-et-une-victoire-est-minime\/","og_site_name":"Motocross - Enduro - Supermoto | MotocrossMag","article_published_time":"2023-08-18T09:52:11+00:00","article_modified_time":"2023-08-18T09:53:06+00:00","og_image":[{"width":1200,"height":800,"url":"https:\/\/fr.motocrossmag.be\/wp-content\/uploads\/2023\/08\/hi_RAIKKONEN_GP14_PH_2500.jpg","type":"image\/jpeg"}],"author":"oliviere","twitter_card":"summary_large_image","twitter_misc":{"\u00c9crit par":"oliviere","Dur\u00e9e de lecture estim\u00e9e":"4 minutes"},"schema":{"@context":"https:\/\/schema.org","@graph":[{"@type":"Article","@id":"https:\/\/fr.motocrossmag.be\/index.php\/2023\/08\/kimi-raikkonen-la-difference-entre-une-cinquieme-place-et-une-victoire-est-minime\/#article","isPartOf":{"@id":"https:\/\/fr.motocrossmag.be\/index.php\/2023\/08\/kimi-raikkonen-la-difference-entre-une-cinquieme-place-et-une-victoire-est-minime\/"},"author":{"name":"oliviere","@id":"https:\/\/fr.motocrossmag.be\/#\/schema\/person\/11b47143d9f755babca2c9110e03235c"},"headline":"Kimi Raikkonen : \u00ab\u00a0La diff\u00e9rence entre une cinqui\u00e8me place et une victoire est minime\u00a0\u00bb","datePublished":"2023-08-18T09:52:11+00:00","dateModified":"2023-08-18T09:53:06+00:00","mainEntityOfPage":{"@id":"https:\/\/fr.motocrossmag.be\/index.php\/2023\/08\/kimi-raikkonen-la-difference-entre-une-cinquieme-place-et-une-victoire-est-minime\/"},"wordCount":854,"commentCount":0,"image":{"@id":"https:\/\/fr.motocrossmag.be\/index.php\/2023\/08\/kimi-raikkonen-la-difference-entre-une-cinquieme-place-et-une-victoire-est-minime\/#primaryimage"},"thumbnailUrl":"https:\/\/fr.motocrossmag.be\/wp-content\/uploads\/2023\/08\/hi_RAIKKONEN_GP14_PH_2500.jpg","keywords":["kawasaki","kimi raikkonen","mitch evans","Motocross","MXGP","romain febvre"],"articleSection":["Actualit\u00e9","Interviews -all","Motocross","Motocross MXGP","News","News","Slideshow"],"inLanguage":"fr-FR","potentialAction":[{"@type":"CommentAction","name":"Comment","target":["https:\/\/fr.motocrossmag.be\/index.php\/2023\/08\/kimi-raikkonen-la-difference-entre-une-cinquieme-place-et-une-victoire-est-minime\/#respond"]}]},{"@type":"WebPage","@id":"https:\/\/fr.motocrossmag.be\/index.php\/2023\/08\/kimi-raikkonen-la-difference-entre-une-cinquieme-place-et-une-victoire-est-minime\/","url":"https:\/\/fr.motocrossmag.be\/index.php\/2023\/08\/kimi-raikkonen-la-difference-entre-une-cinquieme-place-et-une-victoire-est-minime\/","name":"Kimi Raikkonen : \"La diff\u00e9rence entre une cinqui\u00e8me place et une victoire est minime\" - Motocross - Enduro - Supermoto | MotocrossMag","isPartOf":{"@id":"https:\/\/fr.motocrossmag.be\/#website"},"primaryImageOfPage":{"@id":"https:\/\/fr.motocrossmag.be\/index.php\/2023\/08\/kimi-raikkonen-la-difference-entre-une-cinquieme-place-et-une-victoire-est-minime\/#primaryimage"},"image":{"@id":"https:\/\/fr.motocrossmag.be\/index.php\/2023\/08\/kimi-raikkonen-la-difference-entre-une-cinquieme-place-et-une-victoire-est-minime\/#primaryimage"},"thumbnailUrl":"https:\/\/fr.motocrossmag.be\/wp-content\/uploads\/2023\/08\/hi_RAIKKONEN_GP14_PH_2500.jpg","datePublished":"2023-08-18T09:52:11+00:00","dateModified":"2023-08-18T09:53:06+00:00","author":{"@id":"https:\/\/fr.motocrossmag.be\/#\/schema\/person\/11b47143d9f755babca2c9110e03235c"},"breadcrumb":{"@id":"https:\/\/fr.motocrossmag.be\/index.php\/2023\/08\/kimi-raikkonen-la-difference-entre-une-cinquieme-place-et-une-victoire-est-minime\/#breadcrumb"},"inLanguage":"fr-FR","potentialAction":[{"@type":"ReadAction","target":["https:\/\/fr.motocrossmag.be\/index.php\/2023\/08\/kimi-raikkonen-la-difference-entre-une-cinquieme-place-et-une-victoire-est-minime\/"]}]},{"@type":"ImageObject","inLanguage":"fr-FR","@id":"https:\/\/fr.motocrossmag.be\/index.php\/2023\/08\/kimi-raikkonen-la-difference-entre-une-cinquieme-place-et-une-victoire-est-minime\/#primaryimage","url":"https:\/\/fr.motocrossmag.be\/wp-content\/uploads\/2023\/08\/hi_RAIKKONEN_GP14_PH_2500.jpg","contentUrl":"https:\/\/fr.motocrossmag.be\/wp-content\/uploads\/2023\/08\/hi_RAIKKONEN_GP14_PH_2500.jpg","width":1200,"height":800},{"@type":"BreadcrumbList","@id":"https:\/\/fr.motocrossmag.be\/index.php\/2023\/08\/kimi-raikkonen-la-difference-entre-une-cinquieme-place-et-une-victoire-est-minime\/#breadcrumb","itemListElement":[{"@type":"ListItem","position":1,"name":"Accueil","item":"https:\/\/fr.motocrossmag.be\/"},{"@type":"ListItem","position":2,"name":"Kimi Raikkonen : \u00ab\u00a0La diff\u00e9rence entre une cinqui\u00e8me place et une victoire est minime\u00a0\u00bb"}]},{"@type":"WebSite","@id":"https:\/\/fr.motocrossmag.be\/#website","url":"https:\/\/fr.motocrossmag.be\/","name":"Motocross - Enduro - Supermoto | MotocrossMag","description":"L&#039;actualit\u00e9 du motocross, de l&#039;enduro et du Supermoto en ligne!","potentialAction":[{"@type":"SearchAction","target":{"@type":"EntryPoint","urlTemplate":"https:\/\/fr.motocrossmag.be\/?s={search_term_string}"},"query-input":{"@type":"PropertyValueSpecification","valueRequired":true,"valueName":"search_term_string"}}],"inLanguage":"fr-FR"},{"@type":"Person","@id":"https:\/\/fr.motocrossmag.be\/#\/schema\/person\/11b47143d9f755babca2c9110e03235c","name":"oliviere","image":{"@type":"ImageObject","inLanguage":"fr-FR","@id":"https:\/\/secure.gravatar.com\/avatar\/907069e0b81d119452040469e4a7501da1100f54f7f80180ce77bfab718288f6?s=96&d=mm&r=g","url":"https:\/\/secure.gravatar.com\/avatar\/907069e0b81d119452040469e4a7501da1100f54f7f80180ce77bfab718288f6?s=96&d=mm&r=g","contentUrl":"https:\/\/secure.gravatar.com\/avatar\/907069e0b81d119452040469e4a7501da1100f54f7f80180ce77bfab718288f6?s=96&d=mm&r=g","caption":"oliviere"},"sameAs":["http:\/\/www.motocrossmag.be"],"url":"https:\/\/fr.motocrossmag.be\/index.php\/author\/oliviere\/"}]}},"_links":{"self":[{"href":"https:\/\/fr.motocrossmag.be\/index.php\/wp-json\/wp\/v2\/posts\/127768","targetHints":{"allow":["GET"]}}],"collection":[{"href":"https:\/\/fr.motocrossmag.be\/index.php\/wp-json\/wp\/v2\/posts"}],"about":[{"href":"https:\/\/fr.motocrossmag.be\/index.php\/wp-json\/wp\/v2\/types\/post"}],"author":[{"embeddable":true,"href":"https:\/\/fr.motocrossmag.be\/index.php\/wp-json\/wp\/v2\/users\/932"}],"replies":[{"embeddable":true,"href":"https:\/\/fr.motocrossmag.be\/index.php\/wp-json\/wp\/v2\/comments?post=127768"}],"version-history":[{"count":3,"href":"https:\/\/fr.motocrossmag.be\/index.php\/wp-json\/wp\/v2\/posts\/127768\/revisions"}],"predecessor-version":[{"id":127779,"href":"https:\/\/fr.motocrossmag.be\/index.php\/wp-json\/wp\/v2\/posts\/127768\/revisions\/127779"}],"wp:featuredmedia":[{"embeddable":true,"href":"https:\/\/fr.motocrossmag.be\/index.php\/wp-json\/wp\/v2\/media\/127775"}],"wp:attachment":[{"href":"https:\/\/fr.motocrossmag.be\/index.php\/wp-json\/wp\/v2\/media?parent=127768"}],"wp:term":[{"taxonomy":"category","embeddable":true,"href":"https:\/\/fr.motocrossmag.be\/index.php\/wp-json\/wp\/v2\/categories?post=127768"},{"taxonomy":"post_tag","embeddable":true,"href":"https:\/\/fr.motocrossmag.be\/index.php\/wp-json\/wp\/v2\/tags?post=127768"}],"curies":[{"name":"wp","href":"https:\/\/api.w.org\/{rel}","templated":true}]}}