{"id":127770,"date":"2023-08-18T11:35:07","date_gmt":"2023-08-18T09:35:07","guid":{"rendered":"https:\/\/fr.motocrossmag.be\/?p=127770"},"modified":"2023-08-18T11:35:07","modified_gmt":"2023-08-18T09:35:07","slug":"jago-geerts-confirme-sa-participation-au-gp-darnhem","status":"publish","type":"post","link":"https:\/\/fr.motocrossmag.be\/index.php\/2023\/08\/jago-geerts-confirme-sa-participation-au-gp-darnhem\/","title":{"rendered":"Jago Geerts confirme sa participation au GP d&rsquo;Arnhem"},"content":{"rendered":"<p><strong>Une semaine apr\u00e8s avoir d\u00fb renoncer \u00e0 participer au GP de Su\u00e8de, Jago Geerts vient de confirmer aujourd&rsquo;hui qu&rsquo;il sera bien au d\u00e9part du 16\u00e8me GP de la saison ce week-end dans le sable d&rsquo;Arnhem, en Hollande.<\/strong><\/p>\n<p>Apr\u00e8s avoir roul\u00e9 au guidon d&rsquo;une 125cc mercredi puis de sa 250 YZ-F sur la piste de Lommel ce jeudi (photo ci-dessous par Willy Van Thillo), Geerts a re\u00e7u le feu vert du m\u00e9decin pour rouler ce week-end \u00e0 Arnhem. Ce vendredi, un ultime contr\u00f4le avec le m\u00e9decin de la FIM est pr\u00e9vu.<\/p>\n<p><strong><a href=\"https:\/\/fr.motocrossmag.be\/wp-content\/uploads\/2023\/08\/0Z2A1863.jpeg\"><img decoding=\"async\" class=\"lazyload alignnone size-full wp-image-127771\" src=\"https:\/\/fr.motocrossmag.be\/wp-content\/uploads\/2023\/08\/0Z2A1863.jpeg\" data-orig-src=\"https:\/\/fr.motocrossmag.be\/wp-content\/uploads\/2023\/08\/0Z2A1863.jpeg\" alt=\"\" width=\"1200\" height=\"800\" srcset=\"data:image\/svg+xml,%3Csvg%20xmlns%3D%27http%3A%2F%2Fwww.w3.org%2F2000%2Fsvg%27%20width%3D%271200%27%20height%3D%27800%27%20viewBox%3D%270%200%201200%20800%27%3E%3Crect%20width%3D%271200%27%20height%3D%27800%27%20fill-opacity%3D%220%22%2F%3E%3C%2Fsvg%3E\" data-srcset=\"https:\/\/fr.motocrossmag.be\/wp-content\/uploads\/2023\/08\/0Z2A1863-650x433.jpeg 650w, https:\/\/fr.motocrossmag.be\/wp-content\/uploads\/2023\/08\/0Z2A1863-768x512.jpeg 768w, https:\/\/fr.motocrossmag.be\/wp-content\/uploads\/2023\/08\/0Z2A1863-1024x683.jpeg 1024w, https:\/\/fr.motocrossmag.be\/wp-content\/uploads\/2023\/08\/0Z2A1863.jpeg 1200w\" data-sizes=\"auto\" data-orig-sizes=\"(max-width: 1200px) 100vw, 1200px\" \/><\/a><\/strong><\/p>\n<p>Sauf surprise de derni\u00e8re minute, notre compatriote sera donc en piste ces samedi et dimanche dans le sable hollandais. Malgr\u00e9 104 points de retard sur le leader Andr\u00e9a Adamo et seulement 240 points \u00e0 distribuer sur 4 GP, Geerts veut y croire jusqu&rsquo;au bout. \u00ab\u00a0Tant que ce ne sera pas math\u00e9matiquement devenu impossible, Jago ne baissera pas les bras\u00a0\u00bb, <a href=\"https:\/\/fr.motocrossmag.be\/index.php\/2023\/08\/jago-geerts-une-saison-qui-devait-etre-la-sienne\/\">confiait r\u00e9cemment son team manager Michele Lavetti<\/a>.<\/p>\n","protected":false},"excerpt":{"rendered":"<p>Une semaine apr\u00e8s avoir d\u00fb renoncer \u00e0 participer au GP de Su\u00e8de, Jago Geerts vient de confirmer aujourd&rsquo;hui qu&rsquo;il sera bien au d\u00e9part du 16\u00e8me GP de la saison ce [&#8230;]<\/p>\n","protected":false},"author":932,"featured_media":126970,"comment_status":"open","ping_status":"closed","sticky":false,"template":"","format":"standard","meta":{"footnotes":""},"categories":[54,4,6,5,55,65],"tags":[813,947,568],"class_list":["post-127770","post","type-post","status-publish","format-standard","has-post-thumbnail","hentry","category-actualite","category-motocross","category-mx1mx2","category-news","category-news-actualite","category-slideshow","tag-jago-geerts","tag-motocross","tag-mxgp"],"yoast_head":"<!-- This site is optimized with the Yoast SEO plugin v27.4 - https:\/\/yoast.com\/product\/yoast-seo-wordpress\/ -->\n<title>Jago Geerts confirme sa participation au GP d&#039;Arnhem - Motocross - Enduro - Supermoto | MotocrossMag<\/title>\n<meta name=\"robots\" content=\"index, follow, max-snippet:-1, max-image-preview:large, max-video-preview:-1\" \/>\n<link rel=\"canonical\" href=\"https:\/\/fr.motocrossmag.be\/index.php\/2023\/08\/jago-geerts-confirme-sa-participation-au-gp-darnhem\/\" \/>\n<meta property=\"og:locale\" content=\"fr_FR\" \/>\n<meta property=\"og:type\" content=\"article\" \/>\n<meta property=\"og:title\" content=\"Jago Geerts confirme sa participation au GP d&#039;Arnhem - Motocross - Enduro - Supermoto | MotocrossMag\" \/>\n<meta property=\"og:description\" content=\"Une semaine apr\u00e8s avoir d\u00fb renoncer \u00e0 participer au GP de Su\u00e8de, Jago Geerts vient de confirmer aujourd&rsquo;hui qu&rsquo;il sera bien au d\u00e9part du 16\u00e8me GP de la saison ce [...]\" \/>\n<meta property=\"og:url\" content=\"https:\/\/fr.motocrossmag.be\/index.php\/2023\/08\/jago-geerts-confirme-sa-participation-au-gp-darnhem\/\" \/>\n<meta property=\"og:site_name\" content=\"Motocross - Enduro - Supermoto | MotocrossMag\" \/>\n<meta property=\"article:published_time\" content=\"2023-08-18T09:35:07+00:00\" \/>\n<meta property=\"og:image\" content=\"https:\/\/fr.motocrossmag.be\/wp-content\/uploads\/2023\/07\/Geerts_Finland_2023_Fullspectrum_BS_DSC_6539.jpg\" \/>\n\t<meta property=\"og:image:width\" content=\"1200\" \/>\n\t<meta property=\"og:image:height\" content=\"800\" \/>\n\t<meta property=\"og:image:type\" content=\"image\/jpeg\" \/>\n<meta name=\"author\" content=\"oliviere\" \/>\n<meta name=\"twitter:card\" content=\"summary_large_image\" \/>\n<meta name=\"twitter:label1\" content=\"\u00c9crit par\" \/>\n\t<meta name=\"twitter:data1\" content=\"oliviere\" \/>\n\t<meta name=\"twitter:label2\" content=\"Dur\u00e9e de lecture estim\u00e9e\" \/>\n\t<meta name=\"twitter:data2\" content=\"1 minute\" \/>\n<script type=\"application\/ld+json\" class=\"yoast-schema-graph\">{\"@context\":\"https:\\\/\\\/schema.org\",\"@graph\":[{\"@type\":\"Article\",\"@id\":\"https:\\\/\\\/fr.motocrossmag.be\\\/index.php\\\/2023\\\/08\\\/jago-geerts-confirme-sa-participation-au-gp-darnhem\\\/#article\",\"isPartOf\":{\"@id\":\"https:\\\/\\\/fr.motocrossmag.be\\\/index.php\\\/2023\\\/08\\\/jago-geerts-confirme-sa-participation-au-gp-darnhem\\\/\"},\"author\":{\"name\":\"oliviere\",\"@id\":\"https:\\\/\\\/fr.motocrossmag.be\\\/#\\\/schema\\\/person\\\/11b47143d9f755babca2c9110e03235c\"},\"headline\":\"Jago Geerts confirme sa participation au GP d&rsquo;Arnhem\",\"datePublished\":\"2023-08-18T09:35:07+00:00\",\"mainEntityOfPage\":{\"@id\":\"https:\\\/\\\/fr.motocrossmag.be\\\/index.php\\\/2023\\\/08\\\/jago-geerts-confirme-sa-participation-au-gp-darnhem\\\/\"},\"wordCount\":176,\"commentCount\":0,\"image\":{\"@id\":\"https:\\\/\\\/fr.motocrossmag.be\\\/index.php\\\/2023\\\/08\\\/jago-geerts-confirme-sa-participation-au-gp-darnhem\\\/#primaryimage\"},\"thumbnailUrl\":\"https:\\\/\\\/fr.motocrossmag.be\\\/wp-content\\\/uploads\\\/2023\\\/07\\\/Geerts_Finland_2023_Fullspectrum_BS_DSC_6539.jpg\",\"keywords\":[\"Jago Geerts\",\"Motocross\",\"MXGP\"],\"articleSection\":[\"Actualit\u00e9\",\"Motocross\",\"Motocross MXGP\",\"News\",\"News\",\"Slideshow\"],\"inLanguage\":\"fr-FR\",\"potentialAction\":[{\"@type\":\"CommentAction\",\"name\":\"Comment\",\"target\":[\"https:\\\/\\\/fr.motocrossmag.be\\\/index.php\\\/2023\\\/08\\\/jago-geerts-confirme-sa-participation-au-gp-darnhem\\\/#respond\"]}]},{\"@type\":\"WebPage\",\"@id\":\"https:\\\/\\\/fr.motocrossmag.be\\\/index.php\\\/2023\\\/08\\\/jago-geerts-confirme-sa-participation-au-gp-darnhem\\\/\",\"url\":\"https:\\\/\\\/fr.motocrossmag.be\\\/index.php\\\/2023\\\/08\\\/jago-geerts-confirme-sa-participation-au-gp-darnhem\\\/\",\"name\":\"Jago Geerts confirme sa participation au GP d'Arnhem - Motocross - Enduro - Supermoto | MotocrossMag\",\"isPartOf\":{\"@id\":\"https:\\\/\\\/fr.motocrossmag.be\\\/#website\"},\"primaryImageOfPage\":{\"@id\":\"https:\\\/\\\/fr.motocrossmag.be\\\/index.php\\\/2023\\\/08\\\/jago-geerts-confirme-sa-participation-au-gp-darnhem\\\/#primaryimage\"},\"image\":{\"@id\":\"https:\\\/\\\/fr.motocrossmag.be\\\/index.php\\\/2023\\\/08\\\/jago-geerts-confirme-sa-participation-au-gp-darnhem\\\/#primaryimage\"},\"thumbnailUrl\":\"https:\\\/\\\/fr.motocrossmag.be\\\/wp-content\\\/uploads\\\/2023\\\/07\\\/Geerts_Finland_2023_Fullspectrum_BS_DSC_6539.jpg\",\"datePublished\":\"2023-08-18T09:35:07+00:00\",\"author\":{\"@id\":\"https:\\\/\\\/fr.motocrossmag.be\\\/#\\\/schema\\\/person\\\/11b47143d9f755babca2c9110e03235c\"},\"breadcrumb\":{\"@id\":\"https:\\\/\\\/fr.motocrossmag.be\\\/index.php\\\/2023\\\/08\\\/jago-geerts-confirme-sa-participation-au-gp-darnhem\\\/#breadcrumb\"},\"inLanguage\":\"fr-FR\",\"potentialAction\":[{\"@type\":\"ReadAction\",\"target\":[\"https:\\\/\\\/fr.motocrossmag.be\\\/index.php\\\/2023\\\/08\\\/jago-geerts-confirme-sa-participation-au-gp-darnhem\\\/\"]}]},{\"@type\":\"ImageObject\",\"inLanguage\":\"fr-FR\",\"@id\":\"https:\\\/\\\/fr.motocrossmag.be\\\/index.php\\\/2023\\\/08\\\/jago-geerts-confirme-sa-participation-au-gp-darnhem\\\/#primaryimage\",\"url\":\"https:\\\/\\\/fr.motocrossmag.be\\\/wp-content\\\/uploads\\\/2023\\\/07\\\/Geerts_Finland_2023_Fullspectrum_BS_DSC_6539.jpg\",\"contentUrl\":\"https:\\\/\\\/fr.motocrossmag.be\\\/wp-content\\\/uploads\\\/2023\\\/07\\\/Geerts_Finland_2023_Fullspectrum_BS_DSC_6539.jpg\",\"width\":1200,\"height\":800},{\"@type\":\"BreadcrumbList\",\"@id\":\"https:\\\/\\\/fr.motocrossmag.be\\\/index.php\\\/2023\\\/08\\\/jago-geerts-confirme-sa-participation-au-gp-darnhem\\\/#breadcrumb\",\"itemListElement\":[{\"@type\":\"ListItem\",\"position\":1,\"name\":\"Accueil\",\"item\":\"https:\\\/\\\/fr.motocrossmag.be\\\/\"},{\"@type\":\"ListItem\",\"position\":2,\"name\":\"Jago Geerts confirme sa participation au GP d&rsquo;Arnhem\"}]},{\"@type\":\"WebSite\",\"@id\":\"https:\\\/\\\/fr.motocrossmag.be\\\/#website\",\"url\":\"https:\\\/\\\/fr.motocrossmag.be\\\/\",\"name\":\"Motocross - Enduro - Supermoto | MotocrossMag\",\"description\":\"L&#039;actualit\u00e9 du motocross, de l&#039;enduro et du Supermoto en ligne!\",\"potentialAction\":[{\"@type\":\"SearchAction\",\"target\":{\"@type\":\"EntryPoint\",\"urlTemplate\":\"https:\\\/\\\/fr.motocrossmag.be\\\/?s={search_term_string}\"},\"query-input\":{\"@type\":\"PropertyValueSpecification\",\"valueRequired\":true,\"valueName\":\"search_term_string\"}}],\"inLanguage\":\"fr-FR\"},{\"@type\":\"Person\",\"@id\":\"https:\\\/\\\/fr.motocrossmag.be\\\/#\\\/schema\\\/person\\\/11b47143d9f755babca2c9110e03235c\",\"name\":\"oliviere\",\"image\":{\"@type\":\"ImageObject\",\"inLanguage\":\"fr-FR\",\"@id\":\"https:\\\/\\\/secure.gravatar.com\\\/avatar\\\/907069e0b81d119452040469e4a7501da1100f54f7f80180ce77bfab718288f6?s=96&d=mm&r=g\",\"url\":\"https:\\\/\\\/secure.gravatar.com\\\/avatar\\\/907069e0b81d119452040469e4a7501da1100f54f7f80180ce77bfab718288f6?s=96&d=mm&r=g\",\"contentUrl\":\"https:\\\/\\\/secure.gravatar.com\\\/avatar\\\/907069e0b81d119452040469e4a7501da1100f54f7f80180ce77bfab718288f6?s=96&d=mm&r=g\",\"caption\":\"oliviere\"},\"sameAs\":[\"http:\\\/\\\/www.motocrossmag.be\"],\"url\":\"https:\\\/\\\/fr.motocrossmag.be\\\/index.php\\\/author\\\/oliviere\\\/\"}]}<\/script>\n<!-- \/ Yoast SEO plugin. -->","yoast_head_json":{"title":"Jago Geerts confirme sa participation au GP d'Arnhem - Motocross - Enduro - Supermoto | MotocrossMag","robots":{"index":"index","follow":"follow","max-snippet":"max-snippet:-1","max-image-preview":"max-image-preview:large","max-video-preview":"max-video-preview:-1"},"canonical":"https:\/\/fr.motocrossmag.be\/index.php\/2023\/08\/jago-geerts-confirme-sa-participation-au-gp-darnhem\/","og_locale":"fr_FR","og_type":"article","og_title":"Jago Geerts confirme sa participation au GP d'Arnhem - Motocross - Enduro - Supermoto | MotocrossMag","og_description":"Une semaine apr\u00e8s avoir d\u00fb renoncer \u00e0 participer au GP de Su\u00e8de, Jago Geerts vient de confirmer aujourd&rsquo;hui qu&rsquo;il sera bien au d\u00e9part du 16\u00e8me GP de la saison ce [...]","og_url":"https:\/\/fr.motocrossmag.be\/index.php\/2023\/08\/jago-geerts-confirme-sa-participation-au-gp-darnhem\/","og_site_name":"Motocross - Enduro - Supermoto | MotocrossMag","article_published_time":"2023-08-18T09:35:07+00:00","og_image":[{"width":1200,"height":800,"url":"https:\/\/fr.motocrossmag.be\/wp-content\/uploads\/2023\/07\/Geerts_Finland_2023_Fullspectrum_BS_DSC_6539.jpg","type":"image\/jpeg"}],"author":"oliviere","twitter_card":"summary_large_image","twitter_misc":{"\u00c9crit par":"oliviere","Dur\u00e9e de lecture estim\u00e9e":"1 minute"},"schema":{"@context":"https:\/\/schema.org","@graph":[{"@type":"Article","@id":"https:\/\/fr.motocrossmag.be\/index.php\/2023\/08\/jago-geerts-confirme-sa-participation-au-gp-darnhem\/#article","isPartOf":{"@id":"https:\/\/fr.motocrossmag.be\/index.php\/2023\/08\/jago-geerts-confirme-sa-participation-au-gp-darnhem\/"},"author":{"name":"oliviere","@id":"https:\/\/fr.motocrossmag.be\/#\/schema\/person\/11b47143d9f755babca2c9110e03235c"},"headline":"Jago Geerts confirme sa participation au GP d&rsquo;Arnhem","datePublished":"2023-08-18T09:35:07+00:00","mainEntityOfPage":{"@id":"https:\/\/fr.motocrossmag.be\/index.php\/2023\/08\/jago-geerts-confirme-sa-participation-au-gp-darnhem\/"},"wordCount":176,"commentCount":0,"image":{"@id":"https:\/\/fr.motocrossmag.be\/index.php\/2023\/08\/jago-geerts-confirme-sa-participation-au-gp-darnhem\/#primaryimage"},"thumbnailUrl":"https:\/\/fr.motocrossmag.be\/wp-content\/uploads\/2023\/07\/Geerts_Finland_2023_Fullspectrum_BS_DSC_6539.jpg","keywords":["Jago Geerts","Motocross","MXGP"],"articleSection":["Actualit\u00e9","Motocross","Motocross MXGP","News","News","Slideshow"],"inLanguage":"fr-FR","potentialAction":[{"@type":"CommentAction","name":"Comment","target":["https:\/\/fr.motocrossmag.be\/index.php\/2023\/08\/jago-geerts-confirme-sa-participation-au-gp-darnhem\/#respond"]}]},{"@type":"WebPage","@id":"https:\/\/fr.motocrossmag.be\/index.php\/2023\/08\/jago-geerts-confirme-sa-participation-au-gp-darnhem\/","url":"https:\/\/fr.motocrossmag.be\/index.php\/2023\/08\/jago-geerts-confirme-sa-participation-au-gp-darnhem\/","name":"Jago Geerts confirme sa participation au GP d'Arnhem - Motocross - Enduro - Supermoto | MotocrossMag","isPartOf":{"@id":"https:\/\/fr.motocrossmag.be\/#website"},"primaryImageOfPage":{"@id":"https:\/\/fr.motocrossmag.be\/index.php\/2023\/08\/jago-geerts-confirme-sa-participation-au-gp-darnhem\/#primaryimage"},"image":{"@id":"https:\/\/fr.motocrossmag.be\/index.php\/2023\/08\/jago-geerts-confirme-sa-participation-au-gp-darnhem\/#primaryimage"},"thumbnailUrl":"https:\/\/fr.motocrossmag.be\/wp-content\/uploads\/2023\/07\/Geerts_Finland_2023_Fullspectrum_BS_DSC_6539.jpg","datePublished":"2023-08-18T09:35:07+00:00","author":{"@id":"https:\/\/fr.motocrossmag.be\/#\/schema\/person\/11b47143d9f755babca2c9110e03235c"},"breadcrumb":{"@id":"https:\/\/fr.motocrossmag.be\/index.php\/2023\/08\/jago-geerts-confirme-sa-participation-au-gp-darnhem\/#breadcrumb"},"inLanguage":"fr-FR","potentialAction":[{"@type":"ReadAction","target":["https:\/\/fr.motocrossmag.be\/index.php\/2023\/08\/jago-geerts-confirme-sa-participation-au-gp-darnhem\/"]}]},{"@type":"ImageObject","inLanguage":"fr-FR","@id":"https:\/\/fr.motocrossmag.be\/index.php\/2023\/08\/jago-geerts-confirme-sa-participation-au-gp-darnhem\/#primaryimage","url":"https:\/\/fr.motocrossmag.be\/wp-content\/uploads\/2023\/07\/Geerts_Finland_2023_Fullspectrum_BS_DSC_6539.jpg","contentUrl":"https:\/\/fr.motocrossmag.be\/wp-content\/uploads\/2023\/07\/Geerts_Finland_2023_Fullspectrum_BS_DSC_6539.jpg","width":1200,"height":800},{"@type":"BreadcrumbList","@id":"https:\/\/fr.motocrossmag.be\/index.php\/2023\/08\/jago-geerts-confirme-sa-participation-au-gp-darnhem\/#breadcrumb","itemListElement":[{"@type":"ListItem","position":1,"name":"Accueil","item":"https:\/\/fr.motocrossmag.be\/"},{"@type":"ListItem","position":2,"name":"Jago Geerts confirme sa participation au GP d&rsquo;Arnhem"}]},{"@type":"WebSite","@id":"https:\/\/fr.motocrossmag.be\/#website","url":"https:\/\/fr.motocrossmag.be\/","name":"Motocross - Enduro - Supermoto | MotocrossMag","description":"L&#039;actualit\u00e9 du motocross, de l&#039;enduro et du Supermoto en ligne!","potentialAction":[{"@type":"SearchAction","target":{"@type":"EntryPoint","urlTemplate":"https:\/\/fr.motocrossmag.be\/?s={search_term_string}"},"query-input":{"@type":"PropertyValueSpecification","valueRequired":true,"valueName":"search_term_string"}}],"inLanguage":"fr-FR"},{"@type":"Person","@id":"https:\/\/fr.motocrossmag.be\/#\/schema\/person\/11b47143d9f755babca2c9110e03235c","name":"oliviere","image":{"@type":"ImageObject","inLanguage":"fr-FR","@id":"https:\/\/secure.gravatar.com\/avatar\/907069e0b81d119452040469e4a7501da1100f54f7f80180ce77bfab718288f6?s=96&d=mm&r=g","url":"https:\/\/secure.gravatar.com\/avatar\/907069e0b81d119452040469e4a7501da1100f54f7f80180ce77bfab718288f6?s=96&d=mm&r=g","contentUrl":"https:\/\/secure.gravatar.com\/avatar\/907069e0b81d119452040469e4a7501da1100f54f7f80180ce77bfab718288f6?s=96&d=mm&r=g","caption":"oliviere"},"sameAs":["http:\/\/www.motocrossmag.be"],"url":"https:\/\/fr.motocrossmag.be\/index.php\/author\/oliviere\/"}]}},"_links":{"self":[{"href":"https:\/\/fr.motocrossmag.be\/index.php\/wp-json\/wp\/v2\/posts\/127770","targetHints":{"allow":["GET"]}}],"collection":[{"href":"https:\/\/fr.motocrossmag.be\/index.php\/wp-json\/wp\/v2\/posts"}],"about":[{"href":"https:\/\/fr.motocrossmag.be\/index.php\/wp-json\/wp\/v2\/types\/post"}],"author":[{"embeddable":true,"href":"https:\/\/fr.motocrossmag.be\/index.php\/wp-json\/wp\/v2\/users\/932"}],"replies":[{"embeddable":true,"href":"https:\/\/fr.motocrossmag.be\/index.php\/wp-json\/wp\/v2\/comments?post=127770"}],"version-history":[{"count":1,"href":"https:\/\/fr.motocrossmag.be\/index.php\/wp-json\/wp\/v2\/posts\/127770\/revisions"}],"predecessor-version":[{"id":127772,"href":"https:\/\/fr.motocrossmag.be\/index.php\/wp-json\/wp\/v2\/posts\/127770\/revisions\/127772"}],"wp:featuredmedia":[{"embeddable":true,"href":"https:\/\/fr.motocrossmag.be\/index.php\/wp-json\/wp\/v2\/media\/126970"}],"wp:attachment":[{"href":"https:\/\/fr.motocrossmag.be\/index.php\/wp-json\/wp\/v2\/media?parent=127770"}],"wp:term":[{"taxonomy":"category","embeddable":true,"href":"https:\/\/fr.motocrossmag.be\/index.php\/wp-json\/wp\/v2\/categories?post=127770"},{"taxonomy":"post_tag","embeddable":true,"href":"https:\/\/fr.motocrossmag.be\/index.php\/wp-json\/wp\/v2\/tags?post=127770"}],"curies":[{"name":"wp","href":"https:\/\/api.w.org\/{rel}","templated":true}]}}