{"id":127782,"date":"2023-08-19T13:24:36","date_gmt":"2023-08-19T11:24:36","guid":{"rendered":"https:\/\/fr.motocrossmag.be\/?p=127782"},"modified":"2023-08-19T13:24:36","modified_gmt":"2023-08-19T11:24:36","slug":"jeffrey-herlings-blesse-lors-des-essais-libres-du-gp-darnhem","status":"publish","type":"post","link":"https:\/\/fr.motocrossmag.be\/index.php\/2023\/08\/jeffrey-herlings-blesse-lors-des-essais-libres-du-gp-darnhem\/","title":{"rendered":"Jeffrey Herlings bless\u00e9 lors des essais libres du GP d&rsquo;Arnhem"},"content":{"rendered":"<p><strong>Un nouveau coup dur pour Jeffrey Herlings. Le quintuple champion du monde, tout juste sur le retour apr\u00e8s s&rsquo;\u00eatre bless\u00e9 au cou en Allemagne, ne sera pas au d\u00e9part de son GP national ce dimanche.<\/strong><\/p>\n<p>Alors que le rendez-vous d&rsquo;Arnhem devait \u00eatre l&rsquo;occasion pour le public hollandais d&rsquo;enfin revoir en piste sur un GP son idole, il en sera malheureusement tout autrement. Apr\u00e8s avoir claqu\u00e9 le meilleur temps lors des essais libres ce samedi matin, l&rsquo;officiel KTM a chut\u00e9, se fracturant la clavicule.<\/p>\n<p>Voil\u00e0 qui met une fois de plus Herlings sur la touche pour quelques semaines au minimum et pourrait \u00e9galement compromettre sa participation au MX des Nations \u00e0 Ern\u00e9e au sein de l&rsquo;\u00e9quipe hollandaise. A suivre&#8230;<\/p>\n","protected":false},"excerpt":{"rendered":"<p>Un nouveau coup dur pour Jeffrey Herlings. Le quintuple champion du monde, tout juste sur le retour apr\u00e8s s&rsquo;\u00eatre bless\u00e9 au cou en Allemagne, ne sera pas au d\u00e9part de [&#8230;]<\/p>\n","protected":false},"author":932,"featured_media":127783,"comment_status":"open","ping_status":"closed","sticky":false,"template":"","format":"standard","meta":{"footnotes":""},"categories":[54,4,6,5,55,65],"tags":[1463,77,947,568],"class_list":["post-127782","post","type-post","status-publish","format-standard","has-post-thumbnail","hentry","category-actualite","category-motocross","category-mx1mx2","category-news","category-news-actualite","category-slideshow","tag-arnhem","tag-jeffrey-herlings","tag-motocross","tag-mxgp"],"yoast_head":"<!-- This site is optimized with the Yoast SEO plugin v27.4 - https:\/\/yoast.com\/product\/yoast-seo-wordpress\/ -->\n<title>Jeffrey Herlings bless\u00e9 lors des essais libres du GP d&#039;Arnhem - Motocross - Enduro - Supermoto | MotocrossMag<\/title>\n<meta name=\"robots\" content=\"index, follow, max-snippet:-1, max-image-preview:large, max-video-preview:-1\" \/>\n<link rel=\"canonical\" href=\"https:\/\/fr.motocrossmag.be\/index.php\/2023\/08\/jeffrey-herlings-blesse-lors-des-essais-libres-du-gp-darnhem\/\" \/>\n<meta property=\"og:locale\" content=\"fr_FR\" \/>\n<meta property=\"og:type\" content=\"article\" \/>\n<meta property=\"og:title\" content=\"Jeffrey Herlings bless\u00e9 lors des essais libres du GP d&#039;Arnhem - Motocross - Enduro - Supermoto | MotocrossMag\" \/>\n<meta property=\"og:description\" content=\"Un nouveau coup dur pour Jeffrey Herlings. Le quintuple champion du monde, tout juste sur le retour apr\u00e8s s&rsquo;\u00eatre bless\u00e9 au cou en Allemagne, ne sera pas au d\u00e9part de [...]\" \/>\n<meta property=\"og:url\" content=\"https:\/\/fr.motocrossmag.be\/index.php\/2023\/08\/jeffrey-herlings-blesse-lors-des-essais-libres-du-gp-darnhem\/\" \/>\n<meta property=\"og:site_name\" content=\"Motocross - Enduro - Supermoto | MotocrossMag\" \/>\n<meta property=\"article:published_time\" content=\"2023-08-19T11:24:36+00:00\" \/>\n<meta property=\"og:image\" content=\"https:\/\/fr.motocrossmag.be\/wp-content\/uploads\/2023\/08\/542448_Herlings_MXGP_2023_R15_H9A3178_15th-Rd-MXGP-2023-_-Uddevalla-_SWE_.jpg\" \/>\n\t<meta property=\"og:image:width\" content=\"1200\" \/>\n\t<meta property=\"og:image:height\" content=\"800\" \/>\n\t<meta property=\"og:image:type\" content=\"image\/jpeg\" \/>\n<meta name=\"author\" content=\"oliviere\" \/>\n<meta name=\"twitter:card\" content=\"summary_large_image\" \/>\n<meta name=\"twitter:label1\" content=\"\u00c9crit par\" \/>\n\t<meta name=\"twitter:data1\" content=\"oliviere\" \/>\n\t<meta name=\"twitter:label2\" content=\"Dur\u00e9e de lecture estim\u00e9e\" \/>\n\t<meta name=\"twitter:data2\" content=\"1 minute\" \/>\n<script type=\"application\/ld+json\" class=\"yoast-schema-graph\">{\"@context\":\"https:\\\/\\\/schema.org\",\"@graph\":[{\"@type\":\"Article\",\"@id\":\"https:\\\/\\\/fr.motocrossmag.be\\\/index.php\\\/2023\\\/08\\\/jeffrey-herlings-blesse-lors-des-essais-libres-du-gp-darnhem\\\/#article\",\"isPartOf\":{\"@id\":\"https:\\\/\\\/fr.motocrossmag.be\\\/index.php\\\/2023\\\/08\\\/jeffrey-herlings-blesse-lors-des-essais-libres-du-gp-darnhem\\\/\"},\"author\":{\"name\":\"oliviere\",\"@id\":\"https:\\\/\\\/fr.motocrossmag.be\\\/#\\\/schema\\\/person\\\/11b47143d9f755babca2c9110e03235c\"},\"headline\":\"Jeffrey Herlings bless\u00e9 lors des essais libres du GP d&rsquo;Arnhem\",\"datePublished\":\"2023-08-19T11:24:36+00:00\",\"mainEntityOfPage\":{\"@id\":\"https:\\\/\\\/fr.motocrossmag.be\\\/index.php\\\/2023\\\/08\\\/jeffrey-herlings-blesse-lors-des-essais-libres-du-gp-darnhem\\\/\"},\"wordCount\":138,\"commentCount\":0,\"image\":{\"@id\":\"https:\\\/\\\/fr.motocrossmag.be\\\/index.php\\\/2023\\\/08\\\/jeffrey-herlings-blesse-lors-des-essais-libres-du-gp-darnhem\\\/#primaryimage\"},\"thumbnailUrl\":\"https:\\\/\\\/fr.motocrossmag.be\\\/wp-content\\\/uploads\\\/2023\\\/08\\\/542448_Herlings_MXGP_2023_R15_H9A3178_15th-Rd-MXGP-2023-_-Uddevalla-_SWE_.jpg\",\"keywords\":[\"arnhem\",\"Jeffrey Herlings\",\"Motocross\",\"MXGP\"],\"articleSection\":[\"Actualit\u00e9\",\"Motocross\",\"Motocross MXGP\",\"News\",\"News\",\"Slideshow\"],\"inLanguage\":\"fr-FR\",\"potentialAction\":[{\"@type\":\"CommentAction\",\"name\":\"Comment\",\"target\":[\"https:\\\/\\\/fr.motocrossmag.be\\\/index.php\\\/2023\\\/08\\\/jeffrey-herlings-blesse-lors-des-essais-libres-du-gp-darnhem\\\/#respond\"]}]},{\"@type\":\"WebPage\",\"@id\":\"https:\\\/\\\/fr.motocrossmag.be\\\/index.php\\\/2023\\\/08\\\/jeffrey-herlings-blesse-lors-des-essais-libres-du-gp-darnhem\\\/\",\"url\":\"https:\\\/\\\/fr.motocrossmag.be\\\/index.php\\\/2023\\\/08\\\/jeffrey-herlings-blesse-lors-des-essais-libres-du-gp-darnhem\\\/\",\"name\":\"Jeffrey Herlings bless\u00e9 lors des essais libres du GP d'Arnhem - Motocross - Enduro - Supermoto | MotocrossMag\",\"isPartOf\":{\"@id\":\"https:\\\/\\\/fr.motocrossmag.be\\\/#website\"},\"primaryImageOfPage\":{\"@id\":\"https:\\\/\\\/fr.motocrossmag.be\\\/index.php\\\/2023\\\/08\\\/jeffrey-herlings-blesse-lors-des-essais-libres-du-gp-darnhem\\\/#primaryimage\"},\"image\":{\"@id\":\"https:\\\/\\\/fr.motocrossmag.be\\\/index.php\\\/2023\\\/08\\\/jeffrey-herlings-blesse-lors-des-essais-libres-du-gp-darnhem\\\/#primaryimage\"},\"thumbnailUrl\":\"https:\\\/\\\/fr.motocrossmag.be\\\/wp-content\\\/uploads\\\/2023\\\/08\\\/542448_Herlings_MXGP_2023_R15_H9A3178_15th-Rd-MXGP-2023-_-Uddevalla-_SWE_.jpg\",\"datePublished\":\"2023-08-19T11:24:36+00:00\",\"author\":{\"@id\":\"https:\\\/\\\/fr.motocrossmag.be\\\/#\\\/schema\\\/person\\\/11b47143d9f755babca2c9110e03235c\"},\"breadcrumb\":{\"@id\":\"https:\\\/\\\/fr.motocrossmag.be\\\/index.php\\\/2023\\\/08\\\/jeffrey-herlings-blesse-lors-des-essais-libres-du-gp-darnhem\\\/#breadcrumb\"},\"inLanguage\":\"fr-FR\",\"potentialAction\":[{\"@type\":\"ReadAction\",\"target\":[\"https:\\\/\\\/fr.motocrossmag.be\\\/index.php\\\/2023\\\/08\\\/jeffrey-herlings-blesse-lors-des-essais-libres-du-gp-darnhem\\\/\"]}]},{\"@type\":\"ImageObject\",\"inLanguage\":\"fr-FR\",\"@id\":\"https:\\\/\\\/fr.motocrossmag.be\\\/index.php\\\/2023\\\/08\\\/jeffrey-herlings-blesse-lors-des-essais-libres-du-gp-darnhem\\\/#primaryimage\",\"url\":\"https:\\\/\\\/fr.motocrossmag.be\\\/wp-content\\\/uploads\\\/2023\\\/08\\\/542448_Herlings_MXGP_2023_R15_H9A3178_15th-Rd-MXGP-2023-_-Uddevalla-_SWE_.jpg\",\"contentUrl\":\"https:\\\/\\\/fr.motocrossmag.be\\\/wp-content\\\/uploads\\\/2023\\\/08\\\/542448_Herlings_MXGP_2023_R15_H9A3178_15th-Rd-MXGP-2023-_-Uddevalla-_SWE_.jpg\",\"width\":1200,\"height\":800},{\"@type\":\"BreadcrumbList\",\"@id\":\"https:\\\/\\\/fr.motocrossmag.be\\\/index.php\\\/2023\\\/08\\\/jeffrey-herlings-blesse-lors-des-essais-libres-du-gp-darnhem\\\/#breadcrumb\",\"itemListElement\":[{\"@type\":\"ListItem\",\"position\":1,\"name\":\"Accueil\",\"item\":\"https:\\\/\\\/fr.motocrossmag.be\\\/\"},{\"@type\":\"ListItem\",\"position\":2,\"name\":\"Jeffrey Herlings bless\u00e9 lors des essais libres du GP d&rsquo;Arnhem\"}]},{\"@type\":\"WebSite\",\"@id\":\"https:\\\/\\\/fr.motocrossmag.be\\\/#website\",\"url\":\"https:\\\/\\\/fr.motocrossmag.be\\\/\",\"name\":\"Motocross - Enduro - Supermoto | MotocrossMag\",\"description\":\"L&#039;actualit\u00e9 du motocross, de l&#039;enduro et du Supermoto en ligne!\",\"potentialAction\":[{\"@type\":\"SearchAction\",\"target\":{\"@type\":\"EntryPoint\",\"urlTemplate\":\"https:\\\/\\\/fr.motocrossmag.be\\\/?s={search_term_string}\"},\"query-input\":{\"@type\":\"PropertyValueSpecification\",\"valueRequired\":true,\"valueName\":\"search_term_string\"}}],\"inLanguage\":\"fr-FR\"},{\"@type\":\"Person\",\"@id\":\"https:\\\/\\\/fr.motocrossmag.be\\\/#\\\/schema\\\/person\\\/11b47143d9f755babca2c9110e03235c\",\"name\":\"oliviere\",\"image\":{\"@type\":\"ImageObject\",\"inLanguage\":\"fr-FR\",\"@id\":\"https:\\\/\\\/secure.gravatar.com\\\/avatar\\\/907069e0b81d119452040469e4a7501da1100f54f7f80180ce77bfab718288f6?s=96&d=mm&r=g\",\"url\":\"https:\\\/\\\/secure.gravatar.com\\\/avatar\\\/907069e0b81d119452040469e4a7501da1100f54f7f80180ce77bfab718288f6?s=96&d=mm&r=g\",\"contentUrl\":\"https:\\\/\\\/secure.gravatar.com\\\/avatar\\\/907069e0b81d119452040469e4a7501da1100f54f7f80180ce77bfab718288f6?s=96&d=mm&r=g\",\"caption\":\"oliviere\"},\"sameAs\":[\"http:\\\/\\\/www.motocrossmag.be\"],\"url\":\"https:\\\/\\\/fr.motocrossmag.be\\\/index.php\\\/author\\\/oliviere\\\/\"}]}<\/script>\n<!-- \/ Yoast SEO plugin. -->","yoast_head_json":{"title":"Jeffrey Herlings bless\u00e9 lors des essais libres du GP d'Arnhem - Motocross - Enduro - Supermoto | MotocrossMag","robots":{"index":"index","follow":"follow","max-snippet":"max-snippet:-1","max-image-preview":"max-image-preview:large","max-video-preview":"max-video-preview:-1"},"canonical":"https:\/\/fr.motocrossmag.be\/index.php\/2023\/08\/jeffrey-herlings-blesse-lors-des-essais-libres-du-gp-darnhem\/","og_locale":"fr_FR","og_type":"article","og_title":"Jeffrey Herlings bless\u00e9 lors des essais libres du GP d'Arnhem - Motocross - Enduro - Supermoto | MotocrossMag","og_description":"Un nouveau coup dur pour Jeffrey Herlings. Le quintuple champion du monde, tout juste sur le retour apr\u00e8s s&rsquo;\u00eatre bless\u00e9 au cou en Allemagne, ne sera pas au d\u00e9part de [...]","og_url":"https:\/\/fr.motocrossmag.be\/index.php\/2023\/08\/jeffrey-herlings-blesse-lors-des-essais-libres-du-gp-darnhem\/","og_site_name":"Motocross - Enduro - Supermoto | MotocrossMag","article_published_time":"2023-08-19T11:24:36+00:00","og_image":[{"width":1200,"height":800,"url":"https:\/\/fr.motocrossmag.be\/wp-content\/uploads\/2023\/08\/542448_Herlings_MXGP_2023_R15_H9A3178_15th-Rd-MXGP-2023-_-Uddevalla-_SWE_.jpg","type":"image\/jpeg"}],"author":"oliviere","twitter_card":"summary_large_image","twitter_misc":{"\u00c9crit par":"oliviere","Dur\u00e9e de lecture estim\u00e9e":"1 minute"},"schema":{"@context":"https:\/\/schema.org","@graph":[{"@type":"Article","@id":"https:\/\/fr.motocrossmag.be\/index.php\/2023\/08\/jeffrey-herlings-blesse-lors-des-essais-libres-du-gp-darnhem\/#article","isPartOf":{"@id":"https:\/\/fr.motocrossmag.be\/index.php\/2023\/08\/jeffrey-herlings-blesse-lors-des-essais-libres-du-gp-darnhem\/"},"author":{"name":"oliviere","@id":"https:\/\/fr.motocrossmag.be\/#\/schema\/person\/11b47143d9f755babca2c9110e03235c"},"headline":"Jeffrey Herlings bless\u00e9 lors des essais libres du GP d&rsquo;Arnhem","datePublished":"2023-08-19T11:24:36+00:00","mainEntityOfPage":{"@id":"https:\/\/fr.motocrossmag.be\/index.php\/2023\/08\/jeffrey-herlings-blesse-lors-des-essais-libres-du-gp-darnhem\/"},"wordCount":138,"commentCount":0,"image":{"@id":"https:\/\/fr.motocrossmag.be\/index.php\/2023\/08\/jeffrey-herlings-blesse-lors-des-essais-libres-du-gp-darnhem\/#primaryimage"},"thumbnailUrl":"https:\/\/fr.motocrossmag.be\/wp-content\/uploads\/2023\/08\/542448_Herlings_MXGP_2023_R15_H9A3178_15th-Rd-MXGP-2023-_-Uddevalla-_SWE_.jpg","keywords":["arnhem","Jeffrey Herlings","Motocross","MXGP"],"articleSection":["Actualit\u00e9","Motocross","Motocross MXGP","News","News","Slideshow"],"inLanguage":"fr-FR","potentialAction":[{"@type":"CommentAction","name":"Comment","target":["https:\/\/fr.motocrossmag.be\/index.php\/2023\/08\/jeffrey-herlings-blesse-lors-des-essais-libres-du-gp-darnhem\/#respond"]}]},{"@type":"WebPage","@id":"https:\/\/fr.motocrossmag.be\/index.php\/2023\/08\/jeffrey-herlings-blesse-lors-des-essais-libres-du-gp-darnhem\/","url":"https:\/\/fr.motocrossmag.be\/index.php\/2023\/08\/jeffrey-herlings-blesse-lors-des-essais-libres-du-gp-darnhem\/","name":"Jeffrey Herlings bless\u00e9 lors des essais libres du GP d'Arnhem - Motocross - Enduro - Supermoto | MotocrossMag","isPartOf":{"@id":"https:\/\/fr.motocrossmag.be\/#website"},"primaryImageOfPage":{"@id":"https:\/\/fr.motocrossmag.be\/index.php\/2023\/08\/jeffrey-herlings-blesse-lors-des-essais-libres-du-gp-darnhem\/#primaryimage"},"image":{"@id":"https:\/\/fr.motocrossmag.be\/index.php\/2023\/08\/jeffrey-herlings-blesse-lors-des-essais-libres-du-gp-darnhem\/#primaryimage"},"thumbnailUrl":"https:\/\/fr.motocrossmag.be\/wp-content\/uploads\/2023\/08\/542448_Herlings_MXGP_2023_R15_H9A3178_15th-Rd-MXGP-2023-_-Uddevalla-_SWE_.jpg","datePublished":"2023-08-19T11:24:36+00:00","author":{"@id":"https:\/\/fr.motocrossmag.be\/#\/schema\/person\/11b47143d9f755babca2c9110e03235c"},"breadcrumb":{"@id":"https:\/\/fr.motocrossmag.be\/index.php\/2023\/08\/jeffrey-herlings-blesse-lors-des-essais-libres-du-gp-darnhem\/#breadcrumb"},"inLanguage":"fr-FR","potentialAction":[{"@type":"ReadAction","target":["https:\/\/fr.motocrossmag.be\/index.php\/2023\/08\/jeffrey-herlings-blesse-lors-des-essais-libres-du-gp-darnhem\/"]}]},{"@type":"ImageObject","inLanguage":"fr-FR","@id":"https:\/\/fr.motocrossmag.be\/index.php\/2023\/08\/jeffrey-herlings-blesse-lors-des-essais-libres-du-gp-darnhem\/#primaryimage","url":"https:\/\/fr.motocrossmag.be\/wp-content\/uploads\/2023\/08\/542448_Herlings_MXGP_2023_R15_H9A3178_15th-Rd-MXGP-2023-_-Uddevalla-_SWE_.jpg","contentUrl":"https:\/\/fr.motocrossmag.be\/wp-content\/uploads\/2023\/08\/542448_Herlings_MXGP_2023_R15_H9A3178_15th-Rd-MXGP-2023-_-Uddevalla-_SWE_.jpg","width":1200,"height":800},{"@type":"BreadcrumbList","@id":"https:\/\/fr.motocrossmag.be\/index.php\/2023\/08\/jeffrey-herlings-blesse-lors-des-essais-libres-du-gp-darnhem\/#breadcrumb","itemListElement":[{"@type":"ListItem","position":1,"name":"Accueil","item":"https:\/\/fr.motocrossmag.be\/"},{"@type":"ListItem","position":2,"name":"Jeffrey Herlings bless\u00e9 lors des essais libres du GP d&rsquo;Arnhem"}]},{"@type":"WebSite","@id":"https:\/\/fr.motocrossmag.be\/#website","url":"https:\/\/fr.motocrossmag.be\/","name":"Motocross - Enduro - Supermoto | MotocrossMag","description":"L&#039;actualit\u00e9 du motocross, de l&#039;enduro et du Supermoto en ligne!","potentialAction":[{"@type":"SearchAction","target":{"@type":"EntryPoint","urlTemplate":"https:\/\/fr.motocrossmag.be\/?s={search_term_string}"},"query-input":{"@type":"PropertyValueSpecification","valueRequired":true,"valueName":"search_term_string"}}],"inLanguage":"fr-FR"},{"@type":"Person","@id":"https:\/\/fr.motocrossmag.be\/#\/schema\/person\/11b47143d9f755babca2c9110e03235c","name":"oliviere","image":{"@type":"ImageObject","inLanguage":"fr-FR","@id":"https:\/\/secure.gravatar.com\/avatar\/907069e0b81d119452040469e4a7501da1100f54f7f80180ce77bfab718288f6?s=96&d=mm&r=g","url":"https:\/\/secure.gravatar.com\/avatar\/907069e0b81d119452040469e4a7501da1100f54f7f80180ce77bfab718288f6?s=96&d=mm&r=g","contentUrl":"https:\/\/secure.gravatar.com\/avatar\/907069e0b81d119452040469e4a7501da1100f54f7f80180ce77bfab718288f6?s=96&d=mm&r=g","caption":"oliviere"},"sameAs":["http:\/\/www.motocrossmag.be"],"url":"https:\/\/fr.motocrossmag.be\/index.php\/author\/oliviere\/"}]}},"_links":{"self":[{"href":"https:\/\/fr.motocrossmag.be\/index.php\/wp-json\/wp\/v2\/posts\/127782","targetHints":{"allow":["GET"]}}],"collection":[{"href":"https:\/\/fr.motocrossmag.be\/index.php\/wp-json\/wp\/v2\/posts"}],"about":[{"href":"https:\/\/fr.motocrossmag.be\/index.php\/wp-json\/wp\/v2\/types\/post"}],"author":[{"embeddable":true,"href":"https:\/\/fr.motocrossmag.be\/index.php\/wp-json\/wp\/v2\/users\/932"}],"replies":[{"embeddable":true,"href":"https:\/\/fr.motocrossmag.be\/index.php\/wp-json\/wp\/v2\/comments?post=127782"}],"version-history":[{"count":1,"href":"https:\/\/fr.motocrossmag.be\/index.php\/wp-json\/wp\/v2\/posts\/127782\/revisions"}],"predecessor-version":[{"id":127784,"href":"https:\/\/fr.motocrossmag.be\/index.php\/wp-json\/wp\/v2\/posts\/127782\/revisions\/127784"}],"wp:featuredmedia":[{"embeddable":true,"href":"https:\/\/fr.motocrossmag.be\/index.php\/wp-json\/wp\/v2\/media\/127783"}],"wp:attachment":[{"href":"https:\/\/fr.motocrossmag.be\/index.php\/wp-json\/wp\/v2\/media?parent=127782"}],"wp:term":[{"taxonomy":"category","embeddable":true,"href":"https:\/\/fr.motocrossmag.be\/index.php\/wp-json\/wp\/v2\/categories?post=127782"},{"taxonomy":"post_tag","embeddable":true,"href":"https:\/\/fr.motocrossmag.be\/index.php\/wp-json\/wp\/v2\/tags?post=127782"}],"curies":[{"name":"wp","href":"https:\/\/api.w.org\/{rel}","templated":true}]}}