{"id":127785,"date":"2023-08-19T18:54:39","date_gmt":"2023-08-19T16:54:39","guid":{"rendered":"https:\/\/fr.motocrossmag.be\/?p=127785"},"modified":"2023-08-19T19:00:57","modified_gmt":"2023-08-19T17:00:57","slug":"lucas-coenen-remporte-la-manche-qualificative-du-gp-darnhem","status":"publish","type":"post","link":"https:\/\/fr.motocrossmag.be\/index.php\/2023\/08\/lucas-coenen-remporte-la-manche-qualificative-du-gp-darnhem\/","title":{"rendered":"Lucas Coenen remporte la manche qualificative du GP d&rsquo;Arnhem"},"content":{"rendered":"<p><strong>C&rsquo;est en Hollande que le championnat du monde MXGP fait halte ce week-end pour son 16\u00e8me round. Pour la premi\u00e8re fois sur la piste d&rsquo;Arnhem. Romain Febvre et Lucas Coenen y ont remport\u00e9 ce samedi les manches qualificatives.<\/strong><\/p>\n<p>De retour apr\u00e8s <a href=\"https:\/\/fr.motocrossmag.be\/index.php\/2023\/08\/video-le-crash-de-lucas-coenen-en-suede\/\">la chute qui l&rsquo;avait \u00e9limin\u00e9 du GP de Su\u00e8de<\/a>, Lucas Coenen est revenu par la grande porte en MX2. Apr\u00e8s avoir laiss\u00e9 Rick Elzinga la premi\u00e8re moiti\u00e9 de la course, notre compatriote est pass\u00e9 \u00e0 l&rsquo;offensive, a pris la t\u00eate de la course et s&rsquo;est impos\u00e9 avec plus de 10 secondes d&rsquo;avance sur\u00a0Simon Laengenfelder. Il remporte ainsi sa deuxi\u00e8me manche qualificative de la saison.<\/p>\n<p>Revenu de la 6\u00e8me place, Liam Everts termine 3\u00e8me devant Elzinga et Jago Geerts, op\u00e9r\u00e9 il y a tout juste 19 jours d&rsquo;<a href=\"https:\/\/fr.motocrossmag.be\/index.php\/2023\/07\/video-la-chute-de-jago-geerts-en-finlande\/\">une clavicule fractur\u00e9e sur le GP de Finlande<\/a>.<\/p>\n<p>En MXGP, Romain Febvre est parti en 4\u00e8me position mais revient ensuite rapidement devant pour s&rsquo;imposer apr\u00e8s avoir r\u00e9sist\u00e9 \u00e0 Glenn Coldenhoff, tr\u00e8s rapide devant son public. Jorge Prado prend la 3\u00e8me place devant Jeremy Seewer, qui a men\u00e9 les premiers instants de course. Tim Gajser compl\u00e8te le top-5.<\/p>\n<p><span style=\"color: #800000;\"><strong>R\u00e9sultats<\/strong><\/span><\/p>\n<p><strong>MXGP<\/strong><\/p>\n<p>1. Romain Febvre (FRA, Kawasaki), 23:57.055; 2. Glenn Coldenhoff (NED, Yamaha), +0:01.227; 3. Jorge Prado (ESP, GASGAS), +0:05.027; 4. Jeremy Seewer (SUI, Yamaha), +0:07.272; 5. Tim Gajser (SLO, Honda), +0:09.654; 6. Alberto Forato (ITA, KTM), +0:22.779; 7. Ruben Fernandez (ESP, Honda), +0:26.805; 8. Benoit Paturel (FRA, Yamaha), +0:37.410; 9. Brian Bogers (NED, Honda), +0:39.200; 10. Maxime Renaux (FRA, Yamaha), +0:41.802; 11. Mitchell Evans (AUS, Kawasaki), +1:00.298; 12. Maximilian Spies (GER, KTM), +1:01.383; 13. Pauls Jonass (LAT, Honda), +1:06.003; 14. Petar Petrov (BUL, Yamaha), +1:08.541; 15. Adam Sterry (GBR, KTM), +1:10.908; 16. Valentin Guillod (SUI, Honda), +1:14.031; 17. Alvin \u00d6stlund (SWE, Honda), +1:16.680; 18. Ben Watson (GBR, Beta), +1:23.457; 19. Tom Koch (GER, KTM), +1:25.742; 20. Albin Gerhardsson (SWE, Husqvarna), +1:26.696; 21. Micha-Boy De Waal (NED, GASGAS), +1:29.617; 22. Tristan Purdon (RSA, KTM), +1:34.736; 23. Marcel Conijn (NED, Yamaha), +1:48.271; 24. Sven Van der Mierden (NED, GASGAS), -1 lap(s); 25. Joel Van Mechelen (NED, KTM), -1 lap(s); 26. Cornelius Toendel (NOR, Honda), -1 lap(s); 27. Nick Leerkes (NED, Husqvarna), -1 lap(s); 28. Alessandro Lupino (ITA, Beta), -1 lap(s); <strong>29. Thomas Vermijl (BEL, GASGAS), -1 lap(s);<\/strong> 30. Michel Hoenson (NED, KTM), -1 lap(s); 31. Mike Bolink (NED, Yamaha), -5 lap(s); 32. Mitchel van den Essenburg (NED, Husqvarna), -7 lap(s); 33. Calvin Vlaanderen (NED, Yamaha), -12 lap(s);<\/p>\n<p>CLASSEMENT PROVISOIRE MXGP<\/p>\n<p>1. Jorge Prado (ESP, GAS), 778 points; 2. Romain Febvre (FRA, KAW), 682 p.; 3. Jeremy Seewer (SUI, YAM), 610 p.; 4. Glenn Coldenhoff (NED, YAM), 562 p.; 5. Ruben Fernandez (ESP, HON), 525 p.; 6. Calvin Vlaanderen (NED, YAM), 498 p.; 7. Jeffrey Herlings (NED, KTM), 456 p.; 8. Alberto Forato (ITA, KTM), 385 p.; 9. Valentin Guillod (SUI, HON), 281 p.; 10. Maxime Renaux (FRA, YAM), 231 p.; 11. Benoit Paturel (FRA, YAM), 215 p.; 12. Mitchell Evans (AUS, KAW), 205 p.; 13. Mattia Guadagnini (ITA, GAS), 203 p.; 14. Ben Watson (GBR, BET), 191 p.; 15. Brian Bogers (NED, HON), 179 p.; 16. Alvin \u00d6stlund (SWE, HON), 173 p.; 17. Alessandro Lupino (ITA, BET), 140 p.; 18. Tom Koch (GER, KTM), 138 p.; 19. Tim Gajser (SLO, HON), 120 p.; <strong>20. Brent Van doninck (BEL, HON), 114 p.; 21. Jeremy Van Horebeek (BEL, HON), 110 p.<\/strong>; 22. Maximilian Spies (GER, KTM), 105 p.; 23. Pauls Jonass (LAT, HON), 85 p.; 24. Hardi Roosiorg (EST, HON), 52 p.; 25. Jere Haavisto (FIN, KTM), 48 p.; 26. Kevin Brumann (SUI, YAM), 44 p.; 27. Petar Petrov (BUL, YAM), 43 p.; 28. Henry Jacobi (GER, KTM), 29 p.; 29. Stephen Rubini (FRA, HON), 27 p.; 30. Lewis Stewart (AUS, KTM), 25 p.; 31. Nicholas Murray (AUS, HUS), 21 p.; 32. Harri Kullas (EST, YAM), 20 p.; 33. Hilman Maksum (INA, KTM), 17 p.; 34. Tim Koch (GER, HUS), 15 p.; 35. Albin Gerhardsson (SWE, HUS), 14 p.; 36. Adam Sterry (GBR, KTM), 13 p.; 37. Lionel Kerhoas (FRA, HUS), 12 p.; 38. Michael Ivanov (BUL, HUS), 11 p.; 39. Tanel Leok (EST, HUS), 10 p.; 40. Pierre Goupillon (FRA, KTM), 10 p.; 41. Gert Krestinov (EST, HON), 10 p.; 42. Ashton Dickinson (GBR, KTM), 9 p.; 43. Arnaud Tonus (SUI, YAM), 8 p.; 44. Tomass Sileika (LAT, GAS), 7 p.; 45. Ivo Monticelli (ITA, GAS), 6 p.; 46. Simon Jost (SVK, KTM), 6 p.; 47. Miro Sihvonen (FIN, HUS), 6 p.; 48. Mark Scheu (GER, HUS), 5 p.; 49. Andero Lusbo (EST, GAS), 5 p.; 50. Joaquin Poli (ARG, KAW), 5 p.; 51. Tristan Purdon (RSA, KTM), 4 p.; 52. Danne Karlsson (SWE, GAS), 4 p.; 53. Conrad Mewse (GBR, HON), 4 p.; 54. Paulo Alberto (POR, YAM), 4 p.; 55. Tomas Kohut (SVK, KTM), 3 p.; 56. Cornelius Toendel (NOR, HON), 3 p.; 57. Nico Koch (GER, KTM), 2 p.; 58. Simone Croci (ITA, HUS), 2 p.; 59. Domantas Jazdauskas (LTU, KTM), 2 p.; 60. Adrien Malaval (FRA, YAM), 2 p.; 61. Mathias Joergensen (DEN, YAM), 2 p.; 62. Arminas Jasikonis (LTU, GAS), 1 p.; 63. Lars van Berkel (NED, HON), 1 p.; 64. Simeo Ubach (ESP, HUS), 1 p.; 65. Agustin Poli (ARG, KAW), 1 p.;<\/p>\n<p><strong>MX2<\/strong><\/p>\n<p><strong>1. Lucas Coenen (BEL, Husqvarna), 24:03.266<\/strong>; 2. Simon Laengenfelder (GER, GASGAS), +0:11.086; <strong>3. Liam Everts (BEL, KTM), +0:19.178<\/strong>; 4. Rick Elzinga (NED, Yamaha), +0:31.625; <strong>5. Jago Geerts (BEL, Yamaha), +0:36.196<\/strong>; 6. Oriol Oliver (ESP, KTM), +0:37.439; 7. Andrea Adamo (ITA, KTM), +0:39.284; 8. Roan Van De Moosdijk (NED, Husqvarna), +0:47.517; 9. Emil Weckman (FIN, Honda), +0:50.178; 10. Kevin Horgmo (NOR, Kawasaki), +0:50.849; 11. David Braceras (ESP, Kawasaki), +1:00.284; 12. Isak Gifting (SWE, GASGAS), +1:01.839; 13. Camden Mc Lellan (RSA, Honda), +1:22.104; 14. Jan Pancar (SLO, KTM), +1:25.799; 15. Peter Koenig (GER, KTM), +1:42.635; 16. Joel Rizzi (GBR, GASGAS), +1:43.437; 17. Scott Smulders (NED, Honda), +1:54.490; 18. Taylor Hammal (GBR, KTM), +2:08.234; 19. Filip Olsson (SWE, Husqvarna), -1 lap(s); 20. Jan Krug (GER, Husqvarna), -1 lap(s); 21. Arvid L\u00fcning (SWE, GASGAS), -1 lap(s); 22. Alessandro Valeri (ITA, KTM), -1 lap(s); 23. Lorenzo Ciabatti (ITA, KTM), -1 lap(s); 24. Raf Meuwissen (NED, Yamaha), -1 lap(s); 25. Boris Blanken (NED, Fantic), -1 lap(s); 26. Jaap Janssen (NED, KTM), -1 lap(s); 27. Delvintor Alfarizi (INA, Honda), -1 lap(s); 28. Romano Aspers (NED, KTM), -1 lap(s); <strong>29. Sacha Coenen (BEL, KTM), -10 lap(s);<\/strong> 30. William Voxen Kleemann (DEN, KTM), -10 lap(s);<\/p>\n<p>CLASSEMENT PROVISOIRE MX2<\/p>\n<p>1. Andrea Adamo (ITA, KTM), 667 points; <strong>2. Liam Everts (BEL, KTM), 591 p<\/strong>.; <strong>3. Jago Geerts (BEL, YAM), 565 p.<\/strong>; 4. Simon Laengenfelder (GER, GAS), 555 p.; 5. Kay de Wolf (NED, HUS), 501 p.; <strong>6. Lucas Coenen (BEL, HUS), 471 p.<\/strong>; 7. Thibault Benistant (FRA, YAM), 462 p.; 8. Roan Van De Moosdijk (NED, HUS), 436 p.; 9. Kevin Horgmo (NOR, KAW), 426 p.; 10. Rick Elzinga (NED, YAM), 313 p.; 11. Jan Pancar (SLO, KTM), 293 p.; 12. Oriol Oliver (ESP, KTM), 231 p.; <strong>13. Sacha Coenen (BEL, KTM), 218 p.;<\/strong> 14. Emil Weckman (FIN, HON), 200 p.; 15. Isak Gifting (SWE, GAS), 186 p.; 16. Camden Mc Lellan (RSA, HON), 181 p.; 17. Mikkel Haarup (DEN, KTM), 170 p.; 18. David Braceras (ESP, KAW), 169 p.; 19. Marcel Stauffer (AUT, KTM), 52 p.; 20. Filip Olsson (SWE, HUS), 48 p.; 21. Ferruccio Zanchi (ITA, KTM), 47 p.; 22. Mike Gwerder (SUI, KTM), 45 p.; 23. Jack Chambers (USA, KAW), 44 p.; 24. Arvid L\u00fcning (SWE, GAS), 43 p.; 25. Yago Martinez (ESP, KTM), 42 p.; 26. Cornelius Toendel (NOR, KTM), 36 p.; 27. Marc-Antoine Rossi (FRA, KTM), 34 p.; 28. Lorenzo Ciabatti (ITA, KTM), 30 p.; 29. Jorgen-Matthias Talviku (EST, HUS), 29 p.; 30. Delvintor Alfarizi (INA, HON), 28 p.; 31. Scotty Verhaeghe (FRA, GAS), 26 p.; 32. Joel Rizzi (GBR, GAS), 26 p.; 33. William Voxen Kleemann (DEN, KTM), 26 p.; 34. Devin Warner Simonson (USA, KTM), 25 p.; 35. Bobby Bruce (GBR, GAS), 23 p.; 36. Petr Polak (CZE, YAM), 23 p.; 37. Tim Edberg (SWE, HUS), 20 p.; 38. Tom Guyon (FRA, FAN), 18 p.; 39. Ivano Van Erp (NED, YAM), 17 p.; 40. Andrea Bonacorsi (ITA, YAM), 15 p.; 41. Federico Tuani (ITA, KTM), 15 p.; 42. Xavier Cazal (FRA, GAS), 14 p.; 43. Leopold Ambj\u00f6rnson (SWE, HUS), 14 p.; 44. Jiraj Wannalak (THA, KTM), 13 p.; 45. Quentin Marc Prugnieres (FRA, KAW), 11 p.; 46. Tom\u00e1s Moyano (ARG, KAW), 10 p.; 47. Sampo Rainio (FIN, KTM), 8 p.; 48. Alessandro Valeri (ITA, KTM), 8 p.; 49. Diva Ismayana (INA, KAW), 8 p.; 50. Nakami Vidi Makarim (INA, KTM), 7 p.; 51. Peter Koenig (GER, KTM), 6 p.; 52. Miro Varjonen (FIN, HUS), 6 p.; 53. Taylor Hammal (GBR, KTM), 6 p.; 54. Saad Soulimani (FRA, YAM), 5 p.; 55. Franco Iavecchia (URU, HUS), 5 p.; 56. Pedro Jose Suarez Jaramillo (ECU, HUS), 4 p.; 57. Adria Monne Viles (ESP, KTM), 4 p.; 58. Jan Krug (GER, HUS), 4 p.; 59. Erlandas Mackonis (LTU, KTM), 4 p.; 60. Maximo Caceres (ARG, GAS), 3 p.; 61. Martin Venhoda (CZE, GAS), 3 p.; 62. Hassan Mohamad Zubir (MAS, HUS), 2 p.; 63. Daniel Mandys (CZE, YAM), 2 p.; 64. Scott Smulders (NED, HON), 2 p.; 65. Fermin Ciccimarra (ARG, YAM), 2 p.; 66. Lorenzo Corti (ITA, HUS), 2 p.; 67. Eliel Lehtinen (FIN, KTM), 1 p.; 68. Adrien Petit (FRA, YAM), 1 p.; 69. Magnus Smith (DEN, YAM), 1 p.; 70. Juan Ignacio Salgado (ARG, HON), 1 p.; 71. Jerem\u00edas Schiele (CHL, GAS), 1 p.; 72. Alexandre Marques (POR, HUS), 1 p.;<\/p>\n<p>&nbsp;<\/p>\n","protected":false},"excerpt":{"rendered":"<p>C&rsquo;est en Hollande que le championnat du monde MXGP fait halte ce week-end pour son 16\u00e8me round. Pour la premi\u00e8re fois sur la piste d&rsquo;Arnhem. Romain Febvre et Lucas Coenen [&#8230;]<\/p>\n","protected":false},"author":932,"featured_media":127786,"comment_status":"open","ping_status":"closed","sticky":false,"template":"","format":"standard","meta":{"footnotes":""},"categories":[54,4,6,5,55,56,65],"tags":[1463,1247,1265,947,568,456],"class_list":["post-127785","post","type-post","status-publish","format-standard","has-post-thumbnail","hentry","category-actualite","category-motocross","category-mx1mx2","category-news","category-news-actualite","category-resultats","category-slideshow","tag-arnhem","tag-liam-everts","tag-lucas-coenen","tag-motocross","tag-mxgp","tag-romain-febvre"],"yoast_head":"<!-- This site is optimized with the Yoast SEO plugin v27.4 - https:\/\/yoast.com\/product\/yoast-seo-wordpress\/ -->\n<title>Lucas Coenen remporte la manche qualificative du GP d&#039;Arnhem - Motocross - Enduro - Supermoto | MotocrossMag<\/title>\n<meta name=\"robots\" content=\"index, follow, max-snippet:-1, max-image-preview:large, max-video-preview:-1\" \/>\n<link rel=\"canonical\" href=\"https:\/\/fr.motocrossmag.be\/index.php\/2023\/08\/lucas-coenen-remporte-la-manche-qualificative-du-gp-darnhem\/\" \/>\n<meta property=\"og:locale\" content=\"fr_FR\" \/>\n<meta property=\"og:type\" content=\"article\" \/>\n<meta property=\"og:title\" content=\"Lucas Coenen remporte la manche qualificative du GP d&#039;Arnhem - Motocross - Enduro - Supermoto | MotocrossMag\" \/>\n<meta property=\"og:description\" content=\"C&rsquo;est en Hollande que le championnat du monde MXGP fait halte ce week-end pour son 16\u00e8me round. Pour la premi\u00e8re fois sur la piste d&rsquo;Arnhem. Romain Febvre et Lucas Coenen [...]\" \/>\n<meta property=\"og:url\" content=\"https:\/\/fr.motocrossmag.be\/index.php\/2023\/08\/lucas-coenen-remporte-la-manche-qualificative-du-gp-darnhem\/\" \/>\n<meta property=\"og:site_name\" content=\"Motocross - Enduro - Supermoto | MotocrossMag\" \/>\n<meta property=\"article:published_time\" content=\"2023-08-19T16:54:39+00:00\" \/>\n<meta property=\"article:modified_time\" content=\"2023-08-19T17:00:57+00:00\" \/>\n<meta property=\"og:image\" content=\"https:\/\/fr.motocrossmag.be\/wp-content\/uploads\/2023\/08\/138737_CoenenLucas_Flanders_2023_Fullspectrum_ESZ-30325.jpg\" \/>\n\t<meta property=\"og:image:width\" content=\"1200\" \/>\n\t<meta property=\"og:image:height\" content=\"800\" \/>\n\t<meta property=\"og:image:type\" content=\"image\/jpeg\" \/>\n<meta name=\"author\" content=\"oliviere\" \/>\n<meta name=\"twitter:card\" content=\"summary_large_image\" \/>\n<meta name=\"twitter:label1\" content=\"\u00c9crit par\" \/>\n\t<meta name=\"twitter:data1\" content=\"oliviere\" \/>\n\t<meta name=\"twitter:label2\" content=\"Dur\u00e9e de lecture estim\u00e9e\" \/>\n\t<meta name=\"twitter:data2\" content=\"6 minutes\" \/>\n<script type=\"application\/ld+json\" class=\"yoast-schema-graph\">{\"@context\":\"https:\\\/\\\/schema.org\",\"@graph\":[{\"@type\":\"Article\",\"@id\":\"https:\\\/\\\/fr.motocrossmag.be\\\/index.php\\\/2023\\\/08\\\/lucas-coenen-remporte-la-manche-qualificative-du-gp-darnhem\\\/#article\",\"isPartOf\":{\"@id\":\"https:\\\/\\\/fr.motocrossmag.be\\\/index.php\\\/2023\\\/08\\\/lucas-coenen-remporte-la-manche-qualificative-du-gp-darnhem\\\/\"},\"author\":{\"name\":\"oliviere\",\"@id\":\"https:\\\/\\\/fr.motocrossmag.be\\\/#\\\/schema\\\/person\\\/11b47143d9f755babca2c9110e03235c\"},\"headline\":\"Lucas Coenen remporte la manche qualificative du GP d&rsquo;Arnhem\",\"datePublished\":\"2023-08-19T16:54:39+00:00\",\"dateModified\":\"2023-08-19T17:00:57+00:00\",\"mainEntityOfPage\":{\"@id\":\"https:\\\/\\\/fr.motocrossmag.be\\\/index.php\\\/2023\\\/08\\\/lucas-coenen-remporte-la-manche-qualificative-du-gp-darnhem\\\/\"},\"wordCount\":1258,\"commentCount\":0,\"image\":{\"@id\":\"https:\\\/\\\/fr.motocrossmag.be\\\/index.php\\\/2023\\\/08\\\/lucas-coenen-remporte-la-manche-qualificative-du-gp-darnhem\\\/#primaryimage\"},\"thumbnailUrl\":\"https:\\\/\\\/fr.motocrossmag.be\\\/wp-content\\\/uploads\\\/2023\\\/08\\\/138737_CoenenLucas_Flanders_2023_Fullspectrum_ESZ-30325.jpg\",\"keywords\":[\"arnhem\",\"liam everts\",\"lucas coenen\",\"Motocross\",\"MXGP\",\"romain febvre\"],\"articleSection\":[\"Actualit\u00e9\",\"Motocross\",\"Motocross MXGP\",\"News\",\"News\",\"R\u00e9sultats\",\"Slideshow\"],\"inLanguage\":\"fr-FR\",\"potentialAction\":[{\"@type\":\"CommentAction\",\"name\":\"Comment\",\"target\":[\"https:\\\/\\\/fr.motocrossmag.be\\\/index.php\\\/2023\\\/08\\\/lucas-coenen-remporte-la-manche-qualificative-du-gp-darnhem\\\/#respond\"]}]},{\"@type\":\"WebPage\",\"@id\":\"https:\\\/\\\/fr.motocrossmag.be\\\/index.php\\\/2023\\\/08\\\/lucas-coenen-remporte-la-manche-qualificative-du-gp-darnhem\\\/\",\"url\":\"https:\\\/\\\/fr.motocrossmag.be\\\/index.php\\\/2023\\\/08\\\/lucas-coenen-remporte-la-manche-qualificative-du-gp-darnhem\\\/\",\"name\":\"Lucas Coenen remporte la manche qualificative du GP d'Arnhem - Motocross - Enduro - Supermoto | MotocrossMag\",\"isPartOf\":{\"@id\":\"https:\\\/\\\/fr.motocrossmag.be\\\/#website\"},\"primaryImageOfPage\":{\"@id\":\"https:\\\/\\\/fr.motocrossmag.be\\\/index.php\\\/2023\\\/08\\\/lucas-coenen-remporte-la-manche-qualificative-du-gp-darnhem\\\/#primaryimage\"},\"image\":{\"@id\":\"https:\\\/\\\/fr.motocrossmag.be\\\/index.php\\\/2023\\\/08\\\/lucas-coenen-remporte-la-manche-qualificative-du-gp-darnhem\\\/#primaryimage\"},\"thumbnailUrl\":\"https:\\\/\\\/fr.motocrossmag.be\\\/wp-content\\\/uploads\\\/2023\\\/08\\\/138737_CoenenLucas_Flanders_2023_Fullspectrum_ESZ-30325.jpg\",\"datePublished\":\"2023-08-19T16:54:39+00:00\",\"dateModified\":\"2023-08-19T17:00:57+00:00\",\"author\":{\"@id\":\"https:\\\/\\\/fr.motocrossmag.be\\\/#\\\/schema\\\/person\\\/11b47143d9f755babca2c9110e03235c\"},\"breadcrumb\":{\"@id\":\"https:\\\/\\\/fr.motocrossmag.be\\\/index.php\\\/2023\\\/08\\\/lucas-coenen-remporte-la-manche-qualificative-du-gp-darnhem\\\/#breadcrumb\"},\"inLanguage\":\"fr-FR\",\"potentialAction\":[{\"@type\":\"ReadAction\",\"target\":[\"https:\\\/\\\/fr.motocrossmag.be\\\/index.php\\\/2023\\\/08\\\/lucas-coenen-remporte-la-manche-qualificative-du-gp-darnhem\\\/\"]}]},{\"@type\":\"ImageObject\",\"inLanguage\":\"fr-FR\",\"@id\":\"https:\\\/\\\/fr.motocrossmag.be\\\/index.php\\\/2023\\\/08\\\/lucas-coenen-remporte-la-manche-qualificative-du-gp-darnhem\\\/#primaryimage\",\"url\":\"https:\\\/\\\/fr.motocrossmag.be\\\/wp-content\\\/uploads\\\/2023\\\/08\\\/138737_CoenenLucas_Flanders_2023_Fullspectrum_ESZ-30325.jpg\",\"contentUrl\":\"https:\\\/\\\/fr.motocrossmag.be\\\/wp-content\\\/uploads\\\/2023\\\/08\\\/138737_CoenenLucas_Flanders_2023_Fullspectrum_ESZ-30325.jpg\",\"width\":1200,\"height\":800},{\"@type\":\"BreadcrumbList\",\"@id\":\"https:\\\/\\\/fr.motocrossmag.be\\\/index.php\\\/2023\\\/08\\\/lucas-coenen-remporte-la-manche-qualificative-du-gp-darnhem\\\/#breadcrumb\",\"itemListElement\":[{\"@type\":\"ListItem\",\"position\":1,\"name\":\"Accueil\",\"item\":\"https:\\\/\\\/fr.motocrossmag.be\\\/\"},{\"@type\":\"ListItem\",\"position\":2,\"name\":\"Lucas Coenen remporte la manche qualificative du GP d&rsquo;Arnhem\"}]},{\"@type\":\"WebSite\",\"@id\":\"https:\\\/\\\/fr.motocrossmag.be\\\/#website\",\"url\":\"https:\\\/\\\/fr.motocrossmag.be\\\/\",\"name\":\"Motocross - Enduro - Supermoto | MotocrossMag\",\"description\":\"L&#039;actualit\u00e9 du motocross, de l&#039;enduro et du Supermoto en ligne!\",\"potentialAction\":[{\"@type\":\"SearchAction\",\"target\":{\"@type\":\"EntryPoint\",\"urlTemplate\":\"https:\\\/\\\/fr.motocrossmag.be\\\/?s={search_term_string}\"},\"query-input\":{\"@type\":\"PropertyValueSpecification\",\"valueRequired\":true,\"valueName\":\"search_term_string\"}}],\"inLanguage\":\"fr-FR\"},{\"@type\":\"Person\",\"@id\":\"https:\\\/\\\/fr.motocrossmag.be\\\/#\\\/schema\\\/person\\\/11b47143d9f755babca2c9110e03235c\",\"name\":\"oliviere\",\"image\":{\"@type\":\"ImageObject\",\"inLanguage\":\"fr-FR\",\"@id\":\"https:\\\/\\\/secure.gravatar.com\\\/avatar\\\/907069e0b81d119452040469e4a7501da1100f54f7f80180ce77bfab718288f6?s=96&d=mm&r=g\",\"url\":\"https:\\\/\\\/secure.gravatar.com\\\/avatar\\\/907069e0b81d119452040469e4a7501da1100f54f7f80180ce77bfab718288f6?s=96&d=mm&r=g\",\"contentUrl\":\"https:\\\/\\\/secure.gravatar.com\\\/avatar\\\/907069e0b81d119452040469e4a7501da1100f54f7f80180ce77bfab718288f6?s=96&d=mm&r=g\",\"caption\":\"oliviere\"},\"sameAs\":[\"http:\\\/\\\/www.motocrossmag.be\"],\"url\":\"https:\\\/\\\/fr.motocrossmag.be\\\/index.php\\\/author\\\/oliviere\\\/\"}]}<\/script>\n<!-- \/ Yoast SEO plugin. -->","yoast_head_json":{"title":"Lucas Coenen remporte la manche qualificative du GP d'Arnhem - Motocross - Enduro - Supermoto | MotocrossMag","robots":{"index":"index","follow":"follow","max-snippet":"max-snippet:-1","max-image-preview":"max-image-preview:large","max-video-preview":"max-video-preview:-1"},"canonical":"https:\/\/fr.motocrossmag.be\/index.php\/2023\/08\/lucas-coenen-remporte-la-manche-qualificative-du-gp-darnhem\/","og_locale":"fr_FR","og_type":"article","og_title":"Lucas Coenen remporte la manche qualificative du GP d'Arnhem - Motocross - Enduro - Supermoto | MotocrossMag","og_description":"C&rsquo;est en Hollande que le championnat du monde MXGP fait halte ce week-end pour son 16\u00e8me round. Pour la premi\u00e8re fois sur la piste d&rsquo;Arnhem. Romain Febvre et Lucas Coenen [...]","og_url":"https:\/\/fr.motocrossmag.be\/index.php\/2023\/08\/lucas-coenen-remporte-la-manche-qualificative-du-gp-darnhem\/","og_site_name":"Motocross - Enduro - Supermoto | MotocrossMag","article_published_time":"2023-08-19T16:54:39+00:00","article_modified_time":"2023-08-19T17:00:57+00:00","og_image":[{"width":1200,"height":800,"url":"https:\/\/fr.motocrossmag.be\/wp-content\/uploads\/2023\/08\/138737_CoenenLucas_Flanders_2023_Fullspectrum_ESZ-30325.jpg","type":"image\/jpeg"}],"author":"oliviere","twitter_card":"summary_large_image","twitter_misc":{"\u00c9crit par":"oliviere","Dur\u00e9e de lecture estim\u00e9e":"6 minutes"},"schema":{"@context":"https:\/\/schema.org","@graph":[{"@type":"Article","@id":"https:\/\/fr.motocrossmag.be\/index.php\/2023\/08\/lucas-coenen-remporte-la-manche-qualificative-du-gp-darnhem\/#article","isPartOf":{"@id":"https:\/\/fr.motocrossmag.be\/index.php\/2023\/08\/lucas-coenen-remporte-la-manche-qualificative-du-gp-darnhem\/"},"author":{"name":"oliviere","@id":"https:\/\/fr.motocrossmag.be\/#\/schema\/person\/11b47143d9f755babca2c9110e03235c"},"headline":"Lucas Coenen remporte la manche qualificative du GP d&rsquo;Arnhem","datePublished":"2023-08-19T16:54:39+00:00","dateModified":"2023-08-19T17:00:57+00:00","mainEntityOfPage":{"@id":"https:\/\/fr.motocrossmag.be\/index.php\/2023\/08\/lucas-coenen-remporte-la-manche-qualificative-du-gp-darnhem\/"},"wordCount":1258,"commentCount":0,"image":{"@id":"https:\/\/fr.motocrossmag.be\/index.php\/2023\/08\/lucas-coenen-remporte-la-manche-qualificative-du-gp-darnhem\/#primaryimage"},"thumbnailUrl":"https:\/\/fr.motocrossmag.be\/wp-content\/uploads\/2023\/08\/138737_CoenenLucas_Flanders_2023_Fullspectrum_ESZ-30325.jpg","keywords":["arnhem","liam everts","lucas coenen","Motocross","MXGP","romain febvre"],"articleSection":["Actualit\u00e9","Motocross","Motocross MXGP","News","News","R\u00e9sultats","Slideshow"],"inLanguage":"fr-FR","potentialAction":[{"@type":"CommentAction","name":"Comment","target":["https:\/\/fr.motocrossmag.be\/index.php\/2023\/08\/lucas-coenen-remporte-la-manche-qualificative-du-gp-darnhem\/#respond"]}]},{"@type":"WebPage","@id":"https:\/\/fr.motocrossmag.be\/index.php\/2023\/08\/lucas-coenen-remporte-la-manche-qualificative-du-gp-darnhem\/","url":"https:\/\/fr.motocrossmag.be\/index.php\/2023\/08\/lucas-coenen-remporte-la-manche-qualificative-du-gp-darnhem\/","name":"Lucas Coenen remporte la manche qualificative du GP d'Arnhem - Motocross - Enduro - Supermoto | MotocrossMag","isPartOf":{"@id":"https:\/\/fr.motocrossmag.be\/#website"},"primaryImageOfPage":{"@id":"https:\/\/fr.motocrossmag.be\/index.php\/2023\/08\/lucas-coenen-remporte-la-manche-qualificative-du-gp-darnhem\/#primaryimage"},"image":{"@id":"https:\/\/fr.motocrossmag.be\/index.php\/2023\/08\/lucas-coenen-remporte-la-manche-qualificative-du-gp-darnhem\/#primaryimage"},"thumbnailUrl":"https:\/\/fr.motocrossmag.be\/wp-content\/uploads\/2023\/08\/138737_CoenenLucas_Flanders_2023_Fullspectrum_ESZ-30325.jpg","datePublished":"2023-08-19T16:54:39+00:00","dateModified":"2023-08-19T17:00:57+00:00","author":{"@id":"https:\/\/fr.motocrossmag.be\/#\/schema\/person\/11b47143d9f755babca2c9110e03235c"},"breadcrumb":{"@id":"https:\/\/fr.motocrossmag.be\/index.php\/2023\/08\/lucas-coenen-remporte-la-manche-qualificative-du-gp-darnhem\/#breadcrumb"},"inLanguage":"fr-FR","potentialAction":[{"@type":"ReadAction","target":["https:\/\/fr.motocrossmag.be\/index.php\/2023\/08\/lucas-coenen-remporte-la-manche-qualificative-du-gp-darnhem\/"]}]},{"@type":"ImageObject","inLanguage":"fr-FR","@id":"https:\/\/fr.motocrossmag.be\/index.php\/2023\/08\/lucas-coenen-remporte-la-manche-qualificative-du-gp-darnhem\/#primaryimage","url":"https:\/\/fr.motocrossmag.be\/wp-content\/uploads\/2023\/08\/138737_CoenenLucas_Flanders_2023_Fullspectrum_ESZ-30325.jpg","contentUrl":"https:\/\/fr.motocrossmag.be\/wp-content\/uploads\/2023\/08\/138737_CoenenLucas_Flanders_2023_Fullspectrum_ESZ-30325.jpg","width":1200,"height":800},{"@type":"BreadcrumbList","@id":"https:\/\/fr.motocrossmag.be\/index.php\/2023\/08\/lucas-coenen-remporte-la-manche-qualificative-du-gp-darnhem\/#breadcrumb","itemListElement":[{"@type":"ListItem","position":1,"name":"Accueil","item":"https:\/\/fr.motocrossmag.be\/"},{"@type":"ListItem","position":2,"name":"Lucas Coenen remporte la manche qualificative du GP d&rsquo;Arnhem"}]},{"@type":"WebSite","@id":"https:\/\/fr.motocrossmag.be\/#website","url":"https:\/\/fr.motocrossmag.be\/","name":"Motocross - Enduro - Supermoto | MotocrossMag","description":"L&#039;actualit\u00e9 du motocross, de l&#039;enduro et du Supermoto en ligne!","potentialAction":[{"@type":"SearchAction","target":{"@type":"EntryPoint","urlTemplate":"https:\/\/fr.motocrossmag.be\/?s={search_term_string}"},"query-input":{"@type":"PropertyValueSpecification","valueRequired":true,"valueName":"search_term_string"}}],"inLanguage":"fr-FR"},{"@type":"Person","@id":"https:\/\/fr.motocrossmag.be\/#\/schema\/person\/11b47143d9f755babca2c9110e03235c","name":"oliviere","image":{"@type":"ImageObject","inLanguage":"fr-FR","@id":"https:\/\/secure.gravatar.com\/avatar\/907069e0b81d119452040469e4a7501da1100f54f7f80180ce77bfab718288f6?s=96&d=mm&r=g","url":"https:\/\/secure.gravatar.com\/avatar\/907069e0b81d119452040469e4a7501da1100f54f7f80180ce77bfab718288f6?s=96&d=mm&r=g","contentUrl":"https:\/\/secure.gravatar.com\/avatar\/907069e0b81d119452040469e4a7501da1100f54f7f80180ce77bfab718288f6?s=96&d=mm&r=g","caption":"oliviere"},"sameAs":["http:\/\/www.motocrossmag.be"],"url":"https:\/\/fr.motocrossmag.be\/index.php\/author\/oliviere\/"}]}},"_links":{"self":[{"href":"https:\/\/fr.motocrossmag.be\/index.php\/wp-json\/wp\/v2\/posts\/127785","targetHints":{"allow":["GET"]}}],"collection":[{"href":"https:\/\/fr.motocrossmag.be\/index.php\/wp-json\/wp\/v2\/posts"}],"about":[{"href":"https:\/\/fr.motocrossmag.be\/index.php\/wp-json\/wp\/v2\/types\/post"}],"author":[{"embeddable":true,"href":"https:\/\/fr.motocrossmag.be\/index.php\/wp-json\/wp\/v2\/users\/932"}],"replies":[{"embeddable":true,"href":"https:\/\/fr.motocrossmag.be\/index.php\/wp-json\/wp\/v2\/comments?post=127785"}],"version-history":[{"count":3,"href":"https:\/\/fr.motocrossmag.be\/index.php\/wp-json\/wp\/v2\/posts\/127785\/revisions"}],"predecessor-version":[{"id":127789,"href":"https:\/\/fr.motocrossmag.be\/index.php\/wp-json\/wp\/v2\/posts\/127785\/revisions\/127789"}],"wp:featuredmedia":[{"embeddable":true,"href":"https:\/\/fr.motocrossmag.be\/index.php\/wp-json\/wp\/v2\/media\/127786"}],"wp:attachment":[{"href":"https:\/\/fr.motocrossmag.be\/index.php\/wp-json\/wp\/v2\/media?parent=127785"}],"wp:term":[{"taxonomy":"category","embeddable":true,"href":"https:\/\/fr.motocrossmag.be\/index.php\/wp-json\/wp\/v2\/categories?post=127785"},{"taxonomy":"post_tag","embeddable":true,"href":"https:\/\/fr.motocrossmag.be\/index.php\/wp-json\/wp\/v2\/tags?post=127785"}],"curies":[{"name":"wp","href":"https:\/\/api.w.org\/{rel}","templated":true}]}}