{"id":127795,"date":"2023-08-20T12:46:46","date_gmt":"2023-08-20T10:46:46","guid":{"rendered":"https:\/\/fr.motocrossmag.be\/?p=127795"},"modified":"2023-08-20T12:47:10","modified_gmt":"2023-08-20T10:47:10","slug":"lotte-van-drunen-imperiale-devant-son-public-a-arnhem","status":"publish","type":"post","link":"https:\/\/fr.motocrossmag.be\/index.php\/2023\/08\/lotte-van-drunen-imperiale-devant-son-public-a-arnhem\/","title":{"rendered":"Lotte Van Drunen imp\u00e9riale devant son public \u00e0 Arnhem"},"content":{"rendered":"<p><strong>Le public hollandais \u00e9tait l\u00e0 pour la voir se battre pour la victoire. Elle ne l&rsquo;a pas d\u00e9\u00e7u. Lotte Van Drunen a remport\u00e9 face \u00e0 ses fans, dans le sable du circuit d&rsquo;Arnhem, son GP national. La premi\u00e8re victoire au niveau mondial de la jeune n\u00e9erlandaise.\u00a0<\/strong><\/p>\n<p>Dominatrice dans les deux manches du week-end, la pilote Kawasaki s&rsquo;impose devant l&rsquo;Espagnole\u00a0Daniela Guillen et sa compatriote Lynn Valk.<\/p>\n<p>Quatri\u00e8me du GP hollandais, Courtney Duncan (4+3) reste en t\u00eate du classement provisoire avec 16 points d&rsquo;avance sur Guillen pour aborder la finale de la saison dans deux semaines en Turquie. Troisi\u00e8me, Van Drunen reste dans la course au titre mais accuse pour sa part un retard de 23 points sur la N\u00e9o-Z\u00e9landaise.<\/p>\n<p><span style=\"color: #800000;\"><strong>R\u00e9sultats<\/strong><\/span><\/p>\n<p>MANCHE 1<\/p>\n<p>1. Lotte Van Drunen (NED, Kawasaki), 24:16.405; 2. Lynn Valk (NED, Fantic), +0:09.881;\u00a03. Daniela Guillen (ESP, GASGAS), +0:12.037; 4. Courtney Duncan (NZL, Kawasaki), +0:12.897; 5. Kiara Fontanesi (ITA, GASGAS), +0:35.915;\u00a06. Shana van der Vlist (NED, Yamaha), +0:37.967;\u00a07. Sara Andersen (DEN, KTM), +1:05.806; 8. Martine Hughes (NOR, Husqvarna), +1:11.586;\u00a09. Britt Jans-Beken (NED, Yamaha), +1:27.281; 10. Danee Gelissen (NED, KTM), +1:58.665;\u00a011. Malou Jakobsen (DEN, KTM), +2:11.435; 12. Mathea Seleboe (NOR, Yamaha), +2:27.981; 13. April Franzoni (FRA, Honda), -1 lap(s); 14. Gabriela Seisdedos (ESP, GASGAS), -1 lap(s);\u00a015. Amber Simons (NED, GASGAS), -1 lap(s);\u00a016. Tyra B\u00e4ckstr\u00f6m (SWE, GASGAS), -1 lap(s); 17. Mathilde Martinez (FRA, GASGAS), -1 lap(s); 18. Adrija Skudutyte (LTU, KTM), -1 lap(s); 19. Fiona Hoppe (GER, Yamaha), -1 lap(s); 20. Anne Borchers (GER, Fantic), -1 lap(s); 21. Elena Kapsamer (AUT, GASGAS), -1 lap(s); 22. Lucy Barker (GBR, KTM), -1 lap(s); 23. Laura Raunkjaer (DEN, Yamaha), -1 lap(s); 24. Giorgia Montini (ITA, Kawasaki), -1 lap(s); 25. Janina Lehmann (GER, Honda), -1 lap(s);\u00a026. Britt Siemerink (NED, GASGAS), -1 lap(s); 27. Kaylee van Dam (NED, Fantic), -1 lap(s);\u00a028. Alexandra Massury (GER, KTM), -1 lap(s); 29. Barbara Aagaard Andersen (DEN, Yamaha), -1 lap(s); 30. Sofia Schou (SWE, Honda), -1 lap(s);\u00a031. Maureen Zweers (NED, Yamaha), -1 lap(s);\u00a032. Lea Chaput (FRA, Yamaha), -2 lap(s);\u00a033. Maite Stroo (BEL, GASGAS), -2 lap(s);\u00a034. Anna Schimmer (GER, KTM), -2 lap(s); 35. Tabea Zimmermann (GER, Honda), -3 lap(s); 36. Elise De Baere (BEL, Yamaha), -3 lap(s); 37. Katharina Schultz (GER, Kawasaki), -11 lap(s);\u00a038. Britt Van Der Werff (NED, Yamaha), -11 lap(s);\u00a039. Jamie Astudillo (USA, KTM), -11 lap(s);<\/p>\n<div>\n<div class=\"ctaButton\">MANCHE 2<\/div>\n<\/div>\n<p>1. Lotte Van Drunen (NED, Kawasaki), 25:13.351;\u00a02. Daniela Guillen (ESP, GASGAS), +0:40.496; 3. Courtney Duncan (NZL, Kawasaki), +0:46.873;\u00a04. Lynn Valk (NED, Fantic), +0:51.925; 5. Shana van der Vlist (NED, Yamaha), +0:56.521;\u00a06. Sara Andersen (DEN, KTM), +1:10.843; 7. Kiara Fontanesi (ITA, GASGAS), +1:12.059;\u00a08. Britt Jans-Beken (NED, Yamaha), +1:14.314; 9. Danee Gelissen (NED, KTM), -1 lap(s);\u00a010. Malou Jakobsen (DEN, KTM), -1 lap(s); 11. April Franzoni (FRA, Honda), -1 lap(s); 12. Gabriela Seisdedos (ESP, GASGAS), -1 lap(s); 13. Lucy Barker (GBR, KTM), -1 lap(s); 14. Martine Hughes (NOR, Husqvarna), +1:39.966; 15. Anne Borchers (GER, Fantic), -1 lap(s);\u00a016. Amber Simons (NED, GASGAS), -1 lap(s);\u00a017. Tyra B\u00e4ckstr\u00f6m (SWE, GASGAS), -1 lap(s); 18. Giorgia Montini (ITA, Kawasaki), -1 lap(s); 19. Mathilde Martinez (FRA, GASGAS), -1 lap(s); 20. Adrija Skudutyte (LTU, KTM), -1 lap(s); 21. Janina Lehmann (GER, Honda), -1 lap(s); 22. Laura Raunkjaer (DEN, Yamaha), -1 lap(s);\u00a023. Kaylee van Dam (NED, Fantic), -1 lap(s);\u00a024. Alexandra Massury (GER, KTM), -1 lap(s); 25. Elena Kapsamer (AUT, GASGAS), -1 lap(s);\u00a026. Britt Siemerink (NED, GASGAS), -1 lap(s);\u00a027. Sofia Schou (SWE, Honda), -1 lap(s); 28. Maureen Zweers (NED, Yamaha), -2 lap(s); 29. Lea Chaput (FRA, Yamaha), -2 lap(s); 30. Barbara Aagaard Andersen (DEN, Yamaha), -2 lap(s); 31. Anna Schimmer (GER, KTM), -2 lap(s);\u00a0<strong>32. Maite Stroo (BEL, GASGAS), -2 lap(s)<\/strong>; <strong>33. Elise De Baere (BEL, Yamaha), -3 lap(s)<\/strong>;\u00a034. Tabea Zimmermann (GER, Honda), -3 lap(s); 35. Jamie Astudillo (USA, KTM), -5 lap(s); 36. Fiona Hoppe (GER, Yamaha), -5 lap(s); 37. Mathea Seleboe (NOR, Yamaha), -6 lap(s);<\/p>\n<p>CLASSEMENT GENERAL WMX<\/p>\n<p>1. Lotte Van Drunen (NED, KAW), 50 points;\u00a02. Daniela Guillen (ESP, GAS), 42 p.;\u00a03. Lynn Valk (NED, FAN), 40 p.;\u00a04. Courtney Duncan (NZL, KAW), 38 p.;\u00a05. Shana van der Vlist (NED, YAM), 31 p.;\u00a06. Kiara Fontanesi (ITA, GAS), 30 p.; 7. Sara Andersen (DEN, KTM), 29 p.;\u00a08. Britt Jans-Beken (NED, YAM), 25 p.; 9. Danee Gelissen (NED, KTM), 23 p.;\u00a010. Malou Jakobsen (DEN, KTM), 21 p.; 11. Martine Hughes (NOR, HUS), 20 p.; 12. April Franzoni (FRA, HON), 18 p.; 13. Gabriela Seisdedos (ESP, GAS), 16 p.;\u00a014. Amber Simons (NED, GAS), 11 p.;\u00a015. Tyra B\u00e4ckstr\u00f6m (SWE, GAS), 9 p.; 16. Mathea Seleboe (NOR, YAM), 9 p.; 17. Lucy Barker (GBR, KTM), 8 p.; 18. Anne Borchers (GER, FAN), 7 p.; 19. Mathilde Martinez (FRA, GAS), 6 p.; 20. Adrija Skudutyte (LTU, KTM), 4 p.; 21. Giorgia Montini (ITA, KAW), 3 p.; 22. Fiona Hoppe (GER, YAM), 2 p.; 23. Janina Lehmann (GER, HON), 0 p.; 24. Laura Raunkjaer (DEN, YAM), 0 p.; 25. Kaylee van Dam (NED, FAN), 0 p.; 26. Alexandra Massury (GER, KTM), 0 p.; 27. Elena Kapsamer (AUT, GAS), 0 p.; 28. Britt Siemerink (NED, GAS), 0 p.; 29. Sofia Schou (SWE, HON), 0 p.; 30. Maureen Zweers (NED, YAM), 0 p.; 31. Lea Chaput (FRA, YAM), 0 p.; 32. Barbara Aagaard Andersen (DEN, YAM), 0 p.; 33. Anna Schimmer (GER, KTM), 0 p.; <strong>34. Maite Stroo (BEL, GAS), 0 p.; 35. Elise De Baere (BEL, YAM), 0 p.<\/strong>; 36. Tabea Zimmermann (GER, HON), 0 p.; 37. Jamie Astudillo (USA, KTM), 0 p.; 38. Katharina Schultz (GER, KAW), 0 p.; 39. Britt Van Der Werff (NED, YAM), 0 p.;<\/p>\n<div>\n<div class=\"ctaButton\">\n<p>CLASSEMENT PROVISOIRE WMX<\/p>\n<p>1. Courtney Duncan (NZL, KAW), 223 points; 2. Daniela Guillen (ESP, GAS), 207 p.;\u00a03. Lotte Van Drunen (NED, KAW), 200 p.; 4. Lynn Valk (NED, FAN), 168 p.;\u00a05. Kiara Fontanesi (ITA, GAS), 157 p.; 6. Sara Andersen (DEN, KTM), 132 p.;\u00a07. Britt Jans-Beken (NED, YAM), 109 p.;\u00a08. Larissa Papenmeier (GER, YAM), 105 p.; 9. Charli Cannon (AUS, YAM), 91 p.;\u00a010. Danee Gelissen (NED, KTM), 74 p.;\u00a011. Giorgia Blasigh (ITA, KTM), 73 p.;\u00a012. Shana van der Vlist (NED, YAM), 69 p.;\u00a013. Martine Hughes (NOR, HUS), 69 p.;\u00a014. Nancy van de Ven (NED, YAM), 66 p.;\u00a015. Mathea Seleboe (NOR, YAM), 61 p.; 16. Mathilde Martinez (FRA, GAS), 57 p.;\u00a0<strong>17. Amandine Verstappen (BEL, YAM), 51 p.;<\/strong>\u00a018. Malou Jakobsen (DEN, KTM), 50 p.; 19. Jamie Astudillo (USA, KTM), 44 p.; 20. Gabriela Seisdedos (ESP, GAS), 38 p.; 21. April Franzoni (FRA, HON), 31 p.; 22. Alexandra Massury (GER, KTM), 21 p.; 23. Elena Kapsamer (AUT, GAS), 17 p.; 24. Giorgia Montini (ITA, KAW), 14 p.; 25. Virginie Germond (SUI, KTM), 13 p.; 26. Anne Borchers (GER, FAN), 13 p.;\u00a027. Amber Simons (NED, GAS), 11 p.;\u00a028. Jana Sanchez Nequi (ESP, YAM), 9 p.; 29. Tyra B\u00e4ckstr\u00f6m (SWE, GAS), 9 p.; 30. Lucy Barker (GBR, KTM), 8 p.; 31. Elisa Galvagno (ITA, GAS), 6 p.; 32. Adrija Skudutyte (LTU, KTM), 6 p.;\u00a033. Jenitty Van der Beek (NED, KTM), 5 p.;\u00a034. Fiona Hoppe (GER, YAM), 2 p.; 35. Camille Viaud (FRA, YAM), 1 p.;<\/p>\n<\/div>\n<\/div>\n","protected":false},"excerpt":{"rendered":"<p>Le public hollandais \u00e9tait l\u00e0 pour la voir se battre pour la victoire. Elle ne l&rsquo;a pas d\u00e9\u00e7u. Lotte Van Drunen a remport\u00e9 face \u00e0 ses fans, dans le sable [&#8230;]<\/p>\n","protected":false},"author":932,"featured_media":127796,"comment_status":"open","ping_status":"closed","sticky":false,"template":"","format":"standard","meta":{"footnotes":""},"categories":[54,4,6,5,55,56,65],"tags":[1463,1002,1849,947,822],"class_list":["post-127795","post","type-post","status-publish","format-standard","has-post-thumbnail","hentry","category-actualite","category-motocross","category-mx1mx2","category-news","category-news-actualite","category-resultats","category-slideshow","tag-arnhem","tag-courtney-duncan","tag-lotte-van-drunen","tag-motocross","tag-wmx"],"yoast_head":"<!-- This site is optimized with the Yoast SEO plugin v27.4 - https:\/\/yoast.com\/product\/yoast-seo-wordpress\/ -->\n<title>Lotte Van Drunen imp\u00e9riale devant son public \u00e0 Arnhem - Motocross - Enduro - Supermoto | MotocrossMag<\/title>\n<meta name=\"robots\" content=\"index, follow, max-snippet:-1, max-image-preview:large, max-video-preview:-1\" \/>\n<link rel=\"canonical\" href=\"https:\/\/fr.motocrossmag.be\/index.php\/2023\/08\/lotte-van-drunen-imperiale-devant-son-public-a-arnhem\/\" \/>\n<meta property=\"og:locale\" content=\"fr_FR\" \/>\n<meta property=\"og:type\" content=\"article\" \/>\n<meta property=\"og:title\" content=\"Lotte Van Drunen imp\u00e9riale devant son public \u00e0 Arnhem - Motocross - Enduro - Supermoto | MotocrossMag\" \/>\n<meta property=\"og:description\" content=\"Le public hollandais \u00e9tait l\u00e0 pour la voir se battre pour la victoire. Elle ne l&rsquo;a pas d\u00e9\u00e7u. Lotte Van Drunen a remport\u00e9 face \u00e0 ses fans, dans le sable [...]\" \/>\n<meta property=\"og:url\" content=\"https:\/\/fr.motocrossmag.be\/index.php\/2023\/08\/lotte-van-drunen-imperiale-devant-son-public-a-arnhem\/\" \/>\n<meta property=\"og:site_name\" content=\"Motocross - Enduro - Supermoto | MotocrossMag\" \/>\n<meta property=\"article:published_time\" content=\"2023-08-20T10:46:46+00:00\" \/>\n<meta property=\"article:modified_time\" content=\"2023-08-20T10:47:10+00:00\" \/>\n<meta property=\"og:image\" content=\"https:\/\/fr.motocrossmag.be\/wp-content\/uploads\/2023\/08\/hi_VAN_DRUNEN_GP3_PH_9162.jpg\" \/>\n\t<meta property=\"og:image:width\" content=\"1200\" \/>\n\t<meta property=\"og:image:height\" content=\"800\" \/>\n\t<meta property=\"og:image:type\" content=\"image\/jpeg\" \/>\n<meta name=\"author\" content=\"oliviere\" \/>\n<meta name=\"twitter:card\" content=\"summary_large_image\" \/>\n<meta name=\"twitter:label1\" content=\"\u00c9crit par\" \/>\n\t<meta name=\"twitter:data1\" content=\"oliviere\" \/>\n\t<meta name=\"twitter:label2\" content=\"Dur\u00e9e de lecture estim\u00e9e\" \/>\n\t<meta name=\"twitter:data2\" content=\"5 minutes\" \/>\n<script type=\"application\/ld+json\" class=\"yoast-schema-graph\">{\"@context\":\"https:\\\/\\\/schema.org\",\"@graph\":[{\"@type\":\"Article\",\"@id\":\"https:\\\/\\\/fr.motocrossmag.be\\\/index.php\\\/2023\\\/08\\\/lotte-van-drunen-imperiale-devant-son-public-a-arnhem\\\/#article\",\"isPartOf\":{\"@id\":\"https:\\\/\\\/fr.motocrossmag.be\\\/index.php\\\/2023\\\/08\\\/lotte-van-drunen-imperiale-devant-son-public-a-arnhem\\\/\"},\"author\":{\"name\":\"oliviere\",\"@id\":\"https:\\\/\\\/fr.motocrossmag.be\\\/#\\\/schema\\\/person\\\/11b47143d9f755babca2c9110e03235c\"},\"headline\":\"Lotte Van Drunen imp\u00e9riale devant son public \u00e0 Arnhem\",\"datePublished\":\"2023-08-20T10:46:46+00:00\",\"dateModified\":\"2023-08-20T10:47:10+00:00\",\"mainEntityOfPage\":{\"@id\":\"https:\\\/\\\/fr.motocrossmag.be\\\/index.php\\\/2023\\\/08\\\/lotte-van-drunen-imperiale-devant-son-public-a-arnhem\\\/\"},\"wordCount\":1024,\"commentCount\":0,\"image\":{\"@id\":\"https:\\\/\\\/fr.motocrossmag.be\\\/index.php\\\/2023\\\/08\\\/lotte-van-drunen-imperiale-devant-son-public-a-arnhem\\\/#primaryimage\"},\"thumbnailUrl\":\"https:\\\/\\\/fr.motocrossmag.be\\\/wp-content\\\/uploads\\\/2023\\\/08\\\/hi_VAN_DRUNEN_GP3_PH_9162.jpg\",\"keywords\":[\"arnhem\",\"courtney duncan\",\"lotte van drunen\",\"Motocross\",\"wmx\"],\"articleSection\":[\"Actualit\u00e9\",\"Motocross\",\"Motocross MXGP\",\"News\",\"News\",\"R\u00e9sultats\",\"Slideshow\"],\"inLanguage\":\"fr-FR\",\"potentialAction\":[{\"@type\":\"CommentAction\",\"name\":\"Comment\",\"target\":[\"https:\\\/\\\/fr.motocrossmag.be\\\/index.php\\\/2023\\\/08\\\/lotte-van-drunen-imperiale-devant-son-public-a-arnhem\\\/#respond\"]}]},{\"@type\":\"WebPage\",\"@id\":\"https:\\\/\\\/fr.motocrossmag.be\\\/index.php\\\/2023\\\/08\\\/lotte-van-drunen-imperiale-devant-son-public-a-arnhem\\\/\",\"url\":\"https:\\\/\\\/fr.motocrossmag.be\\\/index.php\\\/2023\\\/08\\\/lotte-van-drunen-imperiale-devant-son-public-a-arnhem\\\/\",\"name\":\"Lotte Van Drunen imp\u00e9riale devant son public \u00e0 Arnhem - Motocross - Enduro - Supermoto | MotocrossMag\",\"isPartOf\":{\"@id\":\"https:\\\/\\\/fr.motocrossmag.be\\\/#website\"},\"primaryImageOfPage\":{\"@id\":\"https:\\\/\\\/fr.motocrossmag.be\\\/index.php\\\/2023\\\/08\\\/lotte-van-drunen-imperiale-devant-son-public-a-arnhem\\\/#primaryimage\"},\"image\":{\"@id\":\"https:\\\/\\\/fr.motocrossmag.be\\\/index.php\\\/2023\\\/08\\\/lotte-van-drunen-imperiale-devant-son-public-a-arnhem\\\/#primaryimage\"},\"thumbnailUrl\":\"https:\\\/\\\/fr.motocrossmag.be\\\/wp-content\\\/uploads\\\/2023\\\/08\\\/hi_VAN_DRUNEN_GP3_PH_9162.jpg\",\"datePublished\":\"2023-08-20T10:46:46+00:00\",\"dateModified\":\"2023-08-20T10:47:10+00:00\",\"author\":{\"@id\":\"https:\\\/\\\/fr.motocrossmag.be\\\/#\\\/schema\\\/person\\\/11b47143d9f755babca2c9110e03235c\"},\"breadcrumb\":{\"@id\":\"https:\\\/\\\/fr.motocrossmag.be\\\/index.php\\\/2023\\\/08\\\/lotte-van-drunen-imperiale-devant-son-public-a-arnhem\\\/#breadcrumb\"},\"inLanguage\":\"fr-FR\",\"potentialAction\":[{\"@type\":\"ReadAction\",\"target\":[\"https:\\\/\\\/fr.motocrossmag.be\\\/index.php\\\/2023\\\/08\\\/lotte-van-drunen-imperiale-devant-son-public-a-arnhem\\\/\"]}]},{\"@type\":\"ImageObject\",\"inLanguage\":\"fr-FR\",\"@id\":\"https:\\\/\\\/fr.motocrossmag.be\\\/index.php\\\/2023\\\/08\\\/lotte-van-drunen-imperiale-devant-son-public-a-arnhem\\\/#primaryimage\",\"url\":\"https:\\\/\\\/fr.motocrossmag.be\\\/wp-content\\\/uploads\\\/2023\\\/08\\\/hi_VAN_DRUNEN_GP3_PH_9162.jpg\",\"contentUrl\":\"https:\\\/\\\/fr.motocrossmag.be\\\/wp-content\\\/uploads\\\/2023\\\/08\\\/hi_VAN_DRUNEN_GP3_PH_9162.jpg\",\"width\":1200,\"height\":800},{\"@type\":\"BreadcrumbList\",\"@id\":\"https:\\\/\\\/fr.motocrossmag.be\\\/index.php\\\/2023\\\/08\\\/lotte-van-drunen-imperiale-devant-son-public-a-arnhem\\\/#breadcrumb\",\"itemListElement\":[{\"@type\":\"ListItem\",\"position\":1,\"name\":\"Accueil\",\"item\":\"https:\\\/\\\/fr.motocrossmag.be\\\/\"},{\"@type\":\"ListItem\",\"position\":2,\"name\":\"Lotte Van Drunen imp\u00e9riale devant son public \u00e0 Arnhem\"}]},{\"@type\":\"WebSite\",\"@id\":\"https:\\\/\\\/fr.motocrossmag.be\\\/#website\",\"url\":\"https:\\\/\\\/fr.motocrossmag.be\\\/\",\"name\":\"Motocross - Enduro - Supermoto | MotocrossMag\",\"description\":\"L&#039;actualit\u00e9 du motocross, de l&#039;enduro et du Supermoto en ligne!\",\"potentialAction\":[{\"@type\":\"SearchAction\",\"target\":{\"@type\":\"EntryPoint\",\"urlTemplate\":\"https:\\\/\\\/fr.motocrossmag.be\\\/?s={search_term_string}\"},\"query-input\":{\"@type\":\"PropertyValueSpecification\",\"valueRequired\":true,\"valueName\":\"search_term_string\"}}],\"inLanguage\":\"fr-FR\"},{\"@type\":\"Person\",\"@id\":\"https:\\\/\\\/fr.motocrossmag.be\\\/#\\\/schema\\\/person\\\/11b47143d9f755babca2c9110e03235c\",\"name\":\"oliviere\",\"image\":{\"@type\":\"ImageObject\",\"inLanguage\":\"fr-FR\",\"@id\":\"https:\\\/\\\/secure.gravatar.com\\\/avatar\\\/907069e0b81d119452040469e4a7501da1100f54f7f80180ce77bfab718288f6?s=96&d=mm&r=g\",\"url\":\"https:\\\/\\\/secure.gravatar.com\\\/avatar\\\/907069e0b81d119452040469e4a7501da1100f54f7f80180ce77bfab718288f6?s=96&d=mm&r=g\",\"contentUrl\":\"https:\\\/\\\/secure.gravatar.com\\\/avatar\\\/907069e0b81d119452040469e4a7501da1100f54f7f80180ce77bfab718288f6?s=96&d=mm&r=g\",\"caption\":\"oliviere\"},\"sameAs\":[\"http:\\\/\\\/www.motocrossmag.be\"],\"url\":\"https:\\\/\\\/fr.motocrossmag.be\\\/index.php\\\/author\\\/oliviere\\\/\"}]}<\/script>\n<!-- \/ Yoast SEO plugin. -->","yoast_head_json":{"title":"Lotte Van Drunen imp\u00e9riale devant son public \u00e0 Arnhem - Motocross - Enduro - Supermoto | MotocrossMag","robots":{"index":"index","follow":"follow","max-snippet":"max-snippet:-1","max-image-preview":"max-image-preview:large","max-video-preview":"max-video-preview:-1"},"canonical":"https:\/\/fr.motocrossmag.be\/index.php\/2023\/08\/lotte-van-drunen-imperiale-devant-son-public-a-arnhem\/","og_locale":"fr_FR","og_type":"article","og_title":"Lotte Van Drunen imp\u00e9riale devant son public \u00e0 Arnhem - Motocross - Enduro - Supermoto | MotocrossMag","og_description":"Le public hollandais \u00e9tait l\u00e0 pour la voir se battre pour la victoire. Elle ne l&rsquo;a pas d\u00e9\u00e7u. Lotte Van Drunen a remport\u00e9 face \u00e0 ses fans, dans le sable [...]","og_url":"https:\/\/fr.motocrossmag.be\/index.php\/2023\/08\/lotte-van-drunen-imperiale-devant-son-public-a-arnhem\/","og_site_name":"Motocross - Enduro - Supermoto | MotocrossMag","article_published_time":"2023-08-20T10:46:46+00:00","article_modified_time":"2023-08-20T10:47:10+00:00","og_image":[{"width":1200,"height":800,"url":"https:\/\/fr.motocrossmag.be\/wp-content\/uploads\/2023\/08\/hi_VAN_DRUNEN_GP3_PH_9162.jpg","type":"image\/jpeg"}],"author":"oliviere","twitter_card":"summary_large_image","twitter_misc":{"\u00c9crit par":"oliviere","Dur\u00e9e de lecture estim\u00e9e":"5 minutes"},"schema":{"@context":"https:\/\/schema.org","@graph":[{"@type":"Article","@id":"https:\/\/fr.motocrossmag.be\/index.php\/2023\/08\/lotte-van-drunen-imperiale-devant-son-public-a-arnhem\/#article","isPartOf":{"@id":"https:\/\/fr.motocrossmag.be\/index.php\/2023\/08\/lotte-van-drunen-imperiale-devant-son-public-a-arnhem\/"},"author":{"name":"oliviere","@id":"https:\/\/fr.motocrossmag.be\/#\/schema\/person\/11b47143d9f755babca2c9110e03235c"},"headline":"Lotte Van Drunen imp\u00e9riale devant son public \u00e0 Arnhem","datePublished":"2023-08-20T10:46:46+00:00","dateModified":"2023-08-20T10:47:10+00:00","mainEntityOfPage":{"@id":"https:\/\/fr.motocrossmag.be\/index.php\/2023\/08\/lotte-van-drunen-imperiale-devant-son-public-a-arnhem\/"},"wordCount":1024,"commentCount":0,"image":{"@id":"https:\/\/fr.motocrossmag.be\/index.php\/2023\/08\/lotte-van-drunen-imperiale-devant-son-public-a-arnhem\/#primaryimage"},"thumbnailUrl":"https:\/\/fr.motocrossmag.be\/wp-content\/uploads\/2023\/08\/hi_VAN_DRUNEN_GP3_PH_9162.jpg","keywords":["arnhem","courtney duncan","lotte van drunen","Motocross","wmx"],"articleSection":["Actualit\u00e9","Motocross","Motocross MXGP","News","News","R\u00e9sultats","Slideshow"],"inLanguage":"fr-FR","potentialAction":[{"@type":"CommentAction","name":"Comment","target":["https:\/\/fr.motocrossmag.be\/index.php\/2023\/08\/lotte-van-drunen-imperiale-devant-son-public-a-arnhem\/#respond"]}]},{"@type":"WebPage","@id":"https:\/\/fr.motocrossmag.be\/index.php\/2023\/08\/lotte-van-drunen-imperiale-devant-son-public-a-arnhem\/","url":"https:\/\/fr.motocrossmag.be\/index.php\/2023\/08\/lotte-van-drunen-imperiale-devant-son-public-a-arnhem\/","name":"Lotte Van Drunen imp\u00e9riale devant son public \u00e0 Arnhem - Motocross - Enduro - Supermoto | MotocrossMag","isPartOf":{"@id":"https:\/\/fr.motocrossmag.be\/#website"},"primaryImageOfPage":{"@id":"https:\/\/fr.motocrossmag.be\/index.php\/2023\/08\/lotte-van-drunen-imperiale-devant-son-public-a-arnhem\/#primaryimage"},"image":{"@id":"https:\/\/fr.motocrossmag.be\/index.php\/2023\/08\/lotte-van-drunen-imperiale-devant-son-public-a-arnhem\/#primaryimage"},"thumbnailUrl":"https:\/\/fr.motocrossmag.be\/wp-content\/uploads\/2023\/08\/hi_VAN_DRUNEN_GP3_PH_9162.jpg","datePublished":"2023-08-20T10:46:46+00:00","dateModified":"2023-08-20T10:47:10+00:00","author":{"@id":"https:\/\/fr.motocrossmag.be\/#\/schema\/person\/11b47143d9f755babca2c9110e03235c"},"breadcrumb":{"@id":"https:\/\/fr.motocrossmag.be\/index.php\/2023\/08\/lotte-van-drunen-imperiale-devant-son-public-a-arnhem\/#breadcrumb"},"inLanguage":"fr-FR","potentialAction":[{"@type":"ReadAction","target":["https:\/\/fr.motocrossmag.be\/index.php\/2023\/08\/lotte-van-drunen-imperiale-devant-son-public-a-arnhem\/"]}]},{"@type":"ImageObject","inLanguage":"fr-FR","@id":"https:\/\/fr.motocrossmag.be\/index.php\/2023\/08\/lotte-van-drunen-imperiale-devant-son-public-a-arnhem\/#primaryimage","url":"https:\/\/fr.motocrossmag.be\/wp-content\/uploads\/2023\/08\/hi_VAN_DRUNEN_GP3_PH_9162.jpg","contentUrl":"https:\/\/fr.motocrossmag.be\/wp-content\/uploads\/2023\/08\/hi_VAN_DRUNEN_GP3_PH_9162.jpg","width":1200,"height":800},{"@type":"BreadcrumbList","@id":"https:\/\/fr.motocrossmag.be\/index.php\/2023\/08\/lotte-van-drunen-imperiale-devant-son-public-a-arnhem\/#breadcrumb","itemListElement":[{"@type":"ListItem","position":1,"name":"Accueil","item":"https:\/\/fr.motocrossmag.be\/"},{"@type":"ListItem","position":2,"name":"Lotte Van Drunen imp\u00e9riale devant son public \u00e0 Arnhem"}]},{"@type":"WebSite","@id":"https:\/\/fr.motocrossmag.be\/#website","url":"https:\/\/fr.motocrossmag.be\/","name":"Motocross - Enduro - Supermoto | MotocrossMag","description":"L&#039;actualit\u00e9 du motocross, de l&#039;enduro et du Supermoto en ligne!","potentialAction":[{"@type":"SearchAction","target":{"@type":"EntryPoint","urlTemplate":"https:\/\/fr.motocrossmag.be\/?s={search_term_string}"},"query-input":{"@type":"PropertyValueSpecification","valueRequired":true,"valueName":"search_term_string"}}],"inLanguage":"fr-FR"},{"@type":"Person","@id":"https:\/\/fr.motocrossmag.be\/#\/schema\/person\/11b47143d9f755babca2c9110e03235c","name":"oliviere","image":{"@type":"ImageObject","inLanguage":"fr-FR","@id":"https:\/\/secure.gravatar.com\/avatar\/907069e0b81d119452040469e4a7501da1100f54f7f80180ce77bfab718288f6?s=96&d=mm&r=g","url":"https:\/\/secure.gravatar.com\/avatar\/907069e0b81d119452040469e4a7501da1100f54f7f80180ce77bfab718288f6?s=96&d=mm&r=g","contentUrl":"https:\/\/secure.gravatar.com\/avatar\/907069e0b81d119452040469e4a7501da1100f54f7f80180ce77bfab718288f6?s=96&d=mm&r=g","caption":"oliviere"},"sameAs":["http:\/\/www.motocrossmag.be"],"url":"https:\/\/fr.motocrossmag.be\/index.php\/author\/oliviere\/"}]}},"_links":{"self":[{"href":"https:\/\/fr.motocrossmag.be\/index.php\/wp-json\/wp\/v2\/posts\/127795","targetHints":{"allow":["GET"]}}],"collection":[{"href":"https:\/\/fr.motocrossmag.be\/index.php\/wp-json\/wp\/v2\/posts"}],"about":[{"href":"https:\/\/fr.motocrossmag.be\/index.php\/wp-json\/wp\/v2\/types\/post"}],"author":[{"embeddable":true,"href":"https:\/\/fr.motocrossmag.be\/index.php\/wp-json\/wp\/v2\/users\/932"}],"replies":[{"embeddable":true,"href":"https:\/\/fr.motocrossmag.be\/index.php\/wp-json\/wp\/v2\/comments?post=127795"}],"version-history":[{"count":2,"href":"https:\/\/fr.motocrossmag.be\/index.php\/wp-json\/wp\/v2\/posts\/127795\/revisions"}],"predecessor-version":[{"id":127799,"href":"https:\/\/fr.motocrossmag.be\/index.php\/wp-json\/wp\/v2\/posts\/127795\/revisions\/127799"}],"wp:featuredmedia":[{"embeddable":true,"href":"https:\/\/fr.motocrossmag.be\/index.php\/wp-json\/wp\/v2\/media\/127796"}],"wp:attachment":[{"href":"https:\/\/fr.motocrossmag.be\/index.php\/wp-json\/wp\/v2\/media?parent=127795"}],"wp:term":[{"taxonomy":"category","embeddable":true,"href":"https:\/\/fr.motocrossmag.be\/index.php\/wp-json\/wp\/v2\/categories?post=127795"},{"taxonomy":"post_tag","embeddable":true,"href":"https:\/\/fr.motocrossmag.be\/index.php\/wp-json\/wp\/v2\/tags?post=127795"}],"curies":[{"name":"wp","href":"https:\/\/api.w.org\/{rel}","templated":true}]}}