{"id":127800,"date":"2023-08-20T19:01:07","date_gmt":"2023-08-20T17:01:07","guid":{"rendered":"https:\/\/fr.motocrossmag.be\/?p=127800"},"modified":"2023-08-20T19:01:07","modified_gmt":"2023-08-20T17:01:07","slug":"liam-everts-simpose-dans-le-sable-darnhem","status":"publish","type":"post","link":"https:\/\/fr.motocrossmag.be\/index.php\/2023\/08\/liam-everts-simpose-dans-le-sable-darnhem\/","title":{"rendered":"Liam Everts s&rsquo;impose dans le sable d&rsquo;Arnhem"},"content":{"rendered":"<p><strong>Liam Everts a remport\u00e9 ce dimanche en Hollande le deuxi\u00e8me GP MX2 de sa carri\u00e8re.<\/strong><\/p>\n<p>Dans le sable profond d&rsquo;Arnhem, Liam Everts s&rsquo;est montr\u00e9 le plus consistant du plateau ce dimanche. Troisi\u00e8me de la premi\u00e8re manche derni\u00e8re Laengenfelder et Adamo, le pilote KTM n&rsquo;a pas pu emp\u00eacher un Lucas Coenen survolt\u00e9 de lui ravir le leadership dans la seconde.<\/p>\n<p>Avec une troisi\u00e8me et une seconde place, Everts monte sur la plus haute marche du podium MX2 devant Coenen et Laengenfelder.<\/p>\n<p>De retour de blessure, Jago Geerts termine au pied du podium alors que le solide leader du provisoire Adamo compl\u00e8te le top-5 du jour.<\/p>\n<p><span style=\"color: #800000;\"><strong>R\u00e9sultats<\/strong><\/span><\/p>\n<p>MANCHE 1<\/p>\n<p>1. Simon Laengenfelder (GER, GASGAS), 35:37.472; 2. Andrea Adamo (ITA, KTM), +0:04.062;<strong>\u00a03. Liam Everts (BEL, KTM), +0:13.357; 4. Jago Geerts (BEL, Yamaha), +0:22.893;<\/strong> 5. Kevin Horgmo (NOR, Kawasaki), +0:29.163;<strong>\u00a06.<\/strong> <strong>Lucas Coenen (BEL<\/strong>, <strong>Husqvarna<\/strong>), <strong>+0:33.499<\/strong>; 7. Camden Mc Lellan (RSA, Honda), +0:40.191;\u00a08. Roan Van De Moosdijk (NED, Husqvarna), +0:43.760; 9. Rick Elzinga (NED, Yamaha), +0:58.107; 10. Isak Gifting (SWE, GASGAS), +1:11.670; 11. Oriol Oliver (ESP, KTM), +1:18.351; 12. David Braceras (ESP, Kawasaki), +1:37.079; 13. Emil Weckman (FIN, Honda), +1:49.140;\u00a014. Scott Smulders (NED, Honda), -1 lap(s); 15. Peter Koenig (GER, KTM), -1 lap(s); 16. Filip Olsson (SWE, Husqvarna), -1 lap(s); 17. Arvid L\u00fcning (SWE, GASGAS), -1 lap(s); 18. Boris Blanken (NED, Fantic), -1 lap(s); 19. William Voxen Kleemann (DEN, KTM), -1 lap(s);\u00a020. Raf Meuwissen (NED, Yamaha), -1 lap(s); 21. Alessandro Valeri (ITA, KTM), -1 lap(s); 22. Jan Krug (GER, Husqvarna), -1 lap(s); 23. Taylor Hammal (GBR, KTM), -2 lap(s);\u00a024. Jaap Janssen (NED, KTM), -2 lap(s); 25. Delvintor Alfarizi (INA, Honda), -2 lap(s); 26. Joel Rizzi (GBR, GASGAS), -8 lap(s); 27. Jan Pancar (SLO, KTM), -8 lap(s); 28. Romano Aspers (NED, KTM), -10 lap(s); 29. Lorenzo Ciabatti (ITA, KTM), -12 lap(s);<\/p>\n<p>MANCHE 2<\/p>\n<p><strong>1. Lucas Coenen (BEL, Husqvarna), 34:13.330; 2. Liam Everts (BEL, KTM), +0:04.503; 3.\u00a0Jago Geerts (BEL, Yamaha), +0:05.663;<\/strong> 4. Kevin Horgmo (NOR, Kawasaki), +0:14.156; 5. Andrea Adamo (ITA, KTM), +0:26.546; 6. Simon Laengenfelder (GER, GASGAS), +0:30.162; 7. Camden Mc Lellan (RSA, Honda), +0:59.877;\u00a08. Roan Van De Moosdijk (NED, Husqvarna), +1:03.227; 9. Isak Gifting (SWE, GASGAS), +1:14.310; 10. Oriol Oliver (ESP, KTM), +1:16.718; 11. Emil Weckman (FIN, Honda), +1:39.585; 12. Jan Pancar (SLO, KTM), +1:51.919; 13. William Voxen Kleemann (DEN, KTM), -1 lap(s);\u00a014.\u00a0Scott Smulders (NED, Honda), -1 lap(s); 15. Taylor Hammal (GBR, KTM), -1 lap(s); 16. Arvid L\u00fcning (SWE, GASGAS), -1 lap(s); 17. Filip Olsson (SWE, Husqvarna), -1 lap(s); 18. Lorenzo Ciabatti (ITA, KTM), -1 lap(s);\u00a019. Boris Blanken (NED, Fantic), -1 lap(s); 20. Joel Rizzi (GBR, GASGAS), -1 lap(s); 21. Jan Krug (GER, Husqvarna), -1 lap(s); 22. Alessandro Valeri (ITA, KTM), -1 lap(s);\u00a023. Jaap Janssen (NED, KTM), -2 lap(s); 24. Delvintor Alfarizi (INA, Honda), -2 lap(s); 25. David Braceras (ESP, Kawasaki), -5 lap(s);\u00a026.\u00a0Rick Elzinga (NED, Yamaha), -9 lap(s);\u00a027. Romano Aspers (NED, KTM), -16 lap(s); 28. Peter Koenig (GER, KTM), -17 lap(s);<\/p>\n<p>CLASSEMENT GENERAL MX2<\/p>\n<p><strong>1. Liam Everts (BEL, KTM), 42 points; 2. Lucas Coenen (BEL, HUS), 40 p.<\/strong>; 3. Simon Laengenfelder (GER, GAS), 40 p.;\u00a04. Jago Geerts (BEL, YAM), 38 p.; 5. Andrea Adamo (ITA, KTM), 38 p.; 6. Kevin Horgmo (NOR, KAW), 34 p.; 7. Camden Mc Lellan (RSA, HON), 28 p.;\u00a08. Roan Van De Moosdijk (NED, HUS), 26 p.; 9. Isak Gifting (SWE, GAS), 23 p.; 10. Oriol Oliver (ESP, KTM), 21 p.; 11. Emil Weckman (FIN, HON), 18 p.;\u00a012. Scott Smulders (NED, HON), 14 p.; 13.\u00a0Rick Elzinga (NED, YAM), 12 p.; 14. William Voxen Kleemann (DEN, KTM), 10 p.; 15. Jan Pancar (SLO, KTM), 9 p.; 16. Arvid L\u00fcning (SWE, GAS), 9 p.; 17. Filip Olsson (SWE, HUS), 9 p.; 18. David Braceras (ESP, KAW), 9 p.; 19. Taylor Hammal (GBR, KTM), 6 p.; 20. Peter Koenig (GER, KTM), 6 p.;\u00a021. Boris Blanken (NED, FAN), 5 p.; 22. Lorenzo Ciabatti (ITA, KTM), 3 p.; 23. Joel Rizzi (GBR, GAS), 1 p.;\u00a024. Raf Meuwissen (NED, YAM), 1 p.; 25. Jan Krug (GER, HUS), 0 p.; 26. Alessandro Valeri (ITA, KTM), 0 p.;\u00a027. Jaap Janssen (NED, KTM), 0 p.; 28. Delvintor Alfarizi (INA, HON), 0 p.;\u00a029. Romano Aspers (NED, KTM), 0 p.; 30.\u00a0Sacha Coenen (BEL, KTM), 0 p.;<\/p>\n<p>CLASSEMENT PROVISOIRE MX2<\/p>\n<p>1. Andrea Adamo (ITA, KTM), 705 points;\u00a02.\u00a0Liam Everts (BEL, KTM), 633 p.; 3. Jago Geerts (BEL, YAM), 603 p.; 4. Simon Laengenfelder (GER, GAS), 595 p.;\u00a05.\u00a0Lucas Coenen (BEL, HUS), 511 p.; 6. Kay de Wolf (NED, HUS), 501 p.; 7. Roan Van De Moosdijk (NED, HUS), 462 p.; 8. Thibault Benistant (FRA, YAM), 462 p.; 9. Kevin Horgmo (NOR, KAW), 460 p.;\u00a010. Rick Elzinga (NED, YAM), 325 p.; 11. Jan Pancar (SLO, KTM), 302 p.; 12. Oriol Oliver (ESP, KTM), 252 p.; 13. Emil Weckman (FIN, HON), 218 p.;\u00a014. Sacha Coenen (BEL, KTM), 218 p.; 15. Camden Mc Lellan (RSA, HON), 209 p.; 16. Isak Gifting (SWE, GAS), 209 p.; 17. David Braceras (ESP, KAW), 178 p.; 18. Mikkel Haarup (DEN, KTM), 170 p.; 19. Filip Olsson (SWE, HUS), 57 p.; 20. Marcel Stauffer (AUT, KTM), 52 p.; 21. Arvid L\u00fcning (SWE, GAS), 52 p.; 22. Ferruccio Zanchi (ITA, KTM), 47 p.; 23. Mike Gwerder (SUI, KTM), 45 p.; 24. Jack Chambers (USA, KAW), 44 p.; 25. Yago Martinez (ESP, KTM), 42 p.; 26. William Voxen Kleemann (DEN, KTM), 36 p.; 27. Cornelius Toendel (NOR, KTM), 36 p.; 28. Marc-Antoine Rossi (FRA, KTM), 34 p.; 29. Lorenzo Ciabatti (ITA, KTM), 33 p.; 30. Jorgen-Matthias Talviku (EST, HUS), 29 p.; 31. Delvintor Alfarizi (INA, HON), 28 p.; 32. Joel Rizzi (GBR, GAS), 27 p.; 33. Scotty Verhaeghe (FRA, GAS), 26 p.; 34. Devin Warner Simonson (USA, KTM), 25 p.; 35. Bobby Bruce (GBR, GAS), 23 p.; 36. Petr Polak (CZE, YAM), 23 p.; 37. Tim Edberg (SWE, HUS), 20 p.; 38. Tom Guyon (FRA, FAN), 18 p.;\u00a039.\u00a0Ivano Van Erp (NED, YAM), 17 p.; 40. Scott Smulders (NED, HON), 16 p.; 41. Andrea Bonacorsi (ITA, YAM), 15 p.; 42. Federico Tuani (ITA, KTM), 15 p.; 43. Xavier Cazal (FRA, GAS), 14 p.; 44. Leopold Ambj\u00f6rnson (SWE, HUS), 14 p.; 45. Jiraj Wannalak (THA, KTM), 13 p.; 46. Peter Koenig (GER, KTM), 12 p.; 47. Taylor Hammal (GBR, KTM), 12 p.; 48. Quentin Marc Prugnieres (FRA, KAW), 11 p.; 49. Tom\u00e1s Moyano (ARG, KAW), 10 p.; 50. Sampo Rainio (FIN, KTM), 8 p.; 51. Alessandro Valeri (ITA, KTM), 8 p.; 52. Diva Ismayana (INA, KAW), 8 p.; 53. Nakami Vidi Makarim (INA, KTM), 7 p.; 54. Miro Varjonen (FIN, HUS), 6 p.; 55. Saad Soulimani (FRA, YAM), 5 p.;\u00a056. Boris Blanken (NED, FAN), 5 p.; 57. Franco Iavecchia (URU, HUS), 5 p.; 58. Pedro Jose Suarez Jaramillo (ECU, HUS), 4 p.; 59. Adria Monne Viles (ESP, KTM), 4 p.; 60. Jan Krug (GER, HUS), 4 p.; 61. Erlandas Mackonis (LTU, KTM), 4 p.; 62. Maximo Caceres (ARG, GAS), 3 p.; 63. Martin Venhoda (CZE, GAS), 3 p.; 64. Hassan Mohamad Zubir (MAS, HUS), 2 p.; 65. Daniel Mandys (CZE, YAM), 2 p.; 66. Fermin Ciccimarra (ARG, YAM), 2 p.; 67. Lorenzo Corti (ITA, HUS), 2 p.; 68. Eliel Lehtinen (FIN, KTM), 1 p.; 69. Adrien Petit (FRA, YAM), 1 p.; 70. Magnus Smith (DEN, YAM), 1 p.; 71. Juan Ignacio Salgado (ARG, HON), 1 p.;\u00a072. Raf Meuwissen (NED, YAM), 1 p.; 73. Jerem\u00edas Schiele (CHL, GAS), 1 p.; 74. Alexandre Marques (POR, HUS), 1 p.;<\/p>\n","protected":false},"excerpt":{"rendered":"<p>Liam Everts a remport\u00e9 ce dimanche en Hollande le deuxi\u00e8me GP MX2 de sa carri\u00e8re. Dans le sable profond d&rsquo;Arnhem, Liam Everts s&rsquo;est montr\u00e9 le plus consistant du plateau ce [&#8230;]<\/p>\n","protected":false},"author":932,"featured_media":127732,"comment_status":"open","ping_status":"closed","sticky":false,"template":"","format":"standard","meta":{"footnotes":""},"categories":[54,4,6,5,55,56,65],"tags":[1463,1247,1265,947,568],"class_list":["post-127800","post","type-post","status-publish","format-standard","has-post-thumbnail","hentry","category-actualite","category-motocross","category-mx1mx2","category-news","category-news-actualite","category-resultats","category-slideshow","tag-arnhem","tag-liam-everts","tag-lucas-coenen","tag-motocross","tag-mxgp"],"yoast_head":"<!-- This site is optimized with the Yoast SEO plugin v27.4 - https:\/\/yoast.com\/product\/yoast-seo-wordpress\/ -->\n<title>Liam Everts s&#039;impose dans le sable d&#039;Arnhem - Motocross - Enduro - Supermoto | MotocrossMag<\/title>\n<meta name=\"robots\" content=\"index, follow, max-snippet:-1, max-image-preview:large, max-video-preview:-1\" \/>\n<link rel=\"canonical\" href=\"https:\/\/fr.motocrossmag.be\/index.php\/2023\/08\/liam-everts-simpose-dans-le-sable-darnhem\/\" \/>\n<meta property=\"og:locale\" content=\"fr_FR\" \/>\n<meta property=\"og:type\" content=\"article\" \/>\n<meta property=\"og:title\" content=\"Liam Everts s&#039;impose dans le sable d&#039;Arnhem - Motocross - Enduro - Supermoto | MotocrossMag\" \/>\n<meta property=\"og:description\" content=\"Liam Everts a remport\u00e9 ce dimanche en Hollande le deuxi\u00e8me GP MX2 de sa carri\u00e8re. Dans le sable profond d&rsquo;Arnhem, Liam Everts s&rsquo;est montr\u00e9 le plus consistant du plateau ce [...]\" \/>\n<meta property=\"og:url\" content=\"https:\/\/fr.motocrossmag.be\/index.php\/2023\/08\/liam-everts-simpose-dans-le-sable-darnhem\/\" \/>\n<meta property=\"og:site_name\" content=\"Motocross - Enduro - Supermoto | MotocrossMag\" \/>\n<meta property=\"article:published_time\" content=\"2023-08-20T17:01:07+00:00\" \/>\n<meta property=\"og:image\" content=\"https:\/\/fr.motocrossmag.be\/wp-content\/uploads\/2023\/08\/HMF_7980.jpg\" \/>\n\t<meta property=\"og:image:width\" content=\"1200\" \/>\n\t<meta property=\"og:image:height\" content=\"816\" \/>\n\t<meta property=\"og:image:type\" content=\"image\/jpeg\" \/>\n<meta name=\"author\" content=\"oliviere\" \/>\n<meta name=\"twitter:card\" content=\"summary_large_image\" \/>\n<meta name=\"twitter:label1\" content=\"\u00c9crit par\" \/>\n\t<meta name=\"twitter:data1\" content=\"oliviere\" \/>\n\t<meta name=\"twitter:label2\" content=\"Dur\u00e9e de lecture estim\u00e9e\" \/>\n\t<meta name=\"twitter:data2\" content=\"5 minutes\" \/>\n<script type=\"application\/ld+json\" class=\"yoast-schema-graph\">{\"@context\":\"https:\\\/\\\/schema.org\",\"@graph\":[{\"@type\":\"Article\",\"@id\":\"https:\\\/\\\/fr.motocrossmag.be\\\/index.php\\\/2023\\\/08\\\/liam-everts-simpose-dans-le-sable-darnhem\\\/#article\",\"isPartOf\":{\"@id\":\"https:\\\/\\\/fr.motocrossmag.be\\\/index.php\\\/2023\\\/08\\\/liam-everts-simpose-dans-le-sable-darnhem\\\/\"},\"author\":{\"name\":\"oliviere\",\"@id\":\"https:\\\/\\\/fr.motocrossmag.be\\\/#\\\/schema\\\/person\\\/11b47143d9f755babca2c9110e03235c\"},\"headline\":\"Liam Everts s&rsquo;impose dans le sable d&rsquo;Arnhem\",\"datePublished\":\"2023-08-20T17:01:07+00:00\",\"mainEntityOfPage\":{\"@id\":\"https:\\\/\\\/fr.motocrossmag.be\\\/index.php\\\/2023\\\/08\\\/liam-everts-simpose-dans-le-sable-darnhem\\\/\"},\"wordCount\":1011,\"commentCount\":0,\"image\":{\"@id\":\"https:\\\/\\\/fr.motocrossmag.be\\\/index.php\\\/2023\\\/08\\\/liam-everts-simpose-dans-le-sable-darnhem\\\/#primaryimage\"},\"thumbnailUrl\":\"https:\\\/\\\/fr.motocrossmag.be\\\/wp-content\\\/uploads\\\/2023\\\/08\\\/HMF_7980.jpg\",\"keywords\":[\"arnhem\",\"liam everts\",\"lucas coenen\",\"Motocross\",\"MXGP\"],\"articleSection\":[\"Actualit\u00e9\",\"Motocross\",\"Motocross MXGP\",\"News\",\"News\",\"R\u00e9sultats\",\"Slideshow\"],\"inLanguage\":\"fr-FR\",\"potentialAction\":[{\"@type\":\"CommentAction\",\"name\":\"Comment\",\"target\":[\"https:\\\/\\\/fr.motocrossmag.be\\\/index.php\\\/2023\\\/08\\\/liam-everts-simpose-dans-le-sable-darnhem\\\/#respond\"]}]},{\"@type\":\"WebPage\",\"@id\":\"https:\\\/\\\/fr.motocrossmag.be\\\/index.php\\\/2023\\\/08\\\/liam-everts-simpose-dans-le-sable-darnhem\\\/\",\"url\":\"https:\\\/\\\/fr.motocrossmag.be\\\/index.php\\\/2023\\\/08\\\/liam-everts-simpose-dans-le-sable-darnhem\\\/\",\"name\":\"Liam Everts s'impose dans le sable d'Arnhem - Motocross - Enduro - Supermoto | MotocrossMag\",\"isPartOf\":{\"@id\":\"https:\\\/\\\/fr.motocrossmag.be\\\/#website\"},\"primaryImageOfPage\":{\"@id\":\"https:\\\/\\\/fr.motocrossmag.be\\\/index.php\\\/2023\\\/08\\\/liam-everts-simpose-dans-le-sable-darnhem\\\/#primaryimage\"},\"image\":{\"@id\":\"https:\\\/\\\/fr.motocrossmag.be\\\/index.php\\\/2023\\\/08\\\/liam-everts-simpose-dans-le-sable-darnhem\\\/#primaryimage\"},\"thumbnailUrl\":\"https:\\\/\\\/fr.motocrossmag.be\\\/wp-content\\\/uploads\\\/2023\\\/08\\\/HMF_7980.jpg\",\"datePublished\":\"2023-08-20T17:01:07+00:00\",\"author\":{\"@id\":\"https:\\\/\\\/fr.motocrossmag.be\\\/#\\\/schema\\\/person\\\/11b47143d9f755babca2c9110e03235c\"},\"breadcrumb\":{\"@id\":\"https:\\\/\\\/fr.motocrossmag.be\\\/index.php\\\/2023\\\/08\\\/liam-everts-simpose-dans-le-sable-darnhem\\\/#breadcrumb\"},\"inLanguage\":\"fr-FR\",\"potentialAction\":[{\"@type\":\"ReadAction\",\"target\":[\"https:\\\/\\\/fr.motocrossmag.be\\\/index.php\\\/2023\\\/08\\\/liam-everts-simpose-dans-le-sable-darnhem\\\/\"]}]},{\"@type\":\"ImageObject\",\"inLanguage\":\"fr-FR\",\"@id\":\"https:\\\/\\\/fr.motocrossmag.be\\\/index.php\\\/2023\\\/08\\\/liam-everts-simpose-dans-le-sable-darnhem\\\/#primaryimage\",\"url\":\"https:\\\/\\\/fr.motocrossmag.be\\\/wp-content\\\/uploads\\\/2023\\\/08\\\/HMF_7980.jpg\",\"contentUrl\":\"https:\\\/\\\/fr.motocrossmag.be\\\/wp-content\\\/uploads\\\/2023\\\/08\\\/HMF_7980.jpg\",\"width\":1200,\"height\":816},{\"@type\":\"BreadcrumbList\",\"@id\":\"https:\\\/\\\/fr.motocrossmag.be\\\/index.php\\\/2023\\\/08\\\/liam-everts-simpose-dans-le-sable-darnhem\\\/#breadcrumb\",\"itemListElement\":[{\"@type\":\"ListItem\",\"position\":1,\"name\":\"Accueil\",\"item\":\"https:\\\/\\\/fr.motocrossmag.be\\\/\"},{\"@type\":\"ListItem\",\"position\":2,\"name\":\"Liam Everts s&rsquo;impose dans le sable d&rsquo;Arnhem\"}]},{\"@type\":\"WebSite\",\"@id\":\"https:\\\/\\\/fr.motocrossmag.be\\\/#website\",\"url\":\"https:\\\/\\\/fr.motocrossmag.be\\\/\",\"name\":\"Motocross - Enduro - Supermoto | MotocrossMag\",\"description\":\"L&#039;actualit\u00e9 du motocross, de l&#039;enduro et du Supermoto en ligne!\",\"potentialAction\":[{\"@type\":\"SearchAction\",\"target\":{\"@type\":\"EntryPoint\",\"urlTemplate\":\"https:\\\/\\\/fr.motocrossmag.be\\\/?s={search_term_string}\"},\"query-input\":{\"@type\":\"PropertyValueSpecification\",\"valueRequired\":true,\"valueName\":\"search_term_string\"}}],\"inLanguage\":\"fr-FR\"},{\"@type\":\"Person\",\"@id\":\"https:\\\/\\\/fr.motocrossmag.be\\\/#\\\/schema\\\/person\\\/11b47143d9f755babca2c9110e03235c\",\"name\":\"oliviere\",\"image\":{\"@type\":\"ImageObject\",\"inLanguage\":\"fr-FR\",\"@id\":\"https:\\\/\\\/secure.gravatar.com\\\/avatar\\\/907069e0b81d119452040469e4a7501da1100f54f7f80180ce77bfab718288f6?s=96&d=mm&r=g\",\"url\":\"https:\\\/\\\/secure.gravatar.com\\\/avatar\\\/907069e0b81d119452040469e4a7501da1100f54f7f80180ce77bfab718288f6?s=96&d=mm&r=g\",\"contentUrl\":\"https:\\\/\\\/secure.gravatar.com\\\/avatar\\\/907069e0b81d119452040469e4a7501da1100f54f7f80180ce77bfab718288f6?s=96&d=mm&r=g\",\"caption\":\"oliviere\"},\"sameAs\":[\"http:\\\/\\\/www.motocrossmag.be\"],\"url\":\"https:\\\/\\\/fr.motocrossmag.be\\\/index.php\\\/author\\\/oliviere\\\/\"}]}<\/script>\n<!-- \/ Yoast SEO plugin. -->","yoast_head_json":{"title":"Liam Everts s'impose dans le sable d'Arnhem - Motocross - Enduro - Supermoto | MotocrossMag","robots":{"index":"index","follow":"follow","max-snippet":"max-snippet:-1","max-image-preview":"max-image-preview:large","max-video-preview":"max-video-preview:-1"},"canonical":"https:\/\/fr.motocrossmag.be\/index.php\/2023\/08\/liam-everts-simpose-dans-le-sable-darnhem\/","og_locale":"fr_FR","og_type":"article","og_title":"Liam Everts s'impose dans le sable d'Arnhem - Motocross - Enduro - Supermoto | MotocrossMag","og_description":"Liam Everts a remport\u00e9 ce dimanche en Hollande le deuxi\u00e8me GP MX2 de sa carri\u00e8re. Dans le sable profond d&rsquo;Arnhem, Liam Everts s&rsquo;est montr\u00e9 le plus consistant du plateau ce [...]","og_url":"https:\/\/fr.motocrossmag.be\/index.php\/2023\/08\/liam-everts-simpose-dans-le-sable-darnhem\/","og_site_name":"Motocross - Enduro - Supermoto | MotocrossMag","article_published_time":"2023-08-20T17:01:07+00:00","og_image":[{"width":1200,"height":816,"url":"https:\/\/fr.motocrossmag.be\/wp-content\/uploads\/2023\/08\/HMF_7980.jpg","type":"image\/jpeg"}],"author":"oliviere","twitter_card":"summary_large_image","twitter_misc":{"\u00c9crit par":"oliviere","Dur\u00e9e de lecture estim\u00e9e":"5 minutes"},"schema":{"@context":"https:\/\/schema.org","@graph":[{"@type":"Article","@id":"https:\/\/fr.motocrossmag.be\/index.php\/2023\/08\/liam-everts-simpose-dans-le-sable-darnhem\/#article","isPartOf":{"@id":"https:\/\/fr.motocrossmag.be\/index.php\/2023\/08\/liam-everts-simpose-dans-le-sable-darnhem\/"},"author":{"name":"oliviere","@id":"https:\/\/fr.motocrossmag.be\/#\/schema\/person\/11b47143d9f755babca2c9110e03235c"},"headline":"Liam Everts s&rsquo;impose dans le sable d&rsquo;Arnhem","datePublished":"2023-08-20T17:01:07+00:00","mainEntityOfPage":{"@id":"https:\/\/fr.motocrossmag.be\/index.php\/2023\/08\/liam-everts-simpose-dans-le-sable-darnhem\/"},"wordCount":1011,"commentCount":0,"image":{"@id":"https:\/\/fr.motocrossmag.be\/index.php\/2023\/08\/liam-everts-simpose-dans-le-sable-darnhem\/#primaryimage"},"thumbnailUrl":"https:\/\/fr.motocrossmag.be\/wp-content\/uploads\/2023\/08\/HMF_7980.jpg","keywords":["arnhem","liam everts","lucas coenen","Motocross","MXGP"],"articleSection":["Actualit\u00e9","Motocross","Motocross MXGP","News","News","R\u00e9sultats","Slideshow"],"inLanguage":"fr-FR","potentialAction":[{"@type":"CommentAction","name":"Comment","target":["https:\/\/fr.motocrossmag.be\/index.php\/2023\/08\/liam-everts-simpose-dans-le-sable-darnhem\/#respond"]}]},{"@type":"WebPage","@id":"https:\/\/fr.motocrossmag.be\/index.php\/2023\/08\/liam-everts-simpose-dans-le-sable-darnhem\/","url":"https:\/\/fr.motocrossmag.be\/index.php\/2023\/08\/liam-everts-simpose-dans-le-sable-darnhem\/","name":"Liam Everts s'impose dans le sable d'Arnhem - Motocross - Enduro - Supermoto | MotocrossMag","isPartOf":{"@id":"https:\/\/fr.motocrossmag.be\/#website"},"primaryImageOfPage":{"@id":"https:\/\/fr.motocrossmag.be\/index.php\/2023\/08\/liam-everts-simpose-dans-le-sable-darnhem\/#primaryimage"},"image":{"@id":"https:\/\/fr.motocrossmag.be\/index.php\/2023\/08\/liam-everts-simpose-dans-le-sable-darnhem\/#primaryimage"},"thumbnailUrl":"https:\/\/fr.motocrossmag.be\/wp-content\/uploads\/2023\/08\/HMF_7980.jpg","datePublished":"2023-08-20T17:01:07+00:00","author":{"@id":"https:\/\/fr.motocrossmag.be\/#\/schema\/person\/11b47143d9f755babca2c9110e03235c"},"breadcrumb":{"@id":"https:\/\/fr.motocrossmag.be\/index.php\/2023\/08\/liam-everts-simpose-dans-le-sable-darnhem\/#breadcrumb"},"inLanguage":"fr-FR","potentialAction":[{"@type":"ReadAction","target":["https:\/\/fr.motocrossmag.be\/index.php\/2023\/08\/liam-everts-simpose-dans-le-sable-darnhem\/"]}]},{"@type":"ImageObject","inLanguage":"fr-FR","@id":"https:\/\/fr.motocrossmag.be\/index.php\/2023\/08\/liam-everts-simpose-dans-le-sable-darnhem\/#primaryimage","url":"https:\/\/fr.motocrossmag.be\/wp-content\/uploads\/2023\/08\/HMF_7980.jpg","contentUrl":"https:\/\/fr.motocrossmag.be\/wp-content\/uploads\/2023\/08\/HMF_7980.jpg","width":1200,"height":816},{"@type":"BreadcrumbList","@id":"https:\/\/fr.motocrossmag.be\/index.php\/2023\/08\/liam-everts-simpose-dans-le-sable-darnhem\/#breadcrumb","itemListElement":[{"@type":"ListItem","position":1,"name":"Accueil","item":"https:\/\/fr.motocrossmag.be\/"},{"@type":"ListItem","position":2,"name":"Liam Everts s&rsquo;impose dans le sable d&rsquo;Arnhem"}]},{"@type":"WebSite","@id":"https:\/\/fr.motocrossmag.be\/#website","url":"https:\/\/fr.motocrossmag.be\/","name":"Motocross - Enduro - Supermoto | MotocrossMag","description":"L&#039;actualit\u00e9 du motocross, de l&#039;enduro et du Supermoto en ligne!","potentialAction":[{"@type":"SearchAction","target":{"@type":"EntryPoint","urlTemplate":"https:\/\/fr.motocrossmag.be\/?s={search_term_string}"},"query-input":{"@type":"PropertyValueSpecification","valueRequired":true,"valueName":"search_term_string"}}],"inLanguage":"fr-FR"},{"@type":"Person","@id":"https:\/\/fr.motocrossmag.be\/#\/schema\/person\/11b47143d9f755babca2c9110e03235c","name":"oliviere","image":{"@type":"ImageObject","inLanguage":"fr-FR","@id":"https:\/\/secure.gravatar.com\/avatar\/907069e0b81d119452040469e4a7501da1100f54f7f80180ce77bfab718288f6?s=96&d=mm&r=g","url":"https:\/\/secure.gravatar.com\/avatar\/907069e0b81d119452040469e4a7501da1100f54f7f80180ce77bfab718288f6?s=96&d=mm&r=g","contentUrl":"https:\/\/secure.gravatar.com\/avatar\/907069e0b81d119452040469e4a7501da1100f54f7f80180ce77bfab718288f6?s=96&d=mm&r=g","caption":"oliviere"},"sameAs":["http:\/\/www.motocrossmag.be"],"url":"https:\/\/fr.motocrossmag.be\/index.php\/author\/oliviere\/"}]}},"_links":{"self":[{"href":"https:\/\/fr.motocrossmag.be\/index.php\/wp-json\/wp\/v2\/posts\/127800","targetHints":{"allow":["GET"]}}],"collection":[{"href":"https:\/\/fr.motocrossmag.be\/index.php\/wp-json\/wp\/v2\/posts"}],"about":[{"href":"https:\/\/fr.motocrossmag.be\/index.php\/wp-json\/wp\/v2\/types\/post"}],"author":[{"embeddable":true,"href":"https:\/\/fr.motocrossmag.be\/index.php\/wp-json\/wp\/v2\/users\/932"}],"replies":[{"embeddable":true,"href":"https:\/\/fr.motocrossmag.be\/index.php\/wp-json\/wp\/v2\/comments?post=127800"}],"version-history":[{"count":1,"href":"https:\/\/fr.motocrossmag.be\/index.php\/wp-json\/wp\/v2\/posts\/127800\/revisions"}],"predecessor-version":[{"id":127801,"href":"https:\/\/fr.motocrossmag.be\/index.php\/wp-json\/wp\/v2\/posts\/127800\/revisions\/127801"}],"wp:featuredmedia":[{"embeddable":true,"href":"https:\/\/fr.motocrossmag.be\/index.php\/wp-json\/wp\/v2\/media\/127732"}],"wp:attachment":[{"href":"https:\/\/fr.motocrossmag.be\/index.php\/wp-json\/wp\/v2\/media?parent=127800"}],"wp:term":[{"taxonomy":"category","embeddable":true,"href":"https:\/\/fr.motocrossmag.be\/index.php\/wp-json\/wp\/v2\/categories?post=127800"},{"taxonomy":"post_tag","embeddable":true,"href":"https:\/\/fr.motocrossmag.be\/index.php\/wp-json\/wp\/v2\/tags?post=127800"}],"curies":[{"name":"wp","href":"https:\/\/api.w.org\/{rel}","templated":true}]}}