{"id":127802,"date":"2023-08-20T19:38:12","date_gmt":"2023-08-20T17:38:12","guid":{"rendered":"https:\/\/fr.motocrossmag.be\/?p=127802"},"modified":"2023-08-20T19:38:12","modified_gmt":"2023-08-20T17:38:12","slug":"mxgp-romain-febvre-signe-son-6eme-succes-de-la-saison-en-hollande","status":"publish","type":"post","link":"https:\/\/fr.motocrossmag.be\/index.php\/2023\/08\/mxgp-romain-febvre-signe-son-6eme-succes-de-la-saison-en-hollande\/","title":{"rendered":"MXGP : Romain Febvre signe son 6\u00e8me succ\u00e8s de la saison en Hollande"},"content":{"rendered":"<p><strong>JuLe Fran\u00e7ais Romain Febvre a remport\u00e9 ce dimanche le GP de Hollande \u00e0 Arnhem, 16\u00e8me rendez-vous du mondial MXGP. Il s&rsquo;agit de la 6\u00e8me victoire en GP cette saison pour le pilote Kawasaki.<\/strong><\/p>\n<p>Apr\u00e8s une d\u00e9faite frustrante le week-end pass\u00e9 en Su\u00e8de face \u00e0 J\u00e9r\u00e9my Seewer, Romain Febvre a retrouv\u00e9 sans attendre la plus haute marche du podium. Vainqueur de 5 GP cons\u00e9cutifs avant d&rsquo;arriver en Su\u00e8de, Febvre avait vu son impressionnante s\u00e9rie de succ\u00e8s interrompu in extremis par le Suisse.<\/p>\n<p>Avec une deuxi\u00e8me place et une victoire sur la piste exigeante d&rsquo;Arnhem, le Fran\u00e7ais s&rsquo;est montr\u00e9 imparable aujourd&rsquo;hui. Il monte pour la 6\u00e8me fois sur la plus haute marche d&rsquo;un podium, sur lequel il devance en Hollande le leader du provisoire Jorge Prado et J\u00e9r\u00e9my Seewer.<\/p>\n<p>Glenn Coldenhoff et Tim Gajser compl\u00e8tent le top-5 du classement du jour, classement duquel est absent Jeffrey Herlings, <a href=\"https:\/\/fr.motocrossmag.be\/index.php\/2023\/08\/jeffrey-herlings-blesse-lors-des-essais-libres-du-gp-darnhem\/\">bless\u00e9 samedi matin lors des essais libres.<\/a><\/p>\n<p><span style=\"color: #800000;\"><strong>R\u00e9sultats<\/strong><\/span><\/p>\n<p>MANCHE 1<\/p>\n<p>1. Jorge Prado (ESP, GASGAS), 35:18.978; 2. Romain Febvre (FRA, Kawasaki), +0:04.399; 3. Jeremy Seewer (SUI, Yamaha), +0:16.442;\u00a04. Glenn Coldenhoff (NED, Yamaha), +0:31.853; 5. Tim Gajser (SLO, Honda), +0:37.696; 6. Alberto Forato (ITA, KTM), +0:41.573; 7. Maxime Renaux (FRA, Yamaha), +0:59.313; 8. Pauls Jonass (LAT, Honda), +1:05.777;\u00a09. Brian Bogers (NED, Honda), +1:20.069; 10. Mitchell Evans (AUS, Kawasaki), +1:26.880; 11. Ben Watson (GBR, Beta), +1:30.061; 12. Alvin \u00d6stlund (SWE, Honda), +1:50.565; 13. Tom Koch (GER, KTM), +1:52.799; 14. Maximilian Spies (GER, KTM), +1:57.221; 15. Valentin Guillod (SUI, Honda), -1 lap(s); 16. Petar Petrov (BUL, Yamaha), -1 lap(s); 17. Ruben Fernandez (ESP, Honda), -1 lap(s); 18. Tristan Purdon (RSA, KTM), -1 lap(s);\u00a019. Marcel Conijn (NED, Yamaha), -1 lap(s); 20. Sven Van der Mierden (NED, GASGAS), -1 lap(s); 21.\u00a0Nick Leerkes (NED, Husqvarna), -1 lap(s); 22. Joel Van Mechelen (NED, KTM), -1 lap(s); 23. Mike Bolink (NED, Yamaha), -2 lap(s); 24. Mitchel van den Essenburg (NED, Husqvarna), -2 lap(s); 25. Michel Hoenson (NED, KTM), -2 lap(s); 26. Thomas Vermijl (BEL, GASGAS), -3 lap(s); 27. Albin Gerhardsson (SWE, Husqvarna), -6 lap(s); 28. Adam Sterry (GBR, KTM), -11 lap(s);\u00a029. Micha-Boy De Waal (NED, GASGAS), -11 lap(s); 30. Alessandro Lupino (ITA, Beta), -12 lap(s);\u00a031. Calvin Vlaanderen (NED, Yamaha), -13 lap(s); 32. Benoit Paturel (FRA, Yamaha), -14 lap(s);<\/p>\n<p>MANCHE 2<\/p>\n<p>1. Romain Febvre (FRA, Kawasaki), 33:53.464; 2. Jeremy Seewer (SUI, Yamaha), +0:00.987;\u00a03. Glenn Coldenhoff (NED, Yamaha), +0:01.866; 4. Jorge Prado (ESP, GASGAS), +0:24.691; 5. Tim Gajser (SLO, Honda), +0:27.809; 6. Maxime Renaux (FRA, Yamaha), +0:37.166; 7. Alberto Forato (ITA, KTM), +0:39.251; 8. Ruben Fernandez (ESP, Honda), +1:09.327; 9. Pauls Jonass (LAT, Honda), +1:22.180;\u00a010. Brian Bogers (NED, Honda), +1:34.106; 11. Ben Watson (GBR, Beta), +1:36.009; 12. Benoit Paturel (FRA, Yamaha), +1:51.416; 13. Valentin Guillod (SUI, Honda), +2:01.640; 14. Alvin \u00d6stlund (SWE, Honda), +2:05.649; 15. Mitchell Evans (AUS, Kawasaki), -1 lap(s); 16. Petar Petrov (BUL, Yamaha), -1 lap(s); 17. Tom Koch (GER, KTM), -1 lap(s); 18. Maximilian Spies (GER, KTM), -1 lap(s);\u00a019. Micha-Boy De Waal (NED, GASGAS), -1 lap(s); 20. Albin Gerhardsson (SWE, Husqvarna), -1 lap(s);\u00a021. Sven Van der Mierden (NED, GASGAS), -1 lap(s); 22. Tristan Purdon (RSA, KTM), -1 lap(s);\u00a023. Marcel Conijn (NED, Yamaha), -1 lap(s); 24.\u00a0Nick Leerkes (NED, Husqvarna), -1 lap(s); 25. Joel Van Mechelen (NED, KTM), -2 lap(s); 26.\u00a0Mike Bolink (NED, Yamaha), -2 lap(s); 27. Thomas Vermijl (BEL, GASGAS), -2 lap(s); 28. Michel Hoenson (NED, KTM), -2 lap(s); 29. Alessandro Lupino (ITA, Beta), -11 lap(s);\u00a030. Mitchel van den Essenburg (NED, Husqvarna), -15 lap(s);<\/p>\n<p>CLASSEMENT GENERAL MXGP<\/p>\n<p>1. Romain Febvre (FRA, KAW), 47 points; 2. Jorge Prado (ESP, GAS), 43 p.; 3. Jeremy Seewer (SUI, YAM), 42 p.;\u00a04. Glenn Coldenhoff (NED, YAM), 38 p.; 5. Tim Gajser (SLO, HON), 32 p.; 6. Maxime Renaux (FRA, YAM), 29 p.; 7. Alberto Forato (ITA, KTM), 29 p.; 8. Pauls Jonass (LAT, HON), 25 p.;\u00a09. Brian Bogers (NED, HON), 23 p.; 10. Ben Watson (GBR, BET), 20 p.; 11. Ruben Fernandez (ESP, HON), 17 p.; 12. Mitchell Evans (AUS, KAW), 17 p.; 13. Alvin \u00d6stlund (SWE, HON), 16 p.; 14. Valentin Guillod (SUI, HON), 14 p.; 15. Tom Koch (GER, KTM), 12 p.; 16. Petar Petrov (BUL, YAM), 10 p.; 17. Maximilian Spies (GER, KTM), 10 p.; 18. Benoit Paturel (FRA, YAM), 9 p.; 19. Tristan Purdon (RSA, KTM), 3 p.;\u00a020. Micha-Boy De Waal (NED, GAS), 2 p.; 21. Marcel Conijn (NED, YAM), 2 p.; 22. Albin Gerhardsson (SWE, HUS), 1 p.;\u00a023.\u00a0Sven Van der Mierden (NED, GAS), 1 p.; 24. Nick Leerkes (NED, HUS), 0 p.; 25. Joel Van Mechelen (NED, KTM), 0 p.; 26. Mike Bolink (NED, YAM), 0 p.; 27. Thomas Vermijl (BEL, GAS), 0 p.; 28. Michel Hoenson (NED, KTM), 0 p.; 29. Alessandro Lupino (ITA, BET), 0 p.;\u00a030. Mitchel van den Essenburg (NED, HUS), 0 p.; 31. Adam Sterry (GBR, KTM), 0 p.;\u00a032. Calvin Vlaanderen (NED)<\/p>\n<p>CLASSEMENT PROVISOIRE MXGP<\/p>\n<p>1. Jorge Prado (ESP, GAS), 821 points; 2. Romain Febvre (FRA, KAW), 729 p.; 3. Jeremy Seewer (SUI, YAM), 652 p.;\u00a04. Glenn Coldenhoff (NED, YAM), 600 p.; 5. Ruben Fernandez (ESP, HON), 542 p.; 6. Calvin Vlaanderen (NED, YAM), 498 p.;\u00a07. Jeffrey Herlings (NED, KTM), 456 p.; 8. Alberto Forato (ITA, KTM), 414 p.; 9. Valentin Guillod (SUI, HON), 295 p.; 10. Maxime Renaux (FRA, YAM), 260 p.; 11. Benoit Paturel (FRA, YAM), 224 p.; 12. Mitchell Evans (AUS, KAW), 222 p.; 13. Ben Watson (GBR, BET), 211 p.; 14. Mattia Guadagnini (ITA, GAS), 203 p.;\u00a015. Brian Bogers (NED, HON), 202 p.; 16. Alvin \u00d6stlund (SWE, HON), 189 p.; 17. Tim Gajser (SLO, HON), 152 p.; 18. Tom Koch (GER, KTM), 150 p.; 19. Alessandro Lupino (ITA, BET), 140 p.; 20. Maximilian Spies (GER, KTM), 115 p.;\u00a021. Brent Van doninck (BEL, HON), 114 p.; 22. Pauls Jonass (LAT, HON), 110 p.;\u00a023. Jeremy Van Horebeek (BEL, HON), 110 p.; 24. Petar Petrov (BUL, YAM), 53 p.; 25. Hardi Roosiorg (EST, HON), 52 p.; 26. Jere Haavisto (FIN, KTM), 48 p.; 27. Kevin Brumann (SUI, YAM), 44 p.; 28. Henry Jacobi (GER, KTM), 29 p.; 29. Stephen Rubini (FRA, HON), 27 p.; 30. Lewis Stewart (AUS, KTM), 25 p.; 31. Nicholas Murray (AUS, HUS), 21 p.; 32. Harri Kullas (EST, YAM), 20 p.; 33. Hilman Maksum (INA, KTM), 17 p.; 34. Tim Koch (GER, HUS), 15 p.; 35. Albin Gerhardsson (SWE, HUS), 15 p.; 36. Adam Sterry (GBR, KTM), 13 p.; 37. Lionel Kerhoas (FRA, HUS), 12 p.; 38. Michael Ivanov (BUL, HUS), 11 p.; 39. Tanel Leok (EST, HUS), 10 p.; 40. Pierre Goupillon (FRA, KTM), 10 p.; 41. Gert Krestinov (EST, HON), 10 p.; 42. Ashton Dickinson (GBR, KTM), 9 p.; 43. Arnaud Tonus (SUI, YAM), 8 p.; 44. Tomass Sileika (LAT, GAS), 7 p.; 45. Tristan Purdon (RSA, KTM), 7 p.; 46. Ivo Monticelli (ITA, GAS), 6 p.; 47. Simon Jost (SVK, KTM), 6 p.; 48. Miro Sihvonen (FIN, HUS), 6 p.; 49. Mark Scheu (GER, HUS), 5 p.; 50. Andero Lusbo (EST, GAS), 5 p.; 51. Joaquin Poli (ARG, KAW), 5 p.; 52. Danne Karlsson (SWE, GAS), 4 p.; 53. Conrad Mewse (GBR, HON), 4 p.; 54. Paulo Alberto (POR, YAM), 4 p.; 55. Tomas Kohut (SVK, KTM), 3 p.; 56. Cornelius Toendel (NOR, HON), 3 p.;\u00a057. Micha-Boy De Waal (NED, GAS), 2 p.; 58. Nico Koch (GER, KTM), 2 p.; 59. Simone Croci (ITA, HUS), 2 p.;\u00a060. Marcel Conijn (NED, YAM), 2 p.; 61. Domantas Jazdauskas (LTU, KTM), 2 p.; 62. Adrien Malaval (FRA, YAM), 2 p.; 63. Mathias Joergensen (DEN, YAM), 2 p.; 64. Arminas Jasikonis (LTU, GAS), 1 p.;\u00a065.\u00a0Lars van Berkel (NED, HON), 1 p.; 66. Sven Van der Mierden (NED, GAS), 1 p.; 67. Simeo Ubach (ESP, HUS), 1 p.; 68. Agustin Poli (ARG, KAW), 1 p.;<\/p>\n","protected":false},"excerpt":{"rendered":"<p>JuLe Fran\u00e7ais Romain Febvre a remport\u00e9 ce dimanche le GP de Hollande \u00e0 Arnhem, 16\u00e8me rendez-vous du mondial MXGP. Il s&rsquo;agit de la 6\u00e8me victoire en GP cette saison pour [&#8230;]<\/p>\n","protected":false},"author":932,"featured_media":124090,"comment_status":"open","ping_status":"closed","sticky":false,"template":"","format":"standard","meta":{"footnotes":""},"categories":[54,4,6,5,55,56,65],"tags":[1463,969,947,568,456],"class_list":["post-127802","post","type-post","status-publish","format-standard","has-post-thumbnail","hentry","category-actualite","category-motocross","category-mx1mx2","category-news","category-news-actualite","category-resultats","category-slideshow","tag-arnhem","tag-jorge-prado","tag-motocross","tag-mxgp","tag-romain-febvre"],"yoast_head":"<!-- This site is optimized with the Yoast SEO plugin v27.4 - https:\/\/yoast.com\/product\/yoast-seo-wordpress\/ -->\n<title>MXGP : Romain Febvre signe son 6\u00e8me succ\u00e8s de la saison en Hollande - Motocross - Enduro - Supermoto | MotocrossMag<\/title>\n<meta name=\"robots\" content=\"index, follow, max-snippet:-1, max-image-preview:large, max-video-preview:-1\" \/>\n<link rel=\"canonical\" href=\"https:\/\/fr.motocrossmag.be\/index.php\/2023\/08\/mxgp-romain-febvre-signe-son-6eme-succes-de-la-saison-en-hollande\/\" \/>\n<meta property=\"og:locale\" content=\"fr_FR\" \/>\n<meta property=\"og:type\" content=\"article\" \/>\n<meta property=\"og:title\" content=\"MXGP : Romain Febvre signe son 6\u00e8me succ\u00e8s de la saison en Hollande - Motocross - Enduro - Supermoto | MotocrossMag\" \/>\n<meta property=\"og:description\" content=\"JuLe Fran\u00e7ais Romain Febvre a remport\u00e9 ce dimanche le GP de Hollande \u00e0 Arnhem, 16\u00e8me rendez-vous du mondial MXGP. Il s&rsquo;agit de la 6\u00e8me victoire en GP cette saison pour [...]\" \/>\n<meta property=\"og:url\" content=\"https:\/\/fr.motocrossmag.be\/index.php\/2023\/08\/mxgp-romain-febvre-signe-son-6eme-succes-de-la-saison-en-hollande\/\" \/>\n<meta property=\"og:site_name\" content=\"Motocross - Enduro - Supermoto | MotocrossMag\" \/>\n<meta property=\"article:published_time\" content=\"2023-08-20T17:38:12+00:00\" \/>\n<meta property=\"og:image\" content=\"https:\/\/fr.motocrossmag.be\/wp-content\/uploads\/2023\/04\/febvre-romain.jpg\" \/>\n\t<meta property=\"og:image:width\" content=\"1000\" \/>\n\t<meta property=\"og:image:height\" content=\"666\" \/>\n\t<meta property=\"og:image:type\" content=\"image\/jpeg\" \/>\n<meta name=\"author\" content=\"oliviere\" \/>\n<meta name=\"twitter:card\" content=\"summary_large_image\" \/>\n<meta name=\"twitter:label1\" content=\"\u00c9crit par\" \/>\n\t<meta name=\"twitter:data1\" content=\"oliviere\" \/>\n\t<meta name=\"twitter:label2\" content=\"Dur\u00e9e de lecture estim\u00e9e\" \/>\n\t<meta name=\"twitter:data2\" content=\"5 minutes\" \/>\n<script type=\"application\/ld+json\" class=\"yoast-schema-graph\">{\"@context\":\"https:\\\/\\\/schema.org\",\"@graph\":[{\"@type\":\"Article\",\"@id\":\"https:\\\/\\\/fr.motocrossmag.be\\\/index.php\\\/2023\\\/08\\\/mxgp-romain-febvre-signe-son-6eme-succes-de-la-saison-en-hollande\\\/#article\",\"isPartOf\":{\"@id\":\"https:\\\/\\\/fr.motocrossmag.be\\\/index.php\\\/2023\\\/08\\\/mxgp-romain-febvre-signe-son-6eme-succes-de-la-saison-en-hollande\\\/\"},\"author\":{\"name\":\"oliviere\",\"@id\":\"https:\\\/\\\/fr.motocrossmag.be\\\/#\\\/schema\\\/person\\\/11b47143d9f755babca2c9110e03235c\"},\"headline\":\"MXGP : Romain Febvre signe son 6\u00e8me succ\u00e8s de la saison en Hollande\",\"datePublished\":\"2023-08-20T17:38:12+00:00\",\"mainEntityOfPage\":{\"@id\":\"https:\\\/\\\/fr.motocrossmag.be\\\/index.php\\\/2023\\\/08\\\/mxgp-romain-febvre-signe-son-6eme-succes-de-la-saison-en-hollande\\\/\"},\"wordCount\":1065,\"commentCount\":0,\"image\":{\"@id\":\"https:\\\/\\\/fr.motocrossmag.be\\\/index.php\\\/2023\\\/08\\\/mxgp-romain-febvre-signe-son-6eme-succes-de-la-saison-en-hollande\\\/#primaryimage\"},\"thumbnailUrl\":\"https:\\\/\\\/fr.motocrossmag.be\\\/wp-content\\\/uploads\\\/2023\\\/04\\\/febvre-romain.jpg\",\"keywords\":[\"arnhem\",\"jorge prado\",\"Motocross\",\"MXGP\",\"romain febvre\"],\"articleSection\":[\"Actualit\u00e9\",\"Motocross\",\"Motocross MXGP\",\"News\",\"News\",\"R\u00e9sultats\",\"Slideshow\"],\"inLanguage\":\"fr-FR\",\"potentialAction\":[{\"@type\":\"CommentAction\",\"name\":\"Comment\",\"target\":[\"https:\\\/\\\/fr.motocrossmag.be\\\/index.php\\\/2023\\\/08\\\/mxgp-romain-febvre-signe-son-6eme-succes-de-la-saison-en-hollande\\\/#respond\"]}]},{\"@type\":\"WebPage\",\"@id\":\"https:\\\/\\\/fr.motocrossmag.be\\\/index.php\\\/2023\\\/08\\\/mxgp-romain-febvre-signe-son-6eme-succes-de-la-saison-en-hollande\\\/\",\"url\":\"https:\\\/\\\/fr.motocrossmag.be\\\/index.php\\\/2023\\\/08\\\/mxgp-romain-febvre-signe-son-6eme-succes-de-la-saison-en-hollande\\\/\",\"name\":\"MXGP : Romain Febvre signe son 6\u00e8me succ\u00e8s de la saison en Hollande - Motocross - Enduro - Supermoto | MotocrossMag\",\"isPartOf\":{\"@id\":\"https:\\\/\\\/fr.motocrossmag.be\\\/#website\"},\"primaryImageOfPage\":{\"@id\":\"https:\\\/\\\/fr.motocrossmag.be\\\/index.php\\\/2023\\\/08\\\/mxgp-romain-febvre-signe-son-6eme-succes-de-la-saison-en-hollande\\\/#primaryimage\"},\"image\":{\"@id\":\"https:\\\/\\\/fr.motocrossmag.be\\\/index.php\\\/2023\\\/08\\\/mxgp-romain-febvre-signe-son-6eme-succes-de-la-saison-en-hollande\\\/#primaryimage\"},\"thumbnailUrl\":\"https:\\\/\\\/fr.motocrossmag.be\\\/wp-content\\\/uploads\\\/2023\\\/04\\\/febvre-romain.jpg\",\"datePublished\":\"2023-08-20T17:38:12+00:00\",\"author\":{\"@id\":\"https:\\\/\\\/fr.motocrossmag.be\\\/#\\\/schema\\\/person\\\/11b47143d9f755babca2c9110e03235c\"},\"breadcrumb\":{\"@id\":\"https:\\\/\\\/fr.motocrossmag.be\\\/index.php\\\/2023\\\/08\\\/mxgp-romain-febvre-signe-son-6eme-succes-de-la-saison-en-hollande\\\/#breadcrumb\"},\"inLanguage\":\"fr-FR\",\"potentialAction\":[{\"@type\":\"ReadAction\",\"target\":[\"https:\\\/\\\/fr.motocrossmag.be\\\/index.php\\\/2023\\\/08\\\/mxgp-romain-febvre-signe-son-6eme-succes-de-la-saison-en-hollande\\\/\"]}]},{\"@type\":\"ImageObject\",\"inLanguage\":\"fr-FR\",\"@id\":\"https:\\\/\\\/fr.motocrossmag.be\\\/index.php\\\/2023\\\/08\\\/mxgp-romain-febvre-signe-son-6eme-succes-de-la-saison-en-hollande\\\/#primaryimage\",\"url\":\"https:\\\/\\\/fr.motocrossmag.be\\\/wp-content\\\/uploads\\\/2023\\\/04\\\/febvre-romain.jpg\",\"contentUrl\":\"https:\\\/\\\/fr.motocrossmag.be\\\/wp-content\\\/uploads\\\/2023\\\/04\\\/febvre-romain.jpg\",\"width\":\"1000\",\"height\":\"666\"},{\"@type\":\"BreadcrumbList\",\"@id\":\"https:\\\/\\\/fr.motocrossmag.be\\\/index.php\\\/2023\\\/08\\\/mxgp-romain-febvre-signe-son-6eme-succes-de-la-saison-en-hollande\\\/#breadcrumb\",\"itemListElement\":[{\"@type\":\"ListItem\",\"position\":1,\"name\":\"Accueil\",\"item\":\"https:\\\/\\\/fr.motocrossmag.be\\\/\"},{\"@type\":\"ListItem\",\"position\":2,\"name\":\"MXGP : Romain Febvre signe son 6\u00e8me succ\u00e8s de la saison en Hollande\"}]},{\"@type\":\"WebSite\",\"@id\":\"https:\\\/\\\/fr.motocrossmag.be\\\/#website\",\"url\":\"https:\\\/\\\/fr.motocrossmag.be\\\/\",\"name\":\"Motocross - Enduro - Supermoto | MotocrossMag\",\"description\":\"L&#039;actualit\u00e9 du motocross, de l&#039;enduro et du Supermoto en ligne!\",\"potentialAction\":[{\"@type\":\"SearchAction\",\"target\":{\"@type\":\"EntryPoint\",\"urlTemplate\":\"https:\\\/\\\/fr.motocrossmag.be\\\/?s={search_term_string}\"},\"query-input\":{\"@type\":\"PropertyValueSpecification\",\"valueRequired\":true,\"valueName\":\"search_term_string\"}}],\"inLanguage\":\"fr-FR\"},{\"@type\":\"Person\",\"@id\":\"https:\\\/\\\/fr.motocrossmag.be\\\/#\\\/schema\\\/person\\\/11b47143d9f755babca2c9110e03235c\",\"name\":\"oliviere\",\"image\":{\"@type\":\"ImageObject\",\"inLanguage\":\"fr-FR\",\"@id\":\"https:\\\/\\\/secure.gravatar.com\\\/avatar\\\/907069e0b81d119452040469e4a7501da1100f54f7f80180ce77bfab718288f6?s=96&d=mm&r=g\",\"url\":\"https:\\\/\\\/secure.gravatar.com\\\/avatar\\\/907069e0b81d119452040469e4a7501da1100f54f7f80180ce77bfab718288f6?s=96&d=mm&r=g\",\"contentUrl\":\"https:\\\/\\\/secure.gravatar.com\\\/avatar\\\/907069e0b81d119452040469e4a7501da1100f54f7f80180ce77bfab718288f6?s=96&d=mm&r=g\",\"caption\":\"oliviere\"},\"sameAs\":[\"http:\\\/\\\/www.motocrossmag.be\"],\"url\":\"https:\\\/\\\/fr.motocrossmag.be\\\/index.php\\\/author\\\/oliviere\\\/\"}]}<\/script>\n<!-- \/ Yoast SEO plugin. -->","yoast_head_json":{"title":"MXGP : Romain Febvre signe son 6\u00e8me succ\u00e8s de la saison en Hollande - Motocross - Enduro - Supermoto | MotocrossMag","robots":{"index":"index","follow":"follow","max-snippet":"max-snippet:-1","max-image-preview":"max-image-preview:large","max-video-preview":"max-video-preview:-1"},"canonical":"https:\/\/fr.motocrossmag.be\/index.php\/2023\/08\/mxgp-romain-febvre-signe-son-6eme-succes-de-la-saison-en-hollande\/","og_locale":"fr_FR","og_type":"article","og_title":"MXGP : Romain Febvre signe son 6\u00e8me succ\u00e8s de la saison en Hollande - Motocross - Enduro - Supermoto | MotocrossMag","og_description":"JuLe Fran\u00e7ais Romain Febvre a remport\u00e9 ce dimanche le GP de Hollande \u00e0 Arnhem, 16\u00e8me rendez-vous du mondial MXGP. Il s&rsquo;agit de la 6\u00e8me victoire en GP cette saison pour [...]","og_url":"https:\/\/fr.motocrossmag.be\/index.php\/2023\/08\/mxgp-romain-febvre-signe-son-6eme-succes-de-la-saison-en-hollande\/","og_site_name":"Motocross - Enduro - Supermoto | MotocrossMag","article_published_time":"2023-08-20T17:38:12+00:00","og_image":[{"width":1000,"height":666,"url":"https:\/\/fr.motocrossmag.be\/wp-content\/uploads\/2023\/04\/febvre-romain.jpg","type":"image\/jpeg"}],"author":"oliviere","twitter_card":"summary_large_image","twitter_misc":{"\u00c9crit par":"oliviere","Dur\u00e9e de lecture estim\u00e9e":"5 minutes"},"schema":{"@context":"https:\/\/schema.org","@graph":[{"@type":"Article","@id":"https:\/\/fr.motocrossmag.be\/index.php\/2023\/08\/mxgp-romain-febvre-signe-son-6eme-succes-de-la-saison-en-hollande\/#article","isPartOf":{"@id":"https:\/\/fr.motocrossmag.be\/index.php\/2023\/08\/mxgp-romain-febvre-signe-son-6eme-succes-de-la-saison-en-hollande\/"},"author":{"name":"oliviere","@id":"https:\/\/fr.motocrossmag.be\/#\/schema\/person\/11b47143d9f755babca2c9110e03235c"},"headline":"MXGP : Romain Febvre signe son 6\u00e8me succ\u00e8s de la saison en Hollande","datePublished":"2023-08-20T17:38:12+00:00","mainEntityOfPage":{"@id":"https:\/\/fr.motocrossmag.be\/index.php\/2023\/08\/mxgp-romain-febvre-signe-son-6eme-succes-de-la-saison-en-hollande\/"},"wordCount":1065,"commentCount":0,"image":{"@id":"https:\/\/fr.motocrossmag.be\/index.php\/2023\/08\/mxgp-romain-febvre-signe-son-6eme-succes-de-la-saison-en-hollande\/#primaryimage"},"thumbnailUrl":"https:\/\/fr.motocrossmag.be\/wp-content\/uploads\/2023\/04\/febvre-romain.jpg","keywords":["arnhem","jorge prado","Motocross","MXGP","romain febvre"],"articleSection":["Actualit\u00e9","Motocross","Motocross MXGP","News","News","R\u00e9sultats","Slideshow"],"inLanguage":"fr-FR","potentialAction":[{"@type":"CommentAction","name":"Comment","target":["https:\/\/fr.motocrossmag.be\/index.php\/2023\/08\/mxgp-romain-febvre-signe-son-6eme-succes-de-la-saison-en-hollande\/#respond"]}]},{"@type":"WebPage","@id":"https:\/\/fr.motocrossmag.be\/index.php\/2023\/08\/mxgp-romain-febvre-signe-son-6eme-succes-de-la-saison-en-hollande\/","url":"https:\/\/fr.motocrossmag.be\/index.php\/2023\/08\/mxgp-romain-febvre-signe-son-6eme-succes-de-la-saison-en-hollande\/","name":"MXGP : Romain Febvre signe son 6\u00e8me succ\u00e8s de la saison en Hollande - Motocross - Enduro - Supermoto | MotocrossMag","isPartOf":{"@id":"https:\/\/fr.motocrossmag.be\/#website"},"primaryImageOfPage":{"@id":"https:\/\/fr.motocrossmag.be\/index.php\/2023\/08\/mxgp-romain-febvre-signe-son-6eme-succes-de-la-saison-en-hollande\/#primaryimage"},"image":{"@id":"https:\/\/fr.motocrossmag.be\/index.php\/2023\/08\/mxgp-romain-febvre-signe-son-6eme-succes-de-la-saison-en-hollande\/#primaryimage"},"thumbnailUrl":"https:\/\/fr.motocrossmag.be\/wp-content\/uploads\/2023\/04\/febvre-romain.jpg","datePublished":"2023-08-20T17:38:12+00:00","author":{"@id":"https:\/\/fr.motocrossmag.be\/#\/schema\/person\/11b47143d9f755babca2c9110e03235c"},"breadcrumb":{"@id":"https:\/\/fr.motocrossmag.be\/index.php\/2023\/08\/mxgp-romain-febvre-signe-son-6eme-succes-de-la-saison-en-hollande\/#breadcrumb"},"inLanguage":"fr-FR","potentialAction":[{"@type":"ReadAction","target":["https:\/\/fr.motocrossmag.be\/index.php\/2023\/08\/mxgp-romain-febvre-signe-son-6eme-succes-de-la-saison-en-hollande\/"]}]},{"@type":"ImageObject","inLanguage":"fr-FR","@id":"https:\/\/fr.motocrossmag.be\/index.php\/2023\/08\/mxgp-romain-febvre-signe-son-6eme-succes-de-la-saison-en-hollande\/#primaryimage","url":"https:\/\/fr.motocrossmag.be\/wp-content\/uploads\/2023\/04\/febvre-romain.jpg","contentUrl":"https:\/\/fr.motocrossmag.be\/wp-content\/uploads\/2023\/04\/febvre-romain.jpg","width":"1000","height":"666"},{"@type":"BreadcrumbList","@id":"https:\/\/fr.motocrossmag.be\/index.php\/2023\/08\/mxgp-romain-febvre-signe-son-6eme-succes-de-la-saison-en-hollande\/#breadcrumb","itemListElement":[{"@type":"ListItem","position":1,"name":"Accueil","item":"https:\/\/fr.motocrossmag.be\/"},{"@type":"ListItem","position":2,"name":"MXGP : Romain Febvre signe son 6\u00e8me succ\u00e8s de la saison en Hollande"}]},{"@type":"WebSite","@id":"https:\/\/fr.motocrossmag.be\/#website","url":"https:\/\/fr.motocrossmag.be\/","name":"Motocross - Enduro - Supermoto | MotocrossMag","description":"L&#039;actualit\u00e9 du motocross, de l&#039;enduro et du Supermoto en ligne!","potentialAction":[{"@type":"SearchAction","target":{"@type":"EntryPoint","urlTemplate":"https:\/\/fr.motocrossmag.be\/?s={search_term_string}"},"query-input":{"@type":"PropertyValueSpecification","valueRequired":true,"valueName":"search_term_string"}}],"inLanguage":"fr-FR"},{"@type":"Person","@id":"https:\/\/fr.motocrossmag.be\/#\/schema\/person\/11b47143d9f755babca2c9110e03235c","name":"oliviere","image":{"@type":"ImageObject","inLanguage":"fr-FR","@id":"https:\/\/secure.gravatar.com\/avatar\/907069e0b81d119452040469e4a7501da1100f54f7f80180ce77bfab718288f6?s=96&d=mm&r=g","url":"https:\/\/secure.gravatar.com\/avatar\/907069e0b81d119452040469e4a7501da1100f54f7f80180ce77bfab718288f6?s=96&d=mm&r=g","contentUrl":"https:\/\/secure.gravatar.com\/avatar\/907069e0b81d119452040469e4a7501da1100f54f7f80180ce77bfab718288f6?s=96&d=mm&r=g","caption":"oliviere"},"sameAs":["http:\/\/www.motocrossmag.be"],"url":"https:\/\/fr.motocrossmag.be\/index.php\/author\/oliviere\/"}]}},"_links":{"self":[{"href":"https:\/\/fr.motocrossmag.be\/index.php\/wp-json\/wp\/v2\/posts\/127802","targetHints":{"allow":["GET"]}}],"collection":[{"href":"https:\/\/fr.motocrossmag.be\/index.php\/wp-json\/wp\/v2\/posts"}],"about":[{"href":"https:\/\/fr.motocrossmag.be\/index.php\/wp-json\/wp\/v2\/types\/post"}],"author":[{"embeddable":true,"href":"https:\/\/fr.motocrossmag.be\/index.php\/wp-json\/wp\/v2\/users\/932"}],"replies":[{"embeddable":true,"href":"https:\/\/fr.motocrossmag.be\/index.php\/wp-json\/wp\/v2\/comments?post=127802"}],"version-history":[{"count":1,"href":"https:\/\/fr.motocrossmag.be\/index.php\/wp-json\/wp\/v2\/posts\/127802\/revisions"}],"predecessor-version":[{"id":127803,"href":"https:\/\/fr.motocrossmag.be\/index.php\/wp-json\/wp\/v2\/posts\/127802\/revisions\/127803"}],"wp:featuredmedia":[{"embeddable":true,"href":"https:\/\/fr.motocrossmag.be\/index.php\/wp-json\/wp\/v2\/media\/124090"}],"wp:attachment":[{"href":"https:\/\/fr.motocrossmag.be\/index.php\/wp-json\/wp\/v2\/media?parent=127802"}],"wp:term":[{"taxonomy":"category","embeddable":true,"href":"https:\/\/fr.motocrossmag.be\/index.php\/wp-json\/wp\/v2\/categories?post=127802"},{"taxonomy":"post_tag","embeddable":true,"href":"https:\/\/fr.motocrossmag.be\/index.php\/wp-json\/wp\/v2\/tags?post=127802"}],"curies":[{"name":"wp","href":"https:\/\/api.w.org\/{rel}","templated":true}]}}