{"id":127811,"date":"2023-08-20T23:54:20","date_gmt":"2023-08-20T21:54:20","guid":{"rendered":"https:\/\/fr.motocrossmag.be\/?p=127811"},"modified":"2023-08-20T23:54:20","modified_gmt":"2023-08-20T21:54:20","slug":"jago-geerts-mieux-quespere","status":"publish","type":"post","link":"https:\/\/fr.motocrossmag.be\/index.php\/2023\/08\/jago-geerts-mieux-quespere\/","title":{"rendered":"Jago Geerts : \u00ab\u00a0Mieux qu&rsquo;esp\u00e9r\u00e9 !\u00a0\u00bb"},"content":{"rendered":"<p><strong>Apr\u00e8s avoir manqu\u00e9 les GP de Finlande et de Su\u00e8de \u00e0 cause d&rsquo;une clavicule fractur\u00e9e, Jago Geerts faisait son retour ce week-end \u00e0 la comp\u00e9tition \u00e0 l&rsquo;occasion du GP d&rsquo;Arnhem, en Hollande. Le pilote Yamaha y manque le podium de tr\u00e8s peu.<\/strong><\/p>\n<p>\u00ab\u00a0Avant le GP,\u00a0j&rsquo;aurais sans doute \u00e9t\u00e9 content avec deux places dans le top 10 mais \u00e7a s&rsquo;est mieux pass\u00e9 qu&rsquo;esp\u00e9r\u00e9 avec une 4\u00e8me et une 3\u00e8me places dans les manches\u00a0\u00bb, explique le pilote belge. \u00ab\u00a0M\u00eame si les choses ne se sont pas tr\u00e8s bien pass\u00e9es samedi, j&rsquo;ai progress\u00e9 tout au long du week-end. La deuxi\u00e8me manche \u00e9tait passionnante jusque dans les derniers m\u00e8tres. J&rsquo;\u00e9tais parvenu \u00e0 prendre le meilleur sur Liam Everts, alors en deuxi\u00e8me position, mais un pilote doubl\u00e9 m&rsquo;a fait perdre ma vitesse juste avant la pitlane et Liam en a profit\u00e9 pour repasser dans les derniers m\u00e8tres de course. Evidemment, cela aurait \u00e9t\u00e9 bien de remonter sur le podium apr\u00e8s ma blessure mais je suis tr\u00e8s content de ma quatri\u00e8me place au classement final du week-end. J&rsquo;ai pass\u00e9 un super week-end \u00e0 Arnhem.\u00a0\u00bb<\/p>\n<p>&nbsp;<\/p>\n","protected":false},"excerpt":{"rendered":"<p>Apr\u00e8s avoir manqu\u00e9 les GP de Finlande et de Su\u00e8de \u00e0 cause d&rsquo;une clavicule fractur\u00e9e, Jago Geerts faisait son retour ce week-end \u00e0 la comp\u00e9tition \u00e0 l&rsquo;occasion du GP d&rsquo;Arnhem, [&#8230;]<\/p>\n","protected":false},"author":932,"featured_media":127812,"comment_status":"open","ping_status":"closed","sticky":false,"template":"","format":"standard","meta":{"footnotes":""},"categories":[54,7,58,4,6,5,55,65],"tags":[1463,813,947,568],"class_list":["post-127811","post","type-post","status-publish","format-standard","has-post-thumbnail","hentry","category-actualite","category-interviews","category-interviews-actualite","category-motocross","category-mx1mx2","category-news","category-news-actualite","category-slideshow","tag-arnhem","tag-jago-geerts","tag-motocross","tag-mxgp"],"yoast_head":"<!-- This site is optimized with the Yoast SEO plugin v27.4 - https:\/\/yoast.com\/product\/yoast-seo-wordpress\/ -->\n<title>Jago Geerts : &quot;Mieux qu&#039;esp\u00e9r\u00e9 !&quot; - Motocross - Enduro - Supermoto | MotocrossMag<\/title>\n<meta name=\"robots\" content=\"index, follow, max-snippet:-1, max-image-preview:large, max-video-preview:-1\" \/>\n<link rel=\"canonical\" href=\"https:\/\/fr.motocrossmag.be\/index.php\/2023\/08\/jago-geerts-mieux-quespere\/\" \/>\n<meta property=\"og:locale\" content=\"fr_FR\" \/>\n<meta property=\"og:type\" content=\"article\" \/>\n<meta property=\"og:title\" content=\"Jago Geerts : &quot;Mieux qu&#039;esp\u00e9r\u00e9 !&quot; - Motocross - Enduro - Supermoto | MotocrossMag\" \/>\n<meta property=\"og:description\" content=\"Apr\u00e8s avoir manqu\u00e9 les GP de Finlande et de Su\u00e8de \u00e0 cause d&rsquo;une clavicule fractur\u00e9e, Jago Geerts faisait son retour ce week-end \u00e0 la comp\u00e9tition \u00e0 l&rsquo;occasion du GP d&rsquo;Arnhem, [...]\" \/>\n<meta property=\"og:url\" content=\"https:\/\/fr.motocrossmag.be\/index.php\/2023\/08\/jago-geerts-mieux-quespere\/\" \/>\n<meta property=\"og:site_name\" content=\"Motocross - Enduro - Supermoto | MotocrossMag\" \/>\n<meta property=\"article:published_time\" content=\"2023-08-20T21:54:20+00:00\" \/>\n<meta property=\"og:image\" content=\"https:\/\/fr.motocrossmag.be\/wp-content\/uploads\/2023\/08\/Geerts_Netherlands_2023_Fullspectrum_ESZ-5091_preview.jpg\" \/>\n\t<meta property=\"og:image:width\" content=\"1200\" \/>\n\t<meta property=\"og:image:height\" content=\"800\" \/>\n\t<meta property=\"og:image:type\" content=\"image\/jpeg\" \/>\n<meta name=\"author\" content=\"oliviere\" \/>\n<meta name=\"twitter:card\" content=\"summary_large_image\" \/>\n<meta name=\"twitter:label1\" content=\"\u00c9crit par\" \/>\n\t<meta name=\"twitter:data1\" content=\"oliviere\" \/>\n\t<meta name=\"twitter:label2\" content=\"Dur\u00e9e de lecture estim\u00e9e\" \/>\n\t<meta name=\"twitter:data2\" content=\"1 minute\" \/>\n<script type=\"application\/ld+json\" class=\"yoast-schema-graph\">{\"@context\":\"https:\\\/\\\/schema.org\",\"@graph\":[{\"@type\":\"Article\",\"@id\":\"https:\\\/\\\/fr.motocrossmag.be\\\/index.php\\\/2023\\\/08\\\/jago-geerts-mieux-quespere\\\/#article\",\"isPartOf\":{\"@id\":\"https:\\\/\\\/fr.motocrossmag.be\\\/index.php\\\/2023\\\/08\\\/jago-geerts-mieux-quespere\\\/\"},\"author\":{\"name\":\"oliviere\",\"@id\":\"https:\\\/\\\/fr.motocrossmag.be\\\/#\\\/schema\\\/person\\\/11b47143d9f755babca2c9110e03235c\"},\"headline\":\"Jago Geerts : \u00ab\u00a0Mieux qu&rsquo;esp\u00e9r\u00e9 !\u00a0\u00bb\",\"datePublished\":\"2023-08-20T21:54:20+00:00\",\"mainEntityOfPage\":{\"@id\":\"https:\\\/\\\/fr.motocrossmag.be\\\/index.php\\\/2023\\\/08\\\/jago-geerts-mieux-quespere\\\/\"},\"wordCount\":206,\"commentCount\":0,\"image\":{\"@id\":\"https:\\\/\\\/fr.motocrossmag.be\\\/index.php\\\/2023\\\/08\\\/jago-geerts-mieux-quespere\\\/#primaryimage\"},\"thumbnailUrl\":\"https:\\\/\\\/fr.motocrossmag.be\\\/wp-content\\\/uploads\\\/2023\\\/08\\\/Geerts_Netherlands_2023_Fullspectrum_ESZ-5091_preview.jpg\",\"keywords\":[\"arnhem\",\"Jago Geerts\",\"Motocross\",\"MXGP\"],\"articleSection\":[\"Actualit\u00e9\",\"Interviews\",\"Interviews -all\",\"Motocross\",\"Motocross MXGP\",\"News\",\"News\",\"Slideshow\"],\"inLanguage\":\"fr-FR\",\"potentialAction\":[{\"@type\":\"CommentAction\",\"name\":\"Comment\",\"target\":[\"https:\\\/\\\/fr.motocrossmag.be\\\/index.php\\\/2023\\\/08\\\/jago-geerts-mieux-quespere\\\/#respond\"]}]},{\"@type\":\"WebPage\",\"@id\":\"https:\\\/\\\/fr.motocrossmag.be\\\/index.php\\\/2023\\\/08\\\/jago-geerts-mieux-quespere\\\/\",\"url\":\"https:\\\/\\\/fr.motocrossmag.be\\\/index.php\\\/2023\\\/08\\\/jago-geerts-mieux-quespere\\\/\",\"name\":\"Jago Geerts : \\\"Mieux qu'esp\u00e9r\u00e9 !\\\" - Motocross - Enduro - Supermoto | MotocrossMag\",\"isPartOf\":{\"@id\":\"https:\\\/\\\/fr.motocrossmag.be\\\/#website\"},\"primaryImageOfPage\":{\"@id\":\"https:\\\/\\\/fr.motocrossmag.be\\\/index.php\\\/2023\\\/08\\\/jago-geerts-mieux-quespere\\\/#primaryimage\"},\"image\":{\"@id\":\"https:\\\/\\\/fr.motocrossmag.be\\\/index.php\\\/2023\\\/08\\\/jago-geerts-mieux-quespere\\\/#primaryimage\"},\"thumbnailUrl\":\"https:\\\/\\\/fr.motocrossmag.be\\\/wp-content\\\/uploads\\\/2023\\\/08\\\/Geerts_Netherlands_2023_Fullspectrum_ESZ-5091_preview.jpg\",\"datePublished\":\"2023-08-20T21:54:20+00:00\",\"author\":{\"@id\":\"https:\\\/\\\/fr.motocrossmag.be\\\/#\\\/schema\\\/person\\\/11b47143d9f755babca2c9110e03235c\"},\"breadcrumb\":{\"@id\":\"https:\\\/\\\/fr.motocrossmag.be\\\/index.php\\\/2023\\\/08\\\/jago-geerts-mieux-quespere\\\/#breadcrumb\"},\"inLanguage\":\"fr-FR\",\"potentialAction\":[{\"@type\":\"ReadAction\",\"target\":[\"https:\\\/\\\/fr.motocrossmag.be\\\/index.php\\\/2023\\\/08\\\/jago-geerts-mieux-quespere\\\/\"]}]},{\"@type\":\"ImageObject\",\"inLanguage\":\"fr-FR\",\"@id\":\"https:\\\/\\\/fr.motocrossmag.be\\\/index.php\\\/2023\\\/08\\\/jago-geerts-mieux-quespere\\\/#primaryimage\",\"url\":\"https:\\\/\\\/fr.motocrossmag.be\\\/wp-content\\\/uploads\\\/2023\\\/08\\\/Geerts_Netherlands_2023_Fullspectrum_ESZ-5091_preview.jpg\",\"contentUrl\":\"https:\\\/\\\/fr.motocrossmag.be\\\/wp-content\\\/uploads\\\/2023\\\/08\\\/Geerts_Netherlands_2023_Fullspectrum_ESZ-5091_preview.jpg\",\"width\":1200,\"height\":800},{\"@type\":\"BreadcrumbList\",\"@id\":\"https:\\\/\\\/fr.motocrossmag.be\\\/index.php\\\/2023\\\/08\\\/jago-geerts-mieux-quespere\\\/#breadcrumb\",\"itemListElement\":[{\"@type\":\"ListItem\",\"position\":1,\"name\":\"Accueil\",\"item\":\"https:\\\/\\\/fr.motocrossmag.be\\\/\"},{\"@type\":\"ListItem\",\"position\":2,\"name\":\"Jago Geerts : \u00ab\u00a0Mieux qu&rsquo;esp\u00e9r\u00e9 !\u00a0\u00bb\"}]},{\"@type\":\"WebSite\",\"@id\":\"https:\\\/\\\/fr.motocrossmag.be\\\/#website\",\"url\":\"https:\\\/\\\/fr.motocrossmag.be\\\/\",\"name\":\"Motocross - Enduro - Supermoto | MotocrossMag\",\"description\":\"L&#039;actualit\u00e9 du motocross, de l&#039;enduro et du Supermoto en ligne!\",\"potentialAction\":[{\"@type\":\"SearchAction\",\"target\":{\"@type\":\"EntryPoint\",\"urlTemplate\":\"https:\\\/\\\/fr.motocrossmag.be\\\/?s={search_term_string}\"},\"query-input\":{\"@type\":\"PropertyValueSpecification\",\"valueRequired\":true,\"valueName\":\"search_term_string\"}}],\"inLanguage\":\"fr-FR\"},{\"@type\":\"Person\",\"@id\":\"https:\\\/\\\/fr.motocrossmag.be\\\/#\\\/schema\\\/person\\\/11b47143d9f755babca2c9110e03235c\",\"name\":\"oliviere\",\"image\":{\"@type\":\"ImageObject\",\"inLanguage\":\"fr-FR\",\"@id\":\"https:\\\/\\\/secure.gravatar.com\\\/avatar\\\/907069e0b81d119452040469e4a7501da1100f54f7f80180ce77bfab718288f6?s=96&d=mm&r=g\",\"url\":\"https:\\\/\\\/secure.gravatar.com\\\/avatar\\\/907069e0b81d119452040469e4a7501da1100f54f7f80180ce77bfab718288f6?s=96&d=mm&r=g\",\"contentUrl\":\"https:\\\/\\\/secure.gravatar.com\\\/avatar\\\/907069e0b81d119452040469e4a7501da1100f54f7f80180ce77bfab718288f6?s=96&d=mm&r=g\",\"caption\":\"oliviere\"},\"sameAs\":[\"http:\\\/\\\/www.motocrossmag.be\"],\"url\":\"https:\\\/\\\/fr.motocrossmag.be\\\/index.php\\\/author\\\/oliviere\\\/\"}]}<\/script>\n<!-- \/ Yoast SEO plugin. -->","yoast_head_json":{"title":"Jago Geerts : \"Mieux qu'esp\u00e9r\u00e9 !\" - Motocross - Enduro - Supermoto | MotocrossMag","robots":{"index":"index","follow":"follow","max-snippet":"max-snippet:-1","max-image-preview":"max-image-preview:large","max-video-preview":"max-video-preview:-1"},"canonical":"https:\/\/fr.motocrossmag.be\/index.php\/2023\/08\/jago-geerts-mieux-quespere\/","og_locale":"fr_FR","og_type":"article","og_title":"Jago Geerts : \"Mieux qu'esp\u00e9r\u00e9 !\" - Motocross - Enduro - Supermoto | MotocrossMag","og_description":"Apr\u00e8s avoir manqu\u00e9 les GP de Finlande et de Su\u00e8de \u00e0 cause d&rsquo;une clavicule fractur\u00e9e, Jago Geerts faisait son retour ce week-end \u00e0 la comp\u00e9tition \u00e0 l&rsquo;occasion du GP d&rsquo;Arnhem, [...]","og_url":"https:\/\/fr.motocrossmag.be\/index.php\/2023\/08\/jago-geerts-mieux-quespere\/","og_site_name":"Motocross - Enduro - Supermoto | MotocrossMag","article_published_time":"2023-08-20T21:54:20+00:00","og_image":[{"width":1200,"height":800,"url":"https:\/\/fr.motocrossmag.be\/wp-content\/uploads\/2023\/08\/Geerts_Netherlands_2023_Fullspectrum_ESZ-5091_preview.jpg","type":"image\/jpeg"}],"author":"oliviere","twitter_card":"summary_large_image","twitter_misc":{"\u00c9crit par":"oliviere","Dur\u00e9e de lecture estim\u00e9e":"1 minute"},"schema":{"@context":"https:\/\/schema.org","@graph":[{"@type":"Article","@id":"https:\/\/fr.motocrossmag.be\/index.php\/2023\/08\/jago-geerts-mieux-quespere\/#article","isPartOf":{"@id":"https:\/\/fr.motocrossmag.be\/index.php\/2023\/08\/jago-geerts-mieux-quespere\/"},"author":{"name":"oliviere","@id":"https:\/\/fr.motocrossmag.be\/#\/schema\/person\/11b47143d9f755babca2c9110e03235c"},"headline":"Jago Geerts : \u00ab\u00a0Mieux qu&rsquo;esp\u00e9r\u00e9 !\u00a0\u00bb","datePublished":"2023-08-20T21:54:20+00:00","mainEntityOfPage":{"@id":"https:\/\/fr.motocrossmag.be\/index.php\/2023\/08\/jago-geerts-mieux-quespere\/"},"wordCount":206,"commentCount":0,"image":{"@id":"https:\/\/fr.motocrossmag.be\/index.php\/2023\/08\/jago-geerts-mieux-quespere\/#primaryimage"},"thumbnailUrl":"https:\/\/fr.motocrossmag.be\/wp-content\/uploads\/2023\/08\/Geerts_Netherlands_2023_Fullspectrum_ESZ-5091_preview.jpg","keywords":["arnhem","Jago Geerts","Motocross","MXGP"],"articleSection":["Actualit\u00e9","Interviews","Interviews -all","Motocross","Motocross MXGP","News","News","Slideshow"],"inLanguage":"fr-FR","potentialAction":[{"@type":"CommentAction","name":"Comment","target":["https:\/\/fr.motocrossmag.be\/index.php\/2023\/08\/jago-geerts-mieux-quespere\/#respond"]}]},{"@type":"WebPage","@id":"https:\/\/fr.motocrossmag.be\/index.php\/2023\/08\/jago-geerts-mieux-quespere\/","url":"https:\/\/fr.motocrossmag.be\/index.php\/2023\/08\/jago-geerts-mieux-quespere\/","name":"Jago Geerts : \"Mieux qu'esp\u00e9r\u00e9 !\" - Motocross - Enduro - Supermoto | MotocrossMag","isPartOf":{"@id":"https:\/\/fr.motocrossmag.be\/#website"},"primaryImageOfPage":{"@id":"https:\/\/fr.motocrossmag.be\/index.php\/2023\/08\/jago-geerts-mieux-quespere\/#primaryimage"},"image":{"@id":"https:\/\/fr.motocrossmag.be\/index.php\/2023\/08\/jago-geerts-mieux-quespere\/#primaryimage"},"thumbnailUrl":"https:\/\/fr.motocrossmag.be\/wp-content\/uploads\/2023\/08\/Geerts_Netherlands_2023_Fullspectrum_ESZ-5091_preview.jpg","datePublished":"2023-08-20T21:54:20+00:00","author":{"@id":"https:\/\/fr.motocrossmag.be\/#\/schema\/person\/11b47143d9f755babca2c9110e03235c"},"breadcrumb":{"@id":"https:\/\/fr.motocrossmag.be\/index.php\/2023\/08\/jago-geerts-mieux-quespere\/#breadcrumb"},"inLanguage":"fr-FR","potentialAction":[{"@type":"ReadAction","target":["https:\/\/fr.motocrossmag.be\/index.php\/2023\/08\/jago-geerts-mieux-quespere\/"]}]},{"@type":"ImageObject","inLanguage":"fr-FR","@id":"https:\/\/fr.motocrossmag.be\/index.php\/2023\/08\/jago-geerts-mieux-quespere\/#primaryimage","url":"https:\/\/fr.motocrossmag.be\/wp-content\/uploads\/2023\/08\/Geerts_Netherlands_2023_Fullspectrum_ESZ-5091_preview.jpg","contentUrl":"https:\/\/fr.motocrossmag.be\/wp-content\/uploads\/2023\/08\/Geerts_Netherlands_2023_Fullspectrum_ESZ-5091_preview.jpg","width":1200,"height":800},{"@type":"BreadcrumbList","@id":"https:\/\/fr.motocrossmag.be\/index.php\/2023\/08\/jago-geerts-mieux-quespere\/#breadcrumb","itemListElement":[{"@type":"ListItem","position":1,"name":"Accueil","item":"https:\/\/fr.motocrossmag.be\/"},{"@type":"ListItem","position":2,"name":"Jago Geerts : \u00ab\u00a0Mieux qu&rsquo;esp\u00e9r\u00e9 !\u00a0\u00bb"}]},{"@type":"WebSite","@id":"https:\/\/fr.motocrossmag.be\/#website","url":"https:\/\/fr.motocrossmag.be\/","name":"Motocross - Enduro - Supermoto | MotocrossMag","description":"L&#039;actualit\u00e9 du motocross, de l&#039;enduro et du Supermoto en ligne!","potentialAction":[{"@type":"SearchAction","target":{"@type":"EntryPoint","urlTemplate":"https:\/\/fr.motocrossmag.be\/?s={search_term_string}"},"query-input":{"@type":"PropertyValueSpecification","valueRequired":true,"valueName":"search_term_string"}}],"inLanguage":"fr-FR"},{"@type":"Person","@id":"https:\/\/fr.motocrossmag.be\/#\/schema\/person\/11b47143d9f755babca2c9110e03235c","name":"oliviere","image":{"@type":"ImageObject","inLanguage":"fr-FR","@id":"https:\/\/secure.gravatar.com\/avatar\/907069e0b81d119452040469e4a7501da1100f54f7f80180ce77bfab718288f6?s=96&d=mm&r=g","url":"https:\/\/secure.gravatar.com\/avatar\/907069e0b81d119452040469e4a7501da1100f54f7f80180ce77bfab718288f6?s=96&d=mm&r=g","contentUrl":"https:\/\/secure.gravatar.com\/avatar\/907069e0b81d119452040469e4a7501da1100f54f7f80180ce77bfab718288f6?s=96&d=mm&r=g","caption":"oliviere"},"sameAs":["http:\/\/www.motocrossmag.be"],"url":"https:\/\/fr.motocrossmag.be\/index.php\/author\/oliviere\/"}]}},"_links":{"self":[{"href":"https:\/\/fr.motocrossmag.be\/index.php\/wp-json\/wp\/v2\/posts\/127811","targetHints":{"allow":["GET"]}}],"collection":[{"href":"https:\/\/fr.motocrossmag.be\/index.php\/wp-json\/wp\/v2\/posts"}],"about":[{"href":"https:\/\/fr.motocrossmag.be\/index.php\/wp-json\/wp\/v2\/types\/post"}],"author":[{"embeddable":true,"href":"https:\/\/fr.motocrossmag.be\/index.php\/wp-json\/wp\/v2\/users\/932"}],"replies":[{"embeddable":true,"href":"https:\/\/fr.motocrossmag.be\/index.php\/wp-json\/wp\/v2\/comments?post=127811"}],"version-history":[{"count":1,"href":"https:\/\/fr.motocrossmag.be\/index.php\/wp-json\/wp\/v2\/posts\/127811\/revisions"}],"predecessor-version":[{"id":127813,"href":"https:\/\/fr.motocrossmag.be\/index.php\/wp-json\/wp\/v2\/posts\/127811\/revisions\/127813"}],"wp:featuredmedia":[{"embeddable":true,"href":"https:\/\/fr.motocrossmag.be\/index.php\/wp-json\/wp\/v2\/media\/127812"}],"wp:attachment":[{"href":"https:\/\/fr.motocrossmag.be\/index.php\/wp-json\/wp\/v2\/media?parent=127811"}],"wp:term":[{"taxonomy":"category","embeddable":true,"href":"https:\/\/fr.motocrossmag.be\/index.php\/wp-json\/wp\/v2\/categories?post=127811"},{"taxonomy":"post_tag","embeddable":true,"href":"https:\/\/fr.motocrossmag.be\/index.php\/wp-json\/wp\/v2\/tags?post=127811"}],"curies":[{"name":"wp","href":"https:\/\/api.w.org\/{rel}","templated":true}]}}