{"id":128094,"date":"2023-08-23T23:21:36","date_gmt":"2023-08-23T21:21:36","guid":{"rendered":"https:\/\/fr.motocrossmag.be\/?p=128094"},"modified":"2023-08-23T23:21:36","modified_gmt":"2023-08-23T21:21:36","slug":"mx-des-nations-febvre-vialle-et-renaux-pour-tenter-doffrir-un-7eme-succes-a-la-france","status":"publish","type":"post","link":"https:\/\/fr.motocrossmag.be\/index.php\/2023\/08\/mx-des-nations-febvre-vialle-et-renaux-pour-tenter-doffrir-un-7eme-succes-a-la-france\/","title":{"rendered":"MX des Nations : Febvre, Vialle et Renaux pour tenter d&rsquo;offrir un 7\u00e8me succ\u00e8s \u00e0 la France"},"content":{"rendered":"<p><strong>\u00c9v\u00e9nement majeur de la sc\u00e8ne motocycliste internationale, le Motocross des Nations est de retour en France les 7 et 8 octobre prochains \u00e0 Ern\u00e9e. Bastion de la discipline en France, le circuit Raymond Demy accueillera pour la 3\u00e8me\u00a0fois de son histoire la comp\u00e9tition apr\u00e8s une derni\u00e8re organisation (2015) couronn\u00e9e de succ\u00e8s avec\u00a0le sacre de l&rsquo;\u00e9quipe de France. <\/strong><\/p>\n<p>A quelques semaines du coup d&rsquo;envoi de cette 76\u00e8me\u00a0\u00e9dition du MX des Nations, la F\u00e9d\u00e9ration Fran\u00e7aise de Motocyclisme (FFM) vient de lever le voile ce mercredi sur le trio qui d\u00e9fendra ses couleurs \u00e0 Ern\u00e9e.\u00a0Apr\u00e8s \u00eatre mont\u00e9s sur la deuxi\u00e8me marche du podium \u00e0 RedBud l&rsquo;an dernier derri\u00e8re les Am\u00e9ricains, l&rsquo;objectif est tr\u00e8s clair pour les Bleus cette ann\u00e9e : reconqu\u00e9rir le Troph\u00e9e Chamberlain \u00e0 domicile et ajouter une 7\u00e8me \u00e9toile \u00e0 leur palmar\u00e8s apr\u00e8s les victoires de 2001, 2014, 2015, 2016, 2017 et 2018.<\/p>\n<p>En MXGP, c&rsquo;est Romain Febvre, vainqueur de 6 GP cette ann\u00e9e et habitu\u00e9 de l&rsquo;\u00e9preuve, qui repr\u00e9sentera la France. En MX2, le double champion du monde aujourd&rsquo;hui exil\u00e9 aux USA Tom Vialle sera \u00e0 l&rsquo;oeuvre tandis que c&rsquo;est Maxime Renaux, dont la saison a \u00e9t\u00e9 interrompue par une blessure mais qui vient de faire son retour, qui roulera dans la classe Open pour les Bleus. Renaux compte lui aussi un titre mondial \u00e0 son palmar\u00e8s.<\/p>\n<p>A n&rsquo;en pas douter, de s\u00e9rieux candidats pour la victoire !<\/p>\n<p>La semaine pass\u00e9e, la FMB avait quant \u00e0 elle profit\u00e9 du motocross international de Balen pour pr\u00e9senter son \u00e9quipe pour le MX des Nations, <a href=\"https:\/\/fr.motocrossmag.be\/index.php\/2023\/08\/mx-des-nations-geerts-everts-et-coenen-porteront-les-couleurs-belges\/\">o\u00f9 Jago Geerts fera \u00e9quipe avec Lucas Coenen et Liam Everts<\/a>.<\/p>\n","protected":false},"excerpt":{"rendered":"<p>\u00c9v\u00e9nement majeur de la sc\u00e8ne motocycliste internationale, le Motocross des Nations est de retour en France les 7 et 8 octobre prochains \u00e0 Ern\u00e9e. Bastion de la discipline en France, [&#8230;]<\/p>\n","protected":false},"author":932,"featured_media":113011,"comment_status":"open","ping_status":"closed","sticky":false,"template":"","format":"standard","meta":{"footnotes":""},"categories":[54,4,6,74,5,55,65],"tags":[559,1041,947,291,1171,568],"class_list":["post-128094","post","type-post","status-publish","format-standard","has-post-thumbnail","hentry","category-actualite","category-motocross","category-mx1mx2","category-mx-des-nations","category-news","category-news-actualite","category-slideshow","tag-ernee","tag-maxime-renaux","tag-motocross","tag-motocross-des-nations","tag-mxdn","tag-mxgp"],"yoast_head":"<!-- This site is optimized with the Yoast SEO plugin v27.4 - https:\/\/yoast.com\/product\/yoast-seo-wordpress\/ -->\n<title>MX des Nations : Febvre, Vialle et Renaux pour tenter d&#039;offrir un 7\u00e8me succ\u00e8s \u00e0 la France - Motocross - Enduro - Supermoto | MotocrossMag<\/title>\n<meta name=\"robots\" content=\"index, follow, max-snippet:-1, max-image-preview:large, max-video-preview:-1\" \/>\n<link rel=\"canonical\" href=\"https:\/\/fr.motocrossmag.be\/index.php\/2023\/08\/mx-des-nations-febvre-vialle-et-renaux-pour-tenter-doffrir-un-7eme-succes-a-la-france\/\" \/>\n<meta property=\"og:locale\" content=\"fr_FR\" \/>\n<meta property=\"og:type\" content=\"article\" \/>\n<meta property=\"og:title\" content=\"MX des Nations : Febvre, Vialle et Renaux pour tenter d&#039;offrir un 7\u00e8me succ\u00e8s \u00e0 la France - Motocross - Enduro - Supermoto | MotocrossMag\" \/>\n<meta property=\"og:description\" content=\"\u00c9v\u00e9nement majeur de la sc\u00e8ne motocycliste internationale, le Motocross des Nations est de retour en France les 7 et 8 octobre prochains \u00e0 Ern\u00e9e. Bastion de la discipline en France, [...]\" \/>\n<meta property=\"og:url\" content=\"https:\/\/fr.motocrossmag.be\/index.php\/2023\/08\/mx-des-nations-febvre-vialle-et-renaux-pour-tenter-doffrir-un-7eme-succes-a-la-france\/\" \/>\n<meta property=\"og:site_name\" content=\"Motocross - Enduro - Supermoto | MotocrossMag\" \/>\n<meta property=\"article:published_time\" content=\"2023-08-23T21:21:36+00:00\" \/>\n<meta property=\"og:image\" content=\"https:\/\/fr.motocrossmag.be\/wp-content\/uploads\/2021\/09\/MXoN-036.jpg\" \/>\n\t<meta property=\"og:image:width\" content=\"1000\" \/>\n\t<meta property=\"og:image:height\" content=\"666\" \/>\n\t<meta property=\"og:image:type\" content=\"image\/jpeg\" \/>\n<meta name=\"author\" content=\"oliviere\" \/>\n<meta name=\"twitter:card\" content=\"summary_large_image\" \/>\n<meta name=\"twitter:label1\" content=\"\u00c9crit par\" \/>\n\t<meta name=\"twitter:data1\" content=\"oliviere\" \/>\n\t<meta name=\"twitter:label2\" content=\"Dur\u00e9e de lecture estim\u00e9e\" \/>\n\t<meta name=\"twitter:data2\" content=\"1 minute\" \/>\n<script type=\"application\/ld+json\" class=\"yoast-schema-graph\">{\"@context\":\"https:\\\/\\\/schema.org\",\"@graph\":[{\"@type\":\"Article\",\"@id\":\"https:\\\/\\\/fr.motocrossmag.be\\\/index.php\\\/2023\\\/08\\\/mx-des-nations-febvre-vialle-et-renaux-pour-tenter-doffrir-un-7eme-succes-a-la-france\\\/#article\",\"isPartOf\":{\"@id\":\"https:\\\/\\\/fr.motocrossmag.be\\\/index.php\\\/2023\\\/08\\\/mx-des-nations-febvre-vialle-et-renaux-pour-tenter-doffrir-un-7eme-succes-a-la-france\\\/\"},\"author\":{\"name\":\"oliviere\",\"@id\":\"https:\\\/\\\/fr.motocrossmag.be\\\/#\\\/schema\\\/person\\\/11b47143d9f755babca2c9110e03235c\"},\"headline\":\"MX des Nations : Febvre, Vialle et Renaux pour tenter d&rsquo;offrir un 7\u00e8me succ\u00e8s \u00e0 la France\",\"datePublished\":\"2023-08-23T21:21:36+00:00\",\"mainEntityOfPage\":{\"@id\":\"https:\\\/\\\/fr.motocrossmag.be\\\/index.php\\\/2023\\\/08\\\/mx-des-nations-febvre-vialle-et-renaux-pour-tenter-doffrir-un-7eme-succes-a-la-france\\\/\"},\"wordCount\":304,\"commentCount\":0,\"image\":{\"@id\":\"https:\\\/\\\/fr.motocrossmag.be\\\/index.php\\\/2023\\\/08\\\/mx-des-nations-febvre-vialle-et-renaux-pour-tenter-doffrir-un-7eme-succes-a-la-france\\\/#primaryimage\"},\"thumbnailUrl\":\"https:\\\/\\\/fr.motocrossmag.be\\\/wp-content\\\/uploads\\\/2021\\\/09\\\/MXoN-036.jpg\",\"keywords\":[\"ernee\",\"maxime renaux\",\"Motocross\",\"motocross des nations\",\"mxdn\",\"MXGP\"],\"articleSection\":[\"Actualit\u00e9\",\"Motocross\",\"Motocross MXGP\",\"MX des Nations\",\"News\",\"News\",\"Slideshow\"],\"inLanguage\":\"fr-FR\",\"potentialAction\":[{\"@type\":\"CommentAction\",\"name\":\"Comment\",\"target\":[\"https:\\\/\\\/fr.motocrossmag.be\\\/index.php\\\/2023\\\/08\\\/mx-des-nations-febvre-vialle-et-renaux-pour-tenter-doffrir-un-7eme-succes-a-la-france\\\/#respond\"]}]},{\"@type\":\"WebPage\",\"@id\":\"https:\\\/\\\/fr.motocrossmag.be\\\/index.php\\\/2023\\\/08\\\/mx-des-nations-febvre-vialle-et-renaux-pour-tenter-doffrir-un-7eme-succes-a-la-france\\\/\",\"url\":\"https:\\\/\\\/fr.motocrossmag.be\\\/index.php\\\/2023\\\/08\\\/mx-des-nations-febvre-vialle-et-renaux-pour-tenter-doffrir-un-7eme-succes-a-la-france\\\/\",\"name\":\"MX des Nations : Febvre, Vialle et Renaux pour tenter d'offrir un 7\u00e8me succ\u00e8s \u00e0 la France - Motocross - Enduro - Supermoto | MotocrossMag\",\"isPartOf\":{\"@id\":\"https:\\\/\\\/fr.motocrossmag.be\\\/#website\"},\"primaryImageOfPage\":{\"@id\":\"https:\\\/\\\/fr.motocrossmag.be\\\/index.php\\\/2023\\\/08\\\/mx-des-nations-febvre-vialle-et-renaux-pour-tenter-doffrir-un-7eme-succes-a-la-france\\\/#primaryimage\"},\"image\":{\"@id\":\"https:\\\/\\\/fr.motocrossmag.be\\\/index.php\\\/2023\\\/08\\\/mx-des-nations-febvre-vialle-et-renaux-pour-tenter-doffrir-un-7eme-succes-a-la-france\\\/#primaryimage\"},\"thumbnailUrl\":\"https:\\\/\\\/fr.motocrossmag.be\\\/wp-content\\\/uploads\\\/2021\\\/09\\\/MXoN-036.jpg\",\"datePublished\":\"2023-08-23T21:21:36+00:00\",\"author\":{\"@id\":\"https:\\\/\\\/fr.motocrossmag.be\\\/#\\\/schema\\\/person\\\/11b47143d9f755babca2c9110e03235c\"},\"breadcrumb\":{\"@id\":\"https:\\\/\\\/fr.motocrossmag.be\\\/index.php\\\/2023\\\/08\\\/mx-des-nations-febvre-vialle-et-renaux-pour-tenter-doffrir-un-7eme-succes-a-la-france\\\/#breadcrumb\"},\"inLanguage\":\"fr-FR\",\"potentialAction\":[{\"@type\":\"ReadAction\",\"target\":[\"https:\\\/\\\/fr.motocrossmag.be\\\/index.php\\\/2023\\\/08\\\/mx-des-nations-febvre-vialle-et-renaux-pour-tenter-doffrir-un-7eme-succes-a-la-france\\\/\"]}]},{\"@type\":\"ImageObject\",\"inLanguage\":\"fr-FR\",\"@id\":\"https:\\\/\\\/fr.motocrossmag.be\\\/index.php\\\/2023\\\/08\\\/mx-des-nations-febvre-vialle-et-renaux-pour-tenter-doffrir-un-7eme-succes-a-la-france\\\/#primaryimage\",\"url\":\"https:\\\/\\\/fr.motocrossmag.be\\\/wp-content\\\/uploads\\\/2021\\\/09\\\/MXoN-036.jpg\",\"contentUrl\":\"https:\\\/\\\/fr.motocrossmag.be\\\/wp-content\\\/uploads\\\/2021\\\/09\\\/MXoN-036.jpg\",\"width\":1000,\"height\":666},{\"@type\":\"BreadcrumbList\",\"@id\":\"https:\\\/\\\/fr.motocrossmag.be\\\/index.php\\\/2023\\\/08\\\/mx-des-nations-febvre-vialle-et-renaux-pour-tenter-doffrir-un-7eme-succes-a-la-france\\\/#breadcrumb\",\"itemListElement\":[{\"@type\":\"ListItem\",\"position\":1,\"name\":\"Accueil\",\"item\":\"https:\\\/\\\/fr.motocrossmag.be\\\/\"},{\"@type\":\"ListItem\",\"position\":2,\"name\":\"MX des Nations : Febvre, Vialle et Renaux pour tenter d&rsquo;offrir un 7\u00e8me succ\u00e8s \u00e0 la France\"}]},{\"@type\":\"WebSite\",\"@id\":\"https:\\\/\\\/fr.motocrossmag.be\\\/#website\",\"url\":\"https:\\\/\\\/fr.motocrossmag.be\\\/\",\"name\":\"Motocross - Enduro - Supermoto | MotocrossMag\",\"description\":\"L&#039;actualit\u00e9 du motocross, de l&#039;enduro et du Supermoto en ligne!\",\"potentialAction\":[{\"@type\":\"SearchAction\",\"target\":{\"@type\":\"EntryPoint\",\"urlTemplate\":\"https:\\\/\\\/fr.motocrossmag.be\\\/?s={search_term_string}\"},\"query-input\":{\"@type\":\"PropertyValueSpecification\",\"valueRequired\":true,\"valueName\":\"search_term_string\"}}],\"inLanguage\":\"fr-FR\"},{\"@type\":\"Person\",\"@id\":\"https:\\\/\\\/fr.motocrossmag.be\\\/#\\\/schema\\\/person\\\/11b47143d9f755babca2c9110e03235c\",\"name\":\"oliviere\",\"image\":{\"@type\":\"ImageObject\",\"inLanguage\":\"fr-FR\",\"@id\":\"https:\\\/\\\/secure.gravatar.com\\\/avatar\\\/907069e0b81d119452040469e4a7501da1100f54f7f80180ce77bfab718288f6?s=96&d=mm&r=g\",\"url\":\"https:\\\/\\\/secure.gravatar.com\\\/avatar\\\/907069e0b81d119452040469e4a7501da1100f54f7f80180ce77bfab718288f6?s=96&d=mm&r=g\",\"contentUrl\":\"https:\\\/\\\/secure.gravatar.com\\\/avatar\\\/907069e0b81d119452040469e4a7501da1100f54f7f80180ce77bfab718288f6?s=96&d=mm&r=g\",\"caption\":\"oliviere\"},\"sameAs\":[\"http:\\\/\\\/www.motocrossmag.be\"],\"url\":\"https:\\\/\\\/fr.motocrossmag.be\\\/index.php\\\/author\\\/oliviere\\\/\"}]}<\/script>\n<!-- \/ Yoast SEO plugin. -->","yoast_head_json":{"title":"MX des Nations : Febvre, Vialle et Renaux pour tenter d'offrir un 7\u00e8me succ\u00e8s \u00e0 la France - Motocross - Enduro - Supermoto | MotocrossMag","robots":{"index":"index","follow":"follow","max-snippet":"max-snippet:-1","max-image-preview":"max-image-preview:large","max-video-preview":"max-video-preview:-1"},"canonical":"https:\/\/fr.motocrossmag.be\/index.php\/2023\/08\/mx-des-nations-febvre-vialle-et-renaux-pour-tenter-doffrir-un-7eme-succes-a-la-france\/","og_locale":"fr_FR","og_type":"article","og_title":"MX des Nations : Febvre, Vialle et Renaux pour tenter d'offrir un 7\u00e8me succ\u00e8s \u00e0 la France - Motocross - Enduro - Supermoto | MotocrossMag","og_description":"\u00c9v\u00e9nement majeur de la sc\u00e8ne motocycliste internationale, le Motocross des Nations est de retour en France les 7 et 8 octobre prochains \u00e0 Ern\u00e9e. Bastion de la discipline en France, [...]","og_url":"https:\/\/fr.motocrossmag.be\/index.php\/2023\/08\/mx-des-nations-febvre-vialle-et-renaux-pour-tenter-doffrir-un-7eme-succes-a-la-france\/","og_site_name":"Motocross - Enduro - Supermoto | MotocrossMag","article_published_time":"2023-08-23T21:21:36+00:00","og_image":[{"width":1000,"height":666,"url":"https:\/\/fr.motocrossmag.be\/wp-content\/uploads\/2021\/09\/MXoN-036.jpg","type":"image\/jpeg"}],"author":"oliviere","twitter_card":"summary_large_image","twitter_misc":{"\u00c9crit par":"oliviere","Dur\u00e9e de lecture estim\u00e9e":"1 minute"},"schema":{"@context":"https:\/\/schema.org","@graph":[{"@type":"Article","@id":"https:\/\/fr.motocrossmag.be\/index.php\/2023\/08\/mx-des-nations-febvre-vialle-et-renaux-pour-tenter-doffrir-un-7eme-succes-a-la-france\/#article","isPartOf":{"@id":"https:\/\/fr.motocrossmag.be\/index.php\/2023\/08\/mx-des-nations-febvre-vialle-et-renaux-pour-tenter-doffrir-un-7eme-succes-a-la-france\/"},"author":{"name":"oliviere","@id":"https:\/\/fr.motocrossmag.be\/#\/schema\/person\/11b47143d9f755babca2c9110e03235c"},"headline":"MX des Nations : Febvre, Vialle et Renaux pour tenter d&rsquo;offrir un 7\u00e8me succ\u00e8s \u00e0 la France","datePublished":"2023-08-23T21:21:36+00:00","mainEntityOfPage":{"@id":"https:\/\/fr.motocrossmag.be\/index.php\/2023\/08\/mx-des-nations-febvre-vialle-et-renaux-pour-tenter-doffrir-un-7eme-succes-a-la-france\/"},"wordCount":304,"commentCount":0,"image":{"@id":"https:\/\/fr.motocrossmag.be\/index.php\/2023\/08\/mx-des-nations-febvre-vialle-et-renaux-pour-tenter-doffrir-un-7eme-succes-a-la-france\/#primaryimage"},"thumbnailUrl":"https:\/\/fr.motocrossmag.be\/wp-content\/uploads\/2021\/09\/MXoN-036.jpg","keywords":["ernee","maxime renaux","Motocross","motocross des nations","mxdn","MXGP"],"articleSection":["Actualit\u00e9","Motocross","Motocross MXGP","MX des Nations","News","News","Slideshow"],"inLanguage":"fr-FR","potentialAction":[{"@type":"CommentAction","name":"Comment","target":["https:\/\/fr.motocrossmag.be\/index.php\/2023\/08\/mx-des-nations-febvre-vialle-et-renaux-pour-tenter-doffrir-un-7eme-succes-a-la-france\/#respond"]}]},{"@type":"WebPage","@id":"https:\/\/fr.motocrossmag.be\/index.php\/2023\/08\/mx-des-nations-febvre-vialle-et-renaux-pour-tenter-doffrir-un-7eme-succes-a-la-france\/","url":"https:\/\/fr.motocrossmag.be\/index.php\/2023\/08\/mx-des-nations-febvre-vialle-et-renaux-pour-tenter-doffrir-un-7eme-succes-a-la-france\/","name":"MX des Nations : Febvre, Vialle et Renaux pour tenter d'offrir un 7\u00e8me succ\u00e8s \u00e0 la France - Motocross - Enduro - Supermoto | MotocrossMag","isPartOf":{"@id":"https:\/\/fr.motocrossmag.be\/#website"},"primaryImageOfPage":{"@id":"https:\/\/fr.motocrossmag.be\/index.php\/2023\/08\/mx-des-nations-febvre-vialle-et-renaux-pour-tenter-doffrir-un-7eme-succes-a-la-france\/#primaryimage"},"image":{"@id":"https:\/\/fr.motocrossmag.be\/index.php\/2023\/08\/mx-des-nations-febvre-vialle-et-renaux-pour-tenter-doffrir-un-7eme-succes-a-la-france\/#primaryimage"},"thumbnailUrl":"https:\/\/fr.motocrossmag.be\/wp-content\/uploads\/2021\/09\/MXoN-036.jpg","datePublished":"2023-08-23T21:21:36+00:00","author":{"@id":"https:\/\/fr.motocrossmag.be\/#\/schema\/person\/11b47143d9f755babca2c9110e03235c"},"breadcrumb":{"@id":"https:\/\/fr.motocrossmag.be\/index.php\/2023\/08\/mx-des-nations-febvre-vialle-et-renaux-pour-tenter-doffrir-un-7eme-succes-a-la-france\/#breadcrumb"},"inLanguage":"fr-FR","potentialAction":[{"@type":"ReadAction","target":["https:\/\/fr.motocrossmag.be\/index.php\/2023\/08\/mx-des-nations-febvre-vialle-et-renaux-pour-tenter-doffrir-un-7eme-succes-a-la-france\/"]}]},{"@type":"ImageObject","inLanguage":"fr-FR","@id":"https:\/\/fr.motocrossmag.be\/index.php\/2023\/08\/mx-des-nations-febvre-vialle-et-renaux-pour-tenter-doffrir-un-7eme-succes-a-la-france\/#primaryimage","url":"https:\/\/fr.motocrossmag.be\/wp-content\/uploads\/2021\/09\/MXoN-036.jpg","contentUrl":"https:\/\/fr.motocrossmag.be\/wp-content\/uploads\/2021\/09\/MXoN-036.jpg","width":1000,"height":666},{"@type":"BreadcrumbList","@id":"https:\/\/fr.motocrossmag.be\/index.php\/2023\/08\/mx-des-nations-febvre-vialle-et-renaux-pour-tenter-doffrir-un-7eme-succes-a-la-france\/#breadcrumb","itemListElement":[{"@type":"ListItem","position":1,"name":"Accueil","item":"https:\/\/fr.motocrossmag.be\/"},{"@type":"ListItem","position":2,"name":"MX des Nations : Febvre, Vialle et Renaux pour tenter d&rsquo;offrir un 7\u00e8me succ\u00e8s \u00e0 la France"}]},{"@type":"WebSite","@id":"https:\/\/fr.motocrossmag.be\/#website","url":"https:\/\/fr.motocrossmag.be\/","name":"Motocross - Enduro - Supermoto | MotocrossMag","description":"L&#039;actualit\u00e9 du motocross, de l&#039;enduro et du Supermoto en ligne!","potentialAction":[{"@type":"SearchAction","target":{"@type":"EntryPoint","urlTemplate":"https:\/\/fr.motocrossmag.be\/?s={search_term_string}"},"query-input":{"@type":"PropertyValueSpecification","valueRequired":true,"valueName":"search_term_string"}}],"inLanguage":"fr-FR"},{"@type":"Person","@id":"https:\/\/fr.motocrossmag.be\/#\/schema\/person\/11b47143d9f755babca2c9110e03235c","name":"oliviere","image":{"@type":"ImageObject","inLanguage":"fr-FR","@id":"https:\/\/secure.gravatar.com\/avatar\/907069e0b81d119452040469e4a7501da1100f54f7f80180ce77bfab718288f6?s=96&d=mm&r=g","url":"https:\/\/secure.gravatar.com\/avatar\/907069e0b81d119452040469e4a7501da1100f54f7f80180ce77bfab718288f6?s=96&d=mm&r=g","contentUrl":"https:\/\/secure.gravatar.com\/avatar\/907069e0b81d119452040469e4a7501da1100f54f7f80180ce77bfab718288f6?s=96&d=mm&r=g","caption":"oliviere"},"sameAs":["http:\/\/www.motocrossmag.be"],"url":"https:\/\/fr.motocrossmag.be\/index.php\/author\/oliviere\/"}]}},"_links":{"self":[{"href":"https:\/\/fr.motocrossmag.be\/index.php\/wp-json\/wp\/v2\/posts\/128094","targetHints":{"allow":["GET"]}}],"collection":[{"href":"https:\/\/fr.motocrossmag.be\/index.php\/wp-json\/wp\/v2\/posts"}],"about":[{"href":"https:\/\/fr.motocrossmag.be\/index.php\/wp-json\/wp\/v2\/types\/post"}],"author":[{"embeddable":true,"href":"https:\/\/fr.motocrossmag.be\/index.php\/wp-json\/wp\/v2\/users\/932"}],"replies":[{"embeddable":true,"href":"https:\/\/fr.motocrossmag.be\/index.php\/wp-json\/wp\/v2\/comments?post=128094"}],"version-history":[{"count":1,"href":"https:\/\/fr.motocrossmag.be\/index.php\/wp-json\/wp\/v2\/posts\/128094\/revisions"}],"predecessor-version":[{"id":128095,"href":"https:\/\/fr.motocrossmag.be\/index.php\/wp-json\/wp\/v2\/posts\/128094\/revisions\/128095"}],"wp:featuredmedia":[{"embeddable":true,"href":"https:\/\/fr.motocrossmag.be\/index.php\/wp-json\/wp\/v2\/media\/113011"}],"wp:attachment":[{"href":"https:\/\/fr.motocrossmag.be\/index.php\/wp-json\/wp\/v2\/media?parent=128094"}],"wp:term":[{"taxonomy":"category","embeddable":true,"href":"https:\/\/fr.motocrossmag.be\/index.php\/wp-json\/wp\/v2\/categories?post=128094"},{"taxonomy":"post_tag","embeddable":true,"href":"https:\/\/fr.motocrossmag.be\/index.php\/wp-json\/wp\/v2\/tags?post=128094"}],"curies":[{"name":"wp","href":"https:\/\/api.w.org\/{rel}","templated":true}]}}