{"id":128139,"date":"2023-08-28T18:30:52","date_gmt":"2023-08-28T16:30:52","guid":{"rendered":"https:\/\/fr.motocrossmag.be\/?p=128139"},"modified":"2023-08-28T18:30:52","modified_gmt":"2023-08-28T16:30:52","slug":"la-suisse-devoile-son-equipe-pour-le-motocross-des-nations-a-ernee","status":"publish","type":"post","link":"https:\/\/fr.motocrossmag.be\/index.php\/2023\/08\/la-suisse-devoile-son-equipe-pour-le-motocross-des-nations-a-ernee\/","title":{"rendered":"La Suisse d\u00e9voile son \u00e9quipe pour le Motocross des Nations \u00e0 Ern\u00e9e"},"content":{"rendered":"<p><strong>La commission de motocross de la F\u00e9d\u00e9ration suisse a s\u00e9lectionn\u00e9 les trois pilotes qui d\u00e9fendront les couleurs de la Suisse sur le prochain Motocross des Nations \u00e0 Ern\u00e9e, en France. Ce sont Jeremy Seewer, Arnaud Tonus et Valentin Guillod qui ont \u00e9t\u00e9 retenus. Il\u00a0n&rsquo;a par contre pas encore \u00e9t\u00e9 d\u00e9cid\u00e9 lequel des trois pilotes \u00e9voluera dans quelle cat\u00e9gorie, seul Jeremy Seewer est pr\u00e9vu dans la cat\u00e9gorie MXGP. La d\u00e9cision sera prise au cours des prochaines semaines.<\/strong><\/p>\n<p>Kevin Brumann et Mike Gwerder, deux jeunes pilotes suisses, sont les r\u00e9servistes, pr\u00eats \u00e0 intervenir si quelque chose devait encore changer jusqu\u2019\u00e0 l&rsquo;\u00e9v\u00e9nement. Daniel Zollinger assume le r\u00f4le de coach f\u00e9d\u00e9ral pour la f\u00e9d\u00e9ration helv\u00e9tique.<\/p>\n","protected":false},"excerpt":{"rendered":"<p>La commission de motocross de la F\u00e9d\u00e9ration suisse a s\u00e9lectionn\u00e9 les trois pilotes qui d\u00e9fendront les couleurs de la Suisse sur le prochain Motocross des Nations \u00e0 Ern\u00e9e, en France. [&#8230;]<\/p>\n","protected":false},"author":932,"featured_media":128140,"comment_status":"open","ping_status":"closed","sticky":false,"template":"","format":"standard","meta":{"footnotes":""},"categories":[54,57,4,6,74,5,55,65],"tags":[106,1733,434,947,291,568,572],"class_list":["post-128139","post","type-post","status-publish","format-standard","has-post-thumbnail","hentry","category-actualite","category-calendriers","category-motocross","category-mx1mx2","category-mx-des-nations","category-news","category-news-actualite","category-slideshow","tag-arnaud-tonus","tag-erneee","tag-jeremy-seewer","tag-motocross","tag-motocross-des-nations","tag-mxgp","tag-valentin-guillod"],"yoast_head":"<!-- This site is optimized with the Yoast SEO plugin v27.4 - https:\/\/yoast.com\/product\/yoast-seo-wordpress\/ -->\n<title>La Suisse d\u00e9voile son \u00e9quipe pour le Motocross des Nations \u00e0 Ern\u00e9e - Motocross - Enduro - Supermoto | MotocrossMag<\/title>\n<meta name=\"robots\" content=\"index, follow, max-snippet:-1, max-image-preview:large, max-video-preview:-1\" \/>\n<link rel=\"canonical\" href=\"https:\/\/fr.motocrossmag.be\/index.php\/2023\/08\/la-suisse-devoile-son-equipe-pour-le-motocross-des-nations-a-ernee\/\" \/>\n<meta property=\"og:locale\" content=\"fr_FR\" \/>\n<meta property=\"og:type\" content=\"article\" \/>\n<meta property=\"og:title\" content=\"La Suisse d\u00e9voile son \u00e9quipe pour le Motocross des Nations \u00e0 Ern\u00e9e - Motocross - Enduro - Supermoto | MotocrossMag\" \/>\n<meta property=\"og:description\" content=\"La commission de motocross de la F\u00e9d\u00e9ration suisse a s\u00e9lectionn\u00e9 les trois pilotes qui d\u00e9fendront les couleurs de la Suisse sur le prochain Motocross des Nations \u00e0 Ern\u00e9e, en France. [...]\" \/>\n<meta property=\"og:url\" content=\"https:\/\/fr.motocrossmag.be\/index.php\/2023\/08\/la-suisse-devoile-son-equipe-pour-le-motocross-des-nations-a-ernee\/\" \/>\n<meta property=\"og:site_name\" content=\"Motocross - Enduro - Supermoto | MotocrossMag\" \/>\n<meta property=\"article:published_time\" content=\"2023-08-28T16:30:52+00:00\" \/>\n<meta property=\"og:image\" content=\"https:\/\/fr.motocrossmag.be\/wp-content\/uploads\/2023\/08\/team-switzerland-mxon-2023-e1693240228736.jpeg\" \/>\n\t<meta property=\"og:image:width\" content=\"893\" \/>\n\t<meta property=\"og:image:height\" content=\"657\" \/>\n\t<meta property=\"og:image:type\" content=\"image\/jpeg\" \/>\n<meta name=\"author\" content=\"oliviere\" \/>\n<meta name=\"twitter:card\" content=\"summary_large_image\" \/>\n<meta name=\"twitter:label1\" content=\"\u00c9crit par\" \/>\n\t<meta name=\"twitter:data1\" content=\"oliviere\" \/>\n\t<meta name=\"twitter:label2\" content=\"Dur\u00e9e de lecture estim\u00e9e\" \/>\n\t<meta name=\"twitter:data2\" content=\"1 minute\" \/>\n<script type=\"application\/ld+json\" class=\"yoast-schema-graph\">{\"@context\":\"https:\\\/\\\/schema.org\",\"@graph\":[{\"@type\":\"Article\",\"@id\":\"https:\\\/\\\/fr.motocrossmag.be\\\/index.php\\\/2023\\\/08\\\/la-suisse-devoile-son-equipe-pour-le-motocross-des-nations-a-ernee\\\/#article\",\"isPartOf\":{\"@id\":\"https:\\\/\\\/fr.motocrossmag.be\\\/index.php\\\/2023\\\/08\\\/la-suisse-devoile-son-equipe-pour-le-motocross-des-nations-a-ernee\\\/\"},\"author\":{\"name\":\"oliviere\",\"@id\":\"https:\\\/\\\/fr.motocrossmag.be\\\/#\\\/schema\\\/person\\\/11b47143d9f755babca2c9110e03235c\"},\"headline\":\"La Suisse d\u00e9voile son \u00e9quipe pour le Motocross des Nations \u00e0 Ern\u00e9e\",\"datePublished\":\"2023-08-28T16:30:52+00:00\",\"mainEntityOfPage\":{\"@id\":\"https:\\\/\\\/fr.motocrossmag.be\\\/index.php\\\/2023\\\/08\\\/la-suisse-devoile-son-equipe-pour-le-motocross-des-nations-a-ernee\\\/\"},\"wordCount\":144,\"commentCount\":0,\"image\":{\"@id\":\"https:\\\/\\\/fr.motocrossmag.be\\\/index.php\\\/2023\\\/08\\\/la-suisse-devoile-son-equipe-pour-le-motocross-des-nations-a-ernee\\\/#primaryimage\"},\"thumbnailUrl\":\"https:\\\/\\\/fr.motocrossmag.be\\\/wp-content\\\/uploads\\\/2023\\\/08\\\/team-switzerland-mxon-2023-e1693240228736.jpeg\",\"keywords\":[\"Arnaud Tonus\",\"ern\u00e9ee\",\"jeremy seewer\",\"Motocross\",\"motocross des nations\",\"MXGP\",\"valentin guillod\"],\"articleSection\":[\"Actualit\u00e9\",\"Calendriers\",\"Motocross\",\"Motocross MXGP\",\"MX des Nations\",\"News\",\"News\",\"Slideshow\"],\"inLanguage\":\"fr-FR\",\"potentialAction\":[{\"@type\":\"CommentAction\",\"name\":\"Comment\",\"target\":[\"https:\\\/\\\/fr.motocrossmag.be\\\/index.php\\\/2023\\\/08\\\/la-suisse-devoile-son-equipe-pour-le-motocross-des-nations-a-ernee\\\/#respond\"]}]},{\"@type\":\"WebPage\",\"@id\":\"https:\\\/\\\/fr.motocrossmag.be\\\/index.php\\\/2023\\\/08\\\/la-suisse-devoile-son-equipe-pour-le-motocross-des-nations-a-ernee\\\/\",\"url\":\"https:\\\/\\\/fr.motocrossmag.be\\\/index.php\\\/2023\\\/08\\\/la-suisse-devoile-son-equipe-pour-le-motocross-des-nations-a-ernee\\\/\",\"name\":\"La Suisse d\u00e9voile son \u00e9quipe pour le Motocross des Nations \u00e0 Ern\u00e9e - Motocross - Enduro - Supermoto | MotocrossMag\",\"isPartOf\":{\"@id\":\"https:\\\/\\\/fr.motocrossmag.be\\\/#website\"},\"primaryImageOfPage\":{\"@id\":\"https:\\\/\\\/fr.motocrossmag.be\\\/index.php\\\/2023\\\/08\\\/la-suisse-devoile-son-equipe-pour-le-motocross-des-nations-a-ernee\\\/#primaryimage\"},\"image\":{\"@id\":\"https:\\\/\\\/fr.motocrossmag.be\\\/index.php\\\/2023\\\/08\\\/la-suisse-devoile-son-equipe-pour-le-motocross-des-nations-a-ernee\\\/#primaryimage\"},\"thumbnailUrl\":\"https:\\\/\\\/fr.motocrossmag.be\\\/wp-content\\\/uploads\\\/2023\\\/08\\\/team-switzerland-mxon-2023-e1693240228736.jpeg\",\"datePublished\":\"2023-08-28T16:30:52+00:00\",\"author\":{\"@id\":\"https:\\\/\\\/fr.motocrossmag.be\\\/#\\\/schema\\\/person\\\/11b47143d9f755babca2c9110e03235c\"},\"breadcrumb\":{\"@id\":\"https:\\\/\\\/fr.motocrossmag.be\\\/index.php\\\/2023\\\/08\\\/la-suisse-devoile-son-equipe-pour-le-motocross-des-nations-a-ernee\\\/#breadcrumb\"},\"inLanguage\":\"fr-FR\",\"potentialAction\":[{\"@type\":\"ReadAction\",\"target\":[\"https:\\\/\\\/fr.motocrossmag.be\\\/index.php\\\/2023\\\/08\\\/la-suisse-devoile-son-equipe-pour-le-motocross-des-nations-a-ernee\\\/\"]}]},{\"@type\":\"ImageObject\",\"inLanguage\":\"fr-FR\",\"@id\":\"https:\\\/\\\/fr.motocrossmag.be\\\/index.php\\\/2023\\\/08\\\/la-suisse-devoile-son-equipe-pour-le-motocross-des-nations-a-ernee\\\/#primaryimage\",\"url\":\"https:\\\/\\\/fr.motocrossmag.be\\\/wp-content\\\/uploads\\\/2023\\\/08\\\/team-switzerland-mxon-2023-e1693240228736.jpeg\",\"contentUrl\":\"https:\\\/\\\/fr.motocrossmag.be\\\/wp-content\\\/uploads\\\/2023\\\/08\\\/team-switzerland-mxon-2023-e1693240228736.jpeg\",\"width\":893,\"height\":657},{\"@type\":\"BreadcrumbList\",\"@id\":\"https:\\\/\\\/fr.motocrossmag.be\\\/index.php\\\/2023\\\/08\\\/la-suisse-devoile-son-equipe-pour-le-motocross-des-nations-a-ernee\\\/#breadcrumb\",\"itemListElement\":[{\"@type\":\"ListItem\",\"position\":1,\"name\":\"Accueil\",\"item\":\"https:\\\/\\\/fr.motocrossmag.be\\\/\"},{\"@type\":\"ListItem\",\"position\":2,\"name\":\"La Suisse d\u00e9voile son \u00e9quipe pour le Motocross des Nations \u00e0 Ern\u00e9e\"}]},{\"@type\":\"WebSite\",\"@id\":\"https:\\\/\\\/fr.motocrossmag.be\\\/#website\",\"url\":\"https:\\\/\\\/fr.motocrossmag.be\\\/\",\"name\":\"Motocross - Enduro - Supermoto | MotocrossMag\",\"description\":\"L&#039;actualit\u00e9 du motocross, de l&#039;enduro et du Supermoto en ligne!\",\"potentialAction\":[{\"@type\":\"SearchAction\",\"target\":{\"@type\":\"EntryPoint\",\"urlTemplate\":\"https:\\\/\\\/fr.motocrossmag.be\\\/?s={search_term_string}\"},\"query-input\":{\"@type\":\"PropertyValueSpecification\",\"valueRequired\":true,\"valueName\":\"search_term_string\"}}],\"inLanguage\":\"fr-FR\"},{\"@type\":\"Person\",\"@id\":\"https:\\\/\\\/fr.motocrossmag.be\\\/#\\\/schema\\\/person\\\/11b47143d9f755babca2c9110e03235c\",\"name\":\"oliviere\",\"image\":{\"@type\":\"ImageObject\",\"inLanguage\":\"fr-FR\",\"@id\":\"https:\\\/\\\/secure.gravatar.com\\\/avatar\\\/907069e0b81d119452040469e4a7501da1100f54f7f80180ce77bfab718288f6?s=96&d=mm&r=g\",\"url\":\"https:\\\/\\\/secure.gravatar.com\\\/avatar\\\/907069e0b81d119452040469e4a7501da1100f54f7f80180ce77bfab718288f6?s=96&d=mm&r=g\",\"contentUrl\":\"https:\\\/\\\/secure.gravatar.com\\\/avatar\\\/907069e0b81d119452040469e4a7501da1100f54f7f80180ce77bfab718288f6?s=96&d=mm&r=g\",\"caption\":\"oliviere\"},\"sameAs\":[\"http:\\\/\\\/www.motocrossmag.be\"],\"url\":\"https:\\\/\\\/fr.motocrossmag.be\\\/index.php\\\/author\\\/oliviere\\\/\"}]}<\/script>\n<!-- \/ Yoast SEO plugin. -->","yoast_head_json":{"title":"La Suisse d\u00e9voile son \u00e9quipe pour le Motocross des Nations \u00e0 Ern\u00e9e - Motocross - Enduro - Supermoto | MotocrossMag","robots":{"index":"index","follow":"follow","max-snippet":"max-snippet:-1","max-image-preview":"max-image-preview:large","max-video-preview":"max-video-preview:-1"},"canonical":"https:\/\/fr.motocrossmag.be\/index.php\/2023\/08\/la-suisse-devoile-son-equipe-pour-le-motocross-des-nations-a-ernee\/","og_locale":"fr_FR","og_type":"article","og_title":"La Suisse d\u00e9voile son \u00e9quipe pour le Motocross des Nations \u00e0 Ern\u00e9e - Motocross - Enduro - Supermoto | MotocrossMag","og_description":"La commission de motocross de la F\u00e9d\u00e9ration suisse a s\u00e9lectionn\u00e9 les trois pilotes qui d\u00e9fendront les couleurs de la Suisse sur le prochain Motocross des Nations \u00e0 Ern\u00e9e, en France. [...]","og_url":"https:\/\/fr.motocrossmag.be\/index.php\/2023\/08\/la-suisse-devoile-son-equipe-pour-le-motocross-des-nations-a-ernee\/","og_site_name":"Motocross - Enduro - Supermoto | MotocrossMag","article_published_time":"2023-08-28T16:30:52+00:00","og_image":[{"width":893,"height":657,"url":"https:\/\/fr.motocrossmag.be\/wp-content\/uploads\/2023\/08\/team-switzerland-mxon-2023-e1693240228736.jpeg","type":"image\/jpeg"}],"author":"oliviere","twitter_card":"summary_large_image","twitter_misc":{"\u00c9crit par":"oliviere","Dur\u00e9e de lecture estim\u00e9e":"1 minute"},"schema":{"@context":"https:\/\/schema.org","@graph":[{"@type":"Article","@id":"https:\/\/fr.motocrossmag.be\/index.php\/2023\/08\/la-suisse-devoile-son-equipe-pour-le-motocross-des-nations-a-ernee\/#article","isPartOf":{"@id":"https:\/\/fr.motocrossmag.be\/index.php\/2023\/08\/la-suisse-devoile-son-equipe-pour-le-motocross-des-nations-a-ernee\/"},"author":{"name":"oliviere","@id":"https:\/\/fr.motocrossmag.be\/#\/schema\/person\/11b47143d9f755babca2c9110e03235c"},"headline":"La Suisse d\u00e9voile son \u00e9quipe pour le Motocross des Nations \u00e0 Ern\u00e9e","datePublished":"2023-08-28T16:30:52+00:00","mainEntityOfPage":{"@id":"https:\/\/fr.motocrossmag.be\/index.php\/2023\/08\/la-suisse-devoile-son-equipe-pour-le-motocross-des-nations-a-ernee\/"},"wordCount":144,"commentCount":0,"image":{"@id":"https:\/\/fr.motocrossmag.be\/index.php\/2023\/08\/la-suisse-devoile-son-equipe-pour-le-motocross-des-nations-a-ernee\/#primaryimage"},"thumbnailUrl":"https:\/\/fr.motocrossmag.be\/wp-content\/uploads\/2023\/08\/team-switzerland-mxon-2023-e1693240228736.jpeg","keywords":["Arnaud Tonus","ern\u00e9ee","jeremy seewer","Motocross","motocross des nations","MXGP","valentin guillod"],"articleSection":["Actualit\u00e9","Calendriers","Motocross","Motocross MXGP","MX des Nations","News","News","Slideshow"],"inLanguage":"fr-FR","potentialAction":[{"@type":"CommentAction","name":"Comment","target":["https:\/\/fr.motocrossmag.be\/index.php\/2023\/08\/la-suisse-devoile-son-equipe-pour-le-motocross-des-nations-a-ernee\/#respond"]}]},{"@type":"WebPage","@id":"https:\/\/fr.motocrossmag.be\/index.php\/2023\/08\/la-suisse-devoile-son-equipe-pour-le-motocross-des-nations-a-ernee\/","url":"https:\/\/fr.motocrossmag.be\/index.php\/2023\/08\/la-suisse-devoile-son-equipe-pour-le-motocross-des-nations-a-ernee\/","name":"La Suisse d\u00e9voile son \u00e9quipe pour le Motocross des Nations \u00e0 Ern\u00e9e - Motocross - Enduro - Supermoto | MotocrossMag","isPartOf":{"@id":"https:\/\/fr.motocrossmag.be\/#website"},"primaryImageOfPage":{"@id":"https:\/\/fr.motocrossmag.be\/index.php\/2023\/08\/la-suisse-devoile-son-equipe-pour-le-motocross-des-nations-a-ernee\/#primaryimage"},"image":{"@id":"https:\/\/fr.motocrossmag.be\/index.php\/2023\/08\/la-suisse-devoile-son-equipe-pour-le-motocross-des-nations-a-ernee\/#primaryimage"},"thumbnailUrl":"https:\/\/fr.motocrossmag.be\/wp-content\/uploads\/2023\/08\/team-switzerland-mxon-2023-e1693240228736.jpeg","datePublished":"2023-08-28T16:30:52+00:00","author":{"@id":"https:\/\/fr.motocrossmag.be\/#\/schema\/person\/11b47143d9f755babca2c9110e03235c"},"breadcrumb":{"@id":"https:\/\/fr.motocrossmag.be\/index.php\/2023\/08\/la-suisse-devoile-son-equipe-pour-le-motocross-des-nations-a-ernee\/#breadcrumb"},"inLanguage":"fr-FR","potentialAction":[{"@type":"ReadAction","target":["https:\/\/fr.motocrossmag.be\/index.php\/2023\/08\/la-suisse-devoile-son-equipe-pour-le-motocross-des-nations-a-ernee\/"]}]},{"@type":"ImageObject","inLanguage":"fr-FR","@id":"https:\/\/fr.motocrossmag.be\/index.php\/2023\/08\/la-suisse-devoile-son-equipe-pour-le-motocross-des-nations-a-ernee\/#primaryimage","url":"https:\/\/fr.motocrossmag.be\/wp-content\/uploads\/2023\/08\/team-switzerland-mxon-2023-e1693240228736.jpeg","contentUrl":"https:\/\/fr.motocrossmag.be\/wp-content\/uploads\/2023\/08\/team-switzerland-mxon-2023-e1693240228736.jpeg","width":893,"height":657},{"@type":"BreadcrumbList","@id":"https:\/\/fr.motocrossmag.be\/index.php\/2023\/08\/la-suisse-devoile-son-equipe-pour-le-motocross-des-nations-a-ernee\/#breadcrumb","itemListElement":[{"@type":"ListItem","position":1,"name":"Accueil","item":"https:\/\/fr.motocrossmag.be\/"},{"@type":"ListItem","position":2,"name":"La Suisse d\u00e9voile son \u00e9quipe pour le Motocross des Nations \u00e0 Ern\u00e9e"}]},{"@type":"WebSite","@id":"https:\/\/fr.motocrossmag.be\/#website","url":"https:\/\/fr.motocrossmag.be\/","name":"Motocross - Enduro - Supermoto | MotocrossMag","description":"L&#039;actualit\u00e9 du motocross, de l&#039;enduro et du Supermoto en ligne!","potentialAction":[{"@type":"SearchAction","target":{"@type":"EntryPoint","urlTemplate":"https:\/\/fr.motocrossmag.be\/?s={search_term_string}"},"query-input":{"@type":"PropertyValueSpecification","valueRequired":true,"valueName":"search_term_string"}}],"inLanguage":"fr-FR"},{"@type":"Person","@id":"https:\/\/fr.motocrossmag.be\/#\/schema\/person\/11b47143d9f755babca2c9110e03235c","name":"oliviere","image":{"@type":"ImageObject","inLanguage":"fr-FR","@id":"https:\/\/secure.gravatar.com\/avatar\/907069e0b81d119452040469e4a7501da1100f54f7f80180ce77bfab718288f6?s=96&d=mm&r=g","url":"https:\/\/secure.gravatar.com\/avatar\/907069e0b81d119452040469e4a7501da1100f54f7f80180ce77bfab718288f6?s=96&d=mm&r=g","contentUrl":"https:\/\/secure.gravatar.com\/avatar\/907069e0b81d119452040469e4a7501da1100f54f7f80180ce77bfab718288f6?s=96&d=mm&r=g","caption":"oliviere"},"sameAs":["http:\/\/www.motocrossmag.be"],"url":"https:\/\/fr.motocrossmag.be\/index.php\/author\/oliviere\/"}]}},"_links":{"self":[{"href":"https:\/\/fr.motocrossmag.be\/index.php\/wp-json\/wp\/v2\/posts\/128139","targetHints":{"allow":["GET"]}}],"collection":[{"href":"https:\/\/fr.motocrossmag.be\/index.php\/wp-json\/wp\/v2\/posts"}],"about":[{"href":"https:\/\/fr.motocrossmag.be\/index.php\/wp-json\/wp\/v2\/types\/post"}],"author":[{"embeddable":true,"href":"https:\/\/fr.motocrossmag.be\/index.php\/wp-json\/wp\/v2\/users\/932"}],"replies":[{"embeddable":true,"href":"https:\/\/fr.motocrossmag.be\/index.php\/wp-json\/wp\/v2\/comments?post=128139"}],"version-history":[{"count":1,"href":"https:\/\/fr.motocrossmag.be\/index.php\/wp-json\/wp\/v2\/posts\/128139\/revisions"}],"predecessor-version":[{"id":128141,"href":"https:\/\/fr.motocrossmag.be\/index.php\/wp-json\/wp\/v2\/posts\/128139\/revisions\/128141"}],"wp:featuredmedia":[{"embeddable":true,"href":"https:\/\/fr.motocrossmag.be\/index.php\/wp-json\/wp\/v2\/media\/128140"}],"wp:attachment":[{"href":"https:\/\/fr.motocrossmag.be\/index.php\/wp-json\/wp\/v2\/media?parent=128139"}],"wp:term":[{"taxonomy":"category","embeddable":true,"href":"https:\/\/fr.motocrossmag.be\/index.php\/wp-json\/wp\/v2\/categories?post=128139"},{"taxonomy":"post_tag","embeddable":true,"href":"https:\/\/fr.motocrossmag.be\/index.php\/wp-json\/wp\/v2\/tags?post=128139"}],"curies":[{"name":"wp","href":"https:\/\/api.w.org\/{rel}","templated":true}]}}