{"id":128723,"date":"2023-09-02T18:52:33","date_gmt":"2023-09-02T16:52:33","guid":{"rendered":"https:\/\/fr.motocrossmag.be\/?p=128723"},"modified":"2023-09-02T18:52:33","modified_gmt":"2023-09-02T16:52:33","slug":"liam-everts-second-de-la-manche-qualificative-en-turquie","status":"publish","type":"post","link":"https:\/\/fr.motocrossmag.be\/index.php\/2023\/09\/liam-everts-second-de-la-manche-qualificative-en-turquie\/","title":{"rendered":"Liam Everts second de la manche qualificative en Turquie"},"content":{"rendered":"<p><strong>La journ\u00e9e s&rsquo;est termin\u00e9e pr\u00e9matur\u00e9ment ce samedi sur le 17\u00e8me round MXGP en Turquie. Un violent orage est en effet venu perturber la manche qualificative MX2, rendant les conditions tellement difficiles que la direction de course a d\u00e9cid\u00e9 de ne pas donner le d\u00e9part de la manche qualificative MXGP. L&rsquo;entr\u00e9e en grille se fera demain sur base des temps chronom\u00e9tr\u00e9s r\u00e9alis\u00e9s plus t\u00f4t dans la journ\u00e9e.<\/strong><\/p>\n<p>Ce qui permet \u00e0 Tim Gajser de prendre sa premi\u00e8re pole de la saison devant Prado, Seewer et Febvre.<\/p>\n<p>Dans la cat\u00e9gorie MX2, c&rsquo;est Simon Laengenfelder qui prend la pole en s&rsquo;imposant in extremis devant Liam Everts, qui a pris le meilleur sur Roan Van De Moosdijk dans le dernier tiers de course. Jago Geerts et Lucas Coenen compl\u00e8tent le top-5.<\/p>\n<p>Le leader du provisoire Adamo ne marque pour sa part aucun point, il termine \u00e0 la 11\u00e8me place. Il poss\u00e8de 63 points d&rsquo;avance sur Everts et 32 de plus sur Geerts.<\/p>\n<p><span style=\"color: #ff0000;\"><strong>R\u00e9sum\u00e9 vid\u00e9o<\/strong><\/span><\/p>\n<div class=\"su-youtube su-u-responsive-media-yes\"><iframe class=\"lazyload\" width=\"640\" height=\"400\" src=\"data:image\/svg+xml,%3Csvg%20xmlns%3D%27http%3A%2F%2Fwww.w3.org%2F2000%2Fsvg%27%20width%3D%27640%27%20height%3D%27400%27%20viewBox%3D%270%200%20640%20400%27%3E%3Crect%20width%3D%27640%27%20height%3D%27400%27%20fill-opacity%3D%220%22%2F%3E%3C%2Fsvg%3E\" data-orig-src=\"https:\/\/www.youtube.com\/embed\/UhPbpKFuZTA?\" frameborder=\"0\" allowfullscreen allow=\"autoplay; encrypted-media; picture-in-picture\" title=\"\"><\/iframe><\/div>\n<p><span style=\"color: #800000;\"><strong>R\u00e9sultats<\/strong><\/span><\/p>\n<p>R\u00e9sultats<\/p>\n<p><strong>MXGP<\/strong> (Time Practive)<\/p>\n<p>1. Tim Gajser (SLO, Honda), 1:44.446; 2. Jorge Prado (ESP, GASGAS), +0:00.798; 3. Jeremy Seewer (SUI, Yamaha), +0:01.572; 4. Romain Febvre (FRA, Kawasaki), +0:01.792; 5. Mitchell Evans (AUS, Kawasaki), +0:02.126; 6. Valentin Guillod (SUI, Honda), +0:02.135; 7. Mattia Guadagnini (ITA, GASGAS), +0:02.270; 8. Pauls Jonass (LAT, Honda), +0:02.348; 9. Calvin Vlaanderen (NED, Yamaha), +0:02.547; 10. Alberto Forato (ITA, KTM), +0:02.569; 11. Maxime Renaux (FRA, Yamaha), +0:02.585; 12. Glenn Coldenhoff (NED, Yamaha), +0:03.021; 13. Alessandro Lupino (ITA, Beta), +0:03.401; 14. Ruben Fernandez (ESP, Honda), +0:03.761; 15. Benoit Paturel (FRA, Yamaha), +0:03.810; 16. Alvin \u00d6stlund (SWE, Honda), +0:04.316; 17. Brian Bogers (NED, Honda), +0:04.809; 18. Ben Watson (GBR, Beta), +0:05.292; 19. Julian Georgiev (BUL, Yamaha), +0:19.010; 20. Galip Alp Baysan (TUR, GASGAS), +0:26.717;<\/p>\n<p>CLASSEMENT PROVISOIRE MXGP<\/p>\n<p>1. Jorge Prado (ESP, GAS), 821 points; 2. Romain Febvre (FRA, KAW), 729 p.; 3. Jeremy Seewer (SUI, YAM), 652 p.; 4. Glenn Coldenhoff (NED, YAM), 600 p.; 5. Ruben Fernandez (ESP, HON), 542 p.; 6. Calvin Vlaanderen (NED, YAM), 498 p.; 7. Jeffrey Herlings (NED, KTM), 456 p.; 8. Alberto Forato (ITA, KTM), 414 p.; 9. Valentin Guillod (SUI, HON), 295 p.; 10. Maxime Renaux (FRA, YAM), 260 p.; 11. Benoit Paturel (FRA, YAM), 224 p.; 12. Mitchell Evans (AUS, KAW), 222 p.; 13. Ben Watson (GBR, BET), 211 p.; 14. Mattia Guadagnini (ITA, GAS), 203 p.; 15. Brian Bogers (NED, HON), 202 p.; 16. Alvin \u00d6stlund (SWE, HON), 189 p.; 17. Tim Gajser (SLO, HON), 152 p.; 18. Tom Koch (GER, KTM), 150 p.; 19. Alessandro Lupino (ITA, BET), 140 p.; 20. Maximilian Spies (GER, KTM), 115 p.; <strong>21. Brent Van doninck (BEL, HON), 114 p<\/strong>.; 22. Pauls Jonass (LAT, HON), 110 p.; <strong>23. Jeremy Van Horebeek (BEL, HON), 110 p.;<\/strong> 24. Petar Petrov (BUL, YAM), 53 p.; 25. Hardi Roosiorg (EST, HON), 52 p.; 26. Jere Haavisto (FIN, KTM), 48 p.; 27. Kevin Brumann (SUI, YAM), 44 p.; 28. Henry Jacobi (GER, KTM), 29 p.; 29. Stephen Rubini (FRA, HON), 27 p.; 30. Lewis Stewart (AUS, KTM), 25 p.; 31. Nicholas Murray (AUS, HUS), 21 p.; 32. Harri Kullas (EST, YAM), 20 p.; 33. Hilman Maksum (INA, KTM), 17 p.; 34. Tim Koch (GER, HUS), 15 p.; 35. Albin Gerhardsson (SWE, HUS), 15 p.; 36. Adam Sterry (GBR, KTM), 13 p.; 37. Lionel Kerhoas (FRA, HUS), 12 p.; 38. Michael Ivanov (BUL, HUS), 11 p.; 39. Tanel Leok (EST, HUS), 10 p.; 40. Pierre Goupillon (FRA, KTM), 10 p.; 41. Gert Krestinov (EST, HON), 10 p.; 42. Ashton Dickinson (GBR, KTM), 9 p.; 43. Arnaud Tonus (SUI, YAM), 8 p.; 44. Tomass Sileika (LAT, GAS), 7 p.; 45. Tristan Purdon (RSA, KTM), 7 p.; 46. Ivo Monticelli (ITA, GAS), 6 p.; 47. Simon Jost (SVK, KTM), 6 p.; 48. Miro Sihvonen (FIN, HUS), 6 p.; 49. Mark Scheu (GER, HUS), 5 p.; 50. Andero Lusbo (EST, GAS), 5 p.; 51. Joaquin Poli (ARG, KAW), 5 p.; 52. Danne Karlsson (SWE, GAS), 4 p.; 53. Conrad Mewse (GBR, HON), 4 p.; 54. Paulo Alberto (POR, YAM), 4 p.; 55. Tomas Kohut (SVK, KTM), 3 p.; 56. Cornelius Toendel (NOR, HON), 3 p.; 57. Micha-Boy De Waal (NED, GAS), 2 p.; 58. Nico Koch (GER, KTM), 2 p.; 59. Simone Croci (ITA, HUS), 2 p.; 60. Marcel Conijn (NED, YAM), 2 p.; 61. Domantas Jazdauskas (LTU, KTM), 2 p.; 62. Adrien Malaval (FRA, YAM), 2 p.; 63. Mathias Joergensen (DEN, YAM), 2 p.; 64. Arminas Jasikonis (LTU, GAS), 1 p.; 65. Lars van Berkel (NED, HON), 1 p.; 66. Sven Van der Mierden (NED, GAS), 1 p.; 67. Simeo Ubach (ESP, HUS), 1 p.; 68. Agustin Poli (ARG, KAW), 1 p.;<\/p>\n<p><strong>MX2<\/strong><\/p>\n<p>1. Simon Laengenfelder (GER, GASGAS), 24:19.392;\u00a0<strong>2. Liam Everts (BEL, KTM), +0:00.389; <\/strong>3. Roan Van De Moosdijk (NED, Husqvarna), +0:18.587<strong>; 4. Jago Geerts (BEL, Yamaha), +0:23.542; 5. Lucas Coenen (BEL, Husqvarna), +0:24.428;<\/strong>\u00a06. Kevin Horgmo (NOR, Kawasaki), +0:25.512; 7. Isak Gifting (SWE, GASGAS), +0:30.599; 8. David Braceras (ESP, Kawasaki), +0:34.111; 9. Emil Weckman (FIN, Honda), +0:34.781; 10. Camden Mc Lellan (RSA, Honda), +0:36.879; 11. Andrea Adamo (ITA, KTM), +0:38.764; 12. Oriol Oliver (ESP, KTM), +0:41.368;\u00a013. Rick Elzinga (NED, Yamaha), +0:47.190;\u00a014. Jan Pancar (SLO, KTM), +0:48.907;\u00a0<strong>15. Sacha Coenen (BEL, KTM), +1:00.635;<\/strong>\u00a016. Federico Tuani (ITA, KTM), +1:35.539; 17. Jaka Peklaj (SLO, Husqvarna), -1 lap(s); 18. Alireza Hossein Ahmadi Fini (IRI, Honda), -2 lap(s);<\/p>\n<p>CLASSEMENT PROVISOIRE MX2<\/p>\n<p>1. Andrea Adamo (ITA, KTM), 705 points;\u00a0<strong>2. Liam Everts (BEL, KTM), 642 p.; 3. Jago Geerts (BEL, YAM), 610 p.;<\/strong>\u00a04. Simon Laengenfelder (GER, GAS), 605 p.;\u00a0<strong>5. Lucas Coenen (BEL, HUS), 517 p.; <\/strong>6. Kay de Wolf (NED, HUS), 501 p.; 7. Roan Van De Moosdijk (NED, HUS), 470 p.;\u00a08. Kevin Horgmo (NOR, KAW), 465 p.; 9. Thibault Benistant (FRA, YAM), 462 p.;\u00a010. Rick Elzinga (NED, YAM), 325 p.;\u00a011. Jan Pancar (SLO, KTM), 302 p.; 12. Oriol Oliver (ESP, KTM), 252 p.; 13. Emil Weckman (FIN, HON), 220 p.;<strong>\u00a014. Sacha Coenen (BEL, KTM), 218 p.;<\/strong>\u00a015. Isak Gifting (SWE, GAS), 213 p.; 16. Camden Mc Lellan (RSA, HON), 210 p.; 17. David Braceras (ESP, KAW), 181 p.; 18. Mikkel Haarup (DEN, KTM), 170 p.; 19. Filip Olsson (SWE, HUS), 57 p.; 20. Marcel Stauffer (AUT, KTM), 52 p.; 21. Arvid L\u00fcning (SWE, GAS), 52 p.; 22. Ferruccio Zanchi (ITA, KTM), 47 p.; 23. Mike Gwerder (SUI, KTM), 45 p.; 24. Jack Chambers (USA, KAW), 44 p.; 25. Yago Martinez (ESP, KTM), 42 p.; 26. William Voxen Kleemann (DEN, KTM), 36 p.; 27. Cornelius Toendel (NOR, KTM), 36 p.; 28. Marc-Antoine Rossi (FRA, KTM), 34 p.; 29. Lorenzo Ciabatti (ITA, KTM), 33 p.; 30. Jorgen-Matthias Talviku (EST, HUS), 29 p.; 31. Delvintor Alfarizi (INA, HON), 28 p.; 32. Joel Rizzi (GBR, GAS), 27 p.; 33. Scotty Verhaeghe (FRA, GAS), 26 p.; 34. Devin Warner Simonson (USA, KTM), 25 p.; 35. Bobby Bruce (GBR, GAS), 23 p.; 36. Petr Polak (CZE, YAM), 23 p.; 37. Tim Edberg (SWE, HUS), 20 p.; 38. Tom Guyon (FRA, FAN), 18 p.;\u00a039. Ivano Van Erp (NED, YAM), 17 p.; 40. Scott Smulders (NED, HON), 16 p.;\u00a041. Andrea Bonacorsi (ITA, YAM), 15 p.; 42. Federico Tuani (ITA, KTM), 15 p.; 43. Xavier Cazal (FRA, GAS), 14 p.; 44. Leopold Ambj\u00f6rnson (SWE, HUS), 14 p.; 45. Jiraj Wannalak (THA, KTM), 13 p.; 46. Peter Koenig (GER, KTM), 12 p.; 47. Taylor Hammal (GBR, KTM), 12 p.; 48. Quentin Marc Prugnieres (FRA, KAW), 11 p.; 49. Tom\u00e1s Moyano (ARG, KAW), 10 p.; 50. Sampo Rainio (FIN, KTM), 8 p.; 51. Alessandro Valeri (ITA, KTM), 8 p.; 52. Diva Ismayana (INA, KAW), 8 p.; 53. Nakami Vidi Makarim (INA, KTM), 7 p.; 54. Miro Varjonen (FIN, HUS), 6 p.; 55. Saad Soulimani (FRA, YAM), 5 p.;\u00a056. Boris Blanken (NED, FAN), 5 p.;\u00a057. Franco Iavecchia (URU, HUS), 5 p.; 58. Pedro Jose Suarez Jaramillo (ECU, HUS), 4 p.; 59. Adria Monne Viles (ESP, KTM), 4 p.; 60. Jan Krug (GER, HUS), 4 p.; 61. Erlandas Mackonis (LTU, KTM), 4 p.; 62. Maximo Caceres (ARG, GAS), 3 p.; 63. Martin Venhoda (CZE, GAS), 3 p.; 64. Hassan Mohamad Zubir (MAS, HUS), 2 p.; 65. Daniel Mandys (CZE, YAM), 2 p.; 66. Fermin Ciccimarra (ARG, YAM), 2 p.; 67. Lorenzo Corti (ITA, HUS), 2 p.; 68. Eliel Lehtinen (FIN, KTM), 1 p.; 69. Adrien Petit (FRA, YAM), 1 p.; 70. Magnus Smith (DEN, YAM), 1 p.; 71. Juan Ignacio Salgado (ARG, HON), 1 p.;\u00a072. Raf Meuwissen (NED, YAM), 1 p.;\u00a073. Jerem\u00edas Schiele (CHI, GAS), 1 p.; 74. Alexandre Marques (POR, HUS), 1 p.;<\/p>\n","protected":false},"excerpt":{"rendered":"<p>La journ\u00e9e s&rsquo;est termin\u00e9e pr\u00e9matur\u00e9ment ce samedi sur le 17\u00e8me round MXGP en Turquie. Un violent orage est en effet venu perturber la manche qualificative MX2, rendant les conditions tellement [&#8230;]<\/p>\n","protected":false},"author":932,"featured_media":128725,"comment_status":"open","ping_status":"closed","sticky":false,"template":"","format":"standard","meta":{"footnotes":""},"categories":[54,4,6,5,55,56,65],"tags":[1780,1247,947,568],"class_list":["post-128723","post","type-post","status-publish","format-standard","has-post-thumbnail","hentry","category-actualite","category-motocross","category-mx1mx2","category-news","category-news-actualite","category-resultats","category-slideshow","tag-afyon","tag-liam-everts","tag-motocross","tag-mxgp"],"yoast_head":"<!-- This site is optimized with the Yoast SEO plugin v27.4 - https:\/\/yoast.com\/product\/yoast-seo-wordpress\/ -->\n<title>Liam Everts second de la manche qualificative en Turquie - Motocross - Enduro - Supermoto | MotocrossMag<\/title>\n<meta name=\"robots\" content=\"index, follow, max-snippet:-1, max-image-preview:large, max-video-preview:-1\" \/>\n<link rel=\"canonical\" href=\"https:\/\/fr.motocrossmag.be\/index.php\/2023\/09\/liam-everts-second-de-la-manche-qualificative-en-turquie\/\" \/>\n<meta property=\"og:locale\" content=\"fr_FR\" \/>\n<meta property=\"og:type\" content=\"article\" \/>\n<meta property=\"og:title\" content=\"Liam Everts second de la manche qualificative en Turquie - Motocross - Enduro - Supermoto | MotocrossMag\" \/>\n<meta property=\"og:description\" content=\"La journ\u00e9e s&rsquo;est termin\u00e9e pr\u00e9matur\u00e9ment ce samedi sur le 17\u00e8me round MXGP en Turquie. Un violent orage est en effet venu perturber la manche qualificative MX2, rendant les conditions tellement [...]\" \/>\n<meta property=\"og:url\" content=\"https:\/\/fr.motocrossmag.be\/index.php\/2023\/09\/liam-everts-second-de-la-manche-qualificative-en-turquie\/\" \/>\n<meta property=\"og:site_name\" content=\"Motocross - Enduro - Supermoto | MotocrossMag\" \/>\n<meta property=\"article:published_time\" content=\"2023-09-02T16:52:33+00:00\" \/>\n<meta property=\"og:image\" content=\"https:\/\/fr.motocrossmag.be\/wp-content\/uploads\/2023\/09\/542421_Everts_MXGP_2023_R15_0B6A3655_15th-Rd-MXGP-2023-_-Uddevalla-_SWE_.jpg\" \/>\n\t<meta property=\"og:image:width\" content=\"1200\" \/>\n\t<meta property=\"og:image:height\" content=\"800\" \/>\n\t<meta property=\"og:image:type\" content=\"image\/jpeg\" \/>\n<meta name=\"author\" content=\"oliviere\" \/>\n<meta name=\"twitter:card\" content=\"summary_large_image\" \/>\n<meta name=\"twitter:label1\" content=\"\u00c9crit par\" \/>\n\t<meta name=\"twitter:data1\" content=\"oliviere\" \/>\n\t<meta name=\"twitter:label2\" content=\"Dur\u00e9e de lecture estim\u00e9e\" \/>\n\t<meta name=\"twitter:data2\" content=\"5 minutes\" \/>\n<script type=\"application\/ld+json\" class=\"yoast-schema-graph\">{\"@context\":\"https:\\\/\\\/schema.org\",\"@graph\":[{\"@type\":\"Article\",\"@id\":\"https:\\\/\\\/fr.motocrossmag.be\\\/index.php\\\/2023\\\/09\\\/liam-everts-second-de-la-manche-qualificative-en-turquie\\\/#article\",\"isPartOf\":{\"@id\":\"https:\\\/\\\/fr.motocrossmag.be\\\/index.php\\\/2023\\\/09\\\/liam-everts-second-de-la-manche-qualificative-en-turquie\\\/\"},\"author\":{\"name\":\"oliviere\",\"@id\":\"https:\\\/\\\/fr.motocrossmag.be\\\/#\\\/schema\\\/person\\\/11b47143d9f755babca2c9110e03235c\"},\"headline\":\"Liam Everts second de la manche qualificative en Turquie\",\"datePublished\":\"2023-09-02T16:52:33+00:00\",\"mainEntityOfPage\":{\"@id\":\"https:\\\/\\\/fr.motocrossmag.be\\\/index.php\\\/2023\\\/09\\\/liam-everts-second-de-la-manche-qualificative-en-turquie\\\/\"},\"wordCount\":1112,\"commentCount\":0,\"image\":{\"@id\":\"https:\\\/\\\/fr.motocrossmag.be\\\/index.php\\\/2023\\\/09\\\/liam-everts-second-de-la-manche-qualificative-en-turquie\\\/#primaryimage\"},\"thumbnailUrl\":\"https:\\\/\\\/fr.motocrossmag.be\\\/wp-content\\\/uploads\\\/2023\\\/09\\\/542421_Everts_MXGP_2023_R15_0B6A3655_15th-Rd-MXGP-2023-_-Uddevalla-_SWE_.jpg\",\"keywords\":[\"afyon\",\"liam everts\",\"Motocross\",\"MXGP\"],\"articleSection\":[\"Actualit\u00e9\",\"Motocross\",\"Motocross MXGP\",\"News\",\"News\",\"R\u00e9sultats\",\"Slideshow\"],\"inLanguage\":\"fr-FR\",\"potentialAction\":[{\"@type\":\"CommentAction\",\"name\":\"Comment\",\"target\":[\"https:\\\/\\\/fr.motocrossmag.be\\\/index.php\\\/2023\\\/09\\\/liam-everts-second-de-la-manche-qualificative-en-turquie\\\/#respond\"]}]},{\"@type\":\"WebPage\",\"@id\":\"https:\\\/\\\/fr.motocrossmag.be\\\/index.php\\\/2023\\\/09\\\/liam-everts-second-de-la-manche-qualificative-en-turquie\\\/\",\"url\":\"https:\\\/\\\/fr.motocrossmag.be\\\/index.php\\\/2023\\\/09\\\/liam-everts-second-de-la-manche-qualificative-en-turquie\\\/\",\"name\":\"Liam Everts second de la manche qualificative en Turquie - Motocross - Enduro - Supermoto | MotocrossMag\",\"isPartOf\":{\"@id\":\"https:\\\/\\\/fr.motocrossmag.be\\\/#website\"},\"primaryImageOfPage\":{\"@id\":\"https:\\\/\\\/fr.motocrossmag.be\\\/index.php\\\/2023\\\/09\\\/liam-everts-second-de-la-manche-qualificative-en-turquie\\\/#primaryimage\"},\"image\":{\"@id\":\"https:\\\/\\\/fr.motocrossmag.be\\\/index.php\\\/2023\\\/09\\\/liam-everts-second-de-la-manche-qualificative-en-turquie\\\/#primaryimage\"},\"thumbnailUrl\":\"https:\\\/\\\/fr.motocrossmag.be\\\/wp-content\\\/uploads\\\/2023\\\/09\\\/542421_Everts_MXGP_2023_R15_0B6A3655_15th-Rd-MXGP-2023-_-Uddevalla-_SWE_.jpg\",\"datePublished\":\"2023-09-02T16:52:33+00:00\",\"author\":{\"@id\":\"https:\\\/\\\/fr.motocrossmag.be\\\/#\\\/schema\\\/person\\\/11b47143d9f755babca2c9110e03235c\"},\"breadcrumb\":{\"@id\":\"https:\\\/\\\/fr.motocrossmag.be\\\/index.php\\\/2023\\\/09\\\/liam-everts-second-de-la-manche-qualificative-en-turquie\\\/#breadcrumb\"},\"inLanguage\":\"fr-FR\",\"potentialAction\":[{\"@type\":\"ReadAction\",\"target\":[\"https:\\\/\\\/fr.motocrossmag.be\\\/index.php\\\/2023\\\/09\\\/liam-everts-second-de-la-manche-qualificative-en-turquie\\\/\"]}]},{\"@type\":\"ImageObject\",\"inLanguage\":\"fr-FR\",\"@id\":\"https:\\\/\\\/fr.motocrossmag.be\\\/index.php\\\/2023\\\/09\\\/liam-everts-second-de-la-manche-qualificative-en-turquie\\\/#primaryimage\",\"url\":\"https:\\\/\\\/fr.motocrossmag.be\\\/wp-content\\\/uploads\\\/2023\\\/09\\\/542421_Everts_MXGP_2023_R15_0B6A3655_15th-Rd-MXGP-2023-_-Uddevalla-_SWE_.jpg\",\"contentUrl\":\"https:\\\/\\\/fr.motocrossmag.be\\\/wp-content\\\/uploads\\\/2023\\\/09\\\/542421_Everts_MXGP_2023_R15_0B6A3655_15th-Rd-MXGP-2023-_-Uddevalla-_SWE_.jpg\",\"width\":1200,\"height\":800},{\"@type\":\"BreadcrumbList\",\"@id\":\"https:\\\/\\\/fr.motocrossmag.be\\\/index.php\\\/2023\\\/09\\\/liam-everts-second-de-la-manche-qualificative-en-turquie\\\/#breadcrumb\",\"itemListElement\":[{\"@type\":\"ListItem\",\"position\":1,\"name\":\"Accueil\",\"item\":\"https:\\\/\\\/fr.motocrossmag.be\\\/\"},{\"@type\":\"ListItem\",\"position\":2,\"name\":\"Liam Everts second de la manche qualificative en Turquie\"}]},{\"@type\":\"WebSite\",\"@id\":\"https:\\\/\\\/fr.motocrossmag.be\\\/#website\",\"url\":\"https:\\\/\\\/fr.motocrossmag.be\\\/\",\"name\":\"Motocross - Enduro - Supermoto | MotocrossMag\",\"description\":\"L&#039;actualit\u00e9 du motocross, de l&#039;enduro et du Supermoto en ligne!\",\"potentialAction\":[{\"@type\":\"SearchAction\",\"target\":{\"@type\":\"EntryPoint\",\"urlTemplate\":\"https:\\\/\\\/fr.motocrossmag.be\\\/?s={search_term_string}\"},\"query-input\":{\"@type\":\"PropertyValueSpecification\",\"valueRequired\":true,\"valueName\":\"search_term_string\"}}],\"inLanguage\":\"fr-FR\"},{\"@type\":\"Person\",\"@id\":\"https:\\\/\\\/fr.motocrossmag.be\\\/#\\\/schema\\\/person\\\/11b47143d9f755babca2c9110e03235c\",\"name\":\"oliviere\",\"image\":{\"@type\":\"ImageObject\",\"inLanguage\":\"fr-FR\",\"@id\":\"https:\\\/\\\/secure.gravatar.com\\\/avatar\\\/907069e0b81d119452040469e4a7501da1100f54f7f80180ce77bfab718288f6?s=96&d=mm&r=g\",\"url\":\"https:\\\/\\\/secure.gravatar.com\\\/avatar\\\/907069e0b81d119452040469e4a7501da1100f54f7f80180ce77bfab718288f6?s=96&d=mm&r=g\",\"contentUrl\":\"https:\\\/\\\/secure.gravatar.com\\\/avatar\\\/907069e0b81d119452040469e4a7501da1100f54f7f80180ce77bfab718288f6?s=96&d=mm&r=g\",\"caption\":\"oliviere\"},\"sameAs\":[\"http:\\\/\\\/www.motocrossmag.be\"],\"url\":\"https:\\\/\\\/fr.motocrossmag.be\\\/index.php\\\/author\\\/oliviere\\\/\"}]}<\/script>\n<!-- \/ Yoast SEO plugin. -->","yoast_head_json":{"title":"Liam Everts second de la manche qualificative en Turquie - Motocross - Enduro - Supermoto | MotocrossMag","robots":{"index":"index","follow":"follow","max-snippet":"max-snippet:-1","max-image-preview":"max-image-preview:large","max-video-preview":"max-video-preview:-1"},"canonical":"https:\/\/fr.motocrossmag.be\/index.php\/2023\/09\/liam-everts-second-de-la-manche-qualificative-en-turquie\/","og_locale":"fr_FR","og_type":"article","og_title":"Liam Everts second de la manche qualificative en Turquie - Motocross - Enduro - Supermoto | MotocrossMag","og_description":"La journ\u00e9e s&rsquo;est termin\u00e9e pr\u00e9matur\u00e9ment ce samedi sur le 17\u00e8me round MXGP en Turquie. Un violent orage est en effet venu perturber la manche qualificative MX2, rendant les conditions tellement [...]","og_url":"https:\/\/fr.motocrossmag.be\/index.php\/2023\/09\/liam-everts-second-de-la-manche-qualificative-en-turquie\/","og_site_name":"Motocross - Enduro - Supermoto | MotocrossMag","article_published_time":"2023-09-02T16:52:33+00:00","og_image":[{"width":1200,"height":800,"url":"https:\/\/fr.motocrossmag.be\/wp-content\/uploads\/2023\/09\/542421_Everts_MXGP_2023_R15_0B6A3655_15th-Rd-MXGP-2023-_-Uddevalla-_SWE_.jpg","type":"image\/jpeg"}],"author":"oliviere","twitter_card":"summary_large_image","twitter_misc":{"\u00c9crit par":"oliviere","Dur\u00e9e de lecture estim\u00e9e":"5 minutes"},"schema":{"@context":"https:\/\/schema.org","@graph":[{"@type":"Article","@id":"https:\/\/fr.motocrossmag.be\/index.php\/2023\/09\/liam-everts-second-de-la-manche-qualificative-en-turquie\/#article","isPartOf":{"@id":"https:\/\/fr.motocrossmag.be\/index.php\/2023\/09\/liam-everts-second-de-la-manche-qualificative-en-turquie\/"},"author":{"name":"oliviere","@id":"https:\/\/fr.motocrossmag.be\/#\/schema\/person\/11b47143d9f755babca2c9110e03235c"},"headline":"Liam Everts second de la manche qualificative en Turquie","datePublished":"2023-09-02T16:52:33+00:00","mainEntityOfPage":{"@id":"https:\/\/fr.motocrossmag.be\/index.php\/2023\/09\/liam-everts-second-de-la-manche-qualificative-en-turquie\/"},"wordCount":1112,"commentCount":0,"image":{"@id":"https:\/\/fr.motocrossmag.be\/index.php\/2023\/09\/liam-everts-second-de-la-manche-qualificative-en-turquie\/#primaryimage"},"thumbnailUrl":"https:\/\/fr.motocrossmag.be\/wp-content\/uploads\/2023\/09\/542421_Everts_MXGP_2023_R15_0B6A3655_15th-Rd-MXGP-2023-_-Uddevalla-_SWE_.jpg","keywords":["afyon","liam everts","Motocross","MXGP"],"articleSection":["Actualit\u00e9","Motocross","Motocross MXGP","News","News","R\u00e9sultats","Slideshow"],"inLanguage":"fr-FR","potentialAction":[{"@type":"CommentAction","name":"Comment","target":["https:\/\/fr.motocrossmag.be\/index.php\/2023\/09\/liam-everts-second-de-la-manche-qualificative-en-turquie\/#respond"]}]},{"@type":"WebPage","@id":"https:\/\/fr.motocrossmag.be\/index.php\/2023\/09\/liam-everts-second-de-la-manche-qualificative-en-turquie\/","url":"https:\/\/fr.motocrossmag.be\/index.php\/2023\/09\/liam-everts-second-de-la-manche-qualificative-en-turquie\/","name":"Liam Everts second de la manche qualificative en Turquie - Motocross - Enduro - Supermoto | MotocrossMag","isPartOf":{"@id":"https:\/\/fr.motocrossmag.be\/#website"},"primaryImageOfPage":{"@id":"https:\/\/fr.motocrossmag.be\/index.php\/2023\/09\/liam-everts-second-de-la-manche-qualificative-en-turquie\/#primaryimage"},"image":{"@id":"https:\/\/fr.motocrossmag.be\/index.php\/2023\/09\/liam-everts-second-de-la-manche-qualificative-en-turquie\/#primaryimage"},"thumbnailUrl":"https:\/\/fr.motocrossmag.be\/wp-content\/uploads\/2023\/09\/542421_Everts_MXGP_2023_R15_0B6A3655_15th-Rd-MXGP-2023-_-Uddevalla-_SWE_.jpg","datePublished":"2023-09-02T16:52:33+00:00","author":{"@id":"https:\/\/fr.motocrossmag.be\/#\/schema\/person\/11b47143d9f755babca2c9110e03235c"},"breadcrumb":{"@id":"https:\/\/fr.motocrossmag.be\/index.php\/2023\/09\/liam-everts-second-de-la-manche-qualificative-en-turquie\/#breadcrumb"},"inLanguage":"fr-FR","potentialAction":[{"@type":"ReadAction","target":["https:\/\/fr.motocrossmag.be\/index.php\/2023\/09\/liam-everts-second-de-la-manche-qualificative-en-turquie\/"]}]},{"@type":"ImageObject","inLanguage":"fr-FR","@id":"https:\/\/fr.motocrossmag.be\/index.php\/2023\/09\/liam-everts-second-de-la-manche-qualificative-en-turquie\/#primaryimage","url":"https:\/\/fr.motocrossmag.be\/wp-content\/uploads\/2023\/09\/542421_Everts_MXGP_2023_R15_0B6A3655_15th-Rd-MXGP-2023-_-Uddevalla-_SWE_.jpg","contentUrl":"https:\/\/fr.motocrossmag.be\/wp-content\/uploads\/2023\/09\/542421_Everts_MXGP_2023_R15_0B6A3655_15th-Rd-MXGP-2023-_-Uddevalla-_SWE_.jpg","width":1200,"height":800},{"@type":"BreadcrumbList","@id":"https:\/\/fr.motocrossmag.be\/index.php\/2023\/09\/liam-everts-second-de-la-manche-qualificative-en-turquie\/#breadcrumb","itemListElement":[{"@type":"ListItem","position":1,"name":"Accueil","item":"https:\/\/fr.motocrossmag.be\/"},{"@type":"ListItem","position":2,"name":"Liam Everts second de la manche qualificative en Turquie"}]},{"@type":"WebSite","@id":"https:\/\/fr.motocrossmag.be\/#website","url":"https:\/\/fr.motocrossmag.be\/","name":"Motocross - Enduro - Supermoto | MotocrossMag","description":"L&#039;actualit\u00e9 du motocross, de l&#039;enduro et du Supermoto en ligne!","potentialAction":[{"@type":"SearchAction","target":{"@type":"EntryPoint","urlTemplate":"https:\/\/fr.motocrossmag.be\/?s={search_term_string}"},"query-input":{"@type":"PropertyValueSpecification","valueRequired":true,"valueName":"search_term_string"}}],"inLanguage":"fr-FR"},{"@type":"Person","@id":"https:\/\/fr.motocrossmag.be\/#\/schema\/person\/11b47143d9f755babca2c9110e03235c","name":"oliviere","image":{"@type":"ImageObject","inLanguage":"fr-FR","@id":"https:\/\/secure.gravatar.com\/avatar\/907069e0b81d119452040469e4a7501da1100f54f7f80180ce77bfab718288f6?s=96&d=mm&r=g","url":"https:\/\/secure.gravatar.com\/avatar\/907069e0b81d119452040469e4a7501da1100f54f7f80180ce77bfab718288f6?s=96&d=mm&r=g","contentUrl":"https:\/\/secure.gravatar.com\/avatar\/907069e0b81d119452040469e4a7501da1100f54f7f80180ce77bfab718288f6?s=96&d=mm&r=g","caption":"oliviere"},"sameAs":["http:\/\/www.motocrossmag.be"],"url":"https:\/\/fr.motocrossmag.be\/index.php\/author\/oliviere\/"}]}},"_links":{"self":[{"href":"https:\/\/fr.motocrossmag.be\/index.php\/wp-json\/wp\/v2\/posts\/128723","targetHints":{"allow":["GET"]}}],"collection":[{"href":"https:\/\/fr.motocrossmag.be\/index.php\/wp-json\/wp\/v2\/posts"}],"about":[{"href":"https:\/\/fr.motocrossmag.be\/index.php\/wp-json\/wp\/v2\/types\/post"}],"author":[{"embeddable":true,"href":"https:\/\/fr.motocrossmag.be\/index.php\/wp-json\/wp\/v2\/users\/932"}],"replies":[{"embeddable":true,"href":"https:\/\/fr.motocrossmag.be\/index.php\/wp-json\/wp\/v2\/comments?post=128723"}],"version-history":[{"count":1,"href":"https:\/\/fr.motocrossmag.be\/index.php\/wp-json\/wp\/v2\/posts\/128723\/revisions"}],"predecessor-version":[{"id":128726,"href":"https:\/\/fr.motocrossmag.be\/index.php\/wp-json\/wp\/v2\/posts\/128723\/revisions\/128726"}],"wp:featuredmedia":[{"embeddable":true,"href":"https:\/\/fr.motocrossmag.be\/index.php\/wp-json\/wp\/v2\/media\/128725"}],"wp:attachment":[{"href":"https:\/\/fr.motocrossmag.be\/index.php\/wp-json\/wp\/v2\/media?parent=128723"}],"wp:term":[{"taxonomy":"category","embeddable":true,"href":"https:\/\/fr.motocrossmag.be\/index.php\/wp-json\/wp\/v2\/categories?post=128723"},{"taxonomy":"post_tag","embeddable":true,"href":"https:\/\/fr.motocrossmag.be\/index.php\/wp-json\/wp\/v2\/tags?post=128723"}],"curies":[{"name":"wp","href":"https:\/\/api.w.org\/{rel}","templated":true}]}}