{"id":128729,"date":"2023-09-03T15:34:22","date_gmt":"2023-09-03T13:34:22","guid":{"rendered":"https:\/\/fr.motocrossmag.be\/?p=128729"},"modified":"2023-09-03T15:34:22","modified_gmt":"2023-09-03T13:34:22","slug":"courtney-duncan-coiffe-une-4eme-couronne-mondiale","status":"publish","type":"post","link":"https:\/\/fr.motocrossmag.be\/index.php\/2023\/09\/courtney-duncan-coiffe-une-4eme-couronne-mondiale\/","title":{"rendered":"Courtney Duncan coiffe une 4\u00e8me couronne mondiale"},"content":{"rendered":"<p><strong>Le dernier round du championnat du monde f\u00e9minin de motocross s&rsquo;est achev\u00e9 ce dimanche sur la victoire de Courtney Duncan. Un ultime succ\u00e8s en Turquie qui permet \u00e0 la N\u00e9o-Z\u00e9landaise de coiffer sa 4\u00e8me couronne mondiale. La saison se cl\u00f4ture d&rsquo;ailleurs sur un podium in\u00e9dit puisqu&rsquo;on retrouve sur les deuxi\u00e8me et troisi\u00e8me marches l&rsquo;Espagnole Daniela Guillen et la rookie n\u00e9erlandaise Lotte Van Drunen.<\/strong><\/p>\n<p>A Afyon ce dimanche, ce sont la Hollandaise Lynn Valk (4+1) et l&rsquo;Allemande Larissa Papenmeier (2+4) qui accompagnent Duncan sur le dernier podium de la saison.<\/p>\n<p>Amandine Verstappen, qui a \u00e9t\u00e9 contrainte de jeter l&rsquo;\u00e9ponge en cours de saison, termine le championnat \u00e0 la 19\u00e8me place. Il s&rsquo;agit de la seule Belge \u00e0 avoir marqu\u00e9 des points cette ann\u00e9e sur le championnat.<\/p>\n<p><span style=\"color: #800000;\"><strong>R\u00e9sultats<\/strong><\/span><\/p>\n<p>MANCHE 1<\/p>\n<p>1. Courtney Duncan (NZL, Kawasaki), 25:41.482; 2. Larissa Papenmeier (GER, Yamaha), +0:10.062; 3. Daniela Guillen (ESP, GASGAS), +0:12.561; 4. Lynn Valk (NED, Fantic), +0:14.110; 5. Lotte Van Drunen (NED, Kawasaki), +0:14.856; 6. Charli Cannon (AUS, Yamaha), +0:41.945; 7. Sara Andersen (DEN, KTM), +0:49.249; 8. Shana van der Vlist (NED, Yamaha), +1:09.330; 9. Gabriela Seisdedos (ESP, GASGAS), +1:15.227; 10. Mathea Seleboe (NOR, Yamaha), +1:18.306; 11. Danee Gelissen (NED, KTM), +1:24.548; 12. Britt Jans-Beken (NED, Yamaha), +1:32.057; 13. Jamie Astudillo (USA, KTM), +1:33.620; 14. Alexandra Massury (GER, KTM), +1:40.411; 15. Janina Lehmann (GER, Honda), -1 lap(s); 16. Laura Raunkjaer (DEN, Yamaha), -1 lap(s); 17. Aida Cojanu (ROU, Yamaha), -1 lap(s); 18. Hasti Rezaei (IRI, Yamaha), -2 lap(s); 19. Mahdis Heydarnezhadgorji (IRI, Yamaha), -2 lap(s); 20. Selen Tinaz (TUR, Yamaha), -3 lap(s); 21. Irmak Yildirim (TUR, GASGAS), -3 lap(s);<\/p>\n<p>MANCHE 2<\/p>\n<p>1. Lynn Valk (NED, Fantic), 26:02.829; 2. Courtney Duncan (NZL, Kawasaki), +1:15.192; 3. Sara Andersen (DEN, KTM), +1:19.612; 4. Larissa Papenmeier (GER, Yamaha), +2:29.881; 5. Shana van der Vlist (NED, Yamaha), +2:56.633; 6. Gabriela Seisdedos (ESP, GASGAS), +3:00.906; 7. Lotte Van Drunen (NED, Kawasaki), -1 lap(s); 8. Daniela Guillen (ESP, GASGAS), -1 lap(s); 9. Britt Jans-Beken (NED, Yamaha), -1 lap(s); 10. Jamie Astudillo (USA, KTM), -1 lap(s); 11. Janina Lehmann (GER, Honda), -1 lap(s); 12. Laura Raunkjaer (DEN, Yamaha), -1 lap(s); 13. Mathea Seleboe (NOR, Yamaha), -1 lap(s); 14. Alexandra Massury (GER, KTM), -1 lap(s); 15. Danee Gelissen (NED, KTM), -1 lap(s); 16. Aida Cojanu (ROU, Yamaha), -2 lap(s); 17. Selen Tinaz (TUR, Yamaha), -9 lap(s); 18. Hasti Rezaei (IRI, Yamaha), -10 lap(s); 19. Irmak Yildirim (TUR, GASGAS), -10 lap(s); 20. Mahdis Heydarnezhadgorji (IRI, Yamaha), -10 lap(s);<\/p>\n<p>CLASSEMENT GENERAL WMX<\/p>\n<p>1. Courtney Duncan (NZL, KAW), 47 points; 2. Lynn Valk (NED, FAN), 43 p.; 3. Larissa Papenmeier (GER, YAM), 40 p.; 4. Sara Andersen (DEN, KTM), 34 p.; 5. Daniela Guillen (ESP, GAS), 33 p.; 6. Lotte Van Drunen (NED, KAW), 30 p.; 7. Shana van der Vlist (NED, YAM), 29 p.; 8. Gabriela Seisdedos (ESP, GAS), 27 p.; 9. Britt Jans-Beken (NED, YAM), 21 p.; 10. Jamie Astudillo (USA, KTM), 19 p.; 11. Mathea Seleboe (NOR, YAM), 19 p.; 12. Janina Lehmann (GER, HON), 16 p.; 13. Danee Gelissen (NED, KTM), 16 p.; 14. Charli Cannon (AUS, YAM), 15 p.; 15. Laura Raunkjaer (DEN, YAM), 14 p.; 16. Alexandra Massury (GER, KTM), 14 p.; 17. Aida Cojanu (ROU, YAM), 9 p.; 18. Hasti Rezaei (IRI, YAM), 6 p.; 19. Selen Tinaz (TUR, YAM), 5 p.; 20. Mahdis Heydarnezhadgorji (IRI, YAM), 3 p.; 21. Irmak Yildirim (TUR, GAS), 2 p.;<\/p>\n<p>CLASSEMENT FINAL WMX<\/p>\n<p>1. Courtney Duncan (NZL, KAW), 270 points; 2. Daniela Guillen (ESP, GAS), 240 p.; 3. Lotte Van Drunen (NED, KAW), 230 p.; 4. Lynn Valk (NED, FAN), 211 p.; 5. Sara Andersen (DEN, KTM), 166 p.; 6. Kiara Fontanesi (ITA, GAS), 157 p.; 7. Larissa Papenmeier (GER, YAM), 145 p.; 8. Britt Jans-Beken (NED, YAM), 130 p.; 9. Charli Cannon (AUS, YAM), 106 p.; 10. Shana van der Vlist (NED, YAM), 98 p.; 11. Danee Gelissen (NED, KTM), 90 p.; 12. Mathea Seleboe (NOR, YAM), 80 p.; 13. Giorgia Blasigh (ITA, KTM), 73 p.; 14. Martine Hughes (NOR, HUS), 69 p.; 15. Nancy van de Ven (NED, YAM), 66 p.; 16. Gabriela Seisdedos (ESP, GAS), 65 p.; 17. Jamie Astudillo (USA, KTM), 63 p.; 18. Mathilde Martinez (FRA, GAS), 57 p.; <strong>19. Amandine Verstappen (BEL, YAM), 51 p.<\/strong>; 20. Malou Jakobsen (DEN, KTM), 50 p.; 21. Alexandra Massury (GER, KTM), 35 p.; 22. April Franzoni (FRA, HON), 31 p.; 23. Elena Kapsamer (AUT, GAS), 17 p.; 24. Janina Lehmann (GER, HON), 16 p.; 25. Laura Raunkjaer (DEN, YAM), 14 p.; 26. Giorgia Montini (ITA, KAW), 14 p.; 27. Virginie Germond (SUI, KTM), 13 p.; 28. Anne Borchers (GER, FAN), 13 p.; 29. Amber Simons (NED, GAS), 11 p.; 30. Jana Sanchez Nequi (ESP, YAM), 9 p.; 31. Tyra B\u00e4ckstr\u00f6m (SWE, GAS), 9 p.; 32. Aida Cojanu (ROU, YAM), 9 p.; 33. Lucy Barker (GBR, KTM), 8 p.; 34. Elisa Galvagno (ITA, GAS), 6 p.; 35. Hasti Rezaei (IRI, YAM), 6 p.; 36. Adrija Skudutyte (LTU, KTM), 6 p.; 37. Jenitty Van der Beek (NED, KTM), 5 p.; 38. Selen Tinaz (TUR, YAM), 5 p.; 39. Mahdis Heydarnezhadgorji (IRI, YAM), 3 p.; 40. Fiona Hoppe (GER, YAM), 2 p.; 41. Irmak Yildirim (TUR, GAS), 2 p.; 42. Camille Viaud (FRA, YAM), 1 p.;<\/p>\n","protected":false},"excerpt":{"rendered":"<p>Le dernier round du championnat du monde f\u00e9minin de motocross s&rsquo;est achev\u00e9 ce dimanche sur la victoire de Courtney Duncan. Un ultime succ\u00e8s en Turquie qui permet \u00e0 la N\u00e9o-Z\u00e9landaise [&#8230;]<\/p>\n","protected":false},"author":932,"featured_media":128730,"comment_status":"open","ping_status":"closed","sticky":false,"template":"","format":"standard","meta":{"footnotes":""},"categories":[54,4,6,5,55,56,65],"tags":[1780,1002,798,1849,947,822],"class_list":["post-128729","post","type-post","status-publish","format-standard","has-post-thumbnail","hentry","category-actualite","category-motocross","category-mx1mx2","category-news","category-news-actualite","category-resultats","category-slideshow","tag-afyon","tag-courtney-duncan","tag-kiara-fontanesi","tag-lotte-van-drunen","tag-motocross","tag-wmx"],"yoast_head":"<!-- This site is optimized with the Yoast SEO plugin v27.4 - https:\/\/yoast.com\/product\/yoast-seo-wordpress\/ -->\n<title>Courtney Duncan coiffe une 4\u00e8me couronne mondiale - Motocross - Enduro - Supermoto | MotocrossMag<\/title>\n<meta name=\"robots\" content=\"index, follow, max-snippet:-1, max-image-preview:large, max-video-preview:-1\" \/>\n<link rel=\"canonical\" href=\"https:\/\/fr.motocrossmag.be\/index.php\/2023\/09\/courtney-duncan-coiffe-une-4eme-couronne-mondiale\/\" \/>\n<meta property=\"og:locale\" content=\"fr_FR\" \/>\n<meta property=\"og:type\" content=\"article\" \/>\n<meta property=\"og:title\" content=\"Courtney Duncan coiffe une 4\u00e8me couronne mondiale - Motocross - Enduro - Supermoto | MotocrossMag\" \/>\n<meta property=\"og:description\" content=\"Le dernier round du championnat du monde f\u00e9minin de motocross s&rsquo;est achev\u00e9 ce dimanche sur la victoire de Courtney Duncan. Un ultime succ\u00e8s en Turquie qui permet \u00e0 la N\u00e9o-Z\u00e9landaise [...]\" \/>\n<meta property=\"og:url\" content=\"https:\/\/fr.motocrossmag.be\/index.php\/2023\/09\/courtney-duncan-coiffe-une-4eme-couronne-mondiale\/\" \/>\n<meta property=\"og:site_name\" content=\"Motocross - Enduro - Supermoto | MotocrossMag\" \/>\n<meta property=\"article:published_time\" content=\"2023-09-03T13:34:22+00:00\" \/>\n<meta property=\"og:image\" content=\"https:\/\/fr.motocrossmag.be\/wp-content\/uploads\/2023\/09\/hi_DUNCAN_GP16_PH_6369.jpg\" \/>\n\t<meta property=\"og:image:width\" content=\"1200\" \/>\n\t<meta property=\"og:image:height\" content=\"800\" \/>\n\t<meta property=\"og:image:type\" content=\"image\/jpeg\" \/>\n<meta name=\"author\" content=\"oliviere\" \/>\n<meta name=\"twitter:card\" content=\"summary_large_image\" \/>\n<meta name=\"twitter:label1\" content=\"\u00c9crit par\" \/>\n\t<meta name=\"twitter:data1\" content=\"oliviere\" \/>\n\t<meta name=\"twitter:label2\" content=\"Dur\u00e9e de lecture estim\u00e9e\" \/>\n\t<meta name=\"twitter:data2\" content=\"4 minutes\" \/>\n<script type=\"application\/ld+json\" class=\"yoast-schema-graph\">{\"@context\":\"https:\\\/\\\/schema.org\",\"@graph\":[{\"@type\":\"Article\",\"@id\":\"https:\\\/\\\/fr.motocrossmag.be\\\/index.php\\\/2023\\\/09\\\/courtney-duncan-coiffe-une-4eme-couronne-mondiale\\\/#article\",\"isPartOf\":{\"@id\":\"https:\\\/\\\/fr.motocrossmag.be\\\/index.php\\\/2023\\\/09\\\/courtney-duncan-coiffe-une-4eme-couronne-mondiale\\\/\"},\"author\":{\"name\":\"oliviere\",\"@id\":\"https:\\\/\\\/fr.motocrossmag.be\\\/#\\\/schema\\\/person\\\/11b47143d9f755babca2c9110e03235c\"},\"headline\":\"Courtney Duncan coiffe une 4\u00e8me couronne mondiale\",\"datePublished\":\"2023-09-03T13:34:22+00:00\",\"mainEntityOfPage\":{\"@id\":\"https:\\\/\\\/fr.motocrossmag.be\\\/index.php\\\/2023\\\/09\\\/courtney-duncan-coiffe-une-4eme-couronne-mondiale\\\/\"},\"wordCount\":715,\"commentCount\":0,\"image\":{\"@id\":\"https:\\\/\\\/fr.motocrossmag.be\\\/index.php\\\/2023\\\/09\\\/courtney-duncan-coiffe-une-4eme-couronne-mondiale\\\/#primaryimage\"},\"thumbnailUrl\":\"https:\\\/\\\/fr.motocrossmag.be\\\/wp-content\\\/uploads\\\/2023\\\/09\\\/hi_DUNCAN_GP16_PH_6369.jpg\",\"keywords\":[\"afyon\",\"courtney duncan\",\"Kiara Fontanesi\",\"lotte van drunen\",\"Motocross\",\"wmx\"],\"articleSection\":[\"Actualit\u00e9\",\"Motocross\",\"Motocross MXGP\",\"News\",\"News\",\"R\u00e9sultats\",\"Slideshow\"],\"inLanguage\":\"fr-FR\",\"potentialAction\":[{\"@type\":\"CommentAction\",\"name\":\"Comment\",\"target\":[\"https:\\\/\\\/fr.motocrossmag.be\\\/index.php\\\/2023\\\/09\\\/courtney-duncan-coiffe-une-4eme-couronne-mondiale\\\/#respond\"]}]},{\"@type\":\"WebPage\",\"@id\":\"https:\\\/\\\/fr.motocrossmag.be\\\/index.php\\\/2023\\\/09\\\/courtney-duncan-coiffe-une-4eme-couronne-mondiale\\\/\",\"url\":\"https:\\\/\\\/fr.motocrossmag.be\\\/index.php\\\/2023\\\/09\\\/courtney-duncan-coiffe-une-4eme-couronne-mondiale\\\/\",\"name\":\"Courtney Duncan coiffe une 4\u00e8me couronne mondiale - Motocross - Enduro - Supermoto | MotocrossMag\",\"isPartOf\":{\"@id\":\"https:\\\/\\\/fr.motocrossmag.be\\\/#website\"},\"primaryImageOfPage\":{\"@id\":\"https:\\\/\\\/fr.motocrossmag.be\\\/index.php\\\/2023\\\/09\\\/courtney-duncan-coiffe-une-4eme-couronne-mondiale\\\/#primaryimage\"},\"image\":{\"@id\":\"https:\\\/\\\/fr.motocrossmag.be\\\/index.php\\\/2023\\\/09\\\/courtney-duncan-coiffe-une-4eme-couronne-mondiale\\\/#primaryimage\"},\"thumbnailUrl\":\"https:\\\/\\\/fr.motocrossmag.be\\\/wp-content\\\/uploads\\\/2023\\\/09\\\/hi_DUNCAN_GP16_PH_6369.jpg\",\"datePublished\":\"2023-09-03T13:34:22+00:00\",\"author\":{\"@id\":\"https:\\\/\\\/fr.motocrossmag.be\\\/#\\\/schema\\\/person\\\/11b47143d9f755babca2c9110e03235c\"},\"breadcrumb\":{\"@id\":\"https:\\\/\\\/fr.motocrossmag.be\\\/index.php\\\/2023\\\/09\\\/courtney-duncan-coiffe-une-4eme-couronne-mondiale\\\/#breadcrumb\"},\"inLanguage\":\"fr-FR\",\"potentialAction\":[{\"@type\":\"ReadAction\",\"target\":[\"https:\\\/\\\/fr.motocrossmag.be\\\/index.php\\\/2023\\\/09\\\/courtney-duncan-coiffe-une-4eme-couronne-mondiale\\\/\"]}]},{\"@type\":\"ImageObject\",\"inLanguage\":\"fr-FR\",\"@id\":\"https:\\\/\\\/fr.motocrossmag.be\\\/index.php\\\/2023\\\/09\\\/courtney-duncan-coiffe-une-4eme-couronne-mondiale\\\/#primaryimage\",\"url\":\"https:\\\/\\\/fr.motocrossmag.be\\\/wp-content\\\/uploads\\\/2023\\\/09\\\/hi_DUNCAN_GP16_PH_6369.jpg\",\"contentUrl\":\"https:\\\/\\\/fr.motocrossmag.be\\\/wp-content\\\/uploads\\\/2023\\\/09\\\/hi_DUNCAN_GP16_PH_6369.jpg\",\"width\":1200,\"height\":800},{\"@type\":\"BreadcrumbList\",\"@id\":\"https:\\\/\\\/fr.motocrossmag.be\\\/index.php\\\/2023\\\/09\\\/courtney-duncan-coiffe-une-4eme-couronne-mondiale\\\/#breadcrumb\",\"itemListElement\":[{\"@type\":\"ListItem\",\"position\":1,\"name\":\"Accueil\",\"item\":\"https:\\\/\\\/fr.motocrossmag.be\\\/\"},{\"@type\":\"ListItem\",\"position\":2,\"name\":\"Courtney Duncan coiffe une 4\u00e8me couronne mondiale\"}]},{\"@type\":\"WebSite\",\"@id\":\"https:\\\/\\\/fr.motocrossmag.be\\\/#website\",\"url\":\"https:\\\/\\\/fr.motocrossmag.be\\\/\",\"name\":\"Motocross - Enduro - Supermoto | MotocrossMag\",\"description\":\"L&#039;actualit\u00e9 du motocross, de l&#039;enduro et du Supermoto en ligne!\",\"potentialAction\":[{\"@type\":\"SearchAction\",\"target\":{\"@type\":\"EntryPoint\",\"urlTemplate\":\"https:\\\/\\\/fr.motocrossmag.be\\\/?s={search_term_string}\"},\"query-input\":{\"@type\":\"PropertyValueSpecification\",\"valueRequired\":true,\"valueName\":\"search_term_string\"}}],\"inLanguage\":\"fr-FR\"},{\"@type\":\"Person\",\"@id\":\"https:\\\/\\\/fr.motocrossmag.be\\\/#\\\/schema\\\/person\\\/11b47143d9f755babca2c9110e03235c\",\"name\":\"oliviere\",\"image\":{\"@type\":\"ImageObject\",\"inLanguage\":\"fr-FR\",\"@id\":\"https:\\\/\\\/secure.gravatar.com\\\/avatar\\\/907069e0b81d119452040469e4a7501da1100f54f7f80180ce77bfab718288f6?s=96&d=mm&r=g\",\"url\":\"https:\\\/\\\/secure.gravatar.com\\\/avatar\\\/907069e0b81d119452040469e4a7501da1100f54f7f80180ce77bfab718288f6?s=96&d=mm&r=g\",\"contentUrl\":\"https:\\\/\\\/secure.gravatar.com\\\/avatar\\\/907069e0b81d119452040469e4a7501da1100f54f7f80180ce77bfab718288f6?s=96&d=mm&r=g\",\"caption\":\"oliviere\"},\"sameAs\":[\"http:\\\/\\\/www.motocrossmag.be\"],\"url\":\"https:\\\/\\\/fr.motocrossmag.be\\\/index.php\\\/author\\\/oliviere\\\/\"}]}<\/script>\n<!-- \/ Yoast SEO plugin. -->","yoast_head_json":{"title":"Courtney Duncan coiffe une 4\u00e8me couronne mondiale - Motocross - Enduro - Supermoto | MotocrossMag","robots":{"index":"index","follow":"follow","max-snippet":"max-snippet:-1","max-image-preview":"max-image-preview:large","max-video-preview":"max-video-preview:-1"},"canonical":"https:\/\/fr.motocrossmag.be\/index.php\/2023\/09\/courtney-duncan-coiffe-une-4eme-couronne-mondiale\/","og_locale":"fr_FR","og_type":"article","og_title":"Courtney Duncan coiffe une 4\u00e8me couronne mondiale - Motocross - Enduro - Supermoto | MotocrossMag","og_description":"Le dernier round du championnat du monde f\u00e9minin de motocross s&rsquo;est achev\u00e9 ce dimanche sur la victoire de Courtney Duncan. Un ultime succ\u00e8s en Turquie qui permet \u00e0 la N\u00e9o-Z\u00e9landaise [...]","og_url":"https:\/\/fr.motocrossmag.be\/index.php\/2023\/09\/courtney-duncan-coiffe-une-4eme-couronne-mondiale\/","og_site_name":"Motocross - Enduro - Supermoto | MotocrossMag","article_published_time":"2023-09-03T13:34:22+00:00","og_image":[{"width":1200,"height":800,"url":"https:\/\/fr.motocrossmag.be\/wp-content\/uploads\/2023\/09\/hi_DUNCAN_GP16_PH_6369.jpg","type":"image\/jpeg"}],"author":"oliviere","twitter_card":"summary_large_image","twitter_misc":{"\u00c9crit par":"oliviere","Dur\u00e9e de lecture estim\u00e9e":"4 minutes"},"schema":{"@context":"https:\/\/schema.org","@graph":[{"@type":"Article","@id":"https:\/\/fr.motocrossmag.be\/index.php\/2023\/09\/courtney-duncan-coiffe-une-4eme-couronne-mondiale\/#article","isPartOf":{"@id":"https:\/\/fr.motocrossmag.be\/index.php\/2023\/09\/courtney-duncan-coiffe-une-4eme-couronne-mondiale\/"},"author":{"name":"oliviere","@id":"https:\/\/fr.motocrossmag.be\/#\/schema\/person\/11b47143d9f755babca2c9110e03235c"},"headline":"Courtney Duncan coiffe une 4\u00e8me couronne mondiale","datePublished":"2023-09-03T13:34:22+00:00","mainEntityOfPage":{"@id":"https:\/\/fr.motocrossmag.be\/index.php\/2023\/09\/courtney-duncan-coiffe-une-4eme-couronne-mondiale\/"},"wordCount":715,"commentCount":0,"image":{"@id":"https:\/\/fr.motocrossmag.be\/index.php\/2023\/09\/courtney-duncan-coiffe-une-4eme-couronne-mondiale\/#primaryimage"},"thumbnailUrl":"https:\/\/fr.motocrossmag.be\/wp-content\/uploads\/2023\/09\/hi_DUNCAN_GP16_PH_6369.jpg","keywords":["afyon","courtney duncan","Kiara Fontanesi","lotte van drunen","Motocross","wmx"],"articleSection":["Actualit\u00e9","Motocross","Motocross MXGP","News","News","R\u00e9sultats","Slideshow"],"inLanguage":"fr-FR","potentialAction":[{"@type":"CommentAction","name":"Comment","target":["https:\/\/fr.motocrossmag.be\/index.php\/2023\/09\/courtney-duncan-coiffe-une-4eme-couronne-mondiale\/#respond"]}]},{"@type":"WebPage","@id":"https:\/\/fr.motocrossmag.be\/index.php\/2023\/09\/courtney-duncan-coiffe-une-4eme-couronne-mondiale\/","url":"https:\/\/fr.motocrossmag.be\/index.php\/2023\/09\/courtney-duncan-coiffe-une-4eme-couronne-mondiale\/","name":"Courtney Duncan coiffe une 4\u00e8me couronne mondiale - Motocross - Enduro - Supermoto | MotocrossMag","isPartOf":{"@id":"https:\/\/fr.motocrossmag.be\/#website"},"primaryImageOfPage":{"@id":"https:\/\/fr.motocrossmag.be\/index.php\/2023\/09\/courtney-duncan-coiffe-une-4eme-couronne-mondiale\/#primaryimage"},"image":{"@id":"https:\/\/fr.motocrossmag.be\/index.php\/2023\/09\/courtney-duncan-coiffe-une-4eme-couronne-mondiale\/#primaryimage"},"thumbnailUrl":"https:\/\/fr.motocrossmag.be\/wp-content\/uploads\/2023\/09\/hi_DUNCAN_GP16_PH_6369.jpg","datePublished":"2023-09-03T13:34:22+00:00","author":{"@id":"https:\/\/fr.motocrossmag.be\/#\/schema\/person\/11b47143d9f755babca2c9110e03235c"},"breadcrumb":{"@id":"https:\/\/fr.motocrossmag.be\/index.php\/2023\/09\/courtney-duncan-coiffe-une-4eme-couronne-mondiale\/#breadcrumb"},"inLanguage":"fr-FR","potentialAction":[{"@type":"ReadAction","target":["https:\/\/fr.motocrossmag.be\/index.php\/2023\/09\/courtney-duncan-coiffe-une-4eme-couronne-mondiale\/"]}]},{"@type":"ImageObject","inLanguage":"fr-FR","@id":"https:\/\/fr.motocrossmag.be\/index.php\/2023\/09\/courtney-duncan-coiffe-une-4eme-couronne-mondiale\/#primaryimage","url":"https:\/\/fr.motocrossmag.be\/wp-content\/uploads\/2023\/09\/hi_DUNCAN_GP16_PH_6369.jpg","contentUrl":"https:\/\/fr.motocrossmag.be\/wp-content\/uploads\/2023\/09\/hi_DUNCAN_GP16_PH_6369.jpg","width":1200,"height":800},{"@type":"BreadcrumbList","@id":"https:\/\/fr.motocrossmag.be\/index.php\/2023\/09\/courtney-duncan-coiffe-une-4eme-couronne-mondiale\/#breadcrumb","itemListElement":[{"@type":"ListItem","position":1,"name":"Accueil","item":"https:\/\/fr.motocrossmag.be\/"},{"@type":"ListItem","position":2,"name":"Courtney Duncan coiffe une 4\u00e8me couronne mondiale"}]},{"@type":"WebSite","@id":"https:\/\/fr.motocrossmag.be\/#website","url":"https:\/\/fr.motocrossmag.be\/","name":"Motocross - Enduro - Supermoto | MotocrossMag","description":"L&#039;actualit\u00e9 du motocross, de l&#039;enduro et du Supermoto en ligne!","potentialAction":[{"@type":"SearchAction","target":{"@type":"EntryPoint","urlTemplate":"https:\/\/fr.motocrossmag.be\/?s={search_term_string}"},"query-input":{"@type":"PropertyValueSpecification","valueRequired":true,"valueName":"search_term_string"}}],"inLanguage":"fr-FR"},{"@type":"Person","@id":"https:\/\/fr.motocrossmag.be\/#\/schema\/person\/11b47143d9f755babca2c9110e03235c","name":"oliviere","image":{"@type":"ImageObject","inLanguage":"fr-FR","@id":"https:\/\/secure.gravatar.com\/avatar\/907069e0b81d119452040469e4a7501da1100f54f7f80180ce77bfab718288f6?s=96&d=mm&r=g","url":"https:\/\/secure.gravatar.com\/avatar\/907069e0b81d119452040469e4a7501da1100f54f7f80180ce77bfab718288f6?s=96&d=mm&r=g","contentUrl":"https:\/\/secure.gravatar.com\/avatar\/907069e0b81d119452040469e4a7501da1100f54f7f80180ce77bfab718288f6?s=96&d=mm&r=g","caption":"oliviere"},"sameAs":["http:\/\/www.motocrossmag.be"],"url":"https:\/\/fr.motocrossmag.be\/index.php\/author\/oliviere\/"}]}},"_links":{"self":[{"href":"https:\/\/fr.motocrossmag.be\/index.php\/wp-json\/wp\/v2\/posts\/128729","targetHints":{"allow":["GET"]}}],"collection":[{"href":"https:\/\/fr.motocrossmag.be\/index.php\/wp-json\/wp\/v2\/posts"}],"about":[{"href":"https:\/\/fr.motocrossmag.be\/index.php\/wp-json\/wp\/v2\/types\/post"}],"author":[{"embeddable":true,"href":"https:\/\/fr.motocrossmag.be\/index.php\/wp-json\/wp\/v2\/users\/932"}],"replies":[{"embeddable":true,"href":"https:\/\/fr.motocrossmag.be\/index.php\/wp-json\/wp\/v2\/comments?post=128729"}],"version-history":[{"count":1,"href":"https:\/\/fr.motocrossmag.be\/index.php\/wp-json\/wp\/v2\/posts\/128729\/revisions"}],"predecessor-version":[{"id":128731,"href":"https:\/\/fr.motocrossmag.be\/index.php\/wp-json\/wp\/v2\/posts\/128729\/revisions\/128731"}],"wp:featuredmedia":[{"embeddable":true,"href":"https:\/\/fr.motocrossmag.be\/index.php\/wp-json\/wp\/v2\/media\/128730"}],"wp:attachment":[{"href":"https:\/\/fr.motocrossmag.be\/index.php\/wp-json\/wp\/v2\/media?parent=128729"}],"wp:term":[{"taxonomy":"category","embeddable":true,"href":"https:\/\/fr.motocrossmag.be\/index.php\/wp-json\/wp\/v2\/categories?post=128729"},{"taxonomy":"post_tag","embeddable":true,"href":"https:\/\/fr.motocrossmag.be\/index.php\/wp-json\/wp\/v2\/tags?post=128729"}],"curies":[{"name":"wp","href":"https:\/\/api.w.org\/{rel}","templated":true}]}}