{"id":12986,"date":"2011-09-07T06:14:57","date_gmt":"2011-09-07T05:14:57","guid":{"rendered":"http:\/\/fr.motocrossmag.be\/?p=12986"},"modified":"2011-09-07T06:17:14","modified_gmt":"2011-09-07T05:17:14","slug":"galerie-photos-photos-motocross-ampl-a-willancourt","status":"publish","type":"post","link":"https:\/\/fr.motocrossmag.be\/index.php\/2011\/09\/galerie-photos-photos-motocross-ampl-a-willancourt\/","title":{"rendered":"Galerie photos | Photos: Motocross AMPL \u00e0\u00a0 Willancourt"},"content":{"rendered":"<p id=\"[object]\">Grosse affluence ce week-end \u00e0\u00a0 Willancourt o\u00f9 le club gaumais avait programm\u00e9 2 journ\u00e9es de motocross particuli\u00e8rement charg\u00e9es avec le samedi les courses de la BOTA et le dimanche une manche du championnat AMPL. Ce \u00e0\u00a0 quoi\u00a0est venu s&rsquo;ajouter le premier troph\u00e9e \u00ab\u00a0inter-nations\u00a0\u00bb, auquel ont pris part 5 \u00e9quipes de 20 pilotes.\u00a0Ce troph\u00e9e est remport\u00e9 par l\u00e2\u20ac\u2122\u00e9quipe de Gaume devant l\u00e2\u20ac\u2122\u00e9quipe fran\u00e7aise tandis que la finale est remport\u00e9e par Micha\u00ebl Besonh\u00e9 devant Eric Hubin, Thierry Klutz et Bryan Boulard.<\/p>\n<p>Photos: Yannick Bernard &#8211; <a href=\"http:\/\/www.bernardmx.com\" target=\"_blank\">Bernardmx.com<\/a><\/p><div class=\"lxaxp6a9843fea3a6c\" ><!-- \/91277017\/Inline-articles-mobile -->\n<div style=\"margin:auto; text-align:center !important\">\n<div id='div-gpt-ad-1784982661365-0' style='min-width: 250px; min-height: 75px;'>\n  <script>\n    googletag.cmd.push(function() { googletag.display('div-gpt-ad-1784982661365-0'); });\n  <\/script>\n<\/div><\/div><\/div><style type=\"text\/css\">\r\n.lxaxp6a9843fea3a6c {\r\nmargin-bottom:30px;margin-top:20px\r\n}\r\n@media screen and (min-width: 1201px) {\r\n.lxaxp6a9843fea3a6c {\r\ndisplay: block;\r\n}\r\n}\r\n@media screen and (min-width: 993px) and (max-width: 1200px) {\r\n.lxaxp6a9843fea3a6c {\r\ndisplay: block;\r\n}\r\n}\r\n@media screen and (min-width: 769px) and (max-width: 992px) {\r\n.lxaxp6a9843fea3a6c {\r\ndisplay: block;\r\n}\r\n}\r\n@media screen and (min-width: 768px) and (max-width: 768px) {\r\n.lxaxp6a9843fea3a6c {\r\ndisplay: block;\r\n}\r\n}\r\n@media screen and (max-width: 767px) {\r\n.lxaxp6a9843fea3a6c {\r\ndisplay: block;\r\n}\r\n}\r\n<\/style>\r\n\n<p id=\"[object]\"><a id=\"[object]\" rel=\"lightbox dia=1\" href=\"http:\/\/fr.motocrossmag.be\/wp-content\/uploads\/2011\/09\/willancourt_0137.jpg\"><img decoding=\"async\" id=\"[object]\" class=\"alignnone size-thumbnail wp-image-13008\" title=\"willancourt_0137\" src=\"http:\/\/fr.motocrossmag.be\/wp-content\/uploads\/2011\/09\/willancourt_0137-150x150.jpg\" alt=\"\" width=\"150\" height=\"150\" \/><\/a>\u00a0\u00a0 <a id=\"[object]\" rel=\"lightbox dia=1\" href=\"http:\/\/fr.motocrossmag.be\/wp-content\/uploads\/2011\/09\/willancourt_185.jpg\"><img decoding=\"async\" id=\"[object]\" class=\"alignnone size-thumbnail wp-image-13007\" title=\"willancourt_185\" src=\"http:\/\/fr.motocrossmag.be\/wp-content\/uploads\/2011\/09\/willancourt_185-150x150.jpg\" alt=\"\" width=\"150\" height=\"150\" \/><\/a>\u00a0\u00a0 <a id=\"[object]2\" rel=\"lightbox dia=1\" href=\"http:\/\/fr.motocrossmag.be\/wp-content\/uploads\/2011\/09\/willancourt_0546.jpg\"><img decoding=\"async\" class=\"alignnone size-thumbnail wp-image-12995\" title=\"willancourt_0546\" src=\"http:\/\/fr.motocrossmag.be\/wp-content\/uploads\/2011\/09\/willancourt_0546-150x150.jpg\" alt=\"\" width=\"150\" height=\"150\" \/><\/a><br \/>\n<a id=\"[object]\" rel=\"lightbox dia=1\" href=\"http:\/\/fr.motocrossmag.be\/wp-content\/uploads\/2011\/09\/willancourt_260.jpg\"><img decoding=\"async\" class=\"alignnone size-thumbnail wp-image-13006\" title=\"willancourt_260\" src=\"http:\/\/fr.motocrossmag.be\/wp-content\/uploads\/2011\/09\/willancourt_260-150x150.jpg\" alt=\"\" width=\"150\" height=\"150\" \/><\/a>\u00a0\u00a0 <a id=\"[object]\" rel=\"lightbox dia=1\" href=\"http:\/\/fr.motocrossmag.be\/wp-content\/uploads\/2011\/09\/willancourt_0282.jpg\"><img decoding=\"async\" class=\"alignnone size-thumbnail wp-image-13005\" title=\"willancourt_0282\" src=\"http:\/\/fr.motocrossmag.be\/wp-content\/uploads\/2011\/09\/willancourt_0282-150x150.jpg\" alt=\"\" width=\"150\" height=\"150\" \/><\/a>\u00a0\u00a0 <a id=\"[object]\" rel=\"lightbox dia=1\" href=\"http:\/\/fr.motocrossmag.be\/wp-content\/uploads\/2011\/09\/willancourt_0304.jpg\"><img decoding=\"async\" class=\"alignnone size-thumbnail wp-image-13004\" title=\"willancourt_0304\" src=\"http:\/\/fr.motocrossmag.be\/wp-content\/uploads\/2011\/09\/willancourt_0304-150x150.jpg\" alt=\"\" width=\"150\" height=\"150\" \/><\/a><br \/>\n<a id=\"[object]\" rel=\"lightbox dia=1\" href=\"http:\/\/fr.motocrossmag.be\/wp-content\/uploads\/2011\/09\/willancourt_312.jpg\"><img decoding=\"async\" class=\"alignnone size-thumbnail wp-image-13003\" title=\"willancourt_312\" src=\"http:\/\/fr.motocrossmag.be\/wp-content\/uploads\/2011\/09\/willancourt_312-150x150.jpg\" alt=\"\" width=\"150\" height=\"150\" \/><\/a>\u00a0\u00a0 <a id=\"[object]\" rel=\"lightbox dia=1\" href=\"http:\/\/fr.motocrossmag.be\/wp-content\/uploads\/2011\/09\/willancourt_0339.jpg\"><img decoding=\"async\" class=\"alignnone size-thumbnail wp-image-13002\" title=\"willancourt_0339\" src=\"http:\/\/fr.motocrossmag.be\/wp-content\/uploads\/2011\/09\/willancourt_0339-150x150.jpg\" alt=\"\" width=\"150\" height=\"150\" \/><\/a>\u00a0\u00a0 <a id=\"[object]\" rel=\"lightbox dia=1\" href=\"http:\/\/fr.motocrossmag.be\/wp-content\/uploads\/2011\/09\/willancourt_0353.jpg\"><img decoding=\"async\" class=\"alignnone size-thumbnail wp-image-13001\" title=\"willancourt_0353\" src=\"http:\/\/fr.motocrossmag.be\/wp-content\/uploads\/2011\/09\/willancourt_0353-150x150.jpg\" alt=\"\" width=\"150\" height=\"150\" \/><\/a><br \/>\n<a id=\"[object]\" rel=\"lightbox dia=1\" href=\"http:\/\/fr.motocrossmag.be\/wp-content\/uploads\/2011\/09\/willancourt_0360.jpg\"><img decoding=\"async\" class=\"alignnone size-thumbnail wp-image-13000\" title=\"willancourt_0360\" src=\"http:\/\/fr.motocrossmag.be\/wp-content\/uploads\/2011\/09\/willancourt_0360-150x150.jpg\" alt=\"\" width=\"150\" height=\"150\" \/><\/a>\u00a0\u00a0 <a id=\"[object]\" rel=\"lightbox dia=1\" href=\"http:\/\/fr.motocrossmag.be\/wp-content\/uploads\/2011\/09\/willancourt_0380.jpg\"><img decoding=\"async\" class=\"alignnone size-thumbnail wp-image-12999\" title=\"willancourt_0380\" src=\"http:\/\/fr.motocrossmag.be\/wp-content\/uploads\/2011\/09\/willancourt_0380-150x150.jpg\" alt=\"\" width=\"150\" height=\"150\" \/><\/a>\u00a0\u00a0 <a id=\"[object]\" rel=\"lightbox dia=1\" href=\"http:\/\/fr.motocrossmag.be\/wp-content\/uploads\/2011\/09\/willancourt_494.jpg\"><img decoding=\"async\" class=\"alignnone size-thumbnail wp-image-12998\" title=\"willancourt_494\" src=\"http:\/\/fr.motocrossmag.be\/wp-content\/uploads\/2011\/09\/willancourt_494-150x150.jpg\" alt=\"\" width=\"150\" height=\"150\" \/><\/a><br \/>\n<a id=\"[object]\" rel=\"lightbox dia=1\" href=\"http:\/\/fr.motocrossmag.be\/wp-content\/uploads\/2011\/09\/willancourt_0535.jpg\"><img decoding=\"async\" class=\"alignnone size-thumbnail wp-image-12997\" title=\"willancourt_0535\" src=\"http:\/\/fr.motocrossmag.be\/wp-content\/uploads\/2011\/09\/willancourt_0535-150x150.jpg\" alt=\"\" width=\"150\" height=\"150\" \/><\/a>\u00a0\u00a0 <a id=\"[object]\" rel=\"lightbox dia=1\" href=\"http:\/\/fr.motocrossmag.be\/wp-content\/uploads\/2011\/09\/willancourt_0538.jpg\"><img decoding=\"async\" class=\"alignnone size-thumbnail wp-image-12996\" title=\"willancourt_0538\" src=\"http:\/\/fr.motocrossmag.be\/wp-content\/uploads\/2011\/09\/willancourt_0538-150x150.jpg\" alt=\"\" width=\"150\" height=\"150\" \/><\/a>\u00a0\u00a0 <a id=\"[object]\" rel=\"lightbox dia=1\" href=\"http:\/\/fr.motocrossmag.be\/wp-content\/uploads\/2011\/09\/willancourt_0549.jpg\"><img decoding=\"async\" class=\"alignnone size-thumbnail wp-image-12994\" title=\"willancourt_0549\" src=\"http:\/\/fr.motocrossmag.be\/wp-content\/uploads\/2011\/09\/willancourt_0549-150x150.jpg\" alt=\"\" width=\"150\" height=\"150\" \/><\/a><br \/>\n<a id=\"[object]\" rel=\"lightbox dia=1\" href=\"http:\/\/fr.motocrossmag.be\/wp-content\/uploads\/2011\/09\/willancourt_0552.jpg\"><img decoding=\"async\" class=\"alignnone size-thumbnail wp-image-12993\" title=\"willancourt_0552\" src=\"http:\/\/fr.motocrossmag.be\/wp-content\/uploads\/2011\/09\/willancourt_0552-150x150.jpg\" alt=\"\" width=\"150\" height=\"150\" \/><\/a>\u00a0\u00a0 <a id=\"[object]\" rel=\"lightbox dia=1\" href=\"http:\/\/fr.motocrossmag.be\/wp-content\/uploads\/2011\/09\/willancourt_1199.jpg\"><img decoding=\"async\" class=\"alignnone size-thumbnail wp-image-12992\" title=\"willancourt_1199\" src=\"http:\/\/fr.motocrossmag.be\/wp-content\/uploads\/2011\/09\/willancourt_1199-150x150.jpg\" alt=\"\" width=\"150\" height=\"150\" \/><\/a>\u00a0\u00a0 <a id=\"[object]\" rel=\"lightbox dia=1\" href=\"http:\/\/fr.motocrossmag.be\/wp-content\/uploads\/2011\/09\/willancourt_1439.jpg\"><img decoding=\"async\" class=\"alignnone size-thumbnail wp-image-12991\" title=\"willancourt_1439\" src=\"http:\/\/fr.motocrossmag.be\/wp-content\/uploads\/2011\/09\/willancourt_1439-150x150.jpg\" alt=\"\" width=\"150\" height=\"150\" \/><\/a><br \/>\n<a id=\"[object]\" rel=\"lightbox dia=1\" href=\"http:\/\/fr.motocrossmag.be\/wp-content\/uploads\/2011\/09\/willancourt_1517.jpg\"><img decoding=\"async\" class=\"alignnone size-thumbnail wp-image-12990\" title=\"willancourt_1517\" src=\"http:\/\/fr.motocrossmag.be\/wp-content\/uploads\/2011\/09\/willancourt_1517-150x150.jpg\" alt=\"\" width=\"150\" height=\"150\" \/><\/a>\u00a0\u00a0 <a id=\"[object]\" rel=\"lightbox dia=1\" href=\"http:\/\/fr.motocrossmag.be\/wp-content\/uploads\/2011\/09\/willancourt_1558.jpg\"><img decoding=\"async\" class=\"alignnone size-thumbnail wp-image-12989\" title=\"willancourt_1558\" src=\"http:\/\/fr.motocrossmag.be\/wp-content\/uploads\/2011\/09\/willancourt_1558-150x150.jpg\" alt=\"\" width=\"150\" height=\"150\" \/><\/a>\u00a0\u00a0 <a id=\"[object]\" rel=\"lightbox dia=1\" href=\"http:\/\/fr.motocrossmag.be\/wp-content\/uploads\/2011\/09\/willancourt_1979.jpg\"><img decoding=\"async\" class=\"alignnone size-thumbnail wp-image-12988\" title=\"willancourt_1979\" src=\"http:\/\/fr.motocrossmag.be\/wp-content\/uploads\/2011\/09\/willancourt_1979-150x150.jpg\" alt=\"\" width=\"150\" height=\"150\" \/><\/a><br \/>\n<a rel=\"lightbox dia=1\" href=\"http:\/\/fr.motocrossmag.be\/wp-content\/uploads\/2011\/09\/willancourt_2019.jpg\"><img decoding=\"async\" class=\"alignnone size-thumbnail wp-image-12987\" title=\"willancourt_2019\" src=\"http:\/\/fr.motocrossmag.be\/wp-content\/uploads\/2011\/09\/willancourt_2019-150x150.jpg\" alt=\"\" width=\"150\" height=\"150\" \/><\/a><\/p>\n","protected":false},"excerpt":{"rendered":"<p>Grosse affluence ce week-end \u00e0\u00a0 Willancourt o\u00f9 le club gaumais avait programm\u00e9 2 journ\u00e9es de motocross particuli\u00e8rement charg\u00e9es avec le samedi les courses de la BOTA et le dimanche une manche du championnat AMPL. Ce \u00e0\u00a0 quoi\u00a0est venu s&rsquo;ajouter le premier troph\u00e9e \u00ab\u00a0inter-nations\u00a0\u00bb, auquel ont pris part 5 \u00e9quipes de 20 pilotes.\u00a0Ce troph\u00e9e est remport\u00e9 [&hellip;]<\/p>\n","protected":false},"author":932,"featured_media":0,"comment_status":"open","ping_status":"closed","sticky":false,"template":"","format":"standard","meta":{"tdm_status":"","tdm_grid_status":"","footnotes":""},"categories":[30,4,66],"tags":[],"class_list":["post-12986","post","type-post","status-publish","format-standard","category-ampl","category-motocross","category-photos"],"yoast_head":"<!-- This site is optimized with the Yoast SEO plugin v28.4 - https:\/\/yoast.com\/product\/yoast-seo-wordpress\/ -->\n<title>Galerie photos | Photos: Motocross AMPL \u00e0\u00a0 Willancourt  - Motocross - Enduro - Supermoto | MotocrossMag<\/title>\n<meta name=\"robots\" content=\"index, follow, max-snippet:-1, max-image-preview:large, max-video-preview:-1\" \/>\n<link rel=\"canonical\" href=\"https:\/\/fr.motocrossmag.be\/index.php\/2011\/09\/galerie-photos-photos-motocross-ampl-a-willancourt\/\" \/>\n<meta property=\"og:locale\" content=\"fr_FR\" \/>\n<meta property=\"og:type\" content=\"article\" \/>\n<meta property=\"og:title\" content=\"Galerie photos | Photos: Motocross AMPL \u00e0\u00a0 Willancourt  - Motocross - Enduro - Supermoto | MotocrossMag\" \/>\n<meta property=\"og:description\" content=\"Grosse affluence ce week-end \u00e0\u00a0 Willancourt o\u00f9 le club gaumais avait programm\u00e9 2 journ\u00e9es de motocross particuli\u00e8rement charg\u00e9es avec le samedi les courses de la BOTA et le dimanche une manche du championnat AMPL. Ce \u00e0\u00a0 quoi\u00a0est venu s&rsquo;ajouter le premier troph\u00e9e \u00ab\u00a0inter-nations\u00a0\u00bb, auquel ont pris part 5 \u00e9quipes de 20 pilotes.\u00a0Ce troph\u00e9e est remport\u00e9 [&hellip;]\" \/>\n<meta property=\"og:url\" content=\"https:\/\/fr.motocrossmag.be\/index.php\/2011\/09\/galerie-photos-photos-motocross-ampl-a-willancourt\/\" \/>\n<meta property=\"og:site_name\" content=\"Motocross - Enduro - Supermoto | MotocrossMag\" \/>\n<meta property=\"article:published_time\" content=\"2011-09-07T05:14:57+00:00\" \/>\n<meta property=\"article:modified_time\" content=\"2011-09-07T05:17:14+00:00\" \/>\n<meta property=\"og:image\" content=\"http:\/\/fr.motocrossmag.be\/wp-content\/uploads\/2011\/09\/willancourt_0137-150x150.jpg\" \/>\n<meta name=\"author\" content=\"oliviere\" \/>\n<meta name=\"twitter:card\" content=\"summary_large_image\" \/>\n<meta name=\"twitter:label1\" content=\"\u00c9crit par\" \/>\n\t<meta name=\"twitter:data1\" content=\"oliviere\" \/>\n<script type=\"application\/ld+json\" class=\"yoast-schema-graph\">{\"@context\":\"https:\\\/\\\/schema.org\",\"@graph\":[{\"@type\":\"Article\",\"@id\":\"https:\\\/\\\/fr.motocrossmag.be\\\/index.php\\\/2011\\\/09\\\/galerie-photos-photos-motocross-ampl-a-willancourt\\\/#article\",\"isPartOf\":{\"@id\":\"https:\\\/\\\/fr.motocrossmag.be\\\/index.php\\\/2011\\\/09\\\/galerie-photos-photos-motocross-ampl-a-willancourt\\\/\"},\"author\":{\"name\":\"oliviere\",\"@id\":\"https:\\\/\\\/fr.motocrossmag.be\\\/#\\\/schema\\\/person\\\/11b47143d9f755babca2c9110e03235c\"},\"headline\":\"Galerie photos | Photos: Motocross AMPL \u00e0\u00a0 Willancourt\",\"datePublished\":\"2011-09-07T05:14:57+00:00\",\"dateModified\":\"2011-09-07T05:17:14+00:00\",\"mainEntityOfPage\":{\"@id\":\"https:\\\/\\\/fr.motocrossmag.be\\\/index.php\\\/2011\\\/09\\\/galerie-photos-photos-motocross-ampl-a-willancourt\\\/\"},\"wordCount\":99,\"commentCount\":0,\"image\":{\"@id\":\"https:\\\/\\\/fr.motocrossmag.be\\\/index.php\\\/2011\\\/09\\\/galerie-photos-photos-motocross-ampl-a-willancourt\\\/#primaryimage\"},\"thumbnailUrl\":\"http:\\\/\\\/fr.motocrossmag.be\\\/wp-content\\\/uploads\\\/2011\\\/09\\\/willancourt_0137-150x150.jpg\",\"articleSection\":[\"AMPL\",\"Motocross\",\"Photos\"],\"inLanguage\":\"fr-FR\",\"potentialAction\":[{\"@type\":\"CommentAction\",\"name\":\"Comment\",\"target\":[\"https:\\\/\\\/fr.motocrossmag.be\\\/index.php\\\/2011\\\/09\\\/galerie-photos-photos-motocross-ampl-a-willancourt\\\/#respond\"]}]},{\"@type\":\"WebPage\",\"@id\":\"https:\\\/\\\/fr.motocrossmag.be\\\/index.php\\\/2011\\\/09\\\/galerie-photos-photos-motocross-ampl-a-willancourt\\\/\",\"url\":\"https:\\\/\\\/fr.motocrossmag.be\\\/index.php\\\/2011\\\/09\\\/galerie-photos-photos-motocross-ampl-a-willancourt\\\/\",\"name\":\"Galerie photos | Photos: Motocross AMPL \u00e0\u00a0 Willancourt - Motocross - Enduro - Supermoto | MotocrossMag\",\"isPartOf\":{\"@id\":\"https:\\\/\\\/fr.motocrossmag.be\\\/#website\"},\"primaryImageOfPage\":{\"@id\":\"https:\\\/\\\/fr.motocrossmag.be\\\/index.php\\\/2011\\\/09\\\/galerie-photos-photos-motocross-ampl-a-willancourt\\\/#primaryimage\"},\"image\":{\"@id\":\"https:\\\/\\\/fr.motocrossmag.be\\\/index.php\\\/2011\\\/09\\\/galerie-photos-photos-motocross-ampl-a-willancourt\\\/#primaryimage\"},\"thumbnailUrl\":\"http:\\\/\\\/fr.motocrossmag.be\\\/wp-content\\\/uploads\\\/2011\\\/09\\\/willancourt_0137-150x150.jpg\",\"datePublished\":\"2011-09-07T05:14:57+00:00\",\"dateModified\":\"2011-09-07T05:17:14+00:00\",\"author\":{\"@id\":\"https:\\\/\\\/fr.motocrossmag.be\\\/#\\\/schema\\\/person\\\/11b47143d9f755babca2c9110e03235c\"},\"breadcrumb\":{\"@id\":\"https:\\\/\\\/fr.motocrossmag.be\\\/index.php\\\/2011\\\/09\\\/galerie-photos-photos-motocross-ampl-a-willancourt\\\/#breadcrumb\"},\"inLanguage\":\"fr-FR\",\"potentialAction\":[{\"@type\":\"ReadAction\",\"target\":[\"https:\\\/\\\/fr.motocrossmag.be\\\/index.php\\\/2011\\\/09\\\/galerie-photos-photos-motocross-ampl-a-willancourt\\\/\"]}]},{\"@type\":\"ImageObject\",\"inLanguage\":\"fr-FR\",\"@id\":\"https:\\\/\\\/fr.motocrossmag.be\\\/index.php\\\/2011\\\/09\\\/galerie-photos-photos-motocross-ampl-a-willancourt\\\/#primaryimage\",\"url\":\"https:\\\/\\\/fr.motocrossmag.be\\\/wp-content\\\/uploads\\\/2011\\\/09\\\/willancourt_0137.jpg\",\"contentUrl\":\"https:\\\/\\\/fr.motocrossmag.be\\\/wp-content\\\/uploads\\\/2011\\\/09\\\/willancourt_0137.jpg\",\"width\":900,\"height\":600},{\"@type\":\"BreadcrumbList\",\"@id\":\"https:\\\/\\\/fr.motocrossmag.be\\\/index.php\\\/2011\\\/09\\\/galerie-photos-photos-motocross-ampl-a-willancourt\\\/#breadcrumb\",\"itemListElement\":[{\"@type\":\"ListItem\",\"position\":1,\"name\":\"Accueil\",\"item\":\"https:\\\/\\\/fr.motocrossmag.be\\\/\"},{\"@type\":\"ListItem\",\"position\":2,\"name\":\"Galerie photos | Photos: Motocross AMPL \u00e0\u00a0 Willancourt\"}]},{\"@type\":\"WebSite\",\"@id\":\"https:\\\/\\\/fr.motocrossmag.be\\\/#website\",\"url\":\"https:\\\/\\\/fr.motocrossmag.be\\\/\",\"name\":\"Motocross - Enduro - Supermoto | MotocrossMag\",\"description\":\"L&#039;actualit\u00e9 du motocross, de l&#039;enduro et du Supermoto en ligne!\",\"potentialAction\":[{\"@type\":\"SearchAction\",\"target\":{\"@type\":\"EntryPoint\",\"urlTemplate\":\"https:\\\/\\\/fr.motocrossmag.be\\\/?s={search_term_string}\"},\"query-input\":{\"@type\":\"PropertyValueSpecification\",\"valueRequired\":true,\"valueName\":\"search_term_string\"}}],\"inLanguage\":\"fr-FR\"},{\"@type\":\"Person\",\"@id\":\"https:\\\/\\\/fr.motocrossmag.be\\\/#\\\/schema\\\/person\\\/11b47143d9f755babca2c9110e03235c\",\"name\":\"oliviere\",\"image\":{\"@type\":\"ImageObject\",\"inLanguage\":\"fr-FR\",\"@id\":\"https:\\\/\\\/secure.gravatar.com\\\/avatar\\\/907069e0b81d119452040469e4a7501da1100f54f7f80180ce77bfab718288f6?s=96&d=mm&r=g\",\"url\":\"https:\\\/\\\/secure.gravatar.com\\\/avatar\\\/907069e0b81d119452040469e4a7501da1100f54f7f80180ce77bfab718288f6?s=96&d=mm&r=g\",\"contentUrl\":\"https:\\\/\\\/secure.gravatar.com\\\/avatar\\\/907069e0b81d119452040469e4a7501da1100f54f7f80180ce77bfab718288f6?s=96&d=mm&r=g\",\"caption\":\"oliviere\"},\"sameAs\":[\"http:\\\/\\\/www.motocrossmag.be\"],\"url\":\"https:\\\/\\\/fr.motocrossmag.be\\\/index.php\\\/author\\\/oliviere\\\/\"}]}<\/script>\n<!-- \/ Yoast SEO plugin. -->","yoast_head_json":{"title":"Galerie photos | Photos: Motocross AMPL \u00e0\u00a0 Willancourt  - Motocross - Enduro - Supermoto | MotocrossMag","robots":{"index":"index","follow":"follow","max-snippet":"max-snippet:-1","max-image-preview":"max-image-preview:large","max-video-preview":"max-video-preview:-1"},"canonical":"https:\/\/fr.motocrossmag.be\/index.php\/2011\/09\/galerie-photos-photos-motocross-ampl-a-willancourt\/","og_locale":"fr_FR","og_type":"article","og_title":"Galerie photos | Photos: Motocross AMPL \u00e0\u00a0 Willancourt  - Motocross - Enduro - Supermoto | MotocrossMag","og_description":"Grosse affluence ce week-end \u00e0\u00a0 Willancourt o\u00f9 le club gaumais avait programm\u00e9 2 journ\u00e9es de motocross particuli\u00e8rement charg\u00e9es avec le samedi les courses de la BOTA et le dimanche une manche du championnat AMPL. Ce \u00e0\u00a0 quoi\u00a0est venu s&rsquo;ajouter le premier troph\u00e9e \u00ab\u00a0inter-nations\u00a0\u00bb, auquel ont pris part 5 \u00e9quipes de 20 pilotes.\u00a0Ce troph\u00e9e est remport\u00e9 [&hellip;]","og_url":"https:\/\/fr.motocrossmag.be\/index.php\/2011\/09\/galerie-photos-photos-motocross-ampl-a-willancourt\/","og_site_name":"Motocross - Enduro - Supermoto | MotocrossMag","article_published_time":"2011-09-07T05:14:57+00:00","article_modified_time":"2011-09-07T05:17:14+00:00","og_image":[{"url":"http:\/\/fr.motocrossmag.be\/wp-content\/uploads\/2011\/09\/willancourt_0137-150x150.jpg","type":"","width":"","height":""}],"author":"oliviere","twitter_card":"summary_large_image","twitter_misc":{"\u00c9crit par":"oliviere"},"schema":{"@context":"https:\/\/schema.org","@graph":[{"@type":"Article","@id":"https:\/\/fr.motocrossmag.be\/index.php\/2011\/09\/galerie-photos-photos-motocross-ampl-a-willancourt\/#article","isPartOf":{"@id":"https:\/\/fr.motocrossmag.be\/index.php\/2011\/09\/galerie-photos-photos-motocross-ampl-a-willancourt\/"},"author":{"name":"oliviere","@id":"https:\/\/fr.motocrossmag.be\/#\/schema\/person\/11b47143d9f755babca2c9110e03235c"},"headline":"Galerie photos | Photos: Motocross AMPL \u00e0\u00a0 Willancourt","datePublished":"2011-09-07T05:14:57+00:00","dateModified":"2011-09-07T05:17:14+00:00","mainEntityOfPage":{"@id":"https:\/\/fr.motocrossmag.be\/index.php\/2011\/09\/galerie-photos-photos-motocross-ampl-a-willancourt\/"},"wordCount":99,"commentCount":0,"image":{"@id":"https:\/\/fr.motocrossmag.be\/index.php\/2011\/09\/galerie-photos-photos-motocross-ampl-a-willancourt\/#primaryimage"},"thumbnailUrl":"http:\/\/fr.motocrossmag.be\/wp-content\/uploads\/2011\/09\/willancourt_0137-150x150.jpg","articleSection":["AMPL","Motocross","Photos"],"inLanguage":"fr-FR","potentialAction":[{"@type":"CommentAction","name":"Comment","target":["https:\/\/fr.motocrossmag.be\/index.php\/2011\/09\/galerie-photos-photos-motocross-ampl-a-willancourt\/#respond"]}]},{"@type":"WebPage","@id":"https:\/\/fr.motocrossmag.be\/index.php\/2011\/09\/galerie-photos-photos-motocross-ampl-a-willancourt\/","url":"https:\/\/fr.motocrossmag.be\/index.php\/2011\/09\/galerie-photos-photos-motocross-ampl-a-willancourt\/","name":"Galerie photos | Photos: Motocross AMPL \u00e0\u00a0 Willancourt - Motocross - Enduro - Supermoto | MotocrossMag","isPartOf":{"@id":"https:\/\/fr.motocrossmag.be\/#website"},"primaryImageOfPage":{"@id":"https:\/\/fr.motocrossmag.be\/index.php\/2011\/09\/galerie-photos-photos-motocross-ampl-a-willancourt\/#primaryimage"},"image":{"@id":"https:\/\/fr.motocrossmag.be\/index.php\/2011\/09\/galerie-photos-photos-motocross-ampl-a-willancourt\/#primaryimage"},"thumbnailUrl":"http:\/\/fr.motocrossmag.be\/wp-content\/uploads\/2011\/09\/willancourt_0137-150x150.jpg","datePublished":"2011-09-07T05:14:57+00:00","dateModified":"2011-09-07T05:17:14+00:00","author":{"@id":"https:\/\/fr.motocrossmag.be\/#\/schema\/person\/11b47143d9f755babca2c9110e03235c"},"breadcrumb":{"@id":"https:\/\/fr.motocrossmag.be\/index.php\/2011\/09\/galerie-photos-photos-motocross-ampl-a-willancourt\/#breadcrumb"},"inLanguage":"fr-FR","potentialAction":[{"@type":"ReadAction","target":["https:\/\/fr.motocrossmag.be\/index.php\/2011\/09\/galerie-photos-photos-motocross-ampl-a-willancourt\/"]}]},{"@type":"ImageObject","inLanguage":"fr-FR","@id":"https:\/\/fr.motocrossmag.be\/index.php\/2011\/09\/galerie-photos-photos-motocross-ampl-a-willancourt\/#primaryimage","url":"https:\/\/fr.motocrossmag.be\/wp-content\/uploads\/2011\/09\/willancourt_0137.jpg","contentUrl":"https:\/\/fr.motocrossmag.be\/wp-content\/uploads\/2011\/09\/willancourt_0137.jpg","width":900,"height":600},{"@type":"BreadcrumbList","@id":"https:\/\/fr.motocrossmag.be\/index.php\/2011\/09\/galerie-photos-photos-motocross-ampl-a-willancourt\/#breadcrumb","itemListElement":[{"@type":"ListItem","position":1,"name":"Accueil","item":"https:\/\/fr.motocrossmag.be\/"},{"@type":"ListItem","position":2,"name":"Galerie photos | Photos: Motocross AMPL \u00e0\u00a0 Willancourt"}]},{"@type":"WebSite","@id":"https:\/\/fr.motocrossmag.be\/#website","url":"https:\/\/fr.motocrossmag.be\/","name":"Motocross - Enduro - Supermoto | MotocrossMag","description":"L&#039;actualit\u00e9 du motocross, de l&#039;enduro et du Supermoto en ligne!","potentialAction":[{"@type":"SearchAction","target":{"@type":"EntryPoint","urlTemplate":"https:\/\/fr.motocrossmag.be\/?s={search_term_string}"},"query-input":{"@type":"PropertyValueSpecification","valueRequired":true,"valueName":"search_term_string"}}],"inLanguage":"fr-FR"},{"@type":"Person","@id":"https:\/\/fr.motocrossmag.be\/#\/schema\/person\/11b47143d9f755babca2c9110e03235c","name":"oliviere","image":{"@type":"ImageObject","inLanguage":"fr-FR","@id":"https:\/\/secure.gravatar.com\/avatar\/907069e0b81d119452040469e4a7501da1100f54f7f80180ce77bfab718288f6?s=96&d=mm&r=g","url":"https:\/\/secure.gravatar.com\/avatar\/907069e0b81d119452040469e4a7501da1100f54f7f80180ce77bfab718288f6?s=96&d=mm&r=g","contentUrl":"https:\/\/secure.gravatar.com\/avatar\/907069e0b81d119452040469e4a7501da1100f54f7f80180ce77bfab718288f6?s=96&d=mm&r=g","caption":"oliviere"},"sameAs":["http:\/\/www.motocrossmag.be"],"url":"https:\/\/fr.motocrossmag.be\/index.php\/author\/oliviere\/"}]}},"_links":{"self":[{"href":"https:\/\/fr.motocrossmag.be\/index.php\/wp-json\/wp\/v2\/posts\/12986","targetHints":{"allow":["GET"]}}],"collection":[{"href":"https:\/\/fr.motocrossmag.be\/index.php\/wp-json\/wp\/v2\/posts"}],"about":[{"href":"https:\/\/fr.motocrossmag.be\/index.php\/wp-json\/wp\/v2\/types\/post"}],"author":[{"embeddable":true,"href":"https:\/\/fr.motocrossmag.be\/index.php\/wp-json\/wp\/v2\/users\/932"}],"replies":[{"embeddable":true,"href":"https:\/\/fr.motocrossmag.be\/index.php\/wp-json\/wp\/v2\/comments?post=12986"}],"version-history":[{"count":0,"href":"https:\/\/fr.motocrossmag.be\/index.php\/wp-json\/wp\/v2\/posts\/12986\/revisions"}],"wp:attachment":[{"href":"https:\/\/fr.motocrossmag.be\/index.php\/wp-json\/wp\/v2\/media?parent=12986"}],"wp:term":[{"taxonomy":"category","embeddable":true,"href":"https:\/\/fr.motocrossmag.be\/index.php\/wp-json\/wp\/v2\/categories?post=12986"},{"taxonomy":"post_tag","embeddable":true,"href":"https:\/\/fr.motocrossmag.be\/index.php\/wp-json\/wp\/v2\/tags?post=12986"}],"curies":[{"name":"wp","href":"https:\/\/api.w.org\/{rel}","templated":true}]}}