{"id":1301,"date":"2008-07-27T22:38:02","date_gmt":"2008-07-27T21:38:02","guid":{"rendered":"http:\/\/www.motocrossmag.be\/?p=1301"},"modified":"2008-07-27T22:40:53","modified_gmt":"2008-07-27T21:40:53","slug":"motocross-fmb-nismes-clement-desalle-simpose-a-nismes","status":"publish","type":"post","link":"https:\/\/fr.motocrossmag.be\/index.php\/2008\/07\/motocross-fmb-nismes-clement-desalle-simpose-a-nismes\/","title":{"rendered":"Motocross FMB &#8211; Nismes | Cl\u00e9ment Desalle s&rsquo;impose &agrave; Nismes!"},"content":{"rendered":"<p><img decoding=\"async\" class=\"lazyload alignnone size-full wp-image-1302\" title=\"Cl\u00e9ment Desalle s\\'est impos\u00e9 aujourd\\'hui &agrave; Nismes!\" src=\"http:\/\/www.motocrossmag.be\/wp-content\/uploads\/2008\/07\/nismes_desalle2.jpg\" data-orig-src=\"http:\/\/www.motocrossmag.be\/wp-content\/uploads\/2008\/07\/nismes_desalle2.jpg\" alt=\"\" width=\"500\" height=\"342\" srcset=\"data:image\/svg+xml,%3Csvg%20xmlns%3D%27http%3A%2F%2Fwww.w3.org%2F2000%2Fsvg%27%20width%3D%27500%27%20height%3D%27342%27%20viewBox%3D%270%200%20500%20342%27%3E%3Crect%20width%3D%27500%27%20height%3D%27342%27%20fill-opacity%3D%220%22%2F%3E%3C%2Fsvg%3E\" data-srcset=\"https:\/\/fr.motocrossmag.be\/wp-content\/uploads\/2008\/07\/nismes_desalle2-300x205.jpg 300w, https:\/\/fr.motocrossmag.be\/wp-content\/uploads\/2008\/07\/nismes_desalle2.jpg 500w\" data-sizes=\"auto\" data-orig-sizes=\"(max-width: 500px) 100vw, 500px\" \/><\/p>\n<p>Pour sa premi\u00e8re apparition en championnat de Belgique, Cl\u00e9ment Desalle s&rsquo;est impos\u00e9 aujourd&rsquo;hui &agrave; Nismes, o\u00f9 se d\u00e9roulait la 3\u00e8me \u00e9preuve du United Telecom Trophy 2008. Sous un soleil estival et port\u00e9 par un public wallon acquis &agrave; sa cause, le pilote Inotec\/Suzuki a remport\u00e9 la premi\u00e8re manche avant de terminer second puis 3\u00e8me dans les suivantes.<br \/>\nAu g\u00e9n\u00e9ral, il termine devant Ken De Dijcker, qui a chut\u00e9 en d\u00e9but de premi\u00e8re manche avant de remporter les 2 autres malgr\u00e9 une \u00e9paule toujours douloureuse, et le r\u00e9gulier Manuel Priem. <\/p>\n<p><strong>R\u00e9sultats United Telecom Trophy<\/strong><\/p>\n<p>1 DESALLE Clement 67<br \/>\n2 DE DIJCKER Ken 62<br \/>\n3 PRIEM Manuel 58<br \/>\n4 BARRAGAN Jonathan 53<br \/>\n5 STRIJBOS Kevin 47<br \/>\n6 RAMON Steve 43<br \/>\n7 VERHOEVEN Bas 39<br \/>\n8 THEYBERS Danny 39<br \/>\n9 SALAETS Kristof 35<br \/>\n10 SCHR\u00e0\u2013TER Dennis 30<br \/>\n11VAN NOOTEN Jurgen 24<br \/>\n12 COLUMB Scotty 23<br \/>\n13 VAN LOON Tom 22<br \/>\n14 VAN DER HEYDEN Wim 19<br \/>\n15 BESONHE Michael 18<\/p>\n","protected":false},"excerpt":{"rendered":"<p>Pour sa premi\u00e8re apparition en championnat de Belgique, Cl\u00e9ment Desalle s&rsquo;est impos\u00e9 aujourd&rsquo;hui &agrave; Nismes, o\u00f9 se d\u00e9roulait la 3\u00e8me \u00e9preuve du United Telecom Trophy 2008. Sous un soleil estival [&#8230;]<\/p>\n","protected":false},"author":932,"featured_media":0,"comment_status":"open","ping_status":"open","sticky":false,"template":"","format":"standard","meta":{"footnotes":""},"categories":[54,4,5,55],"tags":[],"class_list":["post-1301","post","type-post","status-publish","format-standard","hentry","category-actualite","category-motocross","category-news","category-news-actualite"],"yoast_head":"<!-- This site is optimized with the Yoast SEO plugin v27.4 - https:\/\/yoast.com\/product\/yoast-seo-wordpress\/ -->\n<title>Motocross FMB - Nismes | Cl\u00e9ment Desalle s&#039;impose &agrave; Nismes! - Motocross - Enduro - Supermoto | MotocrossMag<\/title>\n<meta name=\"robots\" content=\"index, follow, max-snippet:-1, max-image-preview:large, max-video-preview:-1\" \/>\n<link rel=\"canonical\" href=\"https:\/\/fr.motocrossmag.be\/index.php\/2008\/07\/motocross-fmb-nismes-clement-desalle-simpose-a-nismes\/\" \/>\n<meta property=\"og:locale\" content=\"fr_FR\" \/>\n<meta property=\"og:type\" content=\"article\" \/>\n<meta property=\"og:title\" content=\"Motocross FMB - Nismes | Cl\u00e9ment Desalle s&#039;impose &agrave; Nismes! - Motocross - Enduro - Supermoto | MotocrossMag\" \/>\n<meta property=\"og:description\" content=\"Pour sa premi\u00e8re apparition en championnat de Belgique, Cl\u00e9ment Desalle s&rsquo;est impos\u00e9 aujourd&rsquo;hui &agrave; Nismes, o\u00f9 se d\u00e9roulait la 3\u00e8me \u00e9preuve du United Telecom Trophy 2008. Sous un soleil estival [...]\" \/>\n<meta property=\"og:url\" content=\"https:\/\/fr.motocrossmag.be\/index.php\/2008\/07\/motocross-fmb-nismes-clement-desalle-simpose-a-nismes\/\" \/>\n<meta property=\"og:site_name\" content=\"Motocross - Enduro - Supermoto | MotocrossMag\" \/>\n<meta property=\"article:published_time\" content=\"2008-07-27T21:38:02+00:00\" \/>\n<meta property=\"article:modified_time\" content=\"2008-07-27T21:40:53+00:00\" \/>\n<meta property=\"og:image\" content=\"http:\/\/www.motocrossmag.be\/wp-content\/uploads\/2008\/07\/nismes_desalle2.jpg\" \/>\n<meta name=\"author\" content=\"oliviere\" \/>\n<meta name=\"twitter:card\" content=\"summary_large_image\" \/>\n<meta name=\"twitter:label1\" content=\"\u00c9crit par\" \/>\n\t<meta name=\"twitter:data1\" content=\"oliviere\" \/>\n\t<meta name=\"twitter:label2\" content=\"Dur\u00e9e de lecture estim\u00e9e\" \/>\n\t<meta name=\"twitter:data2\" content=\"1 minute\" \/>\n<script type=\"application\/ld+json\" class=\"yoast-schema-graph\">{\"@context\":\"https:\\\/\\\/schema.org\",\"@graph\":[{\"@type\":\"Article\",\"@id\":\"https:\\\/\\\/fr.motocrossmag.be\\\/index.php\\\/2008\\\/07\\\/motocross-fmb-nismes-clement-desalle-simpose-a-nismes\\\/#article\",\"isPartOf\":{\"@id\":\"https:\\\/\\\/fr.motocrossmag.be\\\/index.php\\\/2008\\\/07\\\/motocross-fmb-nismes-clement-desalle-simpose-a-nismes\\\/\"},\"author\":{\"name\":\"oliviere\",\"@id\":\"https:\\\/\\\/fr.motocrossmag.be\\\/#\\\/schema\\\/person\\\/11b47143d9f755babca2c9110e03235c\"},\"headline\":\"Motocross FMB &#8211; Nismes | Cl\u00e9ment Desalle s&rsquo;impose &agrave; Nismes!\",\"datePublished\":\"2008-07-27T21:38:02+00:00\",\"dateModified\":\"2008-07-27T21:40:53+00:00\",\"mainEntityOfPage\":{\"@id\":\"https:\\\/\\\/fr.motocrossmag.be\\\/index.php\\\/2008\\\/07\\\/motocross-fmb-nismes-clement-desalle-simpose-a-nismes\\\/\"},\"wordCount\":151,\"commentCount\":0,\"image\":{\"@id\":\"https:\\\/\\\/fr.motocrossmag.be\\\/index.php\\\/2008\\\/07\\\/motocross-fmb-nismes-clement-desalle-simpose-a-nismes\\\/#primaryimage\"},\"thumbnailUrl\":\"http:\\\/\\\/www.motocrossmag.be\\\/wp-content\\\/uploads\\\/2008\\\/07\\\/nismes_desalle2.jpg\",\"articleSection\":[\"Actualit\u00e9\",\"Motocross\",\"News\",\"News\"],\"inLanguage\":\"fr-FR\",\"potentialAction\":[{\"@type\":\"CommentAction\",\"name\":\"Comment\",\"target\":[\"https:\\\/\\\/fr.motocrossmag.be\\\/index.php\\\/2008\\\/07\\\/motocross-fmb-nismes-clement-desalle-simpose-a-nismes\\\/#respond\"]}]},{\"@type\":\"WebPage\",\"@id\":\"https:\\\/\\\/fr.motocrossmag.be\\\/index.php\\\/2008\\\/07\\\/motocross-fmb-nismes-clement-desalle-simpose-a-nismes\\\/\",\"url\":\"https:\\\/\\\/fr.motocrossmag.be\\\/index.php\\\/2008\\\/07\\\/motocross-fmb-nismes-clement-desalle-simpose-a-nismes\\\/\",\"name\":\"Motocross FMB - Nismes | Cl\u00e9ment Desalle s'impose &agrave; Nismes! - Motocross - Enduro - Supermoto | MotocrossMag\",\"isPartOf\":{\"@id\":\"https:\\\/\\\/fr.motocrossmag.be\\\/#website\"},\"primaryImageOfPage\":{\"@id\":\"https:\\\/\\\/fr.motocrossmag.be\\\/index.php\\\/2008\\\/07\\\/motocross-fmb-nismes-clement-desalle-simpose-a-nismes\\\/#primaryimage\"},\"image\":{\"@id\":\"https:\\\/\\\/fr.motocrossmag.be\\\/index.php\\\/2008\\\/07\\\/motocross-fmb-nismes-clement-desalle-simpose-a-nismes\\\/#primaryimage\"},\"thumbnailUrl\":\"http:\\\/\\\/www.motocrossmag.be\\\/wp-content\\\/uploads\\\/2008\\\/07\\\/nismes_desalle2.jpg\",\"datePublished\":\"2008-07-27T21:38:02+00:00\",\"dateModified\":\"2008-07-27T21:40:53+00:00\",\"author\":{\"@id\":\"https:\\\/\\\/fr.motocrossmag.be\\\/#\\\/schema\\\/person\\\/11b47143d9f755babca2c9110e03235c\"},\"breadcrumb\":{\"@id\":\"https:\\\/\\\/fr.motocrossmag.be\\\/index.php\\\/2008\\\/07\\\/motocross-fmb-nismes-clement-desalle-simpose-a-nismes\\\/#breadcrumb\"},\"inLanguage\":\"fr-FR\",\"potentialAction\":[{\"@type\":\"ReadAction\",\"target\":[\"https:\\\/\\\/fr.motocrossmag.be\\\/index.php\\\/2008\\\/07\\\/motocross-fmb-nismes-clement-desalle-simpose-a-nismes\\\/\"]}]},{\"@type\":\"ImageObject\",\"inLanguage\":\"fr-FR\",\"@id\":\"https:\\\/\\\/fr.motocrossmag.be\\\/index.php\\\/2008\\\/07\\\/motocross-fmb-nismes-clement-desalle-simpose-a-nismes\\\/#primaryimage\",\"url\":\"http:\\\/\\\/www.motocrossmag.be\\\/wp-content\\\/uploads\\\/2008\\\/07\\\/nismes_desalle2.jpg\",\"contentUrl\":\"http:\\\/\\\/www.motocrossmag.be\\\/wp-content\\\/uploads\\\/2008\\\/07\\\/nismes_desalle2.jpg\"},{\"@type\":\"BreadcrumbList\",\"@id\":\"https:\\\/\\\/fr.motocrossmag.be\\\/index.php\\\/2008\\\/07\\\/motocross-fmb-nismes-clement-desalle-simpose-a-nismes\\\/#breadcrumb\",\"itemListElement\":[{\"@type\":\"ListItem\",\"position\":1,\"name\":\"Accueil\",\"item\":\"https:\\\/\\\/fr.motocrossmag.be\\\/\"},{\"@type\":\"ListItem\",\"position\":2,\"name\":\"Motocross FMB &#8211; Nismes | Cl\u00e9ment Desalle s&rsquo;impose &agrave; Nismes!\"}]},{\"@type\":\"WebSite\",\"@id\":\"https:\\\/\\\/fr.motocrossmag.be\\\/#website\",\"url\":\"https:\\\/\\\/fr.motocrossmag.be\\\/\",\"name\":\"Motocross - Enduro - Supermoto | MotocrossMag\",\"description\":\"L&#039;actualit\u00e9 du motocross, de l&#039;enduro et du Supermoto en ligne!\",\"potentialAction\":[{\"@type\":\"SearchAction\",\"target\":{\"@type\":\"EntryPoint\",\"urlTemplate\":\"https:\\\/\\\/fr.motocrossmag.be\\\/?s={search_term_string}\"},\"query-input\":{\"@type\":\"PropertyValueSpecification\",\"valueRequired\":true,\"valueName\":\"search_term_string\"}}],\"inLanguage\":\"fr-FR\"},{\"@type\":\"Person\",\"@id\":\"https:\\\/\\\/fr.motocrossmag.be\\\/#\\\/schema\\\/person\\\/11b47143d9f755babca2c9110e03235c\",\"name\":\"oliviere\",\"image\":{\"@type\":\"ImageObject\",\"inLanguage\":\"fr-FR\",\"@id\":\"https:\\\/\\\/secure.gravatar.com\\\/avatar\\\/907069e0b81d119452040469e4a7501da1100f54f7f80180ce77bfab718288f6?s=96&d=mm&r=g\",\"url\":\"https:\\\/\\\/secure.gravatar.com\\\/avatar\\\/907069e0b81d119452040469e4a7501da1100f54f7f80180ce77bfab718288f6?s=96&d=mm&r=g\",\"contentUrl\":\"https:\\\/\\\/secure.gravatar.com\\\/avatar\\\/907069e0b81d119452040469e4a7501da1100f54f7f80180ce77bfab718288f6?s=96&d=mm&r=g\",\"caption\":\"oliviere\"},\"sameAs\":[\"http:\\\/\\\/www.motocrossmag.be\"],\"url\":\"https:\\\/\\\/fr.motocrossmag.be\\\/index.php\\\/author\\\/oliviere\\\/\"}]}<\/script>\n<!-- \/ Yoast SEO plugin. -->","yoast_head_json":{"title":"Motocross FMB - Nismes | Cl\u00e9ment Desalle s'impose &agrave; Nismes! - Motocross - Enduro - Supermoto | MotocrossMag","robots":{"index":"index","follow":"follow","max-snippet":"max-snippet:-1","max-image-preview":"max-image-preview:large","max-video-preview":"max-video-preview:-1"},"canonical":"https:\/\/fr.motocrossmag.be\/index.php\/2008\/07\/motocross-fmb-nismes-clement-desalle-simpose-a-nismes\/","og_locale":"fr_FR","og_type":"article","og_title":"Motocross FMB - Nismes | Cl\u00e9ment Desalle s'impose &agrave; Nismes! - Motocross - Enduro - Supermoto | MotocrossMag","og_description":"Pour sa premi\u00e8re apparition en championnat de Belgique, Cl\u00e9ment Desalle s&rsquo;est impos\u00e9 aujourd&rsquo;hui &agrave; Nismes, o\u00f9 se d\u00e9roulait la 3\u00e8me \u00e9preuve du United Telecom Trophy 2008. Sous un soleil estival [...]","og_url":"https:\/\/fr.motocrossmag.be\/index.php\/2008\/07\/motocross-fmb-nismes-clement-desalle-simpose-a-nismes\/","og_site_name":"Motocross - Enduro - Supermoto | MotocrossMag","article_published_time":"2008-07-27T21:38:02+00:00","article_modified_time":"2008-07-27T21:40:53+00:00","og_image":[{"url":"http:\/\/www.motocrossmag.be\/wp-content\/uploads\/2008\/07\/nismes_desalle2.jpg","type":"","width":"","height":""}],"author":"oliviere","twitter_card":"summary_large_image","twitter_misc":{"\u00c9crit par":"oliviere","Dur\u00e9e de lecture estim\u00e9e":"1 minute"},"schema":{"@context":"https:\/\/schema.org","@graph":[{"@type":"Article","@id":"https:\/\/fr.motocrossmag.be\/index.php\/2008\/07\/motocross-fmb-nismes-clement-desalle-simpose-a-nismes\/#article","isPartOf":{"@id":"https:\/\/fr.motocrossmag.be\/index.php\/2008\/07\/motocross-fmb-nismes-clement-desalle-simpose-a-nismes\/"},"author":{"name":"oliviere","@id":"https:\/\/fr.motocrossmag.be\/#\/schema\/person\/11b47143d9f755babca2c9110e03235c"},"headline":"Motocross FMB &#8211; Nismes | Cl\u00e9ment Desalle s&rsquo;impose &agrave; Nismes!","datePublished":"2008-07-27T21:38:02+00:00","dateModified":"2008-07-27T21:40:53+00:00","mainEntityOfPage":{"@id":"https:\/\/fr.motocrossmag.be\/index.php\/2008\/07\/motocross-fmb-nismes-clement-desalle-simpose-a-nismes\/"},"wordCount":151,"commentCount":0,"image":{"@id":"https:\/\/fr.motocrossmag.be\/index.php\/2008\/07\/motocross-fmb-nismes-clement-desalle-simpose-a-nismes\/#primaryimage"},"thumbnailUrl":"http:\/\/www.motocrossmag.be\/wp-content\/uploads\/2008\/07\/nismes_desalle2.jpg","articleSection":["Actualit\u00e9","Motocross","News","News"],"inLanguage":"fr-FR","potentialAction":[{"@type":"CommentAction","name":"Comment","target":["https:\/\/fr.motocrossmag.be\/index.php\/2008\/07\/motocross-fmb-nismes-clement-desalle-simpose-a-nismes\/#respond"]}]},{"@type":"WebPage","@id":"https:\/\/fr.motocrossmag.be\/index.php\/2008\/07\/motocross-fmb-nismes-clement-desalle-simpose-a-nismes\/","url":"https:\/\/fr.motocrossmag.be\/index.php\/2008\/07\/motocross-fmb-nismes-clement-desalle-simpose-a-nismes\/","name":"Motocross FMB - Nismes | Cl\u00e9ment Desalle s'impose &agrave; Nismes! - Motocross - Enduro - Supermoto | MotocrossMag","isPartOf":{"@id":"https:\/\/fr.motocrossmag.be\/#website"},"primaryImageOfPage":{"@id":"https:\/\/fr.motocrossmag.be\/index.php\/2008\/07\/motocross-fmb-nismes-clement-desalle-simpose-a-nismes\/#primaryimage"},"image":{"@id":"https:\/\/fr.motocrossmag.be\/index.php\/2008\/07\/motocross-fmb-nismes-clement-desalle-simpose-a-nismes\/#primaryimage"},"thumbnailUrl":"http:\/\/www.motocrossmag.be\/wp-content\/uploads\/2008\/07\/nismes_desalle2.jpg","datePublished":"2008-07-27T21:38:02+00:00","dateModified":"2008-07-27T21:40:53+00:00","author":{"@id":"https:\/\/fr.motocrossmag.be\/#\/schema\/person\/11b47143d9f755babca2c9110e03235c"},"breadcrumb":{"@id":"https:\/\/fr.motocrossmag.be\/index.php\/2008\/07\/motocross-fmb-nismes-clement-desalle-simpose-a-nismes\/#breadcrumb"},"inLanguage":"fr-FR","potentialAction":[{"@type":"ReadAction","target":["https:\/\/fr.motocrossmag.be\/index.php\/2008\/07\/motocross-fmb-nismes-clement-desalle-simpose-a-nismes\/"]}]},{"@type":"ImageObject","inLanguage":"fr-FR","@id":"https:\/\/fr.motocrossmag.be\/index.php\/2008\/07\/motocross-fmb-nismes-clement-desalle-simpose-a-nismes\/#primaryimage","url":"http:\/\/www.motocrossmag.be\/wp-content\/uploads\/2008\/07\/nismes_desalle2.jpg","contentUrl":"http:\/\/www.motocrossmag.be\/wp-content\/uploads\/2008\/07\/nismes_desalle2.jpg"},{"@type":"BreadcrumbList","@id":"https:\/\/fr.motocrossmag.be\/index.php\/2008\/07\/motocross-fmb-nismes-clement-desalle-simpose-a-nismes\/#breadcrumb","itemListElement":[{"@type":"ListItem","position":1,"name":"Accueil","item":"https:\/\/fr.motocrossmag.be\/"},{"@type":"ListItem","position":2,"name":"Motocross FMB &#8211; Nismes | Cl\u00e9ment Desalle s&rsquo;impose &agrave; Nismes!"}]},{"@type":"WebSite","@id":"https:\/\/fr.motocrossmag.be\/#website","url":"https:\/\/fr.motocrossmag.be\/","name":"Motocross - Enduro - Supermoto | MotocrossMag","description":"L&#039;actualit\u00e9 du motocross, de l&#039;enduro et du Supermoto en ligne!","potentialAction":[{"@type":"SearchAction","target":{"@type":"EntryPoint","urlTemplate":"https:\/\/fr.motocrossmag.be\/?s={search_term_string}"},"query-input":{"@type":"PropertyValueSpecification","valueRequired":true,"valueName":"search_term_string"}}],"inLanguage":"fr-FR"},{"@type":"Person","@id":"https:\/\/fr.motocrossmag.be\/#\/schema\/person\/11b47143d9f755babca2c9110e03235c","name":"oliviere","image":{"@type":"ImageObject","inLanguage":"fr-FR","@id":"https:\/\/secure.gravatar.com\/avatar\/907069e0b81d119452040469e4a7501da1100f54f7f80180ce77bfab718288f6?s=96&d=mm&r=g","url":"https:\/\/secure.gravatar.com\/avatar\/907069e0b81d119452040469e4a7501da1100f54f7f80180ce77bfab718288f6?s=96&d=mm&r=g","contentUrl":"https:\/\/secure.gravatar.com\/avatar\/907069e0b81d119452040469e4a7501da1100f54f7f80180ce77bfab718288f6?s=96&d=mm&r=g","caption":"oliviere"},"sameAs":["http:\/\/www.motocrossmag.be"],"url":"https:\/\/fr.motocrossmag.be\/index.php\/author\/oliviere\/"}]}},"_links":{"self":[{"href":"https:\/\/fr.motocrossmag.be\/index.php\/wp-json\/wp\/v2\/posts\/1301","targetHints":{"allow":["GET"]}}],"collection":[{"href":"https:\/\/fr.motocrossmag.be\/index.php\/wp-json\/wp\/v2\/posts"}],"about":[{"href":"https:\/\/fr.motocrossmag.be\/index.php\/wp-json\/wp\/v2\/types\/post"}],"author":[{"embeddable":true,"href":"https:\/\/fr.motocrossmag.be\/index.php\/wp-json\/wp\/v2\/users\/932"}],"replies":[{"embeddable":true,"href":"https:\/\/fr.motocrossmag.be\/index.php\/wp-json\/wp\/v2\/comments?post=1301"}],"version-history":[{"count":0,"href":"https:\/\/fr.motocrossmag.be\/index.php\/wp-json\/wp\/v2\/posts\/1301\/revisions"}],"wp:attachment":[{"href":"https:\/\/fr.motocrossmag.be\/index.php\/wp-json\/wp\/v2\/media?parent=1301"}],"wp:term":[{"taxonomy":"category","embeddable":true,"href":"https:\/\/fr.motocrossmag.be\/index.php\/wp-json\/wp\/v2\/categories?post=1301"},{"taxonomy":"post_tag","embeddable":true,"href":"https:\/\/fr.motocrossmag.be\/index.php\/wp-json\/wp\/v2\/tags?post=1301"}],"curies":[{"name":"wp","href":"https:\/\/api.w.org\/{rel}","templated":true}]}}