{"id":132124,"date":"2023-10-24T19:11:20","date_gmt":"2023-10-24T17:11:20","guid":{"rendered":"https:\/\/fr.motocrossmag.be\/?p=132124"},"modified":"2023-10-24T19:11:20","modified_gmt":"2023-10-24T17:11:20","slug":"lequipe-wilvo-de-yamaha-vers-fantic-avec-kevin-strijbos-comme-entraineur","status":"publish","type":"post","link":"https:\/\/fr.motocrossmag.be\/index.php\/2023\/10\/lequipe-wilvo-de-yamaha-vers-fantic-avec-kevin-strijbos-comme-entraineur\/","title":{"rendered":"L&rsquo;\u00e9quipe Wilvo de Yamaha vers Fantic, avec Kevin Strijbos comme entra\u00eeneur"},"content":{"rendered":"<p><strong>Les choses bougent pas mal ces derniers temps sur l&rsquo;\u00e9chiquier du MXGP. On sait depuis quelques temps que le team Wilvo ne fera plus partie des plans de Yamaha la saison prochaine sur le championnat du monde de motocross et on apprend \u00e0 pr\u00e9sent que le team de Louis Vosters, qui a sous contrat encore pour deux saisons Glenn Coldenhoff et qui vient de signer avec Roan Van de Moosdijk pour 2024, repr\u00e9sentera d\u00e9sormais Fantic.\u00a0<\/strong><\/p>\n<p>Pour Roan Van de Moosdijk, il s&rsquo;agira de sa toute premi\u00e8res saison dans la cat\u00e9gorie reine du motocross mondial. Tant Van de Moosdijk que Coldenhoff seront coach\u00e9s par Kevin Strijbos, <a href=\"https:\/\/fr.motocrossmag.be\/index.php\/2023\/10\/kevin-strijbos-quitte-lequipe-officielle-kawasaki\/\">qui vient de quitter le team officiel Kawasaki<\/a> o\u00f9 il a entra\u00een\u00e9 ces deux derni\u00e8res saisons Romain Febvre.<\/p><div class=\"usogd6a96b600ac2d1\" ><!-- \/91277017\/Inline-articles-mobile -->\n<div style=\"margin:auto; text-align:center !important\">\n<div id='div-gpt-ad-1784982661365-0' style='min-width: 250px; min-height: 75px;'>\n  <script>\n    googletag.cmd.push(function() { googletag.display('div-gpt-ad-1784982661365-0'); });\n  <\/script>\n<\/div><\/div><\/div><style type=\"text\/css\">\r\n.usogd6a96b600ac2d1 {\r\nmargin-bottom:30px;margin-top:20px\r\n}\r\n@media screen and (min-width: 1201px) {\r\n.usogd6a96b600ac2d1 {\r\ndisplay: block;\r\n}\r\n}\r\n@media screen and (min-width: 993px) and (max-width: 1200px) {\r\n.usogd6a96b600ac2d1 {\r\ndisplay: block;\r\n}\r\n}\r\n@media screen and (min-width: 769px) and (max-width: 992px) {\r\n.usogd6a96b600ac2d1 {\r\ndisplay: block;\r\n}\r\n}\r\n@media screen and (min-width: 768px) and (max-width: 768px) {\r\n.usogd6a96b600ac2d1 {\r\ndisplay: block;\r\n}\r\n}\r\n@media screen and (max-width: 767px) {\r\n.usogd6a96b600ac2d1 {\r\ndisplay: block;\r\n}\r\n}\r\n<\/style>\r\n\n<p>&nbsp;<\/p>\n","protected":false},"excerpt":{"rendered":"<p>Les choses bougent pas mal ces derniers temps sur l&rsquo;\u00e9chiquier du MXGP. On sait depuis quelques temps que le team Wilvo ne fera plus partie des plans de Yamaha la saison prochaine sur le championnat du monde de motocross et on apprend \u00e0 pr\u00e9sent que le team de Louis Vosters, qui a sous contrat encore [&hellip;]<\/p>\n","protected":false},"author":932,"featured_media":110250,"comment_status":"open","ping_status":"closed","sticky":false,"template":"","format":"standard","meta":{"tdm_status":"","tdm_grid_status":"","footnotes":""},"categories":[54,4,6,5,55,65],"tags":[1520,83,947,568],"class_list":["post-132124","post","type-post","status-publish","format-standard","has-post-thumbnail","category-actualite","category-motocross","category-mx1mx2","category-news","category-news-actualite","category-slideshow","tag-fantic","tag-glenn-coldenhoff","tag-motocross","tag-mxgp"],"yoast_head":"<!-- This site is optimized with the Yoast SEO plugin v28.3 - https:\/\/yoast.com\/product\/yoast-seo-wordpress\/ -->\n<title>L&#039;\u00e9quipe Wilvo de Yamaha vers Fantic, avec Kevin Strijbos comme entra\u00eeneur - Motocross - Enduro - Supermoto | MotocrossMag<\/title>\n<meta name=\"robots\" content=\"index, follow, max-snippet:-1, max-image-preview:large, max-video-preview:-1\" \/>\n<link rel=\"canonical\" href=\"https:\/\/fr.motocrossmag.be\/index.php\/2023\/10\/lequipe-wilvo-de-yamaha-vers-fantic-avec-kevin-strijbos-comme-entraineur\/\" \/>\n<meta property=\"og:locale\" content=\"fr_FR\" \/>\n<meta property=\"og:type\" content=\"article\" \/>\n<meta property=\"og:title\" content=\"L&#039;\u00e9quipe Wilvo de Yamaha vers Fantic, avec Kevin Strijbos comme entra\u00eeneur - Motocross - Enduro - Supermoto | MotocrossMag\" \/>\n<meta property=\"og:description\" content=\"Les choses bougent pas mal ces derniers temps sur l&rsquo;\u00e9chiquier du MXGP. On sait depuis quelques temps que le team Wilvo ne fera plus partie des plans de Yamaha la saison prochaine sur le championnat du monde de motocross et on apprend \u00e0 pr\u00e9sent que le team de Louis Vosters, qui a sous contrat encore [&hellip;]\" \/>\n<meta property=\"og:url\" content=\"https:\/\/fr.motocrossmag.be\/index.php\/2023\/10\/lequipe-wilvo-de-yamaha-vers-fantic-avec-kevin-strijbos-comme-entraineur\/\" \/>\n<meta property=\"og:site_name\" content=\"Motocross - Enduro - Supermoto | MotocrossMag\" \/>\n<meta property=\"article:published_time\" content=\"2023-10-24T17:11:20+00:00\" \/>\n<meta property=\"og:image\" content=\"https:\/\/fr.motocrossmag.be\/wp-content\/uploads\/2021\/06\/2021_Orlyonok_Coldenhoff_shotbybavo_DSC_0582.jpg\" \/>\n\t<meta property=\"og:image:width\" content=\"1000\" \/>\n\t<meta property=\"og:image:height\" content=\"665\" \/>\n\t<meta property=\"og:image:type\" content=\"image\/jpeg\" \/>\n<meta name=\"author\" content=\"oliviere\" \/>\n<meta name=\"twitter:card\" content=\"summary_large_image\" \/>\n<meta name=\"twitter:label1\" content=\"\u00c9crit par\" \/>\n\t<meta name=\"twitter:data1\" content=\"oliviere\" \/>\n\t<meta name=\"twitter:label2\" content=\"Dur\u00e9e de lecture estim\u00e9e\" \/>\n\t<meta name=\"twitter:data2\" content=\"1 minute\" \/>\n<script type=\"application\/ld+json\" class=\"yoast-schema-graph\">{\"@context\":\"https:\\\/\\\/schema.org\",\"@graph\":[{\"@type\":\"Article\",\"@id\":\"https:\\\/\\\/fr.motocrossmag.be\\\/index.php\\\/2023\\\/10\\\/lequipe-wilvo-de-yamaha-vers-fantic-avec-kevin-strijbos-comme-entraineur\\\/#article\",\"isPartOf\":{\"@id\":\"https:\\\/\\\/fr.motocrossmag.be\\\/index.php\\\/2023\\\/10\\\/lequipe-wilvo-de-yamaha-vers-fantic-avec-kevin-strijbos-comme-entraineur\\\/\"},\"author\":{\"name\":\"oliviere\",\"@id\":\"https:\\\/\\\/fr.motocrossmag.be\\\/#\\\/schema\\\/person\\\/11b47143d9f755babca2c9110e03235c\"},\"headline\":\"L&rsquo;\u00e9quipe Wilvo de Yamaha vers Fantic, avec Kevin Strijbos comme entra\u00eeneur\",\"datePublished\":\"2023-10-24T17:11:20+00:00\",\"mainEntityOfPage\":{\"@id\":\"https:\\\/\\\/fr.motocrossmag.be\\\/index.php\\\/2023\\\/10\\\/lequipe-wilvo-de-yamaha-vers-fantic-avec-kevin-strijbos-comme-entraineur\\\/\"},\"wordCount\":145,\"commentCount\":0,\"image\":{\"@id\":\"https:\\\/\\\/fr.motocrossmag.be\\\/index.php\\\/2023\\\/10\\\/lequipe-wilvo-de-yamaha-vers-fantic-avec-kevin-strijbos-comme-entraineur\\\/#primaryimage\"},\"thumbnailUrl\":\"https:\\\/\\\/fr.motocrossmag.be\\\/wp-content\\\/uploads\\\/2021\\\/06\\\/2021_Orlyonok_Coldenhoff_shotbybavo_DSC_0582.jpg\",\"keywords\":[\"fantic\",\"Glenn Coldenhoff\",\"Motocross\",\"MXGP\"],\"articleSection\":[\"Actualit\u00e9\",\"Motocross\",\"Motocross MXGP\",\"News\",\"News\",\"Slideshow\"],\"inLanguage\":\"fr-FR\",\"potentialAction\":[{\"@type\":\"CommentAction\",\"name\":\"Comment\",\"target\":[\"https:\\\/\\\/fr.motocrossmag.be\\\/index.php\\\/2023\\\/10\\\/lequipe-wilvo-de-yamaha-vers-fantic-avec-kevin-strijbos-comme-entraineur\\\/#respond\"]}]},{\"@type\":\"WebPage\",\"@id\":\"https:\\\/\\\/fr.motocrossmag.be\\\/index.php\\\/2023\\\/10\\\/lequipe-wilvo-de-yamaha-vers-fantic-avec-kevin-strijbos-comme-entraineur\\\/\",\"url\":\"https:\\\/\\\/fr.motocrossmag.be\\\/index.php\\\/2023\\\/10\\\/lequipe-wilvo-de-yamaha-vers-fantic-avec-kevin-strijbos-comme-entraineur\\\/\",\"name\":\"L'\u00e9quipe Wilvo de Yamaha vers Fantic, avec Kevin Strijbos comme entra\u00eeneur - Motocross - Enduro - Supermoto | MotocrossMag\",\"isPartOf\":{\"@id\":\"https:\\\/\\\/fr.motocrossmag.be\\\/#website\"},\"primaryImageOfPage\":{\"@id\":\"https:\\\/\\\/fr.motocrossmag.be\\\/index.php\\\/2023\\\/10\\\/lequipe-wilvo-de-yamaha-vers-fantic-avec-kevin-strijbos-comme-entraineur\\\/#primaryimage\"},\"image\":{\"@id\":\"https:\\\/\\\/fr.motocrossmag.be\\\/index.php\\\/2023\\\/10\\\/lequipe-wilvo-de-yamaha-vers-fantic-avec-kevin-strijbos-comme-entraineur\\\/#primaryimage\"},\"thumbnailUrl\":\"https:\\\/\\\/fr.motocrossmag.be\\\/wp-content\\\/uploads\\\/2021\\\/06\\\/2021_Orlyonok_Coldenhoff_shotbybavo_DSC_0582.jpg\",\"datePublished\":\"2023-10-24T17:11:20+00:00\",\"author\":{\"@id\":\"https:\\\/\\\/fr.motocrossmag.be\\\/#\\\/schema\\\/person\\\/11b47143d9f755babca2c9110e03235c\"},\"breadcrumb\":{\"@id\":\"https:\\\/\\\/fr.motocrossmag.be\\\/index.php\\\/2023\\\/10\\\/lequipe-wilvo-de-yamaha-vers-fantic-avec-kevin-strijbos-comme-entraineur\\\/#breadcrumb\"},\"inLanguage\":\"fr-FR\",\"potentialAction\":[{\"@type\":\"ReadAction\",\"target\":[\"https:\\\/\\\/fr.motocrossmag.be\\\/index.php\\\/2023\\\/10\\\/lequipe-wilvo-de-yamaha-vers-fantic-avec-kevin-strijbos-comme-entraineur\\\/\"]}]},{\"@type\":\"ImageObject\",\"inLanguage\":\"fr-FR\",\"@id\":\"https:\\\/\\\/fr.motocrossmag.be\\\/index.php\\\/2023\\\/10\\\/lequipe-wilvo-de-yamaha-vers-fantic-avec-kevin-strijbos-comme-entraineur\\\/#primaryimage\",\"url\":\"https:\\\/\\\/fr.motocrossmag.be\\\/wp-content\\\/uploads\\\/2021\\\/06\\\/2021_Orlyonok_Coldenhoff_shotbybavo_DSC_0582.jpg\",\"contentUrl\":\"https:\\\/\\\/fr.motocrossmag.be\\\/wp-content\\\/uploads\\\/2021\\\/06\\\/2021_Orlyonok_Coldenhoff_shotbybavo_DSC_0582.jpg\",\"width\":1000,\"height\":665},{\"@type\":\"BreadcrumbList\",\"@id\":\"https:\\\/\\\/fr.motocrossmag.be\\\/index.php\\\/2023\\\/10\\\/lequipe-wilvo-de-yamaha-vers-fantic-avec-kevin-strijbos-comme-entraineur\\\/#breadcrumb\",\"itemListElement\":[{\"@type\":\"ListItem\",\"position\":1,\"name\":\"Accueil\",\"item\":\"https:\\\/\\\/fr.motocrossmag.be\\\/\"},{\"@type\":\"ListItem\",\"position\":2,\"name\":\"L&rsquo;\u00e9quipe Wilvo de Yamaha vers Fantic, avec Kevin Strijbos comme entra\u00eeneur\"}]},{\"@type\":\"WebSite\",\"@id\":\"https:\\\/\\\/fr.motocrossmag.be\\\/#website\",\"url\":\"https:\\\/\\\/fr.motocrossmag.be\\\/\",\"name\":\"Motocross - Enduro - Supermoto | MotocrossMag\",\"description\":\"L&#039;actualit\u00e9 du motocross, de l&#039;enduro et du Supermoto en ligne!\",\"potentialAction\":[{\"@type\":\"SearchAction\",\"target\":{\"@type\":\"EntryPoint\",\"urlTemplate\":\"https:\\\/\\\/fr.motocrossmag.be\\\/?s={search_term_string}\"},\"query-input\":{\"@type\":\"PropertyValueSpecification\",\"valueRequired\":true,\"valueName\":\"search_term_string\"}}],\"inLanguage\":\"fr-FR\"},{\"@type\":\"Person\",\"@id\":\"https:\\\/\\\/fr.motocrossmag.be\\\/#\\\/schema\\\/person\\\/11b47143d9f755babca2c9110e03235c\",\"name\":\"oliviere\",\"image\":{\"@type\":\"ImageObject\",\"inLanguage\":\"fr-FR\",\"@id\":\"https:\\\/\\\/secure.gravatar.com\\\/avatar\\\/907069e0b81d119452040469e4a7501da1100f54f7f80180ce77bfab718288f6?s=96&d=mm&r=g\",\"url\":\"https:\\\/\\\/secure.gravatar.com\\\/avatar\\\/907069e0b81d119452040469e4a7501da1100f54f7f80180ce77bfab718288f6?s=96&d=mm&r=g\",\"contentUrl\":\"https:\\\/\\\/secure.gravatar.com\\\/avatar\\\/907069e0b81d119452040469e4a7501da1100f54f7f80180ce77bfab718288f6?s=96&d=mm&r=g\",\"caption\":\"oliviere\"},\"sameAs\":[\"http:\\\/\\\/www.motocrossmag.be\"],\"url\":\"https:\\\/\\\/fr.motocrossmag.be\\\/index.php\\\/author\\\/oliviere\\\/\"}]}<\/script>\n<!-- \/ Yoast SEO plugin. -->","yoast_head_json":{"title":"L'\u00e9quipe Wilvo de Yamaha vers Fantic, avec Kevin Strijbos comme entra\u00eeneur - Motocross - Enduro - Supermoto | MotocrossMag","robots":{"index":"index","follow":"follow","max-snippet":"max-snippet:-1","max-image-preview":"max-image-preview:large","max-video-preview":"max-video-preview:-1"},"canonical":"https:\/\/fr.motocrossmag.be\/index.php\/2023\/10\/lequipe-wilvo-de-yamaha-vers-fantic-avec-kevin-strijbos-comme-entraineur\/","og_locale":"fr_FR","og_type":"article","og_title":"L'\u00e9quipe Wilvo de Yamaha vers Fantic, avec Kevin Strijbos comme entra\u00eeneur - Motocross - Enduro - Supermoto | MotocrossMag","og_description":"Les choses bougent pas mal ces derniers temps sur l&rsquo;\u00e9chiquier du MXGP. On sait depuis quelques temps que le team Wilvo ne fera plus partie des plans de Yamaha la saison prochaine sur le championnat du monde de motocross et on apprend \u00e0 pr\u00e9sent que le team de Louis Vosters, qui a sous contrat encore [&hellip;]","og_url":"https:\/\/fr.motocrossmag.be\/index.php\/2023\/10\/lequipe-wilvo-de-yamaha-vers-fantic-avec-kevin-strijbos-comme-entraineur\/","og_site_name":"Motocross - Enduro - Supermoto | MotocrossMag","article_published_time":"2023-10-24T17:11:20+00:00","og_image":[{"width":1000,"height":665,"url":"https:\/\/fr.motocrossmag.be\/wp-content\/uploads\/2021\/06\/2021_Orlyonok_Coldenhoff_shotbybavo_DSC_0582.jpg","type":"image\/jpeg"}],"author":"oliviere","twitter_card":"summary_large_image","twitter_misc":{"\u00c9crit par":"oliviere","Dur\u00e9e de lecture estim\u00e9e":"1 minute"},"schema":{"@context":"https:\/\/schema.org","@graph":[{"@type":"Article","@id":"https:\/\/fr.motocrossmag.be\/index.php\/2023\/10\/lequipe-wilvo-de-yamaha-vers-fantic-avec-kevin-strijbos-comme-entraineur\/#article","isPartOf":{"@id":"https:\/\/fr.motocrossmag.be\/index.php\/2023\/10\/lequipe-wilvo-de-yamaha-vers-fantic-avec-kevin-strijbos-comme-entraineur\/"},"author":{"name":"oliviere","@id":"https:\/\/fr.motocrossmag.be\/#\/schema\/person\/11b47143d9f755babca2c9110e03235c"},"headline":"L&rsquo;\u00e9quipe Wilvo de Yamaha vers Fantic, avec Kevin Strijbos comme entra\u00eeneur","datePublished":"2023-10-24T17:11:20+00:00","mainEntityOfPage":{"@id":"https:\/\/fr.motocrossmag.be\/index.php\/2023\/10\/lequipe-wilvo-de-yamaha-vers-fantic-avec-kevin-strijbos-comme-entraineur\/"},"wordCount":145,"commentCount":0,"image":{"@id":"https:\/\/fr.motocrossmag.be\/index.php\/2023\/10\/lequipe-wilvo-de-yamaha-vers-fantic-avec-kevin-strijbos-comme-entraineur\/#primaryimage"},"thumbnailUrl":"https:\/\/fr.motocrossmag.be\/wp-content\/uploads\/2021\/06\/2021_Orlyonok_Coldenhoff_shotbybavo_DSC_0582.jpg","keywords":["fantic","Glenn Coldenhoff","Motocross","MXGP"],"articleSection":["Actualit\u00e9","Motocross","Motocross MXGP","News","News","Slideshow"],"inLanguage":"fr-FR","potentialAction":[{"@type":"CommentAction","name":"Comment","target":["https:\/\/fr.motocrossmag.be\/index.php\/2023\/10\/lequipe-wilvo-de-yamaha-vers-fantic-avec-kevin-strijbos-comme-entraineur\/#respond"]}]},{"@type":"WebPage","@id":"https:\/\/fr.motocrossmag.be\/index.php\/2023\/10\/lequipe-wilvo-de-yamaha-vers-fantic-avec-kevin-strijbos-comme-entraineur\/","url":"https:\/\/fr.motocrossmag.be\/index.php\/2023\/10\/lequipe-wilvo-de-yamaha-vers-fantic-avec-kevin-strijbos-comme-entraineur\/","name":"L'\u00e9quipe Wilvo de Yamaha vers Fantic, avec Kevin Strijbos comme entra\u00eeneur - Motocross - Enduro - Supermoto | MotocrossMag","isPartOf":{"@id":"https:\/\/fr.motocrossmag.be\/#website"},"primaryImageOfPage":{"@id":"https:\/\/fr.motocrossmag.be\/index.php\/2023\/10\/lequipe-wilvo-de-yamaha-vers-fantic-avec-kevin-strijbos-comme-entraineur\/#primaryimage"},"image":{"@id":"https:\/\/fr.motocrossmag.be\/index.php\/2023\/10\/lequipe-wilvo-de-yamaha-vers-fantic-avec-kevin-strijbos-comme-entraineur\/#primaryimage"},"thumbnailUrl":"https:\/\/fr.motocrossmag.be\/wp-content\/uploads\/2021\/06\/2021_Orlyonok_Coldenhoff_shotbybavo_DSC_0582.jpg","datePublished":"2023-10-24T17:11:20+00:00","author":{"@id":"https:\/\/fr.motocrossmag.be\/#\/schema\/person\/11b47143d9f755babca2c9110e03235c"},"breadcrumb":{"@id":"https:\/\/fr.motocrossmag.be\/index.php\/2023\/10\/lequipe-wilvo-de-yamaha-vers-fantic-avec-kevin-strijbos-comme-entraineur\/#breadcrumb"},"inLanguage":"fr-FR","potentialAction":[{"@type":"ReadAction","target":["https:\/\/fr.motocrossmag.be\/index.php\/2023\/10\/lequipe-wilvo-de-yamaha-vers-fantic-avec-kevin-strijbos-comme-entraineur\/"]}]},{"@type":"ImageObject","inLanguage":"fr-FR","@id":"https:\/\/fr.motocrossmag.be\/index.php\/2023\/10\/lequipe-wilvo-de-yamaha-vers-fantic-avec-kevin-strijbos-comme-entraineur\/#primaryimage","url":"https:\/\/fr.motocrossmag.be\/wp-content\/uploads\/2021\/06\/2021_Orlyonok_Coldenhoff_shotbybavo_DSC_0582.jpg","contentUrl":"https:\/\/fr.motocrossmag.be\/wp-content\/uploads\/2021\/06\/2021_Orlyonok_Coldenhoff_shotbybavo_DSC_0582.jpg","width":1000,"height":665},{"@type":"BreadcrumbList","@id":"https:\/\/fr.motocrossmag.be\/index.php\/2023\/10\/lequipe-wilvo-de-yamaha-vers-fantic-avec-kevin-strijbos-comme-entraineur\/#breadcrumb","itemListElement":[{"@type":"ListItem","position":1,"name":"Accueil","item":"https:\/\/fr.motocrossmag.be\/"},{"@type":"ListItem","position":2,"name":"L&rsquo;\u00e9quipe Wilvo de Yamaha vers Fantic, avec Kevin Strijbos comme entra\u00eeneur"}]},{"@type":"WebSite","@id":"https:\/\/fr.motocrossmag.be\/#website","url":"https:\/\/fr.motocrossmag.be\/","name":"Motocross - Enduro - Supermoto | MotocrossMag","description":"L&#039;actualit\u00e9 du motocross, de l&#039;enduro et du Supermoto en ligne!","potentialAction":[{"@type":"SearchAction","target":{"@type":"EntryPoint","urlTemplate":"https:\/\/fr.motocrossmag.be\/?s={search_term_string}"},"query-input":{"@type":"PropertyValueSpecification","valueRequired":true,"valueName":"search_term_string"}}],"inLanguage":"fr-FR"},{"@type":"Person","@id":"https:\/\/fr.motocrossmag.be\/#\/schema\/person\/11b47143d9f755babca2c9110e03235c","name":"oliviere","image":{"@type":"ImageObject","inLanguage":"fr-FR","@id":"https:\/\/secure.gravatar.com\/avatar\/907069e0b81d119452040469e4a7501da1100f54f7f80180ce77bfab718288f6?s=96&d=mm&r=g","url":"https:\/\/secure.gravatar.com\/avatar\/907069e0b81d119452040469e4a7501da1100f54f7f80180ce77bfab718288f6?s=96&d=mm&r=g","contentUrl":"https:\/\/secure.gravatar.com\/avatar\/907069e0b81d119452040469e4a7501da1100f54f7f80180ce77bfab718288f6?s=96&d=mm&r=g","caption":"oliviere"},"sameAs":["http:\/\/www.motocrossmag.be"],"url":"https:\/\/fr.motocrossmag.be\/index.php\/author\/oliviere\/"}]}},"_links":{"self":[{"href":"https:\/\/fr.motocrossmag.be\/index.php\/wp-json\/wp\/v2\/posts\/132124","targetHints":{"allow":["GET"]}}],"collection":[{"href":"https:\/\/fr.motocrossmag.be\/index.php\/wp-json\/wp\/v2\/posts"}],"about":[{"href":"https:\/\/fr.motocrossmag.be\/index.php\/wp-json\/wp\/v2\/types\/post"}],"author":[{"embeddable":true,"href":"https:\/\/fr.motocrossmag.be\/index.php\/wp-json\/wp\/v2\/users\/932"}],"replies":[{"embeddable":true,"href":"https:\/\/fr.motocrossmag.be\/index.php\/wp-json\/wp\/v2\/comments?post=132124"}],"version-history":[{"count":2,"href":"https:\/\/fr.motocrossmag.be\/index.php\/wp-json\/wp\/v2\/posts\/132124\/revisions"}],"predecessor-version":[{"id":132126,"href":"https:\/\/fr.motocrossmag.be\/index.php\/wp-json\/wp\/v2\/posts\/132124\/revisions\/132126"}],"wp:featuredmedia":[{"embeddable":true,"href":"https:\/\/fr.motocrossmag.be\/index.php\/wp-json\/wp\/v2\/media\/110250"}],"wp:attachment":[{"href":"https:\/\/fr.motocrossmag.be\/index.php\/wp-json\/wp\/v2\/media?parent=132124"}],"wp:term":[{"taxonomy":"category","embeddable":true,"href":"https:\/\/fr.motocrossmag.be\/index.php\/wp-json\/wp\/v2\/categories?post=132124"},{"taxonomy":"post_tag","embeddable":true,"href":"https:\/\/fr.motocrossmag.be\/index.php\/wp-json\/wp\/v2\/tags?post=132124"}],"curies":[{"name":"wp","href":"https:\/\/api.w.org\/{rel}","templated":true}]}}