{"id":132261,"date":"2023-11-04T15:49:31","date_gmt":"2023-11-04T14:49:31","guid":{"rendered":"https:\/\/fr.motocrossmag.be\/?p=132261"},"modified":"2023-11-04T15:49:31","modified_gmt":"2023-11-04T14:49:31","slug":"ampl-les-noms-des-47-pilotes-qui-monteront-de-categorie-la-saison-prochaine","status":"publish","type":"post","link":"https:\/\/fr.motocrossmag.be\/index.php\/2023\/11\/ampl-les-noms-des-47-pilotes-qui-monteront-de-categorie-la-saison-prochaine\/","title":{"rendered":"AMPL : les noms des 47 pilotes qui monteront de cat\u00e9gorie la saison prochaine"},"content":{"rendered":"<p><strong>Comme chaque ann\u00e9e \u00e0 pareille \u00e9poque, le comit\u00e9 directeur de l&rsquo;AMPL a d\u00e9sign\u00e9 les pilotes qui changeront de cat\u00e9gorie pour la saison prochaine. Au total, ce sont 47 pilotes qui sont concern\u00e9s.<\/strong><\/p>\n<p><strong>De D\u00e9butants vers Juniors (25 pilotes)<\/strong><\/p><div class=\"uizmj6a95b8195889e\" ><!-- \/91277017\/Inline-articles-mobile -->\n<div style=\"margin:auto; text-align:center !important\">\n<div id='div-gpt-ad-1784982661365-0' style='min-width: 250px; min-height: 75px;'>\n  <script>\n    googletag.cmd.push(function() { googletag.display('div-gpt-ad-1784982661365-0'); });\n  <\/script>\n<\/div><\/div><\/div><style type=\"text\/css\">\r\n.uizmj6a95b8195889e {\r\nmargin-bottom:30px;margin-top:20px\r\n}\r\n@media screen and (min-width: 1201px) {\r\n.uizmj6a95b8195889e {\r\ndisplay: block;\r\n}\r\n}\r\n@media screen and (min-width: 993px) and (max-width: 1200px) {\r\n.uizmj6a95b8195889e {\r\ndisplay: block;\r\n}\r\n}\r\n@media screen and (min-width: 769px) and (max-width: 992px) {\r\n.uizmj6a95b8195889e {\r\ndisplay: block;\r\n}\r\n}\r\n@media screen and (min-width: 768px) and (max-width: 768px) {\r\n.uizmj6a95b8195889e {\r\ndisplay: block;\r\n}\r\n}\r\n@media screen and (max-width: 767px) {\r\n.uizmj6a95b8195889e {\r\ndisplay: block;\r\n}\r\n}\r\n<\/style>\r\n\n<ul>\n<li>30\u00a0 \u00a0Turan Mat\u00e9o<\/li>\n<li>83\u00a0 \u00a0Royer Arnaud<\/li>\n<li>23\u00a0 \u00a0Dauvin Eddy<\/li>\n<li>34\u00a0 \u00a0Magnan Kenny<\/li>\n<li>80\u00a0 Allabarbe Ga\u00ebl<\/li>\n<li>33\u00a0 Gobelet Thomas<\/li>\n<li>30\u00a0 Fran\u00e7ois Dimitri<\/li>\n<li>7\u00a0 \u00a0 \u00a0No\u00ebl Fabian<\/li>\n<li>54\u00a0 \u00a0Pougin David<\/li>\n<li>61\u00a0 \u00a0Geno Lucas<\/li>\n<li>77\u00a0 \u00a0Kroonen Lucien<\/li>\n<li>2\u00a0 \u00a0 Neirynck Timmy<\/li>\n<li>50\u00a0 Zidda Robin<\/li>\n<li>79\u00a0 \u00a0Gillet Martin<\/li>\n<li>51\u00a0 \u00a0 Roppe Quentin<\/li>\n<li>20\u00a0 \u00a0 Duchemin Adrien<\/li>\n<li>19\u00a0 \u00a0 \u00a0Borlon Lucas<\/li>\n<li>15\u00a0 \u00a0 \u00a0Poncelet Gauthier<\/li>\n<li>29\u00a0 \u00a0 Bovir Yohan<\/li>\n<li>45\u00a0 \u00a0 Flamant Justin<\/li>\n<li>22\u00a0 \u00a0 Hilgers Angus<\/li>\n<li>93\u00a0 \u00a0 Baye Hugo<\/li>\n<li>52\u00a0 \u00a0 Pauquet John<\/li>\n<li>3\u00a0 \u00a0 \u00a0 Magnan S\u00e9bastien<\/li>\n<li>8\u00a0 \u00a0 \u00a0Lavigne Hugo<\/li>\n<\/ul>\n<p><strong>De Juniors vers Seniors (14 pilotes)<\/strong><\/p>\n<ul>\n<li>97\u00a0 \u00a0Succi Enzo<\/li>\n<li>34\u00a0 \u00a0Petit Anthony<\/li>\n<li>90\u00a0 \u00a0Ernoux Antoine<\/li>\n<li>75\u00a0 \u00a0Van De Capelle Sacha<\/li>\n<li>44\u00a0 \u00a0Collet Amaury<\/li>\n<li>56\u00a0 \u00a0Bragard Quentin<\/li>\n<li>96\u00a0 \u00a0Kasperek Romain<\/li>\n<li>99\u00a0 \u00a0Ledent Mike<\/li>\n<li>67\u00a0 \u00a0Vandermeulen Boris<\/li>\n<li>53\u00a0 \u00a0Wagner Tom<\/li>\n<li>66\u00a0 \u00a0Payet Benjamin<\/li>\n<li>33\u00a0 \u00a0Lesuisse David<\/li>\n<li>61\u00a0 \u00a0Louis Emilien<\/li>\n<li>55\u00a0 \u00a0Kuypers Christophe<\/li>\n<\/ul>\n<p><strong>De Juniors vers Experts (1 pilote)<\/strong><\/p>\n<ul>\n<li>77\u00a0 \u00a0Kroonen Didier<\/li>\n<\/ul>\n<p><strong>De Seniors vers Inters (7 pilotes)<\/strong><\/p><div class=\"ringu6a95b819588bc\" ><!-- \/91277017\/articles-inline-2 -->\n<div style=\"margin: 20px auto; text-align:center !important\">\n<div id='div-gpt-ad-1785021530385-0' style='min-width: 300px; min-height: 75px;'>\n  <script>\n    googletag.cmd.push(function() { googletag.display('div-gpt-ad-1785021530385-0'); });\n  <\/script>\n<\/div><\/div><\/div><style type=\"text\/css\">\r\n@media screen and (min-width: 1201px) {\r\n.ringu6a95b819588bc {\r\ndisplay: block;\r\n}\r\n}\r\n@media screen and (min-width: 993px) and (max-width: 1200px) {\r\n.ringu6a95b819588bc {\r\ndisplay: block;\r\n}\r\n}\r\n@media screen and (min-width: 769px) and (max-width: 992px) {\r\n.ringu6a95b819588bc {\r\ndisplay: block;\r\n}\r\n}\r\n@media screen and (min-width: 768px) and (max-width: 768px) {\r\n.ringu6a95b819588bc {\r\ndisplay: block;\r\n}\r\n}\r\n@media screen and (max-width: 767px) {\r\n.ringu6a95b819588bc {\r\ndisplay: block;\r\n}\r\n}\r\n<\/style>\r\n\n<ul>\n<li>77\u00a0 \u00a0Stancher Bruno<\/li>\n<li>60\u00a0 \u00a0Lambermont Damien<\/li>\n<li>39\u00a0 \u00a0Theunis Dexter<\/li>\n<li>12\u00a0 \u00a0Hieff Romain<\/li>\n<li>17\u00a0 \u00a0Derouaux Maxime<\/li>\n<li>11\u00a0 \u00a0Writz Franck<\/li>\n<li>2\u00a0 \u00a0Brancart Mathieu<\/li>\n<\/ul>\n","protected":false},"excerpt":{"rendered":"<p>Comme chaque ann\u00e9e \u00e0 pareille \u00e9poque, le comit\u00e9 directeur de l&rsquo;AMPL a d\u00e9sign\u00e9 les pilotes qui changeront de cat\u00e9gorie pour la saison prochaine. Au total, ce sont 47 pilotes qui sont concern\u00e9s. De D\u00e9butants vers Juniors (25 pilotes) 30\u00a0 \u00a0Turan Mat\u00e9o 83\u00a0 \u00a0Royer Arnaud 23\u00a0 \u00a0Dauvin Eddy 34\u00a0 \u00a0Magnan Kenny 80\u00a0 Allabarbe Ga\u00ebl 33\u00a0 Gobelet [&hellip;]<\/p>\n","protected":false},"author":932,"featured_media":130202,"comment_status":"open","ping_status":"closed","sticky":false,"template":"","format":"standard","meta":{"tdm_status":"","tdm_grid_status":"","footnotes":""},"categories":[54,745,30,4,5,55,65],"tags":[970,947],"class_list":["post-132261","post","type-post","status-publish","format-standard","has-post-thumbnail","category-actualite","category-amateurs","category-ampl","category-motocross","category-news","category-news-actualite","category-slideshow","tag-ampl","tag-motocross"],"yoast_head":"<!-- This site is optimized with the Yoast SEO plugin v28.3 - https:\/\/yoast.com\/product\/yoast-seo-wordpress\/ -->\n<title>AMPL : les noms des 47 pilotes qui monteront de cat\u00e9gorie la saison prochaine - Motocross - Enduro - Supermoto | MotocrossMag<\/title>\n<meta name=\"robots\" content=\"index, follow, max-snippet:-1, max-image-preview:large, max-video-preview:-1\" \/>\n<link rel=\"canonical\" href=\"https:\/\/fr.motocrossmag.be\/index.php\/2023\/11\/ampl-les-noms-des-47-pilotes-qui-monteront-de-categorie-la-saison-prochaine\/\" \/>\n<meta property=\"og:locale\" content=\"fr_FR\" \/>\n<meta property=\"og:type\" content=\"article\" \/>\n<meta property=\"og:title\" content=\"AMPL : les noms des 47 pilotes qui monteront de cat\u00e9gorie la saison prochaine - Motocross - Enduro - Supermoto | MotocrossMag\" \/>\n<meta property=\"og:description\" content=\"Comme chaque ann\u00e9e \u00e0 pareille \u00e9poque, le comit\u00e9 directeur de l&rsquo;AMPL a d\u00e9sign\u00e9 les pilotes qui changeront de cat\u00e9gorie pour la saison prochaine. Au total, ce sont 47 pilotes qui sont concern\u00e9s. De D\u00e9butants vers Juniors (25 pilotes) 30\u00a0 \u00a0Turan Mat\u00e9o 83\u00a0 \u00a0Royer Arnaud 23\u00a0 \u00a0Dauvin Eddy 34\u00a0 \u00a0Magnan Kenny 80\u00a0 Allabarbe Ga\u00ebl 33\u00a0 Gobelet [&hellip;]\" \/>\n<meta property=\"og:url\" content=\"https:\/\/fr.motocrossmag.be\/index.php\/2023\/11\/ampl-les-noms-des-47-pilotes-qui-monteront-de-categorie-la-saison-prochaine\/\" \/>\n<meta property=\"og:site_name\" content=\"Motocross - Enduro - Supermoto | MotocrossMag\" \/>\n<meta property=\"article:published_time\" content=\"2023-11-04T14:49:31+00:00\" \/>\n<meta property=\"og:image\" content=\"https:\/\/fr.motocrossmag.be\/wp-content\/uploads\/2023\/09\/DSC2404.jpg\" \/>\n\t<meta property=\"og:image:width\" content=\"1200\" \/>\n\t<meta property=\"og:image:height\" content=\"800\" \/>\n\t<meta property=\"og:image:type\" content=\"image\/jpeg\" \/>\n<meta name=\"author\" content=\"oliviere\" \/>\n<meta name=\"twitter:card\" content=\"summary_large_image\" \/>\n<meta name=\"twitter:label1\" content=\"\u00c9crit par\" \/>\n\t<meta name=\"twitter:data1\" content=\"oliviere\" \/>\n\t<meta name=\"twitter:label2\" content=\"Dur\u00e9e de lecture estim\u00e9e\" \/>\n\t<meta name=\"twitter:data2\" content=\"1 minute\" \/>\n<script type=\"application\/ld+json\" class=\"yoast-schema-graph\">{\"@context\":\"https:\\\/\\\/schema.org\",\"@graph\":[{\"@type\":\"Article\",\"@id\":\"https:\\\/\\\/fr.motocrossmag.be\\\/index.php\\\/2023\\\/11\\\/ampl-les-noms-des-47-pilotes-qui-monteront-de-categorie-la-saison-prochaine\\\/#article\",\"isPartOf\":{\"@id\":\"https:\\\/\\\/fr.motocrossmag.be\\\/index.php\\\/2023\\\/11\\\/ampl-les-noms-des-47-pilotes-qui-monteront-de-categorie-la-saison-prochaine\\\/\"},\"author\":{\"name\":\"oliviere\",\"@id\":\"https:\\\/\\\/fr.motocrossmag.be\\\/#\\\/schema\\\/person\\\/11b47143d9f755babca2c9110e03235c\"},\"headline\":\"AMPL : les noms des 47 pilotes qui monteront de cat\u00e9gorie la saison prochaine\",\"datePublished\":\"2023-11-04T14:49:31+00:00\",\"mainEntityOfPage\":{\"@id\":\"https:\\\/\\\/fr.motocrossmag.be\\\/index.php\\\/2023\\\/11\\\/ampl-les-noms-des-47-pilotes-qui-monteront-de-categorie-la-saison-prochaine\\\/\"},\"wordCount\":170,\"commentCount\":0,\"image\":{\"@id\":\"https:\\\/\\\/fr.motocrossmag.be\\\/index.php\\\/2023\\\/11\\\/ampl-les-noms-des-47-pilotes-qui-monteront-de-categorie-la-saison-prochaine\\\/#primaryimage\"},\"thumbnailUrl\":\"https:\\\/\\\/fr.motocrossmag.be\\\/wp-content\\\/uploads\\\/2023\\\/09\\\/DSC2404.jpg\",\"keywords\":[\"ampl\",\"Motocross\"],\"articleSection\":[\"Actualit\u00e9\",\"Amateurs\",\"AMPL\",\"Motocross\",\"News\",\"News\",\"Slideshow\"],\"inLanguage\":\"fr-FR\",\"potentialAction\":[{\"@type\":\"CommentAction\",\"name\":\"Comment\",\"target\":[\"https:\\\/\\\/fr.motocrossmag.be\\\/index.php\\\/2023\\\/11\\\/ampl-les-noms-des-47-pilotes-qui-monteront-de-categorie-la-saison-prochaine\\\/#respond\"]}]},{\"@type\":\"WebPage\",\"@id\":\"https:\\\/\\\/fr.motocrossmag.be\\\/index.php\\\/2023\\\/11\\\/ampl-les-noms-des-47-pilotes-qui-monteront-de-categorie-la-saison-prochaine\\\/\",\"url\":\"https:\\\/\\\/fr.motocrossmag.be\\\/index.php\\\/2023\\\/11\\\/ampl-les-noms-des-47-pilotes-qui-monteront-de-categorie-la-saison-prochaine\\\/\",\"name\":\"AMPL : les noms des 47 pilotes qui monteront de cat\u00e9gorie la saison prochaine - Motocross - Enduro - Supermoto | MotocrossMag\",\"isPartOf\":{\"@id\":\"https:\\\/\\\/fr.motocrossmag.be\\\/#website\"},\"primaryImageOfPage\":{\"@id\":\"https:\\\/\\\/fr.motocrossmag.be\\\/index.php\\\/2023\\\/11\\\/ampl-les-noms-des-47-pilotes-qui-monteront-de-categorie-la-saison-prochaine\\\/#primaryimage\"},\"image\":{\"@id\":\"https:\\\/\\\/fr.motocrossmag.be\\\/index.php\\\/2023\\\/11\\\/ampl-les-noms-des-47-pilotes-qui-monteront-de-categorie-la-saison-prochaine\\\/#primaryimage\"},\"thumbnailUrl\":\"https:\\\/\\\/fr.motocrossmag.be\\\/wp-content\\\/uploads\\\/2023\\\/09\\\/DSC2404.jpg\",\"datePublished\":\"2023-11-04T14:49:31+00:00\",\"author\":{\"@id\":\"https:\\\/\\\/fr.motocrossmag.be\\\/#\\\/schema\\\/person\\\/11b47143d9f755babca2c9110e03235c\"},\"breadcrumb\":{\"@id\":\"https:\\\/\\\/fr.motocrossmag.be\\\/index.php\\\/2023\\\/11\\\/ampl-les-noms-des-47-pilotes-qui-monteront-de-categorie-la-saison-prochaine\\\/#breadcrumb\"},\"inLanguage\":\"fr-FR\",\"potentialAction\":[{\"@type\":\"ReadAction\",\"target\":[\"https:\\\/\\\/fr.motocrossmag.be\\\/index.php\\\/2023\\\/11\\\/ampl-les-noms-des-47-pilotes-qui-monteront-de-categorie-la-saison-prochaine\\\/\"]}]},{\"@type\":\"ImageObject\",\"inLanguage\":\"fr-FR\",\"@id\":\"https:\\\/\\\/fr.motocrossmag.be\\\/index.php\\\/2023\\\/11\\\/ampl-les-noms-des-47-pilotes-qui-monteront-de-categorie-la-saison-prochaine\\\/#primaryimage\",\"url\":\"https:\\\/\\\/fr.motocrossmag.be\\\/wp-content\\\/uploads\\\/2023\\\/09\\\/DSC2404.jpg\",\"contentUrl\":\"https:\\\/\\\/fr.motocrossmag.be\\\/wp-content\\\/uploads\\\/2023\\\/09\\\/DSC2404.jpg\",\"width\":1200,\"height\":800},{\"@type\":\"BreadcrumbList\",\"@id\":\"https:\\\/\\\/fr.motocrossmag.be\\\/index.php\\\/2023\\\/11\\\/ampl-les-noms-des-47-pilotes-qui-monteront-de-categorie-la-saison-prochaine\\\/#breadcrumb\",\"itemListElement\":[{\"@type\":\"ListItem\",\"position\":1,\"name\":\"Accueil\",\"item\":\"https:\\\/\\\/fr.motocrossmag.be\\\/\"},{\"@type\":\"ListItem\",\"position\":2,\"name\":\"AMPL : les noms des 47 pilotes qui monteront de cat\u00e9gorie la saison prochaine\"}]},{\"@type\":\"WebSite\",\"@id\":\"https:\\\/\\\/fr.motocrossmag.be\\\/#website\",\"url\":\"https:\\\/\\\/fr.motocrossmag.be\\\/\",\"name\":\"Motocross - Enduro - Supermoto | MotocrossMag\",\"description\":\"L&#039;actualit\u00e9 du motocross, de l&#039;enduro et du Supermoto en ligne!\",\"potentialAction\":[{\"@type\":\"SearchAction\",\"target\":{\"@type\":\"EntryPoint\",\"urlTemplate\":\"https:\\\/\\\/fr.motocrossmag.be\\\/?s={search_term_string}\"},\"query-input\":{\"@type\":\"PropertyValueSpecification\",\"valueRequired\":true,\"valueName\":\"search_term_string\"}}],\"inLanguage\":\"fr-FR\"},{\"@type\":\"Person\",\"@id\":\"https:\\\/\\\/fr.motocrossmag.be\\\/#\\\/schema\\\/person\\\/11b47143d9f755babca2c9110e03235c\",\"name\":\"oliviere\",\"image\":{\"@type\":\"ImageObject\",\"inLanguage\":\"fr-FR\",\"@id\":\"https:\\\/\\\/secure.gravatar.com\\\/avatar\\\/907069e0b81d119452040469e4a7501da1100f54f7f80180ce77bfab718288f6?s=96&d=mm&r=g\",\"url\":\"https:\\\/\\\/secure.gravatar.com\\\/avatar\\\/907069e0b81d119452040469e4a7501da1100f54f7f80180ce77bfab718288f6?s=96&d=mm&r=g\",\"contentUrl\":\"https:\\\/\\\/secure.gravatar.com\\\/avatar\\\/907069e0b81d119452040469e4a7501da1100f54f7f80180ce77bfab718288f6?s=96&d=mm&r=g\",\"caption\":\"oliviere\"},\"sameAs\":[\"http:\\\/\\\/www.motocrossmag.be\"],\"url\":\"https:\\\/\\\/fr.motocrossmag.be\\\/index.php\\\/author\\\/oliviere\\\/\"}]}<\/script>\n<!-- \/ Yoast SEO plugin. -->","yoast_head_json":{"title":"AMPL : les noms des 47 pilotes qui monteront de cat\u00e9gorie la saison prochaine - Motocross - Enduro - Supermoto | MotocrossMag","robots":{"index":"index","follow":"follow","max-snippet":"max-snippet:-1","max-image-preview":"max-image-preview:large","max-video-preview":"max-video-preview:-1"},"canonical":"https:\/\/fr.motocrossmag.be\/index.php\/2023\/11\/ampl-les-noms-des-47-pilotes-qui-monteront-de-categorie-la-saison-prochaine\/","og_locale":"fr_FR","og_type":"article","og_title":"AMPL : les noms des 47 pilotes qui monteront de cat\u00e9gorie la saison prochaine - Motocross - Enduro - Supermoto | MotocrossMag","og_description":"Comme chaque ann\u00e9e \u00e0 pareille \u00e9poque, le comit\u00e9 directeur de l&rsquo;AMPL a d\u00e9sign\u00e9 les pilotes qui changeront de cat\u00e9gorie pour la saison prochaine. Au total, ce sont 47 pilotes qui sont concern\u00e9s. De D\u00e9butants vers Juniors (25 pilotes) 30\u00a0 \u00a0Turan Mat\u00e9o 83\u00a0 \u00a0Royer Arnaud 23\u00a0 \u00a0Dauvin Eddy 34\u00a0 \u00a0Magnan Kenny 80\u00a0 Allabarbe Ga\u00ebl 33\u00a0 Gobelet [&hellip;]","og_url":"https:\/\/fr.motocrossmag.be\/index.php\/2023\/11\/ampl-les-noms-des-47-pilotes-qui-monteront-de-categorie-la-saison-prochaine\/","og_site_name":"Motocross - Enduro - Supermoto | MotocrossMag","article_published_time":"2023-11-04T14:49:31+00:00","og_image":[{"width":1200,"height":800,"url":"https:\/\/fr.motocrossmag.be\/wp-content\/uploads\/2023\/09\/DSC2404.jpg","type":"image\/jpeg"}],"author":"oliviere","twitter_card":"summary_large_image","twitter_misc":{"\u00c9crit par":"oliviere","Dur\u00e9e de lecture estim\u00e9e":"1 minute"},"schema":{"@context":"https:\/\/schema.org","@graph":[{"@type":"Article","@id":"https:\/\/fr.motocrossmag.be\/index.php\/2023\/11\/ampl-les-noms-des-47-pilotes-qui-monteront-de-categorie-la-saison-prochaine\/#article","isPartOf":{"@id":"https:\/\/fr.motocrossmag.be\/index.php\/2023\/11\/ampl-les-noms-des-47-pilotes-qui-monteront-de-categorie-la-saison-prochaine\/"},"author":{"name":"oliviere","@id":"https:\/\/fr.motocrossmag.be\/#\/schema\/person\/11b47143d9f755babca2c9110e03235c"},"headline":"AMPL : les noms des 47 pilotes qui monteront de cat\u00e9gorie la saison prochaine","datePublished":"2023-11-04T14:49:31+00:00","mainEntityOfPage":{"@id":"https:\/\/fr.motocrossmag.be\/index.php\/2023\/11\/ampl-les-noms-des-47-pilotes-qui-monteront-de-categorie-la-saison-prochaine\/"},"wordCount":170,"commentCount":0,"image":{"@id":"https:\/\/fr.motocrossmag.be\/index.php\/2023\/11\/ampl-les-noms-des-47-pilotes-qui-monteront-de-categorie-la-saison-prochaine\/#primaryimage"},"thumbnailUrl":"https:\/\/fr.motocrossmag.be\/wp-content\/uploads\/2023\/09\/DSC2404.jpg","keywords":["ampl","Motocross"],"articleSection":["Actualit\u00e9","Amateurs","AMPL","Motocross","News","News","Slideshow"],"inLanguage":"fr-FR","potentialAction":[{"@type":"CommentAction","name":"Comment","target":["https:\/\/fr.motocrossmag.be\/index.php\/2023\/11\/ampl-les-noms-des-47-pilotes-qui-monteront-de-categorie-la-saison-prochaine\/#respond"]}]},{"@type":"WebPage","@id":"https:\/\/fr.motocrossmag.be\/index.php\/2023\/11\/ampl-les-noms-des-47-pilotes-qui-monteront-de-categorie-la-saison-prochaine\/","url":"https:\/\/fr.motocrossmag.be\/index.php\/2023\/11\/ampl-les-noms-des-47-pilotes-qui-monteront-de-categorie-la-saison-prochaine\/","name":"AMPL : les noms des 47 pilotes qui monteront de cat\u00e9gorie la saison prochaine - Motocross - Enduro - Supermoto | MotocrossMag","isPartOf":{"@id":"https:\/\/fr.motocrossmag.be\/#website"},"primaryImageOfPage":{"@id":"https:\/\/fr.motocrossmag.be\/index.php\/2023\/11\/ampl-les-noms-des-47-pilotes-qui-monteront-de-categorie-la-saison-prochaine\/#primaryimage"},"image":{"@id":"https:\/\/fr.motocrossmag.be\/index.php\/2023\/11\/ampl-les-noms-des-47-pilotes-qui-monteront-de-categorie-la-saison-prochaine\/#primaryimage"},"thumbnailUrl":"https:\/\/fr.motocrossmag.be\/wp-content\/uploads\/2023\/09\/DSC2404.jpg","datePublished":"2023-11-04T14:49:31+00:00","author":{"@id":"https:\/\/fr.motocrossmag.be\/#\/schema\/person\/11b47143d9f755babca2c9110e03235c"},"breadcrumb":{"@id":"https:\/\/fr.motocrossmag.be\/index.php\/2023\/11\/ampl-les-noms-des-47-pilotes-qui-monteront-de-categorie-la-saison-prochaine\/#breadcrumb"},"inLanguage":"fr-FR","potentialAction":[{"@type":"ReadAction","target":["https:\/\/fr.motocrossmag.be\/index.php\/2023\/11\/ampl-les-noms-des-47-pilotes-qui-monteront-de-categorie-la-saison-prochaine\/"]}]},{"@type":"ImageObject","inLanguage":"fr-FR","@id":"https:\/\/fr.motocrossmag.be\/index.php\/2023\/11\/ampl-les-noms-des-47-pilotes-qui-monteront-de-categorie-la-saison-prochaine\/#primaryimage","url":"https:\/\/fr.motocrossmag.be\/wp-content\/uploads\/2023\/09\/DSC2404.jpg","contentUrl":"https:\/\/fr.motocrossmag.be\/wp-content\/uploads\/2023\/09\/DSC2404.jpg","width":1200,"height":800},{"@type":"BreadcrumbList","@id":"https:\/\/fr.motocrossmag.be\/index.php\/2023\/11\/ampl-les-noms-des-47-pilotes-qui-monteront-de-categorie-la-saison-prochaine\/#breadcrumb","itemListElement":[{"@type":"ListItem","position":1,"name":"Accueil","item":"https:\/\/fr.motocrossmag.be\/"},{"@type":"ListItem","position":2,"name":"AMPL : les noms des 47 pilotes qui monteront de cat\u00e9gorie la saison prochaine"}]},{"@type":"WebSite","@id":"https:\/\/fr.motocrossmag.be\/#website","url":"https:\/\/fr.motocrossmag.be\/","name":"Motocross - Enduro - Supermoto | MotocrossMag","description":"L&#039;actualit\u00e9 du motocross, de l&#039;enduro et du Supermoto en ligne!","potentialAction":[{"@type":"SearchAction","target":{"@type":"EntryPoint","urlTemplate":"https:\/\/fr.motocrossmag.be\/?s={search_term_string}"},"query-input":{"@type":"PropertyValueSpecification","valueRequired":true,"valueName":"search_term_string"}}],"inLanguage":"fr-FR"},{"@type":"Person","@id":"https:\/\/fr.motocrossmag.be\/#\/schema\/person\/11b47143d9f755babca2c9110e03235c","name":"oliviere","image":{"@type":"ImageObject","inLanguage":"fr-FR","@id":"https:\/\/secure.gravatar.com\/avatar\/907069e0b81d119452040469e4a7501da1100f54f7f80180ce77bfab718288f6?s=96&d=mm&r=g","url":"https:\/\/secure.gravatar.com\/avatar\/907069e0b81d119452040469e4a7501da1100f54f7f80180ce77bfab718288f6?s=96&d=mm&r=g","contentUrl":"https:\/\/secure.gravatar.com\/avatar\/907069e0b81d119452040469e4a7501da1100f54f7f80180ce77bfab718288f6?s=96&d=mm&r=g","caption":"oliviere"},"sameAs":["http:\/\/www.motocrossmag.be"],"url":"https:\/\/fr.motocrossmag.be\/index.php\/author\/oliviere\/"}]}},"_links":{"self":[{"href":"https:\/\/fr.motocrossmag.be\/index.php\/wp-json\/wp\/v2\/posts\/132261","targetHints":{"allow":["GET"]}}],"collection":[{"href":"https:\/\/fr.motocrossmag.be\/index.php\/wp-json\/wp\/v2\/posts"}],"about":[{"href":"https:\/\/fr.motocrossmag.be\/index.php\/wp-json\/wp\/v2\/types\/post"}],"author":[{"embeddable":true,"href":"https:\/\/fr.motocrossmag.be\/index.php\/wp-json\/wp\/v2\/users\/932"}],"replies":[{"embeddable":true,"href":"https:\/\/fr.motocrossmag.be\/index.php\/wp-json\/wp\/v2\/comments?post=132261"}],"version-history":[{"count":1,"href":"https:\/\/fr.motocrossmag.be\/index.php\/wp-json\/wp\/v2\/posts\/132261\/revisions"}],"predecessor-version":[{"id":132262,"href":"https:\/\/fr.motocrossmag.be\/index.php\/wp-json\/wp\/v2\/posts\/132261\/revisions\/132262"}],"wp:featuredmedia":[{"embeddable":true,"href":"https:\/\/fr.motocrossmag.be\/index.php\/wp-json\/wp\/v2\/media\/130202"}],"wp:attachment":[{"href":"https:\/\/fr.motocrossmag.be\/index.php\/wp-json\/wp\/v2\/media?parent=132261"}],"wp:term":[{"taxonomy":"category","embeddable":true,"href":"https:\/\/fr.motocrossmag.be\/index.php\/wp-json\/wp\/v2\/categories?post=132261"},{"taxonomy":"post_tag","embeddable":true,"href":"https:\/\/fr.motocrossmag.be\/index.php\/wp-json\/wp\/v2\/tags?post=132261"}],"curies":[{"name":"wp","href":"https:\/\/api.w.org\/{rel}","templated":true}]}}