{"id":13358,"date":"2011-10-11T15:59:06","date_gmt":"2011-10-11T14:59:06","guid":{"rendered":"http:\/\/fr.motocrossmag.be\/?p=13358"},"modified":"2011-10-11T15:59:06","modified_gmt":"2011-10-11T14:59:06","slug":"galerie-photos-le-superbiker-2011-en-images","status":"publish","type":"post","link":"https:\/\/fr.motocrossmag.be\/index.php\/2011\/10\/galerie-photos-le-superbiker-2011-en-images\/","title":{"rendered":"Galerie photos | Le Superbiker 2011 en images"},"content":{"rendered":"<p>Si le ciel de Mettet est rest\u00e9 d\u00e9sesp\u00e9r\u00e9ment gris tout au long du week-end, le spectacle offert par la 25\u00e8me \u00e9dition du Superbiker fut n\u00e9anmoins une fois de plus haut en couleurs. Des stars, du show, des animations et des courses qui s&rsquo;encha\u00eenent durant 3 journ\u00e9es et un public enthousiaste, voil\u00e0\u00a0 la recette qui fait le succ\u00e8s du Superbiker depuis 25 ans.<\/p>\n<p>Photos: Olivier Evrard<\/p><div class=\"zpwtc6a983678bc3b1\" ><!-- \/91277017\/Inline-articles-mobile -->\n<div style=\"margin:auto; text-align:center !important\">\n<div id='div-gpt-ad-1784982661365-0' style='min-width: 250px; min-height: 75px;'>\n  <script>\n    googletag.cmd.push(function() { googletag.display('div-gpt-ad-1784982661365-0'); });\n  <\/script>\n<\/div><\/div><\/div><style type=\"text\/css\">\r\n.zpwtc6a983678bc3b1 {\r\nmargin-bottom:30px;margin-top:20px\r\n}\r\n@media screen and (min-width: 1201px) {\r\n.zpwtc6a983678bc3b1 {\r\ndisplay: block;\r\n}\r\n}\r\n@media screen and (min-width: 993px) and (max-width: 1200px) {\r\n.zpwtc6a983678bc3b1 {\r\ndisplay: block;\r\n}\r\n}\r\n@media screen and (min-width: 769px) and (max-width: 992px) {\r\n.zpwtc6a983678bc3b1 {\r\ndisplay: block;\r\n}\r\n}\r\n@media screen and (min-width: 768px) and (max-width: 768px) {\r\n.zpwtc6a983678bc3b1 {\r\ndisplay: block;\r\n}\r\n}\r\n@media screen and (max-width: 767px) {\r\n.zpwtc6a983678bc3b1 {\r\ndisplay: block;\r\n}\r\n}\r\n<\/style>\r\n\n<p><a rel=\"lightbox dia=1\" href=\"http:\/\/fr.motocrossmag.be\/wp-content\/uploads\/2011\/10\/a.jpg\"><img decoding=\"async\" class=\"alignnone size-thumbnail wp-image-13406\" title=\"a\" src=\"http:\/\/fr.motocrossmag.be\/wp-content\/uploads\/2011\/10\/a-150x150.jpg\" alt=\"\" width=\"150\" height=\"150\" \/><\/a>\u00a0\u00a0 <a rel=\"lightbox dia=1\" href=\"http:\/\/fr.motocrossmag.be\/wp-content\/uploads\/2011\/10\/img_4763.jpg\"><img decoding=\"async\" class=\"alignnone size-thumbnail wp-image-13405\" title=\"img_4763\" src=\"http:\/\/fr.motocrossmag.be\/wp-content\/uploads\/2011\/10\/img_4763-150x150.jpg\" alt=\"\" width=\"150\" height=\"150\" \/><\/a>\u00a0\u00a0 <a rel=\"lightbox dia=1\" href=\"http:\/\/fr.motocrossmag.be\/wp-content\/uploads\/2011\/10\/img_4775.jpg\"><img decoding=\"async\" class=\"alignnone size-thumbnail wp-image-13404\" title=\"img_4775\" src=\"http:\/\/fr.motocrossmag.be\/wp-content\/uploads\/2011\/10\/img_4775-150x150.jpg\" alt=\"\" width=\"150\" height=\"150\" \/><\/a><br \/>\n<a rel=\"lightbox dia=1\" href=\"http:\/\/fr.motocrossmag.be\/wp-content\/uploads\/2011\/10\/img_4796.jpg\"><img decoding=\"async\" class=\"alignnone size-thumbnail wp-image-13403\" title=\"img_4796\" src=\"http:\/\/fr.motocrossmag.be\/wp-content\/uploads\/2011\/10\/img_4796-150x150.jpg\" alt=\"\" width=\"150\" height=\"150\" \/><\/a>\u00a0\u00a0 <a rel=\"lightbox dia=1\" href=\"http:\/\/fr.motocrossmag.be\/wp-content\/uploads\/2011\/10\/img_4799.jpg\"><img decoding=\"async\" class=\"alignnone size-thumbnail wp-image-13401\" title=\"img_4799\" src=\"http:\/\/fr.motocrossmag.be\/wp-content\/uploads\/2011\/10\/img_4799-150x150.jpg\" alt=\"\" width=\"150\" height=\"150\" \/><\/a>\u00a0\u00a0 <a rel=\"lightbox dia=1\" href=\"http:\/\/fr.motocrossmag.be\/wp-content\/uploads\/2011\/10\/img_4827.jpg\"><img decoding=\"async\" class=\"alignnone size-thumbnail wp-image-13400\" title=\"img_4827\" src=\"http:\/\/fr.motocrossmag.be\/wp-content\/uploads\/2011\/10\/img_4827-150x150.jpg\" alt=\"\" width=\"150\" height=\"150\" \/><\/a><br \/>\n<a rel=\"lightbox dia=1\" href=\"http:\/\/fr.motocrossmag.be\/wp-content\/uploads\/2011\/10\/img_4845.jpg\"><img decoding=\"async\" class=\"alignnone size-thumbnail wp-image-13399\" title=\"img_4845\" src=\"http:\/\/fr.motocrossmag.be\/wp-content\/uploads\/2011\/10\/img_4845-150x150.jpg\" alt=\"\" width=\"150\" height=\"150\" \/><\/a>\u00a0\u00a0 <a rel=\"lightbox dia=1\" href=\"http:\/\/fr.motocrossmag.be\/wp-content\/uploads\/2011\/10\/img_4855.jpg\"><img decoding=\"async\" class=\"alignnone size-thumbnail wp-image-13398\" title=\"img_4855\" src=\"http:\/\/fr.motocrossmag.be\/wp-content\/uploads\/2011\/10\/img_4855-150x150.jpg\" alt=\"\" width=\"150\" height=\"150\" \/><\/a>\u00a0\u00a0 <a rel=\"lightbox dia=1\" href=\"http:\/\/fr.motocrossmag.be\/wp-content\/uploads\/2011\/10\/img_4858.jpg\"><img decoding=\"async\" class=\"alignnone size-thumbnail wp-image-13397\" title=\"img_4858\" src=\"http:\/\/fr.motocrossmag.be\/wp-content\/uploads\/2011\/10\/img_4858-150x150.jpg\" alt=\"\" width=\"150\" height=\"150\" \/><\/a><br \/>\n<a rel=\"lightbox dia=1\" href=\"http:\/\/fr.motocrossmag.be\/wp-content\/uploads\/2011\/10\/img_4922.jpg\"><img decoding=\"async\" class=\"alignnone size-thumbnail wp-image-13396\" title=\"img_4922\" src=\"http:\/\/fr.motocrossmag.be\/wp-content\/uploads\/2011\/10\/img_4922-150x150.jpg\" alt=\"\" width=\"150\" height=\"150\" \/><\/a>\u00a0\u00a0 <a rel=\"lightbox dia=1\" href=\"http:\/\/fr.motocrossmag.be\/wp-content\/uploads\/2011\/10\/img_4864.jpg\"><img decoding=\"async\" class=\"alignnone size-thumbnail wp-image-13395\" title=\"img_4864\" src=\"http:\/\/fr.motocrossmag.be\/wp-content\/uploads\/2011\/10\/img_4864-150x150.jpg\" alt=\"\" width=\"150\" height=\"150\" \/><\/a>\u00a0\u00a0 <a rel=\"lightbox dia=1\" href=\"http:\/\/fr.motocrossmag.be\/wp-content\/uploads\/2011\/10\/img_4871.jpg\"><img decoding=\"async\" class=\"alignnone size-thumbnail wp-image-13394\" title=\"img_4871\" src=\"http:\/\/fr.motocrossmag.be\/wp-content\/uploads\/2011\/10\/img_4871-150x150.jpg\" alt=\"\" width=\"150\" height=\"150\" \/><\/a><br \/>\n<a rel=\"lightbox dia=1\" href=\"http:\/\/fr.motocrossmag.be\/wp-content\/uploads\/2011\/10\/img_4884.jpg\"><img decoding=\"async\" class=\"alignnone size-thumbnail wp-image-13393\" title=\"img_4884\" src=\"http:\/\/fr.motocrossmag.be\/wp-content\/uploads\/2011\/10\/img_4884-150x150.jpg\" alt=\"\" width=\"150\" height=\"150\" \/><\/a>\u00a0\u00a0 <a rel=\"lightbox dia=1\" href=\"http:\/\/fr.motocrossmag.be\/wp-content\/uploads\/2011\/10\/img_4954.jpg\"><img decoding=\"async\" class=\"alignnone size-thumbnail wp-image-13392\" title=\"img_4954\" src=\"http:\/\/fr.motocrossmag.be\/wp-content\/uploads\/2011\/10\/img_4954-150x150.jpg\" alt=\"\" width=\"150\" height=\"150\" \/><\/a>\u00a0\u00a0 <a rel=\"lightbox dia=1\" href=\"http:\/\/fr.motocrossmag.be\/wp-content\/uploads\/2011\/10\/img_4963.jpg\"><img decoding=\"async\" class=\"alignnone size-thumbnail wp-image-13391\" title=\"img_4963\" src=\"http:\/\/fr.motocrossmag.be\/wp-content\/uploads\/2011\/10\/img_4963-150x150.jpg\" alt=\"\" width=\"150\" height=\"150\" \/><\/a><br \/>\n<a rel=\"lightbox dia=1\" href=\"http:\/\/fr.motocrossmag.be\/wp-content\/uploads\/2011\/10\/img_4978.jpg\"><img decoding=\"async\" class=\"alignnone size-thumbnail wp-image-13390\" title=\"img_4978\" src=\"http:\/\/fr.motocrossmag.be\/wp-content\/uploads\/2011\/10\/img_4978-150x150.jpg\" alt=\"\" width=\"150\" height=\"150\" \/><\/a>\u00a0\u00a0 <a rel=\"lightbox dia=1\" href=\"http:\/\/fr.motocrossmag.be\/wp-content\/uploads\/2011\/10\/img_4980.jpg\"><img decoding=\"async\" class=\"alignnone size-thumbnail wp-image-13389\" title=\"img_4980\" src=\"http:\/\/fr.motocrossmag.be\/wp-content\/uploads\/2011\/10\/img_4980-150x150.jpg\" alt=\"\" width=\"150\" height=\"150\" \/><\/a>\u00a0\u00a0 <a rel=\"lightbox dia=1\" href=\"http:\/\/fr.motocrossmag.be\/wp-content\/uploads\/2011\/10\/img_4996.jpg\"><img decoding=\"async\" class=\"alignnone size-thumbnail wp-image-13388\" title=\"img_4996\" src=\"http:\/\/fr.motocrossmag.be\/wp-content\/uploads\/2011\/10\/img_4996-150x150.jpg\" alt=\"\" width=\"150\" height=\"150\" \/><\/a><br \/>\n<a rel=\"lightbox dia=1\" href=\"http:\/\/fr.motocrossmag.be\/wp-content\/uploads\/2011\/10\/img_5004.jpg\"><img decoding=\"async\" class=\"alignnone size-thumbnail wp-image-13387\" title=\"img_5004\" src=\"http:\/\/fr.motocrossmag.be\/wp-content\/uploads\/2011\/10\/img_5004-150x150.jpg\" alt=\"\" width=\"150\" height=\"150\" \/><\/a>\u00a0\u00a0 <a rel=\"lightbox dia=1\" href=\"http:\/\/fr.motocrossmag.be\/wp-content\/uploads\/2011\/10\/img_5057.jpg\"><img decoding=\"async\" class=\"alignnone size-thumbnail wp-image-13386\" title=\"img_5057\" src=\"http:\/\/fr.motocrossmag.be\/wp-content\/uploads\/2011\/10\/img_5057-150x150.jpg\" alt=\"\" width=\"150\" height=\"150\" \/><\/a>\u00a0\u00a0 <a rel=\"lightbox dia=1\" href=\"http:\/\/fr.motocrossmag.be\/wp-content\/uploads\/2011\/10\/img_5071.jpg\"><img decoding=\"async\" class=\"alignnone size-thumbnail wp-image-13385\" title=\"img_5071\" src=\"http:\/\/fr.motocrossmag.be\/wp-content\/uploads\/2011\/10\/img_5071-150x150.jpg\" alt=\"\" width=\"150\" height=\"150\" \/><\/a><br \/>\n<a rel=\"lightbox dia=1\" href=\"http:\/\/fr.motocrossmag.be\/wp-content\/uploads\/2011\/10\/img_5080.jpg\"><img decoding=\"async\" class=\"alignnone size-thumbnail wp-image-13384\" title=\"img_5080\" src=\"http:\/\/fr.motocrossmag.be\/wp-content\/uploads\/2011\/10\/img_5080-150x150.jpg\" alt=\"\" width=\"150\" height=\"150\" \/><\/a>\u00a0\u00a0 <a rel=\"lightbox dia=1\" href=\"http:\/\/fr.motocrossmag.be\/wp-content\/uploads\/2011\/10\/img_5106.jpg\"><img decoding=\"async\" class=\"alignnone size-thumbnail wp-image-13383\" title=\"img_5106\" src=\"http:\/\/fr.motocrossmag.be\/wp-content\/uploads\/2011\/10\/img_5106-150x150.jpg\" alt=\"\" width=\"150\" height=\"150\" \/><\/a>\u00a0\u00a0 <a rel=\"lightbox dia=1\" href=\"http:\/\/fr.motocrossmag.be\/wp-content\/uploads\/2011\/10\/img_5111.jpg\"><img decoding=\"async\" class=\"alignnone size-thumbnail wp-image-13382\" title=\"img_5111\" src=\"http:\/\/fr.motocrossmag.be\/wp-content\/uploads\/2011\/10\/img_5111-150x150.jpg\" alt=\"\" width=\"150\" height=\"150\" \/><\/a><br \/>\n<a rel=\"lightbox dia=1\" href=\"http:\/\/fr.motocrossmag.be\/wp-content\/uploads\/2011\/10\/img_5134.jpg\"><img decoding=\"async\" class=\"alignnone size-thumbnail wp-image-13381\" title=\"img_5134\" src=\"http:\/\/fr.motocrossmag.be\/wp-content\/uploads\/2011\/10\/img_5134-150x150.jpg\" alt=\"\" width=\"150\" height=\"150\" \/><\/a>\u00a0\u00a0 <a rel=\"lightbox dia=1\" href=\"http:\/\/fr.motocrossmag.be\/wp-content\/uploads\/2011\/10\/img_5154.jpg\"><img decoding=\"async\" class=\"alignnone size-thumbnail wp-image-13380\" title=\"img_5154\" src=\"http:\/\/fr.motocrossmag.be\/wp-content\/uploads\/2011\/10\/img_5154-150x150.jpg\" alt=\"\" width=\"150\" height=\"150\" \/><\/a>\u00a0\u00a0 <a rel=\"lightbox dia=1\" href=\"http:\/\/fr.motocrossmag.be\/wp-content\/uploads\/2011\/10\/img_5177.jpg\"><img decoding=\"async\" class=\"alignnone size-thumbnail wp-image-13379\" title=\"img_5177\" src=\"http:\/\/fr.motocrossmag.be\/wp-content\/uploads\/2011\/10\/img_5177-150x150.jpg\" alt=\"\" width=\"150\" height=\"150\" \/><\/a><br \/>\n<a rel=\"lightbox dia=1\" href=\"http:\/\/fr.motocrossmag.be\/wp-content\/uploads\/2011\/10\/img_5189.jpg\"><img decoding=\"async\" class=\"alignnone size-thumbnail wp-image-13378\" title=\"img_5189\" src=\"http:\/\/fr.motocrossmag.be\/wp-content\/uploads\/2011\/10\/img_5189-150x150.jpg\" alt=\"\" width=\"150\" height=\"150\" \/><\/a>\u00a0\u00a0 <a rel=\"lightbox dia=1\" href=\"http:\/\/fr.motocrossmag.be\/wp-content\/uploads\/2011\/10\/img_5207.jpg\"><img decoding=\"async\" class=\"alignnone size-thumbnail wp-image-13377\" title=\"img_5207\" src=\"http:\/\/fr.motocrossmag.be\/wp-content\/uploads\/2011\/10\/img_5207-150x150.jpg\" alt=\"\" width=\"150\" height=\"150\" \/><\/a>\u00a0\u00a0 <a rel=\"lightbox dia=1\" href=\"http:\/\/fr.motocrossmag.be\/wp-content\/uploads\/2011\/10\/img_5211.jpg\"><img decoding=\"async\" class=\"alignnone size-thumbnail wp-image-13376\" title=\"img_5211\" src=\"http:\/\/fr.motocrossmag.be\/wp-content\/uploads\/2011\/10\/img_5211-150x150.jpg\" alt=\"\" width=\"150\" height=\"150\" \/><\/a><br \/>\n<a rel=\"lightbox dia=1\" href=\"http:\/\/fr.motocrossmag.be\/wp-content\/uploads\/2011\/10\/img_5215.jpg\"><img decoding=\"async\" class=\"alignnone size-thumbnail wp-image-13374\" title=\"img_5215\" src=\"http:\/\/fr.motocrossmag.be\/wp-content\/uploads\/2011\/10\/img_5215-150x150.jpg\" alt=\"\" width=\"150\" height=\"150\" \/><\/a>\u00a0\u00a0 <a rel=\"lightbox dia=1\" href=\"http:\/\/fr.motocrossmag.be\/wp-content\/uploads\/2011\/10\/img_5240.jpg\"><img decoding=\"async\" class=\"alignnone size-thumbnail wp-image-13373\" title=\"img_5240\" src=\"http:\/\/fr.motocrossmag.be\/wp-content\/uploads\/2011\/10\/img_5240-150x150.jpg\" alt=\"\" width=\"150\" height=\"150\" \/><\/a>\u00a0\u00a0 <a rel=\"lightbox dia=1\" href=\"http:\/\/fr.motocrossmag.be\/wp-content\/uploads\/2011\/10\/img_5296.jpg\"><img decoding=\"async\" class=\"alignnone size-thumbnail wp-image-13372\" title=\"img_5296\" src=\"http:\/\/fr.motocrossmag.be\/wp-content\/uploads\/2011\/10\/img_5296-150x150.jpg\" alt=\"\" width=\"150\" height=\"150\" \/><\/a><br \/>\n<a rel=\"lightbox dia=1\" href=\"http:\/\/fr.motocrossmag.be\/wp-content\/uploads\/2011\/10\/img_5303.jpg\"><img decoding=\"async\" class=\"alignnone size-thumbnail wp-image-13371\" title=\"img_5303\" src=\"http:\/\/fr.motocrossmag.be\/wp-content\/uploads\/2011\/10\/img_5303-150x150.jpg\" alt=\"\" width=\"150\" height=\"150\" \/><\/a>\u00a0\u00a0 <a rel=\"lightbox dia=1\" href=\"http:\/\/fr.motocrossmag.be\/wp-content\/uploads\/2011\/10\/img_5313.jpg\"><img decoding=\"async\" class=\"alignnone size-thumbnail wp-image-13370\" title=\"img_5313\" src=\"http:\/\/fr.motocrossmag.be\/wp-content\/uploads\/2011\/10\/img_5313-150x150.jpg\" alt=\"\" width=\"150\" height=\"150\" \/><\/a>\u00a0\u00a0 <a rel=\"lightbox dia=1\" href=\"http:\/\/fr.motocrossmag.be\/wp-content\/uploads\/2011\/10\/img_5330.jpg\"><img decoding=\"async\" class=\"alignnone size-thumbnail wp-image-13369\" title=\"img_5330\" src=\"http:\/\/fr.motocrossmag.be\/wp-content\/uploads\/2011\/10\/img_5330-150x150.jpg\" alt=\"\" width=\"150\" height=\"150\" \/><\/a><br \/>\n<a rel=\"lightbox dia=1\" href=\"http:\/\/fr.motocrossmag.be\/wp-content\/uploads\/2011\/10\/img_5340.jpg\"><img decoding=\"async\" class=\"alignnone size-thumbnail wp-image-13368\" title=\"img_5340\" src=\"http:\/\/fr.motocrossmag.be\/wp-content\/uploads\/2011\/10\/img_5340-150x150.jpg\" alt=\"\" width=\"150\" height=\"150\" \/><\/a>\u00a0\u00a0 <a rel=\"lightbox dia=1\" href=\"http:\/\/fr.motocrossmag.be\/wp-content\/uploads\/2011\/10\/img_5348.jpg\"><img decoding=\"async\" class=\"alignnone size-thumbnail wp-image-13367\" title=\"img_5348\" src=\"http:\/\/fr.motocrossmag.be\/wp-content\/uploads\/2011\/10\/img_5348-150x150.jpg\" alt=\"\" width=\"150\" height=\"150\" \/><\/a>\u00a0\u00a0 <a rel=\"lightbox dia=1\" href=\"http:\/\/fr.motocrossmag.be\/wp-content\/uploads\/2011\/10\/img_5362.jpg\"><img decoding=\"async\" class=\"alignnone size-thumbnail wp-image-13366\" title=\"img_5362\" src=\"http:\/\/fr.motocrossmag.be\/wp-content\/uploads\/2011\/10\/img_5362-150x150.jpg\" alt=\"\" width=\"150\" height=\"150\" \/><\/a><br \/>\n<a rel=\"lightbox dia=1\" href=\"http:\/\/fr.motocrossmag.be\/wp-content\/uploads\/2011\/10\/img_5408.jpg\"><img decoding=\"async\" class=\"alignnone size-thumbnail wp-image-13365\" title=\"img_5408\" src=\"http:\/\/fr.motocrossmag.be\/wp-content\/uploads\/2011\/10\/img_5408-150x150.jpg\" alt=\"\" width=\"150\" height=\"150\" \/><\/a>\u00a0\u00a0 <a rel=\"lightbox dia=1\" href=\"http:\/\/fr.motocrossmag.be\/wp-content\/uploads\/2011\/10\/img_5418.jpg\"><img decoding=\"async\" class=\"alignnone size-thumbnail wp-image-13364\" title=\"img_5418\" src=\"http:\/\/fr.motocrossmag.be\/wp-content\/uploads\/2011\/10\/img_5418-150x150.jpg\" alt=\"\" width=\"150\" height=\"150\" \/><\/a>\u00a0\u00a0 <a rel=\"lightbox dia=1\" href=\"http:\/\/fr.motocrossmag.be\/wp-content\/uploads\/2011\/10\/img_5430.jpg\"><img decoding=\"async\" class=\"alignnone size-thumbnail wp-image-13363\" title=\"img_5430\" src=\"http:\/\/fr.motocrossmag.be\/wp-content\/uploads\/2011\/10\/img_5430-150x150.jpg\" alt=\"\" width=\"150\" height=\"150\" \/><\/a><br \/>\n<a rel=\"lightbox dia=1\" href=\"http:\/\/fr.motocrossmag.be\/wp-content\/uploads\/2011\/10\/img_5447.jpg\"><img decoding=\"async\" class=\"alignnone size-thumbnail wp-image-13362\" title=\"img_5447\" src=\"http:\/\/fr.motocrossmag.be\/wp-content\/uploads\/2011\/10\/img_5447-150x150.jpg\" alt=\"\" width=\"150\" height=\"150\" \/><\/a>\u00a0\u00a0 <a rel=\"lightbox dia=1\" href=\"http:\/\/fr.motocrossmag.be\/wp-content\/uploads\/2011\/10\/img_5454.jpg\"><img decoding=\"async\" class=\"alignnone size-thumbnail wp-image-13361\" title=\"img_5454\" src=\"http:\/\/fr.motocrossmag.be\/wp-content\/uploads\/2011\/10\/img_5454-150x150.jpg\" alt=\"\" width=\"150\" height=\"150\" \/><\/a>\u00a0\u00a0 <a rel=\"lightbox dia=1\" href=\"http:\/\/fr.motocrossmag.be\/wp-content\/uploads\/2011\/10\/img_8416.jpg\"><img decoding=\"async\" class=\"alignnone size-thumbnail wp-image-13359\" title=\"img_8416\" src=\"http:\/\/fr.motocrossmag.be\/wp-content\/uploads\/2011\/10\/img_8416-150x150.jpg\" alt=\"\" width=\"150\" height=\"150\" \/><\/a><br \/>\n<a rel=\"lightbox dia=1\" href=\"http:\/\/fr.motocrossmag.be\/wp-content\/uploads\/2011\/10\/img_8427.jpg\"><img decoding=\"async\" class=\"alignnone size-thumbnail wp-image-13357\" title=\"img_8427\" src=\"http:\/\/fr.motocrossmag.be\/wp-content\/uploads\/2011\/10\/img_8427-150x150.jpg\" alt=\"\" width=\"150\" height=\"150\" \/><\/a>\u00a0\u00a0 <a rel=\"lightbox dia=1\" href=\"http:\/\/fr.motocrossmag.be\/wp-content\/uploads\/2011\/10\/img_8433.jpg\"><img decoding=\"async\" class=\"alignnone size-thumbnail wp-image-13356\" title=\"img_8433\" src=\"http:\/\/fr.motocrossmag.be\/wp-content\/uploads\/2011\/10\/img_8433-150x150.jpg\" alt=\"\" width=\"150\" height=\"150\" \/><\/a>\u00a0\u00a0 <a rel=\"lightbox dia=1\" href=\"http:\/\/fr.motocrossmag.be\/wp-content\/uploads\/2011\/10\/img_8465.jpg\"><img decoding=\"async\" class=\"alignnone size-thumbnail wp-image-13355\" title=\"img_8465\" src=\"http:\/\/fr.motocrossmag.be\/wp-content\/uploads\/2011\/10\/img_8465-150x150.jpg\" alt=\"\" width=\"150\" height=\"150\" \/><\/a><br \/>\n<a rel=\"lightbox dia=1\" href=\"http:\/\/fr.motocrossmag.be\/wp-content\/uploads\/2011\/10\/img_8513.jpg\"><img decoding=\"async\" class=\"alignnone size-thumbnail wp-image-13354\" title=\"img_8513\" src=\"http:\/\/fr.motocrossmag.be\/wp-content\/uploads\/2011\/10\/img_8513-150x150.jpg\" alt=\"\" width=\"150\" height=\"150\" \/><\/a>\u00a0\u00a0 <a rel=\"lightbox dia=1\" href=\"http:\/\/fr.motocrossmag.be\/wp-content\/uploads\/2011\/10\/img_8519.jpg\"><img decoding=\"async\" class=\"alignnone size-thumbnail wp-image-13353\" title=\"img_8519\" src=\"http:\/\/fr.motocrossmag.be\/wp-content\/uploads\/2011\/10\/img_8519-150x150.jpg\" alt=\"\" width=\"150\" height=\"150\" \/><\/a>\u00a0\u00a0 <a rel=\"lightbox dia=1\" href=\"http:\/\/fr.motocrossmag.be\/wp-content\/uploads\/2011\/10\/img_8524.jpg\"><img decoding=\"async\" class=\"alignnone size-thumbnail wp-image-13352\" title=\"img_8524\" src=\"http:\/\/fr.motocrossmag.be\/wp-content\/uploads\/2011\/10\/img_8524-150x150.jpg\" alt=\"\" width=\"150\" height=\"150\" \/><\/a><br \/>\n<a rel=\"lightbox dia=1\" href=\"http:\/\/fr.motocrossmag.be\/wp-content\/uploads\/2011\/10\/img_8594.jpg\"><img decoding=\"async\" class=\"alignnone size-thumbnail wp-image-13351\" title=\"img_8594\" src=\"http:\/\/fr.motocrossmag.be\/wp-content\/uploads\/2011\/10\/img_8594-150x150.jpg\" alt=\"\" width=\"150\" height=\"150\" \/><\/a>\u00a0\u00a0 <a rel=\"lightbox dia=1\" href=\"http:\/\/fr.motocrossmag.be\/wp-content\/uploads\/2011\/10\/img_8597.jpg\"><img decoding=\"async\" class=\"alignnone size-thumbnail wp-image-13350\" title=\"img_8597\" src=\"http:\/\/fr.motocrossmag.be\/wp-content\/uploads\/2011\/10\/img_8597-150x150.jpg\" alt=\"\" width=\"150\" height=\"150\" \/><\/a>\u00a0\u00a0 <a rel=\"lightbox dia=1\" href=\"http:\/\/fr.motocrossmag.be\/wp-content\/uploads\/2011\/10\/img_8675.jpg\"><img decoding=\"async\" class=\"alignnone size-thumbnail wp-image-13349\" title=\"img_8675\" src=\"http:\/\/fr.motocrossmag.be\/wp-content\/uploads\/2011\/10\/img_8675-150x150.jpg\" alt=\"\" width=\"150\" height=\"150\" \/><\/a><br \/>\n<a rel=\"lightbox dia=1\" href=\"http:\/\/fr.motocrossmag.be\/wp-content\/uploads\/2011\/10\/img_8690.jpg\"><img decoding=\"async\" class=\"alignnone size-thumbnail wp-image-13348\" title=\"img_8690\" src=\"http:\/\/fr.motocrossmag.be\/wp-content\/uploads\/2011\/10\/img_8690-150x150.jpg\" alt=\"\" width=\"150\" height=\"150\" \/><\/a>\u00a0\u00a0 <a rel=\"lightbox dia=1\" href=\"http:\/\/fr.motocrossmag.be\/wp-content\/uploads\/2011\/10\/img_8699.jpg\"><img decoding=\"async\" class=\"alignnone size-thumbnail wp-image-13347\" title=\"img_8699\" src=\"http:\/\/fr.motocrossmag.be\/wp-content\/uploads\/2011\/10\/img_8699-150x150.jpg\" alt=\"\" width=\"150\" height=\"150\" \/><\/a>\u00a0\u00a0 <a rel=\"lightbox dia=1\" href=\"http:\/\/fr.motocrossmag.be\/wp-content\/uploads\/2011\/10\/img_8720.jpg\"><img decoding=\"async\" class=\"alignnone size-thumbnail wp-image-13346\" title=\"img_8720\" src=\"http:\/\/fr.motocrossmag.be\/wp-content\/uploads\/2011\/10\/img_8720-150x150.jpg\" alt=\"\" width=\"150\" height=\"150\" \/><\/a><\/p>\n","protected":false},"excerpt":{"rendered":"<p>Si le ciel de Mettet est rest\u00e9 d\u00e9sesp\u00e9r\u00e9ment gris tout au long du week-end, le spectacle offert par la 25\u00e8me \u00e9dition du Superbiker fut n\u00e9anmoins une fois de plus haut en couleurs. Des stars, du show, des animations et des courses qui s&rsquo;encha\u00eenent durant 3 journ\u00e9es et un public enthousiaste, voil\u00e0\u00a0 la recette qui fait [&hellip;]<\/p>\n","protected":false},"author":932,"featured_media":0,"comment_status":"open","ping_status":"closed","sticky":false,"template":"","format":"standard","meta":{"tdm_status":"","tdm_grid_status":"","footnotes":""},"categories":[66,65],"tags":[],"class_list":["post-13358","post","type-post","status-publish","format-standard","category-photos","category-slideshow"],"yoast_head":"<!-- This site is optimized with the Yoast SEO plugin v28.4 - https:\/\/yoast.com\/product\/yoast-seo-wordpress\/ -->\n<title>Galerie photos | Le Superbiker 2011 en images - Motocross - Enduro - Supermoto | MotocrossMag<\/title>\n<meta name=\"robots\" content=\"index, follow, max-snippet:-1, max-image-preview:large, max-video-preview:-1\" \/>\n<link rel=\"canonical\" href=\"https:\/\/fr.motocrossmag.be\/index.php\/2011\/10\/galerie-photos-le-superbiker-2011-en-images\/\" \/>\n<meta property=\"og:locale\" content=\"fr_FR\" \/>\n<meta property=\"og:type\" content=\"article\" \/>\n<meta property=\"og:title\" content=\"Galerie photos | Le Superbiker 2011 en images - Motocross - Enduro - Supermoto | MotocrossMag\" \/>\n<meta property=\"og:description\" content=\"Si le ciel de Mettet est rest\u00e9 d\u00e9sesp\u00e9r\u00e9ment gris tout au long du week-end, le spectacle offert par la 25\u00e8me \u00e9dition du Superbiker fut n\u00e9anmoins une fois de plus haut en couleurs. Des stars, du show, des animations et des courses qui s&rsquo;encha\u00eenent durant 3 journ\u00e9es et un public enthousiaste, voil\u00e0\u00a0 la recette qui fait [&hellip;]\" \/>\n<meta property=\"og:url\" content=\"https:\/\/fr.motocrossmag.be\/index.php\/2011\/10\/galerie-photos-le-superbiker-2011-en-images\/\" \/>\n<meta property=\"og:site_name\" content=\"Motocross - Enduro - Supermoto | MotocrossMag\" \/>\n<meta property=\"article:published_time\" content=\"2011-10-11T14:59:06+00:00\" \/>\n<meta property=\"og:image\" content=\"http:\/\/fr.motocrossmag.be\/wp-content\/uploads\/2011\/10\/a-150x150.jpg\" \/>\n<meta name=\"author\" content=\"oliviere\" \/>\n<meta name=\"twitter:card\" content=\"summary_large_image\" \/>\n<meta name=\"twitter:label1\" content=\"\u00c9crit par\" \/>\n\t<meta name=\"twitter:data1\" content=\"oliviere\" \/>\n<script type=\"application\/ld+json\" class=\"yoast-schema-graph\">{\"@context\":\"https:\\\/\\\/schema.org\",\"@graph\":[{\"@type\":\"Article\",\"@id\":\"https:\\\/\\\/fr.motocrossmag.be\\\/index.php\\\/2011\\\/10\\\/galerie-photos-le-superbiker-2011-en-images\\\/#article\",\"isPartOf\":{\"@id\":\"https:\\\/\\\/fr.motocrossmag.be\\\/index.php\\\/2011\\\/10\\\/galerie-photos-le-superbiker-2011-en-images\\\/\"},\"author\":{\"name\":\"oliviere\",\"@id\":\"https:\\\/\\\/fr.motocrossmag.be\\\/#\\\/schema\\\/person\\\/11b47143d9f755babca2c9110e03235c\"},\"headline\":\"Galerie photos | Le Superbiker 2011 en images\",\"datePublished\":\"2011-10-11T14:59:06+00:00\",\"mainEntityOfPage\":{\"@id\":\"https:\\\/\\\/fr.motocrossmag.be\\\/index.php\\\/2011\\\/10\\\/galerie-photos-le-superbiker-2011-en-images\\\/\"},\"wordCount\":77,\"commentCount\":0,\"image\":{\"@id\":\"https:\\\/\\\/fr.motocrossmag.be\\\/index.php\\\/2011\\\/10\\\/galerie-photos-le-superbiker-2011-en-images\\\/#primaryimage\"},\"thumbnailUrl\":\"http:\\\/\\\/fr.motocrossmag.be\\\/wp-content\\\/uploads\\\/2011\\\/10\\\/a-150x150.jpg\",\"articleSection\":[\"Photos\",\"Slideshow\"],\"inLanguage\":\"fr-FR\",\"potentialAction\":[{\"@type\":\"CommentAction\",\"name\":\"Comment\",\"target\":[\"https:\\\/\\\/fr.motocrossmag.be\\\/index.php\\\/2011\\\/10\\\/galerie-photos-le-superbiker-2011-en-images\\\/#respond\"]}]},{\"@type\":\"WebPage\",\"@id\":\"https:\\\/\\\/fr.motocrossmag.be\\\/index.php\\\/2011\\\/10\\\/galerie-photos-le-superbiker-2011-en-images\\\/\",\"url\":\"https:\\\/\\\/fr.motocrossmag.be\\\/index.php\\\/2011\\\/10\\\/galerie-photos-le-superbiker-2011-en-images\\\/\",\"name\":\"Galerie photos | Le Superbiker 2011 en images - Motocross - Enduro - Supermoto | MotocrossMag\",\"isPartOf\":{\"@id\":\"https:\\\/\\\/fr.motocrossmag.be\\\/#website\"},\"primaryImageOfPage\":{\"@id\":\"https:\\\/\\\/fr.motocrossmag.be\\\/index.php\\\/2011\\\/10\\\/galerie-photos-le-superbiker-2011-en-images\\\/#primaryimage\"},\"image\":{\"@id\":\"https:\\\/\\\/fr.motocrossmag.be\\\/index.php\\\/2011\\\/10\\\/galerie-photos-le-superbiker-2011-en-images\\\/#primaryimage\"},\"thumbnailUrl\":\"http:\\\/\\\/fr.motocrossmag.be\\\/wp-content\\\/uploads\\\/2011\\\/10\\\/a-150x150.jpg\",\"datePublished\":\"2011-10-11T14:59:06+00:00\",\"author\":{\"@id\":\"https:\\\/\\\/fr.motocrossmag.be\\\/#\\\/schema\\\/person\\\/11b47143d9f755babca2c9110e03235c\"},\"breadcrumb\":{\"@id\":\"https:\\\/\\\/fr.motocrossmag.be\\\/index.php\\\/2011\\\/10\\\/galerie-photos-le-superbiker-2011-en-images\\\/#breadcrumb\"},\"inLanguage\":\"fr-FR\",\"potentialAction\":[{\"@type\":\"ReadAction\",\"target\":[\"https:\\\/\\\/fr.motocrossmag.be\\\/index.php\\\/2011\\\/10\\\/galerie-photos-le-superbiker-2011-en-images\\\/\"]}]},{\"@type\":\"ImageObject\",\"inLanguage\":\"fr-FR\",\"@id\":\"https:\\\/\\\/fr.motocrossmag.be\\\/index.php\\\/2011\\\/10\\\/galerie-photos-le-superbiker-2011-en-images\\\/#primaryimage\",\"url\":\"https:\\\/\\\/fr.motocrossmag.be\\\/wp-content\\\/uploads\\\/2011\\\/10\\\/a.jpg\",\"contentUrl\":\"https:\\\/\\\/fr.motocrossmag.be\\\/wp-content\\\/uploads\\\/2011\\\/10\\\/a.jpg\",\"width\":900,\"height\":600},{\"@type\":\"BreadcrumbList\",\"@id\":\"https:\\\/\\\/fr.motocrossmag.be\\\/index.php\\\/2011\\\/10\\\/galerie-photos-le-superbiker-2011-en-images\\\/#breadcrumb\",\"itemListElement\":[{\"@type\":\"ListItem\",\"position\":1,\"name\":\"Accueil\",\"item\":\"https:\\\/\\\/fr.motocrossmag.be\\\/\"},{\"@type\":\"ListItem\",\"position\":2,\"name\":\"Galerie photos | Le Superbiker 2011 en images\"}]},{\"@type\":\"WebSite\",\"@id\":\"https:\\\/\\\/fr.motocrossmag.be\\\/#website\",\"url\":\"https:\\\/\\\/fr.motocrossmag.be\\\/\",\"name\":\"Motocross - Enduro - Supermoto | MotocrossMag\",\"description\":\"L&#039;actualit\u00e9 du motocross, de l&#039;enduro et du Supermoto en ligne!\",\"potentialAction\":[{\"@type\":\"SearchAction\",\"target\":{\"@type\":\"EntryPoint\",\"urlTemplate\":\"https:\\\/\\\/fr.motocrossmag.be\\\/?s={search_term_string}\"},\"query-input\":{\"@type\":\"PropertyValueSpecification\",\"valueRequired\":true,\"valueName\":\"search_term_string\"}}],\"inLanguage\":\"fr-FR\"},{\"@type\":\"Person\",\"@id\":\"https:\\\/\\\/fr.motocrossmag.be\\\/#\\\/schema\\\/person\\\/11b47143d9f755babca2c9110e03235c\",\"name\":\"oliviere\",\"image\":{\"@type\":\"ImageObject\",\"inLanguage\":\"fr-FR\",\"@id\":\"https:\\\/\\\/secure.gravatar.com\\\/avatar\\\/907069e0b81d119452040469e4a7501da1100f54f7f80180ce77bfab718288f6?s=96&d=mm&r=g\",\"url\":\"https:\\\/\\\/secure.gravatar.com\\\/avatar\\\/907069e0b81d119452040469e4a7501da1100f54f7f80180ce77bfab718288f6?s=96&d=mm&r=g\",\"contentUrl\":\"https:\\\/\\\/secure.gravatar.com\\\/avatar\\\/907069e0b81d119452040469e4a7501da1100f54f7f80180ce77bfab718288f6?s=96&d=mm&r=g\",\"caption\":\"oliviere\"},\"sameAs\":[\"http:\\\/\\\/www.motocrossmag.be\"],\"url\":\"https:\\\/\\\/fr.motocrossmag.be\\\/index.php\\\/author\\\/oliviere\\\/\"}]}<\/script>\n<!-- \/ Yoast SEO plugin. -->","yoast_head_json":{"title":"Galerie photos | Le Superbiker 2011 en images - Motocross - Enduro - Supermoto | MotocrossMag","robots":{"index":"index","follow":"follow","max-snippet":"max-snippet:-1","max-image-preview":"max-image-preview:large","max-video-preview":"max-video-preview:-1"},"canonical":"https:\/\/fr.motocrossmag.be\/index.php\/2011\/10\/galerie-photos-le-superbiker-2011-en-images\/","og_locale":"fr_FR","og_type":"article","og_title":"Galerie photos | Le Superbiker 2011 en images - Motocross - Enduro - Supermoto | MotocrossMag","og_description":"Si le ciel de Mettet est rest\u00e9 d\u00e9sesp\u00e9r\u00e9ment gris tout au long du week-end, le spectacle offert par la 25\u00e8me \u00e9dition du Superbiker fut n\u00e9anmoins une fois de plus haut en couleurs. Des stars, du show, des animations et des courses qui s&rsquo;encha\u00eenent durant 3 journ\u00e9es et un public enthousiaste, voil\u00e0\u00a0 la recette qui fait [&hellip;]","og_url":"https:\/\/fr.motocrossmag.be\/index.php\/2011\/10\/galerie-photos-le-superbiker-2011-en-images\/","og_site_name":"Motocross - Enduro - Supermoto | MotocrossMag","article_published_time":"2011-10-11T14:59:06+00:00","og_image":[{"url":"http:\/\/fr.motocrossmag.be\/wp-content\/uploads\/2011\/10\/a-150x150.jpg","type":"","width":"","height":""}],"author":"oliviere","twitter_card":"summary_large_image","twitter_misc":{"\u00c9crit par":"oliviere"},"schema":{"@context":"https:\/\/schema.org","@graph":[{"@type":"Article","@id":"https:\/\/fr.motocrossmag.be\/index.php\/2011\/10\/galerie-photos-le-superbiker-2011-en-images\/#article","isPartOf":{"@id":"https:\/\/fr.motocrossmag.be\/index.php\/2011\/10\/galerie-photos-le-superbiker-2011-en-images\/"},"author":{"name":"oliviere","@id":"https:\/\/fr.motocrossmag.be\/#\/schema\/person\/11b47143d9f755babca2c9110e03235c"},"headline":"Galerie photos | Le Superbiker 2011 en images","datePublished":"2011-10-11T14:59:06+00:00","mainEntityOfPage":{"@id":"https:\/\/fr.motocrossmag.be\/index.php\/2011\/10\/galerie-photos-le-superbiker-2011-en-images\/"},"wordCount":77,"commentCount":0,"image":{"@id":"https:\/\/fr.motocrossmag.be\/index.php\/2011\/10\/galerie-photos-le-superbiker-2011-en-images\/#primaryimage"},"thumbnailUrl":"http:\/\/fr.motocrossmag.be\/wp-content\/uploads\/2011\/10\/a-150x150.jpg","articleSection":["Photos","Slideshow"],"inLanguage":"fr-FR","potentialAction":[{"@type":"CommentAction","name":"Comment","target":["https:\/\/fr.motocrossmag.be\/index.php\/2011\/10\/galerie-photos-le-superbiker-2011-en-images\/#respond"]}]},{"@type":"WebPage","@id":"https:\/\/fr.motocrossmag.be\/index.php\/2011\/10\/galerie-photos-le-superbiker-2011-en-images\/","url":"https:\/\/fr.motocrossmag.be\/index.php\/2011\/10\/galerie-photos-le-superbiker-2011-en-images\/","name":"Galerie photos | Le Superbiker 2011 en images - Motocross - Enduro - Supermoto | MotocrossMag","isPartOf":{"@id":"https:\/\/fr.motocrossmag.be\/#website"},"primaryImageOfPage":{"@id":"https:\/\/fr.motocrossmag.be\/index.php\/2011\/10\/galerie-photos-le-superbiker-2011-en-images\/#primaryimage"},"image":{"@id":"https:\/\/fr.motocrossmag.be\/index.php\/2011\/10\/galerie-photos-le-superbiker-2011-en-images\/#primaryimage"},"thumbnailUrl":"http:\/\/fr.motocrossmag.be\/wp-content\/uploads\/2011\/10\/a-150x150.jpg","datePublished":"2011-10-11T14:59:06+00:00","author":{"@id":"https:\/\/fr.motocrossmag.be\/#\/schema\/person\/11b47143d9f755babca2c9110e03235c"},"breadcrumb":{"@id":"https:\/\/fr.motocrossmag.be\/index.php\/2011\/10\/galerie-photos-le-superbiker-2011-en-images\/#breadcrumb"},"inLanguage":"fr-FR","potentialAction":[{"@type":"ReadAction","target":["https:\/\/fr.motocrossmag.be\/index.php\/2011\/10\/galerie-photos-le-superbiker-2011-en-images\/"]}]},{"@type":"ImageObject","inLanguage":"fr-FR","@id":"https:\/\/fr.motocrossmag.be\/index.php\/2011\/10\/galerie-photos-le-superbiker-2011-en-images\/#primaryimage","url":"https:\/\/fr.motocrossmag.be\/wp-content\/uploads\/2011\/10\/a.jpg","contentUrl":"https:\/\/fr.motocrossmag.be\/wp-content\/uploads\/2011\/10\/a.jpg","width":900,"height":600},{"@type":"BreadcrumbList","@id":"https:\/\/fr.motocrossmag.be\/index.php\/2011\/10\/galerie-photos-le-superbiker-2011-en-images\/#breadcrumb","itemListElement":[{"@type":"ListItem","position":1,"name":"Accueil","item":"https:\/\/fr.motocrossmag.be\/"},{"@type":"ListItem","position":2,"name":"Galerie photos | Le Superbiker 2011 en images"}]},{"@type":"WebSite","@id":"https:\/\/fr.motocrossmag.be\/#website","url":"https:\/\/fr.motocrossmag.be\/","name":"Motocross - Enduro - Supermoto | MotocrossMag","description":"L&#039;actualit\u00e9 du motocross, de l&#039;enduro et du Supermoto en ligne!","potentialAction":[{"@type":"SearchAction","target":{"@type":"EntryPoint","urlTemplate":"https:\/\/fr.motocrossmag.be\/?s={search_term_string}"},"query-input":{"@type":"PropertyValueSpecification","valueRequired":true,"valueName":"search_term_string"}}],"inLanguage":"fr-FR"},{"@type":"Person","@id":"https:\/\/fr.motocrossmag.be\/#\/schema\/person\/11b47143d9f755babca2c9110e03235c","name":"oliviere","image":{"@type":"ImageObject","inLanguage":"fr-FR","@id":"https:\/\/secure.gravatar.com\/avatar\/907069e0b81d119452040469e4a7501da1100f54f7f80180ce77bfab718288f6?s=96&d=mm&r=g","url":"https:\/\/secure.gravatar.com\/avatar\/907069e0b81d119452040469e4a7501da1100f54f7f80180ce77bfab718288f6?s=96&d=mm&r=g","contentUrl":"https:\/\/secure.gravatar.com\/avatar\/907069e0b81d119452040469e4a7501da1100f54f7f80180ce77bfab718288f6?s=96&d=mm&r=g","caption":"oliviere"},"sameAs":["http:\/\/www.motocrossmag.be"],"url":"https:\/\/fr.motocrossmag.be\/index.php\/author\/oliviere\/"}]}},"_links":{"self":[{"href":"https:\/\/fr.motocrossmag.be\/index.php\/wp-json\/wp\/v2\/posts\/13358","targetHints":{"allow":["GET"]}}],"collection":[{"href":"https:\/\/fr.motocrossmag.be\/index.php\/wp-json\/wp\/v2\/posts"}],"about":[{"href":"https:\/\/fr.motocrossmag.be\/index.php\/wp-json\/wp\/v2\/types\/post"}],"author":[{"embeddable":true,"href":"https:\/\/fr.motocrossmag.be\/index.php\/wp-json\/wp\/v2\/users\/932"}],"replies":[{"embeddable":true,"href":"https:\/\/fr.motocrossmag.be\/index.php\/wp-json\/wp\/v2\/comments?post=13358"}],"version-history":[{"count":0,"href":"https:\/\/fr.motocrossmag.be\/index.php\/wp-json\/wp\/v2\/posts\/13358\/revisions"}],"wp:attachment":[{"href":"https:\/\/fr.motocrossmag.be\/index.php\/wp-json\/wp\/v2\/media?parent=13358"}],"wp:term":[{"taxonomy":"category","embeddable":true,"href":"https:\/\/fr.motocrossmag.be\/index.php\/wp-json\/wp\/v2\/categories?post=13358"},{"taxonomy":"post_tag","embeddable":true,"href":"https:\/\/fr.motocrossmag.be\/index.php\/wp-json\/wp\/v2\/tags?post=13358"}],"curies":[{"name":"wp","href":"https:\/\/api.w.org\/{rel}","templated":true}]}}