{"id":133875,"date":"2024-02-07T22:30:38","date_gmt":"2024-02-07T21:30:38","guid":{"rendered":"https:\/\/fr.motocrossmag.be\/?p=133875"},"modified":"2024-02-07T22:30:38","modified_gmt":"2024-02-07T21:30:38","slug":"jago-geerts-arrive-en-mxgp-mon-objectif-reste-de-remporter-un-titre-mondial","status":"publish","type":"post","link":"https:\/\/fr.motocrossmag.be\/index.php\/2024\/02\/jago-geerts-arrive-en-mxgp-mon-objectif-reste-de-remporter-un-titre-mondial\/","title":{"rendered":"Jago Geerts arrive en MXGP : \u00ab\u00a0Mon objectif reste de remporter un titre mondial\u00a0\u00bb"},"content":{"rendered":"<p><strong>Il aura 24 ans en avril. L&rsquo;heure est arriv\u00e9e pour Jago Geerts d&rsquo;entrer dans la cour des grands. Le pilote Yamaha laissera donc derri\u00e8re lui cette ann\u00e9e une belle carri\u00e8re en MX2 pour plonger dans la cat\u00e9gorie reine du motocross mondial. Pas pour y jouer le titre d&#8217;embl\u00e9e, m\u00eame si l&rsquo;on sait d\u00e9j\u00e0 que notre compatriote a le talent n\u00e9cessaire pour entretenir son ambition de devenir champion du monde face aux pilotes les plus rapides de la plan\u00e8te.<\/strong><\/p>\n<p>Jago Geerts, ce sont 24 succ\u00e8s en GP et surtout quatre titres de vice-champion du monde MX2 entre 2020 et 2023. Pas de titre mais pourtant une carri\u00e8re d\u00e9j\u00e0 remplie de coups d&rsquo;\u00e9clat, de succ\u00e8s \u00e9poustouflants, de retours improbables&#8230; De quelques d\u00e9sillusions \u00e9galement, apr\u00e8s avoir vu \u00e0 plusieurs reprises le titre lui filer entre les doigts, souvent par le seul fait d&rsquo;un manque de r\u00e9ussite ou de la fatalit\u00e9. Mais toujours, le prot\u00e9g\u00e9 de Hans Corvers sait comment rebondir.<\/p>\n<p><a href=\"https:\/\/fr.motocrossmag.be\/wp-content\/uploads\/2023\/09\/Geerts_Italy_2023_Fullspectrum_ESZ-3272.jpg\"><img decoding=\"async\" class=\"lazyload alignnone size-full wp-image-129762\" src=\"https:\/\/fr.motocrossmag.be\/wp-content\/uploads\/2023\/09\/Geerts_Italy_2023_Fullspectrum_ESZ-3272.jpg\" data-orig-src=\"https:\/\/fr.motocrossmag.be\/wp-content\/uploads\/2023\/09\/Geerts_Italy_2023_Fullspectrum_ESZ-3272.jpg\" alt=\"\" width=\"1200\" height=\"800\" srcset=\"data:image\/svg+xml,%3Csvg%20xmlns%3D%27http%3A%2F%2Fwww.w3.org%2F2000%2Fsvg%27%20width%3D%271200%27%20height%3D%27800%27%20viewBox%3D%270%200%201200%20800%27%3E%3Crect%20width%3D%271200%27%20height%3D%27800%27%20fill-opacity%3D%220%22%2F%3E%3C%2Fsvg%3E\" data-srcset=\"https:\/\/fr.motocrossmag.be\/wp-content\/uploads\/2023\/09\/Geerts_Italy_2023_Fullspectrum_ESZ-3272-650x433.jpg 650w, https:\/\/fr.motocrossmag.be\/wp-content\/uploads\/2023\/09\/Geerts_Italy_2023_Fullspectrum_ESZ-3272-768x512.jpg 768w, https:\/\/fr.motocrossmag.be\/wp-content\/uploads\/2023\/09\/Geerts_Italy_2023_Fullspectrum_ESZ-3272-1024x683.jpg 1024w, https:\/\/fr.motocrossmag.be\/wp-content\/uploads\/2023\/09\/Geerts_Italy_2023_Fullspectrum_ESZ-3272.jpg 1200w\" data-sizes=\"auto\" data-orig-sizes=\"(max-width: 1200px) 100vw, 1200px\" \/><\/a><\/p>\n<p>\u00ab\u00a0Je suis heureux de la fa\u00e7on dont ma carri\u00e8re en 250 s&rsquo;est d\u00e9roul\u00e9e\u00a0\u00bb, explique Geerts. \u00ab\u00a0J&rsquo;ai plus de 20 victoires en GP, il y a eu quelques bonnes ann\u00e9es et j&rsquo;ai manqu\u00e9 le titre plusieurs fois, mais j&rsquo;ai encore beaucoup d&rsquo;ann\u00e9es devant moi et mon objectif est toujours d&rsquo;obtenir un titre mondial. J&rsquo;essaierai donc \u00e0 pr\u00e9sent de l&rsquo;obtenir dans le championnat MXGP. Pour l&rsquo;instant, je n&rsquo;ai pas d&rsquo;objectif sp\u00e9cifique pour 2024, je veux juste avoir quelques bonnes semaines avant le d\u00e9but de la saison. J&rsquo;arriverai sur le premier round sans vraiment savoir o\u00f9 je me situe mais apr\u00e8s quelques manches, je conna\u00eetrai ma vitesse et ce sur quoi je dois travailler. Je ne vais pas vraiment aux courses avec un objectif pr\u00e9cis en t\u00eate, je veux juste faire de mon mieux.\u00a0\u00bb<\/p>\n<p><a href=\"https:\/\/fr.motocrossmag.be\/wp-content\/uploads\/2023\/08\/Geerts_Netherlands_2023_Fullspectrum_ESZ-5091_preview.jpg\"><img decoding=\"async\" class=\"lazyload alignnone size-full wp-image-127812\" src=\"https:\/\/fr.motocrossmag.be\/wp-content\/uploads\/2023\/08\/Geerts_Netherlands_2023_Fullspectrum_ESZ-5091_preview.jpg\" data-orig-src=\"https:\/\/fr.motocrossmag.be\/wp-content\/uploads\/2023\/08\/Geerts_Netherlands_2023_Fullspectrum_ESZ-5091_preview.jpg\" alt=\"\" width=\"1200\" height=\"800\" srcset=\"data:image\/svg+xml,%3Csvg%20xmlns%3D%27http%3A%2F%2Fwww.w3.org%2F2000%2Fsvg%27%20width%3D%271200%27%20height%3D%27800%27%20viewBox%3D%270%200%201200%20800%27%3E%3Crect%20width%3D%271200%27%20height%3D%27800%27%20fill-opacity%3D%220%22%2F%3E%3C%2Fsvg%3E\" data-srcset=\"https:\/\/fr.motocrossmag.be\/wp-content\/uploads\/2023\/08\/Geerts_Netherlands_2023_Fullspectrum_ESZ-5091_preview-650x433.jpg 650w, https:\/\/fr.motocrossmag.be\/wp-content\/uploads\/2023\/08\/Geerts_Netherlands_2023_Fullspectrum_ESZ-5091_preview-768x512.jpg 768w, https:\/\/fr.motocrossmag.be\/wp-content\/uploads\/2023\/08\/Geerts_Netherlands_2023_Fullspectrum_ESZ-5091_preview-1024x683.jpg 1024w, https:\/\/fr.motocrossmag.be\/wp-content\/uploads\/2023\/08\/Geerts_Netherlands_2023_Fullspectrum_ESZ-5091_preview.jpg 1200w\" data-sizes=\"auto\" data-orig-sizes=\"(max-width: 1200px) 100vw, 1200px\" \/><\/a><\/p>\n<p>En 2024, Geerts affrontera les grands et avec des anciens champions MX2 comme Jeffrey Herlings, Tim Gajser, Jorge Prado, Pauls Jonass et Maxime Renaux dans la classe MXGP. Ajoutez \u00e0 cela des noms comme Jeremy Seewer, Romain Febvre, Ruben Fernandez, Glenn Coldenhoff et bien d&rsquo;autres, et vous aurez une id\u00e9e du niveau exceptionnel de cette cat\u00e9gorie.<\/p>\n<p>Le propri\u00e9taire de l&rsquo;\u00e9quipe Monster Energy Yamaha Factory MXGP, notre compatriote Hans Corvers, a toujours cru en son prot\u00e9g\u00e9 et n&rsquo;a jamais remis en question leur relation de longue date. Il est clair que Corvers est convaincu que Jago a le talent n\u00e9cessaire pour aller jusqu&rsquo;au bout dans la cat\u00e9gorie reine du motocross mondial.<\/p>\n<p><a href=\"https:\/\/fr.motocrossmag.be\/wp-content\/uploads\/2023\/05\/HMF_4678.jpeg\"><img decoding=\"async\" class=\"lazyload alignnone size-full wp-image-124434\" src=\"https:\/\/fr.motocrossmag.be\/wp-content\/uploads\/2023\/05\/HMF_4678.jpeg\" data-orig-src=\"https:\/\/fr.motocrossmag.be\/wp-content\/uploads\/2023\/05\/HMF_4678.jpeg\" alt=\"\" width=\"900\" height=\"600\" srcset=\"data:image\/svg+xml,%3Csvg%20xmlns%3D%27http%3A%2F%2Fwww.w3.org%2F2000%2Fsvg%27%20width%3D%27900%27%20height%3D%27600%27%20viewBox%3D%270%200%20900%20600%27%3E%3Crect%20width%3D%27900%27%20height%3D%27600%27%20fill-opacity%3D%220%22%2F%3E%3C%2Fsvg%3E\" data-srcset=\"https:\/\/fr.motocrossmag.be\/wp-content\/uploads\/2023\/05\/HMF_4678-650x433.jpeg 650w, https:\/\/fr.motocrossmag.be\/wp-content\/uploads\/2023\/05\/HMF_4678-768x512.jpeg 768w, https:\/\/fr.motocrossmag.be\/wp-content\/uploads\/2023\/05\/HMF_4678.jpeg 900w\" data-sizes=\"auto\" data-orig-sizes=\"(max-width: 900px) 100vw, 900px\" \/><\/a><\/p>\n<p>\u00ab\u00a0Jago est tellement confiant sur la 450 !\u00a0\u00bb, explique Corvers, \u00ab\u00a0Il sait qu&rsquo;il doit encore apprendre \u00e0 conna\u00eetre la classe MXGP, mais il se sent tellement bien sur cette moto. Il s&rsquo;adapte beaucoup mieux \u00e0 la 450 qu&rsquo;\u00e0 la 250. Il sait \u00e9videmment que le MXGP est une cat\u00e9gorie plus relev\u00e9e, mais sur la 250, il a d\u00fb se battre avec la moto parce qu&rsquo;elle ne correspondait pas \u00e0 100% \u00e0 son style de pilotage. Cela ne signifie pas encore qu&rsquo;il est pr\u00eat \u00e0 gagner, mais il pr\u00e9f\u00e8re piloter la moto et il se sent plus en confiance. Je suis certain qu&rsquo;avec le talent qu&rsquo;il a, \u00e7a viendra.\u00a0\u00bb<\/p>\n<p><a href=\"https:\/\/fr.motocrossmag.be\/wp-content\/uploads\/2022\/07\/geerts-ramon.jpeg\"><img decoding=\"async\" class=\"lazyload alignnone size-full wp-image-118656\" src=\"https:\/\/fr.motocrossmag.be\/wp-content\/uploads\/2022\/07\/geerts-ramon.jpeg\" data-orig-src=\"https:\/\/fr.motocrossmag.be\/wp-content\/uploads\/2022\/07\/geerts-ramon.jpeg\" alt=\"\" width=\"1000\" height=\"666\" srcset=\"data:image\/svg+xml,%3Csvg%20xmlns%3D%27http%3A%2F%2Fwww.w3.org%2F2000%2Fsvg%27%20width%3D%271000%27%20height%3D%27666%27%20viewBox%3D%270%200%201000%20666%27%3E%3Crect%20width%3D%271000%27%20height%3D%27666%27%20fill-opacity%3D%220%22%2F%3E%3C%2Fsvg%3E\" data-srcset=\"https:\/\/fr.motocrossmag.be\/wp-content\/uploads\/2022\/07\/geerts-ramon-650x433.jpeg 650w, https:\/\/fr.motocrossmag.be\/wp-content\/uploads\/2022\/07\/geerts-ramon-768x511.jpeg 768w, https:\/\/fr.motocrossmag.be\/wp-content\/uploads\/2022\/07\/geerts-ramon.jpeg 1000w\" data-sizes=\"auto\" data-orig-sizes=\"(max-width: 1000px) 100vw, 1000px\" \/><\/a><\/p>\n<p>Dans le top-5 le week-end pass\u00e9 \u00e0 Riola Sardo pour l&rsquo;ouverture des Internationaux d&rsquo;Italie, Geerts sera ce week-end au d\u00e9part du second round \u00e0 Mantova, face \u00e0 un plateau tr\u00e8s relev\u00e9. Il lui restera alors tr\u00e8s exactement un mois avant de se placer derri\u00e8re la grille de d\u00e9part du GP d&rsquo;Argentine, pour la premi\u00e8re fois aux c\u00f4t\u00e9s des stars de la classe MXGP.<\/p>\n<p>Interview : Geoff Meyer<\/p>\n","protected":false},"excerpt":{"rendered":"<p>Il aura 24 ans en avril. L&rsquo;heure est arriv\u00e9e pour Jago Geerts d&rsquo;entrer dans la cour des grands. Le pilote Yamaha laissera donc derri\u00e8re lui cette ann\u00e9e une belle carri\u00e8re [&#8230;]<\/p>\n","protected":false},"author":932,"featured_media":109685,"comment_status":"open","ping_status":"closed","sticky":false,"template":"","format":"standard","meta":{"footnotes":""},"categories":[54,7,58,4,6,55,65],"tags":[2000,813,947,568],"class_list":["post-133875","post","type-post","status-publish","format-standard","has-post-thumbnail","hentry","category-actualite","category-interviews","category-interviews-actualite","category-motocross","category-mx1mx2","category-news-actualite","category-slideshow","tag-hans-corvers","tag-jago-geerts","tag-motocross","tag-mxgp"],"yoast_head":"<!-- This site is optimized with the Yoast SEO plugin v27.4 - https:\/\/yoast.com\/product\/yoast-seo-wordpress\/ -->\n<title>Jago Geerts arrive en MXGP : &quot;Mon objectif reste de remporter un titre mondial&quot; - Motocross - Enduro - Supermoto | MotocrossMag<\/title>\n<meta name=\"robots\" content=\"index, follow, max-snippet:-1, max-image-preview:large, max-video-preview:-1\" \/>\n<link rel=\"canonical\" href=\"https:\/\/fr.motocrossmag.be\/index.php\/2024\/02\/jago-geerts-arrive-en-mxgp-mon-objectif-reste-de-remporter-un-titre-mondial\/\" \/>\n<meta property=\"og:locale\" content=\"fr_FR\" \/>\n<meta property=\"og:type\" content=\"article\" \/>\n<meta property=\"og:title\" content=\"Jago Geerts arrive en MXGP : &quot;Mon objectif reste de remporter un titre mondial&quot; - Motocross - Enduro - Supermoto | MotocrossMag\" \/>\n<meta property=\"og:description\" content=\"Il aura 24 ans en avril. L&rsquo;heure est arriv\u00e9e pour Jago Geerts d&rsquo;entrer dans la cour des grands. Le pilote Yamaha laissera donc derri\u00e8re lui cette ann\u00e9e une belle carri\u00e8re [...]\" \/>\n<meta property=\"og:url\" content=\"https:\/\/fr.motocrossmag.be\/index.php\/2024\/02\/jago-geerts-arrive-en-mxgp-mon-objectif-reste-de-remporter-un-titre-mondial\/\" \/>\n<meta property=\"og:site_name\" content=\"Motocross - Enduro - Supermoto | MotocrossMag\" \/>\n<meta property=\"article:published_time\" content=\"2024-02-07T21:30:38+00:00\" \/>\n<meta property=\"og:image\" content=\"https:\/\/fr.motocrossmag.be\/wp-content\/uploads\/2021\/05\/geerts-jago-portrait-paddock.jpg\" \/>\n\t<meta property=\"og:image:width\" content=\"1000\" \/>\n\t<meta property=\"og:image:height\" content=\"594\" \/>\n\t<meta property=\"og:image:type\" content=\"image\/jpeg\" \/>\n<meta name=\"author\" content=\"oliviere\" \/>\n<meta name=\"twitter:card\" content=\"summary_large_image\" \/>\n<meta name=\"twitter:label1\" content=\"\u00c9crit par\" \/>\n\t<meta name=\"twitter:data1\" content=\"oliviere\" \/>\n\t<meta name=\"twitter:label2\" content=\"Dur\u00e9e de lecture estim\u00e9e\" \/>\n\t<meta name=\"twitter:data2\" content=\"3 minutes\" \/>\n<script type=\"application\/ld+json\" class=\"yoast-schema-graph\">{\"@context\":\"https:\\\/\\\/schema.org\",\"@graph\":[{\"@type\":\"Article\",\"@id\":\"https:\\\/\\\/fr.motocrossmag.be\\\/index.php\\\/2024\\\/02\\\/jago-geerts-arrive-en-mxgp-mon-objectif-reste-de-remporter-un-titre-mondial\\\/#article\",\"isPartOf\":{\"@id\":\"https:\\\/\\\/fr.motocrossmag.be\\\/index.php\\\/2024\\\/02\\\/jago-geerts-arrive-en-mxgp-mon-objectif-reste-de-remporter-un-titre-mondial\\\/\"},\"author\":{\"name\":\"oliviere\",\"@id\":\"https:\\\/\\\/fr.motocrossmag.be\\\/#\\\/schema\\\/person\\\/11b47143d9f755babca2c9110e03235c\"},\"headline\":\"Jago Geerts arrive en MXGP : \u00ab\u00a0Mon objectif reste de remporter un titre mondial\u00a0\u00bb\",\"datePublished\":\"2024-02-07T21:30:38+00:00\",\"mainEntityOfPage\":{\"@id\":\"https:\\\/\\\/fr.motocrossmag.be\\\/index.php\\\/2024\\\/02\\\/jago-geerts-arrive-en-mxgp-mon-objectif-reste-de-remporter-un-titre-mondial\\\/\"},\"wordCount\":642,\"commentCount\":0,\"image\":{\"@id\":\"https:\\\/\\\/fr.motocrossmag.be\\\/index.php\\\/2024\\\/02\\\/jago-geerts-arrive-en-mxgp-mon-objectif-reste-de-remporter-un-titre-mondial\\\/#primaryimage\"},\"thumbnailUrl\":\"https:\\\/\\\/fr.motocrossmag.be\\\/wp-content\\\/uploads\\\/2021\\\/05\\\/geerts-jago-portrait-paddock.jpg\",\"keywords\":[\"hans corvers\",\"Jago Geerts\",\"Motocross\",\"MXGP\"],\"articleSection\":[\"Actualit\u00e9\",\"Interviews\",\"Interviews -all\",\"Motocross\",\"Motocross MXGP\",\"News\",\"Slideshow\"],\"inLanguage\":\"fr-FR\",\"potentialAction\":[{\"@type\":\"CommentAction\",\"name\":\"Comment\",\"target\":[\"https:\\\/\\\/fr.motocrossmag.be\\\/index.php\\\/2024\\\/02\\\/jago-geerts-arrive-en-mxgp-mon-objectif-reste-de-remporter-un-titre-mondial\\\/#respond\"]}]},{\"@type\":\"WebPage\",\"@id\":\"https:\\\/\\\/fr.motocrossmag.be\\\/index.php\\\/2024\\\/02\\\/jago-geerts-arrive-en-mxgp-mon-objectif-reste-de-remporter-un-titre-mondial\\\/\",\"url\":\"https:\\\/\\\/fr.motocrossmag.be\\\/index.php\\\/2024\\\/02\\\/jago-geerts-arrive-en-mxgp-mon-objectif-reste-de-remporter-un-titre-mondial\\\/\",\"name\":\"Jago Geerts arrive en MXGP : \\\"Mon objectif reste de remporter un titre mondial\\\" - Motocross - Enduro - Supermoto | MotocrossMag\",\"isPartOf\":{\"@id\":\"https:\\\/\\\/fr.motocrossmag.be\\\/#website\"},\"primaryImageOfPage\":{\"@id\":\"https:\\\/\\\/fr.motocrossmag.be\\\/index.php\\\/2024\\\/02\\\/jago-geerts-arrive-en-mxgp-mon-objectif-reste-de-remporter-un-titre-mondial\\\/#primaryimage\"},\"image\":{\"@id\":\"https:\\\/\\\/fr.motocrossmag.be\\\/index.php\\\/2024\\\/02\\\/jago-geerts-arrive-en-mxgp-mon-objectif-reste-de-remporter-un-titre-mondial\\\/#primaryimage\"},\"thumbnailUrl\":\"https:\\\/\\\/fr.motocrossmag.be\\\/wp-content\\\/uploads\\\/2021\\\/05\\\/geerts-jago-portrait-paddock.jpg\",\"datePublished\":\"2024-02-07T21:30:38+00:00\",\"author\":{\"@id\":\"https:\\\/\\\/fr.motocrossmag.be\\\/#\\\/schema\\\/person\\\/11b47143d9f755babca2c9110e03235c\"},\"breadcrumb\":{\"@id\":\"https:\\\/\\\/fr.motocrossmag.be\\\/index.php\\\/2024\\\/02\\\/jago-geerts-arrive-en-mxgp-mon-objectif-reste-de-remporter-un-titre-mondial\\\/#breadcrumb\"},\"inLanguage\":\"fr-FR\",\"potentialAction\":[{\"@type\":\"ReadAction\",\"target\":[\"https:\\\/\\\/fr.motocrossmag.be\\\/index.php\\\/2024\\\/02\\\/jago-geerts-arrive-en-mxgp-mon-objectif-reste-de-remporter-un-titre-mondial\\\/\"]}]},{\"@type\":\"ImageObject\",\"inLanguage\":\"fr-FR\",\"@id\":\"https:\\\/\\\/fr.motocrossmag.be\\\/index.php\\\/2024\\\/02\\\/jago-geerts-arrive-en-mxgp-mon-objectif-reste-de-remporter-un-titre-mondial\\\/#primaryimage\",\"url\":\"https:\\\/\\\/fr.motocrossmag.be\\\/wp-content\\\/uploads\\\/2021\\\/05\\\/geerts-jago-portrait-paddock.jpg\",\"contentUrl\":\"https:\\\/\\\/fr.motocrossmag.be\\\/wp-content\\\/uploads\\\/2021\\\/05\\\/geerts-jago-portrait-paddock.jpg\",\"width\":1000,\"height\":594},{\"@type\":\"BreadcrumbList\",\"@id\":\"https:\\\/\\\/fr.motocrossmag.be\\\/index.php\\\/2024\\\/02\\\/jago-geerts-arrive-en-mxgp-mon-objectif-reste-de-remporter-un-titre-mondial\\\/#breadcrumb\",\"itemListElement\":[{\"@type\":\"ListItem\",\"position\":1,\"name\":\"Accueil\",\"item\":\"https:\\\/\\\/fr.motocrossmag.be\\\/\"},{\"@type\":\"ListItem\",\"position\":2,\"name\":\"Jago Geerts arrive en MXGP : \u00ab\u00a0Mon objectif reste de remporter un titre mondial\u00a0\u00bb\"}]},{\"@type\":\"WebSite\",\"@id\":\"https:\\\/\\\/fr.motocrossmag.be\\\/#website\",\"url\":\"https:\\\/\\\/fr.motocrossmag.be\\\/\",\"name\":\"Motocross - Enduro - Supermoto | MotocrossMag\",\"description\":\"L&#039;actualit\u00e9 du motocross, de l&#039;enduro et du Supermoto en ligne!\",\"potentialAction\":[{\"@type\":\"SearchAction\",\"target\":{\"@type\":\"EntryPoint\",\"urlTemplate\":\"https:\\\/\\\/fr.motocrossmag.be\\\/?s={search_term_string}\"},\"query-input\":{\"@type\":\"PropertyValueSpecification\",\"valueRequired\":true,\"valueName\":\"search_term_string\"}}],\"inLanguage\":\"fr-FR\"},{\"@type\":\"Person\",\"@id\":\"https:\\\/\\\/fr.motocrossmag.be\\\/#\\\/schema\\\/person\\\/11b47143d9f755babca2c9110e03235c\",\"name\":\"oliviere\",\"image\":{\"@type\":\"ImageObject\",\"inLanguage\":\"fr-FR\",\"@id\":\"https:\\\/\\\/secure.gravatar.com\\\/avatar\\\/907069e0b81d119452040469e4a7501da1100f54f7f80180ce77bfab718288f6?s=96&d=mm&r=g\",\"url\":\"https:\\\/\\\/secure.gravatar.com\\\/avatar\\\/907069e0b81d119452040469e4a7501da1100f54f7f80180ce77bfab718288f6?s=96&d=mm&r=g\",\"contentUrl\":\"https:\\\/\\\/secure.gravatar.com\\\/avatar\\\/907069e0b81d119452040469e4a7501da1100f54f7f80180ce77bfab718288f6?s=96&d=mm&r=g\",\"caption\":\"oliviere\"},\"sameAs\":[\"http:\\\/\\\/www.motocrossmag.be\"],\"url\":\"https:\\\/\\\/fr.motocrossmag.be\\\/index.php\\\/author\\\/oliviere\\\/\"}]}<\/script>\n<!-- \/ Yoast SEO plugin. -->","yoast_head_json":{"title":"Jago Geerts arrive en MXGP : \"Mon objectif reste de remporter un titre mondial\" - Motocross - Enduro - Supermoto | MotocrossMag","robots":{"index":"index","follow":"follow","max-snippet":"max-snippet:-1","max-image-preview":"max-image-preview:large","max-video-preview":"max-video-preview:-1"},"canonical":"https:\/\/fr.motocrossmag.be\/index.php\/2024\/02\/jago-geerts-arrive-en-mxgp-mon-objectif-reste-de-remporter-un-titre-mondial\/","og_locale":"fr_FR","og_type":"article","og_title":"Jago Geerts arrive en MXGP : \"Mon objectif reste de remporter un titre mondial\" - Motocross - Enduro - Supermoto | MotocrossMag","og_description":"Il aura 24 ans en avril. L&rsquo;heure est arriv\u00e9e pour Jago Geerts d&rsquo;entrer dans la cour des grands. Le pilote Yamaha laissera donc derri\u00e8re lui cette ann\u00e9e une belle carri\u00e8re [...]","og_url":"https:\/\/fr.motocrossmag.be\/index.php\/2024\/02\/jago-geerts-arrive-en-mxgp-mon-objectif-reste-de-remporter-un-titre-mondial\/","og_site_name":"Motocross - Enduro - Supermoto | MotocrossMag","article_published_time":"2024-02-07T21:30:38+00:00","og_image":[{"width":1000,"height":594,"url":"https:\/\/fr.motocrossmag.be\/wp-content\/uploads\/2021\/05\/geerts-jago-portrait-paddock.jpg","type":"image\/jpeg"}],"author":"oliviere","twitter_card":"summary_large_image","twitter_misc":{"\u00c9crit par":"oliviere","Dur\u00e9e de lecture estim\u00e9e":"3 minutes"},"schema":{"@context":"https:\/\/schema.org","@graph":[{"@type":"Article","@id":"https:\/\/fr.motocrossmag.be\/index.php\/2024\/02\/jago-geerts-arrive-en-mxgp-mon-objectif-reste-de-remporter-un-titre-mondial\/#article","isPartOf":{"@id":"https:\/\/fr.motocrossmag.be\/index.php\/2024\/02\/jago-geerts-arrive-en-mxgp-mon-objectif-reste-de-remporter-un-titre-mondial\/"},"author":{"name":"oliviere","@id":"https:\/\/fr.motocrossmag.be\/#\/schema\/person\/11b47143d9f755babca2c9110e03235c"},"headline":"Jago Geerts arrive en MXGP : \u00ab\u00a0Mon objectif reste de remporter un titre mondial\u00a0\u00bb","datePublished":"2024-02-07T21:30:38+00:00","mainEntityOfPage":{"@id":"https:\/\/fr.motocrossmag.be\/index.php\/2024\/02\/jago-geerts-arrive-en-mxgp-mon-objectif-reste-de-remporter-un-titre-mondial\/"},"wordCount":642,"commentCount":0,"image":{"@id":"https:\/\/fr.motocrossmag.be\/index.php\/2024\/02\/jago-geerts-arrive-en-mxgp-mon-objectif-reste-de-remporter-un-titre-mondial\/#primaryimage"},"thumbnailUrl":"https:\/\/fr.motocrossmag.be\/wp-content\/uploads\/2021\/05\/geerts-jago-portrait-paddock.jpg","keywords":["hans corvers","Jago Geerts","Motocross","MXGP"],"articleSection":["Actualit\u00e9","Interviews","Interviews -all","Motocross","Motocross MXGP","News","Slideshow"],"inLanguage":"fr-FR","potentialAction":[{"@type":"CommentAction","name":"Comment","target":["https:\/\/fr.motocrossmag.be\/index.php\/2024\/02\/jago-geerts-arrive-en-mxgp-mon-objectif-reste-de-remporter-un-titre-mondial\/#respond"]}]},{"@type":"WebPage","@id":"https:\/\/fr.motocrossmag.be\/index.php\/2024\/02\/jago-geerts-arrive-en-mxgp-mon-objectif-reste-de-remporter-un-titre-mondial\/","url":"https:\/\/fr.motocrossmag.be\/index.php\/2024\/02\/jago-geerts-arrive-en-mxgp-mon-objectif-reste-de-remporter-un-titre-mondial\/","name":"Jago Geerts arrive en MXGP : \"Mon objectif reste de remporter un titre mondial\" - Motocross - Enduro - Supermoto | MotocrossMag","isPartOf":{"@id":"https:\/\/fr.motocrossmag.be\/#website"},"primaryImageOfPage":{"@id":"https:\/\/fr.motocrossmag.be\/index.php\/2024\/02\/jago-geerts-arrive-en-mxgp-mon-objectif-reste-de-remporter-un-titre-mondial\/#primaryimage"},"image":{"@id":"https:\/\/fr.motocrossmag.be\/index.php\/2024\/02\/jago-geerts-arrive-en-mxgp-mon-objectif-reste-de-remporter-un-titre-mondial\/#primaryimage"},"thumbnailUrl":"https:\/\/fr.motocrossmag.be\/wp-content\/uploads\/2021\/05\/geerts-jago-portrait-paddock.jpg","datePublished":"2024-02-07T21:30:38+00:00","author":{"@id":"https:\/\/fr.motocrossmag.be\/#\/schema\/person\/11b47143d9f755babca2c9110e03235c"},"breadcrumb":{"@id":"https:\/\/fr.motocrossmag.be\/index.php\/2024\/02\/jago-geerts-arrive-en-mxgp-mon-objectif-reste-de-remporter-un-titre-mondial\/#breadcrumb"},"inLanguage":"fr-FR","potentialAction":[{"@type":"ReadAction","target":["https:\/\/fr.motocrossmag.be\/index.php\/2024\/02\/jago-geerts-arrive-en-mxgp-mon-objectif-reste-de-remporter-un-titre-mondial\/"]}]},{"@type":"ImageObject","inLanguage":"fr-FR","@id":"https:\/\/fr.motocrossmag.be\/index.php\/2024\/02\/jago-geerts-arrive-en-mxgp-mon-objectif-reste-de-remporter-un-titre-mondial\/#primaryimage","url":"https:\/\/fr.motocrossmag.be\/wp-content\/uploads\/2021\/05\/geerts-jago-portrait-paddock.jpg","contentUrl":"https:\/\/fr.motocrossmag.be\/wp-content\/uploads\/2021\/05\/geerts-jago-portrait-paddock.jpg","width":1000,"height":594},{"@type":"BreadcrumbList","@id":"https:\/\/fr.motocrossmag.be\/index.php\/2024\/02\/jago-geerts-arrive-en-mxgp-mon-objectif-reste-de-remporter-un-titre-mondial\/#breadcrumb","itemListElement":[{"@type":"ListItem","position":1,"name":"Accueil","item":"https:\/\/fr.motocrossmag.be\/"},{"@type":"ListItem","position":2,"name":"Jago Geerts arrive en MXGP : \u00ab\u00a0Mon objectif reste de remporter un titre mondial\u00a0\u00bb"}]},{"@type":"WebSite","@id":"https:\/\/fr.motocrossmag.be\/#website","url":"https:\/\/fr.motocrossmag.be\/","name":"Motocross - Enduro - Supermoto | MotocrossMag","description":"L&#039;actualit\u00e9 du motocross, de l&#039;enduro et du Supermoto en ligne!","potentialAction":[{"@type":"SearchAction","target":{"@type":"EntryPoint","urlTemplate":"https:\/\/fr.motocrossmag.be\/?s={search_term_string}"},"query-input":{"@type":"PropertyValueSpecification","valueRequired":true,"valueName":"search_term_string"}}],"inLanguage":"fr-FR"},{"@type":"Person","@id":"https:\/\/fr.motocrossmag.be\/#\/schema\/person\/11b47143d9f755babca2c9110e03235c","name":"oliviere","image":{"@type":"ImageObject","inLanguage":"fr-FR","@id":"https:\/\/secure.gravatar.com\/avatar\/907069e0b81d119452040469e4a7501da1100f54f7f80180ce77bfab718288f6?s=96&d=mm&r=g","url":"https:\/\/secure.gravatar.com\/avatar\/907069e0b81d119452040469e4a7501da1100f54f7f80180ce77bfab718288f6?s=96&d=mm&r=g","contentUrl":"https:\/\/secure.gravatar.com\/avatar\/907069e0b81d119452040469e4a7501da1100f54f7f80180ce77bfab718288f6?s=96&d=mm&r=g","caption":"oliviere"},"sameAs":["http:\/\/www.motocrossmag.be"],"url":"https:\/\/fr.motocrossmag.be\/index.php\/author\/oliviere\/"}]}},"_links":{"self":[{"href":"https:\/\/fr.motocrossmag.be\/index.php\/wp-json\/wp\/v2\/posts\/133875","targetHints":{"allow":["GET"]}}],"collection":[{"href":"https:\/\/fr.motocrossmag.be\/index.php\/wp-json\/wp\/v2\/posts"}],"about":[{"href":"https:\/\/fr.motocrossmag.be\/index.php\/wp-json\/wp\/v2\/types\/post"}],"author":[{"embeddable":true,"href":"https:\/\/fr.motocrossmag.be\/index.php\/wp-json\/wp\/v2\/users\/932"}],"replies":[{"embeddable":true,"href":"https:\/\/fr.motocrossmag.be\/index.php\/wp-json\/wp\/v2\/comments?post=133875"}],"version-history":[{"count":1,"href":"https:\/\/fr.motocrossmag.be\/index.php\/wp-json\/wp\/v2\/posts\/133875\/revisions"}],"predecessor-version":[{"id":133876,"href":"https:\/\/fr.motocrossmag.be\/index.php\/wp-json\/wp\/v2\/posts\/133875\/revisions\/133876"}],"wp:featuredmedia":[{"embeddable":true,"href":"https:\/\/fr.motocrossmag.be\/index.php\/wp-json\/wp\/v2\/media\/109685"}],"wp:attachment":[{"href":"https:\/\/fr.motocrossmag.be\/index.php\/wp-json\/wp\/v2\/media?parent=133875"}],"wp:term":[{"taxonomy":"category","embeddable":true,"href":"https:\/\/fr.motocrossmag.be\/index.php\/wp-json\/wp\/v2\/categories?post=133875"},{"taxonomy":"post_tag","embeddable":true,"href":"https:\/\/fr.motocrossmag.be\/index.php\/wp-json\/wp\/v2\/tags?post=133875"}],"curies":[{"name":"wp","href":"https:\/\/api.w.org\/{rel}","templated":true}]}}