{"id":136577,"date":"2024-04-24T21:48:49","date_gmt":"2024-04-24T19:48:49","guid":{"rendered":"https:\/\/fr.motocrossmag.be\/?p=136577"},"modified":"2024-04-28T22:06:16","modified_gmt":"2024-04-28T20:06:16","slug":"adrien-van-beveren-gagne-sur-quatre-roues","status":"publish","type":"post","link":"https:\/\/fr.motocrossmag.be\/index.php\/2024\/04\/adrien-van-beveren-gagne-sur-quatre-roues\/","title":{"rendered":"Adrien Van Beveren gagne sur quatre roues"},"content":{"rendered":"<p><strong>Adrien Van Beveren disputait ce week-end la 40\u00e8me \u00e9dition du Rallye de la Lys, dans le Pas-de-Calais. Une participation d\u00e9cid\u00e9e \u00e0 la derni\u00e8re minute\u00a0apr\u00e8s quelques coups de t\u00e9l\u00e9phone\u00a0\u00e0 des partenaires locaux, pr\u00e9sents sur sa voiture et qui ont accept\u00e9 de le soutenir dans l&rsquo;aventure. <\/strong><\/p>\n<p>Le Nordiste s\u2019alignait dans une auto de l\u2019\u00e9quipe RS Racing Services\u00a0aux c\u00f4t\u00e9s de la copilote Gwenola Marie.\u00a0\u00ab C\u2019est pour m\u2019amuser, sans aucun objectif de r\u00e9sultat, expliquait-il avant le d\u00e9part.\u00a0J&rsquo;ai roul\u00e9 en voiture \u00e9tant jeune mais j\u2019ai trop peu d\u2019exp\u00e9rience en auto, et notamment en WRC2, la cat\u00e9gorie aux voitures les plus performantes sur des championnats nationaux. Il y a beaucoup \u00e0 apprendre. \u00bb<\/p>\n<p><a href=\"https:\/\/fr.motocrossmag.be\/wp-content\/uploads\/2024\/04\/vanbeveren-adrien.jpeg\"><img decoding=\"async\" class=\"lazyload alignnone size-full wp-image-136579\" src=\"https:\/\/fr.motocrossmag.be\/wp-content\/uploads\/2024\/04\/vanbeveren-adrien.jpeg\" data-orig-src=\"https:\/\/fr.motocrossmag.be\/wp-content\/uploads\/2024\/04\/vanbeveren-adrien.jpeg\" alt=\"\" width=\"1200\" height=\"800\" srcset=\"data:image\/svg+xml,%3Csvg%20xmlns%3D%27http%3A%2F%2Fwww.w3.org%2F2000%2Fsvg%27%20width%3D%271200%27%20height%3D%27800%27%20viewBox%3D%270%200%201200%20800%27%3E%3Crect%20width%3D%271200%27%20height%3D%27800%27%20fill-opacity%3D%220%22%2F%3E%3C%2Fsvg%3E\" data-srcset=\"https:\/\/fr.motocrossmag.be\/wp-content\/uploads\/2024\/04\/vanbeveren-adrien-650x433.jpeg 650w, https:\/\/fr.motocrossmag.be\/wp-content\/uploads\/2024\/04\/vanbeveren-adrien-768x512.jpeg 768w, https:\/\/fr.motocrossmag.be\/wp-content\/uploads\/2024\/04\/vanbeveren-adrien-1024x683.jpeg 1024w, https:\/\/fr.motocrossmag.be\/wp-content\/uploads\/2024\/04\/vanbeveren-adrien.jpeg 1200w\" data-sizes=\"auto\" data-orig-sizes=\"(max-width: 1200px) 100vw, 1200px\" \/><\/a><\/p>\n<p>Imm\u00e9diatement dans le coup, vainqueur de 6 des 11 sp\u00e9ciales,\u00a0VBA a remport\u00e9 la course\u00a0avec 52 secondes d&rsquo;avance sur Samuel Salaun, top-pilote r\u00e9gional. Un premier succ\u00e8s en auto acquis avec un immense sourire au volant.\u00a0\u00ab J\u2019ai pris \u00e9norm\u00e9ment de plaisir, raconte-t-il.\u00a0J\u2019ai fait une course super propre. On a roul\u00e9 dans des conditions compliqu\u00e9es, grasses, avec une m\u00e9t\u00e9o qui changeait en permanence. Il y avait des averses\u00a0puis \u00e7a s\u00e9chait avec le vent\u2026 C\u2019\u00e9tait pi\u00e9geux, il fallait adapter le pilotage en permanence et j\u2019ai vraiment aim\u00e9 \u00e7a ! Ma carri\u00e8re de motard a aid\u00e9, notamment pour la gestion de la course et de la pression quand on est en t\u00eate. \u00bb<\/p>\n<p><strong>Direction l&rsquo;Argentine<\/strong><\/p>\n<p>Le n\u00b01 fran\u00e7ais du rallye-raid \u00e0 moto n\u2019\u00e9tait pas parmi les favoris, ce qui rend son exploit encore plus retentissant\u2026 et \u00e9mouvant d\u2019un point de vue personnel.\u00a0\u00ab C\u2019est peut-\u00eatre la plus grande surprise de ma carri\u00e8re, car mon exp\u00e9rience en auto est limit\u00e9e, poursuit-il.\u00a0Je me suis battu avec de tr\u00e8s bons pilotes de la discipline, qui avaient d\u00e9j\u00e0 gagn\u00e9 ici et roulent presque tous les week-ends.\u00a0C\u2019est \u00e9mouvant car c\u2019est chez moi. J\u2019ai commenc\u00e9 la moto dans ce coin. Gagner devant mon public, l\u00e0 o\u00f9 j\u2019allais voir des rallyes quand j\u2019\u00e9tais enfant, c\u2019\u00e9tait de la folie, l\u2019euphorie ! \u00bb<\/p>\n<p>Place maintenant au retour sur 2-roues pour Adrien Van Beveren, actuel deuxi\u00e8me du championnat du monde FIM de rallye-raid.\u00a0\u00ab Je suis tr\u00e8s content qu\u2019Honda m\u2019ait laiss\u00e9 l\u2019opportunit\u00e9 de rouler ce week-end\u00a0mais ce n\u2019est qu\u2019une parenth\u00e8se :\u00a0je suis 100 % concentr\u00e9 sur la moto\u00a0et il n\u2019y a pas de confusion \u00e0 faire, pr\u00e9cise-t-il.\u00a0M\u00eame si ce genre de r\u00e9sultat me laisse penser \u00e0 une future reconversion, j\u2019ai encore plusieurs ann\u00e9es \u00e0 moto devant moi. Je passe en mode Desaf\u00edo\u00a0Ruta 40, ma prochaine course d\u00e9but juin. Mes objectifs ne changent pas : je veux briller en Argentine et continuer \u00e0 pr\u00e9parer le Dakar, le Graal pour moi. \u00bb<\/p>\n<p>Photos :\u00a0Louis Fortin Photo et Arnaud Specq Photographie<\/p>\n","protected":false},"excerpt":{"rendered":"<p>Adrien Van Beveren disputait ce week-end la 40\u00e8me \u00e9dition du Rallye de la Lys, dans le Pas-de-Calais. Une participation d\u00e9cid\u00e9e \u00e0 la derni\u00e8re minute\u00a0apr\u00e8s quelques coups de t\u00e9l\u00e9phone\u00a0\u00e0 des partenaires [&#8230;]<\/p>\n","protected":false},"author":932,"featured_media":136578,"comment_status":"open","ping_status":"closed","sticky":false,"template":"","format":"standard","meta":{"footnotes":""},"categories":[54,55,450,65],"tags":[674,962],"class_list":["post-136577","post","type-post","status-publish","format-standard","has-post-thumbnail","hentry","category-actualite","category-news-actualite","category-rallye","category-slideshow","tag-adrien-van-beveren","tag-rallye"],"yoast_head":"<!-- This site is optimized with the Yoast SEO plugin v27.4 - https:\/\/yoast.com\/product\/yoast-seo-wordpress\/ -->\n<title>Adrien Van Beveren gagne sur quatre roues - Motocross - Enduro - Supermoto | MotocrossMag<\/title>\n<meta name=\"robots\" content=\"index, follow, max-snippet:-1, max-image-preview:large, max-video-preview:-1\" \/>\n<link rel=\"canonical\" href=\"https:\/\/fr.motocrossmag.be\/index.php\/2024\/04\/adrien-van-beveren-gagne-sur-quatre-roues\/\" \/>\n<meta property=\"og:locale\" content=\"fr_FR\" \/>\n<meta property=\"og:type\" content=\"article\" \/>\n<meta property=\"og:title\" content=\"Adrien Van Beveren gagne sur quatre roues - Motocross - Enduro - Supermoto | MotocrossMag\" \/>\n<meta property=\"og:description\" content=\"Adrien Van Beveren disputait ce week-end la 40\u00e8me \u00e9dition du Rallye de la Lys, dans le Pas-de-Calais. Une participation d\u00e9cid\u00e9e \u00e0 la derni\u00e8re minute\u00a0apr\u00e8s quelques coups de t\u00e9l\u00e9phone\u00a0\u00e0 des partenaires [...]\" \/>\n<meta property=\"og:url\" content=\"https:\/\/fr.motocrossmag.be\/index.php\/2024\/04\/adrien-van-beveren-gagne-sur-quatre-roues\/\" \/>\n<meta property=\"og:site_name\" content=\"Motocross - Enduro - Supermoto | MotocrossMag\" \/>\n<meta property=\"article:published_time\" content=\"2024-04-24T19:48:49+00:00\" \/>\n<meta property=\"article:modified_time\" content=\"2024-04-28T20:06:16+00:00\" \/>\n<meta property=\"og:image\" content=\"https:\/\/fr.motocrossmag.be\/wp-content\/uploads\/2024\/04\/van-beveren-lys-auto.jpeg\" \/>\n\t<meta property=\"og:image:width\" content=\"1200\" \/>\n\t<meta property=\"og:image:height\" content=\"800\" \/>\n\t<meta property=\"og:image:type\" content=\"image\/jpeg\" \/>\n<meta name=\"author\" content=\"oliviere\" \/>\n<meta name=\"twitter:card\" content=\"summary_large_image\" \/>\n<meta name=\"twitter:label1\" content=\"\u00c9crit par\" \/>\n\t<meta name=\"twitter:data1\" content=\"oliviere\" \/>\n\t<meta name=\"twitter:label2\" content=\"Dur\u00e9e de lecture estim\u00e9e\" \/>\n\t<meta name=\"twitter:data2\" content=\"2 minutes\" \/>\n<script type=\"application\/ld+json\" class=\"yoast-schema-graph\">{\"@context\":\"https:\\\/\\\/schema.org\",\"@graph\":[{\"@type\":\"Article\",\"@id\":\"https:\\\/\\\/fr.motocrossmag.be\\\/index.php\\\/2024\\\/04\\\/adrien-van-beveren-gagne-sur-quatre-roues\\\/#article\",\"isPartOf\":{\"@id\":\"https:\\\/\\\/fr.motocrossmag.be\\\/index.php\\\/2024\\\/04\\\/adrien-van-beveren-gagne-sur-quatre-roues\\\/\"},\"author\":{\"name\":\"oliviere\",\"@id\":\"https:\\\/\\\/fr.motocrossmag.be\\\/#\\\/schema\\\/person\\\/11b47143d9f755babca2c9110e03235c\"},\"headline\":\"Adrien Van Beveren gagne sur quatre roues\",\"datePublished\":\"2024-04-24T19:48:49+00:00\",\"dateModified\":\"2024-04-28T20:06:16+00:00\",\"mainEntityOfPage\":{\"@id\":\"https:\\\/\\\/fr.motocrossmag.be\\\/index.php\\\/2024\\\/04\\\/adrien-van-beveren-gagne-sur-quatre-roues\\\/\"},\"wordCount\":501,\"commentCount\":0,\"image\":{\"@id\":\"https:\\\/\\\/fr.motocrossmag.be\\\/index.php\\\/2024\\\/04\\\/adrien-van-beveren-gagne-sur-quatre-roues\\\/#primaryimage\"},\"thumbnailUrl\":\"https:\\\/\\\/fr.motocrossmag.be\\\/wp-content\\\/uploads\\\/2024\\\/04\\\/van-beveren-lys-auto.jpeg\",\"keywords\":[\"adrien van beveren\",\"rallye\"],\"articleSection\":[\"Actualit\u00e9\",\"News\",\"Rallye-raid\\\/Aventure\",\"Slideshow\"],\"inLanguage\":\"fr-FR\",\"potentialAction\":[{\"@type\":\"CommentAction\",\"name\":\"Comment\",\"target\":[\"https:\\\/\\\/fr.motocrossmag.be\\\/index.php\\\/2024\\\/04\\\/adrien-van-beveren-gagne-sur-quatre-roues\\\/#respond\"]}]},{\"@type\":\"WebPage\",\"@id\":\"https:\\\/\\\/fr.motocrossmag.be\\\/index.php\\\/2024\\\/04\\\/adrien-van-beveren-gagne-sur-quatre-roues\\\/\",\"url\":\"https:\\\/\\\/fr.motocrossmag.be\\\/index.php\\\/2024\\\/04\\\/adrien-van-beveren-gagne-sur-quatre-roues\\\/\",\"name\":\"Adrien Van Beveren gagne sur quatre roues - Motocross - Enduro - Supermoto | MotocrossMag\",\"isPartOf\":{\"@id\":\"https:\\\/\\\/fr.motocrossmag.be\\\/#website\"},\"primaryImageOfPage\":{\"@id\":\"https:\\\/\\\/fr.motocrossmag.be\\\/index.php\\\/2024\\\/04\\\/adrien-van-beveren-gagne-sur-quatre-roues\\\/#primaryimage\"},\"image\":{\"@id\":\"https:\\\/\\\/fr.motocrossmag.be\\\/index.php\\\/2024\\\/04\\\/adrien-van-beveren-gagne-sur-quatre-roues\\\/#primaryimage\"},\"thumbnailUrl\":\"https:\\\/\\\/fr.motocrossmag.be\\\/wp-content\\\/uploads\\\/2024\\\/04\\\/van-beveren-lys-auto.jpeg\",\"datePublished\":\"2024-04-24T19:48:49+00:00\",\"dateModified\":\"2024-04-28T20:06:16+00:00\",\"author\":{\"@id\":\"https:\\\/\\\/fr.motocrossmag.be\\\/#\\\/schema\\\/person\\\/11b47143d9f755babca2c9110e03235c\"},\"breadcrumb\":{\"@id\":\"https:\\\/\\\/fr.motocrossmag.be\\\/index.php\\\/2024\\\/04\\\/adrien-van-beveren-gagne-sur-quatre-roues\\\/#breadcrumb\"},\"inLanguage\":\"fr-FR\",\"potentialAction\":[{\"@type\":\"ReadAction\",\"target\":[\"https:\\\/\\\/fr.motocrossmag.be\\\/index.php\\\/2024\\\/04\\\/adrien-van-beveren-gagne-sur-quatre-roues\\\/\"]}]},{\"@type\":\"ImageObject\",\"inLanguage\":\"fr-FR\",\"@id\":\"https:\\\/\\\/fr.motocrossmag.be\\\/index.php\\\/2024\\\/04\\\/adrien-van-beveren-gagne-sur-quatre-roues\\\/#primaryimage\",\"url\":\"https:\\\/\\\/fr.motocrossmag.be\\\/wp-content\\\/uploads\\\/2024\\\/04\\\/van-beveren-lys-auto.jpeg\",\"contentUrl\":\"https:\\\/\\\/fr.motocrossmag.be\\\/wp-content\\\/uploads\\\/2024\\\/04\\\/van-beveren-lys-auto.jpeg\",\"width\":1200,\"height\":800},{\"@type\":\"BreadcrumbList\",\"@id\":\"https:\\\/\\\/fr.motocrossmag.be\\\/index.php\\\/2024\\\/04\\\/adrien-van-beveren-gagne-sur-quatre-roues\\\/#breadcrumb\",\"itemListElement\":[{\"@type\":\"ListItem\",\"position\":1,\"name\":\"Accueil\",\"item\":\"https:\\\/\\\/fr.motocrossmag.be\\\/\"},{\"@type\":\"ListItem\",\"position\":2,\"name\":\"Adrien Van Beveren gagne sur quatre roues\"}]},{\"@type\":\"WebSite\",\"@id\":\"https:\\\/\\\/fr.motocrossmag.be\\\/#website\",\"url\":\"https:\\\/\\\/fr.motocrossmag.be\\\/\",\"name\":\"Motocross - Enduro - Supermoto | MotocrossMag\",\"description\":\"L&#039;actualit\u00e9 du motocross, de l&#039;enduro et du Supermoto en ligne!\",\"potentialAction\":[{\"@type\":\"SearchAction\",\"target\":{\"@type\":\"EntryPoint\",\"urlTemplate\":\"https:\\\/\\\/fr.motocrossmag.be\\\/?s={search_term_string}\"},\"query-input\":{\"@type\":\"PropertyValueSpecification\",\"valueRequired\":true,\"valueName\":\"search_term_string\"}}],\"inLanguage\":\"fr-FR\"},{\"@type\":\"Person\",\"@id\":\"https:\\\/\\\/fr.motocrossmag.be\\\/#\\\/schema\\\/person\\\/11b47143d9f755babca2c9110e03235c\",\"name\":\"oliviere\",\"image\":{\"@type\":\"ImageObject\",\"inLanguage\":\"fr-FR\",\"@id\":\"https:\\\/\\\/secure.gravatar.com\\\/avatar\\\/907069e0b81d119452040469e4a7501da1100f54f7f80180ce77bfab718288f6?s=96&d=mm&r=g\",\"url\":\"https:\\\/\\\/secure.gravatar.com\\\/avatar\\\/907069e0b81d119452040469e4a7501da1100f54f7f80180ce77bfab718288f6?s=96&d=mm&r=g\",\"contentUrl\":\"https:\\\/\\\/secure.gravatar.com\\\/avatar\\\/907069e0b81d119452040469e4a7501da1100f54f7f80180ce77bfab718288f6?s=96&d=mm&r=g\",\"caption\":\"oliviere\"},\"sameAs\":[\"http:\\\/\\\/www.motocrossmag.be\"],\"url\":\"https:\\\/\\\/fr.motocrossmag.be\\\/index.php\\\/author\\\/oliviere\\\/\"}]}<\/script>\n<!-- \/ Yoast SEO plugin. -->","yoast_head_json":{"title":"Adrien Van Beveren gagne sur quatre roues - Motocross - Enduro - Supermoto | MotocrossMag","robots":{"index":"index","follow":"follow","max-snippet":"max-snippet:-1","max-image-preview":"max-image-preview:large","max-video-preview":"max-video-preview:-1"},"canonical":"https:\/\/fr.motocrossmag.be\/index.php\/2024\/04\/adrien-van-beveren-gagne-sur-quatre-roues\/","og_locale":"fr_FR","og_type":"article","og_title":"Adrien Van Beveren gagne sur quatre roues - Motocross - Enduro - Supermoto | MotocrossMag","og_description":"Adrien Van Beveren disputait ce week-end la 40\u00e8me \u00e9dition du Rallye de la Lys, dans le Pas-de-Calais. Une participation d\u00e9cid\u00e9e \u00e0 la derni\u00e8re minute\u00a0apr\u00e8s quelques coups de t\u00e9l\u00e9phone\u00a0\u00e0 des partenaires [...]","og_url":"https:\/\/fr.motocrossmag.be\/index.php\/2024\/04\/adrien-van-beveren-gagne-sur-quatre-roues\/","og_site_name":"Motocross - Enduro - Supermoto | MotocrossMag","article_published_time":"2024-04-24T19:48:49+00:00","article_modified_time":"2024-04-28T20:06:16+00:00","og_image":[{"width":1200,"height":800,"url":"https:\/\/fr.motocrossmag.be\/wp-content\/uploads\/2024\/04\/van-beveren-lys-auto.jpeg","type":"image\/jpeg"}],"author":"oliviere","twitter_card":"summary_large_image","twitter_misc":{"\u00c9crit par":"oliviere","Dur\u00e9e de lecture estim\u00e9e":"2 minutes"},"schema":{"@context":"https:\/\/schema.org","@graph":[{"@type":"Article","@id":"https:\/\/fr.motocrossmag.be\/index.php\/2024\/04\/adrien-van-beveren-gagne-sur-quatre-roues\/#article","isPartOf":{"@id":"https:\/\/fr.motocrossmag.be\/index.php\/2024\/04\/adrien-van-beveren-gagne-sur-quatre-roues\/"},"author":{"name":"oliviere","@id":"https:\/\/fr.motocrossmag.be\/#\/schema\/person\/11b47143d9f755babca2c9110e03235c"},"headline":"Adrien Van Beveren gagne sur quatre roues","datePublished":"2024-04-24T19:48:49+00:00","dateModified":"2024-04-28T20:06:16+00:00","mainEntityOfPage":{"@id":"https:\/\/fr.motocrossmag.be\/index.php\/2024\/04\/adrien-van-beveren-gagne-sur-quatre-roues\/"},"wordCount":501,"commentCount":0,"image":{"@id":"https:\/\/fr.motocrossmag.be\/index.php\/2024\/04\/adrien-van-beveren-gagne-sur-quatre-roues\/#primaryimage"},"thumbnailUrl":"https:\/\/fr.motocrossmag.be\/wp-content\/uploads\/2024\/04\/van-beveren-lys-auto.jpeg","keywords":["adrien van beveren","rallye"],"articleSection":["Actualit\u00e9","News","Rallye-raid\/Aventure","Slideshow"],"inLanguage":"fr-FR","potentialAction":[{"@type":"CommentAction","name":"Comment","target":["https:\/\/fr.motocrossmag.be\/index.php\/2024\/04\/adrien-van-beveren-gagne-sur-quatre-roues\/#respond"]}]},{"@type":"WebPage","@id":"https:\/\/fr.motocrossmag.be\/index.php\/2024\/04\/adrien-van-beveren-gagne-sur-quatre-roues\/","url":"https:\/\/fr.motocrossmag.be\/index.php\/2024\/04\/adrien-van-beveren-gagne-sur-quatre-roues\/","name":"Adrien Van Beveren gagne sur quatre roues - Motocross - Enduro - Supermoto | MotocrossMag","isPartOf":{"@id":"https:\/\/fr.motocrossmag.be\/#website"},"primaryImageOfPage":{"@id":"https:\/\/fr.motocrossmag.be\/index.php\/2024\/04\/adrien-van-beveren-gagne-sur-quatre-roues\/#primaryimage"},"image":{"@id":"https:\/\/fr.motocrossmag.be\/index.php\/2024\/04\/adrien-van-beveren-gagne-sur-quatre-roues\/#primaryimage"},"thumbnailUrl":"https:\/\/fr.motocrossmag.be\/wp-content\/uploads\/2024\/04\/van-beveren-lys-auto.jpeg","datePublished":"2024-04-24T19:48:49+00:00","dateModified":"2024-04-28T20:06:16+00:00","author":{"@id":"https:\/\/fr.motocrossmag.be\/#\/schema\/person\/11b47143d9f755babca2c9110e03235c"},"breadcrumb":{"@id":"https:\/\/fr.motocrossmag.be\/index.php\/2024\/04\/adrien-van-beveren-gagne-sur-quatre-roues\/#breadcrumb"},"inLanguage":"fr-FR","potentialAction":[{"@type":"ReadAction","target":["https:\/\/fr.motocrossmag.be\/index.php\/2024\/04\/adrien-van-beveren-gagne-sur-quatre-roues\/"]}]},{"@type":"ImageObject","inLanguage":"fr-FR","@id":"https:\/\/fr.motocrossmag.be\/index.php\/2024\/04\/adrien-van-beveren-gagne-sur-quatre-roues\/#primaryimage","url":"https:\/\/fr.motocrossmag.be\/wp-content\/uploads\/2024\/04\/van-beveren-lys-auto.jpeg","contentUrl":"https:\/\/fr.motocrossmag.be\/wp-content\/uploads\/2024\/04\/van-beveren-lys-auto.jpeg","width":1200,"height":800},{"@type":"BreadcrumbList","@id":"https:\/\/fr.motocrossmag.be\/index.php\/2024\/04\/adrien-van-beveren-gagne-sur-quatre-roues\/#breadcrumb","itemListElement":[{"@type":"ListItem","position":1,"name":"Accueil","item":"https:\/\/fr.motocrossmag.be\/"},{"@type":"ListItem","position":2,"name":"Adrien Van Beveren gagne sur quatre roues"}]},{"@type":"WebSite","@id":"https:\/\/fr.motocrossmag.be\/#website","url":"https:\/\/fr.motocrossmag.be\/","name":"Motocross - Enduro - Supermoto | MotocrossMag","description":"L&#039;actualit\u00e9 du motocross, de l&#039;enduro et du Supermoto en ligne!","potentialAction":[{"@type":"SearchAction","target":{"@type":"EntryPoint","urlTemplate":"https:\/\/fr.motocrossmag.be\/?s={search_term_string}"},"query-input":{"@type":"PropertyValueSpecification","valueRequired":true,"valueName":"search_term_string"}}],"inLanguage":"fr-FR"},{"@type":"Person","@id":"https:\/\/fr.motocrossmag.be\/#\/schema\/person\/11b47143d9f755babca2c9110e03235c","name":"oliviere","image":{"@type":"ImageObject","inLanguage":"fr-FR","@id":"https:\/\/secure.gravatar.com\/avatar\/907069e0b81d119452040469e4a7501da1100f54f7f80180ce77bfab718288f6?s=96&d=mm&r=g","url":"https:\/\/secure.gravatar.com\/avatar\/907069e0b81d119452040469e4a7501da1100f54f7f80180ce77bfab718288f6?s=96&d=mm&r=g","contentUrl":"https:\/\/secure.gravatar.com\/avatar\/907069e0b81d119452040469e4a7501da1100f54f7f80180ce77bfab718288f6?s=96&d=mm&r=g","caption":"oliviere"},"sameAs":["http:\/\/www.motocrossmag.be"],"url":"https:\/\/fr.motocrossmag.be\/index.php\/author\/oliviere\/"}]}},"_links":{"self":[{"href":"https:\/\/fr.motocrossmag.be\/index.php\/wp-json\/wp\/v2\/posts\/136577","targetHints":{"allow":["GET"]}}],"collection":[{"href":"https:\/\/fr.motocrossmag.be\/index.php\/wp-json\/wp\/v2\/posts"}],"about":[{"href":"https:\/\/fr.motocrossmag.be\/index.php\/wp-json\/wp\/v2\/types\/post"}],"author":[{"embeddable":true,"href":"https:\/\/fr.motocrossmag.be\/index.php\/wp-json\/wp\/v2\/users\/932"}],"replies":[{"embeddable":true,"href":"https:\/\/fr.motocrossmag.be\/index.php\/wp-json\/wp\/v2\/comments?post=136577"}],"version-history":[{"count":2,"href":"https:\/\/fr.motocrossmag.be\/index.php\/wp-json\/wp\/v2\/posts\/136577\/revisions"}],"predecessor-version":[{"id":136599,"href":"https:\/\/fr.motocrossmag.be\/index.php\/wp-json\/wp\/v2\/posts\/136577\/revisions\/136599"}],"wp:featuredmedia":[{"embeddable":true,"href":"https:\/\/fr.motocrossmag.be\/index.php\/wp-json\/wp\/v2\/media\/136578"}],"wp:attachment":[{"href":"https:\/\/fr.motocrossmag.be\/index.php\/wp-json\/wp\/v2\/media?parent=136577"}],"wp:term":[{"taxonomy":"category","embeddable":true,"href":"https:\/\/fr.motocrossmag.be\/index.php\/wp-json\/wp\/v2\/categories?post=136577"},{"taxonomy":"post_tag","embeddable":true,"href":"https:\/\/fr.motocrossmag.be\/index.php\/wp-json\/wp\/v2\/tags?post=136577"}],"curies":[{"name":"wp","href":"https:\/\/api.w.org\/{rel}","templated":true}]}}