{"id":13702,"date":"2011-12-05T15:45:11","date_gmt":"2011-12-05T14:45:11","guid":{"rendered":"http:\/\/fr.motocrossmag.be\/?p=13702"},"modified":"2011-12-05T15:45:11","modified_gmt":"2011-12-05T14:45:11","slug":"galerie-photos-team-ktm-us-les-photos-officielles","status":"publish","type":"post","link":"https:\/\/fr.motocrossmag.be\/index.php\/2011\/12\/galerie-photos-team-ktm-us-les-photos-officielles\/","title":{"rendered":"Galerie photos | Team KTM US: les photos officielles"},"content":{"rendered":"<p>S\u00e9ance photos officielle pour les pilotes KTM US. Le trio orange compos\u00e9 de Ryan Dungey, Marvin Musquin et Ken Roczen font le show devant l&rsquo;objectif du photographe US Frank Hoppen, charg\u00e9 par le constructeur autrichien de r\u00e9aliser les images officielles des pilotes qui d\u00e9fendront les couleurs de la marque dans les prochains championnats SX et MX outre-Atlantique. Le r\u00e9sultat vaut vraiment le d\u00e9tour!<\/p>\n<p>Photos: Hoppenworld.com<\/p><div class=\"jrnoq6a9836773795e\" ><!-- \/91277017\/Inline-articles-mobile -->\n<div style=\"margin:auto; text-align:center !important\">\n<div id='div-gpt-ad-1784982661365-0' style='min-width: 250px; min-height: 75px;'>\n  <script>\n    googletag.cmd.push(function() { googletag.display('div-gpt-ad-1784982661365-0'); });\n  <\/script>\n<\/div><\/div><\/div><style type=\"text\/css\">\r\n.jrnoq6a9836773795e {\r\nmargin-bottom:30px;margin-top:20px\r\n}\r\n@media screen and (min-width: 1201px) {\r\n.jrnoq6a9836773795e {\r\ndisplay: block;\r\n}\r\n}\r\n@media screen and (min-width: 993px) and (max-width: 1200px) {\r\n.jrnoq6a9836773795e {\r\ndisplay: block;\r\n}\r\n}\r\n@media screen and (min-width: 769px) and (max-width: 992px) {\r\n.jrnoq6a9836773795e {\r\ndisplay: block;\r\n}\r\n}\r\n@media screen and (min-width: 768px) and (max-width: 768px) {\r\n.jrnoq6a9836773795e {\r\ndisplay: block;\r\n}\r\n}\r\n@media screen and (max-width: 767px) {\r\n.jrnoq6a9836773795e {\r\ndisplay: block;\r\n}\r\n}\r\n<\/style>\r\n\n<p><a rel=\"lightbox dia=1\" href=\"http:\/\/fr.motocrossmag.be\/wp-content\/uploads\/2011\/12\/ken_roczen_4.jpg\"><\/a><a rel=\"lightbox dia=1\" href=\"http:\/\/fr.motocrossmag.be\/wp-content\/uploads\/2011\/12\/ken_roczen_p.jpg\"><img decoding=\"async\" class=\"alignnone size-thumbnail wp-image-13730\" title=\"ken_roczen_p\" src=\"http:\/\/fr.motocrossmag.be\/wp-content\/uploads\/2011\/12\/ken_roczen_p-150x150.jpg\" alt=\"\" width=\"150\" height=\"150\" \/><\/a>\u00a0\u00a0 <a rel=\"lightbox dia=1\" href=\"http:\/\/fr.motocrossmag.be\/wp-content\/uploads\/2011\/12\/ken_roczen_0.jpg\"><img decoding=\"async\" class=\"alignnone size-thumbnail wp-image-13729\" title=\"ken_roczen_0\" src=\"http:\/\/fr.motocrossmag.be\/wp-content\/uploads\/2011\/12\/ken_roczen_0-150x150.jpg\" alt=\"\" width=\"150\" height=\"150\" \/><\/a>\u00a0\u00a0 <a rel=\"lightbox dia=1\" href=\"http:\/\/fr.motocrossmag.be\/wp-content\/uploads\/2011\/12\/ken_roczen_1.jpg\"><img decoding=\"async\" class=\"alignnone size-thumbnail wp-image-13728\" title=\"ken_roczen_1\" src=\"http:\/\/fr.motocrossmag.be\/wp-content\/uploads\/2011\/12\/ken_roczen_1-150x150.jpg\" alt=\"\" width=\"150\" height=\"150\" \/><\/a><br \/>\n<a rel=\"lightbox dia=1\" href=\"http:\/\/fr.motocrossmag.be\/wp-content\/uploads\/2011\/12\/ken_roczen_21.jpg\"><img decoding=\"async\" class=\"alignnone size-thumbnail wp-image-13727\" title=\"ken_roczen_21\" src=\"http:\/\/fr.motocrossmag.be\/wp-content\/uploads\/2011\/12\/ken_roczen_21-150x150.jpg\" alt=\"\" width=\"150\" height=\"150\" \/><\/a>\u00a0\u00a0 <a rel=\"lightbox dia=1\" href=\"http:\/\/fr.motocrossmag.be\/wp-content\/uploads\/2011\/12\/ken_roczen_3.jpg\"><img decoding=\"async\" class=\"alignnone size-thumbnail wp-image-13725\" title=\"ken_roczen_3\" src=\"http:\/\/fr.motocrossmag.be\/wp-content\/uploads\/2011\/12\/ken_roczen_3-150x150.jpg\" alt=\"\" width=\"150\" height=\"150\" \/><\/a>\u00a0\u00a0 <a rel=\"lightbox dia=1\" href=\"http:\/\/fr.motocrossmag.be\/wp-content\/uploads\/2011\/12\/ken_roczen_41.jpg\"><img decoding=\"async\" class=\"alignnone size-thumbnail wp-image-13724\" title=\"ken_roczen_41\" src=\"http:\/\/fr.motocrossmag.be\/wp-content\/uploads\/2011\/12\/ken_roczen_41-150x150.jpg\" alt=\"\" width=\"150\" height=\"150\" \/><\/a><br \/>\n<a rel=\"lightbox dia=1\" href=\"http:\/\/fr.motocrossmag.be\/wp-content\/uploads\/2011\/12\/ken_roczen_5.jpg\"><img decoding=\"async\" class=\"alignnone size-thumbnail wp-image-13722\" title=\"ken_roczen_5\" src=\"http:\/\/fr.motocrossmag.be\/wp-content\/uploads\/2011\/12\/ken_roczen_5-150x150.jpg\" alt=\"\" width=\"150\" height=\"150\" \/><\/a>\u00a0\u00a0 <a rel=\"lightbox dia=1\" href=\"http:\/\/fr.motocrossmag.be\/wp-content\/uploads\/2011\/12\/ken_roczen_6.jpg\"><img decoding=\"async\" class=\"alignnone size-thumbnail wp-image-13721\" title=\"ken_roczen_6\" src=\"http:\/\/fr.motocrossmag.be\/wp-content\/uploads\/2011\/12\/ken_roczen_6-150x150.jpg\" alt=\"\" width=\"150\" height=\"150\" \/><\/a>\u00a0\u00a0 <a rel=\"lightbox dia=1\" href=\"http:\/\/fr.motocrossmag.be\/wp-content\/uploads\/2011\/12\/ktm_team_2012_1.jpg\"><img decoding=\"async\" class=\"alignnone size-thumbnail wp-image-13720\" title=\"ktm_team_2012_1\" src=\"http:\/\/fr.motocrossmag.be\/wp-content\/uploads\/2011\/12\/ktm_team_2012_1-150x150.jpg\" alt=\"\" width=\"150\" height=\"150\" \/><\/a><br \/>\n<a rel=\"lightbox dia=1\" href=\"http:\/\/fr.motocrossmag.be\/wp-content\/uploads\/2011\/12\/ktm_team_2012_2.jpg\"><img decoding=\"async\" class=\"alignnone size-thumbnail wp-image-13719\" title=\"ktm_team_2012_2\" src=\"http:\/\/fr.motocrossmag.be\/wp-content\/uploads\/2011\/12\/ktm_team_2012_2-150x150.jpg\" alt=\"\" width=\"150\" height=\"150\" \/><\/a>\u00a0\u00a0 <a rel=\"lightbox dia=1\" href=\"http:\/\/fr.motocrossmag.be\/wp-content\/uploads\/2011\/12\/marvin_musquin_1.jpg\"><img decoding=\"async\" class=\"alignnone size-thumbnail wp-image-13718\" title=\"marvin_musquin_1\" src=\"http:\/\/fr.motocrossmag.be\/wp-content\/uploads\/2011\/12\/marvin_musquin_1-150x150.jpg\" alt=\"\" width=\"150\" height=\"150\" \/><\/a>\u00a0\u00a0 <a rel=\"lightbox dia=1\" href=\"http:\/\/fr.motocrossmag.be\/wp-content\/uploads\/2011\/12\/marvin_musquin_2.jpg\"><img decoding=\"async\" class=\"alignnone size-thumbnail wp-image-13717\" title=\"marvin_musquin_2\" src=\"http:\/\/fr.motocrossmag.be\/wp-content\/uploads\/2011\/12\/marvin_musquin_2-150x150.jpg\" alt=\"\" width=\"150\" height=\"150\" \/><\/a><br \/>\n<a rel=\"lightbox dia=1\" href=\"http:\/\/fr.motocrossmag.be\/wp-content\/uploads\/2011\/12\/marvin_musquin_3.jpg\"><img decoding=\"async\" class=\"alignnone size-thumbnail wp-image-13716\" title=\"marvin_musquin_3\" src=\"http:\/\/fr.motocrossmag.be\/wp-content\/uploads\/2011\/12\/marvin_musquin_3-150x150.jpg\" alt=\"\" width=\"150\" height=\"150\" \/><\/a>\u00a0\u00a0 <a rel=\"lightbox dia=1\" href=\"http:\/\/fr.motocrossmag.be\/wp-content\/uploads\/2011\/12\/marvin_musquin_4.jpg\"><img decoding=\"async\" class=\"alignnone size-thumbnail wp-image-13715\" title=\"marvin_musquin_4\" src=\"http:\/\/fr.motocrossmag.be\/wp-content\/uploads\/2011\/12\/marvin_musquin_4-150x150.jpg\" alt=\"\" width=\"150\" height=\"150\" \/><\/a>\u00a0\u00a0 <a rel=\"lightbox dia=1\" href=\"http:\/\/fr.motocrossmag.be\/wp-content\/uploads\/2011\/12\/marvin_musquin_5.jpg\"><img decoding=\"async\" class=\"alignnone size-thumbnail wp-image-13714\" title=\"marvin_musquin_5\" src=\"http:\/\/fr.motocrossmag.be\/wp-content\/uploads\/2011\/12\/marvin_musquin_5-150x150.jpg\" alt=\"\" width=\"150\" height=\"150\" \/><\/a><br \/>\n<a rel=\"lightbox dia=1\" href=\"http:\/\/fr.motocrossmag.be\/wp-content\/uploads\/2011\/12\/marvin_musquin_6.jpg\"><img decoding=\"async\" class=\"alignnone size-thumbnail wp-image-13713\" title=\"marvin_musquin_6\" src=\"http:\/\/fr.motocrossmag.be\/wp-content\/uploads\/2011\/12\/marvin_musquin_6-150x150.jpg\" alt=\"\" width=\"150\" height=\"150\" \/><\/a>\u00a0\u00a0 <a rel=\"lightbox dia=1\" href=\"http:\/\/fr.motocrossmag.be\/wp-content\/uploads\/2011\/12\/marvin_musquin_7.jpg\"><img decoding=\"async\" class=\"alignnone size-thumbnail wp-image-13712\" title=\"marvin_musquin_7\" src=\"http:\/\/fr.motocrossmag.be\/wp-content\/uploads\/2011\/12\/marvin_musquin_7-150x150.jpg\" alt=\"\" width=\"150\" height=\"150\" \/><\/a>\u00a0\u00a0 <a rel=\"lightbox dia=1\" href=\"http:\/\/fr.motocrossmag.be\/wp-content\/uploads\/2011\/12\/red_bull_ktm_factory_racing.jpg\"><img decoding=\"async\" class=\"alignnone size-thumbnail wp-image-13711\" title=\"red_bull_ktm_factory_racing\" src=\"http:\/\/fr.motocrossmag.be\/wp-content\/uploads\/2011\/12\/red_bull_ktm_factory_racing-150x150.jpg\" alt=\"\" width=\"150\" height=\"150\" \/><\/a><br \/>\n<a rel=\"lightbox dia=1\" href=\"http:\/\/fr.motocrossmag.be\/wp-content\/uploads\/2011\/12\/roczen__musquin.jpg\"><img decoding=\"async\" class=\"alignnone size-thumbnail wp-image-13710\" title=\"roczen__musquin\" src=\"http:\/\/fr.motocrossmag.be\/wp-content\/uploads\/2011\/12\/roczen__musquin-150x150.jpg\" alt=\"\" width=\"150\" height=\"150\" \/><\/a>\u00a0\u00a0 <a rel=\"lightbox dia=1\" href=\"http:\/\/fr.motocrossmag.be\/wp-content\/uploads\/2011\/12\/ryan_dungey_1.jpg\"><img decoding=\"async\" class=\"alignnone size-thumbnail wp-image-13709\" title=\"ryan_dungey_1\" src=\"http:\/\/fr.motocrossmag.be\/wp-content\/uploads\/2011\/12\/ryan_dungey_1-150x150.jpg\" alt=\"\" width=\"150\" height=\"150\" \/><\/a>\u00a0\u00a0 <a rel=\"lightbox dia=1\" href=\"http:\/\/fr.motocrossmag.be\/wp-content\/uploads\/2011\/12\/ryan_dungey_2.jpg\"><img decoding=\"async\" class=\"alignnone size-thumbnail wp-image-13708\" title=\"ryan_dungey_2\" src=\"http:\/\/fr.motocrossmag.be\/wp-content\/uploads\/2011\/12\/ryan_dungey_2-150x150.jpg\" alt=\"\" width=\"150\" height=\"150\" \/><\/a><br \/>\n<a rel=\"lightbox dia=1\" href=\"http:\/\/fr.motocrossmag.be\/wp-content\/uploads\/2011\/12\/ryan_dungey_3.jpg\"><img decoding=\"async\" class=\"alignnone size-thumbnail wp-image-13707\" title=\"ryan_dungey_3\" src=\"http:\/\/fr.motocrossmag.be\/wp-content\/uploads\/2011\/12\/ryan_dungey_3-150x150.jpg\" alt=\"\" width=\"150\" height=\"150\" \/><\/a>\u00a0\u00a0 <a rel=\"lightbox dia=1\" href=\"http:\/\/fr.motocrossmag.be\/wp-content\/uploads\/2011\/12\/ryan_dungey_4.jpg\"><img decoding=\"async\" class=\"alignnone size-thumbnail wp-image-13706\" title=\"ryan_dungey_4\" src=\"http:\/\/fr.motocrossmag.be\/wp-content\/uploads\/2011\/12\/ryan_dungey_4-150x150.jpg\" alt=\"\" width=\"150\" height=\"150\" \/><\/a>\u00a0\u00a0 <a rel=\"lightbox dia=1\" href=\"http:\/\/fr.motocrossmag.be\/wp-content\/uploads\/2011\/12\/ryan_dungey_5.jpg\"><img decoding=\"async\" class=\"alignnone size-thumbnail wp-image-13705\" title=\"ryan_dungey_5\" src=\"http:\/\/fr.motocrossmag.be\/wp-content\/uploads\/2011\/12\/ryan_dungey_5-150x150.jpg\" alt=\"\" width=\"150\" height=\"150\" \/><\/a><br \/>\n<a rel=\"lightbox dia=1\" href=\"http:\/\/fr.motocrossmag.be\/wp-content\/uploads\/2011\/12\/ryan_dungey_6.jpg\"><img decoding=\"async\" class=\"alignnone size-thumbnail wp-image-13704\" title=\"ryan_dungey_6\" src=\"http:\/\/fr.motocrossmag.be\/wp-content\/uploads\/2011\/12\/ryan_dungey_6-150x150.jpg\" alt=\"\" width=\"150\" height=\"150\" \/><\/a>\u00a0\u00a0 <a rel=\"lightbox dia=1\" href=\"http:\/\/fr.motocrossmag.be\/wp-content\/uploads\/2011\/12\/ryan_dungey_7.jpg\"><img decoding=\"async\" class=\"alignnone size-thumbnail wp-image-13703\" title=\"ryan_dungey_7\" src=\"http:\/\/fr.motocrossmag.be\/wp-content\/uploads\/2011\/12\/ryan_dungey_7-150x150.jpg\" alt=\"\" width=\"150\" height=\"150\" \/><\/a>\u00a0\u00a0 <a rel=\"lightbox dia=1\" href=\"http:\/\/fr.motocrossmag.be\/wp-content\/uploads\/2011\/12\/marvin_musquin_10.jpg\"><img decoding=\"async\" class=\"alignnone size-thumbnail wp-image-13731\" title=\"marvin_musquin_10\" src=\"http:\/\/fr.motocrossmag.be\/wp-content\/uploads\/2011\/12\/marvin_musquin_10-150x150.jpg\" alt=\"\" width=\"150\" height=\"150\" \/><\/a><\/p>\n<p>\u00a0<\/p>\n","protected":false},"excerpt":{"rendered":"<p>S\u00e9ance photos officielle pour les pilotes KTM US. Le trio orange compos\u00e9 de Ryan Dungey, Marvin Musquin et Ken Roczen font le show devant l&rsquo;objectif du photographe US Frank Hoppen, charg\u00e9 par le constructeur autrichien de r\u00e9aliser les images officielles des pilotes qui d\u00e9fendront les couleurs de la marque dans les prochains championnats SX et [&hellip;]<\/p>\n","protected":false},"author":932,"featured_media":0,"comment_status":"open","ping_status":"closed","sticky":false,"template":"","format":"standard","meta":{"tdm_status":"","tdm_grid_status":"","footnotes":""},"categories":[66,65],"tags":[],"class_list":["post-13702","post","type-post","status-publish","format-standard","category-photos","category-slideshow"],"yoast_head":"<!-- This site is optimized with the Yoast SEO plugin v28.4 - https:\/\/yoast.com\/product\/yoast-seo-wordpress\/ -->\n<title>Galerie photos | Team KTM US: les photos officielles - Motocross - Enduro - Supermoto | MotocrossMag<\/title>\n<meta name=\"robots\" content=\"index, follow, max-snippet:-1, max-image-preview:large, max-video-preview:-1\" \/>\n<link rel=\"canonical\" href=\"https:\/\/fr.motocrossmag.be\/index.php\/2011\/12\/galerie-photos-team-ktm-us-les-photos-officielles\/\" \/>\n<meta property=\"og:locale\" content=\"fr_FR\" \/>\n<meta property=\"og:type\" content=\"article\" \/>\n<meta property=\"og:title\" content=\"Galerie photos | Team KTM US: les photos officielles - Motocross - Enduro - Supermoto | MotocrossMag\" \/>\n<meta property=\"og:description\" content=\"S\u00e9ance photos officielle pour les pilotes KTM US. Le trio orange compos\u00e9 de Ryan Dungey, Marvin Musquin et Ken Roczen font le show devant l&rsquo;objectif du photographe US Frank Hoppen, charg\u00e9 par le constructeur autrichien de r\u00e9aliser les images officielles des pilotes qui d\u00e9fendront les couleurs de la marque dans les prochains championnats SX et [&hellip;]\" \/>\n<meta property=\"og:url\" content=\"https:\/\/fr.motocrossmag.be\/index.php\/2011\/12\/galerie-photos-team-ktm-us-les-photos-officielles\/\" \/>\n<meta property=\"og:site_name\" content=\"Motocross - Enduro - Supermoto | MotocrossMag\" \/>\n<meta property=\"article:published_time\" content=\"2011-12-05T14:45:11+00:00\" \/>\n<meta property=\"og:image\" content=\"http:\/\/fr.motocrossmag.be\/wp-content\/uploads\/2011\/12\/ken_roczen_p-150x150.jpg\" \/>\n<meta name=\"author\" content=\"oliviere\" \/>\n<meta name=\"twitter:card\" content=\"summary_large_image\" \/>\n<meta name=\"twitter:label1\" content=\"\u00c9crit par\" \/>\n\t<meta name=\"twitter:data1\" content=\"oliviere\" \/>\n<script type=\"application\/ld+json\" class=\"yoast-schema-graph\">{\"@context\":\"https:\\\/\\\/schema.org\",\"@graph\":[{\"@type\":\"Article\",\"@id\":\"https:\\\/\\\/fr.motocrossmag.be\\\/index.php\\\/2011\\\/12\\\/galerie-photos-team-ktm-us-les-photos-officielles\\\/#article\",\"isPartOf\":{\"@id\":\"https:\\\/\\\/fr.motocrossmag.be\\\/index.php\\\/2011\\\/12\\\/galerie-photos-team-ktm-us-les-photos-officielles\\\/\"},\"author\":{\"name\":\"oliviere\",\"@id\":\"https:\\\/\\\/fr.motocrossmag.be\\\/#\\\/schema\\\/person\\\/11b47143d9f755babca2c9110e03235c\"},\"headline\":\"Galerie photos | Team KTM US: les photos officielles\",\"datePublished\":\"2011-12-05T14:45:11+00:00\",\"mainEntityOfPage\":{\"@id\":\"https:\\\/\\\/fr.motocrossmag.be\\\/index.php\\\/2011\\\/12\\\/galerie-photos-team-ktm-us-les-photos-officielles\\\/\"},\"wordCount\":80,\"commentCount\":0,\"image\":{\"@id\":\"https:\\\/\\\/fr.motocrossmag.be\\\/index.php\\\/2011\\\/12\\\/galerie-photos-team-ktm-us-les-photos-officielles\\\/#primaryimage\"},\"thumbnailUrl\":\"http:\\\/\\\/fr.motocrossmag.be\\\/wp-content\\\/uploads\\\/2011\\\/12\\\/ken_roczen_p-150x150.jpg\",\"articleSection\":[\"Photos\",\"Slideshow\"],\"inLanguage\":\"fr-FR\",\"potentialAction\":[{\"@type\":\"CommentAction\",\"name\":\"Comment\",\"target\":[\"https:\\\/\\\/fr.motocrossmag.be\\\/index.php\\\/2011\\\/12\\\/galerie-photos-team-ktm-us-les-photos-officielles\\\/#respond\"]}]},{\"@type\":\"WebPage\",\"@id\":\"https:\\\/\\\/fr.motocrossmag.be\\\/index.php\\\/2011\\\/12\\\/galerie-photos-team-ktm-us-les-photos-officielles\\\/\",\"url\":\"https:\\\/\\\/fr.motocrossmag.be\\\/index.php\\\/2011\\\/12\\\/galerie-photos-team-ktm-us-les-photos-officielles\\\/\",\"name\":\"Galerie photos | Team KTM US: les photos officielles - Motocross - Enduro - Supermoto | MotocrossMag\",\"isPartOf\":{\"@id\":\"https:\\\/\\\/fr.motocrossmag.be\\\/#website\"},\"primaryImageOfPage\":{\"@id\":\"https:\\\/\\\/fr.motocrossmag.be\\\/index.php\\\/2011\\\/12\\\/galerie-photos-team-ktm-us-les-photos-officielles\\\/#primaryimage\"},\"image\":{\"@id\":\"https:\\\/\\\/fr.motocrossmag.be\\\/index.php\\\/2011\\\/12\\\/galerie-photos-team-ktm-us-les-photos-officielles\\\/#primaryimage\"},\"thumbnailUrl\":\"http:\\\/\\\/fr.motocrossmag.be\\\/wp-content\\\/uploads\\\/2011\\\/12\\\/ken_roczen_p-150x150.jpg\",\"datePublished\":\"2011-12-05T14:45:11+00:00\",\"author\":{\"@id\":\"https:\\\/\\\/fr.motocrossmag.be\\\/#\\\/schema\\\/person\\\/11b47143d9f755babca2c9110e03235c\"},\"breadcrumb\":{\"@id\":\"https:\\\/\\\/fr.motocrossmag.be\\\/index.php\\\/2011\\\/12\\\/galerie-photos-team-ktm-us-les-photos-officielles\\\/#breadcrumb\"},\"inLanguage\":\"fr-FR\",\"potentialAction\":[{\"@type\":\"ReadAction\",\"target\":[\"https:\\\/\\\/fr.motocrossmag.be\\\/index.php\\\/2011\\\/12\\\/galerie-photos-team-ktm-us-les-photos-officielles\\\/\"]}]},{\"@type\":\"ImageObject\",\"inLanguage\":\"fr-FR\",\"@id\":\"https:\\\/\\\/fr.motocrossmag.be\\\/index.php\\\/2011\\\/12\\\/galerie-photos-team-ktm-us-les-photos-officielles\\\/#primaryimage\",\"url\":\"https:\\\/\\\/fr.motocrossmag.be\\\/wp-content\\\/uploads\\\/2011\\\/12\\\/ken_roczen_p.jpg\",\"contentUrl\":\"https:\\\/\\\/fr.motocrossmag.be\\\/wp-content\\\/uploads\\\/2011\\\/12\\\/ken_roczen_p.jpg\",\"width\":1024,\"height\":682},{\"@type\":\"BreadcrumbList\",\"@id\":\"https:\\\/\\\/fr.motocrossmag.be\\\/index.php\\\/2011\\\/12\\\/galerie-photos-team-ktm-us-les-photos-officielles\\\/#breadcrumb\",\"itemListElement\":[{\"@type\":\"ListItem\",\"position\":1,\"name\":\"Accueil\",\"item\":\"https:\\\/\\\/fr.motocrossmag.be\\\/\"},{\"@type\":\"ListItem\",\"position\":2,\"name\":\"Galerie photos | Team KTM US: les photos officielles\"}]},{\"@type\":\"WebSite\",\"@id\":\"https:\\\/\\\/fr.motocrossmag.be\\\/#website\",\"url\":\"https:\\\/\\\/fr.motocrossmag.be\\\/\",\"name\":\"Motocross - Enduro - Supermoto | MotocrossMag\",\"description\":\"L&#039;actualit\u00e9 du motocross, de l&#039;enduro et du Supermoto en ligne!\",\"potentialAction\":[{\"@type\":\"SearchAction\",\"target\":{\"@type\":\"EntryPoint\",\"urlTemplate\":\"https:\\\/\\\/fr.motocrossmag.be\\\/?s={search_term_string}\"},\"query-input\":{\"@type\":\"PropertyValueSpecification\",\"valueRequired\":true,\"valueName\":\"search_term_string\"}}],\"inLanguage\":\"fr-FR\"},{\"@type\":\"Person\",\"@id\":\"https:\\\/\\\/fr.motocrossmag.be\\\/#\\\/schema\\\/person\\\/11b47143d9f755babca2c9110e03235c\",\"name\":\"oliviere\",\"image\":{\"@type\":\"ImageObject\",\"inLanguage\":\"fr-FR\",\"@id\":\"https:\\\/\\\/secure.gravatar.com\\\/avatar\\\/907069e0b81d119452040469e4a7501da1100f54f7f80180ce77bfab718288f6?s=96&d=mm&r=g\",\"url\":\"https:\\\/\\\/secure.gravatar.com\\\/avatar\\\/907069e0b81d119452040469e4a7501da1100f54f7f80180ce77bfab718288f6?s=96&d=mm&r=g\",\"contentUrl\":\"https:\\\/\\\/secure.gravatar.com\\\/avatar\\\/907069e0b81d119452040469e4a7501da1100f54f7f80180ce77bfab718288f6?s=96&d=mm&r=g\",\"caption\":\"oliviere\"},\"sameAs\":[\"http:\\\/\\\/www.motocrossmag.be\"],\"url\":\"https:\\\/\\\/fr.motocrossmag.be\\\/index.php\\\/author\\\/oliviere\\\/\"}]}<\/script>\n<!-- \/ Yoast SEO plugin. -->","yoast_head_json":{"title":"Galerie photos | Team KTM US: les photos officielles - Motocross - Enduro - Supermoto | MotocrossMag","robots":{"index":"index","follow":"follow","max-snippet":"max-snippet:-1","max-image-preview":"max-image-preview:large","max-video-preview":"max-video-preview:-1"},"canonical":"https:\/\/fr.motocrossmag.be\/index.php\/2011\/12\/galerie-photos-team-ktm-us-les-photos-officielles\/","og_locale":"fr_FR","og_type":"article","og_title":"Galerie photos | Team KTM US: les photos officielles - Motocross - Enduro - Supermoto | MotocrossMag","og_description":"S\u00e9ance photos officielle pour les pilotes KTM US. Le trio orange compos\u00e9 de Ryan Dungey, Marvin Musquin et Ken Roczen font le show devant l&rsquo;objectif du photographe US Frank Hoppen, charg\u00e9 par le constructeur autrichien de r\u00e9aliser les images officielles des pilotes qui d\u00e9fendront les couleurs de la marque dans les prochains championnats SX et [&hellip;]","og_url":"https:\/\/fr.motocrossmag.be\/index.php\/2011\/12\/galerie-photos-team-ktm-us-les-photos-officielles\/","og_site_name":"Motocross - Enduro - Supermoto | MotocrossMag","article_published_time":"2011-12-05T14:45:11+00:00","og_image":[{"url":"http:\/\/fr.motocrossmag.be\/wp-content\/uploads\/2011\/12\/ken_roczen_p-150x150.jpg","type":"","width":"","height":""}],"author":"oliviere","twitter_card":"summary_large_image","twitter_misc":{"\u00c9crit par":"oliviere"},"schema":{"@context":"https:\/\/schema.org","@graph":[{"@type":"Article","@id":"https:\/\/fr.motocrossmag.be\/index.php\/2011\/12\/galerie-photos-team-ktm-us-les-photos-officielles\/#article","isPartOf":{"@id":"https:\/\/fr.motocrossmag.be\/index.php\/2011\/12\/galerie-photos-team-ktm-us-les-photos-officielles\/"},"author":{"name":"oliviere","@id":"https:\/\/fr.motocrossmag.be\/#\/schema\/person\/11b47143d9f755babca2c9110e03235c"},"headline":"Galerie photos | Team KTM US: les photos officielles","datePublished":"2011-12-05T14:45:11+00:00","mainEntityOfPage":{"@id":"https:\/\/fr.motocrossmag.be\/index.php\/2011\/12\/galerie-photos-team-ktm-us-les-photos-officielles\/"},"wordCount":80,"commentCount":0,"image":{"@id":"https:\/\/fr.motocrossmag.be\/index.php\/2011\/12\/galerie-photos-team-ktm-us-les-photos-officielles\/#primaryimage"},"thumbnailUrl":"http:\/\/fr.motocrossmag.be\/wp-content\/uploads\/2011\/12\/ken_roczen_p-150x150.jpg","articleSection":["Photos","Slideshow"],"inLanguage":"fr-FR","potentialAction":[{"@type":"CommentAction","name":"Comment","target":["https:\/\/fr.motocrossmag.be\/index.php\/2011\/12\/galerie-photos-team-ktm-us-les-photos-officielles\/#respond"]}]},{"@type":"WebPage","@id":"https:\/\/fr.motocrossmag.be\/index.php\/2011\/12\/galerie-photos-team-ktm-us-les-photos-officielles\/","url":"https:\/\/fr.motocrossmag.be\/index.php\/2011\/12\/galerie-photos-team-ktm-us-les-photos-officielles\/","name":"Galerie photos | Team KTM US: les photos officielles - Motocross - Enduro - Supermoto | MotocrossMag","isPartOf":{"@id":"https:\/\/fr.motocrossmag.be\/#website"},"primaryImageOfPage":{"@id":"https:\/\/fr.motocrossmag.be\/index.php\/2011\/12\/galerie-photos-team-ktm-us-les-photos-officielles\/#primaryimage"},"image":{"@id":"https:\/\/fr.motocrossmag.be\/index.php\/2011\/12\/galerie-photos-team-ktm-us-les-photos-officielles\/#primaryimage"},"thumbnailUrl":"http:\/\/fr.motocrossmag.be\/wp-content\/uploads\/2011\/12\/ken_roczen_p-150x150.jpg","datePublished":"2011-12-05T14:45:11+00:00","author":{"@id":"https:\/\/fr.motocrossmag.be\/#\/schema\/person\/11b47143d9f755babca2c9110e03235c"},"breadcrumb":{"@id":"https:\/\/fr.motocrossmag.be\/index.php\/2011\/12\/galerie-photos-team-ktm-us-les-photos-officielles\/#breadcrumb"},"inLanguage":"fr-FR","potentialAction":[{"@type":"ReadAction","target":["https:\/\/fr.motocrossmag.be\/index.php\/2011\/12\/galerie-photos-team-ktm-us-les-photos-officielles\/"]}]},{"@type":"ImageObject","inLanguage":"fr-FR","@id":"https:\/\/fr.motocrossmag.be\/index.php\/2011\/12\/galerie-photos-team-ktm-us-les-photos-officielles\/#primaryimage","url":"https:\/\/fr.motocrossmag.be\/wp-content\/uploads\/2011\/12\/ken_roczen_p.jpg","contentUrl":"https:\/\/fr.motocrossmag.be\/wp-content\/uploads\/2011\/12\/ken_roczen_p.jpg","width":1024,"height":682},{"@type":"BreadcrumbList","@id":"https:\/\/fr.motocrossmag.be\/index.php\/2011\/12\/galerie-photos-team-ktm-us-les-photos-officielles\/#breadcrumb","itemListElement":[{"@type":"ListItem","position":1,"name":"Accueil","item":"https:\/\/fr.motocrossmag.be\/"},{"@type":"ListItem","position":2,"name":"Galerie photos | Team KTM US: les photos officielles"}]},{"@type":"WebSite","@id":"https:\/\/fr.motocrossmag.be\/#website","url":"https:\/\/fr.motocrossmag.be\/","name":"Motocross - Enduro - Supermoto | MotocrossMag","description":"L&#039;actualit\u00e9 du motocross, de l&#039;enduro et du Supermoto en ligne!","potentialAction":[{"@type":"SearchAction","target":{"@type":"EntryPoint","urlTemplate":"https:\/\/fr.motocrossmag.be\/?s={search_term_string}"},"query-input":{"@type":"PropertyValueSpecification","valueRequired":true,"valueName":"search_term_string"}}],"inLanguage":"fr-FR"},{"@type":"Person","@id":"https:\/\/fr.motocrossmag.be\/#\/schema\/person\/11b47143d9f755babca2c9110e03235c","name":"oliviere","image":{"@type":"ImageObject","inLanguage":"fr-FR","@id":"https:\/\/secure.gravatar.com\/avatar\/907069e0b81d119452040469e4a7501da1100f54f7f80180ce77bfab718288f6?s=96&d=mm&r=g","url":"https:\/\/secure.gravatar.com\/avatar\/907069e0b81d119452040469e4a7501da1100f54f7f80180ce77bfab718288f6?s=96&d=mm&r=g","contentUrl":"https:\/\/secure.gravatar.com\/avatar\/907069e0b81d119452040469e4a7501da1100f54f7f80180ce77bfab718288f6?s=96&d=mm&r=g","caption":"oliviere"},"sameAs":["http:\/\/www.motocrossmag.be"],"url":"https:\/\/fr.motocrossmag.be\/index.php\/author\/oliviere\/"}]}},"_links":{"self":[{"href":"https:\/\/fr.motocrossmag.be\/index.php\/wp-json\/wp\/v2\/posts\/13702","targetHints":{"allow":["GET"]}}],"collection":[{"href":"https:\/\/fr.motocrossmag.be\/index.php\/wp-json\/wp\/v2\/posts"}],"about":[{"href":"https:\/\/fr.motocrossmag.be\/index.php\/wp-json\/wp\/v2\/types\/post"}],"author":[{"embeddable":true,"href":"https:\/\/fr.motocrossmag.be\/index.php\/wp-json\/wp\/v2\/users\/932"}],"replies":[{"embeddable":true,"href":"https:\/\/fr.motocrossmag.be\/index.php\/wp-json\/wp\/v2\/comments?post=13702"}],"version-history":[{"count":0,"href":"https:\/\/fr.motocrossmag.be\/index.php\/wp-json\/wp\/v2\/posts\/13702\/revisions"}],"wp:attachment":[{"href":"https:\/\/fr.motocrossmag.be\/index.php\/wp-json\/wp\/v2\/media?parent=13702"}],"wp:term":[{"taxonomy":"category","embeddable":true,"href":"https:\/\/fr.motocrossmag.be\/index.php\/wp-json\/wp\/v2\/categories?post=13702"},{"taxonomy":"post_tag","embeddable":true,"href":"https:\/\/fr.motocrossmag.be\/index.php\/wp-json\/wp\/v2\/tags?post=13702"}],"curies":[{"name":"wp","href":"https:\/\/api.w.org\/{rel}","templated":true}]}}