{"id":139890,"date":"2024-06-25T11:47:45","date_gmt":"2024-06-25T09:47:45","guid":{"rendered":"https:\/\/fr.motocrossmag.be\/?p=139890"},"modified":"2024-06-25T11:47:45","modified_gmt":"2024-06-25T09:47:45","slug":"supermoto-deux-epreuves-supplementaires-pour-le-championnat-de-belgique","status":"publish","type":"post","link":"https:\/\/fr.motocrossmag.be\/index.php\/2024\/06\/supermoto-deux-epreuves-supplementaires-pour-le-championnat-de-belgique\/","title":{"rendered":"Supermoto : deux \u00e9preuves suppl\u00e9mentaires pour le championnat de Belgique"},"content":{"rendered":"<p><strong>Le calendrier belge de Supermoto a \u00e9volu\u00e9 r\u00e9cemment avec l&rsquo;ajout de deux \u00e9preuves suppl\u00e9mentaires qui viendront donc compl\u00e9ter le calendrier du championnat de Belgique.<\/strong><\/p>\n<p>Les 7 et 8 septembre, le championnat de Belgique devrait ainsi faire \u00e9tape \u00e0 Gedinne, tout au sud de la province de Namur. Une \u00e9preuve qui reste encore au conditionnel car le club organisateur, le MC Bikes Event doit encore finaliser la proc\u00e9dure d&rsquo;affiliation \u00e0 la FMWB. Confirmation tr\u00e8s bient\u00f4t, on l&rsquo;esp\u00e8re.<\/p>\n<p>La seconde \u00e9preuve \u00e0 venir compl\u00e9ter notre calendrier national de Supermoto est pour sa part organis\u00e9e par le club de Chimay qui accueillera donc une deuxi\u00e8me organisation sur son circuit. Ce sera les samedi 21 et dimanche 22 septembre.<\/p>\n<p><span style=\"color: #ff0000;\"><strong>Calendrier Supermoto FMB 2024<\/strong><\/span><\/p>\n<ul>\n<li>09+10-03 : Mettet<\/li>\n<li>06+07-04 : Chimay<\/li>\n<li>04+05-05 : Spa- Francorchamps<\/li>\n<li>08+09-06 : Enter (N)<\/li>\n<li>07+08-09 : Gedinne (\u00e0 confirmer)<\/li>\n<li>14+15-09 : Battice<\/li>\n<li>21+22-09 : Chimay<\/li>\n<li>04+05+06-10 :\u00a0 Superbiker Mettet<\/li>\n<\/ul>\n","protected":false},"excerpt":{"rendered":"<p>Le calendrier belge de Supermoto a \u00e9volu\u00e9 r\u00e9cemment avec l&rsquo;ajout de deux \u00e9preuves suppl\u00e9mentaires qui viendront donc compl\u00e9ter le calendrier du championnat de Belgique. Les 7 et 8 septembre, le [&#8230;]<\/p>\n","protected":false},"author":932,"featured_media":134473,"comment_status":"open","ping_status":"closed","sticky":false,"template":"","format":"standard","meta":{"footnotes":""},"categories":[54,57,40,43,55,65,38],"tags":[1163,974],"class_list":["post-139890","post","type-post","status-publish","format-standard","has-post-thumbnail","hentry","category-actualite","category-calendriers","category-fmb-supermoto","category-news-supermoto","category-news-actualite","category-slideshow","category-supermoto","tag-fmb","tag-supermoto"],"yoast_head":"<!-- This site is optimized with the Yoast SEO plugin v27.4 - https:\/\/yoast.com\/product\/yoast-seo-wordpress\/ -->\n<title>Supermoto : deux \u00e9preuves suppl\u00e9mentaires pour le championnat de Belgique - Motocross - Enduro - Supermoto | MotocrossMag<\/title>\n<meta name=\"robots\" content=\"index, follow, max-snippet:-1, max-image-preview:large, max-video-preview:-1\" \/>\n<link rel=\"canonical\" href=\"https:\/\/fr.motocrossmag.be\/index.php\/2024\/06\/supermoto-deux-epreuves-supplementaires-pour-le-championnat-de-belgique\/\" \/>\n<meta property=\"og:locale\" content=\"fr_FR\" \/>\n<meta property=\"og:type\" content=\"article\" \/>\n<meta property=\"og:title\" content=\"Supermoto : deux \u00e9preuves suppl\u00e9mentaires pour le championnat de Belgique - Motocross - Enduro - Supermoto | MotocrossMag\" \/>\n<meta property=\"og:description\" content=\"Le calendrier belge de Supermoto a \u00e9volu\u00e9 r\u00e9cemment avec l&rsquo;ajout de deux \u00e9preuves suppl\u00e9mentaires qui viendront donc compl\u00e9ter le calendrier du championnat de Belgique. Les 7 et 8 septembre, le [...]\" \/>\n<meta property=\"og:url\" content=\"https:\/\/fr.motocrossmag.be\/index.php\/2024\/06\/supermoto-deux-epreuves-supplementaires-pour-le-championnat-de-belgique\/\" \/>\n<meta property=\"og:site_name\" content=\"Motocross - Enduro - Supermoto | MotocrossMag\" \/>\n<meta property=\"article:published_time\" content=\"2024-06-25T09:47:45+00:00\" \/>\n<meta property=\"og:image\" content=\"https:\/\/fr.motocrossmag.be\/wp-content\/uploads\/2024\/03\/MG_5024.jpeg\" \/>\n\t<meta property=\"og:image:width\" content=\"1200\" \/>\n\t<meta property=\"og:image:height\" content=\"800\" \/>\n\t<meta property=\"og:image:type\" content=\"image\/jpeg\" \/>\n<meta name=\"author\" content=\"oliviere\" \/>\n<meta name=\"twitter:card\" content=\"summary_large_image\" \/>\n<meta name=\"twitter:label1\" content=\"\u00c9crit par\" \/>\n\t<meta name=\"twitter:data1\" content=\"oliviere\" \/>\n\t<meta name=\"twitter:label2\" content=\"Dur\u00e9e de lecture estim\u00e9e\" \/>\n\t<meta name=\"twitter:data2\" content=\"1 minute\" \/>\n<script type=\"application\/ld+json\" class=\"yoast-schema-graph\">{\"@context\":\"https:\\\/\\\/schema.org\",\"@graph\":[{\"@type\":\"Article\",\"@id\":\"https:\\\/\\\/fr.motocrossmag.be\\\/index.php\\\/2024\\\/06\\\/supermoto-deux-epreuves-supplementaires-pour-le-championnat-de-belgique\\\/#article\",\"isPartOf\":{\"@id\":\"https:\\\/\\\/fr.motocrossmag.be\\\/index.php\\\/2024\\\/06\\\/supermoto-deux-epreuves-supplementaires-pour-le-championnat-de-belgique\\\/\"},\"author\":{\"name\":\"oliviere\",\"@id\":\"https:\\\/\\\/fr.motocrossmag.be\\\/#\\\/schema\\\/person\\\/11b47143d9f755babca2c9110e03235c\"},\"headline\":\"Supermoto : deux \u00e9preuves suppl\u00e9mentaires pour le championnat de Belgique\",\"datePublished\":\"2024-06-25T09:47:45+00:00\",\"mainEntityOfPage\":{\"@id\":\"https:\\\/\\\/fr.motocrossmag.be\\\/index.php\\\/2024\\\/06\\\/supermoto-deux-epreuves-supplementaires-pour-le-championnat-de-belgique\\\/\"},\"wordCount\":154,\"commentCount\":0,\"image\":{\"@id\":\"https:\\\/\\\/fr.motocrossmag.be\\\/index.php\\\/2024\\\/06\\\/supermoto-deux-epreuves-supplementaires-pour-le-championnat-de-belgique\\\/#primaryimage\"},\"thumbnailUrl\":\"https:\\\/\\\/fr.motocrossmag.be\\\/wp-content\\\/uploads\\\/2024\\\/03\\\/MG_5024.jpeg\",\"keywords\":[\"FMB\",\"Supermoto\"],\"articleSection\":[\"Actualit\u00e9\",\"Calendriers\",\"FMB\",\"News\",\"News\",\"Slideshow\",\"Supermoto\"],\"inLanguage\":\"fr-FR\",\"potentialAction\":[{\"@type\":\"CommentAction\",\"name\":\"Comment\",\"target\":[\"https:\\\/\\\/fr.motocrossmag.be\\\/index.php\\\/2024\\\/06\\\/supermoto-deux-epreuves-supplementaires-pour-le-championnat-de-belgique\\\/#respond\"]}]},{\"@type\":\"WebPage\",\"@id\":\"https:\\\/\\\/fr.motocrossmag.be\\\/index.php\\\/2024\\\/06\\\/supermoto-deux-epreuves-supplementaires-pour-le-championnat-de-belgique\\\/\",\"url\":\"https:\\\/\\\/fr.motocrossmag.be\\\/index.php\\\/2024\\\/06\\\/supermoto-deux-epreuves-supplementaires-pour-le-championnat-de-belgique\\\/\",\"name\":\"Supermoto : deux \u00e9preuves suppl\u00e9mentaires pour le championnat de Belgique - Motocross - Enduro - Supermoto | MotocrossMag\",\"isPartOf\":{\"@id\":\"https:\\\/\\\/fr.motocrossmag.be\\\/#website\"},\"primaryImageOfPage\":{\"@id\":\"https:\\\/\\\/fr.motocrossmag.be\\\/index.php\\\/2024\\\/06\\\/supermoto-deux-epreuves-supplementaires-pour-le-championnat-de-belgique\\\/#primaryimage\"},\"image\":{\"@id\":\"https:\\\/\\\/fr.motocrossmag.be\\\/index.php\\\/2024\\\/06\\\/supermoto-deux-epreuves-supplementaires-pour-le-championnat-de-belgique\\\/#primaryimage\"},\"thumbnailUrl\":\"https:\\\/\\\/fr.motocrossmag.be\\\/wp-content\\\/uploads\\\/2024\\\/03\\\/MG_5024.jpeg\",\"datePublished\":\"2024-06-25T09:47:45+00:00\",\"author\":{\"@id\":\"https:\\\/\\\/fr.motocrossmag.be\\\/#\\\/schema\\\/person\\\/11b47143d9f755babca2c9110e03235c\"},\"breadcrumb\":{\"@id\":\"https:\\\/\\\/fr.motocrossmag.be\\\/index.php\\\/2024\\\/06\\\/supermoto-deux-epreuves-supplementaires-pour-le-championnat-de-belgique\\\/#breadcrumb\"},\"inLanguage\":\"fr-FR\",\"potentialAction\":[{\"@type\":\"ReadAction\",\"target\":[\"https:\\\/\\\/fr.motocrossmag.be\\\/index.php\\\/2024\\\/06\\\/supermoto-deux-epreuves-supplementaires-pour-le-championnat-de-belgique\\\/\"]}]},{\"@type\":\"ImageObject\",\"inLanguage\":\"fr-FR\",\"@id\":\"https:\\\/\\\/fr.motocrossmag.be\\\/index.php\\\/2024\\\/06\\\/supermoto-deux-epreuves-supplementaires-pour-le-championnat-de-belgique\\\/#primaryimage\",\"url\":\"https:\\\/\\\/fr.motocrossmag.be\\\/wp-content\\\/uploads\\\/2024\\\/03\\\/MG_5024.jpeg\",\"contentUrl\":\"https:\\\/\\\/fr.motocrossmag.be\\\/wp-content\\\/uploads\\\/2024\\\/03\\\/MG_5024.jpeg\",\"width\":1200,\"height\":800},{\"@type\":\"BreadcrumbList\",\"@id\":\"https:\\\/\\\/fr.motocrossmag.be\\\/index.php\\\/2024\\\/06\\\/supermoto-deux-epreuves-supplementaires-pour-le-championnat-de-belgique\\\/#breadcrumb\",\"itemListElement\":[{\"@type\":\"ListItem\",\"position\":1,\"name\":\"Accueil\",\"item\":\"https:\\\/\\\/fr.motocrossmag.be\\\/\"},{\"@type\":\"ListItem\",\"position\":2,\"name\":\"Supermoto : deux \u00e9preuves suppl\u00e9mentaires pour le championnat de Belgique\"}]},{\"@type\":\"WebSite\",\"@id\":\"https:\\\/\\\/fr.motocrossmag.be\\\/#website\",\"url\":\"https:\\\/\\\/fr.motocrossmag.be\\\/\",\"name\":\"Motocross - Enduro - Supermoto | MotocrossMag\",\"description\":\"L&#039;actualit\u00e9 du motocross, de l&#039;enduro et du Supermoto en ligne!\",\"potentialAction\":[{\"@type\":\"SearchAction\",\"target\":{\"@type\":\"EntryPoint\",\"urlTemplate\":\"https:\\\/\\\/fr.motocrossmag.be\\\/?s={search_term_string}\"},\"query-input\":{\"@type\":\"PropertyValueSpecification\",\"valueRequired\":true,\"valueName\":\"search_term_string\"}}],\"inLanguage\":\"fr-FR\"},{\"@type\":\"Person\",\"@id\":\"https:\\\/\\\/fr.motocrossmag.be\\\/#\\\/schema\\\/person\\\/11b47143d9f755babca2c9110e03235c\",\"name\":\"oliviere\",\"image\":{\"@type\":\"ImageObject\",\"inLanguage\":\"fr-FR\",\"@id\":\"https:\\\/\\\/secure.gravatar.com\\\/avatar\\\/907069e0b81d119452040469e4a7501da1100f54f7f80180ce77bfab718288f6?s=96&d=mm&r=g\",\"url\":\"https:\\\/\\\/secure.gravatar.com\\\/avatar\\\/907069e0b81d119452040469e4a7501da1100f54f7f80180ce77bfab718288f6?s=96&d=mm&r=g\",\"contentUrl\":\"https:\\\/\\\/secure.gravatar.com\\\/avatar\\\/907069e0b81d119452040469e4a7501da1100f54f7f80180ce77bfab718288f6?s=96&d=mm&r=g\",\"caption\":\"oliviere\"},\"sameAs\":[\"http:\\\/\\\/www.motocrossmag.be\"],\"url\":\"https:\\\/\\\/fr.motocrossmag.be\\\/index.php\\\/author\\\/oliviere\\\/\"}]}<\/script>\n<!-- \/ Yoast SEO plugin. -->","yoast_head_json":{"title":"Supermoto : deux \u00e9preuves suppl\u00e9mentaires pour le championnat de Belgique - Motocross - Enduro - Supermoto | MotocrossMag","robots":{"index":"index","follow":"follow","max-snippet":"max-snippet:-1","max-image-preview":"max-image-preview:large","max-video-preview":"max-video-preview:-1"},"canonical":"https:\/\/fr.motocrossmag.be\/index.php\/2024\/06\/supermoto-deux-epreuves-supplementaires-pour-le-championnat-de-belgique\/","og_locale":"fr_FR","og_type":"article","og_title":"Supermoto : deux \u00e9preuves suppl\u00e9mentaires pour le championnat de Belgique - Motocross - Enduro - Supermoto | MotocrossMag","og_description":"Le calendrier belge de Supermoto a \u00e9volu\u00e9 r\u00e9cemment avec l&rsquo;ajout de deux \u00e9preuves suppl\u00e9mentaires qui viendront donc compl\u00e9ter le calendrier du championnat de Belgique. Les 7 et 8 septembre, le [...]","og_url":"https:\/\/fr.motocrossmag.be\/index.php\/2024\/06\/supermoto-deux-epreuves-supplementaires-pour-le-championnat-de-belgique\/","og_site_name":"Motocross - Enduro - Supermoto | MotocrossMag","article_published_time":"2024-06-25T09:47:45+00:00","og_image":[{"width":1200,"height":800,"url":"https:\/\/fr.motocrossmag.be\/wp-content\/uploads\/2024\/03\/MG_5024.jpeg","type":"image\/jpeg"}],"author":"oliviere","twitter_card":"summary_large_image","twitter_misc":{"\u00c9crit par":"oliviere","Dur\u00e9e de lecture estim\u00e9e":"1 minute"},"schema":{"@context":"https:\/\/schema.org","@graph":[{"@type":"Article","@id":"https:\/\/fr.motocrossmag.be\/index.php\/2024\/06\/supermoto-deux-epreuves-supplementaires-pour-le-championnat-de-belgique\/#article","isPartOf":{"@id":"https:\/\/fr.motocrossmag.be\/index.php\/2024\/06\/supermoto-deux-epreuves-supplementaires-pour-le-championnat-de-belgique\/"},"author":{"name":"oliviere","@id":"https:\/\/fr.motocrossmag.be\/#\/schema\/person\/11b47143d9f755babca2c9110e03235c"},"headline":"Supermoto : deux \u00e9preuves suppl\u00e9mentaires pour le championnat de Belgique","datePublished":"2024-06-25T09:47:45+00:00","mainEntityOfPage":{"@id":"https:\/\/fr.motocrossmag.be\/index.php\/2024\/06\/supermoto-deux-epreuves-supplementaires-pour-le-championnat-de-belgique\/"},"wordCount":154,"commentCount":0,"image":{"@id":"https:\/\/fr.motocrossmag.be\/index.php\/2024\/06\/supermoto-deux-epreuves-supplementaires-pour-le-championnat-de-belgique\/#primaryimage"},"thumbnailUrl":"https:\/\/fr.motocrossmag.be\/wp-content\/uploads\/2024\/03\/MG_5024.jpeg","keywords":["FMB","Supermoto"],"articleSection":["Actualit\u00e9","Calendriers","FMB","News","News","Slideshow","Supermoto"],"inLanguage":"fr-FR","potentialAction":[{"@type":"CommentAction","name":"Comment","target":["https:\/\/fr.motocrossmag.be\/index.php\/2024\/06\/supermoto-deux-epreuves-supplementaires-pour-le-championnat-de-belgique\/#respond"]}]},{"@type":"WebPage","@id":"https:\/\/fr.motocrossmag.be\/index.php\/2024\/06\/supermoto-deux-epreuves-supplementaires-pour-le-championnat-de-belgique\/","url":"https:\/\/fr.motocrossmag.be\/index.php\/2024\/06\/supermoto-deux-epreuves-supplementaires-pour-le-championnat-de-belgique\/","name":"Supermoto : deux \u00e9preuves suppl\u00e9mentaires pour le championnat de Belgique - Motocross - Enduro - Supermoto | MotocrossMag","isPartOf":{"@id":"https:\/\/fr.motocrossmag.be\/#website"},"primaryImageOfPage":{"@id":"https:\/\/fr.motocrossmag.be\/index.php\/2024\/06\/supermoto-deux-epreuves-supplementaires-pour-le-championnat-de-belgique\/#primaryimage"},"image":{"@id":"https:\/\/fr.motocrossmag.be\/index.php\/2024\/06\/supermoto-deux-epreuves-supplementaires-pour-le-championnat-de-belgique\/#primaryimage"},"thumbnailUrl":"https:\/\/fr.motocrossmag.be\/wp-content\/uploads\/2024\/03\/MG_5024.jpeg","datePublished":"2024-06-25T09:47:45+00:00","author":{"@id":"https:\/\/fr.motocrossmag.be\/#\/schema\/person\/11b47143d9f755babca2c9110e03235c"},"breadcrumb":{"@id":"https:\/\/fr.motocrossmag.be\/index.php\/2024\/06\/supermoto-deux-epreuves-supplementaires-pour-le-championnat-de-belgique\/#breadcrumb"},"inLanguage":"fr-FR","potentialAction":[{"@type":"ReadAction","target":["https:\/\/fr.motocrossmag.be\/index.php\/2024\/06\/supermoto-deux-epreuves-supplementaires-pour-le-championnat-de-belgique\/"]}]},{"@type":"ImageObject","inLanguage":"fr-FR","@id":"https:\/\/fr.motocrossmag.be\/index.php\/2024\/06\/supermoto-deux-epreuves-supplementaires-pour-le-championnat-de-belgique\/#primaryimage","url":"https:\/\/fr.motocrossmag.be\/wp-content\/uploads\/2024\/03\/MG_5024.jpeg","contentUrl":"https:\/\/fr.motocrossmag.be\/wp-content\/uploads\/2024\/03\/MG_5024.jpeg","width":1200,"height":800},{"@type":"BreadcrumbList","@id":"https:\/\/fr.motocrossmag.be\/index.php\/2024\/06\/supermoto-deux-epreuves-supplementaires-pour-le-championnat-de-belgique\/#breadcrumb","itemListElement":[{"@type":"ListItem","position":1,"name":"Accueil","item":"https:\/\/fr.motocrossmag.be\/"},{"@type":"ListItem","position":2,"name":"Supermoto : deux \u00e9preuves suppl\u00e9mentaires pour le championnat de Belgique"}]},{"@type":"WebSite","@id":"https:\/\/fr.motocrossmag.be\/#website","url":"https:\/\/fr.motocrossmag.be\/","name":"Motocross - Enduro - Supermoto | MotocrossMag","description":"L&#039;actualit\u00e9 du motocross, de l&#039;enduro et du Supermoto en ligne!","potentialAction":[{"@type":"SearchAction","target":{"@type":"EntryPoint","urlTemplate":"https:\/\/fr.motocrossmag.be\/?s={search_term_string}"},"query-input":{"@type":"PropertyValueSpecification","valueRequired":true,"valueName":"search_term_string"}}],"inLanguage":"fr-FR"},{"@type":"Person","@id":"https:\/\/fr.motocrossmag.be\/#\/schema\/person\/11b47143d9f755babca2c9110e03235c","name":"oliviere","image":{"@type":"ImageObject","inLanguage":"fr-FR","@id":"https:\/\/secure.gravatar.com\/avatar\/907069e0b81d119452040469e4a7501da1100f54f7f80180ce77bfab718288f6?s=96&d=mm&r=g","url":"https:\/\/secure.gravatar.com\/avatar\/907069e0b81d119452040469e4a7501da1100f54f7f80180ce77bfab718288f6?s=96&d=mm&r=g","contentUrl":"https:\/\/secure.gravatar.com\/avatar\/907069e0b81d119452040469e4a7501da1100f54f7f80180ce77bfab718288f6?s=96&d=mm&r=g","caption":"oliviere"},"sameAs":["http:\/\/www.motocrossmag.be"],"url":"https:\/\/fr.motocrossmag.be\/index.php\/author\/oliviere\/"}]}},"_links":{"self":[{"href":"https:\/\/fr.motocrossmag.be\/index.php\/wp-json\/wp\/v2\/posts\/139890","targetHints":{"allow":["GET"]}}],"collection":[{"href":"https:\/\/fr.motocrossmag.be\/index.php\/wp-json\/wp\/v2\/posts"}],"about":[{"href":"https:\/\/fr.motocrossmag.be\/index.php\/wp-json\/wp\/v2\/types\/post"}],"author":[{"embeddable":true,"href":"https:\/\/fr.motocrossmag.be\/index.php\/wp-json\/wp\/v2\/users\/932"}],"replies":[{"embeddable":true,"href":"https:\/\/fr.motocrossmag.be\/index.php\/wp-json\/wp\/v2\/comments?post=139890"}],"version-history":[{"count":1,"href":"https:\/\/fr.motocrossmag.be\/index.php\/wp-json\/wp\/v2\/posts\/139890\/revisions"}],"predecessor-version":[{"id":139891,"href":"https:\/\/fr.motocrossmag.be\/index.php\/wp-json\/wp\/v2\/posts\/139890\/revisions\/139891"}],"wp:featuredmedia":[{"embeddable":true,"href":"https:\/\/fr.motocrossmag.be\/index.php\/wp-json\/wp\/v2\/media\/134473"}],"wp:attachment":[{"href":"https:\/\/fr.motocrossmag.be\/index.php\/wp-json\/wp\/v2\/media?parent=139890"}],"wp:term":[{"taxonomy":"category","embeddable":true,"href":"https:\/\/fr.motocrossmag.be\/index.php\/wp-json\/wp\/v2\/categories?post=139890"},{"taxonomy":"post_tag","embeddable":true,"href":"https:\/\/fr.motocrossmag.be\/index.php\/wp-json\/wp\/v2\/tags?post=139890"}],"curies":[{"name":"wp","href":"https:\/\/api.w.org\/{rel}","templated":true}]}}