{"id":142357,"date":"2024-08-18T18:10:19","date_gmt":"2024-08-18T16:10:19","guid":{"rendered":"https:\/\/fr.motocrossmag.be\/?p=142357"},"modified":"2024-08-18T18:10:19","modified_gmt":"2024-08-18T16:10:19","slug":"mxgp-jeffrey-herlings-remporte-son-gp-a-arnhem","status":"publish","type":"post","link":"https:\/\/fr.motocrossmag.be\/index.php\/2024\/08\/mxgp-jeffrey-herlings-remporte-son-gp-a-arnhem\/","title":{"rendered":"MXGP : Jeffrey Herlings remporte \u00ab\u00a0son\u00a0\u00bb GP \u00e0 Arnhem"},"content":{"rendered":"<p><strong>Jeffrey Herlings s&rsquo;est impos\u00e9 ce dimanche devant son public, \u00e0 Arnhem, sur le GP des Pays-Bas, 16\u00e8me rendez-vous de la saison mondiale de motocross.<\/strong><\/p>\n<p>Jorge Prado s&rsquo;est montr\u00e9 le plus dangereux adversaire du pilote hollandais tout au long des deux manches. Mal parti dans la premi\u00e8re, il lui a fallu attendre l&rsquo;avant-dernier tour de course pour d\u00e9border l&rsquo;Espagnol, en t\u00eate depuis le premier tour et qui voit donc l&rsquo;officiel KTM lui souffler in extremis la victoire. Glenn Coldenhoff termine 3\u00e8me devant Gajser et Febvre.<\/p>\n<p>Dans la seconde manche, Herlings part mieux et peut s&#8217;emparer de la t\u00eate de la course, encore une fois occup\u00e9e par Prado, dans le 7\u00e8me tour.<\/p>\n<p>Vainqueur des deux manche, Herlings remporte son \u00ab\u00a0Home GP\u00a0\u00bb devant Prado (2+2) et Tim Gajser (4+3).<\/p>\n<p>De retour de blessure quelques semaines apr\u00e8s sa premi\u00e8re tentative \u00e0 Lommel, Jago Geerts signe une encourageante 10\u00e8me place apr\u00e8s avoir longtemps occup\u00e9 le 8\u00e8me rang en premi\u00e8re manche et prend ensuite la 13\u00e8me place dans la seconde.<\/p>\n<p>Dix-huiti\u00e8me seulement apr\u00e8s s&rsquo;\u00eatre \u00e9lanc\u00e9 en queue de peloton en premi\u00e8re manche, Brent Van Doninck revient de la 13\u00e8me \u00e0 la 8\u00e8me place dans la seconde.<\/p>\n<p>Au championnat, Prado reprend 6 points \u00e0 Gajser et r\u00e9duit l&rsquo;\u00e9cart qui le s\u00e9pare du Slov\u00e8ne \u00e0 9 unit\u00e9s seulement avant d&rsquo;aborder le GP de Suisse le week-end prochain, 17\u00e8me des 20 rendez-vous de la saison MXGP.<\/p>\n<p><span style=\"color: #800000;\"><strong>R\u00e9sultats<\/strong><\/span><\/p>\n<p>MANCHE 1<\/p>\n<p>1. Jeffrey Herlings (NED, KTM), 34:52.707; 2. Jorge Prado (ESP, GASGAS), +0:03.244; 3. Glenn Coldenhoff (NED, Fantic), +0:04.637; 4. Tim Gajser (SLO, Honda), +0:13.281; 5. Romain Febvre (FRA, Kawasaki), +0:31.188; 6. Jeremy Seewer (SUI, Kawasaki), +0:55.258; 7. Andrea Bonacorsi (ITA, Yamaha), +0:56.862; 8. Kevin Horgmo (NOR, Honda), +1:00.182; 9. Alberto Forato (ITA, Honda), +1:05.013; <strong>10. Jago Geerts (BEL, Yamaha), +1:17.172<\/strong>; 11. Mattia Guadagnini (ITA, Husqvarna), +1:19.082; 12. Brian Bogers (NED, Fantic), +1:38.422; 13. Cornelius Toendel (NOR, KTM), +1:41.048; 14. Calvin Vlaanderen (NED, Yamaha), +1:45.239; 15. Antonio Cairoli (ITA, Ducati), +1:46.149; 16. Valentin Guillod (SUI, Honda), +1:48.240; 17. Maximilian Spies (GER, KTM), +1:49.178; <strong>18. Brent Van doninck (BEL, Honda), +1:50.295<\/strong>; 19. Isak Gifting (SWE, Yamaha), -1 lap(s); 20. Jan Pancar (SLO, KTM), -1 lap(s); 21. Tom Koch (GER, KTM), -1 lap(s); 22. Micha-Boy De Waal (NED, GASGAS), -1 lap(s); 23. Alvin \u00d6stlund (SWE, Honda), -1 lap(s); 24. Conrad Mewse (GBR, Honda), -1 lap(s); 25. Ivo Monticelli (ITA, Beta), -1 lap(s); 26. Boris Blanken (NED, Fantic), -1 lap(s); 27. Freek van der Vlist (NED, KTM), -1 lap(s); 28. Adam Sterry (GBR, KTM), -1 lap(s); 29. Petr Polak (CZE, Yamaha), -1 lap(s); 30. Marcel Conijn (NED, Yamaha), -1 lap(s); 31. Nick Leerkes (NED, TM), -2 lap(s); 32. Mark Scheu (GER, Husqvarna), -2 lap(s); 33. Mike Bolink (NED, Yamaha), -2 lap(s); 34. Nikolaj Skovgaard (DEN, KTM), -2 lap(s); <strong>35. Thomas Vermijl (BEL, GASGAS), -2 lap(s)<\/strong>; 36. Michel Hoenson (NED, KTM), -2 lap(s); 37. Josh Gilbert (GBR, KTM), -10 lap(s); 38. Benoit Paturel (FRA, Yamaha), -14 lap(s); 39. Petar Petrov (BUL, Yamaha), -14 lap(s); 40. Kevin Brumann (SUI, Husqvarna), -17 lap(s);<\/p>\n<p>MANCHE 2<\/p>\n<p>1. Jeffrey Herlings (NED, KTM), 35:08.709; 2. Jorge Prado (ESP, GASGAS), +0:09.413; 3. Tim Gajser (SLO, Honda), +0:11.378; 4. Glenn Coldenhoff (NED, Fantic), +0:11.871; 5. Romain Febvre (FRA, Kawasaki), +0:25.059; 6. Jeremy Seewer (SUI, Kawasaki), +0:59.787; 7. Mattia Guadagnini (ITA, Husqvarna), +1:01.385; <strong>8. Brent Van doninck (BEL, Honda), +1:03.868<\/strong>; 9. Andrea Bonacorsi (ITA, Yamaha), +1:11.940; 10. Kevin Horgmo (NOR, Honda), +1:17.119; 11. Alberto Forato (ITA, Honda), +1:24.319; 12. Brian Bogers (NED, Fantic), +1:34.115; <strong>13. Jago Geerts (BEL, Yamaha), +1:39.297<\/strong>; 14. Conrad Mewse (GBR, Honda), +1:45.658; 15. Maximilian Spies (GER, KTM), +2:00.703; 16. Tom Koch (GER, KTM), -1 lap(s); 17. Jan Pancar (SLO, KTM), -1 lap(s); 18. Freek van der Vlist (NED, KTM), -1 lap(s); 19. Ivo Monticelli (ITA, Beta), -1 lap(s); 20. Adam Sterry (GBR, KTM), -1 lap(s); 21. Kevin Brumann (SUI, Husqvarna), -1 lap(s); 22. Josh Gilbert (GBR, KTM), -1 lap(s); 23. Petr Polak (CZE, Yamaha), -1 lap(s); 24. Mike Bolink (NED, Yamaha), -2 lap(s); 25. Nikolaj Skovgaard (DEN, KTM), -2 lap(s); 26. Mark Scheu (GER, Husqvarna), -2 lap(s); 27. Marcel Conijn (NED, Yamaha), -2 lap(s); <strong>28. Thomas Vermijl (BEL, GASGAS), -2 lap(s);<\/strong> 29. Michel Hoenson (NED, KTM), -2 lap(s); 30. Valentin Guillod (SUI, Honda), -3 lap(s); 31. Alvin \u00d6stlund (SWE, Honda), -8 lap(s); 32. Isak Gifting (SWE, Yamaha), -10 lap(s); 33. Cornelius Toendel (NOR, KTM), -11 lap(s); 34. Boris Blanken (NED, Fantic), -11 lap(s); 35. Petar Petrov (BUL, Yamaha), -12 lap(s); 36. Antonio Cairoli (ITA, Ducati), -13 lap(s); 37. Nick Leerkes (NED, TM), -13 lap(s); 38. Micha-Boy De Waal (NED, GASGAS), -17 lap(s);<\/p>\n<p>CLASSEMENT GENERAL MXGP<\/p>\n<p>1. Jeffrey Herlings (NED, KTM), 50 points; 2. Jorge Prado (ESP, GAS), 44 p.; 3. Tim Gajser (SLO, HON), 38 p.; 4. Glenn Coldenhoff (NED, FAN), 38 p.; 5. Romain Febvre (FRA, KAW), 32 p.; 6. Jeremy Seewer (SUI, KAW), 30 p.; 7. Andrea Bonacorsi (ITA, YAM), 26 p.; 8. Mattia Guadagnini (ITA, HUS), 24 p.; 9. Kevin Horgmo (NOR, HON), 24 p.; 10. Alberto Forato (ITA, HON), 22 p.; <strong>11. Jago Geerts (BEL, YAM), 19 p.<\/strong>; 12. Brian Bogers (NED, FAN), 18 p.;<strong> 13. Brent Van doninck (BEL, HON), 16 p.;<\/strong> 14. Maximilian Spies (GER, KTM), 10 p.; 15. Cornelius Toendel (NOR, KTM), 8 p.; 16. Conrad Mewse (GBR, HON), 7 p.; 17. Calvin Vlaanderen (NED, YAM), 7 p.; 18. Antonio Cairoli (ITA, DUC), 6 p.; 19. Tom Koch (GER, KTM), 5 p.; 20. Jan Pancar (SLO, KTM), 5 p.; 21. Valentin Guillod (SUI, HON), 5 p.; 22. Freek van der Vlist (NED, KTM), 3 p.; 23. Ivo Monticelli (ITA, BET), 2 p.; 24. Isak Gifting (SWE, YAM), 2 p.; 25. Adam Sterry (GBR, KTM), 1 p.; 26. Kevin Brumann (SUI, HUS), 0 p.; 27. Josh Gilbert (GBR, KTM), 0 p.; 28. Petr Polak (CZE, YAM), 0 p.; 29. Mike Bolink (NED, YAM), 0 p.; 30. Nikolaj Skovgaard (DEN, KTM), 0 p.; 31. Mark Scheu (GER, HUS), 0 p.; 32. Marcel Conijn (NED, YAM), 0 p.; <strong>33. Thomas Vermijl (BEL, GAS), 0 p<\/strong>.; 34. Michel Hoenson (NED, KTM), 0 p.; 35. Alvin \u00d6stlund (SWE, HON), 0 p.; 36. Boris Blanken (NED, FAN), 0 p.; 37. Petar Petrov (BUL, YAM), 0 p.; 38. Nick Leerkes (NED, TM), 0 p.; 39. Micha-Boy De Waal (NED, GAS), 0 p.; 40. Benoit Paturel (FRA, YAM), 0 p.;<\/p>\n<p>CLASSEMENT PROVISOIRE MXGP<\/p>\n<p>1. Tim Gajser (SLO, HON), 801 points; 2. Jorge Prado (ESP, GAS), 792 p.; 3. Jeffrey Herlings (NED, KTM), 766 p.; 4. Calvin Vlaanderen (NED, YAM), 550 p.; 5. Jeremy Seewer (SUI, KAW), 547 p.; 6. Glenn Coldenhoff (NED, FAN), 495 p.; 7. Romain Febvre (FRA, KAW), 492 p.; 8. Kevin Horgmo (NOR, HON), 359 p.; 9. Valentin Guillod (SUI, HON), 306 p.; 10. Brian Bogers (NED, FAN), 283 p.; 11. Pauls Jonass (LAT, HON), 274 p.; 12. Andrea Bonacorsi (ITA, YAM), 248 p.; 13. Mattia Guadagnini (ITA, HUS), 244 p.; 14. Jan Pancar (SLO, KTM), 207 p.; 15. Benoit Paturel (FRA, YAM), 197 p.; 16. Cornelius Toendel (NOR, KTM), 189 p.; 17. Isak Gifting (SWE, YAM), 159 p.; 18. Ben Watson (GBR, BET), 110 p.; 19. Tom Koch (GER, KTM), 99 p.; 20. Alvin \u00d6stlund (SWE, HON), 96 p.; 21. Ivo Monticelli (ITA, BET), 80 p.; <strong>22. Brent Van doninck (BEL, HON), 77 p.;<\/strong> 23. Maximilian Spies (GER, KTM), 67 p.; 24. Maxime Renaux (FRA, YAM), 63 p.; 25. Alberto Forato (ITA, HON), 62 p.; 26. Kevin Brumann (SUI, HUS), 34 p.; 27. Josh Gilbert (GBR, KTM), 29 p.; 28. Adam Sterry (GBR, KTM), 28 p.; 29. Yuki Okura (JPN, HON), 25 p.; 30. Conrad Mewse (GBR, HON), 21 p.; 31. Lionel Kerhoas (FRA, KTM), 20 p.; <strong>32. Jago Geerts (BEL, YAM), 19 p.;<\/strong> 33. Jere Haavisto (FIN, KTM), 18 p.; 34. Giuseppe Tropepe (ITA, HON), 15 p.; 35. Henry Jacobi (GER, KTM), 13 p.; 36. Tim Edberg (SWE, HON), 13 p.; 37. Antonio Cairoli (ITA, DUC), 10 p.; 38. Ander Valentin (ESP, YAM), 7 p.; 39. Emilio Scuteri (ITA, HON), 6 p.; 40. Tomas Kohut (SVK, KTM), 6 p.; 41. Yuri Quarti (ITA, HON), 6 p.; 42. Albin Gerhardsson (SWE, HUS), 6 p.; 43. Uldis Freibergs (LAT, GAS), 6 p.; 44. Jakub Teresak (CZE, HUS), 6 p.; 45. Todd Kellett (GBR, YAM), 5 p.; 46. Lars van Berkel (NED, HON), 5 p.; 47. Mark Scheu (GER, HUS), 5 p.; 48. Miguel Cordovez (ECU, YAM), 4 p.; 49. Noah Ludwig (GER, KTM), 4 p.; 50. Filippo Zonta (ITA, KTM), 4 p.; 51. Petar Petrov (BUL, YAM), 3 p.; 52. Fabio Aparecido dos Santos (BRA, YAM), 3 p.; 53. Cato Nickel (GER, HUS), 3 p.; 54. Simone Croci (ITA, HON), 3 p.; 55. Tomass Sileika (LAT, GAS), 3 p.; 56. Stefano Pezzuto (ITA, HON), 3 p.; 57. Freek van der Vlist (NED, KTM), 3 p.; 58. Anton Nagy (SWE, YAM), 3 p.; 59. Nicolas Rolando (URU, HUS), 2 p.; 60. Petr Polak (CZE, YAM), 2 p.; 61. Anton Gole (SWE, HUS), 2 p.; 62. Andres Benenaula (ECU, KAW), 1 p.; 63. Sergio Ignacio Villaronga Muga (CHI, HON), 1 p.; 64. Boris Blanken (NED, FAN), 1 p.; 65. Tristan Purdon (RSA, HUS), 1 p.;<\/p>\n","protected":false},"excerpt":{"rendered":"<p>Jeffrey Herlings s&rsquo;est impos\u00e9 ce dimanche devant son public, \u00e0 Arnhem, sur le GP des Pays-Bas, 16\u00e8me rendez-vous de la saison mondiale de motocross. Jorge Prado s&rsquo;est montr\u00e9 le plus [&#8230;]<\/p>\n","protected":false},"author":932,"featured_media":142358,"comment_status":"open","ping_status":"closed","sticky":false,"template":"","format":"standard","meta":{"footnotes":""},"categories":[55],"tags":[1463,77,969,947,568],"class_list":["post-142357","post","type-post","status-publish","format-standard","has-post-thumbnail","hentry","category-news-actualite","tag-arnhem","tag-jeffrey-herlings","tag-jorge-prado","tag-motocross","tag-mxgp"],"yoast_head":"<!-- This site is optimized with the Yoast SEO plugin v27.4 - https:\/\/yoast.com\/product\/yoast-seo-wordpress\/ -->\n<title>MXGP : Jeffrey Herlings remporte &quot;son&quot; GP \u00e0 Arnhem - Motocross - Enduro - Supermoto | MotocrossMag<\/title>\n<meta name=\"robots\" content=\"index, follow, max-snippet:-1, max-image-preview:large, max-video-preview:-1\" \/>\n<link rel=\"canonical\" href=\"https:\/\/fr.motocrossmag.be\/index.php\/2024\/08\/mxgp-jeffrey-herlings-remporte-son-gp-a-arnhem\/\" \/>\n<meta property=\"og:locale\" content=\"fr_FR\" \/>\n<meta property=\"og:type\" content=\"article\" \/>\n<meta property=\"og:title\" content=\"MXGP : Jeffrey Herlings remporte &quot;son&quot; GP \u00e0 Arnhem - Motocross - Enduro - Supermoto | MotocrossMag\" \/>\n<meta property=\"og:description\" content=\"Jeffrey Herlings s&rsquo;est impos\u00e9 ce dimanche devant son public, \u00e0 Arnhem, sur le GP des Pays-Bas, 16\u00e8me rendez-vous de la saison mondiale de motocross. Jorge Prado s&rsquo;est montr\u00e9 le plus [...]\" \/>\n<meta property=\"og:url\" content=\"https:\/\/fr.motocrossmag.be\/index.php\/2024\/08\/mxgp-jeffrey-herlings-remporte-son-gp-a-arnhem\/\" \/>\n<meta property=\"og:site_name\" content=\"Motocross - Enduro - Supermoto | MotocrossMag\" \/>\n<meta property=\"article:published_time\" content=\"2024-08-18T16:10:19+00:00\" \/>\n<meta property=\"og:image\" content=\"https:\/\/fr.motocrossmag.be\/wp-content\/uploads\/2024\/08\/624142_Herlings_MXGP_2024_R16_H9A5730_16th-Rd-MXGP-2024-_-Arnhem-_NED_.jpg\" \/>\n\t<meta property=\"og:image:width\" content=\"1200\" \/>\n\t<meta property=\"og:image:height\" content=\"800\" \/>\n\t<meta property=\"og:image:type\" content=\"image\/jpeg\" \/>\n<meta name=\"author\" content=\"oliviere\" \/>\n<meta name=\"twitter:card\" content=\"summary_large_image\" \/>\n<meta name=\"twitter:label1\" content=\"\u00c9crit par\" \/>\n\t<meta name=\"twitter:data1\" content=\"oliviere\" \/>\n\t<meta name=\"twitter:label2\" content=\"Dur\u00e9e de lecture estim\u00e9e\" \/>\n\t<meta name=\"twitter:data2\" content=\"1 minute\" \/>\n<script type=\"application\/ld+json\" class=\"yoast-schema-graph\">{\"@context\":\"https:\\\/\\\/schema.org\",\"@graph\":[{\"@type\":\"Article\",\"@id\":\"https:\\\/\\\/fr.motocrossmag.be\\\/index.php\\\/2024\\\/08\\\/mxgp-jeffrey-herlings-remporte-son-gp-a-arnhem\\\/#article\",\"isPartOf\":{\"@id\":\"https:\\\/\\\/fr.motocrossmag.be\\\/index.php\\\/2024\\\/08\\\/mxgp-jeffrey-herlings-remporte-son-gp-a-arnhem\\\/\"},\"author\":{\"name\":\"oliviere\",\"@id\":\"https:\\\/\\\/fr.motocrossmag.be\\\/#\\\/schema\\\/person\\\/11b47143d9f755babca2c9110e03235c\"},\"headline\":\"MXGP : Jeffrey Herlings remporte \u00ab\u00a0son\u00a0\u00bb GP \u00e0 Arnhem\",\"datePublished\":\"2024-08-18T16:10:19+00:00\",\"mainEntityOfPage\":{\"@id\":\"https:\\\/\\\/fr.motocrossmag.be\\\/index.php\\\/2024\\\/08\\\/mxgp-jeffrey-herlings-remporte-son-gp-a-arnhem\\\/\"},\"wordCount\":1251,\"commentCount\":0,\"image\":{\"@id\":\"https:\\\/\\\/fr.motocrossmag.be\\\/index.php\\\/2024\\\/08\\\/mxgp-jeffrey-herlings-remporte-son-gp-a-arnhem\\\/#primaryimage\"},\"thumbnailUrl\":\"https:\\\/\\\/fr.motocrossmag.be\\\/wp-content\\\/uploads\\\/2024\\\/08\\\/624142_Herlings_MXGP_2024_R16_H9A5730_16th-Rd-MXGP-2024-_-Arnhem-_NED_.jpg\",\"keywords\":[\"arnhem\",\"Jeffrey Herlings\",\"jorge prado\",\"Motocross\",\"MXGP\"],\"articleSection\":[\"News\"],\"inLanguage\":\"fr-FR\",\"potentialAction\":[{\"@type\":\"CommentAction\",\"name\":\"Comment\",\"target\":[\"https:\\\/\\\/fr.motocrossmag.be\\\/index.php\\\/2024\\\/08\\\/mxgp-jeffrey-herlings-remporte-son-gp-a-arnhem\\\/#respond\"]}]},{\"@type\":\"WebPage\",\"@id\":\"https:\\\/\\\/fr.motocrossmag.be\\\/index.php\\\/2024\\\/08\\\/mxgp-jeffrey-herlings-remporte-son-gp-a-arnhem\\\/\",\"url\":\"https:\\\/\\\/fr.motocrossmag.be\\\/index.php\\\/2024\\\/08\\\/mxgp-jeffrey-herlings-remporte-son-gp-a-arnhem\\\/\",\"name\":\"MXGP : Jeffrey Herlings remporte \\\"son\\\" GP \u00e0 Arnhem - Motocross - Enduro - Supermoto | MotocrossMag\",\"isPartOf\":{\"@id\":\"https:\\\/\\\/fr.motocrossmag.be\\\/#website\"},\"primaryImageOfPage\":{\"@id\":\"https:\\\/\\\/fr.motocrossmag.be\\\/index.php\\\/2024\\\/08\\\/mxgp-jeffrey-herlings-remporte-son-gp-a-arnhem\\\/#primaryimage\"},\"image\":{\"@id\":\"https:\\\/\\\/fr.motocrossmag.be\\\/index.php\\\/2024\\\/08\\\/mxgp-jeffrey-herlings-remporte-son-gp-a-arnhem\\\/#primaryimage\"},\"thumbnailUrl\":\"https:\\\/\\\/fr.motocrossmag.be\\\/wp-content\\\/uploads\\\/2024\\\/08\\\/624142_Herlings_MXGP_2024_R16_H9A5730_16th-Rd-MXGP-2024-_-Arnhem-_NED_.jpg\",\"datePublished\":\"2024-08-18T16:10:19+00:00\",\"author\":{\"@id\":\"https:\\\/\\\/fr.motocrossmag.be\\\/#\\\/schema\\\/person\\\/11b47143d9f755babca2c9110e03235c\"},\"breadcrumb\":{\"@id\":\"https:\\\/\\\/fr.motocrossmag.be\\\/index.php\\\/2024\\\/08\\\/mxgp-jeffrey-herlings-remporte-son-gp-a-arnhem\\\/#breadcrumb\"},\"inLanguage\":\"fr-FR\",\"potentialAction\":[{\"@type\":\"ReadAction\",\"target\":[\"https:\\\/\\\/fr.motocrossmag.be\\\/index.php\\\/2024\\\/08\\\/mxgp-jeffrey-herlings-remporte-son-gp-a-arnhem\\\/\"]}]},{\"@type\":\"ImageObject\",\"inLanguage\":\"fr-FR\",\"@id\":\"https:\\\/\\\/fr.motocrossmag.be\\\/index.php\\\/2024\\\/08\\\/mxgp-jeffrey-herlings-remporte-son-gp-a-arnhem\\\/#primaryimage\",\"url\":\"https:\\\/\\\/fr.motocrossmag.be\\\/wp-content\\\/uploads\\\/2024\\\/08\\\/624142_Herlings_MXGP_2024_R16_H9A5730_16th-Rd-MXGP-2024-_-Arnhem-_NED_.jpg\",\"contentUrl\":\"https:\\\/\\\/fr.motocrossmag.be\\\/wp-content\\\/uploads\\\/2024\\\/08\\\/624142_Herlings_MXGP_2024_R16_H9A5730_16th-Rd-MXGP-2024-_-Arnhem-_NED_.jpg\",\"width\":1200,\"height\":800},{\"@type\":\"BreadcrumbList\",\"@id\":\"https:\\\/\\\/fr.motocrossmag.be\\\/index.php\\\/2024\\\/08\\\/mxgp-jeffrey-herlings-remporte-son-gp-a-arnhem\\\/#breadcrumb\",\"itemListElement\":[{\"@type\":\"ListItem\",\"position\":1,\"name\":\"Accueil\",\"item\":\"https:\\\/\\\/fr.motocrossmag.be\\\/\"},{\"@type\":\"ListItem\",\"position\":2,\"name\":\"MXGP : Jeffrey Herlings remporte \u00ab\u00a0son\u00a0\u00bb GP \u00e0 Arnhem\"}]},{\"@type\":\"WebSite\",\"@id\":\"https:\\\/\\\/fr.motocrossmag.be\\\/#website\",\"url\":\"https:\\\/\\\/fr.motocrossmag.be\\\/\",\"name\":\"Motocross - Enduro - Supermoto | MotocrossMag\",\"description\":\"L&#039;actualit\u00e9 du motocross, de l&#039;enduro et du Supermoto en ligne!\",\"potentialAction\":[{\"@type\":\"SearchAction\",\"target\":{\"@type\":\"EntryPoint\",\"urlTemplate\":\"https:\\\/\\\/fr.motocrossmag.be\\\/?s={search_term_string}\"},\"query-input\":{\"@type\":\"PropertyValueSpecification\",\"valueRequired\":true,\"valueName\":\"search_term_string\"}}],\"inLanguage\":\"fr-FR\"},{\"@type\":\"Person\",\"@id\":\"https:\\\/\\\/fr.motocrossmag.be\\\/#\\\/schema\\\/person\\\/11b47143d9f755babca2c9110e03235c\",\"name\":\"oliviere\",\"image\":{\"@type\":\"ImageObject\",\"inLanguage\":\"fr-FR\",\"@id\":\"https:\\\/\\\/secure.gravatar.com\\\/avatar\\\/907069e0b81d119452040469e4a7501da1100f54f7f80180ce77bfab718288f6?s=96&d=mm&r=g\",\"url\":\"https:\\\/\\\/secure.gravatar.com\\\/avatar\\\/907069e0b81d119452040469e4a7501da1100f54f7f80180ce77bfab718288f6?s=96&d=mm&r=g\",\"contentUrl\":\"https:\\\/\\\/secure.gravatar.com\\\/avatar\\\/907069e0b81d119452040469e4a7501da1100f54f7f80180ce77bfab718288f6?s=96&d=mm&r=g\",\"caption\":\"oliviere\"},\"sameAs\":[\"http:\\\/\\\/www.motocrossmag.be\"],\"url\":\"https:\\\/\\\/fr.motocrossmag.be\\\/index.php\\\/author\\\/oliviere\\\/\"}]}<\/script>\n<!-- \/ Yoast SEO plugin. -->","yoast_head_json":{"title":"MXGP : Jeffrey Herlings remporte \"son\" GP \u00e0 Arnhem - Motocross - Enduro - Supermoto | MotocrossMag","robots":{"index":"index","follow":"follow","max-snippet":"max-snippet:-1","max-image-preview":"max-image-preview:large","max-video-preview":"max-video-preview:-1"},"canonical":"https:\/\/fr.motocrossmag.be\/index.php\/2024\/08\/mxgp-jeffrey-herlings-remporte-son-gp-a-arnhem\/","og_locale":"fr_FR","og_type":"article","og_title":"MXGP : Jeffrey Herlings remporte \"son\" GP \u00e0 Arnhem - Motocross - Enduro - Supermoto | MotocrossMag","og_description":"Jeffrey Herlings s&rsquo;est impos\u00e9 ce dimanche devant son public, \u00e0 Arnhem, sur le GP des Pays-Bas, 16\u00e8me rendez-vous de la saison mondiale de motocross. Jorge Prado s&rsquo;est montr\u00e9 le plus [...]","og_url":"https:\/\/fr.motocrossmag.be\/index.php\/2024\/08\/mxgp-jeffrey-herlings-remporte-son-gp-a-arnhem\/","og_site_name":"Motocross - Enduro - Supermoto | MotocrossMag","article_published_time":"2024-08-18T16:10:19+00:00","og_image":[{"width":1200,"height":800,"url":"https:\/\/fr.motocrossmag.be\/wp-content\/uploads\/2024\/08\/624142_Herlings_MXGP_2024_R16_H9A5730_16th-Rd-MXGP-2024-_-Arnhem-_NED_.jpg","type":"image\/jpeg"}],"author":"oliviere","twitter_card":"summary_large_image","twitter_misc":{"\u00c9crit par":"oliviere","Dur\u00e9e de lecture estim\u00e9e":"1 minute"},"schema":{"@context":"https:\/\/schema.org","@graph":[{"@type":"Article","@id":"https:\/\/fr.motocrossmag.be\/index.php\/2024\/08\/mxgp-jeffrey-herlings-remporte-son-gp-a-arnhem\/#article","isPartOf":{"@id":"https:\/\/fr.motocrossmag.be\/index.php\/2024\/08\/mxgp-jeffrey-herlings-remporte-son-gp-a-arnhem\/"},"author":{"name":"oliviere","@id":"https:\/\/fr.motocrossmag.be\/#\/schema\/person\/11b47143d9f755babca2c9110e03235c"},"headline":"MXGP : Jeffrey Herlings remporte \u00ab\u00a0son\u00a0\u00bb GP \u00e0 Arnhem","datePublished":"2024-08-18T16:10:19+00:00","mainEntityOfPage":{"@id":"https:\/\/fr.motocrossmag.be\/index.php\/2024\/08\/mxgp-jeffrey-herlings-remporte-son-gp-a-arnhem\/"},"wordCount":1251,"commentCount":0,"image":{"@id":"https:\/\/fr.motocrossmag.be\/index.php\/2024\/08\/mxgp-jeffrey-herlings-remporte-son-gp-a-arnhem\/#primaryimage"},"thumbnailUrl":"https:\/\/fr.motocrossmag.be\/wp-content\/uploads\/2024\/08\/624142_Herlings_MXGP_2024_R16_H9A5730_16th-Rd-MXGP-2024-_-Arnhem-_NED_.jpg","keywords":["arnhem","Jeffrey Herlings","jorge prado","Motocross","MXGP"],"articleSection":["News"],"inLanguage":"fr-FR","potentialAction":[{"@type":"CommentAction","name":"Comment","target":["https:\/\/fr.motocrossmag.be\/index.php\/2024\/08\/mxgp-jeffrey-herlings-remporte-son-gp-a-arnhem\/#respond"]}]},{"@type":"WebPage","@id":"https:\/\/fr.motocrossmag.be\/index.php\/2024\/08\/mxgp-jeffrey-herlings-remporte-son-gp-a-arnhem\/","url":"https:\/\/fr.motocrossmag.be\/index.php\/2024\/08\/mxgp-jeffrey-herlings-remporte-son-gp-a-arnhem\/","name":"MXGP : Jeffrey Herlings remporte \"son\" GP \u00e0 Arnhem - Motocross - Enduro - Supermoto | MotocrossMag","isPartOf":{"@id":"https:\/\/fr.motocrossmag.be\/#website"},"primaryImageOfPage":{"@id":"https:\/\/fr.motocrossmag.be\/index.php\/2024\/08\/mxgp-jeffrey-herlings-remporte-son-gp-a-arnhem\/#primaryimage"},"image":{"@id":"https:\/\/fr.motocrossmag.be\/index.php\/2024\/08\/mxgp-jeffrey-herlings-remporte-son-gp-a-arnhem\/#primaryimage"},"thumbnailUrl":"https:\/\/fr.motocrossmag.be\/wp-content\/uploads\/2024\/08\/624142_Herlings_MXGP_2024_R16_H9A5730_16th-Rd-MXGP-2024-_-Arnhem-_NED_.jpg","datePublished":"2024-08-18T16:10:19+00:00","author":{"@id":"https:\/\/fr.motocrossmag.be\/#\/schema\/person\/11b47143d9f755babca2c9110e03235c"},"breadcrumb":{"@id":"https:\/\/fr.motocrossmag.be\/index.php\/2024\/08\/mxgp-jeffrey-herlings-remporte-son-gp-a-arnhem\/#breadcrumb"},"inLanguage":"fr-FR","potentialAction":[{"@type":"ReadAction","target":["https:\/\/fr.motocrossmag.be\/index.php\/2024\/08\/mxgp-jeffrey-herlings-remporte-son-gp-a-arnhem\/"]}]},{"@type":"ImageObject","inLanguage":"fr-FR","@id":"https:\/\/fr.motocrossmag.be\/index.php\/2024\/08\/mxgp-jeffrey-herlings-remporte-son-gp-a-arnhem\/#primaryimage","url":"https:\/\/fr.motocrossmag.be\/wp-content\/uploads\/2024\/08\/624142_Herlings_MXGP_2024_R16_H9A5730_16th-Rd-MXGP-2024-_-Arnhem-_NED_.jpg","contentUrl":"https:\/\/fr.motocrossmag.be\/wp-content\/uploads\/2024\/08\/624142_Herlings_MXGP_2024_R16_H9A5730_16th-Rd-MXGP-2024-_-Arnhem-_NED_.jpg","width":1200,"height":800},{"@type":"BreadcrumbList","@id":"https:\/\/fr.motocrossmag.be\/index.php\/2024\/08\/mxgp-jeffrey-herlings-remporte-son-gp-a-arnhem\/#breadcrumb","itemListElement":[{"@type":"ListItem","position":1,"name":"Accueil","item":"https:\/\/fr.motocrossmag.be\/"},{"@type":"ListItem","position":2,"name":"MXGP : Jeffrey Herlings remporte \u00ab\u00a0son\u00a0\u00bb GP \u00e0 Arnhem"}]},{"@type":"WebSite","@id":"https:\/\/fr.motocrossmag.be\/#website","url":"https:\/\/fr.motocrossmag.be\/","name":"Motocross - Enduro - Supermoto | MotocrossMag","description":"L&#039;actualit\u00e9 du motocross, de l&#039;enduro et du Supermoto en ligne!","potentialAction":[{"@type":"SearchAction","target":{"@type":"EntryPoint","urlTemplate":"https:\/\/fr.motocrossmag.be\/?s={search_term_string}"},"query-input":{"@type":"PropertyValueSpecification","valueRequired":true,"valueName":"search_term_string"}}],"inLanguage":"fr-FR"},{"@type":"Person","@id":"https:\/\/fr.motocrossmag.be\/#\/schema\/person\/11b47143d9f755babca2c9110e03235c","name":"oliviere","image":{"@type":"ImageObject","inLanguage":"fr-FR","@id":"https:\/\/secure.gravatar.com\/avatar\/907069e0b81d119452040469e4a7501da1100f54f7f80180ce77bfab718288f6?s=96&d=mm&r=g","url":"https:\/\/secure.gravatar.com\/avatar\/907069e0b81d119452040469e4a7501da1100f54f7f80180ce77bfab718288f6?s=96&d=mm&r=g","contentUrl":"https:\/\/secure.gravatar.com\/avatar\/907069e0b81d119452040469e4a7501da1100f54f7f80180ce77bfab718288f6?s=96&d=mm&r=g","caption":"oliviere"},"sameAs":["http:\/\/www.motocrossmag.be"],"url":"https:\/\/fr.motocrossmag.be\/index.php\/author\/oliviere\/"}]}},"_links":{"self":[{"href":"https:\/\/fr.motocrossmag.be\/index.php\/wp-json\/wp\/v2\/posts\/142357","targetHints":{"allow":["GET"]}}],"collection":[{"href":"https:\/\/fr.motocrossmag.be\/index.php\/wp-json\/wp\/v2\/posts"}],"about":[{"href":"https:\/\/fr.motocrossmag.be\/index.php\/wp-json\/wp\/v2\/types\/post"}],"author":[{"embeddable":true,"href":"https:\/\/fr.motocrossmag.be\/index.php\/wp-json\/wp\/v2\/users\/932"}],"replies":[{"embeddable":true,"href":"https:\/\/fr.motocrossmag.be\/index.php\/wp-json\/wp\/v2\/comments?post=142357"}],"version-history":[{"count":1,"href":"https:\/\/fr.motocrossmag.be\/index.php\/wp-json\/wp\/v2\/posts\/142357\/revisions"}],"predecessor-version":[{"id":142359,"href":"https:\/\/fr.motocrossmag.be\/index.php\/wp-json\/wp\/v2\/posts\/142357\/revisions\/142359"}],"wp:featuredmedia":[{"embeddable":true,"href":"https:\/\/fr.motocrossmag.be\/index.php\/wp-json\/wp\/v2\/media\/142358"}],"wp:attachment":[{"href":"https:\/\/fr.motocrossmag.be\/index.php\/wp-json\/wp\/v2\/media?parent=142357"}],"wp:term":[{"taxonomy":"category","embeddable":true,"href":"https:\/\/fr.motocrossmag.be\/index.php\/wp-json\/wp\/v2\/categories?post=142357"},{"taxonomy":"post_tag","embeddable":true,"href":"https:\/\/fr.motocrossmag.be\/index.php\/wp-json\/wp\/v2\/tags?post=142357"}],"curies":[{"name":"wp","href":"https:\/\/api.w.org\/{rel}","templated":true}]}}