{"id":14300,"date":"2012-03-23T14:30:31","date_gmt":"2012-03-23T13:30:31","guid":{"rendered":"http:\/\/fr.motocrossmag.be\/?p=14300"},"modified":"2012-03-23T14:30:31","modified_gmt":"2012-03-23T13:30:31","slug":"video-interview-corentin-pochez-ce-sera-un-beau-championnat","status":"publish","type":"post","link":"https:\/\/fr.motocrossmag.be\/index.php\/2012\/03\/video-interview-corentin-pochez-ce-sera-un-beau-championnat\/","title":{"rendered":"Vid\u00e9o Interview Corentin Pochez | \u00ab\u00a0Ce sera un beau championnat!\u00a0\u00bb"},"content":{"rendered":"<p>Il est Fran\u00e7ais mais dispute le championnat de Belgique d&rsquo;enduro. Vainqueur de la cat\u00e9gorie \u00ab\u00a0Espoirs\u00a0\u00bb dimanche pass\u00e9 \u00e0\u00a0 Warnant apr\u00e8s une belle lutte avec Quentin Monfort, Corentin Pochez sera assur\u00e9ment un s\u00e9rieux candidat au titre dans la cat\u00e9gorie. M\u00eame si une s\u00e9lection pour la Coupe de France des r\u00e9gions l&rsquo;a priv\u00e9 de l&rsquo;\u00e9preuve d&rsquo;ouverture \u00e0\u00a0 Bilstain&#8230;<\/p>\n<p><iframe src=\"http:\/\/player.vimeo.com\/video\/39048021?title=0&amp;byline=0&amp;portrait=0\" width=\"500\" height=\"281\" frameborder=\"0\" webkitAllowFullScreen mozallowfullscreen allowFullScreen><\/iframe><\/p><div class=\"xwdcx6a971b1d1685e\" ><!-- \/91277017\/Inline-articles-mobile -->\n<div style=\"margin:auto; text-align:center !important\">\n<div id='div-gpt-ad-1784982661365-0' style='min-width: 250px; min-height: 75px;'>\n  <script>\n    googletag.cmd.push(function() { googletag.display('div-gpt-ad-1784982661365-0'); });\n  <\/script>\n<\/div><\/div><\/div><style type=\"text\/css\">\r\n.xwdcx6a971b1d1685e {\r\nmargin-bottom:30px;margin-top:20px\r\n}\r\n@media screen and (min-width: 1201px) {\r\n.xwdcx6a971b1d1685e {\r\ndisplay: block;\r\n}\r\n}\r\n@media screen and (min-width: 993px) and (max-width: 1200px) {\r\n.xwdcx6a971b1d1685e {\r\ndisplay: block;\r\n}\r\n}\r\n@media screen and (min-width: 769px) and (max-width: 992px) {\r\n.xwdcx6a971b1d1685e {\r\ndisplay: block;\r\n}\r\n}\r\n@media screen and (min-width: 768px) and (max-width: 768px) {\r\n.xwdcx6a971b1d1685e {\r\ndisplay: block;\r\n}\r\n}\r\n@media screen and (max-width: 767px) {\r\n.xwdcx6a971b1d1685e {\r\ndisplay: block;\r\n}\r\n}\r\n<\/style>\r\n\n","protected":false},"excerpt":{"rendered":"<p>Il est Fran\u00e7ais mais dispute le championnat de Belgique d&rsquo;enduro. Vainqueur de la cat\u00e9gorie \u00ab\u00a0Espoirs\u00a0\u00bb dimanche pass\u00e9 \u00e0\u00a0 Warnant apr\u00e8s une belle lutte avec Quentin Monfort, Corentin Pochez sera assur\u00e9ment un s\u00e9rieux candidat au titre dans la cat\u00e9gorie. M\u00eame si une s\u00e9lection pour la Coupe de France des r\u00e9gions l&rsquo;a priv\u00e9 de l&rsquo;\u00e9preuve d&rsquo;ouverture \u00e0\u00a0 [&hellip;]<\/p>\n","protected":false},"author":932,"featured_media":0,"comment_status":"open","ping_status":"closed","sticky":false,"template":"","format":"standard","meta":{"tdm_status":"","tdm_grid_status":"","footnotes":""},"categories":[54,32,36,58],"tags":[],"class_list":["post-14300","post","type-post","status-publish","format-standard","category-actualite","category-enduro","category-interviews-enduro","category-interviews-actualite"],"yoast_head":"<!-- This site is optimized with the Yoast SEO plugin v28.3 - https:\/\/yoast.com\/product\/yoast-seo-wordpress\/ -->\n<title>Vid\u00e9o Interview Corentin Pochez | &quot;Ce sera un beau championnat!&quot; - Motocross - Enduro - Supermoto | MotocrossMag<\/title>\n<meta name=\"robots\" content=\"index, follow, max-snippet:-1, max-image-preview:large, max-video-preview:-1\" \/>\n<link rel=\"canonical\" href=\"https:\/\/fr.motocrossmag.be\/index.php\/2012\/03\/video-interview-corentin-pochez-ce-sera-un-beau-championnat\/\" \/>\n<meta property=\"og:locale\" content=\"fr_FR\" \/>\n<meta property=\"og:type\" content=\"article\" \/>\n<meta property=\"og:title\" content=\"Vid\u00e9o Interview Corentin Pochez | &quot;Ce sera un beau championnat!&quot; - Motocross - Enduro - Supermoto | MotocrossMag\" \/>\n<meta property=\"og:description\" content=\"Il est Fran\u00e7ais mais dispute le championnat de Belgique d&rsquo;enduro. Vainqueur de la cat\u00e9gorie \u00ab\u00a0Espoirs\u00a0\u00bb dimanche pass\u00e9 \u00e0\u00a0 Warnant apr\u00e8s une belle lutte avec Quentin Monfort, Corentin Pochez sera assur\u00e9ment un s\u00e9rieux candidat au titre dans la cat\u00e9gorie. M\u00eame si une s\u00e9lection pour la Coupe de France des r\u00e9gions l&rsquo;a priv\u00e9 de l&rsquo;\u00e9preuve d&rsquo;ouverture \u00e0\u00a0 [&hellip;]\" \/>\n<meta property=\"og:url\" content=\"https:\/\/fr.motocrossmag.be\/index.php\/2012\/03\/video-interview-corentin-pochez-ce-sera-un-beau-championnat\/\" \/>\n<meta property=\"og:site_name\" content=\"Motocross - Enduro - Supermoto | MotocrossMag\" \/>\n<meta property=\"article:published_time\" content=\"2012-03-23T13:30:31+00:00\" \/>\n<meta name=\"author\" content=\"oliviere\" \/>\n<meta name=\"twitter:card\" content=\"summary_large_image\" \/>\n<meta name=\"twitter:label1\" content=\"\u00c9crit par\" \/>\n\t<meta name=\"twitter:data1\" content=\"oliviere\" \/>\n<script type=\"application\/ld+json\" class=\"yoast-schema-graph\">{\"@context\":\"https:\\\/\\\/schema.org\",\"@graph\":[{\"@type\":\"Article\",\"@id\":\"https:\\\/\\\/fr.motocrossmag.be\\\/index.php\\\/2012\\\/03\\\/video-interview-corentin-pochez-ce-sera-un-beau-championnat\\\/#article\",\"isPartOf\":{\"@id\":\"https:\\\/\\\/fr.motocrossmag.be\\\/index.php\\\/2012\\\/03\\\/video-interview-corentin-pochez-ce-sera-un-beau-championnat\\\/\"},\"author\":{\"name\":\"oliviere\",\"@id\":\"https:\\\/\\\/fr.motocrossmag.be\\\/#\\\/schema\\\/person\\\/11b47143d9f755babca2c9110e03235c\"},\"headline\":\"Vid\u00e9o Interview Corentin Pochez | \u00ab\u00a0Ce sera un beau championnat!\u00a0\u00bb\",\"datePublished\":\"2012-03-23T13:30:31+00:00\",\"mainEntityOfPage\":{\"@id\":\"https:\\\/\\\/fr.motocrossmag.be\\\/index.php\\\/2012\\\/03\\\/video-interview-corentin-pochez-ce-sera-un-beau-championnat\\\/\"},\"wordCount\":77,\"commentCount\":0,\"articleSection\":[\"Actualit\u00e9\",\"Enduro\",\"Interviews\",\"Interviews -all\"],\"inLanguage\":\"fr-FR\",\"potentialAction\":[{\"@type\":\"CommentAction\",\"name\":\"Comment\",\"target\":[\"https:\\\/\\\/fr.motocrossmag.be\\\/index.php\\\/2012\\\/03\\\/video-interview-corentin-pochez-ce-sera-un-beau-championnat\\\/#respond\"]}]},{\"@type\":\"WebPage\",\"@id\":\"https:\\\/\\\/fr.motocrossmag.be\\\/index.php\\\/2012\\\/03\\\/video-interview-corentin-pochez-ce-sera-un-beau-championnat\\\/\",\"url\":\"https:\\\/\\\/fr.motocrossmag.be\\\/index.php\\\/2012\\\/03\\\/video-interview-corentin-pochez-ce-sera-un-beau-championnat\\\/\",\"name\":\"Vid\u00e9o Interview Corentin Pochez | \\\"Ce sera un beau championnat!\\\" - Motocross - Enduro - Supermoto | MotocrossMag\",\"isPartOf\":{\"@id\":\"https:\\\/\\\/fr.motocrossmag.be\\\/#website\"},\"datePublished\":\"2012-03-23T13:30:31+00:00\",\"author\":{\"@id\":\"https:\\\/\\\/fr.motocrossmag.be\\\/#\\\/schema\\\/person\\\/11b47143d9f755babca2c9110e03235c\"},\"breadcrumb\":{\"@id\":\"https:\\\/\\\/fr.motocrossmag.be\\\/index.php\\\/2012\\\/03\\\/video-interview-corentin-pochez-ce-sera-un-beau-championnat\\\/#breadcrumb\"},\"inLanguage\":\"fr-FR\",\"potentialAction\":[{\"@type\":\"ReadAction\",\"target\":[\"https:\\\/\\\/fr.motocrossmag.be\\\/index.php\\\/2012\\\/03\\\/video-interview-corentin-pochez-ce-sera-un-beau-championnat\\\/\"]}]},{\"@type\":\"BreadcrumbList\",\"@id\":\"https:\\\/\\\/fr.motocrossmag.be\\\/index.php\\\/2012\\\/03\\\/video-interview-corentin-pochez-ce-sera-un-beau-championnat\\\/#breadcrumb\",\"itemListElement\":[{\"@type\":\"ListItem\",\"position\":1,\"name\":\"Accueil\",\"item\":\"https:\\\/\\\/fr.motocrossmag.be\\\/\"},{\"@type\":\"ListItem\",\"position\":2,\"name\":\"Vid\u00e9o Interview Corentin Pochez | \u00ab\u00a0Ce sera un beau championnat!\u00a0\u00bb\"}]},{\"@type\":\"WebSite\",\"@id\":\"https:\\\/\\\/fr.motocrossmag.be\\\/#website\",\"url\":\"https:\\\/\\\/fr.motocrossmag.be\\\/\",\"name\":\"Motocross - Enduro - Supermoto | MotocrossMag\",\"description\":\"L&#039;actualit\u00e9 du motocross, de l&#039;enduro et du Supermoto en ligne!\",\"potentialAction\":[{\"@type\":\"SearchAction\",\"target\":{\"@type\":\"EntryPoint\",\"urlTemplate\":\"https:\\\/\\\/fr.motocrossmag.be\\\/?s={search_term_string}\"},\"query-input\":{\"@type\":\"PropertyValueSpecification\",\"valueRequired\":true,\"valueName\":\"search_term_string\"}}],\"inLanguage\":\"fr-FR\"},{\"@type\":\"Person\",\"@id\":\"https:\\\/\\\/fr.motocrossmag.be\\\/#\\\/schema\\\/person\\\/11b47143d9f755babca2c9110e03235c\",\"name\":\"oliviere\",\"image\":{\"@type\":\"ImageObject\",\"inLanguage\":\"fr-FR\",\"@id\":\"https:\\\/\\\/secure.gravatar.com\\\/avatar\\\/907069e0b81d119452040469e4a7501da1100f54f7f80180ce77bfab718288f6?s=96&d=mm&r=g\",\"url\":\"https:\\\/\\\/secure.gravatar.com\\\/avatar\\\/907069e0b81d119452040469e4a7501da1100f54f7f80180ce77bfab718288f6?s=96&d=mm&r=g\",\"contentUrl\":\"https:\\\/\\\/secure.gravatar.com\\\/avatar\\\/907069e0b81d119452040469e4a7501da1100f54f7f80180ce77bfab718288f6?s=96&d=mm&r=g\",\"caption\":\"oliviere\"},\"sameAs\":[\"http:\\\/\\\/www.motocrossmag.be\"],\"url\":\"https:\\\/\\\/fr.motocrossmag.be\\\/index.php\\\/author\\\/oliviere\\\/\"}]}<\/script>\n<!-- \/ Yoast SEO plugin. -->","yoast_head_json":{"title":"Vid\u00e9o Interview Corentin Pochez | \"Ce sera un beau championnat!\" - Motocross - Enduro - Supermoto | MotocrossMag","robots":{"index":"index","follow":"follow","max-snippet":"max-snippet:-1","max-image-preview":"max-image-preview:large","max-video-preview":"max-video-preview:-1"},"canonical":"https:\/\/fr.motocrossmag.be\/index.php\/2012\/03\/video-interview-corentin-pochez-ce-sera-un-beau-championnat\/","og_locale":"fr_FR","og_type":"article","og_title":"Vid\u00e9o Interview Corentin Pochez | \"Ce sera un beau championnat!\" - Motocross - Enduro - Supermoto | MotocrossMag","og_description":"Il est Fran\u00e7ais mais dispute le championnat de Belgique d&rsquo;enduro. Vainqueur de la cat\u00e9gorie \u00ab\u00a0Espoirs\u00a0\u00bb dimanche pass\u00e9 \u00e0\u00a0 Warnant apr\u00e8s une belle lutte avec Quentin Monfort, Corentin Pochez sera assur\u00e9ment un s\u00e9rieux candidat au titre dans la cat\u00e9gorie. M\u00eame si une s\u00e9lection pour la Coupe de France des r\u00e9gions l&rsquo;a priv\u00e9 de l&rsquo;\u00e9preuve d&rsquo;ouverture \u00e0\u00a0 [&hellip;]","og_url":"https:\/\/fr.motocrossmag.be\/index.php\/2012\/03\/video-interview-corentin-pochez-ce-sera-un-beau-championnat\/","og_site_name":"Motocross - Enduro - Supermoto | MotocrossMag","article_published_time":"2012-03-23T13:30:31+00:00","author":"oliviere","twitter_card":"summary_large_image","twitter_misc":{"\u00c9crit par":"oliviere"},"schema":{"@context":"https:\/\/schema.org","@graph":[{"@type":"Article","@id":"https:\/\/fr.motocrossmag.be\/index.php\/2012\/03\/video-interview-corentin-pochez-ce-sera-un-beau-championnat\/#article","isPartOf":{"@id":"https:\/\/fr.motocrossmag.be\/index.php\/2012\/03\/video-interview-corentin-pochez-ce-sera-un-beau-championnat\/"},"author":{"name":"oliviere","@id":"https:\/\/fr.motocrossmag.be\/#\/schema\/person\/11b47143d9f755babca2c9110e03235c"},"headline":"Vid\u00e9o Interview Corentin Pochez | \u00ab\u00a0Ce sera un beau championnat!\u00a0\u00bb","datePublished":"2012-03-23T13:30:31+00:00","mainEntityOfPage":{"@id":"https:\/\/fr.motocrossmag.be\/index.php\/2012\/03\/video-interview-corentin-pochez-ce-sera-un-beau-championnat\/"},"wordCount":77,"commentCount":0,"articleSection":["Actualit\u00e9","Enduro","Interviews","Interviews -all"],"inLanguage":"fr-FR","potentialAction":[{"@type":"CommentAction","name":"Comment","target":["https:\/\/fr.motocrossmag.be\/index.php\/2012\/03\/video-interview-corentin-pochez-ce-sera-un-beau-championnat\/#respond"]}]},{"@type":"WebPage","@id":"https:\/\/fr.motocrossmag.be\/index.php\/2012\/03\/video-interview-corentin-pochez-ce-sera-un-beau-championnat\/","url":"https:\/\/fr.motocrossmag.be\/index.php\/2012\/03\/video-interview-corentin-pochez-ce-sera-un-beau-championnat\/","name":"Vid\u00e9o Interview Corentin Pochez | \"Ce sera un beau championnat!\" - Motocross - Enduro - Supermoto | MotocrossMag","isPartOf":{"@id":"https:\/\/fr.motocrossmag.be\/#website"},"datePublished":"2012-03-23T13:30:31+00:00","author":{"@id":"https:\/\/fr.motocrossmag.be\/#\/schema\/person\/11b47143d9f755babca2c9110e03235c"},"breadcrumb":{"@id":"https:\/\/fr.motocrossmag.be\/index.php\/2012\/03\/video-interview-corentin-pochez-ce-sera-un-beau-championnat\/#breadcrumb"},"inLanguage":"fr-FR","potentialAction":[{"@type":"ReadAction","target":["https:\/\/fr.motocrossmag.be\/index.php\/2012\/03\/video-interview-corentin-pochez-ce-sera-un-beau-championnat\/"]}]},{"@type":"BreadcrumbList","@id":"https:\/\/fr.motocrossmag.be\/index.php\/2012\/03\/video-interview-corentin-pochez-ce-sera-un-beau-championnat\/#breadcrumb","itemListElement":[{"@type":"ListItem","position":1,"name":"Accueil","item":"https:\/\/fr.motocrossmag.be\/"},{"@type":"ListItem","position":2,"name":"Vid\u00e9o Interview Corentin Pochez | \u00ab\u00a0Ce sera un beau championnat!\u00a0\u00bb"}]},{"@type":"WebSite","@id":"https:\/\/fr.motocrossmag.be\/#website","url":"https:\/\/fr.motocrossmag.be\/","name":"Motocross - Enduro - Supermoto | MotocrossMag","description":"L&#039;actualit\u00e9 du motocross, de l&#039;enduro et du Supermoto en ligne!","potentialAction":[{"@type":"SearchAction","target":{"@type":"EntryPoint","urlTemplate":"https:\/\/fr.motocrossmag.be\/?s={search_term_string}"},"query-input":{"@type":"PropertyValueSpecification","valueRequired":true,"valueName":"search_term_string"}}],"inLanguage":"fr-FR"},{"@type":"Person","@id":"https:\/\/fr.motocrossmag.be\/#\/schema\/person\/11b47143d9f755babca2c9110e03235c","name":"oliviere","image":{"@type":"ImageObject","inLanguage":"fr-FR","@id":"https:\/\/secure.gravatar.com\/avatar\/907069e0b81d119452040469e4a7501da1100f54f7f80180ce77bfab718288f6?s=96&d=mm&r=g","url":"https:\/\/secure.gravatar.com\/avatar\/907069e0b81d119452040469e4a7501da1100f54f7f80180ce77bfab718288f6?s=96&d=mm&r=g","contentUrl":"https:\/\/secure.gravatar.com\/avatar\/907069e0b81d119452040469e4a7501da1100f54f7f80180ce77bfab718288f6?s=96&d=mm&r=g","caption":"oliviere"},"sameAs":["http:\/\/www.motocrossmag.be"],"url":"https:\/\/fr.motocrossmag.be\/index.php\/author\/oliviere\/"}]}},"_links":{"self":[{"href":"https:\/\/fr.motocrossmag.be\/index.php\/wp-json\/wp\/v2\/posts\/14300","targetHints":{"allow":["GET"]}}],"collection":[{"href":"https:\/\/fr.motocrossmag.be\/index.php\/wp-json\/wp\/v2\/posts"}],"about":[{"href":"https:\/\/fr.motocrossmag.be\/index.php\/wp-json\/wp\/v2\/types\/post"}],"author":[{"embeddable":true,"href":"https:\/\/fr.motocrossmag.be\/index.php\/wp-json\/wp\/v2\/users\/932"}],"replies":[{"embeddable":true,"href":"https:\/\/fr.motocrossmag.be\/index.php\/wp-json\/wp\/v2\/comments?post=14300"}],"version-history":[{"count":0,"href":"https:\/\/fr.motocrossmag.be\/index.php\/wp-json\/wp\/v2\/posts\/14300\/revisions"}],"wp:attachment":[{"href":"https:\/\/fr.motocrossmag.be\/index.php\/wp-json\/wp\/v2\/media?parent=14300"}],"wp:term":[{"taxonomy":"category","embeddable":true,"href":"https:\/\/fr.motocrossmag.be\/index.php\/wp-json\/wp\/v2\/categories?post=14300"},{"taxonomy":"post_tag","embeddable":true,"href":"https:\/\/fr.motocrossmag.be\/index.php\/wp-json\/wp\/v2\/tags?post=14300"}],"curies":[{"name":"wp","href":"https:\/\/api.w.org\/{rel}","templated":true}]}}