{"id":14441,"date":"2012-04-06T23:37:07","date_gmt":"2012-04-06T22:37:07","guid":{"rendered":"http:\/\/fr.motocrossmag.be\/?p=14441"},"modified":"2012-04-06T23:37:07","modified_gmt":"2012-04-06T22:37:07","slug":"galerie-photos-keeno-presente-ses-nouvelles-couleurs","status":"publish","type":"post","link":"https:\/\/fr.motocrossmag.be\/index.php\/2012\/04\/galerie-photos-keeno-presente-ses-nouvelles-couleurs\/","title":{"rendered":"Galerie photos | Keeno pr\u00e9sente ses nouvelles couleurs"},"content":{"rendered":"<p>La nouvelle de la semaine fut incontestablement le transfert de Ken De Dycker de Honda\/LS Motors vers le team Red Bull\/KTM. Keeno avait h\u00e0\u00a2te de pr\u00e9senter \u00e0\u00a0 la presse et \u00e0\u00a0 ses partenaires ses nouvelles couleurs. Il les avait donc convi\u00e9 ce jeudi \u00e0\u00a0 une soir\u00e9e au cours de laquelle il est logiquement apparu tout d&rsquo;orange v\u00e9tu pour faire part de ses ambitions et de la motivation nouvelle qui l&rsquo;anime pour la saison \u00e0\u00a0 venir.<\/p>\n<p><a class=\"shutterset_set_240\" title=\" \" rel=\"lightbox dia=1\" href=\"http:\/\/nl.motocrossmag.be\/wp-content\/gallery\/keenopresentation\/OSS012_0.jpg\"><img decoding=\"async\" title=\"OSS012_0\" src=\"http:\/\/nl.motocrossmag.be\/wp-content\/gallery\/keenopresentation\/thumbs\/thumbs_OSS012_0.jpg\" alt=\"OSS012_0\" width=\"100\" height=\"75\" \/> <\/a> <a class=\"shutterset_set_240\" title=\" \" rel=\"lightbox dia=1\" href=\"http:\/\/nl.motocrossmag.be\/wp-content\/gallery\/keenopresentation\/OSS012_1.jpg\"> <img decoding=\"async\" title=\"OSS012_1\" src=\"http:\/\/nl.motocrossmag.be\/wp-content\/gallery\/keenopresentation\/thumbs\/thumbs_OSS012_1.jpg\" alt=\"OSS012_1\" width=\"100\" height=\"75\" \/> <\/a> <a class=\"shutterset_set_240\" title=\" \" rel=\"lightbox dia=1\" href=\"http:\/\/nl.motocrossmag.be\/wp-content\/gallery\/keenopresentation\/OSS012_10.jpg\"> <img decoding=\"async\" title=\"OSS012_10\" src=\"http:\/\/nl.motocrossmag.be\/wp-content\/gallery\/keenopresentation\/thumbs\/thumbs_OSS012_10.jpg\" alt=\"OSS012_10\" width=\"100\" height=\"75\" \/> <\/a> <a class=\"shutterset_set_240\" title=\" \" rel=\"lightbox dia=1\" href=\"http:\/\/nl.motocrossmag.be\/wp-content\/gallery\/keenopresentation\/OSS012_11.jpg\"> <img decoding=\"async\" title=\"OSS012_11\" src=\"http:\/\/nl.motocrossmag.be\/wp-content\/gallery\/keenopresentation\/thumbs\/thumbs_OSS012_11.jpg\" alt=\"OSS012_11\" width=\"100\" height=\"75\" \/> <\/a> <a class=\"shutterset_set_240\" title=\" \" rel=\"lightbox dia=1\" href=\"http:\/\/nl.motocrossmag.be\/wp-content\/gallery\/keenopresentation\/OSS012_12.jpg\"> <img decoding=\"async\" title=\"OSS012_12\" src=\"http:\/\/nl.motocrossmag.be\/wp-content\/gallery\/keenopresentation\/thumbs\/thumbs_OSS012_12.jpg\" alt=\"OSS012_12\" width=\"100\" height=\"75\" \/> <\/a> <a class=\"shutterset_set_240\" title=\" \" rel=\"lightbox dia=1\" href=\"http:\/\/nl.motocrossmag.be\/wp-content\/gallery\/keenopresentation\/OSS012_13.jpg\"> <img decoding=\"async\" title=\"OSS012_13\" src=\"http:\/\/nl.motocrossmag.be\/wp-content\/gallery\/keenopresentation\/thumbs\/thumbs_OSS012_13.jpg\" alt=\"OSS012_13\" width=\"100\" height=\"75\" \/> <\/a> <a class=\"shutterset_set_240\" title=\" \" rel=\"lightbox dia=1\" href=\"http:\/\/nl.motocrossmag.be\/wp-content\/gallery\/keenopresentation\/OSS012_14.jpg\"> <img decoding=\"async\" title=\"OSS012_14\" src=\"http:\/\/nl.motocrossmag.be\/wp-content\/gallery\/keenopresentation\/thumbs\/thumbs_OSS012_14.jpg\" alt=\"OSS012_14\" width=\"100\" height=\"75\" \/> <\/a> <a class=\"shutterset_set_240\" title=\" \" rel=\"lightbox dia=1\" href=\"http:\/\/nl.motocrossmag.be\/wp-content\/gallery\/keenopresentation\/OSS012_15.jpg\"> <img decoding=\"async\" title=\"OSS012_15\" src=\"http:\/\/nl.motocrossmag.be\/wp-content\/gallery\/keenopresentation\/thumbs\/thumbs_OSS012_15.jpg\" alt=\"OSS012_15\" width=\"100\" height=\"75\" \/> <\/a> <a class=\"shutterset_set_240\" title=\" \" rel=\"lightbox dia=1\" href=\"http:\/\/nl.motocrossmag.be\/wp-content\/gallery\/keenopresentation\/OSS012_16.jpg\"> <img decoding=\"async\" title=\"OSS012_16\" src=\"http:\/\/nl.motocrossmag.be\/wp-content\/gallery\/keenopresentation\/thumbs\/thumbs_OSS012_16.jpg\" alt=\"OSS012_16\" width=\"100\" height=\"75\" \/> <\/a> <a class=\"shutterset_set_240\" title=\" \" rel=\"lightbox dia=1\" href=\"http:\/\/nl.motocrossmag.be\/wp-content\/gallery\/keenopresentation\/OSS012_17.jpg\"> <img decoding=\"async\" title=\"OSS012_17\" src=\"http:\/\/nl.motocrossmag.be\/wp-content\/gallery\/keenopresentation\/thumbs\/thumbs_OSS012_17.jpg\" alt=\"OSS012_17\" width=\"100\" height=\"75\" \/> <\/a> <a class=\"shutterset_set_240\" title=\" \" rel=\"lightbox dia=1\" href=\"http:\/\/nl.motocrossmag.be\/wp-content\/gallery\/keenopresentation\/OSS012_18.jpg\"> <img decoding=\"async\" title=\"OSS012_18\" src=\"http:\/\/nl.motocrossmag.be\/wp-content\/gallery\/keenopresentation\/thumbs\/thumbs_OSS012_18.jpg\" alt=\"OSS012_18\" width=\"100\" height=\"75\" \/> <\/a> <a class=\"shutterset_set_240\" title=\" \" rel=\"lightbox dia=1\" href=\"http:\/\/nl.motocrossmag.be\/wp-content\/gallery\/keenopresentation\/OSS012_19.jpg\"> <img decoding=\"async\" title=\"OSS012_19\" src=\"http:\/\/nl.motocrossmag.be\/wp-content\/gallery\/keenopresentation\/thumbs\/thumbs_OSS012_19.jpg\" alt=\"OSS012_19\" width=\"100\" height=\"75\" \/> <\/a> <a class=\"shutterset_set_240\" title=\" \" rel=\"lightbox dia=1\" href=\"http:\/\/nl.motocrossmag.be\/wp-content\/gallery\/keenopresentation\/OSS012_2.jpg\"> <img decoding=\"async\" title=\"OSS012_2\" src=\"http:\/\/nl.motocrossmag.be\/wp-content\/gallery\/keenopresentation\/thumbs\/thumbs_OSS012_2.jpg\" alt=\"OSS012_2\" width=\"100\" height=\"75\" \/> <\/a> <a class=\"shutterset_set_240\" title=\" \" rel=\"lightbox dia=1\" href=\"http:\/\/nl.motocrossmag.be\/wp-content\/gallery\/keenopresentation\/OSS012_20.jpg\"> <img decoding=\"async\" title=\"OSS012_20\" src=\"http:\/\/nl.motocrossmag.be\/wp-content\/gallery\/keenopresentation\/thumbs\/thumbs_OSS012_20.jpg\" alt=\"OSS012_20\" width=\"100\" height=\"75\" \/> <\/a> <a class=\"shutterset_set_240\" title=\" \" rel=\"lightbox dia=1\" href=\"http:\/\/nl.motocrossmag.be\/wp-content\/gallery\/keenopresentation\/OSS012_21.jpg\"> <img decoding=\"async\" title=\"OSS012_21\" src=\"http:\/\/nl.motocrossmag.be\/wp-content\/gallery\/keenopresentation\/thumbs\/thumbs_OSS012_21.jpg\" alt=\"OSS012_21\" width=\"100\" height=\"75\" \/> <\/a> <a class=\"shutterset_set_240\" title=\" \" rel=\"lightbox dia=1\" href=\"http:\/\/nl.motocrossmag.be\/wp-content\/gallery\/keenopresentation\/OSS012_3.jpg\"> <img decoding=\"async\" title=\"OSS012_3\" src=\"http:\/\/nl.motocrossmag.be\/wp-content\/gallery\/keenopresentation\/thumbs\/thumbs_OSS012_3.jpg\" alt=\"OSS012_3\" width=\"100\" height=\"75\" \/> <\/a> <a class=\"shutterset_set_240\" title=\" \" rel=\"lightbox dia=1\" href=\"http:\/\/nl.motocrossmag.be\/wp-content\/gallery\/keenopresentation\/OSS012_4.jpg\"> <img decoding=\"async\" title=\"OSS012_4\" src=\"http:\/\/nl.motocrossmag.be\/wp-content\/gallery\/keenopresentation\/thumbs\/thumbs_OSS012_4.jpg\" alt=\"OSS012_4\" width=\"100\" height=\"75\" \/> <\/a> <a class=\"shutterset_set_240\" title=\" \" rel=\"lightbox dia=1\" href=\"http:\/\/nl.motocrossmag.be\/wp-content\/gallery\/keenopresentation\/OSS012_5.jpg\"> <img decoding=\"async\" title=\"OSS012_5\" src=\"http:\/\/nl.motocrossmag.be\/wp-content\/gallery\/keenopresentation\/thumbs\/thumbs_OSS012_5.jpg\" alt=\"OSS012_5\" width=\"100\" height=\"75\" \/> <\/a> <a class=\"shutterset_set_240\" title=\" \" rel=\"lightbox dia=1\" href=\"http:\/\/nl.motocrossmag.be\/wp-content\/gallery\/keenopresentation\/OSS012_6.jpg\"> <img decoding=\"async\" title=\"OSS012_6\" src=\"http:\/\/nl.motocrossmag.be\/wp-content\/gallery\/keenopresentation\/thumbs\/thumbs_OSS012_6.jpg\" alt=\"OSS012_6\" width=\"100\" height=\"75\" \/> <\/a> <a class=\"shutterset_set_240\" title=\" \" rel=\"lightbox dia=1\" href=\"http:\/\/nl.motocrossmag.be\/wp-content\/gallery\/keenopresentation\/OSS012_7.jpg\"> <img decoding=\"async\" title=\"OSS012_7\" src=\"http:\/\/nl.motocrossmag.be\/wp-content\/gallery\/keenopresentation\/thumbs\/thumbs_OSS012_7.jpg\" alt=\"OSS012_7\" width=\"100\" height=\"75\" \/> <\/a> <a class=\"shutterset_set_240\" title=\" \" rel=\"lightbox dia=1\" href=\"http:\/\/nl.motocrossmag.be\/wp-content\/gallery\/keenopresentation\/OSS012_8.jpg\"> <img decoding=\"async\" title=\"OSS012_8\" src=\"http:\/\/nl.motocrossmag.be\/wp-content\/gallery\/keenopresentation\/thumbs\/thumbs_OSS012_8.jpg\" alt=\"OSS012_8\" width=\"100\" height=\"75\" \/> <\/a> <a class=\"shutterset_set_240\" title=\" \" rel=\"lightbox dia=1\" href=\"http:\/\/nl.motocrossmag.be\/wp-content\/gallery\/keenopresentation\/OSS012_9.jpg\"> <img decoding=\"async\" title=\"OSS012_9\" src=\"http:\/\/nl.motocrossmag.be\/wp-content\/gallery\/keenopresentation\/thumbs\/thumbs_OSS012_9.jpg\" alt=\"OSS012_9\" width=\"100\" height=\"75\" \/><\/a><a class=\"shutterset_set_240\" title=\" \" rel=\"lightbox dia=1\" href=\"http:\/\/nl.motocrossmag.be\/wp-content\/gallery\/keenopresentation\/OSS012_9.jpg\"> <\/a><\/p><div class=\"rwcxm6a980f35c4a4d\" ><!-- \/91277017\/Inline-articles-mobile -->\n<div style=\"margin:auto; text-align:center !important\">\n<div id='div-gpt-ad-1784982661365-0' style='min-width: 250px; min-height: 75px;'>\n  <script>\n    googletag.cmd.push(function() { googletag.display('div-gpt-ad-1784982661365-0'); });\n  <\/script>\n<\/div><\/div><\/div><style type=\"text\/css\">\r\n.rwcxm6a980f35c4a4d {\r\nmargin-bottom:30px;margin-top:20px\r\n}\r\n@media screen and (min-width: 1201px) {\r\n.rwcxm6a980f35c4a4d {\r\ndisplay: block;\r\n}\r\n}\r\n@media screen and (min-width: 993px) and (max-width: 1200px) {\r\n.rwcxm6a980f35c4a4d {\r\ndisplay: block;\r\n}\r\n}\r\n@media screen and (min-width: 769px) and (max-width: 992px) {\r\n.rwcxm6a980f35c4a4d {\r\ndisplay: block;\r\n}\r\n}\r\n@media screen and (min-width: 768px) and (max-width: 768px) {\r\n.rwcxm6a980f35c4a4d {\r\ndisplay: block;\r\n}\r\n}\r\n@media screen and (max-width: 767px) {\r\n.rwcxm6a980f35c4a4d {\r\ndisplay: block;\r\n}\r\n}\r\n<\/style>\r\n\n","protected":false},"excerpt":{"rendered":"<p>La nouvelle de la semaine fut incontestablement le transfert de Ken De Dycker de Honda\/LS Motors vers le team Red Bull\/KTM. Keeno avait h\u00e0\u00a2te de pr\u00e9senter \u00e0\u00a0 la presse et \u00e0\u00a0 ses partenaires ses nouvelles couleurs. Il les avait donc convi\u00e9 ce jeudi \u00e0\u00a0 une soir\u00e9e au cours de laquelle il est logiquement apparu tout [&hellip;]<\/p>\n","protected":false},"author":932,"featured_media":0,"comment_status":"open","ping_status":"closed","sticky":false,"template":"","format":"standard","meta":{"tdm_status":"","tdm_grid_status":"","footnotes":""},"categories":[66,65],"tags":[],"class_list":["post-14441","post","type-post","status-publish","format-standard","category-photos","category-slideshow"],"yoast_head":"<!-- This site is optimized with the Yoast SEO plugin v28.4 - https:\/\/yoast.com\/product\/yoast-seo-wordpress\/ -->\n<title>Galerie photos | Keeno pr\u00e9sente ses nouvelles couleurs - Motocross - Enduro - Supermoto | MotocrossMag<\/title>\n<meta name=\"robots\" content=\"index, follow, max-snippet:-1, max-image-preview:large, max-video-preview:-1\" \/>\n<link rel=\"canonical\" href=\"https:\/\/fr.motocrossmag.be\/index.php\/2012\/04\/galerie-photos-keeno-presente-ses-nouvelles-couleurs\/\" \/>\n<meta property=\"og:locale\" content=\"fr_FR\" \/>\n<meta property=\"og:type\" content=\"article\" \/>\n<meta property=\"og:title\" content=\"Galerie photos | Keeno pr\u00e9sente ses nouvelles couleurs - Motocross - Enduro - Supermoto | MotocrossMag\" \/>\n<meta property=\"og:description\" content=\"La nouvelle de la semaine fut incontestablement le transfert de Ken De Dycker de Honda\/LS Motors vers le team Red Bull\/KTM. Keeno avait h\u00e0\u00a2te de pr\u00e9senter \u00e0\u00a0 la presse et \u00e0\u00a0 ses partenaires ses nouvelles couleurs. Il les avait donc convi\u00e9 ce jeudi \u00e0\u00a0 une soir\u00e9e au cours de laquelle il est logiquement apparu tout [&hellip;]\" \/>\n<meta property=\"og:url\" content=\"https:\/\/fr.motocrossmag.be\/index.php\/2012\/04\/galerie-photos-keeno-presente-ses-nouvelles-couleurs\/\" \/>\n<meta property=\"og:site_name\" content=\"Motocross - Enduro - Supermoto | MotocrossMag\" \/>\n<meta property=\"article:published_time\" content=\"2012-04-06T22:37:07+00:00\" \/>\n<meta property=\"og:image\" content=\"http:\/\/nl.motocrossmag.be\/wp-content\/gallery\/keenopresentation\/thumbs\/thumbs_OSS012_0.jpg\" \/>\n<meta name=\"author\" content=\"oliviere\" \/>\n<meta name=\"twitter:card\" content=\"summary_large_image\" \/>\n<meta name=\"twitter:label1\" content=\"\u00c9crit par\" \/>\n\t<meta name=\"twitter:data1\" content=\"oliviere\" \/>\n<script type=\"application\/ld+json\" class=\"yoast-schema-graph\">{\"@context\":\"https:\\\/\\\/schema.org\",\"@graph\":[{\"@type\":\"Article\",\"@id\":\"https:\\\/\\\/fr.motocrossmag.be\\\/index.php\\\/2012\\\/04\\\/galerie-photos-keeno-presente-ses-nouvelles-couleurs\\\/#article\",\"isPartOf\":{\"@id\":\"https:\\\/\\\/fr.motocrossmag.be\\\/index.php\\\/2012\\\/04\\\/galerie-photos-keeno-presente-ses-nouvelles-couleurs\\\/\"},\"author\":{\"name\":\"oliviere\",\"@id\":\"https:\\\/\\\/fr.motocrossmag.be\\\/#\\\/schema\\\/person\\\/11b47143d9f755babca2c9110e03235c\"},\"headline\":\"Galerie photos | Keeno pr\u00e9sente ses nouvelles couleurs\",\"datePublished\":\"2012-04-06T22:37:07+00:00\",\"mainEntityOfPage\":{\"@id\":\"https:\\\/\\\/fr.motocrossmag.be\\\/index.php\\\/2012\\\/04\\\/galerie-photos-keeno-presente-ses-nouvelles-couleurs\\\/\"},\"wordCount\":87,\"commentCount\":0,\"image\":{\"@id\":\"https:\\\/\\\/fr.motocrossmag.be\\\/index.php\\\/2012\\\/04\\\/galerie-photos-keeno-presente-ses-nouvelles-couleurs\\\/#primaryimage\"},\"thumbnailUrl\":\"http:\\\/\\\/nl.motocrossmag.be\\\/wp-content\\\/gallery\\\/keenopresentation\\\/thumbs\\\/thumbs_OSS012_0.jpg\",\"articleSection\":[\"Photos\",\"Slideshow\"],\"inLanguage\":\"fr-FR\",\"potentialAction\":[{\"@type\":\"CommentAction\",\"name\":\"Comment\",\"target\":[\"https:\\\/\\\/fr.motocrossmag.be\\\/index.php\\\/2012\\\/04\\\/galerie-photos-keeno-presente-ses-nouvelles-couleurs\\\/#respond\"]}]},{\"@type\":\"WebPage\",\"@id\":\"https:\\\/\\\/fr.motocrossmag.be\\\/index.php\\\/2012\\\/04\\\/galerie-photos-keeno-presente-ses-nouvelles-couleurs\\\/\",\"url\":\"https:\\\/\\\/fr.motocrossmag.be\\\/index.php\\\/2012\\\/04\\\/galerie-photos-keeno-presente-ses-nouvelles-couleurs\\\/\",\"name\":\"Galerie photos | Keeno pr\u00e9sente ses nouvelles couleurs - Motocross - Enduro - Supermoto | MotocrossMag\",\"isPartOf\":{\"@id\":\"https:\\\/\\\/fr.motocrossmag.be\\\/#website\"},\"primaryImageOfPage\":{\"@id\":\"https:\\\/\\\/fr.motocrossmag.be\\\/index.php\\\/2012\\\/04\\\/galerie-photos-keeno-presente-ses-nouvelles-couleurs\\\/#primaryimage\"},\"image\":{\"@id\":\"https:\\\/\\\/fr.motocrossmag.be\\\/index.php\\\/2012\\\/04\\\/galerie-photos-keeno-presente-ses-nouvelles-couleurs\\\/#primaryimage\"},\"thumbnailUrl\":\"http:\\\/\\\/nl.motocrossmag.be\\\/wp-content\\\/gallery\\\/keenopresentation\\\/thumbs\\\/thumbs_OSS012_0.jpg\",\"datePublished\":\"2012-04-06T22:37:07+00:00\",\"author\":{\"@id\":\"https:\\\/\\\/fr.motocrossmag.be\\\/#\\\/schema\\\/person\\\/11b47143d9f755babca2c9110e03235c\"},\"breadcrumb\":{\"@id\":\"https:\\\/\\\/fr.motocrossmag.be\\\/index.php\\\/2012\\\/04\\\/galerie-photos-keeno-presente-ses-nouvelles-couleurs\\\/#breadcrumb\"},\"inLanguage\":\"fr-FR\",\"potentialAction\":[{\"@type\":\"ReadAction\",\"target\":[\"https:\\\/\\\/fr.motocrossmag.be\\\/index.php\\\/2012\\\/04\\\/galerie-photos-keeno-presente-ses-nouvelles-couleurs\\\/\"]}]},{\"@type\":\"ImageObject\",\"inLanguage\":\"fr-FR\",\"@id\":\"https:\\\/\\\/fr.motocrossmag.be\\\/index.php\\\/2012\\\/04\\\/galerie-photos-keeno-presente-ses-nouvelles-couleurs\\\/#primaryimage\",\"url\":\"http:\\\/\\\/nl.motocrossmag.be\\\/wp-content\\\/gallery\\\/keenopresentation\\\/thumbs\\\/thumbs_OSS012_0.jpg\",\"contentUrl\":\"http:\\\/\\\/nl.motocrossmag.be\\\/wp-content\\\/gallery\\\/keenopresentation\\\/thumbs\\\/thumbs_OSS012_0.jpg\"},{\"@type\":\"BreadcrumbList\",\"@id\":\"https:\\\/\\\/fr.motocrossmag.be\\\/index.php\\\/2012\\\/04\\\/galerie-photos-keeno-presente-ses-nouvelles-couleurs\\\/#breadcrumb\",\"itemListElement\":[{\"@type\":\"ListItem\",\"position\":1,\"name\":\"Accueil\",\"item\":\"https:\\\/\\\/fr.motocrossmag.be\\\/\"},{\"@type\":\"ListItem\",\"position\":2,\"name\":\"Galerie photos | Keeno pr\u00e9sente ses nouvelles couleurs\"}]},{\"@type\":\"WebSite\",\"@id\":\"https:\\\/\\\/fr.motocrossmag.be\\\/#website\",\"url\":\"https:\\\/\\\/fr.motocrossmag.be\\\/\",\"name\":\"Motocross - Enduro - Supermoto | MotocrossMag\",\"description\":\"L&#039;actualit\u00e9 du motocross, de l&#039;enduro et du Supermoto en ligne!\",\"potentialAction\":[{\"@type\":\"SearchAction\",\"target\":{\"@type\":\"EntryPoint\",\"urlTemplate\":\"https:\\\/\\\/fr.motocrossmag.be\\\/?s={search_term_string}\"},\"query-input\":{\"@type\":\"PropertyValueSpecification\",\"valueRequired\":true,\"valueName\":\"search_term_string\"}}],\"inLanguage\":\"fr-FR\"},{\"@type\":\"Person\",\"@id\":\"https:\\\/\\\/fr.motocrossmag.be\\\/#\\\/schema\\\/person\\\/11b47143d9f755babca2c9110e03235c\",\"name\":\"oliviere\",\"image\":{\"@type\":\"ImageObject\",\"inLanguage\":\"fr-FR\",\"@id\":\"https:\\\/\\\/secure.gravatar.com\\\/avatar\\\/907069e0b81d119452040469e4a7501da1100f54f7f80180ce77bfab718288f6?s=96&d=mm&r=g\",\"url\":\"https:\\\/\\\/secure.gravatar.com\\\/avatar\\\/907069e0b81d119452040469e4a7501da1100f54f7f80180ce77bfab718288f6?s=96&d=mm&r=g\",\"contentUrl\":\"https:\\\/\\\/secure.gravatar.com\\\/avatar\\\/907069e0b81d119452040469e4a7501da1100f54f7f80180ce77bfab718288f6?s=96&d=mm&r=g\",\"caption\":\"oliviere\"},\"sameAs\":[\"http:\\\/\\\/www.motocrossmag.be\"],\"url\":\"https:\\\/\\\/fr.motocrossmag.be\\\/index.php\\\/author\\\/oliviere\\\/\"}]}<\/script>\n<!-- \/ Yoast SEO plugin. -->","yoast_head_json":{"title":"Galerie photos | Keeno pr\u00e9sente ses nouvelles couleurs - Motocross - Enduro - Supermoto | MotocrossMag","robots":{"index":"index","follow":"follow","max-snippet":"max-snippet:-1","max-image-preview":"max-image-preview:large","max-video-preview":"max-video-preview:-1"},"canonical":"https:\/\/fr.motocrossmag.be\/index.php\/2012\/04\/galerie-photos-keeno-presente-ses-nouvelles-couleurs\/","og_locale":"fr_FR","og_type":"article","og_title":"Galerie photos | Keeno pr\u00e9sente ses nouvelles couleurs - Motocross - Enduro - Supermoto | MotocrossMag","og_description":"La nouvelle de la semaine fut incontestablement le transfert de Ken De Dycker de Honda\/LS Motors vers le team Red Bull\/KTM. Keeno avait h\u00e0\u00a2te de pr\u00e9senter \u00e0\u00a0 la presse et \u00e0\u00a0 ses partenaires ses nouvelles couleurs. Il les avait donc convi\u00e9 ce jeudi \u00e0\u00a0 une soir\u00e9e au cours de laquelle il est logiquement apparu tout [&hellip;]","og_url":"https:\/\/fr.motocrossmag.be\/index.php\/2012\/04\/galerie-photos-keeno-presente-ses-nouvelles-couleurs\/","og_site_name":"Motocross - Enduro - Supermoto | MotocrossMag","article_published_time":"2012-04-06T22:37:07+00:00","og_image":[{"url":"http:\/\/nl.motocrossmag.be\/wp-content\/gallery\/keenopresentation\/thumbs\/thumbs_OSS012_0.jpg","type":"","width":"","height":""}],"author":"oliviere","twitter_card":"summary_large_image","twitter_misc":{"\u00c9crit par":"oliviere"},"schema":{"@context":"https:\/\/schema.org","@graph":[{"@type":"Article","@id":"https:\/\/fr.motocrossmag.be\/index.php\/2012\/04\/galerie-photos-keeno-presente-ses-nouvelles-couleurs\/#article","isPartOf":{"@id":"https:\/\/fr.motocrossmag.be\/index.php\/2012\/04\/galerie-photos-keeno-presente-ses-nouvelles-couleurs\/"},"author":{"name":"oliviere","@id":"https:\/\/fr.motocrossmag.be\/#\/schema\/person\/11b47143d9f755babca2c9110e03235c"},"headline":"Galerie photos | Keeno pr\u00e9sente ses nouvelles couleurs","datePublished":"2012-04-06T22:37:07+00:00","mainEntityOfPage":{"@id":"https:\/\/fr.motocrossmag.be\/index.php\/2012\/04\/galerie-photos-keeno-presente-ses-nouvelles-couleurs\/"},"wordCount":87,"commentCount":0,"image":{"@id":"https:\/\/fr.motocrossmag.be\/index.php\/2012\/04\/galerie-photos-keeno-presente-ses-nouvelles-couleurs\/#primaryimage"},"thumbnailUrl":"http:\/\/nl.motocrossmag.be\/wp-content\/gallery\/keenopresentation\/thumbs\/thumbs_OSS012_0.jpg","articleSection":["Photos","Slideshow"],"inLanguage":"fr-FR","potentialAction":[{"@type":"CommentAction","name":"Comment","target":["https:\/\/fr.motocrossmag.be\/index.php\/2012\/04\/galerie-photos-keeno-presente-ses-nouvelles-couleurs\/#respond"]}]},{"@type":"WebPage","@id":"https:\/\/fr.motocrossmag.be\/index.php\/2012\/04\/galerie-photos-keeno-presente-ses-nouvelles-couleurs\/","url":"https:\/\/fr.motocrossmag.be\/index.php\/2012\/04\/galerie-photos-keeno-presente-ses-nouvelles-couleurs\/","name":"Galerie photos | Keeno pr\u00e9sente ses nouvelles couleurs - Motocross - Enduro - Supermoto | MotocrossMag","isPartOf":{"@id":"https:\/\/fr.motocrossmag.be\/#website"},"primaryImageOfPage":{"@id":"https:\/\/fr.motocrossmag.be\/index.php\/2012\/04\/galerie-photos-keeno-presente-ses-nouvelles-couleurs\/#primaryimage"},"image":{"@id":"https:\/\/fr.motocrossmag.be\/index.php\/2012\/04\/galerie-photos-keeno-presente-ses-nouvelles-couleurs\/#primaryimage"},"thumbnailUrl":"http:\/\/nl.motocrossmag.be\/wp-content\/gallery\/keenopresentation\/thumbs\/thumbs_OSS012_0.jpg","datePublished":"2012-04-06T22:37:07+00:00","author":{"@id":"https:\/\/fr.motocrossmag.be\/#\/schema\/person\/11b47143d9f755babca2c9110e03235c"},"breadcrumb":{"@id":"https:\/\/fr.motocrossmag.be\/index.php\/2012\/04\/galerie-photos-keeno-presente-ses-nouvelles-couleurs\/#breadcrumb"},"inLanguage":"fr-FR","potentialAction":[{"@type":"ReadAction","target":["https:\/\/fr.motocrossmag.be\/index.php\/2012\/04\/galerie-photos-keeno-presente-ses-nouvelles-couleurs\/"]}]},{"@type":"ImageObject","inLanguage":"fr-FR","@id":"https:\/\/fr.motocrossmag.be\/index.php\/2012\/04\/galerie-photos-keeno-presente-ses-nouvelles-couleurs\/#primaryimage","url":"http:\/\/nl.motocrossmag.be\/wp-content\/gallery\/keenopresentation\/thumbs\/thumbs_OSS012_0.jpg","contentUrl":"http:\/\/nl.motocrossmag.be\/wp-content\/gallery\/keenopresentation\/thumbs\/thumbs_OSS012_0.jpg"},{"@type":"BreadcrumbList","@id":"https:\/\/fr.motocrossmag.be\/index.php\/2012\/04\/galerie-photos-keeno-presente-ses-nouvelles-couleurs\/#breadcrumb","itemListElement":[{"@type":"ListItem","position":1,"name":"Accueil","item":"https:\/\/fr.motocrossmag.be\/"},{"@type":"ListItem","position":2,"name":"Galerie photos | Keeno pr\u00e9sente ses nouvelles couleurs"}]},{"@type":"WebSite","@id":"https:\/\/fr.motocrossmag.be\/#website","url":"https:\/\/fr.motocrossmag.be\/","name":"Motocross - Enduro - Supermoto | MotocrossMag","description":"L&#039;actualit\u00e9 du motocross, de l&#039;enduro et du Supermoto en ligne!","potentialAction":[{"@type":"SearchAction","target":{"@type":"EntryPoint","urlTemplate":"https:\/\/fr.motocrossmag.be\/?s={search_term_string}"},"query-input":{"@type":"PropertyValueSpecification","valueRequired":true,"valueName":"search_term_string"}}],"inLanguage":"fr-FR"},{"@type":"Person","@id":"https:\/\/fr.motocrossmag.be\/#\/schema\/person\/11b47143d9f755babca2c9110e03235c","name":"oliviere","image":{"@type":"ImageObject","inLanguage":"fr-FR","@id":"https:\/\/secure.gravatar.com\/avatar\/907069e0b81d119452040469e4a7501da1100f54f7f80180ce77bfab718288f6?s=96&d=mm&r=g","url":"https:\/\/secure.gravatar.com\/avatar\/907069e0b81d119452040469e4a7501da1100f54f7f80180ce77bfab718288f6?s=96&d=mm&r=g","contentUrl":"https:\/\/secure.gravatar.com\/avatar\/907069e0b81d119452040469e4a7501da1100f54f7f80180ce77bfab718288f6?s=96&d=mm&r=g","caption":"oliviere"},"sameAs":["http:\/\/www.motocrossmag.be"],"url":"https:\/\/fr.motocrossmag.be\/index.php\/author\/oliviere\/"}]}},"_links":{"self":[{"href":"https:\/\/fr.motocrossmag.be\/index.php\/wp-json\/wp\/v2\/posts\/14441","targetHints":{"allow":["GET"]}}],"collection":[{"href":"https:\/\/fr.motocrossmag.be\/index.php\/wp-json\/wp\/v2\/posts"}],"about":[{"href":"https:\/\/fr.motocrossmag.be\/index.php\/wp-json\/wp\/v2\/types\/post"}],"author":[{"embeddable":true,"href":"https:\/\/fr.motocrossmag.be\/index.php\/wp-json\/wp\/v2\/users\/932"}],"replies":[{"embeddable":true,"href":"https:\/\/fr.motocrossmag.be\/index.php\/wp-json\/wp\/v2\/comments?post=14441"}],"version-history":[{"count":0,"href":"https:\/\/fr.motocrossmag.be\/index.php\/wp-json\/wp\/v2\/posts\/14441\/revisions"}],"wp:attachment":[{"href":"https:\/\/fr.motocrossmag.be\/index.php\/wp-json\/wp\/v2\/media?parent=14441"}],"wp:term":[{"taxonomy":"category","embeddable":true,"href":"https:\/\/fr.motocrossmag.be\/index.php\/wp-json\/wp\/v2\/categories?post=14441"},{"taxonomy":"post_tag","embeddable":true,"href":"https:\/\/fr.motocrossmag.be\/index.php\/wp-json\/wp\/v2\/tags?post=14441"}],"curies":[{"name":"wp","href":"https:\/\/api.w.org\/{rel}","templated":true}]}}