{"id":147,"date":"2008-02-20T22:25:17","date_gmt":"2008-02-20T21:25:17","guid":{"rendered":"http:\/\/www.motocrossmag.be\/2008\/02\/20\/motocross-mondialils-seront-a-valkenswaard\/"},"modified":"2008-02-20T22:25:17","modified_gmt":"2008-02-20T21:25:17","slug":"motocross-mondialils-seront-a-valkenswaard","status":"publish","type":"post","link":"https:\/\/fr.motocrossmag.be\/index.php\/2008\/02\/motocross-mondialils-seront-a-valkenswaard\/","title":{"rendered":"Motocross mondial|Ils seront &agrave; Valkenswaard&#8230;"},"content":{"rendered":"<p>La FIM et Youthstream ont publi\u00e9 la liste des pilotes qui seront admis aux qualifications du premier GP de la saison MX1\/MX2, &agrave; Valkenswaard le 6 avril prochain.<\/p>\n<p><strong>MX1<\/strong><\/p>\n<p><strong>11 Ramon Steve BEL SUZUKI TEAM SUZUKI &#8211; TEKA WORLD MX1<\/strong><br \/>\n3 Brown Michael USA HONDA CAS HONDA<br \/>\n6 Coppins Joshua NZL YAMAHA YAMAHA MOTOCROSS TEAM<br \/>\n7 Barragan Jonathan ESP KTM SILVER ACTION TEAM S.R.L.<br \/>\n8 Leok Tanel EST KAWASAKI KAWASAKI RACING TEAM<br \/>\n<strong>9 De Dycker Ken BEL SUZUKI TEAM SUZUKI &#8211; TEKA WORLD MX1<\/strong><br \/>\n<strong>10 Melotte Cedric BEL APRILIA TEAM APRILIA OFF ROAD<\/strong><br \/>\n12 Nagl Maximilian GER KTM RED BULL KTM FACTORY RACING<br \/>\n13 Pyrh\u00e0\u00b6nen Antti FIN SUZUKI DELTA RACING TEAM SUZUKI<br \/>\n14 De Reuver Marc NED HONDA HONDA MARTIN RACING<br \/>\n15 Bill Julien SUI HONDA HONDA MARTIN RACING<br \/>\n16 Noble James GBR KTM KTM UK<br \/>\n17 Renet Pierre Alexandre FRA SUZUKI TEKA-SUZUKI<br \/>\n19 Philippaerts David ITA YAMAHA YAMAHA MOTOCROSS TEAM<br \/>\n<strong>22 Van Daele Marvin BEL SUZUKI TEKA-SUZUKI<\/strong><br \/>\n23 Salvini Alex ITA SUZUKI TEAM MRT SUZUKI VALENTI<br \/>\n24 Church Thomas GBR KAWASAKI MOLSON KAWASAKI RACING<br \/>\n<strong>25 Desalle Clement BEL SUZUKI TEAM SUZUKI INOTEC<br \/>\n<\/strong>27 Schiffer Marcus GER KTM KTM SARHOLZ RACING TEAM<br \/>\n28 Columb Scott NZL SUZUKI MTM RACING TEAM<br \/>\n29 Rouis Alexandre FRA KAWASAKI GPKR TEAM<br \/>\n30 Roos Patrick NED KTM PATER MX TEAM<br \/>\n31 Saris William NED YAMAHA<br \/>\n<strong>32 Priem Manuel BEL KAWASAKI KAWASAKI RACING TEAM<\/strong><br \/>\n<strong>41 Salaets Kristof BEL HONDA G-RACINGPROMOTION MX TEAM<\/strong><br \/>\n45 Leonce Loic FRA YAMAHA JK RACING<br \/>\n53 Mckeown Richard GBR KTM KTM\/BROUWER MOTORSPORT RACING<br \/>\n56 Freibergs Lauris LAT YAMAHA TEAM YAMAHA VAN BEERS RACING<br \/>\n60 Anderson Brad GBR SUZUKI SUZUKI SWIFT MOTOCROSS TEAM<br \/>\n67 Gundersen Kenneth NOR YAMAHA UTAG-YAMAHA.COM<br \/>\n78 Verhoeven Bas NED KAWASAKI RABBIT RACING<br \/>\n87 Izoird Fabien FRA APRILIA JK RACING<br \/>\n90 Pourcel Sebastien FRA KAWASAKI GPKR TEAM<br \/>\n98 Saylor Jacob USA KAWASAKI STURM RACING TEAM<br \/>\n107 Parshin Dmitry RUS YAMAHA AUTO\/COMPANY MOSCOW REGION RACING<br \/>\n108 Nemeth Kornel HUN KTM KTM SARHOLZ RACING TEAM<br \/>\n111 Leok Aigar EST YAMAHA TEAM YAMAHA VAN BEERS RACING<br \/>\n121 Chiodi Alessio ITA TM TM RACING FACTORY TEAM<br \/>\n<strong>161 Strijbos Kevin BEL KAWASAKI GPKR TEAM<\/strong><br \/>\n211 Mackenzie Billy GBR HONDA CAS HONDA<\/p>\n<p><strong><br \/>\nMX2<\/strong><\/p>\n<p>222 Cairoli Antonio ITA YAMAHA YAMAHA RED BULL DE CARLI TEAM<br \/>\n2 Searle Tommy GBR KTM RED BULL KTM FACTORY RACING<br \/>\n4 Rattray Tyla RSA KTM RED BULL KTM FACTORY RACING<br \/>\n5 Swanepoel Gareth RSA KAWASAKI MOLSON KAWASAKI RACING<br \/>\n7 Sword Stephen GBR KAWASAKI MOLSON KAWASAKI RACING<br \/>\n8 Seistola Matti FIN HONDA SRS RACING-ST<br \/>\n9 Fiorgentili Mauro ITA HONDA SRS RACING-ST<br \/>\n10 Goncalves Rui POR KTM RED BULL KTM FACTORY RACING<br \/>\n11 Paulin Gautier FRA KAWASAKI MOLSON KAWASAKI RACING<br \/>\n12 Philippaerts Deny ITA YAMAHA 3C RACING<br \/>\n13 Monni Manuel ITA YAMAHA 3C RACING<br \/>\n15 Campano Jimenez Carlos ESP YAMAHA UTAG-YAMAHA.COM<br \/>\n<strong>18 Dierckx Dennis BEL HONDA LS MOTORS HONDA<\/strong><br \/>\n20 Aranda Gregory FRA KAWASAKI CLS<br \/>\n22 Boissiere Anthony FRA KTM KTM HDI MX TEAM<br \/>\n23 Nunn Carl GBR SUZUKI MVR-D SUZUKI<br \/>\n24 Simpson Shaun GBR KTM KTM UK<br \/>\n25 Musquin Marvin FRA HONDA NGS<br \/>\n28 Lombrici Roberto ITA YAMAHA RICCI RACING YAMAHA<br \/>\n33 Kulhavy Josef SVK SUZUKI DELTA RACING TEAM SUZUKI<br \/>\n<strong>34 Roelants Jo\u00ebl BEL KTM CHAMP-KTM<\/strong><br \/>\n36 Bonini Matteo ITA YAMAHA YAMAHA RED BULL DE CARLI TEAM<br \/>\n37 Krestinov Gert EST KTM FAVOR KTM MOTOSPORT<br \/>\n39 Guarneri Davide ITA YAMAHA RICCI RACING YAMAHA<br \/>\n42 Graham Bradley USA KAWASAKI STURM RACING TEAM<br \/>\n43 Millan Francisco Jose ESP KTM CHAMP-KTM<br \/>\n44 Banksbrowne Elliott GBR SUZUKI SUZUKI SWIFT MOTOCROSS TEAM<br \/>\n45 Nicholls Jake GBR SUZUKI SUZUKI SWIFT MOTOCROSS TEAM<br \/>\n46 Dougan Jason GBR SUZUKI MVR-D SUZUKI<br \/>\n47 Leuret Pascal FRA SUZUKI SUZUKI SWIFT MOTOCROSS TEAM<br \/>\n50 Barr Martin GBR YAMAHA UTAG-YAMAHA.COM<br \/>\n56 Bobryschev Evgeniy RUS YAMAHA TEAM YAMAHA VAN BEERS RACING<br \/>\n64 Vongsana Khounsith FRA KAWASAKI BUD RACING\/KAWASAKI\/PSM<br \/>\n65 Vanni Julien FRA KTM KTM HDI MX TEAM<br \/>\n66 Bobkovs Aigars LAT KTM KTM\/BROUWER MOTORSPORT RACING<br \/>\n69 Avis Wyatt RSA HONDA LS MOTORS HONDA<br \/>\n<strong>75 Verbruggen Dennis BEL YAMAHA SHINERAY MX TEAM CHINA<\/strong><br \/>\n77 Terreblanche Shannon RSA SUZUKI BEURSFOON SUZUKI MX TEAM<br \/>\n80 Eggens Erik NED SUZUKI BEURSFOON SUZUKI MX TEAM<br \/>\n81 Tarroux Jeremy FRA KTM SILVER ACTION TEAM S.R.L.<br \/>\n85 Musquin Mickael FRA HONDA NGS<br \/>\n86 Van Vijfeijken Rob NED YAMAHA YAMAHA VAN VIJFEIJKEN<br \/>\n<strong>89 Van Horebeek Jeremy BEL KTM CHAMP-KTM<\/strong><br \/>\n100 Harrison Brenden James AUS KAWASAKI TEAM BUD RACING\/KAWASAKI\/PSM<br \/>\n111 Tyletski Evgeni BLR SUZUKI TEKA-SUZUKI<br \/>\n121 Boog Xavier FRA SUZUKI TEAM SUZUKI INOTEC<br \/>\n131 Aubin Nicolas FRA YAMAHA RICCI RACING YAMAHA<br \/>\n183 Frossard Steven FRA KAWASAKI CLS<br \/>\n185 Van De Ven Rinus NED KTM KTM VAN DER HAARRACING TEAM<br \/>\n501 Lupino Alessandro ITA YAMAHA YAMAHA RED BULL DE CARLI TEAM<\/p>\n","protected":false},"excerpt":{"rendered":"<p>La FIM et Youthstream ont publi\u00e9 la liste des pilotes qui seront admis aux qualifications du premier GP de la saison MX1\/MX2, &agrave; Valkenswaard le 6 avril prochain. MX1 11 [&#8230;]<\/p>\n","protected":false},"author":932,"featured_media":0,"comment_status":"open","ping_status":"open","sticky":false,"template":"","format":"standard","meta":{"footnotes":""},"categories":[54,4,5,55],"tags":[],"class_list":["post-147","post","type-post","status-publish","format-standard","hentry","category-actualite","category-motocross","category-news","category-news-actualite"],"yoast_head":"<!-- This site is optimized with the Yoast SEO plugin v27.4 - https:\/\/yoast.com\/product\/yoast-seo-wordpress\/ -->\n<title>Motocross mondial|Ils seront &agrave; Valkenswaard... - Motocross - Enduro - Supermoto | MotocrossMag<\/title>\n<meta name=\"robots\" content=\"index, follow, max-snippet:-1, max-image-preview:large, max-video-preview:-1\" \/>\n<link rel=\"canonical\" href=\"https:\/\/fr.motocrossmag.be\/index.php\/2008\/02\/motocross-mondialils-seront-a-valkenswaard\/\" \/>\n<meta property=\"og:locale\" content=\"fr_FR\" \/>\n<meta property=\"og:type\" content=\"article\" \/>\n<meta property=\"og:title\" content=\"Motocross mondial|Ils seront &agrave; Valkenswaard... - Motocross - Enduro - Supermoto | MotocrossMag\" \/>\n<meta property=\"og:description\" content=\"La FIM et Youthstream ont publi\u00e9 la liste des pilotes qui seront admis aux qualifications du premier GP de la saison MX1\/MX2, &agrave; Valkenswaard le 6 avril prochain. MX1 11 [...]\" \/>\n<meta property=\"og:url\" content=\"https:\/\/fr.motocrossmag.be\/index.php\/2008\/02\/motocross-mondialils-seront-a-valkenswaard\/\" \/>\n<meta property=\"og:site_name\" content=\"Motocross - Enduro - Supermoto | MotocrossMag\" \/>\n<meta property=\"article:published_time\" content=\"2008-02-20T21:25:17+00:00\" \/>\n<meta name=\"author\" content=\"oliviere\" \/>\n<meta name=\"twitter:card\" content=\"summary_large_image\" \/>\n<meta name=\"twitter:label1\" content=\"\u00c9crit par\" \/>\n\t<meta name=\"twitter:data1\" content=\"oliviere\" \/>\n\t<meta name=\"twitter:label2\" content=\"Dur\u00e9e de lecture estim\u00e9e\" \/>\n\t<meta name=\"twitter:data2\" content=\"3 minutes\" \/>\n<script type=\"application\/ld+json\" class=\"yoast-schema-graph\">{\"@context\":\"https:\\\/\\\/schema.org\",\"@graph\":[{\"@type\":\"Article\",\"@id\":\"https:\\\/\\\/fr.motocrossmag.be\\\/index.php\\\/2008\\\/02\\\/motocross-mondialils-seront-a-valkenswaard\\\/#article\",\"isPartOf\":{\"@id\":\"https:\\\/\\\/fr.motocrossmag.be\\\/index.php\\\/2008\\\/02\\\/motocross-mondialils-seront-a-valkenswaard\\\/\"},\"author\":{\"name\":\"oliviere\",\"@id\":\"https:\\\/\\\/fr.motocrossmag.be\\\/#\\\/schema\\\/person\\\/11b47143d9f755babca2c9110e03235c\"},\"headline\":\"Motocross mondial|Ils seront &agrave; Valkenswaard&#8230;\",\"datePublished\":\"2008-02-20T21:25:17+00:00\",\"mainEntityOfPage\":{\"@id\":\"https:\\\/\\\/fr.motocrossmag.be\\\/index.php\\\/2008\\\/02\\\/motocross-mondialils-seront-a-valkenswaard\\\/\"},\"wordCount\":697,\"commentCount\":0,\"articleSection\":[\"Actualit\u00e9\",\"Motocross\",\"News\",\"News\"],\"inLanguage\":\"fr-FR\",\"potentialAction\":[{\"@type\":\"CommentAction\",\"name\":\"Comment\",\"target\":[\"https:\\\/\\\/fr.motocrossmag.be\\\/index.php\\\/2008\\\/02\\\/motocross-mondialils-seront-a-valkenswaard\\\/#respond\"]}]},{\"@type\":\"WebPage\",\"@id\":\"https:\\\/\\\/fr.motocrossmag.be\\\/index.php\\\/2008\\\/02\\\/motocross-mondialils-seront-a-valkenswaard\\\/\",\"url\":\"https:\\\/\\\/fr.motocrossmag.be\\\/index.php\\\/2008\\\/02\\\/motocross-mondialils-seront-a-valkenswaard\\\/\",\"name\":\"Motocross mondial|Ils seront &agrave; Valkenswaard... - Motocross - Enduro - Supermoto | MotocrossMag\",\"isPartOf\":{\"@id\":\"https:\\\/\\\/fr.motocrossmag.be\\\/#website\"},\"datePublished\":\"2008-02-20T21:25:17+00:00\",\"author\":{\"@id\":\"https:\\\/\\\/fr.motocrossmag.be\\\/#\\\/schema\\\/person\\\/11b47143d9f755babca2c9110e03235c\"},\"breadcrumb\":{\"@id\":\"https:\\\/\\\/fr.motocrossmag.be\\\/index.php\\\/2008\\\/02\\\/motocross-mondialils-seront-a-valkenswaard\\\/#breadcrumb\"},\"inLanguage\":\"fr-FR\",\"potentialAction\":[{\"@type\":\"ReadAction\",\"target\":[\"https:\\\/\\\/fr.motocrossmag.be\\\/index.php\\\/2008\\\/02\\\/motocross-mondialils-seront-a-valkenswaard\\\/\"]}]},{\"@type\":\"BreadcrumbList\",\"@id\":\"https:\\\/\\\/fr.motocrossmag.be\\\/index.php\\\/2008\\\/02\\\/motocross-mondialils-seront-a-valkenswaard\\\/#breadcrumb\",\"itemListElement\":[{\"@type\":\"ListItem\",\"position\":1,\"name\":\"Accueil\",\"item\":\"https:\\\/\\\/fr.motocrossmag.be\\\/\"},{\"@type\":\"ListItem\",\"position\":2,\"name\":\"Motocross mondial|Ils seront &agrave; Valkenswaard&#8230;\"}]},{\"@type\":\"WebSite\",\"@id\":\"https:\\\/\\\/fr.motocrossmag.be\\\/#website\",\"url\":\"https:\\\/\\\/fr.motocrossmag.be\\\/\",\"name\":\"Motocross - Enduro - Supermoto | MotocrossMag\",\"description\":\"L&#039;actualit\u00e9 du motocross, de l&#039;enduro et du Supermoto en ligne!\",\"potentialAction\":[{\"@type\":\"SearchAction\",\"target\":{\"@type\":\"EntryPoint\",\"urlTemplate\":\"https:\\\/\\\/fr.motocrossmag.be\\\/?s={search_term_string}\"},\"query-input\":{\"@type\":\"PropertyValueSpecification\",\"valueRequired\":true,\"valueName\":\"search_term_string\"}}],\"inLanguage\":\"fr-FR\"},{\"@type\":\"Person\",\"@id\":\"https:\\\/\\\/fr.motocrossmag.be\\\/#\\\/schema\\\/person\\\/11b47143d9f755babca2c9110e03235c\",\"name\":\"oliviere\",\"image\":{\"@type\":\"ImageObject\",\"inLanguage\":\"fr-FR\",\"@id\":\"https:\\\/\\\/secure.gravatar.com\\\/avatar\\\/907069e0b81d119452040469e4a7501da1100f54f7f80180ce77bfab718288f6?s=96&d=mm&r=g\",\"url\":\"https:\\\/\\\/secure.gravatar.com\\\/avatar\\\/907069e0b81d119452040469e4a7501da1100f54f7f80180ce77bfab718288f6?s=96&d=mm&r=g\",\"contentUrl\":\"https:\\\/\\\/secure.gravatar.com\\\/avatar\\\/907069e0b81d119452040469e4a7501da1100f54f7f80180ce77bfab718288f6?s=96&d=mm&r=g\",\"caption\":\"oliviere\"},\"sameAs\":[\"http:\\\/\\\/www.motocrossmag.be\"],\"url\":\"https:\\\/\\\/fr.motocrossmag.be\\\/index.php\\\/author\\\/oliviere\\\/\"}]}<\/script>\n<!-- \/ Yoast SEO plugin. -->","yoast_head_json":{"title":"Motocross mondial|Ils seront &agrave; Valkenswaard... - Motocross - Enduro - Supermoto | MotocrossMag","robots":{"index":"index","follow":"follow","max-snippet":"max-snippet:-1","max-image-preview":"max-image-preview:large","max-video-preview":"max-video-preview:-1"},"canonical":"https:\/\/fr.motocrossmag.be\/index.php\/2008\/02\/motocross-mondialils-seront-a-valkenswaard\/","og_locale":"fr_FR","og_type":"article","og_title":"Motocross mondial|Ils seront &agrave; Valkenswaard... - Motocross - Enduro - Supermoto | MotocrossMag","og_description":"La FIM et Youthstream ont publi\u00e9 la liste des pilotes qui seront admis aux qualifications du premier GP de la saison MX1\/MX2, &agrave; Valkenswaard le 6 avril prochain. MX1 11 [...]","og_url":"https:\/\/fr.motocrossmag.be\/index.php\/2008\/02\/motocross-mondialils-seront-a-valkenswaard\/","og_site_name":"Motocross - Enduro - Supermoto | MotocrossMag","article_published_time":"2008-02-20T21:25:17+00:00","author":"oliviere","twitter_card":"summary_large_image","twitter_misc":{"\u00c9crit par":"oliviere","Dur\u00e9e de lecture estim\u00e9e":"3 minutes"},"schema":{"@context":"https:\/\/schema.org","@graph":[{"@type":"Article","@id":"https:\/\/fr.motocrossmag.be\/index.php\/2008\/02\/motocross-mondialils-seront-a-valkenswaard\/#article","isPartOf":{"@id":"https:\/\/fr.motocrossmag.be\/index.php\/2008\/02\/motocross-mondialils-seront-a-valkenswaard\/"},"author":{"name":"oliviere","@id":"https:\/\/fr.motocrossmag.be\/#\/schema\/person\/11b47143d9f755babca2c9110e03235c"},"headline":"Motocross mondial|Ils seront &agrave; Valkenswaard&#8230;","datePublished":"2008-02-20T21:25:17+00:00","mainEntityOfPage":{"@id":"https:\/\/fr.motocrossmag.be\/index.php\/2008\/02\/motocross-mondialils-seront-a-valkenswaard\/"},"wordCount":697,"commentCount":0,"articleSection":["Actualit\u00e9","Motocross","News","News"],"inLanguage":"fr-FR","potentialAction":[{"@type":"CommentAction","name":"Comment","target":["https:\/\/fr.motocrossmag.be\/index.php\/2008\/02\/motocross-mondialils-seront-a-valkenswaard\/#respond"]}]},{"@type":"WebPage","@id":"https:\/\/fr.motocrossmag.be\/index.php\/2008\/02\/motocross-mondialils-seront-a-valkenswaard\/","url":"https:\/\/fr.motocrossmag.be\/index.php\/2008\/02\/motocross-mondialils-seront-a-valkenswaard\/","name":"Motocross mondial|Ils seront &agrave; Valkenswaard... - Motocross - Enduro - Supermoto | MotocrossMag","isPartOf":{"@id":"https:\/\/fr.motocrossmag.be\/#website"},"datePublished":"2008-02-20T21:25:17+00:00","author":{"@id":"https:\/\/fr.motocrossmag.be\/#\/schema\/person\/11b47143d9f755babca2c9110e03235c"},"breadcrumb":{"@id":"https:\/\/fr.motocrossmag.be\/index.php\/2008\/02\/motocross-mondialils-seront-a-valkenswaard\/#breadcrumb"},"inLanguage":"fr-FR","potentialAction":[{"@type":"ReadAction","target":["https:\/\/fr.motocrossmag.be\/index.php\/2008\/02\/motocross-mondialils-seront-a-valkenswaard\/"]}]},{"@type":"BreadcrumbList","@id":"https:\/\/fr.motocrossmag.be\/index.php\/2008\/02\/motocross-mondialils-seront-a-valkenswaard\/#breadcrumb","itemListElement":[{"@type":"ListItem","position":1,"name":"Accueil","item":"https:\/\/fr.motocrossmag.be\/"},{"@type":"ListItem","position":2,"name":"Motocross mondial|Ils seront &agrave; Valkenswaard&#8230;"}]},{"@type":"WebSite","@id":"https:\/\/fr.motocrossmag.be\/#website","url":"https:\/\/fr.motocrossmag.be\/","name":"Motocross - Enduro - Supermoto | MotocrossMag","description":"L&#039;actualit\u00e9 du motocross, de l&#039;enduro et du Supermoto en ligne!","potentialAction":[{"@type":"SearchAction","target":{"@type":"EntryPoint","urlTemplate":"https:\/\/fr.motocrossmag.be\/?s={search_term_string}"},"query-input":{"@type":"PropertyValueSpecification","valueRequired":true,"valueName":"search_term_string"}}],"inLanguage":"fr-FR"},{"@type":"Person","@id":"https:\/\/fr.motocrossmag.be\/#\/schema\/person\/11b47143d9f755babca2c9110e03235c","name":"oliviere","image":{"@type":"ImageObject","inLanguage":"fr-FR","@id":"https:\/\/secure.gravatar.com\/avatar\/907069e0b81d119452040469e4a7501da1100f54f7f80180ce77bfab718288f6?s=96&d=mm&r=g","url":"https:\/\/secure.gravatar.com\/avatar\/907069e0b81d119452040469e4a7501da1100f54f7f80180ce77bfab718288f6?s=96&d=mm&r=g","contentUrl":"https:\/\/secure.gravatar.com\/avatar\/907069e0b81d119452040469e4a7501da1100f54f7f80180ce77bfab718288f6?s=96&d=mm&r=g","caption":"oliviere"},"sameAs":["http:\/\/www.motocrossmag.be"],"url":"https:\/\/fr.motocrossmag.be\/index.php\/author\/oliviere\/"}]}},"_links":{"self":[{"href":"https:\/\/fr.motocrossmag.be\/index.php\/wp-json\/wp\/v2\/posts\/147","targetHints":{"allow":["GET"]}}],"collection":[{"href":"https:\/\/fr.motocrossmag.be\/index.php\/wp-json\/wp\/v2\/posts"}],"about":[{"href":"https:\/\/fr.motocrossmag.be\/index.php\/wp-json\/wp\/v2\/types\/post"}],"author":[{"embeddable":true,"href":"https:\/\/fr.motocrossmag.be\/index.php\/wp-json\/wp\/v2\/users\/932"}],"replies":[{"embeddable":true,"href":"https:\/\/fr.motocrossmag.be\/index.php\/wp-json\/wp\/v2\/comments?post=147"}],"version-history":[{"count":0,"href":"https:\/\/fr.motocrossmag.be\/index.php\/wp-json\/wp\/v2\/posts\/147\/revisions"}],"wp:attachment":[{"href":"https:\/\/fr.motocrossmag.be\/index.php\/wp-json\/wp\/v2\/media?parent=147"}],"wp:term":[{"taxonomy":"category","embeddable":true,"href":"https:\/\/fr.motocrossmag.be\/index.php\/wp-json\/wp\/v2\/categories?post=147"},{"taxonomy":"post_tag","embeddable":true,"href":"https:\/\/fr.motocrossmag.be\/index.php\/wp-json\/wp\/v2\/tags?post=147"}],"curies":[{"name":"wp","href":"https:\/\/api.w.org\/{rel}","templated":true}]}}