{"id":147298,"date":"2025-04-13T14:09:44","date_gmt":"2025-04-13T12:09:44","guid":{"rendered":"https:\/\/fr.motocrossmag.be\/?p=147298"},"modified":"2025-04-13T14:09:44","modified_gmt":"2025-04-13T12:09:44","slug":"emx125-mano-faure-le-plus-regulier-a-trentino","status":"publish","type":"post","link":"https:\/\/fr.motocrossmag.be\/index.php\/2025\/04\/emx125-mano-faure-le-plus-regulier-a-trentino\/","title":{"rendered":"EMX125 : Mano Faure le plus r\u00e9gulier \u00e0 Trentino"},"content":{"rendered":"<p>Mano Faure a remport\u00e9 la quatri\u00e8me manche de la saison EMX125 et s&rsquo;est ainsi assur\u00e9 sa deuxi\u00e8me victoire au classement g\u00e9n\u00e9ral de la saison. Le jeune Fran\u00e7ais s&rsquo;est class\u00e9 deuxi\u00e8me dans la premi\u00e8re manche et quatri\u00e8me dans la seconde, ce qui lui a permis de remporter la victoire et de gagner quatre places au classement g\u00e9n\u00e9ral provisoire. C\u00f4t\u00e9 belge, le week-end italien a \u00e9t\u00e9 compliqu\u00e9, seuls Ian Ampoorter et Jarne Bervoets parvenant \u00e0 ramener quelques points de Trentino.<\/p>\n<p><a href=\"https:\/\/fr.motocrossmag.be\/wp-content\/uploads\/2025\/04\/Faure_Trentino_2025_Fullspectrum_ESZ-55183_preview.jpg\"><img decoding=\"async\" class=\"lazyload alignnone size-full wp-image-147300\" src=\"https:\/\/fr.motocrossmag.be\/wp-content\/uploads\/2025\/04\/Faure_Trentino_2025_Fullspectrum_ESZ-55183_preview.jpg\" data-orig-src=\"https:\/\/fr.motocrossmag.be\/wp-content\/uploads\/2025\/04\/Faure_Trentino_2025_Fullspectrum_ESZ-55183_preview.jpg\" alt=\"\" width=\"1200\" height=\"800\" srcset=\"data:image\/svg+xml,%3Csvg%20xmlns%3D%27http%3A%2F%2Fwww.w3.org%2F2000%2Fsvg%27%20width%3D%271200%27%20height%3D%27800%27%20viewBox%3D%270%200%201200%20800%27%3E%3Crect%20width%3D%271200%27%20height%3D%27800%27%20fill-opacity%3D%220%22%2F%3E%3C%2Fsvg%3E\" data-srcset=\"https:\/\/fr.motocrossmag.be\/wp-content\/uploads\/2025\/04\/Faure_Trentino_2025_Fullspectrum_ESZ-55183_preview-200x133.jpg 200w, https:\/\/fr.motocrossmag.be\/wp-content\/uploads\/2025\/04\/Faure_Trentino_2025_Fullspectrum_ESZ-55183_preview-400x267.jpg 400w, https:\/\/fr.motocrossmag.be\/wp-content\/uploads\/2025\/04\/Faure_Trentino_2025_Fullspectrum_ESZ-55183_preview-600x400.jpg 600w, https:\/\/fr.motocrossmag.be\/wp-content\/uploads\/2025\/04\/Faure_Trentino_2025_Fullspectrum_ESZ-55183_preview-650x433.jpg 650w, https:\/\/fr.motocrossmag.be\/wp-content\/uploads\/2025\/04\/Faure_Trentino_2025_Fullspectrum_ESZ-55183_preview-768x512.jpg 768w, https:\/\/fr.motocrossmag.be\/wp-content\/uploads\/2025\/04\/Faure_Trentino_2025_Fullspectrum_ESZ-55183_preview-800x533.jpg 800w, https:\/\/fr.motocrossmag.be\/wp-content\/uploads\/2025\/04\/Faure_Trentino_2025_Fullspectrum_ESZ-55183_preview-1024x683.jpg 1024w, https:\/\/fr.motocrossmag.be\/wp-content\/uploads\/2025\/04\/Faure_Trentino_2025_Fullspectrum_ESZ-55183_preview.jpg 1200w\" data-sizes=\"auto\" data-orig-sizes=\"(max-width: 1200px) 100vw, 1200px\" \/><\/a><\/p>\n<p>Le tr\u00e8s beau circuit de Pietramurata a accueilli les classes EMX125 et EMX250 ce week-end. La piste a \u00e9t\u00e9 pr\u00e9par\u00e9e de mani\u00e8re impeccable, la surface caillouteuse offrant de nombreuses lignes et possibilit\u00e9s de d\u00e9passement. Les conditions ont vari\u00e9 consid\u00e9rablement d&rsquo;une course \u00e0 l&rsquo;autre, le soleil du samedi offrant une surface s\u00e8che, tandis que les pluies du dimanche ont g\u00e9n\u00e9r\u00e9 une piste difficile et glissante ce matin.<\/p>\n<p>Apr\u00e8s un d\u00e9but de saison plus timide, Faure est actuellement dans une forme exceptionnelle depuis qu&rsquo;il a remport\u00e9 la deuxi\u00e8me manche en France. Sa cinqui\u00e8me place dans le sable de Sardaigne le week-end dernier a mis en \u00e9vidence sa capacit\u00e9 \u00e0 performer sur des circuits vari\u00e9s, et le jeune Fran\u00e7ais a poursuivi sur sa lanc\u00e9e lors de la quatri\u00e8me manche de la s\u00e9rie ce week-end. Le jeune homme a \u00e9galement fait preuve de sang-froid dans la premi\u00e8re course, o\u00f9, apr\u00e8s un d\u00e9part en milieu de peloton, il a progress\u00e9 jusqu&rsquo;\u00e0 atteindre la deuxi\u00e8me place \u00e0 quelques tours de l&rsquo;arriv\u00e9e.<\/p>\n<p>Quatri\u00e8me \u00e0 Trentino ce week-end, le Hongrois \u00c1ron Katona reste solidement en t\u00eate du provisoire devant les Italiens Francesco Bellei et Niccolo Mannini alors que Faure, revenu en quatri\u00e8me position, pointe d\u00e9sormais \u00e0 32 points de la plaque rouge.<\/p>\n<p>Ian Ampoorter a termin\u00e9 15\u00e8me samedi dans la premi\u00e8re manche alors que Jarne Bervoets, excellent 6\u00e8me temps des essais chronom\u00e9tr\u00e9s, chutait dans le premier virage et repartait avec un frein arri\u00e8re endommag\u00e9 pour se lancer \u00e0 la poursuite du peloton et sauver finalement in extremis un petit point sous le drapeau \u00e0 damiers.<\/p>\n<div id=\"attachment_147305\" style=\"width: 1210px\" class=\"wp-caption alignnone\"><a href=\"https:\/\/fr.motocrossmag.be\/wp-content\/uploads\/2025\/04\/Bervoets_Trentino_2025_Fullspectrum_BS_DSC_9781.jpg\"><img decoding=\"async\" aria-describedby=\"caption-attachment-147305\" class=\"lazyload wp-image-147305 size-full\" src=\"https:\/\/fr.motocrossmag.be\/wp-content\/uploads\/2025\/04\/Bervoets_Trentino_2025_Fullspectrum_BS_DSC_9781.jpg\" data-orig-src=\"https:\/\/fr.motocrossmag.be\/wp-content\/uploads\/2025\/04\/Bervoets_Trentino_2025_Fullspectrum_BS_DSC_9781.jpg\" alt=\"\" width=\"1200\" height=\"800\" srcset=\"data:image\/svg+xml,%3Csvg%20xmlns%3D%27http%3A%2F%2Fwww.w3.org%2F2000%2Fsvg%27%20width%3D%271200%27%20height%3D%27800%27%20viewBox%3D%270%200%201200%20800%27%3E%3Crect%20width%3D%271200%27%20height%3D%27800%27%20fill-opacity%3D%220%22%2F%3E%3C%2Fsvg%3E\" data-srcset=\"https:\/\/fr.motocrossmag.be\/wp-content\/uploads\/2025\/04\/Bervoets_Trentino_2025_Fullspectrum_BS_DSC_9781-200x133.jpg 200w, https:\/\/fr.motocrossmag.be\/wp-content\/uploads\/2025\/04\/Bervoets_Trentino_2025_Fullspectrum_BS_DSC_9781-400x267.jpg 400w, https:\/\/fr.motocrossmag.be\/wp-content\/uploads\/2025\/04\/Bervoets_Trentino_2025_Fullspectrum_BS_DSC_9781-600x400.jpg 600w, https:\/\/fr.motocrossmag.be\/wp-content\/uploads\/2025\/04\/Bervoets_Trentino_2025_Fullspectrum_BS_DSC_9781-650x433.jpg 650w, https:\/\/fr.motocrossmag.be\/wp-content\/uploads\/2025\/04\/Bervoets_Trentino_2025_Fullspectrum_BS_DSC_9781-768x512.jpg 768w, https:\/\/fr.motocrossmag.be\/wp-content\/uploads\/2025\/04\/Bervoets_Trentino_2025_Fullspectrum_BS_DSC_9781-800x533.jpg 800w, https:\/\/fr.motocrossmag.be\/wp-content\/uploads\/2025\/04\/Bervoets_Trentino_2025_Fullspectrum_BS_DSC_9781-1024x683.jpg 1024w, https:\/\/fr.motocrossmag.be\/wp-content\/uploads\/2025\/04\/Bervoets_Trentino_2025_Fullspectrum_BS_DSC_9781.jpg 1200w\" data-sizes=\"auto\" data-orig-sizes=\"(max-width: 1200px) 100vw, 1200px\" \/><\/a><p id=\"caption-attachment-147305\" class=\"wp-caption-text\">Chute au d\u00e9part en premi\u00e8re manche, abandon sur ennuis m\u00e9caniques dans la seconde&#8230; Jarne Bervoets revient de Trentino avec un seul petit point en poche.<\/p><\/div>\n<p>Aucun de nos compatriotes ne marquera le moindre point ce dimanche matin puisque aucun Belge ne franchira malheureusement la ligne d&rsquo;arriv\u00e9e. Jarne Bervoets s&rsquo;est retir\u00e9 \u00e0 la mi-course sur probl\u00e8me m\u00e9canique. Une maigre r\u00e9colte pour Bervoets qui vaut au premier leader du provisoire EMX125 de plus occuper d\u00e9sormais que la 11\u00e8me place au provisoire.<\/p>\n<p>Esp\u00e9rons que la prochaine \u00e9tape de la saison EMX125 sera plus profitable pour les n\u00f4tres ! Elle est pr\u00e9vue le week-end prochain en Suisse, sur la piste de Frauenfeld.<\/p>\n<p>&nbsp;<\/p>\n<p><span style=\"color: #800000;\"><strong>R\u00e9sultats<\/strong><\/span><\/p>\n<p>MANCHE 1<\/p>\n<p>1. Cole McCullough (IRL, Fantic), 29:20.950; 2. Mano Faure (FRA, Yamaha), +0:03.447; 3. \u00c1ron Katona (HUN, KTM), +0:08.468; 4. Riccardo Pini (ITA, TM), +0:10.651; 5. Francesco Bellei (ITA, Fantic), +0:11.833; 6. Nicol\u00f2 Alvisi (ITA, KTM), +0:13.643; 7. Niccolo Mannini (ITA, TM), +0:14.432; 8. Ryan Oppliger (SUI, KTM), +0:23.243; 9. Jekabs Kubulins (LAT, Yamaha), +0:27.365; 10. Gennaro Utech (ITA, TM), +0:33.534; 11. Vitezslav Marek (CZE, KTM), +0:35.753; 12. Sleny Goyer (FRA, Yamaha), +0:36.874; 13. Filippo Mantovani (ITA, KTM), +0:37.509; 14. Bertram Thorius (DEN, Yamaha), +0:44.660; <strong>15. Ian Ampoorter (BEL, GASGAS), +0:45.383<\/strong>; 16. Moritz Ernecker (AUT, KTM), +0:46.968; 17. Hayden Statt (GBR, Yamaha), +0:48.275; 18. Andrea Roberti (ITA, Fantic), +0:49.569; 19. Dani Heitink (NED, Yamaha), +0:53.486; <strong>20. Jarne Bervoets (BEL, Yamaha), +0:59.844<\/strong>; 21. Cesar Paine Diaz (CHI, Husqvarna), +1:03.036; 22. David Cracco (ITA, KTM), +1:11.351; 23. Vencislav Toshev (BUL, Fantic), +1:12.189; <strong>24. Douwe Van Mechgelen (BEL, Fantic), +1:20.714<\/strong>; 25. Storm Maymann (DEN, Yamaha), +1:21.822; 26. Dawid Zaremba (POL, Yamaha), +1:22.271; 27. Martin Cervenka (CZE, KTM), +1:23.043; 28. Samuel Tapia (ESP, GASGAS), +1:26.657; 29. Edoardo Riganti (ITA, Husqvarna), +1:29.876; 30. Goncalo Cardoso (POR, Husqvarna), +1:31.348; 31. Drew Stock (GBR, Yamaha), +1:31.571; 32. Leonardo Calandra (ITA, Husqvarna), +1:33.052; 33. L\u00e9o Diss-Fenard (FRA, KTM), +1:34.550; 34. Pablo Lara (ESP, GASGAS), +1:41.513; 35. Jorge Salvador (ESP, KTM), +1:43.985; 36. Kenzo Ferez (FRA, Yamaha), +1:51.736; 37. Max Meyer (GER, Yamaha), -1 lap(s); 38. David Kadlecek (CZE, Husqvarna), -1 lap(s); 39. Andrea Uccellini (ITA, Husqvarna), -10 lap(s); 40. Dean Gregoire (NED, KTM), -14 lap(s);<\/p>\n<p>MANCHE 2<\/p>\n<p>1. Niccolo Mannini (ITA, TM), 29:38.147; 2. Francesco Bellei (ITA, Fantic), +0:03.093; 3. Filippo Mantovani (ITA, KTM), +0:06.280; 4. Mano Faure (FRA, Yamaha), +0:18.038; 5. Nicol\u00f2 Alvisi (ITA, KTM), +0:27.458; 6. \u00c1ron Katona (HUN, KTM), +0:28.263; 7. Riccardo Pini (ITA, TM), +0:45.566; 8. Dani Heitink (NED, Yamaha), +0:48.721; 9. Vitezslav Marek (CZE, KTM), +0:54.819; 10. Jekabs Kubulins (LAT, Yamaha), +0:59.415; 11. Bertram Thorius (DEN, Yamaha), +1:04.610; 12. Cesar Paine Diaz (CHI, Husqvarna), +1:09.088; 13. Dawid Zaremba (POL, Yamaha), +1:11.747; 14. Sleny Goyer (FRA, Yamaha), -1 lap(s); 15. Andrea Roberti (ITA, Fantic), -1 lap(s); 16. Dean Gregoire (NED, KTM), -1 lap(s); 17. Edoardo Riganti (ITA, Husqvarna), -1 lap(s); 18. Drew Stock (GBR, Yamaha), -1 lap(s); 19. Pablo Lara (ESP, GASGAS), -1 lap(s); 20. Leonardo Calandra (ITA, Husqvarna), -1 lap(s); 21. David Cracco (ITA, KTM), -1 lap(s); 22. Hayden Statt (GBR, Yamaha), -1 lap(s); 23. Andrea Uccellini (ITA, Husqvarna), -1 lap(s); 24. Martin Cervenka (CZE, KTM), -1 lap(s); 25. Samuel Tapia (ESP, GASGAS), -1 lap(s); 26. Storm Maymann (DEN, Yamaha), -1 lap(s); 27. David Kadlecek (CZE, Husqvarna), -1 lap(s); 28. Goncalo Cardoso (POR, Husqvarna), -1 lap(s); 29. Ot Mari (ESP, KTM), -1 lap(s); 30. Kenzo Ferez (FRA, Yamaha), -1 lap(s); 31. Jorge Salvador (ESP, KTM), -2 lap(s); 32. L\u00e9o Diss-Fenard (FRA, KTM), -7 lap(s); 33. Cole McCullough (IRL, Fantic), -8 lap(s); <strong>34. Douwe Van Mechgelen (BEL, Fantic), -8 lap(s);<\/strong> 35. Ryan Oppliger (SUI, KTM), -9 lap(s); 36. Gennaro Utech (ITA, TM), -9 lap(s); <strong>37. Jarne Bervoets (BEL, Yamaha), -9 lap(s);<\/strong> 38. Moritz Ernecker (AUT, KTM), -9 lap(s); 39. Vencislav Toshev (BUL, Fantic), -10 lap(s); <strong>40. Ian Ampoorter (BEL, GASGAS), -11 lap(s);<\/strong><\/p>\n<p>CLASSEMENT GENERAL EMX 125<\/p>\n<p>1. Mano Faure (FRA, YAM), 40 points; 2. Niccolo Mannini (ITA, TM), 39 p.; 3. Francesco Bellei (ITA, FAN), 38 p.; 4. \u00c1ron Katona (HUN, KTM), 35 p.; 5. Riccardo Pini (ITA, TM), 32 p.; 6. Nicol\u00f2 Alvisi (ITA, KTM), 31 p.; 7. Filippo Mantovani (ITA, KTM), 28 p.; 8. Cole McCullough (IRL, FAN), 25 p.; 9. Jekabs Kubulins (LAT, YAM), 23 p.; 10. Vitezslav Marek (CZE, KTM), 22 p.; 11. Bertram Thorius (DEN, YAM), 17 p.; 12. Sleny Goyer (FRA, YAM), 16 p.; 13. Dani Heitink (NED, YAM), 15 p.; 14. Ryan Oppliger (SUI, KTM), 13 p.; 15. Gennaro Utech (ITA, TM), 11 p.; 16. Cesar Paine Diaz (CHI, HUS), 9 p.; 17. Andrea Roberti (ITA, FAN), 9 p.; 18. Dawid Zaremba (POL, YAM), 8 p.; <strong>19. Ian Ampoorter (BEL, GAS), 6 p.;<\/strong> 20. Dean Gregoire (NED, KTM), 5 p.; 21. Moritz Ernecker (AUT, KTM), 5 p.; 22. Edoardo Riganti (ITA, HUS), 4 p.; 23. Hayden Statt (GBR, YAM), 4 p.; 24. Drew Stock (GBR, YAM), 3 p.; 25. Pablo Lara (ESP, GAS), 2 p.; 26. Leonardo Calandra (ITA, HUS), 1 p.; <strong>27. Jarne Bervoets (BEL, YAM), 1 p.;<\/strong> 28. David Cracco (ITA, KTM), 0 p.; 29. Andrea Uccellini (ITA, HUS), 0 p.; 30. Martin Cervenka (CZE, KTM), 0 p.; 31. Samuel Tapia (ESP, GAS), 0 p.; 32. Storm Maymann (DEN, YAM), 0 p.; 33. David Kadlecek (CZE, HUS), 0 p.; 34. Goncalo Cardoso (POR, HUS), 0 p.; 35. Ot Mari (ESP, KTM), 0 p.; 36. Kenzo Ferez (FRA, YAM), 0 p.; 37. Jorge Salvador (ESP, KTM), 0 p.; 38. L\u00e9o Diss-Fenard (FRA, KTM), 0 p.; <strong>39. Douwe Van Mechgelen (BEL, FAN), 0 p.<\/strong>; 40. Vencislav Toshev (BUL, FAN), 0 p.;<\/p>\n<p>CLASSEMENT PROVISOIRE EMX125<\/p>\n<p>1. \u00c1ron Katona (HUN, KTM), 150 points; 2. Francesco Bellei (ITA, FAN), 125 p.; 3. Niccolo Mannini (ITA, TM), 121 p.; 4. Mano Faure (FRA, YAM), 118 p.; 5. Riccardo Pini (ITA, TM), 114 p.; 6. Nicol\u00f2 Alvisi (ITA, KTM), 113 p.; 7. Dani Heitink (NED, YAM), 103 p.; 8. Filippo Mantovani (ITA, KTM), 100 p.; 9. Jekabs Kubulins (LAT, YAM), 95 p.; 10. Cole McCullough (IRL, FAN), 91 p.; <strong>11. Jarne Bervoets (BEL, YAM), 82 p.<\/strong>; 12. Ryan Oppliger (SUI, KTM), 71 p.; 13. Gennaro Utech (ITA, TM), 68 p.; 14. Sleny Goyer (FRA, YAM), 67 p.; <strong>15. Douwe Van Mechgelen (BEL, FAN), 45 p.;<\/strong> <strong>16. Ian Ampoorter (BEL, GAS), 33 p.<\/strong>; 17. Dean Gregoire (NED, KTM), 28 p.; 18. Vitezslav Marek (CZE, KTM), 27 p.; 19. Vencislav Toshev (BUL, FAN), 27 p.; 20. Pablo Lara (ESP, GAS), 27 p.; 21. Bertram Thorius (DEN, YAM), 24 p.; 22. Raivo Laicans (LAT, GAS), 18 p.; 23. Levi Townley (NZL, YAM), 18 p.; 24. Andrea Roberti (ITA, FAN), 16 p.; 25. Ricardo Bauer (AUT, KTM), 13 p.; <strong>26. Tyla Van de Poel (BEL, YAM), 12 p.<\/strong>; 27. Emil Ziemer (SUI, KTM), 11 p.; 28. Cesar Paine Diaz (CHI, HUS), 9 p.; 29. Drew Stock (GBR, YAM), 9 p.; 30. Dawid Zaremba (POL, YAM), 8 p.; 31. Felix Cardineau (FRA, GAS), 6 p.; 32. Moritz Ernecker (AUT, KTM), 5 p.; 33. Hayden Statt (GBR, YAM), 5 p.; 34. Edoardo Riganti (ITA, HUS), 4 p.; 35. L\u00e9o Diss-Fenard (FRA, KTM), 2 p.; 36. David Cracco (ITA, KTM), 1 p.; 37. Storm Maymann (DEN, YAM), 1 p.; 38. Leonardo Calandra (ITA, HUS), 1 p.;<\/p>\n","protected":false},"excerpt":{"rendered":"<p>Mano Faure a remport\u00e9 la quatri\u00e8me manche de la saison EMX125 et s&rsquo;est ainsi assur\u00e9 sa deuxi\u00e8me victoire au classement g\u00e9n\u00e9ral de la saison. Le jeune Fran\u00e7ais s&rsquo;est class\u00e9 deuxi\u00e8me [&#8230;]<\/p>\n","protected":false},"author":932,"featured_media":147303,"comment_status":"open","ping_status":"closed","sticky":false,"template":"","format":"standard","meta":{"footnotes":""},"categories":[54,128,44,4,5,45,55,56,65],"tags":[823,1792,1900,947],"class_list":["post-147298","post","type-post","status-publish","format-standard","has-post-thumbnail","hentry","category-actualite","category-emx-125-emx2","category-kids","category-motocross","category-news","category-news-kids","category-news-actualite","category-resultats","category-slideshow","tag-emx125","tag-jarne-bervoets","tag-mano-faure","tag-motocross"],"yoast_head":"<!-- This site is optimized with the Yoast SEO plugin v27.4 - https:\/\/yoast.com\/product\/yoast-seo-wordpress\/ -->\n<title>EMX125 : Mano Faure le plus r\u00e9gulier \u00e0 Trentino - Motocross - Enduro - Supermoto | MotocrossMag<\/title>\n<meta name=\"robots\" content=\"index, follow, max-snippet:-1, max-image-preview:large, max-video-preview:-1\" \/>\n<link rel=\"canonical\" href=\"https:\/\/fr.motocrossmag.be\/index.php\/2025\/04\/emx125-mano-faure-le-plus-regulier-a-trentino\/\" \/>\n<meta property=\"og:locale\" content=\"fr_FR\" \/>\n<meta property=\"og:type\" content=\"article\" \/>\n<meta property=\"og:title\" content=\"EMX125 : Mano Faure le plus r\u00e9gulier \u00e0 Trentino - Motocross - Enduro - Supermoto | MotocrossMag\" \/>\n<meta property=\"og:description\" content=\"Mano Faure a remport\u00e9 la quatri\u00e8me manche de la saison EMX125 et s&rsquo;est ainsi assur\u00e9 sa deuxi\u00e8me victoire au classement g\u00e9n\u00e9ral de la saison. Le jeune Fran\u00e7ais s&rsquo;est class\u00e9 deuxi\u00e8me [...]\" \/>\n<meta property=\"og:url\" content=\"https:\/\/fr.motocrossmag.be\/index.php\/2025\/04\/emx125-mano-faure-le-plus-regulier-a-trentino\/\" \/>\n<meta property=\"og:site_name\" content=\"Motocross - Enduro - Supermoto | MotocrossMag\" \/>\n<meta property=\"article:published_time\" content=\"2025-04-13T12:09:44+00:00\" \/>\n<meta property=\"og:image\" content=\"https:\/\/fr.motocrossmag.be\/wp-content\/uploads\/2025\/04\/Faure_Trentino_2025_Fullspectrum_BS_DSC_9653_preview.jpg\" \/>\n\t<meta property=\"og:image:width\" content=\"1200\" \/>\n\t<meta property=\"og:image:height\" content=\"800\" \/>\n\t<meta property=\"og:image:type\" content=\"image\/jpeg\" \/>\n<meta name=\"author\" content=\"oliviere\" \/>\n<meta name=\"twitter:card\" content=\"summary_large_image\" \/>\n<meta name=\"twitter:label1\" content=\"\u00c9crit par\" \/>\n\t<meta name=\"twitter:data1\" content=\"oliviere\" \/>\n\t<meta name=\"twitter:label2\" content=\"Dur\u00e9e de lecture estim\u00e9e\" \/>\n\t<meta name=\"twitter:data2\" content=\"1 minute\" \/>\n<script type=\"application\/ld+json\" class=\"yoast-schema-graph\">{\"@context\":\"https:\\\/\\\/schema.org\",\"@graph\":[{\"@type\":\"Article\",\"@id\":\"https:\\\/\\\/fr.motocrossmag.be\\\/index.php\\\/2025\\\/04\\\/emx125-mano-faure-le-plus-regulier-a-trentino\\\/#article\",\"isPartOf\":{\"@id\":\"https:\\\/\\\/fr.motocrossmag.be\\\/index.php\\\/2025\\\/04\\\/emx125-mano-faure-le-plus-regulier-a-trentino\\\/\"},\"author\":{\"name\":\"oliviere\",\"@id\":\"https:\\\/\\\/fr.motocrossmag.be\\\/#\\\/schema\\\/person\\\/11b47143d9f755babca2c9110e03235c\"},\"headline\":\"EMX125 : Mano Faure le plus r\u00e9gulier \u00e0 Trentino\",\"datePublished\":\"2025-04-13T12:09:44+00:00\",\"mainEntityOfPage\":{\"@id\":\"https:\\\/\\\/fr.motocrossmag.be\\\/index.php\\\/2025\\\/04\\\/emx125-mano-faure-le-plus-regulier-a-trentino\\\/\"},\"wordCount\":1337,\"commentCount\":0,\"image\":{\"@id\":\"https:\\\/\\\/fr.motocrossmag.be\\\/index.php\\\/2025\\\/04\\\/emx125-mano-faure-le-plus-regulier-a-trentino\\\/#primaryimage\"},\"thumbnailUrl\":\"https:\\\/\\\/fr.motocrossmag.be\\\/wp-content\\\/uploads\\\/2025\\\/04\\\/Faure_Trentino_2025_Fullspectrum_BS_DSC_9653_preview.jpg\",\"keywords\":[\"emx125\",\"jarne bervoets\",\"mano faure\",\"Motocross\"],\"articleSection\":[\"Actualit\u00e9\",\"EMX\",\"Kids\",\"Motocross\",\"News\",\"News\",\"News\",\"R\u00e9sultats\",\"Slideshow\"],\"inLanguage\":\"fr-FR\",\"potentialAction\":[{\"@type\":\"CommentAction\",\"name\":\"Comment\",\"target\":[\"https:\\\/\\\/fr.motocrossmag.be\\\/index.php\\\/2025\\\/04\\\/emx125-mano-faure-le-plus-regulier-a-trentino\\\/#respond\"]}]},{\"@type\":\"WebPage\",\"@id\":\"https:\\\/\\\/fr.motocrossmag.be\\\/index.php\\\/2025\\\/04\\\/emx125-mano-faure-le-plus-regulier-a-trentino\\\/\",\"url\":\"https:\\\/\\\/fr.motocrossmag.be\\\/index.php\\\/2025\\\/04\\\/emx125-mano-faure-le-plus-regulier-a-trentino\\\/\",\"name\":\"EMX125 : Mano Faure le plus r\u00e9gulier \u00e0 Trentino - Motocross - Enduro - Supermoto | MotocrossMag\",\"isPartOf\":{\"@id\":\"https:\\\/\\\/fr.motocrossmag.be\\\/#website\"},\"primaryImageOfPage\":{\"@id\":\"https:\\\/\\\/fr.motocrossmag.be\\\/index.php\\\/2025\\\/04\\\/emx125-mano-faure-le-plus-regulier-a-trentino\\\/#primaryimage\"},\"image\":{\"@id\":\"https:\\\/\\\/fr.motocrossmag.be\\\/index.php\\\/2025\\\/04\\\/emx125-mano-faure-le-plus-regulier-a-trentino\\\/#primaryimage\"},\"thumbnailUrl\":\"https:\\\/\\\/fr.motocrossmag.be\\\/wp-content\\\/uploads\\\/2025\\\/04\\\/Faure_Trentino_2025_Fullspectrum_BS_DSC_9653_preview.jpg\",\"datePublished\":\"2025-04-13T12:09:44+00:00\",\"author\":{\"@id\":\"https:\\\/\\\/fr.motocrossmag.be\\\/#\\\/schema\\\/person\\\/11b47143d9f755babca2c9110e03235c\"},\"breadcrumb\":{\"@id\":\"https:\\\/\\\/fr.motocrossmag.be\\\/index.php\\\/2025\\\/04\\\/emx125-mano-faure-le-plus-regulier-a-trentino\\\/#breadcrumb\"},\"inLanguage\":\"fr-FR\",\"potentialAction\":[{\"@type\":\"ReadAction\",\"target\":[\"https:\\\/\\\/fr.motocrossmag.be\\\/index.php\\\/2025\\\/04\\\/emx125-mano-faure-le-plus-regulier-a-trentino\\\/\"]}]},{\"@type\":\"ImageObject\",\"inLanguage\":\"fr-FR\",\"@id\":\"https:\\\/\\\/fr.motocrossmag.be\\\/index.php\\\/2025\\\/04\\\/emx125-mano-faure-le-plus-regulier-a-trentino\\\/#primaryimage\",\"url\":\"https:\\\/\\\/fr.motocrossmag.be\\\/wp-content\\\/uploads\\\/2025\\\/04\\\/Faure_Trentino_2025_Fullspectrum_BS_DSC_9653_preview.jpg\",\"contentUrl\":\"https:\\\/\\\/fr.motocrossmag.be\\\/wp-content\\\/uploads\\\/2025\\\/04\\\/Faure_Trentino_2025_Fullspectrum_BS_DSC_9653_preview.jpg\",\"width\":1200,\"height\":800},{\"@type\":\"BreadcrumbList\",\"@id\":\"https:\\\/\\\/fr.motocrossmag.be\\\/index.php\\\/2025\\\/04\\\/emx125-mano-faure-le-plus-regulier-a-trentino\\\/#breadcrumb\",\"itemListElement\":[{\"@type\":\"ListItem\",\"position\":1,\"name\":\"Accueil\",\"item\":\"https:\\\/\\\/fr.motocrossmag.be\\\/\"},{\"@type\":\"ListItem\",\"position\":2,\"name\":\"EMX125 : Mano Faure le plus r\u00e9gulier \u00e0 Trentino\"}]},{\"@type\":\"WebSite\",\"@id\":\"https:\\\/\\\/fr.motocrossmag.be\\\/#website\",\"url\":\"https:\\\/\\\/fr.motocrossmag.be\\\/\",\"name\":\"Motocross - Enduro - Supermoto | MotocrossMag\",\"description\":\"L&#039;actualit\u00e9 du motocross, de l&#039;enduro et du Supermoto en ligne!\",\"potentialAction\":[{\"@type\":\"SearchAction\",\"target\":{\"@type\":\"EntryPoint\",\"urlTemplate\":\"https:\\\/\\\/fr.motocrossmag.be\\\/?s={search_term_string}\"},\"query-input\":{\"@type\":\"PropertyValueSpecification\",\"valueRequired\":true,\"valueName\":\"search_term_string\"}}],\"inLanguage\":\"fr-FR\"},{\"@type\":\"Person\",\"@id\":\"https:\\\/\\\/fr.motocrossmag.be\\\/#\\\/schema\\\/person\\\/11b47143d9f755babca2c9110e03235c\",\"name\":\"oliviere\",\"image\":{\"@type\":\"ImageObject\",\"inLanguage\":\"fr-FR\",\"@id\":\"https:\\\/\\\/secure.gravatar.com\\\/avatar\\\/907069e0b81d119452040469e4a7501da1100f54f7f80180ce77bfab718288f6?s=96&d=mm&r=g\",\"url\":\"https:\\\/\\\/secure.gravatar.com\\\/avatar\\\/907069e0b81d119452040469e4a7501da1100f54f7f80180ce77bfab718288f6?s=96&d=mm&r=g\",\"contentUrl\":\"https:\\\/\\\/secure.gravatar.com\\\/avatar\\\/907069e0b81d119452040469e4a7501da1100f54f7f80180ce77bfab718288f6?s=96&d=mm&r=g\",\"caption\":\"oliviere\"},\"sameAs\":[\"http:\\\/\\\/www.motocrossmag.be\"],\"url\":\"https:\\\/\\\/fr.motocrossmag.be\\\/index.php\\\/author\\\/oliviere\\\/\"}]}<\/script>\n<!-- \/ Yoast SEO plugin. -->","yoast_head_json":{"title":"EMX125 : Mano Faure le plus r\u00e9gulier \u00e0 Trentino - Motocross - Enduro - Supermoto | MotocrossMag","robots":{"index":"index","follow":"follow","max-snippet":"max-snippet:-1","max-image-preview":"max-image-preview:large","max-video-preview":"max-video-preview:-1"},"canonical":"https:\/\/fr.motocrossmag.be\/index.php\/2025\/04\/emx125-mano-faure-le-plus-regulier-a-trentino\/","og_locale":"fr_FR","og_type":"article","og_title":"EMX125 : Mano Faure le plus r\u00e9gulier \u00e0 Trentino - Motocross - Enduro - Supermoto | MotocrossMag","og_description":"Mano Faure a remport\u00e9 la quatri\u00e8me manche de la saison EMX125 et s&rsquo;est ainsi assur\u00e9 sa deuxi\u00e8me victoire au classement g\u00e9n\u00e9ral de la saison. Le jeune Fran\u00e7ais s&rsquo;est class\u00e9 deuxi\u00e8me [...]","og_url":"https:\/\/fr.motocrossmag.be\/index.php\/2025\/04\/emx125-mano-faure-le-plus-regulier-a-trentino\/","og_site_name":"Motocross - Enduro - Supermoto | MotocrossMag","article_published_time":"2025-04-13T12:09:44+00:00","og_image":[{"width":1200,"height":800,"url":"https:\/\/fr.motocrossmag.be\/wp-content\/uploads\/2025\/04\/Faure_Trentino_2025_Fullspectrum_BS_DSC_9653_preview.jpg","type":"image\/jpeg"}],"author":"oliviere","twitter_card":"summary_large_image","twitter_misc":{"\u00c9crit par":"oliviere","Dur\u00e9e de lecture estim\u00e9e":"1 minute"},"schema":{"@context":"https:\/\/schema.org","@graph":[{"@type":"Article","@id":"https:\/\/fr.motocrossmag.be\/index.php\/2025\/04\/emx125-mano-faure-le-plus-regulier-a-trentino\/#article","isPartOf":{"@id":"https:\/\/fr.motocrossmag.be\/index.php\/2025\/04\/emx125-mano-faure-le-plus-regulier-a-trentino\/"},"author":{"name":"oliviere","@id":"https:\/\/fr.motocrossmag.be\/#\/schema\/person\/11b47143d9f755babca2c9110e03235c"},"headline":"EMX125 : Mano Faure le plus r\u00e9gulier \u00e0 Trentino","datePublished":"2025-04-13T12:09:44+00:00","mainEntityOfPage":{"@id":"https:\/\/fr.motocrossmag.be\/index.php\/2025\/04\/emx125-mano-faure-le-plus-regulier-a-trentino\/"},"wordCount":1337,"commentCount":0,"image":{"@id":"https:\/\/fr.motocrossmag.be\/index.php\/2025\/04\/emx125-mano-faure-le-plus-regulier-a-trentino\/#primaryimage"},"thumbnailUrl":"https:\/\/fr.motocrossmag.be\/wp-content\/uploads\/2025\/04\/Faure_Trentino_2025_Fullspectrum_BS_DSC_9653_preview.jpg","keywords":["emx125","jarne bervoets","mano faure","Motocross"],"articleSection":["Actualit\u00e9","EMX","Kids","Motocross","News","News","News","R\u00e9sultats","Slideshow"],"inLanguage":"fr-FR","potentialAction":[{"@type":"CommentAction","name":"Comment","target":["https:\/\/fr.motocrossmag.be\/index.php\/2025\/04\/emx125-mano-faure-le-plus-regulier-a-trentino\/#respond"]}]},{"@type":"WebPage","@id":"https:\/\/fr.motocrossmag.be\/index.php\/2025\/04\/emx125-mano-faure-le-plus-regulier-a-trentino\/","url":"https:\/\/fr.motocrossmag.be\/index.php\/2025\/04\/emx125-mano-faure-le-plus-regulier-a-trentino\/","name":"EMX125 : Mano Faure le plus r\u00e9gulier \u00e0 Trentino - Motocross - Enduro - Supermoto | MotocrossMag","isPartOf":{"@id":"https:\/\/fr.motocrossmag.be\/#website"},"primaryImageOfPage":{"@id":"https:\/\/fr.motocrossmag.be\/index.php\/2025\/04\/emx125-mano-faure-le-plus-regulier-a-trentino\/#primaryimage"},"image":{"@id":"https:\/\/fr.motocrossmag.be\/index.php\/2025\/04\/emx125-mano-faure-le-plus-regulier-a-trentino\/#primaryimage"},"thumbnailUrl":"https:\/\/fr.motocrossmag.be\/wp-content\/uploads\/2025\/04\/Faure_Trentino_2025_Fullspectrum_BS_DSC_9653_preview.jpg","datePublished":"2025-04-13T12:09:44+00:00","author":{"@id":"https:\/\/fr.motocrossmag.be\/#\/schema\/person\/11b47143d9f755babca2c9110e03235c"},"breadcrumb":{"@id":"https:\/\/fr.motocrossmag.be\/index.php\/2025\/04\/emx125-mano-faure-le-plus-regulier-a-trentino\/#breadcrumb"},"inLanguage":"fr-FR","potentialAction":[{"@type":"ReadAction","target":["https:\/\/fr.motocrossmag.be\/index.php\/2025\/04\/emx125-mano-faure-le-plus-regulier-a-trentino\/"]}]},{"@type":"ImageObject","inLanguage":"fr-FR","@id":"https:\/\/fr.motocrossmag.be\/index.php\/2025\/04\/emx125-mano-faure-le-plus-regulier-a-trentino\/#primaryimage","url":"https:\/\/fr.motocrossmag.be\/wp-content\/uploads\/2025\/04\/Faure_Trentino_2025_Fullspectrum_BS_DSC_9653_preview.jpg","contentUrl":"https:\/\/fr.motocrossmag.be\/wp-content\/uploads\/2025\/04\/Faure_Trentino_2025_Fullspectrum_BS_DSC_9653_preview.jpg","width":1200,"height":800},{"@type":"BreadcrumbList","@id":"https:\/\/fr.motocrossmag.be\/index.php\/2025\/04\/emx125-mano-faure-le-plus-regulier-a-trentino\/#breadcrumb","itemListElement":[{"@type":"ListItem","position":1,"name":"Accueil","item":"https:\/\/fr.motocrossmag.be\/"},{"@type":"ListItem","position":2,"name":"EMX125 : Mano Faure le plus r\u00e9gulier \u00e0 Trentino"}]},{"@type":"WebSite","@id":"https:\/\/fr.motocrossmag.be\/#website","url":"https:\/\/fr.motocrossmag.be\/","name":"Motocross - Enduro - Supermoto | MotocrossMag","description":"L&#039;actualit\u00e9 du motocross, de l&#039;enduro et du Supermoto en ligne!","potentialAction":[{"@type":"SearchAction","target":{"@type":"EntryPoint","urlTemplate":"https:\/\/fr.motocrossmag.be\/?s={search_term_string}"},"query-input":{"@type":"PropertyValueSpecification","valueRequired":true,"valueName":"search_term_string"}}],"inLanguage":"fr-FR"},{"@type":"Person","@id":"https:\/\/fr.motocrossmag.be\/#\/schema\/person\/11b47143d9f755babca2c9110e03235c","name":"oliviere","image":{"@type":"ImageObject","inLanguage":"fr-FR","@id":"https:\/\/secure.gravatar.com\/avatar\/907069e0b81d119452040469e4a7501da1100f54f7f80180ce77bfab718288f6?s=96&d=mm&r=g","url":"https:\/\/secure.gravatar.com\/avatar\/907069e0b81d119452040469e4a7501da1100f54f7f80180ce77bfab718288f6?s=96&d=mm&r=g","contentUrl":"https:\/\/secure.gravatar.com\/avatar\/907069e0b81d119452040469e4a7501da1100f54f7f80180ce77bfab718288f6?s=96&d=mm&r=g","caption":"oliviere"},"sameAs":["http:\/\/www.motocrossmag.be"],"url":"https:\/\/fr.motocrossmag.be\/index.php\/author\/oliviere\/"}]}},"_links":{"self":[{"href":"https:\/\/fr.motocrossmag.be\/index.php\/wp-json\/wp\/v2\/posts\/147298","targetHints":{"allow":["GET"]}}],"collection":[{"href":"https:\/\/fr.motocrossmag.be\/index.php\/wp-json\/wp\/v2\/posts"}],"about":[{"href":"https:\/\/fr.motocrossmag.be\/index.php\/wp-json\/wp\/v2\/types\/post"}],"author":[{"embeddable":true,"href":"https:\/\/fr.motocrossmag.be\/index.php\/wp-json\/wp\/v2\/users\/932"}],"replies":[{"embeddable":true,"href":"https:\/\/fr.motocrossmag.be\/index.php\/wp-json\/wp\/v2\/comments?post=147298"}],"version-history":[{"count":1,"href":"https:\/\/fr.motocrossmag.be\/index.php\/wp-json\/wp\/v2\/posts\/147298\/revisions"}],"predecessor-version":[{"id":147307,"href":"https:\/\/fr.motocrossmag.be\/index.php\/wp-json\/wp\/v2\/posts\/147298\/revisions\/147307"}],"wp:featuredmedia":[{"embeddable":true,"href":"https:\/\/fr.motocrossmag.be\/index.php\/wp-json\/wp\/v2\/media\/147303"}],"wp:attachment":[{"href":"https:\/\/fr.motocrossmag.be\/index.php\/wp-json\/wp\/v2\/media?parent=147298"}],"wp:term":[{"taxonomy":"category","embeddable":true,"href":"https:\/\/fr.motocrossmag.be\/index.php\/wp-json\/wp\/v2\/categories?post=147298"},{"taxonomy":"post_tag","embeddable":true,"href":"https:\/\/fr.motocrossmag.be\/index.php\/wp-json\/wp\/v2\/tags?post=147298"}],"curies":[{"name":"wp","href":"https:\/\/api.w.org\/{rel}","templated":true}]}}