{"id":147308,"date":"2025-04-13T14:31:09","date_gmt":"2025-04-13T12:31:09","guid":{"rendered":"https:\/\/fr.motocrossmag.be\/?p=147308"},"modified":"2025-04-13T14:31:09","modified_gmt":"2025-04-13T12:31:09","slug":"emx250-premier-succes-pour-lespagnol-francisco-garcia-a-trentino","status":"publish","type":"post","link":"https:\/\/fr.motocrossmag.be\/index.php\/2025\/04\/emx250-premier-succes-pour-lespagnol-francisco-garcia-a-trentino\/","title":{"rendered":"EMX250 : premier succ\u00e8s pour l&rsquo;Espagnol Francisco Garcia \u00e0 Trentino"},"content":{"rendered":"<p>L&rsquo;Espagnol Francisco Garcia a remport\u00e9 ce week-end \u00e0 Trentino la 3\u00e8me \u00e9preuve comptant pour le championnat d&rsquo;Europe EMX250. La nouvelle recrue du team Kawasaki Bud Racing s&rsquo;est impos\u00e9 dans la premi\u00e8re manche samedi devant le nouveau leader du classement provisoire Janis Reisulis puis s&rsquo;est content\u00e9 d&rsquo;une 7\u00e8me place dans la seconde ce dimanche matin pour inscrire la premi\u00e8re victoire EMX250 \u00e0 son palmar\u00e8s.<\/p>\n<p>Week-end particulier pour Janis Reisulis puisque, malgr\u00e9 un abandon en seconde manche sur ennuis m\u00e9caniques, l&rsquo;officiel Yamaha profite de l&rsquo;absence d&rsquo;Adrien Petit, qui s&rsquo;est fractur\u00e9 la clavicule lors des essais matinaux samedi, pour prendre la t\u00eate du classement provisoire avec 16 points de mieux que Noel Zanocz, seulement 14\u00e8me \u00e0 Trentino.<\/p>\n<p>Le championnat EMX250 semble plus ouvert que jamais ! La suite dans une petite semaine \u00e0 peine, sur la piste helv\u00e9tique de Frauenfeld.<\/p>\n<p><span style=\"color: #800000;\"><strong>R\u00e9sultats<\/strong><\/span><\/p>\n<p>MANCHE 1<\/p>\n<p>1. Francisco Garcia (ESP, Kawasaki), 30:37.105; 2. Janis Martins Reisulis (LAT, Yamaha), +0:08.533; 3. William Askew (GBR, Triumph), +0:11.415; 4. Nicolai Skovbjerg (DEN, Yamaha), +0:14.131; 5. Alexis Fueri (FRA, KTM), +0:14.910; 6. Adria Monne (ESP, GASGAS), +0:15.916; 7. Noel Zanocz (HUN, Honda), +0:16.649; 8. Sebastian Leok (EST, Husqvarna), +0:21.486; 9. Nico Greutmann (SUI, Husqvarna), +0:27.387;\u00a010. Bradley Mesters (NED, KTM), +0:35.645;\u00a011. Lyonel Reichl (LIE, Husqvarna), +0:38.831; 12. Maximilian Ernecker (AUT, KTM), +0:40.019; 13. August Frisk (SWE, KTM), +0:51.950; 14. Valentin Kees (GER, KTM), +0:58.748; 15. Liam Owens (AUS, Husqvarna), +1:00.188; 16. Salvador Perez (ESP, GASGAS), +1:07.115;\u00a017. Gyan Doensen (NED, KTM), +1:10.790;\u00a018. Paolo Maschio (FRA, Honda), +1:12.169; 19. Leon Rudolph (GER, KTM), +1:12.332; 20. Hakon Osterhagen (NOR, Fantic), +1:13.244; 21. Bobby Bruce (GBR, Kawasaki), +1:24.425; 22. Manuel Carreras (ESP, Honda), +1:27.909; 23. Bruno Miro (ESP, Husqvarna), +1:31.448; 24. Eric Rakow (GER, KTM), +1:33.306; 25. Jake Cannon (AUS, Kawasaki), +1:34.439; 26. Ollie Colmer (GBR, KTM), +1:44.726; 27. Lorenzo Aglietti (ITA, Husqvarna), +1:51.265; 28. Sampo Rainio (FIN, Beta), +1:57.981; 29. Vincenzo Bove (ITA, GASGAS), -1 lap(s); 30. Alessandro Gaspari (ITA, Honda), -1 lap(s); 31. Mattia Nardo (ITA, GASGAS), -1 lap(s);<strong> 32. Harry Seel (BEL, KTM), -2 lap(s)<\/strong>; 33. Hugo Forsgren (SWE, Honda), -2 lap(s); 34. Luca Ruffini (ITA, Husqvarna), -3 lap(s); 35. Maurizio Scollo (ITA, Husqvarna), -6 lap(s);\u00a036. Ivano Van Erp (NED, Yamaha), -8 lap(s);\u00a037. Simone Mancini (ITA, Fantic), -10 lap(s); 38. Tom Brunet (FRA, Yamaha), -13 lap(s); 39. Mads Fredsoe (DEN, Husqvarna), -15 lap(s); 40. Brando Rispoli (ITA, KTM), -15 lap(s);<\/p>\n<p>MANCHE 2<\/p>\n<p>1. Simone Mancini (ITA, Fantic), 29:32.961; 2. Alexis Fueri (FRA, KTM), +0:03.047;\u00a03. Gyan Doensen (NED, KTM), +0:04.086; 4. Salvador Perez (ESP, GASGAS), +0:04.689; 5. Lyonel Reichl (LIE, Husqvarna), +0:04.810; 6. Adria Monne (ESP, GASGAS), +0:06.271; 7. Francisco Garcia (ESP, Kawasaki), +0:10.012; 8. Manuel Carreras (ESP, Honda), +0:26.628;\u00a09. Bradley Mesters (NED, KTM), +0:27.521; 10. August Frisk (SWE, KTM), +0:28.559; 11. Nico Greutmann (SUI, Husqvarna), +0:29.030; 12. Nicolai Skovbjerg (DEN, Yamaha), +0:31.221; 13. Hakon Osterhagen (NOR, Fantic), +0:33.023; 14. Ollie Colmer (GBR, KTM), +0:37.603; 15. Liam Owens (AUS, Husqvarna), +0:38.323; 16. William Askew (GBR, Triumph), +0:39.540; 17. Valentin Kees (GER, KTM), +0:46.499; 18. Leon Rudolph (GER, KTM), +0:51.418; 19. Noel Zanocz (HUN, Honda), +0:53.132; 20. Brando Rispoli (ITA, KTM), +0:54.908; 21. Luca Ruffini (ITA, Husqvarna), +0:56.250; 22. Maximilian Ernecker (AUT, KTM), +0:57.349; 23. Hugo Forsgren (SWE, Honda), +1:04.154; 24. Eric Rakow (GER, KTM), +1:13.699; 25. Sebastian Leok (EST, Husqvarna), +1:19.499; 26. Alessandro Gaspari (ITA, Honda), +1:23.182; 27. Lorenzo Aglietti (ITA, Husqvarna), +1:33.589; 28. Tom Brunet (FRA, Yamaha), +1:36.392; 29. Bruno Miro (ESP, Husqvarna), +1:36.697; 30. Maurizio Scollo (ITA, Husqvarna), +1:42.738; 31. Vincenzo Bove (ITA, GASGAS), +1:49.954; 32. James Barker (GBR, KTM), +2:05.671; 33. Jake Cannon (AUS, Kawasaki), -1 lap(s); 34. Mattia Nardo (ITA, GASGAS), -1 lap(s);\u00a0<strong>35. Harry Seel (BEL, KTM), -1 lap(s);<\/strong> 36. Paolo Maschio (FRA, Honda), -6 lap(s); 37. Sampo Rainio (FIN, Beta), -7 lap(s); 38. Bobby Bruce (GBR, Kawasaki), -11 lap(s); 39. Janis Martins Reisulis (LAT, Yamaha), -13 lap(s);<\/p>\n<p>CLASSEMENT GENERAL EMX250<\/p>\n<p>1. Francisco Garcia (ESP, KAW), 39 points; 2. Alexis Fueri (FRA, KTM), 38 p.; 3. Adria Monne (ESP, GAS), 30 p.; 4. Nicolai Skovbjerg (DEN, YAM), 27 p.; 5. Lyonel Reichl (LIE, HUS), 26 p.; 6. Simone Mancini (ITA, FAN), 25 p.; 7. William Askew (GBR, TRI), 25 p.;\u00a08. Gyan Doensen (NED, KTM), 24 p.; 9. Salvador Perez (ESP, GAS), 23 p.;\u00a010. Bradley Mesters (NED, KTM), 23 p.; 11. Nico Greutmann (SUI, HUS), 22 p.; 12. Janis Martins Reisulis (LAT, YAM), 22 p.; 13. August Frisk (SWE, KTM), 19 p.; 14. Noel Zanocz (HUN, HON), 16 p.; 15. Manuel Carreras (ESP, HON), 13 p.; 16. Sebastian Leok (EST, HUS), 13 p.; 17. Liam Owens (AUS, HUS), 12 p.; 18. Valentin Kees (GER, KTM), 11 p.; 19. Hakon Osterhagen (NOR, FAN), 9 p.; 20. Maximilian Ernecker (AUT, KTM), 9 p.; 21. Ollie Colmer (GBR, KTM), 7 p.; 22. Leon Rudolph (GER, KTM), 5 p.; 23. Paolo Maschio (FRA, HON), 3 p.; 24. Brando Rispoli (ITA, KTM), 1 p.; 25. Luca Ruffini (ITA, HUS), 0 p.; 26. Hugo Forsgren (SWE, HON), 0 p.; 27. Eric Rakow (GER, KTM), 0 p.; 28. Alessandro Gaspari (ITA, HON), 0 p.; 29. Lorenzo Aglietti (ITA, HUS), 0 p.; 30. Tom Brunet (FRA, YAM), 0 p.; 31. Bruno Miro (ESP, HUS), 0 p.; 32. Maurizio Scollo (ITA, HUS), 0 p.; 33. Vincenzo Bove (ITA, GAS), 0 p.; 34. James Barker (GBR, KTM), 0 p.; 35. Jake Cannon (AUS, KAW), 0 p.; 36. Mattia Nardo (ITA, GAS), 0 p.;<strong>\u00a037. Harry Seel (BEL, KTM), 0 p.<\/strong>; 38. Sampo Rainio (FIN, BET), 0 p.; 39. Bobby Bruce (GBR, KAW), 0 p.;\u00a040. Ivano Van Erp (NED, YAM), 0 p.;<\/p>\n<p>CLASSEMENT PROVISOIRE EMX250<\/p>\n<p>1. Janis Martins Reisulis (LAT, YAM), 106 points; 2. Noel Zanocz (HUN, HON), 90 p.; 3. Adrien Petit (FRA, YAM), 85 p.; 4. Francisco Garcia (ESP, KAW), 82 p.; 5. Nicolai Skovbjerg (DEN, YAM), 77 p.; 6. Lyonel Reichl (LIE, HUS), 76 p.;\u00a07. Gyan Doensen (NED, KTM), 61 p.; 8. Bradley Mesters (NED, KTM), 57 p.; 9. August Frisk (SWE, KTM), 54 p.; 10. Mads Fredsoe (DEN, HUS), 51 p.; 11. Simone Mancini (ITA, FAN), 47 p.; 12. Salvador Perez (ESP, GAS), 46 p.; 13. William Askew (GBR, TRI), 45 p.; 14. Adria Monne (ESP, GAS), 41 p.; 15. Alexis Fueri (FRA, KTM), 38 p.;\u00a016. Ivano Van Erp (NED, YAM), 38 p.; 17. Nico Greutmann (SUI, HUS), 37 p.; 18. Brando Rispoli (ITA, KTM), 35 p.; 19. Jake Cannon (AUS, KAW), 34 p.; 20. Valentin Kees (GER, KTM), 30 p.; 21. Maximilian Werner (GER, KTM), 25 p.; 22. Maximilian Ernecker (AUT, KTM), 22 p.; 23. Ollie Colmer (GBR, KTM), 22 p.; 24. Sebastian Leok (EST, HUS), 19 p.; 25. Liam Owens (AUS, HUS), 19 p.; 26. Leon Rudolph (GER, KTM), 15 p.; 27. Manuel Carreras (ESP, HON), 13 p.; 28. Hakon Osterhagen (NOR, FAN), 13 p.; 29. Bobby Bruce (GBR, KAW), 12 p.; 30. Paolo Maschio (FRA, HON), 12 p.; 31. Luca Ruffini (ITA, HUS), 9 p.; 32. Carlos Prat (ESP, TRI), 7 p.; 33. Tom Brunet (FRA, YAM), 5 p.; 34. Pelle Gundersen (NOR, HUS), 3 p.;<\/p>\n","protected":false},"excerpt":{"rendered":"<p>L&rsquo;Espagnol Francisco Garcia a remport\u00e9 ce week-end \u00e0 Trentino la 3\u00e8me \u00e9preuve comptant pour le championnat d&rsquo;Europe EMX250. La nouvelle recrue du team Kawasaki Bud Racing s&rsquo;est impos\u00e9 dans la [&#8230;]<\/p>\n","protected":false},"author":932,"featured_media":147310,"comment_status":"open","ping_status":"closed","sticky":false,"template":"","format":"standard","meta":{"footnotes":""},"categories":[54,128,4,5,55,56,65],"tags":[1879,562,1945,947,893],"class_list":["post-147308","post","type-post","status-publish","format-standard","has-post-thumbnail","hentry","category-actualite","category-emx-125-emx2","category-motocross","category-news","category-news-actualite","category-resultats","category-slideshow","tag-adrien-petit","tag-emx250","tag-harry-seel","tag-motocross","tag-trentino"],"yoast_head":"<!-- This site is optimized with the Yoast SEO plugin v27.4 - https:\/\/yoast.com\/product\/yoast-seo-wordpress\/ -->\n<title>EMX250 : premier succ\u00e8s pour l&#039;Espagnol Francisco Garcia \u00e0 Trentino - Motocross - Enduro - Supermoto | MotocrossMag<\/title>\n<meta name=\"robots\" content=\"index, follow, max-snippet:-1, max-image-preview:large, max-video-preview:-1\" \/>\n<link rel=\"canonical\" href=\"https:\/\/fr.motocrossmag.be\/index.php\/2025\/04\/emx250-premier-succes-pour-lespagnol-francisco-garcia-a-trentino\/\" \/>\n<meta property=\"og:locale\" content=\"fr_FR\" \/>\n<meta property=\"og:type\" content=\"article\" \/>\n<meta property=\"og:title\" content=\"EMX250 : premier succ\u00e8s pour l&#039;Espagnol Francisco Garcia \u00e0 Trentino - Motocross - Enduro - Supermoto | MotocrossMag\" \/>\n<meta property=\"og:description\" content=\"L&rsquo;Espagnol Francisco Garcia a remport\u00e9 ce week-end \u00e0 Trentino la 3\u00e8me \u00e9preuve comptant pour le championnat d&rsquo;Europe EMX250. La nouvelle recrue du team Kawasaki Bud Racing s&rsquo;est impos\u00e9 dans la [...]\" \/>\n<meta property=\"og:url\" content=\"https:\/\/fr.motocrossmag.be\/index.php\/2025\/04\/emx250-premier-succes-pour-lespagnol-francisco-garcia-a-trentino\/\" \/>\n<meta property=\"og:site_name\" content=\"Motocross - Enduro - Supermoto | MotocrossMag\" \/>\n<meta property=\"article:published_time\" content=\"2025-04-13T12:31:09+00:00\" \/>\n<meta property=\"og:image\" content=\"https:\/\/fr.motocrossmag.be\/wp-content\/uploads\/2025\/04\/hi_GARCIA_GP5_PH_6184.jpg\" \/>\n\t<meta property=\"og:image:width\" content=\"1200\" \/>\n\t<meta property=\"og:image:height\" content=\"800\" \/>\n\t<meta property=\"og:image:type\" content=\"image\/jpeg\" \/>\n<meta name=\"author\" content=\"oliviere\" \/>\n<meta name=\"twitter:card\" content=\"summary_large_image\" \/>\n<meta name=\"twitter:label1\" content=\"\u00c9crit par\" \/>\n\t<meta name=\"twitter:data1\" content=\"oliviere\" \/>\n\t<meta name=\"twitter:label2\" content=\"Dur\u00e9e de lecture estim\u00e9e\" \/>\n\t<meta name=\"twitter:data2\" content=\"1 minute\" \/>\n<script type=\"application\/ld+json\" class=\"yoast-schema-graph\">{\"@context\":\"https:\\\/\\\/schema.org\",\"@graph\":[{\"@type\":\"Article\",\"@id\":\"https:\\\/\\\/fr.motocrossmag.be\\\/index.php\\\/2025\\\/04\\\/emx250-premier-succes-pour-lespagnol-francisco-garcia-a-trentino\\\/#article\",\"isPartOf\":{\"@id\":\"https:\\\/\\\/fr.motocrossmag.be\\\/index.php\\\/2025\\\/04\\\/emx250-premier-succes-pour-lespagnol-francisco-garcia-a-trentino\\\/\"},\"author\":{\"name\":\"oliviere\",\"@id\":\"https:\\\/\\\/fr.motocrossmag.be\\\/#\\\/schema\\\/person\\\/11b47143d9f755babca2c9110e03235c\"},\"headline\":\"EMX250 : premier succ\u00e8s pour l&rsquo;Espagnol Francisco Garcia \u00e0 Trentino\",\"datePublished\":\"2025-04-13T12:31:09+00:00\",\"mainEntityOfPage\":{\"@id\":\"https:\\\/\\\/fr.motocrossmag.be\\\/index.php\\\/2025\\\/04\\\/emx250-premier-succes-pour-lespagnol-francisco-garcia-a-trentino\\\/\"},\"wordCount\":916,\"commentCount\":0,\"image\":{\"@id\":\"https:\\\/\\\/fr.motocrossmag.be\\\/index.php\\\/2025\\\/04\\\/emx250-premier-succes-pour-lespagnol-francisco-garcia-a-trentino\\\/#primaryimage\"},\"thumbnailUrl\":\"https:\\\/\\\/fr.motocrossmag.be\\\/wp-content\\\/uploads\\\/2025\\\/04\\\/hi_GARCIA_GP5_PH_6184.jpg\",\"keywords\":[\"adrien petit\",\"emx250\",\"harry seel\",\"Motocross\",\"trentino\"],\"articleSection\":[\"Actualit\u00e9\",\"EMX\",\"Motocross\",\"News\",\"News\",\"R\u00e9sultats\",\"Slideshow\"],\"inLanguage\":\"fr-FR\",\"potentialAction\":[{\"@type\":\"CommentAction\",\"name\":\"Comment\",\"target\":[\"https:\\\/\\\/fr.motocrossmag.be\\\/index.php\\\/2025\\\/04\\\/emx250-premier-succes-pour-lespagnol-francisco-garcia-a-trentino\\\/#respond\"]}]},{\"@type\":\"WebPage\",\"@id\":\"https:\\\/\\\/fr.motocrossmag.be\\\/index.php\\\/2025\\\/04\\\/emx250-premier-succes-pour-lespagnol-francisco-garcia-a-trentino\\\/\",\"url\":\"https:\\\/\\\/fr.motocrossmag.be\\\/index.php\\\/2025\\\/04\\\/emx250-premier-succes-pour-lespagnol-francisco-garcia-a-trentino\\\/\",\"name\":\"EMX250 : premier succ\u00e8s pour l'Espagnol Francisco Garcia \u00e0 Trentino - Motocross - Enduro - Supermoto | MotocrossMag\",\"isPartOf\":{\"@id\":\"https:\\\/\\\/fr.motocrossmag.be\\\/#website\"},\"primaryImageOfPage\":{\"@id\":\"https:\\\/\\\/fr.motocrossmag.be\\\/index.php\\\/2025\\\/04\\\/emx250-premier-succes-pour-lespagnol-francisco-garcia-a-trentino\\\/#primaryimage\"},\"image\":{\"@id\":\"https:\\\/\\\/fr.motocrossmag.be\\\/index.php\\\/2025\\\/04\\\/emx250-premier-succes-pour-lespagnol-francisco-garcia-a-trentino\\\/#primaryimage\"},\"thumbnailUrl\":\"https:\\\/\\\/fr.motocrossmag.be\\\/wp-content\\\/uploads\\\/2025\\\/04\\\/hi_GARCIA_GP5_PH_6184.jpg\",\"datePublished\":\"2025-04-13T12:31:09+00:00\",\"author\":{\"@id\":\"https:\\\/\\\/fr.motocrossmag.be\\\/#\\\/schema\\\/person\\\/11b47143d9f755babca2c9110e03235c\"},\"breadcrumb\":{\"@id\":\"https:\\\/\\\/fr.motocrossmag.be\\\/index.php\\\/2025\\\/04\\\/emx250-premier-succes-pour-lespagnol-francisco-garcia-a-trentino\\\/#breadcrumb\"},\"inLanguage\":\"fr-FR\",\"potentialAction\":[{\"@type\":\"ReadAction\",\"target\":[\"https:\\\/\\\/fr.motocrossmag.be\\\/index.php\\\/2025\\\/04\\\/emx250-premier-succes-pour-lespagnol-francisco-garcia-a-trentino\\\/\"]}]},{\"@type\":\"ImageObject\",\"inLanguage\":\"fr-FR\",\"@id\":\"https:\\\/\\\/fr.motocrossmag.be\\\/index.php\\\/2025\\\/04\\\/emx250-premier-succes-pour-lespagnol-francisco-garcia-a-trentino\\\/#primaryimage\",\"url\":\"https:\\\/\\\/fr.motocrossmag.be\\\/wp-content\\\/uploads\\\/2025\\\/04\\\/hi_GARCIA_GP5_PH_6184.jpg\",\"contentUrl\":\"https:\\\/\\\/fr.motocrossmag.be\\\/wp-content\\\/uploads\\\/2025\\\/04\\\/hi_GARCIA_GP5_PH_6184.jpg\",\"width\":1200,\"height\":800},{\"@type\":\"BreadcrumbList\",\"@id\":\"https:\\\/\\\/fr.motocrossmag.be\\\/index.php\\\/2025\\\/04\\\/emx250-premier-succes-pour-lespagnol-francisco-garcia-a-trentino\\\/#breadcrumb\",\"itemListElement\":[{\"@type\":\"ListItem\",\"position\":1,\"name\":\"Accueil\",\"item\":\"https:\\\/\\\/fr.motocrossmag.be\\\/\"},{\"@type\":\"ListItem\",\"position\":2,\"name\":\"EMX250 : premier succ\u00e8s pour l&rsquo;Espagnol Francisco Garcia \u00e0 Trentino\"}]},{\"@type\":\"WebSite\",\"@id\":\"https:\\\/\\\/fr.motocrossmag.be\\\/#website\",\"url\":\"https:\\\/\\\/fr.motocrossmag.be\\\/\",\"name\":\"Motocross - Enduro - Supermoto | MotocrossMag\",\"description\":\"L&#039;actualit\u00e9 du motocross, de l&#039;enduro et du Supermoto en ligne!\",\"potentialAction\":[{\"@type\":\"SearchAction\",\"target\":{\"@type\":\"EntryPoint\",\"urlTemplate\":\"https:\\\/\\\/fr.motocrossmag.be\\\/?s={search_term_string}\"},\"query-input\":{\"@type\":\"PropertyValueSpecification\",\"valueRequired\":true,\"valueName\":\"search_term_string\"}}],\"inLanguage\":\"fr-FR\"},{\"@type\":\"Person\",\"@id\":\"https:\\\/\\\/fr.motocrossmag.be\\\/#\\\/schema\\\/person\\\/11b47143d9f755babca2c9110e03235c\",\"name\":\"oliviere\",\"image\":{\"@type\":\"ImageObject\",\"inLanguage\":\"fr-FR\",\"@id\":\"https:\\\/\\\/secure.gravatar.com\\\/avatar\\\/907069e0b81d119452040469e4a7501da1100f54f7f80180ce77bfab718288f6?s=96&d=mm&r=g\",\"url\":\"https:\\\/\\\/secure.gravatar.com\\\/avatar\\\/907069e0b81d119452040469e4a7501da1100f54f7f80180ce77bfab718288f6?s=96&d=mm&r=g\",\"contentUrl\":\"https:\\\/\\\/secure.gravatar.com\\\/avatar\\\/907069e0b81d119452040469e4a7501da1100f54f7f80180ce77bfab718288f6?s=96&d=mm&r=g\",\"caption\":\"oliviere\"},\"sameAs\":[\"http:\\\/\\\/www.motocrossmag.be\"],\"url\":\"https:\\\/\\\/fr.motocrossmag.be\\\/index.php\\\/author\\\/oliviere\\\/\"}]}<\/script>\n<!-- \/ Yoast SEO plugin. -->","yoast_head_json":{"title":"EMX250 : premier succ\u00e8s pour l'Espagnol Francisco Garcia \u00e0 Trentino - Motocross - Enduro - Supermoto | MotocrossMag","robots":{"index":"index","follow":"follow","max-snippet":"max-snippet:-1","max-image-preview":"max-image-preview:large","max-video-preview":"max-video-preview:-1"},"canonical":"https:\/\/fr.motocrossmag.be\/index.php\/2025\/04\/emx250-premier-succes-pour-lespagnol-francisco-garcia-a-trentino\/","og_locale":"fr_FR","og_type":"article","og_title":"EMX250 : premier succ\u00e8s pour l'Espagnol Francisco Garcia \u00e0 Trentino - Motocross - Enduro - Supermoto | MotocrossMag","og_description":"L&rsquo;Espagnol Francisco Garcia a remport\u00e9 ce week-end \u00e0 Trentino la 3\u00e8me \u00e9preuve comptant pour le championnat d&rsquo;Europe EMX250. La nouvelle recrue du team Kawasaki Bud Racing s&rsquo;est impos\u00e9 dans la [...]","og_url":"https:\/\/fr.motocrossmag.be\/index.php\/2025\/04\/emx250-premier-succes-pour-lespagnol-francisco-garcia-a-trentino\/","og_site_name":"Motocross - Enduro - Supermoto | MotocrossMag","article_published_time":"2025-04-13T12:31:09+00:00","og_image":[{"width":1200,"height":800,"url":"https:\/\/fr.motocrossmag.be\/wp-content\/uploads\/2025\/04\/hi_GARCIA_GP5_PH_6184.jpg","type":"image\/jpeg"}],"author":"oliviere","twitter_card":"summary_large_image","twitter_misc":{"\u00c9crit par":"oliviere","Dur\u00e9e de lecture estim\u00e9e":"1 minute"},"schema":{"@context":"https:\/\/schema.org","@graph":[{"@type":"Article","@id":"https:\/\/fr.motocrossmag.be\/index.php\/2025\/04\/emx250-premier-succes-pour-lespagnol-francisco-garcia-a-trentino\/#article","isPartOf":{"@id":"https:\/\/fr.motocrossmag.be\/index.php\/2025\/04\/emx250-premier-succes-pour-lespagnol-francisco-garcia-a-trentino\/"},"author":{"name":"oliviere","@id":"https:\/\/fr.motocrossmag.be\/#\/schema\/person\/11b47143d9f755babca2c9110e03235c"},"headline":"EMX250 : premier succ\u00e8s pour l&rsquo;Espagnol Francisco Garcia \u00e0 Trentino","datePublished":"2025-04-13T12:31:09+00:00","mainEntityOfPage":{"@id":"https:\/\/fr.motocrossmag.be\/index.php\/2025\/04\/emx250-premier-succes-pour-lespagnol-francisco-garcia-a-trentino\/"},"wordCount":916,"commentCount":0,"image":{"@id":"https:\/\/fr.motocrossmag.be\/index.php\/2025\/04\/emx250-premier-succes-pour-lespagnol-francisco-garcia-a-trentino\/#primaryimage"},"thumbnailUrl":"https:\/\/fr.motocrossmag.be\/wp-content\/uploads\/2025\/04\/hi_GARCIA_GP5_PH_6184.jpg","keywords":["adrien petit","emx250","harry seel","Motocross","trentino"],"articleSection":["Actualit\u00e9","EMX","Motocross","News","News","R\u00e9sultats","Slideshow"],"inLanguage":"fr-FR","potentialAction":[{"@type":"CommentAction","name":"Comment","target":["https:\/\/fr.motocrossmag.be\/index.php\/2025\/04\/emx250-premier-succes-pour-lespagnol-francisco-garcia-a-trentino\/#respond"]}]},{"@type":"WebPage","@id":"https:\/\/fr.motocrossmag.be\/index.php\/2025\/04\/emx250-premier-succes-pour-lespagnol-francisco-garcia-a-trentino\/","url":"https:\/\/fr.motocrossmag.be\/index.php\/2025\/04\/emx250-premier-succes-pour-lespagnol-francisco-garcia-a-trentino\/","name":"EMX250 : premier succ\u00e8s pour l'Espagnol Francisco Garcia \u00e0 Trentino - Motocross - Enduro - Supermoto | MotocrossMag","isPartOf":{"@id":"https:\/\/fr.motocrossmag.be\/#website"},"primaryImageOfPage":{"@id":"https:\/\/fr.motocrossmag.be\/index.php\/2025\/04\/emx250-premier-succes-pour-lespagnol-francisco-garcia-a-trentino\/#primaryimage"},"image":{"@id":"https:\/\/fr.motocrossmag.be\/index.php\/2025\/04\/emx250-premier-succes-pour-lespagnol-francisco-garcia-a-trentino\/#primaryimage"},"thumbnailUrl":"https:\/\/fr.motocrossmag.be\/wp-content\/uploads\/2025\/04\/hi_GARCIA_GP5_PH_6184.jpg","datePublished":"2025-04-13T12:31:09+00:00","author":{"@id":"https:\/\/fr.motocrossmag.be\/#\/schema\/person\/11b47143d9f755babca2c9110e03235c"},"breadcrumb":{"@id":"https:\/\/fr.motocrossmag.be\/index.php\/2025\/04\/emx250-premier-succes-pour-lespagnol-francisco-garcia-a-trentino\/#breadcrumb"},"inLanguage":"fr-FR","potentialAction":[{"@type":"ReadAction","target":["https:\/\/fr.motocrossmag.be\/index.php\/2025\/04\/emx250-premier-succes-pour-lespagnol-francisco-garcia-a-trentino\/"]}]},{"@type":"ImageObject","inLanguage":"fr-FR","@id":"https:\/\/fr.motocrossmag.be\/index.php\/2025\/04\/emx250-premier-succes-pour-lespagnol-francisco-garcia-a-trentino\/#primaryimage","url":"https:\/\/fr.motocrossmag.be\/wp-content\/uploads\/2025\/04\/hi_GARCIA_GP5_PH_6184.jpg","contentUrl":"https:\/\/fr.motocrossmag.be\/wp-content\/uploads\/2025\/04\/hi_GARCIA_GP5_PH_6184.jpg","width":1200,"height":800},{"@type":"BreadcrumbList","@id":"https:\/\/fr.motocrossmag.be\/index.php\/2025\/04\/emx250-premier-succes-pour-lespagnol-francisco-garcia-a-trentino\/#breadcrumb","itemListElement":[{"@type":"ListItem","position":1,"name":"Accueil","item":"https:\/\/fr.motocrossmag.be\/"},{"@type":"ListItem","position":2,"name":"EMX250 : premier succ\u00e8s pour l&rsquo;Espagnol Francisco Garcia \u00e0 Trentino"}]},{"@type":"WebSite","@id":"https:\/\/fr.motocrossmag.be\/#website","url":"https:\/\/fr.motocrossmag.be\/","name":"Motocross - Enduro - Supermoto | MotocrossMag","description":"L&#039;actualit\u00e9 du motocross, de l&#039;enduro et du Supermoto en ligne!","potentialAction":[{"@type":"SearchAction","target":{"@type":"EntryPoint","urlTemplate":"https:\/\/fr.motocrossmag.be\/?s={search_term_string}"},"query-input":{"@type":"PropertyValueSpecification","valueRequired":true,"valueName":"search_term_string"}}],"inLanguage":"fr-FR"},{"@type":"Person","@id":"https:\/\/fr.motocrossmag.be\/#\/schema\/person\/11b47143d9f755babca2c9110e03235c","name":"oliviere","image":{"@type":"ImageObject","inLanguage":"fr-FR","@id":"https:\/\/secure.gravatar.com\/avatar\/907069e0b81d119452040469e4a7501da1100f54f7f80180ce77bfab718288f6?s=96&d=mm&r=g","url":"https:\/\/secure.gravatar.com\/avatar\/907069e0b81d119452040469e4a7501da1100f54f7f80180ce77bfab718288f6?s=96&d=mm&r=g","contentUrl":"https:\/\/secure.gravatar.com\/avatar\/907069e0b81d119452040469e4a7501da1100f54f7f80180ce77bfab718288f6?s=96&d=mm&r=g","caption":"oliviere"},"sameAs":["http:\/\/www.motocrossmag.be"],"url":"https:\/\/fr.motocrossmag.be\/index.php\/author\/oliviere\/"}]}},"_links":{"self":[{"href":"https:\/\/fr.motocrossmag.be\/index.php\/wp-json\/wp\/v2\/posts\/147308","targetHints":{"allow":["GET"]}}],"collection":[{"href":"https:\/\/fr.motocrossmag.be\/index.php\/wp-json\/wp\/v2\/posts"}],"about":[{"href":"https:\/\/fr.motocrossmag.be\/index.php\/wp-json\/wp\/v2\/types\/post"}],"author":[{"embeddable":true,"href":"https:\/\/fr.motocrossmag.be\/index.php\/wp-json\/wp\/v2\/users\/932"}],"replies":[{"embeddable":true,"href":"https:\/\/fr.motocrossmag.be\/index.php\/wp-json\/wp\/v2\/comments?post=147308"}],"version-history":[{"count":1,"href":"https:\/\/fr.motocrossmag.be\/index.php\/wp-json\/wp\/v2\/posts\/147308\/revisions"}],"predecessor-version":[{"id":147311,"href":"https:\/\/fr.motocrossmag.be\/index.php\/wp-json\/wp\/v2\/posts\/147308\/revisions\/147311"}],"wp:featuredmedia":[{"embeddable":true,"href":"https:\/\/fr.motocrossmag.be\/index.php\/wp-json\/wp\/v2\/media\/147310"}],"wp:attachment":[{"href":"https:\/\/fr.motocrossmag.be\/index.php\/wp-json\/wp\/v2\/media?parent=147308"}],"wp:term":[{"taxonomy":"category","embeddable":true,"href":"https:\/\/fr.motocrossmag.be\/index.php\/wp-json\/wp\/v2\/categories?post=147308"},{"taxonomy":"post_tag","embeddable":true,"href":"https:\/\/fr.motocrossmag.be\/index.php\/wp-json\/wp\/v2\/tags?post=147308"}],"curies":[{"name":"wp","href":"https:\/\/api.w.org\/{rel}","templated":true}]}}