{"id":148,"date":"2008-02-20T23:07:22","date_gmt":"2008-02-20T22:07:22","guid":{"rendered":"http:\/\/www.motocrossmag.be\/2008\/02\/20\/mx-mondialcoppins-et-philippaerts-confirment-a-montevarchi\/"},"modified":"2008-02-20T23:10:17","modified_gmt":"2008-02-20T22:10:17","slug":"mx-mondialcoppins-et-philippaerts-confirment-a-montevarchi","status":"publish","type":"post","link":"https:\/\/fr.motocrossmag.be\/index.php\/2008\/02\/mx-mondialcoppins-et-philippaerts-confirment-a-montevarchi\/","title":{"rendered":"MX mondial|Coppins et Philippaerts confirment &agrave; Montevarchi"},"content":{"rendered":"<p>Une semaine &agrave; peine apr\u00e8s avoir r\u00e9alis\u00e9 le doubl\u00e9 lors du Starcross de Mantova, les Rinaldi-boys Joshua Coppins et David Philippaerts ont remis le couvert &agrave; Montevarchi, lors de l&rsquo;\u00e9preuve d&rsquo;ouverture du championnat italien.<\/p>\n<p><img class=\"lazyload\" decoding=\"async\" src=\"data:image\/gif;base64,R0lGODlhAQABAAAAACH5BAEKAAEALAAAAAABAAEAAAICTAEAOw==\" data-orig-src=\"http:\/\/www.motocrossmag.be\/wp-content\/uploads\/2008\/02\/coppins_montevarchi.jpg\" alt=\"Second &agrave; Mantova, Josh Coppins signe le doubl\u00e9 lors de l\u00e2\u20ac\u2122ouverture du championnat italien &agrave; Montevarchi.\" \/><\/p>\n<p>Cette fois, les r\u00f4les ont \u00e9t\u00e9 invers\u00e9s puisque c&rsquo;est Coppins qui s&rsquo;est impos\u00e9 &agrave; deux reprises devant son co\u00e9quipier italien.<br \/>\nLe double champion du monde MX2, Antonio Cairoli pr\u00e9pare sa mont\u00e9e en MX1 en 2009 et dispute donc son championnat national dans cette cat\u00e9gorie en guise de pr\u00e9paration. Il place sa Yamaha 450 &agrave; deux reprises sur la 3i\u00e8me marche du podium.<\/p>\n<p>Notre compatriote C\u00e9dric M\u00e9lotte (Aprilia) doit quant &agrave; lui se contenter de placer son Aprilia &agrave; la 21i\u00e8me position, apr\u00e8s n&rsquo;avoir marqu\u00e9 des points que dans la premi\u00e8re manche (16i\u00e8me).<\/p>\n<p>Second derri\u00e8re Manuel Monni puis vainqueur de la seconde manche, le Fran\u00e7ais Nicolas Aubin s&rsquo;impose en MX2 devant Monni, Guarneri et son compatriote Tarroux.<\/p>\n<p><strong>R\u00e9sultats<\/strong><\/p>\n<p><strong>MX1<\/strong>: 1.Joshua Coppins 25+25) 2.David Philippaerts 22+22) 3.Antonio Cairoli 20+20) 4.Marc de Reuver 18+18) 5.Alex Salvini 16+16) 6.Loic Leonce 14+14) 7.Alessi Chiodi 13+12) 8.Jan Zaremba 10+13) 9.Fabien Izoird 9+11) 10.Felice Compagnone 11+8)<\/p>\n<p><strong>MX2:<\/strong> 1.Nicholas Aubin 22+25) 2.Manuel Monni 25+16) 3.Davide Guarneri 16+20) 4.Jeremy Tarroux 20+15) 5.Matteo Bonini 12+22) 6.Matti Seistola 14+18) 7.Angelo Pellegrini 18+8) 8.Matevz Irt 13+13) 9.Roberto Lombrici 7+14) 10.Matthias Walkner 8+11).<\/p>\n","protected":false},"excerpt":{"rendered":"<p>Une semaine &agrave; peine apr\u00e8s avoir r\u00e9alis\u00e9 le doubl\u00e9 lors du Starcross de Mantova, les Rinaldi-boys Joshua Coppins et David Philippaerts ont remis le couvert &agrave; Montevarchi, lors de l&rsquo;\u00e9preuve [&#8230;]<\/p>\n","protected":false},"author":932,"featured_media":0,"comment_status":"open","ping_status":"open","sticky":false,"template":"","format":"standard","meta":{"footnotes":""},"categories":[54,4,5,55],"tags":[],"class_list":["post-148","post","type-post","status-publish","format-standard","hentry","category-actualite","category-motocross","category-news","category-news-actualite"],"yoast_head":"<!-- This site is optimized with the Yoast SEO plugin v27.4 - https:\/\/yoast.com\/product\/yoast-seo-wordpress\/ -->\n<title>MX mondial|Coppins et Philippaerts confirment &agrave; Montevarchi - Motocross - Enduro - Supermoto | MotocrossMag<\/title>\n<meta name=\"robots\" content=\"index, follow, max-snippet:-1, max-image-preview:large, max-video-preview:-1\" \/>\n<link rel=\"canonical\" href=\"https:\/\/fr.motocrossmag.be\/index.php\/2008\/02\/mx-mondialcoppins-et-philippaerts-confirment-a-montevarchi\/\" \/>\n<meta property=\"og:locale\" content=\"fr_FR\" \/>\n<meta property=\"og:type\" content=\"article\" \/>\n<meta property=\"og:title\" content=\"MX mondial|Coppins et Philippaerts confirment &agrave; Montevarchi - Motocross - Enduro - Supermoto | MotocrossMag\" \/>\n<meta property=\"og:description\" content=\"Une semaine &agrave; peine apr\u00e8s avoir r\u00e9alis\u00e9 le doubl\u00e9 lors du Starcross de Mantova, les Rinaldi-boys Joshua Coppins et David Philippaerts ont remis le couvert &agrave; Montevarchi, lors de l&rsquo;\u00e9preuve [...]\" \/>\n<meta property=\"og:url\" content=\"https:\/\/fr.motocrossmag.be\/index.php\/2008\/02\/mx-mondialcoppins-et-philippaerts-confirment-a-montevarchi\/\" \/>\n<meta property=\"og:site_name\" content=\"Motocross - Enduro - Supermoto | MotocrossMag\" \/>\n<meta property=\"article:published_time\" content=\"2008-02-20T22:07:22+00:00\" \/>\n<meta property=\"article:modified_time\" content=\"2008-02-20T22:10:17+00:00\" \/>\n<meta property=\"og:image\" content=\"http:\/\/www.motocrossmag.be\/wp-content\/uploads\/2008\/02\/coppins_montevarchi.jpg\" \/>\n<meta name=\"author\" content=\"oliviere\" \/>\n<meta name=\"twitter:card\" content=\"summary_large_image\" \/>\n<meta name=\"twitter:label1\" content=\"\u00c9crit par\" \/>\n\t<meta name=\"twitter:data1\" content=\"oliviere\" \/>\n\t<meta name=\"twitter:label2\" content=\"Dur\u00e9e de lecture estim\u00e9e\" \/>\n\t<meta name=\"twitter:data2\" content=\"1 minute\" \/>\n<script type=\"application\/ld+json\" class=\"yoast-schema-graph\">{\"@context\":\"https:\\\/\\\/schema.org\",\"@graph\":[{\"@type\":\"Article\",\"@id\":\"https:\\\/\\\/fr.motocrossmag.be\\\/index.php\\\/2008\\\/02\\\/mx-mondialcoppins-et-philippaerts-confirment-a-montevarchi\\\/#article\",\"isPartOf\":{\"@id\":\"https:\\\/\\\/fr.motocrossmag.be\\\/index.php\\\/2008\\\/02\\\/mx-mondialcoppins-et-philippaerts-confirment-a-montevarchi\\\/\"},\"author\":{\"name\":\"oliviere\",\"@id\":\"https:\\\/\\\/fr.motocrossmag.be\\\/#\\\/schema\\\/person\\\/11b47143d9f755babca2c9110e03235c\"},\"headline\":\"MX mondial|Coppins et Philippaerts confirment &agrave; Montevarchi\",\"datePublished\":\"2008-02-20T22:07:22+00:00\",\"dateModified\":\"2008-02-20T22:10:17+00:00\",\"mainEntityOfPage\":{\"@id\":\"https:\\\/\\\/fr.motocrossmag.be\\\/index.php\\\/2008\\\/02\\\/mx-mondialcoppins-et-philippaerts-confirment-a-montevarchi\\\/\"},\"wordCount\":225,\"commentCount\":0,\"image\":{\"@id\":\"https:\\\/\\\/fr.motocrossmag.be\\\/index.php\\\/2008\\\/02\\\/mx-mondialcoppins-et-philippaerts-confirment-a-montevarchi\\\/#primaryimage\"},\"thumbnailUrl\":\"http:\\\/\\\/www.motocrossmag.be\\\/wp-content\\\/uploads\\\/2008\\\/02\\\/coppins_montevarchi.jpg\",\"articleSection\":[\"Actualit\u00e9\",\"Motocross\",\"News\",\"News\"],\"inLanguage\":\"fr-FR\",\"potentialAction\":[{\"@type\":\"CommentAction\",\"name\":\"Comment\",\"target\":[\"https:\\\/\\\/fr.motocrossmag.be\\\/index.php\\\/2008\\\/02\\\/mx-mondialcoppins-et-philippaerts-confirment-a-montevarchi\\\/#respond\"]}]},{\"@type\":\"WebPage\",\"@id\":\"https:\\\/\\\/fr.motocrossmag.be\\\/index.php\\\/2008\\\/02\\\/mx-mondialcoppins-et-philippaerts-confirment-a-montevarchi\\\/\",\"url\":\"https:\\\/\\\/fr.motocrossmag.be\\\/index.php\\\/2008\\\/02\\\/mx-mondialcoppins-et-philippaerts-confirment-a-montevarchi\\\/\",\"name\":\"MX mondial|Coppins et Philippaerts confirment &agrave; Montevarchi - Motocross - Enduro - Supermoto | MotocrossMag\",\"isPartOf\":{\"@id\":\"https:\\\/\\\/fr.motocrossmag.be\\\/#website\"},\"primaryImageOfPage\":{\"@id\":\"https:\\\/\\\/fr.motocrossmag.be\\\/index.php\\\/2008\\\/02\\\/mx-mondialcoppins-et-philippaerts-confirment-a-montevarchi\\\/#primaryimage\"},\"image\":{\"@id\":\"https:\\\/\\\/fr.motocrossmag.be\\\/index.php\\\/2008\\\/02\\\/mx-mondialcoppins-et-philippaerts-confirment-a-montevarchi\\\/#primaryimage\"},\"thumbnailUrl\":\"http:\\\/\\\/www.motocrossmag.be\\\/wp-content\\\/uploads\\\/2008\\\/02\\\/coppins_montevarchi.jpg\",\"datePublished\":\"2008-02-20T22:07:22+00:00\",\"dateModified\":\"2008-02-20T22:10:17+00:00\",\"author\":{\"@id\":\"https:\\\/\\\/fr.motocrossmag.be\\\/#\\\/schema\\\/person\\\/11b47143d9f755babca2c9110e03235c\"},\"breadcrumb\":{\"@id\":\"https:\\\/\\\/fr.motocrossmag.be\\\/index.php\\\/2008\\\/02\\\/mx-mondialcoppins-et-philippaerts-confirment-a-montevarchi\\\/#breadcrumb\"},\"inLanguage\":\"fr-FR\",\"potentialAction\":[{\"@type\":\"ReadAction\",\"target\":[\"https:\\\/\\\/fr.motocrossmag.be\\\/index.php\\\/2008\\\/02\\\/mx-mondialcoppins-et-philippaerts-confirment-a-montevarchi\\\/\"]}]},{\"@type\":\"ImageObject\",\"inLanguage\":\"fr-FR\",\"@id\":\"https:\\\/\\\/fr.motocrossmag.be\\\/index.php\\\/2008\\\/02\\\/mx-mondialcoppins-et-philippaerts-confirment-a-montevarchi\\\/#primaryimage\",\"url\":\"http:\\\/\\\/www.motocrossmag.be\\\/wp-content\\\/uploads\\\/2008\\\/02\\\/coppins_montevarchi.jpg\",\"contentUrl\":\"http:\\\/\\\/www.motocrossmag.be\\\/wp-content\\\/uploads\\\/2008\\\/02\\\/coppins_montevarchi.jpg\"},{\"@type\":\"BreadcrumbList\",\"@id\":\"https:\\\/\\\/fr.motocrossmag.be\\\/index.php\\\/2008\\\/02\\\/mx-mondialcoppins-et-philippaerts-confirment-a-montevarchi\\\/#breadcrumb\",\"itemListElement\":[{\"@type\":\"ListItem\",\"position\":1,\"name\":\"Accueil\",\"item\":\"https:\\\/\\\/fr.motocrossmag.be\\\/\"},{\"@type\":\"ListItem\",\"position\":2,\"name\":\"MX mondial|Coppins et Philippaerts confirment &agrave; Montevarchi\"}]},{\"@type\":\"WebSite\",\"@id\":\"https:\\\/\\\/fr.motocrossmag.be\\\/#website\",\"url\":\"https:\\\/\\\/fr.motocrossmag.be\\\/\",\"name\":\"Motocross - Enduro - Supermoto | MotocrossMag\",\"description\":\"L&#039;actualit\u00e9 du motocross, de l&#039;enduro et du Supermoto en ligne!\",\"potentialAction\":[{\"@type\":\"SearchAction\",\"target\":{\"@type\":\"EntryPoint\",\"urlTemplate\":\"https:\\\/\\\/fr.motocrossmag.be\\\/?s={search_term_string}\"},\"query-input\":{\"@type\":\"PropertyValueSpecification\",\"valueRequired\":true,\"valueName\":\"search_term_string\"}}],\"inLanguage\":\"fr-FR\"},{\"@type\":\"Person\",\"@id\":\"https:\\\/\\\/fr.motocrossmag.be\\\/#\\\/schema\\\/person\\\/11b47143d9f755babca2c9110e03235c\",\"name\":\"oliviere\",\"image\":{\"@type\":\"ImageObject\",\"inLanguage\":\"fr-FR\",\"@id\":\"https:\\\/\\\/secure.gravatar.com\\\/avatar\\\/907069e0b81d119452040469e4a7501da1100f54f7f80180ce77bfab718288f6?s=96&d=mm&r=g\",\"url\":\"https:\\\/\\\/secure.gravatar.com\\\/avatar\\\/907069e0b81d119452040469e4a7501da1100f54f7f80180ce77bfab718288f6?s=96&d=mm&r=g\",\"contentUrl\":\"https:\\\/\\\/secure.gravatar.com\\\/avatar\\\/907069e0b81d119452040469e4a7501da1100f54f7f80180ce77bfab718288f6?s=96&d=mm&r=g\",\"caption\":\"oliviere\"},\"sameAs\":[\"http:\\\/\\\/www.motocrossmag.be\"],\"url\":\"https:\\\/\\\/fr.motocrossmag.be\\\/index.php\\\/author\\\/oliviere\\\/\"}]}<\/script>\n<!-- \/ Yoast SEO plugin. -->","yoast_head_json":{"title":"MX mondial|Coppins et Philippaerts confirment &agrave; Montevarchi - Motocross - Enduro - Supermoto | MotocrossMag","robots":{"index":"index","follow":"follow","max-snippet":"max-snippet:-1","max-image-preview":"max-image-preview:large","max-video-preview":"max-video-preview:-1"},"canonical":"https:\/\/fr.motocrossmag.be\/index.php\/2008\/02\/mx-mondialcoppins-et-philippaerts-confirment-a-montevarchi\/","og_locale":"fr_FR","og_type":"article","og_title":"MX mondial|Coppins et Philippaerts confirment &agrave; Montevarchi - Motocross - Enduro - Supermoto | MotocrossMag","og_description":"Une semaine &agrave; peine apr\u00e8s avoir r\u00e9alis\u00e9 le doubl\u00e9 lors du Starcross de Mantova, les Rinaldi-boys Joshua Coppins et David Philippaerts ont remis le couvert &agrave; Montevarchi, lors de l&rsquo;\u00e9preuve [...]","og_url":"https:\/\/fr.motocrossmag.be\/index.php\/2008\/02\/mx-mondialcoppins-et-philippaerts-confirment-a-montevarchi\/","og_site_name":"Motocross - Enduro - Supermoto | MotocrossMag","article_published_time":"2008-02-20T22:07:22+00:00","article_modified_time":"2008-02-20T22:10:17+00:00","og_image":[{"url":"http:\/\/www.motocrossmag.be\/wp-content\/uploads\/2008\/02\/coppins_montevarchi.jpg","type":"","width":"","height":""}],"author":"oliviere","twitter_card":"summary_large_image","twitter_misc":{"\u00c9crit par":"oliviere","Dur\u00e9e de lecture estim\u00e9e":"1 minute"},"schema":{"@context":"https:\/\/schema.org","@graph":[{"@type":"Article","@id":"https:\/\/fr.motocrossmag.be\/index.php\/2008\/02\/mx-mondialcoppins-et-philippaerts-confirment-a-montevarchi\/#article","isPartOf":{"@id":"https:\/\/fr.motocrossmag.be\/index.php\/2008\/02\/mx-mondialcoppins-et-philippaerts-confirment-a-montevarchi\/"},"author":{"name":"oliviere","@id":"https:\/\/fr.motocrossmag.be\/#\/schema\/person\/11b47143d9f755babca2c9110e03235c"},"headline":"MX mondial|Coppins et Philippaerts confirment &agrave; Montevarchi","datePublished":"2008-02-20T22:07:22+00:00","dateModified":"2008-02-20T22:10:17+00:00","mainEntityOfPage":{"@id":"https:\/\/fr.motocrossmag.be\/index.php\/2008\/02\/mx-mondialcoppins-et-philippaerts-confirment-a-montevarchi\/"},"wordCount":225,"commentCount":0,"image":{"@id":"https:\/\/fr.motocrossmag.be\/index.php\/2008\/02\/mx-mondialcoppins-et-philippaerts-confirment-a-montevarchi\/#primaryimage"},"thumbnailUrl":"http:\/\/www.motocrossmag.be\/wp-content\/uploads\/2008\/02\/coppins_montevarchi.jpg","articleSection":["Actualit\u00e9","Motocross","News","News"],"inLanguage":"fr-FR","potentialAction":[{"@type":"CommentAction","name":"Comment","target":["https:\/\/fr.motocrossmag.be\/index.php\/2008\/02\/mx-mondialcoppins-et-philippaerts-confirment-a-montevarchi\/#respond"]}]},{"@type":"WebPage","@id":"https:\/\/fr.motocrossmag.be\/index.php\/2008\/02\/mx-mondialcoppins-et-philippaerts-confirment-a-montevarchi\/","url":"https:\/\/fr.motocrossmag.be\/index.php\/2008\/02\/mx-mondialcoppins-et-philippaerts-confirment-a-montevarchi\/","name":"MX mondial|Coppins et Philippaerts confirment &agrave; Montevarchi - Motocross - Enduro - Supermoto | MotocrossMag","isPartOf":{"@id":"https:\/\/fr.motocrossmag.be\/#website"},"primaryImageOfPage":{"@id":"https:\/\/fr.motocrossmag.be\/index.php\/2008\/02\/mx-mondialcoppins-et-philippaerts-confirment-a-montevarchi\/#primaryimage"},"image":{"@id":"https:\/\/fr.motocrossmag.be\/index.php\/2008\/02\/mx-mondialcoppins-et-philippaerts-confirment-a-montevarchi\/#primaryimage"},"thumbnailUrl":"http:\/\/www.motocrossmag.be\/wp-content\/uploads\/2008\/02\/coppins_montevarchi.jpg","datePublished":"2008-02-20T22:07:22+00:00","dateModified":"2008-02-20T22:10:17+00:00","author":{"@id":"https:\/\/fr.motocrossmag.be\/#\/schema\/person\/11b47143d9f755babca2c9110e03235c"},"breadcrumb":{"@id":"https:\/\/fr.motocrossmag.be\/index.php\/2008\/02\/mx-mondialcoppins-et-philippaerts-confirment-a-montevarchi\/#breadcrumb"},"inLanguage":"fr-FR","potentialAction":[{"@type":"ReadAction","target":["https:\/\/fr.motocrossmag.be\/index.php\/2008\/02\/mx-mondialcoppins-et-philippaerts-confirment-a-montevarchi\/"]}]},{"@type":"ImageObject","inLanguage":"fr-FR","@id":"https:\/\/fr.motocrossmag.be\/index.php\/2008\/02\/mx-mondialcoppins-et-philippaerts-confirment-a-montevarchi\/#primaryimage","url":"http:\/\/www.motocrossmag.be\/wp-content\/uploads\/2008\/02\/coppins_montevarchi.jpg","contentUrl":"http:\/\/www.motocrossmag.be\/wp-content\/uploads\/2008\/02\/coppins_montevarchi.jpg"},{"@type":"BreadcrumbList","@id":"https:\/\/fr.motocrossmag.be\/index.php\/2008\/02\/mx-mondialcoppins-et-philippaerts-confirment-a-montevarchi\/#breadcrumb","itemListElement":[{"@type":"ListItem","position":1,"name":"Accueil","item":"https:\/\/fr.motocrossmag.be\/"},{"@type":"ListItem","position":2,"name":"MX mondial|Coppins et Philippaerts confirment &agrave; Montevarchi"}]},{"@type":"WebSite","@id":"https:\/\/fr.motocrossmag.be\/#website","url":"https:\/\/fr.motocrossmag.be\/","name":"Motocross - Enduro - Supermoto | MotocrossMag","description":"L&#039;actualit\u00e9 du motocross, de l&#039;enduro et du Supermoto en ligne!","potentialAction":[{"@type":"SearchAction","target":{"@type":"EntryPoint","urlTemplate":"https:\/\/fr.motocrossmag.be\/?s={search_term_string}"},"query-input":{"@type":"PropertyValueSpecification","valueRequired":true,"valueName":"search_term_string"}}],"inLanguage":"fr-FR"},{"@type":"Person","@id":"https:\/\/fr.motocrossmag.be\/#\/schema\/person\/11b47143d9f755babca2c9110e03235c","name":"oliviere","image":{"@type":"ImageObject","inLanguage":"fr-FR","@id":"https:\/\/secure.gravatar.com\/avatar\/907069e0b81d119452040469e4a7501da1100f54f7f80180ce77bfab718288f6?s=96&d=mm&r=g","url":"https:\/\/secure.gravatar.com\/avatar\/907069e0b81d119452040469e4a7501da1100f54f7f80180ce77bfab718288f6?s=96&d=mm&r=g","contentUrl":"https:\/\/secure.gravatar.com\/avatar\/907069e0b81d119452040469e4a7501da1100f54f7f80180ce77bfab718288f6?s=96&d=mm&r=g","caption":"oliviere"},"sameAs":["http:\/\/www.motocrossmag.be"],"url":"https:\/\/fr.motocrossmag.be\/index.php\/author\/oliviere\/"}]}},"_links":{"self":[{"href":"https:\/\/fr.motocrossmag.be\/index.php\/wp-json\/wp\/v2\/posts\/148","targetHints":{"allow":["GET"]}}],"collection":[{"href":"https:\/\/fr.motocrossmag.be\/index.php\/wp-json\/wp\/v2\/posts"}],"about":[{"href":"https:\/\/fr.motocrossmag.be\/index.php\/wp-json\/wp\/v2\/types\/post"}],"author":[{"embeddable":true,"href":"https:\/\/fr.motocrossmag.be\/index.php\/wp-json\/wp\/v2\/users\/932"}],"replies":[{"embeddable":true,"href":"https:\/\/fr.motocrossmag.be\/index.php\/wp-json\/wp\/v2\/comments?post=148"}],"version-history":[{"count":0,"href":"https:\/\/fr.motocrossmag.be\/index.php\/wp-json\/wp\/v2\/posts\/148\/revisions"}],"wp:attachment":[{"href":"https:\/\/fr.motocrossmag.be\/index.php\/wp-json\/wp\/v2\/media?parent=148"}],"wp:term":[{"taxonomy":"category","embeddable":true,"href":"https:\/\/fr.motocrossmag.be\/index.php\/wp-json\/wp\/v2\/categories?post=148"},{"taxonomy":"post_tag","embeddable":true,"href":"https:\/\/fr.motocrossmag.be\/index.php\/wp-json\/wp\/v2\/tags?post=148"}],"curies":[{"name":"wp","href":"https:\/\/api.w.org\/{rel}","templated":true}]}}