{"id":148668,"date":"2025-06-12T14:33:49","date_gmt":"2025-06-12T12:33:49","guid":{"rendered":"https:\/\/fr.motocrossmag.be\/?p=148668"},"modified":"2025-06-12T14:36:24","modified_gmt":"2025-06-12T12:36:24","slug":"jean-michel-bayle-sest-elance-pour-2500-kilometres-a-velo","status":"publish","type":"post","link":"https:\/\/fr.motocrossmag.be\/index.php\/2025\/06\/jean-michel-bayle-sest-elance-pour-2500-kilometres-a-velo\/","title":{"rendered":"Jean-Michel Bayle s&rsquo;est \u00e9lanc\u00e9 pour 2500 kilom\u00e8tres \u00e0 v\u00e9lo"},"content":{"rendered":"<p>A 56 ans, Jean-Michel Bayle reste un sportif de haut niveau. Et \u00e0 ce titre, il aime continuer \u00e0 se lancer des d\u00e9fis.<\/p>\n<p>Ce mercredi 11 juin, la l\u00e9gende du motocross et du Supercross des ann\u00e9es 90 s&rsquo;est \u00e9lanc\u00e9 \u00e0 v\u00e9lo depuis Dinan, dans les C\u00f4tes-d\u2019Armor (Bretagne), pour rejoindre les Alpes-Martitimes et la localit\u00e9 de Mandelieu-la-Napoule. L&rsquo;arriv\u00e9e de cette \u00e9preuve d&rsquo;ultra-cyclisme est pr\u00e9vue le 21 juin, soit 10 jours de course durant lesquels les concurrents auront parcouru quelque 2500 kilom\u00e8tres&#8230;<\/p><div class=\"ciauu6a972e945f3ef\" ><!-- \/91277017\/Inline-articles-mobile -->\n<div style=\"margin:auto; text-align:center !important\">\n<div id='div-gpt-ad-1784982661365-0' style='min-width: 250px; min-height: 75px;'>\n  <script>\n    googletag.cmd.push(function() { googletag.display('div-gpt-ad-1784982661365-0'); });\n  <\/script>\n<\/div><\/div><\/div><style type=\"text\/css\">\r\n.ciauu6a972e945f3ef {\r\nmargin-bottom:30px;margin-top:20px\r\n}\r\n@media screen and (min-width: 1201px) {\r\n.ciauu6a972e945f3ef {\r\ndisplay: block;\r\n}\r\n}\r\n@media screen and (min-width: 993px) and (max-width: 1200px) {\r\n.ciauu6a972e945f3ef {\r\ndisplay: block;\r\n}\r\n}\r\n@media screen and (min-width: 769px) and (max-width: 992px) {\r\n.ciauu6a972e945f3ef {\r\ndisplay: block;\r\n}\r\n}\r\n@media screen and (min-width: 768px) and (max-width: 768px) {\r\n.ciauu6a972e945f3ef {\r\ndisplay: block;\r\n}\r\n}\r\n@media screen and (max-width: 767px) {\r\n.ciauu6a972e945f3ef {\r\ndisplay: block;\r\n}\r\n}\r\n<\/style>\r\n\n<p>Cette \u00e9preuve appartient \u00e0 la s\u00e9rie \u00ab\u00a0Race Across France\u00a0\u00bb, inspir\u00e9e du \u00ab\u00a0Race Across America\u00a0\u00bb, \u00e9preuve US de r\u00e9f\u00e9rence que Bayle a d\u00e9j\u00e0 termin\u00e9e \u00e0 deux reprises, en 2013 et 2015. Bayle n&rsquo;en est pas \u00e0 son coup d&rsquo;essai sur la Race Across France, pour laquelle il s&rsquo;implique \u00e9galement dans l&rsquo;organisation.<\/p>\n<div class=\"su-youtube su-u-responsive-media-yes\"><iframe width=\"640\" height=\"400\" src=\"https:\/\/www.youtube.com\/embed\/8-FIzqZHDl0?\" frameborder=\"0\" allowfullscreen allow=\"autoplay; encrypted-media; picture-in-picture\" title=\"\"><\/iframe><\/div>\n","protected":false},"excerpt":{"rendered":"<p>A 56 ans, Jean-Michel Bayle reste un sportif de haut niveau. Et \u00e0 ce titre, il aime continuer \u00e0 se lancer des d\u00e9fis. Ce mercredi 11 juin, la l\u00e9gende du motocross et du Supercross des ann\u00e9es 90 s&rsquo;est \u00e9lanc\u00e9 \u00e0 v\u00e9lo depuis Dinan, dans les C\u00f4tes-d\u2019Armor (Bretagne), pour rejoindre les Alpes-Martitimes et la localit\u00e9 de [&hellip;]<\/p>\n","protected":false},"author":932,"featured_media":102489,"comment_status":"open","ping_status":"closed","sticky":false,"template":"","format":"standard","meta":{"tdm_status":"","tdm_grid_status":"","footnotes":""},"categories":[54,4,6,27,5,55,65,1394],"tags":[1301,947,1176],"class_list":["post-148668","post","type-post","status-publish","format-standard","has-post-thumbnail","category-actualite","category-motocross","category-mx1mx2","category-sx-us","category-news","category-news-actualite","category-slideshow","category-velo","tag-jean-michel-bayle","tag-motocross","tag-velo"],"yoast_head":"<!-- This site is optimized with the Yoast SEO plugin v28.3 - https:\/\/yoast.com\/product\/yoast-seo-wordpress\/ -->\n<title>Jean-Michel Bayle s&#039;est \u00e9lanc\u00e9 pour 2500 kilom\u00e8tres \u00e0 v\u00e9lo - Motocross - Enduro - Supermoto | MotocrossMag<\/title>\n<meta name=\"robots\" content=\"index, follow, max-snippet:-1, max-image-preview:large, max-video-preview:-1\" \/>\n<link rel=\"canonical\" href=\"https:\/\/fr.motocrossmag.be\/index.php\/2025\/06\/jean-michel-bayle-sest-elance-pour-2500-kilometres-a-velo\/\" \/>\n<meta property=\"og:locale\" content=\"fr_FR\" \/>\n<meta property=\"og:type\" content=\"article\" \/>\n<meta property=\"og:title\" content=\"Jean-Michel Bayle s&#039;est \u00e9lanc\u00e9 pour 2500 kilom\u00e8tres \u00e0 v\u00e9lo - Motocross - Enduro - Supermoto | MotocrossMag\" \/>\n<meta property=\"og:description\" content=\"A 56 ans, Jean-Michel Bayle reste un sportif de haut niveau. Et \u00e0 ce titre, il aime continuer \u00e0 se lancer des d\u00e9fis. Ce mercredi 11 juin, la l\u00e9gende du motocross et du Supercross des ann\u00e9es 90 s&rsquo;est \u00e9lanc\u00e9 \u00e0 v\u00e9lo depuis Dinan, dans les C\u00f4tes-d\u2019Armor (Bretagne), pour rejoindre les Alpes-Martitimes et la localit\u00e9 de [&hellip;]\" \/>\n<meta property=\"og:url\" content=\"https:\/\/fr.motocrossmag.be\/index.php\/2025\/06\/jean-michel-bayle-sest-elance-pour-2500-kilometres-a-velo\/\" \/>\n<meta property=\"og:site_name\" content=\"Motocross - Enduro - Supermoto | MotocrossMag\" \/>\n<meta property=\"article:published_time\" content=\"2025-06-12T12:33:49+00:00\" \/>\n<meta property=\"article:modified_time\" content=\"2025-06-12T12:36:24+00:00\" \/>\n<meta property=\"og:image\" content=\"https:\/\/fr.motocrossmag.be\/wp-content\/uploads\/2020\/03\/bayle-jean-michel.jpg\" \/>\n\t<meta property=\"og:image:width\" content=\"899\" \/>\n\t<meta property=\"og:image:height\" content=\"600\" \/>\n\t<meta property=\"og:image:type\" content=\"image\/jpeg\" \/>\n<meta name=\"author\" content=\"oliviere\" \/>\n<meta name=\"twitter:card\" content=\"summary_large_image\" \/>\n<meta name=\"twitter:label1\" content=\"\u00c9crit par\" \/>\n\t<meta name=\"twitter:data1\" content=\"oliviere\" \/>\n\t<meta name=\"twitter:label2\" content=\"Dur\u00e9e de lecture estim\u00e9e\" \/>\n\t<meta name=\"twitter:data2\" content=\"1 minute\" \/>\n<script type=\"application\/ld+json\" class=\"yoast-schema-graph\">{\"@context\":\"https:\\\/\\\/schema.org\",\"@graph\":[{\"@type\":\"Article\",\"@id\":\"https:\\\/\\\/fr.motocrossmag.be\\\/index.php\\\/2025\\\/06\\\/jean-michel-bayle-sest-elance-pour-2500-kilometres-a-velo\\\/#article\",\"isPartOf\":{\"@id\":\"https:\\\/\\\/fr.motocrossmag.be\\\/index.php\\\/2025\\\/06\\\/jean-michel-bayle-sest-elance-pour-2500-kilometres-a-velo\\\/\"},\"author\":{\"name\":\"oliviere\",\"@id\":\"https:\\\/\\\/fr.motocrossmag.be\\\/#\\\/schema\\\/person\\\/11b47143d9f755babca2c9110e03235c\"},\"headline\":\"Jean-Michel Bayle s&rsquo;est \u00e9lanc\u00e9 pour 2500 kilom\u00e8tres \u00e0 v\u00e9lo\",\"datePublished\":\"2025-06-12T12:33:49+00:00\",\"dateModified\":\"2025-06-12T12:36:24+00:00\",\"mainEntityOfPage\":{\"@id\":\"https:\\\/\\\/fr.motocrossmag.be\\\/index.php\\\/2025\\\/06\\\/jean-michel-bayle-sest-elance-pour-2500-kilometres-a-velo\\\/\"},\"wordCount\":156,\"commentCount\":0,\"image\":{\"@id\":\"https:\\\/\\\/fr.motocrossmag.be\\\/index.php\\\/2025\\\/06\\\/jean-michel-bayle-sest-elance-pour-2500-kilometres-a-velo\\\/#primaryimage\"},\"thumbnailUrl\":\"https:\\\/\\\/fr.motocrossmag.be\\\/wp-content\\\/uploads\\\/2020\\\/03\\\/bayle-jean-michel.jpg\",\"keywords\":[\"jean-michel bayle\",\"Motocross\",\"velo\"],\"articleSection\":[\"Actualit\u00e9\",\"Motocross\",\"Motocross MXGP\",\"MX\\\/SX US\",\"News\",\"News\",\"Slideshow\",\"V\u00e9lo\"],\"inLanguage\":\"fr-FR\",\"potentialAction\":[{\"@type\":\"CommentAction\",\"name\":\"Comment\",\"target\":[\"https:\\\/\\\/fr.motocrossmag.be\\\/index.php\\\/2025\\\/06\\\/jean-michel-bayle-sest-elance-pour-2500-kilometres-a-velo\\\/#respond\"]}]},{\"@type\":\"WebPage\",\"@id\":\"https:\\\/\\\/fr.motocrossmag.be\\\/index.php\\\/2025\\\/06\\\/jean-michel-bayle-sest-elance-pour-2500-kilometres-a-velo\\\/\",\"url\":\"https:\\\/\\\/fr.motocrossmag.be\\\/index.php\\\/2025\\\/06\\\/jean-michel-bayle-sest-elance-pour-2500-kilometres-a-velo\\\/\",\"name\":\"Jean-Michel Bayle s'est \u00e9lanc\u00e9 pour 2500 kilom\u00e8tres \u00e0 v\u00e9lo - Motocross - Enduro - Supermoto | MotocrossMag\",\"isPartOf\":{\"@id\":\"https:\\\/\\\/fr.motocrossmag.be\\\/#website\"},\"primaryImageOfPage\":{\"@id\":\"https:\\\/\\\/fr.motocrossmag.be\\\/index.php\\\/2025\\\/06\\\/jean-michel-bayle-sest-elance-pour-2500-kilometres-a-velo\\\/#primaryimage\"},\"image\":{\"@id\":\"https:\\\/\\\/fr.motocrossmag.be\\\/index.php\\\/2025\\\/06\\\/jean-michel-bayle-sest-elance-pour-2500-kilometres-a-velo\\\/#primaryimage\"},\"thumbnailUrl\":\"https:\\\/\\\/fr.motocrossmag.be\\\/wp-content\\\/uploads\\\/2020\\\/03\\\/bayle-jean-michel.jpg\",\"datePublished\":\"2025-06-12T12:33:49+00:00\",\"dateModified\":\"2025-06-12T12:36:24+00:00\",\"author\":{\"@id\":\"https:\\\/\\\/fr.motocrossmag.be\\\/#\\\/schema\\\/person\\\/11b47143d9f755babca2c9110e03235c\"},\"breadcrumb\":{\"@id\":\"https:\\\/\\\/fr.motocrossmag.be\\\/index.php\\\/2025\\\/06\\\/jean-michel-bayle-sest-elance-pour-2500-kilometres-a-velo\\\/#breadcrumb\"},\"inLanguage\":\"fr-FR\",\"potentialAction\":[{\"@type\":\"ReadAction\",\"target\":[\"https:\\\/\\\/fr.motocrossmag.be\\\/index.php\\\/2025\\\/06\\\/jean-michel-bayle-sest-elance-pour-2500-kilometres-a-velo\\\/\"]}]},{\"@type\":\"ImageObject\",\"inLanguage\":\"fr-FR\",\"@id\":\"https:\\\/\\\/fr.motocrossmag.be\\\/index.php\\\/2025\\\/06\\\/jean-michel-bayle-sest-elance-pour-2500-kilometres-a-velo\\\/#primaryimage\",\"url\":\"https:\\\/\\\/fr.motocrossmag.be\\\/wp-content\\\/uploads\\\/2020\\\/03\\\/bayle-jean-michel.jpg\",\"contentUrl\":\"https:\\\/\\\/fr.motocrossmag.be\\\/wp-content\\\/uploads\\\/2020\\\/03\\\/bayle-jean-michel.jpg\",\"width\":899,\"height\":600},{\"@type\":\"BreadcrumbList\",\"@id\":\"https:\\\/\\\/fr.motocrossmag.be\\\/index.php\\\/2025\\\/06\\\/jean-michel-bayle-sest-elance-pour-2500-kilometres-a-velo\\\/#breadcrumb\",\"itemListElement\":[{\"@type\":\"ListItem\",\"position\":1,\"name\":\"Accueil\",\"item\":\"https:\\\/\\\/fr.motocrossmag.be\\\/\"},{\"@type\":\"ListItem\",\"position\":2,\"name\":\"Jean-Michel Bayle s&rsquo;est \u00e9lanc\u00e9 pour 2500 kilom\u00e8tres \u00e0 v\u00e9lo\"}]},{\"@type\":\"WebSite\",\"@id\":\"https:\\\/\\\/fr.motocrossmag.be\\\/#website\",\"url\":\"https:\\\/\\\/fr.motocrossmag.be\\\/\",\"name\":\"Motocross - Enduro - Supermoto | MotocrossMag\",\"description\":\"L&#039;actualit\u00e9 du motocross, de l&#039;enduro et du Supermoto en ligne!\",\"potentialAction\":[{\"@type\":\"SearchAction\",\"target\":{\"@type\":\"EntryPoint\",\"urlTemplate\":\"https:\\\/\\\/fr.motocrossmag.be\\\/?s={search_term_string}\"},\"query-input\":{\"@type\":\"PropertyValueSpecification\",\"valueRequired\":true,\"valueName\":\"search_term_string\"}}],\"inLanguage\":\"fr-FR\"},{\"@type\":\"Person\",\"@id\":\"https:\\\/\\\/fr.motocrossmag.be\\\/#\\\/schema\\\/person\\\/11b47143d9f755babca2c9110e03235c\",\"name\":\"oliviere\",\"image\":{\"@type\":\"ImageObject\",\"inLanguage\":\"fr-FR\",\"@id\":\"https:\\\/\\\/secure.gravatar.com\\\/avatar\\\/907069e0b81d119452040469e4a7501da1100f54f7f80180ce77bfab718288f6?s=96&d=mm&r=g\",\"url\":\"https:\\\/\\\/secure.gravatar.com\\\/avatar\\\/907069e0b81d119452040469e4a7501da1100f54f7f80180ce77bfab718288f6?s=96&d=mm&r=g\",\"contentUrl\":\"https:\\\/\\\/secure.gravatar.com\\\/avatar\\\/907069e0b81d119452040469e4a7501da1100f54f7f80180ce77bfab718288f6?s=96&d=mm&r=g\",\"caption\":\"oliviere\"},\"sameAs\":[\"http:\\\/\\\/www.motocrossmag.be\"],\"url\":\"https:\\\/\\\/fr.motocrossmag.be\\\/index.php\\\/author\\\/oliviere\\\/\"}]}<\/script>\n<!-- \/ Yoast SEO plugin. -->","yoast_head_json":{"title":"Jean-Michel Bayle s'est \u00e9lanc\u00e9 pour 2500 kilom\u00e8tres \u00e0 v\u00e9lo - Motocross - Enduro - Supermoto | MotocrossMag","robots":{"index":"index","follow":"follow","max-snippet":"max-snippet:-1","max-image-preview":"max-image-preview:large","max-video-preview":"max-video-preview:-1"},"canonical":"https:\/\/fr.motocrossmag.be\/index.php\/2025\/06\/jean-michel-bayle-sest-elance-pour-2500-kilometres-a-velo\/","og_locale":"fr_FR","og_type":"article","og_title":"Jean-Michel Bayle s'est \u00e9lanc\u00e9 pour 2500 kilom\u00e8tres \u00e0 v\u00e9lo - Motocross - Enduro - Supermoto | MotocrossMag","og_description":"A 56 ans, Jean-Michel Bayle reste un sportif de haut niveau. Et \u00e0 ce titre, il aime continuer \u00e0 se lancer des d\u00e9fis. Ce mercredi 11 juin, la l\u00e9gende du motocross et du Supercross des ann\u00e9es 90 s&rsquo;est \u00e9lanc\u00e9 \u00e0 v\u00e9lo depuis Dinan, dans les C\u00f4tes-d\u2019Armor (Bretagne), pour rejoindre les Alpes-Martitimes et la localit\u00e9 de [&hellip;]","og_url":"https:\/\/fr.motocrossmag.be\/index.php\/2025\/06\/jean-michel-bayle-sest-elance-pour-2500-kilometres-a-velo\/","og_site_name":"Motocross - Enduro - Supermoto | MotocrossMag","article_published_time":"2025-06-12T12:33:49+00:00","article_modified_time":"2025-06-12T12:36:24+00:00","og_image":[{"width":899,"height":600,"url":"https:\/\/fr.motocrossmag.be\/wp-content\/uploads\/2020\/03\/bayle-jean-michel.jpg","type":"image\/jpeg"}],"author":"oliviere","twitter_card":"summary_large_image","twitter_misc":{"\u00c9crit par":"oliviere","Dur\u00e9e de lecture estim\u00e9e":"1 minute"},"schema":{"@context":"https:\/\/schema.org","@graph":[{"@type":"Article","@id":"https:\/\/fr.motocrossmag.be\/index.php\/2025\/06\/jean-michel-bayle-sest-elance-pour-2500-kilometres-a-velo\/#article","isPartOf":{"@id":"https:\/\/fr.motocrossmag.be\/index.php\/2025\/06\/jean-michel-bayle-sest-elance-pour-2500-kilometres-a-velo\/"},"author":{"name":"oliviere","@id":"https:\/\/fr.motocrossmag.be\/#\/schema\/person\/11b47143d9f755babca2c9110e03235c"},"headline":"Jean-Michel Bayle s&rsquo;est \u00e9lanc\u00e9 pour 2500 kilom\u00e8tres \u00e0 v\u00e9lo","datePublished":"2025-06-12T12:33:49+00:00","dateModified":"2025-06-12T12:36:24+00:00","mainEntityOfPage":{"@id":"https:\/\/fr.motocrossmag.be\/index.php\/2025\/06\/jean-michel-bayle-sest-elance-pour-2500-kilometres-a-velo\/"},"wordCount":156,"commentCount":0,"image":{"@id":"https:\/\/fr.motocrossmag.be\/index.php\/2025\/06\/jean-michel-bayle-sest-elance-pour-2500-kilometres-a-velo\/#primaryimage"},"thumbnailUrl":"https:\/\/fr.motocrossmag.be\/wp-content\/uploads\/2020\/03\/bayle-jean-michel.jpg","keywords":["jean-michel bayle","Motocross","velo"],"articleSection":["Actualit\u00e9","Motocross","Motocross MXGP","MX\/SX US","News","News","Slideshow","V\u00e9lo"],"inLanguage":"fr-FR","potentialAction":[{"@type":"CommentAction","name":"Comment","target":["https:\/\/fr.motocrossmag.be\/index.php\/2025\/06\/jean-michel-bayle-sest-elance-pour-2500-kilometres-a-velo\/#respond"]}]},{"@type":"WebPage","@id":"https:\/\/fr.motocrossmag.be\/index.php\/2025\/06\/jean-michel-bayle-sest-elance-pour-2500-kilometres-a-velo\/","url":"https:\/\/fr.motocrossmag.be\/index.php\/2025\/06\/jean-michel-bayle-sest-elance-pour-2500-kilometres-a-velo\/","name":"Jean-Michel Bayle s'est \u00e9lanc\u00e9 pour 2500 kilom\u00e8tres \u00e0 v\u00e9lo - Motocross - Enduro - Supermoto | MotocrossMag","isPartOf":{"@id":"https:\/\/fr.motocrossmag.be\/#website"},"primaryImageOfPage":{"@id":"https:\/\/fr.motocrossmag.be\/index.php\/2025\/06\/jean-michel-bayle-sest-elance-pour-2500-kilometres-a-velo\/#primaryimage"},"image":{"@id":"https:\/\/fr.motocrossmag.be\/index.php\/2025\/06\/jean-michel-bayle-sest-elance-pour-2500-kilometres-a-velo\/#primaryimage"},"thumbnailUrl":"https:\/\/fr.motocrossmag.be\/wp-content\/uploads\/2020\/03\/bayle-jean-michel.jpg","datePublished":"2025-06-12T12:33:49+00:00","dateModified":"2025-06-12T12:36:24+00:00","author":{"@id":"https:\/\/fr.motocrossmag.be\/#\/schema\/person\/11b47143d9f755babca2c9110e03235c"},"breadcrumb":{"@id":"https:\/\/fr.motocrossmag.be\/index.php\/2025\/06\/jean-michel-bayle-sest-elance-pour-2500-kilometres-a-velo\/#breadcrumb"},"inLanguage":"fr-FR","potentialAction":[{"@type":"ReadAction","target":["https:\/\/fr.motocrossmag.be\/index.php\/2025\/06\/jean-michel-bayle-sest-elance-pour-2500-kilometres-a-velo\/"]}]},{"@type":"ImageObject","inLanguage":"fr-FR","@id":"https:\/\/fr.motocrossmag.be\/index.php\/2025\/06\/jean-michel-bayle-sest-elance-pour-2500-kilometres-a-velo\/#primaryimage","url":"https:\/\/fr.motocrossmag.be\/wp-content\/uploads\/2020\/03\/bayle-jean-michel.jpg","contentUrl":"https:\/\/fr.motocrossmag.be\/wp-content\/uploads\/2020\/03\/bayle-jean-michel.jpg","width":899,"height":600},{"@type":"BreadcrumbList","@id":"https:\/\/fr.motocrossmag.be\/index.php\/2025\/06\/jean-michel-bayle-sest-elance-pour-2500-kilometres-a-velo\/#breadcrumb","itemListElement":[{"@type":"ListItem","position":1,"name":"Accueil","item":"https:\/\/fr.motocrossmag.be\/"},{"@type":"ListItem","position":2,"name":"Jean-Michel Bayle s&rsquo;est \u00e9lanc\u00e9 pour 2500 kilom\u00e8tres \u00e0 v\u00e9lo"}]},{"@type":"WebSite","@id":"https:\/\/fr.motocrossmag.be\/#website","url":"https:\/\/fr.motocrossmag.be\/","name":"Motocross - Enduro - Supermoto | MotocrossMag","description":"L&#039;actualit\u00e9 du motocross, de l&#039;enduro et du Supermoto en ligne!","potentialAction":[{"@type":"SearchAction","target":{"@type":"EntryPoint","urlTemplate":"https:\/\/fr.motocrossmag.be\/?s={search_term_string}"},"query-input":{"@type":"PropertyValueSpecification","valueRequired":true,"valueName":"search_term_string"}}],"inLanguage":"fr-FR"},{"@type":"Person","@id":"https:\/\/fr.motocrossmag.be\/#\/schema\/person\/11b47143d9f755babca2c9110e03235c","name":"oliviere","image":{"@type":"ImageObject","inLanguage":"fr-FR","@id":"https:\/\/secure.gravatar.com\/avatar\/907069e0b81d119452040469e4a7501da1100f54f7f80180ce77bfab718288f6?s=96&d=mm&r=g","url":"https:\/\/secure.gravatar.com\/avatar\/907069e0b81d119452040469e4a7501da1100f54f7f80180ce77bfab718288f6?s=96&d=mm&r=g","contentUrl":"https:\/\/secure.gravatar.com\/avatar\/907069e0b81d119452040469e4a7501da1100f54f7f80180ce77bfab718288f6?s=96&d=mm&r=g","caption":"oliviere"},"sameAs":["http:\/\/www.motocrossmag.be"],"url":"https:\/\/fr.motocrossmag.be\/index.php\/author\/oliviere\/"}]}},"_links":{"self":[{"href":"https:\/\/fr.motocrossmag.be\/index.php\/wp-json\/wp\/v2\/posts\/148668","targetHints":{"allow":["GET"]}}],"collection":[{"href":"https:\/\/fr.motocrossmag.be\/index.php\/wp-json\/wp\/v2\/posts"}],"about":[{"href":"https:\/\/fr.motocrossmag.be\/index.php\/wp-json\/wp\/v2\/types\/post"}],"author":[{"embeddable":true,"href":"https:\/\/fr.motocrossmag.be\/index.php\/wp-json\/wp\/v2\/users\/932"}],"replies":[{"embeddable":true,"href":"https:\/\/fr.motocrossmag.be\/index.php\/wp-json\/wp\/v2\/comments?post=148668"}],"version-history":[{"count":3,"href":"https:\/\/fr.motocrossmag.be\/index.php\/wp-json\/wp\/v2\/posts\/148668\/revisions"}],"predecessor-version":[{"id":148671,"href":"https:\/\/fr.motocrossmag.be\/index.php\/wp-json\/wp\/v2\/posts\/148668\/revisions\/148671"}],"wp:featuredmedia":[{"embeddable":true,"href":"https:\/\/fr.motocrossmag.be\/index.php\/wp-json\/wp\/v2\/media\/102489"}],"wp:attachment":[{"href":"https:\/\/fr.motocrossmag.be\/index.php\/wp-json\/wp\/v2\/media?parent=148668"}],"wp:term":[{"taxonomy":"category","embeddable":true,"href":"https:\/\/fr.motocrossmag.be\/index.php\/wp-json\/wp\/v2\/categories?post=148668"},{"taxonomy":"post_tag","embeddable":true,"href":"https:\/\/fr.motocrossmag.be\/index.php\/wp-json\/wp\/v2\/tags?post=148668"}],"curies":[{"name":"wp","href":"https:\/\/api.w.org\/{rel}","templated":true}]}}