{"id":14896,"date":"2012-05-19T23:39:54","date_gmt":"2012-05-19T22:39:54","guid":{"rendered":"http:\/\/fr.motocrossmag.be\/?p=14896"},"modified":"2012-05-19T23:39:54","modified_gmt":"2012-05-19T22:39:54","slug":"galerie-photos-gp-du-bresil-premieres-photos","status":"publish","type":"post","link":"https:\/\/fr.motocrossmag.be\/index.php\/2012\/05\/galerie-photos-gp-du-bresil-premieres-photos\/","title":{"rendered":"Galerie photos | GP du Br\u00e9sil: premi\u00e8res photos"},"content":{"rendered":"<p>A l&rsquo;issue de la premi\u00e8re journ\u00e9e du GP du Br\u00e9sil, voici une premi\u00e8re galerie de photos que nous offre notre photographe Bavo Swijgers. Sous le soleil br\u00e9silien, on retrouve les pilotes dans un parc d&rsquo;attractions tout proche du circuit de Beto Carrero\u00a0avant de les voir en action ce samedi apr\u00e8s-midi \u00e0\u00a0 l&rsquo;occasion des manches qualificatives.<\/p>\n<p>Photos: Bavo Swijgers<\/p><div class=\"xzith6a97fe7fa9790\" ><!-- \/91277017\/Inline-articles-mobile -->\n<div style=\"margin:auto; text-align:center !important\">\n<div id='div-gpt-ad-1784982661365-0' style='min-width: 250px; min-height: 75px;'>\n  <script>\n    googletag.cmd.push(function() { googletag.display('div-gpt-ad-1784982661365-0'); });\n  <\/script>\n<\/div><\/div><\/div><style type=\"text\/css\">\r\n.xzith6a97fe7fa9790 {\r\nmargin-bottom:30px;margin-top:20px\r\n}\r\n@media screen and (min-width: 1201px) {\r\n.xzith6a97fe7fa9790 {\r\ndisplay: block;\r\n}\r\n}\r\n@media screen and (min-width: 993px) and (max-width: 1200px) {\r\n.xzith6a97fe7fa9790 {\r\ndisplay: block;\r\n}\r\n}\r\n@media screen and (min-width: 769px) and (max-width: 992px) {\r\n.xzith6a97fe7fa9790 {\r\ndisplay: block;\r\n}\r\n}\r\n@media screen and (min-width: 768px) and (max-width: 768px) {\r\n.xzith6a97fe7fa9790 {\r\ndisplay: block;\r\n}\r\n}\r\n@media screen and (max-width: 767px) {\r\n.xzith6a97fe7fa9790 {\r\ndisplay: block;\r\n}\r\n}\r\n<\/style>\r\n\n<p><a class=\"shutterset_set_256\" title=\"Max Anstie was attacked by King Kong. But Max was A okay with the deal.\" rel=\"lightbox dia=1\" href=\"http:\/\/nl.motocrossmag.be\/wp-content\/gallery\/braz_vr\/anstie_dsc5986-72dpi.jpg\"><img decoding=\"async\" title=\"anstie_dsc5986-72dpi\" src=\"http:\/\/nl.motocrossmag.be\/wp-content\/gallery\/braz_vr\/thumbs\/thumbs_anstie_dsc5986-72dpi.jpg\" alt=\"anstie_dsc5986-72dpi\" width=\"100\" height=\"75\" \/> <\/a><a class=\"shutterset_set_256\" title=\"The Jerre, Herjan Brakke, Keeno and The Bullet. Low lands pride, hell yeah!\" rel=\"lightbox dia=1\" href=\"http:\/\/nl.motocrossmag.be\/wp-content\/gallery\/braz_vr\/bel-nl_dsc5938-72dpi.jpg\"><img decoding=\"async\" title=\"bel-nl_dsc5938-72dpi\" src=\"http:\/\/nl.motocrossmag.be\/wp-content\/gallery\/braz_vr\/thumbs\/thumbs_bel-nl_dsc5938-72dpi.jpg\" alt=\"bel-nl_dsc5938-72dpi\" width=\"100\" height=\"75\" \/> <\/a><a class=\"shutterset_set_256\" title=\"The MX GP 'family picture' at Beto Carrero World\" rel=\"lightbox dia=1\" href=\"http:\/\/nl.motocrossmag.be\/wp-content\/gallery\/braz_vr\/beto-carrero-world_dsc5937-72dpi.jpg\"><img decoding=\"async\" title=\"beto-carrero-world_dsc5937-72dpi\" src=\"http:\/\/nl.motocrossmag.be\/wp-content\/gallery\/braz_vr\/thumbs\/thumbs_beto-carrero-world_dsc5937-72dpi.jpg\" alt=\"beto-carrero-world_dsc5937-72dpi\" width=\"100\" height=\"75\" \/> <\/a><a class=\"shutterset_set_256\" title=\"Bobryshev ready to fly again, after pulling out of last week's GP due to illness.\" rel=\"lightbox dia=1\" href=\"http:\/\/nl.motocrossmag.be\/wp-content\/gallery\/braz_vr\/bobryshev_dsc6014-72dpi.jpg\"><img decoding=\"async\" title=\"bobryshev_dsc6014-72dpi\" src=\"http:\/\/nl.motocrossmag.be\/wp-content\/gallery\/braz_vr\/thumbs\/thumbs_bobryshev_dsc6014-72dpi.jpg\" alt=\"bobryshev_dsc6014-72dpi\" width=\"100\" height=\"75\" \/> <\/a><a class=\"shutterset_set_256\" title=\"Bud guys working their butt off. Obviously!\" rel=\"lightbox dia=1\" href=\"http:\/\/nl.motocrossmag.be\/wp-content\/gallery\/braz_vr\/bud_dsc5879-72dpi.jpg\"><img decoding=\"async\" title=\"bud_dsc5879-72dpi\" src=\"http:\/\/nl.motocrossmag.be\/wp-content\/gallery\/braz_vr\/thumbs\/thumbs_bud_dsc5879-72dpi.jpg\" alt=\"bud_dsc5879-72dpi\" width=\"100\" height=\"75\" \/> <\/a><a class=\"shutterset_set_256\" title=\"World leaders conference at the G8. World MX heavy weights Antonio C. and Cl\u00e0\u0192\u00a9ment D. negotiate in Brazil!\" rel=\"lightbox dia=1\" href=\"http:\/\/nl.motocrossmag.be\/wp-content\/gallery\/braz_vr\/cairoli-desalle_dsc5942-72dpi.jpg\"><img decoding=\"async\" title=\"cairoli-desalle_dsc5942-72dpi\" src=\"http:\/\/nl.motocrossmag.be\/wp-content\/gallery\/braz_vr\/thumbs\/thumbs_cairoli-desalle_dsc5942-72dpi.jpg\" alt=\"cairoli-desalle_dsc5942-72dpi\" width=\"100\" height=\"75\" \/> <\/a><a class=\"shutterset_set_256\" title=\"Cairoli is swallowed by a big O...\" rel=\"lightbox dia=1\" href=\"http:\/\/nl.motocrossmag.be\/wp-content\/gallery\/braz_vr\/cairoli_dsc5956-72dpi.jpg\"><img decoding=\"async\" title=\"cairoli_dsc5956-72dpi\" src=\"http:\/\/nl.motocrossmag.be\/wp-content\/gallery\/braz_vr\/thumbs\/thumbs_cairoli_dsc5956-72dpi.jpg\" alt=\"cairoli_dsc5956-72dpi\" width=\"100\" height=\"75\" \/> <\/a><a class=\"shutterset_set_256\" title=\"But luckily he survived the letter attack without physical harm. What a relief!\" rel=\"lightbox dia=1\" href=\"http:\/\/nl.motocrossmag.be\/wp-content\/gallery\/braz_vr\/fans_dsc5996-72dpi.jpg\"><img decoding=\"async\" title=\"fans_dsc5996-72dpi\" src=\"http:\/\/nl.motocrossmag.be\/wp-content\/gallery\/braz_vr\/thumbs\/thumbs_fans_dsc5996-72dpi.jpg\" alt=\"fans_dsc5996-72dpi\" width=\"100\" height=\"75\" \/> <\/a><a class=\"shutterset_set_256\" title=\"The cosy Nestaan-JM Racing setup.\" rel=\"lightbox dia=1\" href=\"http:\/\/nl.motocrossmag.be\/wp-content\/gallery\/braz_vr\/jm-racing_dsc5876-72dpi.jpg\"><img decoding=\"async\" title=\"jm-racing_dsc5876-72dpi\" src=\"http:\/\/nl.motocrossmag.be\/wp-content\/gallery\/braz_vr\/thumbs\/thumbs_jm-racing_dsc5876-72dpi.jpg\" alt=\"jm-racing_dsc5876-72dpi\" width=\"100\" height=\"75\" \/> <\/a><a class=\"shutterset_set_256\" title=\"Kawasaki Racing Team works inside the Matrix these days. Good to know.\" rel=\"lightbox dia=1\" href=\"http:\/\/nl.motocrossmag.be\/wp-content\/gallery\/braz_vr\/kawa_dsc5902-72dpi.jpg\"><img decoding=\"async\" title=\"kawa_dsc5902-72dpi\" src=\"http:\/\/nl.motocrossmag.be\/wp-content\/gallery\/braz_vr\/thumbs\/thumbs_kawa_dsc5902-72dpi.jpg\" alt=\"kawa_dsc5902-72dpi\" width=\"100\" height=\"75\" \/> <\/a><a class=\"shutterset_set_256\" title=\"Party like a Rocstar, work like a Suzuki mechanic!\" rel=\"lightbox dia=1\" href=\"http:\/\/nl.motocrossmag.be\/wp-content\/gallery\/braz_vr\/petrov_dsc5909-72dpi.jpg\"><img decoding=\"async\" title=\"petrov_dsc5909-72dpi\" src=\"http:\/\/nl.motocrossmag.be\/wp-content\/gallery\/braz_vr\/thumbs\/thumbs_petrov_dsc5909-72dpi.jpg\" alt=\"petrov_dsc5909-72dpi\" width=\"100\" height=\"75\" \/> <\/a><a class=\"shutterset_set_256\" title=\"Jo\u00e0\u0192\u00abl Roelants' race bike being prepped.\" rel=\"lightbox dia=1\" href=\"http:\/\/nl.motocrossmag.be\/wp-content\/gallery\/braz_vr\/roelants_dsc5883-72dpi.jpg\"><img decoding=\"async\" title=\"roelants_dsc5883-72dpi\" src=\"http:\/\/nl.motocrossmag.be\/wp-content\/gallery\/braz_vr\/thumbs\/thumbs_roelants_dsc5883-72dpi.jpg\" alt=\"roelants_dsc5883-72dpi\" width=\"100\" height=\"75\" \/> <\/a><a class=\"shutterset_set_256\" title=\"Colour-coordinated partnerships everywhere: rollercoaster Team Green Tommy Searle and Cri-Cri.\" rel=\"lightbox dia=1\" href=\"http:\/\/nl.motocrossmag.be\/wp-content\/gallery\/braz_vr\/searle-pourcel_dsc6031-72dpi.jpg\"><img decoding=\"async\" title=\"searle-pourcel_dsc6031-72dpi\" src=\"http:\/\/nl.motocrossmag.be\/wp-content\/gallery\/braz_vr\/thumbs\/thumbs_searle-pourcel_dsc6031-72dpi.jpg\" alt=\"searle-pourcel_dsc6031-72dpi\" width=\"100\" height=\"75\" \/> <\/a><a class=\"shutterset_set_256\" title=\"Everybody enjoyed the stunt show. Some riders had to be restrained from taking part!\" rel=\"lightbox dia=1\" href=\"http:\/\/nl.motocrossmag.be\/wp-content\/gallery\/braz_vr\/show_dsc6179-72dpi.jpg\"><img decoding=\"async\" title=\"show_dsc6179-72dpi\" src=\"http:\/\/nl.motocrossmag.be\/wp-content\/gallery\/braz_vr\/thumbs\/thumbs_show_dsc6179-72dpi.jpg\" alt=\"show_dsc6179-72dpi\" width=\"100\" height=\"75\" \/> <\/a><a class=\"shutterset_set_256\" title=\"Even one courageous Team truck driver made it into the show... Just kidding.\" rel=\"lightbox dia=1\" href=\"http:\/\/nl.motocrossmag.be\/wp-content\/gallery\/braz_vr\/show_dsc6190-72dpi.jpg\"><img decoding=\"async\" title=\"show_dsc6190-72dpi\" src=\"http:\/\/nl.motocrossmag.be\/wp-content\/gallery\/braz_vr\/thumbs\/thumbs_show_dsc6190-72dpi.jpg\" alt=\"show_dsc6190-72dpi\" width=\"100\" height=\"75\" \/> <\/a><a class=\"shutterset_set_256\" title=\"Dixan's Shaun Simpson has spotted mxmag's intrepid snapper. Beware!\" rel=\"lightbox dia=1\" href=\"http:\/\/nl.motocrossmag.be\/wp-content\/gallery\/braz_vr\/simpson-standing-martens_dsc6207-72dpi.jpg\"><img decoding=\"async\" title=\"simpson-standing-martens_dsc6207-72dpi\" src=\"http:\/\/nl.motocrossmag.be\/wp-content\/gallery\/braz_vr\/thumbs\/thumbs_simpson-standing-martens_dsc6207-72dpi.jpg\" alt=\"simpson-standing-martens_dsc6207-72dpi\" width=\"100\" height=\"75\" \/> <\/a><a class=\"shutterset_set_256\" title=\"The Rinaldi-Yamaha pit box.\" rel=\"lightbox dia=1\" href=\"http:\/\/nl.motocrossmag.be\/wp-content\/gallery\/braz_vr\/yamaha_dsc5897-72dpi.jpg\"><img decoding=\"async\" title=\"yamaha_dsc5897-72dpi\" src=\"http:\/\/nl.motocrossmag.be\/wp-content\/gallery\/braz_vr\/thumbs\/thumbs_yamaha_dsc5897-72dpi.jpg\" alt=\"yamaha_dsc5897-72dpi\" width=\"100\" height=\"75\" \/><\/a> <a class=\"shutterset_set_258\" title=\" \" rel=\"lightbox dia=1\" href=\"http:\/\/nl.motocrossmag.be\/wp-content\/gallery\/brazilzat12\/Anstie%20Coldenhoff%20Guillot_DSC7889%20%2872dpi%29.jpg\"><img decoding=\"async\" title=\"Anstie Coldenhoff Guillot_DSC7889 (72dpi)\" src=\"http:\/\/nl.motocrossmag.be\/wp-content\/gallery\/brazilzat12\/thumbs\/thumbs_Anstie%20Coldenhoff%20Guillot_DSC7889%20%2872dpi%29.jpg\" alt=\"Anstie Coldenhoff Guillot_DSC7889 (72dpi)\" width=\"100\" height=\"75\" \/> <\/a><a class=\"shutterset_set_258\" title=\" \" rel=\"lightbox dia=1\" href=\"http:\/\/nl.motocrossmag.be\/wp-content\/gallery\/brazilzat12\/Bobryshev_DSC8116%20%2872dpi%29.jpg\"><img decoding=\"async\" title=\"Bobryshev_DSC8116 (72dpi)\" src=\"http:\/\/nl.motocrossmag.be\/wp-content\/gallery\/brazilzat12\/thumbs\/thumbs_Bobryshev_DSC8116%20%2872dpi%29.jpg\" alt=\"Bobryshev_DSC8116 (72dpi)\" width=\"100\" height=\"75\" \/> <\/a><a class=\"shutterset_set_258\" title=\" \" rel=\"lightbox dia=1\" href=\"http:\/\/nl.motocrossmag.be\/wp-content\/gallery\/brazilzat12\/Brakke_DSC7053%20%2872dpi%29.jpg\"><img decoding=\"async\" title=\"Brakke_DSC7053 (72dpi)\" src=\"http:\/\/nl.motocrossmag.be\/wp-content\/gallery\/brazilzat12\/thumbs\/thumbs_Brakke_DSC7053%20%2872dpi%29.jpg\" alt=\"Brakke_DSC7053 (72dpi)\" width=\"100\" height=\"75\" \/> <\/a><a class=\"shutterset_set_258\" title=\" \" rel=\"lightbox dia=1\" href=\"http:\/\/nl.motocrossmag.be\/wp-content\/gallery\/brazilzat12\/Cairoli_DSC8054%20%2872dpi%29.jpg\"><img decoding=\"async\" title=\"Cairoli_DSC8054 (72dpi)\" src=\"http:\/\/nl.motocrossmag.be\/wp-content\/gallery\/brazilzat12\/thumbs\/thumbs_Cairoli_DSC8054%20%2872dpi%29.jpg\" alt=\"Cairoli_DSC8054 (72dpi)\" width=\"100\" height=\"75\" \/> <\/a><a class=\"shutterset_set_258\" title=\" \" rel=\"lightbox dia=1\" href=\"http:\/\/nl.motocrossmag.be\/wp-content\/gallery\/brazilzat12\/Cairoli_DSC8172%20%2872dpi%29.jpg\"><img decoding=\"async\" title=\"Cairoli_DSC8172 (72dpi)\" src=\"http:\/\/nl.motocrossmag.be\/wp-content\/gallery\/brazilzat12\/thumbs\/thumbs_Cairoli_DSC8172%20%2872dpi%29.jpg\" alt=\"Cairoli_DSC8172 (72dpi)\" width=\"100\" height=\"75\" \/> <\/a><a class=\"shutterset_set_258\" title=\" \" rel=\"lightbox dia=1\" href=\"http:\/\/nl.motocrossmag.be\/wp-content\/gallery\/brazilzat12\/Charlier_DSC7783%20%2872dpi%29.jpg\"><img decoding=\"async\" title=\"Charlier_DSC7783 (72dpi)\" src=\"http:\/\/nl.motocrossmag.be\/wp-content\/gallery\/brazilzat12\/thumbs\/thumbs_Charlier_DSC7783%20%2872dpi%29.jpg\" alt=\"Charlier_DSC7783 (72dpi)\" width=\"100\" height=\"75\" \/> <\/a><a class=\"shutterset_set_258\" title=\" \" rel=\"lightbox dia=1\" href=\"http:\/\/nl.motocrossmag.be\/wp-content\/gallery\/brazilzat12\/De%20Dycker_DSC7058%20%2872dpi%29.jpg\"><img decoding=\"async\" title=\"De Dycker_DSC7058 (72dpi)\" src=\"http:\/\/nl.motocrossmag.be\/wp-content\/gallery\/brazilzat12\/thumbs\/thumbs_De%20Dycker_DSC7058%20%2872dpi%29.jpg\" alt=\"De Dycker_DSC7058 (72dpi)\" width=\"100\" height=\"75\" \/> <\/a><a class=\"shutterset_set_258\" title=\" \" rel=\"lightbox dia=1\" href=\"http:\/\/nl.motocrossmag.be\/wp-content\/gallery\/brazilzat12\/Desalle%20Ferris_DSC8239%20%2872dpi%29.jpg\"><img decoding=\"async\" title=\"Desalle Ferris_DSC8239 (72dpi)\" src=\"http:\/\/nl.motocrossmag.be\/wp-content\/gallery\/brazilzat12\/thumbs\/thumbs_Desalle%20Ferris_DSC8239%20%2872dpi%29.jpg\" alt=\"Desalle Ferris_DSC8239 (72dpi)\" width=\"100\" height=\"75\" \/> <\/a><a class=\"shutterset_set_258\" title=\" \" rel=\"lightbox dia=1\" href=\"http:\/\/nl.motocrossmag.be\/wp-content\/gallery\/brazilzat12\/Herlings_DSC7833%20%2872dpi%29.jpg\"><img decoding=\"async\" title=\"Herlings_DSC7833 (72dpi)\" src=\"http:\/\/nl.motocrossmag.be\/wp-content\/gallery\/brazilzat12\/thumbs\/thumbs_Herlings_DSC7833%20%2872dpi%29.jpg\" alt=\"Herlings_DSC7833 (72dpi)\" width=\"100\" height=\"75\" \/> <\/a><a class=\"shutterset_set_258\" title=\" \" rel=\"lightbox dia=1\" href=\"http:\/\/nl.motocrossmag.be\/wp-content\/gallery\/brazilzat12\/Lieber_DSC7828%20%2872dpi%29.jpg\"><img decoding=\"async\" title=\"Lieber_DSC7828 (72dpi)\" src=\"http:\/\/nl.motocrossmag.be\/wp-content\/gallery\/brazilzat12\/thumbs\/thumbs_Lieber_DSC7828%20%2872dpi%29.jpg\" alt=\"Lieber_DSC7828 (72dpi)\" width=\"100\" height=\"75\" \/> <\/a><a class=\"shutterset_set_258\" title=\" \" rel=\"lightbox dia=1\" href=\"http:\/\/nl.motocrossmag.be\/wp-content\/gallery\/brazilzat12\/Mega_DSC6641%20%2872dpi%29.jpg\"><img decoding=\"async\" title=\"Mega_DSC6641 (72dpi)\" src=\"http:\/\/nl.motocrossmag.be\/wp-content\/gallery\/brazilzat12\/thumbs\/thumbs_Mega_DSC6641%20%2872dpi%29.jpg\" alt=\"Mega_DSC6641 (72dpi)\" width=\"100\" height=\"75\" \/> <\/a><a class=\"shutterset_set_258\" title=\" \" rel=\"lightbox dia=1\" href=\"http:\/\/nl.motocrossmag.be\/wp-content\/gallery\/brazilzat12\/Monster_DSC6670%20%2872dpi%29.jpg\"><img decoding=\"async\" title=\"Monster_DSC6670 (72dpi)\" src=\"http:\/\/nl.motocrossmag.be\/wp-content\/gallery\/brazilzat12\/thumbs\/thumbs_Monster_DSC6670%20%2872dpi%29.jpg\" alt=\"Monster_DSC6670 (72dpi)\" width=\"100\" height=\"75\" \/> <\/a><a class=\"shutterset_set_258\" title=\" \" rel=\"lightbox dia=1\" href=\"http:\/\/nl.motocrossmag.be\/wp-content\/gallery\/brazilzat12\/Oeps_DSC7083%20%2872dpi%29.jpg\"><img decoding=\"async\" title=\"Oeps_DSC7083 (72dpi)\" src=\"http:\/\/nl.motocrossmag.be\/wp-content\/gallery\/brazilzat12\/thumbs\/thumbs_Oeps_DSC7083%20%2872dpi%29.jpg\" alt=\"Oeps_DSC7083 (72dpi)\" width=\"100\" height=\"75\" \/> <\/a><a class=\"shutterset_set_258\" title=\" \" rel=\"lightbox dia=1\" href=\"http:\/\/nl.motocrossmag.be\/wp-content\/gallery\/brazilzat12\/Paulin_DSC8175%20%2872dpi%29.jpg\"><img decoding=\"async\" title=\"Paulin_DSC8175 (72dpi)\" src=\"http:\/\/nl.motocrossmag.be\/wp-content\/gallery\/brazilzat12\/thumbs\/thumbs_Paulin_DSC8175%20%2872dpi%29.jpg\" alt=\"Paulin_DSC8175 (72dpi)\" width=\"100\" height=\"75\" \/> <\/a><a class=\"shutterset_set_258\" title=\" \" rel=\"lightbox dia=1\" href=\"http:\/\/nl.motocrossmag.be\/wp-content\/gallery\/brazilzat12\/Petrov_DSC7343%20%2872dpi%29.jpg\"><img decoding=\"async\" title=\"Petrov_DSC7343 (72dpi)\" src=\"http:\/\/nl.motocrossmag.be\/wp-content\/gallery\/brazilzat12\/thumbs\/thumbs_Petrov_DSC7343%20%2872dpi%29.jpg\" alt=\"Petrov_DSC7343 (72dpi)\" width=\"100\" height=\"75\" \/> <\/a><a class=\"shutterset_set_258\" title=\" \" rel=\"lightbox dia=1\" href=\"http:\/\/nl.motocrossmag.be\/wp-content\/gallery\/brazilzat12\/Roelants_DSC6898%20%2872dpi%29.jpg\"><img decoding=\"async\" title=\"Roelants_DSC6898 (72dpi)\" src=\"http:\/\/nl.motocrossmag.be\/wp-content\/gallery\/brazilzat12\/thumbs\/thumbs_Roelants_DSC6898%20%2872dpi%29.jpg\" alt=\"Roelants_DSC6898 (72dpi)\" width=\"100\" height=\"75\" \/> <\/a><a class=\"shutterset_set_258\" title=\" \" rel=\"lightbox dia=1\" href=\"http:\/\/nl.motocrossmag.be\/wp-content\/gallery\/brazilzat12\/Searle_DSC7341%20%2872dpi%29.jpg\"><img decoding=\"async\" title=\"Searle_DSC7341 (72dpi)\" src=\"http:\/\/nl.motocrossmag.be\/wp-content\/gallery\/brazilzat12\/thumbs\/thumbs_Searle_DSC7341%20%2872dpi%29.jpg\" alt=\"Searle_DSC7341 (72dpi)\" width=\"100\" height=\"75\" \/> <\/a><a class=\"shutterset_set_258\" title=\" \" rel=\"lightbox dia=1\" href=\"http:\/\/nl.motocrossmag.be\/wp-content\/gallery\/brazilzat12\/Start%20MX1_DSC7950%20%2872dpi%29.jpg\"><img decoding=\"async\" title=\"Start MX1_DSC7950 (72dpi)\" src=\"http:\/\/nl.motocrossmag.be\/wp-content\/gallery\/brazilzat12\/thumbs\/thumbs_Start%20MX1_DSC7950%20%2872dpi%29.jpg\" alt=\"Start MX1_DSC7950 (72dpi)\" width=\"100\" height=\"75\" \/> <\/a><a class=\"shutterset_set_258\" title=\" \" rel=\"lightbox dia=1\" href=\"http:\/\/nl.motocrossmag.be\/wp-content\/gallery\/brazilzat12\/Start%20MX2_DSC7420%20%2872dpi%29.jpg\"><img decoding=\"async\" title=\"Start MX2_DSC7420 (72dpi)\" src=\"http:\/\/nl.motocrossmag.be\/wp-content\/gallery\/brazilzat12\/thumbs\/thumbs_Start%20MX2_DSC7420%20%2872dpi%29.jpg\" alt=\"Start MX2_DSC7420 (72dpi)\" width=\"100\" height=\"75\" \/> <\/a><a class=\"shutterset_set_258\" title=\" \" rel=\"lightbox dia=1\" href=\"http:\/\/nl.motocrossmag.be\/wp-content\/gallery\/brazilzat12\/Start%20MX2_DSC7423%20%2872dpi%29.jpg\"><img decoding=\"async\" title=\"Start MX2_DSC7423 (72dpi)\" src=\"http:\/\/nl.motocrossmag.be\/wp-content\/gallery\/brazilzat12\/thumbs\/thumbs_Start%20MX2_DSC7423%20%2872dpi%29.jpg\" alt=\"Start MX2_DSC7423 (72dpi)\" width=\"100\" height=\"75\" \/> <\/a><a class=\"shutterset_set_258\" title=\" \" rel=\"lightbox dia=1\" href=\"http:\/\/nl.motocrossmag.be\/wp-content\/gallery\/brazilzat12\/Strijbos_DSC6373%20%2872dpi%29.jpg\"><img decoding=\"async\" title=\"Strijbos_DSC6373 (72dpi)\" src=\"http:\/\/nl.motocrossmag.be\/wp-content\/gallery\/brazilzat12\/thumbs\/thumbs_Strijbos_DSC6373%20%2872dpi%29.jpg\" alt=\"Strijbos_DSC6373 (72dpi)\" width=\"100\" height=\"75\" \/> <\/a><a class=\"shutterset_set_258\" title=\" \" rel=\"lightbox dia=1\" href=\"http:\/\/nl.motocrossmag.be\/wp-content\/gallery\/brazilzat12\/V%20Horebeek_DSC5960%20%2872dpi%29.jpg\"><img decoding=\"async\" title=\"V Horebeek_DSC5960 (72dpi)\" src=\"http:\/\/nl.motocrossmag.be\/wp-content\/gallery\/brazilzat12\/thumbs\/thumbs_V%20Horebeek_DSC5960%20%2872dpi%29.jpg\" alt=\"V Horebeek_DSC5960 (72dpi)\" width=\"100\" height=\"75\" \/><\/a><\/p>\n","protected":false},"excerpt":{"rendered":"<p>A l&rsquo;issue de la premi\u00e8re journ\u00e9e du GP du Br\u00e9sil, voici une premi\u00e8re galerie de photos que nous offre notre photographe Bavo Swijgers. Sous le soleil br\u00e9silien, on retrouve les pilotes dans un parc d&rsquo;attractions tout proche du circuit de Beto Carrero\u00a0avant de les voir en action ce samedi apr\u00e8s-midi \u00e0\u00a0 l&rsquo;occasion des manches qualificatives. [&hellip;]<\/p>\n","protected":false},"author":932,"featured_media":0,"comment_status":"open","ping_status":"closed","sticky":false,"template":"","format":"standard","meta":{"tdm_status":"","tdm_grid_status":"","footnotes":""},"categories":[66,65],"tags":[],"class_list":["post-14896","post","type-post","status-publish","format-standard","category-photos","category-slideshow"],"yoast_head":"<!-- This site is optimized with the Yoast SEO plugin v28.4 - https:\/\/yoast.com\/product\/yoast-seo-wordpress\/ -->\n<title>Galerie photos | GP du Br\u00e9sil: premi\u00e8res photos - Motocross - Enduro - Supermoto | MotocrossMag<\/title>\n<meta name=\"robots\" content=\"index, follow, max-snippet:-1, max-image-preview:large, max-video-preview:-1\" \/>\n<link rel=\"canonical\" href=\"https:\/\/fr.motocrossmag.be\/index.php\/2012\/05\/galerie-photos-gp-du-bresil-premieres-photos\/\" \/>\n<meta property=\"og:locale\" content=\"fr_FR\" \/>\n<meta property=\"og:type\" content=\"article\" \/>\n<meta property=\"og:title\" content=\"Galerie photos | GP du Br\u00e9sil: premi\u00e8res photos - Motocross - Enduro - Supermoto | MotocrossMag\" \/>\n<meta property=\"og:description\" content=\"A l&rsquo;issue de la premi\u00e8re journ\u00e9e du GP du Br\u00e9sil, voici une premi\u00e8re galerie de photos que nous offre notre photographe Bavo Swijgers. Sous le soleil br\u00e9silien, on retrouve les pilotes dans un parc d&rsquo;attractions tout proche du circuit de Beto Carrero\u00a0avant de les voir en action ce samedi apr\u00e8s-midi \u00e0\u00a0 l&rsquo;occasion des manches qualificatives. [&hellip;]\" \/>\n<meta property=\"og:url\" content=\"https:\/\/fr.motocrossmag.be\/index.php\/2012\/05\/galerie-photos-gp-du-bresil-premieres-photos\/\" \/>\n<meta property=\"og:site_name\" content=\"Motocross - Enduro - Supermoto | MotocrossMag\" \/>\n<meta property=\"article:published_time\" content=\"2012-05-19T22:39:54+00:00\" \/>\n<meta property=\"og:image\" content=\"http:\/\/nl.motocrossmag.be\/wp-content\/gallery\/braz_vr\/thumbs\/thumbs_anstie_dsc5986-72dpi.jpg\" \/>\n<meta name=\"author\" content=\"oliviere\" \/>\n<meta name=\"twitter:card\" content=\"summary_large_image\" \/>\n<meta name=\"twitter:label1\" content=\"\u00c9crit par\" \/>\n\t<meta name=\"twitter:data1\" content=\"oliviere\" \/>\n<script type=\"application\/ld+json\" class=\"yoast-schema-graph\">{\"@context\":\"https:\\\/\\\/schema.org\",\"@graph\":[{\"@type\":\"Article\",\"@id\":\"https:\\\/\\\/fr.motocrossmag.be\\\/index.php\\\/2012\\\/05\\\/galerie-photos-gp-du-bresil-premieres-photos\\\/#article\",\"isPartOf\":{\"@id\":\"https:\\\/\\\/fr.motocrossmag.be\\\/index.php\\\/2012\\\/05\\\/galerie-photos-gp-du-bresil-premieres-photos\\\/\"},\"author\":{\"name\":\"oliviere\",\"@id\":\"https:\\\/\\\/fr.motocrossmag.be\\\/#\\\/schema\\\/person\\\/11b47143d9f755babca2c9110e03235c\"},\"headline\":\"Galerie photos | GP du Br\u00e9sil: premi\u00e8res photos\",\"datePublished\":\"2012-05-19T22:39:54+00:00\",\"mainEntityOfPage\":{\"@id\":\"https:\\\/\\\/fr.motocrossmag.be\\\/index.php\\\/2012\\\/05\\\/galerie-photos-gp-du-bresil-premieres-photos\\\/\"},\"wordCount\":76,\"commentCount\":0,\"image\":{\"@id\":\"https:\\\/\\\/fr.motocrossmag.be\\\/index.php\\\/2012\\\/05\\\/galerie-photos-gp-du-bresil-premieres-photos\\\/#primaryimage\"},\"thumbnailUrl\":\"http:\\\/\\\/nl.motocrossmag.be\\\/wp-content\\\/gallery\\\/braz_vr\\\/thumbs\\\/thumbs_anstie_dsc5986-72dpi.jpg\",\"articleSection\":[\"Photos\",\"Slideshow\"],\"inLanguage\":\"fr-FR\",\"potentialAction\":[{\"@type\":\"CommentAction\",\"name\":\"Comment\",\"target\":[\"https:\\\/\\\/fr.motocrossmag.be\\\/index.php\\\/2012\\\/05\\\/galerie-photos-gp-du-bresil-premieres-photos\\\/#respond\"]}]},{\"@type\":\"WebPage\",\"@id\":\"https:\\\/\\\/fr.motocrossmag.be\\\/index.php\\\/2012\\\/05\\\/galerie-photos-gp-du-bresil-premieres-photos\\\/\",\"url\":\"https:\\\/\\\/fr.motocrossmag.be\\\/index.php\\\/2012\\\/05\\\/galerie-photos-gp-du-bresil-premieres-photos\\\/\",\"name\":\"Galerie photos | GP du Br\u00e9sil: premi\u00e8res photos - Motocross - Enduro - Supermoto | MotocrossMag\",\"isPartOf\":{\"@id\":\"https:\\\/\\\/fr.motocrossmag.be\\\/#website\"},\"primaryImageOfPage\":{\"@id\":\"https:\\\/\\\/fr.motocrossmag.be\\\/index.php\\\/2012\\\/05\\\/galerie-photos-gp-du-bresil-premieres-photos\\\/#primaryimage\"},\"image\":{\"@id\":\"https:\\\/\\\/fr.motocrossmag.be\\\/index.php\\\/2012\\\/05\\\/galerie-photos-gp-du-bresil-premieres-photos\\\/#primaryimage\"},\"thumbnailUrl\":\"http:\\\/\\\/nl.motocrossmag.be\\\/wp-content\\\/gallery\\\/braz_vr\\\/thumbs\\\/thumbs_anstie_dsc5986-72dpi.jpg\",\"datePublished\":\"2012-05-19T22:39:54+00:00\",\"author\":{\"@id\":\"https:\\\/\\\/fr.motocrossmag.be\\\/#\\\/schema\\\/person\\\/11b47143d9f755babca2c9110e03235c\"},\"breadcrumb\":{\"@id\":\"https:\\\/\\\/fr.motocrossmag.be\\\/index.php\\\/2012\\\/05\\\/galerie-photos-gp-du-bresil-premieres-photos\\\/#breadcrumb\"},\"inLanguage\":\"fr-FR\",\"potentialAction\":[{\"@type\":\"ReadAction\",\"target\":[\"https:\\\/\\\/fr.motocrossmag.be\\\/index.php\\\/2012\\\/05\\\/galerie-photos-gp-du-bresil-premieres-photos\\\/\"]}]},{\"@type\":\"ImageObject\",\"inLanguage\":\"fr-FR\",\"@id\":\"https:\\\/\\\/fr.motocrossmag.be\\\/index.php\\\/2012\\\/05\\\/galerie-photos-gp-du-bresil-premieres-photos\\\/#primaryimage\",\"url\":\"http:\\\/\\\/nl.motocrossmag.be\\\/wp-content\\\/gallery\\\/braz_vr\\\/thumbs\\\/thumbs_anstie_dsc5986-72dpi.jpg\",\"contentUrl\":\"http:\\\/\\\/nl.motocrossmag.be\\\/wp-content\\\/gallery\\\/braz_vr\\\/thumbs\\\/thumbs_anstie_dsc5986-72dpi.jpg\"},{\"@type\":\"BreadcrumbList\",\"@id\":\"https:\\\/\\\/fr.motocrossmag.be\\\/index.php\\\/2012\\\/05\\\/galerie-photos-gp-du-bresil-premieres-photos\\\/#breadcrumb\",\"itemListElement\":[{\"@type\":\"ListItem\",\"position\":1,\"name\":\"Accueil\",\"item\":\"https:\\\/\\\/fr.motocrossmag.be\\\/\"},{\"@type\":\"ListItem\",\"position\":2,\"name\":\"Galerie photos | GP du Br\u00e9sil: premi\u00e8res photos\"}]},{\"@type\":\"WebSite\",\"@id\":\"https:\\\/\\\/fr.motocrossmag.be\\\/#website\",\"url\":\"https:\\\/\\\/fr.motocrossmag.be\\\/\",\"name\":\"Motocross - Enduro - Supermoto | MotocrossMag\",\"description\":\"L&#039;actualit\u00e9 du motocross, de l&#039;enduro et du Supermoto en ligne!\",\"potentialAction\":[{\"@type\":\"SearchAction\",\"target\":{\"@type\":\"EntryPoint\",\"urlTemplate\":\"https:\\\/\\\/fr.motocrossmag.be\\\/?s={search_term_string}\"},\"query-input\":{\"@type\":\"PropertyValueSpecification\",\"valueRequired\":true,\"valueName\":\"search_term_string\"}}],\"inLanguage\":\"fr-FR\"},{\"@type\":\"Person\",\"@id\":\"https:\\\/\\\/fr.motocrossmag.be\\\/#\\\/schema\\\/person\\\/11b47143d9f755babca2c9110e03235c\",\"name\":\"oliviere\",\"image\":{\"@type\":\"ImageObject\",\"inLanguage\":\"fr-FR\",\"@id\":\"https:\\\/\\\/secure.gravatar.com\\\/avatar\\\/907069e0b81d119452040469e4a7501da1100f54f7f80180ce77bfab718288f6?s=96&d=mm&r=g\",\"url\":\"https:\\\/\\\/secure.gravatar.com\\\/avatar\\\/907069e0b81d119452040469e4a7501da1100f54f7f80180ce77bfab718288f6?s=96&d=mm&r=g\",\"contentUrl\":\"https:\\\/\\\/secure.gravatar.com\\\/avatar\\\/907069e0b81d119452040469e4a7501da1100f54f7f80180ce77bfab718288f6?s=96&d=mm&r=g\",\"caption\":\"oliviere\"},\"sameAs\":[\"http:\\\/\\\/www.motocrossmag.be\"],\"url\":\"https:\\\/\\\/fr.motocrossmag.be\\\/index.php\\\/author\\\/oliviere\\\/\"}]}<\/script>\n<!-- \/ Yoast SEO plugin. -->","yoast_head_json":{"title":"Galerie photos | GP du Br\u00e9sil: premi\u00e8res photos - Motocross - Enduro - Supermoto | MotocrossMag","robots":{"index":"index","follow":"follow","max-snippet":"max-snippet:-1","max-image-preview":"max-image-preview:large","max-video-preview":"max-video-preview:-1"},"canonical":"https:\/\/fr.motocrossmag.be\/index.php\/2012\/05\/galerie-photos-gp-du-bresil-premieres-photos\/","og_locale":"fr_FR","og_type":"article","og_title":"Galerie photos | GP du Br\u00e9sil: premi\u00e8res photos - Motocross - Enduro - Supermoto | MotocrossMag","og_description":"A l&rsquo;issue de la premi\u00e8re journ\u00e9e du GP du Br\u00e9sil, voici une premi\u00e8re galerie de photos que nous offre notre photographe Bavo Swijgers. Sous le soleil br\u00e9silien, on retrouve les pilotes dans un parc d&rsquo;attractions tout proche du circuit de Beto Carrero\u00a0avant de les voir en action ce samedi apr\u00e8s-midi \u00e0\u00a0 l&rsquo;occasion des manches qualificatives. [&hellip;]","og_url":"https:\/\/fr.motocrossmag.be\/index.php\/2012\/05\/galerie-photos-gp-du-bresil-premieres-photos\/","og_site_name":"Motocross - Enduro - Supermoto | MotocrossMag","article_published_time":"2012-05-19T22:39:54+00:00","og_image":[{"url":"http:\/\/nl.motocrossmag.be\/wp-content\/gallery\/braz_vr\/thumbs\/thumbs_anstie_dsc5986-72dpi.jpg","type":"","width":"","height":""}],"author":"oliviere","twitter_card":"summary_large_image","twitter_misc":{"\u00c9crit par":"oliviere"},"schema":{"@context":"https:\/\/schema.org","@graph":[{"@type":"Article","@id":"https:\/\/fr.motocrossmag.be\/index.php\/2012\/05\/galerie-photos-gp-du-bresil-premieres-photos\/#article","isPartOf":{"@id":"https:\/\/fr.motocrossmag.be\/index.php\/2012\/05\/galerie-photos-gp-du-bresil-premieres-photos\/"},"author":{"name":"oliviere","@id":"https:\/\/fr.motocrossmag.be\/#\/schema\/person\/11b47143d9f755babca2c9110e03235c"},"headline":"Galerie photos | GP du Br\u00e9sil: premi\u00e8res photos","datePublished":"2012-05-19T22:39:54+00:00","mainEntityOfPage":{"@id":"https:\/\/fr.motocrossmag.be\/index.php\/2012\/05\/galerie-photos-gp-du-bresil-premieres-photos\/"},"wordCount":76,"commentCount":0,"image":{"@id":"https:\/\/fr.motocrossmag.be\/index.php\/2012\/05\/galerie-photos-gp-du-bresil-premieres-photos\/#primaryimage"},"thumbnailUrl":"http:\/\/nl.motocrossmag.be\/wp-content\/gallery\/braz_vr\/thumbs\/thumbs_anstie_dsc5986-72dpi.jpg","articleSection":["Photos","Slideshow"],"inLanguage":"fr-FR","potentialAction":[{"@type":"CommentAction","name":"Comment","target":["https:\/\/fr.motocrossmag.be\/index.php\/2012\/05\/galerie-photos-gp-du-bresil-premieres-photos\/#respond"]}]},{"@type":"WebPage","@id":"https:\/\/fr.motocrossmag.be\/index.php\/2012\/05\/galerie-photos-gp-du-bresil-premieres-photos\/","url":"https:\/\/fr.motocrossmag.be\/index.php\/2012\/05\/galerie-photos-gp-du-bresil-premieres-photos\/","name":"Galerie photos | GP du Br\u00e9sil: premi\u00e8res photos - Motocross - Enduro - Supermoto | MotocrossMag","isPartOf":{"@id":"https:\/\/fr.motocrossmag.be\/#website"},"primaryImageOfPage":{"@id":"https:\/\/fr.motocrossmag.be\/index.php\/2012\/05\/galerie-photos-gp-du-bresil-premieres-photos\/#primaryimage"},"image":{"@id":"https:\/\/fr.motocrossmag.be\/index.php\/2012\/05\/galerie-photos-gp-du-bresil-premieres-photos\/#primaryimage"},"thumbnailUrl":"http:\/\/nl.motocrossmag.be\/wp-content\/gallery\/braz_vr\/thumbs\/thumbs_anstie_dsc5986-72dpi.jpg","datePublished":"2012-05-19T22:39:54+00:00","author":{"@id":"https:\/\/fr.motocrossmag.be\/#\/schema\/person\/11b47143d9f755babca2c9110e03235c"},"breadcrumb":{"@id":"https:\/\/fr.motocrossmag.be\/index.php\/2012\/05\/galerie-photos-gp-du-bresil-premieres-photos\/#breadcrumb"},"inLanguage":"fr-FR","potentialAction":[{"@type":"ReadAction","target":["https:\/\/fr.motocrossmag.be\/index.php\/2012\/05\/galerie-photos-gp-du-bresil-premieres-photos\/"]}]},{"@type":"ImageObject","inLanguage":"fr-FR","@id":"https:\/\/fr.motocrossmag.be\/index.php\/2012\/05\/galerie-photos-gp-du-bresil-premieres-photos\/#primaryimage","url":"http:\/\/nl.motocrossmag.be\/wp-content\/gallery\/braz_vr\/thumbs\/thumbs_anstie_dsc5986-72dpi.jpg","contentUrl":"http:\/\/nl.motocrossmag.be\/wp-content\/gallery\/braz_vr\/thumbs\/thumbs_anstie_dsc5986-72dpi.jpg"},{"@type":"BreadcrumbList","@id":"https:\/\/fr.motocrossmag.be\/index.php\/2012\/05\/galerie-photos-gp-du-bresil-premieres-photos\/#breadcrumb","itemListElement":[{"@type":"ListItem","position":1,"name":"Accueil","item":"https:\/\/fr.motocrossmag.be\/"},{"@type":"ListItem","position":2,"name":"Galerie photos | GP du Br\u00e9sil: premi\u00e8res photos"}]},{"@type":"WebSite","@id":"https:\/\/fr.motocrossmag.be\/#website","url":"https:\/\/fr.motocrossmag.be\/","name":"Motocross - Enduro - Supermoto | MotocrossMag","description":"L&#039;actualit\u00e9 du motocross, de l&#039;enduro et du Supermoto en ligne!","potentialAction":[{"@type":"SearchAction","target":{"@type":"EntryPoint","urlTemplate":"https:\/\/fr.motocrossmag.be\/?s={search_term_string}"},"query-input":{"@type":"PropertyValueSpecification","valueRequired":true,"valueName":"search_term_string"}}],"inLanguage":"fr-FR"},{"@type":"Person","@id":"https:\/\/fr.motocrossmag.be\/#\/schema\/person\/11b47143d9f755babca2c9110e03235c","name":"oliviere","image":{"@type":"ImageObject","inLanguage":"fr-FR","@id":"https:\/\/secure.gravatar.com\/avatar\/907069e0b81d119452040469e4a7501da1100f54f7f80180ce77bfab718288f6?s=96&d=mm&r=g","url":"https:\/\/secure.gravatar.com\/avatar\/907069e0b81d119452040469e4a7501da1100f54f7f80180ce77bfab718288f6?s=96&d=mm&r=g","contentUrl":"https:\/\/secure.gravatar.com\/avatar\/907069e0b81d119452040469e4a7501da1100f54f7f80180ce77bfab718288f6?s=96&d=mm&r=g","caption":"oliviere"},"sameAs":["http:\/\/www.motocrossmag.be"],"url":"https:\/\/fr.motocrossmag.be\/index.php\/author\/oliviere\/"}]}},"_links":{"self":[{"href":"https:\/\/fr.motocrossmag.be\/index.php\/wp-json\/wp\/v2\/posts\/14896","targetHints":{"allow":["GET"]}}],"collection":[{"href":"https:\/\/fr.motocrossmag.be\/index.php\/wp-json\/wp\/v2\/posts"}],"about":[{"href":"https:\/\/fr.motocrossmag.be\/index.php\/wp-json\/wp\/v2\/types\/post"}],"author":[{"embeddable":true,"href":"https:\/\/fr.motocrossmag.be\/index.php\/wp-json\/wp\/v2\/users\/932"}],"replies":[{"embeddable":true,"href":"https:\/\/fr.motocrossmag.be\/index.php\/wp-json\/wp\/v2\/comments?post=14896"}],"version-history":[{"count":0,"href":"https:\/\/fr.motocrossmag.be\/index.php\/wp-json\/wp\/v2\/posts\/14896\/revisions"}],"wp:attachment":[{"href":"https:\/\/fr.motocrossmag.be\/index.php\/wp-json\/wp\/v2\/media?parent=14896"}],"wp:term":[{"taxonomy":"category","embeddable":true,"href":"https:\/\/fr.motocrossmag.be\/index.php\/wp-json\/wp\/v2\/categories?post=14896"},{"taxonomy":"post_tag","embeddable":true,"href":"https:\/\/fr.motocrossmag.be\/index.php\/wp-json\/wp\/v2\/tags?post=14896"}],"curies":[{"name":"wp","href":"https:\/\/api.w.org\/{rel}","templated":true}]}}