{"id":14911,"date":"2012-05-21T21:58:00","date_gmt":"2012-05-21T20:58:00","guid":{"rendered":"http:\/\/fr.motocrossmag.be\/?p=14911"},"modified":"2012-05-22T21:14:50","modified_gmt":"2012-05-22T20:14:50","slug":"essai-ktm-cross-2013-on-a-deja-roule-sur-les-ktm-2013","status":"publish","type":"post","link":"https:\/\/fr.motocrossmag.be\/index.php\/2012\/05\/essai-ktm-cross-2013-on-a-deja-roule-sur-les-ktm-2013\/","title":{"rendered":"Essai KTM cross 2013 | On a (d\u00e9j\u00e0\u00a0!) roul\u00e9 sur les KTM 2013!"},"content":{"rendered":"<p id=\"[object]\">Les KTM 2013 sont d\u00e9j\u00e0\u00a0 l\u00e0\u00a0! En vedette cette ann\u00e9e: la 450 SX-F. Sous l&rsquo;impulsion du tandem Decoster\/Dungey, les Autrichiens ont effet revu leur copie de A \u00e0\u00a0 Z. Le r\u00e9sultat est \u00e0\u00a0 la hauteur des efforts consentis, lesquels profitent \u00e0\u00a0 l&rsquo;ensemble de la gamme 4T. Moins de nouveaut\u00e9 en revanche du c\u00f4t\u00e9 des mod\u00e8les 2-temps, que l&rsquo;on s&rsquo;est content\u00e9 de peaufiner.\u00a0La 85cc est en revanche elle aussi 100% nouvelle!<\/p>\n<p id=\"[object]\">\u00ab\u00a0Lorsque Roger Decoster est venu nous trouver au Motocross des Nations en fin d&rsquo;ann\u00e9e pass\u00e9e avec la liste des modifications que lui et Ryan Dungey souhaitaient voir apporter \u00e0\u00a0 notre 450 SX-F, cette liste \u00e9tait si longue que j&rsquo;ai rarement vu nos \u00e9quipes de d\u00e9veloppement aussi inqui\u00e8tes\u00a0\u00bb,\u00a0plaisante Joachim Sauer, offroad product manager chez KTM. \u00ab\u00a0Nous sommes en train d&rsquo;appliquer aux USA la m\u00eame\u00a0strat\u00e9gie que celle que nous avons appliqu\u00e9e en Europe ces derni\u00e8res ann\u00e9es\u00a0\u00bb, poursuit-il, \u00ab\u00a0en engageant sous nos couleurs\u00a0les meilleurs team managers et les meilleurs pilotes.\u00a0\u00bb<\/p>\n<p id=\"[object]\"><img decoding=\"async\" class=\"lazyload alignnone size-full wp-image-14937\" title=\"Elegance et raffinement pour la nouvelle 450 SX-F!\" src=\"http:\/\/fr.motocrossmag.be\/wp-content\/uploads\/2012\/05\/450_sx-f_90.jpg\" data-orig-src=\"http:\/\/fr.motocrossmag.be\/wp-content\/uploads\/2012\/05\/450_sx-f_90.jpg\" alt=\"\" width=\"500\" height=\"297\" srcset=\"data:image\/svg+xml,%3Csvg%20xmlns%3D%27http%3A%2F%2Fwww.w3.org%2F2000%2Fsvg%27%20width%3D%27500%27%20height%3D%27297%27%20viewBox%3D%270%200%20500%20297%27%3E%3Crect%20width%3D%27500%27%20height%3D%27297%27%20fill-opacity%3D%220%22%2F%3E%3C%2Fsvg%3E\" data-srcset=\"https:\/\/fr.motocrossmag.be\/wp-content\/uploads\/2012\/05\/450_sx-f_90-300x178.jpg 300w, https:\/\/fr.motocrossmag.be\/wp-content\/uploads\/2012\/05\/450_sx-f_90.jpg 500w\" data-sizes=\"auto\" data-orig-sizes=\"(max-width: 500px) 100vw, 500px\" \/><\/p>\n<p id=\"[object]\">Mais encore faut-il leur offrir les armes pour triompher. Et comme \u00e0\u00a0 Mattighofen on ne fait jamais les choses \u00e0\u00a0 moiti\u00e9, c&rsquo;est d&rsquo;une feuille blanche qu&rsquo;on est parti pour d\u00e9velopper la machine de Ryan Dungey. Cette machine-m\u00eame dont est \u00e9troitement d\u00e9riv\u00e9e la 450 SX-F 2013 qui arrivera d&rsquo;ici quelques jours \u00e0\u00a0 peine chez votre concessionnaire KTM!<\/p>\n<p id=\"[object]\"><strong>Finesse et robustesse<\/strong><\/p>\n<p id=\"[object]\">Au premier coup d&rsquo;oeil, la nouvelle 450 SX-F frappe par le nouvel habillage (commun \u00e0\u00a0 toute la gamme cross) qui inspire \u00e0\u00a0 la fois finesse et robustesse. Finesse parce que la ligne \u00e9lanc\u00e9e de la machine et les courbes tr\u00e8s \u00e9tudi\u00e9es des ou\u00efes lat\u00e9rales ou des gardes-boue avant et ari\u00e8re laissent \u00e0\u00a0 penser que l&rsquo;ergonomie de la machine a \u00e9t\u00e9 pens\u00e9e dans les moindres d\u00e9tails. Robustesse parce que le degr\u00e9 de finition \u00e9lev\u00e9 alli\u00e9 \u00e0\u00a0 un \u00e9quipement de premier choix (), \u00e0\u00a0 une d\u00e9co d&rsquo;une plaisante sobri\u00e9t\u00e9 et \u00e0\u00a0 une subtile combinaison de plastiques mats et brillants inspire ind\u00e9niablement la confiance dans un produit qui, si nouveau soit-il, semble d\u00e9j\u00e0\u00a0 tr\u00e8s abouti.<\/p>\n<p id=\"[object]\">Du c\u00f4t\u00e9 du ch\u00e0\u00a2ssis, KTM reste fid\u00e8le \u00e0\u00a0 ses convictions en d\u00e9veloppant un nouveau cadre non pas en aluminium mais bien \u00e0\u00a0 nouveau en acier chromoly. La formule id\u00e9ale selon les ing\u00e9nieurs autrichiens pour garantir \u00e0\u00a0 l&rsquo;ensemble des machines 4T de la gamme un ch\u00e0\u00a2ssis qui offre \u00e0\u00a0 la fois une stabilit\u00e9 et une rigueur irr\u00e9prochable sans rien sacrifier en termes de maniabilit\u00e9 ou de confort. Le nouveau cadre permet \u00e9galement d&rsquo;\u00e9conomiser quelques pr\u00e9cieux grammes.<\/p>\n<p id=\"[object]\"><a rel=\"lightbox dia=1\" href=\"http:\/\/fr.motocrossmag.be\/wp-content\/uploads\/2012\/05\/ktm_450_sxf_2013.jpg\"><img decoding=\"async\" class=\"lazyload alignnone size-thumbnail wp-image-14932\" title=\"ktm_450_sxf_2013\" src=\"http:\/\/fr.motocrossmag.be\/wp-content\/uploads\/2012\/05\/ktm_450_sxf_2013-150x150.jpg\" data-orig-src=\"http:\/\/fr.motocrossmag.be\/wp-content\/uploads\/2012\/05\/ktm_450_sxf_2013-150x150.jpg\" alt=\"\" width=\"150\" height=\"150\" srcset=\"data:image\/svg+xml,%3Csvg%20xmlns%3D%27http%3A%2F%2Fwww.w3.org%2F2000%2Fsvg%27%20width%3D%27150%27%20height%3D%27150%27%20viewBox%3D%270%200%20150%20150%27%3E%3Crect%20width%3D%27150%27%20height%3D%27150%27%20fill-opacity%3D%220%22%2F%3E%3C%2Fsvg%3E\" data-srcset=\"https:\/\/fr.motocrossmag.be\/wp-content\/uploads\/2012\/05\/ktm_450_sxf_2013-150x150.jpg 150w, https:\/\/fr.motocrossmag.be\/wp-content\/uploads\/2012\/05\/ktm_450_sxf_2013.jpg 900w\" data-sizes=\"auto\" data-orig-sizes=\"(max-width: 150px) 100vw, 150px\" \/><\/a>\u00a0\u00a0 <a id=\"[object]\" rel=\"lightbox dia=1\" href=\"http:\/\/fr.motocrossmag.be\/wp-content\/uploads\/2012\/05\/ktm_250_sxf_2013.jpg\"><img decoding=\"async\" id=\"[object]\" class=\"lazyload alignnone size-thumbnail wp-image-14930\" title=\"ktm_250_sxf_2013\" src=\"http:\/\/fr.motocrossmag.be\/wp-content\/uploads\/2012\/05\/ktm_250_sxf_2013-150x150.jpg\" data-orig-src=\"http:\/\/fr.motocrossmag.be\/wp-content\/uploads\/2012\/05\/ktm_250_sxf_2013-150x150.jpg\" alt=\"\" width=\"150\" height=\"150\" srcset=\"data:image\/svg+xml,%3Csvg%20xmlns%3D%27http%3A%2F%2Fwww.w3.org%2F2000%2Fsvg%27%20width%3D%27150%27%20height%3D%27150%27%20viewBox%3D%270%200%20150%20150%27%3E%3Crect%20width%3D%27150%27%20height%3D%27150%27%20fill-opacity%3D%220%22%2F%3E%3C%2Fsvg%3E\" data-srcset=\"https:\/\/fr.motocrossmag.be\/wp-content\/uploads\/2012\/05\/ktm_250_sxf_2013-150x150.jpg 150w, https:\/\/fr.motocrossmag.be\/wp-content\/uploads\/2012\/05\/ktm_250_sxf_2013.jpg 900w\" data-sizes=\"auto\" data-orig-sizes=\"(max-width: 150px) 100vw, 150px\" \/><\/a>\u00a0\u00a0 <a id=\"[object]\" rel=\"lightbox dia=1\" href=\"http:\/\/fr.motocrossmag.be\/wp-content\/uploads\/2012\/05\/ktm_450_sxf_2013_1.jpg\"><img decoding=\"async\" class=\"lazyload alignnone size-thumbnail wp-image-14929\" title=\"ktm_450_sxf_2013_1\" src=\"http:\/\/fr.motocrossmag.be\/wp-content\/uploads\/2012\/05\/ktm_450_sxf_2013_1-150x150.jpg\" data-orig-src=\"http:\/\/fr.motocrossmag.be\/wp-content\/uploads\/2012\/05\/ktm_450_sxf_2013_1-150x150.jpg\" alt=\"\" width=\"150\" height=\"150\" srcset=\"data:image\/svg+xml,%3Csvg%20xmlns%3D%27http%3A%2F%2Fwww.w3.org%2F2000%2Fsvg%27%20width%3D%27150%27%20height%3D%27150%27%20viewBox%3D%270%200%20150%20150%27%3E%3Crect%20width%3D%27150%27%20height%3D%27150%27%20fill-opacity%3D%220%22%2F%3E%3C%2Fsvg%3E\" data-srcset=\"https:\/\/fr.motocrossmag.be\/wp-content\/uploads\/2012\/05\/ktm_450_sxf_2013_1-150x150.jpg 150w, https:\/\/fr.motocrossmag.be\/wp-content\/uploads\/2012\/05\/ktm_450_sxf_2013_1.jpg 900w\" data-sizes=\"auto\" data-orig-sizes=\"(max-width: 150px) 100vw, 150px\" \/><\/a><br \/>\n<a id=\"[object]\" rel=\"lightbox dia=1\" href=\"http:\/\/fr.motocrossmag.be\/wp-content\/uploads\/2012\/05\/ktm_450_sxf_2013_2.jpg\"><img decoding=\"async\" class=\"lazyload alignnone size-thumbnail wp-image-14928\" title=\"ktm_450_sxf_2013_2\" src=\"http:\/\/fr.motocrossmag.be\/wp-content\/uploads\/2012\/05\/ktm_450_sxf_2013_2-150x150.jpg\" data-orig-src=\"http:\/\/fr.motocrossmag.be\/wp-content\/uploads\/2012\/05\/ktm_450_sxf_2013_2-150x150.jpg\" alt=\"\" width=\"150\" height=\"150\" srcset=\"data:image\/svg+xml,%3Csvg%20xmlns%3D%27http%3A%2F%2Fwww.w3.org%2F2000%2Fsvg%27%20width%3D%27150%27%20height%3D%27150%27%20viewBox%3D%270%200%20150%20150%27%3E%3Crect%20width%3D%27150%27%20height%3D%27150%27%20fill-opacity%3D%220%22%2F%3E%3C%2Fsvg%3E\" data-srcset=\"https:\/\/fr.motocrossmag.be\/wp-content\/uploads\/2012\/05\/ktm_450_sxf_2013_2-150x150.jpg 150w, https:\/\/fr.motocrossmag.be\/wp-content\/uploads\/2012\/05\/ktm_450_sxf_2013_2.jpg 400w\" data-sizes=\"auto\" data-orig-sizes=\"(max-width: 150px) 100vw, 150px\" \/><\/a>\u00a0\u00a0 <a id=\"[object]\" rel=\"lightbox dia=1\" href=\"http:\/\/fr.motocrossmag.be\/wp-content\/uploads\/2012\/05\/ktm_450_sxf_2013_3.jpg\"><img decoding=\"async\" class=\"lazyload alignnone size-thumbnail wp-image-14927\" title=\"ktm_450_sxf_2013_3\" src=\"http:\/\/fr.motocrossmag.be\/wp-content\/uploads\/2012\/05\/ktm_450_sxf_2013_3-150x150.jpg\" data-orig-src=\"http:\/\/fr.motocrossmag.be\/wp-content\/uploads\/2012\/05\/ktm_450_sxf_2013_3-150x150.jpg\" alt=\"\" width=\"150\" height=\"150\" srcset=\"data:image\/svg+xml,%3Csvg%20xmlns%3D%27http%3A%2F%2Fwww.w3.org%2F2000%2Fsvg%27%20width%3D%27150%27%20height%3D%27150%27%20viewBox%3D%270%200%20150%20150%27%3E%3Crect%20width%3D%27150%27%20height%3D%27150%27%20fill-opacity%3D%220%22%2F%3E%3C%2Fsvg%3E\" data-srcset=\"https:\/\/fr.motocrossmag.be\/wp-content\/uploads\/2012\/05\/ktm_450_sxf_2013_3-150x150.jpg 150w, https:\/\/fr.motocrossmag.be\/wp-content\/uploads\/2012\/05\/ktm_450_sxf_2013_3.jpg 400w\" data-sizes=\"auto\" data-orig-sizes=\"(max-width: 150px) 100vw, 150px\" \/><\/a>\u00a0\u00a0 <a id=\"[object]\" rel=\"lightbox dia=1\" href=\"http:\/\/fr.motocrossmag.be\/wp-content\/uploads\/2012\/05\/ktm_450_sxf_2013_4.jpg\"><img decoding=\"async\" class=\"lazyload alignnone size-thumbnail wp-image-14926\" title=\"ktm_450_sxf_2013_4\" src=\"http:\/\/fr.motocrossmag.be\/wp-content\/uploads\/2012\/05\/ktm_450_sxf_2013_4-150x150.jpg\" data-orig-src=\"http:\/\/fr.motocrossmag.be\/wp-content\/uploads\/2012\/05\/ktm_450_sxf_2013_4-150x150.jpg\" alt=\"\" width=\"150\" height=\"150\" srcset=\"data:image\/svg+xml,%3Csvg%20xmlns%3D%27http%3A%2F%2Fwww.w3.org%2F2000%2Fsvg%27%20width%3D%27150%27%20height%3D%27150%27%20viewBox%3D%270%200%20150%20150%27%3E%3Crect%20width%3D%27150%27%20height%3D%27150%27%20fill-opacity%3D%220%22%2F%3E%3C%2Fsvg%3E\" data-srcset=\"https:\/\/fr.motocrossmag.be\/wp-content\/uploads\/2012\/05\/ktm_450_sxf_2013_4-150x150.jpg 150w, https:\/\/fr.motocrossmag.be\/wp-content\/uploads\/2012\/05\/ktm_450_sxf_2013_4.jpg 900w\" data-sizes=\"auto\" data-orig-sizes=\"(max-width: 150px) 100vw, 150px\" \/><\/a><br \/>\n<a id=\"[object]\" rel=\"lightbox dia=1\" href=\"http:\/\/fr.motocrossmag.be\/wp-content\/uploads\/2012\/05\/ktm_450_sxf_2013_5.jpg\"><img decoding=\"async\" class=\"lazyload alignnone size-thumbnail wp-image-14925\" title=\"ktm_450_sxf_2013_5\" src=\"http:\/\/fr.motocrossmag.be\/wp-content\/uploads\/2012\/05\/ktm_450_sxf_2013_5-150x150.jpg\" data-orig-src=\"http:\/\/fr.motocrossmag.be\/wp-content\/uploads\/2012\/05\/ktm_450_sxf_2013_5-150x150.jpg\" alt=\"\" width=\"150\" height=\"150\" srcset=\"data:image\/svg+xml,%3Csvg%20xmlns%3D%27http%3A%2F%2Fwww.w3.org%2F2000%2Fsvg%27%20width%3D%27150%27%20height%3D%27150%27%20viewBox%3D%270%200%20150%20150%27%3E%3Crect%20width%3D%27150%27%20height%3D%27150%27%20fill-opacity%3D%220%22%2F%3E%3C%2Fsvg%3E\" data-srcset=\"https:\/\/fr.motocrossmag.be\/wp-content\/uploads\/2012\/05\/ktm_450_sxf_2013_5-150x150.jpg 150w, https:\/\/fr.motocrossmag.be\/wp-content\/uploads\/2012\/05\/ktm_450_sxf_2013_5.jpg 900w\" data-sizes=\"auto\" data-orig-sizes=\"(max-width: 150px) 100vw, 150px\" \/><\/a>\u00a0\u00a0 <a id=\"[object]\" rel=\"lightbox dia=1\" href=\"http:\/\/fr.motocrossmag.be\/wp-content\/uploads\/2012\/05\/ktm_450_sxf_2013_6.jpg\"><img decoding=\"async\" class=\"lazyload alignnone size-thumbnail wp-image-14924\" title=\"ktm_450_sxf_2013_6\" src=\"http:\/\/fr.motocrossmag.be\/wp-content\/uploads\/2012\/05\/ktm_450_sxf_2013_6-150x150.jpg\" data-orig-src=\"http:\/\/fr.motocrossmag.be\/wp-content\/uploads\/2012\/05\/ktm_450_sxf_2013_6-150x150.jpg\" alt=\"\" width=\"150\" height=\"150\" srcset=\"data:image\/svg+xml,%3Csvg%20xmlns%3D%27http%3A%2F%2Fwww.w3.org%2F2000%2Fsvg%27%20width%3D%27150%27%20height%3D%27150%27%20viewBox%3D%270%200%20150%20150%27%3E%3Crect%20width%3D%27150%27%20height%3D%27150%27%20fill-opacity%3D%220%22%2F%3E%3C%2Fsvg%3E\" data-srcset=\"https:\/\/fr.motocrossmag.be\/wp-content\/uploads\/2012\/05\/ktm_450_sxf_2013_6-150x150.jpg 150w, https:\/\/fr.motocrossmag.be\/wp-content\/uploads\/2012\/05\/ktm_450_sxf_2013_6.jpg 900w\" data-sizes=\"auto\" data-orig-sizes=\"(max-width: 150px) 100vw, 150px\" \/><\/a>\u00a0\u00a0 <a rel=\"lightbox dia=1\" href=\"http:\/\/fr.motocrossmag.be\/wp-content\/uploads\/2012\/05\/ktm_450_sxf_2013_7.jpg\"><img decoding=\"async\" class=\"lazyload alignnone size-thumbnail wp-image-14923\" title=\"ktm_450_sxf_2013_7\" src=\"http:\/\/fr.motocrossmag.be\/wp-content\/uploads\/2012\/05\/ktm_450_sxf_2013_7-150x150.jpg\" data-orig-src=\"http:\/\/fr.motocrossmag.be\/wp-content\/uploads\/2012\/05\/ktm_450_sxf_2013_7-150x150.jpg\" alt=\"\" width=\"150\" height=\"150\" srcset=\"data:image\/svg+xml,%3Csvg%20xmlns%3D%27http%3A%2F%2Fwww.w3.org%2F2000%2Fsvg%27%20width%3D%27150%27%20height%3D%27150%27%20viewBox%3D%270%200%20150%20150%27%3E%3Crect%20width%3D%27150%27%20height%3D%27150%27%20fill-opacity%3D%220%22%2F%3E%3C%2Fsvg%3E\" data-srcset=\"https:\/\/fr.motocrossmag.be\/wp-content\/uploads\/2012\/05\/ktm_450_sxf_2013_7-150x150.jpg 150w, https:\/\/fr.motocrossmag.be\/wp-content\/uploads\/2012\/05\/ktm_450_sxf_2013_7.jpg 900w\" data-sizes=\"auto\" data-orig-sizes=\"(max-width: 150px) 100vw, 150px\" \/><\/a><\/p>\n<p id=\"[object]\">Sur ce nouveau cadre, et toujours dans le but de gagner en stabilit\u00e9, vient se greffer un nouveau bras oscillant en aluminium coul\u00e9, renforc\u00e9 dans sa partie ari\u00e8re et capable d\u00e9sormais d&rsquo;accueillir un axe de roue arri\u00e8re plus costaud (de 20 \u00e0\u00a0 25mm). Les biellettes de suspension gagnent quant \u00e0\u00a0 elles quelques grammes par rapport au mod\u00e8le 2012.<\/p>\n<p id=\"[object]\">Sur ces biellettes, est mont\u00e9 un amortisseur White Power derni\u00e8re g\u00e9n\u00e9ration, d\u00e9velopp\u00e9 pour optimiser la motricit\u00e9 tout en offrant davantage de confort sur les petits chocs. Afin d&rsquo;am\u00e9liorer l&rsquo;\u00e9quilibre g\u00e9n\u00e9ral de la machine, la 350 SX-F re\u00e7oit pour sa part un ressort plus dur. A l&rsquo;avant du WP \u00e9galement avec une fourche \u00e0\u00a0 cartouche de 48mm revisit\u00e9e de fond en comble et notamment des ressorts plus fermes pour les 250 et 450 SX-F.\u00a0 Plus sensible, cette nouvelle fourche offre \u00e9galement un comportement plus constant sur la dur\u00e9e d&rsquo;une manche, notamment gr\u00e0\u00a2ce \u00e0\u00a0 l&rsquo;utilisation d&rsquo;une toute nouvelle huile.<\/p>\n<p id=\"[object]\">Plus l\u00e9ger de 80 grammes, le nouveau t\u00e9 de fourche anodis\u00e9 noir participe \u00e9galement \u00e0\u00a0 la rifidication de l&rsquo;ensemble et permet surtout d&rsquo;accueillir le nouveau garde-boue avant, tr\u00e8s design mais aussi beaucoup plus rigide que l&rsquo;ancien mod\u00e8le.<\/p>\n<p id=\"[object]\">On notera \u00e9galement un bo\u00eetier de filtre \u00e0\u00a0 air redessin\u00e9, dont la capacit\u00e9 est sensiblement augment\u00e9e, l&rsquo;apparition d&rsquo;un guidon Renthal 827 Fatbar et de nouveaux grips bicolors orn\u00e9s du logo KTM, une d\u00e9co qui fait toujours appel \u00e0\u00a0 la technologie \u00ab\u00a0In Mould\u00a0\u00bb qui la rend pratiquement inalt\u00e9rable, de nouveaux radiateurs en provenance d&rsquo;un nouveau fournisseur (WP radiators) et plus r\u00e9sistants en cas de chute, des jantes sign\u00e9es Excel\u00a0ou encore des freins issus du catalogue Brembo.<\/p>\n<p id=\"[object]\"><img decoding=\"async\" class=\"lazyload alignnone size-full wp-image-14940\" title=\"Le nouveau r\u00e9servoir des KTM cross offre une contenance de 7,5 litres.\" src=\"http:\/\/fr.motocrossmag.be\/wp-content\/uploads\/2012\/05\/sx-tank.jpg\" data-orig-src=\"http:\/\/fr.motocrossmag.be\/wp-content\/uploads\/2012\/05\/sx-tank.jpg\" alt=\"\" width=\"500\" height=\"500\" srcset=\"data:image\/svg+xml,%3Csvg%20xmlns%3D%27http%3A%2F%2Fwww.w3.org%2F2000%2Fsvg%27%20width%3D%27500%27%20height%3D%27500%27%20viewBox%3D%270%200%20500%20500%27%3E%3Crect%20width%3D%27500%27%20height%3D%27500%27%20fill-opacity%3D%220%22%2F%3E%3C%2Fsvg%3E\" data-srcset=\"https:\/\/fr.motocrossmag.be\/wp-content\/uploads\/2012\/05\/sx-tank-150x150.jpg 150w, https:\/\/fr.motocrossmag.be\/wp-content\/uploads\/2012\/05\/sx-tank-300x300.jpg 300w, https:\/\/fr.motocrossmag.be\/wp-content\/uploads\/2012\/05\/sx-tank.jpg 500w\" data-sizes=\"auto\" data-orig-sizes=\"(max-width: 500px) 100vw, 500px\" \/><\/p>\n<p id=\"[object]\">On s&rsquo;en voudrait \u00e9galement de ne pas \u00e9voquer le tout nouveau r\u00e9servoir \u00e0\u00a0 essence de 7,5 litres, dont le bouchon abandonne le syst\u00e8me \u00ab\u00a01\/4 de tour\u00a0\u00bb cher \u00e0\u00a0 la marque autrichienne depuis des ann\u00e9es pour revenir \u00e0\u00a0 un mod\u00e8le plus classique. Le filtre \u00e0\u00a0 essence est \u00e9galement plus facile \u00e0\u00a0 d\u00e9monter, tandis que les sp\u00e9cialistes des endurances appr\u00e9cieront le fait qu&rsquo;il est d\u00e9sormais possible d&rsquo;adapter un r\u00e9servoir EXC (enduro) sur les SXF-F sans aucune modification suppl\u00e9mentaire.<\/p>\n<p id=\"[object]\"><strong>Plus l\u00e9ger, plus compact, plus puissant&#8230;<\/strong><\/p>\n<p id=\"[object]\">La pi\u00e8ce ma\u00eetresse de la nouvelle 450 SX-F, c&rsquo;est \u00e9videmment son bloc moteur. Repens\u00e9 de A \u00e0\u00a0 Z par les motoristes maison, le 450 \u00e0\u00a0 double arbre \u00e0\u00a0 cames en t\u00eate et 4 soupapes en titane ultra-l\u00e9g\u00e8res, se veut plus compact, plus l\u00e9ger mais aussi plus performant que son pr\u00e9d\u00e9cesseur. Pour atteindre ce triple objectif, c&rsquo;est toute l&rsquo;exp\u00e9rience et tout le savoir-faire autrichien\u00a0dont on a tir\u00e9 parti.<\/p>\n<p id=\"[object]\"><img decoding=\"async\" class=\"lazyload alignnone size-full wp-image-14938\" title=\"Compact, le nouveau bloc 450 KTM est \u00e9galement un monstre de puissance!\" src=\"http:\/\/fr.motocrossmag.be\/wp-content\/uploads\/2012\/05\/450sx-f-engine.jpg\" data-orig-src=\"http:\/\/fr.motocrossmag.be\/wp-content\/uploads\/2012\/05\/450sx-f-engine.jpg\" alt=\"\" width=\"500\" height=\"497\" srcset=\"data:image\/svg+xml,%3Csvg%20xmlns%3D%27http%3A%2F%2Fwww.w3.org%2F2000%2Fsvg%27%20width%3D%27500%27%20height%3D%27497%27%20viewBox%3D%270%200%20500%20497%27%3E%3Crect%20width%3D%27500%27%20height%3D%27497%27%20fill-opacity%3D%220%22%2F%3E%3C%2Fsvg%3E\" data-srcset=\"https:\/\/fr.motocrossmag.be\/wp-content\/uploads\/2012\/05\/450sx-f-engine-150x150.jpg 150w, https:\/\/fr.motocrossmag.be\/wp-content\/uploads\/2012\/05\/450sx-f-engine-300x298.jpg 300w, https:\/\/fr.motocrossmag.be\/wp-content\/uploads\/2012\/05\/450sx-f-engine.jpg 500w\" data-sizes=\"auto\" data-orig-sizes=\"(max-width: 500px) 100vw, 500px\" \/><\/p>\n<p id=\"[object]\">Les chiffres annonc\u00e9s sont impressionnants:\u00a0le moulin plafonne \u00e0\u00a0 11\u00a0500 tours\/minute, d\u00e9livre la bagatelle de 60 chevaux et affiche 2,5 Kg de moins que son pr\u00e9d\u00e9cesseur sur la balance! Les grandes\u00a0innovations par rapport au mod\u00e8les 2012 r\u00e9sident essentiellement dans\u00a0une course plus longue (63,4mm au lieu de 60,8mm) et un al\u00e9sage moins important (95mm au lieu de 97mm), un syst\u00e8me d&rsquo;injection \u00e9lectronique Keihin revu de fond en comble, un roulement de vilebrequin lubrifi\u00e9 par de l&rsquo;huile pressuris\u00e9e (ce qui autorise le bloc \u00e0\u00a0 tourner \u00e0\u00a0 plus de 11 000 t\/min sans\u00a0risque\u00a0quant \u00e0\u00a0 la fiabilit\u00e9) ou encore\u00a0une nouvelle bo\u00eete \u00e0\u00a0 vitesses\u00a0qui passe de 5 \u00e0\u00a0 4 rapports seulement.<\/p>\n<p id=\"[object]\"><strong>La 250 SX-F suit le mouvement<\/strong><\/p>\n<p id=\"[object]\">Si la nouvelle 450 SX-F est ind\u00e9niablement celle qui a retenu toute l&rsquo;attention des ing\u00e9nieurs autrichiens ces derniers mois, la petite 250 SX-F n&rsquo;en revient pas moins compl\u00e8tement remani\u00e9e pour 2013. Celle qui fait\u00a0office de r\u00e9f\u00e9rence dans une cat\u00e9gorie o\u00f9 elle fait la loi depuis des ann\u00e9es, profite non seulement (comme la 350 SX-F) du ch\u00e0\u00a2ssis d\u00e9velopp\u00e9 pour la 450 SX-F mais s&rsquo;offre dans la foul\u00e9e un tout nouveau moteur.<\/p>\n<p id=\"[object]\">D\u00e9sormais tr\u00e8s proche du bloc de la 350 SX-F, celui de la plus petite des SX-F afficherait m\u00eame 5 chevaux de plus que le mod\u00e8le qu&rsquo;il remplace! Outre des carters et une culasse largement remani\u00e9s, il pr\u00e9sente d\u00e9sormais un rapport course\/al\u00e9sage tr\u00e8s diff\u00e9rent, le diam\u00e8tre du piston gagnant 2mm tandis que la course perd 2,5mm. De quoi permettre au bloc KTM de culminer \u00e0\u00a0 14 000 tours\/minute! Equip\u00e9 depuis l&rsquo;an dernier du d\u00e9marreur \u00e9lectrique,\u00a0le bloc 250cc perd cette ann\u00e9e son kick, toujours dans le but de gagner quelques pr\u00e9cieux grammes. \u00a0<\/p>\n<p id=\"[object]\">KTM a consenti un r\u00e9el effort suppl\u00e9mentaire en mati\u00e8re de r\u00e9duction de bruit en d\u00e9veloppant de nouveaux \u00e9chappements pour chacun de ses mod\u00e8les 4-temps.\u00a0Seules les 250 et 350 conservent une chambre de r\u00e9sonnance. Tout en voyant leurs performances optimis\u00e9es, les\u00a0machines r\u00e9pondent de la sorte aux normes qui seront en vigueur en 2013.<\/p>\n<p><img decoding=\"async\" class=\"lazyload alignnone size-full wp-image-14912\" title=\"sxf_action3\" src=\"http:\/\/fr.motocrossmag.be\/wp-content\/uploads\/2012\/05\/sxf_action3.jpg\" data-orig-src=\"http:\/\/fr.motocrossmag.be\/wp-content\/uploads\/2012\/05\/sxf_action3.jpg\" alt=\"\" width=\"500\" height=\"334\" srcset=\"data:image\/svg+xml,%3Csvg%20xmlns%3D%27http%3A%2F%2Fwww.w3.org%2F2000%2Fsvg%27%20width%3D%27500%27%20height%3D%27334%27%20viewBox%3D%270%200%20500%20334%27%3E%3Crect%20width%3D%27500%27%20height%3D%27334%27%20fill-opacity%3D%220%22%2F%3E%3C%2Fsvg%3E\" data-srcset=\"https:\/\/fr.motocrossmag.be\/wp-content\/uploads\/2012\/05\/sxf_action3-300x200.jpg 300w, https:\/\/fr.motocrossmag.be\/wp-content\/uploads\/2012\/05\/sxf_action3.jpg 500w\" data-sizes=\"auto\" data-orig-sizes=\"(max-width: 500px) 100vw, 500px\" \/><\/p>\n<p id=\"[object]\">Comme les mod\u00e8les 2-temps (125, 150 et 250cc), la 350 SX-F, dont il s&rsquo;agit d\u00e9j\u00e0\u00a0 de la 3\u00e8me version profite de quelques \u00e9volutions en vue d&rsquo;optimiser ses performances et sa fiabilit\u00e9 mais ne subit pas de modification majeure.<\/p>\n<p id=\"[object]\"><strong>De surprise en surprise<\/strong><\/p>\n<p id=\"[object]\">Sur la piste de Citta di castello, en Italie, o\u00f9 KTM avait d\u00e9cid\u00e9 de pr\u00e9senter son nouveau mill\u00e9sime, la nouvelle 450 SX-F fait sans attendre \u00e9talage de ses qualit\u00e9s nouvelles. Si vous aimiez la grosse KTM pour sa puissance exceptionnelle, nous ne serez pas d\u00e9\u00e7u, elle reste sans doute la plus puissante de la cat\u00e9gorie. Si vous l&rsquo;aimiez pour son ch\u00e0\u00a2ssis \u00e9quilibr\u00e9, vous appr\u00e9cierez davantage encore le mod\u00e8le 2013, subtil m\u00e9lange\u00a0fr\u00f4lant la perfection entre rigueur et l\u00e9g\u00e8ret\u00e9. Si par contre vous trouviez la b\u00eate un peu trop exigeante \u00e0\u00a0 cause de son moteur sans compromis, vous serez surpris par la douceur et la facilit\u00e9 de la nouvelle 450 SX-F. Le nouveau rapport course\/al\u00e9sage offrant une course plus longue que par le pass\u00e9 permet en effet au moteur de gagner sensiblement en progressivit\u00e9.<\/p>\n<p id=\"[object]\"><img decoding=\"async\" class=\"lazyload alignnone size-full wp-image-14913\" title=\"sxf_action2\" src=\"http:\/\/fr.motocrossmag.be\/wp-content\/uploads\/2012\/05\/sxf_action2.jpg\" data-orig-src=\"http:\/\/fr.motocrossmag.be\/wp-content\/uploads\/2012\/05\/sxf_action2.jpg\" alt=\"\" width=\"500\" height=\"335\" srcset=\"data:image\/svg+xml,%3Csvg%20xmlns%3D%27http%3A%2F%2Fwww.w3.org%2F2000%2Fsvg%27%20width%3D%27500%27%20height%3D%27335%27%20viewBox%3D%270%200%20500%20335%27%3E%3Crect%20width%3D%27500%27%20height%3D%27335%27%20fill-opacity%3D%220%22%2F%3E%3C%2Fsvg%3E\" data-srcset=\"https:\/\/fr.motocrossmag.be\/wp-content\/uploads\/2012\/05\/sxf_action2-300x201.jpg 300w, https:\/\/fr.motocrossmag.be\/wp-content\/uploads\/2012\/05\/sxf_action2.jpg 500w\" data-sizes=\"auto\" data-orig-sizes=\"(max-width: 500px) 100vw, 500px\" \/><\/p>\n<p id=\"[object]\">Tr\u00e8s bas dans les tours, les coups de piston sont inexistants. Ensuite, le bloc autrichien monte de fa\u00e7on franche dans les tours mais sans aucune brutalit\u00e9. Tout reste sous contr\u00f4le en permanence et c&rsquo;est plut\u00f4t rassurant! D&rsquo;autant plus que le sentiment de ma\u00eetrise est renforc\u00e9 par un ch\u00e0\u00a2ssis et des suspensions sans surprise, extr\u00eamement confortables et suffisamment rigoureuses sur la piste particuli\u00e8rement bien entretnue de Citta di castello. La bo\u00eete 4 vitesses n&rsquo;appelle quant \u00e0\u00a0 elle aucun commentaire particulier, son \u00e9tagement tr\u00e8s \u00e9tudi\u00e9 faisant que l&rsquo;on se contente la plupart du temps des second et 3\u00e8me rapports.<\/p>\n<p id=\"[object]\">En piste, l&rsquo;autre bonne surprise de cette pr\u00e9sentation, c&rsquo;est la 250 SX-F. Si, sur le papier, les \u00e9volutions sont moins spectaculaires qu&rsquo;en ce qui concerne sa grande soeur, la version 2013 de la benjamine de la gamme SX-F n&rsquo;en est pas moins une r\u00e9elle nouveaut\u00e9. Oubliez ce que vous connaissez du mod\u00e8le 2012, la nouvelle 250 autrichienne a pris un chemin compl\u00e8tement diff\u00e9rent. Sans doute un poil plus exigeant que son pr\u00e9d\u00e9cesseur, le nouveau mod\u00e8le pr\u00e9sente une inertie quasiment inexistante, un moteur qui d\u00e9livre sa puissance tr\u00e8s haut dans les tours et un\u00a0temp\u00e9rament qui fait in\u00e9vitablement penser \u00e0\u00a0 celui d&rsquo;un 125cc. On a davantage tendance \u00e0\u00a0 la piloter \u00e0\u00a0 l&#8217;embrayage que par le pass\u00e9 mais comme il s&rsquo;agit (comme sur l&rsquo;ensemble de la gamme)\u00a0d&rsquo;un mod\u00e8le hydraulique, on ne s&rsquo;en plaindra pas!<\/p>\n<p id=\"[object]\"><img decoding=\"async\" id=\"[object]\" class=\"lazyload alignnone size-full wp-image-14922\" title=\"La nouvelle KTM 85cc 2013\" src=\"http:\/\/fr.motocrossmag.be\/wp-content\/uploads\/2012\/05\/ktm_85_2013.jpg\" data-orig-src=\"http:\/\/fr.motocrossmag.be\/wp-content\/uploads\/2012\/05\/ktm_85_2013.jpg\" alt=\"\" width=\"500\" height=\"333\" srcset=\"data:image\/svg+xml,%3Csvg%20xmlns%3D%27http%3A%2F%2Fwww.w3.org%2F2000%2Fsvg%27%20width%3D%27500%27%20height%3D%27333%27%20viewBox%3D%270%200%20500%20333%27%3E%3Crect%20width%3D%27500%27%20height%3D%27333%27%20fill-opacity%3D%220%22%2F%3E%3C%2Fsvg%3E\" data-srcset=\"https:\/\/fr.motocrossmag.be\/wp-content\/uploads\/2012\/05\/ktm_85_2013-300x199.jpg 300w, https:\/\/fr.motocrossmag.be\/wp-content\/uploads\/2012\/05\/ktm_85_2013.jpg 500w\" data-sizes=\"auto\" data-orig-sizes=\"(max-width: 500px) 100vw, 500px\" \/><\/p>\n<p id=\"[object]\">Du c\u00f4t\u00e9 de la gamme cross, on notera \u00e9galement l&rsquo;apparition d&rsquo;une toute nouvelle 85cc. Ce mod\u00e8le 2013, \u00e0\u00a0 l&rsquo;esth\u00e9tique tr\u00e8s proche du reste de la gamme SX et SX-F vient remplacer un best-seller qui domine pourtant toujours la cat\u00e9gorie. Mais le mod\u00e8le commen\u00e7ait \u00e0\u00a0 dater et les autrichiens ont donc pr\u00e9f\u00e9r\u00e9 le faire \u00e9voluer sans attendre. Nouveau cylindre, nouveau vilebrequin, lumi\u00e8res d&rsquo;admission et d&rsquo;\u00e9chappement revues, nouvelles suspensions, embrayage hydraulique revu et ch\u00e0\u00a2ssis renforc\u00e9 sont au menu du mill\u00e9sime 2013. Les kids seront contents!<\/p>\n<p id=\"[object]\">Texte: Olivier Evrard | Photos: Gary Freeman<\/p>\n<p id=\"[object]\"><strong id=\"[object]\"><span style=\"color: #800000; font-family: [object];\">Tarifs KTM cross 2013<\/span><\/strong><\/p>\n<p id=\"[object]\"><strong id=\"[object]\">MINICYCLES<br \/>\n<\/strong><br \/>\n50 SX: 3.420 \u00e2\u201a\u00ac<br \/>\n50 SX MINI: 3.320 \u00e2\u201a\u00ac<br \/>\n65 SX: 4.190 \u00e2\u201a\u00ac<br \/>\n85 SX 17\/14: 5.095 \u00e2\u201a\u00ac<br \/>\n85 SX 19\/16: 5.095 \u00e2\u201a\u00ac<\/p>\n<p><strong id=\"[object]\">MOTOCROSS<\/strong><\/p>\n<p>2T<br \/>\n125 SX: 7.290 \u00e2\u201a\u00ac<br \/>\n150 SX: 7.590 \u00e2\u201a\u00ac<br \/>\n250 SX: 8.090 \u00e2\u201a\u00ac\u00a0<\/p>\n<p>4T<br \/>\n250 SX-F: 8.490 \u00e2\u201a\u00ac<br \/>\n350 SX-F: 8.850 \u00e2\u201a\u00ac<br \/>\n450 SX-F: 9.190 \u00e2\u201a\u00ac<\/p>\n","protected":false},"excerpt":{"rendered":"<p>Les KTM 2013 sont d\u00e9j\u00e0\u00a0 l\u00e0\u00a0! En vedette cette ann\u00e9e: la 450 SX-F. Sous l&rsquo;impulsion du tandem Decoster\/Dungey, les Autrichiens ont effet revu leur copie de A \u00e0\u00a0 Z. Le [&#8230;]<\/p>\n","protected":false},"author":932,"featured_media":0,"comment_status":"open","ping_status":"closed","sticky":false,"template":"","format":"standard","meta":{"footnotes":""},"categories":[54,3,59,4,1,65],"tags":[],"class_list":["post-14911","post","type-post","status-publish","format-standard","hentry","category-actualite","category-essais","category-essais-actualite","category-motocross","category-non-classe","category-slideshow"],"yoast_head":"<!-- This site is optimized with the Yoast SEO plugin v27.4 - https:\/\/yoast.com\/product\/yoast-seo-wordpress\/ -->\n<title>Essai KTM cross 2013 | On a (d\u00e9j\u00e0\u00a0!) roul\u00e9 sur les KTM 2013! - Motocross - Enduro - Supermoto | MotocrossMag<\/title>\n<meta name=\"robots\" content=\"index, follow, max-snippet:-1, max-image-preview:large, max-video-preview:-1\" \/>\n<link rel=\"canonical\" href=\"https:\/\/fr.motocrossmag.be\/index.php\/2012\/05\/essai-ktm-cross-2013-on-a-deja-roule-sur-les-ktm-2013\/\" \/>\n<meta property=\"og:locale\" content=\"fr_FR\" \/>\n<meta property=\"og:type\" content=\"article\" \/>\n<meta property=\"og:title\" content=\"Essai KTM cross 2013 | On a (d\u00e9j\u00e0\u00a0!) roul\u00e9 sur les KTM 2013! - Motocross - Enduro - Supermoto | MotocrossMag\" \/>\n<meta property=\"og:description\" content=\"Les KTM 2013 sont d\u00e9j\u00e0\u00a0 l\u00e0\u00a0! En vedette cette ann\u00e9e: la 450 SX-F. Sous l&rsquo;impulsion du tandem Decoster\/Dungey, les Autrichiens ont effet revu leur copie de A \u00e0\u00a0 Z. Le [...]\" \/>\n<meta property=\"og:url\" content=\"https:\/\/fr.motocrossmag.be\/index.php\/2012\/05\/essai-ktm-cross-2013-on-a-deja-roule-sur-les-ktm-2013\/\" \/>\n<meta property=\"og:site_name\" content=\"Motocross - Enduro - Supermoto | MotocrossMag\" \/>\n<meta property=\"article:published_time\" content=\"2012-05-21T20:58:00+00:00\" \/>\n<meta property=\"article:modified_time\" content=\"2012-05-22T20:14:50+00:00\" \/>\n<meta property=\"og:image\" content=\"http:\/\/fr.motocrossmag.be\/wp-content\/uploads\/2012\/05\/450_sx-f_90.jpg\" \/>\n<meta name=\"author\" content=\"oliviere\" \/>\n<meta name=\"twitter:card\" content=\"summary_large_image\" \/>\n<meta name=\"twitter:label1\" content=\"\u00c9crit par\" \/>\n\t<meta name=\"twitter:data1\" content=\"oliviere\" \/>\n\t<meta name=\"twitter:label2\" content=\"Dur\u00e9e de lecture estim\u00e9e\" \/>\n\t<meta name=\"twitter:data2\" content=\"9 minutes\" \/>\n<script type=\"application\/ld+json\" class=\"yoast-schema-graph\">{\"@context\":\"https:\\\/\\\/schema.org\",\"@graph\":[{\"@type\":\"Article\",\"@id\":\"https:\\\/\\\/fr.motocrossmag.be\\\/index.php\\\/2012\\\/05\\\/essai-ktm-cross-2013-on-a-deja-roule-sur-les-ktm-2013\\\/#article\",\"isPartOf\":{\"@id\":\"https:\\\/\\\/fr.motocrossmag.be\\\/index.php\\\/2012\\\/05\\\/essai-ktm-cross-2013-on-a-deja-roule-sur-les-ktm-2013\\\/\"},\"author\":{\"name\":\"oliviere\",\"@id\":\"https:\\\/\\\/fr.motocrossmag.be\\\/#\\\/schema\\\/person\\\/11b47143d9f755babca2c9110e03235c\"},\"headline\":\"Essai KTM cross 2013 | On a (d\u00e9j\u00e0\u00a0!) roul\u00e9 sur les KTM 2013!\",\"datePublished\":\"2012-05-21T20:58:00+00:00\",\"dateModified\":\"2012-05-22T20:14:50+00:00\",\"mainEntityOfPage\":{\"@id\":\"https:\\\/\\\/fr.motocrossmag.be\\\/index.php\\\/2012\\\/05\\\/essai-ktm-cross-2013-on-a-deja-roule-sur-les-ktm-2013\\\/\"},\"wordCount\":1835,\"commentCount\":0,\"image\":{\"@id\":\"https:\\\/\\\/fr.motocrossmag.be\\\/index.php\\\/2012\\\/05\\\/essai-ktm-cross-2013-on-a-deja-roule-sur-les-ktm-2013\\\/#primaryimage\"},\"thumbnailUrl\":\"http:\\\/\\\/fr.motocrossmag.be\\\/wp-content\\\/uploads\\\/2012\\\/05\\\/450_sx-f_90.jpg\",\"articleSection\":{\"0\":\"Actualit\u00e9\",\"1\":\"Essais\",\"2\":\"Essais\",\"3\":\"Motocross\",\"5\":\"Slideshow\"},\"inLanguage\":\"fr-FR\",\"potentialAction\":[{\"@type\":\"CommentAction\",\"name\":\"Comment\",\"target\":[\"https:\\\/\\\/fr.motocrossmag.be\\\/index.php\\\/2012\\\/05\\\/essai-ktm-cross-2013-on-a-deja-roule-sur-les-ktm-2013\\\/#respond\"]}]},{\"@type\":\"WebPage\",\"@id\":\"https:\\\/\\\/fr.motocrossmag.be\\\/index.php\\\/2012\\\/05\\\/essai-ktm-cross-2013-on-a-deja-roule-sur-les-ktm-2013\\\/\",\"url\":\"https:\\\/\\\/fr.motocrossmag.be\\\/index.php\\\/2012\\\/05\\\/essai-ktm-cross-2013-on-a-deja-roule-sur-les-ktm-2013\\\/\",\"name\":\"Essai KTM cross 2013 | On a (d\u00e9j\u00e0\u00a0!) roul\u00e9 sur les KTM 2013! - Motocross - Enduro - Supermoto | MotocrossMag\",\"isPartOf\":{\"@id\":\"https:\\\/\\\/fr.motocrossmag.be\\\/#website\"},\"primaryImageOfPage\":{\"@id\":\"https:\\\/\\\/fr.motocrossmag.be\\\/index.php\\\/2012\\\/05\\\/essai-ktm-cross-2013-on-a-deja-roule-sur-les-ktm-2013\\\/#primaryimage\"},\"image\":{\"@id\":\"https:\\\/\\\/fr.motocrossmag.be\\\/index.php\\\/2012\\\/05\\\/essai-ktm-cross-2013-on-a-deja-roule-sur-les-ktm-2013\\\/#primaryimage\"},\"thumbnailUrl\":\"http:\\\/\\\/fr.motocrossmag.be\\\/wp-content\\\/uploads\\\/2012\\\/05\\\/450_sx-f_90.jpg\",\"datePublished\":\"2012-05-21T20:58:00+00:00\",\"dateModified\":\"2012-05-22T20:14:50+00:00\",\"author\":{\"@id\":\"https:\\\/\\\/fr.motocrossmag.be\\\/#\\\/schema\\\/person\\\/11b47143d9f755babca2c9110e03235c\"},\"breadcrumb\":{\"@id\":\"https:\\\/\\\/fr.motocrossmag.be\\\/index.php\\\/2012\\\/05\\\/essai-ktm-cross-2013-on-a-deja-roule-sur-les-ktm-2013\\\/#breadcrumb\"},\"inLanguage\":\"fr-FR\",\"potentialAction\":[{\"@type\":\"ReadAction\",\"target\":[\"https:\\\/\\\/fr.motocrossmag.be\\\/index.php\\\/2012\\\/05\\\/essai-ktm-cross-2013-on-a-deja-roule-sur-les-ktm-2013\\\/\"]}]},{\"@type\":\"ImageObject\",\"inLanguage\":\"fr-FR\",\"@id\":\"https:\\\/\\\/fr.motocrossmag.be\\\/index.php\\\/2012\\\/05\\\/essai-ktm-cross-2013-on-a-deja-roule-sur-les-ktm-2013\\\/#primaryimage\",\"url\":\"https:\\\/\\\/fr.motocrossmag.be\\\/wp-content\\\/uploads\\\/2012\\\/05\\\/450_sx-f_90.jpg\",\"contentUrl\":\"https:\\\/\\\/fr.motocrossmag.be\\\/wp-content\\\/uploads\\\/2012\\\/05\\\/450_sx-f_90.jpg\",\"width\":500,\"height\":297},{\"@type\":\"BreadcrumbList\",\"@id\":\"https:\\\/\\\/fr.motocrossmag.be\\\/index.php\\\/2012\\\/05\\\/essai-ktm-cross-2013-on-a-deja-roule-sur-les-ktm-2013\\\/#breadcrumb\",\"itemListElement\":[{\"@type\":\"ListItem\",\"position\":1,\"name\":\"Accueil\",\"item\":\"https:\\\/\\\/fr.motocrossmag.be\\\/\"},{\"@type\":\"ListItem\",\"position\":2,\"name\":\"Essai KTM cross 2013 | On a (d\u00e9j\u00e0\u00a0!) roul\u00e9 sur les KTM 2013!\"}]},{\"@type\":\"WebSite\",\"@id\":\"https:\\\/\\\/fr.motocrossmag.be\\\/#website\",\"url\":\"https:\\\/\\\/fr.motocrossmag.be\\\/\",\"name\":\"Motocross - Enduro - Supermoto | MotocrossMag\",\"description\":\"L&#039;actualit\u00e9 du motocross, de l&#039;enduro et du Supermoto en ligne!\",\"potentialAction\":[{\"@type\":\"SearchAction\",\"target\":{\"@type\":\"EntryPoint\",\"urlTemplate\":\"https:\\\/\\\/fr.motocrossmag.be\\\/?s={search_term_string}\"},\"query-input\":{\"@type\":\"PropertyValueSpecification\",\"valueRequired\":true,\"valueName\":\"search_term_string\"}}],\"inLanguage\":\"fr-FR\"},{\"@type\":\"Person\",\"@id\":\"https:\\\/\\\/fr.motocrossmag.be\\\/#\\\/schema\\\/person\\\/11b47143d9f755babca2c9110e03235c\",\"name\":\"oliviere\",\"image\":{\"@type\":\"ImageObject\",\"inLanguage\":\"fr-FR\",\"@id\":\"https:\\\/\\\/secure.gravatar.com\\\/avatar\\\/907069e0b81d119452040469e4a7501da1100f54f7f80180ce77bfab718288f6?s=96&d=mm&r=g\",\"url\":\"https:\\\/\\\/secure.gravatar.com\\\/avatar\\\/907069e0b81d119452040469e4a7501da1100f54f7f80180ce77bfab718288f6?s=96&d=mm&r=g\",\"contentUrl\":\"https:\\\/\\\/secure.gravatar.com\\\/avatar\\\/907069e0b81d119452040469e4a7501da1100f54f7f80180ce77bfab718288f6?s=96&d=mm&r=g\",\"caption\":\"oliviere\"},\"sameAs\":[\"http:\\\/\\\/www.motocrossmag.be\"],\"url\":\"https:\\\/\\\/fr.motocrossmag.be\\\/index.php\\\/author\\\/oliviere\\\/\"}]}<\/script>\n<!-- \/ Yoast SEO plugin. -->","yoast_head_json":{"title":"Essai KTM cross 2013 | On a (d\u00e9j\u00e0\u00a0!) roul\u00e9 sur les KTM 2013! - Motocross - Enduro - Supermoto | MotocrossMag","robots":{"index":"index","follow":"follow","max-snippet":"max-snippet:-1","max-image-preview":"max-image-preview:large","max-video-preview":"max-video-preview:-1"},"canonical":"https:\/\/fr.motocrossmag.be\/index.php\/2012\/05\/essai-ktm-cross-2013-on-a-deja-roule-sur-les-ktm-2013\/","og_locale":"fr_FR","og_type":"article","og_title":"Essai KTM cross 2013 | On a (d\u00e9j\u00e0\u00a0!) roul\u00e9 sur les KTM 2013! - Motocross - Enduro - Supermoto | MotocrossMag","og_description":"Les KTM 2013 sont d\u00e9j\u00e0\u00a0 l\u00e0\u00a0! En vedette cette ann\u00e9e: la 450 SX-F. Sous l&rsquo;impulsion du tandem Decoster\/Dungey, les Autrichiens ont effet revu leur copie de A \u00e0\u00a0 Z. Le [...]","og_url":"https:\/\/fr.motocrossmag.be\/index.php\/2012\/05\/essai-ktm-cross-2013-on-a-deja-roule-sur-les-ktm-2013\/","og_site_name":"Motocross - Enduro - Supermoto | MotocrossMag","article_published_time":"2012-05-21T20:58:00+00:00","article_modified_time":"2012-05-22T20:14:50+00:00","og_image":[{"url":"http:\/\/fr.motocrossmag.be\/wp-content\/uploads\/2012\/05\/450_sx-f_90.jpg","type":"","width":"","height":""}],"author":"oliviere","twitter_card":"summary_large_image","twitter_misc":{"\u00c9crit par":"oliviere","Dur\u00e9e de lecture estim\u00e9e":"9 minutes"},"schema":{"@context":"https:\/\/schema.org","@graph":[{"@type":"Article","@id":"https:\/\/fr.motocrossmag.be\/index.php\/2012\/05\/essai-ktm-cross-2013-on-a-deja-roule-sur-les-ktm-2013\/#article","isPartOf":{"@id":"https:\/\/fr.motocrossmag.be\/index.php\/2012\/05\/essai-ktm-cross-2013-on-a-deja-roule-sur-les-ktm-2013\/"},"author":{"name":"oliviere","@id":"https:\/\/fr.motocrossmag.be\/#\/schema\/person\/11b47143d9f755babca2c9110e03235c"},"headline":"Essai KTM cross 2013 | On a (d\u00e9j\u00e0\u00a0!) roul\u00e9 sur les KTM 2013!","datePublished":"2012-05-21T20:58:00+00:00","dateModified":"2012-05-22T20:14:50+00:00","mainEntityOfPage":{"@id":"https:\/\/fr.motocrossmag.be\/index.php\/2012\/05\/essai-ktm-cross-2013-on-a-deja-roule-sur-les-ktm-2013\/"},"wordCount":1835,"commentCount":0,"image":{"@id":"https:\/\/fr.motocrossmag.be\/index.php\/2012\/05\/essai-ktm-cross-2013-on-a-deja-roule-sur-les-ktm-2013\/#primaryimage"},"thumbnailUrl":"http:\/\/fr.motocrossmag.be\/wp-content\/uploads\/2012\/05\/450_sx-f_90.jpg","articleSection":{"0":"Actualit\u00e9","1":"Essais","2":"Essais","3":"Motocross","5":"Slideshow"},"inLanguage":"fr-FR","potentialAction":[{"@type":"CommentAction","name":"Comment","target":["https:\/\/fr.motocrossmag.be\/index.php\/2012\/05\/essai-ktm-cross-2013-on-a-deja-roule-sur-les-ktm-2013\/#respond"]}]},{"@type":"WebPage","@id":"https:\/\/fr.motocrossmag.be\/index.php\/2012\/05\/essai-ktm-cross-2013-on-a-deja-roule-sur-les-ktm-2013\/","url":"https:\/\/fr.motocrossmag.be\/index.php\/2012\/05\/essai-ktm-cross-2013-on-a-deja-roule-sur-les-ktm-2013\/","name":"Essai KTM cross 2013 | On a (d\u00e9j\u00e0\u00a0!) roul\u00e9 sur les KTM 2013! - Motocross - Enduro - Supermoto | MotocrossMag","isPartOf":{"@id":"https:\/\/fr.motocrossmag.be\/#website"},"primaryImageOfPage":{"@id":"https:\/\/fr.motocrossmag.be\/index.php\/2012\/05\/essai-ktm-cross-2013-on-a-deja-roule-sur-les-ktm-2013\/#primaryimage"},"image":{"@id":"https:\/\/fr.motocrossmag.be\/index.php\/2012\/05\/essai-ktm-cross-2013-on-a-deja-roule-sur-les-ktm-2013\/#primaryimage"},"thumbnailUrl":"http:\/\/fr.motocrossmag.be\/wp-content\/uploads\/2012\/05\/450_sx-f_90.jpg","datePublished":"2012-05-21T20:58:00+00:00","dateModified":"2012-05-22T20:14:50+00:00","author":{"@id":"https:\/\/fr.motocrossmag.be\/#\/schema\/person\/11b47143d9f755babca2c9110e03235c"},"breadcrumb":{"@id":"https:\/\/fr.motocrossmag.be\/index.php\/2012\/05\/essai-ktm-cross-2013-on-a-deja-roule-sur-les-ktm-2013\/#breadcrumb"},"inLanguage":"fr-FR","potentialAction":[{"@type":"ReadAction","target":["https:\/\/fr.motocrossmag.be\/index.php\/2012\/05\/essai-ktm-cross-2013-on-a-deja-roule-sur-les-ktm-2013\/"]}]},{"@type":"ImageObject","inLanguage":"fr-FR","@id":"https:\/\/fr.motocrossmag.be\/index.php\/2012\/05\/essai-ktm-cross-2013-on-a-deja-roule-sur-les-ktm-2013\/#primaryimage","url":"https:\/\/fr.motocrossmag.be\/wp-content\/uploads\/2012\/05\/450_sx-f_90.jpg","contentUrl":"https:\/\/fr.motocrossmag.be\/wp-content\/uploads\/2012\/05\/450_sx-f_90.jpg","width":500,"height":297},{"@type":"BreadcrumbList","@id":"https:\/\/fr.motocrossmag.be\/index.php\/2012\/05\/essai-ktm-cross-2013-on-a-deja-roule-sur-les-ktm-2013\/#breadcrumb","itemListElement":[{"@type":"ListItem","position":1,"name":"Accueil","item":"https:\/\/fr.motocrossmag.be\/"},{"@type":"ListItem","position":2,"name":"Essai KTM cross 2013 | On a (d\u00e9j\u00e0\u00a0!) roul\u00e9 sur les KTM 2013!"}]},{"@type":"WebSite","@id":"https:\/\/fr.motocrossmag.be\/#website","url":"https:\/\/fr.motocrossmag.be\/","name":"Motocross - Enduro - Supermoto | MotocrossMag","description":"L&#039;actualit\u00e9 du motocross, de l&#039;enduro et du Supermoto en ligne!","potentialAction":[{"@type":"SearchAction","target":{"@type":"EntryPoint","urlTemplate":"https:\/\/fr.motocrossmag.be\/?s={search_term_string}"},"query-input":{"@type":"PropertyValueSpecification","valueRequired":true,"valueName":"search_term_string"}}],"inLanguage":"fr-FR"},{"@type":"Person","@id":"https:\/\/fr.motocrossmag.be\/#\/schema\/person\/11b47143d9f755babca2c9110e03235c","name":"oliviere","image":{"@type":"ImageObject","inLanguage":"fr-FR","@id":"https:\/\/secure.gravatar.com\/avatar\/907069e0b81d119452040469e4a7501da1100f54f7f80180ce77bfab718288f6?s=96&d=mm&r=g","url":"https:\/\/secure.gravatar.com\/avatar\/907069e0b81d119452040469e4a7501da1100f54f7f80180ce77bfab718288f6?s=96&d=mm&r=g","contentUrl":"https:\/\/secure.gravatar.com\/avatar\/907069e0b81d119452040469e4a7501da1100f54f7f80180ce77bfab718288f6?s=96&d=mm&r=g","caption":"oliviere"},"sameAs":["http:\/\/www.motocrossmag.be"],"url":"https:\/\/fr.motocrossmag.be\/index.php\/author\/oliviere\/"}]}},"_links":{"self":[{"href":"https:\/\/fr.motocrossmag.be\/index.php\/wp-json\/wp\/v2\/posts\/14911","targetHints":{"allow":["GET"]}}],"collection":[{"href":"https:\/\/fr.motocrossmag.be\/index.php\/wp-json\/wp\/v2\/posts"}],"about":[{"href":"https:\/\/fr.motocrossmag.be\/index.php\/wp-json\/wp\/v2\/types\/post"}],"author":[{"embeddable":true,"href":"https:\/\/fr.motocrossmag.be\/index.php\/wp-json\/wp\/v2\/users\/932"}],"replies":[{"embeddable":true,"href":"https:\/\/fr.motocrossmag.be\/index.php\/wp-json\/wp\/v2\/comments?post=14911"}],"version-history":[{"count":0,"href":"https:\/\/fr.motocrossmag.be\/index.php\/wp-json\/wp\/v2\/posts\/14911\/revisions"}],"wp:attachment":[{"href":"https:\/\/fr.motocrossmag.be\/index.php\/wp-json\/wp\/v2\/media?parent=14911"}],"wp:term":[{"taxonomy":"category","embeddable":true,"href":"https:\/\/fr.motocrossmag.be\/index.php\/wp-json\/wp\/v2\/categories?post=14911"},{"taxonomy":"post_tag","embeddable":true,"href":"https:\/\/fr.motocrossmag.be\/index.php\/wp-json\/wp\/v2\/tags?post=14911"}],"curies":[{"name":"wp","href":"https:\/\/api.w.org\/{rel}","templated":true}]}}