{"id":1498,"date":"2008-08-02T23:40:39","date_gmt":"2008-08-02T22:40:39","guid":{"rendered":"http:\/\/www.motocrossmag.be\/?p=1498"},"modified":"2008-08-02T23:40:39","modified_gmt":"2008-08-02T22:40:39","slug":"motocross-des-nations-2008-joel-smets-devoile-le-team-belge-pour-le-mxdn","status":"publish","type":"post","link":"https:\/\/fr.motocrossmag.be\/index.php\/2008\/08\/motocross-des-nations-2008-joel-smets-devoile-le-team-belge-pour-le-mxdn\/","title":{"rendered":"Motocross des Nations 2008 | Jo\u00ebl Smets d\u00e9voile le team belge pour le MXDN"},"content":{"rendered":"<p>C&rsquo;est dans le cadre du GP de Lommel que Jo\u00ebl Smets, s\u00e9lectionneur f\u00e9d\u00e9ral, a annonc\u00e9 les noms des trois pilotes du team Belge pour le \u00ab\u00a0Red BullMotocross of Nations\u00a0\u00bb 2008. Les trois pilotes s\u00e9lectionn\u00e9s seront les m\u00eames que ceux qui ont d\u00e9fendu les couleurs belges en 2007 &agrave; Budds Creek (USA) et emmen\u00e9 la Belgique sur la 3\u00e8me marche du podium. Jeremy Van Horebeek (Champ-KTM) roulera en MX2 alors que, contrairement &agrave; l&rsquo;ann\u00e9e pass\u00e9e Ken De Dycker (Teka-Suzuki WMX) roulera en MX1 et que Steve Ramon (Teka-Suzuki WMX), champion du monde en titre, roulera en Open.<\/p>\n<p><img decoding=\"async\" class=\"lazyload alignnone size-full wp-image-1499\" title=\"Jo\u00ebl Smets a fait son choix: Van Horebeek en MX2, De Dijcker en MX1 et Ramon en Open.\" src=\"http:\/\/www.motocrossmag.be\/wp-content\/uploads\/2008\/08\/mxdn_belgium.jpg\" data-orig-src=\"http:\/\/www.motocrossmag.be\/wp-content\/uploads\/2008\/08\/mxdn_belgium.jpg\" alt=\"\" width=\"500\" height=\"319\" srcset=\"data:image\/svg+xml,%3Csvg%20xmlns%3D%27http%3A%2F%2Fwww.w3.org%2F2000%2Fsvg%27%20width%3D%27500%27%20height%3D%27319%27%20viewBox%3D%270%200%20500%20319%27%3E%3Crect%20width%3D%27500%27%20height%3D%27319%27%20fill-opacity%3D%220%22%2F%3E%3C%2Fsvg%3E\" data-srcset=\"https:\/\/fr.motocrossmag.be\/wp-content\/uploads\/2008\/08\/mxdn_belgium-300x191.jpg 300w, https:\/\/fr.motocrossmag.be\/wp-content\/uploads\/2008\/08\/mxdn_belgium.jpg 500w\" data-sizes=\"auto\" data-orig-sizes=\"(max-width: 500px) 100vw, 500px\" \/><\/p>\n<p>Le choix de Smets peut para\u00eetre facile et logique, mais initialement le s\u00e9lectionneur avait une autre composition en t\u00eate. \u00ab\u00a0D&rsquo;abord mon premier choix pour rouler en MX2 fut Steve Ramon. En ancien champion du monde, je pensais qu&rsquo;il \u00e9tait encore capable de se m\u00ealer &agrave; la lutte avec les meilleurs pilotes MX2. Steve a r\u00e9fl\u00e9chi mais finalement il pr\u00e9f\u00e8re de rouler en MX1. Le choix de Jeremy Van Horebeek en MX2 devenait alors logique. Il est le meilleur belge en MX2 pour l&rsquo;instant, m\u00eame s&rsquo;il ne fait pas encore partie du top mondial absolu.\u00a0\u00bb<\/p>\n<p>Si Ramon avait \u00e9t\u00e9 d&rsquo;accord de rouler en MX2, Smets aurait pu choisir Kevin Strijbos pour rouler en MX1 ou en Open. \u00ab\u00a0Je pr\u00e9sume que Kevin a tr\u00e8s envie de revenir &agrave; son meilleur niveau apr\u00e8s avoir \u00e9t\u00e9 bless\u00e9 pendant trois mois. Je pense m\u00eame qu&rsquo;il atteindra son meilleur niveau fin septembre. Mais je ne pouvais pas prendre le risque de le s\u00e9lectionner en ce moment. Ceci n&rsquo;aurait pas \u00e9t\u00e9 vraiment honn\u00eate envers Steve et Ken qui se trouvent actuellement 2\u00e8me et 4i\u00e8me au provisoire MX1.\u00a0\u00bb<\/p>\n<p>Smets expliquait aussi la raison pour laquelle il avait choisi Ken De Dycker pour le MX1. \u00ab\u00a0J&rsquo;ai pris Ken pour le MX1 parce que je sais qu&rsquo;il sera capable de rouler contre James Stewart, le capitaine du team USA. Mais pour des raisons strat\u00e9giques il reste bien possible que ce soit Steve qui roule en MX1\u00a0\u00bb, ajoutait-il.<\/p>\n<p>Pour conclure, Smets regardait d\u00e9j&agrave; un peu vers 2009. Il pense en effet que sa t\u00e0\u00a2che sera encore plus compliqu\u00e9e l&rsquo;ann\u00e9e prochaine. \u00ab\u00a0D\u00e9j&agrave; cette ann\u00e9e, ce ne fut pas facile de choisir. Mais en 2009 je vais avoir un probl\u00e8me de luxe avec un Strijbos qui sera revenu au top et un Cl\u00e9ment Desalle qui ne cesse pas de progresser. Contrairement &agrave; ce que beaucoup de gens pensent, le motocross belge a encore un grand avenir.\u00a0\u00bb<\/p>\n<p><strong>Un casque exclusif!<\/strong> <\/p>\n<p>Le team belge a \u00e9galement pr\u00e9sent\u00e9 son casque officiel \u00e2\u20ac\u02dcNations&rsquo;  &agrave; Lommel. Le Gantois Steven Stuyven AKA Stoica Graffix est le responsable du design, tandis que l&rsquo;extraordinaire Jan Van Hoof s&rsquo;est charg\u00e9 de la production. La bonne nouvelle pour le public, c&rsquo;est que ce casque sera disponible dans une \u00e9dition tr\u00e8s limit\u00e9e apr\u00e8s les Nations! Plus d&rsquo;info &agrave; suivre&#8230;<\/p>\n<p><img decoding=\"async\" class=\"lazyload alignnone size-full wp-image-1500\" title=\"Le casque que porteront nos repr\u00e9sentants au MXDN 2008 et, &agrave; l\\'arri\u00e8re-plan, Jan Van Hoof, le peintre qui a permis au projet de voir le jour.\" src=\"http:\/\/www.motocrossmag.be\/wp-content\/uploads\/2008\/08\/mxdn_helmet.jpg\" data-orig-src=\"http:\/\/www.motocrossmag.be\/wp-content\/uploads\/2008\/08\/mxdn_helmet.jpg\" alt=\"\" width=\"500\" height=\"338\" srcset=\"data:image\/svg+xml,%3Csvg%20xmlns%3D%27http%3A%2F%2Fwww.w3.org%2F2000%2Fsvg%27%20width%3D%27500%27%20height%3D%27338%27%20viewBox%3D%270%200%20500%20338%27%3E%3Crect%20width%3D%27500%27%20height%3D%27338%27%20fill-opacity%3D%220%22%2F%3E%3C%2Fsvg%3E\" data-srcset=\"https:\/\/fr.motocrossmag.be\/wp-content\/uploads\/2008\/08\/mxdn_helmet-300x202.jpg 300w, https:\/\/fr.motocrossmag.be\/wp-content\/uploads\/2008\/08\/mxdn_helmet.jpg 500w\" data-sizes=\"auto\" data-orig-sizes=\"(max-width: 500px) 100vw, 500px\" \/><\/p>\n<p>Une autre mani\u00e8re de supporter le team belge, c&rsquo;est de porter le t-shirt exclusif! Comme l&rsquo;ann\u00e9e pass\u00e9e, une pi\u00e8ce unique pour un montant tr\u00e8s raisonnable de 20 Euro. Ces T-shirts seront disponibles &agrave; Lommel pendant le GP, mais aussi par sur Internet ou aux courses du Championnat de Belgique, &agrave; Balen, Orp-le Grand et Pierreux.<\/p>\n<p>Texte: T. Jacobs | Photos: MXWorld<\/p>\n","protected":false},"excerpt":{"rendered":"<p>C&rsquo;est dans le cadre du GP de Lommel que Jo\u00ebl Smets, s\u00e9lectionneur f\u00e9d\u00e9ral, a annonc\u00e9 les noms des trois pilotes du team Belge pour le \u00ab\u00a0Red BullMotocross of Nations\u00a0\u00bb 2008. [&#8230;]<\/p>\n","protected":false},"author":932,"featured_media":0,"comment_status":"open","ping_status":"open","sticky":false,"template":"","format":"standard","meta":{"footnotes":""},"categories":[54,4,5,55],"tags":[],"class_list":["post-1498","post","type-post","status-publish","format-standard","hentry","category-actualite","category-motocross","category-news","category-news-actualite"],"yoast_head":"<!-- This site is optimized with the Yoast SEO plugin v27.4 - https:\/\/yoast.com\/product\/yoast-seo-wordpress\/ -->\n<title>Motocross des Nations 2008 | Jo\u00ebl Smets d\u00e9voile le team belge pour le MXDN - Motocross - Enduro - Supermoto | MotocrossMag<\/title>\n<meta name=\"robots\" content=\"index, follow, max-snippet:-1, max-image-preview:large, max-video-preview:-1\" \/>\n<link rel=\"canonical\" href=\"https:\/\/fr.motocrossmag.be\/index.php\/2008\/08\/motocross-des-nations-2008-joel-smets-devoile-le-team-belge-pour-le-mxdn\/\" \/>\n<meta property=\"og:locale\" content=\"fr_FR\" \/>\n<meta property=\"og:type\" content=\"article\" \/>\n<meta property=\"og:title\" content=\"Motocross des Nations 2008 | Jo\u00ebl Smets d\u00e9voile le team belge pour le MXDN - Motocross - Enduro - Supermoto | MotocrossMag\" \/>\n<meta property=\"og:description\" content=\"C&rsquo;est dans le cadre du GP de Lommel que Jo\u00ebl Smets, s\u00e9lectionneur f\u00e9d\u00e9ral, a annonc\u00e9 les noms des trois pilotes du team Belge pour le \u00ab\u00a0Red BullMotocross of Nations\u00a0\u00bb 2008. [...]\" \/>\n<meta property=\"og:url\" content=\"https:\/\/fr.motocrossmag.be\/index.php\/2008\/08\/motocross-des-nations-2008-joel-smets-devoile-le-team-belge-pour-le-mxdn\/\" \/>\n<meta property=\"og:site_name\" content=\"Motocross - Enduro - Supermoto | MotocrossMag\" \/>\n<meta property=\"article:published_time\" content=\"2008-08-02T22:40:39+00:00\" \/>\n<meta property=\"og:image\" content=\"http:\/\/www.motocrossmag.be\/wp-content\/uploads\/2008\/08\/mxdn_belgium.jpg\" \/>\n<meta name=\"author\" content=\"oliviere\" \/>\n<meta name=\"twitter:card\" content=\"summary_large_image\" \/>\n<meta name=\"twitter:label1\" content=\"\u00c9crit par\" \/>\n\t<meta name=\"twitter:data1\" content=\"oliviere\" \/>\n\t<meta name=\"twitter:label2\" content=\"Dur\u00e9e de lecture estim\u00e9e\" \/>\n\t<meta name=\"twitter:data2\" content=\"3 minutes\" \/>\n<script type=\"application\/ld+json\" class=\"yoast-schema-graph\">{\"@context\":\"https:\\\/\\\/schema.org\",\"@graph\":[{\"@type\":\"Article\",\"@id\":\"https:\\\/\\\/fr.motocrossmag.be\\\/index.php\\\/2008\\\/08\\\/motocross-des-nations-2008-joel-smets-devoile-le-team-belge-pour-le-mxdn\\\/#article\",\"isPartOf\":{\"@id\":\"https:\\\/\\\/fr.motocrossmag.be\\\/index.php\\\/2008\\\/08\\\/motocross-des-nations-2008-joel-smets-devoile-le-team-belge-pour-le-mxdn\\\/\"},\"author\":{\"name\":\"oliviere\",\"@id\":\"https:\\\/\\\/fr.motocrossmag.be\\\/#\\\/schema\\\/person\\\/11b47143d9f755babca2c9110e03235c\"},\"headline\":\"Motocross des Nations 2008 | Jo\u00ebl Smets d\u00e9voile le team belge pour le MXDN\",\"datePublished\":\"2008-08-02T22:40:39+00:00\",\"mainEntityOfPage\":{\"@id\":\"https:\\\/\\\/fr.motocrossmag.be\\\/index.php\\\/2008\\\/08\\\/motocross-des-nations-2008-joel-smets-devoile-le-team-belge-pour-le-mxdn\\\/\"},\"wordCount\":604,\"commentCount\":0,\"image\":{\"@id\":\"https:\\\/\\\/fr.motocrossmag.be\\\/index.php\\\/2008\\\/08\\\/motocross-des-nations-2008-joel-smets-devoile-le-team-belge-pour-le-mxdn\\\/#primaryimage\"},\"thumbnailUrl\":\"http:\\\/\\\/www.motocrossmag.be\\\/wp-content\\\/uploads\\\/2008\\\/08\\\/mxdn_belgium.jpg\",\"articleSection\":[\"Actualit\u00e9\",\"Motocross\",\"News\",\"News\"],\"inLanguage\":\"fr-FR\",\"potentialAction\":[{\"@type\":\"CommentAction\",\"name\":\"Comment\",\"target\":[\"https:\\\/\\\/fr.motocrossmag.be\\\/index.php\\\/2008\\\/08\\\/motocross-des-nations-2008-joel-smets-devoile-le-team-belge-pour-le-mxdn\\\/#respond\"]}]},{\"@type\":\"WebPage\",\"@id\":\"https:\\\/\\\/fr.motocrossmag.be\\\/index.php\\\/2008\\\/08\\\/motocross-des-nations-2008-joel-smets-devoile-le-team-belge-pour-le-mxdn\\\/\",\"url\":\"https:\\\/\\\/fr.motocrossmag.be\\\/index.php\\\/2008\\\/08\\\/motocross-des-nations-2008-joel-smets-devoile-le-team-belge-pour-le-mxdn\\\/\",\"name\":\"Motocross des Nations 2008 | Jo\u00ebl Smets d\u00e9voile le team belge pour le MXDN - Motocross - Enduro - Supermoto | MotocrossMag\",\"isPartOf\":{\"@id\":\"https:\\\/\\\/fr.motocrossmag.be\\\/#website\"},\"primaryImageOfPage\":{\"@id\":\"https:\\\/\\\/fr.motocrossmag.be\\\/index.php\\\/2008\\\/08\\\/motocross-des-nations-2008-joel-smets-devoile-le-team-belge-pour-le-mxdn\\\/#primaryimage\"},\"image\":{\"@id\":\"https:\\\/\\\/fr.motocrossmag.be\\\/index.php\\\/2008\\\/08\\\/motocross-des-nations-2008-joel-smets-devoile-le-team-belge-pour-le-mxdn\\\/#primaryimage\"},\"thumbnailUrl\":\"http:\\\/\\\/www.motocrossmag.be\\\/wp-content\\\/uploads\\\/2008\\\/08\\\/mxdn_belgium.jpg\",\"datePublished\":\"2008-08-02T22:40:39+00:00\",\"author\":{\"@id\":\"https:\\\/\\\/fr.motocrossmag.be\\\/#\\\/schema\\\/person\\\/11b47143d9f755babca2c9110e03235c\"},\"breadcrumb\":{\"@id\":\"https:\\\/\\\/fr.motocrossmag.be\\\/index.php\\\/2008\\\/08\\\/motocross-des-nations-2008-joel-smets-devoile-le-team-belge-pour-le-mxdn\\\/#breadcrumb\"},\"inLanguage\":\"fr-FR\",\"potentialAction\":[{\"@type\":\"ReadAction\",\"target\":[\"https:\\\/\\\/fr.motocrossmag.be\\\/index.php\\\/2008\\\/08\\\/motocross-des-nations-2008-joel-smets-devoile-le-team-belge-pour-le-mxdn\\\/\"]}]},{\"@type\":\"ImageObject\",\"inLanguage\":\"fr-FR\",\"@id\":\"https:\\\/\\\/fr.motocrossmag.be\\\/index.php\\\/2008\\\/08\\\/motocross-des-nations-2008-joel-smets-devoile-le-team-belge-pour-le-mxdn\\\/#primaryimage\",\"url\":\"http:\\\/\\\/www.motocrossmag.be\\\/wp-content\\\/uploads\\\/2008\\\/08\\\/mxdn_belgium.jpg\",\"contentUrl\":\"http:\\\/\\\/www.motocrossmag.be\\\/wp-content\\\/uploads\\\/2008\\\/08\\\/mxdn_belgium.jpg\"},{\"@type\":\"BreadcrumbList\",\"@id\":\"https:\\\/\\\/fr.motocrossmag.be\\\/index.php\\\/2008\\\/08\\\/motocross-des-nations-2008-joel-smets-devoile-le-team-belge-pour-le-mxdn\\\/#breadcrumb\",\"itemListElement\":[{\"@type\":\"ListItem\",\"position\":1,\"name\":\"Accueil\",\"item\":\"https:\\\/\\\/fr.motocrossmag.be\\\/\"},{\"@type\":\"ListItem\",\"position\":2,\"name\":\"Motocross des Nations 2008 | Jo\u00ebl Smets d\u00e9voile le team belge pour le MXDN\"}]},{\"@type\":\"WebSite\",\"@id\":\"https:\\\/\\\/fr.motocrossmag.be\\\/#website\",\"url\":\"https:\\\/\\\/fr.motocrossmag.be\\\/\",\"name\":\"Motocross - Enduro - Supermoto | MotocrossMag\",\"description\":\"L&#039;actualit\u00e9 du motocross, de l&#039;enduro et du Supermoto en ligne!\",\"potentialAction\":[{\"@type\":\"SearchAction\",\"target\":{\"@type\":\"EntryPoint\",\"urlTemplate\":\"https:\\\/\\\/fr.motocrossmag.be\\\/?s={search_term_string}\"},\"query-input\":{\"@type\":\"PropertyValueSpecification\",\"valueRequired\":true,\"valueName\":\"search_term_string\"}}],\"inLanguage\":\"fr-FR\"},{\"@type\":\"Person\",\"@id\":\"https:\\\/\\\/fr.motocrossmag.be\\\/#\\\/schema\\\/person\\\/11b47143d9f755babca2c9110e03235c\",\"name\":\"oliviere\",\"image\":{\"@type\":\"ImageObject\",\"inLanguage\":\"fr-FR\",\"@id\":\"https:\\\/\\\/secure.gravatar.com\\\/avatar\\\/907069e0b81d119452040469e4a7501da1100f54f7f80180ce77bfab718288f6?s=96&d=mm&r=g\",\"url\":\"https:\\\/\\\/secure.gravatar.com\\\/avatar\\\/907069e0b81d119452040469e4a7501da1100f54f7f80180ce77bfab718288f6?s=96&d=mm&r=g\",\"contentUrl\":\"https:\\\/\\\/secure.gravatar.com\\\/avatar\\\/907069e0b81d119452040469e4a7501da1100f54f7f80180ce77bfab718288f6?s=96&d=mm&r=g\",\"caption\":\"oliviere\"},\"sameAs\":[\"http:\\\/\\\/www.motocrossmag.be\"],\"url\":\"https:\\\/\\\/fr.motocrossmag.be\\\/index.php\\\/author\\\/oliviere\\\/\"}]}<\/script>\n<!-- \/ Yoast SEO plugin. -->","yoast_head_json":{"title":"Motocross des Nations 2008 | Jo\u00ebl Smets d\u00e9voile le team belge pour le MXDN - Motocross - Enduro - Supermoto | MotocrossMag","robots":{"index":"index","follow":"follow","max-snippet":"max-snippet:-1","max-image-preview":"max-image-preview:large","max-video-preview":"max-video-preview:-1"},"canonical":"https:\/\/fr.motocrossmag.be\/index.php\/2008\/08\/motocross-des-nations-2008-joel-smets-devoile-le-team-belge-pour-le-mxdn\/","og_locale":"fr_FR","og_type":"article","og_title":"Motocross des Nations 2008 | Jo\u00ebl Smets d\u00e9voile le team belge pour le MXDN - Motocross - Enduro - Supermoto | MotocrossMag","og_description":"C&rsquo;est dans le cadre du GP de Lommel que Jo\u00ebl Smets, s\u00e9lectionneur f\u00e9d\u00e9ral, a annonc\u00e9 les noms des trois pilotes du team Belge pour le \u00ab\u00a0Red BullMotocross of Nations\u00a0\u00bb 2008. [...]","og_url":"https:\/\/fr.motocrossmag.be\/index.php\/2008\/08\/motocross-des-nations-2008-joel-smets-devoile-le-team-belge-pour-le-mxdn\/","og_site_name":"Motocross - Enduro - Supermoto | MotocrossMag","article_published_time":"2008-08-02T22:40:39+00:00","og_image":[{"url":"http:\/\/www.motocrossmag.be\/wp-content\/uploads\/2008\/08\/mxdn_belgium.jpg","type":"","width":"","height":""}],"author":"oliviere","twitter_card":"summary_large_image","twitter_misc":{"\u00c9crit par":"oliviere","Dur\u00e9e de lecture estim\u00e9e":"3 minutes"},"schema":{"@context":"https:\/\/schema.org","@graph":[{"@type":"Article","@id":"https:\/\/fr.motocrossmag.be\/index.php\/2008\/08\/motocross-des-nations-2008-joel-smets-devoile-le-team-belge-pour-le-mxdn\/#article","isPartOf":{"@id":"https:\/\/fr.motocrossmag.be\/index.php\/2008\/08\/motocross-des-nations-2008-joel-smets-devoile-le-team-belge-pour-le-mxdn\/"},"author":{"name":"oliviere","@id":"https:\/\/fr.motocrossmag.be\/#\/schema\/person\/11b47143d9f755babca2c9110e03235c"},"headline":"Motocross des Nations 2008 | Jo\u00ebl Smets d\u00e9voile le team belge pour le MXDN","datePublished":"2008-08-02T22:40:39+00:00","mainEntityOfPage":{"@id":"https:\/\/fr.motocrossmag.be\/index.php\/2008\/08\/motocross-des-nations-2008-joel-smets-devoile-le-team-belge-pour-le-mxdn\/"},"wordCount":604,"commentCount":0,"image":{"@id":"https:\/\/fr.motocrossmag.be\/index.php\/2008\/08\/motocross-des-nations-2008-joel-smets-devoile-le-team-belge-pour-le-mxdn\/#primaryimage"},"thumbnailUrl":"http:\/\/www.motocrossmag.be\/wp-content\/uploads\/2008\/08\/mxdn_belgium.jpg","articleSection":["Actualit\u00e9","Motocross","News","News"],"inLanguage":"fr-FR","potentialAction":[{"@type":"CommentAction","name":"Comment","target":["https:\/\/fr.motocrossmag.be\/index.php\/2008\/08\/motocross-des-nations-2008-joel-smets-devoile-le-team-belge-pour-le-mxdn\/#respond"]}]},{"@type":"WebPage","@id":"https:\/\/fr.motocrossmag.be\/index.php\/2008\/08\/motocross-des-nations-2008-joel-smets-devoile-le-team-belge-pour-le-mxdn\/","url":"https:\/\/fr.motocrossmag.be\/index.php\/2008\/08\/motocross-des-nations-2008-joel-smets-devoile-le-team-belge-pour-le-mxdn\/","name":"Motocross des Nations 2008 | Jo\u00ebl Smets d\u00e9voile le team belge pour le MXDN - Motocross - Enduro - Supermoto | MotocrossMag","isPartOf":{"@id":"https:\/\/fr.motocrossmag.be\/#website"},"primaryImageOfPage":{"@id":"https:\/\/fr.motocrossmag.be\/index.php\/2008\/08\/motocross-des-nations-2008-joel-smets-devoile-le-team-belge-pour-le-mxdn\/#primaryimage"},"image":{"@id":"https:\/\/fr.motocrossmag.be\/index.php\/2008\/08\/motocross-des-nations-2008-joel-smets-devoile-le-team-belge-pour-le-mxdn\/#primaryimage"},"thumbnailUrl":"http:\/\/www.motocrossmag.be\/wp-content\/uploads\/2008\/08\/mxdn_belgium.jpg","datePublished":"2008-08-02T22:40:39+00:00","author":{"@id":"https:\/\/fr.motocrossmag.be\/#\/schema\/person\/11b47143d9f755babca2c9110e03235c"},"breadcrumb":{"@id":"https:\/\/fr.motocrossmag.be\/index.php\/2008\/08\/motocross-des-nations-2008-joel-smets-devoile-le-team-belge-pour-le-mxdn\/#breadcrumb"},"inLanguage":"fr-FR","potentialAction":[{"@type":"ReadAction","target":["https:\/\/fr.motocrossmag.be\/index.php\/2008\/08\/motocross-des-nations-2008-joel-smets-devoile-le-team-belge-pour-le-mxdn\/"]}]},{"@type":"ImageObject","inLanguage":"fr-FR","@id":"https:\/\/fr.motocrossmag.be\/index.php\/2008\/08\/motocross-des-nations-2008-joel-smets-devoile-le-team-belge-pour-le-mxdn\/#primaryimage","url":"http:\/\/www.motocrossmag.be\/wp-content\/uploads\/2008\/08\/mxdn_belgium.jpg","contentUrl":"http:\/\/www.motocrossmag.be\/wp-content\/uploads\/2008\/08\/mxdn_belgium.jpg"},{"@type":"BreadcrumbList","@id":"https:\/\/fr.motocrossmag.be\/index.php\/2008\/08\/motocross-des-nations-2008-joel-smets-devoile-le-team-belge-pour-le-mxdn\/#breadcrumb","itemListElement":[{"@type":"ListItem","position":1,"name":"Accueil","item":"https:\/\/fr.motocrossmag.be\/"},{"@type":"ListItem","position":2,"name":"Motocross des Nations 2008 | Jo\u00ebl Smets d\u00e9voile le team belge pour le MXDN"}]},{"@type":"WebSite","@id":"https:\/\/fr.motocrossmag.be\/#website","url":"https:\/\/fr.motocrossmag.be\/","name":"Motocross - Enduro - Supermoto | MotocrossMag","description":"L&#039;actualit\u00e9 du motocross, de l&#039;enduro et du Supermoto en ligne!","potentialAction":[{"@type":"SearchAction","target":{"@type":"EntryPoint","urlTemplate":"https:\/\/fr.motocrossmag.be\/?s={search_term_string}"},"query-input":{"@type":"PropertyValueSpecification","valueRequired":true,"valueName":"search_term_string"}}],"inLanguage":"fr-FR"},{"@type":"Person","@id":"https:\/\/fr.motocrossmag.be\/#\/schema\/person\/11b47143d9f755babca2c9110e03235c","name":"oliviere","image":{"@type":"ImageObject","inLanguage":"fr-FR","@id":"https:\/\/secure.gravatar.com\/avatar\/907069e0b81d119452040469e4a7501da1100f54f7f80180ce77bfab718288f6?s=96&d=mm&r=g","url":"https:\/\/secure.gravatar.com\/avatar\/907069e0b81d119452040469e4a7501da1100f54f7f80180ce77bfab718288f6?s=96&d=mm&r=g","contentUrl":"https:\/\/secure.gravatar.com\/avatar\/907069e0b81d119452040469e4a7501da1100f54f7f80180ce77bfab718288f6?s=96&d=mm&r=g","caption":"oliviere"},"sameAs":["http:\/\/www.motocrossmag.be"],"url":"https:\/\/fr.motocrossmag.be\/index.php\/author\/oliviere\/"}]}},"_links":{"self":[{"href":"https:\/\/fr.motocrossmag.be\/index.php\/wp-json\/wp\/v2\/posts\/1498","targetHints":{"allow":["GET"]}}],"collection":[{"href":"https:\/\/fr.motocrossmag.be\/index.php\/wp-json\/wp\/v2\/posts"}],"about":[{"href":"https:\/\/fr.motocrossmag.be\/index.php\/wp-json\/wp\/v2\/types\/post"}],"author":[{"embeddable":true,"href":"https:\/\/fr.motocrossmag.be\/index.php\/wp-json\/wp\/v2\/users\/932"}],"replies":[{"embeddable":true,"href":"https:\/\/fr.motocrossmag.be\/index.php\/wp-json\/wp\/v2\/comments?post=1498"}],"version-history":[{"count":0,"href":"https:\/\/fr.motocrossmag.be\/index.php\/wp-json\/wp\/v2\/posts\/1498\/revisions"}],"wp:attachment":[{"href":"https:\/\/fr.motocrossmag.be\/index.php\/wp-json\/wp\/v2\/media?parent=1498"}],"wp:term":[{"taxonomy":"category","embeddable":true,"href":"https:\/\/fr.motocrossmag.be\/index.php\/wp-json\/wp\/v2\/categories?post=1498"},{"taxonomy":"post_tag","embeddable":true,"href":"https:\/\/fr.motocrossmag.be\/index.php\/wp-json\/wp\/v2\/tags?post=1498"}],"curies":[{"name":"wp","href":"https:\/\/api.w.org\/{rel}","templated":true}]}}