{"id":1505,"date":"2008-08-04T23:06:18","date_gmt":"2008-08-04T22:06:18","guid":{"rendered":"http:\/\/www.motocrossmag.be\/?p=1505"},"modified":"2008-08-04T23:08:24","modified_gmt":"2008-08-04T22:08:24","slug":"motocross-coupe-du-monde-veterans-peter-iven-champion","status":"publish","type":"post","link":"https:\/\/fr.motocrossmag.be\/index.php\/2008\/08\/motocross-coupe-du-monde-veterans-peter-iven-champion\/","title":{"rendered":"Motocross &#8211; Coupe du Monde V\u00e9t\u00e9rans | Peter Iven champion!"},"content":{"rendered":"<p><img decoding=\"async\" class=\"lazyload alignnone size-full wp-image-1506\" title=\"C\\'est dans son jardin que notre compatriote Peter Iven a remport\u00e9 la Coupe du Monde des V\u00e9t\u00e9rans.\" src=\"http:\/\/www.motocrossmag.be\/wp-content\/uploads\/2008\/08\/lommel_iven.jpg\" data-orig-src=\"http:\/\/www.motocrossmag.be\/wp-content\/uploads\/2008\/08\/lommel_iven.jpg\" alt=\"\" width=\"500\" height=\"338\" srcset=\"data:image\/svg+xml,%3Csvg%20xmlns%3D%27http%3A%2F%2Fwww.w3.org%2F2000%2Fsvg%27%20width%3D%27500%27%20height%3D%27338%27%20viewBox%3D%270%200%20500%20338%27%3E%3Crect%20width%3D%27500%27%20height%3D%27338%27%20fill-opacity%3D%220%22%2F%3E%3C%2Fsvg%3E\" data-srcset=\"https:\/\/fr.motocrossmag.be\/wp-content\/uploads\/2008\/08\/lommel_iven-300x202.jpg 300w, https:\/\/fr.motocrossmag.be\/wp-content\/uploads\/2008\/08\/lommel_iven.jpg 500w\" data-sizes=\"auto\" data-orig-sizes=\"(max-width: 500px) 100vw, 500px\" \/><\/p>\n<p>Deux 3\u00e8mes places ont suffi &agrave; notre compatriote Peter Iven pour enlever la coupe du monde des V\u00e9t\u00e9rans dont la 3\u00e8me et derni\u00e8re manche se disputait ce week-end &agrave; Lommel. Beaucoup plus s\u00e9rieusement bless\u00e9 qu&rsquo;il n&rsquo;avait bien voulu le dire avant d&rsquo;arriver &agrave; Lommel, l&rsquo;ancien pilote du mondial 250cc a accompagn\u00e9 sur le podium le Hollandais Toine Van Dijck et un autre pilote belge, Jan Blancquaert.<\/p>\n<p>Au championnat, Iven devance Van Dijck de 5 points et le Britannique Dave Thorpe, 5\u00e8me &agrave; Lommel, de 20 points. Le Vervi\u00e9tois Thierry Godfroid termine quant &agrave; lui la saison en 7\u00e8me position.<\/p>\n<p>Photo: FVH<\/p>\n<p><strong>R\u00e9sultats<\/strong><\/p>\n<p>QUALIFICATIONS<\/p>\n<p><strong>1.Peter Iven (BE\/Kawasaki) 2&rsquo;17.887)<\/strong> 2.Toine Van Dijk (NL\/Suzuki) 2&rsquo;19.154) <strong>3.Jan Blancquaert (BE\/Kawasaki) 2&rsquo;19.719)<\/strong> 4.Dave Thorpe (UK\/Honda) 2&rsquo;22.240) <strong>5.Erwin Gabriel (BE\/Yamaha) 2&rsquo;23.204)<\/strong> <strong>6.Chris Jacobs (BE\/Suzuki) 2&rsquo;23.468)<\/strong> 7.Scott Eastwood (UK\/Honda) 2&rsquo;23.764) 8.Greg Hanson (UK\/CCM) 2&rsquo;25.108) 9.Janis Mironovs (LV\/KTM) 2&rsquo;26.105) 10.S. Moller Ebbesen (DK\/Suzuki) 2&rsquo;26.338) <strong>11.Johan Aerts (BE\/Yamaha) 2&rsquo;26.915)<\/strong> <strong>12.Thierry Godfroid (BE\/Kawasaki<\/strong>) 2&rsquo;27.768) 13.Peter Bergsma (NL\/KTM) 2&rsquo;28.109) 14.Terry House (UK\/Suzuki) 2&rsquo;29.589)&#8230;<\/p>\n<p>MANCHE 1<\/p>\n<p>1.Van Dijk <strong>2.Blancquaert 3.Iven<\/strong> 4.Thorpe 5.Hanson 6.Eastwood <strong>7.Jacobs 8.Gabriel<\/strong> 9.Bergsma <strong>10.Aerts<\/strong> 11.Moller Ebbesen <strong>12.Godfroid<\/strong> 13.Mironovs 14.Sun 15.Mellendijk&#8230;<\/p>\n<p>MANCHE 2<\/p>\n<p>1.Van Dijk <strong>2.Blancquaert 3.Iven<\/strong> 4.Hanson 5.Thorpe <strong>6.Jacobs 7.Gabriel<\/strong> 8.Eastwood 9.Moller Ebbesen <strong>10.Aerts<\/strong> 11.Mironovs <strong>12.Godfroid<\/strong> 13.Bergsma 14.Feldmanis 15.Sun&#8230;<\/p>\n<p><strong>Classement g\u00e9n\u00e9ral<\/strong><\/p>\n<p>1.Van Dijk 25+25) <strong>2.Blancquaert 22+22) 3.Iven 20+20)<\/strong> 4.Hanson 16+18) 5.Thorpe 18+16) <strong>6.Jacobs<\/strong> 14+15) 7.Eastwood 15+13) <strong>8.Gabriel 13+14<\/strong>) 9.Moller Ebbesen 10+12) <strong>10.Aerts 11+11<\/strong>) 11.Bergsma 12+8) 12.Mironovs 8+10) <strong>13.Godfroid 9+9<\/strong>) 14.Sun 7+6) 15.Feldmanis 5+7) &#8230;<\/p>\n<p><strong>Classement final du championnat<\/strong><\/p>\n<p><strong>1.Iven 122pt<\/strong>. 2.Van Dijk 117pt. 3.Thorpe 102pt. <strong>4.Blancquaert 100pt<\/strong>. 5.Hanson 85pt. 6.Eastwood 85pt. <strong>7.Godfroid 81pt<\/strong>. <strong>8.Jacobs<\/strong> <strong>81pt<\/strong>. 9.Mironovs 54pt. 10.Bersma 43pt. 11.Simon 41pt. 12.Sun 41pt. 13.House 35pt. 14.Makarov 33pt. <strong>15.Gabriel 27pt<\/strong>. &#8230;  <\/p>\n","protected":false},"excerpt":{"rendered":"<p>Deux 3\u00e8mes places ont suffi &agrave; notre compatriote Peter Iven pour enlever la coupe du monde des V\u00e9t\u00e9rans dont la 3\u00e8me et derni\u00e8re manche se disputait ce week-end &agrave; Lommel. [&#8230;]<\/p>\n","protected":false},"author":932,"featured_media":0,"comment_status":"open","ping_status":"open","sticky":false,"template":"","format":"standard","meta":{"footnotes":""},"categories":[54,4,5,55],"tags":[],"class_list":["post-1505","post","type-post","status-publish","format-standard","hentry","category-actualite","category-motocross","category-news","category-news-actualite"],"yoast_head":"<!-- This site is optimized with the Yoast SEO plugin v27.4 - https:\/\/yoast.com\/product\/yoast-seo-wordpress\/ -->\n<title>Motocross - Coupe du Monde V\u00e9t\u00e9rans | Peter Iven champion! - Motocross - Enduro - Supermoto | MotocrossMag<\/title>\n<meta name=\"robots\" content=\"index, follow, max-snippet:-1, max-image-preview:large, max-video-preview:-1\" \/>\n<link rel=\"canonical\" href=\"https:\/\/fr.motocrossmag.be\/index.php\/2008\/08\/motocross-coupe-du-monde-veterans-peter-iven-champion\/\" \/>\n<meta property=\"og:locale\" content=\"fr_FR\" \/>\n<meta property=\"og:type\" content=\"article\" \/>\n<meta property=\"og:title\" content=\"Motocross - Coupe du Monde V\u00e9t\u00e9rans | Peter Iven champion! - Motocross - Enduro - Supermoto | MotocrossMag\" \/>\n<meta property=\"og:description\" content=\"Deux 3\u00e8mes places ont suffi &agrave; notre compatriote Peter Iven pour enlever la coupe du monde des V\u00e9t\u00e9rans dont la 3\u00e8me et derni\u00e8re manche se disputait ce week-end &agrave; Lommel. [...]\" \/>\n<meta property=\"og:url\" content=\"https:\/\/fr.motocrossmag.be\/index.php\/2008\/08\/motocross-coupe-du-monde-veterans-peter-iven-champion\/\" \/>\n<meta property=\"og:site_name\" content=\"Motocross - Enduro - Supermoto | MotocrossMag\" \/>\n<meta property=\"article:published_time\" content=\"2008-08-04T22:06:18+00:00\" \/>\n<meta property=\"article:modified_time\" content=\"2008-08-04T22:08:24+00:00\" \/>\n<meta property=\"og:image\" content=\"http:\/\/www.motocrossmag.be\/wp-content\/uploads\/2008\/08\/lommel_iven.jpg\" \/>\n<meta name=\"author\" content=\"oliviere\" \/>\n<meta name=\"twitter:card\" content=\"summary_large_image\" \/>\n<meta name=\"twitter:label1\" content=\"\u00c9crit par\" \/>\n\t<meta name=\"twitter:data1\" content=\"oliviere\" \/>\n\t<meta name=\"twitter:label2\" content=\"Dur\u00e9e de lecture estim\u00e9e\" \/>\n\t<meta name=\"twitter:data2\" content=\"1 minute\" \/>\n<script type=\"application\/ld+json\" class=\"yoast-schema-graph\">{\"@context\":\"https:\\\/\\\/schema.org\",\"@graph\":[{\"@type\":\"Article\",\"@id\":\"https:\\\/\\\/fr.motocrossmag.be\\\/index.php\\\/2008\\\/08\\\/motocross-coupe-du-monde-veterans-peter-iven-champion\\\/#article\",\"isPartOf\":{\"@id\":\"https:\\\/\\\/fr.motocrossmag.be\\\/index.php\\\/2008\\\/08\\\/motocross-coupe-du-monde-veterans-peter-iven-champion\\\/\"},\"author\":{\"name\":\"oliviere\",\"@id\":\"https:\\\/\\\/fr.motocrossmag.be\\\/#\\\/schema\\\/person\\\/11b47143d9f755babca2c9110e03235c\"},\"headline\":\"Motocross &#8211; Coupe du Monde V\u00e9t\u00e9rans | Peter Iven champion!\",\"datePublished\":\"2008-08-04T22:06:18+00:00\",\"dateModified\":\"2008-08-04T22:08:24+00:00\",\"mainEntityOfPage\":{\"@id\":\"https:\\\/\\\/fr.motocrossmag.be\\\/index.php\\\/2008\\\/08\\\/motocross-coupe-du-monde-veterans-peter-iven-champion\\\/\"},\"wordCount\":272,\"commentCount\":0,\"image\":{\"@id\":\"https:\\\/\\\/fr.motocrossmag.be\\\/index.php\\\/2008\\\/08\\\/motocross-coupe-du-monde-veterans-peter-iven-champion\\\/#primaryimage\"},\"thumbnailUrl\":\"http:\\\/\\\/www.motocrossmag.be\\\/wp-content\\\/uploads\\\/2008\\\/08\\\/lommel_iven.jpg\",\"articleSection\":[\"Actualit\u00e9\",\"Motocross\",\"News\",\"News\"],\"inLanguage\":\"fr-FR\",\"potentialAction\":[{\"@type\":\"CommentAction\",\"name\":\"Comment\",\"target\":[\"https:\\\/\\\/fr.motocrossmag.be\\\/index.php\\\/2008\\\/08\\\/motocross-coupe-du-monde-veterans-peter-iven-champion\\\/#respond\"]}]},{\"@type\":\"WebPage\",\"@id\":\"https:\\\/\\\/fr.motocrossmag.be\\\/index.php\\\/2008\\\/08\\\/motocross-coupe-du-monde-veterans-peter-iven-champion\\\/\",\"url\":\"https:\\\/\\\/fr.motocrossmag.be\\\/index.php\\\/2008\\\/08\\\/motocross-coupe-du-monde-veterans-peter-iven-champion\\\/\",\"name\":\"Motocross - Coupe du Monde V\u00e9t\u00e9rans | Peter Iven champion! - Motocross - Enduro - Supermoto | MotocrossMag\",\"isPartOf\":{\"@id\":\"https:\\\/\\\/fr.motocrossmag.be\\\/#website\"},\"primaryImageOfPage\":{\"@id\":\"https:\\\/\\\/fr.motocrossmag.be\\\/index.php\\\/2008\\\/08\\\/motocross-coupe-du-monde-veterans-peter-iven-champion\\\/#primaryimage\"},\"image\":{\"@id\":\"https:\\\/\\\/fr.motocrossmag.be\\\/index.php\\\/2008\\\/08\\\/motocross-coupe-du-monde-veterans-peter-iven-champion\\\/#primaryimage\"},\"thumbnailUrl\":\"http:\\\/\\\/www.motocrossmag.be\\\/wp-content\\\/uploads\\\/2008\\\/08\\\/lommel_iven.jpg\",\"datePublished\":\"2008-08-04T22:06:18+00:00\",\"dateModified\":\"2008-08-04T22:08:24+00:00\",\"author\":{\"@id\":\"https:\\\/\\\/fr.motocrossmag.be\\\/#\\\/schema\\\/person\\\/11b47143d9f755babca2c9110e03235c\"},\"breadcrumb\":{\"@id\":\"https:\\\/\\\/fr.motocrossmag.be\\\/index.php\\\/2008\\\/08\\\/motocross-coupe-du-monde-veterans-peter-iven-champion\\\/#breadcrumb\"},\"inLanguage\":\"fr-FR\",\"potentialAction\":[{\"@type\":\"ReadAction\",\"target\":[\"https:\\\/\\\/fr.motocrossmag.be\\\/index.php\\\/2008\\\/08\\\/motocross-coupe-du-monde-veterans-peter-iven-champion\\\/\"]}]},{\"@type\":\"ImageObject\",\"inLanguage\":\"fr-FR\",\"@id\":\"https:\\\/\\\/fr.motocrossmag.be\\\/index.php\\\/2008\\\/08\\\/motocross-coupe-du-monde-veterans-peter-iven-champion\\\/#primaryimage\",\"url\":\"http:\\\/\\\/www.motocrossmag.be\\\/wp-content\\\/uploads\\\/2008\\\/08\\\/lommel_iven.jpg\",\"contentUrl\":\"http:\\\/\\\/www.motocrossmag.be\\\/wp-content\\\/uploads\\\/2008\\\/08\\\/lommel_iven.jpg\"},{\"@type\":\"BreadcrumbList\",\"@id\":\"https:\\\/\\\/fr.motocrossmag.be\\\/index.php\\\/2008\\\/08\\\/motocross-coupe-du-monde-veterans-peter-iven-champion\\\/#breadcrumb\",\"itemListElement\":[{\"@type\":\"ListItem\",\"position\":1,\"name\":\"Accueil\",\"item\":\"https:\\\/\\\/fr.motocrossmag.be\\\/\"},{\"@type\":\"ListItem\",\"position\":2,\"name\":\"Motocross &#8211; Coupe du Monde V\u00e9t\u00e9rans | Peter Iven champion!\"}]},{\"@type\":\"WebSite\",\"@id\":\"https:\\\/\\\/fr.motocrossmag.be\\\/#website\",\"url\":\"https:\\\/\\\/fr.motocrossmag.be\\\/\",\"name\":\"Motocross - Enduro - Supermoto | MotocrossMag\",\"description\":\"L&#039;actualit\u00e9 du motocross, de l&#039;enduro et du Supermoto en ligne!\",\"potentialAction\":[{\"@type\":\"SearchAction\",\"target\":{\"@type\":\"EntryPoint\",\"urlTemplate\":\"https:\\\/\\\/fr.motocrossmag.be\\\/?s={search_term_string}\"},\"query-input\":{\"@type\":\"PropertyValueSpecification\",\"valueRequired\":true,\"valueName\":\"search_term_string\"}}],\"inLanguage\":\"fr-FR\"},{\"@type\":\"Person\",\"@id\":\"https:\\\/\\\/fr.motocrossmag.be\\\/#\\\/schema\\\/person\\\/11b47143d9f755babca2c9110e03235c\",\"name\":\"oliviere\",\"image\":{\"@type\":\"ImageObject\",\"inLanguage\":\"fr-FR\",\"@id\":\"https:\\\/\\\/secure.gravatar.com\\\/avatar\\\/907069e0b81d119452040469e4a7501da1100f54f7f80180ce77bfab718288f6?s=96&d=mm&r=g\",\"url\":\"https:\\\/\\\/secure.gravatar.com\\\/avatar\\\/907069e0b81d119452040469e4a7501da1100f54f7f80180ce77bfab718288f6?s=96&d=mm&r=g\",\"contentUrl\":\"https:\\\/\\\/secure.gravatar.com\\\/avatar\\\/907069e0b81d119452040469e4a7501da1100f54f7f80180ce77bfab718288f6?s=96&d=mm&r=g\",\"caption\":\"oliviere\"},\"sameAs\":[\"http:\\\/\\\/www.motocrossmag.be\"],\"url\":\"https:\\\/\\\/fr.motocrossmag.be\\\/index.php\\\/author\\\/oliviere\\\/\"}]}<\/script>\n<!-- \/ Yoast SEO plugin. -->","yoast_head_json":{"title":"Motocross - Coupe du Monde V\u00e9t\u00e9rans | Peter Iven champion! - Motocross - Enduro - Supermoto | MotocrossMag","robots":{"index":"index","follow":"follow","max-snippet":"max-snippet:-1","max-image-preview":"max-image-preview:large","max-video-preview":"max-video-preview:-1"},"canonical":"https:\/\/fr.motocrossmag.be\/index.php\/2008\/08\/motocross-coupe-du-monde-veterans-peter-iven-champion\/","og_locale":"fr_FR","og_type":"article","og_title":"Motocross - Coupe du Monde V\u00e9t\u00e9rans | Peter Iven champion! - Motocross - Enduro - Supermoto | MotocrossMag","og_description":"Deux 3\u00e8mes places ont suffi &agrave; notre compatriote Peter Iven pour enlever la coupe du monde des V\u00e9t\u00e9rans dont la 3\u00e8me et derni\u00e8re manche se disputait ce week-end &agrave; Lommel. [...]","og_url":"https:\/\/fr.motocrossmag.be\/index.php\/2008\/08\/motocross-coupe-du-monde-veterans-peter-iven-champion\/","og_site_name":"Motocross - Enduro - Supermoto | MotocrossMag","article_published_time":"2008-08-04T22:06:18+00:00","article_modified_time":"2008-08-04T22:08:24+00:00","og_image":[{"url":"http:\/\/www.motocrossmag.be\/wp-content\/uploads\/2008\/08\/lommel_iven.jpg","type":"","width":"","height":""}],"author":"oliviere","twitter_card":"summary_large_image","twitter_misc":{"\u00c9crit par":"oliviere","Dur\u00e9e de lecture estim\u00e9e":"1 minute"},"schema":{"@context":"https:\/\/schema.org","@graph":[{"@type":"Article","@id":"https:\/\/fr.motocrossmag.be\/index.php\/2008\/08\/motocross-coupe-du-monde-veterans-peter-iven-champion\/#article","isPartOf":{"@id":"https:\/\/fr.motocrossmag.be\/index.php\/2008\/08\/motocross-coupe-du-monde-veterans-peter-iven-champion\/"},"author":{"name":"oliviere","@id":"https:\/\/fr.motocrossmag.be\/#\/schema\/person\/11b47143d9f755babca2c9110e03235c"},"headline":"Motocross &#8211; Coupe du Monde V\u00e9t\u00e9rans | Peter Iven champion!","datePublished":"2008-08-04T22:06:18+00:00","dateModified":"2008-08-04T22:08:24+00:00","mainEntityOfPage":{"@id":"https:\/\/fr.motocrossmag.be\/index.php\/2008\/08\/motocross-coupe-du-monde-veterans-peter-iven-champion\/"},"wordCount":272,"commentCount":0,"image":{"@id":"https:\/\/fr.motocrossmag.be\/index.php\/2008\/08\/motocross-coupe-du-monde-veterans-peter-iven-champion\/#primaryimage"},"thumbnailUrl":"http:\/\/www.motocrossmag.be\/wp-content\/uploads\/2008\/08\/lommel_iven.jpg","articleSection":["Actualit\u00e9","Motocross","News","News"],"inLanguage":"fr-FR","potentialAction":[{"@type":"CommentAction","name":"Comment","target":["https:\/\/fr.motocrossmag.be\/index.php\/2008\/08\/motocross-coupe-du-monde-veterans-peter-iven-champion\/#respond"]}]},{"@type":"WebPage","@id":"https:\/\/fr.motocrossmag.be\/index.php\/2008\/08\/motocross-coupe-du-monde-veterans-peter-iven-champion\/","url":"https:\/\/fr.motocrossmag.be\/index.php\/2008\/08\/motocross-coupe-du-monde-veterans-peter-iven-champion\/","name":"Motocross - Coupe du Monde V\u00e9t\u00e9rans | Peter Iven champion! - Motocross - Enduro - Supermoto | MotocrossMag","isPartOf":{"@id":"https:\/\/fr.motocrossmag.be\/#website"},"primaryImageOfPage":{"@id":"https:\/\/fr.motocrossmag.be\/index.php\/2008\/08\/motocross-coupe-du-monde-veterans-peter-iven-champion\/#primaryimage"},"image":{"@id":"https:\/\/fr.motocrossmag.be\/index.php\/2008\/08\/motocross-coupe-du-monde-veterans-peter-iven-champion\/#primaryimage"},"thumbnailUrl":"http:\/\/www.motocrossmag.be\/wp-content\/uploads\/2008\/08\/lommel_iven.jpg","datePublished":"2008-08-04T22:06:18+00:00","dateModified":"2008-08-04T22:08:24+00:00","author":{"@id":"https:\/\/fr.motocrossmag.be\/#\/schema\/person\/11b47143d9f755babca2c9110e03235c"},"breadcrumb":{"@id":"https:\/\/fr.motocrossmag.be\/index.php\/2008\/08\/motocross-coupe-du-monde-veterans-peter-iven-champion\/#breadcrumb"},"inLanguage":"fr-FR","potentialAction":[{"@type":"ReadAction","target":["https:\/\/fr.motocrossmag.be\/index.php\/2008\/08\/motocross-coupe-du-monde-veterans-peter-iven-champion\/"]}]},{"@type":"ImageObject","inLanguage":"fr-FR","@id":"https:\/\/fr.motocrossmag.be\/index.php\/2008\/08\/motocross-coupe-du-monde-veterans-peter-iven-champion\/#primaryimage","url":"http:\/\/www.motocrossmag.be\/wp-content\/uploads\/2008\/08\/lommel_iven.jpg","contentUrl":"http:\/\/www.motocrossmag.be\/wp-content\/uploads\/2008\/08\/lommel_iven.jpg"},{"@type":"BreadcrumbList","@id":"https:\/\/fr.motocrossmag.be\/index.php\/2008\/08\/motocross-coupe-du-monde-veterans-peter-iven-champion\/#breadcrumb","itemListElement":[{"@type":"ListItem","position":1,"name":"Accueil","item":"https:\/\/fr.motocrossmag.be\/"},{"@type":"ListItem","position":2,"name":"Motocross &#8211; Coupe du Monde V\u00e9t\u00e9rans | Peter Iven champion!"}]},{"@type":"WebSite","@id":"https:\/\/fr.motocrossmag.be\/#website","url":"https:\/\/fr.motocrossmag.be\/","name":"Motocross - Enduro - Supermoto | MotocrossMag","description":"L&#039;actualit\u00e9 du motocross, de l&#039;enduro et du Supermoto en ligne!","potentialAction":[{"@type":"SearchAction","target":{"@type":"EntryPoint","urlTemplate":"https:\/\/fr.motocrossmag.be\/?s={search_term_string}"},"query-input":{"@type":"PropertyValueSpecification","valueRequired":true,"valueName":"search_term_string"}}],"inLanguage":"fr-FR"},{"@type":"Person","@id":"https:\/\/fr.motocrossmag.be\/#\/schema\/person\/11b47143d9f755babca2c9110e03235c","name":"oliviere","image":{"@type":"ImageObject","inLanguage":"fr-FR","@id":"https:\/\/secure.gravatar.com\/avatar\/907069e0b81d119452040469e4a7501da1100f54f7f80180ce77bfab718288f6?s=96&d=mm&r=g","url":"https:\/\/secure.gravatar.com\/avatar\/907069e0b81d119452040469e4a7501da1100f54f7f80180ce77bfab718288f6?s=96&d=mm&r=g","contentUrl":"https:\/\/secure.gravatar.com\/avatar\/907069e0b81d119452040469e4a7501da1100f54f7f80180ce77bfab718288f6?s=96&d=mm&r=g","caption":"oliviere"},"sameAs":["http:\/\/www.motocrossmag.be"],"url":"https:\/\/fr.motocrossmag.be\/index.php\/author\/oliviere\/"}]}},"_links":{"self":[{"href":"https:\/\/fr.motocrossmag.be\/index.php\/wp-json\/wp\/v2\/posts\/1505","targetHints":{"allow":["GET"]}}],"collection":[{"href":"https:\/\/fr.motocrossmag.be\/index.php\/wp-json\/wp\/v2\/posts"}],"about":[{"href":"https:\/\/fr.motocrossmag.be\/index.php\/wp-json\/wp\/v2\/types\/post"}],"author":[{"embeddable":true,"href":"https:\/\/fr.motocrossmag.be\/index.php\/wp-json\/wp\/v2\/users\/932"}],"replies":[{"embeddable":true,"href":"https:\/\/fr.motocrossmag.be\/index.php\/wp-json\/wp\/v2\/comments?post=1505"}],"version-history":[{"count":0,"href":"https:\/\/fr.motocrossmag.be\/index.php\/wp-json\/wp\/v2\/posts\/1505\/revisions"}],"wp:attachment":[{"href":"https:\/\/fr.motocrossmag.be\/index.php\/wp-json\/wp\/v2\/media?parent=1505"}],"wp:term":[{"taxonomy":"category","embeddable":true,"href":"https:\/\/fr.motocrossmag.be\/index.php\/wp-json\/wp\/v2\/categories?post=1505"},{"taxonomy":"post_tag","embeddable":true,"href":"https:\/\/fr.motocrossmag.be\/index.php\/wp-json\/wp\/v2\/tags?post=1505"}],"curies":[{"name":"wp","href":"https:\/\/api.w.org\/{rel}","templated":true}]}}