{"id":15174,"date":"2012-06-16T18:20:00","date_gmt":"2012-06-16T17:20:00","guid":{"rendered":"http:\/\/fr.motocrossmag.be\/?p=15174"},"modified":"2012-06-16T18:27:18","modified_gmt":"2012-06-16T17:27:18","slug":"galerie-photos-photos-la-journee-du-samedi-a-bastogne","status":"publish","type":"post","link":"https:\/\/fr.motocrossmag.be\/index.php\/2012\/06\/galerie-photos-photos-la-journee-du-samedi-a-bastogne\/","title":{"rendered":"Galerie photos | Photos: la journ\u00e9e du samedi \u00e0\u00a0 Bastogne"},"content":{"rendered":"<p>Petit aper\u00e7u en images de la premi\u00e8re journ\u00e9e du GP de Belgique \u00e0\u00a0 Bastogne. Malgr\u00e9 la pluie, le tout nouveau circuit de \u00ab\u00a0Sans souci\u00a0\u00bb a tenu la distance et a \u00e9t\u00e9 relativement bien pr\u00e9serv\u00e9 par les diff\u00e9rentes s\u00e9ances d\u00e2\u20ac\u2122essai. Si la pluie cesse de tomber cette nuit la capitale ardennaise, les conditions devraient \u00eatre id\u00e9ales demain pour le 8\u00e8me GP de la saison.<\/p>\n<p><a style=\"word-spacing: 0px; font: medium 'Times New Roman'; text-transform: none; text-indent: 0px; white-space: normal; letter-spacing: normal; orphans: 2; widows: 2; -webkit-text-size-adjust: auto; -webkit-text-stroke-width: 0px;\" title=\" \" rel=\"lightbox dia=1\" href=\"http:\/\/www.mx1-bastogne.com\/wp-content\/gallery\/samedi-general\/6341.jpg\"><img decoding=\"async\" title=\"6341\" src=\"http:\/\/www.mx1-bastogne.com\/wp-content\/gallery\/samedi-general\/thumbs\/thumbs_6341.jpg\" alt=\"6341\" width=\"100\" height=\"75\" \/><span class=\"Apple-converted-space\">\u00a0<\/span><\/a><a style=\"word-spacing: 0px; font: medium 'Times New Roman'; text-transform: none; text-indent: 0px; white-space: normal; letter-spacing: normal; orphans: 2; widows: 2; -webkit-text-size-adjust: auto; -webkit-text-stroke-width: 0px;\" title=\" \" rel=\"lightbox dia=1\" href=\"http:\/\/www.mx1-bastogne.com\/wp-content\/gallery\/samedi-general\/bmx_6315.jpg\"><img decoding=\"async\" title=\"bmx_6315\" src=\"http:\/\/www.mx1-bastogne.com\/wp-content\/gallery\/samedi-general\/thumbs\/thumbs_bmx_6315.jpg\" alt=\"bmx_6315\" width=\"100\" height=\"75\" \/><span class=\"Apple-converted-space\">\u00a0<\/span><\/a><a style=\"word-spacing: 0px; font: medium 'Times New Roman'; text-transform: none; text-indent: 0px; white-space: normal; letter-spacing: normal; orphans: 2; widows: 2; -webkit-text-size-adjust: auto; -webkit-text-stroke-width: 0px;\" title=\" \" rel=\"lightbox dia=1\" href=\"http:\/\/www.mx1-bastogne.com\/wp-content\/gallery\/samedi-general\/bmx_6340.jpg\"><img decoding=\"async\" title=\"bmx_6340\" src=\"http:\/\/www.mx1-bastogne.com\/wp-content\/gallery\/samedi-general\/thumbs\/thumbs_bmx_6340.jpg\" alt=\"bmx_6340\" width=\"100\" height=\"75\" \/><span class=\"Apple-converted-space\">\u00a0<\/span><\/a><a style=\"word-spacing: 0px; font: medium 'Times New Roman'; text-transform: none; text-indent: 0px; white-space: normal; letter-spacing: normal; orphans: 2; widows: 2; -webkit-text-size-adjust: auto; -webkit-text-stroke-width: 0px;\" title=\" \" rel=\"lightbox dia=1\" href=\"http:\/\/www.mx1-bastogne.com\/wp-content\/gallery\/samedi-general\/bmx_6369.jpg\"><img decoding=\"async\" title=\"bmx_6369\" src=\"http:\/\/www.mx1-bastogne.com\/wp-content\/gallery\/samedi-general\/thumbs\/thumbs_bmx_6369.jpg\" alt=\"bmx_6369\" width=\"100\" height=\"75\" \/><span class=\"Apple-converted-space\">\u00a0<\/span><\/a><a style=\"word-spacing: 0px; font: medium 'Times New Roman'; text-transform: none; text-indent: 0px; white-space: normal; letter-spacing: normal; orphans: 2; widows: 2; -webkit-text-size-adjust: auto; -webkit-text-stroke-width: 0px;\" title=\" \" rel=\"lightbox dia=1\" href=\"http:\/\/www.mx1-bastogne.com\/wp-content\/gallery\/samedi-general\/bmx_6377.jpg\"><img decoding=\"async\" title=\"bmx_6377\" src=\"http:\/\/www.mx1-bastogne.com\/wp-content\/gallery\/samedi-general\/thumbs\/thumbs_bmx_6377.jpg\" alt=\"bmx_6377\" width=\"100\" height=\"75\" \/><span class=\"Apple-converted-space\">\u00a0<\/span><\/a><a style=\"word-spacing: 0px; font: medium 'Times New Roman'; text-transform: none; text-indent: 0px; white-space: normal; letter-spacing: normal; orphans: 2; widows: 2; -webkit-text-size-adjust: auto; -webkit-text-stroke-width: 0px;\" title=\" \" rel=\"lightbox dia=1\" href=\"http:\/\/www.mx1-bastogne.com\/wp-content\/gallery\/samedi-general\/bmx_9246.jpg\"><img decoding=\"async\" title=\"bmx_9246\" src=\"http:\/\/www.mx1-bastogne.com\/wp-content\/gallery\/samedi-general\/thumbs\/thumbs_bmx_9246.jpg\" alt=\"bmx_9246\" width=\"100\" height=\"75\" \/><span class=\"Apple-converted-space\">\u00a0<\/span><\/a><a style=\"word-spacing: 0px; font: medium 'Times New Roman'; text-transform: none; text-indent: 0px; white-space: normal; letter-spacing: normal; orphans: 2; widows: 2; -webkit-text-size-adjust: auto; -webkit-text-stroke-width: 0px;\" title=\" \" rel=\"lightbox dia=1\" href=\"http:\/\/www.mx1-bastogne.com\/wp-content\/gallery\/samedi-general\/bmx_9247.jpg\"><img decoding=\"async\" title=\"bmx_9247\" src=\"http:\/\/www.mx1-bastogne.com\/wp-content\/gallery\/samedi-general\/thumbs\/thumbs_bmx_9247.jpg\" alt=\"bmx_9247\" width=\"100\" height=\"75\" \/><span class=\"Apple-converted-space\">\u00a0<\/span><\/a><a style=\"word-spacing: 0px; font: medium 'Times New Roman'; text-transform: none; text-indent: 0px; white-space: normal; letter-spacing: normal; orphans: 2; widows: 2; -webkit-text-size-adjust: auto; -webkit-text-stroke-width: 0px;\" title=\" \" rel=\"lightbox dia=1\" href=\"http:\/\/www.mx1-bastogne.com\/wp-content\/gallery\/samedi-general\/bmx_9270.jpg\"><img decoding=\"async\" title=\"bmx_9270\" src=\"http:\/\/www.mx1-bastogne.com\/wp-content\/gallery\/samedi-general\/thumbs\/thumbs_bmx_9270.jpg\" alt=\"bmx_9270\" width=\"100\" height=\"75\" \/><span class=\"Apple-converted-space\">\u00a0<\/span><\/a><a style=\"word-spacing: 0px; font: medium 'Times New Roman'; text-transform: none; text-indent: 0px; white-space: normal; letter-spacing: normal; orphans: 2; widows: 2; -webkit-text-size-adjust: auto; -webkit-text-stroke-width: 0px;\" title=\" \" rel=\"lightbox dia=1\" href=\"http:\/\/www.mx1-bastogne.com\/wp-content\/gallery\/samedi-general\/bmx_9285.jpg\"><img decoding=\"async\" title=\"bmx_9285\" src=\"http:\/\/www.mx1-bastogne.com\/wp-content\/gallery\/samedi-general\/thumbs\/thumbs_bmx_9285.jpg\" alt=\"bmx_9285\" width=\"100\" height=\"75\" \/><span class=\"Apple-converted-space\">\u00a0<\/span><\/a><a style=\"word-spacing: 0px; font: medium 'Times New Roman'; text-transform: none; text-indent: 0px; white-space: normal; letter-spacing: normal; orphans: 2; widows: 2; -webkit-text-size-adjust: auto; -webkit-text-stroke-width: 0px;\" title=\" \" rel=\"lightbox dia=1\" href=\"http:\/\/www.mx1-bastogne.com\/wp-content\/gallery\/samedi-general\/bmx_9300.jpg\"><img decoding=\"async\" title=\"bmx_9300\" src=\"http:\/\/www.mx1-bastogne.com\/wp-content\/gallery\/samedi-general\/thumbs\/thumbs_bmx_9300.jpg\" alt=\"bmx_9300\" width=\"100\" height=\"75\" \/><span class=\"Apple-converted-space\">\u00a0<\/span><\/a><a style=\"word-spacing: 0px; font: medium 'Times New Roman'; text-transform: none; text-indent: 0px; white-space: normal; letter-spacing: normal; orphans: 2; widows: 2; -webkit-text-size-adjust: auto; -webkit-text-stroke-width: 0px;\" title=\" \" rel=\"lightbox dia=1\" href=\"http:\/\/www.mx1-bastogne.com\/wp-content\/gallery\/samedi-general\/bmx_9301.jpg\"><img decoding=\"async\" title=\"bmx_9301\" src=\"http:\/\/www.mx1-bastogne.com\/wp-content\/gallery\/samedi-general\/thumbs\/thumbs_bmx_9301.jpg\" alt=\"bmx_9301\" width=\"100\" height=\"75\" \/><span class=\"Apple-converted-space\">\u00a0<\/span><\/a><a style=\"word-spacing: 0px; font: medium 'Times New Roman'; text-transform: none; text-indent: 0px; white-space: normal; letter-spacing: normal; orphans: 2; widows: 2; -webkit-text-size-adjust: auto; -webkit-text-stroke-width: 0px;\" title=\" \" rel=\"lightbox dia=1\" href=\"http:\/\/www.mx1-bastogne.com\/wp-content\/gallery\/samedi-general\/bmx_9306.jpg\"><img decoding=\"async\" title=\"bmx_9306\" src=\"http:\/\/www.mx1-bastogne.com\/wp-content\/gallery\/samedi-general\/thumbs\/thumbs_bmx_9306.jpg\" alt=\"bmx_9306\" width=\"100\" height=\"75\" \/><span class=\"Apple-converted-space\">\u00a0<\/span><\/a><a style=\"word-spacing: 0px; font: medium 'Times New Roman'; text-transform: none; text-indent: 0px; white-space: normal; letter-spacing: normal; orphans: 2; widows: 2; -webkit-text-size-adjust: auto; -webkit-text-stroke-width: 0px;\" title=\" \" rel=\"lightbox dia=1\" href=\"http:\/\/www.mx1-bastogne.com\/wp-content\/gallery\/samedi-general\/bmx_9325.jpg\"><img decoding=\"async\" title=\"bmx_9325\" src=\"http:\/\/www.mx1-bastogne.com\/wp-content\/gallery\/samedi-general\/thumbs\/thumbs_bmx_9325.jpg\" alt=\"bmx_9325\" width=\"100\" height=\"75\" \/><span class=\"Apple-converted-space\">\u00a0<\/span><\/a><a style=\"word-spacing: 0px; font: medium 'Times New Roman'; text-transform: none; text-indent: 0px; white-space: normal; letter-spacing: normal; orphans: 2; widows: 2; -webkit-text-size-adjust: auto; -webkit-text-stroke-width: 0px;\" title=\" \" rel=\"lightbox dia=1\" href=\"http:\/\/www.mx1-bastogne.com\/wp-content\/gallery\/samedi-general\/bmx_9352.jpg\"><img decoding=\"async\" title=\"bmx_9352\" src=\"http:\/\/www.mx1-bastogne.com\/wp-content\/gallery\/samedi-general\/thumbs\/thumbs_bmx_9352.jpg\" alt=\"bmx_9352\" width=\"100\" height=\"75\" \/><span class=\"Apple-converted-space\">\u00a0<\/span><\/a><a style=\"word-spacing: 0px; font: medium 'Times New Roman'; text-transform: none; text-indent: 0px; white-space: normal; letter-spacing: normal; orphans: 2; widows: 2; -webkit-text-size-adjust: auto; -webkit-text-stroke-width: 0px;\" title=\" \" rel=\"lightbox dia=1\" href=\"http:\/\/www.mx1-bastogne.com\/wp-content\/gallery\/samedi-general\/bmx_9358.jpg\"><img decoding=\"async\" title=\"bmx_9358\" src=\"http:\/\/www.mx1-bastogne.com\/wp-content\/gallery\/samedi-general\/thumbs\/thumbs_bmx_9358.jpg\" alt=\"bmx_9358\" width=\"100\" height=\"75\" \/><span class=\"Apple-converted-space\">\u00a0<\/span><\/a><a style=\"word-spacing: 0px; font: medium 'Times New Roman'; text-transform: none; text-indent: 0px; white-space: normal; letter-spacing: normal; orphans: 2; widows: 2; -webkit-text-size-adjust: auto; -webkit-text-stroke-width: 0px;\" title=\" \" rel=\"lightbox dia=1\" href=\"http:\/\/www.mx1-bastogne.com\/wp-content\/gallery\/samedi-general\/bmx_9362.jpg\"><img decoding=\"async\" title=\"bmx_9362\" src=\"http:\/\/www.mx1-bastogne.com\/wp-content\/gallery\/samedi-general\/thumbs\/thumbs_bmx_9362.jpg\" alt=\"bmx_9362\" width=\"100\" height=\"75\" \/><\/a><a style=\"word-spacing: 0px; font: medium 'Times New Roman'; text-transform: none; text-indent: 0px; white-space: normal; letter-spacing: normal; orphans: 2; widows: 2; -webkit-text-size-adjust: auto; -webkit-text-stroke-width: 0px;\" title=\" \" rel=\"lightbox dia=1\" href=\"http:\/\/www.mx1-bastogne.com\/wp-content\/gallery\/samedi-general\/bmx_9413.jpg\"><img decoding=\"async\" title=\"bmx_9413\" src=\"http:\/\/www.mx1-bastogne.com\/wp-content\/gallery\/samedi-general\/thumbs\/thumbs_bmx_9413.jpg\" alt=\"bmx_9413\" width=\"100\" height=\"75\" \/><span class=\"Apple-converted-space\">\u00a0<\/span><\/a><a style=\"word-spacing: 0px; font: medium 'Times New Roman'; text-transform: none; text-indent: 0px; white-space: normal; letter-spacing: normal; orphans: 2; widows: 2; -webkit-text-size-adjust: auto; -webkit-text-stroke-width: 0px;\" title=\" \" rel=\"lightbox dia=1\" href=\"http:\/\/www.mx1-bastogne.com\/wp-content\/gallery\/samedi-general\/bmx_9458.jpg\"><img decoding=\"async\" title=\"bmx_9458\" src=\"http:\/\/www.mx1-bastogne.com\/wp-content\/gallery\/samedi-general\/thumbs\/thumbs_bmx_9458.jpg\" alt=\"bmx_9458\" width=\"100\" height=\"75\" \/><span class=\"Apple-converted-space\">\u00a0<\/span><\/a><a style=\"word-spacing: 0px; font: medium 'Times New Roman'; text-transform: none; text-indent: 0px; white-space: normal; letter-spacing: normal; orphans: 2; widows: 2; -webkit-text-size-adjust: auto; -webkit-text-stroke-width: 0px;\" title=\" \" rel=\"lightbox dia=1\" href=\"http:\/\/www.mx1-bastogne.com\/wp-content\/gallery\/samedi-general\/bmx_9493.jpg\"><img decoding=\"async\" title=\"bmx_9493\" src=\"http:\/\/www.mx1-bastogne.com\/wp-content\/gallery\/samedi-general\/thumbs\/thumbs_bmx_9493.jpg\" alt=\"bmx_9493\" width=\"100\" height=\"75\" \/><span class=\"Apple-converted-space\">\u00a0<\/span><\/a><a style=\"word-spacing: 0px; font: medium 'Times New Roman'; text-transform: none; text-indent: 0px; white-space: normal; letter-spacing: normal; orphans: 2; widows: 2; -webkit-text-size-adjust: auto; -webkit-text-stroke-width: 0px;\" title=\" \" rel=\"lightbox dia=1\" href=\"http:\/\/www.mx1-bastogne.com\/wp-content\/gallery\/samedi-general\/bmx_9677.jpg\"><img decoding=\"async\" title=\"bmx_9677\" src=\"http:\/\/www.mx1-bastogne.com\/wp-content\/gallery\/samedi-general\/thumbs\/thumbs_bmx_9677.jpg\" alt=\"bmx_9677\" width=\"100\" height=\"75\" \/><span class=\"Apple-converted-space\">\u00a0<\/span><\/a><a style=\"word-spacing: 0px; font: medium 'Times New Roman'; text-transform: none; text-indent: 0px; white-space: normal; letter-spacing: normal; orphans: 2; widows: 2; -webkit-text-size-adjust: auto; -webkit-text-stroke-width: 0px;\" title=\" \" rel=\"lightbox dia=1\" href=\"http:\/\/www.mx1-bastogne.com\/wp-content\/gallery\/samedi-general\/desalle-vhb.jpg\"><img decoding=\"async\" title=\"desalle-vhb\" src=\"http:\/\/www.mx1-bastogne.com\/wp-content\/gallery\/samedi-general\/thumbs\/thumbs_desalle-vhb.jpg\" alt=\"desalle-vhb\" width=\"100\" height=\"75\" \/><span class=\"Apple-converted-space\">\u00a0<\/span><\/a><a style=\"word-spacing: 0px; font: medium 'Times New Roman'; text-transform: none; text-indent: 0px; white-space: normal; letter-spacing: normal; orphans: 2; widows: 2; -webkit-text-size-adjust: auto; -webkit-text-stroke-width: 0px;\" title=\" \" rel=\"lightbox dia=1\" href=\"http:\/\/www.mx1-bastogne.com\/wp-content\/gallery\/samedi-general\/start-26-deville.jpg\"><img decoding=\"async\" title=\"start-26-deville\" src=\"http:\/\/www.mx1-bastogne.com\/wp-content\/gallery\/samedi-general\/thumbs\/thumbs_start-26-deville.jpg\" alt=\"start-26-deville\" width=\"100\" height=\"75\" \/><span class=\"Apple-converted-space\">\u00a0<\/span><\/a><a style=\"word-spacing: 0px; font: medium 'Times New Roman'; text-transform: none; text-indent: 0px; white-space: normal; letter-spacing: normal; orphans: 2; widows: 2; -webkit-text-size-adjust: auto; -webkit-text-stroke-width: 0px;\" title=\" \" rel=\"lightbox dia=1\" href=\"http:\/\/www.mx1-bastogne.com\/wp-content\/gallery\/samedi-general\/img2528.jpg\"><img decoding=\"async\" title=\"img2528\" src=\"http:\/\/www.mx1-bastogne.com\/wp-content\/gallery\/samedi-general\/thumbs\/thumbs_img2528.jpg\" alt=\"img2528\" width=\"100\" height=\"75\" \/><span class=\"Apple-converted-space\">\u00a0<\/span><\/a><a style=\"word-spacing: 0px; font: medium 'Times New Roman'; text-transform: none; text-indent: 0px; white-space: normal; letter-spacing: normal; orphans: 2; widows: 2; -webkit-text-size-adjust: auto; -webkit-text-stroke-width: 0px;\" title=\" \" rel=\"lightbox dia=1\" href=\"http:\/\/www.mx1-bastogne.com\/wp-content\/gallery\/samedi-general\/imgp9523.jpg\"><img decoding=\"async\" title=\"imgp9523\" src=\"http:\/\/www.mx1-bastogne.com\/wp-content\/gallery\/samedi-general\/thumbs\/thumbs_imgp9523.jpg\" alt=\"imgp9523\" width=\"100\" height=\"75\" \/><span class=\"Apple-converted-space\">\u00a0<\/span><\/a><a style=\"word-spacing: 0px; font: medium 'Times New Roman'; text-transform: none; text-indent: 0px; white-space: normal; letter-spacing: normal; orphans: 2; widows: 2; -webkit-text-size-adjust: auto; -webkit-text-stroke-width: 0px;\" title=\" \" rel=\"lightbox dia=1\" href=\"http:\/\/www.mx1-bastogne.com\/wp-content\/gallery\/samedi-general\/paulin.jpg\"><img decoding=\"async\" title=\"paulin\" src=\"http:\/\/www.mx1-bastogne.com\/wp-content\/gallery\/samedi-general\/thumbs\/thumbs_paulin.jpg\" alt=\"paulin\" width=\"100\" height=\"75\" \/><span class=\"Apple-converted-space\">\u00a0<\/span><\/a><a style=\"word-spacing: 0px; font: medium 'Times New Roman'; text-transform: none; text-indent: 0px; white-space: normal; letter-spacing: normal; orphans: 2; widows: 2; -webkit-text-size-adjust: auto; -webkit-text-stroke-width: 0px;\" title=\" \" rel=\"lightbox dia=1\" href=\"http:\/\/www.mx1-bastogne.com\/wp-content\/gallery\/samedi-general\/brevers.jpg\"><img decoding=\"async\" title=\"brevers\" src=\"http:\/\/www.mx1-bastogne.com\/wp-content\/gallery\/samedi-general\/thumbs\/thumbs_brevers.jpg\" alt=\"brevers\" width=\"100\" height=\"75\" \/><span class=\"Apple-converted-space\">\u00a0<\/span><\/a><a style=\"word-spacing: 0px; font: medium 'Times New Roman'; text-transform: none; text-indent: 0px; white-space: normal; letter-spacing: normal; orphans: 2; widows: 2; -webkit-text-size-adjust: auto; -webkit-text-stroke-width: 0px;\" title=\" \" rel=\"lightbox dia=1\" href=\"http:\/\/www.mx1-bastogne.com\/wp-content\/gallery\/samedi-general\/gajser.jpg\"><img decoding=\"async\" title=\"gajser\" src=\"http:\/\/www.mx1-bastogne.com\/wp-content\/gallery\/samedi-general\/thumbs\/thumbs_gajser.jpg\" alt=\"gajser\" width=\"100\" height=\"75\" \/><\/a><\/p><div class=\"npybp6a97efb63faa7\" ><!-- \/91277017\/Inline-articles-mobile -->\n<div style=\"margin:auto; text-align:center !important\">\n<div id='div-gpt-ad-1784982661365-0' style='min-width: 250px; min-height: 75px;'>\n  <script>\n    googletag.cmd.push(function() { googletag.display('div-gpt-ad-1784982661365-0'); });\n  <\/script>\n<\/div><\/div><\/div><style type=\"text\/css\">\r\n.npybp6a97efb63faa7 {\r\nmargin-bottom:30px;margin-top:20px\r\n}\r\n@media screen and (min-width: 1201px) {\r\n.npybp6a97efb63faa7 {\r\ndisplay: block;\r\n}\r\n}\r\n@media screen and (min-width: 993px) and (max-width: 1200px) {\r\n.npybp6a97efb63faa7 {\r\ndisplay: block;\r\n}\r\n}\r\n@media screen and (min-width: 769px) and (max-width: 992px) {\r\n.npybp6a97efb63faa7 {\r\ndisplay: block;\r\n}\r\n}\r\n@media screen and (min-width: 768px) and (max-width: 768px) {\r\n.npybp6a97efb63faa7 {\r\ndisplay: block;\r\n}\r\n}\r\n@media screen and (max-width: 767px) {\r\n.npybp6a97efb63faa7 {\r\ndisplay: block;\r\n}\r\n}\r\n<\/style>\r\n\n","protected":false},"excerpt":{"rendered":"<p>Petit aper\u00e7u en images de la premi\u00e8re journ\u00e9e du GP de Belgique \u00e0\u00a0 Bastogne. Malgr\u00e9 la pluie, le tout nouveau circuit de \u00ab\u00a0Sans souci\u00a0\u00bb a tenu la distance et a \u00e9t\u00e9 relativement bien pr\u00e9serv\u00e9 par les diff\u00e9rentes s\u00e9ances d\u00e2\u20ac\u2122essai. Si la pluie cesse de tomber cette nuit la capitale ardennaise, les conditions devraient \u00eatre id\u00e9ales [&hellip;]<\/p>\n","protected":false},"author":932,"featured_media":0,"comment_status":"open","ping_status":"closed","sticky":false,"template":"","format":"standard","meta":{"tdm_status":"","tdm_grid_status":"","footnotes":""},"categories":[66],"tags":[],"class_list":["post-15174","post","type-post","status-publish","format-standard","category-photos"],"yoast_head":"<!-- This site is optimized with the Yoast SEO plugin v28.4 - https:\/\/yoast.com\/product\/yoast-seo-wordpress\/ -->\n<title>Galerie photos | Photos: la journ\u00e9e du samedi \u00e0\u00a0 Bastogne - Motocross - Enduro - Supermoto | MotocrossMag<\/title>\n<meta name=\"robots\" content=\"index, follow, max-snippet:-1, max-image-preview:large, max-video-preview:-1\" \/>\n<link rel=\"canonical\" href=\"https:\/\/fr.motocrossmag.be\/index.php\/2012\/06\/galerie-photos-photos-la-journee-du-samedi-a-bastogne\/\" \/>\n<meta property=\"og:locale\" content=\"fr_FR\" \/>\n<meta property=\"og:type\" content=\"article\" \/>\n<meta property=\"og:title\" content=\"Galerie photos | Photos: la journ\u00e9e du samedi \u00e0\u00a0 Bastogne - Motocross - Enduro - Supermoto | MotocrossMag\" \/>\n<meta property=\"og:description\" content=\"Petit aper\u00e7u en images de la premi\u00e8re journ\u00e9e du GP de Belgique \u00e0\u00a0 Bastogne. Malgr\u00e9 la pluie, le tout nouveau circuit de \u00ab\u00a0Sans souci\u00a0\u00bb a tenu la distance et a \u00e9t\u00e9 relativement bien pr\u00e9serv\u00e9 par les diff\u00e9rentes s\u00e9ances d\u00e2\u20ac\u2122essai. Si la pluie cesse de tomber cette nuit la capitale ardennaise, les conditions devraient \u00eatre id\u00e9ales [&hellip;]\" \/>\n<meta property=\"og:url\" content=\"https:\/\/fr.motocrossmag.be\/index.php\/2012\/06\/galerie-photos-photos-la-journee-du-samedi-a-bastogne\/\" \/>\n<meta property=\"og:site_name\" content=\"Motocross - Enduro - Supermoto | MotocrossMag\" \/>\n<meta property=\"article:published_time\" content=\"2012-06-16T17:20:00+00:00\" \/>\n<meta property=\"article:modified_time\" content=\"2012-06-16T17:27:18+00:00\" \/>\n<meta property=\"og:image\" content=\"http:\/\/www.mx1-bastogne.com\/wp-content\/gallery\/samedi-general\/thumbs\/thumbs_6341.jpg\" \/>\n<meta name=\"author\" content=\"oliviere\" \/>\n<meta name=\"twitter:card\" content=\"summary_large_image\" \/>\n<meta name=\"twitter:label1\" content=\"\u00c9crit par\" \/>\n\t<meta name=\"twitter:data1\" content=\"oliviere\" \/>\n<script type=\"application\/ld+json\" class=\"yoast-schema-graph\">{\"@context\":\"https:\\\/\\\/schema.org\",\"@graph\":[{\"@type\":\"Article\",\"@id\":\"https:\\\/\\\/fr.motocrossmag.be\\\/index.php\\\/2012\\\/06\\\/galerie-photos-photos-la-journee-du-samedi-a-bastogne\\\/#article\",\"isPartOf\":{\"@id\":\"https:\\\/\\\/fr.motocrossmag.be\\\/index.php\\\/2012\\\/06\\\/galerie-photos-photos-la-journee-du-samedi-a-bastogne\\\/\"},\"author\":{\"name\":\"oliviere\",\"@id\":\"https:\\\/\\\/fr.motocrossmag.be\\\/#\\\/schema\\\/person\\\/11b47143d9f755babca2c9110e03235c\"},\"headline\":\"Galerie photos | Photos: la journ\u00e9e du samedi \u00e0\u00a0 Bastogne\",\"datePublished\":\"2012-06-16T17:20:00+00:00\",\"dateModified\":\"2012-06-16T17:27:18+00:00\",\"mainEntityOfPage\":{\"@id\":\"https:\\\/\\\/fr.motocrossmag.be\\\/index.php\\\/2012\\\/06\\\/galerie-photos-photos-la-journee-du-samedi-a-bastogne\\\/\"},\"wordCount\":79,\"commentCount\":0,\"image\":{\"@id\":\"https:\\\/\\\/fr.motocrossmag.be\\\/index.php\\\/2012\\\/06\\\/galerie-photos-photos-la-journee-du-samedi-a-bastogne\\\/#primaryimage\"},\"thumbnailUrl\":\"http:\\\/\\\/www.mx1-bastogne.com\\\/wp-content\\\/gallery\\\/samedi-general\\\/thumbs\\\/thumbs_6341.jpg\",\"articleSection\":[\"Photos\"],\"inLanguage\":\"fr-FR\",\"potentialAction\":[{\"@type\":\"CommentAction\",\"name\":\"Comment\",\"target\":[\"https:\\\/\\\/fr.motocrossmag.be\\\/index.php\\\/2012\\\/06\\\/galerie-photos-photos-la-journee-du-samedi-a-bastogne\\\/#respond\"]}]},{\"@type\":\"WebPage\",\"@id\":\"https:\\\/\\\/fr.motocrossmag.be\\\/index.php\\\/2012\\\/06\\\/galerie-photos-photos-la-journee-du-samedi-a-bastogne\\\/\",\"url\":\"https:\\\/\\\/fr.motocrossmag.be\\\/index.php\\\/2012\\\/06\\\/galerie-photos-photos-la-journee-du-samedi-a-bastogne\\\/\",\"name\":\"Galerie photos | Photos: la journ\u00e9e du samedi \u00e0\u00a0 Bastogne - Motocross - Enduro - Supermoto | MotocrossMag\",\"isPartOf\":{\"@id\":\"https:\\\/\\\/fr.motocrossmag.be\\\/#website\"},\"primaryImageOfPage\":{\"@id\":\"https:\\\/\\\/fr.motocrossmag.be\\\/index.php\\\/2012\\\/06\\\/galerie-photos-photos-la-journee-du-samedi-a-bastogne\\\/#primaryimage\"},\"image\":{\"@id\":\"https:\\\/\\\/fr.motocrossmag.be\\\/index.php\\\/2012\\\/06\\\/galerie-photos-photos-la-journee-du-samedi-a-bastogne\\\/#primaryimage\"},\"thumbnailUrl\":\"http:\\\/\\\/www.mx1-bastogne.com\\\/wp-content\\\/gallery\\\/samedi-general\\\/thumbs\\\/thumbs_6341.jpg\",\"datePublished\":\"2012-06-16T17:20:00+00:00\",\"dateModified\":\"2012-06-16T17:27:18+00:00\",\"author\":{\"@id\":\"https:\\\/\\\/fr.motocrossmag.be\\\/#\\\/schema\\\/person\\\/11b47143d9f755babca2c9110e03235c\"},\"breadcrumb\":{\"@id\":\"https:\\\/\\\/fr.motocrossmag.be\\\/index.php\\\/2012\\\/06\\\/galerie-photos-photos-la-journee-du-samedi-a-bastogne\\\/#breadcrumb\"},\"inLanguage\":\"fr-FR\",\"potentialAction\":[{\"@type\":\"ReadAction\",\"target\":[\"https:\\\/\\\/fr.motocrossmag.be\\\/index.php\\\/2012\\\/06\\\/galerie-photos-photos-la-journee-du-samedi-a-bastogne\\\/\"]}]},{\"@type\":\"ImageObject\",\"inLanguage\":\"fr-FR\",\"@id\":\"https:\\\/\\\/fr.motocrossmag.be\\\/index.php\\\/2012\\\/06\\\/galerie-photos-photos-la-journee-du-samedi-a-bastogne\\\/#primaryimage\",\"url\":\"http:\\\/\\\/www.mx1-bastogne.com\\\/wp-content\\\/gallery\\\/samedi-general\\\/thumbs\\\/thumbs_6341.jpg\",\"contentUrl\":\"http:\\\/\\\/www.mx1-bastogne.com\\\/wp-content\\\/gallery\\\/samedi-general\\\/thumbs\\\/thumbs_6341.jpg\"},{\"@type\":\"BreadcrumbList\",\"@id\":\"https:\\\/\\\/fr.motocrossmag.be\\\/index.php\\\/2012\\\/06\\\/galerie-photos-photos-la-journee-du-samedi-a-bastogne\\\/#breadcrumb\",\"itemListElement\":[{\"@type\":\"ListItem\",\"position\":1,\"name\":\"Accueil\",\"item\":\"https:\\\/\\\/fr.motocrossmag.be\\\/\"},{\"@type\":\"ListItem\",\"position\":2,\"name\":\"Galerie photos | Photos: la journ\u00e9e du samedi \u00e0\u00a0 Bastogne\"}]},{\"@type\":\"WebSite\",\"@id\":\"https:\\\/\\\/fr.motocrossmag.be\\\/#website\",\"url\":\"https:\\\/\\\/fr.motocrossmag.be\\\/\",\"name\":\"Motocross - Enduro - Supermoto | MotocrossMag\",\"description\":\"L&#039;actualit\u00e9 du motocross, de l&#039;enduro et du Supermoto en ligne!\",\"potentialAction\":[{\"@type\":\"SearchAction\",\"target\":{\"@type\":\"EntryPoint\",\"urlTemplate\":\"https:\\\/\\\/fr.motocrossmag.be\\\/?s={search_term_string}\"},\"query-input\":{\"@type\":\"PropertyValueSpecification\",\"valueRequired\":true,\"valueName\":\"search_term_string\"}}],\"inLanguage\":\"fr-FR\"},{\"@type\":\"Person\",\"@id\":\"https:\\\/\\\/fr.motocrossmag.be\\\/#\\\/schema\\\/person\\\/11b47143d9f755babca2c9110e03235c\",\"name\":\"oliviere\",\"image\":{\"@type\":\"ImageObject\",\"inLanguage\":\"fr-FR\",\"@id\":\"https:\\\/\\\/secure.gravatar.com\\\/avatar\\\/907069e0b81d119452040469e4a7501da1100f54f7f80180ce77bfab718288f6?s=96&d=mm&r=g\",\"url\":\"https:\\\/\\\/secure.gravatar.com\\\/avatar\\\/907069e0b81d119452040469e4a7501da1100f54f7f80180ce77bfab718288f6?s=96&d=mm&r=g\",\"contentUrl\":\"https:\\\/\\\/secure.gravatar.com\\\/avatar\\\/907069e0b81d119452040469e4a7501da1100f54f7f80180ce77bfab718288f6?s=96&d=mm&r=g\",\"caption\":\"oliviere\"},\"sameAs\":[\"http:\\\/\\\/www.motocrossmag.be\"],\"url\":\"https:\\\/\\\/fr.motocrossmag.be\\\/index.php\\\/author\\\/oliviere\\\/\"}]}<\/script>\n<!-- \/ Yoast SEO plugin. -->","yoast_head_json":{"title":"Galerie photos | Photos: la journ\u00e9e du samedi \u00e0\u00a0 Bastogne - Motocross - Enduro - Supermoto | MotocrossMag","robots":{"index":"index","follow":"follow","max-snippet":"max-snippet:-1","max-image-preview":"max-image-preview:large","max-video-preview":"max-video-preview:-1"},"canonical":"https:\/\/fr.motocrossmag.be\/index.php\/2012\/06\/galerie-photos-photos-la-journee-du-samedi-a-bastogne\/","og_locale":"fr_FR","og_type":"article","og_title":"Galerie photos | Photos: la journ\u00e9e du samedi \u00e0\u00a0 Bastogne - Motocross - Enduro - Supermoto | MotocrossMag","og_description":"Petit aper\u00e7u en images de la premi\u00e8re journ\u00e9e du GP de Belgique \u00e0\u00a0 Bastogne. Malgr\u00e9 la pluie, le tout nouveau circuit de \u00ab\u00a0Sans souci\u00a0\u00bb a tenu la distance et a \u00e9t\u00e9 relativement bien pr\u00e9serv\u00e9 par les diff\u00e9rentes s\u00e9ances d\u00e2\u20ac\u2122essai. Si la pluie cesse de tomber cette nuit la capitale ardennaise, les conditions devraient \u00eatre id\u00e9ales [&hellip;]","og_url":"https:\/\/fr.motocrossmag.be\/index.php\/2012\/06\/galerie-photos-photos-la-journee-du-samedi-a-bastogne\/","og_site_name":"Motocross - Enduro - Supermoto | MotocrossMag","article_published_time":"2012-06-16T17:20:00+00:00","article_modified_time":"2012-06-16T17:27:18+00:00","og_image":[{"url":"http:\/\/www.mx1-bastogne.com\/wp-content\/gallery\/samedi-general\/thumbs\/thumbs_6341.jpg","type":"","width":"","height":""}],"author":"oliviere","twitter_card":"summary_large_image","twitter_misc":{"\u00c9crit par":"oliviere"},"schema":{"@context":"https:\/\/schema.org","@graph":[{"@type":"Article","@id":"https:\/\/fr.motocrossmag.be\/index.php\/2012\/06\/galerie-photos-photos-la-journee-du-samedi-a-bastogne\/#article","isPartOf":{"@id":"https:\/\/fr.motocrossmag.be\/index.php\/2012\/06\/galerie-photos-photos-la-journee-du-samedi-a-bastogne\/"},"author":{"name":"oliviere","@id":"https:\/\/fr.motocrossmag.be\/#\/schema\/person\/11b47143d9f755babca2c9110e03235c"},"headline":"Galerie photos | Photos: la journ\u00e9e du samedi \u00e0\u00a0 Bastogne","datePublished":"2012-06-16T17:20:00+00:00","dateModified":"2012-06-16T17:27:18+00:00","mainEntityOfPage":{"@id":"https:\/\/fr.motocrossmag.be\/index.php\/2012\/06\/galerie-photos-photos-la-journee-du-samedi-a-bastogne\/"},"wordCount":79,"commentCount":0,"image":{"@id":"https:\/\/fr.motocrossmag.be\/index.php\/2012\/06\/galerie-photos-photos-la-journee-du-samedi-a-bastogne\/#primaryimage"},"thumbnailUrl":"http:\/\/www.mx1-bastogne.com\/wp-content\/gallery\/samedi-general\/thumbs\/thumbs_6341.jpg","articleSection":["Photos"],"inLanguage":"fr-FR","potentialAction":[{"@type":"CommentAction","name":"Comment","target":["https:\/\/fr.motocrossmag.be\/index.php\/2012\/06\/galerie-photos-photos-la-journee-du-samedi-a-bastogne\/#respond"]}]},{"@type":"WebPage","@id":"https:\/\/fr.motocrossmag.be\/index.php\/2012\/06\/galerie-photos-photos-la-journee-du-samedi-a-bastogne\/","url":"https:\/\/fr.motocrossmag.be\/index.php\/2012\/06\/galerie-photos-photos-la-journee-du-samedi-a-bastogne\/","name":"Galerie photos | Photos: la journ\u00e9e du samedi \u00e0\u00a0 Bastogne - Motocross - Enduro - Supermoto | MotocrossMag","isPartOf":{"@id":"https:\/\/fr.motocrossmag.be\/#website"},"primaryImageOfPage":{"@id":"https:\/\/fr.motocrossmag.be\/index.php\/2012\/06\/galerie-photos-photos-la-journee-du-samedi-a-bastogne\/#primaryimage"},"image":{"@id":"https:\/\/fr.motocrossmag.be\/index.php\/2012\/06\/galerie-photos-photos-la-journee-du-samedi-a-bastogne\/#primaryimage"},"thumbnailUrl":"http:\/\/www.mx1-bastogne.com\/wp-content\/gallery\/samedi-general\/thumbs\/thumbs_6341.jpg","datePublished":"2012-06-16T17:20:00+00:00","dateModified":"2012-06-16T17:27:18+00:00","author":{"@id":"https:\/\/fr.motocrossmag.be\/#\/schema\/person\/11b47143d9f755babca2c9110e03235c"},"breadcrumb":{"@id":"https:\/\/fr.motocrossmag.be\/index.php\/2012\/06\/galerie-photos-photos-la-journee-du-samedi-a-bastogne\/#breadcrumb"},"inLanguage":"fr-FR","potentialAction":[{"@type":"ReadAction","target":["https:\/\/fr.motocrossmag.be\/index.php\/2012\/06\/galerie-photos-photos-la-journee-du-samedi-a-bastogne\/"]}]},{"@type":"ImageObject","inLanguage":"fr-FR","@id":"https:\/\/fr.motocrossmag.be\/index.php\/2012\/06\/galerie-photos-photos-la-journee-du-samedi-a-bastogne\/#primaryimage","url":"http:\/\/www.mx1-bastogne.com\/wp-content\/gallery\/samedi-general\/thumbs\/thumbs_6341.jpg","contentUrl":"http:\/\/www.mx1-bastogne.com\/wp-content\/gallery\/samedi-general\/thumbs\/thumbs_6341.jpg"},{"@type":"BreadcrumbList","@id":"https:\/\/fr.motocrossmag.be\/index.php\/2012\/06\/galerie-photos-photos-la-journee-du-samedi-a-bastogne\/#breadcrumb","itemListElement":[{"@type":"ListItem","position":1,"name":"Accueil","item":"https:\/\/fr.motocrossmag.be\/"},{"@type":"ListItem","position":2,"name":"Galerie photos | Photos: la journ\u00e9e du samedi \u00e0\u00a0 Bastogne"}]},{"@type":"WebSite","@id":"https:\/\/fr.motocrossmag.be\/#website","url":"https:\/\/fr.motocrossmag.be\/","name":"Motocross - Enduro - Supermoto | MotocrossMag","description":"L&#039;actualit\u00e9 du motocross, de l&#039;enduro et du Supermoto en ligne!","potentialAction":[{"@type":"SearchAction","target":{"@type":"EntryPoint","urlTemplate":"https:\/\/fr.motocrossmag.be\/?s={search_term_string}"},"query-input":{"@type":"PropertyValueSpecification","valueRequired":true,"valueName":"search_term_string"}}],"inLanguage":"fr-FR"},{"@type":"Person","@id":"https:\/\/fr.motocrossmag.be\/#\/schema\/person\/11b47143d9f755babca2c9110e03235c","name":"oliviere","image":{"@type":"ImageObject","inLanguage":"fr-FR","@id":"https:\/\/secure.gravatar.com\/avatar\/907069e0b81d119452040469e4a7501da1100f54f7f80180ce77bfab718288f6?s=96&d=mm&r=g","url":"https:\/\/secure.gravatar.com\/avatar\/907069e0b81d119452040469e4a7501da1100f54f7f80180ce77bfab718288f6?s=96&d=mm&r=g","contentUrl":"https:\/\/secure.gravatar.com\/avatar\/907069e0b81d119452040469e4a7501da1100f54f7f80180ce77bfab718288f6?s=96&d=mm&r=g","caption":"oliviere"},"sameAs":["http:\/\/www.motocrossmag.be"],"url":"https:\/\/fr.motocrossmag.be\/index.php\/author\/oliviere\/"}]}},"_links":{"self":[{"href":"https:\/\/fr.motocrossmag.be\/index.php\/wp-json\/wp\/v2\/posts\/15174","targetHints":{"allow":["GET"]}}],"collection":[{"href":"https:\/\/fr.motocrossmag.be\/index.php\/wp-json\/wp\/v2\/posts"}],"about":[{"href":"https:\/\/fr.motocrossmag.be\/index.php\/wp-json\/wp\/v2\/types\/post"}],"author":[{"embeddable":true,"href":"https:\/\/fr.motocrossmag.be\/index.php\/wp-json\/wp\/v2\/users\/932"}],"replies":[{"embeddable":true,"href":"https:\/\/fr.motocrossmag.be\/index.php\/wp-json\/wp\/v2\/comments?post=15174"}],"version-history":[{"count":0,"href":"https:\/\/fr.motocrossmag.be\/index.php\/wp-json\/wp\/v2\/posts\/15174\/revisions"}],"wp:attachment":[{"href":"https:\/\/fr.motocrossmag.be\/index.php\/wp-json\/wp\/v2\/media?parent=15174"}],"wp:term":[{"taxonomy":"category","embeddable":true,"href":"https:\/\/fr.motocrossmag.be\/index.php\/wp-json\/wp\/v2\/categories?post=15174"},{"taxonomy":"post_tag","embeddable":true,"href":"https:\/\/fr.motocrossmag.be\/index.php\/wp-json\/wp\/v2\/tags?post=15174"}],"curies":[{"name":"wp","href":"https:\/\/api.w.org\/{rel}","templated":true}]}}