{"id":15192,"date":"2012-06-17T19:18:59","date_gmt":"2012-06-17T18:18:59","guid":{"rendered":"http:\/\/fr.motocrossmag.be\/?p=15192"},"modified":"2012-06-17T23:38:51","modified_gmt":"2012-06-17T22:38:51","slug":"galerie-photos-le-dimanche-a-bastogne","status":"publish","type":"post","link":"https:\/\/fr.motocrossmag.be\/index.php\/2012\/06\/galerie-photos-le-dimanche-a-bastogne\/","title":{"rendered":"Galerie photos | Le dimanche \u00e0\u00a0 Bastogne"},"content":{"rendered":"<p id=\"[object]\">Du soleil, un circuit pr\u00e9par\u00e9 avec soin par les organisateurs, un public ardennais venu en masse assister au retour du championnat du monde de motocross en province de Luxembourg, des courses passionnantes dans lesquelles les pilotes belges ont jou\u00e9 les premiers r\u00f4les,&#8230; il n&rsquo;en fallait pas plus pour faire de ce premier GP de Bastogne une r\u00e9ussite! La preuve en images avec cette premi\u00e8re s\u00e9rie de photos sign\u00e9es par Yannick Bernard.<\/p>\n<p id=\"[object]\"><a id=\"[object]\" title=\" \" rel=\"lightbox dia=1\" href=\"http:\/\/www.mx1-bastogne.com\/wp-content\/gallery\/dimanche\/bmx_0012.jpg\"><img decoding=\"async\" id=\"[object]\" title=\"bmx_0012\" src=\"http:\/\/www.mx1-bastogne.com\/wp-content\/gallery\/dimanche\/thumbs\/thumbs_bmx_0012.jpg\" alt=\"bmx_0012\" width=\"100\" height=\"75\" \/> <\/a><a title=\" \" rel=\"lightbox dia=1\" href=\"http:\/\/www.mx1-bastogne.com\/wp-content\/gallery\/dimanche\/bmx_0032.jpg\"><img decoding=\"async\" title=\"bmx_0032\" src=\"http:\/\/www.mx1-bastogne.com\/wp-content\/gallery\/dimanche\/thumbs\/thumbs_bmx_0032.jpg\" alt=\"bmx_0032\" width=\"100\" height=\"75\" \/> <\/a><a title=\" \" rel=\"lightbox dia=1\" href=\"http:\/\/www.mx1-bastogne.com\/wp-content\/gallery\/dimanche\/bmx_0244.jpg\"><img decoding=\"async\" title=\"bmx_0244\" src=\"http:\/\/www.mx1-bastogne.com\/wp-content\/gallery\/dimanche\/thumbs\/thumbs_bmx_0244.jpg\" alt=\"bmx_0244\" width=\"100\" height=\"75\" \/> <\/a><a title=\" \" rel=\"lightbox dia=1\" href=\"http:\/\/www.mx1-bastogne.com\/wp-content\/gallery\/dimanche\/bmx_0285.jpg\"><img decoding=\"async\" title=\"bmx_0285\" src=\"http:\/\/www.mx1-bastogne.com\/wp-content\/gallery\/dimanche\/thumbs\/thumbs_bmx_0285.jpg\" alt=\"bmx_0285\" width=\"100\" height=\"75\" \/> <\/a><a title=\" \" rel=\"lightbox dia=1\" href=\"http:\/\/www.mx1-bastogne.com\/wp-content\/gallery\/dimanche\/bmx_0338.jpg\"><img decoding=\"async\" title=\"bmx_0338\" src=\"http:\/\/www.mx1-bastogne.com\/wp-content\/gallery\/dimanche\/thumbs\/thumbs_bmx_0338.jpg\" alt=\"bmx_0338\" width=\"100\" height=\"75\" \/> <\/a><a title=\" \" rel=\"lightbox dia=1\" href=\"http:\/\/www.mx1-bastogne.com\/wp-content\/gallery\/dimanche\/bmx_0411.jpg\"><img decoding=\"async\" title=\"bmx_0411\" src=\"http:\/\/www.mx1-bastogne.com\/wp-content\/gallery\/dimanche\/thumbs\/thumbs_bmx_0411.jpg\" alt=\"bmx_0411\" width=\"100\" height=\"75\" \/> <\/a><a title=\" \" rel=\"lightbox dia=1\" href=\"http:\/\/www.mx1-bastogne.com\/wp-content\/gallery\/dimanche\/bmx_0426.jpg\"><img decoding=\"async\" title=\"bmx_0426\" src=\"http:\/\/www.mx1-bastogne.com\/wp-content\/gallery\/dimanche\/thumbs\/thumbs_bmx_0426.jpg\" alt=\"bmx_0426\" width=\"100\" height=\"75\" \/> <\/a><a title=\" \" rel=\"lightbox dia=1\" href=\"http:\/\/www.mx1-bastogne.com\/wp-content\/gallery\/dimanche\/bmx_0433.jpg\"><img decoding=\"async\" title=\"bmx_0433\" src=\"http:\/\/www.mx1-bastogne.com\/wp-content\/gallery\/dimanche\/thumbs\/thumbs_bmx_0433.jpg\" alt=\"bmx_0433\" width=\"100\" height=\"75\" \/> <\/a><a title=\" \" rel=\"lightbox dia=1\" href=\"http:\/\/www.mx1-bastogne.com\/wp-content\/gallery\/dimanche\/bmx_0592.jpg\"><img decoding=\"async\" title=\"bmx_0592\" src=\"http:\/\/www.mx1-bastogne.com\/wp-content\/gallery\/dimanche\/thumbs\/thumbs_bmx_0592.jpg\" alt=\"bmx_0592\" width=\"100\" height=\"75\" \/> <\/a><a title=\" \" rel=\"lightbox dia=1\" href=\"http:\/\/www.mx1-bastogne.com\/wp-content\/gallery\/dimanche\/bmx_0614.jpg\"><img decoding=\"async\" title=\"bmx_0614\" src=\"http:\/\/www.mx1-bastogne.com\/wp-content\/gallery\/dimanche\/thumbs\/thumbs_bmx_0614.jpg\" alt=\"bmx_0614\" width=\"100\" height=\"75\" \/> <\/a><a title=\" \" rel=\"lightbox dia=1\" href=\"http:\/\/www.mx1-bastogne.com\/wp-content\/gallery\/dimanche\/bmx_0657.jpg\"><img decoding=\"async\" title=\"bmx_0657\" src=\"http:\/\/www.mx1-bastogne.com\/wp-content\/gallery\/dimanche\/thumbs\/thumbs_bmx_0657.jpg\" alt=\"bmx_0657\" width=\"100\" height=\"75\" \/> <\/a><a title=\" \" rel=\"lightbox dia=1\" href=\"http:\/\/www.mx1-bastogne.com\/wp-content\/gallery\/dimanche\/bmx_0666.jpg\"><img decoding=\"async\" title=\"bmx_0666\" src=\"http:\/\/www.mx1-bastogne.com\/wp-content\/gallery\/dimanche\/thumbs\/thumbs_bmx_0666.jpg\" alt=\"bmx_0666\" width=\"100\" height=\"75\" \/> <\/a><a title=\" \" rel=\"lightbox dia=1\" href=\"http:\/\/www.mx1-bastogne.com\/wp-content\/gallery\/dimanche\/bmx_0679.jpg\"><img decoding=\"async\" title=\"bmx_0679\" src=\"http:\/\/www.mx1-bastogne.com\/wp-content\/gallery\/dimanche\/thumbs\/thumbs_bmx_0679.jpg\" alt=\"bmx_0679\" width=\"100\" height=\"75\" \/> <\/a><a title=\" \" rel=\"lightbox dia=1\" href=\"http:\/\/www.mx1-bastogne.com\/wp-content\/gallery\/dimanche\/bmx_0733.jpg\"><img decoding=\"async\" title=\"bmx_0733\" src=\"http:\/\/www.mx1-bastogne.com\/wp-content\/gallery\/dimanche\/thumbs\/thumbs_bmx_0733.jpg\" alt=\"bmx_0733\" width=\"100\" height=\"75\" \/> <\/a><a title=\" \" rel=\"lightbox dia=1\" href=\"http:\/\/www.mx1-bastogne.com\/wp-content\/gallery\/dimanche\/bmx_0852.jpg\"><img decoding=\"async\" title=\"bmx_0852\" src=\"http:\/\/www.mx1-bastogne.com\/wp-content\/gallery\/dimanche\/thumbs\/thumbs_bmx_0852.jpg\" alt=\"bmx_0852\" width=\"100\" height=\"75\" \/> <\/a><a title=\" \" rel=\"lightbox dia=1\" href=\"http:\/\/www.mx1-bastogne.com\/wp-content\/gallery\/dimanche\/bmx_0869.jpg\"><img decoding=\"async\" title=\"bmx_0869\" src=\"http:\/\/www.mx1-bastogne.com\/wp-content\/gallery\/dimanche\/thumbs\/thumbs_bmx_0869.jpg\" alt=\"bmx_0869\" width=\"100\" height=\"75\" \/> <\/a><a title=\" \" rel=\"lightbox dia=1\" href=\"http:\/\/www.mx1-bastogne.com\/wp-content\/gallery\/dimanche\/bmx_0876.jpg\"><img decoding=\"async\" title=\"bmx_0876\" src=\"http:\/\/www.mx1-bastogne.com\/wp-content\/gallery\/dimanche\/thumbs\/thumbs_bmx_0876.jpg\" alt=\"bmx_0876\" width=\"100\" height=\"75\" \/> <\/a><a title=\" \" rel=\"lightbox dia=1\" href=\"http:\/\/www.mx1-bastogne.com\/wp-content\/gallery\/dimanche\/bmx_0962.jpg\"><img decoding=\"async\" title=\"bmx_0962\" src=\"http:\/\/www.mx1-bastogne.com\/wp-content\/gallery\/dimanche\/thumbs\/thumbs_bmx_0962.jpg\" alt=\"bmx_0962\" width=\"100\" height=\"75\" \/> <\/a><a title=\" \" rel=\"lightbox dia=1\" href=\"http:\/\/www.mx1-bastogne.com\/wp-content\/gallery\/dimanche\/bmx_1027.jpg\"><img decoding=\"async\" title=\"bmx_1027\" src=\"http:\/\/www.mx1-bastogne.com\/wp-content\/gallery\/dimanche\/thumbs\/thumbs_bmx_1027.jpg\" alt=\"bmx_1027\" width=\"100\" height=\"75\" \/> <\/a><a title=\" \" rel=\"lightbox dia=1\" href=\"http:\/\/www.mx1-bastogne.com\/wp-content\/gallery\/dimanche\/bmx_1031.jpg\"><img decoding=\"async\" title=\"bmx_1031\" src=\"http:\/\/www.mx1-bastogne.com\/wp-content\/gallery\/dimanche\/thumbs\/thumbs_bmx_1031.jpg\" alt=\"bmx_1031\" width=\"100\" height=\"75\" \/> <\/a><a title=\" \" rel=\"lightbox dia=1\" href=\"http:\/\/www.mx1-bastogne.com\/wp-content\/gallery\/dimanche\/bmx_1053.jpg\"><img decoding=\"async\" title=\"bmx_1053\" src=\"http:\/\/www.mx1-bastogne.com\/wp-content\/gallery\/dimanche\/thumbs\/thumbs_bmx_1053.jpg\" alt=\"bmx_1053\" width=\"100\" height=\"75\" \/> <\/a><a title=\" \" rel=\"lightbox dia=1\" href=\"http:\/\/www.mx1-bastogne.com\/wp-content\/gallery\/dimanche\/bmx_1094.jpg\"><img decoding=\"async\" title=\"bmx_1094\" src=\"http:\/\/www.mx1-bastogne.com\/wp-content\/gallery\/dimanche\/thumbs\/thumbs_bmx_1094.jpg\" alt=\"bmx_1094\" width=\"100\" height=\"75\" \/> <\/a><a title=\" \" rel=\"lightbox dia=1\" href=\"http:\/\/www.mx1-bastogne.com\/wp-content\/gallery\/dimanche\/bmx_1105.jpg\"><img decoding=\"async\" title=\"bmx_1105\" src=\"http:\/\/www.mx1-bastogne.com\/wp-content\/gallery\/dimanche\/thumbs\/thumbs_bmx_1105.jpg\" alt=\"bmx_1105\" width=\"100\" height=\"75\" \/> <\/a><a title=\" \" rel=\"lightbox dia=1\" href=\"http:\/\/www.mx1-bastogne.com\/wp-content\/gallery\/dimanche\/bmx_1113.jpg\"><img decoding=\"async\" title=\"bmx_1113\" src=\"http:\/\/www.mx1-bastogne.com\/wp-content\/gallery\/dimanche\/thumbs\/thumbs_bmx_1113.jpg\" alt=\"bmx_1113\" width=\"100\" height=\"75\" \/> <\/a><a title=\" \" rel=\"lightbox dia=1\" href=\"http:\/\/www.mx1-bastogne.com\/wp-content\/gallery\/dimanche\/bmx_1121.jpg\"><img decoding=\"async\" title=\"bmx_1121\" src=\"http:\/\/www.mx1-bastogne.com\/wp-content\/gallery\/dimanche\/thumbs\/thumbs_bmx_1121.jpg\" alt=\"bmx_1121\" width=\"100\" height=\"75\" \/> <\/a><a title=\" \" rel=\"lightbox dia=1\" href=\"http:\/\/www.mx1-bastogne.com\/wp-content\/gallery\/dimanche\/bmx_1186.jpg\"><img decoding=\"async\" title=\"bmx_1186\" src=\"http:\/\/www.mx1-bastogne.com\/wp-content\/gallery\/dimanche\/thumbs\/thumbs_bmx_1186.jpg\" alt=\"bmx_1186\" width=\"100\" height=\"75\" \/> <\/a><a title=\" \" rel=\"lightbox dia=1\" href=\"http:\/\/www.mx1-bastogne.com\/wp-content\/gallery\/dimanche\/bmx_1193.jpg\"><img decoding=\"async\" title=\"bmx_1193\" src=\"http:\/\/www.mx1-bastogne.com\/wp-content\/gallery\/dimanche\/thumbs\/thumbs_bmx_1193.jpg\" alt=\"bmx_1193\" width=\"100\" height=\"75\" \/> <\/a><a title=\" \" rel=\"lightbox dia=1\" href=\"http:\/\/www.mx1-bastogne.com\/wp-content\/gallery\/dimanche\/bmx_9879.jpg\"><img decoding=\"async\" title=\"bmx_9879\" src=\"http:\/\/www.mx1-bastogne.com\/wp-content\/gallery\/dimanche\/thumbs\/thumbs_bmx_9879.jpg\" alt=\"bmx_9879\" width=\"100\" height=\"75\" \/> <\/a><a title=\" \" rel=\"lightbox dia=1\" href=\"http:\/\/www.mx1-bastogne.com\/wp-content\/gallery\/dimanche\/bmx_9935.jpg\"><img decoding=\"async\" title=\"bmx_9935\" src=\"http:\/\/www.mx1-bastogne.com\/wp-content\/gallery\/dimanche\/thumbs\/thumbs_bmx_9935.jpg\" alt=\"bmx_9935\" width=\"100\" height=\"75\" \/> <\/a><a title=\" \" rel=\"lightbox dia=1\" href=\"http:\/\/www.mx1-bastogne.com\/wp-content\/gallery\/dimanche\/imgp9594.jpg\"><img decoding=\"async\" title=\"imgp9594\" src=\"http:\/\/www.mx1-bastogne.com\/wp-content\/gallery\/dimanche\/thumbs\/thumbs_imgp9594.jpg\" alt=\"imgp9594\" width=\"100\" height=\"75\" \/> <\/a><a title=\" \" rel=\"lightbox dia=1\" href=\"http:\/\/www.mx1-bastogne.com\/wp-content\/gallery\/dimanche\/imgp9719.jpg\"><img decoding=\"async\" title=\"imgp9719\" src=\"http:\/\/www.mx1-bastogne.com\/wp-content\/gallery\/dimanche\/thumbs\/thumbs_imgp9719.jpg\" alt=\"imgp9719\" width=\"100\" height=\"75\" \/> <\/a><a title=\" \" rel=\"lightbox dia=1\" href=\"http:\/\/www.mx1-bastogne.com\/wp-content\/gallery\/dimanche\/imgp9726.jpg\"><img decoding=\"async\" title=\"imgp9726\" src=\"http:\/\/www.mx1-bastogne.com\/wp-content\/gallery\/dimanche\/thumbs\/thumbs_imgp9726.jpg\" alt=\"imgp9726\" width=\"100\" height=\"75\" \/> <\/a><a title=\" \" rel=\"lightbox dia=1\" href=\"http:\/\/www.mx1-bastogne.com\/wp-content\/gallery\/dimanche\/imgp9762.jpg\"><img decoding=\"async\" title=\"imgp9762\" src=\"http:\/\/www.mx1-bastogne.com\/wp-content\/gallery\/dimanche\/thumbs\/thumbs_imgp9762.jpg\" alt=\"imgp9762\" width=\"100\" height=\"75\" \/><\/a><\/p><div class=\"rmsux6a97efb5b8921\" ><!-- \/91277017\/Inline-articles-mobile -->\n<div style=\"margin:auto; text-align:center !important\">\n<div id='div-gpt-ad-1784982661365-0' style='min-width: 250px; min-height: 75px;'>\n  <script>\n    googletag.cmd.push(function() { googletag.display('div-gpt-ad-1784982661365-0'); });\n  <\/script>\n<\/div><\/div><\/div><style type=\"text\/css\">\r\n.rmsux6a97efb5b8921 {\r\nmargin-bottom:30px;margin-top:20px\r\n}\r\n@media screen and (min-width: 1201px) {\r\n.rmsux6a97efb5b8921 {\r\ndisplay: block;\r\n}\r\n}\r\n@media screen and (min-width: 993px) and (max-width: 1200px) {\r\n.rmsux6a97efb5b8921 {\r\ndisplay: block;\r\n}\r\n}\r\n@media screen and (min-width: 769px) and (max-width: 992px) {\r\n.rmsux6a97efb5b8921 {\r\ndisplay: block;\r\n}\r\n}\r\n@media screen and (min-width: 768px) and (max-width: 768px) {\r\n.rmsux6a97efb5b8921 {\r\ndisplay: block;\r\n}\r\n}\r\n@media screen and (max-width: 767px) {\r\n.rmsux6a97efb5b8921 {\r\ndisplay: block;\r\n}\r\n}\r\n<\/style>\r\n\n","protected":false},"excerpt":{"rendered":"<p>Du soleil, un circuit pr\u00e9par\u00e9 avec soin par les organisateurs, un public ardennais venu en masse assister au retour du championnat du monde de motocross en province de Luxembourg, des courses passionnantes dans lesquelles les pilotes belges ont jou\u00e9 les premiers r\u00f4les,&#8230; il n&rsquo;en fallait pas plus pour faire de ce premier GP de Bastogne [&hellip;]<\/p>\n","protected":false},"author":932,"featured_media":0,"comment_status":"open","ping_status":"closed","sticky":false,"template":"","format":"standard","meta":{"tdm_status":"","tdm_grid_status":"","footnotes":""},"categories":[66],"tags":[],"class_list":["post-15192","post","type-post","status-publish","format-standard","category-photos"],"yoast_head":"<!-- This site is optimized with the Yoast SEO plugin v28.4 - https:\/\/yoast.com\/product\/yoast-seo-wordpress\/ -->\n<title>Galerie photos | Le dimanche \u00e0\u00a0 Bastogne - Motocross - Enduro - Supermoto | MotocrossMag<\/title>\n<meta name=\"robots\" content=\"index, follow, max-snippet:-1, max-image-preview:large, max-video-preview:-1\" \/>\n<link rel=\"canonical\" href=\"https:\/\/fr.motocrossmag.be\/index.php\/2012\/06\/galerie-photos-le-dimanche-a-bastogne\/\" \/>\n<meta property=\"og:locale\" content=\"fr_FR\" \/>\n<meta property=\"og:type\" content=\"article\" \/>\n<meta property=\"og:title\" content=\"Galerie photos | Le dimanche \u00e0\u00a0 Bastogne - Motocross - Enduro - Supermoto | MotocrossMag\" \/>\n<meta property=\"og:description\" content=\"Du soleil, un circuit pr\u00e9par\u00e9 avec soin par les organisateurs, un public ardennais venu en masse assister au retour du championnat du monde de motocross en province de Luxembourg, des courses passionnantes dans lesquelles les pilotes belges ont jou\u00e9 les premiers r\u00f4les,&#8230; il n&rsquo;en fallait pas plus pour faire de ce premier GP de Bastogne [&hellip;]\" \/>\n<meta property=\"og:url\" content=\"https:\/\/fr.motocrossmag.be\/index.php\/2012\/06\/galerie-photos-le-dimanche-a-bastogne\/\" \/>\n<meta property=\"og:site_name\" content=\"Motocross - Enduro - Supermoto | MotocrossMag\" \/>\n<meta property=\"article:published_time\" content=\"2012-06-17T18:18:59+00:00\" \/>\n<meta property=\"article:modified_time\" content=\"2012-06-17T22:38:51+00:00\" \/>\n<meta property=\"og:image\" content=\"http:\/\/www.mx1-bastogne.com\/wp-content\/gallery\/dimanche\/thumbs\/thumbs_bmx_0012.jpg\" \/>\n<meta name=\"author\" content=\"oliviere\" \/>\n<meta name=\"twitter:card\" content=\"summary_large_image\" \/>\n<meta name=\"twitter:label1\" content=\"\u00c9crit par\" \/>\n\t<meta name=\"twitter:data1\" content=\"oliviere\" \/>\n<script type=\"application\/ld+json\" class=\"yoast-schema-graph\">{\"@context\":\"https:\\\/\\\/schema.org\",\"@graph\":[{\"@type\":\"Article\",\"@id\":\"https:\\\/\\\/fr.motocrossmag.be\\\/index.php\\\/2012\\\/06\\\/galerie-photos-le-dimanche-a-bastogne\\\/#article\",\"isPartOf\":{\"@id\":\"https:\\\/\\\/fr.motocrossmag.be\\\/index.php\\\/2012\\\/06\\\/galerie-photos-le-dimanche-a-bastogne\\\/\"},\"author\":{\"name\":\"oliviere\",\"@id\":\"https:\\\/\\\/fr.motocrossmag.be\\\/#\\\/schema\\\/person\\\/11b47143d9f755babca2c9110e03235c\"},\"headline\":\"Galerie photos | Le dimanche \u00e0\u00a0 Bastogne\",\"datePublished\":\"2012-06-17T18:18:59+00:00\",\"dateModified\":\"2012-06-17T22:38:51+00:00\",\"mainEntityOfPage\":{\"@id\":\"https:\\\/\\\/fr.motocrossmag.be\\\/index.php\\\/2012\\\/06\\\/galerie-photos-le-dimanche-a-bastogne\\\/\"},\"wordCount\":83,\"commentCount\":0,\"image\":{\"@id\":\"https:\\\/\\\/fr.motocrossmag.be\\\/index.php\\\/2012\\\/06\\\/galerie-photos-le-dimanche-a-bastogne\\\/#primaryimage\"},\"thumbnailUrl\":\"http:\\\/\\\/www.mx1-bastogne.com\\\/wp-content\\\/gallery\\\/dimanche\\\/thumbs\\\/thumbs_bmx_0012.jpg\",\"articleSection\":[\"Photos\"],\"inLanguage\":\"fr-FR\",\"potentialAction\":[{\"@type\":\"CommentAction\",\"name\":\"Comment\",\"target\":[\"https:\\\/\\\/fr.motocrossmag.be\\\/index.php\\\/2012\\\/06\\\/galerie-photos-le-dimanche-a-bastogne\\\/#respond\"]}]},{\"@type\":\"WebPage\",\"@id\":\"https:\\\/\\\/fr.motocrossmag.be\\\/index.php\\\/2012\\\/06\\\/galerie-photos-le-dimanche-a-bastogne\\\/\",\"url\":\"https:\\\/\\\/fr.motocrossmag.be\\\/index.php\\\/2012\\\/06\\\/galerie-photos-le-dimanche-a-bastogne\\\/\",\"name\":\"Galerie photos | Le dimanche \u00e0\u00a0 Bastogne - Motocross - Enduro - Supermoto | MotocrossMag\",\"isPartOf\":{\"@id\":\"https:\\\/\\\/fr.motocrossmag.be\\\/#website\"},\"primaryImageOfPage\":{\"@id\":\"https:\\\/\\\/fr.motocrossmag.be\\\/index.php\\\/2012\\\/06\\\/galerie-photos-le-dimanche-a-bastogne\\\/#primaryimage\"},\"image\":{\"@id\":\"https:\\\/\\\/fr.motocrossmag.be\\\/index.php\\\/2012\\\/06\\\/galerie-photos-le-dimanche-a-bastogne\\\/#primaryimage\"},\"thumbnailUrl\":\"http:\\\/\\\/www.mx1-bastogne.com\\\/wp-content\\\/gallery\\\/dimanche\\\/thumbs\\\/thumbs_bmx_0012.jpg\",\"datePublished\":\"2012-06-17T18:18:59+00:00\",\"dateModified\":\"2012-06-17T22:38:51+00:00\",\"author\":{\"@id\":\"https:\\\/\\\/fr.motocrossmag.be\\\/#\\\/schema\\\/person\\\/11b47143d9f755babca2c9110e03235c\"},\"breadcrumb\":{\"@id\":\"https:\\\/\\\/fr.motocrossmag.be\\\/index.php\\\/2012\\\/06\\\/galerie-photos-le-dimanche-a-bastogne\\\/#breadcrumb\"},\"inLanguage\":\"fr-FR\",\"potentialAction\":[{\"@type\":\"ReadAction\",\"target\":[\"https:\\\/\\\/fr.motocrossmag.be\\\/index.php\\\/2012\\\/06\\\/galerie-photos-le-dimanche-a-bastogne\\\/\"]}]},{\"@type\":\"ImageObject\",\"inLanguage\":\"fr-FR\",\"@id\":\"https:\\\/\\\/fr.motocrossmag.be\\\/index.php\\\/2012\\\/06\\\/galerie-photos-le-dimanche-a-bastogne\\\/#primaryimage\",\"url\":\"http:\\\/\\\/www.mx1-bastogne.com\\\/wp-content\\\/gallery\\\/dimanche\\\/thumbs\\\/thumbs_bmx_0012.jpg\",\"contentUrl\":\"http:\\\/\\\/www.mx1-bastogne.com\\\/wp-content\\\/gallery\\\/dimanche\\\/thumbs\\\/thumbs_bmx_0012.jpg\"},{\"@type\":\"BreadcrumbList\",\"@id\":\"https:\\\/\\\/fr.motocrossmag.be\\\/index.php\\\/2012\\\/06\\\/galerie-photos-le-dimanche-a-bastogne\\\/#breadcrumb\",\"itemListElement\":[{\"@type\":\"ListItem\",\"position\":1,\"name\":\"Accueil\",\"item\":\"https:\\\/\\\/fr.motocrossmag.be\\\/\"},{\"@type\":\"ListItem\",\"position\":2,\"name\":\"Galerie photos | Le dimanche \u00e0\u00a0 Bastogne\"}]},{\"@type\":\"WebSite\",\"@id\":\"https:\\\/\\\/fr.motocrossmag.be\\\/#website\",\"url\":\"https:\\\/\\\/fr.motocrossmag.be\\\/\",\"name\":\"Motocross - Enduro - Supermoto | MotocrossMag\",\"description\":\"L&#039;actualit\u00e9 du motocross, de l&#039;enduro et du Supermoto en ligne!\",\"potentialAction\":[{\"@type\":\"SearchAction\",\"target\":{\"@type\":\"EntryPoint\",\"urlTemplate\":\"https:\\\/\\\/fr.motocrossmag.be\\\/?s={search_term_string}\"},\"query-input\":{\"@type\":\"PropertyValueSpecification\",\"valueRequired\":true,\"valueName\":\"search_term_string\"}}],\"inLanguage\":\"fr-FR\"},{\"@type\":\"Person\",\"@id\":\"https:\\\/\\\/fr.motocrossmag.be\\\/#\\\/schema\\\/person\\\/11b47143d9f755babca2c9110e03235c\",\"name\":\"oliviere\",\"image\":{\"@type\":\"ImageObject\",\"inLanguage\":\"fr-FR\",\"@id\":\"https:\\\/\\\/secure.gravatar.com\\\/avatar\\\/907069e0b81d119452040469e4a7501da1100f54f7f80180ce77bfab718288f6?s=96&d=mm&r=g\",\"url\":\"https:\\\/\\\/secure.gravatar.com\\\/avatar\\\/907069e0b81d119452040469e4a7501da1100f54f7f80180ce77bfab718288f6?s=96&d=mm&r=g\",\"contentUrl\":\"https:\\\/\\\/secure.gravatar.com\\\/avatar\\\/907069e0b81d119452040469e4a7501da1100f54f7f80180ce77bfab718288f6?s=96&d=mm&r=g\",\"caption\":\"oliviere\"},\"sameAs\":[\"http:\\\/\\\/www.motocrossmag.be\"],\"url\":\"https:\\\/\\\/fr.motocrossmag.be\\\/index.php\\\/author\\\/oliviere\\\/\"}]}<\/script>\n<!-- \/ Yoast SEO plugin. -->","yoast_head_json":{"title":"Galerie photos | Le dimanche \u00e0\u00a0 Bastogne - Motocross - Enduro - Supermoto | MotocrossMag","robots":{"index":"index","follow":"follow","max-snippet":"max-snippet:-1","max-image-preview":"max-image-preview:large","max-video-preview":"max-video-preview:-1"},"canonical":"https:\/\/fr.motocrossmag.be\/index.php\/2012\/06\/galerie-photos-le-dimanche-a-bastogne\/","og_locale":"fr_FR","og_type":"article","og_title":"Galerie photos | Le dimanche \u00e0\u00a0 Bastogne - Motocross - Enduro - Supermoto | MotocrossMag","og_description":"Du soleil, un circuit pr\u00e9par\u00e9 avec soin par les organisateurs, un public ardennais venu en masse assister au retour du championnat du monde de motocross en province de Luxembourg, des courses passionnantes dans lesquelles les pilotes belges ont jou\u00e9 les premiers r\u00f4les,&#8230; il n&rsquo;en fallait pas plus pour faire de ce premier GP de Bastogne [&hellip;]","og_url":"https:\/\/fr.motocrossmag.be\/index.php\/2012\/06\/galerie-photos-le-dimanche-a-bastogne\/","og_site_name":"Motocross - Enduro - Supermoto | MotocrossMag","article_published_time":"2012-06-17T18:18:59+00:00","article_modified_time":"2012-06-17T22:38:51+00:00","og_image":[{"url":"http:\/\/www.mx1-bastogne.com\/wp-content\/gallery\/dimanche\/thumbs\/thumbs_bmx_0012.jpg","type":"","width":"","height":""}],"author":"oliviere","twitter_card":"summary_large_image","twitter_misc":{"\u00c9crit par":"oliviere"},"schema":{"@context":"https:\/\/schema.org","@graph":[{"@type":"Article","@id":"https:\/\/fr.motocrossmag.be\/index.php\/2012\/06\/galerie-photos-le-dimanche-a-bastogne\/#article","isPartOf":{"@id":"https:\/\/fr.motocrossmag.be\/index.php\/2012\/06\/galerie-photos-le-dimanche-a-bastogne\/"},"author":{"name":"oliviere","@id":"https:\/\/fr.motocrossmag.be\/#\/schema\/person\/11b47143d9f755babca2c9110e03235c"},"headline":"Galerie photos | Le dimanche \u00e0\u00a0 Bastogne","datePublished":"2012-06-17T18:18:59+00:00","dateModified":"2012-06-17T22:38:51+00:00","mainEntityOfPage":{"@id":"https:\/\/fr.motocrossmag.be\/index.php\/2012\/06\/galerie-photos-le-dimanche-a-bastogne\/"},"wordCount":83,"commentCount":0,"image":{"@id":"https:\/\/fr.motocrossmag.be\/index.php\/2012\/06\/galerie-photos-le-dimanche-a-bastogne\/#primaryimage"},"thumbnailUrl":"http:\/\/www.mx1-bastogne.com\/wp-content\/gallery\/dimanche\/thumbs\/thumbs_bmx_0012.jpg","articleSection":["Photos"],"inLanguage":"fr-FR","potentialAction":[{"@type":"CommentAction","name":"Comment","target":["https:\/\/fr.motocrossmag.be\/index.php\/2012\/06\/galerie-photos-le-dimanche-a-bastogne\/#respond"]}]},{"@type":"WebPage","@id":"https:\/\/fr.motocrossmag.be\/index.php\/2012\/06\/galerie-photos-le-dimanche-a-bastogne\/","url":"https:\/\/fr.motocrossmag.be\/index.php\/2012\/06\/galerie-photos-le-dimanche-a-bastogne\/","name":"Galerie photos | Le dimanche \u00e0\u00a0 Bastogne - Motocross - Enduro - Supermoto | MotocrossMag","isPartOf":{"@id":"https:\/\/fr.motocrossmag.be\/#website"},"primaryImageOfPage":{"@id":"https:\/\/fr.motocrossmag.be\/index.php\/2012\/06\/galerie-photos-le-dimanche-a-bastogne\/#primaryimage"},"image":{"@id":"https:\/\/fr.motocrossmag.be\/index.php\/2012\/06\/galerie-photos-le-dimanche-a-bastogne\/#primaryimage"},"thumbnailUrl":"http:\/\/www.mx1-bastogne.com\/wp-content\/gallery\/dimanche\/thumbs\/thumbs_bmx_0012.jpg","datePublished":"2012-06-17T18:18:59+00:00","dateModified":"2012-06-17T22:38:51+00:00","author":{"@id":"https:\/\/fr.motocrossmag.be\/#\/schema\/person\/11b47143d9f755babca2c9110e03235c"},"breadcrumb":{"@id":"https:\/\/fr.motocrossmag.be\/index.php\/2012\/06\/galerie-photos-le-dimanche-a-bastogne\/#breadcrumb"},"inLanguage":"fr-FR","potentialAction":[{"@type":"ReadAction","target":["https:\/\/fr.motocrossmag.be\/index.php\/2012\/06\/galerie-photos-le-dimanche-a-bastogne\/"]}]},{"@type":"ImageObject","inLanguage":"fr-FR","@id":"https:\/\/fr.motocrossmag.be\/index.php\/2012\/06\/galerie-photos-le-dimanche-a-bastogne\/#primaryimage","url":"http:\/\/www.mx1-bastogne.com\/wp-content\/gallery\/dimanche\/thumbs\/thumbs_bmx_0012.jpg","contentUrl":"http:\/\/www.mx1-bastogne.com\/wp-content\/gallery\/dimanche\/thumbs\/thumbs_bmx_0012.jpg"},{"@type":"BreadcrumbList","@id":"https:\/\/fr.motocrossmag.be\/index.php\/2012\/06\/galerie-photos-le-dimanche-a-bastogne\/#breadcrumb","itemListElement":[{"@type":"ListItem","position":1,"name":"Accueil","item":"https:\/\/fr.motocrossmag.be\/"},{"@type":"ListItem","position":2,"name":"Galerie photos | Le dimanche \u00e0\u00a0 Bastogne"}]},{"@type":"WebSite","@id":"https:\/\/fr.motocrossmag.be\/#website","url":"https:\/\/fr.motocrossmag.be\/","name":"Motocross - Enduro - Supermoto | MotocrossMag","description":"L&#039;actualit\u00e9 du motocross, de l&#039;enduro et du Supermoto en ligne!","potentialAction":[{"@type":"SearchAction","target":{"@type":"EntryPoint","urlTemplate":"https:\/\/fr.motocrossmag.be\/?s={search_term_string}"},"query-input":{"@type":"PropertyValueSpecification","valueRequired":true,"valueName":"search_term_string"}}],"inLanguage":"fr-FR"},{"@type":"Person","@id":"https:\/\/fr.motocrossmag.be\/#\/schema\/person\/11b47143d9f755babca2c9110e03235c","name":"oliviere","image":{"@type":"ImageObject","inLanguage":"fr-FR","@id":"https:\/\/secure.gravatar.com\/avatar\/907069e0b81d119452040469e4a7501da1100f54f7f80180ce77bfab718288f6?s=96&d=mm&r=g","url":"https:\/\/secure.gravatar.com\/avatar\/907069e0b81d119452040469e4a7501da1100f54f7f80180ce77bfab718288f6?s=96&d=mm&r=g","contentUrl":"https:\/\/secure.gravatar.com\/avatar\/907069e0b81d119452040469e4a7501da1100f54f7f80180ce77bfab718288f6?s=96&d=mm&r=g","caption":"oliviere"},"sameAs":["http:\/\/www.motocrossmag.be"],"url":"https:\/\/fr.motocrossmag.be\/index.php\/author\/oliviere\/"}]}},"_links":{"self":[{"href":"https:\/\/fr.motocrossmag.be\/index.php\/wp-json\/wp\/v2\/posts\/15192","targetHints":{"allow":["GET"]}}],"collection":[{"href":"https:\/\/fr.motocrossmag.be\/index.php\/wp-json\/wp\/v2\/posts"}],"about":[{"href":"https:\/\/fr.motocrossmag.be\/index.php\/wp-json\/wp\/v2\/types\/post"}],"author":[{"embeddable":true,"href":"https:\/\/fr.motocrossmag.be\/index.php\/wp-json\/wp\/v2\/users\/932"}],"replies":[{"embeddable":true,"href":"https:\/\/fr.motocrossmag.be\/index.php\/wp-json\/wp\/v2\/comments?post=15192"}],"version-history":[{"count":0,"href":"https:\/\/fr.motocrossmag.be\/index.php\/wp-json\/wp\/v2\/posts\/15192\/revisions"}],"wp:attachment":[{"href":"https:\/\/fr.motocrossmag.be\/index.php\/wp-json\/wp\/v2\/media?parent=15192"}],"wp:term":[{"taxonomy":"category","embeddable":true,"href":"https:\/\/fr.motocrossmag.be\/index.php\/wp-json\/wp\/v2\/categories?post=15192"},{"taxonomy":"post_tag","embeddable":true,"href":"https:\/\/fr.motocrossmag.be\/index.php\/wp-json\/wp\/v2\/tags?post=15192"}],"curies":[{"name":"wp","href":"https:\/\/api.w.org\/{rel}","templated":true}]}}