{"id":15538,"date":"2012-07-24T12:16:08","date_gmt":"2012-07-24T11:16:08","guid":{"rendered":"http:\/\/fr.motocrossmag.be\/?p=15538"},"modified":"2012-07-24T12:16:08","modified_gmt":"2012-07-24T11:16:08","slug":"galerie-photos-photos-motocross-ampl-a-weris","status":"publish","type":"post","link":"https:\/\/fr.motocrossmag.be\/index.php\/2012\/07\/galerie-photos-photos-motocross-ampl-a-weris\/","title":{"rendered":"Galerie photos | Photos: motocross AMPL \u00e0\u00a0 W\u00e9ris"},"content":{"rendered":"<p>Apr\u00e8s quelques semaines d&rsquo;interruption et l&rsquo;annulation de l&rsquo;\u00e9preuve d&rsquo;Ebly, les pilotes AMPL \u00e9taient impatients de reprendre la piste. Ils \u00e9taient d&rsquo;ailleurs pr\u00e8s de 500 \u00e0\u00a0 avoir fait le d\u00e9placement pour disputer sur le circuit de W\u00e9ris la 6\u00e8me manche du championnat AMPL. Pilotes, public et soleil, tous les ingr\u00e9dients \u00e9taient donc au rendez-vous ce dimanche au pays des dolmens pour une belle journ\u00e9e de motocross. A revivre en images&#8230;<\/p>\n<p>Photos: Yannick Bernard &#8211; <a href=\"http:\/\/www.bernardmx.com\" target=\"_blank\">Bernardmx.com<\/a><\/p><div class=\"manen6a97defdb5afe\" ><!-- \/91277017\/Inline-articles-mobile -->\n<div style=\"margin:auto; text-align:center !important\">\n<div id='div-gpt-ad-1784982661365-0' style='min-width: 250px; min-height: 75px;'>\n  <script>\n    googletag.cmd.push(function() { googletag.display('div-gpt-ad-1784982661365-0'); });\n  <\/script>\n<\/div><\/div><\/div><style type=\"text\/css\">\r\n.manen6a97defdb5afe {\r\nmargin-bottom:30px;margin-top:20px\r\n}\r\n@media screen and (min-width: 1201px) {\r\n.manen6a97defdb5afe {\r\ndisplay: block;\r\n}\r\n}\r\n@media screen and (min-width: 993px) and (max-width: 1200px) {\r\n.manen6a97defdb5afe {\r\ndisplay: block;\r\n}\r\n}\r\n@media screen and (min-width: 769px) and (max-width: 992px) {\r\n.manen6a97defdb5afe {\r\ndisplay: block;\r\n}\r\n}\r\n@media screen and (min-width: 768px) and (max-width: 768px) {\r\n.manen6a97defdb5afe {\r\ndisplay: block;\r\n}\r\n}\r\n@media screen and (max-width: 767px) {\r\n.manen6a97defdb5afe {\r\ndisplay: block;\r\n}\r\n}\r\n<\/style>\r\n\n<p><a rel=\"lightbox dia=1\" href=\"http:\/\/fr.motocrossmag.be\/wp-content\/uploads\/2012\/07\/weris_15.jpg\"><img decoding=\"async\" class=\"alignnone size-thumbnail wp-image-15562\" title=\"weris_15\" src=\"http:\/\/fr.motocrossmag.be\/wp-content\/uploads\/2012\/07\/weris_15-150x150.jpg\" alt=\"\" width=\"150\" height=\"150\" \/><\/a>\u00a0\u00a0 <a rel=\"lightbox dia=1\" href=\"http:\/\/fr.motocrossmag.be\/wp-content\/uploads\/2012\/07\/weris_0387.jpg\"><img decoding=\"async\" class=\"alignnone size-thumbnail wp-image-15561\" title=\"weris_0387\" src=\"http:\/\/fr.motocrossmag.be\/wp-content\/uploads\/2012\/07\/weris_0387-150x150.jpg\" alt=\"\" width=\"150\" height=\"150\" \/><\/a>\u00a0\u00a0 <a rel=\"lightbox dia=1\" href=\"http:\/\/fr.motocrossmag.be\/wp-content\/uploads\/2012\/07\/weris_0403.jpg\"><img decoding=\"async\" class=\"alignnone size-thumbnail wp-image-15560\" title=\"weris_0403\" src=\"http:\/\/fr.motocrossmag.be\/wp-content\/uploads\/2012\/07\/weris_0403-150x150.jpg\" alt=\"\" width=\"150\" height=\"150\" \/><\/a><br \/>\n<a rel=\"lightbox dia=1\" href=\"http:\/\/fr.motocrossmag.be\/wp-content\/uploads\/2012\/07\/weris_0404.jpg\"><img decoding=\"async\" class=\"alignnone size-thumbnail wp-image-15559\" title=\"weris_0404\" src=\"http:\/\/fr.motocrossmag.be\/wp-content\/uploads\/2012\/07\/weris_0404-150x150.jpg\" alt=\"\" width=\"150\" height=\"150\" \/><\/a>\u00a0\u00a0 <a rel=\"lightbox dia=1\" href=\"http:\/\/fr.motocrossmag.be\/wp-content\/uploads\/2012\/07\/weris_0525.jpg\"><img decoding=\"async\" class=\"alignnone size-thumbnail wp-image-15558\" title=\"weris_0525\" src=\"http:\/\/fr.motocrossmag.be\/wp-content\/uploads\/2012\/07\/weris_0525-150x150.jpg\" alt=\"\" width=\"150\" height=\"150\" \/><\/a>\u00a0\u00a0 <a rel=\"lightbox dia=1\" href=\"http:\/\/fr.motocrossmag.be\/wp-content\/uploads\/2012\/07\/weris_0531.jpg\"><img decoding=\"async\" class=\"alignnone size-thumbnail wp-image-15557\" title=\"weris_0531\" src=\"http:\/\/fr.motocrossmag.be\/wp-content\/uploads\/2012\/07\/weris_0531-150x150.jpg\" alt=\"\" width=\"150\" height=\"150\" \/><\/a><br \/>\n<a rel=\"lightbox dia=1\" href=\"http:\/\/fr.motocrossmag.be\/wp-content\/uploads\/2012\/07\/weris_0532.jpg\"><img decoding=\"async\" class=\"alignnone size-thumbnail wp-image-15556\" title=\"weris_0532\" src=\"http:\/\/fr.motocrossmag.be\/wp-content\/uploads\/2012\/07\/weris_0532-150x150.jpg\" alt=\"\" width=\"150\" height=\"150\" \/><\/a>\u00a0\u00a0 <a rel=\"lightbox dia=1\" href=\"http:\/\/fr.motocrossmag.be\/wp-content\/uploads\/2012\/07\/weris_0912.jpg\"><img decoding=\"async\" class=\"alignnone size-thumbnail wp-image-15555\" title=\"weris_0912\" src=\"http:\/\/fr.motocrossmag.be\/wp-content\/uploads\/2012\/07\/weris_0912-150x150.jpg\" alt=\"\" width=\"150\" height=\"150\" \/><\/a>\u00a0\u00a0 <a rel=\"lightbox dia=1\" href=\"http:\/\/fr.motocrossmag.be\/wp-content\/uploads\/2012\/07\/weris_0919.jpg\"><img decoding=\"async\" class=\"alignnone size-thumbnail wp-image-15554\" title=\"weris_0919\" src=\"http:\/\/fr.motocrossmag.be\/wp-content\/uploads\/2012\/07\/weris_0919-150x150.jpg\" alt=\"\" width=\"150\" height=\"150\" \/><\/a><br \/>\n<a rel=\"lightbox dia=1\" href=\"http:\/\/fr.motocrossmag.be\/wp-content\/uploads\/2012\/07\/weris_0939.jpg\"><img decoding=\"async\" class=\"alignnone size-thumbnail wp-image-15553\" title=\"weris_0939\" src=\"http:\/\/fr.motocrossmag.be\/wp-content\/uploads\/2012\/07\/weris_0939-150x150.jpg\" alt=\"\" width=\"150\" height=\"150\" \/><\/a>\u00a0\u00a0 <a rel=\"lightbox dia=1\" href=\"http:\/\/fr.motocrossmag.be\/wp-content\/uploads\/2012\/07\/weris_1077.jpg\"><img decoding=\"async\" class=\"alignnone size-thumbnail wp-image-15552\" title=\"weris_1077\" src=\"http:\/\/fr.motocrossmag.be\/wp-content\/uploads\/2012\/07\/weris_1077-150x150.jpg\" alt=\"\" width=\"150\" height=\"150\" \/><\/a>\u00a0\u00a0 <a rel=\"lightbox dia=1\" href=\"http:\/\/fr.motocrossmag.be\/wp-content\/uploads\/2012\/07\/weris_1337.jpg\"><img decoding=\"async\" class=\"alignnone size-thumbnail wp-image-15551\" title=\"weris_1337\" src=\"http:\/\/fr.motocrossmag.be\/wp-content\/uploads\/2012\/07\/weris_1337-150x150.jpg\" alt=\"\" width=\"150\" height=\"150\" \/><\/a><br \/>\n<a rel=\"lightbox dia=1\" href=\"http:\/\/fr.motocrossmag.be\/wp-content\/uploads\/2012\/07\/weris_1430.jpg\"><img decoding=\"async\" class=\"alignnone size-thumbnail wp-image-15550\" title=\"weris_1430\" src=\"http:\/\/fr.motocrossmag.be\/wp-content\/uploads\/2012\/07\/weris_1430-150x150.jpg\" alt=\"\" width=\"150\" height=\"150\" \/><\/a>\u00a0\u00a0 <a rel=\"lightbox dia=1\" href=\"http:\/\/fr.motocrossmag.be\/wp-content\/uploads\/2012\/07\/weris_1472.jpg\"><img decoding=\"async\" class=\"alignnone size-thumbnail wp-image-15549\" title=\"weris_1472\" src=\"http:\/\/fr.motocrossmag.be\/wp-content\/uploads\/2012\/07\/weris_1472-150x150.jpg\" alt=\"\" width=\"150\" height=\"150\" \/><\/a>\u00a0\u00a0 <a rel=\"lightbox dia=1\" href=\"http:\/\/fr.motocrossmag.be\/wp-content\/uploads\/2012\/07\/weris_1473.jpg\"><img decoding=\"async\" class=\"alignnone size-thumbnail wp-image-15548\" title=\"weris_1473\" src=\"http:\/\/fr.motocrossmag.be\/wp-content\/uploads\/2012\/07\/weris_1473-150x150.jpg\" alt=\"\" width=\"150\" height=\"150\" \/><\/a><br \/>\n<a rel=\"lightbox dia=1\" href=\"http:\/\/fr.motocrossmag.be\/wp-content\/uploads\/2012\/07\/weris_1536.jpg\"><img decoding=\"async\" class=\"alignnone size-thumbnail wp-image-15547\" title=\"weris_1536\" src=\"http:\/\/fr.motocrossmag.be\/wp-content\/uploads\/2012\/07\/weris_1536-150x150.jpg\" alt=\"\" width=\"150\" height=\"150\" \/><\/a>\u00a0\u00a0 <a rel=\"lightbox dia=1\" href=\"http:\/\/fr.motocrossmag.be\/wp-content\/uploads\/2012\/07\/weris_1561.jpg\"><img decoding=\"async\" class=\"alignnone size-thumbnail wp-image-15546\" title=\"weris_1561\" src=\"http:\/\/fr.motocrossmag.be\/wp-content\/uploads\/2012\/07\/weris_1561-150x150.jpg\" alt=\"\" width=\"150\" height=\"150\" \/><\/a>\u00a0\u00a0 <a rel=\"lightbox dia=1\" href=\"http:\/\/fr.motocrossmag.be\/wp-content\/uploads\/2012\/07\/weris_1562.jpg\"><img decoding=\"async\" class=\"alignnone size-thumbnail wp-image-15545\" title=\"weris_1562\" src=\"http:\/\/fr.motocrossmag.be\/wp-content\/uploads\/2012\/07\/weris_1562-150x150.jpg\" alt=\"\" width=\"150\" height=\"150\" \/><\/a><br \/>\n<a rel=\"lightbox dia=1\" href=\"http:\/\/fr.motocrossmag.be\/wp-content\/uploads\/2012\/07\/weris_1742.jpg\"><img decoding=\"async\" class=\"alignnone size-thumbnail wp-image-15544\" title=\"weris_1742\" src=\"http:\/\/fr.motocrossmag.be\/wp-content\/uploads\/2012\/07\/weris_1742-150x150.jpg\" alt=\"\" width=\"150\" height=\"150\" \/><\/a>\u00a0\u00a0 <a rel=\"lightbox dia=1\" href=\"http:\/\/fr.motocrossmag.be\/wp-content\/uploads\/2012\/07\/weris_1754.jpg\"><img decoding=\"async\" class=\"alignnone size-thumbnail wp-image-15543\" title=\"weris_1754\" src=\"http:\/\/fr.motocrossmag.be\/wp-content\/uploads\/2012\/07\/weris_1754-150x150.jpg\" alt=\"\" width=\"150\" height=\"150\" \/><\/a>\u00a0\u00a0 <a rel=\"lightbox dia=1\" href=\"http:\/\/fr.motocrossmag.be\/wp-content\/uploads\/2012\/07\/weris_1800.jpg\"><img decoding=\"async\" class=\"alignnone size-thumbnail wp-image-15542\" title=\"weris_1800\" src=\"http:\/\/fr.motocrossmag.be\/wp-content\/uploads\/2012\/07\/weris_1800-150x150.jpg\" alt=\"\" width=\"150\" height=\"150\" \/><\/a><br \/>\n<a rel=\"lightbox dia=1\" href=\"http:\/\/fr.motocrossmag.be\/wp-content\/uploads\/2012\/07\/weris_1833.jpg\"><img decoding=\"async\" class=\"alignnone size-thumbnail wp-image-15541\" title=\"weris_1833\" src=\"http:\/\/fr.motocrossmag.be\/wp-content\/uploads\/2012\/07\/weris_1833-150x150.jpg\" alt=\"\" width=\"150\" height=\"150\" \/><\/a>\u00a0\u00a0 <a rel=\"lightbox dia=1\" href=\"http:\/\/fr.motocrossmag.be\/wp-content\/uploads\/2012\/07\/weris_1840.jpg\"><img decoding=\"async\" class=\"alignnone size-thumbnail wp-image-15540\" title=\"weris_1840\" src=\"http:\/\/fr.motocrossmag.be\/wp-content\/uploads\/2012\/07\/weris_1840-150x150.jpg\" alt=\"\" width=\"150\" height=\"150\" \/><\/a>\u00a0\u00a0 <a rel=\"lightbox dia=1\" href=\"http:\/\/fr.motocrossmag.be\/wp-content\/uploads\/2012\/07\/weris_2000.jpg\"><img decoding=\"async\" class=\"alignnone size-thumbnail wp-image-15539\" title=\"weris_2000\" src=\"http:\/\/fr.motocrossmag.be\/wp-content\/uploads\/2012\/07\/weris_2000-150x150.jpg\" alt=\"\" width=\"150\" height=\"150\" \/><\/a><\/p>\n","protected":false},"excerpt":{"rendered":"<p>Apr\u00e8s quelques semaines d&rsquo;interruption et l&rsquo;annulation de l&rsquo;\u00e9preuve d&rsquo;Ebly, les pilotes AMPL \u00e9taient impatients de reprendre la piste. Ils \u00e9taient d&rsquo;ailleurs pr\u00e8s de 500 \u00e0\u00a0 avoir fait le d\u00e9placement pour disputer sur le circuit de W\u00e9ris la 6\u00e8me manche du championnat AMPL. Pilotes, public et soleil, tous les ingr\u00e9dients \u00e9taient donc au rendez-vous ce dimanche [&hellip;]<\/p>\n","protected":false},"author":932,"featured_media":0,"comment_status":"open","ping_status":"closed","sticky":false,"template":"","format":"standard","meta":{"tdm_status":"","tdm_grid_status":"","footnotes":""},"categories":[66,65],"tags":[],"class_list":["post-15538","post","type-post","status-publish","format-standard","category-photos","category-slideshow"],"yoast_head":"<!-- This site is optimized with the Yoast SEO plugin v28.4 - https:\/\/yoast.com\/product\/yoast-seo-wordpress\/ -->\n<title>Galerie photos | Photos: motocross AMPL \u00e0\u00a0 W\u00e9ris - Motocross - Enduro - Supermoto | MotocrossMag<\/title>\n<meta name=\"robots\" content=\"index, follow, max-snippet:-1, max-image-preview:large, max-video-preview:-1\" \/>\n<link rel=\"canonical\" href=\"https:\/\/fr.motocrossmag.be\/index.php\/2012\/07\/galerie-photos-photos-motocross-ampl-a-weris\/\" \/>\n<meta property=\"og:locale\" content=\"fr_FR\" \/>\n<meta property=\"og:type\" content=\"article\" \/>\n<meta property=\"og:title\" content=\"Galerie photos | Photos: motocross AMPL \u00e0\u00a0 W\u00e9ris - Motocross - Enduro - Supermoto | MotocrossMag\" \/>\n<meta property=\"og:description\" content=\"Apr\u00e8s quelques semaines d&rsquo;interruption et l&rsquo;annulation de l&rsquo;\u00e9preuve d&rsquo;Ebly, les pilotes AMPL \u00e9taient impatients de reprendre la piste. Ils \u00e9taient d&rsquo;ailleurs pr\u00e8s de 500 \u00e0\u00a0 avoir fait le d\u00e9placement pour disputer sur le circuit de W\u00e9ris la 6\u00e8me manche du championnat AMPL. Pilotes, public et soleil, tous les ingr\u00e9dients \u00e9taient donc au rendez-vous ce dimanche [&hellip;]\" \/>\n<meta property=\"og:url\" content=\"https:\/\/fr.motocrossmag.be\/index.php\/2012\/07\/galerie-photos-photos-motocross-ampl-a-weris\/\" \/>\n<meta property=\"og:site_name\" content=\"Motocross - Enduro - Supermoto | MotocrossMag\" \/>\n<meta property=\"article:published_time\" content=\"2012-07-24T11:16:08+00:00\" \/>\n<meta property=\"og:image\" content=\"http:\/\/fr.motocrossmag.be\/wp-content\/uploads\/2012\/07\/weris_15-150x150.jpg\" \/>\n<meta name=\"author\" content=\"oliviere\" \/>\n<meta name=\"twitter:card\" content=\"summary_large_image\" \/>\n<meta name=\"twitter:label1\" content=\"\u00c9crit par\" \/>\n\t<meta name=\"twitter:data1\" content=\"oliviere\" \/>\n<script type=\"application\/ld+json\" class=\"yoast-schema-graph\">{\"@context\":\"https:\\\/\\\/schema.org\",\"@graph\":[{\"@type\":\"Article\",\"@id\":\"https:\\\/\\\/fr.motocrossmag.be\\\/index.php\\\/2012\\\/07\\\/galerie-photos-photos-motocross-ampl-a-weris\\\/#article\",\"isPartOf\":{\"@id\":\"https:\\\/\\\/fr.motocrossmag.be\\\/index.php\\\/2012\\\/07\\\/galerie-photos-photos-motocross-ampl-a-weris\\\/\"},\"author\":{\"name\":\"oliviere\",\"@id\":\"https:\\\/\\\/fr.motocrossmag.be\\\/#\\\/schema\\\/person\\\/11b47143d9f755babca2c9110e03235c\"},\"headline\":\"Galerie photos | Photos: motocross AMPL \u00e0\u00a0 W\u00e9ris\",\"datePublished\":\"2012-07-24T11:16:08+00:00\",\"mainEntityOfPage\":{\"@id\":\"https:\\\/\\\/fr.motocrossmag.be\\\/index.php\\\/2012\\\/07\\\/galerie-photos-photos-motocross-ampl-a-weris\\\/\"},\"wordCount\":91,\"commentCount\":0,\"image\":{\"@id\":\"https:\\\/\\\/fr.motocrossmag.be\\\/index.php\\\/2012\\\/07\\\/galerie-photos-photos-motocross-ampl-a-weris\\\/#primaryimage\"},\"thumbnailUrl\":\"http:\\\/\\\/fr.motocrossmag.be\\\/wp-content\\\/uploads\\\/2012\\\/07\\\/weris_15-150x150.jpg\",\"articleSection\":[\"Photos\",\"Slideshow\"],\"inLanguage\":\"fr-FR\",\"potentialAction\":[{\"@type\":\"CommentAction\",\"name\":\"Comment\",\"target\":[\"https:\\\/\\\/fr.motocrossmag.be\\\/index.php\\\/2012\\\/07\\\/galerie-photos-photos-motocross-ampl-a-weris\\\/#respond\"]}]},{\"@type\":\"WebPage\",\"@id\":\"https:\\\/\\\/fr.motocrossmag.be\\\/index.php\\\/2012\\\/07\\\/galerie-photos-photos-motocross-ampl-a-weris\\\/\",\"url\":\"https:\\\/\\\/fr.motocrossmag.be\\\/index.php\\\/2012\\\/07\\\/galerie-photos-photos-motocross-ampl-a-weris\\\/\",\"name\":\"Galerie photos | Photos: motocross AMPL \u00e0\u00a0 W\u00e9ris - Motocross - Enduro - Supermoto | MotocrossMag\",\"isPartOf\":{\"@id\":\"https:\\\/\\\/fr.motocrossmag.be\\\/#website\"},\"primaryImageOfPage\":{\"@id\":\"https:\\\/\\\/fr.motocrossmag.be\\\/index.php\\\/2012\\\/07\\\/galerie-photos-photos-motocross-ampl-a-weris\\\/#primaryimage\"},\"image\":{\"@id\":\"https:\\\/\\\/fr.motocrossmag.be\\\/index.php\\\/2012\\\/07\\\/galerie-photos-photos-motocross-ampl-a-weris\\\/#primaryimage\"},\"thumbnailUrl\":\"http:\\\/\\\/fr.motocrossmag.be\\\/wp-content\\\/uploads\\\/2012\\\/07\\\/weris_15-150x150.jpg\",\"datePublished\":\"2012-07-24T11:16:08+00:00\",\"author\":{\"@id\":\"https:\\\/\\\/fr.motocrossmag.be\\\/#\\\/schema\\\/person\\\/11b47143d9f755babca2c9110e03235c\"},\"breadcrumb\":{\"@id\":\"https:\\\/\\\/fr.motocrossmag.be\\\/index.php\\\/2012\\\/07\\\/galerie-photos-photos-motocross-ampl-a-weris\\\/#breadcrumb\"},\"inLanguage\":\"fr-FR\",\"potentialAction\":[{\"@type\":\"ReadAction\",\"target\":[\"https:\\\/\\\/fr.motocrossmag.be\\\/index.php\\\/2012\\\/07\\\/galerie-photos-photos-motocross-ampl-a-weris\\\/\"]}]},{\"@type\":\"ImageObject\",\"inLanguage\":\"fr-FR\",\"@id\":\"https:\\\/\\\/fr.motocrossmag.be\\\/index.php\\\/2012\\\/07\\\/galerie-photos-photos-motocross-ampl-a-weris\\\/#primaryimage\",\"url\":\"https:\\\/\\\/fr.motocrossmag.be\\\/wp-content\\\/uploads\\\/2012\\\/07\\\/weris_15.jpg\",\"contentUrl\":\"https:\\\/\\\/fr.motocrossmag.be\\\/wp-content\\\/uploads\\\/2012\\\/07\\\/weris_15.jpg\",\"width\":900,\"height\":600},{\"@type\":\"BreadcrumbList\",\"@id\":\"https:\\\/\\\/fr.motocrossmag.be\\\/index.php\\\/2012\\\/07\\\/galerie-photos-photos-motocross-ampl-a-weris\\\/#breadcrumb\",\"itemListElement\":[{\"@type\":\"ListItem\",\"position\":1,\"name\":\"Accueil\",\"item\":\"https:\\\/\\\/fr.motocrossmag.be\\\/\"},{\"@type\":\"ListItem\",\"position\":2,\"name\":\"Galerie photos | Photos: motocross AMPL \u00e0\u00a0 W\u00e9ris\"}]},{\"@type\":\"WebSite\",\"@id\":\"https:\\\/\\\/fr.motocrossmag.be\\\/#website\",\"url\":\"https:\\\/\\\/fr.motocrossmag.be\\\/\",\"name\":\"Motocross - Enduro - Supermoto | MotocrossMag\",\"description\":\"L&#039;actualit\u00e9 du motocross, de l&#039;enduro et du Supermoto en ligne!\",\"potentialAction\":[{\"@type\":\"SearchAction\",\"target\":{\"@type\":\"EntryPoint\",\"urlTemplate\":\"https:\\\/\\\/fr.motocrossmag.be\\\/?s={search_term_string}\"},\"query-input\":{\"@type\":\"PropertyValueSpecification\",\"valueRequired\":true,\"valueName\":\"search_term_string\"}}],\"inLanguage\":\"fr-FR\"},{\"@type\":\"Person\",\"@id\":\"https:\\\/\\\/fr.motocrossmag.be\\\/#\\\/schema\\\/person\\\/11b47143d9f755babca2c9110e03235c\",\"name\":\"oliviere\",\"image\":{\"@type\":\"ImageObject\",\"inLanguage\":\"fr-FR\",\"@id\":\"https:\\\/\\\/secure.gravatar.com\\\/avatar\\\/907069e0b81d119452040469e4a7501da1100f54f7f80180ce77bfab718288f6?s=96&d=mm&r=g\",\"url\":\"https:\\\/\\\/secure.gravatar.com\\\/avatar\\\/907069e0b81d119452040469e4a7501da1100f54f7f80180ce77bfab718288f6?s=96&d=mm&r=g\",\"contentUrl\":\"https:\\\/\\\/secure.gravatar.com\\\/avatar\\\/907069e0b81d119452040469e4a7501da1100f54f7f80180ce77bfab718288f6?s=96&d=mm&r=g\",\"caption\":\"oliviere\"},\"sameAs\":[\"http:\\\/\\\/www.motocrossmag.be\"],\"url\":\"https:\\\/\\\/fr.motocrossmag.be\\\/index.php\\\/author\\\/oliviere\\\/\"}]}<\/script>\n<!-- \/ Yoast SEO plugin. -->","yoast_head_json":{"title":"Galerie photos | Photos: motocross AMPL \u00e0\u00a0 W\u00e9ris - Motocross - Enduro - Supermoto | MotocrossMag","robots":{"index":"index","follow":"follow","max-snippet":"max-snippet:-1","max-image-preview":"max-image-preview:large","max-video-preview":"max-video-preview:-1"},"canonical":"https:\/\/fr.motocrossmag.be\/index.php\/2012\/07\/galerie-photos-photos-motocross-ampl-a-weris\/","og_locale":"fr_FR","og_type":"article","og_title":"Galerie photos | Photos: motocross AMPL \u00e0\u00a0 W\u00e9ris - Motocross - Enduro - Supermoto | MotocrossMag","og_description":"Apr\u00e8s quelques semaines d&rsquo;interruption et l&rsquo;annulation de l&rsquo;\u00e9preuve d&rsquo;Ebly, les pilotes AMPL \u00e9taient impatients de reprendre la piste. Ils \u00e9taient d&rsquo;ailleurs pr\u00e8s de 500 \u00e0\u00a0 avoir fait le d\u00e9placement pour disputer sur le circuit de W\u00e9ris la 6\u00e8me manche du championnat AMPL. Pilotes, public et soleil, tous les ingr\u00e9dients \u00e9taient donc au rendez-vous ce dimanche [&hellip;]","og_url":"https:\/\/fr.motocrossmag.be\/index.php\/2012\/07\/galerie-photos-photos-motocross-ampl-a-weris\/","og_site_name":"Motocross - Enduro - Supermoto | MotocrossMag","article_published_time":"2012-07-24T11:16:08+00:00","og_image":[{"url":"http:\/\/fr.motocrossmag.be\/wp-content\/uploads\/2012\/07\/weris_15-150x150.jpg","type":"","width":"","height":""}],"author":"oliviere","twitter_card":"summary_large_image","twitter_misc":{"\u00c9crit par":"oliviere"},"schema":{"@context":"https:\/\/schema.org","@graph":[{"@type":"Article","@id":"https:\/\/fr.motocrossmag.be\/index.php\/2012\/07\/galerie-photos-photos-motocross-ampl-a-weris\/#article","isPartOf":{"@id":"https:\/\/fr.motocrossmag.be\/index.php\/2012\/07\/galerie-photos-photos-motocross-ampl-a-weris\/"},"author":{"name":"oliviere","@id":"https:\/\/fr.motocrossmag.be\/#\/schema\/person\/11b47143d9f755babca2c9110e03235c"},"headline":"Galerie photos | Photos: motocross AMPL \u00e0\u00a0 W\u00e9ris","datePublished":"2012-07-24T11:16:08+00:00","mainEntityOfPage":{"@id":"https:\/\/fr.motocrossmag.be\/index.php\/2012\/07\/galerie-photos-photos-motocross-ampl-a-weris\/"},"wordCount":91,"commentCount":0,"image":{"@id":"https:\/\/fr.motocrossmag.be\/index.php\/2012\/07\/galerie-photos-photos-motocross-ampl-a-weris\/#primaryimage"},"thumbnailUrl":"http:\/\/fr.motocrossmag.be\/wp-content\/uploads\/2012\/07\/weris_15-150x150.jpg","articleSection":["Photos","Slideshow"],"inLanguage":"fr-FR","potentialAction":[{"@type":"CommentAction","name":"Comment","target":["https:\/\/fr.motocrossmag.be\/index.php\/2012\/07\/galerie-photos-photos-motocross-ampl-a-weris\/#respond"]}]},{"@type":"WebPage","@id":"https:\/\/fr.motocrossmag.be\/index.php\/2012\/07\/galerie-photos-photos-motocross-ampl-a-weris\/","url":"https:\/\/fr.motocrossmag.be\/index.php\/2012\/07\/galerie-photos-photos-motocross-ampl-a-weris\/","name":"Galerie photos | Photos: motocross AMPL \u00e0\u00a0 W\u00e9ris - Motocross - Enduro - Supermoto | MotocrossMag","isPartOf":{"@id":"https:\/\/fr.motocrossmag.be\/#website"},"primaryImageOfPage":{"@id":"https:\/\/fr.motocrossmag.be\/index.php\/2012\/07\/galerie-photos-photos-motocross-ampl-a-weris\/#primaryimage"},"image":{"@id":"https:\/\/fr.motocrossmag.be\/index.php\/2012\/07\/galerie-photos-photos-motocross-ampl-a-weris\/#primaryimage"},"thumbnailUrl":"http:\/\/fr.motocrossmag.be\/wp-content\/uploads\/2012\/07\/weris_15-150x150.jpg","datePublished":"2012-07-24T11:16:08+00:00","author":{"@id":"https:\/\/fr.motocrossmag.be\/#\/schema\/person\/11b47143d9f755babca2c9110e03235c"},"breadcrumb":{"@id":"https:\/\/fr.motocrossmag.be\/index.php\/2012\/07\/galerie-photos-photos-motocross-ampl-a-weris\/#breadcrumb"},"inLanguage":"fr-FR","potentialAction":[{"@type":"ReadAction","target":["https:\/\/fr.motocrossmag.be\/index.php\/2012\/07\/galerie-photos-photos-motocross-ampl-a-weris\/"]}]},{"@type":"ImageObject","inLanguage":"fr-FR","@id":"https:\/\/fr.motocrossmag.be\/index.php\/2012\/07\/galerie-photos-photos-motocross-ampl-a-weris\/#primaryimage","url":"https:\/\/fr.motocrossmag.be\/wp-content\/uploads\/2012\/07\/weris_15.jpg","contentUrl":"https:\/\/fr.motocrossmag.be\/wp-content\/uploads\/2012\/07\/weris_15.jpg","width":900,"height":600},{"@type":"BreadcrumbList","@id":"https:\/\/fr.motocrossmag.be\/index.php\/2012\/07\/galerie-photos-photos-motocross-ampl-a-weris\/#breadcrumb","itemListElement":[{"@type":"ListItem","position":1,"name":"Accueil","item":"https:\/\/fr.motocrossmag.be\/"},{"@type":"ListItem","position":2,"name":"Galerie photos | Photos: motocross AMPL \u00e0\u00a0 W\u00e9ris"}]},{"@type":"WebSite","@id":"https:\/\/fr.motocrossmag.be\/#website","url":"https:\/\/fr.motocrossmag.be\/","name":"Motocross - Enduro - Supermoto | MotocrossMag","description":"L&#039;actualit\u00e9 du motocross, de l&#039;enduro et du Supermoto en ligne!","potentialAction":[{"@type":"SearchAction","target":{"@type":"EntryPoint","urlTemplate":"https:\/\/fr.motocrossmag.be\/?s={search_term_string}"},"query-input":{"@type":"PropertyValueSpecification","valueRequired":true,"valueName":"search_term_string"}}],"inLanguage":"fr-FR"},{"@type":"Person","@id":"https:\/\/fr.motocrossmag.be\/#\/schema\/person\/11b47143d9f755babca2c9110e03235c","name":"oliviere","image":{"@type":"ImageObject","inLanguage":"fr-FR","@id":"https:\/\/secure.gravatar.com\/avatar\/907069e0b81d119452040469e4a7501da1100f54f7f80180ce77bfab718288f6?s=96&d=mm&r=g","url":"https:\/\/secure.gravatar.com\/avatar\/907069e0b81d119452040469e4a7501da1100f54f7f80180ce77bfab718288f6?s=96&d=mm&r=g","contentUrl":"https:\/\/secure.gravatar.com\/avatar\/907069e0b81d119452040469e4a7501da1100f54f7f80180ce77bfab718288f6?s=96&d=mm&r=g","caption":"oliviere"},"sameAs":["http:\/\/www.motocrossmag.be"],"url":"https:\/\/fr.motocrossmag.be\/index.php\/author\/oliviere\/"}]}},"_links":{"self":[{"href":"https:\/\/fr.motocrossmag.be\/index.php\/wp-json\/wp\/v2\/posts\/15538","targetHints":{"allow":["GET"]}}],"collection":[{"href":"https:\/\/fr.motocrossmag.be\/index.php\/wp-json\/wp\/v2\/posts"}],"about":[{"href":"https:\/\/fr.motocrossmag.be\/index.php\/wp-json\/wp\/v2\/types\/post"}],"author":[{"embeddable":true,"href":"https:\/\/fr.motocrossmag.be\/index.php\/wp-json\/wp\/v2\/users\/932"}],"replies":[{"embeddable":true,"href":"https:\/\/fr.motocrossmag.be\/index.php\/wp-json\/wp\/v2\/comments?post=15538"}],"version-history":[{"count":0,"href":"https:\/\/fr.motocrossmag.be\/index.php\/wp-json\/wp\/v2\/posts\/15538\/revisions"}],"wp:attachment":[{"href":"https:\/\/fr.motocrossmag.be\/index.php\/wp-json\/wp\/v2\/media?parent=15538"}],"wp:term":[{"taxonomy":"category","embeddable":true,"href":"https:\/\/fr.motocrossmag.be\/index.php\/wp-json\/wp\/v2\/categories?post=15538"},{"taxonomy":"post_tag","embeddable":true,"href":"https:\/\/fr.motocrossmag.be\/index.php\/wp-json\/wp\/v2\/tags?post=15538"}],"curies":[{"name":"wp","href":"https:\/\/api.w.org\/{rel}","templated":true}]}}