{"id":155553,"date":"2026-04-27T11:04:43","date_gmt":"2026-04-27T09:04:43","guid":{"rendered":"https:\/\/fr.motocrossmag.be\/?p=155553"},"modified":"2026-04-27T11:04:43","modified_gmt":"2026-04-27T09:04:43","slug":"simon-langenfelder-en-450-sur-le-championnat-adac-mx-master-une-bonne-maniere-de-rester-dans-le-rythme","status":"publish","type":"post","link":"https:\/\/fr.motocrossmag.be\/index.php\/2026\/04\/simon-langenfelder-en-450-sur-le-championnat-adac-mx-master-une-bonne-maniere-de-rester-dans-le-rythme\/","title":{"rendered":"Simon L\u00e4ngenfelder en 450 sur le championnat ADAC MX Master : \u00ab Une bonne mani\u00e8re de rester dans le rythme \u00bb"},"content":{"rendered":"<p>Le champion du monde MX2 en titre, Simon L\u00e4ngenfelder, sera au d\u00e9part de la deuxi\u00e8me \u00e9preuve de la s\u00e9rie allemande ADAC MX Masters de Dreetz les 9 et 10 mai. Le pilote du Red Bull KTM Factory Racing y disputera sa toute premi\u00e8re course sur une 450 cm\u00b3, profitant de la pause au calendrier MXGP.<\/p>\n<p><strong>Pourquoi avoir choisi de rouler \u00e0 Dreetz ?<\/strong><\/p>\n<p>\u00ab Apr\u00e8s le GP d\u2019Arco, nous avons plus d\u2019un mois sans course. Je voulais absolument rouler pour rester dans le rythme, et Dreetz tombe parfaitement. Ce sera aussi l\u2019occasion de faire ma premi\u00e8re course sur une 450. \u00bb<\/p>\n<p><a href=\"https:\/\/fr.motocrossmag.be\/wp-content\/uploads\/2026\/04\/d6d604f1f9c39dab8874fc44a88d7ee5_kqe1sg.webp\"><img decoding=\"async\" class=\"lazyload alignnone size-full wp-image-155555\" src=\"https:\/\/fr.motocrossmag.be\/wp-content\/uploads\/2026\/04\/d6d604f1f9c39dab8874fc44a88d7ee5_kqe1sg.webp\" data-orig-src=\"https:\/\/fr.motocrossmag.be\/wp-content\/uploads\/2026\/04\/d6d604f1f9c39dab8874fc44a88d7ee5_kqe1sg.webp\" alt=\"\" width=\"1200\" height=\"800\" srcset=\"data:image\/svg+xml,%3Csvg%20xmlns%3D%27http%3A%2F%2Fwww.w3.org%2F2000%2Fsvg%27%20width%3D%271200%27%20height%3D%27800%27%20viewBox%3D%270%200%201200%20800%27%3E%3Crect%20width%3D%271200%27%20height%3D%27800%27%20fill-opacity%3D%220%22%2F%3E%3C%2Fsvg%3E\" data-srcset=\"https:\/\/fr.motocrossmag.be\/wp-content\/uploads\/2026\/04\/d6d604f1f9c39dab8874fc44a88d7ee5_kqe1sg-200x133.webp 200w, https:\/\/fr.motocrossmag.be\/wp-content\/uploads\/2026\/04\/d6d604f1f9c39dab8874fc44a88d7ee5_kqe1sg-400x267.webp 400w, https:\/\/fr.motocrossmag.be\/wp-content\/uploads\/2026\/04\/d6d604f1f9c39dab8874fc44a88d7ee5_kqe1sg-600x400.webp 600w, https:\/\/fr.motocrossmag.be\/wp-content\/uploads\/2026\/04\/d6d604f1f9c39dab8874fc44a88d7ee5_kqe1sg-650x433.webp 650w, https:\/\/fr.motocrossmag.be\/wp-content\/uploads\/2026\/04\/d6d604f1f9c39dab8874fc44a88d7ee5_kqe1sg-768x512.webp 768w, https:\/\/fr.motocrossmag.be\/wp-content\/uploads\/2026\/04\/d6d604f1f9c39dab8874fc44a88d7ee5_kqe1sg-800x533.webp 800w, https:\/\/fr.motocrossmag.be\/wp-content\/uploads\/2026\/04\/d6d604f1f9c39dab8874fc44a88d7ee5_kqe1sg-1024x683.webp 1024w, https:\/\/fr.motocrossmag.be\/wp-content\/uploads\/2026\/04\/d6d604f1f9c39dab8874fc44a88d7ee5_kqe1sg.webp 1200w\" data-sizes=\"auto\" data-orig-sizes=\"(max-width: 1200px) 100vw, 1200px\" \/><\/a><\/p>\n<p><strong>Que penses-tu du circuit ?<\/strong><\/p>\n<p>\u00ab J\u2019y ai d\u00e9j\u00e0 roul\u00e9 \u00e0 l\u2019entra\u00eenement et peut-\u00eatre en course quand j\u2019\u00e9tais plus jeune, mais jamais en ADAC MX Masters. C\u2019est une piste exigeante, avec beaucoup de virages \u00e0 180\u00b0 dans le sable. L\u2019an dernier, elle \u00e9tait tr\u00e8s creus\u00e9e, mais c\u2019est justement id\u00e9al pour pr\u00e9parer les courses de MXGP. \u00bb<\/p>\n<p><strong>L\u2019exp\u00e9rience 2025 t\u2019a donn\u00e9 envie de revenir ?<\/strong><\/p>\n<p>\u00ab Oui, clairement. Depuis que je suis revenu vivre en Allemagne, c\u2019est plus simple logistiquement. J\u2019ai aussi \u00e9t\u00e9 surpris par le niveau et le professionnalisme de la s\u00e9rie. Il y a beaucoup de pilotes, toutes les classes sont pleines et il faut se qualifier. C\u2019est quelque chose que je ne connaissais plus vraiment en mondial. J\u2019aimerais participer \u00e0 une ou deux courses chaque ann\u00e9e, si le calendrier le permet. \u00bb<\/p>\n<p><strong>Quel r\u00f4le a jou\u00e9 l\u2019ADAC MX Masters dans ta progression ?<\/strong><\/p>\n<p>\u00ab Quand je roulais en Junior Cup en 2018 et 2019, il y avait moins de courses EMX. Cette s\u00e9rie m\u2019a vraiment aid\u00e9 \u00e0 acqu\u00e9rir de l\u2019exp\u00e9rience et \u00e0 progresser \u00e0 un niveau international. Avoir un championnat aussi relev\u00e9 pr\u00e8s de chez soi, avec des pilotes du monde entier, a \u00e9t\u00e9 tr\u00e8s important dans mon parcours. \u00bb<\/p>\n<blockquote><p>\u00ab\u00a0Je suis curieux de voir comment je vais me sentir sur la 450.\u00a0\u00bb<\/p><\/blockquote>\n<p><strong>Quels seront tes objectifs \u00e0 Dreetz ?<\/strong><\/p>\n<p>\u00ab Les pilotes du championnat connaissent tr\u00e8s bien la piste. Bien s\u00fbr, je vais essayer de jouer devant, mais c\u2019est ma premi\u00e8re course en 450, donc je dois rester calme. Des pilotes comme Max Nagl ou Roan van de Moosdijk sont tr\u00e8s rapides. Je suis surtout curieux de voir comment je vais me sentir sur la moto, que j\u2019ai encore peu pilot\u00e9e. \u00bb<\/p>\n<p><strong>Le retour devant le public allemand compte-t-il particuli\u00e8rement ?<\/strong><\/p>\n<p>\u00ab Oui, c\u2019est vraiment sympa. Maintenant que je suis plus souvent en Allemagne, je peux voir davantage de fans et \u00e9changer avec eux. C\u2019est important pour eux aussi de nous voir en vrai, pas seulement en livestream. L\u2019ambiance \u00e9tait d\u00e9j\u00e0 top l\u2019an dernier, et je pense que ce sera encore le cas \u00e0 Dreetz. \u00bb<\/p>\n","protected":false},"excerpt":{"rendered":"<p>Le champion du monde MX2 en titre, Simon L\u00e4ngenfelder, sera au d\u00e9part de la deuxi\u00e8me \u00e9preuve de la s\u00e9rie allemande ADAC MX Masters de Dreetz les 9 et 10 mai. [&#8230;]<\/p>\n","protected":false},"author":932,"featured_media":155554,"comment_status":"open","ping_status":"closed","sticky":false,"template":"","format":"standard","meta":{"footnotes":""},"categories":[54,7,58,4,5,55,65],"tags":[947,1973],"class_list":["post-155553","post","type-post","status-publish","format-standard","has-post-thumbnail","hentry","category-actualite","category-interviews","category-interviews-actualite","category-motocross","category-news","category-news-actualite","category-slideshow","tag-motocross","tag-simon-laengenfelder"],"yoast_head":"<!-- This site is optimized with the Yoast SEO plugin v27.4 - https:\/\/yoast.com\/product\/yoast-seo-wordpress\/ -->\n<title>Simon L\u00e4ngenfelder en 450 sur le championnat ADAC MX Master : \u00ab Une bonne mani\u00e8re de rester dans le rythme \u00bb - Motocross - Enduro - Supermoto | MotocrossMag<\/title>\n<meta name=\"robots\" content=\"index, follow, max-snippet:-1, max-image-preview:large, max-video-preview:-1\" \/>\n<link rel=\"canonical\" href=\"https:\/\/fr.motocrossmag.be\/index.php\/2026\/04\/simon-langenfelder-en-450-sur-le-championnat-adac-mx-master-une-bonne-maniere-de-rester-dans-le-rythme\/\" \/>\n<meta property=\"og:locale\" content=\"fr_FR\" \/>\n<meta property=\"og:type\" content=\"article\" \/>\n<meta property=\"og:title\" content=\"Simon L\u00e4ngenfelder en 450 sur le championnat ADAC MX Master : \u00ab Une bonne mani\u00e8re de rester dans le rythme \u00bb - Motocross - Enduro - Supermoto | MotocrossMag\" \/>\n<meta property=\"og:description\" content=\"Le champion du monde MX2 en titre, Simon L\u00e4ngenfelder, sera au d\u00e9part de la deuxi\u00e8me \u00e9preuve de la s\u00e9rie allemande ADAC MX Masters de Dreetz les 9 et 10 mai. [...]\" \/>\n<meta property=\"og:url\" content=\"https:\/\/fr.motocrossmag.be\/index.php\/2026\/04\/simon-langenfelder-en-450-sur-le-championnat-adac-mx-master-une-bonne-maniere-de-rester-dans-le-rythme\/\" \/>\n<meta property=\"og:site_name\" content=\"Motocross - Enduro - Supermoto | MotocrossMag\" \/>\n<meta property=\"article:published_time\" content=\"2026-04-27T09:04:43+00:00\" \/>\n<meta property=\"og:image\" content=\"https:\/\/fr.motocrossmag.be\/wp-content\/uploads\/2026\/04\/58cfc13566cbe46eab7c46f01c91d01e_zadume.webp\" \/>\n\t<meta property=\"og:image:width\" content=\"1200\" \/>\n\t<meta property=\"og:image:height\" content=\"800\" \/>\n\t<meta property=\"og:image:type\" content=\"image\/webp\" \/>\n<meta name=\"author\" content=\"oliviere\" \/>\n<meta name=\"twitter:card\" content=\"summary_large_image\" \/>\n<meta name=\"twitter:label1\" content=\"\u00c9crit par\" \/>\n\t<meta name=\"twitter:data1\" content=\"oliviere\" \/>\n\t<meta name=\"twitter:label2\" content=\"Dur\u00e9e de lecture estim\u00e9e\" \/>\n\t<meta name=\"twitter:data2\" content=\"1 minute\" \/>\n<script type=\"application\/ld+json\" class=\"yoast-schema-graph\">{\"@context\":\"https:\\\/\\\/schema.org\",\"@graph\":[{\"@type\":\"Article\",\"@id\":\"https:\\\/\\\/fr.motocrossmag.be\\\/index.php\\\/2026\\\/04\\\/simon-langenfelder-en-450-sur-le-championnat-adac-mx-master-une-bonne-maniere-de-rester-dans-le-rythme\\\/#article\",\"isPartOf\":{\"@id\":\"https:\\\/\\\/fr.motocrossmag.be\\\/index.php\\\/2026\\\/04\\\/simon-langenfelder-en-450-sur-le-championnat-adac-mx-master-une-bonne-maniere-de-rester-dans-le-rythme\\\/\"},\"author\":{\"name\":\"oliviere\",\"@id\":\"https:\\\/\\\/fr.motocrossmag.be\\\/#\\\/schema\\\/person\\\/11b47143d9f755babca2c9110e03235c\"},\"headline\":\"Simon L\u00e4ngenfelder en 450 sur le championnat ADAC MX Master : \u00ab Une bonne mani\u00e8re de rester dans le rythme \u00bb\",\"datePublished\":\"2026-04-27T09:04:43+00:00\",\"mainEntityOfPage\":{\"@id\":\"https:\\\/\\\/fr.motocrossmag.be\\\/index.php\\\/2026\\\/04\\\/simon-langenfelder-en-450-sur-le-championnat-adac-mx-master-une-bonne-maniere-de-rester-dans-le-rythme\\\/\"},\"wordCount\":486,\"commentCount\":0,\"image\":{\"@id\":\"https:\\\/\\\/fr.motocrossmag.be\\\/index.php\\\/2026\\\/04\\\/simon-langenfelder-en-450-sur-le-championnat-adac-mx-master-une-bonne-maniere-de-rester-dans-le-rythme\\\/#primaryimage\"},\"thumbnailUrl\":\"https:\\\/\\\/fr.motocrossmag.be\\\/wp-content\\\/uploads\\\/2026\\\/04\\\/58cfc13566cbe46eab7c46f01c91d01e_zadume.webp\",\"keywords\":[\"Motocross\",\"simon laengenfelder\"],\"articleSection\":[\"Actualit\u00e9\",\"Interviews\",\"Interviews -all\",\"Motocross\",\"News\",\"News\",\"Slideshow\"],\"inLanguage\":\"fr-FR\",\"potentialAction\":[{\"@type\":\"CommentAction\",\"name\":\"Comment\",\"target\":[\"https:\\\/\\\/fr.motocrossmag.be\\\/index.php\\\/2026\\\/04\\\/simon-langenfelder-en-450-sur-le-championnat-adac-mx-master-une-bonne-maniere-de-rester-dans-le-rythme\\\/#respond\"]}]},{\"@type\":\"WebPage\",\"@id\":\"https:\\\/\\\/fr.motocrossmag.be\\\/index.php\\\/2026\\\/04\\\/simon-langenfelder-en-450-sur-le-championnat-adac-mx-master-une-bonne-maniere-de-rester-dans-le-rythme\\\/\",\"url\":\"https:\\\/\\\/fr.motocrossmag.be\\\/index.php\\\/2026\\\/04\\\/simon-langenfelder-en-450-sur-le-championnat-adac-mx-master-une-bonne-maniere-de-rester-dans-le-rythme\\\/\",\"name\":\"Simon L\u00e4ngenfelder en 450 sur le championnat ADAC MX Master : \u00ab Une bonne mani\u00e8re de rester dans le rythme \u00bb - Motocross - Enduro - Supermoto | MotocrossMag\",\"isPartOf\":{\"@id\":\"https:\\\/\\\/fr.motocrossmag.be\\\/#website\"},\"primaryImageOfPage\":{\"@id\":\"https:\\\/\\\/fr.motocrossmag.be\\\/index.php\\\/2026\\\/04\\\/simon-langenfelder-en-450-sur-le-championnat-adac-mx-master-une-bonne-maniere-de-rester-dans-le-rythme\\\/#primaryimage\"},\"image\":{\"@id\":\"https:\\\/\\\/fr.motocrossmag.be\\\/index.php\\\/2026\\\/04\\\/simon-langenfelder-en-450-sur-le-championnat-adac-mx-master-une-bonne-maniere-de-rester-dans-le-rythme\\\/#primaryimage\"},\"thumbnailUrl\":\"https:\\\/\\\/fr.motocrossmag.be\\\/wp-content\\\/uploads\\\/2026\\\/04\\\/58cfc13566cbe46eab7c46f01c91d01e_zadume.webp\",\"datePublished\":\"2026-04-27T09:04:43+00:00\",\"author\":{\"@id\":\"https:\\\/\\\/fr.motocrossmag.be\\\/#\\\/schema\\\/person\\\/11b47143d9f755babca2c9110e03235c\"},\"breadcrumb\":{\"@id\":\"https:\\\/\\\/fr.motocrossmag.be\\\/index.php\\\/2026\\\/04\\\/simon-langenfelder-en-450-sur-le-championnat-adac-mx-master-une-bonne-maniere-de-rester-dans-le-rythme\\\/#breadcrumb\"},\"inLanguage\":\"fr-FR\",\"potentialAction\":[{\"@type\":\"ReadAction\",\"target\":[\"https:\\\/\\\/fr.motocrossmag.be\\\/index.php\\\/2026\\\/04\\\/simon-langenfelder-en-450-sur-le-championnat-adac-mx-master-une-bonne-maniere-de-rester-dans-le-rythme\\\/\"]}]},{\"@type\":\"ImageObject\",\"inLanguage\":\"fr-FR\",\"@id\":\"https:\\\/\\\/fr.motocrossmag.be\\\/index.php\\\/2026\\\/04\\\/simon-langenfelder-en-450-sur-le-championnat-adac-mx-master-une-bonne-maniere-de-rester-dans-le-rythme\\\/#primaryimage\",\"url\":\"https:\\\/\\\/fr.motocrossmag.be\\\/wp-content\\\/uploads\\\/2026\\\/04\\\/58cfc13566cbe46eab7c46f01c91d01e_zadume.webp\",\"contentUrl\":\"https:\\\/\\\/fr.motocrossmag.be\\\/wp-content\\\/uploads\\\/2026\\\/04\\\/58cfc13566cbe46eab7c46f01c91d01e_zadume.webp\",\"width\":1200,\"height\":800},{\"@type\":\"BreadcrumbList\",\"@id\":\"https:\\\/\\\/fr.motocrossmag.be\\\/index.php\\\/2026\\\/04\\\/simon-langenfelder-en-450-sur-le-championnat-adac-mx-master-une-bonne-maniere-de-rester-dans-le-rythme\\\/#breadcrumb\",\"itemListElement\":[{\"@type\":\"ListItem\",\"position\":1,\"name\":\"Accueil\",\"item\":\"https:\\\/\\\/fr.motocrossmag.be\\\/\"},{\"@type\":\"ListItem\",\"position\":2,\"name\":\"Simon L\u00e4ngenfelder en 450 sur le championnat ADAC MX Master : \u00ab Une bonne mani\u00e8re de rester dans le rythme \u00bb\"}]},{\"@type\":\"WebSite\",\"@id\":\"https:\\\/\\\/fr.motocrossmag.be\\\/#website\",\"url\":\"https:\\\/\\\/fr.motocrossmag.be\\\/\",\"name\":\"Motocross - Enduro - Supermoto | MotocrossMag\",\"description\":\"L&#039;actualit\u00e9 du motocross, de l&#039;enduro et du Supermoto en ligne!\",\"potentialAction\":[{\"@type\":\"SearchAction\",\"target\":{\"@type\":\"EntryPoint\",\"urlTemplate\":\"https:\\\/\\\/fr.motocrossmag.be\\\/?s={search_term_string}\"},\"query-input\":{\"@type\":\"PropertyValueSpecification\",\"valueRequired\":true,\"valueName\":\"search_term_string\"}}],\"inLanguage\":\"fr-FR\"},{\"@type\":\"Person\",\"@id\":\"https:\\\/\\\/fr.motocrossmag.be\\\/#\\\/schema\\\/person\\\/11b47143d9f755babca2c9110e03235c\",\"name\":\"oliviere\",\"image\":{\"@type\":\"ImageObject\",\"inLanguage\":\"fr-FR\",\"@id\":\"https:\\\/\\\/secure.gravatar.com\\\/avatar\\\/907069e0b81d119452040469e4a7501da1100f54f7f80180ce77bfab718288f6?s=96&d=mm&r=g\",\"url\":\"https:\\\/\\\/secure.gravatar.com\\\/avatar\\\/907069e0b81d119452040469e4a7501da1100f54f7f80180ce77bfab718288f6?s=96&d=mm&r=g\",\"contentUrl\":\"https:\\\/\\\/secure.gravatar.com\\\/avatar\\\/907069e0b81d119452040469e4a7501da1100f54f7f80180ce77bfab718288f6?s=96&d=mm&r=g\",\"caption\":\"oliviere\"},\"sameAs\":[\"http:\\\/\\\/www.motocrossmag.be\"],\"url\":\"https:\\\/\\\/fr.motocrossmag.be\\\/index.php\\\/author\\\/oliviere\\\/\"}]}<\/script>\n<!-- \/ Yoast SEO plugin. -->","yoast_head_json":{"title":"Simon L\u00e4ngenfelder en 450 sur le championnat ADAC MX Master : \u00ab Une bonne mani\u00e8re de rester dans le rythme \u00bb - Motocross - Enduro - Supermoto | MotocrossMag","robots":{"index":"index","follow":"follow","max-snippet":"max-snippet:-1","max-image-preview":"max-image-preview:large","max-video-preview":"max-video-preview:-1"},"canonical":"https:\/\/fr.motocrossmag.be\/index.php\/2026\/04\/simon-langenfelder-en-450-sur-le-championnat-adac-mx-master-une-bonne-maniere-de-rester-dans-le-rythme\/","og_locale":"fr_FR","og_type":"article","og_title":"Simon L\u00e4ngenfelder en 450 sur le championnat ADAC MX Master : \u00ab Une bonne mani\u00e8re de rester dans le rythme \u00bb - Motocross - Enduro - Supermoto | MotocrossMag","og_description":"Le champion du monde MX2 en titre, Simon L\u00e4ngenfelder, sera au d\u00e9part de la deuxi\u00e8me \u00e9preuve de la s\u00e9rie allemande ADAC MX Masters de Dreetz les 9 et 10 mai. [...]","og_url":"https:\/\/fr.motocrossmag.be\/index.php\/2026\/04\/simon-langenfelder-en-450-sur-le-championnat-adac-mx-master-une-bonne-maniere-de-rester-dans-le-rythme\/","og_site_name":"Motocross - Enduro - Supermoto | MotocrossMag","article_published_time":"2026-04-27T09:04:43+00:00","og_image":[{"width":1200,"height":800,"url":"https:\/\/fr.motocrossmag.be\/wp-content\/uploads\/2026\/04\/58cfc13566cbe46eab7c46f01c91d01e_zadume.webp","type":"image\/webp"}],"author":"oliviere","twitter_card":"summary_large_image","twitter_misc":{"\u00c9crit par":"oliviere","Dur\u00e9e de lecture estim\u00e9e":"1 minute"},"schema":{"@context":"https:\/\/schema.org","@graph":[{"@type":"Article","@id":"https:\/\/fr.motocrossmag.be\/index.php\/2026\/04\/simon-langenfelder-en-450-sur-le-championnat-adac-mx-master-une-bonne-maniere-de-rester-dans-le-rythme\/#article","isPartOf":{"@id":"https:\/\/fr.motocrossmag.be\/index.php\/2026\/04\/simon-langenfelder-en-450-sur-le-championnat-adac-mx-master-une-bonne-maniere-de-rester-dans-le-rythme\/"},"author":{"name":"oliviere","@id":"https:\/\/fr.motocrossmag.be\/#\/schema\/person\/11b47143d9f755babca2c9110e03235c"},"headline":"Simon L\u00e4ngenfelder en 450 sur le championnat ADAC MX Master : \u00ab Une bonne mani\u00e8re de rester dans le rythme \u00bb","datePublished":"2026-04-27T09:04:43+00:00","mainEntityOfPage":{"@id":"https:\/\/fr.motocrossmag.be\/index.php\/2026\/04\/simon-langenfelder-en-450-sur-le-championnat-adac-mx-master-une-bonne-maniere-de-rester-dans-le-rythme\/"},"wordCount":486,"commentCount":0,"image":{"@id":"https:\/\/fr.motocrossmag.be\/index.php\/2026\/04\/simon-langenfelder-en-450-sur-le-championnat-adac-mx-master-une-bonne-maniere-de-rester-dans-le-rythme\/#primaryimage"},"thumbnailUrl":"https:\/\/fr.motocrossmag.be\/wp-content\/uploads\/2026\/04\/58cfc13566cbe46eab7c46f01c91d01e_zadume.webp","keywords":["Motocross","simon laengenfelder"],"articleSection":["Actualit\u00e9","Interviews","Interviews -all","Motocross","News","News","Slideshow"],"inLanguage":"fr-FR","potentialAction":[{"@type":"CommentAction","name":"Comment","target":["https:\/\/fr.motocrossmag.be\/index.php\/2026\/04\/simon-langenfelder-en-450-sur-le-championnat-adac-mx-master-une-bonne-maniere-de-rester-dans-le-rythme\/#respond"]}]},{"@type":"WebPage","@id":"https:\/\/fr.motocrossmag.be\/index.php\/2026\/04\/simon-langenfelder-en-450-sur-le-championnat-adac-mx-master-une-bonne-maniere-de-rester-dans-le-rythme\/","url":"https:\/\/fr.motocrossmag.be\/index.php\/2026\/04\/simon-langenfelder-en-450-sur-le-championnat-adac-mx-master-une-bonne-maniere-de-rester-dans-le-rythme\/","name":"Simon L\u00e4ngenfelder en 450 sur le championnat ADAC MX Master : \u00ab Une bonne mani\u00e8re de rester dans le rythme \u00bb - Motocross - Enduro - Supermoto | MotocrossMag","isPartOf":{"@id":"https:\/\/fr.motocrossmag.be\/#website"},"primaryImageOfPage":{"@id":"https:\/\/fr.motocrossmag.be\/index.php\/2026\/04\/simon-langenfelder-en-450-sur-le-championnat-adac-mx-master-une-bonne-maniere-de-rester-dans-le-rythme\/#primaryimage"},"image":{"@id":"https:\/\/fr.motocrossmag.be\/index.php\/2026\/04\/simon-langenfelder-en-450-sur-le-championnat-adac-mx-master-une-bonne-maniere-de-rester-dans-le-rythme\/#primaryimage"},"thumbnailUrl":"https:\/\/fr.motocrossmag.be\/wp-content\/uploads\/2026\/04\/58cfc13566cbe46eab7c46f01c91d01e_zadume.webp","datePublished":"2026-04-27T09:04:43+00:00","author":{"@id":"https:\/\/fr.motocrossmag.be\/#\/schema\/person\/11b47143d9f755babca2c9110e03235c"},"breadcrumb":{"@id":"https:\/\/fr.motocrossmag.be\/index.php\/2026\/04\/simon-langenfelder-en-450-sur-le-championnat-adac-mx-master-une-bonne-maniere-de-rester-dans-le-rythme\/#breadcrumb"},"inLanguage":"fr-FR","potentialAction":[{"@type":"ReadAction","target":["https:\/\/fr.motocrossmag.be\/index.php\/2026\/04\/simon-langenfelder-en-450-sur-le-championnat-adac-mx-master-une-bonne-maniere-de-rester-dans-le-rythme\/"]}]},{"@type":"ImageObject","inLanguage":"fr-FR","@id":"https:\/\/fr.motocrossmag.be\/index.php\/2026\/04\/simon-langenfelder-en-450-sur-le-championnat-adac-mx-master-une-bonne-maniere-de-rester-dans-le-rythme\/#primaryimage","url":"https:\/\/fr.motocrossmag.be\/wp-content\/uploads\/2026\/04\/58cfc13566cbe46eab7c46f01c91d01e_zadume.webp","contentUrl":"https:\/\/fr.motocrossmag.be\/wp-content\/uploads\/2026\/04\/58cfc13566cbe46eab7c46f01c91d01e_zadume.webp","width":1200,"height":800},{"@type":"BreadcrumbList","@id":"https:\/\/fr.motocrossmag.be\/index.php\/2026\/04\/simon-langenfelder-en-450-sur-le-championnat-adac-mx-master-une-bonne-maniere-de-rester-dans-le-rythme\/#breadcrumb","itemListElement":[{"@type":"ListItem","position":1,"name":"Accueil","item":"https:\/\/fr.motocrossmag.be\/"},{"@type":"ListItem","position":2,"name":"Simon L\u00e4ngenfelder en 450 sur le championnat ADAC MX Master : \u00ab Une bonne mani\u00e8re de rester dans le rythme \u00bb"}]},{"@type":"WebSite","@id":"https:\/\/fr.motocrossmag.be\/#website","url":"https:\/\/fr.motocrossmag.be\/","name":"Motocross - Enduro - Supermoto | MotocrossMag","description":"L&#039;actualit\u00e9 du motocross, de l&#039;enduro et du Supermoto en ligne!","potentialAction":[{"@type":"SearchAction","target":{"@type":"EntryPoint","urlTemplate":"https:\/\/fr.motocrossmag.be\/?s={search_term_string}"},"query-input":{"@type":"PropertyValueSpecification","valueRequired":true,"valueName":"search_term_string"}}],"inLanguage":"fr-FR"},{"@type":"Person","@id":"https:\/\/fr.motocrossmag.be\/#\/schema\/person\/11b47143d9f755babca2c9110e03235c","name":"oliviere","image":{"@type":"ImageObject","inLanguage":"fr-FR","@id":"https:\/\/secure.gravatar.com\/avatar\/907069e0b81d119452040469e4a7501da1100f54f7f80180ce77bfab718288f6?s=96&d=mm&r=g","url":"https:\/\/secure.gravatar.com\/avatar\/907069e0b81d119452040469e4a7501da1100f54f7f80180ce77bfab718288f6?s=96&d=mm&r=g","contentUrl":"https:\/\/secure.gravatar.com\/avatar\/907069e0b81d119452040469e4a7501da1100f54f7f80180ce77bfab718288f6?s=96&d=mm&r=g","caption":"oliviere"},"sameAs":["http:\/\/www.motocrossmag.be"],"url":"https:\/\/fr.motocrossmag.be\/index.php\/author\/oliviere\/"}]}},"_links":{"self":[{"href":"https:\/\/fr.motocrossmag.be\/index.php\/wp-json\/wp\/v2\/posts\/155553","targetHints":{"allow":["GET"]}}],"collection":[{"href":"https:\/\/fr.motocrossmag.be\/index.php\/wp-json\/wp\/v2\/posts"}],"about":[{"href":"https:\/\/fr.motocrossmag.be\/index.php\/wp-json\/wp\/v2\/types\/post"}],"author":[{"embeddable":true,"href":"https:\/\/fr.motocrossmag.be\/index.php\/wp-json\/wp\/v2\/users\/932"}],"replies":[{"embeddable":true,"href":"https:\/\/fr.motocrossmag.be\/index.php\/wp-json\/wp\/v2\/comments?post=155553"}],"version-history":[{"count":1,"href":"https:\/\/fr.motocrossmag.be\/index.php\/wp-json\/wp\/v2\/posts\/155553\/revisions"}],"predecessor-version":[{"id":155556,"href":"https:\/\/fr.motocrossmag.be\/index.php\/wp-json\/wp\/v2\/posts\/155553\/revisions\/155556"}],"wp:featuredmedia":[{"embeddable":true,"href":"https:\/\/fr.motocrossmag.be\/index.php\/wp-json\/wp\/v2\/media\/155554"}],"wp:attachment":[{"href":"https:\/\/fr.motocrossmag.be\/index.php\/wp-json\/wp\/v2\/media?parent=155553"}],"wp:term":[{"taxonomy":"category","embeddable":true,"href":"https:\/\/fr.motocrossmag.be\/index.php\/wp-json\/wp\/v2\/categories?post=155553"},{"taxonomy":"post_tag","embeddable":true,"href":"https:\/\/fr.motocrossmag.be\/index.php\/wp-json\/wp\/v2\/tags?post=155553"}],"curies":[{"name":"wp","href":"https:\/\/api.w.org\/{rel}","templated":true}]}}