{"id":155557,"date":"2026-04-27T11:14:39","date_gmt":"2026-04-27T09:14:39","guid":{"rendered":"https:\/\/fr.motocrossmag.be\/?p=155557"},"modified":"2026-04-27T11:15:11","modified_gmt":"2026-04-27T09:15:11","slug":"ken-roczen-en-tete-du-championnat-us-de-supercross-le-travail-paie","status":"publish","type":"post","link":"https:\/\/fr.motocrossmag.be\/index.php\/2026\/04\/ken-roczen-en-tete-du-championnat-us-de-supercross-le-travail-paie\/","title":{"rendered":"Ken Roczen en t\u00eate du championnat US de Supercross : \u00ab\u00a0Le travail paie !\u00a0\u00bb"},"content":{"rendered":"<p>Vainqueur ce week-end du Supercross de Philadelphia, Ken Roczen a r\u00e9alis\u00e9 l\u2019une des op\u00e9rations les plus importantes de sa saison. Dans des conditions particuli\u00e8rement d\u00e9licates sur la piste du Lincoln Financial Field, l\u2019Allemand a su faire parler son exp\u00e9rience pour d\u00e9crocher un cinqui\u00e8me succ\u00e8s cette ann\u00e9e au guidon de sa Suzuki\u2026 et surtout s\u2019emparer de la t\u00eate du championnat 450SX \u00e0 deux courses de la fin.<\/p>\n<p>Oppos\u00e9 \u00e0 ses principaux rivaux Hunter Lawrence et Cooper Webb, Roczen a rapidement pris l\u2019ascendant en course avant de parfaitement g\u00e9rer la pression, malgr\u00e9 une fin de manche tendue et le retour de Webb dans les derniers tours. Une performance solide qui confirme sa grande forme du moment, avec quatre victoires sur les cinq derni\u00e8res \u00e9preuves.<\/p>\n<p><a href=\"https:\/\/fr.motocrossmag.be\/wp-content\/uploads\/2026\/04\/AL6_7870B.jpg\"><img decoding=\"async\" class=\"lazyload alignnone size-full wp-image-155545\" src=\"https:\/\/fr.motocrossmag.be\/wp-content\/uploads\/2026\/04\/AL6_7870B.jpg\" data-orig-src=\"https:\/\/fr.motocrossmag.be\/wp-content\/uploads\/2026\/04\/AL6_7870B.jpg\" alt=\"\" width=\"1200\" height=\"800\" srcset=\"data:image\/svg+xml,%3Csvg%20xmlns%3D%27http%3A%2F%2Fwww.w3.org%2F2000%2Fsvg%27%20width%3D%271200%27%20height%3D%27800%27%20viewBox%3D%270%200%201200%20800%27%3E%3Crect%20width%3D%271200%27%20height%3D%27800%27%20fill-opacity%3D%220%22%2F%3E%3C%2Fsvg%3E\" data-srcset=\"https:\/\/fr.motocrossmag.be\/wp-content\/uploads\/2026\/04\/AL6_7870B-200x133.jpg 200w, https:\/\/fr.motocrossmag.be\/wp-content\/uploads\/2026\/04\/AL6_7870B-400x267.jpg 400w, https:\/\/fr.motocrossmag.be\/wp-content\/uploads\/2026\/04\/AL6_7870B-600x400.jpg 600w, https:\/\/fr.motocrossmag.be\/wp-content\/uploads\/2026\/04\/AL6_7870B-650x433.jpg 650w, https:\/\/fr.motocrossmag.be\/wp-content\/uploads\/2026\/04\/AL6_7870B-768x512.jpg 768w, https:\/\/fr.motocrossmag.be\/wp-content\/uploads\/2026\/04\/AL6_7870B-800x533.jpg 800w, https:\/\/fr.motocrossmag.be\/wp-content\/uploads\/2026\/04\/AL6_7870B-1024x683.jpg 1024w, https:\/\/fr.motocrossmag.be\/wp-content\/uploads\/2026\/04\/AL6_7870B.jpg 1200w\" data-sizes=\"auto\" data-orig-sizes=\"(max-width: 1200px) 100vw, 1200px\" \/><\/a><\/p>\n<p>\u00c0 l\u2019arriv\u00e9e, le pilote Suzuki n\u2019a pas cach\u00e9 sa satisfaction, tout en soulignant la gestion mentale n\u00e9cessaire dans cette phase d\u00e9cisive du championnat :<\/p>\n<p>\u00ab La pression est l\u00e0 depuis longtemps, mais maintenant je la g\u00e8re chaque week-end. Je fais simplement tout ce qu\u2019il faut pour rester calme et me mettre dans le bon \u00e9tat d\u2019esprit. Il y a des week-ends o\u00f9 il faut \u00eatre plus agressif, par exemple. Cette course \u00e9tait vraiment tr\u00e8s importante. Dans ces conditions, tout peut basculer en un instant. Je suis vraiment heureux et fier de mon \u00e9quipe et de moi-m\u00eame d\u2019avoir r\u00e9ussi \u00e0 tout mettre en place au bon moment. Je profite vraiment de cette p\u00e9riode. Le travail paie. \u00bb<\/p>\n<p>Gr\u00e2ce \u00e0 ce succ\u00e8s, Roczen s\u2019installe en t\u00eate du classement provisoire avec une courte avance sur Lawrence, tandis que Webb reste en embuscade. \u00c0 l\u2019approche des deux derni\u00e8res manches, la lutte pour le titre s\u2019annonce plus ind\u00e9cise que jamais, mais une chose est s\u00fbre : le pilote allemand a d\u00e9sormais toutes les cartes en main.<\/p>\n<p>La suite d\u00e8s le week-end prochain \u00e0 Denver, o\u00f9 la pression montera certainement encore d\u2019un cran&#8230;<\/p>\n","protected":false},"excerpt":{"rendered":"<p>Vainqueur ce week-end du Supercross de Philadelphia, Ken Roczen a r\u00e9alis\u00e9 l\u2019une des op\u00e9rations les plus importantes de sa saison. Dans des conditions particuli\u00e8rement d\u00e9licates sur la piste du Lincoln [&#8230;]<\/p>\n","protected":false},"author":932,"featured_media":155544,"comment_status":"open","ping_status":"closed","sticky":false,"template":"","format":"standard","meta":{"footnotes":""},"categories":[54,58,4,27,5,55,65],"tags":[141,116],"class_list":["post-155557","post","type-post","status-publish","format-standard","has-post-thumbnail","hentry","category-actualite","category-interviews-actualite","category-motocross","category-sx-us","category-news","category-news-actualite","category-slideshow","tag-ken-roczen","tag-supercross"],"yoast_head":"<!-- This site is optimized with the Yoast SEO plugin v27.4 - https:\/\/yoast.com\/product\/yoast-seo-wordpress\/ -->\n<title>Ken Roczen en t\u00eate du championnat US de Supercross : &quot;Le travail paie !&quot; - Motocross - Enduro - Supermoto | MotocrossMag<\/title>\n<meta name=\"robots\" content=\"index, follow, max-snippet:-1, max-image-preview:large, max-video-preview:-1\" \/>\n<link rel=\"canonical\" href=\"https:\/\/fr.motocrossmag.be\/index.php\/2026\/04\/ken-roczen-en-tete-du-championnat-us-de-supercross-le-travail-paie\/\" \/>\n<meta property=\"og:locale\" content=\"fr_FR\" \/>\n<meta property=\"og:type\" content=\"article\" \/>\n<meta property=\"og:title\" content=\"Ken Roczen en t\u00eate du championnat US de Supercross : &quot;Le travail paie !&quot; - Motocross - Enduro - Supermoto | MotocrossMag\" \/>\n<meta property=\"og:description\" content=\"Vainqueur ce week-end du Supercross de Philadelphia, Ken Roczen a r\u00e9alis\u00e9 l\u2019une des op\u00e9rations les plus importantes de sa saison. Dans des conditions particuli\u00e8rement d\u00e9licates sur la piste du Lincoln [...]\" \/>\n<meta property=\"og:url\" content=\"https:\/\/fr.motocrossmag.be\/index.php\/2026\/04\/ken-roczen-en-tete-du-championnat-us-de-supercross-le-travail-paie\/\" \/>\n<meta property=\"og:site_name\" content=\"Motocross - Enduro - Supermoto | MotocrossMag\" \/>\n<meta property=\"article:published_time\" content=\"2026-04-27T09:14:39+00:00\" \/>\n<meta property=\"article:modified_time\" content=\"2026-04-27T09:15:11+00:00\" \/>\n<meta property=\"og:image\" content=\"https:\/\/fr.motocrossmag.be\/wp-content\/uploads\/2026\/04\/supercross-podium.jpeg\" \/>\n\t<meta property=\"og:image:width\" content=\"1200\" \/>\n\t<meta property=\"og:image:height\" content=\"800\" \/>\n\t<meta property=\"og:image:type\" content=\"image\/jpeg\" \/>\n<meta name=\"author\" content=\"oliviere\" \/>\n<meta name=\"twitter:card\" content=\"summary_large_image\" \/>\n<meta name=\"twitter:label1\" content=\"\u00c9crit par\" \/>\n\t<meta name=\"twitter:data1\" content=\"oliviere\" \/>\n\t<meta name=\"twitter:label2\" content=\"Dur\u00e9e de lecture estim\u00e9e\" \/>\n\t<meta name=\"twitter:data2\" content=\"2 minutes\" \/>\n<script type=\"application\/ld+json\" class=\"yoast-schema-graph\">{\"@context\":\"https:\\\/\\\/schema.org\",\"@graph\":[{\"@type\":\"Article\",\"@id\":\"https:\\\/\\\/fr.motocrossmag.be\\\/index.php\\\/2026\\\/04\\\/ken-roczen-en-tete-du-championnat-us-de-supercross-le-travail-paie\\\/#article\",\"isPartOf\":{\"@id\":\"https:\\\/\\\/fr.motocrossmag.be\\\/index.php\\\/2026\\\/04\\\/ken-roczen-en-tete-du-championnat-us-de-supercross-le-travail-paie\\\/\"},\"author\":{\"name\":\"oliviere\",\"@id\":\"https:\\\/\\\/fr.motocrossmag.be\\\/#\\\/schema\\\/person\\\/11b47143d9f755babca2c9110e03235c\"},\"headline\":\"Ken Roczen en t\u00eate du championnat US de Supercross : \u00ab\u00a0Le travail paie !\u00a0\u00bb\",\"datePublished\":\"2026-04-27T09:14:39+00:00\",\"dateModified\":\"2026-04-27T09:15:11+00:00\",\"mainEntityOfPage\":{\"@id\":\"https:\\\/\\\/fr.motocrossmag.be\\\/index.php\\\/2026\\\/04\\\/ken-roczen-en-tete-du-championnat-us-de-supercross-le-travail-paie\\\/\"},\"wordCount\":352,\"commentCount\":0,\"image\":{\"@id\":\"https:\\\/\\\/fr.motocrossmag.be\\\/index.php\\\/2026\\\/04\\\/ken-roczen-en-tete-du-championnat-us-de-supercross-le-travail-paie\\\/#primaryimage\"},\"thumbnailUrl\":\"https:\\\/\\\/fr.motocrossmag.be\\\/wp-content\\\/uploads\\\/2026\\\/04\\\/supercross-podium.jpeg\",\"keywords\":[\"ken roczen\",\"Supercross\"],\"articleSection\":[\"Actualit\u00e9\",\"Interviews -all\",\"Motocross\",\"MX\\\/SX US\",\"News\",\"News\",\"Slideshow\"],\"inLanguage\":\"fr-FR\",\"potentialAction\":[{\"@type\":\"CommentAction\",\"name\":\"Comment\",\"target\":[\"https:\\\/\\\/fr.motocrossmag.be\\\/index.php\\\/2026\\\/04\\\/ken-roczen-en-tete-du-championnat-us-de-supercross-le-travail-paie\\\/#respond\"]}]},{\"@type\":\"WebPage\",\"@id\":\"https:\\\/\\\/fr.motocrossmag.be\\\/index.php\\\/2026\\\/04\\\/ken-roczen-en-tete-du-championnat-us-de-supercross-le-travail-paie\\\/\",\"url\":\"https:\\\/\\\/fr.motocrossmag.be\\\/index.php\\\/2026\\\/04\\\/ken-roczen-en-tete-du-championnat-us-de-supercross-le-travail-paie\\\/\",\"name\":\"Ken Roczen en t\u00eate du championnat US de Supercross : \\\"Le travail paie !\\\" - Motocross - Enduro - Supermoto | MotocrossMag\",\"isPartOf\":{\"@id\":\"https:\\\/\\\/fr.motocrossmag.be\\\/#website\"},\"primaryImageOfPage\":{\"@id\":\"https:\\\/\\\/fr.motocrossmag.be\\\/index.php\\\/2026\\\/04\\\/ken-roczen-en-tete-du-championnat-us-de-supercross-le-travail-paie\\\/#primaryimage\"},\"image\":{\"@id\":\"https:\\\/\\\/fr.motocrossmag.be\\\/index.php\\\/2026\\\/04\\\/ken-roczen-en-tete-du-championnat-us-de-supercross-le-travail-paie\\\/#primaryimage\"},\"thumbnailUrl\":\"https:\\\/\\\/fr.motocrossmag.be\\\/wp-content\\\/uploads\\\/2026\\\/04\\\/supercross-podium.jpeg\",\"datePublished\":\"2026-04-27T09:14:39+00:00\",\"dateModified\":\"2026-04-27T09:15:11+00:00\",\"author\":{\"@id\":\"https:\\\/\\\/fr.motocrossmag.be\\\/#\\\/schema\\\/person\\\/11b47143d9f755babca2c9110e03235c\"},\"breadcrumb\":{\"@id\":\"https:\\\/\\\/fr.motocrossmag.be\\\/index.php\\\/2026\\\/04\\\/ken-roczen-en-tete-du-championnat-us-de-supercross-le-travail-paie\\\/#breadcrumb\"},\"inLanguage\":\"fr-FR\",\"potentialAction\":[{\"@type\":\"ReadAction\",\"target\":[\"https:\\\/\\\/fr.motocrossmag.be\\\/index.php\\\/2026\\\/04\\\/ken-roczen-en-tete-du-championnat-us-de-supercross-le-travail-paie\\\/\"]}]},{\"@type\":\"ImageObject\",\"inLanguage\":\"fr-FR\",\"@id\":\"https:\\\/\\\/fr.motocrossmag.be\\\/index.php\\\/2026\\\/04\\\/ken-roczen-en-tete-du-championnat-us-de-supercross-le-travail-paie\\\/#primaryimage\",\"url\":\"https:\\\/\\\/fr.motocrossmag.be\\\/wp-content\\\/uploads\\\/2026\\\/04\\\/supercross-podium.jpeg\",\"contentUrl\":\"https:\\\/\\\/fr.motocrossmag.be\\\/wp-content\\\/uploads\\\/2026\\\/04\\\/supercross-podium.jpeg\",\"width\":1200,\"height\":800},{\"@type\":\"BreadcrumbList\",\"@id\":\"https:\\\/\\\/fr.motocrossmag.be\\\/index.php\\\/2026\\\/04\\\/ken-roczen-en-tete-du-championnat-us-de-supercross-le-travail-paie\\\/#breadcrumb\",\"itemListElement\":[{\"@type\":\"ListItem\",\"position\":1,\"name\":\"Accueil\",\"item\":\"https:\\\/\\\/fr.motocrossmag.be\\\/\"},{\"@type\":\"ListItem\",\"position\":2,\"name\":\"Ken Roczen en t\u00eate du championnat US de Supercross : \u00ab\u00a0Le travail paie !\u00a0\u00bb\"}]},{\"@type\":\"WebSite\",\"@id\":\"https:\\\/\\\/fr.motocrossmag.be\\\/#website\",\"url\":\"https:\\\/\\\/fr.motocrossmag.be\\\/\",\"name\":\"Motocross - Enduro - Supermoto | MotocrossMag\",\"description\":\"L&#039;actualit\u00e9 du motocross, de l&#039;enduro et du Supermoto en ligne!\",\"potentialAction\":[{\"@type\":\"SearchAction\",\"target\":{\"@type\":\"EntryPoint\",\"urlTemplate\":\"https:\\\/\\\/fr.motocrossmag.be\\\/?s={search_term_string}\"},\"query-input\":{\"@type\":\"PropertyValueSpecification\",\"valueRequired\":true,\"valueName\":\"search_term_string\"}}],\"inLanguage\":\"fr-FR\"},{\"@type\":\"Person\",\"@id\":\"https:\\\/\\\/fr.motocrossmag.be\\\/#\\\/schema\\\/person\\\/11b47143d9f755babca2c9110e03235c\",\"name\":\"oliviere\",\"image\":{\"@type\":\"ImageObject\",\"inLanguage\":\"fr-FR\",\"@id\":\"https:\\\/\\\/secure.gravatar.com\\\/avatar\\\/907069e0b81d119452040469e4a7501da1100f54f7f80180ce77bfab718288f6?s=96&d=mm&r=g\",\"url\":\"https:\\\/\\\/secure.gravatar.com\\\/avatar\\\/907069e0b81d119452040469e4a7501da1100f54f7f80180ce77bfab718288f6?s=96&d=mm&r=g\",\"contentUrl\":\"https:\\\/\\\/secure.gravatar.com\\\/avatar\\\/907069e0b81d119452040469e4a7501da1100f54f7f80180ce77bfab718288f6?s=96&d=mm&r=g\",\"caption\":\"oliviere\"},\"sameAs\":[\"http:\\\/\\\/www.motocrossmag.be\"],\"url\":\"https:\\\/\\\/fr.motocrossmag.be\\\/index.php\\\/author\\\/oliviere\\\/\"}]}<\/script>\n<!-- \/ Yoast SEO plugin. -->","yoast_head_json":{"title":"Ken Roczen en t\u00eate du championnat US de Supercross : \"Le travail paie !\" - Motocross - Enduro - Supermoto | MotocrossMag","robots":{"index":"index","follow":"follow","max-snippet":"max-snippet:-1","max-image-preview":"max-image-preview:large","max-video-preview":"max-video-preview:-1"},"canonical":"https:\/\/fr.motocrossmag.be\/index.php\/2026\/04\/ken-roczen-en-tete-du-championnat-us-de-supercross-le-travail-paie\/","og_locale":"fr_FR","og_type":"article","og_title":"Ken Roczen en t\u00eate du championnat US de Supercross : \"Le travail paie !\" - Motocross - Enduro - Supermoto | MotocrossMag","og_description":"Vainqueur ce week-end du Supercross de Philadelphia, Ken Roczen a r\u00e9alis\u00e9 l\u2019une des op\u00e9rations les plus importantes de sa saison. Dans des conditions particuli\u00e8rement d\u00e9licates sur la piste du Lincoln [...]","og_url":"https:\/\/fr.motocrossmag.be\/index.php\/2026\/04\/ken-roczen-en-tete-du-championnat-us-de-supercross-le-travail-paie\/","og_site_name":"Motocross - Enduro - Supermoto | MotocrossMag","article_published_time":"2026-04-27T09:14:39+00:00","article_modified_time":"2026-04-27T09:15:11+00:00","og_image":[{"width":1200,"height":800,"url":"https:\/\/fr.motocrossmag.be\/wp-content\/uploads\/2026\/04\/supercross-podium.jpeg","type":"image\/jpeg"}],"author":"oliviere","twitter_card":"summary_large_image","twitter_misc":{"\u00c9crit par":"oliviere","Dur\u00e9e de lecture estim\u00e9e":"2 minutes"},"schema":{"@context":"https:\/\/schema.org","@graph":[{"@type":"Article","@id":"https:\/\/fr.motocrossmag.be\/index.php\/2026\/04\/ken-roczen-en-tete-du-championnat-us-de-supercross-le-travail-paie\/#article","isPartOf":{"@id":"https:\/\/fr.motocrossmag.be\/index.php\/2026\/04\/ken-roczen-en-tete-du-championnat-us-de-supercross-le-travail-paie\/"},"author":{"name":"oliviere","@id":"https:\/\/fr.motocrossmag.be\/#\/schema\/person\/11b47143d9f755babca2c9110e03235c"},"headline":"Ken Roczen en t\u00eate du championnat US de Supercross : \u00ab\u00a0Le travail paie !\u00a0\u00bb","datePublished":"2026-04-27T09:14:39+00:00","dateModified":"2026-04-27T09:15:11+00:00","mainEntityOfPage":{"@id":"https:\/\/fr.motocrossmag.be\/index.php\/2026\/04\/ken-roczen-en-tete-du-championnat-us-de-supercross-le-travail-paie\/"},"wordCount":352,"commentCount":0,"image":{"@id":"https:\/\/fr.motocrossmag.be\/index.php\/2026\/04\/ken-roczen-en-tete-du-championnat-us-de-supercross-le-travail-paie\/#primaryimage"},"thumbnailUrl":"https:\/\/fr.motocrossmag.be\/wp-content\/uploads\/2026\/04\/supercross-podium.jpeg","keywords":["ken roczen","Supercross"],"articleSection":["Actualit\u00e9","Interviews -all","Motocross","MX\/SX US","News","News","Slideshow"],"inLanguage":"fr-FR","potentialAction":[{"@type":"CommentAction","name":"Comment","target":["https:\/\/fr.motocrossmag.be\/index.php\/2026\/04\/ken-roczen-en-tete-du-championnat-us-de-supercross-le-travail-paie\/#respond"]}]},{"@type":"WebPage","@id":"https:\/\/fr.motocrossmag.be\/index.php\/2026\/04\/ken-roczen-en-tete-du-championnat-us-de-supercross-le-travail-paie\/","url":"https:\/\/fr.motocrossmag.be\/index.php\/2026\/04\/ken-roczen-en-tete-du-championnat-us-de-supercross-le-travail-paie\/","name":"Ken Roczen en t\u00eate du championnat US de Supercross : \"Le travail paie !\" - Motocross - Enduro - Supermoto | MotocrossMag","isPartOf":{"@id":"https:\/\/fr.motocrossmag.be\/#website"},"primaryImageOfPage":{"@id":"https:\/\/fr.motocrossmag.be\/index.php\/2026\/04\/ken-roczen-en-tete-du-championnat-us-de-supercross-le-travail-paie\/#primaryimage"},"image":{"@id":"https:\/\/fr.motocrossmag.be\/index.php\/2026\/04\/ken-roczen-en-tete-du-championnat-us-de-supercross-le-travail-paie\/#primaryimage"},"thumbnailUrl":"https:\/\/fr.motocrossmag.be\/wp-content\/uploads\/2026\/04\/supercross-podium.jpeg","datePublished":"2026-04-27T09:14:39+00:00","dateModified":"2026-04-27T09:15:11+00:00","author":{"@id":"https:\/\/fr.motocrossmag.be\/#\/schema\/person\/11b47143d9f755babca2c9110e03235c"},"breadcrumb":{"@id":"https:\/\/fr.motocrossmag.be\/index.php\/2026\/04\/ken-roczen-en-tete-du-championnat-us-de-supercross-le-travail-paie\/#breadcrumb"},"inLanguage":"fr-FR","potentialAction":[{"@type":"ReadAction","target":["https:\/\/fr.motocrossmag.be\/index.php\/2026\/04\/ken-roczen-en-tete-du-championnat-us-de-supercross-le-travail-paie\/"]}]},{"@type":"ImageObject","inLanguage":"fr-FR","@id":"https:\/\/fr.motocrossmag.be\/index.php\/2026\/04\/ken-roczen-en-tete-du-championnat-us-de-supercross-le-travail-paie\/#primaryimage","url":"https:\/\/fr.motocrossmag.be\/wp-content\/uploads\/2026\/04\/supercross-podium.jpeg","contentUrl":"https:\/\/fr.motocrossmag.be\/wp-content\/uploads\/2026\/04\/supercross-podium.jpeg","width":1200,"height":800},{"@type":"BreadcrumbList","@id":"https:\/\/fr.motocrossmag.be\/index.php\/2026\/04\/ken-roczen-en-tete-du-championnat-us-de-supercross-le-travail-paie\/#breadcrumb","itemListElement":[{"@type":"ListItem","position":1,"name":"Accueil","item":"https:\/\/fr.motocrossmag.be\/"},{"@type":"ListItem","position":2,"name":"Ken Roczen en t\u00eate du championnat US de Supercross : \u00ab\u00a0Le travail paie !\u00a0\u00bb"}]},{"@type":"WebSite","@id":"https:\/\/fr.motocrossmag.be\/#website","url":"https:\/\/fr.motocrossmag.be\/","name":"Motocross - Enduro - Supermoto | MotocrossMag","description":"L&#039;actualit\u00e9 du motocross, de l&#039;enduro et du Supermoto en ligne!","potentialAction":[{"@type":"SearchAction","target":{"@type":"EntryPoint","urlTemplate":"https:\/\/fr.motocrossmag.be\/?s={search_term_string}"},"query-input":{"@type":"PropertyValueSpecification","valueRequired":true,"valueName":"search_term_string"}}],"inLanguage":"fr-FR"},{"@type":"Person","@id":"https:\/\/fr.motocrossmag.be\/#\/schema\/person\/11b47143d9f755babca2c9110e03235c","name":"oliviere","image":{"@type":"ImageObject","inLanguage":"fr-FR","@id":"https:\/\/secure.gravatar.com\/avatar\/907069e0b81d119452040469e4a7501da1100f54f7f80180ce77bfab718288f6?s=96&d=mm&r=g","url":"https:\/\/secure.gravatar.com\/avatar\/907069e0b81d119452040469e4a7501da1100f54f7f80180ce77bfab718288f6?s=96&d=mm&r=g","contentUrl":"https:\/\/secure.gravatar.com\/avatar\/907069e0b81d119452040469e4a7501da1100f54f7f80180ce77bfab718288f6?s=96&d=mm&r=g","caption":"oliviere"},"sameAs":["http:\/\/www.motocrossmag.be"],"url":"https:\/\/fr.motocrossmag.be\/index.php\/author\/oliviere\/"}]}},"_links":{"self":[{"href":"https:\/\/fr.motocrossmag.be\/index.php\/wp-json\/wp\/v2\/posts\/155557","targetHints":{"allow":["GET"]}}],"collection":[{"href":"https:\/\/fr.motocrossmag.be\/index.php\/wp-json\/wp\/v2\/posts"}],"about":[{"href":"https:\/\/fr.motocrossmag.be\/index.php\/wp-json\/wp\/v2\/types\/post"}],"author":[{"embeddable":true,"href":"https:\/\/fr.motocrossmag.be\/index.php\/wp-json\/wp\/v2\/users\/932"}],"replies":[{"embeddable":true,"href":"https:\/\/fr.motocrossmag.be\/index.php\/wp-json\/wp\/v2\/comments?post=155557"}],"version-history":[{"count":3,"href":"https:\/\/fr.motocrossmag.be\/index.php\/wp-json\/wp\/v2\/posts\/155557\/revisions"}],"predecessor-version":[{"id":155560,"href":"https:\/\/fr.motocrossmag.be\/index.php\/wp-json\/wp\/v2\/posts\/155557\/revisions\/155560"}],"wp:featuredmedia":[{"embeddable":true,"href":"https:\/\/fr.motocrossmag.be\/index.php\/wp-json\/wp\/v2\/media\/155544"}],"wp:attachment":[{"href":"https:\/\/fr.motocrossmag.be\/index.php\/wp-json\/wp\/v2\/media?parent=155557"}],"wp:term":[{"taxonomy":"category","embeddable":true,"href":"https:\/\/fr.motocrossmag.be\/index.php\/wp-json\/wp\/v2\/categories?post=155557"},{"taxonomy":"post_tag","embeddable":true,"href":"https:\/\/fr.motocrossmag.be\/index.php\/wp-json\/wp\/v2\/tags?post=155557"}],"curies":[{"name":"wp","href":"https:\/\/api.w.org\/{rel}","templated":true}]}}