{"id":155561,"date":"2026-04-27T16:19:39","date_gmt":"2026-04-27T14:19:39","guid":{"rendered":"https:\/\/fr.motocrossmag.be\/?p=155561"},"modified":"2026-04-27T16:19:39","modified_gmt":"2026-04-27T14:19:39","slug":"jeffrey-herlings-en-patron-a-romagne","status":"publish","type":"post","link":"https:\/\/fr.motocrossmag.be\/index.php\/2026\/04\/jeffrey-herlings-en-patron-a-romagne\/","title":{"rendered":"Jeffrey Herlings en patron \u00e0 Romagn\u00e9"},"content":{"rendered":"<p>Le troisi\u00e8me round du 24MX Tour \u00e0 Romagn\u00e9 a tenu toutes ses promesses : du spectacle, du rythme, du soleil et un public venu en nombre. Mais au milieu de cette journ\u00e9e intense, un nom s\u2019est impos\u00e9 comme une \u00e9vidence : Jeffrey Herlings. Le N\u00e9erlandais, invit\u00e9 de prestige, n\u2019a laiss\u00e9 aucune place au suspense en MX1, confirmant son statut avec une d\u00e9monstration parfaitement ma\u00eetris\u00e9e.<\/p>\n<p>D\u00e8s la premi\u00e8re manche, Herlings prend les commandes et impose son tempo. Seul Maxime Desprey parvient un temps \u00e0 contenir l\u2019\u00e9cart, restant au contact du quintuple champion du monde durant plusieurs tours. Mais \u00e0 mi-course, la machine s\u2019emballe et Herlings creuse irr\u00e9m\u00e9diablement l\u2019\u00e9cart pour s\u2019imposer avec autorit\u00e9. Derri\u00e8re, la performance du jour est \u00e0 mettre au cr\u00e9dit de Thibault B\u00e9nistant, impressionnant de combativit\u00e9 apr\u00e8s un d\u00e9part rat\u00e9, remontant jusqu\u2019\u00e0 la troisi\u00e8me place dans le dernier tour.<\/p>\n<p>Le sc\u00e9nario se r\u00e9p\u00e8te en seconde manche. Parti en t\u00eate, Herlings hausse encore le rythme et \u00e9volue \u00e0 un niveau MXGP intouchable pour ses adversaires. Derri\u00e8re lui, la bataille fait rage, notamment entre Kevin Horgmo et Thibault B\u00e9nistant pour la deuxi\u00e8me position. Le Norv\u00e9gien prend finalement le dessus, mais aucun ne peut inqui\u00e9ter le leader. Avec un implacable doubl\u00e9 (1\/1), Herlings s\u2019impose logiquement au g\u00e9n\u00e9ral devant B\u00e9nistant (3\/3) et Desprey (2\/5).<\/p>\n<p>Mais r\u00e9duire cette \u00e9tape de Romagn\u00e9 \u00e0 la seule domination du N\u00e9erlandais serait oublier les autres temps forts du week-end. En MX2, Mathys Boisram\u00e9 a fait vibrer son public. Sur ses terres, le Breton a sign\u00e9 une performance majuscule en mettant fin \u00e0 la s\u00e9rie d\u2019invincibilit\u00e9 de Francisco Garcia. Apr\u00e8s une premi\u00e8re manche domin\u00e9e par l\u2019Espagnol, Boisram\u00e9 a pris sa revanche dans la seconde avec autorit\u00e9, s\u2019offrant une victoire marquante (2\/1) devant Garcia (1\/2) et un solide Alexis Fueri (3\/5).<\/p>\n<p><a href=\"https:\/\/fr.motocrossmag.be\/wp-content\/uploads\/2026\/04\/WhatsApp-Image-2026-04-26-at-16.24.10.jpeg\"><img decoding=\"async\" class=\"lazyload alignnone size-full wp-image-155563\" src=\"https:\/\/fr.motocrossmag.be\/wp-content\/uploads\/2026\/04\/WhatsApp-Image-2026-04-26-at-16.24.10.jpeg\" data-orig-src=\"https:\/\/fr.motocrossmag.be\/wp-content\/uploads\/2026\/04\/WhatsApp-Image-2026-04-26-at-16.24.10.jpeg\" alt=\"\" width=\"1200\" height=\"800\" srcset=\"data:image\/svg+xml,%3Csvg%20xmlns%3D%27http%3A%2F%2Fwww.w3.org%2F2000%2Fsvg%27%20width%3D%271200%27%20height%3D%27800%27%20viewBox%3D%270%200%201200%20800%27%3E%3Crect%20width%3D%271200%27%20height%3D%27800%27%20fill-opacity%3D%220%22%2F%3E%3C%2Fsvg%3E\" data-srcset=\"https:\/\/fr.motocrossmag.be\/wp-content\/uploads\/2026\/04\/WhatsApp-Image-2026-04-26-at-16.24.10-200x133.jpeg 200w, https:\/\/fr.motocrossmag.be\/wp-content\/uploads\/2026\/04\/WhatsApp-Image-2026-04-26-at-16.24.10-400x267.jpeg 400w, https:\/\/fr.motocrossmag.be\/wp-content\/uploads\/2026\/04\/WhatsApp-Image-2026-04-26-at-16.24.10-600x400.jpeg 600w, https:\/\/fr.motocrossmag.be\/wp-content\/uploads\/2026\/04\/WhatsApp-Image-2026-04-26-at-16.24.10-650x433.jpeg 650w, https:\/\/fr.motocrossmag.be\/wp-content\/uploads\/2026\/04\/WhatsApp-Image-2026-04-26-at-16.24.10-768x512.jpeg 768w, https:\/\/fr.motocrossmag.be\/wp-content\/uploads\/2026\/04\/WhatsApp-Image-2026-04-26-at-16.24.10-800x533.jpeg 800w, https:\/\/fr.motocrossmag.be\/wp-content\/uploads\/2026\/04\/WhatsApp-Image-2026-04-26-at-16.24.10-1024x683.jpeg 1024w, https:\/\/fr.motocrossmag.be\/wp-content\/uploads\/2026\/04\/WhatsApp-Image-2026-04-26-at-16.24.10.jpeg 1200w\" data-sizes=\"auto\" data-orig-sizes=\"(max-width: 1200px) 100vw, 1200px\" \/><\/a><\/p>\n<p>Chez les juniors, Sleny Goyer continue d\u2019impressionner. Le pilote Yamaha a une nouvelle fois fait parler sa vitesse et son physique pour s\u2019offrir un doubl\u00e9 convaincant. Malgr\u00e9 la r\u00e9sistance de Liam Bruneau, solide deuxi\u00e8me (2\/2), Goyer a su faire la diff\u00e9rence dans les moments cl\u00e9s. Rafael Mennillo compl\u00e8te le podium apr\u00e8s de belles bagarres tout au long de la journ\u00e9e.<\/p>\n<p>Au final, si Herlings a logiquement attir\u00e9 tous les regards en MX1 avec une prestation sans faille, Romagn\u00e9 aura aussi confirm\u00e9 la densit\u00e9 et le spectacle offerts dans toutes les cat\u00e9gories. Prochain rendez-vous d\u00e8s la semaine prochaine \u00e0 Vesoul pour un quatri\u00e8me round qui s\u2019annonce tout aussi intense.<\/p>\n<p><span style=\"color: #800000;\"><strong>R\u00e9sultats<\/strong><\/span><\/p>\n<p>MX1<\/p>\n<p>1 Jeffrey Herlings (1\/1)<br \/>\n2 Thibault B\u00e9nistant (3\/3)<br \/>\n3 Maxime Desprey (2\/5)<\/p>\n<p>MX2<\/p>\n<p>1 Mathys Boisram\u00e9 (2\/1)<br \/>\n2 Francisco Garcia (1\/2)<br \/>\n3 Alexis Fueri (3\/5)<\/p>\n<p>JUNIORS<\/p>\n<p>1 Sleny Goyer (1\/1)<br \/>\n2 Liam Bruneau (2\/2)<br \/>\n3 Rafael Mennillo (4\/3)<\/p>\n","protected":false},"excerpt":{"rendered":"<p>Le troisi\u00e8me round du 24MX Tour \u00e0 Romagn\u00e9 a tenu toutes ses promesses : du spectacle, du rythme, du soleil et un public venu en nombre. Mais au milieu de [&#8230;]<\/p>\n","protected":false},"author":932,"featured_media":155562,"comment_status":"open","ping_status":"closed","sticky":false,"template":"","format":"standard","meta":{"footnotes":""},"categories":[54,4,5,55,56,65],"tags":[486,77,947,494,2030,1288],"class_list":["post-155561","post","type-post","status-publish","format-standard","has-post-thumbnail","hentry","category-actualite","category-motocross","category-news","category-news-actualite","category-resultats","category-slideshow","tag-elite","tag-jeffrey-herlings","tag-motocross","tag-romagne","tag-sleny-goyer","tag-thibault-benistant"],"yoast_head":"<!-- This site is optimized with the Yoast SEO plugin v27.4 - https:\/\/yoast.com\/product\/yoast-seo-wordpress\/ -->\n<title>Jeffrey Herlings en patron \u00e0 Romagn\u00e9 - Motocross - Enduro - Supermoto | MotocrossMag<\/title>\n<meta name=\"robots\" content=\"index, follow, max-snippet:-1, max-image-preview:large, max-video-preview:-1\" \/>\n<link rel=\"canonical\" href=\"https:\/\/fr.motocrossmag.be\/index.php\/2026\/04\/jeffrey-herlings-en-patron-a-romagne\/\" \/>\n<meta property=\"og:locale\" content=\"fr_FR\" \/>\n<meta property=\"og:type\" content=\"article\" \/>\n<meta property=\"og:title\" content=\"Jeffrey Herlings en patron \u00e0 Romagn\u00e9 - Motocross - Enduro - Supermoto | MotocrossMag\" \/>\n<meta property=\"og:description\" content=\"Le troisi\u00e8me round du 24MX Tour \u00e0 Romagn\u00e9 a tenu toutes ses promesses : du spectacle, du rythme, du soleil et un public venu en nombre. Mais au milieu de [...]\" \/>\n<meta property=\"og:url\" content=\"https:\/\/fr.motocrossmag.be\/index.php\/2026\/04\/jeffrey-herlings-en-patron-a-romagne\/\" \/>\n<meta property=\"og:site_name\" content=\"Motocross - Enduro - Supermoto | MotocrossMag\" \/>\n<meta property=\"article:published_time\" content=\"2026-04-27T14:19:39+00:00\" \/>\n<meta property=\"og:image\" content=\"https:\/\/fr.motocrossmag.be\/wp-content\/uploads\/2026\/04\/herlings-romagne-FFM.jpeg\" \/>\n\t<meta property=\"og:image:width\" content=\"1200\" \/>\n\t<meta property=\"og:image:height\" content=\"800\" \/>\n\t<meta property=\"og:image:type\" content=\"image\/jpeg\" \/>\n<meta name=\"author\" content=\"oliviere\" \/>\n<meta name=\"twitter:card\" content=\"summary_large_image\" \/>\n<meta name=\"twitter:label1\" content=\"\u00c9crit par\" \/>\n\t<meta name=\"twitter:data1\" content=\"oliviere\" \/>\n\t<meta name=\"twitter:label2\" content=\"Dur\u00e9e de lecture estim\u00e9e\" \/>\n\t<meta name=\"twitter:data2\" content=\"1 minute\" \/>\n<script type=\"application\/ld+json\" class=\"yoast-schema-graph\">{\"@context\":\"https:\\\/\\\/schema.org\",\"@graph\":[{\"@type\":\"Article\",\"@id\":\"https:\\\/\\\/fr.motocrossmag.be\\\/index.php\\\/2026\\\/04\\\/jeffrey-herlings-en-patron-a-romagne\\\/#article\",\"isPartOf\":{\"@id\":\"https:\\\/\\\/fr.motocrossmag.be\\\/index.php\\\/2026\\\/04\\\/jeffrey-herlings-en-patron-a-romagne\\\/\"},\"author\":{\"name\":\"oliviere\",\"@id\":\"https:\\\/\\\/fr.motocrossmag.be\\\/#\\\/schema\\\/person\\\/11b47143d9f755babca2c9110e03235c\"},\"headline\":\"Jeffrey Herlings en patron \u00e0 Romagn\u00e9\",\"datePublished\":\"2026-04-27T14:19:39+00:00\",\"mainEntityOfPage\":{\"@id\":\"https:\\\/\\\/fr.motocrossmag.be\\\/index.php\\\/2026\\\/04\\\/jeffrey-herlings-en-patron-a-romagne\\\/\"},\"wordCount\":468,\"commentCount\":0,\"image\":{\"@id\":\"https:\\\/\\\/fr.motocrossmag.be\\\/index.php\\\/2026\\\/04\\\/jeffrey-herlings-en-patron-a-romagne\\\/#primaryimage\"},\"thumbnailUrl\":\"https:\\\/\\\/fr.motocrossmag.be\\\/wp-content\\\/uploads\\\/2026\\\/04\\\/herlings-romagne-FFM.jpeg\",\"keywords\":[\"Elite\",\"Jeffrey Herlings\",\"Motocross\",\"romagn\u00c3\u00a9\",\"sleny goyer\",\"thibault benistant\"],\"articleSection\":[\"Actualit\u00e9\",\"Motocross\",\"News\",\"News\",\"R\u00e9sultats\",\"Slideshow\"],\"inLanguage\":\"fr-FR\",\"potentialAction\":[{\"@type\":\"CommentAction\",\"name\":\"Comment\",\"target\":[\"https:\\\/\\\/fr.motocrossmag.be\\\/index.php\\\/2026\\\/04\\\/jeffrey-herlings-en-patron-a-romagne\\\/#respond\"]}]},{\"@type\":\"WebPage\",\"@id\":\"https:\\\/\\\/fr.motocrossmag.be\\\/index.php\\\/2026\\\/04\\\/jeffrey-herlings-en-patron-a-romagne\\\/\",\"url\":\"https:\\\/\\\/fr.motocrossmag.be\\\/index.php\\\/2026\\\/04\\\/jeffrey-herlings-en-patron-a-romagne\\\/\",\"name\":\"Jeffrey Herlings en patron \u00e0 Romagn\u00e9 - Motocross - Enduro - Supermoto | MotocrossMag\",\"isPartOf\":{\"@id\":\"https:\\\/\\\/fr.motocrossmag.be\\\/#website\"},\"primaryImageOfPage\":{\"@id\":\"https:\\\/\\\/fr.motocrossmag.be\\\/index.php\\\/2026\\\/04\\\/jeffrey-herlings-en-patron-a-romagne\\\/#primaryimage\"},\"image\":{\"@id\":\"https:\\\/\\\/fr.motocrossmag.be\\\/index.php\\\/2026\\\/04\\\/jeffrey-herlings-en-patron-a-romagne\\\/#primaryimage\"},\"thumbnailUrl\":\"https:\\\/\\\/fr.motocrossmag.be\\\/wp-content\\\/uploads\\\/2026\\\/04\\\/herlings-romagne-FFM.jpeg\",\"datePublished\":\"2026-04-27T14:19:39+00:00\",\"author\":{\"@id\":\"https:\\\/\\\/fr.motocrossmag.be\\\/#\\\/schema\\\/person\\\/11b47143d9f755babca2c9110e03235c\"},\"breadcrumb\":{\"@id\":\"https:\\\/\\\/fr.motocrossmag.be\\\/index.php\\\/2026\\\/04\\\/jeffrey-herlings-en-patron-a-romagne\\\/#breadcrumb\"},\"inLanguage\":\"fr-FR\",\"potentialAction\":[{\"@type\":\"ReadAction\",\"target\":[\"https:\\\/\\\/fr.motocrossmag.be\\\/index.php\\\/2026\\\/04\\\/jeffrey-herlings-en-patron-a-romagne\\\/\"]}]},{\"@type\":\"ImageObject\",\"inLanguage\":\"fr-FR\",\"@id\":\"https:\\\/\\\/fr.motocrossmag.be\\\/index.php\\\/2026\\\/04\\\/jeffrey-herlings-en-patron-a-romagne\\\/#primaryimage\",\"url\":\"https:\\\/\\\/fr.motocrossmag.be\\\/wp-content\\\/uploads\\\/2026\\\/04\\\/herlings-romagne-FFM.jpeg\",\"contentUrl\":\"https:\\\/\\\/fr.motocrossmag.be\\\/wp-content\\\/uploads\\\/2026\\\/04\\\/herlings-romagne-FFM.jpeg\",\"width\":1200,\"height\":800},{\"@type\":\"BreadcrumbList\",\"@id\":\"https:\\\/\\\/fr.motocrossmag.be\\\/index.php\\\/2026\\\/04\\\/jeffrey-herlings-en-patron-a-romagne\\\/#breadcrumb\",\"itemListElement\":[{\"@type\":\"ListItem\",\"position\":1,\"name\":\"Accueil\",\"item\":\"https:\\\/\\\/fr.motocrossmag.be\\\/\"},{\"@type\":\"ListItem\",\"position\":2,\"name\":\"Jeffrey Herlings en patron \u00e0 Romagn\u00e9\"}]},{\"@type\":\"WebSite\",\"@id\":\"https:\\\/\\\/fr.motocrossmag.be\\\/#website\",\"url\":\"https:\\\/\\\/fr.motocrossmag.be\\\/\",\"name\":\"Motocross - Enduro - Supermoto | MotocrossMag\",\"description\":\"L&#039;actualit\u00e9 du motocross, de l&#039;enduro et du Supermoto en ligne!\",\"potentialAction\":[{\"@type\":\"SearchAction\",\"target\":{\"@type\":\"EntryPoint\",\"urlTemplate\":\"https:\\\/\\\/fr.motocrossmag.be\\\/?s={search_term_string}\"},\"query-input\":{\"@type\":\"PropertyValueSpecification\",\"valueRequired\":true,\"valueName\":\"search_term_string\"}}],\"inLanguage\":\"fr-FR\"},{\"@type\":\"Person\",\"@id\":\"https:\\\/\\\/fr.motocrossmag.be\\\/#\\\/schema\\\/person\\\/11b47143d9f755babca2c9110e03235c\",\"name\":\"oliviere\",\"image\":{\"@type\":\"ImageObject\",\"inLanguage\":\"fr-FR\",\"@id\":\"https:\\\/\\\/secure.gravatar.com\\\/avatar\\\/907069e0b81d119452040469e4a7501da1100f54f7f80180ce77bfab718288f6?s=96&d=mm&r=g\",\"url\":\"https:\\\/\\\/secure.gravatar.com\\\/avatar\\\/907069e0b81d119452040469e4a7501da1100f54f7f80180ce77bfab718288f6?s=96&d=mm&r=g\",\"contentUrl\":\"https:\\\/\\\/secure.gravatar.com\\\/avatar\\\/907069e0b81d119452040469e4a7501da1100f54f7f80180ce77bfab718288f6?s=96&d=mm&r=g\",\"caption\":\"oliviere\"},\"sameAs\":[\"http:\\\/\\\/www.motocrossmag.be\"],\"url\":\"https:\\\/\\\/fr.motocrossmag.be\\\/index.php\\\/author\\\/oliviere\\\/\"}]}<\/script>\n<!-- \/ Yoast SEO plugin. -->","yoast_head_json":{"title":"Jeffrey Herlings en patron \u00e0 Romagn\u00e9 - Motocross - Enduro - Supermoto | MotocrossMag","robots":{"index":"index","follow":"follow","max-snippet":"max-snippet:-1","max-image-preview":"max-image-preview:large","max-video-preview":"max-video-preview:-1"},"canonical":"https:\/\/fr.motocrossmag.be\/index.php\/2026\/04\/jeffrey-herlings-en-patron-a-romagne\/","og_locale":"fr_FR","og_type":"article","og_title":"Jeffrey Herlings en patron \u00e0 Romagn\u00e9 - Motocross - Enduro - Supermoto | MotocrossMag","og_description":"Le troisi\u00e8me round du 24MX Tour \u00e0 Romagn\u00e9 a tenu toutes ses promesses : du spectacle, du rythme, du soleil et un public venu en nombre. Mais au milieu de [...]","og_url":"https:\/\/fr.motocrossmag.be\/index.php\/2026\/04\/jeffrey-herlings-en-patron-a-romagne\/","og_site_name":"Motocross - Enduro - Supermoto | MotocrossMag","article_published_time":"2026-04-27T14:19:39+00:00","og_image":[{"width":1200,"height":800,"url":"https:\/\/fr.motocrossmag.be\/wp-content\/uploads\/2026\/04\/herlings-romagne-FFM.jpeg","type":"image\/jpeg"}],"author":"oliviere","twitter_card":"summary_large_image","twitter_misc":{"\u00c9crit par":"oliviere","Dur\u00e9e de lecture estim\u00e9e":"1 minute"},"schema":{"@context":"https:\/\/schema.org","@graph":[{"@type":"Article","@id":"https:\/\/fr.motocrossmag.be\/index.php\/2026\/04\/jeffrey-herlings-en-patron-a-romagne\/#article","isPartOf":{"@id":"https:\/\/fr.motocrossmag.be\/index.php\/2026\/04\/jeffrey-herlings-en-patron-a-romagne\/"},"author":{"name":"oliviere","@id":"https:\/\/fr.motocrossmag.be\/#\/schema\/person\/11b47143d9f755babca2c9110e03235c"},"headline":"Jeffrey Herlings en patron \u00e0 Romagn\u00e9","datePublished":"2026-04-27T14:19:39+00:00","mainEntityOfPage":{"@id":"https:\/\/fr.motocrossmag.be\/index.php\/2026\/04\/jeffrey-herlings-en-patron-a-romagne\/"},"wordCount":468,"commentCount":0,"image":{"@id":"https:\/\/fr.motocrossmag.be\/index.php\/2026\/04\/jeffrey-herlings-en-patron-a-romagne\/#primaryimage"},"thumbnailUrl":"https:\/\/fr.motocrossmag.be\/wp-content\/uploads\/2026\/04\/herlings-romagne-FFM.jpeg","keywords":["Elite","Jeffrey Herlings","Motocross","romagn\u00c3\u00a9","sleny goyer","thibault benistant"],"articleSection":["Actualit\u00e9","Motocross","News","News","R\u00e9sultats","Slideshow"],"inLanguage":"fr-FR","potentialAction":[{"@type":"CommentAction","name":"Comment","target":["https:\/\/fr.motocrossmag.be\/index.php\/2026\/04\/jeffrey-herlings-en-patron-a-romagne\/#respond"]}]},{"@type":"WebPage","@id":"https:\/\/fr.motocrossmag.be\/index.php\/2026\/04\/jeffrey-herlings-en-patron-a-romagne\/","url":"https:\/\/fr.motocrossmag.be\/index.php\/2026\/04\/jeffrey-herlings-en-patron-a-romagne\/","name":"Jeffrey Herlings en patron \u00e0 Romagn\u00e9 - Motocross - Enduro - Supermoto | MotocrossMag","isPartOf":{"@id":"https:\/\/fr.motocrossmag.be\/#website"},"primaryImageOfPage":{"@id":"https:\/\/fr.motocrossmag.be\/index.php\/2026\/04\/jeffrey-herlings-en-patron-a-romagne\/#primaryimage"},"image":{"@id":"https:\/\/fr.motocrossmag.be\/index.php\/2026\/04\/jeffrey-herlings-en-patron-a-romagne\/#primaryimage"},"thumbnailUrl":"https:\/\/fr.motocrossmag.be\/wp-content\/uploads\/2026\/04\/herlings-romagne-FFM.jpeg","datePublished":"2026-04-27T14:19:39+00:00","author":{"@id":"https:\/\/fr.motocrossmag.be\/#\/schema\/person\/11b47143d9f755babca2c9110e03235c"},"breadcrumb":{"@id":"https:\/\/fr.motocrossmag.be\/index.php\/2026\/04\/jeffrey-herlings-en-patron-a-romagne\/#breadcrumb"},"inLanguage":"fr-FR","potentialAction":[{"@type":"ReadAction","target":["https:\/\/fr.motocrossmag.be\/index.php\/2026\/04\/jeffrey-herlings-en-patron-a-romagne\/"]}]},{"@type":"ImageObject","inLanguage":"fr-FR","@id":"https:\/\/fr.motocrossmag.be\/index.php\/2026\/04\/jeffrey-herlings-en-patron-a-romagne\/#primaryimage","url":"https:\/\/fr.motocrossmag.be\/wp-content\/uploads\/2026\/04\/herlings-romagne-FFM.jpeg","contentUrl":"https:\/\/fr.motocrossmag.be\/wp-content\/uploads\/2026\/04\/herlings-romagne-FFM.jpeg","width":1200,"height":800},{"@type":"BreadcrumbList","@id":"https:\/\/fr.motocrossmag.be\/index.php\/2026\/04\/jeffrey-herlings-en-patron-a-romagne\/#breadcrumb","itemListElement":[{"@type":"ListItem","position":1,"name":"Accueil","item":"https:\/\/fr.motocrossmag.be\/"},{"@type":"ListItem","position":2,"name":"Jeffrey Herlings en patron \u00e0 Romagn\u00e9"}]},{"@type":"WebSite","@id":"https:\/\/fr.motocrossmag.be\/#website","url":"https:\/\/fr.motocrossmag.be\/","name":"Motocross - Enduro - Supermoto | MotocrossMag","description":"L&#039;actualit\u00e9 du motocross, de l&#039;enduro et du Supermoto en ligne!","potentialAction":[{"@type":"SearchAction","target":{"@type":"EntryPoint","urlTemplate":"https:\/\/fr.motocrossmag.be\/?s={search_term_string}"},"query-input":{"@type":"PropertyValueSpecification","valueRequired":true,"valueName":"search_term_string"}}],"inLanguage":"fr-FR"},{"@type":"Person","@id":"https:\/\/fr.motocrossmag.be\/#\/schema\/person\/11b47143d9f755babca2c9110e03235c","name":"oliviere","image":{"@type":"ImageObject","inLanguage":"fr-FR","@id":"https:\/\/secure.gravatar.com\/avatar\/907069e0b81d119452040469e4a7501da1100f54f7f80180ce77bfab718288f6?s=96&d=mm&r=g","url":"https:\/\/secure.gravatar.com\/avatar\/907069e0b81d119452040469e4a7501da1100f54f7f80180ce77bfab718288f6?s=96&d=mm&r=g","contentUrl":"https:\/\/secure.gravatar.com\/avatar\/907069e0b81d119452040469e4a7501da1100f54f7f80180ce77bfab718288f6?s=96&d=mm&r=g","caption":"oliviere"},"sameAs":["http:\/\/www.motocrossmag.be"],"url":"https:\/\/fr.motocrossmag.be\/index.php\/author\/oliviere\/"}]}},"_links":{"self":[{"href":"https:\/\/fr.motocrossmag.be\/index.php\/wp-json\/wp\/v2\/posts\/155561","targetHints":{"allow":["GET"]}}],"collection":[{"href":"https:\/\/fr.motocrossmag.be\/index.php\/wp-json\/wp\/v2\/posts"}],"about":[{"href":"https:\/\/fr.motocrossmag.be\/index.php\/wp-json\/wp\/v2\/types\/post"}],"author":[{"embeddable":true,"href":"https:\/\/fr.motocrossmag.be\/index.php\/wp-json\/wp\/v2\/users\/932"}],"replies":[{"embeddable":true,"href":"https:\/\/fr.motocrossmag.be\/index.php\/wp-json\/wp\/v2\/comments?post=155561"}],"version-history":[{"count":1,"href":"https:\/\/fr.motocrossmag.be\/index.php\/wp-json\/wp\/v2\/posts\/155561\/revisions"}],"predecessor-version":[{"id":155564,"href":"https:\/\/fr.motocrossmag.be\/index.php\/wp-json\/wp\/v2\/posts\/155561\/revisions\/155564"}],"wp:featuredmedia":[{"embeddable":true,"href":"https:\/\/fr.motocrossmag.be\/index.php\/wp-json\/wp\/v2\/media\/155562"}],"wp:attachment":[{"href":"https:\/\/fr.motocrossmag.be\/index.php\/wp-json\/wp\/v2\/media?parent=155561"}],"wp:term":[{"taxonomy":"category","embeddable":true,"href":"https:\/\/fr.motocrossmag.be\/index.php\/wp-json\/wp\/v2\/categories?post=155561"},{"taxonomy":"post_tag","embeddable":true,"href":"https:\/\/fr.motocrossmag.be\/index.php\/wp-json\/wp\/v2\/tags?post=155561"}],"curies":[{"name":"wp","href":"https:\/\/api.w.org\/{rel}","templated":true}]}}