{"id":157300,"date":"2026-07-22T15:59:22","date_gmt":"2026-07-22T13:59:22","guid":{"rendered":"https:\/\/fr.motocrossmag.be\/?p=157300"},"modified":"2026-07-22T15:59:22","modified_gmt":"2026-07-22T13:59:22","slug":"mxgp-le-gp-de-lommel-sera-diffuse-en-direct-par-la-rtbf","status":"publish","type":"post","link":"https:\/\/fr.motocrossmag.be\/index.php\/2026\/07\/mxgp-le-gp-de-lommel-sera-diffuse-en-direct-par-la-rtbf\/","title":{"rendered":"MXGP : le GP de Lommel sera diffus\u00e9 en direct par la RTBF"},"content":{"rendered":"<p>Du motocross en direct sur un canal de t\u00e9l\u00e9vision national, cela devient plut\u00f4t rare. C&rsquo;est pourtant ce qui attend les fans du sud du pays le week-end des premier et deux ao\u00fbt.<\/p>\n<p>Ce week-end l\u00e0, notre pays accueillera \u00e0 Lommel, dans le Limbourg, la 15\u00e8me \u00e9preuve du championnat du monde de motocross MXGP. Gr\u00e2ce au projet Motocross Media Production, notre GP national sera rediffus\u00e9 en direct par la RTBF. Une bonne nouvelle pour tous ceux qui ne pourront pas se rendre \u00e0 Lommel pour encourager nos compatriotes.<\/p><div class=\"vbbld6a9b2d58eaaad\" ><!-- \/91277017\/Inline-articles-mobile -->\n<div style=\"margin:auto; text-align:center !important\">\n<div id='div-gpt-ad-1784982661365-0' style='min-width: 250px; min-height: 75px;'>\n  <script>\n    googletag.cmd.push(function() { googletag.display('div-gpt-ad-1784982661365-0'); });\n  <\/script>\n<\/div><\/div><\/div><style type=\"text\/css\">\r\n.vbbld6a9b2d58eaaad {\r\nmargin-bottom:30px;margin-top:20px\r\n}\r\n@media screen and (min-width: 1201px) {\r\n.vbbld6a9b2d58eaaad {\r\ndisplay: block;\r\n}\r\n}\r\n@media screen and (min-width: 993px) and (max-width: 1200px) {\r\n.vbbld6a9b2d58eaaad {\r\ndisplay: block;\r\n}\r\n}\r\n@media screen and (min-width: 769px) and (max-width: 992px) {\r\n.vbbld6a9b2d58eaaad {\r\ndisplay: block;\r\n}\r\n}\r\n@media screen and (min-width: 768px) and (max-width: 768px) {\r\n.vbbld6a9b2d58eaaad {\r\ndisplay: block;\r\n}\r\n}\r\n@media screen and (max-width: 767px) {\r\n.vbbld6a9b2d58eaaad {\r\ndisplay: block;\r\n}\r\n}\r\n<\/style>\r\n\n<p>Les deux manches MXGP et les deux manches MX2 seront diffus\u00e9es en direct le dimanche 2 ao\u00fbt en streaming vid\u00e9o sur <a href=\"https:\/\/auvio.rtbf.be\/\" target=\"_blank\" rel=\"noopener\">la plateforme gratuite Auvio<\/a>. Et ce n&rsquo;est pas tout puisque, en t\u00e9l\u00e9vision, le canal Tipik diffusera pour sa part les deux manches de la cat\u00e9gorie reine ainsi que la seconde course MX2.<\/p>\n","protected":false},"excerpt":{"rendered":"<p>Du motocross en direct sur un canal de t\u00e9l\u00e9vision national, cela devient plut\u00f4t rare. C&rsquo;est pourtant ce qui attend les fans du sud du pays le week-end des premier et deux ao\u00fbt. Ce week-end l\u00e0, notre pays accueillera \u00e0 Lommel, dans le Limbourg, la 15\u00e8me \u00e9preuve du championnat du monde de motocross MXGP. Gr\u00e2ce au [&hellip;]<\/p>\n","protected":false},"author":932,"featured_media":149731,"comment_status":"open","ping_status":"closed","sticky":false,"template":"","format":"standard","meta":{"tdm_status":"","tdm_grid_status":"","footnotes":""},"categories":[54,4,6,5,55,65],"tags":[947,568,2154],"class_list":["post-157300","post","type-post","status-publish","format-standard","has-post-thumbnail","category-actualite","category-motocross","category-mx1mx2","category-news","category-news-actualite","category-slideshow","tag-motocross","tag-mxgp","tag-rtbf"],"yoast_head":"<!-- This site is optimized with the Yoast SEO plugin v28.4 - https:\/\/yoast.com\/product\/yoast-seo-wordpress\/ -->\n<title>MXGP : le GP de Lommel sera diffus\u00e9 en direct par la RTBF - Motocross - Enduro - Supermoto | MotocrossMag<\/title>\n<meta name=\"robots\" content=\"index, follow, max-snippet:-1, max-image-preview:large, max-video-preview:-1\" \/>\n<link rel=\"canonical\" href=\"https:\/\/fr.motocrossmag.be\/index.php\/2026\/07\/mxgp-le-gp-de-lommel-sera-diffuse-en-direct-par-la-rtbf\/\" \/>\n<meta property=\"og:locale\" content=\"fr_FR\" \/>\n<meta property=\"og:type\" content=\"article\" \/>\n<meta property=\"og:title\" content=\"MXGP : le GP de Lommel sera diffus\u00e9 en direct par la RTBF - Motocross - Enduro - Supermoto | MotocrossMag\" \/>\n<meta property=\"og:description\" content=\"Du motocross en direct sur un canal de t\u00e9l\u00e9vision national, cela devient plut\u00f4t rare. C&rsquo;est pourtant ce qui attend les fans du sud du pays le week-end des premier et deux ao\u00fbt. Ce week-end l\u00e0, notre pays accueillera \u00e0 Lommel, dans le Limbourg, la 15\u00e8me \u00e9preuve du championnat du monde de motocross MXGP. Gr\u00e2ce au [&hellip;]\" \/>\n<meta property=\"og:url\" content=\"https:\/\/fr.motocrossmag.be\/index.php\/2026\/07\/mxgp-le-gp-de-lommel-sera-diffuse-en-direct-par-la-rtbf\/\" \/>\n<meta property=\"og:site_name\" content=\"Motocross - Enduro - Supermoto | MotocrossMag\" \/>\n<meta property=\"article:published_time\" content=\"2026-07-22T13:59:22+00:00\" \/>\n<meta property=\"og:image\" content=\"https:\/\/fr.motocrossmag.be\/wp-content\/uploads\/2025\/08\/Lommel-43-1.jpg\" \/>\n\t<meta property=\"og:image:width\" content=\"1200\" \/>\n\t<meta property=\"og:image:height\" content=\"800\" \/>\n\t<meta property=\"og:image:type\" content=\"image\/jpeg\" \/>\n<meta name=\"author\" content=\"oliviere\" \/>\n<meta name=\"twitter:card\" content=\"summary_large_image\" \/>\n<meta name=\"twitter:label1\" content=\"\u00c9crit par\" \/>\n\t<meta name=\"twitter:data1\" content=\"oliviere\" \/>\n\t<meta name=\"twitter:label2\" content=\"Dur\u00e9e de lecture estim\u00e9e\" \/>\n\t<meta name=\"twitter:data2\" content=\"1 minute\" \/>\n<script type=\"application\/ld+json\" class=\"yoast-schema-graph\">{\"@context\":\"https:\\\/\\\/schema.org\",\"@graph\":[{\"@type\":\"Article\",\"@id\":\"https:\\\/\\\/fr.motocrossmag.be\\\/index.php\\\/2026\\\/07\\\/mxgp-le-gp-de-lommel-sera-diffuse-en-direct-par-la-rtbf\\\/#article\",\"isPartOf\":{\"@id\":\"https:\\\/\\\/fr.motocrossmag.be\\\/index.php\\\/2026\\\/07\\\/mxgp-le-gp-de-lommel-sera-diffuse-en-direct-par-la-rtbf\\\/\"},\"author\":{\"name\":\"oliviere\",\"@id\":\"https:\\\/\\\/fr.motocrossmag.be\\\/#\\\/schema\\\/person\\\/11b47143d9f755babca2c9110e03235c\"},\"headline\":\"MXGP : le GP de Lommel sera diffus\u00e9 en direct par la RTBF\",\"datePublished\":\"2026-07-22T13:59:22+00:00\",\"mainEntityOfPage\":{\"@id\":\"https:\\\/\\\/fr.motocrossmag.be\\\/index.php\\\/2026\\\/07\\\/mxgp-le-gp-de-lommel-sera-diffuse-en-direct-par-la-rtbf\\\/\"},\"wordCount\":162,\"commentCount\":0,\"image\":{\"@id\":\"https:\\\/\\\/fr.motocrossmag.be\\\/index.php\\\/2026\\\/07\\\/mxgp-le-gp-de-lommel-sera-diffuse-en-direct-par-la-rtbf\\\/#primaryimage\"},\"thumbnailUrl\":\"https:\\\/\\\/fr.motocrossmag.be\\\/wp-content\\\/uploads\\\/2025\\\/08\\\/Lommel-43-1.jpg\",\"keywords\":[\"Motocross\",\"MXGP\",\"rtbf\"],\"articleSection\":[\"Actualit\u00e9\",\"Motocross\",\"Motocross MXGP\",\"News\",\"News\",\"Slideshow\"],\"inLanguage\":\"fr-FR\",\"potentialAction\":[{\"@type\":\"CommentAction\",\"name\":\"Comment\",\"target\":[\"https:\\\/\\\/fr.motocrossmag.be\\\/index.php\\\/2026\\\/07\\\/mxgp-le-gp-de-lommel-sera-diffuse-en-direct-par-la-rtbf\\\/#respond\"]}]},{\"@type\":\"WebPage\",\"@id\":\"https:\\\/\\\/fr.motocrossmag.be\\\/index.php\\\/2026\\\/07\\\/mxgp-le-gp-de-lommel-sera-diffuse-en-direct-par-la-rtbf\\\/\",\"url\":\"https:\\\/\\\/fr.motocrossmag.be\\\/index.php\\\/2026\\\/07\\\/mxgp-le-gp-de-lommel-sera-diffuse-en-direct-par-la-rtbf\\\/\",\"name\":\"MXGP : le GP de Lommel sera diffus\u00e9 en direct par la RTBF - Motocross - Enduro - Supermoto | MotocrossMag\",\"isPartOf\":{\"@id\":\"https:\\\/\\\/fr.motocrossmag.be\\\/#website\"},\"primaryImageOfPage\":{\"@id\":\"https:\\\/\\\/fr.motocrossmag.be\\\/index.php\\\/2026\\\/07\\\/mxgp-le-gp-de-lommel-sera-diffuse-en-direct-par-la-rtbf\\\/#primaryimage\"},\"image\":{\"@id\":\"https:\\\/\\\/fr.motocrossmag.be\\\/index.php\\\/2026\\\/07\\\/mxgp-le-gp-de-lommel-sera-diffuse-en-direct-par-la-rtbf\\\/#primaryimage\"},\"thumbnailUrl\":\"https:\\\/\\\/fr.motocrossmag.be\\\/wp-content\\\/uploads\\\/2025\\\/08\\\/Lommel-43-1.jpg\",\"datePublished\":\"2026-07-22T13:59:22+00:00\",\"author\":{\"@id\":\"https:\\\/\\\/fr.motocrossmag.be\\\/#\\\/schema\\\/person\\\/11b47143d9f755babca2c9110e03235c\"},\"breadcrumb\":{\"@id\":\"https:\\\/\\\/fr.motocrossmag.be\\\/index.php\\\/2026\\\/07\\\/mxgp-le-gp-de-lommel-sera-diffuse-en-direct-par-la-rtbf\\\/#breadcrumb\"},\"inLanguage\":\"fr-FR\",\"potentialAction\":[{\"@type\":\"ReadAction\",\"target\":[\"https:\\\/\\\/fr.motocrossmag.be\\\/index.php\\\/2026\\\/07\\\/mxgp-le-gp-de-lommel-sera-diffuse-en-direct-par-la-rtbf\\\/\"]}]},{\"@type\":\"ImageObject\",\"inLanguage\":\"fr-FR\",\"@id\":\"https:\\\/\\\/fr.motocrossmag.be\\\/index.php\\\/2026\\\/07\\\/mxgp-le-gp-de-lommel-sera-diffuse-en-direct-par-la-rtbf\\\/#primaryimage\",\"url\":\"https:\\\/\\\/fr.motocrossmag.be\\\/wp-content\\\/uploads\\\/2025\\\/08\\\/Lommel-43-1.jpg\",\"contentUrl\":\"https:\\\/\\\/fr.motocrossmag.be\\\/wp-content\\\/uploads\\\/2025\\\/08\\\/Lommel-43-1.jpg\",\"width\":1200,\"height\":800},{\"@type\":\"BreadcrumbList\",\"@id\":\"https:\\\/\\\/fr.motocrossmag.be\\\/index.php\\\/2026\\\/07\\\/mxgp-le-gp-de-lommel-sera-diffuse-en-direct-par-la-rtbf\\\/#breadcrumb\",\"itemListElement\":[{\"@type\":\"ListItem\",\"position\":1,\"name\":\"Accueil\",\"item\":\"https:\\\/\\\/fr.motocrossmag.be\\\/\"},{\"@type\":\"ListItem\",\"position\":2,\"name\":\"MXGP : le GP de Lommel sera diffus\u00e9 en direct par la RTBF\"}]},{\"@type\":\"WebSite\",\"@id\":\"https:\\\/\\\/fr.motocrossmag.be\\\/#website\",\"url\":\"https:\\\/\\\/fr.motocrossmag.be\\\/\",\"name\":\"Motocross - Enduro - Supermoto | MotocrossMag\",\"description\":\"L&#039;actualit\u00e9 du motocross, de l&#039;enduro et du Supermoto en ligne!\",\"potentialAction\":[{\"@type\":\"SearchAction\",\"target\":{\"@type\":\"EntryPoint\",\"urlTemplate\":\"https:\\\/\\\/fr.motocrossmag.be\\\/?s={search_term_string}\"},\"query-input\":{\"@type\":\"PropertyValueSpecification\",\"valueRequired\":true,\"valueName\":\"search_term_string\"}}],\"inLanguage\":\"fr-FR\"},{\"@type\":\"Person\",\"@id\":\"https:\\\/\\\/fr.motocrossmag.be\\\/#\\\/schema\\\/person\\\/11b47143d9f755babca2c9110e03235c\",\"name\":\"oliviere\",\"image\":{\"@type\":\"ImageObject\",\"inLanguage\":\"fr-FR\",\"@id\":\"https:\\\/\\\/secure.gravatar.com\\\/avatar\\\/907069e0b81d119452040469e4a7501da1100f54f7f80180ce77bfab718288f6?s=96&d=mm&r=g\",\"url\":\"https:\\\/\\\/secure.gravatar.com\\\/avatar\\\/907069e0b81d119452040469e4a7501da1100f54f7f80180ce77bfab718288f6?s=96&d=mm&r=g\",\"contentUrl\":\"https:\\\/\\\/secure.gravatar.com\\\/avatar\\\/907069e0b81d119452040469e4a7501da1100f54f7f80180ce77bfab718288f6?s=96&d=mm&r=g\",\"caption\":\"oliviere\"},\"sameAs\":[\"http:\\\/\\\/www.motocrossmag.be\"],\"url\":\"https:\\\/\\\/fr.motocrossmag.be\\\/index.php\\\/author\\\/oliviere\\\/\"}]}<\/script>\n<!-- \/ Yoast SEO plugin. -->","yoast_head_json":{"title":"MXGP : le GP de Lommel sera diffus\u00e9 en direct par la RTBF - Motocross - Enduro - Supermoto | MotocrossMag","robots":{"index":"index","follow":"follow","max-snippet":"max-snippet:-1","max-image-preview":"max-image-preview:large","max-video-preview":"max-video-preview:-1"},"canonical":"https:\/\/fr.motocrossmag.be\/index.php\/2026\/07\/mxgp-le-gp-de-lommel-sera-diffuse-en-direct-par-la-rtbf\/","og_locale":"fr_FR","og_type":"article","og_title":"MXGP : le GP de Lommel sera diffus\u00e9 en direct par la RTBF - Motocross - Enduro - Supermoto | MotocrossMag","og_description":"Du motocross en direct sur un canal de t\u00e9l\u00e9vision national, cela devient plut\u00f4t rare. C&rsquo;est pourtant ce qui attend les fans du sud du pays le week-end des premier et deux ao\u00fbt. Ce week-end l\u00e0, notre pays accueillera \u00e0 Lommel, dans le Limbourg, la 15\u00e8me \u00e9preuve du championnat du monde de motocross MXGP. Gr\u00e2ce au [&hellip;]","og_url":"https:\/\/fr.motocrossmag.be\/index.php\/2026\/07\/mxgp-le-gp-de-lommel-sera-diffuse-en-direct-par-la-rtbf\/","og_site_name":"Motocross - Enduro - Supermoto | MotocrossMag","article_published_time":"2026-07-22T13:59:22+00:00","og_image":[{"width":1200,"height":800,"url":"https:\/\/fr.motocrossmag.be\/wp-content\/uploads\/2025\/08\/Lommel-43-1.jpg","type":"image\/jpeg"}],"author":"oliviere","twitter_card":"summary_large_image","twitter_misc":{"\u00c9crit par":"oliviere","Dur\u00e9e de lecture estim\u00e9e":"1 minute"},"schema":{"@context":"https:\/\/schema.org","@graph":[{"@type":"Article","@id":"https:\/\/fr.motocrossmag.be\/index.php\/2026\/07\/mxgp-le-gp-de-lommel-sera-diffuse-en-direct-par-la-rtbf\/#article","isPartOf":{"@id":"https:\/\/fr.motocrossmag.be\/index.php\/2026\/07\/mxgp-le-gp-de-lommel-sera-diffuse-en-direct-par-la-rtbf\/"},"author":{"name":"oliviere","@id":"https:\/\/fr.motocrossmag.be\/#\/schema\/person\/11b47143d9f755babca2c9110e03235c"},"headline":"MXGP : le GP de Lommel sera diffus\u00e9 en direct par la RTBF","datePublished":"2026-07-22T13:59:22+00:00","mainEntityOfPage":{"@id":"https:\/\/fr.motocrossmag.be\/index.php\/2026\/07\/mxgp-le-gp-de-lommel-sera-diffuse-en-direct-par-la-rtbf\/"},"wordCount":162,"commentCount":0,"image":{"@id":"https:\/\/fr.motocrossmag.be\/index.php\/2026\/07\/mxgp-le-gp-de-lommel-sera-diffuse-en-direct-par-la-rtbf\/#primaryimage"},"thumbnailUrl":"https:\/\/fr.motocrossmag.be\/wp-content\/uploads\/2025\/08\/Lommel-43-1.jpg","keywords":["Motocross","MXGP","rtbf"],"articleSection":["Actualit\u00e9","Motocross","Motocross MXGP","News","News","Slideshow"],"inLanguage":"fr-FR","potentialAction":[{"@type":"CommentAction","name":"Comment","target":["https:\/\/fr.motocrossmag.be\/index.php\/2026\/07\/mxgp-le-gp-de-lommel-sera-diffuse-en-direct-par-la-rtbf\/#respond"]}]},{"@type":"WebPage","@id":"https:\/\/fr.motocrossmag.be\/index.php\/2026\/07\/mxgp-le-gp-de-lommel-sera-diffuse-en-direct-par-la-rtbf\/","url":"https:\/\/fr.motocrossmag.be\/index.php\/2026\/07\/mxgp-le-gp-de-lommel-sera-diffuse-en-direct-par-la-rtbf\/","name":"MXGP : le GP de Lommel sera diffus\u00e9 en direct par la RTBF - Motocross - Enduro - Supermoto | MotocrossMag","isPartOf":{"@id":"https:\/\/fr.motocrossmag.be\/#website"},"primaryImageOfPage":{"@id":"https:\/\/fr.motocrossmag.be\/index.php\/2026\/07\/mxgp-le-gp-de-lommel-sera-diffuse-en-direct-par-la-rtbf\/#primaryimage"},"image":{"@id":"https:\/\/fr.motocrossmag.be\/index.php\/2026\/07\/mxgp-le-gp-de-lommel-sera-diffuse-en-direct-par-la-rtbf\/#primaryimage"},"thumbnailUrl":"https:\/\/fr.motocrossmag.be\/wp-content\/uploads\/2025\/08\/Lommel-43-1.jpg","datePublished":"2026-07-22T13:59:22+00:00","author":{"@id":"https:\/\/fr.motocrossmag.be\/#\/schema\/person\/11b47143d9f755babca2c9110e03235c"},"breadcrumb":{"@id":"https:\/\/fr.motocrossmag.be\/index.php\/2026\/07\/mxgp-le-gp-de-lommel-sera-diffuse-en-direct-par-la-rtbf\/#breadcrumb"},"inLanguage":"fr-FR","potentialAction":[{"@type":"ReadAction","target":["https:\/\/fr.motocrossmag.be\/index.php\/2026\/07\/mxgp-le-gp-de-lommel-sera-diffuse-en-direct-par-la-rtbf\/"]}]},{"@type":"ImageObject","inLanguage":"fr-FR","@id":"https:\/\/fr.motocrossmag.be\/index.php\/2026\/07\/mxgp-le-gp-de-lommel-sera-diffuse-en-direct-par-la-rtbf\/#primaryimage","url":"https:\/\/fr.motocrossmag.be\/wp-content\/uploads\/2025\/08\/Lommel-43-1.jpg","contentUrl":"https:\/\/fr.motocrossmag.be\/wp-content\/uploads\/2025\/08\/Lommel-43-1.jpg","width":1200,"height":800},{"@type":"BreadcrumbList","@id":"https:\/\/fr.motocrossmag.be\/index.php\/2026\/07\/mxgp-le-gp-de-lommel-sera-diffuse-en-direct-par-la-rtbf\/#breadcrumb","itemListElement":[{"@type":"ListItem","position":1,"name":"Accueil","item":"https:\/\/fr.motocrossmag.be\/"},{"@type":"ListItem","position":2,"name":"MXGP : le GP de Lommel sera diffus\u00e9 en direct par la RTBF"}]},{"@type":"WebSite","@id":"https:\/\/fr.motocrossmag.be\/#website","url":"https:\/\/fr.motocrossmag.be\/","name":"Motocross - Enduro - Supermoto | MotocrossMag","description":"L&#039;actualit\u00e9 du motocross, de l&#039;enduro et du Supermoto en ligne!","potentialAction":[{"@type":"SearchAction","target":{"@type":"EntryPoint","urlTemplate":"https:\/\/fr.motocrossmag.be\/?s={search_term_string}"},"query-input":{"@type":"PropertyValueSpecification","valueRequired":true,"valueName":"search_term_string"}}],"inLanguage":"fr-FR"},{"@type":"Person","@id":"https:\/\/fr.motocrossmag.be\/#\/schema\/person\/11b47143d9f755babca2c9110e03235c","name":"oliviere","image":{"@type":"ImageObject","inLanguage":"fr-FR","@id":"https:\/\/secure.gravatar.com\/avatar\/907069e0b81d119452040469e4a7501da1100f54f7f80180ce77bfab718288f6?s=96&d=mm&r=g","url":"https:\/\/secure.gravatar.com\/avatar\/907069e0b81d119452040469e4a7501da1100f54f7f80180ce77bfab718288f6?s=96&d=mm&r=g","contentUrl":"https:\/\/secure.gravatar.com\/avatar\/907069e0b81d119452040469e4a7501da1100f54f7f80180ce77bfab718288f6?s=96&d=mm&r=g","caption":"oliviere"},"sameAs":["http:\/\/www.motocrossmag.be"],"url":"https:\/\/fr.motocrossmag.be\/index.php\/author\/oliviere\/"}]}},"_links":{"self":[{"href":"https:\/\/fr.motocrossmag.be\/index.php\/wp-json\/wp\/v2\/posts\/157300","targetHints":{"allow":["GET"]}}],"collection":[{"href":"https:\/\/fr.motocrossmag.be\/index.php\/wp-json\/wp\/v2\/posts"}],"about":[{"href":"https:\/\/fr.motocrossmag.be\/index.php\/wp-json\/wp\/v2\/types\/post"}],"author":[{"embeddable":true,"href":"https:\/\/fr.motocrossmag.be\/index.php\/wp-json\/wp\/v2\/users\/932"}],"replies":[{"embeddable":true,"href":"https:\/\/fr.motocrossmag.be\/index.php\/wp-json\/wp\/v2\/comments?post=157300"}],"version-history":[{"count":1,"href":"https:\/\/fr.motocrossmag.be\/index.php\/wp-json\/wp\/v2\/posts\/157300\/revisions"}],"predecessor-version":[{"id":157301,"href":"https:\/\/fr.motocrossmag.be\/index.php\/wp-json\/wp\/v2\/posts\/157300\/revisions\/157301"}],"wp:featuredmedia":[{"embeddable":true,"href":"https:\/\/fr.motocrossmag.be\/index.php\/wp-json\/wp\/v2\/media\/149731"}],"wp:attachment":[{"href":"https:\/\/fr.motocrossmag.be\/index.php\/wp-json\/wp\/v2\/media?parent=157300"}],"wp:term":[{"taxonomy":"category","embeddable":true,"href":"https:\/\/fr.motocrossmag.be\/index.php\/wp-json\/wp\/v2\/categories?post=157300"},{"taxonomy":"post_tag","embeddable":true,"href":"https:\/\/fr.motocrossmag.be\/index.php\/wp-json\/wp\/v2\/tags?post=157300"}],"curies":[{"name":"wp","href":"https:\/\/api.w.org\/{rel}","templated":true}]}}