{"id":1574,"date":"2008-08-13T11:49:19","date_gmt":"2008-08-13T10:49:19","guid":{"rendered":"http:\/\/www.motocrossmag.be\/?p=1574"},"modified":"2008-08-13T11:51:46","modified_gmt":"2008-08-13T10:51:46","slug":"championnat-bqr-nouvelle-victoire-a-libin-pour-meertens","status":"publish","type":"post","link":"https:\/\/fr.motocrossmag.be\/index.php\/2008\/08\/championnat-bqr-nouvelle-victoire-a-libin-pour-meertens\/","title":{"rendered":"Championnat BQR &#8211; Libin | Nouvelle victoire &agrave; Libin pour Meertens"},"content":{"rendered":"<p>Nonante pilotes seulement ont particip\u00e9 &agrave; la 8\u00e8me manche du championnat de Belgique de quads organis\u00e9e en collaboration avec le Belgian Quad Racing. Les conditions climatiques n&rsquo;ont pas \u00e9t\u00e9 favorables aux organisateurs et les \u00e9preuves se sont d\u00e9roul\u00e9es devant un public tr\u00e8s clairsem\u00e9. N\u00e9anmoins, les spectateurs pr\u00e9sents ne l&rsquo;ont pas regrett\u00e9 car la plupart des courses ont \u00e9t\u00e9 tr\u00e8s anim\u00e9es et sp\u00e9cialement chez les inters.<\/p>\n<p>Chez les minimes, A. Deconinck, leader du championnat s&rsquo;attribue les deux premi\u00e8res manches mais dans la 3\u00e8me il rate son envol\u00e9e et se retrouve finalement en 4e position laissant la victoire &agrave; S. Santoni.<br \/>\nDans le groupe des cadets, 10 pilotes au d\u00e9part et K. Peschon qui domine le championnat avec d\u00e9j&agrave; 12 victoires &agrave; son actif sera de nouveau le roi de la cat\u00e9gorie et s&rsquo;impose dans les 3 manches devant J Crahay qui n&rsquo;a pu se classer que 4eme en premi\u00e8re manche apr\u00e8s un d\u00e9part h\u00e9sitant alors qu&rsquo;il se classe second dans les autres manches.<\/p>\n<p><img decoding=\"async\" class=\"lazyload alignnone size-full wp-image-1571\" title=\"Kevin Peschon s\\'impose chez les Cadets.\" src=\"http:\/\/www.motocrossmag.be\/wp-content\/uploads\/2008\/08\/libin2_9.jpg\" data-orig-src=\"http:\/\/www.motocrossmag.be\/wp-content\/uploads\/2008\/08\/libin2_9.jpg\" alt=\"\" width=\"500\" height=\"332\" srcset=\"data:image\/svg+xml,%3Csvg%20xmlns%3D%27http%3A%2F%2Fwww.w3.org%2F2000%2Fsvg%27%20width%3D%27500%27%20height%3D%27332%27%20viewBox%3D%270%200%20500%20332%27%3E%3Crect%20width%3D%27500%27%20height%3D%27332%27%20fill-opacity%3D%220%22%2F%3E%3C%2Fsvg%3E\" data-srcset=\"https:\/\/fr.motocrossmag.be\/wp-content\/uploads\/2008\/08\/libin2_9-300x199.jpg 300w, https:\/\/fr.motocrossmag.be\/wp-content\/uploads\/2008\/08\/libin2_9.jpg 500w\" data-sizes=\"auto\" data-orig-sizes=\"(max-width: 500px) 100vw, 500px\" \/><\/p>\n<p><strong><br \/>\nCornet intouchable chez les Nationaux<\/strong><\/p>\n<p>Seulement 4 juniors et 5 nationaux au d\u00e9part et bien s\u00e0\u00bbr ils sont regroup\u00e9s.<br \/>\nTh. Cornet, actuellement en t\u00eate du championnat chez les nationaux ne quitte jamais le premier fauteuil et r\u00e9alise un nouveau tripl\u00e9 tout comme &agrave; Froidchapelle et Rogn\u00e9e. Bravo au junior V. Renson qui s&rsquo;\u00e9lance avec sa cat\u00e9gorie avec un handicap de 15 secondes sur les nationaux et apr\u00e8s une superbe remont\u00e9e il se retrouve en seconde position non loin de Cornet. Il est vrai que ce pilote compte d\u00e9j&agrave; 12 victoires en championnat<\/p>\n<p>Les gentlemen sont 18 au d\u00e9part avec la victoire finale pour Nicolas Masy qui remporte la 1ere et la 3eme manche alors que dans la seconde confrontation il ne peut r\u00e9sister aux fr\u00e8res C\u00e9dric et Vincent Colot, deux licenci\u00e9s d&rsquo;un jour qui s&rsquo;attribuent les deux premiers si\u00e8ges. R. Dumont l&rsquo;actuel leader du championnat qui compte d\u00e9j&agrave; 8 victoires se classe dans la premi\u00e8re manche terminant &agrave; 1 seconde de Masy mais il doit se contenter des 5\u00e8mes et 6\u00e8mes places dans les autres \u00e9preuves suite &agrave; un d\u00e9part plus h\u00e9sitant.<\/p>\n<p><img decoding=\"async\" class=\"lazyload alignnone size-full wp-image-1572\" title=\"Rapha\u00ebl Cavrenne (1+1+2) remporte les lauriers chez les Amateurs.\" src=\"http:\/\/www.motocrossmag.be\/wp-content\/uploads\/2008\/08\/libin2_12.jpg\" data-orig-src=\"http:\/\/www.motocrossmag.be\/wp-content\/uploads\/2008\/08\/libin2_12.jpg\" alt=\"\" width=\"500\" height=\"329\" srcset=\"data:image\/svg+xml,%3Csvg%20xmlns%3D%27http%3A%2F%2Fwww.w3.org%2F2000%2Fsvg%27%20width%3D%27500%27%20height%3D%27329%27%20viewBox%3D%270%200%20500%20329%27%3E%3Crect%20width%3D%27500%27%20height%3D%27329%27%20fill-opacity%3D%220%22%2F%3E%3C%2Fsvg%3E\" data-srcset=\"https:\/\/fr.motocrossmag.be\/wp-content\/uploads\/2008\/08\/libin2_12-300x197.jpg 300w, https:\/\/fr.motocrossmag.be\/wp-content\/uploads\/2008\/08\/libin2_12.jpg 500w\" data-sizes=\"auto\" data-orig-sizes=\"(max-width: 500px) 100vw, 500px\" \/><\/p>\n<p>Dans la cat\u00e9gorie des amateurs, circuit favorable &agrave; R. Cavrenne qui s&rsquo;impose dans les deux premi\u00e8res manches (ses premi\u00e8res victoires en championnat) alors que dans le 3\u00e8me d\u00e9bat il s&rsquo;\u00e9lance en 3e position dans le sillage de T. Charlier et S. Remy et malgr\u00e9 le forcing final il \u00e9choue dans la roue de Th. Charlier, actuellement en t\u00eate du championnat.<\/p>\n<p><img decoding=\"async\" class=\"lazyload alignnone size-full wp-image-1573\" title=\"Guy Meertens \u00e9tait intouchable &agrave; Libin. Il y remporte les 3 manches Inters.\" src=\"http:\/\/www.motocrossmag.be\/wp-content\/uploads\/2008\/08\/libin2_13.jpg\" data-orig-src=\"http:\/\/www.motocrossmag.be\/wp-content\/uploads\/2008\/08\/libin2_13.jpg\" alt=\"\" width=\"500\" height=\"322\" srcset=\"data:image\/svg+xml,%3Csvg%20xmlns%3D%27http%3A%2F%2Fwww.w3.org%2F2000%2Fsvg%27%20width%3D%27500%27%20height%3D%27322%27%20viewBox%3D%270%200%20500%20322%27%3E%3Crect%20width%3D%27500%27%20height%3D%27322%27%20fill-opacity%3D%220%22%2F%3E%3C%2Fsvg%3E\" data-srcset=\"https:\/\/fr.motocrossmag.be\/wp-content\/uploads\/2008\/08\/libin2_13-300x193.jpg 300w, https:\/\/fr.motocrossmag.be\/wp-content\/uploads\/2008\/08\/libin2_13.jpg 500w\" data-sizes=\"auto\" data-orig-sizes=\"(max-width: 500px) 100vw, 500px\" \/><\/p>\n<p>25 inters ont effectu\u00e9 le d\u00e9placement sur le circuit ardennais mais malheureusement lors des entra\u00eenements, M. Doppagne, actuel leader du championnat, effectue une lourde chute et souffrant d&rsquo;une commotion il a d\u00e0\u00bb \u00eatre transport\u00e9 vers la clinique mais des nouvelles rassurantes ont vite fait oublier l&rsquo;accident aux autres participants.<\/p>\n<p>D\u00e9barrass\u00e9 de ce redoutable adversaire, G. Meertens, d\u00e9j&agrave; vainqueur en 2007, va r\u00e9aliser le tripl\u00e9 apr\u00e8s un superbe duel notamment avec Th. Hieff qui \u00e9choue &agrave; quelques m\u00e8tres seulement dans la derni\u00e8re course. La 3\u00e8me marche du podium pour M. Boland qui ne peut s&rsquo;\u00e9lancer qu&rsquo;en 5\u00e8me position dans les deux premi\u00e8res manches mais dans la derni\u00e8re confrontation il est le plus rapide au feu vert mais au 3e tour il doit s&rsquo;incliner devant Meertens et Hieff qui roulent un train d&rsquo;enfer (56km\/h de moyenne) et ces deux pilotes terminent pratiquement c\u00f4te &agrave; c\u00f4te. Pas de chance pour J. Leroy car en premi\u00e8re manche alors qu&rsquo;il est en lutte pour la 5e place avec ses \u00e9quipiers A. Naveaux et R. Peschon, il casse l&rsquo;axe d&rsquo;une roue et est contraint &agrave; l&rsquo;abandon.<\/p>\n<p>Texte &amp; photos: M. Gourmet<\/p>\n<p><strong>R\u00e9sulats<br \/>\n<\/strong><br \/>\nMinimes: 1.A. Deconinck, 1+1+4; 2. S. Santoni, 9+3+1; 3. T. Bernard, 4+5+2.<\/p>\n<p>Cadets: 1. K Peschon, 1+1+1; 2. J. Crahay, 4+2+2; 3. B. Boman, 3+4+3.<\/p>\n<p>Juniors: 1. V. Renson,1+1+1; 2. M. Lombet,2+2+2; 3. Fr. Kroemmer, 3+4+3.<\/p>\n<p>Nationaux: 1. Th. Cornet, 1+1+1; 2. B. Dolo, 2+3+3; 3. A. Sneessens, 3+4+2.<\/p>\n<p>Gentlemen: 1. N. Masy, 1+4+1; 2. C. Vincent, 3+2+4; 3. V. Colot, 7+1+3.<\/p>\n<p>Amateurs: 1. R. Cavrenne, 1+1+2; 2. Th. Charlier, 4+3+1; 3. N. Thirion, 2+4+3<\/p>\n<p>Inters: 1. G. Meertens, 1+1+1; 2. Th. Hieff, 2+2+2; 3. M. Bolland, 3+4+3; 4. R. Peschon (Bastogne), 6+6+4; 5. A. Naveaux (L\u00e9glise), 5+10+12.<\/p>\n","protected":false},"excerpt":{"rendered":"<p>Nonante pilotes seulement ont particip\u00e9 &agrave; la 8\u00e8me manche du championnat de Belgique de quads organis\u00e9e en collaboration avec le Belgian Quad Racing. Les conditions climatiques n&rsquo;ont pas \u00e9t\u00e9 favorables [&#8230;]<\/p>\n","protected":false},"author":932,"featured_media":0,"comment_status":"open","ping_status":"open","sticky":false,"template":"","format":"standard","meta":{"footnotes":""},"categories":[50,48],"tags":[],"class_list":["post-1574","post","type-post","status-publish","format-standard","hentry","category-bqr","category-quad"],"yoast_head":"<!-- This site is optimized with the Yoast SEO plugin v27.4 - https:\/\/yoast.com\/product\/yoast-seo-wordpress\/ -->\n<title>Championnat BQR - Libin | Nouvelle victoire &agrave; Libin pour Meertens - Motocross - Enduro - Supermoto | MotocrossMag<\/title>\n<meta name=\"robots\" content=\"index, follow, max-snippet:-1, max-image-preview:large, max-video-preview:-1\" \/>\n<link rel=\"canonical\" href=\"https:\/\/fr.motocrossmag.be\/index.php\/2008\/08\/championnat-bqr-nouvelle-victoire-a-libin-pour-meertens\/\" \/>\n<meta property=\"og:locale\" content=\"fr_FR\" \/>\n<meta property=\"og:type\" content=\"article\" \/>\n<meta property=\"og:title\" content=\"Championnat BQR - Libin | Nouvelle victoire &agrave; Libin pour Meertens - Motocross - Enduro - Supermoto | MotocrossMag\" \/>\n<meta property=\"og:description\" content=\"Nonante pilotes seulement ont particip\u00e9 &agrave; la 8\u00e8me manche du championnat de Belgique de quads organis\u00e9e en collaboration avec le Belgian Quad Racing. Les conditions climatiques n&rsquo;ont pas \u00e9t\u00e9 favorables [...]\" \/>\n<meta property=\"og:url\" content=\"https:\/\/fr.motocrossmag.be\/index.php\/2008\/08\/championnat-bqr-nouvelle-victoire-a-libin-pour-meertens\/\" \/>\n<meta property=\"og:site_name\" content=\"Motocross - Enduro - Supermoto | MotocrossMag\" \/>\n<meta property=\"article:published_time\" content=\"2008-08-13T10:49:19+00:00\" \/>\n<meta property=\"article:modified_time\" content=\"2008-08-13T10:51:46+00:00\" \/>\n<meta property=\"og:image\" content=\"http:\/\/www.motocrossmag.be\/wp-content\/uploads\/2008\/08\/libin2_9.jpg\" \/>\n<meta name=\"author\" content=\"oliviere\" \/>\n<meta name=\"twitter:card\" content=\"summary_large_image\" \/>\n<meta name=\"twitter:label1\" content=\"\u00c9crit par\" \/>\n\t<meta name=\"twitter:data1\" content=\"oliviere\" \/>\n\t<meta name=\"twitter:label2\" content=\"Dur\u00e9e de lecture estim\u00e9e\" \/>\n\t<meta name=\"twitter:data2\" content=\"3 minutes\" \/>\n<script type=\"application\/ld+json\" class=\"yoast-schema-graph\">{\"@context\":\"https:\\\/\\\/schema.org\",\"@graph\":[{\"@type\":\"Article\",\"@id\":\"https:\\\/\\\/fr.motocrossmag.be\\\/index.php\\\/2008\\\/08\\\/championnat-bqr-nouvelle-victoire-a-libin-pour-meertens\\\/#article\",\"isPartOf\":{\"@id\":\"https:\\\/\\\/fr.motocrossmag.be\\\/index.php\\\/2008\\\/08\\\/championnat-bqr-nouvelle-victoire-a-libin-pour-meertens\\\/\"},\"author\":{\"name\":\"oliviere\",\"@id\":\"https:\\\/\\\/fr.motocrossmag.be\\\/#\\\/schema\\\/person\\\/11b47143d9f755babca2c9110e03235c\"},\"headline\":\"Championnat BQR &#8211; Libin | Nouvelle victoire &agrave; Libin pour Meertens\",\"datePublished\":\"2008-08-13T10:49:19+00:00\",\"dateModified\":\"2008-08-13T10:51:46+00:00\",\"mainEntityOfPage\":{\"@id\":\"https:\\\/\\\/fr.motocrossmag.be\\\/index.php\\\/2008\\\/08\\\/championnat-bqr-nouvelle-victoire-a-libin-pour-meertens\\\/\"},\"wordCount\":728,\"commentCount\":0,\"image\":{\"@id\":\"https:\\\/\\\/fr.motocrossmag.be\\\/index.php\\\/2008\\\/08\\\/championnat-bqr-nouvelle-victoire-a-libin-pour-meertens\\\/#primaryimage\"},\"thumbnailUrl\":\"http:\\\/\\\/www.motocrossmag.be\\\/wp-content\\\/uploads\\\/2008\\\/08\\\/libin2_9.jpg\",\"articleSection\":[\"BQR\",\"Quad\"],\"inLanguage\":\"fr-FR\",\"potentialAction\":[{\"@type\":\"CommentAction\",\"name\":\"Comment\",\"target\":[\"https:\\\/\\\/fr.motocrossmag.be\\\/index.php\\\/2008\\\/08\\\/championnat-bqr-nouvelle-victoire-a-libin-pour-meertens\\\/#respond\"]}]},{\"@type\":\"WebPage\",\"@id\":\"https:\\\/\\\/fr.motocrossmag.be\\\/index.php\\\/2008\\\/08\\\/championnat-bqr-nouvelle-victoire-a-libin-pour-meertens\\\/\",\"url\":\"https:\\\/\\\/fr.motocrossmag.be\\\/index.php\\\/2008\\\/08\\\/championnat-bqr-nouvelle-victoire-a-libin-pour-meertens\\\/\",\"name\":\"Championnat BQR - Libin | Nouvelle victoire &agrave; Libin pour Meertens - Motocross - Enduro - Supermoto | MotocrossMag\",\"isPartOf\":{\"@id\":\"https:\\\/\\\/fr.motocrossmag.be\\\/#website\"},\"primaryImageOfPage\":{\"@id\":\"https:\\\/\\\/fr.motocrossmag.be\\\/index.php\\\/2008\\\/08\\\/championnat-bqr-nouvelle-victoire-a-libin-pour-meertens\\\/#primaryimage\"},\"image\":{\"@id\":\"https:\\\/\\\/fr.motocrossmag.be\\\/index.php\\\/2008\\\/08\\\/championnat-bqr-nouvelle-victoire-a-libin-pour-meertens\\\/#primaryimage\"},\"thumbnailUrl\":\"http:\\\/\\\/www.motocrossmag.be\\\/wp-content\\\/uploads\\\/2008\\\/08\\\/libin2_9.jpg\",\"datePublished\":\"2008-08-13T10:49:19+00:00\",\"dateModified\":\"2008-08-13T10:51:46+00:00\",\"author\":{\"@id\":\"https:\\\/\\\/fr.motocrossmag.be\\\/#\\\/schema\\\/person\\\/11b47143d9f755babca2c9110e03235c\"},\"breadcrumb\":{\"@id\":\"https:\\\/\\\/fr.motocrossmag.be\\\/index.php\\\/2008\\\/08\\\/championnat-bqr-nouvelle-victoire-a-libin-pour-meertens\\\/#breadcrumb\"},\"inLanguage\":\"fr-FR\",\"potentialAction\":[{\"@type\":\"ReadAction\",\"target\":[\"https:\\\/\\\/fr.motocrossmag.be\\\/index.php\\\/2008\\\/08\\\/championnat-bqr-nouvelle-victoire-a-libin-pour-meertens\\\/\"]}]},{\"@type\":\"ImageObject\",\"inLanguage\":\"fr-FR\",\"@id\":\"https:\\\/\\\/fr.motocrossmag.be\\\/index.php\\\/2008\\\/08\\\/championnat-bqr-nouvelle-victoire-a-libin-pour-meertens\\\/#primaryimage\",\"url\":\"http:\\\/\\\/www.motocrossmag.be\\\/wp-content\\\/uploads\\\/2008\\\/08\\\/libin2_9.jpg\",\"contentUrl\":\"http:\\\/\\\/www.motocrossmag.be\\\/wp-content\\\/uploads\\\/2008\\\/08\\\/libin2_9.jpg\"},{\"@type\":\"BreadcrumbList\",\"@id\":\"https:\\\/\\\/fr.motocrossmag.be\\\/index.php\\\/2008\\\/08\\\/championnat-bqr-nouvelle-victoire-a-libin-pour-meertens\\\/#breadcrumb\",\"itemListElement\":[{\"@type\":\"ListItem\",\"position\":1,\"name\":\"Accueil\",\"item\":\"https:\\\/\\\/fr.motocrossmag.be\\\/\"},{\"@type\":\"ListItem\",\"position\":2,\"name\":\"Championnat BQR &#8211; Libin | Nouvelle victoire &agrave; Libin pour Meertens\"}]},{\"@type\":\"WebSite\",\"@id\":\"https:\\\/\\\/fr.motocrossmag.be\\\/#website\",\"url\":\"https:\\\/\\\/fr.motocrossmag.be\\\/\",\"name\":\"Motocross - Enduro - Supermoto | MotocrossMag\",\"description\":\"L&#039;actualit\u00e9 du motocross, de l&#039;enduro et du Supermoto en ligne!\",\"potentialAction\":[{\"@type\":\"SearchAction\",\"target\":{\"@type\":\"EntryPoint\",\"urlTemplate\":\"https:\\\/\\\/fr.motocrossmag.be\\\/?s={search_term_string}\"},\"query-input\":{\"@type\":\"PropertyValueSpecification\",\"valueRequired\":true,\"valueName\":\"search_term_string\"}}],\"inLanguage\":\"fr-FR\"},{\"@type\":\"Person\",\"@id\":\"https:\\\/\\\/fr.motocrossmag.be\\\/#\\\/schema\\\/person\\\/11b47143d9f755babca2c9110e03235c\",\"name\":\"oliviere\",\"image\":{\"@type\":\"ImageObject\",\"inLanguage\":\"fr-FR\",\"@id\":\"https:\\\/\\\/secure.gravatar.com\\\/avatar\\\/907069e0b81d119452040469e4a7501da1100f54f7f80180ce77bfab718288f6?s=96&d=mm&r=g\",\"url\":\"https:\\\/\\\/secure.gravatar.com\\\/avatar\\\/907069e0b81d119452040469e4a7501da1100f54f7f80180ce77bfab718288f6?s=96&d=mm&r=g\",\"contentUrl\":\"https:\\\/\\\/secure.gravatar.com\\\/avatar\\\/907069e0b81d119452040469e4a7501da1100f54f7f80180ce77bfab718288f6?s=96&d=mm&r=g\",\"caption\":\"oliviere\"},\"sameAs\":[\"http:\\\/\\\/www.motocrossmag.be\"],\"url\":\"https:\\\/\\\/fr.motocrossmag.be\\\/index.php\\\/author\\\/oliviere\\\/\"}]}<\/script>\n<!-- \/ Yoast SEO plugin. -->","yoast_head_json":{"title":"Championnat BQR - Libin | Nouvelle victoire &agrave; Libin pour Meertens - Motocross - Enduro - Supermoto | MotocrossMag","robots":{"index":"index","follow":"follow","max-snippet":"max-snippet:-1","max-image-preview":"max-image-preview:large","max-video-preview":"max-video-preview:-1"},"canonical":"https:\/\/fr.motocrossmag.be\/index.php\/2008\/08\/championnat-bqr-nouvelle-victoire-a-libin-pour-meertens\/","og_locale":"fr_FR","og_type":"article","og_title":"Championnat BQR - Libin | Nouvelle victoire &agrave; Libin pour Meertens - Motocross - Enduro - Supermoto | MotocrossMag","og_description":"Nonante pilotes seulement ont particip\u00e9 &agrave; la 8\u00e8me manche du championnat de Belgique de quads organis\u00e9e en collaboration avec le Belgian Quad Racing. Les conditions climatiques n&rsquo;ont pas \u00e9t\u00e9 favorables [...]","og_url":"https:\/\/fr.motocrossmag.be\/index.php\/2008\/08\/championnat-bqr-nouvelle-victoire-a-libin-pour-meertens\/","og_site_name":"Motocross - Enduro - Supermoto | MotocrossMag","article_published_time":"2008-08-13T10:49:19+00:00","article_modified_time":"2008-08-13T10:51:46+00:00","og_image":[{"url":"http:\/\/www.motocrossmag.be\/wp-content\/uploads\/2008\/08\/libin2_9.jpg","type":"","width":"","height":""}],"author":"oliviere","twitter_card":"summary_large_image","twitter_misc":{"\u00c9crit par":"oliviere","Dur\u00e9e de lecture estim\u00e9e":"3 minutes"},"schema":{"@context":"https:\/\/schema.org","@graph":[{"@type":"Article","@id":"https:\/\/fr.motocrossmag.be\/index.php\/2008\/08\/championnat-bqr-nouvelle-victoire-a-libin-pour-meertens\/#article","isPartOf":{"@id":"https:\/\/fr.motocrossmag.be\/index.php\/2008\/08\/championnat-bqr-nouvelle-victoire-a-libin-pour-meertens\/"},"author":{"name":"oliviere","@id":"https:\/\/fr.motocrossmag.be\/#\/schema\/person\/11b47143d9f755babca2c9110e03235c"},"headline":"Championnat BQR &#8211; Libin | Nouvelle victoire &agrave; Libin pour Meertens","datePublished":"2008-08-13T10:49:19+00:00","dateModified":"2008-08-13T10:51:46+00:00","mainEntityOfPage":{"@id":"https:\/\/fr.motocrossmag.be\/index.php\/2008\/08\/championnat-bqr-nouvelle-victoire-a-libin-pour-meertens\/"},"wordCount":728,"commentCount":0,"image":{"@id":"https:\/\/fr.motocrossmag.be\/index.php\/2008\/08\/championnat-bqr-nouvelle-victoire-a-libin-pour-meertens\/#primaryimage"},"thumbnailUrl":"http:\/\/www.motocrossmag.be\/wp-content\/uploads\/2008\/08\/libin2_9.jpg","articleSection":["BQR","Quad"],"inLanguage":"fr-FR","potentialAction":[{"@type":"CommentAction","name":"Comment","target":["https:\/\/fr.motocrossmag.be\/index.php\/2008\/08\/championnat-bqr-nouvelle-victoire-a-libin-pour-meertens\/#respond"]}]},{"@type":"WebPage","@id":"https:\/\/fr.motocrossmag.be\/index.php\/2008\/08\/championnat-bqr-nouvelle-victoire-a-libin-pour-meertens\/","url":"https:\/\/fr.motocrossmag.be\/index.php\/2008\/08\/championnat-bqr-nouvelle-victoire-a-libin-pour-meertens\/","name":"Championnat BQR - Libin | Nouvelle victoire &agrave; Libin pour Meertens - Motocross - Enduro - Supermoto | MotocrossMag","isPartOf":{"@id":"https:\/\/fr.motocrossmag.be\/#website"},"primaryImageOfPage":{"@id":"https:\/\/fr.motocrossmag.be\/index.php\/2008\/08\/championnat-bqr-nouvelle-victoire-a-libin-pour-meertens\/#primaryimage"},"image":{"@id":"https:\/\/fr.motocrossmag.be\/index.php\/2008\/08\/championnat-bqr-nouvelle-victoire-a-libin-pour-meertens\/#primaryimage"},"thumbnailUrl":"http:\/\/www.motocrossmag.be\/wp-content\/uploads\/2008\/08\/libin2_9.jpg","datePublished":"2008-08-13T10:49:19+00:00","dateModified":"2008-08-13T10:51:46+00:00","author":{"@id":"https:\/\/fr.motocrossmag.be\/#\/schema\/person\/11b47143d9f755babca2c9110e03235c"},"breadcrumb":{"@id":"https:\/\/fr.motocrossmag.be\/index.php\/2008\/08\/championnat-bqr-nouvelle-victoire-a-libin-pour-meertens\/#breadcrumb"},"inLanguage":"fr-FR","potentialAction":[{"@type":"ReadAction","target":["https:\/\/fr.motocrossmag.be\/index.php\/2008\/08\/championnat-bqr-nouvelle-victoire-a-libin-pour-meertens\/"]}]},{"@type":"ImageObject","inLanguage":"fr-FR","@id":"https:\/\/fr.motocrossmag.be\/index.php\/2008\/08\/championnat-bqr-nouvelle-victoire-a-libin-pour-meertens\/#primaryimage","url":"http:\/\/www.motocrossmag.be\/wp-content\/uploads\/2008\/08\/libin2_9.jpg","contentUrl":"http:\/\/www.motocrossmag.be\/wp-content\/uploads\/2008\/08\/libin2_9.jpg"},{"@type":"BreadcrumbList","@id":"https:\/\/fr.motocrossmag.be\/index.php\/2008\/08\/championnat-bqr-nouvelle-victoire-a-libin-pour-meertens\/#breadcrumb","itemListElement":[{"@type":"ListItem","position":1,"name":"Accueil","item":"https:\/\/fr.motocrossmag.be\/"},{"@type":"ListItem","position":2,"name":"Championnat BQR &#8211; Libin | Nouvelle victoire &agrave; Libin pour Meertens"}]},{"@type":"WebSite","@id":"https:\/\/fr.motocrossmag.be\/#website","url":"https:\/\/fr.motocrossmag.be\/","name":"Motocross - Enduro - Supermoto | MotocrossMag","description":"L&#039;actualit\u00e9 du motocross, de l&#039;enduro et du Supermoto en ligne!","potentialAction":[{"@type":"SearchAction","target":{"@type":"EntryPoint","urlTemplate":"https:\/\/fr.motocrossmag.be\/?s={search_term_string}"},"query-input":{"@type":"PropertyValueSpecification","valueRequired":true,"valueName":"search_term_string"}}],"inLanguage":"fr-FR"},{"@type":"Person","@id":"https:\/\/fr.motocrossmag.be\/#\/schema\/person\/11b47143d9f755babca2c9110e03235c","name":"oliviere","image":{"@type":"ImageObject","inLanguage":"fr-FR","@id":"https:\/\/secure.gravatar.com\/avatar\/907069e0b81d119452040469e4a7501da1100f54f7f80180ce77bfab718288f6?s=96&d=mm&r=g","url":"https:\/\/secure.gravatar.com\/avatar\/907069e0b81d119452040469e4a7501da1100f54f7f80180ce77bfab718288f6?s=96&d=mm&r=g","contentUrl":"https:\/\/secure.gravatar.com\/avatar\/907069e0b81d119452040469e4a7501da1100f54f7f80180ce77bfab718288f6?s=96&d=mm&r=g","caption":"oliviere"},"sameAs":["http:\/\/www.motocrossmag.be"],"url":"https:\/\/fr.motocrossmag.be\/index.php\/author\/oliviere\/"}]}},"_links":{"self":[{"href":"https:\/\/fr.motocrossmag.be\/index.php\/wp-json\/wp\/v2\/posts\/1574","targetHints":{"allow":["GET"]}}],"collection":[{"href":"https:\/\/fr.motocrossmag.be\/index.php\/wp-json\/wp\/v2\/posts"}],"about":[{"href":"https:\/\/fr.motocrossmag.be\/index.php\/wp-json\/wp\/v2\/types\/post"}],"author":[{"embeddable":true,"href":"https:\/\/fr.motocrossmag.be\/index.php\/wp-json\/wp\/v2\/users\/932"}],"replies":[{"embeddable":true,"href":"https:\/\/fr.motocrossmag.be\/index.php\/wp-json\/wp\/v2\/comments?post=1574"}],"version-history":[{"count":0,"href":"https:\/\/fr.motocrossmag.be\/index.php\/wp-json\/wp\/v2\/posts\/1574\/revisions"}],"wp:attachment":[{"href":"https:\/\/fr.motocrossmag.be\/index.php\/wp-json\/wp\/v2\/media?parent=1574"}],"wp:term":[{"taxonomy":"category","embeddable":true,"href":"https:\/\/fr.motocrossmag.be\/index.php\/wp-json\/wp\/v2\/categories?post=1574"},{"taxonomy":"post_tag","embeddable":true,"href":"https:\/\/fr.motocrossmag.be\/index.php\/wp-json\/wp\/v2\/tags?post=1574"}],"curies":[{"name":"wp","href":"https:\/\/api.w.org\/{rel}","templated":true}]}}