{"id":159202,"date":"2026-08-31T11:02:59","date_gmt":"2026-08-31T09:02:59","guid":{"rendered":"https:\/\/fr.motocrossmag.be\/?p=159202"},"modified":"2026-08-31T11:02:59","modified_gmt":"2026-08-31T09:02:59","slug":"antoine-magain-intouchable-sur-le-championnat-de-france-a-peyrat-le-chateau","status":"publish","type":"post","link":"https:\/\/fr.motocrossmag.be\/index.php\/2026\/08\/antoine-magain-intouchable-sur-le-championnat-de-france-a-peyrat-le-chateau\/","title":{"rendered":"Antoine Magain intouchable sur le championnat de France \u00e0 Peyrat-le-Ch\u00e2teau"},"content":{"rendered":"<p>Antoine Magain a une nouvelle fois marqu\u00e9 de son empreinte le championnat de France d\u2019enduro 24MX \u00e0 Peyrat-le-Ch\u00e2teau. D\u00e9j\u00e0 intouchable samedi avec le meilleur temps dans les neuf sp\u00e9ciales, le pilote Sherco a remis \u00e7a dimanche, dans des conditions encore plus difficiles avec des sp\u00e9ciales profond\u00e9ment creus\u00e9es et devenues tr\u00e8s techniques.<\/p>\n<p>D\u00e8s samedi, notre compatriote a pris les commandes de l\u2019E2 dans la longue SP1 de plus de dix minutes. Il n\u2019a ensuite laiss\u00e9 aucune chance \u00e0 ses adversaires, signant le meilleur temps dans les neuf sp\u00e9ciales. Une performance qui lui permettait de d\u00e9crocher sa quatri\u00e8me victoire de la saison et de prendre une premi\u00e8re option sur le week-end. L\u00e9o Le Qu\u00e9r\u00e9 terminait deuxi\u00e8me \u00e0 un peu plus d\u2019une minute, devant Cl\u00e9ment Clauzier.<\/p><div class=\"swrps6a95e7fb67a2a\" ><!-- \/91277017\/Inline-articles-mobile -->\n<div style=\"margin:auto; text-align:center !important\">\n<div id='div-gpt-ad-1784982661365-0' style='min-width: 250px; min-height: 75px;'>\n  <script>\n    googletag.cmd.push(function() { googletag.display('div-gpt-ad-1784982661365-0'); });\n  <\/script>\n<\/div><\/div><\/div><style type=\"text\/css\">\r\n.swrps6a95e7fb67a2a {\r\nmargin-bottom:30px;margin-top:20px\r\n}\r\n@media screen and (min-width: 1201px) {\r\n.swrps6a95e7fb67a2a {\r\ndisplay: block;\r\n}\r\n}\r\n@media screen and (min-width: 993px) and (max-width: 1200px) {\r\n.swrps6a95e7fb67a2a {\r\ndisplay: block;\r\n}\r\n}\r\n@media screen and (min-width: 769px) and (max-width: 992px) {\r\n.swrps6a95e7fb67a2a {\r\ndisplay: block;\r\n}\r\n}\r\n@media screen and (min-width: 768px) and (max-width: 768px) {\r\n.swrps6a95e7fb67a2a {\r\ndisplay: block;\r\n}\r\n}\r\n@media screen and (max-width: 767px) {\r\n.swrps6a95e7fb67a2a {\r\ndisplay: block;\r\n}\r\n}\r\n<\/style>\r\n\n<p>Magain a remis \u00e7a dimanche, alors que les sp\u00e9ciales s\u2019\u00e9taient encore davantage creus\u00e9es et transform\u00e9es en v\u00e9ritables pi\u00e8ges techniques. \u00c0 nouveau leader d\u00e8s la SP1, le pilote Sherco a remport\u00e9 six des huit premiers chronos et rapidement construit une avance confortable sur Le Qu\u00e9r\u00e9. Il s\u2019est finalement impos\u00e9 avec une large marge devant ce dernier, Cl\u00e9ment Clauzier compl\u00e9tant une nouvelle fois le podium.<\/p>\n<p><a href=\"https:\/\/fr.motocrossmag.be\/wp-content\/uploads\/2026\/08\/magain-enduro-france-3.jpg\"><img decoding=\"async\" class=\"alignnone size-full wp-image-159207\" src=\"https:\/\/fr.motocrossmag.be\/wp-content\/uploads\/2026\/08\/magain-enduro-france-3.jpg\" alt=\"\" width=\"1200\" height=\"799\" srcset=\"https:\/\/fr.motocrossmag.be\/wp-content\/uploads\/2026\/08\/magain-enduro-france-3.jpg 1200w, https:\/\/fr.motocrossmag.be\/wp-content\/uploads\/2026\/08\/magain-enduro-france-3-900x599.jpg 900w, https:\/\/fr.motocrossmag.be\/wp-content\/uploads\/2026\/08\/magain-enduro-france-3-768x511.jpg 768w, https:\/\/fr.motocrossmag.be\/wp-content\/uploads\/2026\/08\/magain-enduro-france-3-631x420.jpg 631w, https:\/\/fr.motocrossmag.be\/wp-content\/uploads\/2026\/08\/magain-enduro-france-3-150x100.jpg 150w, https:\/\/fr.motocrossmag.be\/wp-content\/uploads\/2026\/08\/magain-enduro-france-3-300x200.jpg 300w, https:\/\/fr.motocrossmag.be\/wp-content\/uploads\/2026\/08\/magain-enduro-france-3-696x463.jpg 696w, https:\/\/fr.motocrossmag.be\/wp-content\/uploads\/2026\/08\/magain-enduro-france-3-1068x711.jpg 1068w\" sizes=\"(max-width: 1200px) 100vw, 1200px\" \/><\/a><\/p>\n<p>Au-del\u00e0 de sa domination en E2, Magain a surtout impressionn\u00e9 par son rythme absolu. Dimanche, il a sign\u00e9 le meilleur temps cumul\u00e9 de toutes les cat\u00e9gories \u00c9lites, confirmant son aisance dans les longues lignes d\u00e9grad\u00e9es de Peyrat-le-Ch\u00e2teau. Des conditions qui ont manifestement parfaitement convenu au Belge, habitu\u00e9 aux \u00e9preuves particuli\u00e8rement exigeantes du Championnat du Monde.<\/p><div class=\"fnhtb6a95e7fb67a48\" ><!-- \/91277017\/articles-inline-2 -->\n<div style=\"margin: 20px auto; text-align:center !important\">\n<div id='div-gpt-ad-1785021530385-0' style='min-width: 300px; min-height: 75px;'>\n  <script>\n    googletag.cmd.push(function() { googletag.display('div-gpt-ad-1785021530385-0'); });\n  <\/script>\n<\/div><\/div><\/div><style type=\"text\/css\">\r\n@media screen and (min-width: 1201px) {\r\n.fnhtb6a95e7fb67a48 {\r\ndisplay: block;\r\n}\r\n}\r\n@media screen and (min-width: 993px) and (max-width: 1200px) {\r\n.fnhtb6a95e7fb67a48 {\r\ndisplay: block;\r\n}\r\n}\r\n@media screen and (min-width: 769px) and (max-width: 992px) {\r\n.fnhtb6a95e7fb67a48 {\r\ndisplay: block;\r\n}\r\n}\r\n@media screen and (min-width: 768px) and (max-width: 768px) {\r\n.fnhtb6a95e7fb67a48 {\r\ndisplay: block;\r\n}\r\n}\r\n@media screen and (max-width: 767px) {\r\n.fnhtb6a95e7fb67a48 {\r\ndisplay: block;\r\n}\r\n}\r\n<\/style>\r\n\n<p>Avec ce doubl\u00e9, Magain r\u00e9alise donc un week-end parfait et consolide sa position de leader du championnat de France E2. Son total atteint d\u00e9sormais 141 points, contre 129 pour L\u00e9o Le Qu\u00e9r\u00e9 et 117 pour Anthony Geslin.<\/p>\n<p>Apr\u00e8s six journ\u00e9es de championnat, le pilote Sherco poss\u00e8de ainsi 12 points d\u2019avance sur son principal poursuivant, alors que le championnat fera d\u00e9sormais une pause d&rsquo;un mois avant de reprendre les 26 et 27 septembre \u00e0 Vertolaye, en Auvergne.<\/p>\n<p><span style=\"color: #800000;\"><strong>R\u00e9sultats<\/strong><\/span><\/p>\n<p>CLASSEMENT PROVISOIRE E2<\/p>\n<p>1 Antoine Magain \u2013 141 pts<br \/>\n2 L\u00e9o Le Qu\u00e9r\u00e9 \u2013 129 pts<br \/>\n3 Anthony Geslin \u2013 117 pts<\/p>\n","protected":false},"excerpt":{"rendered":"<p>Antoine Magain a une nouvelle fois marqu\u00e9 de son empreinte le championnat de France d\u2019enduro 24MX \u00e0 Peyrat-le-Ch\u00e2teau. D\u00e9j\u00e0 intouchable samedi avec le meilleur temps dans les neuf sp\u00e9ciales, le pilote Sherco a remis \u00e7a dimanche, dans des conditions encore plus difficiles avec des sp\u00e9ciales profond\u00e9ment creus\u00e9es et devenues tr\u00e8s techniques. D\u00e8s samedi, notre compatriote [&hellip;]<\/p>\n","protected":false},"author":932,"featured_media":159204,"comment_status":"open","ping_status":"closed","sticky":false,"template":"","format":"standard","meta":{"tdm_status":"","tdm_grid_status":"","footnotes":""},"categories":[54,32,33,55,56,65],"tags":[1275,951],"class_list":["post-159202","post","type-post","status-publish","format-standard","has-post-thumbnail","category-actualite","category-enduro","category-news-enduro","category-news-actualite","category-resultats","category-slideshow","tag-antoine-magain","tag-enduro"],"yoast_head":"<!-- This site is optimized with the Yoast SEO plugin v28.3 - https:\/\/yoast.com\/product\/yoast-seo-wordpress\/ -->\n<title>Antoine Magain intouchable sur le championnat de France \u00e0 Peyrat-le-Ch\u00e2teau - Motocross - Enduro - Supermoto | MotocrossMag<\/title>\n<meta name=\"robots\" content=\"index, follow, max-snippet:-1, max-image-preview:large, max-video-preview:-1\" \/>\n<link rel=\"canonical\" href=\"https:\/\/fr.motocrossmag.be\/index.php\/2026\/08\/antoine-magain-intouchable-sur-le-championnat-de-france-a-peyrat-le-chateau\/\" \/>\n<meta property=\"og:locale\" content=\"fr_FR\" \/>\n<meta property=\"og:type\" content=\"article\" \/>\n<meta property=\"og:title\" content=\"Antoine Magain intouchable sur le championnat de France \u00e0 Peyrat-le-Ch\u00e2teau - Motocross - Enduro - Supermoto | MotocrossMag\" \/>\n<meta property=\"og:description\" content=\"Antoine Magain a une nouvelle fois marqu\u00e9 de son empreinte le championnat de France d\u2019enduro 24MX \u00e0 Peyrat-le-Ch\u00e2teau. D\u00e9j\u00e0 intouchable samedi avec le meilleur temps dans les neuf sp\u00e9ciales, le pilote Sherco a remis \u00e7a dimanche, dans des conditions encore plus difficiles avec des sp\u00e9ciales profond\u00e9ment creus\u00e9es et devenues tr\u00e8s techniques. D\u00e8s samedi, notre compatriote [&hellip;]\" \/>\n<meta property=\"og:url\" content=\"https:\/\/fr.motocrossmag.be\/index.php\/2026\/08\/antoine-magain-intouchable-sur-le-championnat-de-france-a-peyrat-le-chateau\/\" \/>\n<meta property=\"og:site_name\" content=\"Motocross - Enduro - Supermoto | MotocrossMag\" \/>\n<meta property=\"article:published_time\" content=\"2026-08-31T09:02:59+00:00\" \/>\n<meta property=\"og:image\" content=\"https:\/\/fr.motocrossmag.be\/wp-content\/uploads\/2026\/08\/magain-enduro-france-2.jpg\" \/>\n\t<meta property=\"og:image:width\" content=\"800\" \/>\n\t<meta property=\"og:image:height\" content=\"533\" \/>\n\t<meta property=\"og:image:type\" content=\"image\/jpeg\" \/>\n<meta name=\"author\" content=\"oliviere\" \/>\n<meta name=\"twitter:card\" content=\"summary_large_image\" \/>\n<meta name=\"twitter:label1\" content=\"\u00c9crit par\" \/>\n\t<meta name=\"twitter:data1\" content=\"oliviere\" \/>\n\t<meta name=\"twitter:label2\" content=\"Dur\u00e9e de lecture estim\u00e9e\" \/>\n\t<meta name=\"twitter:data2\" content=\"3 minutes\" \/>\n<script type=\"application\/ld+json\" class=\"yoast-schema-graph\">{\"@context\":\"https:\\\/\\\/schema.org\",\"@graph\":[{\"@type\":\"Article\",\"@id\":\"https:\\\/\\\/fr.motocrossmag.be\\\/index.php\\\/2026\\\/08\\\/antoine-magain-intouchable-sur-le-championnat-de-france-a-peyrat-le-chateau\\\/#article\",\"isPartOf\":{\"@id\":\"https:\\\/\\\/fr.motocrossmag.be\\\/index.php\\\/2026\\\/08\\\/antoine-magain-intouchable-sur-le-championnat-de-france-a-peyrat-le-chateau\\\/\"},\"author\":{\"name\":\"oliviere\",\"@id\":\"https:\\\/\\\/fr.motocrossmag.be\\\/#\\\/schema\\\/person\\\/11b47143d9f755babca2c9110e03235c\"},\"headline\":\"Antoine Magain intouchable sur le championnat de France \u00e0 Peyrat-le-Ch\u00e2teau\",\"datePublished\":\"2026-08-31T09:02:59+00:00\",\"mainEntityOfPage\":{\"@id\":\"https:\\\/\\\/fr.motocrossmag.be\\\/index.php\\\/2026\\\/08\\\/antoine-magain-intouchable-sur-le-championnat-de-france-a-peyrat-le-chateau\\\/\"},\"wordCount\":379,\"commentCount\":0,\"image\":{\"@id\":\"https:\\\/\\\/fr.motocrossmag.be\\\/index.php\\\/2026\\\/08\\\/antoine-magain-intouchable-sur-le-championnat-de-france-a-peyrat-le-chateau\\\/#primaryimage\"},\"thumbnailUrl\":\"https:\\\/\\\/fr.motocrossmag.be\\\/wp-content\\\/uploads\\\/2026\\\/08\\\/magain-enduro-france-2.jpg\",\"keywords\":[\"antoine magain\",\"Enduro\"],\"articleSection\":[\"Actualit\u00e9\",\"Enduro\",\"News\",\"News\",\"R\u00e9sultats\",\"Slideshow\"],\"inLanguage\":\"fr-FR\",\"potentialAction\":[{\"@type\":\"CommentAction\",\"name\":\"Comment\",\"target\":[\"https:\\\/\\\/fr.motocrossmag.be\\\/index.php\\\/2026\\\/08\\\/antoine-magain-intouchable-sur-le-championnat-de-france-a-peyrat-le-chateau\\\/#respond\"]}]},{\"@type\":\"WebPage\",\"@id\":\"https:\\\/\\\/fr.motocrossmag.be\\\/index.php\\\/2026\\\/08\\\/antoine-magain-intouchable-sur-le-championnat-de-france-a-peyrat-le-chateau\\\/\",\"url\":\"https:\\\/\\\/fr.motocrossmag.be\\\/index.php\\\/2026\\\/08\\\/antoine-magain-intouchable-sur-le-championnat-de-france-a-peyrat-le-chateau\\\/\",\"name\":\"Antoine Magain intouchable sur le championnat de France \u00e0 Peyrat-le-Ch\u00e2teau - Motocross - Enduro - Supermoto | MotocrossMag\",\"isPartOf\":{\"@id\":\"https:\\\/\\\/fr.motocrossmag.be\\\/#website\"},\"primaryImageOfPage\":{\"@id\":\"https:\\\/\\\/fr.motocrossmag.be\\\/index.php\\\/2026\\\/08\\\/antoine-magain-intouchable-sur-le-championnat-de-france-a-peyrat-le-chateau\\\/#primaryimage\"},\"image\":{\"@id\":\"https:\\\/\\\/fr.motocrossmag.be\\\/index.php\\\/2026\\\/08\\\/antoine-magain-intouchable-sur-le-championnat-de-france-a-peyrat-le-chateau\\\/#primaryimage\"},\"thumbnailUrl\":\"https:\\\/\\\/fr.motocrossmag.be\\\/wp-content\\\/uploads\\\/2026\\\/08\\\/magain-enduro-france-2.jpg\",\"datePublished\":\"2026-08-31T09:02:59+00:00\",\"author\":{\"@id\":\"https:\\\/\\\/fr.motocrossmag.be\\\/#\\\/schema\\\/person\\\/11b47143d9f755babca2c9110e03235c\"},\"breadcrumb\":{\"@id\":\"https:\\\/\\\/fr.motocrossmag.be\\\/index.php\\\/2026\\\/08\\\/antoine-magain-intouchable-sur-le-championnat-de-france-a-peyrat-le-chateau\\\/#breadcrumb\"},\"inLanguage\":\"fr-FR\",\"potentialAction\":[{\"@type\":\"ReadAction\",\"target\":[\"https:\\\/\\\/fr.motocrossmag.be\\\/index.php\\\/2026\\\/08\\\/antoine-magain-intouchable-sur-le-championnat-de-france-a-peyrat-le-chateau\\\/\"]}]},{\"@type\":\"ImageObject\",\"inLanguage\":\"fr-FR\",\"@id\":\"https:\\\/\\\/fr.motocrossmag.be\\\/index.php\\\/2026\\\/08\\\/antoine-magain-intouchable-sur-le-championnat-de-france-a-peyrat-le-chateau\\\/#primaryimage\",\"url\":\"https:\\\/\\\/fr.motocrossmag.be\\\/wp-content\\\/uploads\\\/2026\\\/08\\\/magain-enduro-france-2.jpg\",\"contentUrl\":\"https:\\\/\\\/fr.motocrossmag.be\\\/wp-content\\\/uploads\\\/2026\\\/08\\\/magain-enduro-france-2.jpg\",\"width\":800,\"height\":533},{\"@type\":\"BreadcrumbList\",\"@id\":\"https:\\\/\\\/fr.motocrossmag.be\\\/index.php\\\/2026\\\/08\\\/antoine-magain-intouchable-sur-le-championnat-de-france-a-peyrat-le-chateau\\\/#breadcrumb\",\"itemListElement\":[{\"@type\":\"ListItem\",\"position\":1,\"name\":\"Accueil\",\"item\":\"https:\\\/\\\/fr.motocrossmag.be\\\/\"},{\"@type\":\"ListItem\",\"position\":2,\"name\":\"Antoine Magain intouchable sur le championnat de France \u00e0 Peyrat-le-Ch\u00e2teau\"}]},{\"@type\":\"WebSite\",\"@id\":\"https:\\\/\\\/fr.motocrossmag.be\\\/#website\",\"url\":\"https:\\\/\\\/fr.motocrossmag.be\\\/\",\"name\":\"Motocross - Enduro - Supermoto | MotocrossMag\",\"description\":\"L&#039;actualit\u00e9 du motocross, de l&#039;enduro et du Supermoto en ligne!\",\"potentialAction\":[{\"@type\":\"SearchAction\",\"target\":{\"@type\":\"EntryPoint\",\"urlTemplate\":\"https:\\\/\\\/fr.motocrossmag.be\\\/?s={search_term_string}\"},\"query-input\":{\"@type\":\"PropertyValueSpecification\",\"valueRequired\":true,\"valueName\":\"search_term_string\"}}],\"inLanguage\":\"fr-FR\"},{\"@type\":\"Person\",\"@id\":\"https:\\\/\\\/fr.motocrossmag.be\\\/#\\\/schema\\\/person\\\/11b47143d9f755babca2c9110e03235c\",\"name\":\"oliviere\",\"image\":{\"@type\":\"ImageObject\",\"inLanguage\":\"fr-FR\",\"@id\":\"https:\\\/\\\/secure.gravatar.com\\\/avatar\\\/907069e0b81d119452040469e4a7501da1100f54f7f80180ce77bfab718288f6?s=96&d=mm&r=g\",\"url\":\"https:\\\/\\\/secure.gravatar.com\\\/avatar\\\/907069e0b81d119452040469e4a7501da1100f54f7f80180ce77bfab718288f6?s=96&d=mm&r=g\",\"contentUrl\":\"https:\\\/\\\/secure.gravatar.com\\\/avatar\\\/907069e0b81d119452040469e4a7501da1100f54f7f80180ce77bfab718288f6?s=96&d=mm&r=g\",\"caption\":\"oliviere\"},\"sameAs\":[\"http:\\\/\\\/www.motocrossmag.be\"],\"url\":\"https:\\\/\\\/fr.motocrossmag.be\\\/index.php\\\/author\\\/oliviere\\\/\"}]}<\/script>\n<!-- \/ Yoast SEO plugin. -->","yoast_head_json":{"title":"Antoine Magain intouchable sur le championnat de France \u00e0 Peyrat-le-Ch\u00e2teau - Motocross - Enduro - Supermoto | MotocrossMag","robots":{"index":"index","follow":"follow","max-snippet":"max-snippet:-1","max-image-preview":"max-image-preview:large","max-video-preview":"max-video-preview:-1"},"canonical":"https:\/\/fr.motocrossmag.be\/index.php\/2026\/08\/antoine-magain-intouchable-sur-le-championnat-de-france-a-peyrat-le-chateau\/","og_locale":"fr_FR","og_type":"article","og_title":"Antoine Magain intouchable sur le championnat de France \u00e0 Peyrat-le-Ch\u00e2teau - Motocross - Enduro - Supermoto | MotocrossMag","og_description":"Antoine Magain a une nouvelle fois marqu\u00e9 de son empreinte le championnat de France d\u2019enduro 24MX \u00e0 Peyrat-le-Ch\u00e2teau. D\u00e9j\u00e0 intouchable samedi avec le meilleur temps dans les neuf sp\u00e9ciales, le pilote Sherco a remis \u00e7a dimanche, dans des conditions encore plus difficiles avec des sp\u00e9ciales profond\u00e9ment creus\u00e9es et devenues tr\u00e8s techniques. D\u00e8s samedi, notre compatriote [&hellip;]","og_url":"https:\/\/fr.motocrossmag.be\/index.php\/2026\/08\/antoine-magain-intouchable-sur-le-championnat-de-france-a-peyrat-le-chateau\/","og_site_name":"Motocross - Enduro - Supermoto | MotocrossMag","article_published_time":"2026-08-31T09:02:59+00:00","og_image":[{"width":800,"height":533,"url":"https:\/\/fr.motocrossmag.be\/wp-content\/uploads\/2026\/08\/magain-enduro-france-2.jpg","type":"image\/jpeg"}],"author":"oliviere","twitter_card":"summary_large_image","twitter_misc":{"\u00c9crit par":"oliviere","Dur\u00e9e de lecture estim\u00e9e":"3 minutes"},"schema":{"@context":"https:\/\/schema.org","@graph":[{"@type":"Article","@id":"https:\/\/fr.motocrossmag.be\/index.php\/2026\/08\/antoine-magain-intouchable-sur-le-championnat-de-france-a-peyrat-le-chateau\/#article","isPartOf":{"@id":"https:\/\/fr.motocrossmag.be\/index.php\/2026\/08\/antoine-magain-intouchable-sur-le-championnat-de-france-a-peyrat-le-chateau\/"},"author":{"name":"oliviere","@id":"https:\/\/fr.motocrossmag.be\/#\/schema\/person\/11b47143d9f755babca2c9110e03235c"},"headline":"Antoine Magain intouchable sur le championnat de France \u00e0 Peyrat-le-Ch\u00e2teau","datePublished":"2026-08-31T09:02:59+00:00","mainEntityOfPage":{"@id":"https:\/\/fr.motocrossmag.be\/index.php\/2026\/08\/antoine-magain-intouchable-sur-le-championnat-de-france-a-peyrat-le-chateau\/"},"wordCount":379,"commentCount":0,"image":{"@id":"https:\/\/fr.motocrossmag.be\/index.php\/2026\/08\/antoine-magain-intouchable-sur-le-championnat-de-france-a-peyrat-le-chateau\/#primaryimage"},"thumbnailUrl":"https:\/\/fr.motocrossmag.be\/wp-content\/uploads\/2026\/08\/magain-enduro-france-2.jpg","keywords":["antoine magain","Enduro"],"articleSection":["Actualit\u00e9","Enduro","News","News","R\u00e9sultats","Slideshow"],"inLanguage":"fr-FR","potentialAction":[{"@type":"CommentAction","name":"Comment","target":["https:\/\/fr.motocrossmag.be\/index.php\/2026\/08\/antoine-magain-intouchable-sur-le-championnat-de-france-a-peyrat-le-chateau\/#respond"]}]},{"@type":"WebPage","@id":"https:\/\/fr.motocrossmag.be\/index.php\/2026\/08\/antoine-magain-intouchable-sur-le-championnat-de-france-a-peyrat-le-chateau\/","url":"https:\/\/fr.motocrossmag.be\/index.php\/2026\/08\/antoine-magain-intouchable-sur-le-championnat-de-france-a-peyrat-le-chateau\/","name":"Antoine Magain intouchable sur le championnat de France \u00e0 Peyrat-le-Ch\u00e2teau - Motocross - Enduro - Supermoto | MotocrossMag","isPartOf":{"@id":"https:\/\/fr.motocrossmag.be\/#website"},"primaryImageOfPage":{"@id":"https:\/\/fr.motocrossmag.be\/index.php\/2026\/08\/antoine-magain-intouchable-sur-le-championnat-de-france-a-peyrat-le-chateau\/#primaryimage"},"image":{"@id":"https:\/\/fr.motocrossmag.be\/index.php\/2026\/08\/antoine-magain-intouchable-sur-le-championnat-de-france-a-peyrat-le-chateau\/#primaryimage"},"thumbnailUrl":"https:\/\/fr.motocrossmag.be\/wp-content\/uploads\/2026\/08\/magain-enduro-france-2.jpg","datePublished":"2026-08-31T09:02:59+00:00","author":{"@id":"https:\/\/fr.motocrossmag.be\/#\/schema\/person\/11b47143d9f755babca2c9110e03235c"},"breadcrumb":{"@id":"https:\/\/fr.motocrossmag.be\/index.php\/2026\/08\/antoine-magain-intouchable-sur-le-championnat-de-france-a-peyrat-le-chateau\/#breadcrumb"},"inLanguage":"fr-FR","potentialAction":[{"@type":"ReadAction","target":["https:\/\/fr.motocrossmag.be\/index.php\/2026\/08\/antoine-magain-intouchable-sur-le-championnat-de-france-a-peyrat-le-chateau\/"]}]},{"@type":"ImageObject","inLanguage":"fr-FR","@id":"https:\/\/fr.motocrossmag.be\/index.php\/2026\/08\/antoine-magain-intouchable-sur-le-championnat-de-france-a-peyrat-le-chateau\/#primaryimage","url":"https:\/\/fr.motocrossmag.be\/wp-content\/uploads\/2026\/08\/magain-enduro-france-2.jpg","contentUrl":"https:\/\/fr.motocrossmag.be\/wp-content\/uploads\/2026\/08\/magain-enduro-france-2.jpg","width":800,"height":533},{"@type":"BreadcrumbList","@id":"https:\/\/fr.motocrossmag.be\/index.php\/2026\/08\/antoine-magain-intouchable-sur-le-championnat-de-france-a-peyrat-le-chateau\/#breadcrumb","itemListElement":[{"@type":"ListItem","position":1,"name":"Accueil","item":"https:\/\/fr.motocrossmag.be\/"},{"@type":"ListItem","position":2,"name":"Antoine Magain intouchable sur le championnat de France \u00e0 Peyrat-le-Ch\u00e2teau"}]},{"@type":"WebSite","@id":"https:\/\/fr.motocrossmag.be\/#website","url":"https:\/\/fr.motocrossmag.be\/","name":"Motocross - Enduro - Supermoto | MotocrossMag","description":"L&#039;actualit\u00e9 du motocross, de l&#039;enduro et du Supermoto en ligne!","potentialAction":[{"@type":"SearchAction","target":{"@type":"EntryPoint","urlTemplate":"https:\/\/fr.motocrossmag.be\/?s={search_term_string}"},"query-input":{"@type":"PropertyValueSpecification","valueRequired":true,"valueName":"search_term_string"}}],"inLanguage":"fr-FR"},{"@type":"Person","@id":"https:\/\/fr.motocrossmag.be\/#\/schema\/person\/11b47143d9f755babca2c9110e03235c","name":"oliviere","image":{"@type":"ImageObject","inLanguage":"fr-FR","@id":"https:\/\/secure.gravatar.com\/avatar\/907069e0b81d119452040469e4a7501da1100f54f7f80180ce77bfab718288f6?s=96&d=mm&r=g","url":"https:\/\/secure.gravatar.com\/avatar\/907069e0b81d119452040469e4a7501da1100f54f7f80180ce77bfab718288f6?s=96&d=mm&r=g","contentUrl":"https:\/\/secure.gravatar.com\/avatar\/907069e0b81d119452040469e4a7501da1100f54f7f80180ce77bfab718288f6?s=96&d=mm&r=g","caption":"oliviere"},"sameAs":["http:\/\/www.motocrossmag.be"],"url":"https:\/\/fr.motocrossmag.be\/index.php\/author\/oliviere\/"}]}},"_links":{"self":[{"href":"https:\/\/fr.motocrossmag.be\/index.php\/wp-json\/wp\/v2\/posts\/159202","targetHints":{"allow":["GET"]}}],"collection":[{"href":"https:\/\/fr.motocrossmag.be\/index.php\/wp-json\/wp\/v2\/posts"}],"about":[{"href":"https:\/\/fr.motocrossmag.be\/index.php\/wp-json\/wp\/v2\/types\/post"}],"author":[{"embeddable":true,"href":"https:\/\/fr.motocrossmag.be\/index.php\/wp-json\/wp\/v2\/users\/932"}],"replies":[{"embeddable":true,"href":"https:\/\/fr.motocrossmag.be\/index.php\/wp-json\/wp\/v2\/comments?post=159202"}],"version-history":[{"count":1,"href":"https:\/\/fr.motocrossmag.be\/index.php\/wp-json\/wp\/v2\/posts\/159202\/revisions"}],"predecessor-version":[{"id":159208,"href":"https:\/\/fr.motocrossmag.be\/index.php\/wp-json\/wp\/v2\/posts\/159202\/revisions\/159208"}],"wp:featuredmedia":[{"embeddable":true,"href":"https:\/\/fr.motocrossmag.be\/index.php\/wp-json\/wp\/v2\/media\/159204"}],"wp:attachment":[{"href":"https:\/\/fr.motocrossmag.be\/index.php\/wp-json\/wp\/v2\/media?parent=159202"}],"wp:term":[{"taxonomy":"category","embeddable":true,"href":"https:\/\/fr.motocrossmag.be\/index.php\/wp-json\/wp\/v2\/categories?post=159202"},{"taxonomy":"post_tag","embeddable":true,"href":"https:\/\/fr.motocrossmag.be\/index.php\/wp-json\/wp\/v2\/tags?post=159202"}],"curies":[{"name":"wp","href":"https:\/\/api.w.org\/{rel}","templated":true}]}}