{"id":159396,"date":"2026-08-31T19:33:56","date_gmt":"2026-08-31T17:33:56","guid":{"rendered":"https:\/\/fr.motocrossmag.be\/?p=159396"},"modified":"2026-08-31T19:33:56","modified_gmt":"2026-08-31T17:33:56","slug":"eli-tomac-annonce-la-fin-de-sa-carriere-au-terme-de-la-saison-2026","status":"publish","type":"post","link":"https:\/\/fr.motocrossmag.be\/index.php\/2026\/08\/eli-tomac-annonce-la-fin-de-sa-carriere-au-terme-de-la-saison-2026\/","title":{"rendered":"Eli Tomac annonce la fin de sa carri\u00e8re au terme de la saison 2026"},"content":{"rendered":"<p><strong>C\u2019est la fin d\u2019une \u00e9poque. \u00c0 33 ans, Eli Tomac a annonc\u00e9 ce lundi qu\u2019il mettra un terme \u00e0 sa carri\u00e8re professionnelle \u00e0 l\u2019issue des trois derni\u00e8res \u00e9preuves du SuperMotocross 2026. L\u2019Am\u00e9ricain s\u2019appr\u00eate ainsi \u00e0 refermer l\u2019un des plus beaux chapitres de l\u2019histoire du motocross et du Supercross am\u00e9ricains.<\/strong><\/p>\n<p>Apr\u00e8s 17 saisons professionnelles, Eli Tomac a d\u00e9cid\u00e9 de tourner la page. Le pilote Red Bull KTM Factory Racing disputera encore les trois manches des playoffs du SuperMotocross avant de raccrocher d\u00e9finitivement les bottes \u00e0 la fin du mois de septembre. Une d\u00e9cision m\u00fbrement r\u00e9fl\u00e9chie par celui qui avait pourtant initialement envisag\u00e9 de poursuivre en 2027 avec un programme Supercross all\u00e9g\u00e9.<\/p><div class=\"fxtep6a95d63c4831d\" ><!-- \/91277017\/Inline-articles-mobile -->\n<div style=\"margin:auto; text-align:center !important\">\n<div id='div-gpt-ad-1784982661365-0' style='min-width: 250px; min-height: 75px;'>\n  <script>\n    googletag.cmd.push(function() { googletag.display('div-gpt-ad-1784982661365-0'); });\n  <\/script>\n<\/div><\/div><\/div><style type=\"text\/css\">\r\n.fxtep6a95d63c4831d {\r\nmargin-bottom:30px;margin-top:20px\r\n}\r\n@media screen and (min-width: 1201px) {\r\n.fxtep6a95d63c4831d {\r\ndisplay: block;\r\n}\r\n}\r\n@media screen and (min-width: 993px) and (max-width: 1200px) {\r\n.fxtep6a95d63c4831d {\r\ndisplay: block;\r\n}\r\n}\r\n@media screen and (min-width: 769px) and (max-width: 992px) {\r\n.fxtep6a95d63c4831d {\r\ndisplay: block;\r\n}\r\n}\r\n@media screen and (min-width: 768px) and (max-width: 768px) {\r\n.fxtep6a95d63c4831d {\r\ndisplay: block;\r\n}\r\n}\r\n@media screen and (max-width: 767px) {\r\n.fxtep6a95d63c4831d {\r\ndisplay: block;\r\n}\r\n}\r\n<\/style>\r\n\n<p>\u00ab Je vais me retirer du Supercross et du motocross \u00e0 la fin du mois de septembre, apr\u00e8s les trois derni\u00e8res manches du SMX. C\u2019est la d\u00e9cision la plus difficile que j\u2019ai jamais prise dans ma carri\u00e8re professionnelle, mais je sais au fond de moi que le moment est venu et que c\u2019est le bon moment \u00bb, a expliqu\u00e9 Tomac.<\/p>\n<p><a href=\"https:\/\/fr.motocrossmag.be\/wp-content\/uploads\/2026\/03\/738241_Eli-Tomac_KTM_SX_Indianapolis_07032026_046_9th-Rnd.-Supercross-2026-_-Indianapolis-_IN_-East.jpg\"><img decoding=\"async\" class=\"alignnone size-full wp-image-154657\" src=\"https:\/\/fr.motocrossmag.be\/wp-content\/uploads\/2026\/03\/738241_Eli-Tomac_KTM_SX_Indianapolis_07032026_046_9th-Rnd.-Supercross-2026-_-Indianapolis-_IN_-East.jpg\" alt=\"\" width=\"1200\" height=\"800\" srcset=\"https:\/\/fr.motocrossmag.be\/wp-content\/uploads\/2026\/03\/738241_Eli-Tomac_KTM_SX_Indianapolis_07032026_046_9th-Rnd.-Supercross-2026-_-Indianapolis-_IN_-East.jpg 1200w, https:\/\/fr.motocrossmag.be\/wp-content\/uploads\/2026\/03\/738241_Eli-Tomac_KTM_SX_Indianapolis_07032026_046_9th-Rnd.-Supercross-2026-_-Indianapolis-_IN_-East-650x433.jpg 650w, https:\/\/fr.motocrossmag.be\/wp-content\/uploads\/2026\/03\/738241_Eli-Tomac_KTM_SX_Indianapolis_07032026_046_9th-Rnd.-Supercross-2026-_-Indianapolis-_IN_-East-1024x683.jpg 1024w, https:\/\/fr.motocrossmag.be\/wp-content\/uploads\/2026\/03\/738241_Eli-Tomac_KTM_SX_Indianapolis_07032026_046_9th-Rnd.-Supercross-2026-_-Indianapolis-_IN_-East-768x512.jpg 768w, https:\/\/fr.motocrossmag.be\/wp-content\/uploads\/2026\/03\/738241_Eli-Tomac_KTM_SX_Indianapolis_07032026_046_9th-Rnd.-Supercross-2026-_-Indianapolis-_IN_-East-200x133.jpg 200w, https:\/\/fr.motocrossmag.be\/wp-content\/uploads\/2026\/03\/738241_Eli-Tomac_KTM_SX_Indianapolis_07032026_046_9th-Rnd.-Supercross-2026-_-Indianapolis-_IN_-East-400x267.jpg 400w, https:\/\/fr.motocrossmag.be\/wp-content\/uploads\/2026\/03\/738241_Eli-Tomac_KTM_SX_Indianapolis_07032026_046_9th-Rnd.-Supercross-2026-_-Indianapolis-_IN_-East-600x400.jpg 600w, https:\/\/fr.motocrossmag.be\/wp-content\/uploads\/2026\/03\/738241_Eli-Tomac_KTM_SX_Indianapolis_07032026_046_9th-Rnd.-Supercross-2026-_-Indianapolis-_IN_-East-800x533.jpg 800w\" sizes=\"(max-width: 1200px) 100vw, 1200px\" \/><\/a><\/p>\n<p>L\u2019Am\u00e9ricain ajoute : \u00ab J\u2019ai remport\u00e9 des courses et des championnats au-del\u00e0 de tout ce que j\u2019aurais pu imaginer. La course est la seule chose que j\u2019ai connue au r\u00e9veil pendant ces 25 derni\u00e8res ann\u00e9es, mais je ne changerais cela pour rien au monde. \u00bb<\/p><div class=\"ujzfl6a95d63c48333\" ><!-- \/91277017\/articles-inline-2 -->\n<div style=\"margin: 20px auto; text-align:center !important\">\n<div id='div-gpt-ad-1785021530385-0' style='min-width: 300px; min-height: 75px;'>\n  <script>\n    googletag.cmd.push(function() { googletag.display('div-gpt-ad-1785021530385-0'); });\n  <\/script>\n<\/div><\/div><\/div><style type=\"text\/css\">\r\n@media screen and (min-width: 1201px) {\r\n.ujzfl6a95d63c48333 {\r\ndisplay: block;\r\n}\r\n}\r\n@media screen and (min-width: 993px) and (max-width: 1200px) {\r\n.ujzfl6a95d63c48333 {\r\ndisplay: block;\r\n}\r\n}\r\n@media screen and (min-width: 769px) and (max-width: 992px) {\r\n.ujzfl6a95d63c48333 {\r\ndisplay: block;\r\n}\r\n}\r\n@media screen and (min-width: 768px) and (max-width: 768px) {\r\n.ujzfl6a95d63c48333 {\r\ndisplay: block;\r\n}\r\n}\r\n@media screen and (max-width: 767px) {\r\n.ujzfl6a95d63c48333 {\r\ndisplay: block;\r\n}\r\n}\r\n<\/style>\r\n\n<p><strong>Une carri\u00e8re hors normes<\/strong><\/p>\n<p>Depuis ses d\u00e9buts professionnels en 2010 \u00e0 Hangtown, o\u00f9 il s&rsquo;\u00e9tait imm\u00e9diatement impos\u00e9 en 250, Tomac n&rsquo;a cess\u00e9 de s&rsquo;installer parmi les r\u00e9f\u00e9rences de sa g\u00e9n\u00e9ration. Champion 250SX West en 2012 puis champion 250MX en 2013, il est pass\u00e9 dans la cat\u00e9gorie reine \u00e0 temps plein en 2014.<\/p>\n<p>La suite appartient \u00e0 l&rsquo;histoire.<\/p>\n<p>Tomac a d\u00e9croch\u00e9 six titres dans la cat\u00e9gorie reine, avec quatre championnats Pro Motocross 450MX en 2017, 2018, 2019 et 2022, ainsi que deux titres Supercross 450SX en 2020 et 2022. \u00c0 cela s&rsquo;ajoute son titre de champion du monde FIM World Supercross SX1 d\u00e9croch\u00e9 en 2024.<\/p>\n<p>Son palmar\u00e8s en Supercross est particuli\u00e8rement impressionnant. Avec 57 victoires en Main Events 450SX, Tomac occupe la deuxi\u00e8me place du classement historique, derri\u00e8re seulement Jeremy McGrath. En motocross, ses 32 victoires dans la cat\u00e9gorie 450MX le placent \u00e9galement parmi les pilotes les plus victorieux de l&rsquo;histoire.<\/p>\n<p><a href=\"https:\/\/fr.motocrossmag.be\/wp-content\/uploads\/2022\/05\/tomac-eli-supercross-2022-champion-SX450.jpg\"><img decoding=\"async\" class=\"alignnone size-full wp-image-117217\" src=\"https:\/\/fr.motocrossmag.be\/wp-content\/uploads\/2022\/05\/tomac-eli-supercross-2022-champion-SX450.jpg\" alt=\"\" width=\"1000\" height=\"640\" srcset=\"https:\/\/fr.motocrossmag.be\/wp-content\/uploads\/2022\/05\/tomac-eli-supercross-2022-champion-SX450.jpg 1000w, https:\/\/fr.motocrossmag.be\/wp-content\/uploads\/2022\/05\/tomac-eli-supercross-2022-champion-SX450-650x416.jpg 650w, https:\/\/fr.motocrossmag.be\/wp-content\/uploads\/2022\/05\/tomac-eli-supercross-2022-champion-SX450-768x492.jpg 768w\" sizes=\"(max-width: 1000px) 100vw, 1000px\" \/><\/a><\/p>\n<p>Et s&rsquo;il fallait retenir un circuit embl\u00e9matique, Daytona serait \u00e9videmment tout indiqu\u00e9. Tomac y a d\u00e9croch\u00e9 en 2026 une huiti\u00e8me victoire, devenant le recordman absolu sur cette \u00e9preuve mythique du Supercross am\u00e9ricain.<\/p>\n<p><strong>Une derni\u00e8re saison pleine de rebondissements<\/strong><\/p>\n<p>Pour sa derni\u00e8re campagne, Tomac avait chang\u00e9 de d\u00e9cor en rejoignant **Red Bull KTM Factory Racing**. Et le d\u00e9but de saison avait tout d&rsquo;un nouveau d\u00e9part id\u00e9al.<\/p>\n<p>Tomac a remport\u00e9 les deux premi\u00e8res finales 450SX de la saison, \u00e0 Anaheim et San Diego, avant d&rsquo;ajouter deux autres succ\u00e8s \u00e0 Seattle et Daytona. En huit \u00e9preuves, il comptait ainsi d\u00e9j\u00e0 quatre victoires et apparaissait comme un candidat s\u00e9rieux au titre.<\/p>\n<p>La suite a \u00e9t\u00e9 nettement plus compliqu\u00e9e. Une chute \u00e0 Nashville, puis un accident en qualification \u00e0 Cleveland et une nouvelle grosse chute \u00e0 Salt Lake City ont progressivement compromis ses chances dans la course au championnat Supercross. Sa saison outdoor a elle aussi \u00e9t\u00e9 perturb\u00e9e par une blessure au cou apr\u00e8s un incident avec Garrett Marchbanks \u00e0 Fox Raceway.<\/p>\n<p><a href=\"https:\/\/fr.motocrossmag.be\/wp-content\/uploads\/2021\/01\/TOMAC_2021_KAWASAKI_OCTOPI__RJS7772.NEF_.jpg\"><img decoding=\"async\" class=\"alignnone size-full wp-image-107852\" src=\"https:\/\/fr.motocrossmag.be\/wp-content\/uploads\/2021\/01\/TOMAC_2021_KAWASAKI_OCTOPI__RJS7772.NEF_.jpg\" alt=\"\" width=\"900\" height=\"600\" srcset=\"https:\/\/fr.motocrossmag.be\/wp-content\/uploads\/2021\/01\/TOMAC_2021_KAWASAKI_OCTOPI__RJS7772.NEF_.jpg 900w, https:\/\/fr.motocrossmag.be\/wp-content\/uploads\/2021\/01\/TOMAC_2021_KAWASAKI_OCTOPI__RJS7772.NEF_-650x433.jpg 650w, https:\/\/fr.motocrossmag.be\/wp-content\/uploads\/2021\/01\/TOMAC_2021_KAWASAKI_OCTOPI__RJS7772.NEF_-768x512.jpg 768w\" sizes=\"(max-width: 900px) 100vw, 900px\" \/><\/a><\/p>\n<p>De retour en comp\u00e9tition \u00e0 Spring Creek, Tomac a finalement achev\u00e9 sa derni\u00e8re saison Pro Motocross \u00e0 Ironman avec une cinqui\u00e8me place au classement g\u00e9n\u00e9ral, gr\u00e2ce \u00e0 des manches termin\u00e9es aux 5e et 7e rangs. Il quitte donc le championnat outdoor avec un total de **92 Top 5 en cat\u00e9gorie 450MX**.<\/p>\n<p><strong>Le dernier chapitre reste \u00e0 \u00e9crire<\/strong><\/p>\n<p>Il reste d\u00e9sormais trois courses \u00e0 Eli Tomac avant que son incroyable carri\u00e8re ne prenne d\u00e9finitivement fin. Trois derni\u00e8res occasions de voir le pilote KTM derri\u00e8re une grille de d\u00e9part, apr\u00e8s plus d&rsquo;une d\u00e9cennie pass\u00e9e au sommet du motocross et du Supercross am\u00e9ricains.<\/p>\n<p>Son dernier succ\u00e8s pourrait finalement rester celui de Daytona en 2026, un symbole particuli\u00e8rement fort pour celui qui a fait de cette \u00e9preuve l&rsquo;une de ses sp\u00e9cialit\u00e9s.<\/p>\n<p><a href=\"https:\/\/fr.motocrossmag.be\/wp-content\/uploads\/2026\/03\/eli-tomac-daytona.jpg\"><img decoding=\"async\" class=\"alignnone size-full wp-image-154502\" src=\"https:\/\/fr.motocrossmag.be\/wp-content\/uploads\/2026\/03\/eli-tomac-daytona.jpg\" alt=\"\" width=\"1200\" height=\"800\" srcset=\"https:\/\/fr.motocrossmag.be\/wp-content\/uploads\/2026\/03\/eli-tomac-daytona.jpg 1200w, https:\/\/fr.motocrossmag.be\/wp-content\/uploads\/2026\/03\/eli-tomac-daytona-650x433.jpg 650w, https:\/\/fr.motocrossmag.be\/wp-content\/uploads\/2026\/03\/eli-tomac-daytona-1024x683.jpg 1024w, https:\/\/fr.motocrossmag.be\/wp-content\/uploads\/2026\/03\/eli-tomac-daytona-768x512.jpg 768w, https:\/\/fr.motocrossmag.be\/wp-content\/uploads\/2026\/03\/eli-tomac-daytona-200x133.jpg 200w, https:\/\/fr.motocrossmag.be\/wp-content\/uploads\/2026\/03\/eli-tomac-daytona-400x267.jpg 400w, https:\/\/fr.motocrossmag.be\/wp-content\/uploads\/2026\/03\/eli-tomac-daytona-600x400.jpg 600w, https:\/\/fr.motocrossmag.be\/wp-content\/uploads\/2026\/03\/eli-tomac-daytona-800x533.jpg 800w\" sizes=\"(max-width: 1200px) 100vw, 1200px\" \/><\/a><\/p>\n<p>Mais au-del\u00e0 des chiffres, c&rsquo;est surtout la long\u00e9vit\u00e9 et la capacit\u00e9 de Tomac \u00e0 revenir au plus haut niveau apr\u00e8s les blessures qui auront marqu\u00e9 sa carri\u00e8re.<\/p>\n<p>De Kawasaki \u00e0 Yamaha, puis KTM, en passant par ses titres, ses victoires au Motocross des Nations avec Team USA et ses nombreux combats avec les plus grands noms de sa g\u00e9n\u00e9ration, **Eli Tomac aura marqu\u00e9 son \u00e9poque comme peu de pilotes avant lui**.<\/p>\n<p>Dans quelques semaines, le num\u00e9ro 3 disputera donc ses derni\u00e8res courses. Et le motocross am\u00e9ricain ne sera plus tout \u00e0 fait le m\u00eame sans \u00ab ET3 \u00bb.<\/p>\n","protected":false},"excerpt":{"rendered":"<p>C\u2019est la fin d\u2019une \u00e9poque. \u00c0 33 ans, Eli Tomac a annonc\u00e9 ce lundi qu\u2019il mettra un terme \u00e0 sa carri\u00e8re professionnelle \u00e0 l\u2019issue des trois derni\u00e8res \u00e9preuves du SuperMotocross 2026. L\u2019Am\u00e9ricain s\u2019appr\u00eate ainsi \u00e0 refermer l\u2019un des plus beaux chapitres de l\u2019histoire du motocross et du Supercross am\u00e9ricains. Apr\u00e8s 17 saisons professionnelles, Eli Tomac [&hellip;]<\/p>\n","protected":false},"author":932,"featured_media":153844,"comment_status":"open","ping_status":"closed","sticky":false,"template":"","format":"standard","meta":{"tdm_status":"","tdm_grid_status":"","footnotes":""},"categories":[54,4,27,5,55,65],"tags":[147,155,947,116],"class_list":["post-159396","post","type-post","status-publish","format-standard","has-post-thumbnail","category-actualite","category-motocross","category-sx-us","category-news","category-news-actualite","category-slideshow","tag-ama","tag-eli-tomac","tag-motocross","tag-supercross"],"yoast_head":"<!-- This site is optimized with the Yoast SEO plugin v28.3 - https:\/\/yoast.com\/product\/yoast-seo-wordpress\/ -->\n<title>Eli Tomac annonce la fin de sa carri\u00e8re au terme de la saison 2026 - Motocross - Enduro - Supermoto | MotocrossMag<\/title>\n<meta name=\"robots\" content=\"index, follow, max-snippet:-1, max-image-preview:large, max-video-preview:-1\" \/>\n<link rel=\"canonical\" href=\"https:\/\/fr.motocrossmag.be\/index.php\/2026\/08\/eli-tomac-annonce-la-fin-de-sa-carriere-au-terme-de-la-saison-2026\/\" \/>\n<meta property=\"og:locale\" content=\"fr_FR\" \/>\n<meta property=\"og:type\" content=\"article\" \/>\n<meta property=\"og:title\" content=\"Eli Tomac annonce la fin de sa carri\u00e8re au terme de la saison 2026 - Motocross - Enduro - Supermoto | MotocrossMag\" \/>\n<meta property=\"og:description\" content=\"C\u2019est la fin d\u2019une \u00e9poque. \u00c0 33 ans, Eli Tomac a annonc\u00e9 ce lundi qu\u2019il mettra un terme \u00e0 sa carri\u00e8re professionnelle \u00e0 l\u2019issue des trois derni\u00e8res \u00e9preuves du SuperMotocross 2026. L\u2019Am\u00e9ricain s\u2019appr\u00eate ainsi \u00e0 refermer l\u2019un des plus beaux chapitres de l\u2019histoire du motocross et du Supercross am\u00e9ricains. Apr\u00e8s 17 saisons professionnelles, Eli Tomac [&hellip;]\" \/>\n<meta property=\"og:url\" content=\"https:\/\/fr.motocrossmag.be\/index.php\/2026\/08\/eli-tomac-annonce-la-fin-de-sa-carriere-au-terme-de-la-saison-2026\/\" \/>\n<meta property=\"og:site_name\" content=\"Motocross - Enduro - Supermoto | MotocrossMag\" \/>\n<meta property=\"article:published_time\" content=\"2026-08-31T17:33:56+00:00\" \/>\n<meta property=\"og:image\" content=\"https:\/\/fr.motocrossmag.be\/wp-content\/uploads\/2026\/01\/730031_Eli-Tomac_KTM_SX_Anaheim-1_10012026_044_1st-Rnd.-Supercross-2026-_-Anaheim-I-_CA_-West.jpg\" \/>\n\t<meta property=\"og:image:width\" content=\"1200\" \/>\n\t<meta property=\"og:image:height\" content=\"800\" \/>\n\t<meta property=\"og:image:type\" content=\"image\/jpeg\" \/>\n<meta name=\"author\" content=\"oliviere\" \/>\n<meta name=\"twitter:card\" content=\"summary_large_image\" \/>\n<meta name=\"twitter:label1\" content=\"\u00c9crit par\" \/>\n\t<meta name=\"twitter:data1\" content=\"oliviere\" \/>\n\t<meta name=\"twitter:label2\" content=\"Dur\u00e9e de lecture estim\u00e9e\" \/>\n\t<meta name=\"twitter:data2\" content=\"5 minutes\" \/>\n<script type=\"application\/ld+json\" class=\"yoast-schema-graph\">{\"@context\":\"https:\\\/\\\/schema.org\",\"@graph\":[{\"@type\":\"Article\",\"@id\":\"https:\\\/\\\/fr.motocrossmag.be\\\/index.php\\\/2026\\\/08\\\/eli-tomac-annonce-la-fin-de-sa-carriere-au-terme-de-la-saison-2026\\\/#article\",\"isPartOf\":{\"@id\":\"https:\\\/\\\/fr.motocrossmag.be\\\/index.php\\\/2026\\\/08\\\/eli-tomac-annonce-la-fin-de-sa-carriere-au-terme-de-la-saison-2026\\\/\"},\"author\":{\"name\":\"oliviere\",\"@id\":\"https:\\\/\\\/fr.motocrossmag.be\\\/#\\\/schema\\\/person\\\/11b47143d9f755babca2c9110e03235c\"},\"headline\":\"Eli Tomac annonce la fin de sa carri\u00e8re au terme de la saison 2026\",\"datePublished\":\"2026-08-31T17:33:56+00:00\",\"mainEntityOfPage\":{\"@id\":\"https:\\\/\\\/fr.motocrossmag.be\\\/index.php\\\/2026\\\/08\\\/eli-tomac-annonce-la-fin-de-sa-carriere-au-terme-de-la-saison-2026\\\/\"},\"wordCount\":828,\"commentCount\":0,\"image\":{\"@id\":\"https:\\\/\\\/fr.motocrossmag.be\\\/index.php\\\/2026\\\/08\\\/eli-tomac-annonce-la-fin-de-sa-carriere-au-terme-de-la-saison-2026\\\/#primaryimage\"},\"thumbnailUrl\":\"https:\\\/\\\/fr.motocrossmag.be\\\/wp-content\\\/uploads\\\/2026\\\/01\\\/730031_Eli-Tomac_KTM_SX_Anaheim-1_10012026_044_1st-Rnd.-Supercross-2026-_-Anaheim-I-_CA_-West.jpg\",\"keywords\":[\"AMA\",\"Eli Tomac\",\"Motocross\",\"Supercross\"],\"articleSection\":[\"Actualit\u00e9\",\"Motocross\",\"MX\\\/SX US\",\"News\",\"News\",\"Slideshow\"],\"inLanguage\":\"fr-FR\",\"potentialAction\":[{\"@type\":\"CommentAction\",\"name\":\"Comment\",\"target\":[\"https:\\\/\\\/fr.motocrossmag.be\\\/index.php\\\/2026\\\/08\\\/eli-tomac-annonce-la-fin-de-sa-carriere-au-terme-de-la-saison-2026\\\/#respond\"]}]},{\"@type\":\"WebPage\",\"@id\":\"https:\\\/\\\/fr.motocrossmag.be\\\/index.php\\\/2026\\\/08\\\/eli-tomac-annonce-la-fin-de-sa-carriere-au-terme-de-la-saison-2026\\\/\",\"url\":\"https:\\\/\\\/fr.motocrossmag.be\\\/index.php\\\/2026\\\/08\\\/eli-tomac-annonce-la-fin-de-sa-carriere-au-terme-de-la-saison-2026\\\/\",\"name\":\"Eli Tomac annonce la fin de sa carri\u00e8re au terme de la saison 2026 - Motocross - Enduro - Supermoto | MotocrossMag\",\"isPartOf\":{\"@id\":\"https:\\\/\\\/fr.motocrossmag.be\\\/#website\"},\"primaryImageOfPage\":{\"@id\":\"https:\\\/\\\/fr.motocrossmag.be\\\/index.php\\\/2026\\\/08\\\/eli-tomac-annonce-la-fin-de-sa-carriere-au-terme-de-la-saison-2026\\\/#primaryimage\"},\"image\":{\"@id\":\"https:\\\/\\\/fr.motocrossmag.be\\\/index.php\\\/2026\\\/08\\\/eli-tomac-annonce-la-fin-de-sa-carriere-au-terme-de-la-saison-2026\\\/#primaryimage\"},\"thumbnailUrl\":\"https:\\\/\\\/fr.motocrossmag.be\\\/wp-content\\\/uploads\\\/2026\\\/01\\\/730031_Eli-Tomac_KTM_SX_Anaheim-1_10012026_044_1st-Rnd.-Supercross-2026-_-Anaheim-I-_CA_-West.jpg\",\"datePublished\":\"2026-08-31T17:33:56+00:00\",\"author\":{\"@id\":\"https:\\\/\\\/fr.motocrossmag.be\\\/#\\\/schema\\\/person\\\/11b47143d9f755babca2c9110e03235c\"},\"breadcrumb\":{\"@id\":\"https:\\\/\\\/fr.motocrossmag.be\\\/index.php\\\/2026\\\/08\\\/eli-tomac-annonce-la-fin-de-sa-carriere-au-terme-de-la-saison-2026\\\/#breadcrumb\"},\"inLanguage\":\"fr-FR\",\"potentialAction\":[{\"@type\":\"ReadAction\",\"target\":[\"https:\\\/\\\/fr.motocrossmag.be\\\/index.php\\\/2026\\\/08\\\/eli-tomac-annonce-la-fin-de-sa-carriere-au-terme-de-la-saison-2026\\\/\"]}]},{\"@type\":\"ImageObject\",\"inLanguage\":\"fr-FR\",\"@id\":\"https:\\\/\\\/fr.motocrossmag.be\\\/index.php\\\/2026\\\/08\\\/eli-tomac-annonce-la-fin-de-sa-carriere-au-terme-de-la-saison-2026\\\/#primaryimage\",\"url\":\"https:\\\/\\\/fr.motocrossmag.be\\\/wp-content\\\/uploads\\\/2026\\\/01\\\/730031_Eli-Tomac_KTM_SX_Anaheim-1_10012026_044_1st-Rnd.-Supercross-2026-_-Anaheim-I-_CA_-West.jpg\",\"contentUrl\":\"https:\\\/\\\/fr.motocrossmag.be\\\/wp-content\\\/uploads\\\/2026\\\/01\\\/730031_Eli-Tomac_KTM_SX_Anaheim-1_10012026_044_1st-Rnd.-Supercross-2026-_-Anaheim-I-_CA_-West.jpg\",\"width\":1200,\"height\":800},{\"@type\":\"BreadcrumbList\",\"@id\":\"https:\\\/\\\/fr.motocrossmag.be\\\/index.php\\\/2026\\\/08\\\/eli-tomac-annonce-la-fin-de-sa-carriere-au-terme-de-la-saison-2026\\\/#breadcrumb\",\"itemListElement\":[{\"@type\":\"ListItem\",\"position\":1,\"name\":\"Accueil\",\"item\":\"https:\\\/\\\/fr.motocrossmag.be\\\/\"},{\"@type\":\"ListItem\",\"position\":2,\"name\":\"Eli Tomac annonce la fin de sa carri\u00e8re au terme de la saison 2026\"}]},{\"@type\":\"WebSite\",\"@id\":\"https:\\\/\\\/fr.motocrossmag.be\\\/#website\",\"url\":\"https:\\\/\\\/fr.motocrossmag.be\\\/\",\"name\":\"Motocross - Enduro - Supermoto | MotocrossMag\",\"description\":\"L&#039;actualit\u00e9 du motocross, de l&#039;enduro et du Supermoto en ligne!\",\"potentialAction\":[{\"@type\":\"SearchAction\",\"target\":{\"@type\":\"EntryPoint\",\"urlTemplate\":\"https:\\\/\\\/fr.motocrossmag.be\\\/?s={search_term_string}\"},\"query-input\":{\"@type\":\"PropertyValueSpecification\",\"valueRequired\":true,\"valueName\":\"search_term_string\"}}],\"inLanguage\":\"fr-FR\"},{\"@type\":\"Person\",\"@id\":\"https:\\\/\\\/fr.motocrossmag.be\\\/#\\\/schema\\\/person\\\/11b47143d9f755babca2c9110e03235c\",\"name\":\"oliviere\",\"image\":{\"@type\":\"ImageObject\",\"inLanguage\":\"fr-FR\",\"@id\":\"https:\\\/\\\/secure.gravatar.com\\\/avatar\\\/907069e0b81d119452040469e4a7501da1100f54f7f80180ce77bfab718288f6?s=96&d=mm&r=g\",\"url\":\"https:\\\/\\\/secure.gravatar.com\\\/avatar\\\/907069e0b81d119452040469e4a7501da1100f54f7f80180ce77bfab718288f6?s=96&d=mm&r=g\",\"contentUrl\":\"https:\\\/\\\/secure.gravatar.com\\\/avatar\\\/907069e0b81d119452040469e4a7501da1100f54f7f80180ce77bfab718288f6?s=96&d=mm&r=g\",\"caption\":\"oliviere\"},\"sameAs\":[\"http:\\\/\\\/www.motocrossmag.be\"],\"url\":\"https:\\\/\\\/fr.motocrossmag.be\\\/index.php\\\/author\\\/oliviere\\\/\"}]}<\/script>\n<!-- \/ Yoast SEO plugin. -->","yoast_head_json":{"title":"Eli Tomac annonce la fin de sa carri\u00e8re au terme de la saison 2026 - Motocross - Enduro - Supermoto | MotocrossMag","robots":{"index":"index","follow":"follow","max-snippet":"max-snippet:-1","max-image-preview":"max-image-preview:large","max-video-preview":"max-video-preview:-1"},"canonical":"https:\/\/fr.motocrossmag.be\/index.php\/2026\/08\/eli-tomac-annonce-la-fin-de-sa-carriere-au-terme-de-la-saison-2026\/","og_locale":"fr_FR","og_type":"article","og_title":"Eli Tomac annonce la fin de sa carri\u00e8re au terme de la saison 2026 - Motocross - Enduro - Supermoto | MotocrossMag","og_description":"C\u2019est la fin d\u2019une \u00e9poque. \u00c0 33 ans, Eli Tomac a annonc\u00e9 ce lundi qu\u2019il mettra un terme \u00e0 sa carri\u00e8re professionnelle \u00e0 l\u2019issue des trois derni\u00e8res \u00e9preuves du SuperMotocross 2026. L\u2019Am\u00e9ricain s\u2019appr\u00eate ainsi \u00e0 refermer l\u2019un des plus beaux chapitres de l\u2019histoire du motocross et du Supercross am\u00e9ricains. Apr\u00e8s 17 saisons professionnelles, Eli Tomac [&hellip;]","og_url":"https:\/\/fr.motocrossmag.be\/index.php\/2026\/08\/eli-tomac-annonce-la-fin-de-sa-carriere-au-terme-de-la-saison-2026\/","og_site_name":"Motocross - Enduro - Supermoto | MotocrossMag","article_published_time":"2026-08-31T17:33:56+00:00","og_image":[{"width":1200,"height":800,"url":"https:\/\/fr.motocrossmag.be\/wp-content\/uploads\/2026\/01\/730031_Eli-Tomac_KTM_SX_Anaheim-1_10012026_044_1st-Rnd.-Supercross-2026-_-Anaheim-I-_CA_-West.jpg","type":"image\/jpeg"}],"author":"oliviere","twitter_card":"summary_large_image","twitter_misc":{"\u00c9crit par":"oliviere","Dur\u00e9e de lecture estim\u00e9e":"5 minutes"},"schema":{"@context":"https:\/\/schema.org","@graph":[{"@type":"Article","@id":"https:\/\/fr.motocrossmag.be\/index.php\/2026\/08\/eli-tomac-annonce-la-fin-de-sa-carriere-au-terme-de-la-saison-2026\/#article","isPartOf":{"@id":"https:\/\/fr.motocrossmag.be\/index.php\/2026\/08\/eli-tomac-annonce-la-fin-de-sa-carriere-au-terme-de-la-saison-2026\/"},"author":{"name":"oliviere","@id":"https:\/\/fr.motocrossmag.be\/#\/schema\/person\/11b47143d9f755babca2c9110e03235c"},"headline":"Eli Tomac annonce la fin de sa carri\u00e8re au terme de la saison 2026","datePublished":"2026-08-31T17:33:56+00:00","mainEntityOfPage":{"@id":"https:\/\/fr.motocrossmag.be\/index.php\/2026\/08\/eli-tomac-annonce-la-fin-de-sa-carriere-au-terme-de-la-saison-2026\/"},"wordCount":828,"commentCount":0,"image":{"@id":"https:\/\/fr.motocrossmag.be\/index.php\/2026\/08\/eli-tomac-annonce-la-fin-de-sa-carriere-au-terme-de-la-saison-2026\/#primaryimage"},"thumbnailUrl":"https:\/\/fr.motocrossmag.be\/wp-content\/uploads\/2026\/01\/730031_Eli-Tomac_KTM_SX_Anaheim-1_10012026_044_1st-Rnd.-Supercross-2026-_-Anaheim-I-_CA_-West.jpg","keywords":["AMA","Eli Tomac","Motocross","Supercross"],"articleSection":["Actualit\u00e9","Motocross","MX\/SX US","News","News","Slideshow"],"inLanguage":"fr-FR","potentialAction":[{"@type":"CommentAction","name":"Comment","target":["https:\/\/fr.motocrossmag.be\/index.php\/2026\/08\/eli-tomac-annonce-la-fin-de-sa-carriere-au-terme-de-la-saison-2026\/#respond"]}]},{"@type":"WebPage","@id":"https:\/\/fr.motocrossmag.be\/index.php\/2026\/08\/eli-tomac-annonce-la-fin-de-sa-carriere-au-terme-de-la-saison-2026\/","url":"https:\/\/fr.motocrossmag.be\/index.php\/2026\/08\/eli-tomac-annonce-la-fin-de-sa-carriere-au-terme-de-la-saison-2026\/","name":"Eli Tomac annonce la fin de sa carri\u00e8re au terme de la saison 2026 - Motocross - Enduro - Supermoto | MotocrossMag","isPartOf":{"@id":"https:\/\/fr.motocrossmag.be\/#website"},"primaryImageOfPage":{"@id":"https:\/\/fr.motocrossmag.be\/index.php\/2026\/08\/eli-tomac-annonce-la-fin-de-sa-carriere-au-terme-de-la-saison-2026\/#primaryimage"},"image":{"@id":"https:\/\/fr.motocrossmag.be\/index.php\/2026\/08\/eli-tomac-annonce-la-fin-de-sa-carriere-au-terme-de-la-saison-2026\/#primaryimage"},"thumbnailUrl":"https:\/\/fr.motocrossmag.be\/wp-content\/uploads\/2026\/01\/730031_Eli-Tomac_KTM_SX_Anaheim-1_10012026_044_1st-Rnd.-Supercross-2026-_-Anaheim-I-_CA_-West.jpg","datePublished":"2026-08-31T17:33:56+00:00","author":{"@id":"https:\/\/fr.motocrossmag.be\/#\/schema\/person\/11b47143d9f755babca2c9110e03235c"},"breadcrumb":{"@id":"https:\/\/fr.motocrossmag.be\/index.php\/2026\/08\/eli-tomac-annonce-la-fin-de-sa-carriere-au-terme-de-la-saison-2026\/#breadcrumb"},"inLanguage":"fr-FR","potentialAction":[{"@type":"ReadAction","target":["https:\/\/fr.motocrossmag.be\/index.php\/2026\/08\/eli-tomac-annonce-la-fin-de-sa-carriere-au-terme-de-la-saison-2026\/"]}]},{"@type":"ImageObject","inLanguage":"fr-FR","@id":"https:\/\/fr.motocrossmag.be\/index.php\/2026\/08\/eli-tomac-annonce-la-fin-de-sa-carriere-au-terme-de-la-saison-2026\/#primaryimage","url":"https:\/\/fr.motocrossmag.be\/wp-content\/uploads\/2026\/01\/730031_Eli-Tomac_KTM_SX_Anaheim-1_10012026_044_1st-Rnd.-Supercross-2026-_-Anaheim-I-_CA_-West.jpg","contentUrl":"https:\/\/fr.motocrossmag.be\/wp-content\/uploads\/2026\/01\/730031_Eli-Tomac_KTM_SX_Anaheim-1_10012026_044_1st-Rnd.-Supercross-2026-_-Anaheim-I-_CA_-West.jpg","width":1200,"height":800},{"@type":"BreadcrumbList","@id":"https:\/\/fr.motocrossmag.be\/index.php\/2026\/08\/eli-tomac-annonce-la-fin-de-sa-carriere-au-terme-de-la-saison-2026\/#breadcrumb","itemListElement":[{"@type":"ListItem","position":1,"name":"Accueil","item":"https:\/\/fr.motocrossmag.be\/"},{"@type":"ListItem","position":2,"name":"Eli Tomac annonce la fin de sa carri\u00e8re au terme de la saison 2026"}]},{"@type":"WebSite","@id":"https:\/\/fr.motocrossmag.be\/#website","url":"https:\/\/fr.motocrossmag.be\/","name":"Motocross - Enduro - Supermoto | MotocrossMag","description":"L&#039;actualit\u00e9 du motocross, de l&#039;enduro et du Supermoto en ligne!","potentialAction":[{"@type":"SearchAction","target":{"@type":"EntryPoint","urlTemplate":"https:\/\/fr.motocrossmag.be\/?s={search_term_string}"},"query-input":{"@type":"PropertyValueSpecification","valueRequired":true,"valueName":"search_term_string"}}],"inLanguage":"fr-FR"},{"@type":"Person","@id":"https:\/\/fr.motocrossmag.be\/#\/schema\/person\/11b47143d9f755babca2c9110e03235c","name":"oliviere","image":{"@type":"ImageObject","inLanguage":"fr-FR","@id":"https:\/\/secure.gravatar.com\/avatar\/907069e0b81d119452040469e4a7501da1100f54f7f80180ce77bfab718288f6?s=96&d=mm&r=g","url":"https:\/\/secure.gravatar.com\/avatar\/907069e0b81d119452040469e4a7501da1100f54f7f80180ce77bfab718288f6?s=96&d=mm&r=g","contentUrl":"https:\/\/secure.gravatar.com\/avatar\/907069e0b81d119452040469e4a7501da1100f54f7f80180ce77bfab718288f6?s=96&d=mm&r=g","caption":"oliviere"},"sameAs":["http:\/\/www.motocrossmag.be"],"url":"https:\/\/fr.motocrossmag.be\/index.php\/author\/oliviere\/"}]}},"_links":{"self":[{"href":"https:\/\/fr.motocrossmag.be\/index.php\/wp-json\/wp\/v2\/posts\/159396","targetHints":{"allow":["GET"]}}],"collection":[{"href":"https:\/\/fr.motocrossmag.be\/index.php\/wp-json\/wp\/v2\/posts"}],"about":[{"href":"https:\/\/fr.motocrossmag.be\/index.php\/wp-json\/wp\/v2\/types\/post"}],"author":[{"embeddable":true,"href":"https:\/\/fr.motocrossmag.be\/index.php\/wp-json\/wp\/v2\/users\/932"}],"replies":[{"embeddable":true,"href":"https:\/\/fr.motocrossmag.be\/index.php\/wp-json\/wp\/v2\/comments?post=159396"}],"version-history":[{"count":1,"href":"https:\/\/fr.motocrossmag.be\/index.php\/wp-json\/wp\/v2\/posts\/159396\/revisions"}],"predecessor-version":[{"id":159397,"href":"https:\/\/fr.motocrossmag.be\/index.php\/wp-json\/wp\/v2\/posts\/159396\/revisions\/159397"}],"wp:featuredmedia":[{"embeddable":true,"href":"https:\/\/fr.motocrossmag.be\/index.php\/wp-json\/wp\/v2\/media\/153844"}],"wp:attachment":[{"href":"https:\/\/fr.motocrossmag.be\/index.php\/wp-json\/wp\/v2\/media?parent=159396"}],"wp:term":[{"taxonomy":"category","embeddable":true,"href":"https:\/\/fr.motocrossmag.be\/index.php\/wp-json\/wp\/v2\/categories?post=159396"},{"taxonomy":"post_tag","embeddable":true,"href":"https:\/\/fr.motocrossmag.be\/index.php\/wp-json\/wp\/v2\/tags?post=159396"}],"curies":[{"name":"wp","href":"https:\/\/api.w.org\/{rel}","templated":true}]}}